{"id":65609,"date":"2023-03-31T07:00:00","date_gmt":"2023-03-31T10:00:00","guid":{"rendered":"https:\/\/militares.estrategia.com\/portal\/?p=65609"},"modified":"2023-04-05T14:03:12","modified_gmt":"2023-04-05T17:03:12","slug":"primeira-guerra-mundial-o-fim-do-conflito-e-a-paz-dos-vencedores","status":"publish","type":"post","link":"https:\/\/militares.estrategia.com\/portal\/materias-e-dicas\/historia\/primeira-guerra-mundial-o-fim-do-conflito-e-a-paz-dos-vencedores\/","title":{"rendered":"Primeira Guerra Mundial: O fim do conflito e a paz dos vencedores"},"content":{"rendered":"\n<p>Voc\u00ea sabia que as condi\u00e7\u00f5es de paz para o fim da Primeira Guerra Mundial foram estabelecidas em uma confer\u00eancia no Pal\u00e1cio de Versalhes, em Paris, entre os dias 12 de janeiro e 28 de junho de 1919 Confira nesse artigo, que o <strong>Estrat\u00e9gia Militares<\/strong> preparou para voc\u00ea, os detalhes do fim da Primeira Guerra.<\/p>\n\n\n\n<p>O encontro ap\u00f3s a rendi\u00e7\u00e3o da Alemanha reuniu 27 pa\u00edses aliados, mas excluiu das discuss\u00f5es os vencidos e a R\u00fassia socialista. Cada pa\u00eds queria impor seus interesses, o que provocou debates bastante tumultuados.&nbsp;<\/p>\n\n\n<div id=\"new-form\">\n\t<form id=\"forms_layout\">\n\t<input type=\"hidden\" id=\"chave_de\" name=\"chave_de\" value=\"01_EMIL_LEADS_TOTAIS\" \/>\n\t\t<input type=\"hidden\" id=\"mid\" name=\"mid\" value=\"515009017\" \/>\n\t\t<input type=\"hidden\" id=\"Objetivo\" name=\"Objetivo\" value=\"Militares\" \/>\n\t\t<input type=\"hidden\" id=\"Estado_de_Origem_do_IP\" name=\"Estado_de_Origem_do_IP\"  value=\"\" \/>\n\t\t<input type=\"hidden\" id=\"Cidade_de_Origem_do_IP\" name=\"Cidade_de_Origem_do_IP\" value=\"\" \/>\n\t\t<input type=\"hidden\" id=\"Modo_de_entrada\" name=\"Modo_de_entrada\" value=\"Portal\" \/>\n\t\t<input type=\"hidden\" id=\"Pagina_Origem\" name=\"Pagina_Origem\" value=\"\" \/>\n\n\t\t<div class=\"texto\">\n\t\t\t<h3 class=\"news\">Inscreva-se em nossa newsletter!<\/h3>\n\t\t\t<p>Receba not\u00edcias sobre os mais importantes concursos para as For\u00e7as Armadas brasileiras e informa\u00e7\u00f5es sobre o mundo militar!<\/p>\n\t\t<\/div>\n\t\t<div class=\"campos\">\n\t\t\t<div class=\"first_name labels\">\n\t\t\t\t<input type=\"text\" class=\"input_labels\" id=\"first_name\" name=\"Nome_Completo\" placeholder=\"Nome\" required \/>\n\t\t\t<\/div>\n\t\t\t<div class=\"email labels\">\n\t\t\t\t<input type=\"email\" class=\"input_labels\" id=\"email\" name=\"Email\" placeholder=\"E-mail\" required \/>\n\t\t\t<\/div>\n\t\t\t<button type=\"submit\" class=\"button_layout\">\n\t\t\t\t<div id=\"lblBotao\">Inscreva-se<\/div>\n\t\t\t\t<span id=\"divSpiner\" class=\"loader\" role=\"status\" style=\"display: none;\"><\/span>\t\n\t\t\t<\/button>\n\t\t<\/div><!-- \/campos -->\n\t\t\n\t\t<label class=\"container_checkbox\">Voc\u00ea concorda com a nossa\n\t\t\t<a class=\"politics_privacy_ahref\" target=\"_blank\" href=\"https:\/\/gratis.estrategiaconcursos.com.br\/politica-de-privacidade\/\">Pol\u00edtica de Privacidade<\/a> e aceita receber informa\u00e7\u00f5es adicionais do Estrat\u00e9gia Educacional.\n\t\t\t<input id=\"checkbox_layout\" type=\"checkbox\" checked=\"checked\" required \/>\n\t\t\t<span class=\"checkbox\"><\/span>\n\t\t<\/label>\n\t\t<div id=\"msg\"><\/div>\n\t\t<div id=\"error\" class=\"error\">\n\t\t<\/div>\n\t<\/form>\n<\/div><!-- \/new-form -->\n\n\n\n<p>O presidente dos Estados Unidos, Woodrow Wilson, apresentou um programa de paz que ficou conhecido como <strong>Quatorze Pontos de Wilson<\/strong>. Esse programa defendia uma \u201cpaz sem vencedores\u201d, ou seja, o fim da Guerra sem a responsabiliza\u00e7\u00e3o de nenhum dos pa\u00edses envolvidos no conflito, o que provocou descontentamentos entre os participantes.&nbsp;<\/p>\n\n\n\n<p>Entretanto, <strong>aos membros da Tr\u00edplice Entente interessava considerar os derrotados como respons\u00e1veis pelas perdas humanas e materiais dos vencedores.<\/strong> O \u00fanico item dos Quatorze Pontos de Wilson aceito <strong>foi a cria\u00e7\u00e3o de uma Sociedade ou Liga das Na\u00e7\u00f5es com o objetivo de garantir a independ\u00eancia dos Estados e a paz mundial.<\/strong><\/p>\n\n\n\n<p>Essa confer\u00eancia elaborou tratados de paz, em separado, para cada uma das na\u00e7\u00f5es vencidas. <strong>Coube \u00e0 Alemanha assinar o Tratado de Versalhes.<\/strong><\/p>\n\n\n\n<div id=\"ez-toc-container\" class=\"ez-toc-v2_0_79_2 counter-hierarchy ez-toc-counter ez-toc-transparent ez-toc-container-direction\">\n<div class=\"ez-toc-title-container\"><p class=\"ez-toc-title\" style=\"cursor:inherit\">Navegue pelo conte\u00fado\t<\/p>\n<\/div><nav><ul class='ez-toc-list ez-toc-list-level-1 ' ><li class='ez-toc-page-1 ez-toc-heading-level-2'><a class=\"ez-toc-link ez-toc-heading-1\" href=\"https:\/\/militares.estrategia.com\/portal\/materias-e-dicas\/historia\/primeira-guerra-mundial-o-fim-do-conflito-e-a-paz-dos-vencedores\/#O-fim-da-Primeira-Guerra-o-Tratado-de-Versalhes-e-as-consequencias-para-a-Alemanha\" >O fim da Primeira Guerra, o Tratado de Versalhes e as consequ\u00eancias para a Alemanha<\/a><\/li><li class='ez-toc-page-1 ez-toc-heading-level-2'><a class=\"ez-toc-link ez-toc-heading-2\" href=\"https:\/\/militares.estrategia.com\/portal\/materias-e-dicas\/historia\/primeira-guerra-mundial-o-fim-do-conflito-e-a-paz-dos-vencedores\/#O-balanco-sobre-o-fim-da-Primeira-Guerra-Mundial\" >O balan\u00e7o sobre o fim da Primeira Guerra Mundial<\/a><\/li><li class='ez-toc-page-1 ez-toc-heading-level-2'><a class=\"ez-toc-link ez-toc-heading-3\" href=\"https:\/\/militares.estrategia.com\/portal\/materias-e-dicas\/historia\/primeira-guerra-mundial-o-fim-do-conflito-e-a-paz-dos-vencedores\/#Veja-tambem\" >Veja tamb\u00e9m:<\/a><\/li><\/ul><\/nav><\/div>\n<h2 class=\"wp-block-heading\" id=\"h-o-fim-da-primeira-guerra-o-tratado-de-versalhes-e-as-consequencias-para-a-alemanha\"><span class=\"ez-toc-section\" id=\"O-fim-da-Primeira-Guerra-o-Tratado-de-Versalhes-e-as-consequencias-para-a-Alemanha\"><\/span>O fim da Primeira Guerra, o Tratado de Versalhes e as consequ\u00eancias para a Alemanha<span class=\"ez-toc-section-end\"><\/span><\/h2>\n\n\n\n<p>Como n\u00e3o foi permitida a participa\u00e7\u00e3o de representantes da Alemanha nas reuni\u00f5es de elabora\u00e7\u00e3o do tratado, os alem\u00e3es passaram a consider\u00e1-lo como uma senten\u00e7a imposta por um tribunal, um verdadeiro ditado imposta ao povo alem\u00e3o.&nbsp;<\/p>\n\n\n\n<p><strong>Suas determina\u00e7\u00f5es tinham o objetivo de impedir que a Alemanha se fortalecesse novamente e voltasse<\/strong> a ser uma amea\u00e7a aos interesses ingleses e franceses dentro da Europa.<\/p>\n\n\n\n<p><strong>A princ\u00edpio, os representantes do governo republicano provis\u00f3rio recusaram-se a assinar o Tratado de Versalhes, <\/strong>alegando que seus termos eram duros demais. Alguns preferiram se demitir a assin\u00e1-lo. Ent\u00e3o, os \u201cTr\u00eas Grandes\u201d &#8211; Estados Unidos, Fran\u00e7a e Inglaterra &#8211; avisaram que a Alemanha seria invadida se n\u00e3o aceitasse o Tratado.&nbsp;<\/p>\n\n\n\n<p>Ao governo provis\u00f3rio alem\u00e3o n\u00e3o coube outra atitude sen\u00e3o a de assinar o Tratado de Versalhes. S\u00e3o algumas determina\u00e7\u00f5es do Tratado de Versalhes:<\/p>\n\n\n\n<ol class=\"wp-block-list\">\n<li>A Alemanha deveria entregar a Als\u00e1cia-Lorena \u00e0 Fran\u00e7a; o Eupen e Malmedy \u00e0 B\u00e9lgica; o Schleswig-Holstein \u00e0 Dinamarca; a maior parte da Posn\u00e2nia \u00e0 Pol\u00f4nia, formando o \u201cCorredor Polon\u00eas\u201d para o acesso daquele pa\u00eds ao mar por meio da cidade de Dantzig;<\/li>\n\n\n\n<li>As minas de carv\u00e3o do Sarre deveriam ser entregues \u00e0 Fran\u00e7a, que teria o direito de explor\u00e1-las durante quinze anos. Findo esse prazo, o governo alem\u00e3o poderia compr\u00e1-las novamente;<\/li>\n\n\n\n<li>A Alemanha seria desarmada: seu ex\u00e9rcito ficaria reduzido a 100 mil homens, ficando proibida de possuir artilharia pesada e avi\u00f5es, al\u00e9m de n\u00e3o poder poder produzir armas;<\/li>\n\n\n\n<li>A regi\u00e3o da Rom\u00eania deveria ser desmilitarizada;e<\/li>\n\n\n\n<li>A Alemanha seria considerada culpada pelo conflito, devendo pagar d\u00edvidas de guerra e indeniza\u00e7\u00e3o, que seriam calculadas pela Comiss\u00e3o de Repara\u00e7\u00f5es de Guerra. Em 1921, a Comiss\u00e3o fixou o montante da d\u00edvida em 33 bilh\u00f5es de d\u00f3lares, o triplo da quantia calculada pelos peritos economistas da Confer\u00eancia de Versalhes.<\/li>\n<\/ol>\n\n\n\n<p>No total, o tratado fazia com que a Alemanha perdesse <strong>um sexto de suas terras ar\u00e1veis, dois quintos do seu carv\u00e3o, dois ter\u00e7os do seu ferro e sete d\u00e9cimos do seu zinco.<\/strong>&nbsp;<\/p>\n\n\n\n<p><strong>Perderam um oitavo do seu gado e enormes quantidades de materiais de constru\u00e7\u00e3o e m\u00e1quinas. <\/strong>As col\u00f4nias alem\u00e3s foram distribu\u00eddas entre os vencedores.&nbsp;<\/p>\n\n\n\n<p><strong>A Fran\u00e7a recebeu Camar\u00f5es e uma parte de Togo; a Inglaterra ficou com a \u00c1frica Oriental e o sudoeste africano, e os demais territ\u00f3rios foram divididos entre a B\u00e9lgica, a Nova Zel\u00e2ndia, o Jap\u00e3o e a Austr\u00e1lia.<\/strong><\/p>\n\n\n<div class=\"wp-block-image\">\n<figure class=\"aligncenter size-large\"><img decoding=\"async\" width=\"1024\" height=\"683\" src=\"https:\/\/militares.estrategia.com\/portal\/wp-content\/uploads\/2023\/03\/clark-gu-YvwYNU7mHMw-unsplash-1024x683.jpg\" alt=\"Avi\u00e3o de guerra\" class=\"wp-image-65613\" srcset=\"https:\/\/militares.estrategia.com\/portal\/wp-content\/uploads\/2023\/03\/clark-gu-YvwYNU7mHMw-unsplash-1024x683.jpg 1024w, https:\/\/militares.estrategia.com\/portal\/wp-content\/uploads\/2023\/03\/clark-gu-YvwYNU7mHMw-unsplash-768x512.jpg 768w, https:\/\/militares.estrategia.com\/portal\/wp-content\/uploads\/2023\/03\/clark-gu-YvwYNU7mHMw-unsplash-1536x1024.jpg 1536w, https:\/\/militares.estrategia.com\/portal\/wp-content\/uploads\/2023\/03\/clark-gu-YvwYNU7mHMw-unsplash-800x533.jpg 800w, https:\/\/militares.estrategia.com\/portal\/wp-content\/uploads\/2023\/03\/clark-gu-YvwYNU7mHMw-unsplash-1160x773.jpg 1160w, https:\/\/militares.estrategia.com\/portal\/wp-content\/uploads\/2023\/03\/clark-gu-YvwYNU7mHMw-unsplash.jpg 1920w\" sizes=\"(max-width: 1024px) 100vw, 1024px\" \/><\/figure><\/div>\n\n\n<h3 class=\"wp-block-heading\" id=\"h-outros-tratados-decorrentes-da-primeira-guerra\">Outros tratados decorrentes da Primeira Guerra<\/h3>\n\n\n\n<p>Os pa\u00edses vencedores elaboraram, tamb\u00e9m, tratados para cada um dos aliados da Alemanha, \u00c1ustria, Hungria, Bulg\u00e1ria e Turquia.<\/p>\n\n\n\n<p>A \u00c1ustria assinou o <strong>Tratado de Saint-Germain-en-Laye.<\/strong> Por ele, a \u00c1ustria deveria reconhecer a independ\u00eancia da Hungria, da Tchecoslov\u00e1quia, da Iugosl\u00e1via e da Pol\u00f4nia, cedendo grandes por\u00e7\u00f5es de seu territ\u00f3rio. Foi obrigada a entregar \u00e0 It\u00e1lia o Trieste, o Tirol Meridional e a Pen\u00ednsula da \u00cdstria. <strong>Ficou reduzida a um Estado pequeno, sem acesso ao mar, com quase um ter\u00e7o de sua popula\u00e7\u00e3o concentrada na cidade de Viena.<\/strong><\/p>\n\n\n\n<p>O <strong>Tratado de Trianon<\/strong> foi assinado pela Hungria, que cedeu a Cro\u00e1cia para a Iugosl\u00e1via, a Eslov\u00e1quia para a Tchecoslov\u00e1quia e a Transilv\u00e2nia para a Rom\u00eania. Seu territ\u00f3rio foi reduzido de 325.000 para 900.000 quil\u00f4metros quadrados e sua popula\u00e7\u00e3o, de 22 milh\u00f5es para 8 milh\u00f5es de pessoas.<\/p>\n\n\n\n<p>O <strong>Tratado de Neuilly <\/strong>coube \u00e0 Bulg\u00e1ria, que recebeu um tratamento mais brando por n\u00e3o ter tomado parte ativa nas provoca\u00e7\u00f5es para a Guerra. Mesmo assim, teve de entregar quase todas as regi\u00f5es que ocuparam desde a primeira Guerra Balc\u00e2nica.<\/p>\n\n\n\n<p>O <strong>Tratado de S\u00e8vres<\/strong> foi assinado em 1920 pela Turquia. Entretanto, um movimento nacionalista turco decidiu impedir a concretiza\u00e7\u00e3o das determina\u00e7\u00f5es de S\u00e8vres. Os aliados aceitaram fazer uma revis\u00e3o no texto e, em 1923, foi assinado o <strong>Tratado de Lausanne <\/strong>revendo as cl\u00e1usulas territoriais.<\/p>\n\n\n\n<p>Se as pot\u00eancias vitoriosas da Primeira Guerra acreditavam que com esses tratados estariam&nbsp; eliminando de vez as possibilidades da eclos\u00e3o de uma nova guerra, erraram. <strong>Vinte anos depois, o mundo estava novamente em guerra.<\/strong><\/p>\n\n\n\n<h2 class=\"wp-block-heading\" id=\"h-o-balanco-sobre-o-fim-da-primeira-guerra-mundial\"><span class=\"ez-toc-section\" id=\"O-balanco-sobre-o-fim-da-Primeira-Guerra-Mundial\"><\/span>O balan\u00e7o sobre o fim da Primeira Guerra Mundial<span class=\"ez-toc-section-end\"><\/span><\/h2>\n\n\n\n<p>Da mesma forma que a Guerra atingiu v\u00e1rios continentes, seus efeitos foram muito abrangentes, atingindo o mundo todo. <strong>Foi um conflito travado entre pot\u00eancias industriais e comerciais, o que aumentou esse poder de destrui\u00e7\u00e3o.<\/strong>&nbsp;<\/p>\n\n\n\n<p>As perdas humanas foram consider\u00e1veis, estimam-se mais de <strong>16 milh\u00f5es de mortos &#8211; incluindo a popula\u00e7\u00e3o civil &#8211;<\/strong> que sofreu a a\u00e7\u00e3o dos bombardeios, das invas\u00f5es, das epidemias e da fome.<\/p>\n\n\n\n<p><strong>A economia europeia se desarticulou, gerando uma profunda crise com altas taxas de infla\u00e7\u00e3o, desemprego e mis\u00e9ria. <\/strong>Eclodiram grandes movimentos populares contra a ordem burguesa, que inspirados nos revolucion\u00e1rios russos, provocaram forte repress\u00e3o por parte dos governos constitu\u00eddos.&nbsp;<\/p>\n\n\n\n<p>Ap\u00f3s o decl\u00ednio econ\u00f4mico da Europa, o mundo assistiu \u00e0 <strong>ascens\u00e3o dos Estados Unidos, que, de devedores, tornaram-se credores dos europeus, firmando-se como uma pot\u00eancia de grande prest\u00edgio pol\u00edtico e grande poder econ\u00f4mico.<\/strong><\/p>\n\n\n\n<p>Aparentemente, devido \u00e0 queda dos antigos imp\u00e9rios autocr\u00e1ticos, a Guerra resultou na vit\u00f3ria dos princ\u00edpios liberais e democr\u00e1ticos. Entretanto, nos anos que se seguiram, a instabilidade pol\u00edtica e a crise econ\u00f4mica deram oportunidade para o aparecimento de doutrinas antidemocr\u00e1ticas e o estabelecimento de Estados fascistas, principalmente na It\u00e1lia e na Alemanha.<\/p>\n\n\n\n<figure class=\"wp-block-image size-full\"><img decoding=\"async\" src=\"https:\/\/militares.estrategia.com\/portal\/wp-content\/uploads\/2023\/03\/image-7.png\" alt=\"\" class=\"wp-image-65611\"\/><\/figure>\n\n\n\n<p>As mulheres, trabalhando patrioticamente nas f\u00e1bricas e nos servi\u00e7os de guerra, entraram para o mercado de trabalho em escala desconhecida anteriormente. Encontrando, por esse meio, base econ\u00f4mica para sua maior independ\u00eancia, muitas permaneceram trabalhando.&nbsp;<\/p>\n\n\n\n<p><strong>O papel desempenhado por elas no esfor\u00e7o de guerra, especialmente na Gr\u00e3-Bretanha, tornou irresist\u00edveis suas exig\u00eancias de direito ao voto, ap\u00f3s a Guerra.<\/strong><\/p>\n\n\n\n<p>A Guerra marcou o fim do otimismo inconsequente [&#8230;]. A sociedade burguesa entrou em uma fase de inseguran\u00e7a e incerteza. Tornou-se evidente, para v\u00e1rias faixas da intelectualidade, que a pr\u00f3spera civiliza\u00e7\u00e3o criada pelo capitalismo era capaz de barbarismos e brutalidades em seus conflitos [&#8230;]. LOPEZ, Luiz Roberto. <em>Hist\u00f3ria do s\u00e9culo XX. <\/em>Porto Alegre: Mercado Aberto, 1983. p. 21.<\/p>\n\n\n\n<p><br>Curtiu o artigo sobre o fim da Primeira Guerra Mundial? Ent\u00e3o prepare-se para os concursos militares com o Estrat\u00e9gia Militares! Clique no banner abaixo e conhe\u00e7a o<strong> Banco de Quest\u00f5es do Estrat\u00e9gia Militares! <\/strong>S\u00e3o milhares de quest\u00f5es para voc\u00ea tornar seu sonho em realidade! Vem ser coruja!<\/p>\n\n\n\n<p><strong><a id=\"cta\" class=\"cta-imagem\" href=\"https:\/\/militares.estrategia.com\/curso\/banco-de-questes-anual\/\" target=\"blank\">\n                <img decoding=\"async\" width=\"100%\" src=\"https:\/\/militares.estrategia.com\/portal\/wp-content\/uploads\/2023\/02\/EM-Banco-de-Questoes.jpg\" alt=\"EM - Banco de Questo\u0303es\" title=\"EM - Banco de Questo\u0303es\">\n        <\/a><\/strong><\/p>\n\n\n\n\n\n<h2 class=\"wp-block-heading\"><span class=\"ez-toc-section\" id=\"Veja-tambem\"><\/span>Veja tamb\u00e9m:<span class=\"ez-toc-section-end\"><\/span><\/h2>\n\n\n\n<ul class=\"wp-block-list\">\n<li><a href=\"https:\/\/militares.estrategia.com\/portal\/materias-e-dicas\/historia\/marechal-deodoro-da-fonseca-o-primeiro-presidente-do-brasil\/\">Marechal Deodoro da Fonseca: o primeiro presidente do Brasil<\/a><\/li>\n\n\n\n<li><a href=\"https:\/\/militares.estrategia.com\/portal\/materias-e-dicas\/historia\/alberto-santos-dumont\/\">Alberto Santos Dumont: conhe\u00e7a a biografia do pai da avia\u00e7\u00e3o<\/a><\/li>\n\n\n\n<li><a href=\"https:\/\/militares.estrategia.com\/portal\/materias-e-dicas\/historia\/a-batalha-do-passo-do-rosario\/\">A Batalha do Passo do Ros\u00e1rio: causas, consequ\u00eancias e muito mais<\/a><\/li>\n\n\n\n<li><a href=\"https:\/\/militares.estrategia.com\/portal\/materias-e-dicas\/historia\/batalha-de-monte-castelo\/\">Batalha de Monte Castelo: o que foi, a participa\u00e7\u00e3o da FEB e muito mais<\/a><\/li>\n\n\n\n<li><a href=\"https:\/\/militares.estrategia.com\/portal\/materias-e-dicas\/historia\/guerra-do-paraguai\/\">Guerra do Paraguai: causas, consequ\u00eancias e muito mais<\/a><\/li>\n\n\n\n<li><a href=\"https:\/\/militares.estrategia.com\/portal\/materias-e-dicas\/historia\/povos-indigenas-brasileiros\/\">Povos ind\u00edgenas brasileiros: quem eram, onde viviam e muito mais<\/a><\/li>\n\n\n\n<li><a href=\"https:\/\/militares.estrategia.com\/portal\/materias-e-dicas\/historia\/a-morte-de-solano-lopez\/\">A morte de Solano L\u00f3pez e o fim da Guerra do Paraguai<\/a><\/li>\n\n\n\n<li><a href=\"https:\/\/militares.estrategia.com\/portal\/materias-e-dicas\/historia\/proclamacao-da-republica-no-brasil\/\">Proclama\u00e7\u00e3o da Rep\u00fablica no Brasil: como foi e muito mais<\/a><\/li>\n<\/ul>\n\n\n\n<p><\/p>\n\n\n","protected":false},"excerpt":{"rendered":"Voc\u00ea sabia que as condi\u00e7\u00f5es de paz para o fim da Primeira Guerra Mundial foram estabelecidas em uma&hellip;\n","protected":false},"author":52,"featured_media":65614,"comment_status":"closed","ping_status":"closed","sticky":false,"template":"","format":"standard","meta":{"wl_entities_gutenberg":"","footnotes":""},"categories":[29],"tags":[63,58,64,161],"wl_entity_type":[187],"class_list":{"0":"post-65609","1":"post","2":"type-post","3":"status-publish","4":"format-standard","5":"has-post-thumbnail","7":"category-historia","8":"tag-concursofuzileironaval","9":"tag-fuzileironaval","10":"tag-marinhadobrasil","11":"tag-concursosmilitares","12":"wl_entity_type-article"},"acf":[],"yoast_head":"<!-- This site is optimized with the Yoast SEO Premium plugin v26.6 (Yoast SEO v26.6) - https:\/\/yoast.com\/wordpress\/plugins\/seo\/ -->\n<title>Primeira Guerra Mundial: O fim do conflito e a paz dos vencedores<\/title>\n<meta name=\"description\" content=\"O fim da Primeira Guerra foi marcado pelo acordo entre os vencedores que reprimiu os alem\u00e3es. Confira aqui mais informa\u00e7\u00f5es sobre o conflito!\" \/>\n<meta name=\"robots\" content=\"index, follow, max-snippet:-1, max-image-preview:large, max-video-preview:-1\" \/>\n<link rel=\"canonical\" href=\"https:\/\/militares.estrategia.com\/portal\/materias-e-dicas\/historia\/primeira-guerra-mundial-o-fim-do-conflito-e-a-paz-dos-vencedores\/\" \/>\n<meta property=\"og:locale\" content=\"pt_BR\" \/>\n<meta property=\"og:type\" content=\"article\" \/>\n<meta property=\"og:title\" content=\"Primeira Guerra Mundial: O fim do conflito e a paz dos vencedores\" \/>\n<meta property=\"og:description\" content=\"O fim da Primeira Guerra foi marcado pelo acordo entre os vencedores que reprimiu os alem\u00e3es. Confira aqui mais informa\u00e7\u00f5es sobre o conflito!\" \/>\n<meta property=\"og:url\" content=\"https:\/\/militares.estrategia.com\/portal\/materias-e-dicas\/historia\/primeira-guerra-mundial-o-fim-do-conflito-e-a-paz-dos-vencedores\/\" \/>\n<meta property=\"og:site_name\" content=\"Estrat\u00e9gia Militares\" \/>\n<meta property=\"article:publisher\" content=\"https:\/\/www.facebook.com\/EstrategiaMilitares\" \/>\n<meta property=\"article:published_time\" content=\"2023-03-31T10:00:00+00:00\" \/>\n<meta property=\"article:modified_time\" content=\"2023-04-05T17:03:12+00:00\" \/>\n<meta property=\"og:image\" content=\"https:\/\/cdn.blog.estrategiavestibulares.com.br\/vestibulares\/wp-content\/uploads\/2023\/03\/museums-victoria-_E5NV-2lgQ4-unsplash.jpg\" \/>\n\t<meta property=\"og:image:width\" content=\"1920\" \/>\n\t<meta property=\"og:image:height\" content=\"1462\" \/>\n\t<meta property=\"og:image:type\" content=\"image\/jpeg\" \/>\n<meta name=\"author\" content=\"Vin\u00edcius Brigolini\" \/>\n<meta name=\"twitter:card\" content=\"summary_large_image\" \/>\n<meta name=\"twitter:creator\" content=\"@estrategiamilit\" \/>\n<meta name=\"twitter:site\" content=\"@estrategiamilit\" \/>\n<meta name=\"twitter:label1\" content=\"Escrito por\" \/>\n\t<meta name=\"twitter:data1\" content=\"Vin\u00edcius Brigolini\" \/>\n\t<meta name=\"twitter:label2\" content=\"Est. tempo de leitura\" \/>\n\t<meta name=\"twitter:data2\" content=\"7 minutos\" \/>\n<script type=\"application\/ld+json\" class=\"yoast-schema-graph\">{\"@context\":\"https:\/\/schema.org\",\"@graph\":[{\"@type\":\"Article\",\"@id\":\"https:\/\/militares.estrategia.com\/portal\/materias-e-dicas\/historia\/primeira-guerra-mundial-o-fim-do-conflito-e-a-paz-dos-vencedores\/#article\",\"isPartOf\":{\"@id\":\"https:\/\/militares.estrategia.com\/portal\/materias-e-dicas\/historia\/primeira-guerra-mundial-o-fim-do-conflito-e-a-paz-dos-vencedores\/\"},\"author\":{\"name\":\"Vin\u00edcius Brigolini\",\"@id\":\"https:\/\/militares.estrategia.com\/portal\/#\/schema\/person\/6587b50abb02ffb0d1d0b50c12a6b317\"},\"headline\":\"Primeira Guerra Mundial: O fim do conflito e a paz dos vencedores\",\"datePublished\":\"2023-03-31T10:00:00+00:00\",\"dateModified\":\"2023-04-05T17:03:12+00:00\",\"mainEntityOfPage\":{\"@id\":\"https:\/\/militares.estrategia.com\/portal\/materias-e-dicas\/historia\/primeira-guerra-mundial-o-fim-do-conflito-e-a-paz-dos-vencedores\/\"},\"wordCount\":1489,\"publisher\":{\"@id\":\"https:\/\/militares.estrategia.com\/portal\/#organization\"},\"image\":{\"@id\":\"https:\/\/militares.estrategia.com\/portal\/materias-e-dicas\/historia\/primeira-guerra-mundial-o-fim-do-conflito-e-a-paz-dos-vencedores\/#primaryimage\"},\"thumbnailUrl\":\"https:\/\/militares.estrategia.com\/portal\/wp-content\/uploads\/2023\/03\/museums-victoria-_E5NV-2lgQ4-unsplash.jpg\",\"keywords\":[\"#concursofuzileironaval\",\"#fuzileironaval\",\"#marinhadobrasil\",\"ConcursosMilitares\"],\"articleSection\":[\"Hist\u00f3ria\"],\"inLanguage\":\"pt-BR\"},{\"@type\":\"WebPage\",\"@id\":\"https:\/\/militares.estrategia.com\/portal\/materias-e-dicas\/historia\/primeira-guerra-mundial-o-fim-do-conflito-e-a-paz-dos-vencedores\/\",\"url\":\"https:\/\/militares.estrategia.com\/portal\/materias-e-dicas\/historia\/primeira-guerra-mundial-o-fim-do-conflito-e-a-paz-dos-vencedores\/\",\"name\":\"Primeira Guerra Mundial: O fim do conflito e a paz dos vencedores\",\"isPartOf\":{\"@id\":\"https:\/\/militares.estrategia.com\/portal\/#website\"},\"primaryImageOfPage\":{\"@id\":\"https:\/\/militares.estrategia.com\/portal\/materias-e-dicas\/historia\/primeira-guerra-mundial-o-fim-do-conflito-e-a-paz-dos-vencedores\/#primaryimage\"},\"image\":{\"@id\":\"https:\/\/militares.estrategia.com\/portal\/materias-e-dicas\/historia\/primeira-guerra-mundial-o-fim-do-conflito-e-a-paz-dos-vencedores\/#primaryimage\"},\"thumbnailUrl\":\"https:\/\/militares.estrategia.com\/portal\/wp-content\/uploads\/2023\/03\/museums-victoria-_E5NV-2lgQ4-unsplash.jpg\",\"datePublished\":\"2023-03-31T10:00:00+00:00\",\"dateModified\":\"2023-04-05T17:03:12+00:00\",\"description\":\"O fim da Primeira Guerra foi marcado pelo acordo entre os vencedores que reprimiu os alem\u00e3es. Confira aqui mais informa\u00e7\u00f5es sobre o conflito!\",\"breadcrumb\":{\"@id\":\"https:\/\/militares.estrategia.com\/portal\/materias-e-dicas\/historia\/primeira-guerra-mundial-o-fim-do-conflito-e-a-paz-dos-vencedores\/#breadcrumb\"},\"inLanguage\":\"pt-BR\",\"potentialAction\":[{\"@type\":\"ReadAction\",\"target\":[\"https:\/\/militares.estrategia.com\/portal\/materias-e-dicas\/historia\/primeira-guerra-mundial-o-fim-do-conflito-e-a-paz-dos-vencedores\/\"]}]},{\"@type\":\"ImageObject\",\"inLanguage\":\"pt-BR\",\"@id\":\"https:\/\/militares.estrategia.com\/portal\/materias-e-dicas\/historia\/primeira-guerra-mundial-o-fim-do-conflito-e-a-paz-dos-vencedores\/#primaryimage\",\"url\":\"https:\/\/militares.estrategia.com\/portal\/wp-content\/uploads\/2023\/03\/museums-victoria-_E5NV-2lgQ4-unsplash.jpg\",\"contentUrl\":\"https:\/\/militares.estrategia.com\/portal\/wp-content\/uploads\/2023\/03\/museums-victoria-_E5NV-2lgQ4-unsplash.jpg\",\"width\":1920,\"height\":1462,\"caption\":\"Segunda Guerra Mundial\"},{\"@type\":\"BreadcrumbList\",\"@id\":\"https:\/\/militares.estrategia.com\/portal\/materias-e-dicas\/historia\/primeira-guerra-mundial-o-fim-do-conflito-e-a-paz-dos-vencedores\/#breadcrumb\",\"itemListElement\":[{\"@type\":\"ListItem\",\"position\":1,\"name\":\"Home\",\"item\":\"https:\/\/militares.estrategia.com\/portal\/\"},{\"@type\":\"ListItem\",\"position\":2,\"name\":\"Mat\u00e9rias e Dicas\",\"item\":\"https:\/\/militares.estrategia.com\/portal\/materias-e-dicas\/\"},{\"@type\":\"ListItem\",\"position\":3,\"name\":\"Hist\u00f3ria\",\"item\":\"https:\/\/militares.estrategia.com\/portal\/materias-e-dicas\/historia\/\"},{\"@type\":\"ListItem\",\"position\":4,\"name\":\"Primeira Guerra Mundial: O fim do conflito e a paz dos vencedores\"}]},{\"@type\":\"WebSite\",\"@id\":\"https:\/\/militares.estrategia.com\/portal\/#website\",\"url\":\"https:\/\/militares.estrategia.com\/portal\/\",\"name\":\"Estrat\u00e9gia Militares\",\"description\":\"\",\"publisher\":{\"@id\":\"https:\/\/militares.estrategia.com\/portal\/#organization\"},\"potentialAction\":[{\"@type\":\"SearchAction\",\"target\":{\"@type\":\"EntryPoint\",\"urlTemplate\":\"https:\/\/militares.estrategia.com\/portal\/?s={search_term_string}\"},\"query-input\":{\"@type\":\"PropertyValueSpecification\",\"valueRequired\":true,\"valueName\":\"search_term_string\"}}],\"inLanguage\":\"pt-BR\"},{\"@type\":\"Organization\",\"@id\":\"https:\/\/militares.estrategia.com\/portal\/#organization\",\"name\":\"Estrat\u00e9gia Militares\",\"url\":\"https:\/\/militares.estrategia.com\/portal\/\",\"logo\":{\"@type\":\"ImageObject\",\"inLanguage\":\"pt-BR\",\"@id\":\"https:\/\/militares.estrategia.com\/portal\/#\/schema\/logo\/image\/\",\"url\":\"https:\/\/militares.estrategia.com\/portal\/wp-content\/uploads\/2021\/10\/logo-militares.webp\",\"contentUrl\":\"https:\/\/militares.estrategia.com\/portal\/wp-content\/uploads\/2021\/10\/logo-militares.webp\",\"width\":346,\"height\":90,\"caption\":\"Estrat\u00e9gia Militares\"},\"image\":{\"@id\":\"https:\/\/militares.estrategia.com\/portal\/#\/schema\/logo\/image\/\"},\"sameAs\":[\"https:\/\/www.facebook.com\/EstrategiaMilitares\",\"https:\/\/x.com\/estrategiamilit\",\"https:\/\/www.instagram.com\/estrategiamilitares\/\",\"https:\/\/www.youtube.com\/channel\/UCRG_9hakCqXxnj_8TqCdgTA\"]},{\"@type\":\"Person\",\"@id\":\"https:\/\/militares.estrategia.com\/portal\/#\/schema\/person\/6587b50abb02ffb0d1d0b50c12a6b317\",\"name\":\"Vin\u00edcius Brigolini\",\"image\":{\"@type\":\"ImageObject\",\"inLanguage\":\"pt-BR\",\"@id\":\"https:\/\/militares.estrategia.com\/portal\/#\/schema\/person\/image\/\",\"url\":\"https:\/\/militares.estrategia.com\/portal\/wp-content\/uploads\/2021\/08\/Sem-titulo-150x150.jpg\",\"contentUrl\":\"https:\/\/militares.estrategia.com\/portal\/wp-content\/uploads\/2021\/08\/Sem-titulo-150x150.jpg\",\"caption\":\"Vin\u00edcius Brigolini\"},\"description\":\"Membro da turma Carcar\u00e1 de 2017 da For\u00e7a A\u00e9rea Brasileira. \u00c9 apaixonado pela avia\u00e7\u00e3o e pelo mundo militar!\",\"sameAs\":[\"https:\/\/www.instagram.com\/viniciusbgn\/\"],\"url\":\"https:\/\/militares.estrategia.com\/portal\/author\/vinicius-souza\/\"}]}<\/script>\n<!-- \/ Yoast SEO Premium plugin. -->","yoast_head_json":{"title":"Primeira Guerra Mundial: O fim do conflito e a paz dos vencedores","description":"O fim da Primeira Guerra foi marcado pelo acordo entre os vencedores que reprimiu os alem\u00e3es. Confira aqui mais informa\u00e7\u00f5es sobre o conflito!","robots":{"index":"index","follow":"follow","max-snippet":"max-snippet:-1","max-image-preview":"max-image-preview:large","max-video-preview":"max-video-preview:-1"},"canonical":"https:\/\/militares.estrategia.com\/portal\/materias-e-dicas\/historia\/primeira-guerra-mundial-o-fim-do-conflito-e-a-paz-dos-vencedores\/","og_locale":"pt_BR","og_type":"article","og_title":"Primeira Guerra Mundial: O fim do conflito e a paz dos vencedores","og_description":"O fim da Primeira Guerra foi marcado pelo acordo entre os vencedores que reprimiu os alem\u00e3es. Confira aqui mais informa\u00e7\u00f5es sobre o conflito!","og_url":"https:\/\/militares.estrategia.com\/portal\/materias-e-dicas\/historia\/primeira-guerra-mundial-o-fim-do-conflito-e-a-paz-dos-vencedores\/","og_site_name":"Estrat\u00e9gia Militares","article_publisher":"https:\/\/www.facebook.com\/EstrategiaMilitares","article_published_time":"2023-03-31T10:00:00+00:00","article_modified_time":"2023-04-05T17:03:12+00:00","og_image":[{"width":1920,"height":1462,"url":"https:\/\/cdn.blog.estrategiavestibulares.com.br\/vestibulares\/wp-content\/uploads\/2023\/03\/museums-victoria-_E5NV-2lgQ4-unsplash.jpg","type":"image\/jpeg"}],"author":"Vin\u00edcius Brigolini","twitter_card":"summary_large_image","twitter_creator":"@estrategiamilit","twitter_site":"@estrategiamilit","twitter_misc":{"Escrito por":"Vin\u00edcius Brigolini","Est. tempo de leitura":"7 minutos"},"schema":{"@context":"https:\/\/schema.org","@graph":[{"@type":"Article","@id":"https:\/\/militares.estrategia.com\/portal\/materias-e-dicas\/historia\/primeira-guerra-mundial-o-fim-do-conflito-e-a-paz-dos-vencedores\/#article","isPartOf":{"@id":"https:\/\/militares.estrategia.com\/portal\/materias-e-dicas\/historia\/primeira-guerra-mundial-o-fim-do-conflito-e-a-paz-dos-vencedores\/"},"author":{"name":"Vin\u00edcius Brigolini","@id":"https:\/\/militares.estrategia.com\/portal\/#\/schema\/person\/6587b50abb02ffb0d1d0b50c12a6b317"},"headline":"Primeira Guerra Mundial: O fim do conflito e a paz dos vencedores","datePublished":"2023-03-31T10:00:00+00:00","dateModified":"2023-04-05T17:03:12+00:00","mainEntityOfPage":{"@id":"https:\/\/militares.estrategia.com\/portal\/materias-e-dicas\/historia\/primeira-guerra-mundial-o-fim-do-conflito-e-a-paz-dos-vencedores\/"},"wordCount":1489,"publisher":{"@id":"https:\/\/militares.estrategia.com\/portal\/#organization"},"image":{"@id":"https:\/\/militares.estrategia.com\/portal\/materias-e-dicas\/historia\/primeira-guerra-mundial-o-fim-do-conflito-e-a-paz-dos-vencedores\/#primaryimage"},"thumbnailUrl":"https:\/\/militares.estrategia.com\/portal\/wp-content\/uploads\/2023\/03\/museums-victoria-_E5NV-2lgQ4-unsplash.jpg","keywords":["#concursofuzileironaval","#fuzileironaval","#marinhadobrasil","ConcursosMilitares"],"articleSection":["Hist\u00f3ria"],"inLanguage":"pt-BR"},{"@type":"WebPage","@id":"https:\/\/militares.estrategia.com\/portal\/materias-e-dicas\/historia\/primeira-guerra-mundial-o-fim-do-conflito-e-a-paz-dos-vencedores\/","url":"https:\/\/militares.estrategia.com\/portal\/materias-e-dicas\/historia\/primeira-guerra-mundial-o-fim-do-conflito-e-a-paz-dos-vencedores\/","name":"Primeira Guerra Mundial: O fim do conflito e a paz dos vencedores","isPartOf":{"@id":"https:\/\/militares.estrategia.com\/portal\/#website"},"primaryImageOfPage":{"@id":"https:\/\/militares.estrategia.com\/portal\/materias-e-dicas\/historia\/primeira-guerra-mundial-o-fim-do-conflito-e-a-paz-dos-vencedores\/#primaryimage"},"image":{"@id":"https:\/\/militares.estrategia.com\/portal\/materias-e-dicas\/historia\/primeira-guerra-mundial-o-fim-do-conflito-e-a-paz-dos-vencedores\/#primaryimage"},"thumbnailUrl":"https:\/\/militares.estrategia.com\/portal\/wp-content\/uploads\/2023\/03\/museums-victoria-_E5NV-2lgQ4-unsplash.jpg","datePublished":"2023-03-31T10:00:00+00:00","dateModified":"2023-04-05T17:03:12+00:00","description":"O fim da Primeira Guerra foi marcado pelo acordo entre os vencedores que reprimiu os alem\u00e3es. Confira aqui mais informa\u00e7\u00f5es sobre o conflito!","breadcrumb":{"@id":"https:\/\/militares.estrategia.com\/portal\/materias-e-dicas\/historia\/primeira-guerra-mundial-o-fim-do-conflito-e-a-paz-dos-vencedores\/#breadcrumb"},"inLanguage":"pt-BR","potentialAction":[{"@type":"ReadAction","target":["https:\/\/militares.estrategia.com\/portal\/materias-e-dicas\/historia\/primeira-guerra-mundial-o-fim-do-conflito-e-a-paz-dos-vencedores\/"]}]},{"@type":"ImageObject","inLanguage":"pt-BR","@id":"https:\/\/militares.estrategia.com\/portal\/materias-e-dicas\/historia\/primeira-guerra-mundial-o-fim-do-conflito-e-a-paz-dos-vencedores\/#primaryimage","url":"https:\/\/militares.estrategia.com\/portal\/wp-content\/uploads\/2023\/03\/museums-victoria-_E5NV-2lgQ4-unsplash.jpg","contentUrl":"https:\/\/militares.estrategia.com\/portal\/wp-content\/uploads\/2023\/03\/museums-victoria-_E5NV-2lgQ4-unsplash.jpg","width":1920,"height":1462,"caption":"Segunda Guerra Mundial"},{"@type":"BreadcrumbList","@id":"https:\/\/militares.estrategia.com\/portal\/materias-e-dicas\/historia\/primeira-guerra-mundial-o-fim-do-conflito-e-a-paz-dos-vencedores\/#breadcrumb","itemListElement":[{"@type":"ListItem","position":1,"name":"Home","item":"https:\/\/militares.estrategia.com\/portal\/"},{"@type":"ListItem","position":2,"name":"Mat\u00e9rias e Dicas","item":"https:\/\/militares.estrategia.com\/portal\/materias-e-dicas\/"},{"@type":"ListItem","position":3,"name":"Hist\u00f3ria","item":"https:\/\/militares.estrategia.com\/portal\/materias-e-dicas\/historia\/"},{"@type":"ListItem","position":4,"name":"Primeira Guerra Mundial: O fim do conflito e a paz dos vencedores"}]},{"@type":"WebSite","@id":"https:\/\/militares.estrategia.com\/portal\/#website","url":"https:\/\/militares.estrategia.com\/portal\/","name":"Estrat\u00e9gia Militares","description":"","publisher":{"@id":"https:\/\/militares.estrategia.com\/portal\/#organization"},"potentialAction":[{"@type":"SearchAction","target":{"@type":"EntryPoint","urlTemplate":"https:\/\/militares.estrategia.com\/portal\/?s={search_term_string}"},"query-input":{"@type":"PropertyValueSpecification","valueRequired":true,"valueName":"search_term_string"}}],"inLanguage":"pt-BR"},{"@type":"Organization","@id":"https:\/\/militares.estrategia.com\/portal\/#organization","name":"Estrat\u00e9gia Militares","url":"https:\/\/militares.estrategia.com\/portal\/","logo":{"@type":"ImageObject","inLanguage":"pt-BR","@id":"https:\/\/militares.estrategia.com\/portal\/#\/schema\/logo\/image\/","url":"https:\/\/militares.estrategia.com\/portal\/wp-content\/uploads\/2021\/10\/logo-militares.webp","contentUrl":"https:\/\/militares.estrategia.com\/portal\/wp-content\/uploads\/2021\/10\/logo-militares.webp","width":346,"height":90,"caption":"Estrat\u00e9gia Militares"},"image":{"@id":"https:\/\/militares.estrategia.com\/portal\/#\/schema\/logo\/image\/"},"sameAs":["https:\/\/www.facebook.com\/EstrategiaMilitares","https:\/\/x.com\/estrategiamilit","https:\/\/www.instagram.com\/estrategiamilitares\/","https:\/\/www.youtube.com\/channel\/UCRG_9hakCqXxnj_8TqCdgTA"]},{"@type":"Person","@id":"https:\/\/militares.estrategia.com\/portal\/#\/schema\/person\/6587b50abb02ffb0d1d0b50c12a6b317","name":"Vin\u00edcius Brigolini","image":{"@type":"ImageObject","inLanguage":"pt-BR","@id":"https:\/\/militares.estrategia.com\/portal\/#\/schema\/person\/image\/","url":"https:\/\/militares.estrategia.com\/portal\/wp-content\/uploads\/2021\/08\/Sem-titulo-150x150.jpg","contentUrl":"https:\/\/militares.estrategia.com\/portal\/wp-content\/uploads\/2021\/08\/Sem-titulo-150x150.jpg","caption":"Vin\u00edcius Brigolini"},"description":"Membro da turma Carcar\u00e1 de 2017 da For\u00e7a A\u00e9rea Brasileira. \u00c9 apaixonado pela avia\u00e7\u00e3o e pelo mundo militar!","sameAs":["https:\/\/www.instagram.com\/viniciusbgn\/"],"url":"https:\/\/militares.estrategia.com\/portal\/author\/vinicius-souza\/"}]}},"_wl_alt_label":[],"wl:entity_url":"https:\/\/data.wordlift.io\/wl110246\/post\/primeira-guerra-mundial-saiba-mais-sobre-o-fim-do-conflito-e-a-paz-dos-vencedores-65609","_links":{"self":[{"href":"https:\/\/militares.estrategia.com\/portal\/wp-json\/wp\/v2\/posts\/65609","targetHints":{"allow":["GET"]}}],"collection":[{"href":"https:\/\/militares.estrategia.com\/portal\/wp-json\/wp\/v2\/posts"}],"about":[{"href":"https:\/\/militares.estrategia.com\/portal\/wp-json\/wp\/v2\/types\/post"}],"author":[{"embeddable":true,"href":"https:\/\/militares.estrategia.com\/portal\/wp-json\/wp\/v2\/users\/52"}],"replies":[{"embeddable":true,"href":"https:\/\/militares.estrategia.com\/portal\/wp-json\/wp\/v2\/comments?post=65609"}],"version-history":[{"count":4,"href":"https:\/\/militares.estrategia.com\/portal\/wp-json\/wp\/v2\/posts\/65609\/revisions"}],"predecessor-version":[{"id":65812,"href":"https:\/\/militares.estrategia.com\/portal\/wp-json\/wp\/v2\/posts\/65609\/revisions\/65812"}],"wp:featuredmedia":[{"embeddable":true,"href":"https:\/\/militares.estrategia.com\/portal\/wp-json\/wp\/v2\/media\/65614"}],"wp:attachment":[{"href":"https:\/\/militares.estrategia.com\/portal\/wp-json\/wp\/v2\/media?parent=65609"}],"wp:term":[{"taxonomy":"category","embeddable":true,"href":"https:\/\/militares.estrategia.com\/portal\/wp-json\/wp\/v2\/categories?post=65609"},{"taxonomy":"post_tag","embeddable":true,"href":"https:\/\/militares.estrategia.com\/portal\/wp-json\/wp\/v2\/tags?post=65609"},{"taxonomy":"wl_entity_type","embeddable":true,"href":"https:\/\/militares.estrategia.com\/portal\/wp-json\/wp\/v2\/wl_entity_type?post=65609"}],"curies":[{"name":"wp","href":"https:\/\/api.w.org\/{rel}","templated":true}]}}