{"id":65501,"date":"2023-03-29T16:27:22","date_gmt":"2023-03-29T19:27:22","guid":{"rendered":"https:\/\/militares.estrategia.com\/portal\/?p=65501"},"modified":"2023-04-05T16:17:02","modified_gmt":"2023-04-05T19:17:02","slug":"primeira-guerra-mundial-as-causas-da-grande-guerra","status":"publish","type":"post","link":"https:\/\/militares.estrategia.com\/portal\/materias-e-dicas\/historia\/primeira-guerra-mundial-as-causas-da-grande-guerra\/","title":{"rendered":"Primeira Guerra Mundial: as causas da Grande Guerra"},"content":{"rendered":"\n<p>A Grande Guerra teve causas que foram se acumulando desde o s\u00e9culo XIX at\u00e9 a culmina\u00e7\u00e3o do conflito no s\u00e9culo XX. Durante o s\u00e9culo XIX, as na\u00e7\u00f5es europeias lutaram entre si para conseguirem a hegemonia pol\u00edtica e econ\u00f4mica do continente europeu. Confira nesse artigo que o <strong>Estrat\u00e9gia Militares<\/strong> preparou para voc\u00ea quais foram essas causas.<\/p>\n\n\n\n<p>A expans\u00e3o industrial, o imperialismo na \u00c1frica e na \u00c1sia e o desenvolvimento do nacionalismo agravaram de tal modo a situa\u00e7\u00e3o da Europa que, em 1914, eclodiu um conflito <strong>que envolveu praticamente todo aquele continente, os Estados Unidos e as col\u00f4nias africanas e asi\u00e1ticas.<\/strong><\/p>\n\n\n<div id=\"new-form\">\n\t<form id=\"forms_layout\">\n\t<input type=\"hidden\" id=\"chave_de\" name=\"chave_de\" value=\"01_EMIL_LEADS_TOTAIS\" \/>\n\t\t<input type=\"hidden\" id=\"mid\" name=\"mid\" value=\"515009017\" \/>\n\t\t<input type=\"hidden\" id=\"Objetivo\" name=\"Objetivo\" value=\"Militares\" \/>\n\t\t<input type=\"hidden\" id=\"Estado_de_Origem_do_IP\" name=\"Estado_de_Origem_do_IP\"  value=\"\" \/>\n\t\t<input type=\"hidden\" id=\"Cidade_de_Origem_do_IP\" name=\"Cidade_de_Origem_do_IP\" value=\"\" \/>\n\t\t<input type=\"hidden\" id=\"Modo_de_entrada\" name=\"Modo_de_entrada\" value=\"Portal\" \/>\n\t\t<input type=\"hidden\" id=\"Pagina_Origem\" name=\"Pagina_Origem\" value=\"\" \/>\n\n\t\t<div class=\"texto\">\n\t\t\t<h3 class=\"news\">Inscreva-se em nossa newsletter!<\/h3>\n\t\t\t<p>Receba not\u00edcias sobre os mais importantes concursos para as For\u00e7as Armadas brasileiras e informa\u00e7\u00f5es sobre o mundo militar!<\/p>\n\t\t<\/div>\n\t\t<div class=\"campos\">\n\t\t\t<div class=\"first_name labels\">\n\t\t\t\t<input type=\"text\" class=\"input_labels\" id=\"first_name\" name=\"Nome_Completo\" placeholder=\"Nome\" required \/>\n\t\t\t<\/div>\n\t\t\t<div class=\"email labels\">\n\t\t\t\t<input type=\"email\" class=\"input_labels\" id=\"email\" name=\"Email\" placeholder=\"E-mail\" required \/>\n\t\t\t<\/div>\n\t\t\t<button type=\"submit\" class=\"button_layout\">\n\t\t\t\t<div id=\"lblBotao\">Inscreva-se<\/div>\n\t\t\t\t<span id=\"divSpiner\" class=\"loader\" role=\"status\" style=\"display: none;\"><\/span>\t\n\t\t\t<\/button>\n\t\t<\/div><!-- \/campos -->\n\t\t\n\t\t<label class=\"container_checkbox\">Voc\u00ea concorda com a nossa\n\t\t\t<a class=\"politics_privacy_ahref\" target=\"_blank\" href=\"https:\/\/gratis.estrategiaconcursos.com.br\/politica-de-privacidade\/\">Pol\u00edtica de Privacidade<\/a> e aceita receber informa\u00e7\u00f5es adicionais do Estrat\u00e9gia Educacional.\n\t\t\t<input id=\"checkbox_layout\" type=\"checkbox\" checked=\"checked\" required \/>\n\t\t\t<span class=\"checkbox\"><\/span>\n\t\t<\/label>\n\t\t<div id=\"msg\"><\/div>\n\t\t<div id=\"error\" class=\"error\">\n\t\t<\/div>\n\t<\/form>\n<\/div><!-- \/new-form -->\n\n\n\n<div id=\"ez-toc-container\" class=\"ez-toc-v2_0_79_2 counter-hierarchy ez-toc-counter ez-toc-transparent ez-toc-container-direction\">\n<div class=\"ez-toc-title-container\"><p class=\"ez-toc-title\" style=\"cursor:inherit\">Navegue pelo conte\u00fado\t<\/p>\n<\/div><nav><ul class='ez-toc-list ez-toc-list-level-1 ' ><li class='ez-toc-page-1 ez-toc-heading-level-2'><a class=\"ez-toc-link ez-toc-heading-1\" href=\"https:\/\/militares.estrategia.com\/portal\/materias-e-dicas\/historia\/primeira-guerra-mundial-as-causas-da-grande-guerra\/#Quais-foram-as-causas-da-Grande-Guerra\" >Quais foram as causas da Grande Guerra?<\/a><\/li><li class='ez-toc-page-1 ez-toc-heading-level-2'><a class=\"ez-toc-link ez-toc-heading-2\" href=\"https:\/\/militares.estrategia.com\/portal\/materias-e-dicas\/historia\/primeira-guerra-mundial-as-causas-da-grande-guerra\/#A-corrida-armamentista-e-a-paz-armada-na-Grande-Guerra\" >A corrida armamentista e a paz armada na Grande Guerra<\/a><\/li><li class='ez-toc-page-1 ez-toc-heading-level-2'><a class=\"ez-toc-link ez-toc-heading-3\" href=\"https:\/\/militares.estrategia.com\/portal\/materias-e-dicas\/historia\/primeira-guerra-mundial-as-causas-da-grande-guerra\/#A-politica-das-aliancas-a-Triplice-Alianca-e-a-Triplice-Entente\" >A pol\u00edtica das alian\u00e7as, a Tr\u00edplice Alian\u00e7a e a Tr\u00edplice Entente<\/a><\/li><li class='ez-toc-page-1 ez-toc-heading-level-2'><a class=\"ez-toc-link ez-toc-heading-4\" href=\"https:\/\/militares.estrategia.com\/portal\/materias-e-dicas\/historia\/primeira-guerra-mundial-as-causas-da-grande-guerra\/#Veja-tambem\" >Veja tamb\u00e9m:<\/a><\/li><\/ul><\/nav><\/div>\n<h2 class=\"wp-block-heading\" id=\"h-quais-foram-as-causas-da-grande-guerra\"><span class=\"ez-toc-section\" id=\"Quais-foram-as-causas-da-Grande-Guerra\"><\/span>Quais foram as causas da Grande Guerra?<span class=\"ez-toc-section-end\"><\/span><\/h2>\n\n\n\n<p>Duas causas foram fundamentais para a Primeira Guerra, o imperialismo e a exacerba\u00e7\u00e3o do sentimento de nacionalismo em todo o continente europeu. A corrida imperialista gerou uma s\u00e9rie de rivalidades entre as na\u00e7\u00f5es europeias. <strong>Fundamentalmente, os pa\u00edses envolvidos eram as tr\u00eas maiores pot\u00eancias industriais europeias: a Inglaterra, a Fran\u00e7a e a Alemanha.<\/strong><\/p>\n\n\n\n<p><em>&#8220;A guerra europeia teve origens econ\u00f4micas. A nova economia industrial aumentava a rivalidade entre os pa\u00edses. Esta podia ser sentida na corrida aos armamentos, aos territ\u00f3rios coloniais, aos mercados, \u00e0s linhas de navega\u00e7\u00e3o e aos investimentos.&#8221; <\/em>MAURO, Fr\u00e9d\u00e9ric. <em>Hist\u00f3ria da economia mundial <\/em>(1790-1970). Rio de Janeiro: Zahar, 1976. p. 309.<\/p>\n\n\n\n<h3 class=\"wp-block-heading\" id=\"h-rivalidade-industrial-entre-alemanha-e-inglaterra\">Rivalidade industrial entre Alemanha e Inglaterra<\/h3>\n\n\n\n<p>Desde 1850, a Alemanha passou a apresentar um acelerado desenvolvimento industrial que, no in\u00edcio do s\u00e9culo XX, come\u00e7ou a <strong>abalar a lideran\u00e7a comercial e industrial da Inglaterra<\/strong>, tanto na Europa quanto nas \u00e1reas dominadas.&nbsp;<\/p>\n\n\n\n<p><strong>Em 1914, os alem\u00e3es produziram mais ferro e a\u00e7o que a Inglaterra e a Fran\u00e7a juntas.<\/strong> Seus produtos industrializados passaram a ser preferidos em v\u00e1rias localidades e os pr\u00f3prios ingleses tiveram de reconhecer a superioridade t\u00e9cnica dos alem\u00e3es. <strong>Esse ambiente de rivalidade gerou um estado de tens\u00e3o entre os dois pa\u00edses e contribuiu poderosamente para coloc\u00e1-los em posi\u00e7\u00f5es opostas no quadro pol\u00edtico europeu.<\/strong><\/p>\n\n\n\n<h3 class=\"wp-block-heading\" id=\"h-rivalidade-politica-e-economica-entre-alemanha-e-franca\">Rivalidade pol\u00edtica e econ\u00f4mica entre Alemanha e Fran\u00e7a<\/h3>\n\n\n\n<p>A rivalidade entre a Alemanha e a Fran\u00e7a tornou-se particularmente forte ap\u00f3s a <strong>Guerra Franco-Prussiana (1870-1871), que envolveu os dois pa\u00edses.<\/strong> Ao ser derrotada, a Fran\u00e7a teve que ceder duas prov\u00edncias pertencentes ao seu territ\u00f3rio, <strong>a Als\u00e1cia e a Lorena, ricas em carv\u00e3o e min\u00e9rio de ferro.<\/strong>&nbsp;<\/p>\n\n\n\n<p>Tal fato contribuiu para o desenvolvimento industrial da Alemanha, enquanto <strong>a Fran\u00e7a se tornou dependente de importa\u00e7\u00e3o de carv\u00e3o para atender \u00e0s suas necessidades. <\/strong>A perda das duas prov\u00edncias significou um importante retrocesso na economia e na ind\u00fastria francesa.<\/p>\n\n\n\n<p>A derrota na guerra e a perda das prov\u00edncias de Als\u00e1cia e Lorena contribu\u00edram para desenvolver um<strong> movimento nacionalista entre os franceses, conhecido como Revanchismo Franc\u00eas, <\/strong>que pretendia <strong>retoma<\/strong>r tanto Als\u00e1cia e Lorena, como o orgulho franc\u00eas pela derrota na Guerra Franco-Prussiana.<\/p>\n\n\n\n<h3 class=\"wp-block-heading\" id=\"h-as-disputas-pelo-dominio-da-peninsula-balcanica-e-a-construcao-da-ferrovia-berlim-bagda\">As disputas pelo dom\u00ednio da Pen\u00ednsula Balc\u00e2nica&nbsp; e a constru\u00e7\u00e3o da ferrovia Berlim-Bagd\u00e1<\/h3>\n\n\n\n<p>Em outras regi\u00f5es da Europa, o clima de tens\u00e3o se acirrava ainda mais decorrente de disputas nacionalistas e rivalidades. Nos B\u00e1lc\u00e3s, pen\u00ednsula localizada na regi\u00e3o da Europa Centro-Oriental, pr\u00f3xima \u00e0 \u00c1sia, n\u00e3o era diferente. Essa regi\u00e3o estava sob o olhar de tr\u00eas grandes pot\u00eancias:&nbsp;<\/p>\n\n\n\n<ul class=\"wp-block-list\">\n<li>Imp\u00e9rio Russo;<\/li>\n\n\n\n<li>Imp\u00e9rio Austro-H\u00fangaro; e&nbsp;<\/li>\n\n\n\n<li>Alemanha.<\/li>\n<\/ul>\n\n\n\n<p>Al\u00e9m de se mostrarem como uma \u00e1rea estrat\u00e9gica, por sua proximidade \u00e0 \u00c1sia, <strong>os B\u00e1lc\u00e3s tamb\u00e9m apresentavam a possibilidade de um mercado consumidor <\/strong>e a capacidade de expandir seu dom\u00ednio sobre os pa\u00edses da \u00c1sia Menor<strong>.&nbsp;<\/strong><\/p>\n\n\n\n<p>Por isso, os alem\u00e3es demonstraram interesse em <strong>construir uma via f\u00e9rrea que ligasse Berlim a Bagd\u00e1, capital do Imp\u00e9rio Turco-Otamano<\/strong>, criando, assim, um canal para o com\u00e9rcio mais barato com o Oriente. Os planos da estrada j\u00e1 existiam desde 1890 e, como era um empreendimento que exigia vultoso capital, <strong>os empres\u00e1rios alem\u00e3es convidaram banqueiros ingleses e franceses para tamb\u00e9m participarem.<\/strong><\/p>\n\n\n\n<p>O dinheiro investido seria repartido igualmente, <strong>sendo que Fran\u00e7a e Alemanha teriam a mesma representa\u00e7\u00e3o na diretoria. <\/strong>Mesmo depois da Alemanha j\u00e1 ter constru\u00eddo cerca de 600 quil\u00f4metros de linha, <strong>ingleses e franceses acabaram rejeitando a proposta alem\u00e3 &#8211; e a estrada nunca foi terminada.<\/strong>&nbsp;<\/p>\n\n\n\n<p>Entretanto, somente a elabora\u00e7\u00e3o do seu tra\u00e7ado e os planos de constru\u00e7\u00e3o serviram para <strong>aumentar ainda mais as rivalidades entre esses pa\u00edses.<\/strong><\/p>\n\n\n\n<h3 class=\"wp-block-heading\" id=\"h-as-disputas-nacionalistas-nos-balcas\">As disputas nacionalistas nos B\u00e1lc\u00e3s<\/h3>\n\n\n\n<p><strong>Os B\u00e1lc\u00e3s tamb\u00e9m foram palco de disputas nacionalistas. <\/strong>At\u00e9 1830, grande parte da regi\u00e3o pertencia ao Imp\u00e9rio Turco-Otomano, embora sua popula\u00e7\u00e3o fosse composta de gregos, eslavos &#8211; de origem russa &#8211; e germ\u00e2nicos.&nbsp;<\/p>\n\n\n\n<p>Desde ent\u00e3o, o Imp\u00e9rio Turco-Otomano vinha perdendo for\u00e7a e territ\u00f3rios, por conta dos<strong> movimentos de independ\u00eancia dos pa\u00edses que o compunham<\/strong> como:<\/p>\n\n\n\n<ul class=\"wp-block-list\">\n<li>Gr\u00e9cia (1830);<\/li>\n\n\n\n<li>S\u00e9rvia, Bulg\u00e1ria, Rom\u00eania e Montenegro, todos em 1878; e&nbsp;<\/li>\n\n\n\n<li>Alb\u00e2nia (1912).&nbsp;<\/li>\n<\/ul>\n\n\n\n<p>Esses pa\u00edses passaram a ser disputados pelas pot\u00eancias da \u00e9poca que tinham como prerrogativa <strong>a prote\u00e7\u00e3o delas por meio de sua anexa\u00e7\u00e3o aos seus territ\u00f3rios.<\/strong><\/p>\n\n\n\n<p>Assim, tanto os pa\u00edses europeus mais poderosos, como o Imp\u00e9rio Russo e a Alemanha, que influenciavam as a\u00e7\u00f5es do Imp\u00e9rio Austro-H\u00fangaro, como os menos poderosos, como a S\u00e9rvia, que estava insuflada de movimentos nacionalistas em seus territ\u00f3rios, disputavam a anexa\u00e7\u00e3o territorial, sob o pretexto de prote\u00e7\u00e3o dos povos existentes nos B\u00e1lc\u00e3s. Essas ideologias eram chamadas de pan-eslavismo e pan-germanismo.&nbsp;<\/p>\n\n\n\n<p>A R\u00fassia possu\u00eda a pretens\u00e3o da hegemonia dos povos eslavos, seguindo o dogma do \u201cdireito\u201d e do \u201cdever\u201d natural de proteg\u00ea-los por ser considerada a<strong> \u201cGrande Irm\u00e3 Eslava\u201d.&nbsp;<\/strong><\/p>\n\n\n\n<p>J\u00e1 a Alemanha, que anexaria os b\u00e1lc\u00e3s ao territ\u00f3rio alem\u00e3o, reivindicava os antigos territ\u00f3rios que falassem a l\u00edngua germ\u00e2nica, compondo a <strong>\u201cGrande Alemanha\u201d<\/strong> do passado, reunindo \u201co povo mais capaz em todos os dom\u00ednios do saber e das belas-artes\u201d.&nbsp;<\/p>\n\n\n\n<h2 class=\"wp-block-heading\" id=\"h-a-corrida-armamentista-e-a-paz-armada-na-grande-guerra\"><span class=\"ez-toc-section\" id=\"A-corrida-armamentista-e-a-paz-armada-na-Grande-Guerra\"><\/span>A corrida armamentista e a paz armada na Grande Guerra<span class=\"ez-toc-section-end\"><\/span><\/h2>\n\n\n\n<p><strong>Sustentando a corrida imperialista e protegidos pela argumenta\u00e7\u00e3o nacionalista que servia para camuflar os principais interesses envolvidos<\/strong>, os pa\u00edses europeus passaram a preocupar-se com sua <strong>seguran\u00e7a interna, intensificando a prepara\u00e7\u00e3o de materiais b\u00e9licos.<\/strong>&nbsp;<\/p>\n\n\n\n<p>Em meio ao ambiente de rivalidades e tens\u00f5es, armaram e equiparam seus ex\u00e9rcitos para uma guerra iminente.<\/p>\n\n\n<div class=\"wp-block-image\">\n<figure class=\"aligncenter size-large\"><img decoding=\"async\" width=\"1024\" height=\"683\" src=\"https:\/\/militares.estrategia.com\/portal\/wp-content\/uploads\/2023\/03\/afghanistan-60666_1920-1024x683.jpg\" alt=\"\" class=\"wp-image-65511\" srcset=\"https:\/\/militares.estrategia.com\/portal\/wp-content\/uploads\/2023\/03\/afghanistan-60666_1920-1024x683.jpg 1024w, https:\/\/militares.estrategia.com\/portal\/wp-content\/uploads\/2023\/03\/afghanistan-60666_1920-768x512.jpg 768w, https:\/\/militares.estrategia.com\/portal\/wp-content\/uploads\/2023\/03\/afghanistan-60666_1920-1536x1024.jpg 1536w, https:\/\/militares.estrategia.com\/portal\/wp-content\/uploads\/2023\/03\/afghanistan-60666_1920-800x533.jpg 800w, https:\/\/militares.estrategia.com\/portal\/wp-content\/uploads\/2023\/03\/afghanistan-60666_1920-1160x773.jpg 1160w, https:\/\/militares.estrategia.com\/portal\/wp-content\/uploads\/2023\/03\/afghanistan-60666_1920.jpg 1920w\" sizes=\"(max-width: 1024px) 100vw, 1024px\" \/><\/figure><\/div>\n\n\n<p>Desde 1870, a ind\u00fastria de guerra cresceu assustadoramente e, no in\u00edcio do s\u00e9culo XX, a eclos\u00e3o de um conflito n\u00e3o seria surpresa para nenhum pa\u00eds. A essa situa\u00e7\u00e3o damos o nome de <strong>Paz Armada<\/strong>, ou seja, a manuten\u00e7\u00e3o da paz por meio da prepara\u00e7\u00e3o para a guerra.&nbsp;<\/p>\n\n\n\n<p>Em 1909, Paul Cambon, um diplomata franc\u00eas, afirmou:<\/p>\n\n\n\n<p>Apego-me \u00e0 paz, tanto quanto v\u00f3s. Creio, somente, que ser forte \u00e9 o melhor meio de garanti-la. Um pa\u00eds desfibrado est\u00e1 \u00e0 merc\u00ea do primeiro que chegar; um pa\u00eds armado, animado de esp\u00edrito militar e pronto para o combate, est\u00e1 certo de impor o respeito e evitar os horrores da guerra.<\/p>\n\n\n\n<h2 class=\"wp-block-heading\" id=\"h-a-politica-das-aliancas-a-triplice-alianca-e-a-triplice-entente\"><span class=\"ez-toc-section\" id=\"A-politica-das-aliancas-a-Triplice-Alianca-e-a-Triplice-Entente\"><\/span>A pol\u00edtica das alian\u00e7as, a Tr\u00edplice Alian\u00e7a e a Tr\u00edplice Entente<span class=\"ez-toc-section-end\"><\/span><\/h2>\n\n\n\n<p>Todos esses antagonismos entre as grandes pot\u00eancias estava de tal maneira agu\u00e7ados que as principais na\u00e7\u00f5es procuraram se <strong>organizar em blocos de sustenta\u00e7\u00e3o de suas atua\u00e7\u00f5es.&nbsp;<\/strong><\/p>\n\n\n\n<p>Os Estados, estimulados por uma concorr\u00eancia pol\u00edtica crescente, estabeleceram alian\u00e7as ofensivas e defensivas para evitar o isolamento, regular as suas diverg\u00eancias e neutralizar ou enfraquecer os rivais mais importantes.<strong> Os tratados de alian\u00e7a em geral possu\u00edam cl\u00e1usulas secretas.<\/strong><\/p>\n\n\n\n<p>Os v\u00e1rios acordos bilaterais e multilaterais desse per\u00edodo acabaram por resultar em dois sistemas de alian\u00e7as:&nbsp;<\/p>\n\n\n\n<ul class=\"wp-block-list\">\n<li>A <strong>Tr\u00edplice Alian\u00e7a<\/strong> (Alemanha, \u00c1ustria-Hungria e It\u00e1lia &#8211; a princ\u00edpio); e&nbsp;<\/li>\n\n\n\n<li>A <strong>Tr\u00edplice Entente <\/strong>(Inglaterra, Fran\u00e7a e R\u00fassia).&nbsp;<\/li>\n<\/ul>\n\n\n\n<p>No in\u00edcio do s\u00e9culo XX, existiam dois blocos antag\u00f4nicos e super armados de pa\u00edses que estavam prontos para entrar em guerra em resposta \u00e0 menor provoca\u00e7\u00e3o. <strong>O sistema de alian\u00e7as gerou um mecanismo t\u00e3o intrincado que bastava um incidente de menor import\u00e2ncia para provocar um conflito generalizado entre todas as pot\u00eancias.<\/strong><\/p>\n\n\n\n<p>Curtiu o artigo sobre as causas da Primeira Guerra e a pol\u00edtica de alian\u00e7as? Ent\u00e3o prepare-se para os concursos militares com o Estrat\u00e9gia Militares! Clique no banner abaixo e conhe\u00e7a o<strong> Banco de Quest\u00f5es do Estrat\u00e9gia Militares! <\/strong>S\u00e3o milhares de quest\u00f5es para voc\u00ea tornar seu sonho em realidade! Vem ser coruja!<\/p>\n\n\n\n<p><strong><a id=\"cta\" class=\"cta-imagem\" href=\"https:\/\/militares.estrategia.com\/curso\/banco-de-questes-anual\/\" target=\"blank\">\n                <img decoding=\"async\" width=\"100%\" src=\"https:\/\/militares.estrategia.com\/portal\/wp-content\/uploads\/2023\/02\/EM-Banco-de-Questoes.jpg\" alt=\"EM - Banco de Questo\u0303es\" title=\"EM - Banco de Questo\u0303es\">\n        <\/a><\/strong><\/p>\n\n\n\n\n\n<h2 class=\"wp-block-heading\"><span class=\"ez-toc-section\" id=\"Veja-tambem\"><\/span>Veja tamb\u00e9m:<span class=\"ez-toc-section-end\"><\/span><\/h2>\n\n\n\n<ul class=\"wp-block-list\">\n<li><a href=\"https:\/\/militares.estrategia.com\/portal\/materias-e-dicas\/historia\/primeira-guerra-mundial-saiba-mais-sobre-o-estopim-da-guerra\/\">Primeira Guerra Mundial: saiba mais sobre o estopim da guerra<\/a><\/li>\n\n\n\n<li><a href=\"https:\/\/militares.estrategia.com\/portal\/materias-e-dicas\/historia\/primeira-guerra-mundial-saiba-mais-sobre-os-antecedentes-e-a-belle-epoque\/\">Primeira Guerra Mundial: saiba mais sobre os antecedentes e a Belle \u00c9poque<\/a><\/li>\n\n\n\n<li><a href=\"https:\/\/militares.estrategia.com\/portal\/materias-e-dicas\/historia\/primeira-guerra-mundial-o-fim-do-conflito-e-a-paz-dos-vencedores\/\">Primeira Guerra Mundial: O fim do conflito e a paz dos vencedores<\/a><\/li>\n\n\n\n<li><a href=\"https:\/\/militares.estrategia.com\/portal\/materias-e-dicas\/historia\/primeira-guerra-mundial-saiba-mais-sobre-a-guerra-de-trincheiras\/\">Primeira Guerra Mundial: saiba mais sobre a guerra de trincheiras<\/a><\/li>\n<\/ul>\n","protected":false},"excerpt":{"rendered":"A Grande Guerra teve causas que foram se acumulando desde o s\u00e9culo XIX at\u00e9 a culmina\u00e7\u00e3o do conflito&hellip;\n","protected":false},"author":52,"featured_media":65533,"comment_status":"closed","ping_status":"closed","sticky":false,"template":"","format":"standard","meta":{"wl_entities_gutenberg":"","footnotes":""},"categories":[29],"tags":[58,64,162,167],"wl_entity_type":[187],"class_list":{"0":"post-65501","1":"post","2":"type-post","3":"status-publish","4":"format-standard","5":"has-post-thumbnail","7":"category-historia","8":"tag-fuzileironaval","9":"tag-marinhadobrasil","10":"tag-carreiramilitar","11":"tag-exercito","12":"wl_entity_type-article"},"acf":[],"yoast_head":"<!-- This site is optimized with the Yoast SEO Premium plugin v26.6 (Yoast SEO v26.6) - https:\/\/yoast.com\/wordpress\/plugins\/seo\/ -->\n<title>Primeira Guerra Mundial: as causas da Grande Guerra<\/title>\n<meta name=\"description\" content=\"A Grande Guerra teve como uma de suas causas o revanchismo franc\u00eas contra os alem\u00e3es. Confira aqui mais detalhes da Primeira Guerra!\" \/>\n<meta name=\"robots\" content=\"index, follow, max-snippet:-1, max-image-preview:large, max-video-preview:-1\" \/>\n<link rel=\"canonical\" href=\"https:\/\/militares.estrategia.com\/portal\/materias-e-dicas\/historia\/primeira-guerra-mundial-as-causas-da-grande-guerra\/\" \/>\n<meta property=\"og:locale\" content=\"pt_BR\" \/>\n<meta property=\"og:type\" content=\"article\" \/>\n<meta property=\"og:title\" content=\"Primeira Guerra Mundial: as causas da Grande Guerra\" \/>\n<meta property=\"og:description\" content=\"A Grande Guerra teve como uma de suas causas o revanchismo franc\u00eas contra os alem\u00e3es. Confira aqui mais detalhes da Primeira Guerra!\" \/>\n<meta property=\"og:url\" content=\"https:\/\/militares.estrategia.com\/portal\/materias-e-dicas\/historia\/primeira-guerra-mundial-as-causas-da-grande-guerra\/\" \/>\n<meta property=\"og:site_name\" content=\"Estrat\u00e9gia Militares\" \/>\n<meta property=\"article:publisher\" content=\"https:\/\/www.facebook.com\/EstrategiaMilitares\" \/>\n<meta property=\"article:published_time\" content=\"2023-03-29T19:27:22+00:00\" \/>\n<meta property=\"article:modified_time\" content=\"2023-04-05T19:17:02+00:00\" \/>\n<meta property=\"og:image\" content=\"https:\/\/cdn.blog.estrategiavestibulares.com.br\/vestibulares\/wp-content\/uploads\/2023\/03\/museums-victoria-Nv4pSgeuC3w-unsplash.jpg\" \/>\n\t<meta property=\"og:image:width\" content=\"1920\" \/>\n\t<meta property=\"og:image:height\" content=\"1189\" \/>\n\t<meta property=\"og:image:type\" content=\"image\/jpeg\" \/>\n<meta name=\"author\" content=\"Vin\u00edcius Brigolini\" \/>\n<meta name=\"twitter:card\" content=\"summary_large_image\" \/>\n<meta name=\"twitter:creator\" content=\"@estrategiamilit\" \/>\n<meta name=\"twitter:site\" content=\"@estrategiamilit\" \/>\n<meta name=\"twitter:label1\" content=\"Escrito por\" \/>\n\t<meta name=\"twitter:data1\" content=\"Vin\u00edcius Brigolini\" \/>\n\t<meta name=\"twitter:label2\" content=\"Est. tempo de leitura\" \/>\n\t<meta name=\"twitter:data2\" content=\"8 minutos\" \/>\n<script type=\"application\/ld+json\" class=\"yoast-schema-graph\">{\"@context\":\"https:\/\/schema.org\",\"@graph\":[{\"@type\":\"Article\",\"@id\":\"https:\/\/militares.estrategia.com\/portal\/materias-e-dicas\/historia\/primeira-guerra-mundial-as-causas-da-grande-guerra\/#article\",\"isPartOf\":{\"@id\":\"https:\/\/militares.estrategia.com\/portal\/materias-e-dicas\/historia\/primeira-guerra-mundial-as-causas-da-grande-guerra\/\"},\"author\":{\"name\":\"Vin\u00edcius Brigolini\",\"@id\":\"https:\/\/militares.estrategia.com\/portal\/#\/schema\/person\/6587b50abb02ffb0d1d0b50c12a6b317\"},\"headline\":\"Primeira Guerra Mundial: as causas da Grande Guerra\",\"datePublished\":\"2023-03-29T19:27:22+00:00\",\"dateModified\":\"2023-04-05T19:17:02+00:00\",\"mainEntityOfPage\":{\"@id\":\"https:\/\/militares.estrategia.com\/portal\/materias-e-dicas\/historia\/primeira-guerra-mundial-as-causas-da-grande-guerra\/\"},\"wordCount\":1548,\"publisher\":{\"@id\":\"https:\/\/militares.estrategia.com\/portal\/#organization\"},\"image\":{\"@id\":\"https:\/\/militares.estrategia.com\/portal\/materias-e-dicas\/historia\/primeira-guerra-mundial-as-causas-da-grande-guerra\/#primaryimage\"},\"thumbnailUrl\":\"https:\/\/militares.estrategia.com\/portal\/wp-content\/uploads\/2023\/03\/museums-victoria-Nv4pSgeuC3w-unsplash.jpg\",\"keywords\":[\"#fuzileironaval\",\"#marinhadobrasil\",\"carreiramilitar\",\"Ex\u00e9rcito\"],\"articleSection\":[\"Hist\u00f3ria\"],\"inLanguage\":\"pt-BR\"},{\"@type\":\"WebPage\",\"@id\":\"https:\/\/militares.estrategia.com\/portal\/materias-e-dicas\/historia\/primeira-guerra-mundial-as-causas-da-grande-guerra\/\",\"url\":\"https:\/\/militares.estrategia.com\/portal\/materias-e-dicas\/historia\/primeira-guerra-mundial-as-causas-da-grande-guerra\/\",\"name\":\"Primeira Guerra Mundial: as causas da Grande Guerra\",\"isPartOf\":{\"@id\":\"https:\/\/militares.estrategia.com\/portal\/#website\"},\"primaryImageOfPage\":{\"@id\":\"https:\/\/militares.estrategia.com\/portal\/materias-e-dicas\/historia\/primeira-guerra-mundial-as-causas-da-grande-guerra\/#primaryimage\"},\"image\":{\"@id\":\"https:\/\/militares.estrategia.com\/portal\/materias-e-dicas\/historia\/primeira-guerra-mundial-as-causas-da-grande-guerra\/#primaryimage\"},\"thumbnailUrl\":\"https:\/\/militares.estrategia.com\/portal\/wp-content\/uploads\/2023\/03\/museums-victoria-Nv4pSgeuC3w-unsplash.jpg\",\"datePublished\":\"2023-03-29T19:27:22+00:00\",\"dateModified\":\"2023-04-05T19:17:02+00:00\",\"description\":\"A Grande Guerra teve como uma de suas causas o revanchismo franc\u00eas contra os alem\u00e3es. Confira aqui mais detalhes da Primeira Guerra!\",\"breadcrumb\":{\"@id\":\"https:\/\/militares.estrategia.com\/portal\/materias-e-dicas\/historia\/primeira-guerra-mundial-as-causas-da-grande-guerra\/#breadcrumb\"},\"inLanguage\":\"pt-BR\",\"potentialAction\":[{\"@type\":\"ReadAction\",\"target\":[\"https:\/\/militares.estrategia.com\/portal\/materias-e-dicas\/historia\/primeira-guerra-mundial-as-causas-da-grande-guerra\/\"]}]},{\"@type\":\"ImageObject\",\"inLanguage\":\"pt-BR\",\"@id\":\"https:\/\/militares.estrategia.com\/portal\/materias-e-dicas\/historia\/primeira-guerra-mundial-as-causas-da-grande-guerra\/#primaryimage\",\"url\":\"https:\/\/militares.estrategia.com\/portal\/wp-content\/uploads\/2023\/03\/museums-victoria-Nv4pSgeuC3w-unsplash.jpg\",\"contentUrl\":\"https:\/\/militares.estrategia.com\/portal\/wp-content\/uploads\/2023\/03\/museums-victoria-Nv4pSgeuC3w-unsplash.jpg\",\"width\":1920,\"height\":1189,\"caption\":\"Militares na Grande Guerra\"},{\"@type\":\"BreadcrumbList\",\"@id\":\"https:\/\/militares.estrategia.com\/portal\/materias-e-dicas\/historia\/primeira-guerra-mundial-as-causas-da-grande-guerra\/#breadcrumb\",\"itemListElement\":[{\"@type\":\"ListItem\",\"position\":1,\"name\":\"Home\",\"item\":\"https:\/\/militares.estrategia.com\/portal\/\"},{\"@type\":\"ListItem\",\"position\":2,\"name\":\"Mat\u00e9rias e Dicas\",\"item\":\"https:\/\/militares.estrategia.com\/portal\/materias-e-dicas\/\"},{\"@type\":\"ListItem\",\"position\":3,\"name\":\"Hist\u00f3ria\",\"item\":\"https:\/\/militares.estrategia.com\/portal\/materias-e-dicas\/historia\/\"},{\"@type\":\"ListItem\",\"position\":4,\"name\":\"Primeira Guerra Mundial: as causas da Grande Guerra\"}]},{\"@type\":\"WebSite\",\"@id\":\"https:\/\/militares.estrategia.com\/portal\/#website\",\"url\":\"https:\/\/militares.estrategia.com\/portal\/\",\"name\":\"Estrat\u00e9gia Militares\",\"description\":\"\",\"publisher\":{\"@id\":\"https:\/\/militares.estrategia.com\/portal\/#organization\"},\"potentialAction\":[{\"@type\":\"SearchAction\",\"target\":{\"@type\":\"EntryPoint\",\"urlTemplate\":\"https:\/\/militares.estrategia.com\/portal\/?s={search_term_string}\"},\"query-input\":{\"@type\":\"PropertyValueSpecification\",\"valueRequired\":true,\"valueName\":\"search_term_string\"}}],\"inLanguage\":\"pt-BR\"},{\"@type\":\"Organization\",\"@id\":\"https:\/\/militares.estrategia.com\/portal\/#organization\",\"name\":\"Estrat\u00e9gia Militares\",\"url\":\"https:\/\/militares.estrategia.com\/portal\/\",\"logo\":{\"@type\":\"ImageObject\",\"inLanguage\":\"pt-BR\",\"@id\":\"https:\/\/militares.estrategia.com\/portal\/#\/schema\/logo\/image\/\",\"url\":\"https:\/\/militares.estrategia.com\/portal\/wp-content\/uploads\/2021\/10\/logo-militares.webp\",\"contentUrl\":\"https:\/\/militares.estrategia.com\/portal\/wp-content\/uploads\/2021\/10\/logo-militares.webp\",\"width\":346,\"height\":90,\"caption\":\"Estrat\u00e9gia Militares\"},\"image\":{\"@id\":\"https:\/\/militares.estrategia.com\/portal\/#\/schema\/logo\/image\/\"},\"sameAs\":[\"https:\/\/www.facebook.com\/EstrategiaMilitares\",\"https:\/\/x.com\/estrategiamilit\",\"https:\/\/www.instagram.com\/estrategiamilitares\/\",\"https:\/\/www.youtube.com\/channel\/UCRG_9hakCqXxnj_8TqCdgTA\"]},{\"@type\":\"Person\",\"@id\":\"https:\/\/militares.estrategia.com\/portal\/#\/schema\/person\/6587b50abb02ffb0d1d0b50c12a6b317\",\"name\":\"Vin\u00edcius Brigolini\",\"image\":{\"@type\":\"ImageObject\",\"inLanguage\":\"pt-BR\",\"@id\":\"https:\/\/militares.estrategia.com\/portal\/#\/schema\/person\/image\/\",\"url\":\"https:\/\/militares.estrategia.com\/portal\/wp-content\/uploads\/2021\/08\/Sem-titulo-150x150.jpg\",\"contentUrl\":\"https:\/\/militares.estrategia.com\/portal\/wp-content\/uploads\/2021\/08\/Sem-titulo-150x150.jpg\",\"caption\":\"Vin\u00edcius Brigolini\"},\"description\":\"Membro da turma Carcar\u00e1 de 2017 da For\u00e7a A\u00e9rea Brasileira. \u00c9 apaixonado pela avia\u00e7\u00e3o e pelo mundo militar!\",\"sameAs\":[\"https:\/\/www.instagram.com\/viniciusbgn\/\"],\"url\":\"https:\/\/militares.estrategia.com\/portal\/author\/vinicius-souza\/\"}]}<\/script>\n<!-- \/ Yoast SEO Premium plugin. -->","yoast_head_json":{"title":"Primeira Guerra Mundial: as causas da Grande Guerra","description":"A Grande Guerra teve como uma de suas causas o revanchismo franc\u00eas contra os alem\u00e3es. Confira aqui mais detalhes da Primeira Guerra!","robots":{"index":"index","follow":"follow","max-snippet":"max-snippet:-1","max-image-preview":"max-image-preview:large","max-video-preview":"max-video-preview:-1"},"canonical":"https:\/\/militares.estrategia.com\/portal\/materias-e-dicas\/historia\/primeira-guerra-mundial-as-causas-da-grande-guerra\/","og_locale":"pt_BR","og_type":"article","og_title":"Primeira Guerra Mundial: as causas da Grande Guerra","og_description":"A Grande Guerra teve como uma de suas causas o revanchismo franc\u00eas contra os alem\u00e3es. Confira aqui mais detalhes da Primeira Guerra!","og_url":"https:\/\/militares.estrategia.com\/portal\/materias-e-dicas\/historia\/primeira-guerra-mundial-as-causas-da-grande-guerra\/","og_site_name":"Estrat\u00e9gia Militares","article_publisher":"https:\/\/www.facebook.com\/EstrategiaMilitares","article_published_time":"2023-03-29T19:27:22+00:00","article_modified_time":"2023-04-05T19:17:02+00:00","og_image":[{"width":1920,"height":1189,"url":"https:\/\/cdn.blog.estrategiavestibulares.com.br\/vestibulares\/wp-content\/uploads\/2023\/03\/museums-victoria-Nv4pSgeuC3w-unsplash.jpg","type":"image\/jpeg"}],"author":"Vin\u00edcius Brigolini","twitter_card":"summary_large_image","twitter_creator":"@estrategiamilit","twitter_site":"@estrategiamilit","twitter_misc":{"Escrito por":"Vin\u00edcius Brigolini","Est. tempo de leitura":"8 minutos"},"schema":{"@context":"https:\/\/schema.org","@graph":[{"@type":"Article","@id":"https:\/\/militares.estrategia.com\/portal\/materias-e-dicas\/historia\/primeira-guerra-mundial-as-causas-da-grande-guerra\/#article","isPartOf":{"@id":"https:\/\/militares.estrategia.com\/portal\/materias-e-dicas\/historia\/primeira-guerra-mundial-as-causas-da-grande-guerra\/"},"author":{"name":"Vin\u00edcius Brigolini","@id":"https:\/\/militares.estrategia.com\/portal\/#\/schema\/person\/6587b50abb02ffb0d1d0b50c12a6b317"},"headline":"Primeira Guerra Mundial: as causas da Grande Guerra","datePublished":"2023-03-29T19:27:22+00:00","dateModified":"2023-04-05T19:17:02+00:00","mainEntityOfPage":{"@id":"https:\/\/militares.estrategia.com\/portal\/materias-e-dicas\/historia\/primeira-guerra-mundial-as-causas-da-grande-guerra\/"},"wordCount":1548,"publisher":{"@id":"https:\/\/militares.estrategia.com\/portal\/#organization"},"image":{"@id":"https:\/\/militares.estrategia.com\/portal\/materias-e-dicas\/historia\/primeira-guerra-mundial-as-causas-da-grande-guerra\/#primaryimage"},"thumbnailUrl":"https:\/\/militares.estrategia.com\/portal\/wp-content\/uploads\/2023\/03\/museums-victoria-Nv4pSgeuC3w-unsplash.jpg","keywords":["#fuzileironaval","#marinhadobrasil","carreiramilitar","Ex\u00e9rcito"],"articleSection":["Hist\u00f3ria"],"inLanguage":"pt-BR"},{"@type":"WebPage","@id":"https:\/\/militares.estrategia.com\/portal\/materias-e-dicas\/historia\/primeira-guerra-mundial-as-causas-da-grande-guerra\/","url":"https:\/\/militares.estrategia.com\/portal\/materias-e-dicas\/historia\/primeira-guerra-mundial-as-causas-da-grande-guerra\/","name":"Primeira Guerra Mundial: as causas da Grande Guerra","isPartOf":{"@id":"https:\/\/militares.estrategia.com\/portal\/#website"},"primaryImageOfPage":{"@id":"https:\/\/militares.estrategia.com\/portal\/materias-e-dicas\/historia\/primeira-guerra-mundial-as-causas-da-grande-guerra\/#primaryimage"},"image":{"@id":"https:\/\/militares.estrategia.com\/portal\/materias-e-dicas\/historia\/primeira-guerra-mundial-as-causas-da-grande-guerra\/#primaryimage"},"thumbnailUrl":"https:\/\/militares.estrategia.com\/portal\/wp-content\/uploads\/2023\/03\/museums-victoria-Nv4pSgeuC3w-unsplash.jpg","datePublished":"2023-03-29T19:27:22+00:00","dateModified":"2023-04-05T19:17:02+00:00","description":"A Grande Guerra teve como uma de suas causas o revanchismo franc\u00eas contra os alem\u00e3es. Confira aqui mais detalhes da Primeira Guerra!","breadcrumb":{"@id":"https:\/\/militares.estrategia.com\/portal\/materias-e-dicas\/historia\/primeira-guerra-mundial-as-causas-da-grande-guerra\/#breadcrumb"},"inLanguage":"pt-BR","potentialAction":[{"@type":"ReadAction","target":["https:\/\/militares.estrategia.com\/portal\/materias-e-dicas\/historia\/primeira-guerra-mundial-as-causas-da-grande-guerra\/"]}]},{"@type":"ImageObject","inLanguage":"pt-BR","@id":"https:\/\/militares.estrategia.com\/portal\/materias-e-dicas\/historia\/primeira-guerra-mundial-as-causas-da-grande-guerra\/#primaryimage","url":"https:\/\/militares.estrategia.com\/portal\/wp-content\/uploads\/2023\/03\/museums-victoria-Nv4pSgeuC3w-unsplash.jpg","contentUrl":"https:\/\/militares.estrategia.com\/portal\/wp-content\/uploads\/2023\/03\/museums-victoria-Nv4pSgeuC3w-unsplash.jpg","width":1920,"height":1189,"caption":"Militares na Grande Guerra"},{"@type":"BreadcrumbList","@id":"https:\/\/militares.estrategia.com\/portal\/materias-e-dicas\/historia\/primeira-guerra-mundial-as-causas-da-grande-guerra\/#breadcrumb","itemListElement":[{"@type":"ListItem","position":1,"name":"Home","item":"https:\/\/militares.estrategia.com\/portal\/"},{"@type":"ListItem","position":2,"name":"Mat\u00e9rias e Dicas","item":"https:\/\/militares.estrategia.com\/portal\/materias-e-dicas\/"},{"@type":"ListItem","position":3,"name":"Hist\u00f3ria","item":"https:\/\/militares.estrategia.com\/portal\/materias-e-dicas\/historia\/"},{"@type":"ListItem","position":4,"name":"Primeira Guerra Mundial: as causas da Grande Guerra"}]},{"@type":"WebSite","@id":"https:\/\/militares.estrategia.com\/portal\/#website","url":"https:\/\/militares.estrategia.com\/portal\/","name":"Estrat\u00e9gia Militares","description":"","publisher":{"@id":"https:\/\/militares.estrategia.com\/portal\/#organization"},"potentialAction":[{"@type":"SearchAction","target":{"@type":"EntryPoint","urlTemplate":"https:\/\/militares.estrategia.com\/portal\/?s={search_term_string}"},"query-input":{"@type":"PropertyValueSpecification","valueRequired":true,"valueName":"search_term_string"}}],"inLanguage":"pt-BR"},{"@type":"Organization","@id":"https:\/\/militares.estrategia.com\/portal\/#organization","name":"Estrat\u00e9gia Militares","url":"https:\/\/militares.estrategia.com\/portal\/","logo":{"@type":"ImageObject","inLanguage":"pt-BR","@id":"https:\/\/militares.estrategia.com\/portal\/#\/schema\/logo\/image\/","url":"https:\/\/militares.estrategia.com\/portal\/wp-content\/uploads\/2021\/10\/logo-militares.webp","contentUrl":"https:\/\/militares.estrategia.com\/portal\/wp-content\/uploads\/2021\/10\/logo-militares.webp","width":346,"height":90,"caption":"Estrat\u00e9gia Militares"},"image":{"@id":"https:\/\/militares.estrategia.com\/portal\/#\/schema\/logo\/image\/"},"sameAs":["https:\/\/www.facebook.com\/EstrategiaMilitares","https:\/\/x.com\/estrategiamilit","https:\/\/www.instagram.com\/estrategiamilitares\/","https:\/\/www.youtube.com\/channel\/UCRG_9hakCqXxnj_8TqCdgTA"]},{"@type":"Person","@id":"https:\/\/militares.estrategia.com\/portal\/#\/schema\/person\/6587b50abb02ffb0d1d0b50c12a6b317","name":"Vin\u00edcius Brigolini","image":{"@type":"ImageObject","inLanguage":"pt-BR","@id":"https:\/\/militares.estrategia.com\/portal\/#\/schema\/person\/image\/","url":"https:\/\/militares.estrategia.com\/portal\/wp-content\/uploads\/2021\/08\/Sem-titulo-150x150.jpg","contentUrl":"https:\/\/militares.estrategia.com\/portal\/wp-content\/uploads\/2021\/08\/Sem-titulo-150x150.jpg","caption":"Vin\u00edcius Brigolini"},"description":"Membro da turma Carcar\u00e1 de 2017 da For\u00e7a A\u00e9rea Brasileira. \u00c9 apaixonado pela avia\u00e7\u00e3o e pelo mundo militar!","sameAs":["https:\/\/www.instagram.com\/viniciusbgn\/"],"url":"https:\/\/militares.estrategia.com\/portal\/author\/vinicius-souza\/"}]}},"_wl_alt_label":[],"wl:entity_url":"https:\/\/data.wordlift.io\/wl110246\/post\/primeira-guerra-mundial-saiba-mais-sobre-as-causas-da-grande-guerra-65501","_links":{"self":[{"href":"https:\/\/militares.estrategia.com\/portal\/wp-json\/wp\/v2\/posts\/65501","targetHints":{"allow":["GET"]}}],"collection":[{"href":"https:\/\/militares.estrategia.com\/portal\/wp-json\/wp\/v2\/posts"}],"about":[{"href":"https:\/\/militares.estrategia.com\/portal\/wp-json\/wp\/v2\/types\/post"}],"author":[{"embeddable":true,"href":"https:\/\/militares.estrategia.com\/portal\/wp-json\/wp\/v2\/users\/52"}],"replies":[{"embeddable":true,"href":"https:\/\/militares.estrategia.com\/portal\/wp-json\/wp\/v2\/comments?post=65501"}],"version-history":[{"count":3,"href":"https:\/\/militares.estrategia.com\/portal\/wp-json\/wp\/v2\/posts\/65501\/revisions"}],"predecessor-version":[{"id":65841,"href":"https:\/\/militares.estrategia.com\/portal\/wp-json\/wp\/v2\/posts\/65501\/revisions\/65841"}],"wp:featuredmedia":[{"embeddable":true,"href":"https:\/\/militares.estrategia.com\/portal\/wp-json\/wp\/v2\/media\/65533"}],"wp:attachment":[{"href":"https:\/\/militares.estrategia.com\/portal\/wp-json\/wp\/v2\/media?parent=65501"}],"wp:term":[{"taxonomy":"category","embeddable":true,"href":"https:\/\/militares.estrategia.com\/portal\/wp-json\/wp\/v2\/categories?post=65501"},{"taxonomy":"post_tag","embeddable":true,"href":"https:\/\/militares.estrategia.com\/portal\/wp-json\/wp\/v2\/tags?post=65501"},{"taxonomy":"wl_entity_type","embeddable":true,"href":"https:\/\/militares.estrategia.com\/portal\/wp-json\/wp\/v2\/wl_entity_type?post=65501"}],"curies":[{"name":"wp","href":"https:\/\/api.w.org\/{rel}","templated":true}]}}