{"id":64803,"date":"2023-03-10T14:45:18","date_gmt":"2023-03-10T17:45:18","guid":{"rendered":"https:\/\/militares.estrategia.com\/portal\/?p=64803"},"modified":"2023-03-10T14:55:33","modified_gmt":"2023-03-10T17:55:33","slug":"afa-2024-as-inscricoes-estao-abertas-ate-27-03","status":"publish","type":"post","link":"https:\/\/militares.estrategia.com\/portal\/noticias\/afa-2024-as-inscricoes-estao-abertas-ate-27-03\/","title":{"rendered":"AFA 2024: as inscri\u00e7\u00f5es est\u00e3o abertas at\u00e9 27\/03!"},"content":{"rendered":"\n<p>As inscri\u00e7\u00f5es para o <a href=\"https:\/\/militares.estrategia.com\/portal\/noticias\/edital-afa-2024\/\" target=\"_blank\" >Concurso AFA 2024<\/a> est\u00e3o abertas! Elas come\u00e7aram nesta sexta-feira, dia 10 de mar\u00e7o, e v\u00e3o at\u00e9 o dia 27 do mesmo m\u00eas. Nesta edi\u00e7\u00e3o 2024 do seletivo, a For\u00e7a A\u00e9rea Brasileira est\u00e1 oferecendo 25 vagas, divididas entre os cursos de Avia\u00e7\u00e3o, Intend\u00eancia e Infantaria.<\/p>\n\n\n\n<p>Para fazer a inscri\u00e7\u00e3o, \u00e9 preciso preencher o Formul\u00e1rio de Solicita\u00e7\u00e3o de Inscri\u00e7\u00e3o (FSI) no site do concurso, a partir das 10 h de 10 de mar\u00e7o, at\u00e9 as 09 h do dia 27, no hor\u00e1rio de Bras\u00edlia. Al\u00e9m de se inscrever, o candidato tamb\u00e9m precisa pagar a taxa de inscri\u00e7\u00e3o de R$ 90,00 at\u00e9 o dia 04 de abril de 2023.<\/p>\n\n\n\n<p>Para realizar as inscri\u00e7\u00f5es, \u00e9 preciso: <\/p>\n\n\n\n<p>a) ser volunt\u00e1rio;<br>b) estar ciente de todas as normas e condi\u00e7\u00f5es estabelecidas nestas Instru\u00e7\u00f5es Espec\u00edficas para habilita\u00e7\u00e3o \u00e0 futura matr\u00edcula;<br>c) se menor de 18 (dezoito) anos de idade, estar autorizado por seu respons\u00e1vel legal para realizar as Provas Escritas e, se convocado para prosseguimento no Exame, estar autorizado a participar das etapas subsequentes de Inspe\u00e7\u00e3o de Sa\u00fade (INSPSAU), Exame de Aptid\u00e3o Psicol\u00f3gica (EAP), Teste de Avalia\u00e7\u00e3o do Condicionamento F\u00edsico (TACF) e, para os optantes, a realiza\u00e7\u00e3o do Procedimento de Heteroidentifica\u00e7\u00e3o Complementar (PHC);<br>d) inscrever-se por meio do Formul\u00e1rio de Solicita\u00e7\u00e3o de Inscri\u00e7\u00e3o (FSI); e<br>e) pagar a taxa de inscri\u00e7\u00e3o, dentro do prazo previsto.<\/p>\n\n\n\n<p>\u00c9 poss\u00edvel solicitar a isen\u00e7\u00e3o da taxa de inscri\u00e7\u00f5es entre os dias 10 e 27 de mar\u00e7o. Para isso, o candidato precisa ser inscrito no Cadastro \u00danico (Cad\u00danico) para Programas Sociais do Governo Federal e\/ou inscritos no REDOME como doador de medula \u00f3ssea.<\/p>\n\n\n\n<p>Quer se tornar um militar da For\u00e7a A\u00e9rea Brasileira? Ent\u00e3o, conhe\u00e7a os cursos do Estrat\u00e9gia Militares! Nosso material \u00e9 totalmente voltado para os editais dos concursos das For\u00e7as Armadas. Clique no banner e conhe\u00e7a nossos cursos para a AFA!  <\/p>\n\n\n\n<p><\/p>\n\n\n","protected":false},"excerpt":{"rendered":"As inscri\u00e7\u00f5es para o Concurso AFA 2024 est\u00e3o abertas! Elas come\u00e7aram nesta sexta-feira, dia 10 de mar\u00e7o, e&hellip;\n","protected":false},"author":58,"featured_media":58082,"comment_status":"closed","ping_status":"closed","sticky":false,"template":"","format":"standard","meta":{"wl_entities_gutenberg":"","footnotes":""},"categories":[36],"tags":[33,162,161,271],"wl_entity_type":[187],"class_list":{"0":"post-64803","1":"post","2":"type-post","3":"status-publish","4":"format-standard","5":"has-post-thumbnail","7":"category-noticias","8":"tag-afa","9":"tag-carreiramilitar","10":"tag-concursosmilitares","11":"tag-fab","12":"wl_entity_type-article"},"acf":[],"yoast_head":"<!-- This site is optimized with the Yoast SEO Premium plugin v26.6 (Yoast SEO v26.6) - https:\/\/yoast.com\/wordpress\/plugins\/seo\/ -->\n<title>AFA 2024: as inscri\u00e7\u00f5es est\u00e3o abertas at\u00e9 27\/03!<\/title>\n<meta name=\"description\" content=\"As inscri\u00e7\u00f5es para o Concurso AFA 2024 come\u00e7aram! Elas poder\u00e3o ser feitas entre os dias 10 e 27 de mar\u00e7o! Confira!\" \/>\n<meta name=\"robots\" content=\"index, follow, max-snippet:-1, max-image-preview:large, max-video-preview:-1\" \/>\n<link rel=\"canonical\" href=\"https:\/\/militares.estrategia.com\/portal\/noticias\/afa-2024-as-inscricoes-estao-abertas-ate-27-03\/\" \/>\n<meta property=\"og:locale\" content=\"pt_BR\" \/>\n<meta property=\"og:type\" content=\"article\" \/>\n<meta property=\"og:title\" content=\"AFA 2024: as inscri\u00e7\u00f5es est\u00e3o abertas at\u00e9 27\/03!\" \/>\n<meta property=\"og:description\" content=\"As inscri\u00e7\u00f5es para o Concurso AFA 2024 come\u00e7aram! Elas poder\u00e3o ser feitas entre os dias 10 e 27 de mar\u00e7o! Confira!\" \/>\n<meta property=\"og:url\" content=\"https:\/\/militares.estrategia.com\/portal\/noticias\/afa-2024-as-inscricoes-estao-abertas-ate-27-03\/\" \/>\n<meta property=\"og:site_name\" content=\"Estrat\u00e9gia Militares\" \/>\n<meta property=\"article:publisher\" content=\"https:\/\/www.facebook.com\/EstrategiaMilitares\" \/>\n<meta property=\"article:published_time\" content=\"2023-03-10T17:45:18+00:00\" \/>\n<meta property=\"article:modified_time\" content=\"2023-03-10T17:55:33+00:00\" \/>\n<meta property=\"og:image\" content=\"https:\/\/cdn.blog.estrategiavestibulares.com.br\/vestibulares\/wp-content\/uploads\/2022\/08\/Capa_BLOG_AFA.jpg\" \/>\n\t<meta property=\"og:image:width\" content=\"1200\" \/>\n\t<meta property=\"og:image:height\" content=\"676\" \/>\n\t<meta property=\"og:image:type\" content=\"image\/jpeg\" \/>\n<meta name=\"author\" content=\"Vanesca Soares\" \/>\n<meta name=\"twitter:card\" content=\"summary_large_image\" \/>\n<meta name=\"twitter:creator\" content=\"@estrategiamilit\" \/>\n<meta name=\"twitter:site\" content=\"@estrategiamilit\" \/>\n<meta name=\"twitter:label1\" content=\"Escrito por\" \/>\n\t<meta name=\"twitter:data1\" content=\"Vanesca Soares\" \/>\n\t<meta name=\"twitter:label2\" content=\"Est. tempo de leitura\" \/>\n\t<meta name=\"twitter:data2\" content=\"2 minutos\" \/>\n<script type=\"application\/ld+json\" class=\"yoast-schema-graph\">{\"@context\":\"https:\/\/schema.org\",\"@graph\":[{\"@type\":\"NewsArticle\",\"@id\":\"https:\/\/militares.estrategia.com\/portal\/noticias\/afa-2024-as-inscricoes-estao-abertas-ate-27-03\/#article\",\"isPartOf\":{\"@id\":\"https:\/\/militares.estrategia.com\/portal\/noticias\/afa-2024-as-inscricoes-estao-abertas-ate-27-03\/\"},\"author\":{\"name\":\"Vanesca Soares\",\"@id\":\"https:\/\/militares.estrategia.com\/portal\/#\/schema\/person\/5cfd387108cd0cdefab7eea7a9735dcc\"},\"headline\":\"AFA 2024: as inscri\u00e7\u00f5es est\u00e3o abertas at\u00e9 27\/03!\",\"datePublished\":\"2023-03-10T17:45:18+00:00\",\"dateModified\":\"2023-03-10T17:55:33+00:00\",\"mainEntityOfPage\":{\"@id\":\"https:\/\/militares.estrategia.com\/portal\/noticias\/afa-2024-as-inscricoes-estao-abertas-ate-27-03\/\"},\"wordCount\":345,\"publisher\":{\"@id\":\"https:\/\/militares.estrategia.com\/portal\/#organization\"},\"image\":{\"@id\":\"https:\/\/militares.estrategia.com\/portal\/noticias\/afa-2024-as-inscricoes-estao-abertas-ate-27-03\/#primaryimage\"},\"thumbnailUrl\":\"https:\/\/militares.estrategia.com\/portal\/wp-content\/uploads\/2022\/08\/Capa_BLOG_AFA.jpg\",\"keywords\":[\"AFA\",\"carreiramilitar\",\"ConcursosMilitares\",\"FAB\"],\"articleSection\":[\"Not\u00edcias\"],\"inLanguage\":\"pt-BR\"},{\"@type\":\"WebPage\",\"@id\":\"https:\/\/militares.estrategia.com\/portal\/noticias\/afa-2024-as-inscricoes-estao-abertas-ate-27-03\/\",\"url\":\"https:\/\/militares.estrategia.com\/portal\/noticias\/afa-2024-as-inscricoes-estao-abertas-ate-27-03\/\",\"name\":\"AFA 2024: as inscri\u00e7\u00f5es est\u00e3o abertas at\u00e9 27\/03!\",\"isPartOf\":{\"@id\":\"https:\/\/militares.estrategia.com\/portal\/#website\"},\"primaryImageOfPage\":{\"@id\":\"https:\/\/militares.estrategia.com\/portal\/noticias\/afa-2024-as-inscricoes-estao-abertas-ate-27-03\/#primaryimage\"},\"image\":{\"@id\":\"https:\/\/militares.estrategia.com\/portal\/noticias\/afa-2024-as-inscricoes-estao-abertas-ate-27-03\/#primaryimage\"},\"thumbnailUrl\":\"https:\/\/militares.estrategia.com\/portal\/wp-content\/uploads\/2022\/08\/Capa_BLOG_AFA.jpg\",\"datePublished\":\"2023-03-10T17:45:18+00:00\",\"dateModified\":\"2023-03-10T17:55:33+00:00\",\"description\":\"As inscri\u00e7\u00f5es para o Concurso AFA 2024 come\u00e7aram! Elas poder\u00e3o ser feitas entre os dias 10 e 27 de mar\u00e7o! Confira!\",\"breadcrumb\":{\"@id\":\"https:\/\/militares.estrategia.com\/portal\/noticias\/afa-2024-as-inscricoes-estao-abertas-ate-27-03\/#breadcrumb\"},\"inLanguage\":\"pt-BR\",\"potentialAction\":[{\"@type\":\"ReadAction\",\"target\":[\"https:\/\/militares.estrategia.com\/portal\/noticias\/afa-2024-as-inscricoes-estao-abertas-ate-27-03\/\"]}]},{\"@type\":\"ImageObject\",\"inLanguage\":\"pt-BR\",\"@id\":\"https:\/\/militares.estrategia.com\/portal\/noticias\/afa-2024-as-inscricoes-estao-abertas-ate-27-03\/#primaryimage\",\"url\":\"https:\/\/militares.estrategia.com\/portal\/wp-content\/uploads\/2022\/08\/Capa_BLOG_AFA.jpg\",\"contentUrl\":\"https:\/\/militares.estrategia.com\/portal\/wp-content\/uploads\/2022\/08\/Capa_BLOG_AFA.jpg\",\"width\":1200,\"height\":676},{\"@type\":\"BreadcrumbList\",\"@id\":\"https:\/\/militares.estrategia.com\/portal\/noticias\/afa-2024-as-inscricoes-estao-abertas-ate-27-03\/#breadcrumb\",\"itemListElement\":[{\"@type\":\"ListItem\",\"position\":1,\"name\":\"Home\",\"item\":\"https:\/\/militares.estrategia.com\/portal\/\"},{\"@type\":\"ListItem\",\"position\":2,\"name\":\"Not\u00edcias\",\"item\":\"https:\/\/militares.estrategia.com\/portal\/noticias\/\"},{\"@type\":\"ListItem\",\"position\":3,\"name\":\"AFA 2024: as inscri\u00e7\u00f5es est\u00e3o abertas at\u00e9 27\/03!\"}]},{\"@type\":\"WebSite\",\"@id\":\"https:\/\/militares.estrategia.com\/portal\/#website\",\"url\":\"https:\/\/militares.estrategia.com\/portal\/\",\"name\":\"Estrat\u00e9gia Militares\",\"description\":\"\",\"publisher\":{\"@id\":\"https:\/\/militares.estrategia.com\/portal\/#organization\"},\"potentialAction\":[{\"@type\":\"SearchAction\",\"target\":{\"@type\":\"EntryPoint\",\"urlTemplate\":\"https:\/\/militares.estrategia.com\/portal\/?s={search_term_string}\"},\"query-input\":{\"@type\":\"PropertyValueSpecification\",\"valueRequired\":true,\"valueName\":\"search_term_string\"}}],\"inLanguage\":\"pt-BR\"},{\"@type\":\"Organization\",\"@id\":\"https:\/\/militares.estrategia.com\/portal\/#organization\",\"name\":\"Estrat\u00e9gia Militares\",\"url\":\"https:\/\/militares.estrategia.com\/portal\/\",\"logo\":{\"@type\":\"ImageObject\",\"inLanguage\":\"pt-BR\",\"@id\":\"https:\/\/militares.estrategia.com\/portal\/#\/schema\/logo\/image\/\",\"url\":\"https:\/\/militares.estrategia.com\/portal\/wp-content\/uploads\/2021\/10\/logo-militares.webp\",\"contentUrl\":\"https:\/\/militares.estrategia.com\/portal\/wp-content\/uploads\/2021\/10\/logo-militares.webp\",\"width\":346,\"height\":90,\"caption\":\"Estrat\u00e9gia Militares\"},\"image\":{\"@id\":\"https:\/\/militares.estrategia.com\/portal\/#\/schema\/logo\/image\/\"},\"sameAs\":[\"https:\/\/www.facebook.com\/EstrategiaMilitares\",\"https:\/\/x.com\/estrategiamilit\",\"https:\/\/www.instagram.com\/estrategiamilitares\/\",\"https:\/\/www.youtube.com\/channel\/UCRG_9hakCqXxnj_8TqCdgTA\"]},{\"@type\":\"Person\",\"@id\":\"https:\/\/militares.estrategia.com\/portal\/#\/schema\/person\/5cfd387108cd0cdefab7eea7a9735dcc\",\"name\":\"Vanesca Soares\",\"image\":{\"@type\":\"ImageObject\",\"inLanguage\":\"pt-BR\",\"@id\":\"https:\/\/militares.estrategia.com\/portal\/#\/schema\/person\/image\/\",\"url\":\"https:\/\/militares.estrategia.com\/portal\/wp-content\/uploads\/2021\/10\/FB_IMG_1634215702135-150x150.webp\",\"contentUrl\":\"https:\/\/militares.estrategia.com\/portal\/wp-content\/uploads\/2021\/10\/FB_IMG_1634215702135-150x150.webp\",\"caption\":\"Vanesca Soares\"},\"description\":\"Vanesca Soares foi Primeiro Tenente da Marinha do Brasil. Jornalista de forma\u00e7\u00e3o, ama todas as artes, principalmente a Literatura e o Cinema. Capaz de ficar em casa lendo um bom livro ao inv\u00e9s de ir para a balada, entende que ler \u00e9 uma grande viagem. Ama filmes hist\u00f3ricos, biografias, drama, thrillers, terror e tudo sobre os anos 1980. Principalmente a m\u00fasica!\",\"url\":\"https:\/\/militares.estrategia.com\/portal\/author\/vanesca-soares\/\"}]}<\/script>\n<!-- \/ Yoast SEO Premium plugin. -->","yoast_head_json":{"title":"AFA 2024: as inscri\u00e7\u00f5es est\u00e3o abertas at\u00e9 27\/03!","description":"As inscri\u00e7\u00f5es para o Concurso AFA 2024 come\u00e7aram! Elas poder\u00e3o ser feitas entre os dias 10 e 27 de mar\u00e7o! Confira!","robots":{"index":"index","follow":"follow","max-snippet":"max-snippet:-1","max-image-preview":"max-image-preview:large","max-video-preview":"max-video-preview:-1"},"canonical":"https:\/\/militares.estrategia.com\/portal\/noticias\/afa-2024-as-inscricoes-estao-abertas-ate-27-03\/","og_locale":"pt_BR","og_type":"article","og_title":"AFA 2024: as inscri\u00e7\u00f5es est\u00e3o abertas at\u00e9 27\/03!","og_description":"As inscri\u00e7\u00f5es para o Concurso AFA 2024 come\u00e7aram! Elas poder\u00e3o ser feitas entre os dias 10 e 27 de mar\u00e7o! Confira!","og_url":"https:\/\/militares.estrategia.com\/portal\/noticias\/afa-2024-as-inscricoes-estao-abertas-ate-27-03\/","og_site_name":"Estrat\u00e9gia Militares","article_publisher":"https:\/\/www.facebook.com\/EstrategiaMilitares","article_published_time":"2023-03-10T17:45:18+00:00","article_modified_time":"2023-03-10T17:55:33+00:00","og_image":[{"width":1200,"height":676,"url":"https:\/\/cdn.blog.estrategiavestibulares.com.br\/vestibulares\/wp-content\/uploads\/2022\/08\/Capa_BLOG_AFA.jpg","type":"image\/jpeg"}],"author":"Vanesca Soares","twitter_card":"summary_large_image","twitter_creator":"@estrategiamilit","twitter_site":"@estrategiamilit","twitter_misc":{"Escrito por":"Vanesca Soares","Est. tempo de leitura":"2 minutos"},"schema":{"@context":"https:\/\/schema.org","@graph":[{"@type":"NewsArticle","@id":"https:\/\/militares.estrategia.com\/portal\/noticias\/afa-2024-as-inscricoes-estao-abertas-ate-27-03\/#article","isPartOf":{"@id":"https:\/\/militares.estrategia.com\/portal\/noticias\/afa-2024-as-inscricoes-estao-abertas-ate-27-03\/"},"author":{"name":"Vanesca Soares","@id":"https:\/\/militares.estrategia.com\/portal\/#\/schema\/person\/5cfd387108cd0cdefab7eea7a9735dcc"},"headline":"AFA 2024: as inscri\u00e7\u00f5es est\u00e3o abertas at\u00e9 27\/03!","datePublished":"2023-03-10T17:45:18+00:00","dateModified":"2023-03-10T17:55:33+00:00","mainEntityOfPage":{"@id":"https:\/\/militares.estrategia.com\/portal\/noticias\/afa-2024-as-inscricoes-estao-abertas-ate-27-03\/"},"wordCount":345,"publisher":{"@id":"https:\/\/militares.estrategia.com\/portal\/#organization"},"image":{"@id":"https:\/\/militares.estrategia.com\/portal\/noticias\/afa-2024-as-inscricoes-estao-abertas-ate-27-03\/#primaryimage"},"thumbnailUrl":"https:\/\/militares.estrategia.com\/portal\/wp-content\/uploads\/2022\/08\/Capa_BLOG_AFA.jpg","keywords":["AFA","carreiramilitar","ConcursosMilitares","FAB"],"articleSection":["Not\u00edcias"],"inLanguage":"pt-BR"},{"@type":"WebPage","@id":"https:\/\/militares.estrategia.com\/portal\/noticias\/afa-2024-as-inscricoes-estao-abertas-ate-27-03\/","url":"https:\/\/militares.estrategia.com\/portal\/noticias\/afa-2024-as-inscricoes-estao-abertas-ate-27-03\/","name":"AFA 2024: as inscri\u00e7\u00f5es est\u00e3o abertas at\u00e9 27\/03!","isPartOf":{"@id":"https:\/\/militares.estrategia.com\/portal\/#website"},"primaryImageOfPage":{"@id":"https:\/\/militares.estrategia.com\/portal\/noticias\/afa-2024-as-inscricoes-estao-abertas-ate-27-03\/#primaryimage"},"image":{"@id":"https:\/\/militares.estrategia.com\/portal\/noticias\/afa-2024-as-inscricoes-estao-abertas-ate-27-03\/#primaryimage"},"thumbnailUrl":"https:\/\/militares.estrategia.com\/portal\/wp-content\/uploads\/2022\/08\/Capa_BLOG_AFA.jpg","datePublished":"2023-03-10T17:45:18+00:00","dateModified":"2023-03-10T17:55:33+00:00","description":"As inscri\u00e7\u00f5es para o Concurso AFA 2024 come\u00e7aram! Elas poder\u00e3o ser feitas entre os dias 10 e 27 de mar\u00e7o! Confira!","breadcrumb":{"@id":"https:\/\/militares.estrategia.com\/portal\/noticias\/afa-2024-as-inscricoes-estao-abertas-ate-27-03\/#breadcrumb"},"inLanguage":"pt-BR","potentialAction":[{"@type":"ReadAction","target":["https:\/\/militares.estrategia.com\/portal\/noticias\/afa-2024-as-inscricoes-estao-abertas-ate-27-03\/"]}]},{"@type":"ImageObject","inLanguage":"pt-BR","@id":"https:\/\/militares.estrategia.com\/portal\/noticias\/afa-2024-as-inscricoes-estao-abertas-ate-27-03\/#primaryimage","url":"https:\/\/militares.estrategia.com\/portal\/wp-content\/uploads\/2022\/08\/Capa_BLOG_AFA.jpg","contentUrl":"https:\/\/militares.estrategia.com\/portal\/wp-content\/uploads\/2022\/08\/Capa_BLOG_AFA.jpg","width":1200,"height":676},{"@type":"BreadcrumbList","@id":"https:\/\/militares.estrategia.com\/portal\/noticias\/afa-2024-as-inscricoes-estao-abertas-ate-27-03\/#breadcrumb","itemListElement":[{"@type":"ListItem","position":1,"name":"Home","item":"https:\/\/militares.estrategia.com\/portal\/"},{"@type":"ListItem","position":2,"name":"Not\u00edcias","item":"https:\/\/militares.estrategia.com\/portal\/noticias\/"},{"@type":"ListItem","position":3,"name":"AFA 2024: as inscri\u00e7\u00f5es est\u00e3o abertas at\u00e9 27\/03!"}]},{"@type":"WebSite","@id":"https:\/\/militares.estrategia.com\/portal\/#website","url":"https:\/\/militares.estrategia.com\/portal\/","name":"Estrat\u00e9gia Militares","description":"","publisher":{"@id":"https:\/\/militares.estrategia.com\/portal\/#organization"},"potentialAction":[{"@type":"SearchAction","target":{"@type":"EntryPoint","urlTemplate":"https:\/\/militares.estrategia.com\/portal\/?s={search_term_string}"},"query-input":{"@type":"PropertyValueSpecification","valueRequired":true,"valueName":"search_term_string"}}],"inLanguage":"pt-BR"},{"@type":"Organization","@id":"https:\/\/militares.estrategia.com\/portal\/#organization","name":"Estrat\u00e9gia Militares","url":"https:\/\/militares.estrategia.com\/portal\/","logo":{"@type":"ImageObject","inLanguage":"pt-BR","@id":"https:\/\/militares.estrategia.com\/portal\/#\/schema\/logo\/image\/","url":"https:\/\/militares.estrategia.com\/portal\/wp-content\/uploads\/2021\/10\/logo-militares.webp","contentUrl":"https:\/\/militares.estrategia.com\/portal\/wp-content\/uploads\/2021\/10\/logo-militares.webp","width":346,"height":90,"caption":"Estrat\u00e9gia Militares"},"image":{"@id":"https:\/\/militares.estrategia.com\/portal\/#\/schema\/logo\/image\/"},"sameAs":["https:\/\/www.facebook.com\/EstrategiaMilitares","https:\/\/x.com\/estrategiamilit","https:\/\/www.instagram.com\/estrategiamilitares\/","https:\/\/www.youtube.com\/channel\/UCRG_9hakCqXxnj_8TqCdgTA"]},{"@type":"Person","@id":"https:\/\/militares.estrategia.com\/portal\/#\/schema\/person\/5cfd387108cd0cdefab7eea7a9735dcc","name":"Vanesca Soares","image":{"@type":"ImageObject","inLanguage":"pt-BR","@id":"https:\/\/militares.estrategia.com\/portal\/#\/schema\/person\/image\/","url":"https:\/\/militares.estrategia.com\/portal\/wp-content\/uploads\/2021\/10\/FB_IMG_1634215702135-150x150.webp","contentUrl":"https:\/\/militares.estrategia.com\/portal\/wp-content\/uploads\/2021\/10\/FB_IMG_1634215702135-150x150.webp","caption":"Vanesca Soares"},"description":"Vanesca Soares foi Primeiro Tenente da Marinha do Brasil. Jornalista de forma\u00e7\u00e3o, ama todas as artes, principalmente a Literatura e o Cinema. Capaz de ficar em casa lendo um bom livro ao inv\u00e9s de ir para a balada, entende que ler \u00e9 uma grande viagem. Ama filmes hist\u00f3ricos, biografias, drama, thrillers, terror e tudo sobre os anos 1980. Principalmente a m\u00fasica!","url":"https:\/\/militares.estrategia.com\/portal\/author\/vanesca-soares\/"}]}},"_wl_alt_label":[],"wl:entity_url":"https:\/\/data.wordlift.io\/wl110246\/post\/afa-2024-as-inscricoes-estao-abertas-ate-27-03-64803","_links":{"self":[{"href":"https:\/\/militares.estrategia.com\/portal\/wp-json\/wp\/v2\/posts\/64803","targetHints":{"allow":["GET"]}}],"collection":[{"href":"https:\/\/militares.estrategia.com\/portal\/wp-json\/wp\/v2\/posts"}],"about":[{"href":"https:\/\/militares.estrategia.com\/portal\/wp-json\/wp\/v2\/types\/post"}],"author":[{"embeddable":true,"href":"https:\/\/militares.estrategia.com\/portal\/wp-json\/wp\/v2\/users\/58"}],"replies":[{"embeddable":true,"href":"https:\/\/militares.estrategia.com\/portal\/wp-json\/wp\/v2\/comments?post=64803"}],"version-history":[{"count":5,"href":"https:\/\/militares.estrategia.com\/portal\/wp-json\/wp\/v2\/posts\/64803\/revisions"}],"predecessor-version":[{"id":64814,"href":"https:\/\/militares.estrategia.com\/portal\/wp-json\/wp\/v2\/posts\/64803\/revisions\/64814"}],"wp:featuredmedia":[{"embeddable":true,"href":"https:\/\/militares.estrategia.com\/portal\/wp-json\/wp\/v2\/media\/58082"}],"wp:attachment":[{"href":"https:\/\/militares.estrategia.com\/portal\/wp-json\/wp\/v2\/media?parent=64803"}],"wp:term":[{"taxonomy":"category","embeddable":true,"href":"https:\/\/militares.estrategia.com\/portal\/wp-json\/wp\/v2\/categories?post=64803"},{"taxonomy":"post_tag","embeddable":true,"href":"https:\/\/militares.estrategia.com\/portal\/wp-json\/wp\/v2\/tags?post=64803"},{"taxonomy":"wl_entity_type","embeddable":true,"href":"https:\/\/militares.estrategia.com\/portal\/wp-json\/wp\/v2\/wl_entity_type?post=64803"}],"curies":[{"name":"wp","href":"https:\/\/api.w.org\/{rel}","templated":true}]}}