{"id":64570,"date":"2023-02-28T20:23:36","date_gmt":"2023-02-28T23:23:36","guid":{"rendered":"https:\/\/militares.estrategia.com\/portal\/?p=64570"},"modified":"2023-03-16T15:27:30","modified_gmt":"2023-03-16T18:27:30","slug":"adverbios","status":"publish","type":"post","link":"https:\/\/militares.estrategia.com\/portal\/materias-e-dicas\/portugues\/adverbios\/","title":{"rendered":"Adv\u00e9rbios: conhe\u00e7a suas classifica\u00e7\u00f5es e saiba flexion\u00e1-lo"},"content":{"rendered":"\n<p>Conhecer bem a l\u00edngua portuguesa \u00e9 fundamental para quem deseja ser aprovado em concursos p\u00fablicos, visto que a disciplina aparece na grande maioria dos editais. Nesse post, o Estrat\u00e9gia Militares apresenta <strong>o que h\u00e1 de mais importante a respeito dos adv\u00e9rbios,<\/strong> para que voc\u00ea n\u00e3o erre mais nenhuma quest\u00e3o sobre esse tema.<\/p>\n\n\n\n<div id=\"ez-toc-container\" class=\"ez-toc-v2_0_79_2 counter-hierarchy ez-toc-counter ez-toc-transparent ez-toc-container-direction\">\n<div class=\"ez-toc-title-container\"><p class=\"ez-toc-title\" style=\"cursor:inherit\">Navegue pelo conte\u00fado\t<\/p>\n<\/div><nav><ul class='ez-toc-list ez-toc-list-level-1 ' ><li class='ez-toc-page-1 ez-toc-heading-level-2'><a class=\"ez-toc-link ez-toc-heading-1\" href=\"https:\/\/militares.estrategia.com\/portal\/materias-e-dicas\/portugues\/adverbios\/#O-que-sao-os-adverbios\" >O que s\u00e3o os adv\u00e9rbios?<\/a><\/li><li class='ez-toc-page-1 ez-toc-heading-level-2'><a class=\"ez-toc-link ez-toc-heading-2\" href=\"https:\/\/militares.estrategia.com\/portal\/materias-e-dicas\/portugues\/adverbios\/#Locucao-Adverbial\" >Locu\u00e7\u00e3o Adverbial<\/a><\/li><li class='ez-toc-page-1 ez-toc-heading-level-2'><a class=\"ez-toc-link ez-toc-heading-3\" href=\"https:\/\/militares.estrategia.com\/portal\/materias-e-dicas\/portugues\/adverbios\/#Classificacao-dos-adverbios\" >Classifica\u00e7\u00e3o dos adv\u00e9rbios<\/a><\/li><li class='ez-toc-page-1 ez-toc-heading-level-2'><a class=\"ez-toc-link ez-toc-heading-4\" href=\"https:\/\/militares.estrategia.com\/portal\/materias-e-dicas\/portugues\/adverbios\/#Flexao-de-grau-dos-adverbios\" >Flex\u00e3o de grau dos adv\u00e9rbios<\/a><\/li><li class='ez-toc-page-1 ez-toc-heading-level-2'><a class=\"ez-toc-link ez-toc-heading-5\" href=\"https:\/\/militares.estrategia.com\/portal\/materias-e-dicas\/portugues\/adverbios\/#Questoes\" >Quest\u00f5es<\/a><\/li><li class='ez-toc-page-1 ez-toc-heading-level-2'><a class=\"ez-toc-link ez-toc-heading-6\" href=\"https:\/\/militares.estrategia.com\/portal\/materias-e-dicas\/portugues\/adverbios\/#Veja-tambem\" >Veja tamb\u00e9m:<\/a><\/li><\/ul><\/nav><\/div>\n<h2 class=\"wp-block-heading\" id=\"h-o-que-sao-os-adverbios\"><span class=\"ez-toc-section\" id=\"O-que-sao-os-adverbios\"><\/span>O que s\u00e3o os adv\u00e9rbios?<span class=\"ez-toc-section-end\"><\/span><\/h2>\n\n\n\n<p>O adv\u00e9rbio \u00e9 uma classe de palavra<strong> invari\u00e1vel em g\u00eanero e n\u00famero. <\/strong>Ela \u00e9 conhecida como uma <strong>modificadora<\/strong>, j\u00e1 que <strong>se liga a <a class=\"wl-entity-page-link\"  href=\"https:\/\/militares.estrategia.com\/portal\/entidade\/verbos\/\" data-id=\"https:\/\/data.wordlift.io\/wl110246\/entity\/verbos;http:\/\/dbpedia.org\/resource\/Verb;http:\/\/pt.dbpedia.org\/resource\/Verbo;http:\/\/hr.dbpedia.org\/resource\/Glagoli;http:\/\/hu.dbpedia.org\/resource\/Ige_(sz\u00f3faj);http:\/\/id.dbpedia.org\/resource\/Verba;http:\/\/is.dbpedia.org\/resource\/Sagnor\u00f0;http:\/\/it.dbpedia.org\/resource\/Verbo;http:\/\/ro.dbpedia.org\/resource\/Verb;http:\/\/be.dbpedia.org\/resource\/\u0414\u0437\u0435\u044f\u0441\u043b\u043e\u045e;http:\/\/ru.dbpedia.org\/resource\/\u0413\u043b\u0430\u0433\u043e\u043b;http:\/\/bg.dbpedia.org\/resource\/\u0413\u043b\u0430\u0433\u043e\u043b;http:\/\/sk.dbpedia.org\/resource\/Sloveso;http:\/\/sl.dbpedia.org\/resource\/Glagol;http:\/\/sq.dbpedia.org\/resource\/Folja;http:\/\/ca.dbpedia.org\/resource\/Verb;http:\/\/sr.dbpedia.org\/resource\/\u0413\u043b\u0430\u0433\u043e\u043b;http:\/\/sv.dbpedia.org\/resource\/Verb;http:\/\/cs.dbpedia.org\/resource\/Sloveso;http:\/\/da.dbpedia.org\/resource\/Udsagnsord;http:\/\/tr.dbpedia.org\/resource\/Fiil;http:\/\/de.dbpedia.org\/resource\/Verb;http:\/\/lt.dbpedia.org\/resource\/Veiksma\u017eodis;http:\/\/lv.dbpedia.org\/resource\/Darb\u012bbas_v\u0101rds;http:\/\/uk.dbpedia.org\/resource\/\u0414\u0456\u0454\u0441\u043b\u043e\u0432\u043e;http:\/\/en.dbpedia.org\/resource\/Verb;http:\/\/es.dbpedia.org\/resource\/Verbo;http:\/\/et.dbpedia.org\/resource\/Tegus\u00f5na;http:\/\/nl.dbpedia.org\/resource\/Werkwoord;http:\/\/no.dbpedia.org\/resource\/Verb;http:\/\/fi.dbpedia.org\/resource\/Verbi;http:\/\/fr.dbpedia.org\/resource\/Verbe;http:\/\/pl.dbpedia.org\/resource\/Czasownik\" >verbos<\/a> ou adjetivos e <\/strong>adiciona a eles <strong>circunst\u00e2ncias<\/strong>, como: afirma\u00e7\u00e3o, nega\u00e7\u00e3o, modo, lugar, tempo, meio etc.<\/p>\n\n\n<div id=\"new-form\">\n\t<form id=\"forms_layout\">\n\t<input type=\"hidden\" id=\"chave_de\" name=\"chave_de\" value=\"01_EMIL_LEADS_TOTAIS\" \/>\n\t\t<input type=\"hidden\" id=\"mid\" name=\"mid\" value=\"515009017\" \/>\n\t\t<input type=\"hidden\" id=\"Objetivo\" name=\"Objetivo\" value=\"Militares\" \/>\n\t\t<input type=\"hidden\" id=\"Estado_de_Origem_do_IP\" name=\"Estado_de_Origem_do_IP\"  value=\"\" \/>\n\t\t<input type=\"hidden\" id=\"Cidade_de_Origem_do_IP\" name=\"Cidade_de_Origem_do_IP\" value=\"\" \/>\n\t\t<input type=\"hidden\" id=\"Modo_de_entrada\" name=\"Modo_de_entrada\" value=\"Portal\" \/>\n\t\t<input type=\"hidden\" id=\"Pagina_Origem\" name=\"Pagina_Origem\" value=\"\" \/>\n\n\t\t<div class=\"texto\">\n\t\t\t<h3 class=\"news\">Inscreva-se em nossa newsletter!<\/h3>\n\t\t\t<p>Receba not\u00edcias sobre os mais importantes concursos para as For\u00e7as Armadas brasileiras e informa\u00e7\u00f5es sobre o mundo militar!<\/p>\n\t\t<\/div>\n\t\t<div class=\"campos\">\n\t\t\t<div class=\"first_name labels\">\n\t\t\t\t<input type=\"text\" class=\"input_labels\" id=\"first_name\" name=\"Nome_Completo\" placeholder=\"Nome\" required \/>\n\t\t\t<\/div>\n\t\t\t<div class=\"email labels\">\n\t\t\t\t<input type=\"email\" class=\"input_labels\" id=\"email\" name=\"Email\" placeholder=\"E-mail\" required \/>\n\t\t\t<\/div>\n\t\t\t<button type=\"submit\" class=\"button_layout\">\n\t\t\t\t<div id=\"lblBotao\">Inscreva-se<\/div>\n\t\t\t\t<span id=\"divSpiner\" class=\"loader\" role=\"status\" style=\"display: none;\"><\/span>\t\n\t\t\t<\/button>\n\t\t<\/div><!-- \/campos -->\n\t\t\n\t\t<label class=\"container_checkbox\">Voc\u00ea concorda com a nossa\n\t\t\t<a class=\"politics_privacy_ahref\" target=\"_blank\" href=\"https:\/\/gratis.estrategiaconcursos.com.br\/politica-de-privacidade\/\">Pol\u00edtica de Privacidade<\/a> e aceita receber informa\u00e7\u00f5es adicionais do Estrat\u00e9gia Educacional.\n\t\t\t<input id=\"checkbox_layout\" type=\"checkbox\" checked=\"checked\" required \/>\n\t\t\t<span class=\"checkbox\"><\/span>\n\t\t<\/label>\n\t\t<div id=\"msg\"><\/div>\n\t\t<div id=\"error\" class=\"error\">\n\t\t<\/div>\n\t<\/form>\n<\/div><!-- \/new-form -->\n\n\n\n<p>Exemplos: <em>\u201co Flamengo jogar\u00e1 <\/em><strong><em>amanh\u00e3<\/em><\/strong><em>.\u201d; \u201cO arroz est\u00e1 <\/em><strong><em>muito <\/em><\/strong><em>salgado.\u201d<\/em><\/p>\n\n\n\n<p>Podemos observar que, no primeiro exemplo, o adv\u00e9rbio de tempo \u201camanh\u00e3\u201d se relaciona com o verbo \u201cjogar\u00e1\u201d. Na segunda frase, o adv\u00e9rbio de intensidade \u201cmuito\u201d agrega intensidade ao adjetivo \u201csalgado\u201d.<\/p>\n\n\n\n<h2 class=\"wp-block-heading\" id=\"h-locucao-adverbial\"><span class=\"ez-toc-section\" id=\"Locucao-Adverbial\"><\/span>Locu\u00e7\u00e3o Adverbial<span class=\"ez-toc-section-end\"><\/span><\/h2>\n\n\n\n<p>As locu\u00e7\u00f5es adverbiais s\u00e3o um <strong>conjunto de duas ou mais palavras que t\u00eam valor de adv\u00e9rbio.<\/strong> Geralmente, a locu\u00e7\u00e3o adverbial \u00e9 formada por uma preposi\u00e7\u00e3o seguida de um substantivo, adjetivo ou adv\u00e9rbio.<\/p>\n\n\n\n<p>Exemplos: <em>\u00e0s vezes, certa vez, algumas vezes, em princ\u00edpio, em breve, de cor, \u00e0 direita, \u00e0 esquerda, \u00e0 frente, \u00e0 vontade, em v\u00e3o, por acaso, \u00e0s vezes\u2026<\/em>&nbsp;<\/p>\n\n\n\n<h2 class=\"wp-block-heading\" id=\"h-classificacao-dos-adverbios\"><span class=\"ez-toc-section\" id=\"Classificacao-dos-adverbios\"><\/span>Classifica\u00e7\u00e3o dos adv\u00e9rbios<span class=\"ez-toc-section-end\"><\/span><\/h2>\n\n\n\n<p>Os adv\u00e9rbios e as locu\u00e7\u00f5es podem ser classificados de diversas formas. Eles se distinguem de acordo com as circunst\u00e2ncias que expressam. Abaixo seguem as principais.<\/p>\n\n\n\n<h3 class=\"wp-block-heading\" id=\"h-afirmacao\">Afirma\u00e7\u00e3o&nbsp;<\/h3>\n\n\n\n<p><strong>Adv\u00e9rbios<\/strong>: sim, certamente, deveras, decerto, realmente, incontestavelmente, seguramente, etc.<\/p>\n\n\n\n<p><strong>Locu\u00e7\u00f5es adverbiais<\/strong>: com certeza, por certo, sem d\u00favida, de fato, na realidade, etc.<\/p>\n\n\n\n<h3 class=\"wp-block-heading\" id=\"h-duvida\">D\u00favida<\/h3>\n\n\n\n<p><strong>Adv\u00e9rbios:<\/strong> talvez, acaso, porventura, provavelmente, qui\u00e7\u00e1, etc.<\/p>\n\n\n\n<p><strong>Locu\u00e7\u00f5es adverbiais: <\/strong>por ventura, por acaso, etc.&nbsp;<\/p>\n\n\n<div class=\"wp-block-image\">\n<figure class=\"aligncenter size-full\"><img decoding=\"async\" src=\"https:\/\/cdn.blog.estrategiavestibulares.com.br\/vestibulares\/wp-content\/uploads\/2019\/09\/02144745\/figuras-de-pensamento1.png\" alt=\"figuras de pensamento\" class=\"wp-image-30332\"\/><\/figure><\/div>\n\n\n<h3 class=\"wp-block-heading\" id=\"h-intensidade\">Intensidade<\/h3>\n\n\n\n<p><strong>Adv\u00e9rbios:<\/strong> bastante, bem, demais, mais, menos, muito, pouco, assaz, quase, quanto, tanto, t\u00e3o, demasiado, meio, todo, completamente, demasiadamente, excessivamente, apenas, etc.<\/p>\n\n\n\n<p><strong>Locu\u00e7\u00f5es adverbiais:<\/strong> de muito, de pouco, de tudo, em demasia, em excesso, por completo, etc.&nbsp;<\/p>\n\n\n\n<h3 class=\"wp-block-heading\" id=\"h-lugar\">Lugar<\/h3>\n\n\n\n<p><strong>Adv\u00e9rbios:<\/strong> abaixo, acima, adiante, a\u00ed, aqui, al\u00e9m, ali, aqu\u00e9m, c\u00e1, acol\u00e1, atr\u00e1s, atrav\u00e9s, dentro, fora, perto, longe, junto, onde, defronte, detr\u00e1s, etc.&nbsp;<\/p>\n\n\n\n<p><strong>Locu\u00e7\u00f5es adverbiais:<\/strong> \u00e0 direita, \u00e0 esquerda, \u00e0 dist\u00e2ncia, ao lado, de longe, de perto, para dentro, por aqui, em cima, por fora, para onde, por ali, por dentro, etc.&nbsp;<\/p>\n\n\n\n<h3 class=\"wp-block-heading\" id=\"h-modo\">Modo<\/h3>\n\n\n\n<p>Nesse caso, h\u00e1 um grande volume de adv\u00e9rbio<strong> terminados em -mente.<\/strong><\/p>\n\n\n\n<p><strong>Adv\u00e9rbios:<\/strong> assim, bem, mal, depressa, devagar, pior, melhor, como, alerta, debalde, suavemente, lentamente, bondosamente, generosamente, tranquilamente, rapidamente, etc.&nbsp;<\/p>\n\n\n\n<p><strong>Locu\u00e7\u00f5es adverbiais:<\/strong> \u00e0s cegas, \u00e0s claras, \u00e0 toa, \u00e0 vontade, \u00e0s pressas, a p\u00e9, ao l\u00e9u, \u00e0s escondidas, em geral, em v\u00e3o, passo a passo, de cor, frente a frente, lado a lado, etc.&nbsp;<\/p>\n\n\n\n<h3 class=\"wp-block-heading\" id=\"h-negacao\">Nega\u00e7\u00e3o<\/h3>\n\n\n\n<p><strong>Adv\u00e9rbios: <\/strong>n\u00e3o, tampouco, nem, sequer, etc.&nbsp;<\/p>\n\n\n\n<p><strong>Locu\u00e7\u00f5es adverbiais: <\/strong>de forma alguma, de jeito algum, de modo algum, de jeito nenhum, etc.&nbsp;<\/p>\n\n\n\n<h3 class=\"wp-block-heading\" id=\"h-tempo\">Tempo<\/h3>\n\n\n\n<p><strong>Adv\u00e9rbios<\/strong>: hoje, ontem, amanh\u00e3, agora, depois, antes, j\u00e1, anteontem, sempre, nunca, tarde, jamais, outrora, raramente, atualmente, concomitantemente, sucessivamente, presentemente, etc.&nbsp;<\/p>\n\n\n\n<p><strong>Locu\u00e7\u00f5es adverbiais: <\/strong>ao vivo, \u00e0 noite, \u00e0 tarde, de dia, de manh\u00e3, pela madrugada, de vez em quando, etc.&nbsp;<\/p>\n\n\n\n<h2 class=\"wp-block-heading\" id=\"h-flexao-de-grau-dos-adverbios\"><span class=\"ez-toc-section\" id=\"Flexao-de-grau-dos-adverbios\"><\/span>Flex\u00e3o de grau dos adv\u00e9rbios<span class=\"ez-toc-section-end\"><\/span><\/h2>\n\n\n\n<p>Como j\u00e1 dito, os adv\u00e9rbios n\u00e3o variam em g\u00eanero e n\u00famero, contudo, variam em grau. Nesse caso, <strong>assemelha-se muito \u00e0 flex\u00e3o feita com os adjetivos,<\/strong> j\u00e1 que tamb\u00e9m \u00e9 dividido em comparativo e superlativo. Em ambos os casos, a intensifica\u00e7\u00e3o do adv\u00e9rbio \u00e9 feita por um afixo ou por outro adv\u00e9rbio.<\/p>\n\n\n\n<p>O <strong>grau comparativo<\/strong> pode ser de:<\/p>\n\n\n\n<ul class=\"wp-block-list\">\n<li>Igualdade:<em> \u201cEle corre <\/em><strong><em>t\u00e3o depressa<\/em><\/strong><em> quanto eu.<\/em>\u201d;<\/li>\n\n\n\n<li>Superioridade: <em>\u201cLuciano anda <\/em><strong><em>mais depressa<\/em><\/strong><em> do que eu.\u201d; <\/em>e<\/li>\n\n\n\n<li>Inferioridade:<em> \u201cFl\u00e1vio come <\/em><strong><em>menos depressa<\/em><\/strong><em> do que eu.\u201d.<\/em><\/li>\n<\/ul>\n\n\n\n<p>Enquanto o <strong>superlativo<\/strong> pode se apresentar de dois modos:<\/p>\n\n\n\n<ul class=\"wp-block-list\">\n<li>Sint\u00e9tico: usa-se um sufixo junto ao adv\u00e9rbio. Ex.: <em>\u201cEle chegou <\/em><strong><em>muit\u00edssimo<\/em><\/strong><em> atrasado.\u201d; <\/em>e<\/li>\n\n\n\n<li>Anal\u00edtico: usa-se um adv\u00e9rbio de intensidade para modificar o adv\u00e9rbio. Ex.:<em> \u201cMeu time jogou <\/em><strong><em>muito mal.<\/em><\/strong><em>\u201d.<\/em><\/li>\n<\/ul>\n\n\n\n<h2 class=\"wp-block-heading\" id=\"h-questoes\"><span class=\"ez-toc-section\" id=\"Questoes\"><\/span>Quest\u00f5es<span class=\"ez-toc-section-end\"><\/span><\/h2>\n\n\n\n<p>01. (Efomm &#8211; 2019)<\/p>\n\n\n\n<p>Mas n\u00e3o consigo imagin\u00e1-la <strong>assim<\/strong>; talvez se na praia ainda houver pitangueiras&#8230; (4\u00ba par\u00e1grafo)<\/p>\n\n\n\n<p>Assinale a op\u00e7\u00e3o em que a express\u00e3o sublinhada tem uma circunst\u00e2ncia diferente da palavra sublinhada no fragmento acima.<\/p>\n\n\n\n<p>a) Ou ent\u00e3o ir descendo o rio numa canoa bem devagar (&#8230;).<\/p>\n\n\n\n<p>b) (&#8230;) e de repente dar um galope na correnteza, passando rente \u00e0s pedras, como se a canoa fosse um cavalo solto.<\/p>\n\n\n\n<p>c) \u00c9 um passarinho mi\u00fado: imagine uma sa\u00edra grande que de s\u00fabito aparecesse a um menino (&#8230;).<\/p>\n\n\n\n<p>d) Bem pouca coisa eu sei; uma vez na fazenda riram: ele n\u00e3o sabe nem passar um barbicacho!<\/p>\n\n\n\n<p>e) Inutilmente tento convert\u00ea-la em menina de pernas magras, o joelho ralado, um pouco de lama seca do brejo no meio dos dedos dos p\u00e9s.<\/p>\n\n\n\n<p>02. (Efomm &#8211; 2019)<\/p>\n\n\n\n<p>Na minha adolesc\u00eancia voc\u00ea seria uma tortura. (8\u00ba par\u00e1grafo)<\/p>\n\n\n\n<p>Assinale a op\u00e7\u00e3o que apresenta uma circunst\u00e2ncia sublinhada diferente daquela presente no fragmento acima.<\/p>\n\n\n\n<p>a) Mas eu a levarei para beira do ribeir\u00e3o, na sombra fria do bambual (&#8230;).<\/p>\n\n\n\n<p>b) Uma vez vi uma urutu junto de um tronco queimado (&#8230;).<\/p>\n\n\n\n<p>c) O menino da ro\u00e7a que pela primeira vez v\u00ea as algas do mar se balan\u00e7ando sob a onda clara, junto da pedra.<\/p>\n\n\n\n<p>d) (&#8230;) um cardume de peixes dourados avan\u00e7ando, saltando ao sol, na piracema; um bambual com sombra fria, onde ouvi silvo de cobra (&#8230;).<\/p>\n\n\n\n<p>e) Mas voc\u00ea \u00e9 como se houvesse demasiadas cigarras cantando numa pobre tarde de homem.<\/p>\n\n\n\n<h3 class=\"wp-block-heading\" id=\"h-gabarito\">Gabarito<\/h3>\n\n\n\n<p>Quest\u00e3o 01: letra D<\/p>\n\n\n\n<p>Quest\u00e3o 02: letra A<\/p>\n\n\n\n<p>Se voc\u00ea quer ter a oportunidade de <strong>treinar quantas quest\u00f5es quiser<\/strong> sobre o assunto que estiver estudando, assine o nosso Banco de Quest\u00f5es! Nele, voc\u00ea encontrar\u00e1 <strong>milhares de quest\u00f5es de diversos temas,<\/strong> das principais bancas de concursos militares do Brasil. Clique no banner abaixo e conhe\u00e7a!<\/p>\n\n\n\n<p><strong><a id=\"cta\" class=\"cta-imagem\" href=\"https:\/\/militares.estrategia.com\/curso\/banco-de-questes-anual\/\" target=\"blank\">\n                <img decoding=\"async\" width=\"100%\" src=\"https:\/\/militares.estrategia.com\/portal\/wp-content\/uploads\/2023\/02\/EM-Banco-de-Questoes.jpg\" alt=\"EM - Banco de Questo\u0303es\" title=\"EM - Banco de Questo\u0303es\">\n        <\/a><\/strong><\/p>\n\n\n\n\n\n<h2 class=\"wp-block-heading\"><span class=\"ez-toc-section\" id=\"Veja-tambem\"><\/span>Veja tamb\u00e9m:<span class=\"ez-toc-section-end\"><\/span><\/h2>\n\n\n\n<ul class=\"wp-block-list\">\n<li><a href=\"https:\/\/militares.estrategia.com\/portal\/materias-e-dicas\/portugues\/tipos-e-generos-textuais\/\">Tipos e G\u00eaneros Textuais: entenda a diferen\u00e7a<\/a><\/li>\n\n\n\n<li><a href=\"https:\/\/militares.estrategia.com\/portal\/materias-e-dicas\/portugues\/sinais-de-pontuacao\/\">Sinais de pontua\u00e7\u00e3o: saiba como us\u00e1-los<\/a><\/li>\n\n\n\n<li><a href=\"https:\/\/militares.estrategia.com\/portal\/materias-e-dicas\/portugues\/verbos-irregulares\/\">Dica de portugu\u00eas: aprenda a conjugar os verbos irregulares<\/a><\/li>\n\n\n\n<li><a href=\"https:\/\/militares.estrategia.com\/portal\/materias-e-dicas\/portugues\/fonetica-e-fonologia\/\">Fon\u00e9tica e Fonologia: o estudo dos fonemas<\/a><\/li>\n\n\n\n<li><a href=\"https:\/\/militares.estrategia.com\/portal\/materias-e-dicas\/portugues\/portugues-semantica\/\">Entendendo Portugu\u00eas: Sem\u00e2ntica<\/a><\/li>\n\n\n\n<li><a href=\"https:\/\/militares.estrategia.com\/portal\/materias-e-dicas\/portugues\/portugues-termos-basicos\/\">Estudando Portugu\u00eas: conhe\u00e7a os termos b\u00e1sicos<\/a><\/li>\n\n\n\n<li><a href=\"https:\/\/militares.estrategia.com\/portal\/materias-e-dicas\/redacao\/como-analisar-os-textos-de-apoio\/\">Reda\u00e7\u00e3o: como analisar os textos de apoio<\/a><\/li>\n\n\n\n<li><a href=\"https:\/\/militares.estrategia.com\/portal\/materias-e-dicas\/portugues\/conheca-homonimos-e-paronimos\/\">Conhe\u00e7a os Hom\u00f4nimos e os Par\u00f4nimos<\/a><\/li>\n\n\n\n<li><a href=\"https:\/\/militares.estrategia.com\/portal\/materias-e-dicas\/portugues\/o-que-sao-hiperonimos-e-hiponimos\/\">O que s\u00e3o Hiper\u00f4nimos e Hip\u00f4nimos<\/a><\/li>\n\n\n\n<li><a href=\"https:\/\/militares.estrategia.com\/portal\/materias-e-dicas\/portugues\/morfologia-saiba-o-que-sao-os-pronomes-e-como-sao-classificados\/\">Morfologia: saiba o que s\u00e3o os pronomes e como s\u00e3o classificados!<\/a><\/li>\n<\/ul>\n\n\n","protected":false},"excerpt":{"rendered":"Conhecer bem a l\u00edngua portuguesa \u00e9 fundamental para quem deseja ser aprovado em concursos p\u00fablicos, visto que a&hellip;\n","protected":false},"author":53,"featured_media":64428,"comment_status":"closed","ping_status":"closed","sticky":false,"template":"","format":"standard","meta":{"wl_entities_gutenberg":"","footnotes":""},"categories":[32],"tags":[],"wl_entity_type":[187],"class_list":{"0":"post-64570","1":"post","2":"type-post","3":"status-publish","4":"format-standard","5":"has-post-thumbnail","7":"category-portugues","8":"wl_entity_type-article"},"acf":[],"yoast_head":"<!-- This site is optimized with the Yoast SEO Premium plugin v26.6 (Yoast SEO v26.6) - https:\/\/yoast.com\/wordpress\/plugins\/seo\/ -->\n<title>Adv\u00e9rbios: conhe\u00e7a suas classifica\u00e7\u00f5es e saiba flexion\u00e1-lo<\/title>\n<meta name=\"description\" content=\"Saiba o que \u00e9 um adv\u00e9rbio e aprenda quais s\u00e3o as suas classifica\u00e7\u00f5es, al\u00e9m de conhecer qual a forma correta de flexion\u00e1-lo.\" \/>\n<meta name=\"robots\" content=\"index, follow, max-snippet:-1, max-image-preview:large, max-video-preview:-1\" \/>\n<link rel=\"canonical\" href=\"https:\/\/militares.estrategia.com\/portal\/materias-e-dicas\/portugues\/adverbios\/\" \/>\n<meta property=\"og:locale\" content=\"pt_BR\" \/>\n<meta property=\"og:type\" content=\"article\" \/>\n<meta property=\"og:title\" content=\"Adv\u00e9rbios: conhe\u00e7a suas classifica\u00e7\u00f5es e saiba flexion\u00e1-lo\" \/>\n<meta property=\"og:description\" content=\"Saiba o que \u00e9 um adv\u00e9rbio e aprenda quais s\u00e3o as suas classifica\u00e7\u00f5es, al\u00e9m de conhecer qual a forma correta de flexion\u00e1-lo.\" \/>\n<meta property=\"og:url\" content=\"https:\/\/militares.estrategia.com\/portal\/materias-e-dicas\/portugues\/adverbios\/\" \/>\n<meta property=\"og:site_name\" content=\"Estrat\u00e9gia Militares\" \/>\n<meta property=\"article:publisher\" content=\"https:\/\/www.facebook.com\/EstrategiaMilitares\" \/>\n<meta property=\"article:published_time\" content=\"2023-02-28T23:23:36+00:00\" \/>\n<meta property=\"article:modified_time\" content=\"2023-03-16T18:27:30+00:00\" \/>\n<meta property=\"og:image\" content=\"https:\/\/cdn.blog.estrategiavestibulares.com.br\/vestibulares\/wp-content\/uploads\/2021\/10\/BQEM.jpg\" \/>\n\t<meta property=\"og:image:width\" content=\"1200\" \/>\n\t<meta property=\"og:image:height\" content=\"629\" \/>\n\t<meta property=\"og:image:type\" content=\"image\/jpeg\" \/>\n<meta name=\"author\" content=\"Lucas Gon\u00e7alves\" \/>\n<meta name=\"twitter:card\" content=\"summary_large_image\" \/>\n<meta name=\"twitter:creator\" content=\"@estrategiamilit\" \/>\n<meta name=\"twitter:site\" content=\"@estrategiamilit\" \/>\n<meta name=\"twitter:label1\" content=\"Escrito por\" \/>\n\t<meta name=\"twitter:data1\" content=\"Lucas Gon\u00e7alves\" \/>\n\t<meta name=\"twitter:label2\" content=\"Est. tempo de leitura\" \/>\n\t<meta name=\"twitter:data2\" content=\"5 minutos\" \/>\n<script type=\"application\/ld+json\" class=\"yoast-schema-graph\">{\"@context\":\"https:\/\/schema.org\",\"@graph\":[{\"@type\":\"Article\",\"@id\":\"https:\/\/militares.estrategia.com\/portal\/materias-e-dicas\/portugues\/adverbios\/#article\",\"isPartOf\":{\"@id\":\"https:\/\/militares.estrategia.com\/portal\/materias-e-dicas\/portugues\/adverbios\/\"},\"author\":{\"name\":\"Lucas Gon\u00e7alves\",\"@id\":\"https:\/\/militares.estrategia.com\/portal\/#\/schema\/person\/566b15d6f51f32043ba353771e7ee88a\"},\"headline\":\"Adv\u00e9rbios: conhe\u00e7a suas classifica\u00e7\u00f5es e saiba flexion\u00e1-lo\",\"datePublished\":\"2023-02-28T23:23:36+00:00\",\"dateModified\":\"2023-03-16T18:27:30+00:00\",\"mainEntityOfPage\":{\"@id\":\"https:\/\/militares.estrategia.com\/portal\/materias-e-dicas\/portugues\/adverbios\/\"},\"wordCount\":1091,\"publisher\":{\"@id\":\"https:\/\/militares.estrategia.com\/portal\/#organization\"},\"image\":{\"@id\":\"https:\/\/militares.estrategia.com\/portal\/materias-e-dicas\/portugues\/adverbios\/#primaryimage\"},\"thumbnailUrl\":\"https:\/\/militares.estrategia.com\/portal\/wp-content\/uploads\/2021\/10\/BQEM.jpg\",\"articleSection\":[\"Portugu\u00eas\"],\"inLanguage\":\"pt-BR\"},{\"@type\":\"WebPage\",\"@id\":\"https:\/\/militares.estrategia.com\/portal\/materias-e-dicas\/portugues\/adverbios\/\",\"url\":\"https:\/\/militares.estrategia.com\/portal\/materias-e-dicas\/portugues\/adverbios\/\",\"name\":\"Adv\u00e9rbios: conhe\u00e7a suas classifica\u00e7\u00f5es e saiba flexion\u00e1-lo\",\"isPartOf\":{\"@id\":\"https:\/\/militares.estrategia.com\/portal\/#website\"},\"primaryImageOfPage\":{\"@id\":\"https:\/\/militares.estrategia.com\/portal\/materias-e-dicas\/portugues\/adverbios\/#primaryimage\"},\"image\":{\"@id\":\"https:\/\/militares.estrategia.com\/portal\/materias-e-dicas\/portugues\/adverbios\/#primaryimage\"},\"thumbnailUrl\":\"https:\/\/militares.estrategia.com\/portal\/wp-content\/uploads\/2021\/10\/BQEM.jpg\",\"datePublished\":\"2023-02-28T23:23:36+00:00\",\"dateModified\":\"2023-03-16T18:27:30+00:00\",\"description\":\"Saiba o que \u00e9 um adv\u00e9rbio e aprenda quais s\u00e3o as suas classifica\u00e7\u00f5es, al\u00e9m de conhecer qual a forma correta de flexion\u00e1-lo.\",\"breadcrumb\":{\"@id\":\"https:\/\/militares.estrategia.com\/portal\/materias-e-dicas\/portugues\/adverbios\/#breadcrumb\"},\"inLanguage\":\"pt-BR\",\"potentialAction\":[{\"@type\":\"ReadAction\",\"target\":[\"https:\/\/militares.estrategia.com\/portal\/materias-e-dicas\/portugues\/adverbios\/\"]}]},{\"@type\":\"ImageObject\",\"inLanguage\":\"pt-BR\",\"@id\":\"https:\/\/militares.estrategia.com\/portal\/materias-e-dicas\/portugues\/adverbios\/#primaryimage\",\"url\":\"https:\/\/militares.estrategia.com\/portal\/wp-content\/uploads\/2021\/10\/BQEM.jpg\",\"contentUrl\":\"https:\/\/militares.estrategia.com\/portal\/wp-content\/uploads\/2021\/10\/BQEM.jpg\",\"width\":1200,\"height\":629,\"caption\":\"BQEM\"},{\"@type\":\"BreadcrumbList\",\"@id\":\"https:\/\/militares.estrategia.com\/portal\/materias-e-dicas\/portugues\/adverbios\/#breadcrumb\",\"itemListElement\":[{\"@type\":\"ListItem\",\"position\":1,\"name\":\"Home\",\"item\":\"https:\/\/militares.estrategia.com\/portal\/\"},{\"@type\":\"ListItem\",\"position\":2,\"name\":\"Mat\u00e9rias e Dicas\",\"item\":\"https:\/\/militares.estrategia.com\/portal\/materias-e-dicas\/\"},{\"@type\":\"ListItem\",\"position\":3,\"name\":\"Portugu\u00eas\",\"item\":\"https:\/\/militares.estrategia.com\/portal\/materias-e-dicas\/portugues\/\"},{\"@type\":\"ListItem\",\"position\":4,\"name\":\"Adv\u00e9rbios: conhe\u00e7a suas classifica\u00e7\u00f5es e saiba flexion\u00e1-lo\"}]},{\"@type\":\"WebSite\",\"@id\":\"https:\/\/militares.estrategia.com\/portal\/#website\",\"url\":\"https:\/\/militares.estrategia.com\/portal\/\",\"name\":\"Estrat\u00e9gia Militares\",\"description\":\"\",\"publisher\":{\"@id\":\"https:\/\/militares.estrategia.com\/portal\/#organization\"},\"potentialAction\":[{\"@type\":\"SearchAction\",\"target\":{\"@type\":\"EntryPoint\",\"urlTemplate\":\"https:\/\/militares.estrategia.com\/portal\/?s={search_term_string}\"},\"query-input\":{\"@type\":\"PropertyValueSpecification\",\"valueRequired\":true,\"valueName\":\"search_term_string\"}}],\"inLanguage\":\"pt-BR\"},{\"@type\":\"Organization\",\"@id\":\"https:\/\/militares.estrategia.com\/portal\/#organization\",\"name\":\"Estrat\u00e9gia Militares\",\"url\":\"https:\/\/militares.estrategia.com\/portal\/\",\"logo\":{\"@type\":\"ImageObject\",\"inLanguage\":\"pt-BR\",\"@id\":\"https:\/\/militares.estrategia.com\/portal\/#\/schema\/logo\/image\/\",\"url\":\"https:\/\/militares.estrategia.com\/portal\/wp-content\/uploads\/2021\/10\/logo-militares.webp\",\"contentUrl\":\"https:\/\/militares.estrategia.com\/portal\/wp-content\/uploads\/2021\/10\/logo-militares.webp\",\"width\":346,\"height\":90,\"caption\":\"Estrat\u00e9gia Militares\"},\"image\":{\"@id\":\"https:\/\/militares.estrategia.com\/portal\/#\/schema\/logo\/image\/\"},\"sameAs\":[\"https:\/\/www.facebook.com\/EstrategiaMilitares\",\"https:\/\/x.com\/estrategiamilit\",\"https:\/\/www.instagram.com\/estrategiamilitares\/\",\"https:\/\/www.youtube.com\/channel\/UCRG_9hakCqXxnj_8TqCdgTA\"]},{\"@type\":\"Person\",\"@id\":\"https:\/\/militares.estrategia.com\/portal\/#\/schema\/person\/566b15d6f51f32043ba353771e7ee88a\",\"name\":\"Lucas Gon\u00e7alves\",\"image\":{\"@type\":\"ImageObject\",\"inLanguage\":\"pt-BR\",\"@id\":\"https:\/\/militares.estrategia.com\/portal\/#\/schema\/person\/image\/\",\"url\":\"https:\/\/militares.estrategia.com\/portal\/wp-content\/uploads\/2021\/08\/WhatsApp-Image-2023-04-28-at-13.20.17-150x150.jpeg\",\"contentUrl\":\"https:\/\/militares.estrategia.com\/portal\/wp-content\/uploads\/2021\/08\/WhatsApp-Image-2023-04-28-at-13.20.17-150x150.jpeg\",\"caption\":\"Lucas Gon\u00e7alves\"},\"description\":\"Lucas \u00e9 um apaixonado pelo mundo dos concursos e pela carreira militar. Amante e praticante do futebol nas horas vagas.\",\"url\":\"https:\/\/militares.estrategia.com\/portal\/author\/lucas-goncalves\/\"}]}<\/script>\n<!-- \/ Yoast SEO Premium plugin. -->","yoast_head_json":{"title":"Adv\u00e9rbios: conhe\u00e7a suas classifica\u00e7\u00f5es e saiba flexion\u00e1-lo","description":"Saiba o que \u00e9 um adv\u00e9rbio e aprenda quais s\u00e3o as suas classifica\u00e7\u00f5es, al\u00e9m de conhecer qual a forma correta de flexion\u00e1-lo.","robots":{"index":"index","follow":"follow","max-snippet":"max-snippet:-1","max-image-preview":"max-image-preview:large","max-video-preview":"max-video-preview:-1"},"canonical":"https:\/\/militares.estrategia.com\/portal\/materias-e-dicas\/portugues\/adverbios\/","og_locale":"pt_BR","og_type":"article","og_title":"Adv\u00e9rbios: conhe\u00e7a suas classifica\u00e7\u00f5es e saiba flexion\u00e1-lo","og_description":"Saiba o que \u00e9 um adv\u00e9rbio e aprenda quais s\u00e3o as suas classifica\u00e7\u00f5es, al\u00e9m de conhecer qual a forma correta de flexion\u00e1-lo.","og_url":"https:\/\/militares.estrategia.com\/portal\/materias-e-dicas\/portugues\/adverbios\/","og_site_name":"Estrat\u00e9gia Militares","article_publisher":"https:\/\/www.facebook.com\/EstrategiaMilitares","article_published_time":"2023-02-28T23:23:36+00:00","article_modified_time":"2023-03-16T18:27:30+00:00","og_image":[{"width":1200,"height":629,"url":"https:\/\/cdn.blog.estrategiavestibulares.com.br\/vestibulares\/wp-content\/uploads\/2021\/10\/BQEM.jpg","type":"image\/jpeg"}],"author":"Lucas Gon\u00e7alves","twitter_card":"summary_large_image","twitter_creator":"@estrategiamilit","twitter_site":"@estrategiamilit","twitter_misc":{"Escrito por":"Lucas Gon\u00e7alves","Est. tempo de leitura":"5 minutos"},"schema":{"@context":"https:\/\/schema.org","@graph":[{"@type":"Article","@id":"https:\/\/militares.estrategia.com\/portal\/materias-e-dicas\/portugues\/adverbios\/#article","isPartOf":{"@id":"https:\/\/militares.estrategia.com\/portal\/materias-e-dicas\/portugues\/adverbios\/"},"author":{"name":"Lucas Gon\u00e7alves","@id":"https:\/\/militares.estrategia.com\/portal\/#\/schema\/person\/566b15d6f51f32043ba353771e7ee88a"},"headline":"Adv\u00e9rbios: conhe\u00e7a suas classifica\u00e7\u00f5es e saiba flexion\u00e1-lo","datePublished":"2023-02-28T23:23:36+00:00","dateModified":"2023-03-16T18:27:30+00:00","mainEntityOfPage":{"@id":"https:\/\/militares.estrategia.com\/portal\/materias-e-dicas\/portugues\/adverbios\/"},"wordCount":1091,"publisher":{"@id":"https:\/\/militares.estrategia.com\/portal\/#organization"},"image":{"@id":"https:\/\/militares.estrategia.com\/portal\/materias-e-dicas\/portugues\/adverbios\/#primaryimage"},"thumbnailUrl":"https:\/\/militares.estrategia.com\/portal\/wp-content\/uploads\/2021\/10\/BQEM.jpg","articleSection":["Portugu\u00eas"],"inLanguage":"pt-BR"},{"@type":"WebPage","@id":"https:\/\/militares.estrategia.com\/portal\/materias-e-dicas\/portugues\/adverbios\/","url":"https:\/\/militares.estrategia.com\/portal\/materias-e-dicas\/portugues\/adverbios\/","name":"Adv\u00e9rbios: conhe\u00e7a suas classifica\u00e7\u00f5es e saiba flexion\u00e1-lo","isPartOf":{"@id":"https:\/\/militares.estrategia.com\/portal\/#website"},"primaryImageOfPage":{"@id":"https:\/\/militares.estrategia.com\/portal\/materias-e-dicas\/portugues\/adverbios\/#primaryimage"},"image":{"@id":"https:\/\/militares.estrategia.com\/portal\/materias-e-dicas\/portugues\/adverbios\/#primaryimage"},"thumbnailUrl":"https:\/\/militares.estrategia.com\/portal\/wp-content\/uploads\/2021\/10\/BQEM.jpg","datePublished":"2023-02-28T23:23:36+00:00","dateModified":"2023-03-16T18:27:30+00:00","description":"Saiba o que \u00e9 um adv\u00e9rbio e aprenda quais s\u00e3o as suas classifica\u00e7\u00f5es, al\u00e9m de conhecer qual a forma correta de flexion\u00e1-lo.","breadcrumb":{"@id":"https:\/\/militares.estrategia.com\/portal\/materias-e-dicas\/portugues\/adverbios\/#breadcrumb"},"inLanguage":"pt-BR","potentialAction":[{"@type":"ReadAction","target":["https:\/\/militares.estrategia.com\/portal\/materias-e-dicas\/portugues\/adverbios\/"]}]},{"@type":"ImageObject","inLanguage":"pt-BR","@id":"https:\/\/militares.estrategia.com\/portal\/materias-e-dicas\/portugues\/adverbios\/#primaryimage","url":"https:\/\/militares.estrategia.com\/portal\/wp-content\/uploads\/2021\/10\/BQEM.jpg","contentUrl":"https:\/\/militares.estrategia.com\/portal\/wp-content\/uploads\/2021\/10\/BQEM.jpg","width":1200,"height":629,"caption":"BQEM"},{"@type":"BreadcrumbList","@id":"https:\/\/militares.estrategia.com\/portal\/materias-e-dicas\/portugues\/adverbios\/#breadcrumb","itemListElement":[{"@type":"ListItem","position":1,"name":"Home","item":"https:\/\/militares.estrategia.com\/portal\/"},{"@type":"ListItem","position":2,"name":"Mat\u00e9rias e Dicas","item":"https:\/\/militares.estrategia.com\/portal\/materias-e-dicas\/"},{"@type":"ListItem","position":3,"name":"Portugu\u00eas","item":"https:\/\/militares.estrategia.com\/portal\/materias-e-dicas\/portugues\/"},{"@type":"ListItem","position":4,"name":"Adv\u00e9rbios: conhe\u00e7a suas classifica\u00e7\u00f5es e saiba flexion\u00e1-lo"}]},{"@type":"WebSite","@id":"https:\/\/militares.estrategia.com\/portal\/#website","url":"https:\/\/militares.estrategia.com\/portal\/","name":"Estrat\u00e9gia Militares","description":"","publisher":{"@id":"https:\/\/militares.estrategia.com\/portal\/#organization"},"potentialAction":[{"@type":"SearchAction","target":{"@type":"EntryPoint","urlTemplate":"https:\/\/militares.estrategia.com\/portal\/?s={search_term_string}"},"query-input":{"@type":"PropertyValueSpecification","valueRequired":true,"valueName":"search_term_string"}}],"inLanguage":"pt-BR"},{"@type":"Organization","@id":"https:\/\/militares.estrategia.com\/portal\/#organization","name":"Estrat\u00e9gia Militares","url":"https:\/\/militares.estrategia.com\/portal\/","logo":{"@type":"ImageObject","inLanguage":"pt-BR","@id":"https:\/\/militares.estrategia.com\/portal\/#\/schema\/logo\/image\/","url":"https:\/\/militares.estrategia.com\/portal\/wp-content\/uploads\/2021\/10\/logo-militares.webp","contentUrl":"https:\/\/militares.estrategia.com\/portal\/wp-content\/uploads\/2021\/10\/logo-militares.webp","width":346,"height":90,"caption":"Estrat\u00e9gia Militares"},"image":{"@id":"https:\/\/militares.estrategia.com\/portal\/#\/schema\/logo\/image\/"},"sameAs":["https:\/\/www.facebook.com\/EstrategiaMilitares","https:\/\/x.com\/estrategiamilit","https:\/\/www.instagram.com\/estrategiamilitares\/","https:\/\/www.youtube.com\/channel\/UCRG_9hakCqXxnj_8TqCdgTA"]},{"@type":"Person","@id":"https:\/\/militares.estrategia.com\/portal\/#\/schema\/person\/566b15d6f51f32043ba353771e7ee88a","name":"Lucas Gon\u00e7alves","image":{"@type":"ImageObject","inLanguage":"pt-BR","@id":"https:\/\/militares.estrategia.com\/portal\/#\/schema\/person\/image\/","url":"https:\/\/militares.estrategia.com\/portal\/wp-content\/uploads\/2021\/08\/WhatsApp-Image-2023-04-28-at-13.20.17-150x150.jpeg","contentUrl":"https:\/\/militares.estrategia.com\/portal\/wp-content\/uploads\/2021\/08\/WhatsApp-Image-2023-04-28-at-13.20.17-150x150.jpeg","caption":"Lucas Gon\u00e7alves"},"description":"Lucas \u00e9 um apaixonado pelo mundo dos concursos e pela carreira militar. Amante e praticante do futebol nas horas vagas.","url":"https:\/\/militares.estrategia.com\/portal\/author\/lucas-goncalves\/"}]}},"_wl_alt_label":[],"wl:entity_url":"https:\/\/data.wordlift.io\/wl110246\/post\/adverbios-conheca-suas-classificacoes-e-saiba-flexiona-lo-64570","_links":{"self":[{"href":"https:\/\/militares.estrategia.com\/portal\/wp-json\/wp\/v2\/posts\/64570","targetHints":{"allow":["GET"]}}],"collection":[{"href":"https:\/\/militares.estrategia.com\/portal\/wp-json\/wp\/v2\/posts"}],"about":[{"href":"https:\/\/militares.estrategia.com\/portal\/wp-json\/wp\/v2\/types\/post"}],"author":[{"embeddable":true,"href":"https:\/\/militares.estrategia.com\/portal\/wp-json\/wp\/v2\/users\/53"}],"replies":[{"embeddable":true,"href":"https:\/\/militares.estrategia.com\/portal\/wp-json\/wp\/v2\/comments?post=64570"}],"version-history":[{"count":3,"href":"https:\/\/militares.estrategia.com\/portal\/wp-json\/wp\/v2\/posts\/64570\/revisions"}],"predecessor-version":[{"id":65003,"href":"https:\/\/militares.estrategia.com\/portal\/wp-json\/wp\/v2\/posts\/64570\/revisions\/65003"}],"wp:featuredmedia":[{"embeddable":true,"href":"https:\/\/militares.estrategia.com\/portal\/wp-json\/wp\/v2\/media\/64428"}],"wp:attachment":[{"href":"https:\/\/militares.estrategia.com\/portal\/wp-json\/wp\/v2\/media?parent=64570"}],"wp:term":[{"taxonomy":"category","embeddable":true,"href":"https:\/\/militares.estrategia.com\/portal\/wp-json\/wp\/v2\/categories?post=64570"},{"taxonomy":"post_tag","embeddable":true,"href":"https:\/\/militares.estrategia.com\/portal\/wp-json\/wp\/v2\/tags?post=64570"},{"taxonomy":"wl_entity_type","embeddable":true,"href":"https:\/\/militares.estrategia.com\/portal\/wp-json\/wp\/v2\/wl_entity_type?post=64570"}],"curies":[{"name":"wp","href":"https:\/\/api.w.org\/{rel}","templated":true}]}}