{"id":63743,"date":"2023-02-02T16:45:02","date_gmt":"2023-02-02T19:45:02","guid":{"rendered":"https:\/\/militares.estrategia.com\/portal\/?p=63743"},"modified":"2023-02-02T16:45:08","modified_gmt":"2023-02-02T19:45:08","slug":"jornalista-gloria-maria-e-seu-pioneirismo-na-cobertura-de-conflitos-armados","status":"publish","type":"post","link":"https:\/\/militares.estrategia.com\/portal\/atualidades\/jornalista-gloria-maria-e-seu-pioneirismo-na-cobertura-de-conflitos-armados\/","title":{"rendered":"Jornalista Gl\u00f3ria Maria e seu pioneirismo na cobertura de conflitos armados"},"content":{"rendered":"\n<p>O jornalismo brasileiro perdeu uma de suas estrelas com o<strong> falecimento de Gl\u00f3ria Maria nesta quinta, dia 2 de fevereiro de 2023.<\/strong> O Estrat\u00e9gia Militares tamb\u00e9m deixa aqui sua <strong>homenagem \u00e0 jornalista<\/strong> e relembra seu pioneirismo em muitos aspectos, inclusive na <strong>cobertura de conflitos armados no exterior.\u00a0<\/strong><\/p>\n\n\n\n<p>Gl\u00f3ria Maria nasceu no Rio de Janeiro e formou-se na PUC-RJ como jornalista. Com seu largo sorriso, tornou-se um rosto conhecido na TV brasileira por diversas coberturas hist\u00f3ricas, como a posse do presidente Jimmy Carter, e suas reportagens de lugares ex\u00f3ticos no Fant\u00e1stico. <strong>Foi a primeira a aparecer ao vivo e a cores no Jornal Nacional.\u00a0<\/strong><\/p>\n\n\n\n<p>O pioneirismo dela n\u00e3o para por a\u00ed!<strong> Gl\u00f3ria Maria foi a primeira mulher a cobrir um conflito armado no exterior.<\/strong> Isso aconteceu em 1982, na<strong> Guerra das Malvinas,<\/strong> quando a Inglaterra e a Argentina disputaram a posse de um arquip\u00e9lago a pouco mais de 400 km da costa argentina. Ela cobriu o conflito, que durou um m\u00eas e meio, e tamb\u00e9m anunciou o cessar-fogo, quando ele terminou.\u00a0<\/p>\n\n\n\n<p>Outro conflito que <strong>a jornalista experienciou foi a invas\u00e3o da embaixada japonesa no Peru por um grupo terrorista, chamado de Tupac Amaru<\/strong>. V\u00e1rios embaixadores, inclusive o brasileiro, foram mantidos ref\u00e9ns por mais de 120 dias. Esse epis\u00f3dio aconteceu em 1996 e tamb\u00e9m contou com a cobertura de Gl\u00f3ria Maria.\u00a0<\/p>\n\n\n\n<p>Ela contou sobre as duas experi\u00eancias no programa Roda Viva, na TV Cultura, no ano passado. <\/p>\n\n\n\n<figure class=\"wp-block-embed is-type-video is-provider-youtube wp-block-embed-youtube wp-embed-aspect-16-9 wp-has-aspect-ratio\"><div class=\"wp-block-embed__wrapper\">\n<div class=\"cs-embed cs-embed-responsive\"><iframe title=\"Gl\u00f3ria Maria relembra cobertura da Guerra das Malvinas e outros desafios da carreira\" width=\"1200\" height=\"675\" src=\"https:\/\/www.youtube.com\/embed\/n45DV2w0_Xc?feature=oembed\" frameborder=\"0\" allow=\"accelerometer; autoplay; clipboard-write; encrypted-media; gyroscope; picture-in-picture; web-share\" allowfullscreen><\/iframe><\/div>\n<\/div><\/figure>\n\n\n\n<p>Al\u00e9m disso, ela participou como rep\u00f3rter de outros eventos internacionais de grande import\u00e2ncia, como Olimp\u00edadas e Copas do Mundo.&nbsp;<\/p>\n\n\n\n<p>Gl\u00f3ria Maria faleceu em decorr\u00eancia de um c\u00e2ncer cerebral, deixando <strong>um legado de grandes coberturas jornal\u00edsticas no Brasil e no mundo, <\/strong>tornando-se, ela mesma, mais uma p\u00e1gina na hist\u00f3ria de nosso pa\u00eds.\u00a0<\/p>\n\n\n\n<p>Acompanhe o Portal Estrat\u00e9gia Militares para n\u00e3o perder as not\u00edcias do mundo militar e dos seletivos das For\u00e7as Armadas! Clique no banner e conhe\u00e7a nossos cursos on-line preparat\u00f3rios!<\/p>\n\n\n\n<p><\/p>\n\n\n\n<p><strong><a id=\"cta\" class=\"cta-imagem\" href=\"https:\/\/militares.estrategia.com\/curso\/banco-de-questes-anual\/\" target=\"blank\">\n                <img decoding=\"async\" width=\"100%\" src=\"https:\/\/militares.estrategia.com\/portal\/wp-content\/uploads\/2023\/02\/EM-Banco-de-Questoes.jpg\" alt=\"EM - Banco de Questo\u0303es\" title=\"EM - Banco de Questo\u0303es\">\n        <\/a><\/strong><\/p>\n\n\n","protected":false},"excerpt":{"rendered":"O jornalismo brasileiro perdeu uma de suas estrelas com o falecimento de Gl\u00f3ria Maria nesta quinta, dia 2&hellip;\n","protected":false},"author":9,"featured_media":63744,"comment_status":"closed","ping_status":"closed","sticky":false,"template":"","format":"standard","meta":{"wl_entities_gutenberg":"","footnotes":""},"categories":[39],"tags":[],"wl_entity_type":[187],"class_list":{"0":"post-63743","1":"post","2":"type-post","3":"status-publish","4":"format-standard","5":"has-post-thumbnail","7":"category-atualidades","8":"wl_entity_type-article"},"acf":[],"yoast_head":"<!-- This site is optimized with the Yoast SEO Premium plugin v26.6 (Yoast SEO v26.6) - https:\/\/yoast.com\/wordpress\/plugins\/seo\/ -->\n<title>Jornalista Gl\u00f3ria Maria e a cobertura de conflitos armados<\/title>\n<meta name=\"description\" content=\"Homenagem do Estrat\u00e9gia Militares \u00e0 jornalista Gl\u00f3ria Maria, pioneira na cobertura de conflitos armados no exterior!\" \/>\n<meta name=\"robots\" content=\"index, follow, max-snippet:-1, max-image-preview:large, max-video-preview:-1\" \/>\n<link rel=\"canonical\" href=\"https:\/\/militares.estrategia.com\/portal\/atualidades\/jornalista-gloria-maria-e-seu-pioneirismo-na-cobertura-de-conflitos-armados\/\" \/>\n<meta property=\"og:locale\" content=\"pt_BR\" \/>\n<meta property=\"og:type\" content=\"article\" \/>\n<meta property=\"og:title\" content=\"Jornalista Gl\u00f3ria Maria e seu pioneirismo na cobertura de conflitos armados\" \/>\n<meta property=\"og:description\" content=\"Homenagem do Estrat\u00e9gia Militares \u00e0 jornalista Gl\u00f3ria Maria, pioneira na cobertura de conflitos armados no exterior!\" \/>\n<meta property=\"og:url\" content=\"https:\/\/militares.estrategia.com\/portal\/atualidades\/jornalista-gloria-maria-e-seu-pioneirismo-na-cobertura-de-conflitos-armados\/\" \/>\n<meta property=\"og:site_name\" content=\"Estrat\u00e9gia Militares\" \/>\n<meta property=\"article:publisher\" content=\"https:\/\/www.facebook.com\/EstrategiaMilitares\" \/>\n<meta property=\"article:published_time\" content=\"2023-02-02T19:45:02+00:00\" \/>\n<meta property=\"article:modified_time\" content=\"2023-02-02T19:45:08+00:00\" \/>\n<meta property=\"og:image\" content=\"https:\/\/cdn.blog.estrategiavestibulares.com.br\/vestibulares\/wp-content\/uploads\/2023\/02\/acervo-TV-Globo.jpg\" \/>\n\t<meta property=\"og:image:width\" content=\"1200\" \/>\n\t<meta property=\"og:image:height\" content=\"675\" \/>\n\t<meta property=\"og:image:type\" content=\"image\/jpeg\" \/>\n<meta name=\"author\" content=\"Raquel Oshio\" \/>\n<meta name=\"twitter:card\" content=\"summary_large_image\" \/>\n<meta name=\"twitter:creator\" content=\"@estrategiamilit\" \/>\n<meta name=\"twitter:site\" content=\"@estrategiamilit\" \/>\n<meta name=\"twitter:label1\" content=\"Escrito por\" \/>\n\t<meta name=\"twitter:data1\" content=\"Raquel Oshio\" \/>\n\t<meta name=\"twitter:label2\" content=\"Est. tempo de leitura\" \/>\n\t<meta name=\"twitter:data2\" content=\"2 minutos\" \/>\n<script type=\"application\/ld+json\" class=\"yoast-schema-graph\">{\"@context\":\"https:\/\/schema.org\",\"@graph\":[{\"@type\":\"Article\",\"@id\":\"https:\/\/militares.estrategia.com\/portal\/atualidades\/jornalista-gloria-maria-e-seu-pioneirismo-na-cobertura-de-conflitos-armados\/#article\",\"isPartOf\":{\"@id\":\"https:\/\/militares.estrategia.com\/portal\/atualidades\/jornalista-gloria-maria-e-seu-pioneirismo-na-cobertura-de-conflitos-armados\/\"},\"author\":{\"name\":\"Raquel Oshio\",\"@id\":\"https:\/\/militares.estrategia.com\/portal\/#\/schema\/person\/46e1f54d690b6a851270112cd62d2f37\"},\"headline\":\"Jornalista Gl\u00f3ria Maria e seu pioneirismo na cobertura de conflitos armados\",\"datePublished\":\"2023-02-02T19:45:02+00:00\",\"dateModified\":\"2023-02-02T19:45:08+00:00\",\"mainEntityOfPage\":{\"@id\":\"https:\/\/militares.estrategia.com\/portal\/atualidades\/jornalista-gloria-maria-e-seu-pioneirismo-na-cobertura-de-conflitos-armados\/\"},\"wordCount\":366,\"publisher\":{\"@id\":\"https:\/\/militares.estrategia.com\/portal\/#organization\"},\"image\":{\"@id\":\"https:\/\/militares.estrategia.com\/portal\/atualidades\/jornalista-gloria-maria-e-seu-pioneirismo-na-cobertura-de-conflitos-armados\/#primaryimage\"},\"thumbnailUrl\":\"https:\/\/militares.estrategia.com\/portal\/wp-content\/uploads\/2023\/02\/acervo-TV-Globo.jpg\",\"articleSection\":[\"Atualidades\"],\"inLanguage\":\"pt-BR\"},{\"@type\":\"WebPage\",\"@id\":\"https:\/\/militares.estrategia.com\/portal\/atualidades\/jornalista-gloria-maria-e-seu-pioneirismo-na-cobertura-de-conflitos-armados\/\",\"url\":\"https:\/\/militares.estrategia.com\/portal\/atualidades\/jornalista-gloria-maria-e-seu-pioneirismo-na-cobertura-de-conflitos-armados\/\",\"name\":\"Jornalista Gl\u00f3ria Maria e a cobertura de conflitos armados\",\"isPartOf\":{\"@id\":\"https:\/\/militares.estrategia.com\/portal\/#website\"},\"primaryImageOfPage\":{\"@id\":\"https:\/\/militares.estrategia.com\/portal\/atualidades\/jornalista-gloria-maria-e-seu-pioneirismo-na-cobertura-de-conflitos-armados\/#primaryimage\"},\"image\":{\"@id\":\"https:\/\/militares.estrategia.com\/portal\/atualidades\/jornalista-gloria-maria-e-seu-pioneirismo-na-cobertura-de-conflitos-armados\/#primaryimage\"},\"thumbnailUrl\":\"https:\/\/militares.estrategia.com\/portal\/wp-content\/uploads\/2023\/02\/acervo-TV-Globo.jpg\",\"datePublished\":\"2023-02-02T19:45:02+00:00\",\"dateModified\":\"2023-02-02T19:45:08+00:00\",\"description\":\"Homenagem do Estrat\u00e9gia Militares \u00e0 jornalista Gl\u00f3ria Maria, pioneira na cobertura de conflitos armados no exterior!\",\"breadcrumb\":{\"@id\":\"https:\/\/militares.estrategia.com\/portal\/atualidades\/jornalista-gloria-maria-e-seu-pioneirismo-na-cobertura-de-conflitos-armados\/#breadcrumb\"},\"inLanguage\":\"pt-BR\",\"potentialAction\":[{\"@type\":\"ReadAction\",\"target\":[\"https:\/\/militares.estrategia.com\/portal\/atualidades\/jornalista-gloria-maria-e-seu-pioneirismo-na-cobertura-de-conflitos-armados\/\"]}]},{\"@type\":\"ImageObject\",\"inLanguage\":\"pt-BR\",\"@id\":\"https:\/\/militares.estrategia.com\/portal\/atualidades\/jornalista-gloria-maria-e-seu-pioneirismo-na-cobertura-de-conflitos-armados\/#primaryimage\",\"url\":\"https:\/\/militares.estrategia.com\/portal\/wp-content\/uploads\/2023\/02\/acervo-TV-Globo.jpg\",\"contentUrl\":\"https:\/\/militares.estrategia.com\/portal\/wp-content\/uploads\/2023\/02\/acervo-TV-Globo.jpg\",\"width\":1200,\"height\":675,\"caption\":\"Cr\u00e9ditos: Acervo Grupo Globo\"},{\"@type\":\"BreadcrumbList\",\"@id\":\"https:\/\/militares.estrategia.com\/portal\/atualidades\/jornalista-gloria-maria-e-seu-pioneirismo-na-cobertura-de-conflitos-armados\/#breadcrumb\",\"itemListElement\":[{\"@type\":\"ListItem\",\"position\":1,\"name\":\"Home\",\"item\":\"https:\/\/militares.estrategia.com\/portal\/\"},{\"@type\":\"ListItem\",\"position\":2,\"name\":\"Atualidades\",\"item\":\"https:\/\/militares.estrategia.com\/portal\/atualidades\/\"},{\"@type\":\"ListItem\",\"position\":3,\"name\":\"Jornalista Gl\u00f3ria Maria e seu pioneirismo na cobertura de conflitos armados\"}]},{\"@type\":\"WebSite\",\"@id\":\"https:\/\/militares.estrategia.com\/portal\/#website\",\"url\":\"https:\/\/militares.estrategia.com\/portal\/\",\"name\":\"Estrat\u00e9gia Militares\",\"description\":\"\",\"publisher\":{\"@id\":\"https:\/\/militares.estrategia.com\/portal\/#organization\"},\"potentialAction\":[{\"@type\":\"SearchAction\",\"target\":{\"@type\":\"EntryPoint\",\"urlTemplate\":\"https:\/\/militares.estrategia.com\/portal\/?s={search_term_string}\"},\"query-input\":{\"@type\":\"PropertyValueSpecification\",\"valueRequired\":true,\"valueName\":\"search_term_string\"}}],\"inLanguage\":\"pt-BR\"},{\"@type\":\"Organization\",\"@id\":\"https:\/\/militares.estrategia.com\/portal\/#organization\",\"name\":\"Estrat\u00e9gia Militares\",\"url\":\"https:\/\/militares.estrategia.com\/portal\/\",\"logo\":{\"@type\":\"ImageObject\",\"inLanguage\":\"pt-BR\",\"@id\":\"https:\/\/militares.estrategia.com\/portal\/#\/schema\/logo\/image\/\",\"url\":\"https:\/\/militares.estrategia.com\/portal\/wp-content\/uploads\/2021\/10\/logo-militares.webp\",\"contentUrl\":\"https:\/\/militares.estrategia.com\/portal\/wp-content\/uploads\/2021\/10\/logo-militares.webp\",\"width\":346,\"height\":90,\"caption\":\"Estrat\u00e9gia Militares\"},\"image\":{\"@id\":\"https:\/\/militares.estrategia.com\/portal\/#\/schema\/logo\/image\/\"},\"sameAs\":[\"https:\/\/www.facebook.com\/EstrategiaMilitares\",\"https:\/\/x.com\/estrategiamilit\",\"https:\/\/www.instagram.com\/estrategiamilitares\/\",\"https:\/\/www.youtube.com\/channel\/UCRG_9hakCqXxnj_8TqCdgTA\"]},{\"@type\":\"Person\",\"@id\":\"https:\/\/militares.estrategia.com\/portal\/#\/schema\/person\/46e1f54d690b6a851270112cd62d2f37\",\"name\":\"Raquel Oshio\",\"image\":{\"@type\":\"ImageObject\",\"inLanguage\":\"pt-BR\",\"@id\":\"https:\/\/militares.estrategia.com\/portal\/#\/schema\/person\/image\/\",\"url\":\"https:\/\/secure.gravatar.com\/avatar\/fa4e62d5e59d9cf9995ea9c715a78807?s=96&d=mm&r=g\",\"contentUrl\":\"https:\/\/secure.gravatar.com\/avatar\/fa4e62d5e59d9cf9995ea9c715a78807?s=96&d=mm&r=g\",\"caption\":\"Raquel Oshio\"},\"description\":\"Raquel Kie \u00e9 amante de hist\u00f3rias e ca\u00e7adora de belezas escondidas. Jornalista de profiss\u00e3o e cora\u00e7\u00e3o. Desenhista e escritora de fic\u00e7\u00e3o nas horas vagas. Acredito no potencial transformador de todo trabalho feito com dedica\u00e7\u00e3o.\",\"url\":\"https:\/\/militares.estrategia.com\/portal\/author\/raqueloshio\/\"}]}<\/script>\n<!-- \/ Yoast SEO Premium plugin. -->","yoast_head_json":{"title":"Jornalista Gl\u00f3ria Maria e a cobertura de conflitos armados","description":"Homenagem do Estrat\u00e9gia Militares \u00e0 jornalista Gl\u00f3ria Maria, pioneira na cobertura de conflitos armados no exterior!","robots":{"index":"index","follow":"follow","max-snippet":"max-snippet:-1","max-image-preview":"max-image-preview:large","max-video-preview":"max-video-preview:-1"},"canonical":"https:\/\/militares.estrategia.com\/portal\/atualidades\/jornalista-gloria-maria-e-seu-pioneirismo-na-cobertura-de-conflitos-armados\/","og_locale":"pt_BR","og_type":"article","og_title":"Jornalista Gl\u00f3ria Maria e seu pioneirismo na cobertura de conflitos armados","og_description":"Homenagem do Estrat\u00e9gia Militares \u00e0 jornalista Gl\u00f3ria Maria, pioneira na cobertura de conflitos armados no exterior!","og_url":"https:\/\/militares.estrategia.com\/portal\/atualidades\/jornalista-gloria-maria-e-seu-pioneirismo-na-cobertura-de-conflitos-armados\/","og_site_name":"Estrat\u00e9gia Militares","article_publisher":"https:\/\/www.facebook.com\/EstrategiaMilitares","article_published_time":"2023-02-02T19:45:02+00:00","article_modified_time":"2023-02-02T19:45:08+00:00","og_image":[{"width":1200,"height":675,"url":"https:\/\/cdn.blog.estrategiavestibulares.com.br\/vestibulares\/wp-content\/uploads\/2023\/02\/acervo-TV-Globo.jpg","type":"image\/jpeg"}],"author":"Raquel Oshio","twitter_card":"summary_large_image","twitter_creator":"@estrategiamilit","twitter_site":"@estrategiamilit","twitter_misc":{"Escrito por":"Raquel Oshio","Est. tempo de leitura":"2 minutos"},"schema":{"@context":"https:\/\/schema.org","@graph":[{"@type":"Article","@id":"https:\/\/militares.estrategia.com\/portal\/atualidades\/jornalista-gloria-maria-e-seu-pioneirismo-na-cobertura-de-conflitos-armados\/#article","isPartOf":{"@id":"https:\/\/militares.estrategia.com\/portal\/atualidades\/jornalista-gloria-maria-e-seu-pioneirismo-na-cobertura-de-conflitos-armados\/"},"author":{"name":"Raquel Oshio","@id":"https:\/\/militares.estrategia.com\/portal\/#\/schema\/person\/46e1f54d690b6a851270112cd62d2f37"},"headline":"Jornalista Gl\u00f3ria Maria e seu pioneirismo na cobertura de conflitos armados","datePublished":"2023-02-02T19:45:02+00:00","dateModified":"2023-02-02T19:45:08+00:00","mainEntityOfPage":{"@id":"https:\/\/militares.estrategia.com\/portal\/atualidades\/jornalista-gloria-maria-e-seu-pioneirismo-na-cobertura-de-conflitos-armados\/"},"wordCount":366,"publisher":{"@id":"https:\/\/militares.estrategia.com\/portal\/#organization"},"image":{"@id":"https:\/\/militares.estrategia.com\/portal\/atualidades\/jornalista-gloria-maria-e-seu-pioneirismo-na-cobertura-de-conflitos-armados\/#primaryimage"},"thumbnailUrl":"https:\/\/militares.estrategia.com\/portal\/wp-content\/uploads\/2023\/02\/acervo-TV-Globo.jpg","articleSection":["Atualidades"],"inLanguage":"pt-BR"},{"@type":"WebPage","@id":"https:\/\/militares.estrategia.com\/portal\/atualidades\/jornalista-gloria-maria-e-seu-pioneirismo-na-cobertura-de-conflitos-armados\/","url":"https:\/\/militares.estrategia.com\/portal\/atualidades\/jornalista-gloria-maria-e-seu-pioneirismo-na-cobertura-de-conflitos-armados\/","name":"Jornalista Gl\u00f3ria Maria e a cobertura de conflitos armados","isPartOf":{"@id":"https:\/\/militares.estrategia.com\/portal\/#website"},"primaryImageOfPage":{"@id":"https:\/\/militares.estrategia.com\/portal\/atualidades\/jornalista-gloria-maria-e-seu-pioneirismo-na-cobertura-de-conflitos-armados\/#primaryimage"},"image":{"@id":"https:\/\/militares.estrategia.com\/portal\/atualidades\/jornalista-gloria-maria-e-seu-pioneirismo-na-cobertura-de-conflitos-armados\/#primaryimage"},"thumbnailUrl":"https:\/\/militares.estrategia.com\/portal\/wp-content\/uploads\/2023\/02\/acervo-TV-Globo.jpg","datePublished":"2023-02-02T19:45:02+00:00","dateModified":"2023-02-02T19:45:08+00:00","description":"Homenagem do Estrat\u00e9gia Militares \u00e0 jornalista Gl\u00f3ria Maria, pioneira na cobertura de conflitos armados no exterior!","breadcrumb":{"@id":"https:\/\/militares.estrategia.com\/portal\/atualidades\/jornalista-gloria-maria-e-seu-pioneirismo-na-cobertura-de-conflitos-armados\/#breadcrumb"},"inLanguage":"pt-BR","potentialAction":[{"@type":"ReadAction","target":["https:\/\/militares.estrategia.com\/portal\/atualidades\/jornalista-gloria-maria-e-seu-pioneirismo-na-cobertura-de-conflitos-armados\/"]}]},{"@type":"ImageObject","inLanguage":"pt-BR","@id":"https:\/\/militares.estrategia.com\/portal\/atualidades\/jornalista-gloria-maria-e-seu-pioneirismo-na-cobertura-de-conflitos-armados\/#primaryimage","url":"https:\/\/militares.estrategia.com\/portal\/wp-content\/uploads\/2023\/02\/acervo-TV-Globo.jpg","contentUrl":"https:\/\/militares.estrategia.com\/portal\/wp-content\/uploads\/2023\/02\/acervo-TV-Globo.jpg","width":1200,"height":675,"caption":"Cr\u00e9ditos: Acervo Grupo Globo"},{"@type":"BreadcrumbList","@id":"https:\/\/militares.estrategia.com\/portal\/atualidades\/jornalista-gloria-maria-e-seu-pioneirismo-na-cobertura-de-conflitos-armados\/#breadcrumb","itemListElement":[{"@type":"ListItem","position":1,"name":"Home","item":"https:\/\/militares.estrategia.com\/portal\/"},{"@type":"ListItem","position":2,"name":"Atualidades","item":"https:\/\/militares.estrategia.com\/portal\/atualidades\/"},{"@type":"ListItem","position":3,"name":"Jornalista Gl\u00f3ria Maria e seu pioneirismo na cobertura de conflitos armados"}]},{"@type":"WebSite","@id":"https:\/\/militares.estrategia.com\/portal\/#website","url":"https:\/\/militares.estrategia.com\/portal\/","name":"Estrat\u00e9gia Militares","description":"","publisher":{"@id":"https:\/\/militares.estrategia.com\/portal\/#organization"},"potentialAction":[{"@type":"SearchAction","target":{"@type":"EntryPoint","urlTemplate":"https:\/\/militares.estrategia.com\/portal\/?s={search_term_string}"},"query-input":{"@type":"PropertyValueSpecification","valueRequired":true,"valueName":"search_term_string"}}],"inLanguage":"pt-BR"},{"@type":"Organization","@id":"https:\/\/militares.estrategia.com\/portal\/#organization","name":"Estrat\u00e9gia Militares","url":"https:\/\/militares.estrategia.com\/portal\/","logo":{"@type":"ImageObject","inLanguage":"pt-BR","@id":"https:\/\/militares.estrategia.com\/portal\/#\/schema\/logo\/image\/","url":"https:\/\/militares.estrategia.com\/portal\/wp-content\/uploads\/2021\/10\/logo-militares.webp","contentUrl":"https:\/\/militares.estrategia.com\/portal\/wp-content\/uploads\/2021\/10\/logo-militares.webp","width":346,"height":90,"caption":"Estrat\u00e9gia Militares"},"image":{"@id":"https:\/\/militares.estrategia.com\/portal\/#\/schema\/logo\/image\/"},"sameAs":["https:\/\/www.facebook.com\/EstrategiaMilitares","https:\/\/x.com\/estrategiamilit","https:\/\/www.instagram.com\/estrategiamilitares\/","https:\/\/www.youtube.com\/channel\/UCRG_9hakCqXxnj_8TqCdgTA"]},{"@type":"Person","@id":"https:\/\/militares.estrategia.com\/portal\/#\/schema\/person\/46e1f54d690b6a851270112cd62d2f37","name":"Raquel Oshio","image":{"@type":"ImageObject","inLanguage":"pt-BR","@id":"https:\/\/militares.estrategia.com\/portal\/#\/schema\/person\/image\/","url":"https:\/\/secure.gravatar.com\/avatar\/fa4e62d5e59d9cf9995ea9c715a78807?s=96&d=mm&r=g","contentUrl":"https:\/\/secure.gravatar.com\/avatar\/fa4e62d5e59d9cf9995ea9c715a78807?s=96&d=mm&r=g","caption":"Raquel Oshio"},"description":"Raquel Kie \u00e9 amante de hist\u00f3rias e ca\u00e7adora de belezas escondidas. Jornalista de profiss\u00e3o e cora\u00e7\u00e3o. Desenhista e escritora de fic\u00e7\u00e3o nas horas vagas. Acredito no potencial transformador de todo trabalho feito com dedica\u00e7\u00e3o.","url":"https:\/\/militares.estrategia.com\/portal\/author\/raqueloshio\/"}]}},"_wl_alt_label":[],"wl:entity_url":"https:\/\/data.wordlift.io\/wl110246\/post\/jornalista-gloria-maria-e-seu-pioneirismo-na-cobertura-de-conflitos-armados-63743-2","_links":{"self":[{"href":"https:\/\/militares.estrategia.com\/portal\/wp-json\/wp\/v2\/posts\/63743","targetHints":{"allow":["GET"]}}],"collection":[{"href":"https:\/\/militares.estrategia.com\/portal\/wp-json\/wp\/v2\/posts"}],"about":[{"href":"https:\/\/militares.estrategia.com\/portal\/wp-json\/wp\/v2\/types\/post"}],"author":[{"embeddable":true,"href":"https:\/\/militares.estrategia.com\/portal\/wp-json\/wp\/v2\/users\/9"}],"replies":[{"embeddable":true,"href":"https:\/\/militares.estrategia.com\/portal\/wp-json\/wp\/v2\/comments?post=63743"}],"version-history":[{"count":1,"href":"https:\/\/militares.estrategia.com\/portal\/wp-json\/wp\/v2\/posts\/63743\/revisions"}],"predecessor-version":[{"id":63746,"href":"https:\/\/militares.estrategia.com\/portal\/wp-json\/wp\/v2\/posts\/63743\/revisions\/63746"}],"wp:featuredmedia":[{"embeddable":true,"href":"https:\/\/militares.estrategia.com\/portal\/wp-json\/wp\/v2\/media\/63744"}],"wp:attachment":[{"href":"https:\/\/militares.estrategia.com\/portal\/wp-json\/wp\/v2\/media?parent=63743"}],"wp:term":[{"taxonomy":"category","embeddable":true,"href":"https:\/\/militares.estrategia.com\/portal\/wp-json\/wp\/v2\/categories?post=63743"},{"taxonomy":"post_tag","embeddable":true,"href":"https:\/\/militares.estrategia.com\/portal\/wp-json\/wp\/v2\/tags?post=63743"},{"taxonomy":"wl_entity_type","embeddable":true,"href":"https:\/\/militares.estrategia.com\/portal\/wp-json\/wp\/v2\/wl_entity_type?post=63743"}],"curies":[{"name":"wp","href":"https:\/\/api.w.org\/{rel}","templated":true}]}}