{"id":63012,"date":"2023-01-12T10:45:50","date_gmt":"2023-01-12T13:45:50","guid":{"rendered":"https:\/\/militares.estrategia.com\/portal\/?p=63012"},"modified":"2026-01-12T11:38:57","modified_gmt":"2026-01-12T14:38:57","slug":"12-de-janeiro-tomada-de-caiena-capital-da-guiana-francesa","status":"publish","type":"post","link":"https:\/\/militares.estrategia.com\/portal\/mundo-militar\/datas-comemorativas\/12-de-janeiro-tomada-de-caiena-capital-da-guiana-francesa\/","title":{"rendered":"12 de janeiro: tomada de Caiena, capital da Guiana Francesa"},"content":{"rendered":"\n<p>A tomada de Caiena por Portugal foi cercada de interesses e quebra de diversos tratados firmados entre os portugueses e os franceses. Confira esse artigo que o <strong>Estrat\u00e9gia Militares<\/strong> preparou para voc\u00ea com muitas informa\u00e7\u00f5es e curiosidades.<\/p>\n\n\n\n<p>A tomada de Caiena, capital da Guiana Francesa, se iniciou com a transfer\u00eancia da corte portuguesa para o Brasil, em 1808. <strong>O per\u00edodo de perman\u00eancia da corte portuguesa no Brasil \u00e9 popularmente conhecido como Per\u00edodo Joanino.&nbsp;<\/strong><\/p>\n\n\n<div id=\"new-form\">\n\t<form id=\"forms_layout\">\n\t<input type=\"hidden\" id=\"chave_de\" name=\"chave_de\" value=\"01_EMIL_LEADS_TOTAIS\" \/>\n\t\t<input type=\"hidden\" id=\"mid\" name=\"mid\" value=\"515009017\" \/>\n\t\t<input type=\"hidden\" id=\"Objetivo\" name=\"Objetivo\" value=\"Militares\" \/>\n\t\t<input type=\"hidden\" id=\"Estado_de_Origem_do_IP\" name=\"Estado_de_Origem_do_IP\"  value=\"\" \/>\n\t\t<input type=\"hidden\" id=\"Cidade_de_Origem_do_IP\" name=\"Cidade_de_Origem_do_IP\" value=\"\" \/>\n\t\t<input type=\"hidden\" id=\"Modo_de_entrada\" name=\"Modo_de_entrada\" value=\"Portal\" \/>\n\t\t<input type=\"hidden\" id=\"Pagina_Origem\" name=\"Pagina_Origem\" value=\"\" \/>\n\n\t\t<div class=\"texto\">\n\t\t\t<h3 class=\"news\">Inscreva-se em nossa newsletter!<\/h3>\n\t\t\t<p>Receba not\u00edcias sobre os mais importantes concursos para as For\u00e7as Armadas brasileiras e informa\u00e7\u00f5es sobre o mundo militar!<\/p>\n\t\t<\/div>\n\t\t<div class=\"campos\">\n\t\t\t<div class=\"first_name labels\">\n\t\t\t\t<input type=\"text\" class=\"input_labels\" id=\"first_name\" name=\"Nome_Completo\" placeholder=\"Nome\" required \/>\n\t\t\t<\/div>\n\t\t\t<div class=\"email labels\">\n\t\t\t\t<input type=\"email\" class=\"input_labels\" id=\"email\" name=\"Email\" placeholder=\"E-mail\" required \/>\n\t\t\t<\/div>\n\t\t\t<button type=\"submit\" class=\"button_layout\">\n\t\t\t\t<div id=\"lblBotao\">Inscreva-se<\/div>\n\t\t\t\t<span id=\"divSpiner\" class=\"loader\" role=\"status\" style=\"display: none;\"><\/span>\t\n\t\t\t<\/button>\n\t\t<\/div><!-- \/campos -->\n\t\t\n\t\t<label class=\"container_checkbox\">Voc\u00ea concorda com a nossa\n\t\t\t<a class=\"politics_privacy_ahref\" target=\"_blank\" href=\"https:\/\/gratis.estrategiaconcursos.com.br\/politica-de-privacidade\/\">Pol\u00edtica de Privacidade<\/a> e aceita receber informa\u00e7\u00f5es adicionais do Estrat\u00e9gia Educacional.\n\t\t\t<input id=\"checkbox_layout\" type=\"checkbox\" checked=\"checked\" required \/>\n\t\t\t<span class=\"checkbox\"><\/span>\n\t\t<\/label>\n\t\t<div id=\"msg\"><\/div>\n\t\t<div id=\"error\" class=\"error\">\n\t\t<\/div>\n\t<\/form>\n<\/div><!-- \/new-form -->\n\n\n\n<div id=\"ez-toc-container\" class=\"ez-toc-v2_0_79_2 counter-hierarchy ez-toc-counter ez-toc-transparent ez-toc-container-direction\">\n<div class=\"ez-toc-title-container\"><p class=\"ez-toc-title\" style=\"cursor:inherit\">Navegue pelo conte\u00fado\t<\/p>\n<\/div><nav><ul class='ez-toc-list ez-toc-list-level-1 ' ><li class='ez-toc-page-1 ez-toc-heading-level-2'><a class=\"ez-toc-link ez-toc-heading-1\" href=\"https:\/\/militares.estrategia.com\/portal\/mundo-militar\/datas-comemorativas\/12-de-janeiro-tomada-de-caiena-capital-da-guiana-francesa\/#Vinda-da-Familia-Real\" >Vinda da Fam\u00edlia Real<\/a><\/li><li class='ez-toc-page-1 ez-toc-heading-level-2'><a class=\"ez-toc-link ez-toc-heading-2\" href=\"https:\/\/militares.estrategia.com\/portal\/mundo-militar\/datas-comemorativas\/12-de-janeiro-tomada-de-caiena-capital-da-guiana-francesa\/#Por-que-o-Brasil-atacou-a-Guiana-Francesa\" >Por que o Brasil atacou a Guiana Francesa?<\/a><\/li><li class='ez-toc-page-1 ez-toc-heading-level-2'><a class=\"ez-toc-link ez-toc-heading-3\" href=\"https:\/\/militares.estrategia.com\/portal\/mundo-militar\/datas-comemorativas\/12-de-janeiro-tomada-de-caiena-capital-da-guiana-francesa\/#Quais-tratados-foram-quebrados-na-tomada-da-Guiana-Francesa\" >Quais tratados foram quebrados na tomada da Guiana Francesa?<\/a><\/li><li class='ez-toc-page-1 ez-toc-heading-level-2'><a class=\"ez-toc-link ez-toc-heading-4\" href=\"https:\/\/militares.estrategia.com\/portal\/mundo-militar\/datas-comemorativas\/12-de-janeiro-tomada-de-caiena-capital-da-guiana-francesa\/#Como-foi-a-tomada-de-Caiena-na-Guiana-Francesa\" >Como foi a tomada de Caiena, na Guiana Francesa?<\/a><\/li><li class='ez-toc-page-1 ez-toc-heading-level-2'><a class=\"ez-toc-link ez-toc-heading-5\" href=\"https:\/\/militares.estrategia.com\/portal\/mundo-militar\/datas-comemorativas\/12-de-janeiro-tomada-de-caiena-capital-da-guiana-francesa\/#Quando-o-Brasil-devolveu-a-Guiana-Francesa\" >Quando o Brasil devolveu a Guiana Francesa?<\/a><\/li><\/ul><\/nav><\/div>\n<h2 class=\"wp-block-heading\" id=\"h-vinda-da-familia-real\"><span class=\"ez-toc-section\" id=\"Vinda-da-Familia-Real\"><\/span>Vinda da Fam\u00edlia Real<span class=\"ez-toc-section-end\"><\/span><\/h2>\n\n\n\n<p>\u00c9 importante destacar que D. Jo\u00e3o transferiu a corte devido ao Bloqueio Continental institu\u00eddo por Napole\u00e3o Bonaparte contra os ingleses. <strong>Napole\u00e3o estava pressionando D. Jo\u00e3o a aderir ao Bloqueio para que, dessa forma, parasse de comercializar com a Inglaterra.&nbsp;<\/strong><\/p>\n\n\n\n<p><strong>Se n\u00e3o aderisse ao Bloqueio Continental, o territ\u00f3rio portugu\u00eas seria invadido por Napole\u00e3o. No entanto, Portugal tamb\u00e9m poderia receber repres\u00e1lias dos ingleses &#8211; que amea\u00e7aram invadir tanto seu pa\u00eds quanto o Brasil<\/strong> &#8211; caso o com\u00e9rcio com a Inglaterra fosse rompido.&nbsp;<\/p>\n\n\n\n<p>Ou seja, D. Jo\u00e3o estava em uma \u201csinuca de bico\u201d, na qual a \u00fanica forma de escapar de Napole\u00e3o foi<strong> a transfer\u00eancia da corte portuguesa para o Brasil.<\/strong><\/p>\n\n\n\n<p>A chegada de Dom Jo\u00e3o ao Brasil provocou grande impacto na vida da popula\u00e7\u00e3o do Rio de Janeiro, <strong>pois era a primeira vez na hist\u00f3ria que um governante europeu transferia a capital de seu reino para o continente americano.&nbsp;<\/strong><\/p>\n\n\n\n<p>Al\u00e9m de liberar o com\u00e9rcio, a abertura dos portos diminuiu o contrabando e os recursos arrecadados pela Coroa aumentaram. \u00c9 importante salientar que os produtos ingleses tomaram conta do pa\u00eds, impedindo o desenvolvimento de manufaturas no Brasil, <strong>mesmo ap\u00f3s o monarca ter revogado o Alvar\u00e1 de 1785, que proibia a produ\u00e7\u00e3o de manufaturas em nosso territ\u00f3rio.<\/strong><\/p>\n\n\n\n<p>Por isso, n\u00e3o houve um grande desenvolvimento manufatureiro na col\u00f4nia, pois as taxas eram muito baixas para os produtos ingleses e os que eram fabricados aqui tinham dificuldade de competir no mercado.<\/p>\n\n\n<div class=\"wp-block-image\">\n<figure class=\"aligncenter size-large\"><img decoding=\"async\" width=\"1024\" height=\"657\" src=\"https:\/\/militares.estrategia.com\/portal\/wp-content\/uploads\/2023\/01\/image-1024x657.jpeg\" alt=\"Militares em combate\" class=\"wp-image-63013\" srcset=\"https:\/\/militares.estrategia.com\/portal\/wp-content\/uploads\/2023\/01\/image-1024x657.jpeg 1024w, https:\/\/militares.estrategia.com\/portal\/wp-content\/uploads\/2023\/01\/image-768x493.jpeg 768w, https:\/\/militares.estrategia.com\/portal\/wp-content\/uploads\/2023\/01\/image-1536x986.jpeg 1536w, https:\/\/militares.estrategia.com\/portal\/wp-content\/uploads\/2023\/01\/image-800x514.jpeg 800w, https:\/\/militares.estrategia.com\/portal\/wp-content\/uploads\/2023\/01\/image-1160x745.jpeg 1160w, https:\/\/militares.estrategia.com\/portal\/wp-content\/uploads\/2023\/01\/image.jpeg 1600w\" sizes=\"(max-width: 1024px) 100vw, 1024px\" \/><\/figure><\/div>\n\n\n<h2 class=\"wp-block-heading\" id=\"h-por-que-o-brasil-atacou-a-guiana-francesa\"><span class=\"ez-toc-section\" id=\"Por-que-o-Brasil-atacou-a-Guiana-Francesa\"><\/span>Por que o Brasil atacou a Guiana Francesa?<span class=\"ez-toc-section-end\"><\/span><\/h2>\n\n\n\n<p>Em sua pol\u00edtica externa, Dom Jo\u00e3o promoveu duas anexa\u00e7\u00f5es territoriais. <strong>Em 12 de janeiro de 1809, as tropas imperiais invadiram a Guiana Francesa com apoio de tropas inglesas. A ocupa\u00e7\u00e3o era uma repres\u00e1lia \u00e0 invas\u00e3o de Portugal pelos franceses.<\/strong><\/p>\n\n\n\n<p>Antes da invas\u00e3o ocorrer de fato, o governo de D. Jo\u00e3o VI tomou duas medidas geopol\u00edticas:&nbsp;<\/p>\n\n\n\n<ul class=\"wp-block-list\">\n<li>A primeira foi a declara\u00e7\u00e3o de nulidade dos Tratados firmados anteriormente com a Fran\u00e7a; e<\/li>\n\n\n\n<li>A segunda foi uma declara\u00e7\u00e3o formal de guerra contra os franceses.<\/li>\n<\/ul>\n\n\n\n<h2 class=\"wp-block-heading\" id=\"h-quais-tratados-foram-quebrados-na-tomada-da-guiana-francesa\"><span class=\"ez-toc-section\" id=\"Quais-tratados-foram-quebrados-na-tomada-da-Guiana-Francesa\"><\/span>Quais tratados foram quebrados na tomada da Guiana Francesa?<span class=\"ez-toc-section-end\"><\/span><\/h2>\n\n\n\n<p>Os tratados firmados anteriormente entre os portugueses e os franceses visavam solucionar a quest\u00e3o do limite territorial entre a col\u00f4nia brasileira e a Guiana Francesa. O \u00faltimo tratado firmado entre os pa\u00edses europeus foi o<strong> Tratado de Utrecht, de 1713<\/strong>, que determinava no art. 8\u00ba:&nbsp;<\/p>\n\n\n\n<p><em>\u201cO limite pelo Rio Oiapoque ou de Vicente Pinz\u00f3n\u201d.<\/em><\/p>\n\n\n\n<p>Al\u00e9m do <strong>Tratado de Utrecht,<\/strong> foram rompidos <strong>o Tratado de Paris &#8211; conhecido tamb\u00e9m como Talleyrand-Ara\u00fajo,<\/strong> em refer\u00eancia aos negociadores -, <strong>o Tratado de Badaj\u00f3s, o Tratado de Madri e o Tratado de Amiens.<\/strong><\/p>\n\n\n\n<p>Entenda um pouco sobre cada um deles:&nbsp;<\/p>\n\n\n\n<ul class=\"wp-block-list\">\n<li>Tratado de Paris: firmado em 10 de agosto de 1797, previa que o limite dos territ\u00f3rios seria o Rio Calcione, a meio caminho entre os rios Oiapoque e Araguari, denominando-o \u201cVicente Pinz\u00f3n\u201d;<\/li>\n\n\n\n<li>Tratado de Badaj\u00f3s: firmado em 6 de junho de 1801, previa o limite para o sul do rio Araguari.&nbsp;<\/li>\n\n\n\n<li>Tratado de Madri: introduziu uma cl\u00e1usula abusiva, fixando a linha de fronteira no Rio Carapanatuba, ao norte de Macap\u00e1, tirando o Amap\u00e1 do dom\u00ednio portugu\u00eas e duplicando o territ\u00f3rio da Guiana. Firmado ainda em 1801, no dia 29 de setembro.&nbsp;<\/li>\n\n\n\n<li>Tratado de Amiens: de 27 de mar\u00e7o de 1802, retornou o limite de territ\u00f3rios ao rio Araguari.<\/li>\n<\/ul>\n\n\n\n<h2 class=\"wp-block-heading\" id=\"h-como-foi-a-tomada-de-caiena-na-guiana-francesa\"><span class=\"ez-toc-section\" id=\"Como-foi-a-tomada-de-Caiena-na-Guiana-Francesa\"><\/span>Como foi a tomada de Caiena, na Guiana Francesa?<span class=\"ez-toc-section-end\"><\/span><\/h2>\n\n\n\n<p>A conquista de Caiena foi poss\u00edvel por uma s\u00e9rie de fatos favor\u00e1veis aos portugueses. Um deles \u00e9 o fato de <strong>Napole\u00e3o estar ocupado com a guerra que travava com os pa\u00edses europeus,<\/strong> invadindo o territ\u00f3rio daqueles que n\u00e3o aderiram \u00e0s suas exig\u00eancias.&nbsp;<\/p>\n\n\n\n<p>Outro fato \u00e9 a <strong>grande quantidade de navios e militares ingleses no continente americano, mais precisamente nas Antilhas<\/strong>. Sua presen\u00e7a se devia ao hist\u00f3rico de conquistas recentes:&nbsp;<\/p>\n\n\n\n<ul class=\"wp-block-list\">\n<li>na Guiana Holandesa, invadida pela Inglaterra em 1804; e&nbsp;<\/li>\n\n\n\n<li>em Cura\u00e7ao, invadida em 1807.<\/li>\n<\/ul>\n\n\n\n<p>Al\u00e9m disso, a frota comandada por Lorde Cochrane a postos na regi\u00e3o para atacar Martinica e Guadalupe, em fevereiro de 1809.<\/p>\n\n\n\n<p>Pouco tempo ap\u00f3s a chegada da fam\u00edlia real, a expedi\u00e7\u00e3o comandada pelo Tenente-Coronel Manuel Marques D\u2019Elvas Portugal partiu da cidade de Bel\u00e9m em dire\u00e7\u00e3o \u00e0 Guiana Francesa.&nbsp;<\/p>\n\n\n\n<p><strong>Os combatentes eram compostos por duas Companhias de Granadeiros, duas Companhias de Ca\u00e7adores do 1\u00ba e 3\u00ba Regimentos de Linha e uma Bateria de Artilharia.<\/strong> Ao todo partiram de Bel\u00e9m 800 soldados do Ex\u00e9rcito colonial e 550 soldados da infantaria naval da Marinha colonial.<\/p>\n\n\n\n<p><strong>Esse conflito \u00e9 considerado como o batismo de fogo do <\/strong><a href=\"https:\/\/militares.estrategia.com\/portal\/mundo-militar\/datas-comemorativas\/dia-dos-fuzileiros-navais-conheca-a-brigada-real-da-marinha\/\" target=\"_blank\" ><strong>Corpo de Fuzileiros Navais da Marinha do Brasil.<\/strong><\/a><\/p>\n\n\n<div class=\"wp-block-image\">\n<figure class=\"aligncenter size-large\"><img decoding=\"async\" width=\"1024\" height=\"768\" src=\"https:\/\/militares.estrategia.com\/portal\/wp-content\/uploads\/2023\/01\/image-1-1024x768.jpeg\" alt=\"Carros blindados de guerra\" class=\"wp-image-63014\" srcset=\"https:\/\/militares.estrategia.com\/portal\/wp-content\/uploads\/2023\/01\/image-1-1024x768.jpeg 1024w, https:\/\/militares.estrategia.com\/portal\/wp-content\/uploads\/2023\/01\/image-1-768x576.jpeg 768w, https:\/\/militares.estrategia.com\/portal\/wp-content\/uploads\/2023\/01\/image-1-1536x1152.jpeg 1536w, https:\/\/militares.estrategia.com\/portal\/wp-content\/uploads\/2023\/01\/image-1-800x600.jpeg 800w, https:\/\/militares.estrategia.com\/portal\/wp-content\/uploads\/2023\/01\/image-1-1160x870.jpeg 1160w, https:\/\/militares.estrategia.com\/portal\/wp-content\/uploads\/2023\/01\/image-1-1200x900.jpeg 1200w, https:\/\/militares.estrategia.com\/portal\/wp-content\/uploads\/2023\/01\/image-1.jpeg 1600w\" sizes=\"(max-width: 1024px) 100vw, 1024px\" \/><\/figure><\/div>\n\n\n<p>As tropas do governo da Guiana Francesa eram cerca de 511 militares, 200 milicianos e 100 escravos armados.<\/p>\n\n\n\n<p><strong>A defesa preparada pelos franceses foi in\u00fatil e, cerca de cinco dias ap\u00f3s o desembarque das for\u00e7as portuguesas, o governador da Guiana assinou sua rendi\u00e7\u00e3o.<\/strong> Os membros da administra\u00e7\u00e3o civil e militar, al\u00e9m das suas respectivas fam\u00edlias e criados, retornam para a Fran\u00e7a, com a viagem bancada pelo Pr\u00edncipe Regente D. Jo\u00e3o.&nbsp;<\/p>\n\n\n\n<p>Na Fran\u00e7a, <strong>a rendi\u00e7\u00e3o do antigo governador de Caiena acabou por culminar na sua pris\u00e3o perp\u00e9tua<\/strong> por imprevid\u00eancia e frouxid\u00e3o na organiza\u00e7\u00e3o da defesa e na opera\u00e7\u00e3o militar.<\/p>\n\n\n\n<p>Um fato curioso \u00e9 que os termos da conquista de Caiena foram muito mal vistos pelo Governador da Prov\u00edncia do Gr\u00e3o-Par\u00e1. Ele <strong>n\u00e3o concordava com a liberta\u00e7\u00e3o dos escravos guianenses, que foram incorporados ao ex\u00e9rcito ingl\u00eas, bem como o estabelecimento de \u00e1reas jur\u00eddicas onde a autoridade de D. Jo\u00e3o VI pudesse agir, ou seja, territ\u00f3rios limitados que obedeceriam os decretos do imperador brasileiro. As demais \u00e1reas da Guiana permaneceram sob influ\u00eancia da Fran\u00e7a.<\/strong><\/p>\n\n\n\n<p>Em janeiro de 1809, lavraram-se os termos da posse definitiva portuguesa na Guiana. No entanto, ela n\u00e3o foi declarada oficialmente parte integrante do territ\u00f3rio brasileiro, de forma que os guinenses mantiveram seu v\u00ednculo com as leis napole\u00f4nicas e n\u00e3o com as portuguesas.<\/p>\n\n\n\n<h2 class=\"wp-block-heading\" id=\"h-quando-o-brasil-devolveu-a-guiana-francesa\"><span class=\"ez-toc-section\" id=\"Quando-o-Brasil-devolveu-a-Guiana-Francesa\"><\/span>Quando o Brasil devolveu a Guiana Francesa?<span class=\"ez-toc-section-end\"><\/span><\/h2>\n\n\n\n<p>A Guiana permaneceu sob dom\u00ednio dos portugueses <strong>at\u00e9 21 de novembro de 1817, quando foi restitu\u00edda \u00e0 Fran\u00e7a com base no <\/strong><a href=\"https:\/\/militares.estrategia.com\/portal\/materias-e-dicas\/historia\/congresso-de-viena-a-restauracao-monarquica-a-santa-alianca-o-concerto-europeu-e-muito-mais\/\" target=\"_blank\" ><strong>Congresso de Viena.<\/strong><\/a><strong> <\/strong>O acordo definitivo entre a Fran\u00e7a e o Brasil foi sedimentado com a assinatura do tratado do Rio de Janeiro, assinado em 1897.&nbsp;<br><\/p>\n\n\n\n<p>Voc\u00ea curtiu a leitura? Ent\u00e3o se prepare com o <strong>Banco de Quest\u00f5es do Estrat\u00e9gia Militares! <\/strong>S\u00e3o mais de 89 mil quest\u00f5es para voc\u00ea se preparar e ser aprovado no exame intelectual! Vem ser coruja!<\/p>\n\n\n\n<p><strong><a id=\"cta\" class=\"cta-imagem\" href=\"https:\/\/militares.estrategia.com\/curso\/banco-de-questes-anual\/\" target=\"blank\">\n                <img decoding=\"async\" width=\"100%\" src=\"https:\/\/militares.estrategia.com\/portal\/wp-content\/uploads\/2023\/02\/EM-Banco-de-Questoes.jpg\" alt=\"EM - Banco de Questo\u0303es\" title=\"EM - Banco de Questo\u0303es\">\n        <\/a><\/strong><\/p>\n\n\n\n\n\n<p><\/p>\n","protected":false},"excerpt":{"rendered":"A tomada de Caiena por Portugal foi cercada de interesses e quebra de diversos tratados firmados entre os&hellip;\n","protected":false},"author":52,"featured_media":63017,"comment_status":"closed","ping_status":"closed","sticky":false,"template":"","format":"standard","meta":{"wl_entities_gutenberg":"","footnotes":""},"categories":[306],"tags":[],"wl_entity_type":[187],"class_list":{"0":"post-63012","1":"post","2":"type-post","3":"status-publish","4":"format-standard","5":"has-post-thumbnail","7":"category-datas-comemorativas","8":"wl_entity_type-article"},"acf":[],"yoast_head":"<!-- This site is optimized with the Yoast SEO Premium plugin v26.6 (Yoast SEO v26.6) - https:\/\/yoast.com\/wordpress\/plugins\/seo\/ -->\n<title>12 de janeiro: tomada de Caiena, capital da Guiana Francesa<\/title>\n<meta name=\"description\" content=\"A Tomada de Caiena, capital da Guiana Francesa foi onde ocorreu o batismo de fogo dos Fuzileiros da Marinha. Confira mais, aqui!\" \/>\n<meta name=\"robots\" content=\"index, follow, max-snippet:-1, max-image-preview:large, max-video-preview:-1\" \/>\n<link rel=\"canonical\" href=\"https:\/\/militares.estrategia.com\/portal\/mundo-militar\/datas-comemorativas\/12-de-janeiro-tomada-de-caiena-capital-da-guiana-francesa\/\" \/>\n<meta property=\"og:locale\" content=\"pt_BR\" \/>\n<meta property=\"og:type\" content=\"article\" \/>\n<meta property=\"og:title\" content=\"12 de janeiro: tomada de Caiena, capital da Guiana Francesa\" \/>\n<meta property=\"og:description\" content=\"A Tomada de Caiena, capital da Guiana Francesa foi onde ocorreu o batismo de fogo dos Fuzileiros da Marinha. Confira mais, aqui!\" \/>\n<meta property=\"og:url\" content=\"https:\/\/militares.estrategia.com\/portal\/mundo-militar\/datas-comemorativas\/12-de-janeiro-tomada-de-caiena-capital-da-guiana-francesa\/\" \/>\n<meta property=\"og:site_name\" content=\"Estrat\u00e9gia Militares\" \/>\n<meta property=\"article:publisher\" content=\"https:\/\/www.facebook.com\/EstrategiaMilitares\" \/>\n<meta property=\"article:published_time\" content=\"2023-01-12T13:45:50+00:00\" \/>\n<meta property=\"article:modified_time\" content=\"2026-01-12T14:38:57+00:00\" \/>\n<meta property=\"og:image\" content=\"https:\/\/militares.estrategia.com\/portal\/wp-content\/uploads\/2023\/01\/img20200205_11405281.jpg\" \/>\n\t<meta property=\"og:image:width\" content=\"1200\" \/>\n\t<meta property=\"og:image:height\" content=\"630\" \/>\n\t<meta property=\"og:image:type\" content=\"image\/jpeg\" \/>\n<meta name=\"author\" content=\"Vin\u00edcius Brigolini\" \/>\n<meta name=\"twitter:card\" content=\"summary_large_image\" \/>\n<meta name=\"twitter:creator\" content=\"@estrategiamilit\" \/>\n<meta name=\"twitter:site\" content=\"@estrategiamilit\" \/>\n<meta name=\"twitter:label1\" content=\"Escrito por\" \/>\n\t<meta name=\"twitter:data1\" content=\"Vin\u00edcius Brigolini\" \/>\n\t<meta name=\"twitter:label2\" content=\"Est. tempo de leitura\" \/>\n\t<meta name=\"twitter:data2\" content=\"6 minutos\" \/>\n<script type=\"application\/ld+json\" class=\"yoast-schema-graph\">{\"@context\":\"https:\/\/schema.org\",\"@graph\":[{\"@type\":\"Article\",\"@id\":\"https:\/\/militares.estrategia.com\/portal\/mundo-militar\/datas-comemorativas\/12-de-janeiro-tomada-de-caiena-capital-da-guiana-francesa\/#article\",\"isPartOf\":{\"@id\":\"https:\/\/militares.estrategia.com\/portal\/mundo-militar\/datas-comemorativas\/12-de-janeiro-tomada-de-caiena-capital-da-guiana-francesa\/\"},\"author\":{\"name\":\"Vin\u00edcius Brigolini\",\"@id\":\"https:\/\/militares.estrategia.com\/portal\/#\/schema\/person\/6587b50abb02ffb0d1d0b50c12a6b317\"},\"headline\":\"12 de janeiro: tomada de Caiena, capital da Guiana Francesa\",\"datePublished\":\"2023-01-12T13:45:50+00:00\",\"dateModified\":\"2026-01-12T14:38:57+00:00\",\"mainEntityOfPage\":{\"@id\":\"https:\/\/militares.estrategia.com\/portal\/mundo-militar\/datas-comemorativas\/12-de-janeiro-tomada-de-caiena-capital-da-guiana-francesa\/\"},\"wordCount\":1231,\"publisher\":{\"@id\":\"https:\/\/militares.estrategia.com\/portal\/#organization\"},\"image\":{\"@id\":\"https:\/\/militares.estrategia.com\/portal\/mundo-militar\/datas-comemorativas\/12-de-janeiro-tomada-de-caiena-capital-da-guiana-francesa\/#primaryimage\"},\"thumbnailUrl\":\"https:\/\/militares.estrategia.com\/portal\/wp-content\/uploads\/2023\/01\/img20200205_11405281.jpg\",\"articleSection\":[\"Datas Comemorativas\"],\"inLanguage\":\"pt-BR\"},{\"@type\":\"WebPage\",\"@id\":\"https:\/\/militares.estrategia.com\/portal\/mundo-militar\/datas-comemorativas\/12-de-janeiro-tomada-de-caiena-capital-da-guiana-francesa\/\",\"url\":\"https:\/\/militares.estrategia.com\/portal\/mundo-militar\/datas-comemorativas\/12-de-janeiro-tomada-de-caiena-capital-da-guiana-francesa\/\",\"name\":\"12 de janeiro: tomada de Caiena, capital da Guiana Francesa\",\"isPartOf\":{\"@id\":\"https:\/\/militares.estrategia.com\/portal\/#website\"},\"primaryImageOfPage\":{\"@id\":\"https:\/\/militares.estrategia.com\/portal\/mundo-militar\/datas-comemorativas\/12-de-janeiro-tomada-de-caiena-capital-da-guiana-francesa\/#primaryimage\"},\"image\":{\"@id\":\"https:\/\/militares.estrategia.com\/portal\/mundo-militar\/datas-comemorativas\/12-de-janeiro-tomada-de-caiena-capital-da-guiana-francesa\/#primaryimage\"},\"thumbnailUrl\":\"https:\/\/militares.estrategia.com\/portal\/wp-content\/uploads\/2023\/01\/img20200205_11405281.jpg\",\"datePublished\":\"2023-01-12T13:45:50+00:00\",\"dateModified\":\"2026-01-12T14:38:57+00:00\",\"description\":\"A Tomada de Caiena, capital da Guiana Francesa foi onde ocorreu o batismo de fogo dos Fuzileiros da Marinha. Confira mais, aqui!\",\"breadcrumb\":{\"@id\":\"https:\/\/militares.estrategia.com\/portal\/mundo-militar\/datas-comemorativas\/12-de-janeiro-tomada-de-caiena-capital-da-guiana-francesa\/#breadcrumb\"},\"inLanguage\":\"pt-BR\",\"potentialAction\":[{\"@type\":\"ReadAction\",\"target\":[\"https:\/\/militares.estrategia.com\/portal\/mundo-militar\/datas-comemorativas\/12-de-janeiro-tomada-de-caiena-capital-da-guiana-francesa\/\"]}]},{\"@type\":\"ImageObject\",\"inLanguage\":\"pt-BR\",\"@id\":\"https:\/\/militares.estrategia.com\/portal\/mundo-militar\/datas-comemorativas\/12-de-janeiro-tomada-de-caiena-capital-da-guiana-francesa\/#primaryimage\",\"url\":\"https:\/\/militares.estrategia.com\/portal\/wp-content\/uploads\/2023\/01\/img20200205_11405281.jpg\",\"contentUrl\":\"https:\/\/militares.estrategia.com\/portal\/wp-content\/uploads\/2023\/01\/img20200205_11405281.jpg\",\"width\":1200,\"height\":630},{\"@type\":\"BreadcrumbList\",\"@id\":\"https:\/\/militares.estrategia.com\/portal\/mundo-militar\/datas-comemorativas\/12-de-janeiro-tomada-de-caiena-capital-da-guiana-francesa\/#breadcrumb\",\"itemListElement\":[{\"@type\":\"ListItem\",\"position\":1,\"name\":\"Home\",\"item\":\"https:\/\/militares.estrategia.com\/portal\/\"},{\"@type\":\"ListItem\",\"position\":2,\"name\":\"Mundo Militar\",\"item\":\"https:\/\/militares.estrategia.com\/portal\/mundo-militar\/\"},{\"@type\":\"ListItem\",\"position\":3,\"name\":\"Datas Comemorativas\",\"item\":\"https:\/\/militares.estrategia.com\/portal\/mundo-militar\/datas-comemorativas\/\"},{\"@type\":\"ListItem\",\"position\":4,\"name\":\"12 de janeiro: tomada de Caiena, capital da Guiana Francesa\"}]},{\"@type\":\"WebSite\",\"@id\":\"https:\/\/militares.estrategia.com\/portal\/#website\",\"url\":\"https:\/\/militares.estrategia.com\/portal\/\",\"name\":\"Estrat\u00e9gia Militares\",\"description\":\"\",\"publisher\":{\"@id\":\"https:\/\/militares.estrategia.com\/portal\/#organization\"},\"potentialAction\":[{\"@type\":\"SearchAction\",\"target\":{\"@type\":\"EntryPoint\",\"urlTemplate\":\"https:\/\/militares.estrategia.com\/portal\/?s={search_term_string}\"},\"query-input\":{\"@type\":\"PropertyValueSpecification\",\"valueRequired\":true,\"valueName\":\"search_term_string\"}}],\"inLanguage\":\"pt-BR\"},{\"@type\":\"Organization\",\"@id\":\"https:\/\/militares.estrategia.com\/portal\/#organization\",\"name\":\"Estrat\u00e9gia Militares\",\"url\":\"https:\/\/militares.estrategia.com\/portal\/\",\"logo\":{\"@type\":\"ImageObject\",\"inLanguage\":\"pt-BR\",\"@id\":\"https:\/\/militares.estrategia.com\/portal\/#\/schema\/logo\/image\/\",\"url\":\"https:\/\/militares.estrategia.com\/portal\/wp-content\/uploads\/2021\/10\/logo-militares.webp\",\"contentUrl\":\"https:\/\/militares.estrategia.com\/portal\/wp-content\/uploads\/2021\/10\/logo-militares.webp\",\"width\":346,\"height\":90,\"caption\":\"Estrat\u00e9gia Militares\"},\"image\":{\"@id\":\"https:\/\/militares.estrategia.com\/portal\/#\/schema\/logo\/image\/\"},\"sameAs\":[\"https:\/\/www.facebook.com\/EstrategiaMilitares\",\"https:\/\/x.com\/estrategiamilit\",\"https:\/\/www.instagram.com\/estrategiamilitares\/\",\"https:\/\/www.youtube.com\/channel\/UCRG_9hakCqXxnj_8TqCdgTA\"]},{\"@type\":\"Person\",\"@id\":\"https:\/\/militares.estrategia.com\/portal\/#\/schema\/person\/6587b50abb02ffb0d1d0b50c12a6b317\",\"name\":\"Vin\u00edcius Brigolini\",\"image\":{\"@type\":\"ImageObject\",\"inLanguage\":\"pt-BR\",\"@id\":\"https:\/\/militares.estrategia.com\/portal\/#\/schema\/person\/image\/\",\"url\":\"https:\/\/militares.estrategia.com\/portal\/wp-content\/uploads\/2021\/08\/Sem-titulo-150x150.jpg\",\"contentUrl\":\"https:\/\/militares.estrategia.com\/portal\/wp-content\/uploads\/2021\/08\/Sem-titulo-150x150.jpg\",\"caption\":\"Vin\u00edcius Brigolini\"},\"description\":\"Membro da turma Carcar\u00e1 de 2017 da For\u00e7a A\u00e9rea Brasileira. \u00c9 apaixonado pela avia\u00e7\u00e3o e pelo mundo militar!\",\"sameAs\":[\"https:\/\/www.instagram.com\/viniciusbgn\/\"],\"url\":\"https:\/\/militares.estrategia.com\/portal\/author\/vinicius-souza\/\"}]}<\/script>\n<!-- \/ Yoast SEO Premium plugin. -->","yoast_head_json":{"title":"12 de janeiro: tomada de Caiena, capital da Guiana Francesa","description":"A Tomada de Caiena, capital da Guiana Francesa foi onde ocorreu o batismo de fogo dos Fuzileiros da Marinha. Confira mais, aqui!","robots":{"index":"index","follow":"follow","max-snippet":"max-snippet:-1","max-image-preview":"max-image-preview:large","max-video-preview":"max-video-preview:-1"},"canonical":"https:\/\/militares.estrategia.com\/portal\/mundo-militar\/datas-comemorativas\/12-de-janeiro-tomada-de-caiena-capital-da-guiana-francesa\/","og_locale":"pt_BR","og_type":"article","og_title":"12 de janeiro: tomada de Caiena, capital da Guiana Francesa","og_description":"A Tomada de Caiena, capital da Guiana Francesa foi onde ocorreu o batismo de fogo dos Fuzileiros da Marinha. Confira mais, aqui!","og_url":"https:\/\/militares.estrategia.com\/portal\/mundo-militar\/datas-comemorativas\/12-de-janeiro-tomada-de-caiena-capital-da-guiana-francesa\/","og_site_name":"Estrat\u00e9gia Militares","article_publisher":"https:\/\/www.facebook.com\/EstrategiaMilitares","article_published_time":"2023-01-12T13:45:50+00:00","article_modified_time":"2026-01-12T14:38:57+00:00","og_image":[{"width":1200,"height":630,"url":"https:\/\/militares.estrategia.com\/portal\/wp-content\/uploads\/2023\/01\/img20200205_11405281.jpg","type":"image\/jpeg"}],"author":"Vin\u00edcius Brigolini","twitter_card":"summary_large_image","twitter_creator":"@estrategiamilit","twitter_site":"@estrategiamilit","twitter_misc":{"Escrito por":"Vin\u00edcius Brigolini","Est. tempo de leitura":"6 minutos"},"schema":{"@context":"https:\/\/schema.org","@graph":[{"@type":"Article","@id":"https:\/\/militares.estrategia.com\/portal\/mundo-militar\/datas-comemorativas\/12-de-janeiro-tomada-de-caiena-capital-da-guiana-francesa\/#article","isPartOf":{"@id":"https:\/\/militares.estrategia.com\/portal\/mundo-militar\/datas-comemorativas\/12-de-janeiro-tomada-de-caiena-capital-da-guiana-francesa\/"},"author":{"name":"Vin\u00edcius Brigolini","@id":"https:\/\/militares.estrategia.com\/portal\/#\/schema\/person\/6587b50abb02ffb0d1d0b50c12a6b317"},"headline":"12 de janeiro: tomada de Caiena, capital da Guiana Francesa","datePublished":"2023-01-12T13:45:50+00:00","dateModified":"2026-01-12T14:38:57+00:00","mainEntityOfPage":{"@id":"https:\/\/militares.estrategia.com\/portal\/mundo-militar\/datas-comemorativas\/12-de-janeiro-tomada-de-caiena-capital-da-guiana-francesa\/"},"wordCount":1231,"publisher":{"@id":"https:\/\/militares.estrategia.com\/portal\/#organization"},"image":{"@id":"https:\/\/militares.estrategia.com\/portal\/mundo-militar\/datas-comemorativas\/12-de-janeiro-tomada-de-caiena-capital-da-guiana-francesa\/#primaryimage"},"thumbnailUrl":"https:\/\/militares.estrategia.com\/portal\/wp-content\/uploads\/2023\/01\/img20200205_11405281.jpg","articleSection":["Datas Comemorativas"],"inLanguage":"pt-BR"},{"@type":"WebPage","@id":"https:\/\/militares.estrategia.com\/portal\/mundo-militar\/datas-comemorativas\/12-de-janeiro-tomada-de-caiena-capital-da-guiana-francesa\/","url":"https:\/\/militares.estrategia.com\/portal\/mundo-militar\/datas-comemorativas\/12-de-janeiro-tomada-de-caiena-capital-da-guiana-francesa\/","name":"12 de janeiro: tomada de Caiena, capital da Guiana Francesa","isPartOf":{"@id":"https:\/\/militares.estrategia.com\/portal\/#website"},"primaryImageOfPage":{"@id":"https:\/\/militares.estrategia.com\/portal\/mundo-militar\/datas-comemorativas\/12-de-janeiro-tomada-de-caiena-capital-da-guiana-francesa\/#primaryimage"},"image":{"@id":"https:\/\/militares.estrategia.com\/portal\/mundo-militar\/datas-comemorativas\/12-de-janeiro-tomada-de-caiena-capital-da-guiana-francesa\/#primaryimage"},"thumbnailUrl":"https:\/\/militares.estrategia.com\/portal\/wp-content\/uploads\/2023\/01\/img20200205_11405281.jpg","datePublished":"2023-01-12T13:45:50+00:00","dateModified":"2026-01-12T14:38:57+00:00","description":"A Tomada de Caiena, capital da Guiana Francesa foi onde ocorreu o batismo de fogo dos Fuzileiros da Marinha. Confira mais, aqui!","breadcrumb":{"@id":"https:\/\/militares.estrategia.com\/portal\/mundo-militar\/datas-comemorativas\/12-de-janeiro-tomada-de-caiena-capital-da-guiana-francesa\/#breadcrumb"},"inLanguage":"pt-BR","potentialAction":[{"@type":"ReadAction","target":["https:\/\/militares.estrategia.com\/portal\/mundo-militar\/datas-comemorativas\/12-de-janeiro-tomada-de-caiena-capital-da-guiana-francesa\/"]}]},{"@type":"ImageObject","inLanguage":"pt-BR","@id":"https:\/\/militares.estrategia.com\/portal\/mundo-militar\/datas-comemorativas\/12-de-janeiro-tomada-de-caiena-capital-da-guiana-francesa\/#primaryimage","url":"https:\/\/militares.estrategia.com\/portal\/wp-content\/uploads\/2023\/01\/img20200205_11405281.jpg","contentUrl":"https:\/\/militares.estrategia.com\/portal\/wp-content\/uploads\/2023\/01\/img20200205_11405281.jpg","width":1200,"height":630},{"@type":"BreadcrumbList","@id":"https:\/\/militares.estrategia.com\/portal\/mundo-militar\/datas-comemorativas\/12-de-janeiro-tomada-de-caiena-capital-da-guiana-francesa\/#breadcrumb","itemListElement":[{"@type":"ListItem","position":1,"name":"Home","item":"https:\/\/militares.estrategia.com\/portal\/"},{"@type":"ListItem","position":2,"name":"Mundo Militar","item":"https:\/\/militares.estrategia.com\/portal\/mundo-militar\/"},{"@type":"ListItem","position":3,"name":"Datas Comemorativas","item":"https:\/\/militares.estrategia.com\/portal\/mundo-militar\/datas-comemorativas\/"},{"@type":"ListItem","position":4,"name":"12 de janeiro: tomada de Caiena, capital da Guiana Francesa"}]},{"@type":"WebSite","@id":"https:\/\/militares.estrategia.com\/portal\/#website","url":"https:\/\/militares.estrategia.com\/portal\/","name":"Estrat\u00e9gia Militares","description":"","publisher":{"@id":"https:\/\/militares.estrategia.com\/portal\/#organization"},"potentialAction":[{"@type":"SearchAction","target":{"@type":"EntryPoint","urlTemplate":"https:\/\/militares.estrategia.com\/portal\/?s={search_term_string}"},"query-input":{"@type":"PropertyValueSpecification","valueRequired":true,"valueName":"search_term_string"}}],"inLanguage":"pt-BR"},{"@type":"Organization","@id":"https:\/\/militares.estrategia.com\/portal\/#organization","name":"Estrat\u00e9gia Militares","url":"https:\/\/militares.estrategia.com\/portal\/","logo":{"@type":"ImageObject","inLanguage":"pt-BR","@id":"https:\/\/militares.estrategia.com\/portal\/#\/schema\/logo\/image\/","url":"https:\/\/militares.estrategia.com\/portal\/wp-content\/uploads\/2021\/10\/logo-militares.webp","contentUrl":"https:\/\/militares.estrategia.com\/portal\/wp-content\/uploads\/2021\/10\/logo-militares.webp","width":346,"height":90,"caption":"Estrat\u00e9gia Militares"},"image":{"@id":"https:\/\/militares.estrategia.com\/portal\/#\/schema\/logo\/image\/"},"sameAs":["https:\/\/www.facebook.com\/EstrategiaMilitares","https:\/\/x.com\/estrategiamilit","https:\/\/www.instagram.com\/estrategiamilitares\/","https:\/\/www.youtube.com\/channel\/UCRG_9hakCqXxnj_8TqCdgTA"]},{"@type":"Person","@id":"https:\/\/militares.estrategia.com\/portal\/#\/schema\/person\/6587b50abb02ffb0d1d0b50c12a6b317","name":"Vin\u00edcius Brigolini","image":{"@type":"ImageObject","inLanguage":"pt-BR","@id":"https:\/\/militares.estrategia.com\/portal\/#\/schema\/person\/image\/","url":"https:\/\/militares.estrategia.com\/portal\/wp-content\/uploads\/2021\/08\/Sem-titulo-150x150.jpg","contentUrl":"https:\/\/militares.estrategia.com\/portal\/wp-content\/uploads\/2021\/08\/Sem-titulo-150x150.jpg","caption":"Vin\u00edcius Brigolini"},"description":"Membro da turma Carcar\u00e1 de 2017 da For\u00e7a A\u00e9rea Brasileira. \u00c9 apaixonado pela avia\u00e7\u00e3o e pelo mundo militar!","sameAs":["https:\/\/www.instagram.com\/viniciusbgn\/"],"url":"https:\/\/militares.estrategia.com\/portal\/author\/vinicius-souza\/"}]}},"_wl_alt_label":[],"wl:entity_url":"https:\/\/data.wordlift.io\/wl110246\/post\/12-de-janeiro-tomada-de-caiena-capital-da-guiana-francesa-63012","_links":{"self":[{"href":"https:\/\/militares.estrategia.com\/portal\/wp-json\/wp\/v2\/posts\/63012","targetHints":{"allow":["GET"]}}],"collection":[{"href":"https:\/\/militares.estrategia.com\/portal\/wp-json\/wp\/v2\/posts"}],"about":[{"href":"https:\/\/militares.estrategia.com\/portal\/wp-json\/wp\/v2\/types\/post"}],"author":[{"embeddable":true,"href":"https:\/\/militares.estrategia.com\/portal\/wp-json\/wp\/v2\/users\/52"}],"replies":[{"embeddable":true,"href":"https:\/\/militares.estrategia.com\/portal\/wp-json\/wp\/v2\/comments?post=63012"}],"version-history":[{"count":3,"href":"https:\/\/militares.estrategia.com\/portal\/wp-json\/wp\/v2\/posts\/63012\/revisions"}],"predecessor-version":[{"id":81833,"href":"https:\/\/militares.estrategia.com\/portal\/wp-json\/wp\/v2\/posts\/63012\/revisions\/81833"}],"wp:featuredmedia":[{"embeddable":true,"href":"https:\/\/militares.estrategia.com\/portal\/wp-json\/wp\/v2\/media\/63017"}],"wp:attachment":[{"href":"https:\/\/militares.estrategia.com\/portal\/wp-json\/wp\/v2\/media?parent=63012"}],"wp:term":[{"taxonomy":"category","embeddable":true,"href":"https:\/\/militares.estrategia.com\/portal\/wp-json\/wp\/v2\/categories?post=63012"},{"taxonomy":"post_tag","embeddable":true,"href":"https:\/\/militares.estrategia.com\/portal\/wp-json\/wp\/v2\/tags?post=63012"},{"taxonomy":"wl_entity_type","embeddable":true,"href":"https:\/\/militares.estrategia.com\/portal\/wp-json\/wp\/v2\/wl_entity_type?post=63012"}],"curies":[{"name":"wp","href":"https:\/\/api.w.org\/{rel}","templated":true}]}}