{"id":62688,"date":"2022-12-16T16:08:49","date_gmt":"2022-12-16T19:08:49","guid":{"rendered":"https:\/\/militares.estrategia.com\/portal\/?p=62688"},"modified":"2022-12-19T14:20:00","modified_gmt":"2022-12-19T17:20:00","slug":"fab-publica-novas-normas-de-prevencao-contra-a-covid-19-nos-seletivos","status":"publish","type":"post","link":"https:\/\/militares.estrategia.com\/portal\/noticias\/fab-publica-novas-normas-de-prevencao-contra-a-covid-19-nos-seletivos\/","title":{"rendered":"FAB publica novas normas de preven\u00e7\u00e3o contra a COVID-19 nos seletivos"},"content":{"rendered":"\n<p>A Diretoria de Ensino da Aeron\u00e1utica (DIRENS) publicou nesta sexta, dia 16 de dezembro, uma<strong> nova portaria com as normas de preven\u00e7\u00e3o contra a COVID-19 nos Exames de Admiss\u00e3o da For\u00e7a A\u00e9rea. <\/strong>As novas regras s\u00e3o v\u00e1lidas para os concursos <strong>EEAR 2023.1, <a href=\"https:\/\/militares.estrategia.com\/portal\/escolas-militares\/fab\/eear\/concurso-eear\/\" target=\"_blank\" >EEAR 2023.2<\/a>, <a href=\"https:\/\/militares.estrategia.com\/portal\/escolas-militares\/fab\/eags\/concurso-eags\/\" target=\"_blank\" >EAGS 2023<\/a><\/strong>, <a href=\"https:\/\/militares.estrategia.com\/portal\/escolas-militares\/fab\/afa\/concurso-afa\/\" target=\"_blank\" >AFA<\/a> e <a href=\"https:\/\/militares.estrategia.com\/portal\/escolas-militares\/fab\/epcar\/concurso-epcar\/\" target=\"_blank\" >EPCAR<\/a> que ainda est\u00e3o em andamento. <\/p>\n\n\n\n<p>Vale ressaltar que cada seletivo pode apresentar algumas normas espec\u00edficas, que ser\u00e3o informadas nos respectivos sites e nos editais. Portanto, fique atento aos comunicados da institui\u00e7\u00e3o para a qual est\u00e1 prestando! <\/p>\n\n\n\n<div id=\"ez-toc-container\" class=\"ez-toc-v2_0_79_2 counter-hierarchy ez-toc-counter ez-toc-transparent ez-toc-container-direction\">\n<div class=\"ez-toc-title-container\"><p class=\"ez-toc-title\" style=\"cursor:inherit\">Navegue pelo conte\u00fado\t<\/p>\n<\/div><nav><ul class='ez-toc-list ez-toc-list-level-1 ' ><li class='ez-toc-page-1 ez-toc-heading-level-2'><a class=\"ez-toc-link ez-toc-heading-1\" href=\"https:\/\/militares.estrategia.com\/portal\/noticias\/fab-publica-novas-normas-de-prevencao-contra-a-covid-19-nos-seletivos\/#Precisa-usar-mascara\" >Precisa usar m\u00e1scara?<\/a><\/li><li class='ez-toc-page-1 ez-toc-heading-level-2'><a class=\"ez-toc-link ez-toc-heading-2\" href=\"https:\/\/militares.estrategia.com\/portal\/noticias\/fab-publica-novas-normas-de-prevencao-contra-a-covid-19-nos-seletivos\/#Candidatos-com-sintomas-de-COVID-19\" >Candidatos com sintomas de COVID-19<\/a><\/li><\/ul><\/nav><\/div>\n<h2 class=\"wp-block-heading\" id=\"h-precisa-usar-mascara\"><span class=\"ez-toc-section\" id=\"Precisa-usar-mascara\"><\/span>Precisa usar m\u00e1scara? <span class=\"ez-toc-section-end\"><\/span><\/h2>\n\n\n\n<p>Para facilitar, separamos algumas das orienta\u00e7\u00f5es principais presentes na nova portaria. Confira abaixo as regras para os <strong>candidatos que n\u00e3o apresentam sintomas de COVID-19<\/strong>: <\/p>\n\n\n\n<ul class=\"wp-block-list\">\n<li>Uso de <strong>m\u00e1scara de prote\u00e7\u00e3o N\u00c3O \u00e9 obrigat\u00f3rio<\/strong> nas etapas de Prova Escrita, Concentra\u00e7\u00e3o Intermedi\u00e1ria, <a href=\"https:\/\/militares.estrategia.com\/portal\/mundo-militar\/forcas-armadas\/o-que-e-inspecao-de-saude\/\" target=\"_blank\" >Inspe\u00e7\u00e3o de Sa\u00fade<\/a>, TACF, Exame Psicol\u00f3gico, <a href=\"https:\/\/militares.estrategia.com\/portal\/mundo-militar\/forcas-armadas\/o-que-e-a-heteroidentificacao\/\" target=\"_blank\" >Procedimento de Heteroidentifica\u00e7\u00e3o Complementar<\/a>, Provas Pr\u00e1ticas de Especialidade, Concentra\u00e7\u00e3o Final e Valida\u00e7\u00e3o Documental;<\/li>\n\n\n\n<li>As m\u00e1scaras <strong>s\u00f3 s\u00e3o obrigat\u00f3rias se na localidade da avalia\u00e7\u00e3o o uso for exigido<\/strong>, visto que essa norma varia de cidade a cidade. Al\u00e9m disso, avalia\u00e7\u00f5es que acontecem nas Organiza\u00e7\u00f5es de Sa\u00fade da Aeron\u00e1utica tamb\u00e9m devem ser feitas de m\u00e1scara; e <\/li>\n\n\n\n<li>A testagem para COVID-19 n\u00e3o \u00e9 mais obrigat\u00f3ria para todos os candidatos. <\/li>\n<\/ul>\n\n\n\n<h2 class=\"wp-block-heading\"><span class=\"ez-toc-section\" id=\"Candidatos-com-sintomas-de-COVID-19\"><\/span>Candidatos com sintomas de COVID-19<span class=\"ez-toc-section-end\"><\/span><\/h2>\n\n\n\n<p>Agora,<strong> se o candidato apresentar sintomas de COVID-19<\/strong> &#8211; como febre, tosse, falta de olfato ou paladar, calafrios, dor de gargantas, entre outros &#8211; h\u00e1 algumas exig\u00eancias a serem seguidas. Confira a seguir: <\/p>\n\n\n\n<ul class=\"wp-block-list\">\n<li>Na Prova Escrita, o candidato ser\u00e1 <strong>isolado em uma \u00e1rea apropriada<\/strong> para a realiza\u00e7\u00e3o da avalia\u00e7\u00e3o; <\/li>\n\n\n\n<li>O<strong> uso de m\u00e1scara ser\u00e1 obrigat\u00f3rio<\/strong> desde a entrada at\u00e9 a sa\u00edda do local de prova; <\/li>\n\n\n\n<li>Nas etapas de Concentra\u00e7\u00e3o Intermedi\u00e1ria, INSPSAU, TACF, Exame de Aptid\u00e3o Psicol\u00f3gica, Heteroidentifica\u00e7\u00e3o, Valida\u00e7\u00e3o Documental e etc., <strong>ser\u00e1 obrigat\u00f3rio a apresenta\u00e7\u00e3o do resultado do teste de COVID-19;<\/strong> e <\/li>\n\n\n\n<li>Quem apresentar <strong>teste positivo para COVID-19 dever\u00e1 se retirar e se apresentar em uma outra data definida pela institui\u00e7\u00e3o.<\/strong> No entanto, os custos com transporte e estadia n\u00e3o ser\u00e3o pagos pela organiza\u00e7\u00e3o.<\/li>\n<\/ul>\n\n\n\n<p>Quer ver as instru\u00e7\u00f5es na \u00edntegra? Ent\u00e3o, baixe o comunicado no bot\u00e3o abaixo: <\/p>\n\n\n\n<div class=\"wp-block-buttons is-content-justification-center is-layout-flex wp-container-core-buttons-is-layout-1 wp-block-buttons-is-layout-flex\">\n<div class=\"wp-block-button is-style-outline is-style-outline--1\"><a class=\"wp-block-button__link has-electric-grass-gradient-background has-background wp-element-button\" href=\"https:\/\/militares.estrategia.com\/portal\/wp-content\/uploads\/2022\/12\/Portaria-Covid-19-EEAR-2023.pdf\" target=\"_blank\" >Orienta\u00e7\u00f5es de Preven\u00e7\u00e3o contra COVID-19<\/a><\/div>\n<\/div>\n\n\n\n<p>Fique atento \u00e0s not\u00edcias dos seletivos das For\u00e7as Armadas no Portal do Estrat\u00e9gia Militares! Clique no banner abaixo e conhe\u00e7a os cursos on-line preparat\u00f3rios da nossa plataforma: <\/p>\n\n\n\n<p><\/p>\n\n\n\n<p><\/p>\n\n\n","protected":false},"excerpt":{"rendered":"A Diretoria de Ensino da Aeron\u00e1utica (DIRENS) publicou nesta sexta, dia 16 de dezembro, uma nova portaria com&hellip;\n","protected":false},"author":9,"featured_media":62697,"comment_status":"closed","ping_status":"closed","sticky":false,"template":"","format":"standard","meta":{"wl_entities_gutenberg":"","footnotes":""},"categories":[36],"tags":[],"wl_entity_type":[187],"class_list":{"0":"post-62688","1":"post","2":"type-post","3":"status-publish","4":"format-standard","5":"has-post-thumbnail","7":"category-noticias","8":"wl_entity_type-article"},"acf":[],"yoast_head":"<!-- This site is optimized with the Yoast SEO Premium plugin v26.6 (Yoast SEO v26.6) - https:\/\/yoast.com\/wordpress\/plugins\/seo\/ -->\n<title>FAB publica novas normas de preven\u00e7\u00e3o contra a COVID-19<\/title>\n<meta name=\"description\" content=\"Confira as regras dos seletivos da FAB para preven\u00e7\u00e3o contra a Covid-19! Tire suas d\u00favidas sobre o uso de m\u00e1scaras e teste de covid-19.\" \/>\n<meta name=\"robots\" content=\"index, follow, max-snippet:-1, max-image-preview:large, max-video-preview:-1\" \/>\n<link rel=\"canonical\" href=\"https:\/\/militares.estrategia.com\/portal\/noticias\/fab-publica-novas-normas-de-prevencao-contra-a-covid-19-nos-seletivos\/\" \/>\n<meta property=\"og:locale\" content=\"pt_BR\" \/>\n<meta property=\"og:type\" content=\"article\" \/>\n<meta property=\"og:title\" content=\"FAB publica novas normas de preven\u00e7\u00e3o contra a COVID-19 nos seletivos\" \/>\n<meta property=\"og:description\" content=\"Confira as regras dos seletivos da FAB para preven\u00e7\u00e3o contra a Covid-19! Tire suas d\u00favidas sobre o uso de m\u00e1scaras e teste de covid-19.\" \/>\n<meta property=\"og:url\" content=\"https:\/\/militares.estrategia.com\/portal\/noticias\/fab-publica-novas-normas-de-prevencao-contra-a-covid-19-nos-seletivos\/\" \/>\n<meta property=\"og:site_name\" content=\"Estrat\u00e9gia Militares\" \/>\n<meta property=\"article:publisher\" content=\"https:\/\/www.facebook.com\/EstrategiaMilitares\" \/>\n<meta property=\"article:published_time\" content=\"2022-12-16T19:08:49+00:00\" \/>\n<meta property=\"article:modified_time\" content=\"2022-12-19T17:20:00+00:00\" \/>\n<meta property=\"og:image\" content=\"https:\/\/cdn.blog.estrategiavestibulares.com.br\/vestibulares\/wp-content\/uploads\/2022\/12\/mika-baumeister-uz_T7h8ds04-unsplash.jpg\" \/>\n\t<meta property=\"og:image:width\" content=\"1920\" \/>\n\t<meta property=\"og:image:height\" content=\"1274\" \/>\n\t<meta property=\"og:image:type\" content=\"image\/jpeg\" \/>\n<meta name=\"author\" content=\"Raquel Oshio\" \/>\n<meta name=\"twitter:card\" content=\"summary_large_image\" \/>\n<meta name=\"twitter:creator\" content=\"@estrategiamilit\" \/>\n<meta name=\"twitter:site\" content=\"@estrategiamilit\" \/>\n<meta name=\"twitter:label1\" content=\"Escrito por\" \/>\n\t<meta name=\"twitter:data1\" content=\"Raquel Oshio\" \/>\n\t<meta name=\"twitter:label2\" content=\"Est. tempo de leitura\" \/>\n\t<meta name=\"twitter:data2\" content=\"2 minutos\" \/>\n<script type=\"application\/ld+json\" class=\"yoast-schema-graph\">{\"@context\":\"https:\/\/schema.org\",\"@graph\":[{\"@type\":\"Article\",\"@id\":\"https:\/\/militares.estrategia.com\/portal\/noticias\/fab-publica-novas-normas-de-prevencao-contra-a-covid-19-nos-seletivos\/#article\",\"isPartOf\":{\"@id\":\"https:\/\/militares.estrategia.com\/portal\/noticias\/fab-publica-novas-normas-de-prevencao-contra-a-covid-19-nos-seletivos\/\"},\"author\":{\"name\":\"Raquel Oshio\",\"@id\":\"https:\/\/militares.estrategia.com\/portal\/#\/schema\/person\/46e1f54d690b6a851270112cd62d2f37\"},\"headline\":\"FAB publica novas normas de preven\u00e7\u00e3o contra a COVID-19 nos seletivos\",\"datePublished\":\"2022-12-16T19:08:49+00:00\",\"dateModified\":\"2022-12-19T17:20:00+00:00\",\"mainEntityOfPage\":{\"@id\":\"https:\/\/militares.estrategia.com\/portal\/noticias\/fab-publica-novas-normas-de-prevencao-contra-a-covid-19-nos-seletivos\/\"},\"wordCount\":447,\"publisher\":{\"@id\":\"https:\/\/militares.estrategia.com\/portal\/#organization\"},\"image\":{\"@id\":\"https:\/\/militares.estrategia.com\/portal\/noticias\/fab-publica-novas-normas-de-prevencao-contra-a-covid-19-nos-seletivos\/#primaryimage\"},\"thumbnailUrl\":\"https:\/\/militares.estrategia.com\/portal\/wp-content\/uploads\/2022\/12\/mika-baumeister-uz_T7h8ds04-unsplash.jpg\",\"articleSection\":[\"Not\u00edcias\"],\"inLanguage\":\"pt-BR\"},{\"@type\":\"WebPage\",\"@id\":\"https:\/\/militares.estrategia.com\/portal\/noticias\/fab-publica-novas-normas-de-prevencao-contra-a-covid-19-nos-seletivos\/\",\"url\":\"https:\/\/militares.estrategia.com\/portal\/noticias\/fab-publica-novas-normas-de-prevencao-contra-a-covid-19-nos-seletivos\/\",\"name\":\"FAB publica novas normas de preven\u00e7\u00e3o contra a COVID-19\",\"isPartOf\":{\"@id\":\"https:\/\/militares.estrategia.com\/portal\/#website\"},\"primaryImageOfPage\":{\"@id\":\"https:\/\/militares.estrategia.com\/portal\/noticias\/fab-publica-novas-normas-de-prevencao-contra-a-covid-19-nos-seletivos\/#primaryimage\"},\"image\":{\"@id\":\"https:\/\/militares.estrategia.com\/portal\/noticias\/fab-publica-novas-normas-de-prevencao-contra-a-covid-19-nos-seletivos\/#primaryimage\"},\"thumbnailUrl\":\"https:\/\/militares.estrategia.com\/portal\/wp-content\/uploads\/2022\/12\/mika-baumeister-uz_T7h8ds04-unsplash.jpg\",\"datePublished\":\"2022-12-16T19:08:49+00:00\",\"dateModified\":\"2022-12-19T17:20:00+00:00\",\"description\":\"Confira as regras dos seletivos da FAB para preven\u00e7\u00e3o contra a Covid-19! Tire suas d\u00favidas sobre o uso de m\u00e1scaras e teste de covid-19.\",\"breadcrumb\":{\"@id\":\"https:\/\/militares.estrategia.com\/portal\/noticias\/fab-publica-novas-normas-de-prevencao-contra-a-covid-19-nos-seletivos\/#breadcrumb\"},\"inLanguage\":\"pt-BR\",\"potentialAction\":[{\"@type\":\"ReadAction\",\"target\":[\"https:\/\/militares.estrategia.com\/portal\/noticias\/fab-publica-novas-normas-de-prevencao-contra-a-covid-19-nos-seletivos\/\"]}]},{\"@type\":\"ImageObject\",\"inLanguage\":\"pt-BR\",\"@id\":\"https:\/\/militares.estrategia.com\/portal\/noticias\/fab-publica-novas-normas-de-prevencao-contra-a-covid-19-nos-seletivos\/#primaryimage\",\"url\":\"https:\/\/militares.estrategia.com\/portal\/wp-content\/uploads\/2022\/12\/mika-baumeister-uz_T7h8ds04-unsplash.jpg\",\"contentUrl\":\"https:\/\/militares.estrategia.com\/portal\/wp-content\/uploads\/2022\/12\/mika-baumeister-uz_T7h8ds04-unsplash.jpg\",\"width\":1920,\"height\":1274},{\"@type\":\"BreadcrumbList\",\"@id\":\"https:\/\/militares.estrategia.com\/portal\/noticias\/fab-publica-novas-normas-de-prevencao-contra-a-covid-19-nos-seletivos\/#breadcrumb\",\"itemListElement\":[{\"@type\":\"ListItem\",\"position\":1,\"name\":\"Home\",\"item\":\"https:\/\/militares.estrategia.com\/portal\/\"},{\"@type\":\"ListItem\",\"position\":2,\"name\":\"Not\u00edcias\",\"item\":\"https:\/\/militares.estrategia.com\/portal\/noticias\/\"},{\"@type\":\"ListItem\",\"position\":3,\"name\":\"FAB publica novas normas de preven\u00e7\u00e3o contra a COVID-19 nos seletivos\"}]},{\"@type\":\"WebSite\",\"@id\":\"https:\/\/militares.estrategia.com\/portal\/#website\",\"url\":\"https:\/\/militares.estrategia.com\/portal\/\",\"name\":\"Estrat\u00e9gia Militares\",\"description\":\"\",\"publisher\":{\"@id\":\"https:\/\/militares.estrategia.com\/portal\/#organization\"},\"potentialAction\":[{\"@type\":\"SearchAction\",\"target\":{\"@type\":\"EntryPoint\",\"urlTemplate\":\"https:\/\/militares.estrategia.com\/portal\/?s={search_term_string}\"},\"query-input\":{\"@type\":\"PropertyValueSpecification\",\"valueRequired\":true,\"valueName\":\"search_term_string\"}}],\"inLanguage\":\"pt-BR\"},{\"@type\":\"Organization\",\"@id\":\"https:\/\/militares.estrategia.com\/portal\/#organization\",\"name\":\"Estrat\u00e9gia Militares\",\"url\":\"https:\/\/militares.estrategia.com\/portal\/\",\"logo\":{\"@type\":\"ImageObject\",\"inLanguage\":\"pt-BR\",\"@id\":\"https:\/\/militares.estrategia.com\/portal\/#\/schema\/logo\/image\/\",\"url\":\"https:\/\/militares.estrategia.com\/portal\/wp-content\/uploads\/2021\/10\/logo-militares.webp\",\"contentUrl\":\"https:\/\/militares.estrategia.com\/portal\/wp-content\/uploads\/2021\/10\/logo-militares.webp\",\"width\":346,\"height\":90,\"caption\":\"Estrat\u00e9gia Militares\"},\"image\":{\"@id\":\"https:\/\/militares.estrategia.com\/portal\/#\/schema\/logo\/image\/\"},\"sameAs\":[\"https:\/\/www.facebook.com\/EstrategiaMilitares\",\"https:\/\/x.com\/estrategiamilit\",\"https:\/\/www.instagram.com\/estrategiamilitares\/\",\"https:\/\/www.youtube.com\/channel\/UCRG_9hakCqXxnj_8TqCdgTA\"]},{\"@type\":\"Person\",\"@id\":\"https:\/\/militares.estrategia.com\/portal\/#\/schema\/person\/46e1f54d690b6a851270112cd62d2f37\",\"name\":\"Raquel Oshio\",\"image\":{\"@type\":\"ImageObject\",\"inLanguage\":\"pt-BR\",\"@id\":\"https:\/\/militares.estrategia.com\/portal\/#\/schema\/person\/image\/\",\"url\":\"https:\/\/secure.gravatar.com\/avatar\/fa4e62d5e59d9cf9995ea9c715a78807?s=96&d=mm&r=g\",\"contentUrl\":\"https:\/\/secure.gravatar.com\/avatar\/fa4e62d5e59d9cf9995ea9c715a78807?s=96&d=mm&r=g\",\"caption\":\"Raquel Oshio\"},\"description\":\"Raquel Kie \u00e9 amante de hist\u00f3rias e ca\u00e7adora de belezas escondidas. Jornalista de profiss\u00e3o e cora\u00e7\u00e3o. Desenhista e escritora de fic\u00e7\u00e3o nas horas vagas. Acredito no potencial transformador de todo trabalho feito com dedica\u00e7\u00e3o.\",\"url\":\"https:\/\/militares.estrategia.com\/portal\/author\/raqueloshio\/\"}]}<\/script>\n<!-- \/ Yoast SEO Premium plugin. -->","yoast_head_json":{"title":"FAB publica novas normas de preven\u00e7\u00e3o contra a COVID-19","description":"Confira as regras dos seletivos da FAB para preven\u00e7\u00e3o contra a Covid-19! Tire suas d\u00favidas sobre o uso de m\u00e1scaras e teste de covid-19.","robots":{"index":"index","follow":"follow","max-snippet":"max-snippet:-1","max-image-preview":"max-image-preview:large","max-video-preview":"max-video-preview:-1"},"canonical":"https:\/\/militares.estrategia.com\/portal\/noticias\/fab-publica-novas-normas-de-prevencao-contra-a-covid-19-nos-seletivos\/","og_locale":"pt_BR","og_type":"article","og_title":"FAB publica novas normas de preven\u00e7\u00e3o contra a COVID-19 nos seletivos","og_description":"Confira as regras dos seletivos da FAB para preven\u00e7\u00e3o contra a Covid-19! Tire suas d\u00favidas sobre o uso de m\u00e1scaras e teste de covid-19.","og_url":"https:\/\/militares.estrategia.com\/portal\/noticias\/fab-publica-novas-normas-de-prevencao-contra-a-covid-19-nos-seletivos\/","og_site_name":"Estrat\u00e9gia Militares","article_publisher":"https:\/\/www.facebook.com\/EstrategiaMilitares","article_published_time":"2022-12-16T19:08:49+00:00","article_modified_time":"2022-12-19T17:20:00+00:00","og_image":[{"width":1920,"height":1274,"url":"https:\/\/cdn.blog.estrategiavestibulares.com.br\/vestibulares\/wp-content\/uploads\/2022\/12\/mika-baumeister-uz_T7h8ds04-unsplash.jpg","type":"image\/jpeg"}],"author":"Raquel Oshio","twitter_card":"summary_large_image","twitter_creator":"@estrategiamilit","twitter_site":"@estrategiamilit","twitter_misc":{"Escrito por":"Raquel Oshio","Est. tempo de leitura":"2 minutos"},"schema":{"@context":"https:\/\/schema.org","@graph":[{"@type":"Article","@id":"https:\/\/militares.estrategia.com\/portal\/noticias\/fab-publica-novas-normas-de-prevencao-contra-a-covid-19-nos-seletivos\/#article","isPartOf":{"@id":"https:\/\/militares.estrategia.com\/portal\/noticias\/fab-publica-novas-normas-de-prevencao-contra-a-covid-19-nos-seletivos\/"},"author":{"name":"Raquel Oshio","@id":"https:\/\/militares.estrategia.com\/portal\/#\/schema\/person\/46e1f54d690b6a851270112cd62d2f37"},"headline":"FAB publica novas normas de preven\u00e7\u00e3o contra a COVID-19 nos seletivos","datePublished":"2022-12-16T19:08:49+00:00","dateModified":"2022-12-19T17:20:00+00:00","mainEntityOfPage":{"@id":"https:\/\/militares.estrategia.com\/portal\/noticias\/fab-publica-novas-normas-de-prevencao-contra-a-covid-19-nos-seletivos\/"},"wordCount":447,"publisher":{"@id":"https:\/\/militares.estrategia.com\/portal\/#organization"},"image":{"@id":"https:\/\/militares.estrategia.com\/portal\/noticias\/fab-publica-novas-normas-de-prevencao-contra-a-covid-19-nos-seletivos\/#primaryimage"},"thumbnailUrl":"https:\/\/militares.estrategia.com\/portal\/wp-content\/uploads\/2022\/12\/mika-baumeister-uz_T7h8ds04-unsplash.jpg","articleSection":["Not\u00edcias"],"inLanguage":"pt-BR"},{"@type":"WebPage","@id":"https:\/\/militares.estrategia.com\/portal\/noticias\/fab-publica-novas-normas-de-prevencao-contra-a-covid-19-nos-seletivos\/","url":"https:\/\/militares.estrategia.com\/portal\/noticias\/fab-publica-novas-normas-de-prevencao-contra-a-covid-19-nos-seletivos\/","name":"FAB publica novas normas de preven\u00e7\u00e3o contra a COVID-19","isPartOf":{"@id":"https:\/\/militares.estrategia.com\/portal\/#website"},"primaryImageOfPage":{"@id":"https:\/\/militares.estrategia.com\/portal\/noticias\/fab-publica-novas-normas-de-prevencao-contra-a-covid-19-nos-seletivos\/#primaryimage"},"image":{"@id":"https:\/\/militares.estrategia.com\/portal\/noticias\/fab-publica-novas-normas-de-prevencao-contra-a-covid-19-nos-seletivos\/#primaryimage"},"thumbnailUrl":"https:\/\/militares.estrategia.com\/portal\/wp-content\/uploads\/2022\/12\/mika-baumeister-uz_T7h8ds04-unsplash.jpg","datePublished":"2022-12-16T19:08:49+00:00","dateModified":"2022-12-19T17:20:00+00:00","description":"Confira as regras dos seletivos da FAB para preven\u00e7\u00e3o contra a Covid-19! Tire suas d\u00favidas sobre o uso de m\u00e1scaras e teste de covid-19.","breadcrumb":{"@id":"https:\/\/militares.estrategia.com\/portal\/noticias\/fab-publica-novas-normas-de-prevencao-contra-a-covid-19-nos-seletivos\/#breadcrumb"},"inLanguage":"pt-BR","potentialAction":[{"@type":"ReadAction","target":["https:\/\/militares.estrategia.com\/portal\/noticias\/fab-publica-novas-normas-de-prevencao-contra-a-covid-19-nos-seletivos\/"]}]},{"@type":"ImageObject","inLanguage":"pt-BR","@id":"https:\/\/militares.estrategia.com\/portal\/noticias\/fab-publica-novas-normas-de-prevencao-contra-a-covid-19-nos-seletivos\/#primaryimage","url":"https:\/\/militares.estrategia.com\/portal\/wp-content\/uploads\/2022\/12\/mika-baumeister-uz_T7h8ds04-unsplash.jpg","contentUrl":"https:\/\/militares.estrategia.com\/portal\/wp-content\/uploads\/2022\/12\/mika-baumeister-uz_T7h8ds04-unsplash.jpg","width":1920,"height":1274},{"@type":"BreadcrumbList","@id":"https:\/\/militares.estrategia.com\/portal\/noticias\/fab-publica-novas-normas-de-prevencao-contra-a-covid-19-nos-seletivos\/#breadcrumb","itemListElement":[{"@type":"ListItem","position":1,"name":"Home","item":"https:\/\/militares.estrategia.com\/portal\/"},{"@type":"ListItem","position":2,"name":"Not\u00edcias","item":"https:\/\/militares.estrategia.com\/portal\/noticias\/"},{"@type":"ListItem","position":3,"name":"FAB publica novas normas de preven\u00e7\u00e3o contra a COVID-19 nos seletivos"}]},{"@type":"WebSite","@id":"https:\/\/militares.estrategia.com\/portal\/#website","url":"https:\/\/militares.estrategia.com\/portal\/","name":"Estrat\u00e9gia Militares","description":"","publisher":{"@id":"https:\/\/militares.estrategia.com\/portal\/#organization"},"potentialAction":[{"@type":"SearchAction","target":{"@type":"EntryPoint","urlTemplate":"https:\/\/militares.estrategia.com\/portal\/?s={search_term_string}"},"query-input":{"@type":"PropertyValueSpecification","valueRequired":true,"valueName":"search_term_string"}}],"inLanguage":"pt-BR"},{"@type":"Organization","@id":"https:\/\/militares.estrategia.com\/portal\/#organization","name":"Estrat\u00e9gia Militares","url":"https:\/\/militares.estrategia.com\/portal\/","logo":{"@type":"ImageObject","inLanguage":"pt-BR","@id":"https:\/\/militares.estrategia.com\/portal\/#\/schema\/logo\/image\/","url":"https:\/\/militares.estrategia.com\/portal\/wp-content\/uploads\/2021\/10\/logo-militares.webp","contentUrl":"https:\/\/militares.estrategia.com\/portal\/wp-content\/uploads\/2021\/10\/logo-militares.webp","width":346,"height":90,"caption":"Estrat\u00e9gia Militares"},"image":{"@id":"https:\/\/militares.estrategia.com\/portal\/#\/schema\/logo\/image\/"},"sameAs":["https:\/\/www.facebook.com\/EstrategiaMilitares","https:\/\/x.com\/estrategiamilit","https:\/\/www.instagram.com\/estrategiamilitares\/","https:\/\/www.youtube.com\/channel\/UCRG_9hakCqXxnj_8TqCdgTA"]},{"@type":"Person","@id":"https:\/\/militares.estrategia.com\/portal\/#\/schema\/person\/46e1f54d690b6a851270112cd62d2f37","name":"Raquel Oshio","image":{"@type":"ImageObject","inLanguage":"pt-BR","@id":"https:\/\/militares.estrategia.com\/portal\/#\/schema\/person\/image\/","url":"https:\/\/secure.gravatar.com\/avatar\/fa4e62d5e59d9cf9995ea9c715a78807?s=96&d=mm&r=g","contentUrl":"https:\/\/secure.gravatar.com\/avatar\/fa4e62d5e59d9cf9995ea9c715a78807?s=96&d=mm&r=g","caption":"Raquel Oshio"},"description":"Raquel Kie \u00e9 amante de hist\u00f3rias e ca\u00e7adora de belezas escondidas. Jornalista de profiss\u00e3o e cora\u00e7\u00e3o. Desenhista e escritora de fic\u00e7\u00e3o nas horas vagas. Acredito no potencial transformador de todo trabalho feito com dedica\u00e7\u00e3o.","url":"https:\/\/militares.estrategia.com\/portal\/author\/raqueloshio\/"}]}},"_wl_alt_label":[],"wl:entity_url":"https:\/\/data.wordlift.io\/wl110246\/post\/ee-62688","_links":{"self":[{"href":"https:\/\/militares.estrategia.com\/portal\/wp-json\/wp\/v2\/posts\/62688","targetHints":{"allow":["GET"]}}],"collection":[{"href":"https:\/\/militares.estrategia.com\/portal\/wp-json\/wp\/v2\/posts"}],"about":[{"href":"https:\/\/militares.estrategia.com\/portal\/wp-json\/wp\/v2\/types\/post"}],"author":[{"embeddable":true,"href":"https:\/\/militares.estrategia.com\/portal\/wp-json\/wp\/v2\/users\/9"}],"replies":[{"embeddable":true,"href":"https:\/\/militares.estrategia.com\/portal\/wp-json\/wp\/v2\/comments?post=62688"}],"version-history":[{"count":3,"href":"https:\/\/militares.estrategia.com\/portal\/wp-json\/wp\/v2\/posts\/62688\/revisions"}],"predecessor-version":[{"id":62717,"href":"https:\/\/militares.estrategia.com\/portal\/wp-json\/wp\/v2\/posts\/62688\/revisions\/62717"}],"wp:featuredmedia":[{"embeddable":true,"href":"https:\/\/militares.estrategia.com\/portal\/wp-json\/wp\/v2\/media\/62697"}],"wp:attachment":[{"href":"https:\/\/militares.estrategia.com\/portal\/wp-json\/wp\/v2\/media?parent=62688"}],"wp:term":[{"taxonomy":"category","embeddable":true,"href":"https:\/\/militares.estrategia.com\/portal\/wp-json\/wp\/v2\/categories?post=62688"},{"taxonomy":"post_tag","embeddable":true,"href":"https:\/\/militares.estrategia.com\/portal\/wp-json\/wp\/v2\/tags?post=62688"},{"taxonomy":"wl_entity_type","embeddable":true,"href":"https:\/\/militares.estrategia.com\/portal\/wp-json\/wp\/v2\/wl_entity_type?post=62688"}],"curies":[{"name":"wp","href":"https:\/\/api.w.org\/{rel}","templated":true}]}}