{"id":62226,"date":"2022-11-30T15:17:17","date_gmt":"2022-11-30T18:17:17","guid":{"rendered":"https:\/\/militares.estrategia.com\/portal\/?p=62226"},"modified":"2022-12-01T13:22:03","modified_gmt":"2022-12-01T16:22:03","slug":"jogadores-de-futebol-que-ja-serviram-o-exercito","status":"publish","type":"post","link":"https:\/\/militares.estrategia.com\/portal\/atualidades\/jogadores-de-futebol-que-ja-serviram-o-exercito\/","title":{"rendered":"Jogadores de futebol que j\u00e1 serviram ao Ex\u00e9rcito"},"content":{"rendered":"\n<p>Em pleno 2022, ano de Copa do Mundo, e voc\u00ea achando que as For\u00e7as Armadas n\u00e3o t\u00eam rela\u00e7\u00e3o com o esporte? Errado! Hoje o Estrat\u00e9gia Militares traz para voc\u00ea, alguns jogadores de futebol que j\u00e1 serviram o ex\u00e9rcito do seu pa\u00eds.<\/p>\n\n\n<div id=\"new-form\">\n\t<form id=\"forms_layout\">\n\t<input type=\"hidden\" id=\"chave_de\" name=\"chave_de\" value=\"01_EMIL_LEADS_TOTAIS\" \/>\n\t\t<input type=\"hidden\" id=\"mid\" name=\"mid\" value=\"515009017\" \/>\n\t\t<input type=\"hidden\" id=\"Objetivo\" name=\"Objetivo\" value=\"Militares\" \/>\n\t\t<input type=\"hidden\" id=\"Estado_de_Origem_do_IP\" name=\"Estado_de_Origem_do_IP\"  value=\"\" \/>\n\t\t<input type=\"hidden\" id=\"Cidade_de_Origem_do_IP\" name=\"Cidade_de_Origem_do_IP\" value=\"\" \/>\n\t\t<input type=\"hidden\" id=\"Modo_de_entrada\" name=\"Modo_de_entrada\" value=\"Portal\" \/>\n\t\t<input type=\"hidden\" id=\"Pagina_Origem\" name=\"Pagina_Origem\" value=\"\" \/>\n\n\t\t<div class=\"texto\">\n\t\t\t<h3 class=\"news\">Inscreva-se em nossa newsletter!<\/h3>\n\t\t\t<p>Receba not\u00edcias sobre os mais importantes concursos para as For\u00e7as Armadas brasileiras e informa\u00e7\u00f5es sobre o mundo militar!<\/p>\n\t\t<\/div>\n\t\t<div class=\"campos\">\n\t\t\t<div class=\"first_name labels\">\n\t\t\t\t<input type=\"text\" class=\"input_labels\" id=\"first_name\" name=\"Nome_Completo\" placeholder=\"Nome\" required \/>\n\t\t\t<\/div>\n\t\t\t<div class=\"email labels\">\n\t\t\t\t<input type=\"email\" class=\"input_labels\" id=\"email\" name=\"Email\" placeholder=\"E-mail\" required \/>\n\t\t\t<\/div>\n\t\t\t<button type=\"submit\" class=\"button_layout\">\n\t\t\t\t<div id=\"lblBotao\">Inscreva-se<\/div>\n\t\t\t\t<span id=\"divSpiner\" class=\"loader\" role=\"status\" style=\"display: none;\"><\/span>\t\n\t\t\t<\/button>\n\t\t<\/div><!-- \/campos -->\n\t\t\n\t\t<label class=\"container_checkbox\">Voc\u00ea concorda com a nossa\n\t\t\t<a class=\"politics_privacy_ahref\" target=\"_blank\" href=\"https:\/\/gratis.estrategiaconcursos.com.br\/politica-de-privacidade\/\">Pol\u00edtica de Privacidade<\/a> e aceita receber informa\u00e7\u00f5es adicionais do Estrat\u00e9gia Educacional.\n\t\t\t<input id=\"checkbox_layout\" type=\"checkbox\" checked=\"checked\" required \/>\n\t\t\t<span class=\"checkbox\"><\/span>\n\t\t<\/label>\n\t\t<div id=\"msg\"><\/div>\n\t\t<div id=\"error\" class=\"error\">\n\t\t<\/div>\n\t<\/form>\n<\/div><!-- \/new-form -->\n\n\n\n<div id=\"ez-toc-container\" class=\"ez-toc-v2_0_79_2 counter-hierarchy ez-toc-counter ez-toc-transparent ez-toc-container-direction\">\n<div class=\"ez-toc-title-container\"><p class=\"ez-toc-title\" style=\"cursor:inherit\">Navegue pelo conte\u00fado\t<\/p>\n<\/div><nav><ul class='ez-toc-list ez-toc-list-level-1 ' ><li class='ez-toc-page-1 ez-toc-heading-level-2'><a class=\"ez-toc-link ez-toc-heading-1\" href=\"https:\/\/militares.estrategia.com\/portal\/atualidades\/jogadores-de-futebol-que-ja-serviram-o-exercito\/#Pele\" >Pel\u00e9<\/a><\/li><li class='ez-toc-page-1 ez-toc-heading-level-2'><a class=\"ez-toc-link ez-toc-heading-2\" href=\"https:\/\/militares.estrategia.com\/portal\/atualidades\/jogadores-de-futebol-que-ja-serviram-o-exercito\/#Heung-Min-Son\" >Heung Min Son<\/a><\/li><li class='ez-toc-page-1 ez-toc-heading-level-2'><a class=\"ez-toc-link ez-toc-heading-3\" href=\"https:\/\/militares.estrategia.com\/portal\/atualidades\/jogadores-de-futebol-que-ja-serviram-o-exercito\/#Peracio-Geninho-e-Walter\" >Per\u00e1cio, Geninho e Walter<\/a><\/li><li class='ez-toc-page-1 ez-toc-heading-level-2'><a class=\"ez-toc-link ez-toc-heading-4\" href=\"https:\/\/militares.estrategia.com\/portal\/atualidades\/jogadores-de-futebol-que-ja-serviram-o-exercito\/#Russia-x-Ucrania\" >R\u00fassia x Ucrania<\/a><\/li><\/ul><\/nav><\/div>\n<h2 class=\"wp-block-heading\" id=\"h-pele\"><span class=\"ez-toc-section\" id=\"Pele\"><\/span>Pel\u00e9<span class=\"ez-toc-section-end\"><\/span><\/h2>\n\n\n\n<div class=\"wp-block-image\"><figure class=\"aligncenter size-full is-resized\"><img decoding=\"async\" src=\"https:\/\/militares.estrategia.com\/portal\/wp-content\/uploads\/2022\/11\/EXERCITO-4.jpg\" alt=\"\" class=\"wp-image-62229\" width=\"371\" height=\"473\"\/><figcaption><em> Foto: Instagram Pele <\/em><\/figcaption><\/figure><\/div>\n\n\n\n<p>Sim! O maior jogador de todos os tempos, tr\u00eas vezes campe\u00e3o do mundo, fez parte do Ex\u00e9rcito brasileiro. Embora tenha sido campe\u00e3o do mundo em 1958 e tenha ficado mundialmente conhecido com apenas 17 anos, o Rei do Futebol teve que realizar o servi\u00e7o militar obrigat\u00f3rio em 1959.&nbsp;<\/p>\n\n\n\n<p>Por mais que Pel\u00e9 fosse jogador do Santos, ele era obrigado a jogar pelo 6\u00ba Grupo de Artilharia de Costa Motorizado, na Praia Grande.O soldado 202 Nascimento, n\u00e3o tinha mordomias. Ele fazia tudo o que um combatente comum fazia, desde lavar roupas a ser sentinela.<\/p>\n\n\n\n<p>O Rei ficou seis meses servindo \u00e0 na\u00e7\u00e3o, e mesmo em \u201cpouco tempo\u201d, conseguiu ser campe\u00e3o sul-americano pela sele\u00e7\u00e3o das For\u00e7as Armadas, marcando \u201capenas\u201d 14 gols em 10 jogos.<\/p>\n\n\n\n<h2 class=\"wp-block-heading\"><span class=\"ez-toc-section\" id=\"Heung-Min-Son\"><\/span>Heung Min Son<span class=\"ez-toc-section-end\"><\/span><\/h2>\n\n\n\n<div class=\"wp-block-image\"><figure class=\"aligncenter is-resized\"><img decoding=\"async\" src=\"https:\/\/lh4.googleusercontent.com\/VXpMGbKGnfm-G5Sy5PmOu8aMmpBOHnXnPL_TIzrHeYoLqG6jeLVghMBfS5D-8h3OuUG5xaEdwWVFOKp00TJfwdScz6avr5gS8H5fmP5BGgpUBYZiDUAWyhT2vG0dHTdJrlaJBquQEyU6hIMI2yMq3MdklMMGATl46VKrCENpQFZeg61NICK1H9VKMFJaBw\" alt=\"Heung Min Son\" width=\"464\" height=\"572\"\/><figcaption><em> Foto: Instagram Heung Min Son <\/em><\/figcaption><\/figure><\/div>\n\n\n\n<p>Na Coreia do Sul, o servi\u00e7o militar obrigat\u00f3rio \u00e9 um forte obst\u00e1culo na vida dos jogadores de futebol, j\u00e1 que quase todos os homens aptos entre 18 e 28 anos s\u00e3o obrigados a servir o Ex\u00e9rcito por 18 a 21 meses.<\/p>\n\n\n\n<p>No pa\u00eds, o alistamento precisa ser conclu\u00eddo at\u00e9 os 27 anos. Por\u00e9m, jogadores de futebol t\u00eam a possibilidade de ganhar isen\u00e7\u00e3o, caso conquistem algo pela sele\u00e7\u00e3o nacional ou tenham conquistas individuais que melhorem a imagem do pa\u00eds.<\/p>\n\n\n\n<p>O atacante do Tottenham Hotspur, da Inglaterra, Heung-min Son n\u00e3o foi o primeiro a passar por esse problema, mas certamente \u00e9 o caso mais famoso dos \u00faltimos anos, j\u00e1 que ele \u00e9 o principal jogador da Coreia do Sul.<\/p>\n\n\n\n<p>Na Copa do Mundo de 2018, Son tinha a dif\u00edcil miss\u00e3o de chegar com a Coreia nas oitavas de final, em um grupo com a ent\u00e3o campe\u00e3 na \u00e9poca, a Alemanha, e as sele\u00e7\u00f5es do M\u00e9xico e da Su\u00e9cia.&nbsp;<\/p>\n\n\n\n<p>Ap\u00f3s uma derrota de 1&#215;0 na estreia contra a Su\u00e9cia e uma derrota de 2&#215;1 para o M\u00e9xico, as chances de classifica\u00e7\u00e3o eram baix\u00edssimas, pois na \u00faltima rodada a Coreia enfrentaria a Alemanha.&nbsp;&nbsp;&nbsp;<\/p>\n\n\n\n<p>Mesmo com a vit\u00f3ria hist\u00f3rica por 2&#215;0 &#8211; eliminando a Alemanha na fase de grupos &#8211; e com Son fazendo gol, a Su\u00e9cia venceu o M\u00e9xico por 3&#215;0, acabando com o sonho de dispensa militar do coreano.<\/p>\n\n\n\n<div class=\"wp-block-image\"><figure class=\"aligncenter\"><img decoding=\"async\" src=\"https:\/\/lh4.googleusercontent.com\/yRap4XPpSvDxv6QDv7cxgv8DH-bHer92026E7NV5pPX2Q80lOtJMLojNI6b-mXXk_mzvIqcQIAu1OgqC1RBXDw_xu1WHygs5jJ15CL-7tnyCimI18zDsDm_QhwyBpRiwchw1XzI4VvFC3WuFCJthgi1Oxz9L9j6Gp7T5v65O9NvK6AhcqDQB6qDqrNOJqA\" alt=\"Son chorando\"\/><figcaption><em> Foto: EFE\/EPA\/YONHAP <\/em><\/figcaption><\/figure><\/div>\n\n\n\n<p>O choro de Son ap\u00f3s a derrota da Coreia e o desespero de ter que parar de jogar futebol no auge da sua carreira, seriam aliviados meses depois, com a conquista da t\u00e3o sonhada medalha de ouro com a sele\u00e7\u00e3o nacional nos Jogos Asi\u00e1ticos de 2018. Assim como todos os jovens que participaram da conquista, ele foi liberado dos dois anos de servi\u00e7o militar.&nbsp;<\/p>\n\n\n\n<p>Por\u00e9m, o jogador ainda teve que realizar tr\u00eas semanas de treinamento militar, que foram cumpridas durante a suspens\u00e3o do futebol ingl\u00eas no per\u00edodo da crise de sa\u00fade mundial por conta do Covid-19.<\/p>\n\n\n\n<p>Son ficou no 91\u00ba batalh\u00e3o da 9<sup>a<\/sup> Brigada do Corpo de Fuzileiros Navais, localizado na Ilha de Jeju, ao sul da pen\u00ednsula coreana.&nbsp;<\/p>\n\n\n\n<p>De acordo com a BBC Sports, o treinamento inclu\u00eda t\u00e9cnicas de tiro, qu\u00edmica, biologia, radiologia, combate individual e primeiros-socorros. Son obteve excel\u00eancia no tiro, e ganhou um pr\u00eamio de melhor desempenho do grupo de 158 cadetes.<\/p>\n\n\n\n<div class=\"wp-block-image\"><figure class=\"aligncenter\"><img decoding=\"async\" src=\"https:\/\/lh3.googleusercontent.com\/ryF4GDj3aCDasLoQoDjg5n4cacHGBrETgbp7E4HeJ8VNDYcZzqBtNGc9_4RthW_2mDkQ5Phs011d8ktnAm7RMecTdtedjnV1jiEf2t73omc_JtKxRXJQUgIec-oqC8vtBiV_UTDeR4rXhOK6dN0Enj2rYdO1b1ZLROarz9vKQYAZz5JBphO-F6ds7Cn9Vg\" alt=\"Son no ex\u00e9rcito\"\/><figcaption><em> Foto: AFP <\/em><\/figcaption><\/figure><\/div>\n\n\n\n<p>Al\u00e9m de Son, outro \u00eddolo coreano que chegou a passar pelo mesmo problema foi Park Ji-Sung. O ponta esquerda foi campe\u00e3o da Champions League pelo Manchester United e conseguiu ser dispensado do servi\u00e7o militar em 2002, gra\u00e7as a hist\u00f3rica campanha semifinalista do pa\u00eds na copa do mundo.&nbsp;<\/p>\n\n\n\n<p>A Coreia jogou a competi\u00e7\u00e3o em seu pa\u00eds e surpreendeu a todos, eliminando times como Portugal, Espanha e It\u00e1lia, e se consagrando com o quarto lugar e a melhor coloca\u00e7\u00e3o da hist\u00f3ria do pa\u00eds.&nbsp;<\/p>\n\n\n\n<p>Park foi o primeiro asi\u00e1tico a conquistar uma Champions League, na temporada 2007\/2008.<\/p>\n\n\n\n<h2 class=\"wp-block-heading\"><span class=\"ez-toc-section\" id=\"Peracio-Geninho-e-Walter\"><\/span>Per\u00e1cio, Geninho e Walter<span class=\"ez-toc-section-end\"><\/span><\/h2>\n\n\n\n<p>Em mar\u00e7o de 1944, a For\u00e7a Expedicion\u00e1ria Brasileira (FEB) enviou para a It\u00e1lia 5.379 homens. Entre eles estavam tr\u00eas jogadores de futebol brasileiros. Eles foram intimados pelo Ex\u00e9rcito Brasileiro para lutar na Segunda Guerra Mundial. Eram eles: Per\u00e1cio, do Flamengo, e Geninho e Walter, do Botafogo.&nbsp;<\/p>\n\n\n\n<p>Vale ressaltar que Per\u00e1cio foi um dos principais respons\u00e1veis pela hist\u00f3rica campanha no Mundial de 1938. O terceiro lugar na Copa fez com que a Sele\u00e7\u00e3o Brasileira se potencializasse ao redor do mundo. Por\u00e9m, tal feito n\u00e3o foi suficiente para liberar o atacante de suas obriga\u00e7\u00f5es militares.&nbsp;<\/p>\n\n\n\n<div class=\"wp-block-image\"><figure class=\"aligncenter\"><img decoding=\"async\" src=\"https:\/\/lh5.googleusercontent.com\/iu9yuFHBgow91T2Ah-51AiKTlA8fB8dElKVSEIdoL-fDYxVyoLqIwe5aS9OFkTgZOcBTRQASbLanjMTK8SCOTTkfeeMDONb_gCQEj7ehGf_AiMX1Nu_9_LaFpXsx8gy8vOCbGUY0F1e-E_SrsBYYcxAOyBI8ftEK6l1zDMqmoV7c2NTDz1qfZUNZoCol\" alt=\"Jogadores de futebol que j\u00e1 serviram o Ex\u00e9rcito\"\/><figcaption><em>Per\u00e1cio &#8211; Foto: Arquivo&nbsp; Museu da Pelada<\/em><\/figcaption><\/figure><\/div>\n\n\n\n<p>Diferente de Per\u00e1cio, que fez parte do grupo de 5.379 homens, Geninho e Walter foram com a segunda leva de convocados que saiu do Brasil meses depois, com pouco mais de 25.000 combatentes.&nbsp;<\/p>\n\n\n\n<p>Por mais que os clubes e torcedores protestaram contra tal decis\u00e3o, estima-se que pelo menos 18 atletas de clubes profissionais foram convocados para a FEB. Vale ressaltar que os jogadores n\u00e3o ficaram na linha de frente, j\u00e1 que eles trabalhavam como motoristas do Comando Oficial, no 5\u00ba Ex\u00e9rcito.&nbsp;<\/p>\n\n\n\n<p>No dia 22 de agosto de 1945, Per\u00e1cio, Geninho e Walter retornaram ao Brasil com seguran\u00e7a, por\u00e9m mais de 400 militares brasileiros faleceram no confronto.<\/p>\n\n\n\n<h2 class=\"wp-block-heading\"><span class=\"ez-toc-section\" id=\"Russia-x-Ucrania\"><\/span>R\u00fassia x Ucrania<span class=\"ez-toc-section-end\"><\/span><\/h2>\n\n\n\n<p>O conflito entre a R\u00fassia e a Ucr\u00e2nia despertou as aten\u00e7\u00f5es do mundo em 2022. No entanto, a guerra, iniciada no dia 24 de fevereiro, n\u00e3o veio de um desentendimento recente. Os dois pa\u00edses, que pertenciam \u00e0 antiga Uni\u00e3o Sovi\u00e9tica, passam por fases de conflitos h\u00e1 muitos anos.<\/p>\n\n\n\n<p>Por conta da guerra, diversos profissionais do ramo futebol\u00edstico decidiram abandonar as carreiras para defenderem sua na\u00e7\u00e3o. Um dos exemplos mais famosos foi o ucraniano Yuriy Vernydub, t\u00e9cnico do Sheriff United.&nbsp;<\/p>\n\n\n\n<p>O treinador se juntou \u00e0s For\u00e7as Armadas de seu pa\u00eds cinco meses ap\u00f3s fazer hist\u00f3ria pelo Sheriff, vencendo o Real Madrid por 2&#215;1 na Liga dos Campe\u00f5es.<\/p>\n\n\n\n<div class=\"wp-block-image\"><figure class=\"aligncenter\"><img decoding=\"async\" src=\"https:\/\/lh3.googleusercontent.com\/0o6zmPRqv0_B3_Tgr8WZEalFxgcioXg-5X7l2gnVCu9TbExz5sohidmLseonZNM45p0OkdQgxte50AWi38b_y8cz1mz1Iz9pm0yAargtWrqnDxe97gjsBEv6KeOe3ZJ7RXuAn9Vfru1LtKKx0dQBWfEfyanWLwhRxaJxGRuduETj0f5yZ8KakezxWpboEw\" alt=\"Jogadores de futebol que j\u00e1 serviram o Ex\u00e9rcito\"\/><figcaption><em>Yuriy Vernydub, t\u00e9cnico do Sheriff United ao centro &#8211; Reprodu\u00e7\u00e3o\/Twitter e Miguel Riopa\/AFP&nbsp;<\/em><\/figcaption><\/figure><\/div>\n\n\n\n<p>Viktor Kornienko, jogador de 23 anos do Shakhtar Donetsk e da sele\u00e7\u00e3o Ucraniana,&nbsp;Vasyl Kravets, zagueiro do Sporting Gij\u00f3n e, o ex-jogador de 53 anos do Arsenal, Oleg Luzhny, foram outros do ramo que foram para o front.<\/p>\n\n\n\n<p>Ambos pa\u00edses n\u00e3o jogam a Copa do Mundo no Qatar. Por conta do conflito, a R\u00fassia foi banida das eliminat\u00f3rias europeias, enquanto a Ucr\u00e2nia foi eliminada pelo Pa\u00eds de Gales na \u00faltima fase de repescagem.<\/p>\n\n\n\n<p>O Estrat\u00e9gia Militares fez diversos textos para te ajudar a entender o conflito R\u00fassia x Ucr\u00e2nia:<\/p>\n\n\n\n<ul class=\"wp-block-list\"><li><a href=\"https:\/\/militares.estrategia.com\/portal\/atualidades\/porque-a-russia-invadiu-a-ucrania\/\" target=\"_blank\" >R\u00fassia invadiu a Ucr\u00e2nia! Entenda o motivo<\/a>;<\/li><li><a href=\"https:\/\/militares.estrategia.com\/portal\/atualidades\/filmes-documentarios-series-conflito-russia-x-ucrania\/\" target=\"_blank\" >Filmes, document\u00e1rios e s\u00e9ries para entender o conflito R\u00fassia X Ucr\u00e2nia: saiba mais!<\/a>;<\/li><li><a href=\"https:\/\/militares.estrategia.com\/portal\/atualidades\/russia-ucrania-livros\/\" target=\"_blank\" >R\u00fassia X Ucr\u00e2nia: livros que ajudam a entender o conflito!<\/a>;<\/li><li><a href=\"https:\/\/militares.estrategia.com\/portal\/atualidades\/russia-x-ucrania-quais-os-riscos-de-um-acidente-nuclear\/\" target=\"_blank\" >R\u00fassia x Ucr\u00e2nia: Quais os riscos de um acidente nuclear?<\/a>;<\/li><li><a href=\"https:\/\/militares.estrategia.com\/portal\/atualidades\/ameaca-nuclear-e-convocacao-de-reservistas-pela-russia\/\" target=\"_blank\" >R\u00fassia x Ucr\u00e2nia: amea\u00e7a nuclear e convoca\u00e7\u00e3o de reservistas<\/a>; e<\/li><li><a href=\"https:\/\/militares.estrategia.com\/portal\/atualidades\/tribunal-de-haia-como-sao-julgados-crimes-de-guerra\/\" target=\"_blank\" >Tribunal de Haia: como s\u00e3o julgados crimes de guerra?<\/a><\/li><\/ul>\n\n\n\n<p>E a\u00ed, guerreiro? Gostou de saber sobre os jogadores que j\u00e1 serviram \u00e0s for\u00e7as armadas? Lembrou de algum caso n\u00e3o citado? Continue acompanhando o Estrat\u00e9gia Militares para estudar para os concursos das For\u00e7as Armadas brasileiras! Prepare-se com nosso banco de quest\u00f5es clicando abaixo!<\/p>\n\n\n\n<p><strong><a id=\"cta\" class=\"cta-imagem\" href=\"https:\/\/militares.estrategia.com\/curso\/banco-de-questes-anual\/\" target=\"blank\">\n                <img decoding=\"async\" width=\"100%\" src=\"https:\/\/militares.estrategia.com\/portal\/wp-content\/uploads\/2023\/02\/EM-Banco-de-Questoes.jpg\" alt=\"EM - Banco de Questo\u0303es\" title=\"EM - Banco de Questo\u0303es\">\n        <\/a><\/strong><\/p>\n\n\n\n\n\n<p>Fontes de pesquisa:<\/p>\n\n\n\n<ul class=\"wp-block-list\"><li><span style=\"color: initial;\">https:\/\/www.<\/span><em style=\"color: initial;\">espn.com.br\/futebol\/artigo\/_\/id\/6924577\/son-tottenham-cumpre-servico-militar-coreia-do-sul-ganha-premio-performance<\/em><\/li><li>http:\/\/<em>www.mguerramemoria.com.br\/os-jogadores-de-flamengo-e-botafogo-que-foram-para-a-segunda-guerra<\/em><\/li><li>h<em>ttps:\/\/trivela.com.br\/brasil\/o-craque-brasileiro-da-copa-de-1938-que-tambem-lutou-na-segunda-guerra-mundial\/<\/em><\/li><li><em>https:\/\/www.torcedores.com\/noticias\/2018\/09\/jogadores-sofreram-exercito-coreia-do-sul<\/em><\/li><li><em>https:\/\/jogada10.com.br\/futebol-internacional\/futebolistas-se-juntam-ao-exercito-da-ucrania-na-guerra-contra-a-russia-veja-a-lista\/<\/em><\/li><li><em>https:\/\/www.terra.com.br\/esportes\/futebol\/internacional\/liga-dos-campeoes\/tecnico-do-sheriff-que-venceu-o-real-madrid-na-liga-dos-campeoes-se-junta-ao-exercito-ucraniano,2d59348c091ba44185873186d8051cadjrb3mjrd.html<\/em><\/li><li><em>https:\/\/www.goal.com\/br\/not%C3%ADcias\/por-que-son-do-tottenham-precisa-cumprir-servico-militar-na-coreia-do-sul\/14njnsxuo0gqz1o3cfgqme5jno<\/em><\/li><li><em>https:\/\/esportefera.com.br\/noticias\/futebol,fardado-e-com-fuzil-son-faz-treinamento-no-exercito-da-coreia-do-sul,70003295335<\/em><\/li><li><em>https:\/\/brasil.elpais.com\/brasil\/2018\/06\/24\/deportes\/1529858620_942433.html<\/em><\/li><li><em>https:\/\/ge.globo.com\/blogs\/futebol-no-japao\/post\/2018\/09\/01\/coreia-do-sul-e-ouro-nos-jogos-asiaticos-japao-com-campanha-positiva-no-geral.ghtml<\/em><\/li><li><em>https:\/\/ge.globo.com\/futebol\/futebol-internacional\/noticia\/2022\/06\/01\/quem-e-son-heung-min-coreia-do-sul-trajetoria-treinado-pai-rigido-exercito-fa-futebol-brasileiro.ghtml<\/em><\/li><li><em>https:\/\/henriquemppfeb.blogspot.com\/2014\/06\/jogadores-de-futebol-do-brasil-na.html<\/em><\/li><li><em>https:\/\/ge.globo.com\/futebol\/futebol-internacional\/futebol-russo\/noticia\/2022\/11\/11\/banida-pela-fifa-russia-vai-realizar-copa-nacional-durante-o-mundial.ghtml<\/em><\/li><\/ul>\n","protected":false},"excerpt":{"rendered":"Em pleno 2022, ano de Copa do Mundo, e voc\u00ea achando que as For\u00e7as Armadas n\u00e3o t\u00eam rela\u00e7\u00e3o&hellip;\n","protected":false},"author":18,"featured_media":62227,"comment_status":"closed","ping_status":"closed","sticky":false,"template":"","format":"standard","meta":{"wl_entities_gutenberg":"","footnotes":""},"categories":[39],"tags":[],"wl_entity_type":[187],"class_list":{"0":"post-62226","1":"post","2":"type-post","3":"status-publish","4":"format-standard","5":"has-post-thumbnail","7":"category-atualidades","8":"wl_entity_type-article"},"acf":[],"yoast_head":"<!-- This site is optimized with the Yoast SEO Premium plugin v26.6 (Yoast SEO v26.6) - https:\/\/yoast.com\/wordpress\/plugins\/seo\/ -->\n<title>Jogadores de futebol que j\u00e1 serviram ao Ex\u00e9rcito<\/title>\n<meta name=\"description\" content=\"Hoje o Estrat\u00e9gia Militares traz para voc\u00ea, alguns jogadores de futebol que j\u00e1 serviram o ex\u00e9rcito do seu pa\u00eds.\" \/>\n<meta name=\"robots\" content=\"index, follow, max-snippet:-1, max-image-preview:large, max-video-preview:-1\" \/>\n<link rel=\"canonical\" href=\"https:\/\/militares.estrategia.com\/portal\/atualidades\/jogadores-de-futebol-que-ja-serviram-o-exercito\/\" \/>\n<meta property=\"og:locale\" content=\"pt_BR\" \/>\n<meta property=\"og:type\" content=\"article\" \/>\n<meta property=\"og:title\" content=\"Jogadores de futebol que j\u00e1 serviram ao Ex\u00e9rcito\" \/>\n<meta property=\"og:description\" content=\"Hoje o Estrat\u00e9gia Militares traz para voc\u00ea, alguns jogadores de futebol que j\u00e1 serviram o ex\u00e9rcito do seu pa\u00eds.\" \/>\n<meta property=\"og:url\" content=\"https:\/\/militares.estrategia.com\/portal\/atualidades\/jogadores-de-futebol-que-ja-serviram-o-exercito\/\" \/>\n<meta property=\"og:site_name\" content=\"Estrat\u00e9gia Militares\" \/>\n<meta property=\"article:publisher\" content=\"https:\/\/www.facebook.com\/EstrategiaMilitares\" \/>\n<meta property=\"article:published_time\" content=\"2022-11-30T18:17:17+00:00\" \/>\n<meta property=\"article:modified_time\" content=\"2022-12-01T16:22:03+00:00\" \/>\n<meta property=\"og:image\" content=\"https:\/\/cdn.blog.estrategiavestibulares.com.br\/vestibulares\/wp-content\/uploads\/2022\/11\/Image_20221130_101442_981.jpeg\" \/>\n\t<meta property=\"og:image:width\" content=\"828\" \/>\n\t<meta property=\"og:image:height\" content=\"520\" \/>\n\t<meta property=\"og:image:type\" content=\"image\/jpeg\" \/>\n<meta name=\"author\" content=\"Pedro Alcantara\" \/>\n<meta name=\"twitter:card\" content=\"summary_large_image\" \/>\n<meta name=\"twitter:creator\" content=\"@estrategiamilit\" \/>\n<meta name=\"twitter:site\" content=\"@estrategiamilit\" \/>\n<meta name=\"twitter:label1\" content=\"Escrito por\" \/>\n\t<meta name=\"twitter:data1\" content=\"Pedro Alcantara\" \/>\n\t<meta name=\"twitter:label2\" content=\"Est. tempo de leitura\" \/>\n\t<meta name=\"twitter:data2\" content=\"7 minutos\" \/>\n<script type=\"application\/ld+json\" class=\"yoast-schema-graph\">{\"@context\":\"https:\/\/schema.org\",\"@graph\":[{\"@type\":\"Article\",\"@id\":\"https:\/\/militares.estrategia.com\/portal\/atualidades\/jogadores-de-futebol-que-ja-serviram-o-exercito\/#article\",\"isPartOf\":{\"@id\":\"https:\/\/militares.estrategia.com\/portal\/atualidades\/jogadores-de-futebol-que-ja-serviram-o-exercito\/\"},\"author\":{\"name\":\"Pedro Alcantara\",\"@id\":\"https:\/\/militares.estrategia.com\/portal\/#\/schema\/person\/d52a8bb9d3a4693ffcfbe862dc250f79\"},\"headline\":\"Jogadores de futebol que j\u00e1 serviram ao Ex\u00e9rcito\",\"datePublished\":\"2022-11-30T18:17:17+00:00\",\"dateModified\":\"2022-12-01T16:22:03+00:00\",\"mainEntityOfPage\":{\"@id\":\"https:\/\/militares.estrategia.com\/portal\/atualidades\/jogadores-de-futebol-que-ja-serviram-o-exercito\/\"},\"wordCount\":1435,\"publisher\":{\"@id\":\"https:\/\/militares.estrategia.com\/portal\/#organization\"},\"image\":{\"@id\":\"https:\/\/militares.estrategia.com\/portal\/atualidades\/jogadores-de-futebol-que-ja-serviram-o-exercito\/#primaryimage\"},\"thumbnailUrl\":\"https:\/\/militares.estrategia.com\/portal\/wp-content\/uploads\/2022\/11\/Image_20221130_101442_981.jpeg\",\"articleSection\":[\"Atualidades\"],\"inLanguage\":\"pt-BR\"},{\"@type\":\"WebPage\",\"@id\":\"https:\/\/militares.estrategia.com\/portal\/atualidades\/jogadores-de-futebol-que-ja-serviram-o-exercito\/\",\"url\":\"https:\/\/militares.estrategia.com\/portal\/atualidades\/jogadores-de-futebol-que-ja-serviram-o-exercito\/\",\"name\":\"Jogadores de futebol que j\u00e1 serviram ao Ex\u00e9rcito\",\"isPartOf\":{\"@id\":\"https:\/\/militares.estrategia.com\/portal\/#website\"},\"primaryImageOfPage\":{\"@id\":\"https:\/\/militares.estrategia.com\/portal\/atualidades\/jogadores-de-futebol-que-ja-serviram-o-exercito\/#primaryimage\"},\"image\":{\"@id\":\"https:\/\/militares.estrategia.com\/portal\/atualidades\/jogadores-de-futebol-que-ja-serviram-o-exercito\/#primaryimage\"},\"thumbnailUrl\":\"https:\/\/militares.estrategia.com\/portal\/wp-content\/uploads\/2022\/11\/Image_20221130_101442_981.jpeg\",\"datePublished\":\"2022-11-30T18:17:17+00:00\",\"dateModified\":\"2022-12-01T16:22:03+00:00\",\"description\":\"Hoje o Estrat\u00e9gia Militares traz para voc\u00ea, alguns jogadores de futebol que j\u00e1 serviram o ex\u00e9rcito do seu pa\u00eds.\",\"breadcrumb\":{\"@id\":\"https:\/\/militares.estrategia.com\/portal\/atualidades\/jogadores-de-futebol-que-ja-serviram-o-exercito\/#breadcrumb\"},\"inLanguage\":\"pt-BR\",\"potentialAction\":[{\"@type\":\"ReadAction\",\"target\":[\"https:\/\/militares.estrategia.com\/portal\/atualidades\/jogadores-de-futebol-que-ja-serviram-o-exercito\/\"]}]},{\"@type\":\"ImageObject\",\"inLanguage\":\"pt-BR\",\"@id\":\"https:\/\/militares.estrategia.com\/portal\/atualidades\/jogadores-de-futebol-que-ja-serviram-o-exercito\/#primaryimage\",\"url\":\"https:\/\/militares.estrategia.com\/portal\/wp-content\/uploads\/2022\/11\/Image_20221130_101442_981.jpeg\",\"contentUrl\":\"https:\/\/militares.estrategia.com\/portal\/wp-content\/uploads\/2022\/11\/Image_20221130_101442_981.jpeg\",\"width\":828,\"height\":520,\"caption\":\"Jogadores de futebol que j\u00e1 serviram o Ex\u00e9rcito\"},{\"@type\":\"BreadcrumbList\",\"@id\":\"https:\/\/militares.estrategia.com\/portal\/atualidades\/jogadores-de-futebol-que-ja-serviram-o-exercito\/#breadcrumb\",\"itemListElement\":[{\"@type\":\"ListItem\",\"position\":1,\"name\":\"Home\",\"item\":\"https:\/\/militares.estrategia.com\/portal\/\"},{\"@type\":\"ListItem\",\"position\":2,\"name\":\"Atualidades\",\"item\":\"https:\/\/militares.estrategia.com\/portal\/atualidades\/\"},{\"@type\":\"ListItem\",\"position\":3,\"name\":\"Jogadores de futebol que j\u00e1 serviram ao Ex\u00e9rcito\"}]},{\"@type\":\"WebSite\",\"@id\":\"https:\/\/militares.estrategia.com\/portal\/#website\",\"url\":\"https:\/\/militares.estrategia.com\/portal\/\",\"name\":\"Estrat\u00e9gia Militares\",\"description\":\"\",\"publisher\":{\"@id\":\"https:\/\/militares.estrategia.com\/portal\/#organization\"},\"potentialAction\":[{\"@type\":\"SearchAction\",\"target\":{\"@type\":\"EntryPoint\",\"urlTemplate\":\"https:\/\/militares.estrategia.com\/portal\/?s={search_term_string}\"},\"query-input\":{\"@type\":\"PropertyValueSpecification\",\"valueRequired\":true,\"valueName\":\"search_term_string\"}}],\"inLanguage\":\"pt-BR\"},{\"@type\":\"Organization\",\"@id\":\"https:\/\/militares.estrategia.com\/portal\/#organization\",\"name\":\"Estrat\u00e9gia Militares\",\"url\":\"https:\/\/militares.estrategia.com\/portal\/\",\"logo\":{\"@type\":\"ImageObject\",\"inLanguage\":\"pt-BR\",\"@id\":\"https:\/\/militares.estrategia.com\/portal\/#\/schema\/logo\/image\/\",\"url\":\"https:\/\/militares.estrategia.com\/portal\/wp-content\/uploads\/2021\/10\/logo-militares.webp\",\"contentUrl\":\"https:\/\/militares.estrategia.com\/portal\/wp-content\/uploads\/2021\/10\/logo-militares.webp\",\"width\":346,\"height\":90,\"caption\":\"Estrat\u00e9gia Militares\"},\"image\":{\"@id\":\"https:\/\/militares.estrategia.com\/portal\/#\/schema\/logo\/image\/\"},\"sameAs\":[\"https:\/\/www.facebook.com\/EstrategiaMilitares\",\"https:\/\/x.com\/estrategiamilit\",\"https:\/\/www.instagram.com\/estrategiamilitares\/\",\"https:\/\/www.youtube.com\/channel\/UCRG_9hakCqXxnj_8TqCdgTA\"]},{\"@type\":\"Person\",\"@id\":\"https:\/\/militares.estrategia.com\/portal\/#\/schema\/person\/d52a8bb9d3a4693ffcfbe862dc250f79\",\"name\":\"Pedro Alcantara\",\"image\":{\"@type\":\"ImageObject\",\"inLanguage\":\"pt-BR\",\"@id\":\"https:\/\/militares.estrategia.com\/portal\/#\/schema\/person\/image\/\",\"url\":\"https:\/\/secure.gravatar.com\/avatar\/2ff815c569bab8558bec32641d54e1af?s=96&d=mm&r=g\",\"contentUrl\":\"https:\/\/secure.gravatar.com\/avatar\/2ff815c569bab8558bec32641d54e1af?s=96&d=mm&r=g\",\"caption\":\"Pedro Alcantara\"},\"url\":\"https:\/\/militares.estrategia.com\/portal\/author\/pedro\/\"}]}<\/script>\n<!-- \/ Yoast SEO Premium plugin. -->","yoast_head_json":{"title":"Jogadores de futebol que j\u00e1 serviram ao Ex\u00e9rcito","description":"Hoje o Estrat\u00e9gia Militares traz para voc\u00ea, alguns jogadores de futebol que j\u00e1 serviram o ex\u00e9rcito do seu pa\u00eds.","robots":{"index":"index","follow":"follow","max-snippet":"max-snippet:-1","max-image-preview":"max-image-preview:large","max-video-preview":"max-video-preview:-1"},"canonical":"https:\/\/militares.estrategia.com\/portal\/atualidades\/jogadores-de-futebol-que-ja-serviram-o-exercito\/","og_locale":"pt_BR","og_type":"article","og_title":"Jogadores de futebol que j\u00e1 serviram ao Ex\u00e9rcito","og_description":"Hoje o Estrat\u00e9gia Militares traz para voc\u00ea, alguns jogadores de futebol que j\u00e1 serviram o ex\u00e9rcito do seu pa\u00eds.","og_url":"https:\/\/militares.estrategia.com\/portal\/atualidades\/jogadores-de-futebol-que-ja-serviram-o-exercito\/","og_site_name":"Estrat\u00e9gia Militares","article_publisher":"https:\/\/www.facebook.com\/EstrategiaMilitares","article_published_time":"2022-11-30T18:17:17+00:00","article_modified_time":"2022-12-01T16:22:03+00:00","og_image":[{"width":828,"height":520,"url":"https:\/\/cdn.blog.estrategiavestibulares.com.br\/vestibulares\/wp-content\/uploads\/2022\/11\/Image_20221130_101442_981.jpeg","type":"image\/jpeg"}],"author":"Pedro Alcantara","twitter_card":"summary_large_image","twitter_creator":"@estrategiamilit","twitter_site":"@estrategiamilit","twitter_misc":{"Escrito por":"Pedro Alcantara","Est. tempo de leitura":"7 minutos"},"schema":{"@context":"https:\/\/schema.org","@graph":[{"@type":"Article","@id":"https:\/\/militares.estrategia.com\/portal\/atualidades\/jogadores-de-futebol-que-ja-serviram-o-exercito\/#article","isPartOf":{"@id":"https:\/\/militares.estrategia.com\/portal\/atualidades\/jogadores-de-futebol-que-ja-serviram-o-exercito\/"},"author":{"name":"Pedro Alcantara","@id":"https:\/\/militares.estrategia.com\/portal\/#\/schema\/person\/d52a8bb9d3a4693ffcfbe862dc250f79"},"headline":"Jogadores de futebol que j\u00e1 serviram ao Ex\u00e9rcito","datePublished":"2022-11-30T18:17:17+00:00","dateModified":"2022-12-01T16:22:03+00:00","mainEntityOfPage":{"@id":"https:\/\/militares.estrategia.com\/portal\/atualidades\/jogadores-de-futebol-que-ja-serviram-o-exercito\/"},"wordCount":1435,"publisher":{"@id":"https:\/\/militares.estrategia.com\/portal\/#organization"},"image":{"@id":"https:\/\/militares.estrategia.com\/portal\/atualidades\/jogadores-de-futebol-que-ja-serviram-o-exercito\/#primaryimage"},"thumbnailUrl":"https:\/\/militares.estrategia.com\/portal\/wp-content\/uploads\/2022\/11\/Image_20221130_101442_981.jpeg","articleSection":["Atualidades"],"inLanguage":"pt-BR"},{"@type":"WebPage","@id":"https:\/\/militares.estrategia.com\/portal\/atualidades\/jogadores-de-futebol-que-ja-serviram-o-exercito\/","url":"https:\/\/militares.estrategia.com\/portal\/atualidades\/jogadores-de-futebol-que-ja-serviram-o-exercito\/","name":"Jogadores de futebol que j\u00e1 serviram ao Ex\u00e9rcito","isPartOf":{"@id":"https:\/\/militares.estrategia.com\/portal\/#website"},"primaryImageOfPage":{"@id":"https:\/\/militares.estrategia.com\/portal\/atualidades\/jogadores-de-futebol-que-ja-serviram-o-exercito\/#primaryimage"},"image":{"@id":"https:\/\/militares.estrategia.com\/portal\/atualidades\/jogadores-de-futebol-que-ja-serviram-o-exercito\/#primaryimage"},"thumbnailUrl":"https:\/\/militares.estrategia.com\/portal\/wp-content\/uploads\/2022\/11\/Image_20221130_101442_981.jpeg","datePublished":"2022-11-30T18:17:17+00:00","dateModified":"2022-12-01T16:22:03+00:00","description":"Hoje o Estrat\u00e9gia Militares traz para voc\u00ea, alguns jogadores de futebol que j\u00e1 serviram o ex\u00e9rcito do seu pa\u00eds.","breadcrumb":{"@id":"https:\/\/militares.estrategia.com\/portal\/atualidades\/jogadores-de-futebol-que-ja-serviram-o-exercito\/#breadcrumb"},"inLanguage":"pt-BR","potentialAction":[{"@type":"ReadAction","target":["https:\/\/militares.estrategia.com\/portal\/atualidades\/jogadores-de-futebol-que-ja-serviram-o-exercito\/"]}]},{"@type":"ImageObject","inLanguage":"pt-BR","@id":"https:\/\/militares.estrategia.com\/portal\/atualidades\/jogadores-de-futebol-que-ja-serviram-o-exercito\/#primaryimage","url":"https:\/\/militares.estrategia.com\/portal\/wp-content\/uploads\/2022\/11\/Image_20221130_101442_981.jpeg","contentUrl":"https:\/\/militares.estrategia.com\/portal\/wp-content\/uploads\/2022\/11\/Image_20221130_101442_981.jpeg","width":828,"height":520,"caption":"Jogadores de futebol que j\u00e1 serviram o Ex\u00e9rcito"},{"@type":"BreadcrumbList","@id":"https:\/\/militares.estrategia.com\/portal\/atualidades\/jogadores-de-futebol-que-ja-serviram-o-exercito\/#breadcrumb","itemListElement":[{"@type":"ListItem","position":1,"name":"Home","item":"https:\/\/militares.estrategia.com\/portal\/"},{"@type":"ListItem","position":2,"name":"Atualidades","item":"https:\/\/militares.estrategia.com\/portal\/atualidades\/"},{"@type":"ListItem","position":3,"name":"Jogadores de futebol que j\u00e1 serviram ao Ex\u00e9rcito"}]},{"@type":"WebSite","@id":"https:\/\/militares.estrategia.com\/portal\/#website","url":"https:\/\/militares.estrategia.com\/portal\/","name":"Estrat\u00e9gia Militares","description":"","publisher":{"@id":"https:\/\/militares.estrategia.com\/portal\/#organization"},"potentialAction":[{"@type":"SearchAction","target":{"@type":"EntryPoint","urlTemplate":"https:\/\/militares.estrategia.com\/portal\/?s={search_term_string}"},"query-input":{"@type":"PropertyValueSpecification","valueRequired":true,"valueName":"search_term_string"}}],"inLanguage":"pt-BR"},{"@type":"Organization","@id":"https:\/\/militares.estrategia.com\/portal\/#organization","name":"Estrat\u00e9gia Militares","url":"https:\/\/militares.estrategia.com\/portal\/","logo":{"@type":"ImageObject","inLanguage":"pt-BR","@id":"https:\/\/militares.estrategia.com\/portal\/#\/schema\/logo\/image\/","url":"https:\/\/militares.estrategia.com\/portal\/wp-content\/uploads\/2021\/10\/logo-militares.webp","contentUrl":"https:\/\/militares.estrategia.com\/portal\/wp-content\/uploads\/2021\/10\/logo-militares.webp","width":346,"height":90,"caption":"Estrat\u00e9gia Militares"},"image":{"@id":"https:\/\/militares.estrategia.com\/portal\/#\/schema\/logo\/image\/"},"sameAs":["https:\/\/www.facebook.com\/EstrategiaMilitares","https:\/\/x.com\/estrategiamilit","https:\/\/www.instagram.com\/estrategiamilitares\/","https:\/\/www.youtube.com\/channel\/UCRG_9hakCqXxnj_8TqCdgTA"]},{"@type":"Person","@id":"https:\/\/militares.estrategia.com\/portal\/#\/schema\/person\/d52a8bb9d3a4693ffcfbe862dc250f79","name":"Pedro Alcantara","image":{"@type":"ImageObject","inLanguage":"pt-BR","@id":"https:\/\/militares.estrategia.com\/portal\/#\/schema\/person\/image\/","url":"https:\/\/secure.gravatar.com\/avatar\/2ff815c569bab8558bec32641d54e1af?s=96&d=mm&r=g","contentUrl":"https:\/\/secure.gravatar.com\/avatar\/2ff815c569bab8558bec32641d54e1af?s=96&d=mm&r=g","caption":"Pedro Alcantara"},"url":"https:\/\/militares.estrategia.com\/portal\/author\/pedro\/"}]}},"_wl_alt_label":[],"wl:entity_url":"https:\/\/data.wordlift.io\/wl110246\/post\/jogadores-de-futebol-que-ja-serviram-o-exercito-62226","_links":{"self":[{"href":"https:\/\/militares.estrategia.com\/portal\/wp-json\/wp\/v2\/posts\/62226","targetHints":{"allow":["GET"]}}],"collection":[{"href":"https:\/\/militares.estrategia.com\/portal\/wp-json\/wp\/v2\/posts"}],"about":[{"href":"https:\/\/militares.estrategia.com\/portal\/wp-json\/wp\/v2\/types\/post"}],"author":[{"embeddable":true,"href":"https:\/\/militares.estrategia.com\/portal\/wp-json\/wp\/v2\/users\/18"}],"replies":[{"embeddable":true,"href":"https:\/\/militares.estrategia.com\/portal\/wp-json\/wp\/v2\/comments?post=62226"}],"version-history":[{"count":4,"href":"https:\/\/militares.estrategia.com\/portal\/wp-json\/wp\/v2\/posts\/62226\/revisions"}],"predecessor-version":[{"id":62323,"href":"https:\/\/militares.estrategia.com\/portal\/wp-json\/wp\/v2\/posts\/62226\/revisions\/62323"}],"wp:featuredmedia":[{"embeddable":true,"href":"https:\/\/militares.estrategia.com\/portal\/wp-json\/wp\/v2\/media\/62227"}],"wp:attachment":[{"href":"https:\/\/militares.estrategia.com\/portal\/wp-json\/wp\/v2\/media?parent=62226"}],"wp:term":[{"taxonomy":"category","embeddable":true,"href":"https:\/\/militares.estrategia.com\/portal\/wp-json\/wp\/v2\/categories?post=62226"},{"taxonomy":"post_tag","embeddable":true,"href":"https:\/\/militares.estrategia.com\/portal\/wp-json\/wp\/v2\/tags?post=62226"},{"taxonomy":"wl_entity_type","embeddable":true,"href":"https:\/\/militares.estrategia.com\/portal\/wp-json\/wp\/v2\/wl_entity_type?post=62226"}],"curies":[{"name":"wp","href":"https:\/\/api.w.org\/{rel}","templated":true}]}}