{"id":60313,"date":"2022-10-25T13:08:54","date_gmt":"2022-10-25T16:08:54","guid":{"rendered":"https:\/\/militares.estrategia.com\/portal\/?p=60313"},"modified":"2022-10-25T13:09:26","modified_gmt":"2022-10-25T16:09:26","slug":"ime-ou-ita-saiba-qual-escolher","status":"publish","type":"post","link":"https:\/\/militares.estrategia.com\/portal\/mundo-militar\/carreiras-e-especializacoes\/ime-ou-ita-saiba-qual-escolher\/","title":{"rendered":"IME ou ITA: carreiras, cursos e muito mais!"},"content":{"rendered":"\n<p>Os concursos para ingresso no Instituto Militar de Engenharia (IME) e no Instituto Tecnol\u00f3gico de Aeron\u00e1utica (ITA) s\u00e3o considerados os <strong>vestibulares mais dif\u00edceis do pa\u00eds. <\/strong>Sua elevada concorr\u00eancia se justifica pelo fato das institui\u00e7\u00f5es figurarem como duas d<strong>as melhores no ensino de engenharia no cen\u00e1rio mundial.&nbsp;<\/strong><\/p>\n\n\n\n<p>A <strong>grande maioria dos candidatos presta tanto o certame do ITA como do IME,<\/strong> devido \u00e0 <strong>similaridade das provas.<\/strong> Nesse post, o Estrat\u00e9gia Militares busca promover uma <strong>compara\u00e7\u00e3o entre esses dois concursos <\/strong>e a carreira proporcionada por eles para que voc\u00ea, em caso de aprova\u00e7\u00e3o em ambos, saiba <strong>qual certame mais se adequa ao seu perfil.<\/strong><\/p>\n\n\n\n<div id=\"ez-toc-container\" class=\"ez-toc-v2_0_79_2 counter-hierarchy ez-toc-counter ez-toc-transparent ez-toc-container-direction\">\n<div class=\"ez-toc-title-container\"><p class=\"ez-toc-title\" style=\"cursor:inherit\">Navegue pelo conte\u00fado\t<\/p>\n<\/div><nav><ul class='ez-toc-list ez-toc-list-level-1 ' ><li class='ez-toc-page-1 ez-toc-heading-level-2'><a class=\"ez-toc-link ez-toc-heading-1\" href=\"https:\/\/militares.estrategia.com\/portal\/mundo-militar\/carreiras-e-especializacoes\/ime-ou-ita-saiba-qual-escolher\/#Concurso-IME\" >Concurso IME<\/a><\/li><li class='ez-toc-page-1 ez-toc-heading-level-2'><a class=\"ez-toc-link ez-toc-heading-2\" href=\"https:\/\/militares.estrategia.com\/portal\/mundo-militar\/carreiras-e-especializacoes\/ime-ou-ita-saiba-qual-escolher\/#Curso-de-Formacao-e-carreira-do-Engenheiro-do-IME\" >Curso de Forma\u00e7\u00e3o e carreira do Engenheiro do IME<\/a><\/li><li class='ez-toc-page-1 ez-toc-heading-level-2'><a class=\"ez-toc-link ez-toc-heading-3\" href=\"https:\/\/militares.estrategia.com\/portal\/mundo-militar\/carreiras-e-especializacoes\/ime-ou-ita-saiba-qual-escolher\/#Concurso-ITA\" >Concurso ITA<\/a><\/li><li class='ez-toc-page-1 ez-toc-heading-level-2'><a class=\"ez-toc-link ez-toc-heading-4\" href=\"https:\/\/militares.estrategia.com\/portal\/mundo-militar\/carreiras-e-especializacoes\/ime-ou-ita-saiba-qual-escolher\/#Curso-de-Formacao-e-carreira-do-Engenheiro-do-ITA\" >Curso de Forma\u00e7\u00e3o e carreira do Engenheiro do ITA<\/a><\/li><\/ul><\/nav><\/div>\n<h2 class=\"wp-block-heading\" id=\"h-concurso-ime\"><span class=\"ez-toc-section\" id=\"Concurso-IME\"><\/span>Concurso IME<span class=\"ez-toc-section-end\"><\/span><\/h2>\n\n\n\n<p>O concurso para ingresso no Curso de Forma\u00e7\u00e3o e Gradua\u00e7\u00e3o de Oficiais da Ativa (CFG Ativa) &#8211; destinado \u00e0 forma\u00e7\u00e3o de Engenheiros Militares da Ativa &#8211; e no Curso de Forma\u00e7\u00e3o e Gradua\u00e7\u00e3o de Oficiais da Reserva de Segunda Classe (CFG Reserva) &#8211; destinado \u00e0 forma\u00e7\u00e3o de Engenheiros Militares da Reserva &#8211; tem <strong>recorr\u00eancia anual<\/strong> e disp\u00f5e de <strong>vagas para ambos os sexos.&nbsp;<\/strong><\/p>\n\n\n\n<p>Dentre os principais requisitos informados no edital, encontram-se:<\/p>\n\n\n\n<ul class=\"wp-block-list\"><li>Ser brasileiro nato;<\/li><li>Ter conclu\u00eddo, at\u00e9 o ato da matr\u00edcula, o Ensino M\u00e9dio;<\/li><li>Ter, no m\u00ednimo ,<strong>16 anos de idade, <\/strong>completados at\u00e9 <strong>31 de dezembro do ano da matr\u00edcula no CFG <\/strong>do IME;<\/li><li>N\u00e3o ter sido desligado do IME anteriormente por motivo disciplinar ou por desempenho acad\u00eamico insuficiente;<\/li><li>Estar em dia com suas obriga\u00e7\u00f5es perante a Justi\u00e7a Eleitoral; e<\/li><li>Ter altura m\u00ednima de 1,60 metros para os candidatos do sexo masculino e 1,55 metros para candidatos do sexo feminino.<\/li><\/ul>\n\n\n\n<p>O exame intelectual \u00e9 realizado em <strong>duas fases.<\/strong> A primeira delas \u00e9 composta por <strong>40 quest\u00f5es objetivas,<\/strong> sendo 15 de Matem\u00e1tica, 15 de F\u00edsica e 10 de Qu\u00edmica.<\/p>\n\n\n\n<p>As provas da <strong>segunda fase<\/strong> s\u00e3o feitas um m\u00eas ap\u00f3s a primeira etapa. Ela \u00e9 realizada em quatro dias seguidos obedecendo a seguinte configura\u00e7\u00e3o:<\/p>\n\n\n\n<ul class=\"wp-block-list\"><li>1\u00b0 dia: prova discursiva de Matem\u00e1tica;<\/li><li>2\u00b0 dia: prova discursiva de F\u00edsica;<\/li><li>3\u00b0 dia: prova discursiva de Qu\u00edmica; e<\/li><li>4\u00b0 dia: prova objetiva de Portugu\u00eas e Ingl\u00eas, al\u00e9m de uma reda\u00e7\u00e3o.<\/li><\/ul>\n\n\n\n<p>Os candidatos que obtiverem as melhores notas nessas duas etapas e forem aprovados na <a href=\"https:\/\/militares.estrategia.com\/portal\/mundo-militar\/forcas-armadas\/o-que-e-inspecao-de-saude\/\" target=\"_blank\" >Inspe\u00e7\u00e3o de Sa\u00fade<\/a>, avan\u00e7am para o <a href=\"https:\/\/militares.estrategia.com\/portal\/mundo-militar\/carreiras-e-especializacoes\/taf\/\" target=\"_blank\" >Exame de Aptid\u00e3o F\u00edsica<\/a>, de <strong>car\u00e1ter eliminat\u00f3rio.<\/strong> As provas s\u00e3o realizados em dois dias consecutivos da seguinte maneira:<\/p>\n\n\n\n<ul class=\"wp-block-list\"><li>1\u00b0 dia: <strong>corrida de 12 minutos<\/strong> (2100 metros para os homens e 1850 para as mulheres); e<\/li><li>2\u00b0 dia: <strong>abdominal supra<\/strong> (30 para os homens e 27 para as mulheres) e <strong>flex\u00e3o de bra\u00e7os <\/strong>(19 para os homens e 10 para as mulheres).<\/li><\/ul>\n\n\n\n<h2 class=\"wp-block-heading\" id=\"h-curso-de-formacao-e-carreira-do-engenheiro-do-ime\"><span class=\"ez-toc-section\" id=\"Curso-de-Formacao-e-carreira-do-Engenheiro-do-IME\"><\/span>Curso de Forma\u00e7\u00e3o e carreira do Engenheiro do IME<span class=\"ez-toc-section-end\"><\/span><\/h2>\n\n\n\n<p>Passadas todas as etapas do rigoroso processo seletivo, o candidato ingressa no Curso de Forma\u00e7\u00e3o realizado inteiramente no Instituto Militar de Engenharia (IME),<strong> localizado na cidade do Rio de Janeiro (RJ).&nbsp;<\/strong><\/p>\n\n\n\n<p>A <strong>escolha pela especialidade<\/strong> \u00e9 feita no primeiro ano de curso, ao final do ciclo b\u00e1sico. Dentre as especialidades ofertadas, destacam-se:<\/p>\n\n\n\n<ul class=\"wp-block-list\"><li>Fortifica\u00e7\u00e3o e Constru\u00e7\u00e3o (Engenharia Civil);<\/li><li>El\u00e9trica;<\/li><li>Eletr\u00f4nica;<\/li><li>Comunica\u00e7\u00f5es;<\/li><li>Mec\u00e2nica e de Armamento;<\/li><li>Mec\u00e2nica e de Autom\u00f3vel;<\/li><li>Materiais;<\/li><li>Qu\u00edmica;<\/li><li>Cartografia; e<\/li><li>Computa\u00e7\u00e3o.<\/li><\/ul>\n\n\n\n<p>Durante todos os <strong>cinco anos de forma\u00e7\u00e3o,<\/strong> os alunos t\u00eam direito a fardamento, alimenta\u00e7\u00e3o, assist\u00eancia m\u00e9dica e odontol\u00f3gica, alojamento e soldo.<\/p>\n\n\n\n<div class=\"wp-block-image\"><figure class=\"aligncenter size-large\"><img decoding=\"async\" width=\"1024\" height=\"412\" src=\"https:\/\/militares.estrategia.com\/portal\/wp-content\/uploads\/2020\/11\/vestibular-ime-1024x412.jpg\" alt=\"ITA ou IME\" class=\"wp-image-41130\" srcset=\"https:\/\/militares.estrategia.com\/portal\/wp-content\/uploads\/2020\/11\/vestibular-ime-1024x412.jpg 1024w, https:\/\/militares.estrategia.com\/portal\/wp-content\/uploads\/2020\/11\/vestibular-ime-300x121.jpg 300w, https:\/\/militares.estrategia.com\/portal\/wp-content\/uploads\/2020\/11\/vestibular-ime-768x309.jpg 768w, https:\/\/militares.estrategia.com\/portal\/wp-content\/uploads\/2020\/11\/vestibular-ime-380x153.jpg 380w, https:\/\/militares.estrategia.com\/portal\/wp-content\/uploads\/2020\/11\/vestibular-ime-800x322.jpg 800w, https:\/\/militares.estrategia.com\/portal\/wp-content\/uploads\/2020\/11\/vestibular-ime-1160x467.jpg 1160w, https:\/\/militares.estrategia.com\/portal\/wp-content\/uploads\/2020\/11\/vestibular-ime.jpg 1250w\" sizes=\"(max-width: 1024px) 100vw, 1024px\" \/><\/figure><\/div>\n\n\n\n<p>Ao final da forma\u00e7\u00e3o, os alunos que optaram pelo CFG ativa s\u00e3o declarados <strong>Primeiro Tenente,<\/strong> fazendo jus a um <a href=\"https:\/\/militares.estrategia.com\/portal\/mundo-militar\/forcas-armadas\/soldo-militar\/\" target=\"_blank\" >soldo<\/a> no valor de R$ 8.245,00.\u00a0<\/p>\n\n\n\n<p>O plano de carreira determina que esse militar pode ascender, no m\u00ednimo, ao posto de <a href=\"https:\/\/militares.estrategia.com\/portal\/mundo-militar\/carreiras-e-especializacoes\/coronel\/\" target=\"_blank\" >Coronel<\/a> e, dependendo do seu aperfei\u00e7oamento e desempenho profissional, <strong>poder\u00e1 chegar ao posto de General-de-Divis\u00e3o.<\/strong><\/p>\n\n\n\n<p>J\u00e1 os militares que optarem pelo <strong>CFG Reserva n\u00e3o seguem carreira<\/strong> no Quadro de Engenheiros Militares do Ex\u00e9rcito Brasileiro. Ao final da forma\u00e7\u00e3o, \u00e9 oferecida a eles a oportunidade de realizar o Est\u00e1gio de Instru\u00e7\u00e3o Complementar de Engenheiro Militar (EICEM), com dura\u00e7\u00e3o de doze meses.<\/p>\n\n\n\n<p>Aos que conclu\u00edrem o EICEM com aproveitamento poder\u00e1 ser concedida, em car\u00e1ter volunt\u00e1rio, a prorroga\u00e7\u00e3o de doze meses de tempo de servi\u00e7o, por uma \u00fanica vez. Com o fim dos v\u00ednculos estabelecidos, o aluno \u00e9 desligado da For\u00e7a como <strong>Oficial da Reserva de 2\u00aa Classe.<\/strong><\/p>\n\n\n\n<h2 class=\"wp-block-heading\" id=\"h-concurso-ita\"><span class=\"ez-toc-section\" id=\"Concurso-ITA\"><\/span>Concurso ITA<span class=\"ez-toc-section-end\"><\/span><\/h2>\n\n\n\n<p>O vestibular para ingresso no ITA acontece todos os anos e \u00e9 destinado tanto para o segmento feminino, quanto para o masculino. Assim como no concurso para o IME, no momento da inscri\u00e7\u00e3o, o candidato pode escolher se ir\u00e1 compor o <strong>Quadro de Oficiais Engenheiros da Ativa ou o da Reserva da Aeron\u00e1utica.<\/strong><\/p>\n\n\n\n<p>Ou seja, h\u00e1 vagas destinadas a candidatos que almejam ser da ativa e seguir carreira na <a href=\"https:\/\/militares.estrategia.com\/portal\/mundo-militar\/forcas-armadas\/forca-aerea\/\" target=\"_blank\" >For\u00e7a A\u00e9rea Brasileira<\/a>, mas tamb\u00e9m h\u00e1 vagas exclusivas aos candidatos que desejam somente estudar no ITA e voltar ao mundo civil.\u00a0\u00a0<\/p>\n\n\n\n<p>Os<strong> requisitos impostos pelo edital<\/strong> devem ser observados com aten\u00e7\u00e3o. Seguem os principais:<\/p>\n\n\n\n<ul class=\"wp-block-list\"><li>Ser brasileiro nato;<\/li><li><strong>N\u00e3o completar 25 anos de idade<\/strong> at\u00e9 31 de dezembro do ano da matr\u00edcula no curso. Portanto, <strong>n\u00e3o h\u00e1 idade m\u00ednima;<\/strong> e<\/li><li>Ter conclu\u00eddo o <strong>Ensino M\u00e9dio <\/strong>at\u00e9 o momento da matr\u00edcula no curso.<\/li><\/ul>\n\n\n\n<p>O exame intelectual \u00e9 composto por <strong>duas fases. <\/strong>Na primeira delas, os candidatos s\u00e3o examinados por uma prova formada por <strong>60 quest\u00f5es objetivas<\/strong> distribu\u00eddas igualmente pelas seguintes disciplinas:<\/p>\n\n\n\n<ul class=\"wp-block-list\"><li>Matem\u00e1tica;<\/li><li>F\u00edsica;<\/li><li>Qu\u00edmica;<\/li><li>Portugu\u00eas; e<\/li><li>Ingl\u00eas.<\/li><\/ul>\n\n\n\n<p>A <strong>segunda fase \u00e9 aplicada em dois dias consecutivos, <\/strong>nos quais o candidato tem o tempo limite de 5 horas para realiza\u00e7\u00e3o do exame. No primeiro, eles s\u00e3o avaliados por uma prova composta por <strong>quest\u00f5es discursivas de Matem\u00e1tica e Qu\u00edmica, sendo 10 de cada disciplina.<\/strong><\/p>\n\n\n\n<p>No segundo dia, \u00e9 realizada uma <strong>prova de reda\u00e7\u00e3o<\/strong> dissertativo-argumentativo e uma prova de <strong>F\u00edsica com 10 quest\u00f5es discursivas.&nbsp;<\/strong><\/p>\n\n\n\n<p>Os candidatos com as melhores notas seguem para a pr\u00f3xima fase do concurso: a <strong>Inspe\u00e7\u00e3o de Sa\u00fade.<\/strong><\/p>\n\n\n\n<h2 class=\"wp-block-heading\" id=\"h-curso-de-formacao-e-carreira-do-engenheiro-do-ita\"><span class=\"ez-toc-section\" id=\"Curso-de-Formacao-e-carreira-do-Engenheiro-do-ITA\"><\/span>Curso de Forma\u00e7\u00e3o e carreira do Engenheiro do ITA<span class=\"ez-toc-section-end\"><\/span><\/h2>\n\n\n\n<p>Aqueles que, ao final de todas as fases do certame, s\u00e3o classificados dentro do n\u00famero de vagas disposto no edital, ingressam no <strong>Curso de Gradua\u00e7\u00e3o do ITA.<\/strong><\/p>\n\n\n\n<p>O curso, que tem a dura\u00e7\u00e3o total de <strong>5 anos,<\/strong> acontece na cidade de <strong>S\u00e3o Jos\u00e9 dos Campos (SP).<\/strong> Os <strong>dois primeiros<\/strong> anos s\u00e3o destinados ao <strong>Curso Fundamental,<\/strong> no qual os alunos aprendem as mat\u00e9rias comuns a todas as engenharias.&nbsp;<\/p>\n\n\n\n<p>No \u00faltimo semestre do Curso Fundamental, eles podem escolher <strong>qual especialidade de Engenharia ir\u00e3o cursar. <\/strong>As op\u00e7\u00f5es s\u00e3o:<\/p>\n\n\n\n<ul class=\"wp-block-list\"><li>Aeroespacial;<\/li><li>Aeron\u00e1utica;&nbsp;<\/li><li>Civil-Aeron\u00e1utica;&nbsp;<\/li><li>Computa\u00e7\u00e3o;<\/li><li>Eletr\u00f4nica; e&nbsp;<\/li><li>Mec\u00e2nica-Aeron\u00e1utica.<\/li><\/ul>\n\n\n\n<p>Nessa fase da forma\u00e7\u00e3o, os alunos s\u00e3o promovidos ao posto de <a href=\"https:\/\/militares.estrategia.com\/portal\/mundo-militar\/carreiras-e-especializacoes\/aspirante-a-oficial\/\" target=\"_blank\" >Aspirante a Oficial<\/a>, fazendo jus ao soldo de R$ 7.315,00.<\/p>\n\n\n\n<p>Ao final dos 5 anos do Curso de Gradua\u00e7\u00e3o do ITA, os formandos que optaram pela carreira militar no ato da inscri\u00e7\u00e3o s\u00e3o promovidos ao posto de<strong> 1\u00b0 Tenente do Quadro de Oficiais Engenheiros da Ativa <\/strong>da Aeron\u00e1utica e distribu\u00eddos pelas Organiza\u00e7\u00f5es Militares da For\u00e7a.&nbsp;<\/p>\n\n\n\n<div class=\"wp-block-image\"><figure class=\"aligncenter size-full\"><img decoding=\"async\" width=\"960\" height=\"540\" src=\"https:\/\/militares.estrategia.com\/portal\/wp-content\/uploads\/2021\/10\/Apresentacao-sem-titulo-8.jpg\" alt=\"ITA ou IME\" class=\"wp-image-48532\" srcset=\"https:\/\/militares.estrategia.com\/portal\/wp-content\/uploads\/2021\/10\/Apresentacao-sem-titulo-8.jpg 960w, https:\/\/militares.estrategia.com\/portal\/wp-content\/uploads\/2021\/10\/Apresentacao-sem-titulo-8-768x432.webp 768w, https:\/\/militares.estrategia.com\/portal\/wp-content\/uploads\/2021\/10\/Apresentacao-sem-titulo-8-800x450.webp 800w, https:\/\/militares.estrategia.com\/portal\/wp-content\/uploads\/2021\/10\/Apresentacao-sem-titulo-8-300x169.jpg 300w, https:\/\/militares.estrategia.com\/portal\/wp-content\/uploads\/2021\/10\/Apresentacao-sem-titulo-8-380x214.jpg 380w\" sizes=\"(max-width: 960px) 100vw, 960px\" \/><\/figure><\/div>\n\n\n\n<p>Assim como no IME, o plano de carreira prev\u00ea que o Oficial formado pelo ITA <strong>pode alcan\u00e7ar o posto de Coronel.<\/strong> Contudo, por meio de ato discricion\u00e1rio do Presidente da Rep\u00fablica, alguns desses militares podem ascender ao posto de <strong>Major Brigadeiro Engenheiro.&nbsp;<\/strong><\/p>\n\n\n\n<p>No caso dos formandos n\u00e3o optantes pela carreira militar, <strong>o meio civil reserva diversas oportunidades excelentes<\/strong> para esse profissional, cujo n\u00edvel da forma\u00e7\u00e3o \u00e9 bem raro no mercado nacional e internacional.&nbsp;<\/p>\n\n\n\n<p>Eles passam a compor o <strong>Quadro de Oficiais Engenheiros da Reserva da Aeron\u00e1utica, <\/strong>como Aspirantes a Oficial Engenheiro.<\/p>\n\n\n\n<p>Se o seu sonho \u00e9 ingressar em uma dessas institui\u00e7\u00f5es, n\u00e3o deixe de assistir \u00e0 transmiss\u00e3o do nosso canal do Youtube, em que <strong>o professor Victor So d\u00e1 as melhores dicas para voc\u00ea ser aprovado no ITA e no IME.<\/strong><\/p>\n\n\n\n<figure class=\"wp-block-embed is-type-video is-provider-youtube wp-block-embed-youtube wp-embed-aspect-16-9 wp-has-aspect-ratio\"><div class=\"wp-block-embed__wrapper\">\n<div class=\"cs-embed cs-embed-responsive\"><iframe title=\"Dicas de estudo para ITA\/ IME\" width=\"1200\" height=\"675\" src=\"https:\/\/www.youtube.com\/embed\/gMMswxkfbic?feature=oembed\" frameborder=\"0\" allow=\"accelerometer; autoplay; clipboard-write; encrypted-media; gyroscope; picture-in-picture\" allowfullscreen><\/iframe><\/div>\n<\/div><\/figure>\n\n\n\n<p>Para uma <strong>prepara\u00e7\u00e3o completa e \u00e0 altura desses certames, <\/strong>conte com o Estrat\u00e9gia Militares como o seu principal aliado na jornada ruma a classifica\u00e7\u00e3o. Clique no banner abaixo e conhe\u00e7a nossos cursos!<\/p>\n\n\n\n\n\n<p><\/p>\n\n\n\n<h3 class=\"wp-block-heading\" id=\"h-referencias\">Refer\u00eancias:<\/h3>\n\n\n\n<ul class=\"wp-block-list\"><li><a href=\"http:\/\/www.ita.br\/\" target=\"_blank\" >http:\/\/www.ita.br\/<\/a>; e<\/li><li><a href=\"http:\/\/www.ime.eb.mil.br\/\" target=\"_blank\" >http:\/\/www.ime.eb.mil.br\/<\/a>.<\/li><\/ul>\n","protected":false},"excerpt":{"rendered":"Os concursos para ingresso no Instituto Militar de Engenharia (IME) e no Instituto Tecnol\u00f3gico de Aeron\u00e1utica (ITA) s\u00e3o&hellip;\n","protected":false},"author":53,"featured_media":46552,"comment_status":"closed","ping_status":"closed","sticky":false,"template":"","format":"standard","meta":{"wl_entities_gutenberg":"","footnotes":""},"categories":[9],"tags":[],"wl_entity_type":[187],"class_list":{"0":"post-60313","1":"post","2":"type-post","3":"status-publish","4":"format-standard","5":"has-post-thumbnail","7":"category-carreiras-e-especializacoes","8":"wl_entity_type-article"},"acf":[],"yoast_head":"<!-- This site is optimized with the Yoast SEO Premium plugin v26.6 (Yoast SEO v26.6) - https:\/\/yoast.com\/wordpress\/plugins\/seo\/ -->\n<title>IME ou ITA: carreiras, cursos e muito mais! - Estrat\u00e9gia Militares<\/title>\n<meta name=\"description\" content=\"Conhe\u00e7a os vestibulares e as carreiras do Instituto Militar de Engenharia (IME) e do Instituto Tecnol\u00f3gico de Aeron\u00e1utica (ITA).\" \/>\n<meta name=\"robots\" content=\"index, follow, max-snippet:-1, max-image-preview:large, max-video-preview:-1\" \/>\n<link rel=\"canonical\" href=\"https:\/\/militares.estrategia.com\/portal\/mundo-militar\/carreiras-e-especializacoes\/ime-ou-ita-saiba-qual-escolher\/\" \/>\n<meta property=\"og:locale\" content=\"pt_BR\" \/>\n<meta property=\"og:type\" content=\"article\" \/>\n<meta property=\"og:title\" content=\"IME ou ITA: carreiras, cursos e muito mais!\" \/>\n<meta property=\"og:description\" content=\"Conhe\u00e7a os vestibulares e as carreiras do Instituto Militar de Engenharia (IME) e do Instituto Tecnol\u00f3gico de Aeron\u00e1utica (ITA).\" \/>\n<meta property=\"og:url\" content=\"https:\/\/militares.estrategia.com\/portal\/mundo-militar\/carreiras-e-especializacoes\/ime-ou-ita-saiba-qual-escolher\/\" \/>\n<meta property=\"og:site_name\" content=\"Estrat\u00e9gia Militares\" \/>\n<meta property=\"article:publisher\" content=\"https:\/\/www.facebook.com\/EstrategiaMilitares\" \/>\n<meta property=\"article:published_time\" content=\"2022-10-25T16:08:54+00:00\" \/>\n<meta property=\"article:modified_time\" content=\"2022-10-25T16:09:26+00:00\" \/>\n<meta property=\"og:image\" content=\"https:\/\/cdn.blog.estrategiavestibulares.com.br\/vestibulares\/wp-content\/uploads\/2021\/07\/Salario-Engenheiro-Aeroespacial-1.jpg\" \/>\n\t<meta property=\"og:image:width\" content=\"1000\" \/>\n\t<meta property=\"og:image:height\" content=\"667\" \/>\n\t<meta property=\"og:image:type\" content=\"image\/jpeg\" \/>\n<meta name=\"author\" content=\"Lucas Gon\u00e7alves\" \/>\n<meta name=\"twitter:card\" content=\"summary_large_image\" \/>\n<meta name=\"twitter:creator\" content=\"@estrategiamilit\" \/>\n<meta name=\"twitter:site\" content=\"@estrategiamilit\" \/>\n<meta name=\"twitter:label1\" content=\"Escrito por\" \/>\n\t<meta name=\"twitter:data1\" content=\"Lucas Gon\u00e7alves\" \/>\n\t<meta name=\"twitter:label2\" content=\"Est. tempo de leitura\" \/>\n\t<meta name=\"twitter:data2\" content=\"7 minutos\" \/>\n<script type=\"application\/ld+json\" class=\"yoast-schema-graph\">{\"@context\":\"https:\/\/schema.org\",\"@graph\":[{\"@type\":\"Article\",\"@id\":\"https:\/\/militares.estrategia.com\/portal\/mundo-militar\/carreiras-e-especializacoes\/ime-ou-ita-saiba-qual-escolher\/#article\",\"isPartOf\":{\"@id\":\"https:\/\/militares.estrategia.com\/portal\/mundo-militar\/carreiras-e-especializacoes\/ime-ou-ita-saiba-qual-escolher\/\"},\"author\":{\"name\":\"Lucas Gon\u00e7alves\",\"@id\":\"https:\/\/militares.estrategia.com\/portal\/#\/schema\/person\/566b15d6f51f32043ba353771e7ee88a\"},\"headline\":\"IME ou ITA: carreiras, cursos e muito mais!\",\"datePublished\":\"2022-10-25T16:08:54+00:00\",\"dateModified\":\"2022-10-25T16:09:26+00:00\",\"mainEntityOfPage\":{\"@id\":\"https:\/\/militares.estrategia.com\/portal\/mundo-militar\/carreiras-e-especializacoes\/ime-ou-ita-saiba-qual-escolher\/\"},\"wordCount\":1405,\"publisher\":{\"@id\":\"https:\/\/militares.estrategia.com\/portal\/#organization\"},\"image\":{\"@id\":\"https:\/\/militares.estrategia.com\/portal\/mundo-militar\/carreiras-e-especializacoes\/ime-ou-ita-saiba-qual-escolher\/#primaryimage\"},\"thumbnailUrl\":\"https:\/\/militares.estrategia.com\/portal\/wp-content\/uploads\/2021\/07\/Salario-Engenheiro-Aeroespacial-1.jpg\",\"articleSection\":[\"Carreiras e Especializa\u00e7\u00f5es\"],\"inLanguage\":\"pt-BR\"},{\"@type\":\"WebPage\",\"@id\":\"https:\/\/militares.estrategia.com\/portal\/mundo-militar\/carreiras-e-especializacoes\/ime-ou-ita-saiba-qual-escolher\/\",\"url\":\"https:\/\/militares.estrategia.com\/portal\/mundo-militar\/carreiras-e-especializacoes\/ime-ou-ita-saiba-qual-escolher\/\",\"name\":\"IME ou ITA: carreiras, cursos e muito mais! - Estrat\u00e9gia Militares\",\"isPartOf\":{\"@id\":\"https:\/\/militares.estrategia.com\/portal\/#website\"},\"primaryImageOfPage\":{\"@id\":\"https:\/\/militares.estrategia.com\/portal\/mundo-militar\/carreiras-e-especializacoes\/ime-ou-ita-saiba-qual-escolher\/#primaryimage\"},\"image\":{\"@id\":\"https:\/\/militares.estrategia.com\/portal\/mundo-militar\/carreiras-e-especializacoes\/ime-ou-ita-saiba-qual-escolher\/#primaryimage\"},\"thumbnailUrl\":\"https:\/\/militares.estrategia.com\/portal\/wp-content\/uploads\/2021\/07\/Salario-Engenheiro-Aeroespacial-1.jpg\",\"datePublished\":\"2022-10-25T16:08:54+00:00\",\"dateModified\":\"2022-10-25T16:09:26+00:00\",\"description\":\"Conhe\u00e7a os vestibulares e as carreiras do Instituto Militar de Engenharia (IME) e do Instituto Tecnol\u00f3gico de Aeron\u00e1utica (ITA).\",\"breadcrumb\":{\"@id\":\"https:\/\/militares.estrategia.com\/portal\/mundo-militar\/carreiras-e-especializacoes\/ime-ou-ita-saiba-qual-escolher\/#breadcrumb\"},\"inLanguage\":\"pt-BR\",\"potentialAction\":[{\"@type\":\"ReadAction\",\"target\":[\"https:\/\/militares.estrategia.com\/portal\/mundo-militar\/carreiras-e-especializacoes\/ime-ou-ita-saiba-qual-escolher\/\"]}]},{\"@type\":\"ImageObject\",\"inLanguage\":\"pt-BR\",\"@id\":\"https:\/\/militares.estrategia.com\/portal\/mundo-militar\/carreiras-e-especializacoes\/ime-ou-ita-saiba-qual-escolher\/#primaryimage\",\"url\":\"https:\/\/militares.estrategia.com\/portal\/wp-content\/uploads\/2021\/07\/Salario-Engenheiro-Aeroespacial-1.jpg\",\"contentUrl\":\"https:\/\/militares.estrategia.com\/portal\/wp-content\/uploads\/2021\/07\/Salario-Engenheiro-Aeroespacial-1.jpg\",\"width\":1000,\"height\":667},{\"@type\":\"BreadcrumbList\",\"@id\":\"https:\/\/militares.estrategia.com\/portal\/mundo-militar\/carreiras-e-especializacoes\/ime-ou-ita-saiba-qual-escolher\/#breadcrumb\",\"itemListElement\":[{\"@type\":\"ListItem\",\"position\":1,\"name\":\"Home\",\"item\":\"https:\/\/militares.estrategia.com\/portal\/\"},{\"@type\":\"ListItem\",\"position\":2,\"name\":\"Mundo Militar\",\"item\":\"https:\/\/militares.estrategia.com\/portal\/mundo-militar\/\"},{\"@type\":\"ListItem\",\"position\":3,\"name\":\"Carreiras e Especializa\u00e7\u00f5es\",\"item\":\"https:\/\/militares.estrategia.com\/portal\/mundo-militar\/carreiras-e-especializacoes\/\"},{\"@type\":\"ListItem\",\"position\":4,\"name\":\"IME ou ITA: carreiras, cursos e muito mais!\"}]},{\"@type\":\"WebSite\",\"@id\":\"https:\/\/militares.estrategia.com\/portal\/#website\",\"url\":\"https:\/\/militares.estrategia.com\/portal\/\",\"name\":\"Estrat\u00e9gia Militares\",\"description\":\"\",\"publisher\":{\"@id\":\"https:\/\/militares.estrategia.com\/portal\/#organization\"},\"potentialAction\":[{\"@type\":\"SearchAction\",\"target\":{\"@type\":\"EntryPoint\",\"urlTemplate\":\"https:\/\/militares.estrategia.com\/portal\/?s={search_term_string}\"},\"query-input\":{\"@type\":\"PropertyValueSpecification\",\"valueRequired\":true,\"valueName\":\"search_term_string\"}}],\"inLanguage\":\"pt-BR\"},{\"@type\":\"Organization\",\"@id\":\"https:\/\/militares.estrategia.com\/portal\/#organization\",\"name\":\"Estrat\u00e9gia Militares\",\"url\":\"https:\/\/militares.estrategia.com\/portal\/\",\"logo\":{\"@type\":\"ImageObject\",\"inLanguage\":\"pt-BR\",\"@id\":\"https:\/\/militares.estrategia.com\/portal\/#\/schema\/logo\/image\/\",\"url\":\"https:\/\/militares.estrategia.com\/portal\/wp-content\/uploads\/2021\/10\/logo-militares.webp\",\"contentUrl\":\"https:\/\/militares.estrategia.com\/portal\/wp-content\/uploads\/2021\/10\/logo-militares.webp\",\"width\":346,\"height\":90,\"caption\":\"Estrat\u00e9gia Militares\"},\"image\":{\"@id\":\"https:\/\/militares.estrategia.com\/portal\/#\/schema\/logo\/image\/\"},\"sameAs\":[\"https:\/\/www.facebook.com\/EstrategiaMilitares\",\"https:\/\/x.com\/estrategiamilit\",\"https:\/\/www.instagram.com\/estrategiamilitares\/\",\"https:\/\/www.youtube.com\/channel\/UCRG_9hakCqXxnj_8TqCdgTA\"]},{\"@type\":\"Person\",\"@id\":\"https:\/\/militares.estrategia.com\/portal\/#\/schema\/person\/566b15d6f51f32043ba353771e7ee88a\",\"name\":\"Lucas Gon\u00e7alves\",\"image\":{\"@type\":\"ImageObject\",\"inLanguage\":\"pt-BR\",\"@id\":\"https:\/\/militares.estrategia.com\/portal\/#\/schema\/person\/image\/\",\"url\":\"https:\/\/militares.estrategia.com\/portal\/wp-content\/uploads\/2021\/08\/WhatsApp-Image-2023-04-28-at-13.20.17-150x150.jpeg\",\"contentUrl\":\"https:\/\/militares.estrategia.com\/portal\/wp-content\/uploads\/2021\/08\/WhatsApp-Image-2023-04-28-at-13.20.17-150x150.jpeg\",\"caption\":\"Lucas Gon\u00e7alves\"},\"description\":\"Lucas \u00e9 um apaixonado pelo mundo dos concursos e pela carreira militar. Amante e praticante do futebol nas horas vagas.\",\"url\":\"https:\/\/militares.estrategia.com\/portal\/author\/lucas-goncalves\/\"}]}<\/script>\n<!-- \/ Yoast SEO Premium plugin. -->","yoast_head_json":{"title":"IME ou ITA: carreiras, cursos e muito mais! - Estrat\u00e9gia Militares","description":"Conhe\u00e7a os vestibulares e as carreiras do Instituto Militar de Engenharia (IME) e do Instituto Tecnol\u00f3gico de Aeron\u00e1utica (ITA).","robots":{"index":"index","follow":"follow","max-snippet":"max-snippet:-1","max-image-preview":"max-image-preview:large","max-video-preview":"max-video-preview:-1"},"canonical":"https:\/\/militares.estrategia.com\/portal\/mundo-militar\/carreiras-e-especializacoes\/ime-ou-ita-saiba-qual-escolher\/","og_locale":"pt_BR","og_type":"article","og_title":"IME ou ITA: carreiras, cursos e muito mais!","og_description":"Conhe\u00e7a os vestibulares e as carreiras do Instituto Militar de Engenharia (IME) e do Instituto Tecnol\u00f3gico de Aeron\u00e1utica (ITA).","og_url":"https:\/\/militares.estrategia.com\/portal\/mundo-militar\/carreiras-e-especializacoes\/ime-ou-ita-saiba-qual-escolher\/","og_site_name":"Estrat\u00e9gia Militares","article_publisher":"https:\/\/www.facebook.com\/EstrategiaMilitares","article_published_time":"2022-10-25T16:08:54+00:00","article_modified_time":"2022-10-25T16:09:26+00:00","og_image":[{"width":1000,"height":667,"url":"https:\/\/cdn.blog.estrategiavestibulares.com.br\/vestibulares\/wp-content\/uploads\/2021\/07\/Salario-Engenheiro-Aeroespacial-1.jpg","type":"image\/jpeg"}],"author":"Lucas Gon\u00e7alves","twitter_card":"summary_large_image","twitter_creator":"@estrategiamilit","twitter_site":"@estrategiamilit","twitter_misc":{"Escrito por":"Lucas Gon\u00e7alves","Est. tempo de leitura":"7 minutos"},"schema":{"@context":"https:\/\/schema.org","@graph":[{"@type":"Article","@id":"https:\/\/militares.estrategia.com\/portal\/mundo-militar\/carreiras-e-especializacoes\/ime-ou-ita-saiba-qual-escolher\/#article","isPartOf":{"@id":"https:\/\/militares.estrategia.com\/portal\/mundo-militar\/carreiras-e-especializacoes\/ime-ou-ita-saiba-qual-escolher\/"},"author":{"name":"Lucas Gon\u00e7alves","@id":"https:\/\/militares.estrategia.com\/portal\/#\/schema\/person\/566b15d6f51f32043ba353771e7ee88a"},"headline":"IME ou ITA: carreiras, cursos e muito mais!","datePublished":"2022-10-25T16:08:54+00:00","dateModified":"2022-10-25T16:09:26+00:00","mainEntityOfPage":{"@id":"https:\/\/militares.estrategia.com\/portal\/mundo-militar\/carreiras-e-especializacoes\/ime-ou-ita-saiba-qual-escolher\/"},"wordCount":1405,"publisher":{"@id":"https:\/\/militares.estrategia.com\/portal\/#organization"},"image":{"@id":"https:\/\/militares.estrategia.com\/portal\/mundo-militar\/carreiras-e-especializacoes\/ime-ou-ita-saiba-qual-escolher\/#primaryimage"},"thumbnailUrl":"https:\/\/militares.estrategia.com\/portal\/wp-content\/uploads\/2021\/07\/Salario-Engenheiro-Aeroespacial-1.jpg","articleSection":["Carreiras e Especializa\u00e7\u00f5es"],"inLanguage":"pt-BR"},{"@type":"WebPage","@id":"https:\/\/militares.estrategia.com\/portal\/mundo-militar\/carreiras-e-especializacoes\/ime-ou-ita-saiba-qual-escolher\/","url":"https:\/\/militares.estrategia.com\/portal\/mundo-militar\/carreiras-e-especializacoes\/ime-ou-ita-saiba-qual-escolher\/","name":"IME ou ITA: carreiras, cursos e muito mais! - Estrat\u00e9gia Militares","isPartOf":{"@id":"https:\/\/militares.estrategia.com\/portal\/#website"},"primaryImageOfPage":{"@id":"https:\/\/militares.estrategia.com\/portal\/mundo-militar\/carreiras-e-especializacoes\/ime-ou-ita-saiba-qual-escolher\/#primaryimage"},"image":{"@id":"https:\/\/militares.estrategia.com\/portal\/mundo-militar\/carreiras-e-especializacoes\/ime-ou-ita-saiba-qual-escolher\/#primaryimage"},"thumbnailUrl":"https:\/\/militares.estrategia.com\/portal\/wp-content\/uploads\/2021\/07\/Salario-Engenheiro-Aeroespacial-1.jpg","datePublished":"2022-10-25T16:08:54+00:00","dateModified":"2022-10-25T16:09:26+00:00","description":"Conhe\u00e7a os vestibulares e as carreiras do Instituto Militar de Engenharia (IME) e do Instituto Tecnol\u00f3gico de Aeron\u00e1utica (ITA).","breadcrumb":{"@id":"https:\/\/militares.estrategia.com\/portal\/mundo-militar\/carreiras-e-especializacoes\/ime-ou-ita-saiba-qual-escolher\/#breadcrumb"},"inLanguage":"pt-BR","potentialAction":[{"@type":"ReadAction","target":["https:\/\/militares.estrategia.com\/portal\/mundo-militar\/carreiras-e-especializacoes\/ime-ou-ita-saiba-qual-escolher\/"]}]},{"@type":"ImageObject","inLanguage":"pt-BR","@id":"https:\/\/militares.estrategia.com\/portal\/mundo-militar\/carreiras-e-especializacoes\/ime-ou-ita-saiba-qual-escolher\/#primaryimage","url":"https:\/\/militares.estrategia.com\/portal\/wp-content\/uploads\/2021\/07\/Salario-Engenheiro-Aeroespacial-1.jpg","contentUrl":"https:\/\/militares.estrategia.com\/portal\/wp-content\/uploads\/2021\/07\/Salario-Engenheiro-Aeroespacial-1.jpg","width":1000,"height":667},{"@type":"BreadcrumbList","@id":"https:\/\/militares.estrategia.com\/portal\/mundo-militar\/carreiras-e-especializacoes\/ime-ou-ita-saiba-qual-escolher\/#breadcrumb","itemListElement":[{"@type":"ListItem","position":1,"name":"Home","item":"https:\/\/militares.estrategia.com\/portal\/"},{"@type":"ListItem","position":2,"name":"Mundo Militar","item":"https:\/\/militares.estrategia.com\/portal\/mundo-militar\/"},{"@type":"ListItem","position":3,"name":"Carreiras e Especializa\u00e7\u00f5es","item":"https:\/\/militares.estrategia.com\/portal\/mundo-militar\/carreiras-e-especializacoes\/"},{"@type":"ListItem","position":4,"name":"IME ou ITA: carreiras, cursos e muito mais!"}]},{"@type":"WebSite","@id":"https:\/\/militares.estrategia.com\/portal\/#website","url":"https:\/\/militares.estrategia.com\/portal\/","name":"Estrat\u00e9gia Militares","description":"","publisher":{"@id":"https:\/\/militares.estrategia.com\/portal\/#organization"},"potentialAction":[{"@type":"SearchAction","target":{"@type":"EntryPoint","urlTemplate":"https:\/\/militares.estrategia.com\/portal\/?s={search_term_string}"},"query-input":{"@type":"PropertyValueSpecification","valueRequired":true,"valueName":"search_term_string"}}],"inLanguage":"pt-BR"},{"@type":"Organization","@id":"https:\/\/militares.estrategia.com\/portal\/#organization","name":"Estrat\u00e9gia Militares","url":"https:\/\/militares.estrategia.com\/portal\/","logo":{"@type":"ImageObject","inLanguage":"pt-BR","@id":"https:\/\/militares.estrategia.com\/portal\/#\/schema\/logo\/image\/","url":"https:\/\/militares.estrategia.com\/portal\/wp-content\/uploads\/2021\/10\/logo-militares.webp","contentUrl":"https:\/\/militares.estrategia.com\/portal\/wp-content\/uploads\/2021\/10\/logo-militares.webp","width":346,"height":90,"caption":"Estrat\u00e9gia Militares"},"image":{"@id":"https:\/\/militares.estrategia.com\/portal\/#\/schema\/logo\/image\/"},"sameAs":["https:\/\/www.facebook.com\/EstrategiaMilitares","https:\/\/x.com\/estrategiamilit","https:\/\/www.instagram.com\/estrategiamilitares\/","https:\/\/www.youtube.com\/channel\/UCRG_9hakCqXxnj_8TqCdgTA"]},{"@type":"Person","@id":"https:\/\/militares.estrategia.com\/portal\/#\/schema\/person\/566b15d6f51f32043ba353771e7ee88a","name":"Lucas Gon\u00e7alves","image":{"@type":"ImageObject","inLanguage":"pt-BR","@id":"https:\/\/militares.estrategia.com\/portal\/#\/schema\/person\/image\/","url":"https:\/\/militares.estrategia.com\/portal\/wp-content\/uploads\/2021\/08\/WhatsApp-Image-2023-04-28-at-13.20.17-150x150.jpeg","contentUrl":"https:\/\/militares.estrategia.com\/portal\/wp-content\/uploads\/2021\/08\/WhatsApp-Image-2023-04-28-at-13.20.17-150x150.jpeg","caption":"Lucas Gon\u00e7alves"},"description":"Lucas \u00e9 um apaixonado pelo mundo dos concursos e pela carreira militar. Amante e praticante do futebol nas horas vagas.","url":"https:\/\/militares.estrategia.com\/portal\/author\/lucas-goncalves\/"}]}},"_wl_alt_label":[],"wl:entity_url":"https:\/\/data.wordlift.io\/wl110246\/post\/ime-ou-ita-saiba-qual-escolher-60313","_links":{"self":[{"href":"https:\/\/militares.estrategia.com\/portal\/wp-json\/wp\/v2\/posts\/60313","targetHints":{"allow":["GET"]}}],"collection":[{"href":"https:\/\/militares.estrategia.com\/portal\/wp-json\/wp\/v2\/posts"}],"about":[{"href":"https:\/\/militares.estrategia.com\/portal\/wp-json\/wp\/v2\/types\/post"}],"author":[{"embeddable":true,"href":"https:\/\/militares.estrategia.com\/portal\/wp-json\/wp\/v2\/users\/53"}],"replies":[{"embeddable":true,"href":"https:\/\/militares.estrategia.com\/portal\/wp-json\/wp\/v2\/comments?post=60313"}],"version-history":[{"count":2,"href":"https:\/\/militares.estrategia.com\/portal\/wp-json\/wp\/v2\/posts\/60313\/revisions"}],"predecessor-version":[{"id":60315,"href":"https:\/\/militares.estrategia.com\/portal\/wp-json\/wp\/v2\/posts\/60313\/revisions\/60315"}],"wp:featuredmedia":[{"embeddable":true,"href":"https:\/\/militares.estrategia.com\/portal\/wp-json\/wp\/v2\/media\/46552"}],"wp:attachment":[{"href":"https:\/\/militares.estrategia.com\/portal\/wp-json\/wp\/v2\/media?parent=60313"}],"wp:term":[{"taxonomy":"category","embeddable":true,"href":"https:\/\/militares.estrategia.com\/portal\/wp-json\/wp\/v2\/categories?post=60313"},{"taxonomy":"post_tag","embeddable":true,"href":"https:\/\/militares.estrategia.com\/portal\/wp-json\/wp\/v2\/tags?post=60313"},{"taxonomy":"wl_entity_type","embeddable":true,"href":"https:\/\/militares.estrategia.com\/portal\/wp-json\/wp\/v2\/wl_entity_type?post=60313"}],"curies":[{"name":"wp","href":"https:\/\/api.w.org\/{rel}","templated":true}]}}