{"id":59175,"date":"2022-09-20T08:19:19","date_gmt":"2022-09-20T11:19:19","guid":{"rendered":"https:\/\/militares.estrategia.com\/portal\/?p=59175"},"modified":"2025-09-19T15:01:09","modified_gmt":"2025-09-19T18:01:09","slug":"revolucao-farroupilha","status":"publish","type":"post","link":"https:\/\/militares.estrategia.com\/portal\/mundo-militar\/datas-comemorativas\/revolucao-farroupilha\/","title":{"rendered":"20 de setembro: In\u00edcio da Revolu\u00e7\u00e3o Farroupilha"},"content":{"rendered":"\n<p>No dia 20 de setembro de 1835 come\u00e7ou a <strong>revolta mais longa da hist\u00f3ria brasileira<\/strong>: a Revolu\u00e7\u00e3o Farroupilha. Nesse post, o Estrat\u00e9gia Militares conta como se deu a revolta, al\u00e9m de mostrar como<strong> Duque de Caxias, o Pacificador do Imp\u00e9rio,<\/strong> conseguiu colocar um ponto final no movimento.<\/p>\n\n\n<div id=\"new-form\">\n\t<form id=\"forms_layout\">\n\t<input type=\"hidden\" id=\"chave_de\" name=\"chave_de\" value=\"01_EMIL_LEADS_TOTAIS\" \/>\n\t\t<input type=\"hidden\" id=\"mid\" name=\"mid\" value=\"515009017\" \/>\n\t\t<input type=\"hidden\" id=\"Objetivo\" name=\"Objetivo\" value=\"Militares\" \/>\n\t\t<input type=\"hidden\" id=\"Estado_de_Origem_do_IP\" name=\"Estado_de_Origem_do_IP\"  value=\"\" \/>\n\t\t<input type=\"hidden\" id=\"Cidade_de_Origem_do_IP\" name=\"Cidade_de_Origem_do_IP\" value=\"\" \/>\n\t\t<input type=\"hidden\" id=\"Modo_de_entrada\" name=\"Modo_de_entrada\" value=\"Portal\" \/>\n\t\t<input type=\"hidden\" id=\"Pagina_Origem\" name=\"Pagina_Origem\" value=\"\" \/>\n\n\t\t<div class=\"texto\">\n\t\t\t<h3 class=\"news\">Inscreva-se em nossa newsletter!<\/h3>\n\t\t\t<p>Receba not\u00edcias sobre os mais importantes concursos para as For\u00e7as Armadas brasileiras e informa\u00e7\u00f5es sobre o mundo militar!<\/p>\n\t\t<\/div>\n\t\t<div class=\"campos\">\n\t\t\t<div class=\"first_name labels\">\n\t\t\t\t<input type=\"text\" class=\"input_labels\" id=\"first_name\" name=\"Nome_Completo\" placeholder=\"Nome\" required \/>\n\t\t\t<\/div>\n\t\t\t<div class=\"email labels\">\n\t\t\t\t<input type=\"email\" class=\"input_labels\" id=\"email\" name=\"Email\" placeholder=\"E-mail\" required \/>\n\t\t\t<\/div>\n\t\t\t<button type=\"submit\" class=\"button_layout\">\n\t\t\t\t<div id=\"lblBotao\">Inscreva-se<\/div>\n\t\t\t\t<span id=\"divSpiner\" class=\"loader\" role=\"status\" style=\"display: none;\"><\/span>\t\n\t\t\t<\/button>\n\t\t<\/div><!-- \/campos -->\n\t\t\n\t\t<label class=\"container_checkbox\">Voc\u00ea concorda com a nossa\n\t\t\t<a class=\"politics_privacy_ahref\" target=\"_blank\" href=\"https:\/\/gratis.estrategiaconcursos.com.br\/politica-de-privacidade\/\">Pol\u00edtica de Privacidade<\/a> e aceita receber informa\u00e7\u00f5es adicionais do Estrat\u00e9gia Educacional.\n\t\t\t<input id=\"checkbox_layout\" type=\"checkbox\" checked=\"checked\" required \/>\n\t\t\t<span class=\"checkbox\"><\/span>\n\t\t<\/label>\n\t\t<div id=\"msg\"><\/div>\n\t\t<div id=\"error\" class=\"error\">\n\t\t<\/div>\n\t<\/form>\n<\/div><!-- \/new-form -->\n\n\n\n<div id=\"ez-toc-container\" class=\"ez-toc-v2_0_79_2 counter-hierarchy ez-toc-counter ez-toc-transparent ez-toc-container-direction\">\n<div class=\"ez-toc-title-container\"><p class=\"ez-toc-title\" style=\"cursor:inherit\">Navegue pelo conte\u00fado\t<\/p>\n<\/div><nav><ul class='ez-toc-list ez-toc-list-level-1 ' ><li class='ez-toc-page-1 ez-toc-heading-level-2'><a class=\"ez-toc-link ez-toc-heading-1\" href=\"https:\/\/militares.estrategia.com\/portal\/mundo-militar\/datas-comemorativas\/revolucao-farroupilha\/#Como-e-porque-se-iniciou-a-Revolucao-Farroupilha\" >Como e porque se iniciou a Revolu\u00e7\u00e3o Farroupilha<\/a><\/li><li class='ez-toc-page-1 ez-toc-heading-level-2'><a class=\"ez-toc-link ez-toc-heading-2\" href=\"https:\/\/militares.estrategia.com\/portal\/mundo-militar\/datas-comemorativas\/revolucao-farroupilha\/#A-Republica-Piratini-e-a-resposta-imperial-ao-movimento\" >A Rep\u00fablica Piratini e a resposta imperial ao movimento<\/a><\/li><li class='ez-toc-page-1 ez-toc-heading-level-2'><a class=\"ez-toc-link ez-toc-heading-3\" href=\"https:\/\/militares.estrategia.com\/portal\/mundo-militar\/datas-comemorativas\/revolucao-farroupilha\/#A-nomeacao-de-Duque-de-Caxias-e-o-fim-da-revolucao\" >A nomea\u00e7\u00e3o de Duque de Caxias e o fim da revolu\u00e7\u00e3o<\/a><\/li><\/ul><\/nav><\/div>\n<h2 class=\"wp-block-heading\" id=\"h-como-e-porque-se-iniciou-a-revolucao-farroupilha\"><span class=\"ez-toc-section\" id=\"Como-e-porque-se-iniciou-a-Revolucao-Farroupilha\"><\/span>Como e porque se iniciou a Revolu\u00e7\u00e3o Farroupilha<span class=\"ez-toc-section-end\"><\/span><\/h2>\n\n\n\n<p>A Revolu\u00e7\u00e3o Farroupilha ou Guerra dos Farrapos foi um <strong>movimento de car\u00e1ter separatista<\/strong> ocorrido na prov\u00edncia rio-grandense, durante o per\u00edodo regencial e no come\u00e7o do segundo reinado. O nome do movimento se refere aos<strong> trajes maltrapilhos<\/strong> que muitos do ex\u00e9rcito rebelde usavam.<\/p>\n\n\n\n<p>O epis\u00f3dio se originou da <strong>insatisfa\u00e7\u00e3o de grandes propriet\u00e1rios de terras<\/strong> do Rio Grande do Sul que estavam <strong>inconformados com os altos tributos cobrados pela coroa<\/strong> em seus produtos.&nbsp;<\/p>\n\n\n\n<p>A principal mercadoria afetada era o <strong>charque <\/strong>(carne conservada pela salga), que, naquela \u00e9poca, era <strong>consumido majoritariamente pelo mercado interno.<\/strong> A carne, usada na <strong>alimenta\u00e7\u00e3o de escravos, <\/strong>abastecia a atividade mineradora, em Minas Gerais, as planta\u00e7\u00f5es de cana-de-a\u00e7\u00facar, no nordeste, e as recentes fazendas de caf\u00e9, no sudeste.<\/p>\n\n\n\n<p>Para se ter uma ideia da tributa\u00e7\u00e3o aplicada na \u00e9poca, o charque uruguaio pagava cerca de 4% em impostos, enquanto o nacional chegava \u00e0 casa dos 20%. Logo, era bem mais barato comprar a carne importada. Outros produtos, como o <strong>couro e o trigo, tamb\u00e9m eram afetados pela tributa\u00e7\u00e3o imperial.&nbsp;<\/strong><\/p>\n\n\n\n<p>Nesse mesmo momento, por meio de um ato adicional \u00e0 constitui\u00e7\u00e3o, <strong>foram criadas assembleias provinciais<\/strong>, descentralizando o poder imperial. Nas casas legislativas sulistas, come\u00e7aram a circular<strong> ideias separatistas lideradas por Bento Gon\u00e7alves.&nbsp;<\/strong><\/p>\n\n\n\n<p>Bento Gon\u00e7alves era tido como nome ideal para presidir a prov\u00edncia do Rio Grande do Sul, visto que o escolhido pela coroa, Ant\u00f4nio Rodrigues Fernandes Braga, n\u00e3o demonstrava ter muito apre\u00e7o pelas quest\u00f5es rio-grandenses.<\/p>\n\n\n\n<p>O estopim do movimento foi precedido por acusa\u00e7\u00f5es de Fernandes Braga em sess\u00f5es na assembleia provincial. Nas reuni\u00f5es, o presidente acusou Bento Gon\u00e7alves e seus colegas liberais de estarem <strong>planejando a separa\u00e7\u00e3o do Rio Grande do Sul<\/strong> e, posteriormente, a uni\u00e3o ao Uruguai.&nbsp;<\/p>\n\n\n\n<p>A partir dessas acusa\u00e7\u00f5es, aconteceram muitas discuss\u00f5es, inclusive em jornais de grande circula\u00e7\u00e3o da \u00e9poca, a respeito desse tema.&nbsp;<\/p>\n\n\n\n<p>No dia 18 de setembro de 1835, l\u00edderes do movimento separatista se reuniram para discutir quais atitudes seriam tomadas. Ficou decidido que, no dia <strong>20 de setembro daquele ano, seria o in\u00edcio do movimento de independ\u00eancia sulista.&nbsp;<\/strong><\/p>\n\n\n\n<h2 class=\"wp-block-heading\" id=\"h-a-republica-piratini-e-a-resposta-imperial-ao-movimento\"><span class=\"ez-toc-section\" id=\"A-Republica-Piratini-e-a-resposta-imperial-ao-movimento\"><\/span>A Rep\u00fablica Piratini e a resposta imperial ao movimento<span class=\"ez-toc-section-end\"><\/span><\/h2>\n\n\n\n<p>Assim como estava planejado, o movimento foi colocado em pr\u00e1tica. Rapidamente, Bento Gon\u00e7alves, que era o comandante da <a href=\"https:\/\/militares.estrategia.com\/portal\/mundo-militar\/datas-comemorativas\/como-foi-criada-a-guarda-nacional\/\" target=\"_blank\" >Guarda Nacional<\/a> no Rio Grande do Sul, <strong>conseguiu tomar Porto Alegre junto com seus homens.&nbsp;<\/strong><\/p>\n\n\n\n<p>Para conter os revolucion\u00e1rios, foi escolhido <strong>Jos\u00e9 de Ara\u00fajo Ribeiro como novo presidente da prov\u00edncia.<\/strong> Ele chegou ao sul acompanhado de sua tropa e incumbido de conter o movimento. Ao chegar, juntou-se aos militares da regi\u00e3o que eram contr\u00e1rios \u00e0 revolu\u00e7\u00e3o.&nbsp;<\/p>\n\n\n\n<p>A partir desse momento, diversas batalhas foram travadas entre os revolucion\u00e1rios e tropas imperiais, com destaque para a <strong>Batalha do Arroio de Seival.<\/strong><\/p>\n\n\n\n<p>Era cada vez maior entre os farroupilhas o desejo de se desvincular do imp\u00e9rio. Somente em 1836 foi que eles decidiram proclamar a Rep\u00fablica do Rio Grande do Sul, ap\u00f3s muitas discuss\u00f5es enquanto estavam reunidos na cidade de Piratini. Por conta disso, ela tamb\u00e9m \u00e9 conhecida como <strong>Rep\u00fablica Piratini, no dia 11 de setembro de 1836.&nbsp;<\/strong><\/p>\n\n\n<div class=\"wp-block-image\">\n<figure class=\"aligncenter size-full\"><img decoding=\"async\" width=\"960\" height=\"540\" src=\"https:\/\/militares.estrategia.com\/portal\/wp-content\/uploads\/2022\/09\/Apresentacao-sem-titulo-76.jpg\" alt=\"Revolu\u00e7\u00e3o Farroupilha.\" class=\"wp-image-59176\" srcset=\"https:\/\/militares.estrategia.com\/portal\/wp-content\/uploads\/2022\/09\/Apresentacao-sem-titulo-76.jpg 960w, https:\/\/militares.estrategia.com\/portal\/wp-content\/uploads\/2022\/09\/Apresentacao-sem-titulo-76-768x432.webp 768w, https:\/\/militares.estrategia.com\/portal\/wp-content\/uploads\/2022\/09\/Apresentacao-sem-titulo-76-800x450.webp 800w\" sizes=\"(max-width: 960px) 100vw, 960px\" \/><figcaption class=\"wp-element-caption\">Proclama\u00e7\u00e3o da Rep\u00fablica Piratini. Por Ant\u00f4nio Parreiras, 1915<\/figcaption><\/figure><\/div>\n\n\n<p>Na C\u00e2mara de Piratini foram escolhidos como presidente e vice: Bento Gon\u00e7alves e Jos\u00e9 Gomes de Vasconcelos Jardim, respectivamente.&nbsp;<\/p>\n\n\n\n<p>As guerras entre Imp\u00e9rio e a rec\u00e9m-instaurada rep\u00fablica tornaram-se cada vez mais intensas. Entre vit\u00f3rias e derrotas, o ex\u00e9rcito farroupilha conseguiu tomar a cidade de Laguna, em Santa Catarina, e em novembro de 1839 proclama a <strong>Rep\u00fablica Juliana,<\/strong> com sede na cidade de Laguna.&nbsp;<\/p>\n\n\n\n<h2 class=\"wp-block-heading\" id=\"h-a-nomeacao-de-duque-de-caxias-e-o-fim-da-revolucao\"><span class=\"ez-toc-section\" id=\"A-nomeacao-de-Duque-de-Caxias-e-o-fim-da-revolucao\"><\/span>A nomea\u00e7\u00e3o de Duque de Caxias e o fim da revolu\u00e7\u00e3o<span class=\"ez-toc-section-end\"><\/span><\/h2>\n\n\n\n<p>J\u00e1 como imperador do Brasil, <a href=\"https:\/\/militares.estrategia.com\/portal\/materias-e-dicas\/historia\/dom-pedro-ii\/\" target=\"_blank\" >Dom Pedro II<\/a> escolheu <a href=\"https:\/\/militares.estrategia.com\/portal\/mundo-militar\/forcas-armadas\/duque-de-caxias-o-patrono-do-exercito-brasileiro\/\" target=\"_blank\" >Lu\u00eds Alves de Lima e Silva, o Duque de Caxias<\/a>, para conter o movimento, tendo em vista o sucesso do militar em pacifica\u00e7\u00f5es anteriores.&nbsp;<\/p>\n\n\n\n<p>Ao chegar no sul, <strong>Caxias p\u00f4de observar a dificuldade que seria vencer o Ex\u00e9rcito Farroupilha.<\/strong> As t\u00e1ticas de guerrilha usadas por eles dificultavam muito as a\u00e7\u00f5es das tropas imperiais e o iminente apoio de tropas argentinas aos guerrilheiros fez o comandante das tropas imperiais agir rapidamente na tentativa de selar um acordo de paz.&nbsp;<\/p>\n\n\n\n<p>Ap\u00f3s muita delibera\u00e7\u00e3o, no dia 1 de mar\u00e7o de 1845, foi assinado o <strong>Tratado de Poncho Verde ou Paz do Poncho Verde, <\/strong>no qual foi acordado:<\/p>\n\n\n\n<ul class=\"wp-block-list\">\n<li><strong>Anistia geral aos rebeldes;<\/strong><\/li>\n\n\n\n<li>Incorpora\u00e7\u00e3o dos soldados e oficiais farroupilhas ao ex\u00e9rcito imperial;<\/li>\n\n\n\n<li>Perd\u00e3o das d\u00edvidas acumuladas dos rebeldes junto ao imp\u00e9rio brasileiro; e<\/li>\n\n\n\n<li>Alforria dos escravizados que ingressaram nas fileiras dos farroupilhas.<\/li>\n<\/ul>\n\n\n\n<p>Ap\u00f3s sua brilhante participa\u00e7\u00e3o, reconhecida, inclusive, pelas tropas farroupilhas, Caxias recebeu o t\u00edtulo de <strong>\u201cPacificador do Imp\u00e9rio\u201d.<\/strong><\/p>\n\n\n\n<p>As <a href=\"https:\/\/militares.estrategia.com\/portal\/materias-e-dicas\/historia\/revoltas-que-ja-ocorreram-no-brasil\/\" target=\"_blank\" >revoltas que ocorreram no Brasil<\/a> s\u00e3o <strong>temas muito importantes no estudo para carreiras militares.<\/strong> Nossos cursos contam com material completo para que voc\u00ea possa estudar esse e todos os outros conte\u00fados constantes no seu edital. Clique no banner abaixo e conhe\u00e7a nossos produtos. Vem ser Coruja!<\/p>\n\n\n\n<a id=\"cta\" class=\"cta-imagem\" href=\"https:\/\/militares.estrategia.com\/curso\/banco-de-questes-anual\/\" target=\"blank\">\n                <img decoding=\"async\" width=\"100%\" src=\"https:\/\/militares.estrategia.com\/portal\/wp-content\/uploads\/2023\/02\/EM-Banco-de-Questoes.jpg\" alt=\"EM - Banco de Questo\u0303es\" title=\"EM - Banco de Questo\u0303es\">\n        <\/a>\n","protected":false},"excerpt":{"rendered":"No dia 20 de setembro de 1835 come\u00e7ou a revolta mais longa da hist\u00f3ria brasileira: a Revolu\u00e7\u00e3o Farroupilha.&hellip;\n","protected":false},"author":53,"featured_media":59177,"comment_status":"closed","ping_status":"closed","sticky":false,"template":"","format":"standard","meta":{"wl_entities_gutenberg":"","footnotes":""},"categories":[306],"tags":[],"wl_entity_type":[187],"class_list":{"0":"post-59175","1":"post","2":"type-post","3":"status-publish","4":"format-standard","5":"has-post-thumbnail","7":"category-datas-comemorativas","8":"wl_entity_type-article"},"acf":[],"yoast_head":"<!-- This site is optimized with the Yoast SEO Premium plugin v26.6 (Yoast SEO v26.6) - https:\/\/yoast.com\/wordpress\/plugins\/seo\/ -->\n<title>20 de setembro: In\u00edcio da Revolu\u00e7\u00e3o Farroupilha<\/title>\n<meta name=\"description\" content=\"Conhe\u00e7a a Revolu\u00e7\u00e3o Farroupilha, revolta de car\u00e1ter emancipacionista e que durou mais tempo na hist\u00f3ria brasileira.\" \/>\n<meta name=\"robots\" content=\"index, follow, max-snippet:-1, max-image-preview:large, max-video-preview:-1\" \/>\n<link rel=\"canonical\" href=\"https:\/\/militares.estrategia.com\/portal\/mundo-militar\/datas-comemorativas\/revolucao-farroupilha\/\" \/>\n<meta property=\"og:locale\" content=\"pt_BR\" \/>\n<meta property=\"og:type\" content=\"article\" \/>\n<meta property=\"og:title\" content=\"20 de setembro: In\u00edcio da Revolu\u00e7\u00e3o Farroupilha\" \/>\n<meta property=\"og:description\" content=\"Conhe\u00e7a a Revolu\u00e7\u00e3o Farroupilha, revolta de car\u00e1ter emancipacionista e que durou mais tempo na hist\u00f3ria brasileira.\" \/>\n<meta property=\"og:url\" content=\"https:\/\/militares.estrategia.com\/portal\/mundo-militar\/datas-comemorativas\/revolucao-farroupilha\/\" \/>\n<meta property=\"og:site_name\" content=\"Estrat\u00e9gia Militares\" \/>\n<meta property=\"article:publisher\" content=\"https:\/\/www.facebook.com\/EstrategiaMilitares\" \/>\n<meta property=\"article:published_time\" content=\"2022-09-20T11:19:19+00:00\" \/>\n<meta property=\"article:modified_time\" content=\"2025-09-19T18:01:09+00:00\" \/>\n<meta property=\"og:image\" content=\"https:\/\/militares.estrategia.com\/portal\/wp-content\/uploads\/2022\/09\/Apresentacao-sem-titulo-77.jpg\" \/>\n\t<meta property=\"og:image:width\" content=\"960\" \/>\n\t<meta property=\"og:image:height\" content=\"540\" \/>\n\t<meta property=\"og:image:type\" content=\"image\/jpeg\" \/>\n<meta name=\"author\" content=\"Lucas Gon\u00e7alves\" \/>\n<meta name=\"twitter:card\" content=\"summary_large_image\" \/>\n<meta name=\"twitter:creator\" content=\"@estrategiamilit\" \/>\n<meta name=\"twitter:site\" content=\"@estrategiamilit\" \/>\n<meta name=\"twitter:label1\" content=\"Escrito por\" \/>\n\t<meta name=\"twitter:data1\" content=\"Lucas Gon\u00e7alves\" \/>\n\t<meta name=\"twitter:label2\" content=\"Est. tempo de leitura\" \/>\n\t<meta name=\"twitter:data2\" content=\"5 minutos\" \/>\n<script type=\"application\/ld+json\" class=\"yoast-schema-graph\">{\"@context\":\"https:\/\/schema.org\",\"@graph\":[{\"@type\":\"Article\",\"@id\":\"https:\/\/militares.estrategia.com\/portal\/mundo-militar\/datas-comemorativas\/revolucao-farroupilha\/#article\",\"isPartOf\":{\"@id\":\"https:\/\/militares.estrategia.com\/portal\/mundo-militar\/datas-comemorativas\/revolucao-farroupilha\/\"},\"author\":{\"name\":\"Lucas Gon\u00e7alves\",\"@id\":\"https:\/\/militares.estrategia.com\/portal\/#\/schema\/person\/566b15d6f51f32043ba353771e7ee88a\"},\"headline\":\"20 de setembro: In\u00edcio da Revolu\u00e7\u00e3o Farroupilha\",\"datePublished\":\"2022-09-20T11:19:19+00:00\",\"dateModified\":\"2025-09-19T18:01:09+00:00\",\"mainEntityOfPage\":{\"@id\":\"https:\/\/militares.estrategia.com\/portal\/mundo-militar\/datas-comemorativas\/revolucao-farroupilha\/\"},\"wordCount\":942,\"publisher\":{\"@id\":\"https:\/\/militares.estrategia.com\/portal\/#organization\"},\"image\":{\"@id\":\"https:\/\/militares.estrategia.com\/portal\/mundo-militar\/datas-comemorativas\/revolucao-farroupilha\/#primaryimage\"},\"thumbnailUrl\":\"https:\/\/militares.estrategia.com\/portal\/wp-content\/uploads\/2022\/09\/Apresentacao-sem-titulo-77.jpg\",\"articleSection\":[\"Datas Comemorativas\"],\"inLanguage\":\"pt-BR\"},{\"@type\":\"WebPage\",\"@id\":\"https:\/\/militares.estrategia.com\/portal\/mundo-militar\/datas-comemorativas\/revolucao-farroupilha\/\",\"url\":\"https:\/\/militares.estrategia.com\/portal\/mundo-militar\/datas-comemorativas\/revolucao-farroupilha\/\",\"name\":\"20 de setembro: In\u00edcio da Revolu\u00e7\u00e3o Farroupilha\",\"isPartOf\":{\"@id\":\"https:\/\/militares.estrategia.com\/portal\/#website\"},\"primaryImageOfPage\":{\"@id\":\"https:\/\/militares.estrategia.com\/portal\/mundo-militar\/datas-comemorativas\/revolucao-farroupilha\/#primaryimage\"},\"image\":{\"@id\":\"https:\/\/militares.estrategia.com\/portal\/mundo-militar\/datas-comemorativas\/revolucao-farroupilha\/#primaryimage\"},\"thumbnailUrl\":\"https:\/\/militares.estrategia.com\/portal\/wp-content\/uploads\/2022\/09\/Apresentacao-sem-titulo-77.jpg\",\"datePublished\":\"2022-09-20T11:19:19+00:00\",\"dateModified\":\"2025-09-19T18:01:09+00:00\",\"description\":\"Conhe\u00e7a a Revolu\u00e7\u00e3o Farroupilha, revolta de car\u00e1ter emancipacionista e que durou mais tempo na hist\u00f3ria brasileira.\",\"breadcrumb\":{\"@id\":\"https:\/\/militares.estrategia.com\/portal\/mundo-militar\/datas-comemorativas\/revolucao-farroupilha\/#breadcrumb\"},\"inLanguage\":\"pt-BR\",\"potentialAction\":[{\"@type\":\"ReadAction\",\"target\":[\"https:\/\/militares.estrategia.com\/portal\/mundo-militar\/datas-comemorativas\/revolucao-farroupilha\/\"]}]},{\"@type\":\"ImageObject\",\"inLanguage\":\"pt-BR\",\"@id\":\"https:\/\/militares.estrategia.com\/portal\/mundo-militar\/datas-comemorativas\/revolucao-farroupilha\/#primaryimage\",\"url\":\"https:\/\/militares.estrategia.com\/portal\/wp-content\/uploads\/2022\/09\/Apresentacao-sem-titulo-77.jpg\",\"contentUrl\":\"https:\/\/militares.estrategia.com\/portal\/wp-content\/uploads\/2022\/09\/Apresentacao-sem-titulo-77.jpg\",\"width\":960,\"height\":540},{\"@type\":\"BreadcrumbList\",\"@id\":\"https:\/\/militares.estrategia.com\/portal\/mundo-militar\/datas-comemorativas\/revolucao-farroupilha\/#breadcrumb\",\"itemListElement\":[{\"@type\":\"ListItem\",\"position\":1,\"name\":\"Home\",\"item\":\"https:\/\/militares.estrategia.com\/portal\/\"},{\"@type\":\"ListItem\",\"position\":2,\"name\":\"Mundo Militar\",\"item\":\"https:\/\/militares.estrategia.com\/portal\/mundo-militar\/\"},{\"@type\":\"ListItem\",\"position\":3,\"name\":\"Datas Comemorativas\",\"item\":\"https:\/\/militares.estrategia.com\/portal\/mundo-militar\/datas-comemorativas\/\"},{\"@type\":\"ListItem\",\"position\":4,\"name\":\"20 de setembro: In\u00edcio da Revolu\u00e7\u00e3o Farroupilha\"}]},{\"@type\":\"WebSite\",\"@id\":\"https:\/\/militares.estrategia.com\/portal\/#website\",\"url\":\"https:\/\/militares.estrategia.com\/portal\/\",\"name\":\"Estrat\u00e9gia Militares\",\"description\":\"\",\"publisher\":{\"@id\":\"https:\/\/militares.estrategia.com\/portal\/#organization\"},\"potentialAction\":[{\"@type\":\"SearchAction\",\"target\":{\"@type\":\"EntryPoint\",\"urlTemplate\":\"https:\/\/militares.estrategia.com\/portal\/?s={search_term_string}\"},\"query-input\":{\"@type\":\"PropertyValueSpecification\",\"valueRequired\":true,\"valueName\":\"search_term_string\"}}],\"inLanguage\":\"pt-BR\"},{\"@type\":\"Organization\",\"@id\":\"https:\/\/militares.estrategia.com\/portal\/#organization\",\"name\":\"Estrat\u00e9gia Militares\",\"url\":\"https:\/\/militares.estrategia.com\/portal\/\",\"logo\":{\"@type\":\"ImageObject\",\"inLanguage\":\"pt-BR\",\"@id\":\"https:\/\/militares.estrategia.com\/portal\/#\/schema\/logo\/image\/\",\"url\":\"https:\/\/militares.estrategia.com\/portal\/wp-content\/uploads\/2021\/10\/logo-militares.webp\",\"contentUrl\":\"https:\/\/militares.estrategia.com\/portal\/wp-content\/uploads\/2021\/10\/logo-militares.webp\",\"width\":346,\"height\":90,\"caption\":\"Estrat\u00e9gia Militares\"},\"image\":{\"@id\":\"https:\/\/militares.estrategia.com\/portal\/#\/schema\/logo\/image\/\"},\"sameAs\":[\"https:\/\/www.facebook.com\/EstrategiaMilitares\",\"https:\/\/x.com\/estrategiamilit\",\"https:\/\/www.instagram.com\/estrategiamilitares\/\",\"https:\/\/www.youtube.com\/channel\/UCRG_9hakCqXxnj_8TqCdgTA\"]},{\"@type\":\"Person\",\"@id\":\"https:\/\/militares.estrategia.com\/portal\/#\/schema\/person\/566b15d6f51f32043ba353771e7ee88a\",\"name\":\"Lucas Gon\u00e7alves\",\"image\":{\"@type\":\"ImageObject\",\"inLanguage\":\"pt-BR\",\"@id\":\"https:\/\/militares.estrategia.com\/portal\/#\/schema\/person\/image\/\",\"url\":\"https:\/\/militares.estrategia.com\/portal\/wp-content\/uploads\/2021\/08\/WhatsApp-Image-2023-04-28-at-13.20.17-150x150.jpeg\",\"contentUrl\":\"https:\/\/militares.estrategia.com\/portal\/wp-content\/uploads\/2021\/08\/WhatsApp-Image-2023-04-28-at-13.20.17-150x150.jpeg\",\"caption\":\"Lucas Gon\u00e7alves\"},\"description\":\"Lucas \u00e9 um apaixonado pelo mundo dos concursos e pela carreira militar. Amante e praticante do futebol nas horas vagas.\",\"url\":\"https:\/\/militares.estrategia.com\/portal\/author\/lucas-goncalves\/\"}]}<\/script>\n<!-- \/ Yoast SEO Premium plugin. -->","yoast_head_json":{"title":"20 de setembro: In\u00edcio da Revolu\u00e7\u00e3o Farroupilha","description":"Conhe\u00e7a a Revolu\u00e7\u00e3o Farroupilha, revolta de car\u00e1ter emancipacionista e que durou mais tempo na hist\u00f3ria brasileira.","robots":{"index":"index","follow":"follow","max-snippet":"max-snippet:-1","max-image-preview":"max-image-preview:large","max-video-preview":"max-video-preview:-1"},"canonical":"https:\/\/militares.estrategia.com\/portal\/mundo-militar\/datas-comemorativas\/revolucao-farroupilha\/","og_locale":"pt_BR","og_type":"article","og_title":"20 de setembro: In\u00edcio da Revolu\u00e7\u00e3o Farroupilha","og_description":"Conhe\u00e7a a Revolu\u00e7\u00e3o Farroupilha, revolta de car\u00e1ter emancipacionista e que durou mais tempo na hist\u00f3ria brasileira.","og_url":"https:\/\/militares.estrategia.com\/portal\/mundo-militar\/datas-comemorativas\/revolucao-farroupilha\/","og_site_name":"Estrat\u00e9gia Militares","article_publisher":"https:\/\/www.facebook.com\/EstrategiaMilitares","article_published_time":"2022-09-20T11:19:19+00:00","article_modified_time":"2025-09-19T18:01:09+00:00","og_image":[{"width":960,"height":540,"url":"https:\/\/militares.estrategia.com\/portal\/wp-content\/uploads\/2022\/09\/Apresentacao-sem-titulo-77.jpg","type":"image\/jpeg"}],"author":"Lucas Gon\u00e7alves","twitter_card":"summary_large_image","twitter_creator":"@estrategiamilit","twitter_site":"@estrategiamilit","twitter_misc":{"Escrito por":"Lucas Gon\u00e7alves","Est. tempo de leitura":"5 minutos"},"schema":{"@context":"https:\/\/schema.org","@graph":[{"@type":"Article","@id":"https:\/\/militares.estrategia.com\/portal\/mundo-militar\/datas-comemorativas\/revolucao-farroupilha\/#article","isPartOf":{"@id":"https:\/\/militares.estrategia.com\/portal\/mundo-militar\/datas-comemorativas\/revolucao-farroupilha\/"},"author":{"name":"Lucas Gon\u00e7alves","@id":"https:\/\/militares.estrategia.com\/portal\/#\/schema\/person\/566b15d6f51f32043ba353771e7ee88a"},"headline":"20 de setembro: In\u00edcio da Revolu\u00e7\u00e3o Farroupilha","datePublished":"2022-09-20T11:19:19+00:00","dateModified":"2025-09-19T18:01:09+00:00","mainEntityOfPage":{"@id":"https:\/\/militares.estrategia.com\/portal\/mundo-militar\/datas-comemorativas\/revolucao-farroupilha\/"},"wordCount":942,"publisher":{"@id":"https:\/\/militares.estrategia.com\/portal\/#organization"},"image":{"@id":"https:\/\/militares.estrategia.com\/portal\/mundo-militar\/datas-comemorativas\/revolucao-farroupilha\/#primaryimage"},"thumbnailUrl":"https:\/\/militares.estrategia.com\/portal\/wp-content\/uploads\/2022\/09\/Apresentacao-sem-titulo-77.jpg","articleSection":["Datas Comemorativas"],"inLanguage":"pt-BR"},{"@type":"WebPage","@id":"https:\/\/militares.estrategia.com\/portal\/mundo-militar\/datas-comemorativas\/revolucao-farroupilha\/","url":"https:\/\/militares.estrategia.com\/portal\/mundo-militar\/datas-comemorativas\/revolucao-farroupilha\/","name":"20 de setembro: In\u00edcio da Revolu\u00e7\u00e3o Farroupilha","isPartOf":{"@id":"https:\/\/militares.estrategia.com\/portal\/#website"},"primaryImageOfPage":{"@id":"https:\/\/militares.estrategia.com\/portal\/mundo-militar\/datas-comemorativas\/revolucao-farroupilha\/#primaryimage"},"image":{"@id":"https:\/\/militares.estrategia.com\/portal\/mundo-militar\/datas-comemorativas\/revolucao-farroupilha\/#primaryimage"},"thumbnailUrl":"https:\/\/militares.estrategia.com\/portal\/wp-content\/uploads\/2022\/09\/Apresentacao-sem-titulo-77.jpg","datePublished":"2022-09-20T11:19:19+00:00","dateModified":"2025-09-19T18:01:09+00:00","description":"Conhe\u00e7a a Revolu\u00e7\u00e3o Farroupilha, revolta de car\u00e1ter emancipacionista e que durou mais tempo na hist\u00f3ria brasileira.","breadcrumb":{"@id":"https:\/\/militares.estrategia.com\/portal\/mundo-militar\/datas-comemorativas\/revolucao-farroupilha\/#breadcrumb"},"inLanguage":"pt-BR","potentialAction":[{"@type":"ReadAction","target":["https:\/\/militares.estrategia.com\/portal\/mundo-militar\/datas-comemorativas\/revolucao-farroupilha\/"]}]},{"@type":"ImageObject","inLanguage":"pt-BR","@id":"https:\/\/militares.estrategia.com\/portal\/mundo-militar\/datas-comemorativas\/revolucao-farroupilha\/#primaryimage","url":"https:\/\/militares.estrategia.com\/portal\/wp-content\/uploads\/2022\/09\/Apresentacao-sem-titulo-77.jpg","contentUrl":"https:\/\/militares.estrategia.com\/portal\/wp-content\/uploads\/2022\/09\/Apresentacao-sem-titulo-77.jpg","width":960,"height":540},{"@type":"BreadcrumbList","@id":"https:\/\/militares.estrategia.com\/portal\/mundo-militar\/datas-comemorativas\/revolucao-farroupilha\/#breadcrumb","itemListElement":[{"@type":"ListItem","position":1,"name":"Home","item":"https:\/\/militares.estrategia.com\/portal\/"},{"@type":"ListItem","position":2,"name":"Mundo Militar","item":"https:\/\/militares.estrategia.com\/portal\/mundo-militar\/"},{"@type":"ListItem","position":3,"name":"Datas Comemorativas","item":"https:\/\/militares.estrategia.com\/portal\/mundo-militar\/datas-comemorativas\/"},{"@type":"ListItem","position":4,"name":"20 de setembro: In\u00edcio da Revolu\u00e7\u00e3o Farroupilha"}]},{"@type":"WebSite","@id":"https:\/\/militares.estrategia.com\/portal\/#website","url":"https:\/\/militares.estrategia.com\/portal\/","name":"Estrat\u00e9gia Militares","description":"","publisher":{"@id":"https:\/\/militares.estrategia.com\/portal\/#organization"},"potentialAction":[{"@type":"SearchAction","target":{"@type":"EntryPoint","urlTemplate":"https:\/\/militares.estrategia.com\/portal\/?s={search_term_string}"},"query-input":{"@type":"PropertyValueSpecification","valueRequired":true,"valueName":"search_term_string"}}],"inLanguage":"pt-BR"},{"@type":"Organization","@id":"https:\/\/militares.estrategia.com\/portal\/#organization","name":"Estrat\u00e9gia Militares","url":"https:\/\/militares.estrategia.com\/portal\/","logo":{"@type":"ImageObject","inLanguage":"pt-BR","@id":"https:\/\/militares.estrategia.com\/portal\/#\/schema\/logo\/image\/","url":"https:\/\/militares.estrategia.com\/portal\/wp-content\/uploads\/2021\/10\/logo-militares.webp","contentUrl":"https:\/\/militares.estrategia.com\/portal\/wp-content\/uploads\/2021\/10\/logo-militares.webp","width":346,"height":90,"caption":"Estrat\u00e9gia Militares"},"image":{"@id":"https:\/\/militares.estrategia.com\/portal\/#\/schema\/logo\/image\/"},"sameAs":["https:\/\/www.facebook.com\/EstrategiaMilitares","https:\/\/x.com\/estrategiamilit","https:\/\/www.instagram.com\/estrategiamilitares\/","https:\/\/www.youtube.com\/channel\/UCRG_9hakCqXxnj_8TqCdgTA"]},{"@type":"Person","@id":"https:\/\/militares.estrategia.com\/portal\/#\/schema\/person\/566b15d6f51f32043ba353771e7ee88a","name":"Lucas Gon\u00e7alves","image":{"@type":"ImageObject","inLanguage":"pt-BR","@id":"https:\/\/militares.estrategia.com\/portal\/#\/schema\/person\/image\/","url":"https:\/\/militares.estrategia.com\/portal\/wp-content\/uploads\/2021\/08\/WhatsApp-Image-2023-04-28-at-13.20.17-150x150.jpeg","contentUrl":"https:\/\/militares.estrategia.com\/portal\/wp-content\/uploads\/2021\/08\/WhatsApp-Image-2023-04-28-at-13.20.17-150x150.jpeg","caption":"Lucas Gon\u00e7alves"},"description":"Lucas \u00e9 um apaixonado pelo mundo dos concursos e pela carreira militar. Amante e praticante do futebol nas horas vagas.","url":"https:\/\/militares.estrategia.com\/portal\/author\/lucas-goncalves\/"}]}},"_wl_alt_label":[],"wl:entity_url":"https:\/\/data.wordlift.io\/wl110246\/post\/20-de-setembro-inicio-da-revolucao-farroupilha-no-rio-grande-do-sul-59175","_links":{"self":[{"href":"https:\/\/militares.estrategia.com\/portal\/wp-json\/wp\/v2\/posts\/59175","targetHints":{"allow":["GET"]}}],"collection":[{"href":"https:\/\/militares.estrategia.com\/portal\/wp-json\/wp\/v2\/posts"}],"about":[{"href":"https:\/\/militares.estrategia.com\/portal\/wp-json\/wp\/v2\/types\/post"}],"author":[{"embeddable":true,"href":"https:\/\/militares.estrategia.com\/portal\/wp-json\/wp\/v2\/users\/53"}],"replies":[{"embeddable":true,"href":"https:\/\/militares.estrategia.com\/portal\/wp-json\/wp\/v2\/comments?post=59175"}],"version-history":[{"count":2,"href":"https:\/\/militares.estrategia.com\/portal\/wp-json\/wp\/v2\/posts\/59175\/revisions"}],"predecessor-version":[{"id":90614,"href":"https:\/\/militares.estrategia.com\/portal\/wp-json\/wp\/v2\/posts\/59175\/revisions\/90614"}],"wp:featuredmedia":[{"embeddable":true,"href":"https:\/\/militares.estrategia.com\/portal\/wp-json\/wp\/v2\/media\/59177"}],"wp:attachment":[{"href":"https:\/\/militares.estrategia.com\/portal\/wp-json\/wp\/v2\/media?parent=59175"}],"wp:term":[{"taxonomy":"category","embeddable":true,"href":"https:\/\/militares.estrategia.com\/portal\/wp-json\/wp\/v2\/categories?post=59175"},{"taxonomy":"post_tag","embeddable":true,"href":"https:\/\/militares.estrategia.com\/portal\/wp-json\/wp\/v2\/tags?post=59175"},{"taxonomy":"wl_entity_type","embeddable":true,"href":"https:\/\/militares.estrategia.com\/portal\/wp-json\/wp\/v2\/wl_entity_type?post=59175"}],"curies":[{"name":"wp","href":"https:\/\/api.w.org\/{rel}","templated":true}]}}