{"id":58831,"date":"2022-09-16T10:00:00","date_gmt":"2022-09-16T13:00:00","guid":{"rendered":"https:\/\/militares.estrategia.com\/portal\/?p=58831"},"modified":"2023-08-08T18:43:04","modified_gmt":"2023-08-08T21:43:04","slug":"gabarito-espcex-ao-vivo","status":"publish","type":"post","link":"https:\/\/militares.estrategia.com\/portal\/eventos\/gabaritos\/gabarito-espcex-ao-vivo\/","title":{"rendered":"Gabarito EsPCEx 2023: confira o gabarito final e a corre\u00e7\u00e3o ao vivo!"},"content":{"rendered":"\n<p>A primeira fase do Concurso <a href=\"https:\/\/militares.estrategia.com\/portal\/escolas-militares\/exercito\/espcex\/espcex-confira-as-disciplinas\/\" target=\"_blank\" >EsPCEx<\/a> 2022 aconteceu nos dias 17 e 18 de setembro. Como manda a tradi\u00e7\u00e3o, logo ap\u00f3s a prova, o Estrat\u00e9gia Militares fez a corre\u00e7\u00e3o ao vivo da prova! O Gabarito EsPCEx foi postado em tempo real no Portal do Estrat\u00e9gia Militares.<\/p>\n\n\n\n<p>A EsPCEx divulgou o Gabarito oficial final da prova objetiva no dia 17 de outubro, junto com a rela\u00e7\u00e3o de quest\u00f5es anuladas. Confira abaixo!<\/p>\n\n\n\n<div class=\"wp-block-buttons is-horizontal is-content-justification-center is-layout-flex wp-container-core-buttons-is-layout-1 wp-block-buttons-is-layout-flex\">\n<div class=\"wp-block-button is-style-outline is-style-outline--1\"><a class=\"wp-block-button__link has-electric-grass-gradient-background has-background wp-element-button\" href=\"https:\/\/militares.estrategia.com\/portal\/wp-content\/uploads\/2022\/10\/Gabarito_definitivo_2022_primeiro-dia-EsCPCEx.pdf\" target=\"_blank\" >Gabarito final &#8211; Primeiro dia<\/a><\/div>\n\n\n\n<div class=\"wp-block-button is-style-outline is-style-outline--2\"><a class=\"wp-block-button__link has-electric-grass-gradient-background has-background wp-element-button\" href=\"https:\/\/militares.estrategia.com\/portal\/wp-content\/uploads\/2022\/10\/Gabarito_definitivo_2022_segundo-dia-espcex.pdf\" target=\"_blank\" >Gabarito final &#8211; Segundo dia<\/a><\/div>\n<\/div>\n\n\n\n<div class=\"wp-block-buttons is-horizontal is-content-justification-center is-layout-flex wp-container-core-buttons-is-layout-2 wp-block-buttons-is-layout-flex\">\n<div class=\"wp-block-button is-style-outline is-style-outline--3\"><a class=\"wp-block-button__link has-electric-grass-gradient-background has-background wp-element-button\" href=\"https:\/\/militares.estrategia.com\/portal\/wp-content\/uploads\/2022\/10\/Resultado_Geral_dos_Pedidos_de_Revisao_dos_Gabaritos_das_Questoes_Objetivas_EsPCEx.pdf\" target=\"_blank\" >Resultado dos pedidos de recurso &#8211; EsPCEx 2023<\/a><\/div>\n<\/div>\n\n\n\n<div id=\"ez-toc-container\" class=\"ez-toc-v2_0_79_2 counter-hierarchy ez-toc-counter ez-toc-transparent ez-toc-container-direction\">\n<div class=\"ez-toc-title-container\"><p class=\"ez-toc-title\" style=\"cursor:inherit\">Navegue pelo conte\u00fado\t<\/p>\n<\/div><nav><ul class='ez-toc-list ez-toc-list-level-1 ' ><li class='ez-toc-page-1 ez-toc-heading-level-2'><a class=\"ez-toc-link ez-toc-heading-1\" href=\"https:\/\/militares.estrategia.com\/portal\/eventos\/gabaritos\/gabarito-espcex-ao-vivo\/#Pedidos-de-Recurso-%E2%80%93-EsPCEx-2023\" >Pedidos de Recurso &#8211; EsPCEx 2023<\/a><\/li><li class='ez-toc-page-1 ez-toc-heading-level-2'><a class=\"ez-toc-link ez-toc-heading-2\" href=\"https:\/\/militares.estrategia.com\/portal\/eventos\/gabaritos\/gabarito-espcex-ao-vivo\/#Gabarito-EsPCEx-%E2%80%93-2o-dia\" >Gabarito EsPCEx &#8211; 2o dia<\/a><\/li><li class='ez-toc-page-1 ez-toc-heading-level-2'><a class=\"ez-toc-link ez-toc-heading-3\" href=\"https:\/\/militares.estrategia.com\/portal\/eventos\/gabaritos\/gabarito-espcex-ao-vivo\/#Gabarito-EsPCEx-%E2%80%93-1o-dia\" >Gabarito EsPCEx &#8211; 1o dia<\/a><\/li><li class='ez-toc-page-1 ez-toc-heading-level-2'><a class=\"ez-toc-link ez-toc-heading-4\" href=\"https:\/\/militares.estrategia.com\/portal\/eventos\/gabaritos\/gabarito-espcex-ao-vivo\/#Correcao-em-PDF-e-Mapa-de-Prova\" >Corre\u00e7\u00e3o em PDF e Mapa de Prova<\/a><\/li><li class='ez-toc-page-1 ez-toc-heading-level-2'><a class=\"ez-toc-link ez-toc-heading-5\" href=\"https:\/\/militares.estrategia.com\/portal\/eventos\/gabaritos\/gabarito-espcex-ao-vivo\/#Correcao-ao-vivo-no-YouTube\" >Corre\u00e7\u00e3o ao vivo no YouTube<\/a><\/li><li class='ez-toc-page-1 ez-toc-heading-level-2'><a class=\"ez-toc-link ez-toc-heading-6\" href=\"https:\/\/militares.estrategia.com\/portal\/eventos\/gabaritos\/gabarito-espcex-ao-vivo\/#Gabarito-EsPCEx-Exame-Intelectual\" >Gabarito EsPCEx: Exame Intelectual<\/a><\/li><li class='ez-toc-page-1 ez-toc-heading-level-2'><a class=\"ez-toc-link ez-toc-heading-7\" href=\"https:\/\/militares.estrategia.com\/portal\/eventos\/gabaritos\/gabarito-espcex-ao-vivo\/#No-dia-da-prova\" >No dia da prova<\/a><\/li><\/ul><\/nav><\/div>\n<h2 class=\"wp-block-heading\"><span class=\"ez-toc-section\" id=\"Pedidos-de-Recurso-%E2%80%93-EsPCEx-2023\"><\/span>Pedidos de Recurso &#8211; EsPCEx 2023<span class=\"ez-toc-section-end\"><\/span><\/h2>\n\n\n\n<p>Os professores do Estrat\u00e9gia Militares prepararam os modelos de pedido de recurso para voc\u00ea! Baixe nos links abaixo: <\/p>\n\n\n\n<ul class=\"wp-block-list\">\n<li><a href=\"https:\/\/militares.estrategia.com\/portal\/wp-content\/uploads\/2022\/09\/Recurso-de-Portugues-EsPCEx-2023.pdf\" target=\"_blank\" >Quest\u00f5es 8 e 11 de Portugu\u00eas &#8211; Modelo A<\/a><\/li>\n<\/ul>\n\n\n\n<h2 class=\"wp-block-heading\"><span class=\"ez-toc-section\" id=\"Gabarito-EsPCEx-%E2%80%93-2o-dia\"><\/span>Gabarito EsPCEx &#8211; 2<sup>o<\/sup> dia<span class=\"ez-toc-section-end\"><\/span><\/h2>\n\n\n\n<h3 class=\"wp-block-heading\">Modelo: E<\/h3>\n\n\n\n<figure class=\"wp-block-table is-style-stripes\"><table class=\"has-electric-grass-gradient-background has-background has-fixed-layout\"><tbody><tr><td>1- <strong>B<\/strong><\/td><td>15- <strong>D<\/strong><\/td><td>29- <strong>E<\/strong><\/td><td>43- <strong>E<\/strong><\/td><\/tr><tr><td>2- <strong>A<\/strong><\/td><td>16- <strong>E<\/strong><\/td><td>30- <strong>B<\/strong><\/td><td>44- <strong>C<\/strong><\/td><\/tr><tr><td>3- <strong>E<\/strong><\/td><td>17- <strong>E<\/strong><\/td><td>31- <strong>D<\/strong><\/td><td>45- <strong>D<\/strong><\/td><\/tr><tr><td>4- <strong>D<\/strong><\/td><td>18- <strong>D<\/strong><\/td><td>32- <strong>E<\/strong><\/td><td>46- <strong>E<\/strong><\/td><\/tr><tr><td>5- <strong>A<\/strong><\/td><td>19- <strong>B<\/strong><\/td><td>33- <strong>D<\/strong><\/td><td>47- <strong>C<\/strong><\/td><\/tr><tr><td>6- <strong>C<\/strong><\/td><td>20- <strong>A<\/strong><\/td><td>34- <strong>A<\/strong><\/td><td>48- <strong>B<\/strong><\/td><\/tr><tr><td>7- <strong>B<\/strong><\/td><td>21- <strong>A<\/strong><\/td><td>35- <strong>B<\/strong><\/td><td>49- <strong>A<\/strong><\/td><\/tr><tr><td>8- <strong>C<\/strong><\/td><td>22- <strong>E<\/strong><\/td><td>36- <strong>D<\/strong><\/td><td>50- <strong>E<\/strong><\/td><\/tr><tr><td>9- <strong>A<\/strong><\/td><td>23- <strong>C<\/strong><\/td><td>37- <strong>C<\/strong><\/td><td>51- <strong>B<\/strong><\/td><\/tr><tr><td>10- <strong>C*<\/strong><\/td><td>24- <strong>A<\/strong><\/td><td>38- <strong>E<\/strong><\/td><td>52- <strong>C<\/strong><\/td><\/tr><tr><td>11- <strong>C<\/strong><\/td><td>25- <strong>D<\/strong><\/td><td>39- <strong>C<\/strong><\/td><td>53- <strong>D<\/strong><\/td><\/tr><tr><td>12- <strong>D<\/strong><\/td><td>26- <strong>C<\/strong><\/td><td>40- <strong>B<\/strong><\/td><td>54- <strong>D<\/strong><\/td><\/tr><tr><td>13- <strong>E<\/strong><\/td><td>27- <strong>A<\/strong><\/td><td>41- <strong>E<\/strong><\/td><td>55- <strong>C<\/strong><\/td><\/tr><tr><td>14- <strong>C<\/strong><\/td><td>28- <strong>B<\/strong><\/td><td>42- <strong>A<\/strong><\/td><td>56- <strong>A<\/strong><\/td><\/tr><\/tbody><\/table><\/figure>\n\n\n\n<h3 class=\"wp-block-heading\">Modelo: D<\/h3>\n\n\n\n<figure class=\"wp-block-table is-style-stripes\"><table class=\"has-electric-grass-gradient-background has-background has-fixed-layout\"><tbody><tr><td>1- <strong>D<\/strong><\/td><td>15- <strong>B<\/strong><\/td><td>29- <strong>A<\/strong><\/td><td>43- <strong>E<\/strong><\/td><\/tr><tr><td>2- <strong>B<\/strong><\/td><td>16- <strong>C<\/strong><\/td><td>30- <strong>C<\/strong><\/td><td>44- <strong>B<\/strong><\/td><\/tr><tr><td>3- <strong>A<\/strong><\/td><td>17- <strong>A<\/strong><\/td><td>31- <strong>E<\/strong><\/td><td>45- <strong>B<\/strong><\/td><\/tr><tr><td>4- <strong>C*<\/strong><\/td><td>18- <strong>C<\/strong><\/td><td>32- <strong>D<\/strong><\/td><td>46- <strong>A<\/strong><\/td><\/tr><tr><td>5- <strong>A<\/strong><\/td><td>19- <strong>C<\/strong><\/td><td>33- <strong>D<\/strong><\/td><td>47- <strong>E<\/strong><\/td><\/tr><tr><td>6- <strong>E<\/strong><\/td><td>20- <strong>D<\/strong><\/td><td>34- <strong>E<\/strong><\/td><td>48- <strong>D<\/strong><\/td><\/tr><tr><td>7- <strong>D<\/strong><\/td><td>21- <strong>B<\/strong><\/td><td>35- <strong>C<\/strong><\/td><td>49- <strong>C<\/strong><\/td><\/tr><tr><td>8- <strong>B<\/strong><\/td><td>22- <strong>B<\/strong><\/td><td>36- <strong>E<\/strong><\/td><td>50- <strong>A<\/strong><\/td><\/tr><tr><td>9- <strong>E<\/strong><\/td><td>23- <strong>E<\/strong><\/td><td>37- <strong>B<\/strong><\/td><td>51- <strong>B<\/strong><\/td><\/tr><tr><td>10- <strong>A<\/strong><\/td><td>24- <strong>D<\/strong><\/td><td>38- <strong>C<\/strong><\/td><td>52- <strong>C<\/strong><\/td><\/tr><tr><td>11- <strong>E<\/strong><\/td><td>25- <strong>A<\/strong><\/td><td>39- <strong>D<\/strong><\/td><td>53- <strong>D<\/strong><\/td><\/tr><tr><td>12- <strong>E<\/strong><\/td><td>26- <strong>E<\/strong><\/td><td>40- <strong>A<\/strong><\/td><td>54- <strong>D<\/strong><\/td><\/tr><tr><td>13- <strong>C<\/strong><\/td><td>27- <strong>C<\/strong><\/td><td>41- <strong>C<\/strong><\/td><td>55- <strong>E<\/strong><\/td><\/tr><tr><td>14- <strong>D<\/strong><\/td><td>28- <strong>A<\/strong><\/td><td>42- <strong>A<\/strong><\/td><td>56- <strong>C<\/strong><\/td><\/tr><\/tbody><\/table><\/figure>\n\n\n\n<h3 class=\"wp-block-heading\">Modelo: F <\/h3>\n\n\n\n<figure class=\"wp-block-table is-style-stripes\"><table class=\"has-electric-grass-gradient-background has-background has-fixed-layout\"><tbody><tr><td>1- <strong>C<\/strong><\/td><td>15- <strong>D<\/strong><\/td><td>29- <strong>E<\/strong><\/td><td>43- <strong>D<\/strong><\/td><\/tr><tr><td>2- <strong>D<\/strong><\/td><td>16- <strong>B<\/strong><\/td><td>30- <strong>D<\/strong><\/td><td>44- <strong>B<\/strong><\/td><\/tr><tr><td>3- <strong>C<\/strong><\/td><td>17- <strong>A<\/strong><\/td><td>31- <strong>E<\/strong><\/td><td>45- <strong>D<\/strong><\/td><\/tr><tr><td>4- <strong>E<\/strong><\/td><td>18- <strong>C*<\/strong><\/td><td>32- <strong>B<\/strong><\/td><td>46- <strong>E<\/strong><\/td><\/tr><tr><td>5- <strong>A<\/strong><\/td><td>19- <strong>E<\/strong><\/td><td>33- <strong>A<\/strong><\/td><td>47- <strong>C<\/strong><\/td><\/tr><tr><td>6- <strong>D<\/strong><\/td><td>20- <strong>D<\/strong><\/td><td>34- <strong>C<\/strong><\/td><td>48- <strong>B<\/strong><\/td><\/tr><tr><td>7- <strong>E<\/strong><\/td><td>21- <strong>C<\/strong><\/td><td>35- <strong>B<\/strong><\/td><td>49- <strong>C<\/strong><\/td><\/tr><tr><td>8- <strong>E<\/strong><\/td><td>22- <strong>A<\/strong><\/td><td>36- <strong>E<\/strong><\/td><td>50- <strong>D<\/strong><\/td><\/tr><tr><td>9- <strong>C<\/strong><\/td><td>23- <strong>A<\/strong><\/td><td>37- <strong>A<\/strong><\/td><td>51- <strong>D<\/strong><\/td><\/tr><tr><td>10- <strong>C<\/strong><\/td><td>24- <strong>B<\/strong><\/td><td>38- <strong>E<\/strong><\/td><td>52- <strong>C<\/strong><\/td><\/tr><tr><td>11- <strong>B<\/strong><\/td><td>25- <strong>A<\/strong><\/td><td>39- <strong>C<\/strong><\/td><td>53- <strong>A<\/strong><\/td><\/tr><tr><td>12- <strong>B<\/strong><\/td><td>26- <strong>E<\/strong><\/td><td>40- <strong>E<\/strong><\/td><td>54- <strong>B<\/strong><\/td><\/tr><tr><td>13- <strong>A<\/strong><\/td><td>27- <strong>C<\/strong><\/td><td>41- <strong>D<\/strong><\/td><td>55- <strong>A<\/strong><\/td><\/tr><tr><td>14- <strong>A<\/strong><\/td><td>28- <strong>D<\/strong><\/td><td>42- <strong>C<\/strong><\/td><td>56- <strong>E<\/strong><\/td><\/tr><\/tbody><\/table><\/figure>\n\n\n\n<h2 class=\"wp-block-heading\" id=\"h-gabarito-espcex-1o-dia\"><span class=\"ez-toc-section\" id=\"Gabarito-EsPCEx-%E2%80%93-1o-dia\"><\/span>Gabarito EsPCEx &#8211; 1<sup>o<\/sup> dia<span class=\"ez-toc-section-end\"><\/span><\/h2>\n\n\n\n<h3 class=\"wp-block-heading\" id=\"h-modelo-a\"><strong>Modelo: A<\/strong><\/h3>\n\n\n\n<figure class=\"wp-block-table is-style-stripes\"><table class=\"has-black-color has-electric-grass-gradient-background has-text-color has-background\"><tbody><tr><td>1-&nbsp;D<\/td><td>12- C<\/td><td>23-&nbsp;E<\/td><td>34-&nbsp;C<\/td><\/tr><tr><td>2- E<\/td><td>13-&nbsp;C<\/td><td>24-&nbsp;C<\/td><td>35-&nbsp;B<\/td><\/tr><tr><td>3-&nbsp;E<\/td><td>14-&nbsp;A<\/td><td>25-&nbsp;A<\/td><td>36-D<\/td><\/tr><tr><td>4-&nbsp;C<\/td><td>15-&nbsp;B<\/td><td>26-&nbsp;D<\/td><td>37-&nbsp;E<\/td><\/tr><tr><td>5-&nbsp;C<\/td><td>16-&nbsp;A<\/td><td>27-&nbsp;B<\/td><td>38-&nbsp;C<\/td><\/tr><tr><td>6-&nbsp;D<\/td><td>17-&nbsp;A<\/td><td>28-&nbsp;B<\/td><td>39-&nbsp;A<\/td><\/tr><tr><td>7-&nbsp;E<\/td><td>18-&nbsp;D<\/td><td>29-&nbsp;A<\/td><td>40-&nbsp;E<\/td><\/tr><tr><td>8\u2013D<\/td><td>19-&nbsp;A<\/td><td>30-&nbsp;C<\/td><td>41-&nbsp;B<\/td><\/tr><tr><td>9-&nbsp;D<\/td><td>20-&nbsp;B<\/td><td>31-&nbsp;E<\/td><td>42-&nbsp;B<\/td><\/tr><tr><td>10-&nbsp;B<\/td><td>21-&nbsp;D<\/td><td>32-&nbsp;A<\/td><td>43-&nbsp;D<\/td><\/tr><tr><td>11-&nbsp;C<\/td><td>22-&nbsp;C<\/td><td>33-&nbsp;A<\/td><td>44-&nbsp;C<\/td><\/tr><\/tbody><\/table><\/figure>\n\n\n\n<h3 class=\"wp-block-heading\" id=\"h-modelo-b\"><strong>Modelo: B<\/strong><\/h3>\n\n\n\n<figure class=\"wp-block-table is-style-stripes\"><table class=\"has-black-color has-electric-grass-gradient-background has-text-color has-background\"><tbody><tr><td>1-&nbsp;C<\/td><td>12- D<\/td><td>23-&nbsp;A<\/td><td>34-&nbsp;E<\/td><\/tr><tr><td>2- E<\/td><td>13-&nbsp;A<\/td><td>24-&nbsp;B<\/td><td>35-&nbsp;C<\/td><\/tr><tr><td>3-&nbsp;E<\/td><td>14-&nbsp;B<\/td><td>25-&nbsp;A<\/td><td>36- C<\/td><\/tr><tr><td>4-&nbsp;D<\/td><td>15-&nbsp;D<\/td><td>26-&nbsp;E<\/td><td>37-&nbsp;B<\/td><\/tr><tr><td>5-&nbsp;C<\/td><td>16-&nbsp;B<\/td><td>27-&nbsp;E<\/td><td>38-&nbsp;D<\/td><\/tr><tr><td>6-&nbsp;D<\/td><td>17-&nbsp;D<\/td><td>28-&nbsp;A<\/td><td>39-&nbsp;B<\/td><\/tr><tr><td>7-&nbsp;C<\/td><td>18-&nbsp;A<\/td><td>29-&nbsp;C<\/td><td>40-&nbsp;B<\/td><\/tr><tr><td>8\u2013 C<\/td><td>19-&nbsp;A<\/td><td>30-&nbsp;D<\/td><td>41-&nbsp;C<\/td><\/tr><tr><td>9-&nbsp;E<\/td><td>20-&nbsp;B<\/td><td>31-&nbsp;C<\/td><td>42-&nbsp;D<\/td><\/tr><tr><td>10-&nbsp;C<\/td><td>21-&nbsp;B<\/td><td>32-&nbsp;D<\/td><td>43-&nbsp;A<\/td><\/tr><tr><td>11-&nbsp;A<\/td><td>22-&nbsp;C<\/td><td>33-&nbsp;B<\/td><td>44-&nbsp;E<\/td><\/tr><\/tbody><\/table><\/figure>\n\n\n\n<h3 class=\"wp-block-heading\" id=\"h-modelo-c\"><strong>Modelo: C<\/strong><\/h3>\n\n\n\n<figure class=\"wp-block-table is-style-stripes\"><table class=\"has-black-color has-electric-grass-gradient-background has-text-color has-background\"><tbody><tr><td>1-&nbsp;E<\/td><td>12- D<\/td><td>23-&nbsp;E<\/td><td>34-&nbsp;B<\/td><\/tr><tr><td>2- D<\/td><td>13-&nbsp;E<\/td><td>24-&nbsp;B<\/td><td>35-&nbsp;C<\/td><\/tr><tr><td>3-&nbsp;C<\/td><td>14-&nbsp;C<\/td><td>25-&nbsp;A<\/td><td>36- D<\/td><\/tr><tr><td>4-&nbsp;E<\/td><td>15-&nbsp;C<\/td><td>26-&nbsp;C<\/td><td>37-&nbsp;A<\/td><\/tr><tr><td>5-&nbsp;C<\/td><td>16-&nbsp;D<\/td><td>27-&nbsp;C<\/td><td>38-&nbsp;E<\/td><\/tr><tr><td>6-&nbsp;A<\/td><td>17-&nbsp;A<\/td><td>28-&nbsp;D<\/td><td>39-&nbsp;B<\/td><\/tr><tr><td>7-&nbsp;B<\/td><td>18-&nbsp;D<\/td><td>29-&nbsp;B<\/td><td>40- C<\/td><\/tr><tr><td>8\u2013 C<\/td><td>19-&nbsp;B<\/td><td>30-&nbsp;C<\/td><td>41-&nbsp;C<\/td><\/tr><tr><td>9-&nbsp;A<\/td><td>20-&nbsp;A<\/td><td>31-&nbsp;D<\/td><td>42- E<\/td><\/tr><tr><td>10-&nbsp;D<\/td><td>21-&nbsp;A<\/td><td>32-&nbsp;E<\/td><td>43-&nbsp;B<\/td><\/tr><tr><td>11-&nbsp;B<\/td><td>22-&nbsp;A<\/td><td>33-&nbsp;B<\/td><td>44-&nbsp;D<\/td><\/tr><\/tbody><\/table><\/figure>\n\n\n\n<h2 class=\"wp-block-heading\"><span class=\"ez-toc-section\" id=\"Correcao-em-PDF-e-Mapa-de-Prova\"><\/span>Corre\u00e7\u00e3o em PDF e Mapa de Prova<span class=\"ez-toc-section-end\"><\/span><\/h2>\n\n\n\n<p>Al\u00e9m de fazer a corre\u00e7\u00e3o ao vivo da Prova EsPCEx 2023, os professores do Estrat\u00e9gia Militares tamb\u00e9m disponibilizam a resolu\u00e7\u00e3o passo a passo em PDF para voc\u00ea! Clique nos bot\u00f5es e baixe as corre\u00e7\u00f5es:<\/p>\n\n\n\n<div class=\"wp-block-buttons is-horizontal is-content-justification-center is-layout-flex wp-container-core-buttons-is-layout-3 wp-block-buttons-is-layout-flex\">\n<div class=\"wp-block-button is-style-outline is-style-outline--4\"><a class=\"wp-block-button__link has-electric-grass-gradient-background has-background wp-element-button\" href=\"https:\/\/militares.estrategia.com\/portal\/wp-content\/uploads\/2022\/09\/correcao-espcex-2023-literatura.pdf\" target=\"_blank\" >Corre\u00e7\u00e3o em PDF &#8211; Literatura<\/a><\/div>\n<\/div>\n\n\n\n<div class=\"wp-block-buttons is-horizontal is-content-justification-center is-layout-flex wp-container-core-buttons-is-layout-4 wp-block-buttons-is-layout-flex\">\n<div class=\"wp-block-button is-style-outline is-style-outline--5\"><a class=\"wp-block-button__link has-electric-grass-gradient-background has-background wp-element-button\" href=\"https:\/\/militares.estrategia.com\/portal\/wp-content\/uploads\/2022\/09\/Correcao-EsPCEx-2023.pdf\" target=\"_blank\" >Corre\u00e7\u00e3o em PDF &#8211; Geografia<\/a><\/div>\n<\/div>\n\n\n\n<p>Voc\u00ea sabia que os assuntos cobrados na \u00faltima prova EsPCEx estavam no material do Estrat\u00e9gia Militares? Isso mesmo! Nossos professores estudam cuidadosamente o Edital e as provas anteriores para&nbsp;<strong>prever o que ser\u00e1 cobrado nas pr\u00f3ximas avalia\u00e7\u00f5es.<\/strong><\/p>\n\n\n\n<p>No Mapa de Prova mostramos para voc\u00ea onde os assuntos cobrados na Prova EsPCEx 2023 podem ser encontrados em nossos cursos e simulados! Comprove voc\u00ea mesmo:<\/p>\n\n\n\n<div class=\"wp-block-buttons is-horizontal is-content-justification-center is-layout-flex wp-container-core-buttons-is-layout-5 wp-block-buttons-is-layout-flex\">\n<div class=\"wp-block-button is-style-outline is-style-outline--6\"><a class=\"wp-block-button__link has-electric-grass-gradient-background has-background wp-element-button\" href=\"https:\/\/militares.estrategia.com\/portal\/wp-content\/uploads\/2022\/09\/mapa-de-prova-espcex-2023-literatura.pdf\" target=\"_blank\" >Mapa de Prova &#8211; Literatura<\/a><\/div>\n<\/div>\n\n\n\n<div class=\"wp-block-buttons is-horizontal is-content-justification-center is-layout-flex wp-container-core-buttons-is-layout-6 wp-block-buttons-is-layout-flex\">\n<div class=\"wp-block-button is-style-outline is-style-outline--7\"><a class=\"wp-block-button__link has-electric-grass-gradient-background has-background wp-element-button\" href=\"https:\/\/militares.estrategia.com\/portal\/wp-content\/uploads\/2022\/09\/Mapa-de-Prova-EsPCEx-2023.pdf\" target=\"_blank\" >Mapa de Prova &#8211; Geografia<\/a><\/div>\n\n\n\n<div class=\"wp-block-button is-style-outline is-style-outline--8\"><a class=\"wp-block-button__link has-electric-grass-gradient-background has-background wp-element-button\" href=\"https:\/\/militares.estrategia.com\/portal\/wp-content\/uploads\/2022\/09\/Mapa-de-prova-espcex-2023-portugues.pdf\" target=\"_blank\" >Mapa de Prova &#8211; Portugu\u00eas<\/a><\/div>\n\n\n\n<div class=\"wp-block-button is-style-outline is-style-outline--9\"><a class=\"wp-block-button__link has-electric-grass-gradient-background has-background wp-element-button\" href=\"https:\/\/militares.estrategia.com\/portal\/wp-content\/uploads\/2022\/09\/Mapa-da-Prova-EsPCEx-2023.pdf\" target=\"_blank\" >Mapa da Prova &#8211; Ingl\u00eas<\/a><\/div>\n<\/div>\n\n\n\n<h2 class=\"wp-block-heading\"><span class=\"ez-toc-section\" id=\"Correcao-ao-vivo-no-YouTube\"><\/span>Corre\u00e7\u00e3o ao vivo no YouTube<span class=\"ez-toc-section-end\"><\/span><\/h2>\n\n\n\n<p>Veja a corre\u00e7\u00e3o do primeiro dia da Prova EsPCEx 2023: <\/p>\n\n\n\n<figure class=\"wp-block-embed is-type-video is-provider-youtube wp-block-embed-youtube wp-embed-aspect-16-9 wp-has-aspect-ratio\"><div class=\"wp-block-embed__wrapper\">\n<div class=\"cs-embed cs-embed-responsive\"><iframe title=\"Gabarito EsPCEx 2023 - 1\u00ba dia - Corre\u00e7\u00e3o de Prova Ao Vivo\" width=\"1200\" height=\"675\" src=\"https:\/\/www.youtube.com\/embed\/h1XQqYRBdX8?feature=oembed\" frameborder=\"0\" allow=\"accelerometer; autoplay; clipboard-write; encrypted-media; gyroscope; picture-in-picture\" allowfullscreen><\/iframe><\/div>\n<\/div><\/figure>\n\n\n\n<p>Veja a corre\u00e7\u00e3o do segundo dia da Prova EsPCEx 2023: <\/p>\n\n\n\n<figure class=\"wp-block-embed is-type-video is-provider-youtube wp-block-embed-youtube wp-embed-aspect-16-9 wp-has-aspect-ratio\"><div class=\"wp-block-embed__wrapper\">\n<div class=\"cs-embed cs-embed-responsive\"><iframe title=\"Gabarito EsPCEx 2023 - 2\u00ba dia - Corre\u00e7\u00e3o de Prova Ao Vivo\" width=\"1200\" height=\"675\" src=\"https:\/\/www.youtube.com\/embed\/_V2Lj8FxmiQ?feature=oembed\" frameborder=\"0\" allow=\"accelerometer; autoplay; clipboard-write; encrypted-media; gyroscope; picture-in-picture\" allowfullscreen><\/iframe><\/div>\n<\/div><\/figure>\n\n\n\n<h2 class=\"wp-block-heading\" id=\"h-gabarito-espcex-exame-intelectual\"><span class=\"ez-toc-section\" id=\"Gabarito-EsPCEx-Exame-Intelectual\"><\/span>Gabarito EsPCEx: Exame Intelectual<span class=\"ez-toc-section-end\"><\/span><\/h2>\n\n\n\n<p>A primeira fase do Concurso EsPCEx \u00e9 composta pelo Exame Intelectual. A prova \u00e9 realizada em dois dias consecutivos e aplicadas a todos os candidatos inscritos. O candidato que faltar no primeiro dia n\u00e3o pode realizar a prova do segundo dia.<\/p>\n\n\n\n<p>No primeiro dia da Prova EsPCEx 2022, al\u00e9m de escrever uma Reda\u00e7\u00e3o, os candidatos resolvem:<\/p>\n\n\n\n<ul class=\"wp-block-list\">\n<li>20 quest\u00f5es de Portugu\u00eas;<\/li>\n\n\n\n<li>12 quest\u00f5es de F\u00edsica; e<\/li>\n\n\n\n<li>12 quest\u00f5es de Qu\u00edmica.<\/li>\n<\/ul>\n\n\n\n<p>J\u00e1 no segundo dia da prova EsPCEx 2022, os candidatos fazem:<\/p>\n\n\n\n<ul class=\"wp-block-list\">\n<li>20 quest\u00f5es de Matem\u00e1tica;<\/li>\n\n\n\n<li>12 quest\u00f5es de Geografia;<\/li>\n\n\n\n<li>12 quest\u00f5es de Hist\u00f3ria; e<\/li>\n\n\n\n<li>12 quest\u00f5es de Ingl\u00eas.<\/li>\n<\/ul>\n\n\n\n<p>Nos dois dias de prova, os candidatos t\u00eam 4 horas e 30 minutos para resolver as quest\u00f5es e escrever a reda\u00e7\u00e3o. Fique atento \u00e0s normas de vestimenta descritas no Edital, caso contr\u00e1rio, voc\u00ea pode ser impedido de realizar a prova.<\/p>\n\n\n\n<p>Os candidatos podem sair com a prova no fim da aplica\u00e7\u00e3o e o Estrat\u00e9gia Militares far\u00e1 a corre\u00e7\u00e3o ao vivo logo em seguida em cada um dos dias do Exame Intelectual, <a href=\"https:\/\/www.youtube.com\/c\/Estrat%C3%A9giaMilitar\" target=\"_blank\" >em nosso canal no YouTube.<\/a><\/p>\n\n\n\n<h2 class=\"wp-block-heading\" id=\"h-no-dia-da-prova\"><span class=\"ez-toc-section\" id=\"No-dia-da-prova\"><\/span>No dia da prova<span class=\"ez-toc-section-end\"><\/span><\/h2>\n\n\n\n<p>No dia do Exame Intelectual, os candidatos n\u00e3o podem:<\/p>\n\n\n\n<ul class=\"wp-block-list\">\n<li>Fumar no local da prova;<\/li>\n\n\n\n<li>Consultar qualquer material;<\/li>\n\n\n\n<li>Portar armas;<\/li>\n\n\n\n<li>Levar equipamentos eletr\u00f4nicos;<\/li>\n\n\n\n<li>Usar \u00f3culos escuros;<\/li>\n\n\n\n<li>Cobrir orelhas e parte superior da cabe\u00e7a;<\/li>\n\n\n\n<li>Fazer uso de cachec\u00f3is;<\/li>\n\n\n\n<li>Usar piercings e\/ou brincos; e<\/li>\n\n\n\n<li>Usar bolsas.<\/li>\n<\/ul>\n\n\n\n<p>Al\u00e9m disso, o empr\u00e9stimo de materiais est\u00e1 proibido, por isso o candidato precisa estar atento aos materiais que podem levar:<\/p>\n\n\n\n<ul class=\"wp-block-list\">\n<li>L\u00e1pis;<\/li>\n\n\n\n<li>Borracha;<\/li>\n\n\n\n<li>R\u00e9gua transparente;<\/li>\n\n\n\n<li>Prancheta;<\/li>\n\n\n\n<li>Canetas esferogr\u00e1ficas de tinta preta ou azul;<\/li>\n\n\n\n<li>Bebidas n\u00e3o alco\u00f3licas; e<\/li>\n\n\n\n<li>Alimentos para consumo em saco pl\u00e1stico transparente.<\/li>\n<\/ul>\n\n\n\n<p>Ainda d\u00e1 tempo de estudar para a Prova EsPCEx 2023! Aproveite o Banco de Quest\u00f5es do Estrat\u00e9gia Militares que conta com milhares de quest\u00f5es, a maioria delas j\u00e1 comentadas por nossos professores! S\u00f3 da EsPCEx, s\u00e3o mais de 2.800 quest\u00f5es! Vai ficar de fora? Clique no banner abaixo e assine o Banco de Quest\u00f5es!<\/p>\n\n\n\n<p><\/p>\n\n\n\n<p><\/p>\n\n\n\n\n","protected":false},"excerpt":{"rendered":"A primeira fase do Concurso EsPCEx 2022 aconteceu nos dias 17 e 18 de setembro. Como manda a&hellip;\n","protected":false},"author":18,"featured_media":47703,"comment_status":"closed","ping_status":"closed","sticky":false,"template":"","format":"standard","meta":{"wl_entities_gutenberg":"","footnotes":""},"categories":[245],"tags":[],"wl_entity_type":[187],"class_list":{"0":"post-58831","1":"post","2":"type-post","3":"status-publish","4":"format-standard","5":"has-post-thumbnail","7":"category-gabaritos","8":"wl_entity_type-article"},"acf":[],"yoast_head":"<!-- This site is optimized with the Yoast SEO Premium plugin v26.6 (Yoast SEO v26.6) - https:\/\/yoast.com\/wordpress\/plugins\/seo\/ -->\n<title>Gabarito EsPCEx 2023: confira o gabarito final e a corre\u00e7\u00e3o ao vivo!<\/title>\n<meta name=\"description\" content=\"A primeira fase do Concurso 2022 acontece nos dias 17 e 18 de setembro. O Estrat\u00e9gia Militares far\u00e1 a corre\u00e7\u00e3o ao vivo do Gabarito EsPCEx.\" \/>\n<meta name=\"robots\" content=\"index, follow, max-snippet:-1, max-image-preview:large, max-video-preview:-1\" \/>\n<link rel=\"canonical\" href=\"https:\/\/militares.estrategia.com\/portal\/eventos\/gabaritos\/gabarito-espcex-ao-vivo\/\" \/>\n<meta property=\"og:locale\" content=\"pt_BR\" \/>\n<meta property=\"og:type\" content=\"article\" \/>\n<meta property=\"og:title\" content=\"Gabarito EsPCEx 2023: confira o gabarito final e a corre\u00e7\u00e3o ao vivo!\" \/>\n<meta property=\"og:description\" content=\"A primeira fase do Concurso 2022 acontece nos dias 17 e 18 de setembro. O Estrat\u00e9gia Militares far\u00e1 a corre\u00e7\u00e3o ao vivo do Gabarito EsPCEx.\" \/>\n<meta property=\"og:url\" content=\"https:\/\/militares.estrategia.com\/portal\/eventos\/gabaritos\/gabarito-espcex-ao-vivo\/\" \/>\n<meta property=\"og:site_name\" content=\"Estrat\u00e9gia Militares\" \/>\n<meta property=\"article:publisher\" content=\"https:\/\/www.facebook.com\/EstrategiaMilitares\" \/>\n<meta property=\"article:published_time\" content=\"2022-09-16T13:00:00+00:00\" \/>\n<meta property=\"article:modified_time\" content=\"2023-08-08T21:43:04+00:00\" \/>\n<meta property=\"og:image\" content=\"https:\/\/cdn.blog.estrategiavestibulares.com.br\/vestibulares\/wp-content\/uploads\/2021\/09\/EM_CapaBlog_Gab.EsPCEx.jpg\" \/>\n\t<meta property=\"og:image:width\" content=\"750\" \/>\n\t<meta property=\"og:image:height\" content=\"420\" \/>\n\t<meta property=\"og:image:type\" content=\"image\/jpeg\" \/>\n<meta name=\"author\" content=\"Pedro Alcantara\" \/>\n<meta name=\"twitter:card\" content=\"summary_large_image\" \/>\n<meta name=\"twitter:creator\" content=\"@estrategiamilit\" \/>\n<meta name=\"twitter:site\" content=\"@estrategiamilit\" \/>\n<meta name=\"twitter:label1\" content=\"Escrito por\" \/>\n\t<meta name=\"twitter:data1\" content=\"Pedro Alcantara\" \/>\n\t<meta name=\"twitter:label2\" content=\"Est. tempo de leitura\" \/>\n\t<meta name=\"twitter:data2\" content=\"7 minutos\" \/>\n<script type=\"application\/ld+json\" class=\"yoast-schema-graph\">{\"@context\":\"https:\/\/schema.org\",\"@graph\":[{\"@type\":\"Article\",\"@id\":\"https:\/\/militares.estrategia.com\/portal\/eventos\/gabaritos\/gabarito-espcex-ao-vivo\/#article\",\"isPartOf\":{\"@id\":\"https:\/\/militares.estrategia.com\/portal\/eventos\/gabaritos\/gabarito-espcex-ao-vivo\/\"},\"author\":{\"name\":\"Pedro Alcantara\",\"@id\":\"https:\/\/militares.estrategia.com\/portal\/#\/schema\/person\/d52a8bb9d3a4693ffcfbe862dc250f79\"},\"headline\":\"Gabarito EsPCEx 2023: confira o gabarito final e a corre\u00e7\u00e3o ao vivo!\",\"datePublished\":\"2022-09-16T13:00:00+00:00\",\"dateModified\":\"2023-08-08T21:43:04+00:00\",\"mainEntityOfPage\":{\"@id\":\"https:\/\/militares.estrategia.com\/portal\/eventos\/gabaritos\/gabarito-espcex-ao-vivo\/\"},\"wordCount\":1410,\"publisher\":{\"@id\":\"https:\/\/militares.estrategia.com\/portal\/#organization\"},\"image\":{\"@id\":\"https:\/\/militares.estrategia.com\/portal\/eventos\/gabaritos\/gabarito-espcex-ao-vivo\/#primaryimage\"},\"thumbnailUrl\":\"https:\/\/militares.estrategia.com\/portal\/wp-content\/uploads\/2021\/09\/EM_CapaBlog_Gab.EsPCEx.jpg\",\"articleSection\":[\"Gabaritos\"],\"inLanguage\":\"pt-BR\"},{\"@type\":\"WebPage\",\"@id\":\"https:\/\/militares.estrategia.com\/portal\/eventos\/gabaritos\/gabarito-espcex-ao-vivo\/\",\"url\":\"https:\/\/militares.estrategia.com\/portal\/eventos\/gabaritos\/gabarito-espcex-ao-vivo\/\",\"name\":\"Gabarito EsPCEx 2023: confira o gabarito final e a corre\u00e7\u00e3o ao vivo!\",\"isPartOf\":{\"@id\":\"https:\/\/militares.estrategia.com\/portal\/#website\"},\"primaryImageOfPage\":{\"@id\":\"https:\/\/militares.estrategia.com\/portal\/eventos\/gabaritos\/gabarito-espcex-ao-vivo\/#primaryimage\"},\"image\":{\"@id\":\"https:\/\/militares.estrategia.com\/portal\/eventos\/gabaritos\/gabarito-espcex-ao-vivo\/#primaryimage\"},\"thumbnailUrl\":\"https:\/\/militares.estrategia.com\/portal\/wp-content\/uploads\/2021\/09\/EM_CapaBlog_Gab.EsPCEx.jpg\",\"datePublished\":\"2022-09-16T13:00:00+00:00\",\"dateModified\":\"2023-08-08T21:43:04+00:00\",\"description\":\"A primeira fase do Concurso 2022 acontece nos dias 17 e 18 de setembro. O Estrat\u00e9gia Militares far\u00e1 a corre\u00e7\u00e3o ao vivo do Gabarito EsPCEx.\",\"breadcrumb\":{\"@id\":\"https:\/\/militares.estrategia.com\/portal\/eventos\/gabaritos\/gabarito-espcex-ao-vivo\/#breadcrumb\"},\"inLanguage\":\"pt-BR\",\"potentialAction\":[{\"@type\":\"ReadAction\",\"target\":[\"https:\/\/militares.estrategia.com\/portal\/eventos\/gabaritos\/gabarito-espcex-ao-vivo\/\"]}]},{\"@type\":\"ImageObject\",\"inLanguage\":\"pt-BR\",\"@id\":\"https:\/\/militares.estrategia.com\/portal\/eventos\/gabaritos\/gabarito-espcex-ao-vivo\/#primaryimage\",\"url\":\"https:\/\/militares.estrategia.com\/portal\/wp-content\/uploads\/2021\/09\/EM_CapaBlog_Gab.EsPCEx.jpg\",\"contentUrl\":\"https:\/\/militares.estrategia.com\/portal\/wp-content\/uploads\/2021\/09\/EM_CapaBlog_Gab.EsPCEx.jpg\",\"width\":750,\"height\":420,\"caption\":\"gabarito espcex 2022\"},{\"@type\":\"BreadcrumbList\",\"@id\":\"https:\/\/militares.estrategia.com\/portal\/eventos\/gabaritos\/gabarito-espcex-ao-vivo\/#breadcrumb\",\"itemListElement\":[{\"@type\":\"ListItem\",\"position\":1,\"name\":\"Home\",\"item\":\"https:\/\/militares.estrategia.com\/portal\/\"},{\"@type\":\"ListItem\",\"position\":2,\"name\":\"Eventos\",\"item\":\"https:\/\/militares.estrategia.com\/portal\/eventos\/\"},{\"@type\":\"ListItem\",\"position\":3,\"name\":\"Gabaritos\",\"item\":\"https:\/\/militares.estrategia.com\/portal\/eventos\/gabaritos\/\"},{\"@type\":\"ListItem\",\"position\":4,\"name\":\"Gabarito EsPCEx 2023: confira o gabarito final e a corre\u00e7\u00e3o ao vivo!\"}]},{\"@type\":\"WebSite\",\"@id\":\"https:\/\/militares.estrategia.com\/portal\/#website\",\"url\":\"https:\/\/militares.estrategia.com\/portal\/\",\"name\":\"Estrat\u00e9gia Militares\",\"description\":\"\",\"publisher\":{\"@id\":\"https:\/\/militares.estrategia.com\/portal\/#organization\"},\"potentialAction\":[{\"@type\":\"SearchAction\",\"target\":{\"@type\":\"EntryPoint\",\"urlTemplate\":\"https:\/\/militares.estrategia.com\/portal\/?s={search_term_string}\"},\"query-input\":{\"@type\":\"PropertyValueSpecification\",\"valueRequired\":true,\"valueName\":\"search_term_string\"}}],\"inLanguage\":\"pt-BR\"},{\"@type\":\"Organization\",\"@id\":\"https:\/\/militares.estrategia.com\/portal\/#organization\",\"name\":\"Estrat\u00e9gia Militares\",\"url\":\"https:\/\/militares.estrategia.com\/portal\/\",\"logo\":{\"@type\":\"ImageObject\",\"inLanguage\":\"pt-BR\",\"@id\":\"https:\/\/militares.estrategia.com\/portal\/#\/schema\/logo\/image\/\",\"url\":\"https:\/\/militares.estrategia.com\/portal\/wp-content\/uploads\/2021\/10\/logo-militares.webp\",\"contentUrl\":\"https:\/\/militares.estrategia.com\/portal\/wp-content\/uploads\/2021\/10\/logo-militares.webp\",\"width\":346,\"height\":90,\"caption\":\"Estrat\u00e9gia Militares\"},\"image\":{\"@id\":\"https:\/\/militares.estrategia.com\/portal\/#\/schema\/logo\/image\/\"},\"sameAs\":[\"https:\/\/www.facebook.com\/EstrategiaMilitares\",\"https:\/\/x.com\/estrategiamilit\",\"https:\/\/www.instagram.com\/estrategiamilitares\/\",\"https:\/\/www.youtube.com\/channel\/UCRG_9hakCqXxnj_8TqCdgTA\"]},{\"@type\":\"Person\",\"@id\":\"https:\/\/militares.estrategia.com\/portal\/#\/schema\/person\/d52a8bb9d3a4693ffcfbe862dc250f79\",\"name\":\"Pedro Alcantara\",\"image\":{\"@type\":\"ImageObject\",\"inLanguage\":\"pt-BR\",\"@id\":\"https:\/\/militares.estrategia.com\/portal\/#\/schema\/person\/image\/\",\"url\":\"https:\/\/secure.gravatar.com\/avatar\/2ff815c569bab8558bec32641d54e1af?s=96&d=mm&r=g\",\"contentUrl\":\"https:\/\/secure.gravatar.com\/avatar\/2ff815c569bab8558bec32641d54e1af?s=96&d=mm&r=g\",\"caption\":\"Pedro Alcantara\"},\"url\":\"https:\/\/militares.estrategia.com\/portal\/author\/pedro\/\"}]}<\/script>\n<!-- \/ Yoast SEO Premium plugin. -->","yoast_head_json":{"title":"Gabarito EsPCEx 2023: confira o gabarito final e a corre\u00e7\u00e3o ao vivo!","description":"A primeira fase do Concurso 2022 acontece nos dias 17 e 18 de setembro. O Estrat\u00e9gia Militares far\u00e1 a corre\u00e7\u00e3o ao vivo do Gabarito EsPCEx.","robots":{"index":"index","follow":"follow","max-snippet":"max-snippet:-1","max-image-preview":"max-image-preview:large","max-video-preview":"max-video-preview:-1"},"canonical":"https:\/\/militares.estrategia.com\/portal\/eventos\/gabaritos\/gabarito-espcex-ao-vivo\/","og_locale":"pt_BR","og_type":"article","og_title":"Gabarito EsPCEx 2023: confira o gabarito final e a corre\u00e7\u00e3o ao vivo!","og_description":"A primeira fase do Concurso 2022 acontece nos dias 17 e 18 de setembro. O Estrat\u00e9gia Militares far\u00e1 a corre\u00e7\u00e3o ao vivo do Gabarito EsPCEx.","og_url":"https:\/\/militares.estrategia.com\/portal\/eventos\/gabaritos\/gabarito-espcex-ao-vivo\/","og_site_name":"Estrat\u00e9gia Militares","article_publisher":"https:\/\/www.facebook.com\/EstrategiaMilitares","article_published_time":"2022-09-16T13:00:00+00:00","article_modified_time":"2023-08-08T21:43:04+00:00","og_image":[{"width":750,"height":420,"url":"https:\/\/cdn.blog.estrategiavestibulares.com.br\/vestibulares\/wp-content\/uploads\/2021\/09\/EM_CapaBlog_Gab.EsPCEx.jpg","type":"image\/jpeg"}],"author":"Pedro Alcantara","twitter_card":"summary_large_image","twitter_creator":"@estrategiamilit","twitter_site":"@estrategiamilit","twitter_misc":{"Escrito por":"Pedro Alcantara","Est. tempo de leitura":"7 minutos"},"schema":{"@context":"https:\/\/schema.org","@graph":[{"@type":"Article","@id":"https:\/\/militares.estrategia.com\/portal\/eventos\/gabaritos\/gabarito-espcex-ao-vivo\/#article","isPartOf":{"@id":"https:\/\/militares.estrategia.com\/portal\/eventos\/gabaritos\/gabarito-espcex-ao-vivo\/"},"author":{"name":"Pedro Alcantara","@id":"https:\/\/militares.estrategia.com\/portal\/#\/schema\/person\/d52a8bb9d3a4693ffcfbe862dc250f79"},"headline":"Gabarito EsPCEx 2023: confira o gabarito final e a corre\u00e7\u00e3o ao vivo!","datePublished":"2022-09-16T13:00:00+00:00","dateModified":"2023-08-08T21:43:04+00:00","mainEntityOfPage":{"@id":"https:\/\/militares.estrategia.com\/portal\/eventos\/gabaritos\/gabarito-espcex-ao-vivo\/"},"wordCount":1410,"publisher":{"@id":"https:\/\/militares.estrategia.com\/portal\/#organization"},"image":{"@id":"https:\/\/militares.estrategia.com\/portal\/eventos\/gabaritos\/gabarito-espcex-ao-vivo\/#primaryimage"},"thumbnailUrl":"https:\/\/militares.estrategia.com\/portal\/wp-content\/uploads\/2021\/09\/EM_CapaBlog_Gab.EsPCEx.jpg","articleSection":["Gabaritos"],"inLanguage":"pt-BR"},{"@type":"WebPage","@id":"https:\/\/militares.estrategia.com\/portal\/eventos\/gabaritos\/gabarito-espcex-ao-vivo\/","url":"https:\/\/militares.estrategia.com\/portal\/eventos\/gabaritos\/gabarito-espcex-ao-vivo\/","name":"Gabarito EsPCEx 2023: confira o gabarito final e a corre\u00e7\u00e3o ao vivo!","isPartOf":{"@id":"https:\/\/militares.estrategia.com\/portal\/#website"},"primaryImageOfPage":{"@id":"https:\/\/militares.estrategia.com\/portal\/eventos\/gabaritos\/gabarito-espcex-ao-vivo\/#primaryimage"},"image":{"@id":"https:\/\/militares.estrategia.com\/portal\/eventos\/gabaritos\/gabarito-espcex-ao-vivo\/#primaryimage"},"thumbnailUrl":"https:\/\/militares.estrategia.com\/portal\/wp-content\/uploads\/2021\/09\/EM_CapaBlog_Gab.EsPCEx.jpg","datePublished":"2022-09-16T13:00:00+00:00","dateModified":"2023-08-08T21:43:04+00:00","description":"A primeira fase do Concurso 2022 acontece nos dias 17 e 18 de setembro. O Estrat\u00e9gia Militares far\u00e1 a corre\u00e7\u00e3o ao vivo do Gabarito EsPCEx.","breadcrumb":{"@id":"https:\/\/militares.estrategia.com\/portal\/eventos\/gabaritos\/gabarito-espcex-ao-vivo\/#breadcrumb"},"inLanguage":"pt-BR","potentialAction":[{"@type":"ReadAction","target":["https:\/\/militares.estrategia.com\/portal\/eventos\/gabaritos\/gabarito-espcex-ao-vivo\/"]}]},{"@type":"ImageObject","inLanguage":"pt-BR","@id":"https:\/\/militares.estrategia.com\/portal\/eventos\/gabaritos\/gabarito-espcex-ao-vivo\/#primaryimage","url":"https:\/\/militares.estrategia.com\/portal\/wp-content\/uploads\/2021\/09\/EM_CapaBlog_Gab.EsPCEx.jpg","contentUrl":"https:\/\/militares.estrategia.com\/portal\/wp-content\/uploads\/2021\/09\/EM_CapaBlog_Gab.EsPCEx.jpg","width":750,"height":420,"caption":"gabarito espcex 2022"},{"@type":"BreadcrumbList","@id":"https:\/\/militares.estrategia.com\/portal\/eventos\/gabaritos\/gabarito-espcex-ao-vivo\/#breadcrumb","itemListElement":[{"@type":"ListItem","position":1,"name":"Home","item":"https:\/\/militares.estrategia.com\/portal\/"},{"@type":"ListItem","position":2,"name":"Eventos","item":"https:\/\/militares.estrategia.com\/portal\/eventos\/"},{"@type":"ListItem","position":3,"name":"Gabaritos","item":"https:\/\/militares.estrategia.com\/portal\/eventos\/gabaritos\/"},{"@type":"ListItem","position":4,"name":"Gabarito EsPCEx 2023: confira o gabarito final e a corre\u00e7\u00e3o ao vivo!"}]},{"@type":"WebSite","@id":"https:\/\/militares.estrategia.com\/portal\/#website","url":"https:\/\/militares.estrategia.com\/portal\/","name":"Estrat\u00e9gia Militares","description":"","publisher":{"@id":"https:\/\/militares.estrategia.com\/portal\/#organization"},"potentialAction":[{"@type":"SearchAction","target":{"@type":"EntryPoint","urlTemplate":"https:\/\/militares.estrategia.com\/portal\/?s={search_term_string}"},"query-input":{"@type":"PropertyValueSpecification","valueRequired":true,"valueName":"search_term_string"}}],"inLanguage":"pt-BR"},{"@type":"Organization","@id":"https:\/\/militares.estrategia.com\/portal\/#organization","name":"Estrat\u00e9gia Militares","url":"https:\/\/militares.estrategia.com\/portal\/","logo":{"@type":"ImageObject","inLanguage":"pt-BR","@id":"https:\/\/militares.estrategia.com\/portal\/#\/schema\/logo\/image\/","url":"https:\/\/militares.estrategia.com\/portal\/wp-content\/uploads\/2021\/10\/logo-militares.webp","contentUrl":"https:\/\/militares.estrategia.com\/portal\/wp-content\/uploads\/2021\/10\/logo-militares.webp","width":346,"height":90,"caption":"Estrat\u00e9gia Militares"},"image":{"@id":"https:\/\/militares.estrategia.com\/portal\/#\/schema\/logo\/image\/"},"sameAs":["https:\/\/www.facebook.com\/EstrategiaMilitares","https:\/\/x.com\/estrategiamilit","https:\/\/www.instagram.com\/estrategiamilitares\/","https:\/\/www.youtube.com\/channel\/UCRG_9hakCqXxnj_8TqCdgTA"]},{"@type":"Person","@id":"https:\/\/militares.estrategia.com\/portal\/#\/schema\/person\/d52a8bb9d3a4693ffcfbe862dc250f79","name":"Pedro Alcantara","image":{"@type":"ImageObject","inLanguage":"pt-BR","@id":"https:\/\/militares.estrategia.com\/portal\/#\/schema\/person\/image\/","url":"https:\/\/secure.gravatar.com\/avatar\/2ff815c569bab8558bec32641d54e1af?s=96&d=mm&r=g","contentUrl":"https:\/\/secure.gravatar.com\/avatar\/2ff815c569bab8558bec32641d54e1af?s=96&d=mm&r=g","caption":"Pedro Alcantara"},"url":"https:\/\/militares.estrategia.com\/portal\/author\/pedro\/"}]}},"_wl_alt_label":[],"wl:entity_url":"https:\/\/data.wordlift.io\/wl110246\/post\/gabarito-espcex-2023-confira-a-correcao-ao-vivo-58831","_links":{"self":[{"href":"https:\/\/militares.estrategia.com\/portal\/wp-json\/wp\/v2\/posts\/58831","targetHints":{"allow":["GET"]}}],"collection":[{"href":"https:\/\/militares.estrategia.com\/portal\/wp-json\/wp\/v2\/posts"}],"about":[{"href":"https:\/\/militares.estrategia.com\/portal\/wp-json\/wp\/v2\/types\/post"}],"author":[{"embeddable":true,"href":"https:\/\/militares.estrategia.com\/portal\/wp-json\/wp\/v2\/users\/18"}],"replies":[{"embeddable":true,"href":"https:\/\/militares.estrategia.com\/portal\/wp-json\/wp\/v2\/comments?post=58831"}],"version-history":[{"count":51,"href":"https:\/\/militares.estrategia.com\/portal\/wp-json\/wp\/v2\/posts\/58831\/revisions"}],"predecessor-version":[{"id":69443,"href":"https:\/\/militares.estrategia.com\/portal\/wp-json\/wp\/v2\/posts\/58831\/revisions\/69443"}],"wp:featuredmedia":[{"embeddable":true,"href":"https:\/\/militares.estrategia.com\/portal\/wp-json\/wp\/v2\/media\/47703"}],"wp:attachment":[{"href":"https:\/\/militares.estrategia.com\/portal\/wp-json\/wp\/v2\/media?parent=58831"}],"wp:term":[{"taxonomy":"category","embeddable":true,"href":"https:\/\/militares.estrategia.com\/portal\/wp-json\/wp\/v2\/categories?post=58831"},{"taxonomy":"post_tag","embeddable":true,"href":"https:\/\/militares.estrategia.com\/portal\/wp-json\/wp\/v2\/tags?post=58831"},{"taxonomy":"wl_entity_type","embeddable":true,"href":"https:\/\/militares.estrategia.com\/portal\/wp-json\/wp\/v2\/wl_entity_type?post=58831"}],"curies":[{"name":"wp","href":"https:\/\/api.w.org\/{rel}","templated":true}]}}