{"id":58518,"date":"2022-08-31T10:18:44","date_gmt":"2022-08-31T13:18:44","guid":{"rendered":"https:\/\/militares.estrategia.com\/portal\/?p=58518"},"modified":"2022-09-01T15:43:43","modified_gmt":"2022-09-01T18:43:43","slug":"eear-2023-2-inscricoes-deferidas-sao-divulgadas","status":"publish","type":"post","link":"https:\/\/militares.estrategia.com\/portal\/noticias\/eear-2023-2-inscricoes-deferidas-sao-divulgadas\/","title":{"rendered":"EEAR 2023.2: inscri\u00e7\u00f5es deferidas s\u00e3o divulgadas"},"content":{"rendered":"\n<p>A Escola de Especialistas de Aeron\u00e1utica (EEAR) divulgou hoje, dia 1 de setembro, a rela\u00e7\u00e3o nominal de candidatos que tiveram suas inscri\u00e7\u00f5es deferidas em seu Concurso 2022.3. Confira com o Estrat\u00e9gia Militares!<\/p>\n\n\n\n<p>Para consultar as listas, clique nos bot\u00f5es abaixo:<\/p>\n\n\n\n<div class=\"wp-block-buttons is-content-justification-center is-layout-flex wp-block-buttons-is-layout-flex\">\n<div class=\"wp-block-button is-style-outline is-style-outline--1\"><a class=\"wp-block-button__link has-black-color has-vivid-green-cyan-background-color has-text-color has-background\" href=\"https:\/\/militares.estrategia.com\/portal\/wp-content\/uploads\/2022\/09\/cfs_2_2023_relacao_deferidos_sp_cg_sj_assinado_01-09-2022-11-24-25.pdf\" target=\"_blank\" >S\u00e3o Paulo\/SP &#8211; Campo Grande\/MT &#8211; SJC\/SP<\/a><\/div>\n\n\n\n<div class=\"wp-block-button is-style-outline is-style-outline--2\"><a class=\"wp-block-button__link has-vivid-green-cyan-background-color has-background\" href=\"https:\/\/militares.estrategia.com\/portal\/wp-content\/uploads\/2022\/09\/cfs_2_2023_relacao_deferidos_rs_sm_ct_assinado_01-09-2022-11-27-10.pdf\" target=\"_blank\" >RS &#8211; Santa Maria &#8211; Curitiba<\/a><\/div>\n\n\n\n<div class=\"wp-block-button is-style-outline is-style-outline--3\"><a class=\"wp-block-button__link has-vivid-green-cyan-background-color has-background\" href=\"https:\/\/militares.estrategia.com\/portal\/wp-content\/uploads\/2022\/09\/cfs_2_2023_relacao_deferidos_rn_rf_assinado_01-09-2022-11-28-35.pdf\" target=\"_blank\" >Rio Grande do Norte &#8211; Recife<\/a><\/div>\n\n\n\n<div class=\"wp-block-button is-style-outline is-style-outline--4\"><a class=\"wp-block-button__link has-vivid-green-cyan-background-color has-background\" href=\"https:\/\/militares.estrategia.com\/portal\/wp-content\/uploads\/2022\/09\/cfs_2_2023_relacao_deferidos_mn_pv_bv_assinado_01-09-2022-11-32-39.pdf\" target=\"_blank\" >Manaus &#8211; Porto Velho &#8211; Boa Vista<\/a><\/div>\n\n\n\n<div class=\"wp-block-button is-style-outline is-style-outline--5\"><a class=\"wp-block-button__link has-vivid-green-cyan-background-color has-background\" href=\"https:\/\/militares.estrategia.com\/portal\/wp-content\/uploads\/2022\/09\/cfs_2_2023_relacao_deferidos_ls_assinado_01-09-2022-11-33-08.pdf\" target=\"_blank\" >Lagoa Santa &#8211; MG<\/a><\/div>\n\n\n\n<div class=\"wp-block-button is-style-outline is-style-outline--6\"><a class=\"wp-block-button__link has-vivid-green-cyan-background-color has-background\" href=\"https:\/\/militares.estrategia.com\/portal\/wp-content\/uploads\/2022\/09\/cfs_2_2023_relacao_deferidos_br_assinado_01-09-2022-11-33-36.pdf\" target=\"_blank\" >Bras\u00edlia &#8211; DF<\/a><\/div>\n\n\n\n<div class=\"wp-block-button is-style-outline is-style-outline--7\"><a class=\"wp-block-button__link has-vivid-green-cyan-background-color has-background\" href=\"https:\/\/militares.estrategia.com\/portal\/wp-content\/uploads\/2022\/09\/cfs_2_2023_relacao_deferidos_be_ma_assinado_01-09-2022-11-35-19.pdf\" target=\"_blank\" >Bel\u00e9m-PA \/ Alc\u00e2ntara-MA<\/a><\/div>\n\n\n\n<div class=\"wp-block-button is-style-outline is-style-outline--8\"><a class=\"wp-block-button__link has-vivid-green-cyan-background-color has-background\" href=\"https:\/\/militares.estrategia.com\/portal\/wp-content\/uploads\/2022\/09\/cfs_2_2023_relacao_deferidos_rj_assinado_01-09-2022-11-32-39.pdf\" target=\"_blank\" >Rio de Janeiro-RJ<\/a><\/div>\n<\/div>\n\n\n\n<p>A Prova est\u00e1 prevista para acontecer no dia 6 de novembro de 2022. A segunda edi\u00e7\u00e3o do seletivo conta com 225 vagas, sendo 180 para ampla concorr\u00eancia e 45 reservadas para candidatos negros ou pardos. Mais informa\u00e7\u00f5es voc\u00ea encontra no <a href=\"https:\/\/militares.estrategia.com\/portal\/escolas-militares\/fab\/eear\/edital-eear-20232-foi-divulgado\/\" target=\"_blank\" >edital da EEAR<\/a>.<\/p>\n\n\n\n<h2 class=\"wp-block-heading\" id=\"h-calendario-eear-2023-2\">Calend\u00e1rio EEAR 2023.2<\/h2>\n\n\n\n<ul class=\"wp-block-list\"><li>Per\u00edodo de Inscri\u00e7\u00f5es e pedido de isen\u00e7\u00e3o: 26 de julho a 19 de agosto de 2022;<\/li><li>Cart\u00e3o de inscri\u00e7\u00e3o e local de prova: 24 de outubro de 2022;<\/li><li>Provas Escritas: 06 de novembro de 2022;<\/li><li>Resultado das Provas Escritas: 19 de dezembro de 2022;<\/li><li>INSPSAU e EAP: 31 de janeiro a 17 de fevereiro de 2023;<\/li><li>TACF: 10 a 14 de abril de 2023; e<\/li><li>Concentra\u00e7\u00e3o Final: 25 de junho de 2023.<\/li><\/ul>\n\n\n\n<p>As Provas Escritas est\u00e3o previstas para o dia 6 de novembro de 2022. Os alunos ter\u00e3o 4 horas e 20 minutos para resolver a prova objetiva com 96 quest\u00f5es. As quest\u00f5es do exame ser\u00e3o divididas entre as seguintes \u00e1reas:<\/p>\n\n\n\n<ul class=\"wp-block-list\"><li>L\u00edngua Portuguesa;<\/li><li>L\u00edngua Inglesa;<\/li><li>Matem\u00e1tica; e<\/li><li>F\u00edsica.<\/li><\/ul>\n\n\n\n<p>Para os candidatos que optaram pelas especialidades Aeronavegantes e N\u00e3o-Aeronavegantes (OPC 1, OPC 2 e OPC 3), a prova de L\u00edngua Inglesa corresponde ao n\u00edvel b\u00e1sico. J\u00e1 para os candidatos que optaram pela especialidade Controle de Tr\u00e1fego A\u00e9reo (BCT), a prova de L\u00edngua Inglesa corresponde ao n\u00edvel intermedi\u00e1rio.<\/p>\n\n\n\n<p>Quer se preparar para o Concurso EEAR 2023.2? Agora que voc\u00ea j\u00e1 tem o Edital EEAR 2023.2, n\u00e3o perca tempo e assine os cursos on-line do Estrat\u00e9gia Militares, l\u00edder no que vale: classifica\u00e7\u00e3o! Clique no banner e saiba mais!<\/p>\n\n\n\n<p><\/p>\n\n\n","protected":false},"excerpt":{"rendered":"A Escola de Especialistas de Aeron\u00e1utica (EEAR) divulgou hoje, dia 1 de setembro, a rela\u00e7\u00e3o nominal de candidatos&hellip;\n","protected":false},"author":18,"featured_media":58087,"comment_status":"closed","ping_status":"closed","sticky":false,"template":"","format":"standard","meta":{"wl_entities_gutenberg":"","footnotes":""},"categories":[36],"tags":[],"wl_entity_type":[187],"class_list":{"0":"post-58518","1":"post","2":"type-post","3":"status-publish","4":"format-standard","5":"has-post-thumbnail","7":"category-noticias","8":"wl_entity_type-article"},"acf":[],"yoast_head":"<!-- This site is optimized with the Yoast SEO Premium plugin v26.6 (Yoast SEO v26.6) - https:\/\/yoast.com\/wordpress\/plugins\/seo\/ -->\n<title>EEAR 2023.2: inscri\u00e7\u00f5es deferidas divulgadas - Estrat\u00e9gia Militares<\/title>\n<meta name=\"description\" content=\"A EEAR divulgou hoje, dia X de setembro, a rela\u00e7\u00e3o nominal de candidatos que tiveram suas inscri\u00e7\u00f5es deferidas\" \/>\n<meta name=\"robots\" content=\"index, follow, max-snippet:-1, max-image-preview:large, max-video-preview:-1\" \/>\n<link rel=\"canonical\" href=\"https:\/\/militares.estrategia.com\/portal\/noticias\/eear-2023-2-inscricoes-deferidas-sao-divulgadas\/\" \/>\n<meta property=\"og:locale\" content=\"pt_BR\" \/>\n<meta property=\"og:type\" content=\"article\" \/>\n<meta property=\"og:title\" content=\"EEAR 2023.2: inscri\u00e7\u00f5es deferidas s\u00e3o divulgadas\" \/>\n<meta property=\"og:description\" content=\"A EEAR divulgou hoje, dia X de setembro, a rela\u00e7\u00e3o nominal de candidatos que tiveram suas inscri\u00e7\u00f5es deferidas\" \/>\n<meta property=\"og:url\" content=\"https:\/\/militares.estrategia.com\/portal\/noticias\/eear-2023-2-inscricoes-deferidas-sao-divulgadas\/\" \/>\n<meta property=\"og:site_name\" content=\"Estrat\u00e9gia Militares\" \/>\n<meta property=\"article:publisher\" content=\"https:\/\/www.facebook.com\/EstrategiaMilitares\" \/>\n<meta property=\"article:published_time\" content=\"2022-08-31T13:18:44+00:00\" \/>\n<meta property=\"article:modified_time\" content=\"2022-09-01T18:43:43+00:00\" \/>\n<meta property=\"og:image\" content=\"https:\/\/cdn.blog.estrategiavestibulares.com.br\/vestibulares\/wp-content\/uploads\/2022\/08\/Capa_BLOG_EEAR.jpg\" \/>\n\t<meta property=\"og:image:width\" content=\"1200\" \/>\n\t<meta property=\"og:image:height\" content=\"676\" \/>\n\t<meta property=\"og:image:type\" content=\"image\/jpeg\" \/>\n<meta name=\"author\" content=\"Pedro Alcantara\" \/>\n<meta name=\"twitter:card\" content=\"summary_large_image\" \/>\n<meta name=\"twitter:creator\" content=\"@estrategiamilit\" \/>\n<meta name=\"twitter:site\" content=\"@estrategiamilit\" \/>\n<meta name=\"twitter:label1\" content=\"Escrito por\" \/>\n\t<meta name=\"twitter:data1\" content=\"Pedro Alcantara\" \/>\n\t<meta name=\"twitter:label2\" content=\"Est. tempo de leitura\" \/>\n\t<meta name=\"twitter:data2\" content=\"2 minutos\" \/>\n<script type=\"application\/ld+json\" class=\"yoast-schema-graph\">{\"@context\":\"https:\/\/schema.org\",\"@graph\":[{\"@type\":\"Article\",\"@id\":\"https:\/\/militares.estrategia.com\/portal\/noticias\/eear-2023-2-inscricoes-deferidas-sao-divulgadas\/#article\",\"isPartOf\":{\"@id\":\"https:\/\/militares.estrategia.com\/portal\/noticias\/eear-2023-2-inscricoes-deferidas-sao-divulgadas\/\"},\"author\":{\"name\":\"Pedro Alcantara\",\"@id\":\"https:\/\/militares.estrategia.com\/portal\/#\/schema\/person\/d52a8bb9d3a4693ffcfbe862dc250f79\"},\"headline\":\"EEAR 2023.2: inscri\u00e7\u00f5es deferidas s\u00e3o divulgadas\",\"datePublished\":\"2022-08-31T13:18:44+00:00\",\"dateModified\":\"2022-09-01T18:43:43+00:00\",\"mainEntityOfPage\":{\"@id\":\"https:\/\/militares.estrategia.com\/portal\/noticias\/eear-2023-2-inscricoes-deferidas-sao-divulgadas\/\"},\"wordCount\":345,\"publisher\":{\"@id\":\"https:\/\/militares.estrategia.com\/portal\/#organization\"},\"image\":{\"@id\":\"https:\/\/militares.estrategia.com\/portal\/noticias\/eear-2023-2-inscricoes-deferidas-sao-divulgadas\/#primaryimage\"},\"thumbnailUrl\":\"https:\/\/militares.estrategia.com\/portal\/wp-content\/uploads\/2022\/08\/Capa_BLOG_EEAR.jpg\",\"articleSection\":[\"Not\u00edcias\"],\"inLanguage\":\"pt-BR\"},{\"@type\":\"WebPage\",\"@id\":\"https:\/\/militares.estrategia.com\/portal\/noticias\/eear-2023-2-inscricoes-deferidas-sao-divulgadas\/\",\"url\":\"https:\/\/militares.estrategia.com\/portal\/noticias\/eear-2023-2-inscricoes-deferidas-sao-divulgadas\/\",\"name\":\"EEAR 2023.2: inscri\u00e7\u00f5es deferidas divulgadas - Estrat\u00e9gia Militares\",\"isPartOf\":{\"@id\":\"https:\/\/militares.estrategia.com\/portal\/#website\"},\"primaryImageOfPage\":{\"@id\":\"https:\/\/militares.estrategia.com\/portal\/noticias\/eear-2023-2-inscricoes-deferidas-sao-divulgadas\/#primaryimage\"},\"image\":{\"@id\":\"https:\/\/militares.estrategia.com\/portal\/noticias\/eear-2023-2-inscricoes-deferidas-sao-divulgadas\/#primaryimage\"},\"thumbnailUrl\":\"https:\/\/militares.estrategia.com\/portal\/wp-content\/uploads\/2022\/08\/Capa_BLOG_EEAR.jpg\",\"datePublished\":\"2022-08-31T13:18:44+00:00\",\"dateModified\":\"2022-09-01T18:43:43+00:00\",\"description\":\"A EEAR divulgou hoje, dia X de setembro, a rela\u00e7\u00e3o nominal de candidatos que tiveram suas inscri\u00e7\u00f5es deferidas\",\"breadcrumb\":{\"@id\":\"https:\/\/militares.estrategia.com\/portal\/noticias\/eear-2023-2-inscricoes-deferidas-sao-divulgadas\/#breadcrumb\"},\"inLanguage\":\"pt-BR\",\"potentialAction\":[{\"@type\":\"ReadAction\",\"target\":[\"https:\/\/militares.estrategia.com\/portal\/noticias\/eear-2023-2-inscricoes-deferidas-sao-divulgadas\/\"]}]},{\"@type\":\"ImageObject\",\"inLanguage\":\"pt-BR\",\"@id\":\"https:\/\/militares.estrategia.com\/portal\/noticias\/eear-2023-2-inscricoes-deferidas-sao-divulgadas\/#primaryimage\",\"url\":\"https:\/\/militares.estrategia.com\/portal\/wp-content\/uploads\/2022\/08\/Capa_BLOG_EEAR.jpg\",\"contentUrl\":\"https:\/\/militares.estrategia.com\/portal\/wp-content\/uploads\/2022\/08\/Capa_BLOG_EEAR.jpg\",\"width\":1200,\"height\":676,\"caption\":\"eear\"},{\"@type\":\"BreadcrumbList\",\"@id\":\"https:\/\/militares.estrategia.com\/portal\/noticias\/eear-2023-2-inscricoes-deferidas-sao-divulgadas\/#breadcrumb\",\"itemListElement\":[{\"@type\":\"ListItem\",\"position\":1,\"name\":\"Home\",\"item\":\"https:\/\/militares.estrategia.com\/portal\/\"},{\"@type\":\"ListItem\",\"position\":2,\"name\":\"Not\u00edcias\",\"item\":\"https:\/\/militares.estrategia.com\/portal\/noticias\/\"},{\"@type\":\"ListItem\",\"position\":3,\"name\":\"EEAR 2023.2: inscri\u00e7\u00f5es deferidas s\u00e3o divulgadas\"}]},{\"@type\":\"WebSite\",\"@id\":\"https:\/\/militares.estrategia.com\/portal\/#website\",\"url\":\"https:\/\/militares.estrategia.com\/portal\/\",\"name\":\"Estrat\u00e9gia Militares\",\"description\":\"\",\"publisher\":{\"@id\":\"https:\/\/militares.estrategia.com\/portal\/#organization\"},\"potentialAction\":[{\"@type\":\"SearchAction\",\"target\":{\"@type\":\"EntryPoint\",\"urlTemplate\":\"https:\/\/militares.estrategia.com\/portal\/?s={search_term_string}\"},\"query-input\":{\"@type\":\"PropertyValueSpecification\",\"valueRequired\":true,\"valueName\":\"search_term_string\"}}],\"inLanguage\":\"pt-BR\"},{\"@type\":\"Organization\",\"@id\":\"https:\/\/militares.estrategia.com\/portal\/#organization\",\"name\":\"Estrat\u00e9gia Militares\",\"url\":\"https:\/\/militares.estrategia.com\/portal\/\",\"logo\":{\"@type\":\"ImageObject\",\"inLanguage\":\"pt-BR\",\"@id\":\"https:\/\/militares.estrategia.com\/portal\/#\/schema\/logo\/image\/\",\"url\":\"https:\/\/militares.estrategia.com\/portal\/wp-content\/uploads\/2021\/10\/logo-militares.webp\",\"contentUrl\":\"https:\/\/militares.estrategia.com\/portal\/wp-content\/uploads\/2021\/10\/logo-militares.webp\",\"width\":346,\"height\":90,\"caption\":\"Estrat\u00e9gia Militares\"},\"image\":{\"@id\":\"https:\/\/militares.estrategia.com\/portal\/#\/schema\/logo\/image\/\"},\"sameAs\":[\"https:\/\/www.facebook.com\/EstrategiaMilitares\",\"https:\/\/x.com\/estrategiamilit\",\"https:\/\/www.instagram.com\/estrategiamilitares\/\",\"https:\/\/www.youtube.com\/channel\/UCRG_9hakCqXxnj_8TqCdgTA\"]},{\"@type\":\"Person\",\"@id\":\"https:\/\/militares.estrategia.com\/portal\/#\/schema\/person\/d52a8bb9d3a4693ffcfbe862dc250f79\",\"name\":\"Pedro Alcantara\",\"image\":{\"@type\":\"ImageObject\",\"inLanguage\":\"pt-BR\",\"@id\":\"https:\/\/militares.estrategia.com\/portal\/#\/schema\/person\/image\/\",\"url\":\"https:\/\/secure.gravatar.com\/avatar\/2ff815c569bab8558bec32641d54e1af?s=96&d=mm&r=g\",\"contentUrl\":\"https:\/\/secure.gravatar.com\/avatar\/2ff815c569bab8558bec32641d54e1af?s=96&d=mm&r=g\",\"caption\":\"Pedro Alcantara\"},\"url\":\"https:\/\/militares.estrategia.com\/portal\/author\/pedro\/\"}]}<\/script>\n<!-- \/ Yoast SEO Premium plugin. -->","yoast_head_json":{"title":"EEAR 2023.2: inscri\u00e7\u00f5es deferidas divulgadas - Estrat\u00e9gia Militares","description":"A EEAR divulgou hoje, dia X de setembro, a rela\u00e7\u00e3o nominal de candidatos que tiveram suas inscri\u00e7\u00f5es deferidas","robots":{"index":"index","follow":"follow","max-snippet":"max-snippet:-1","max-image-preview":"max-image-preview:large","max-video-preview":"max-video-preview:-1"},"canonical":"https:\/\/militares.estrategia.com\/portal\/noticias\/eear-2023-2-inscricoes-deferidas-sao-divulgadas\/","og_locale":"pt_BR","og_type":"article","og_title":"EEAR 2023.2: inscri\u00e7\u00f5es deferidas s\u00e3o divulgadas","og_description":"A EEAR divulgou hoje, dia X de setembro, a rela\u00e7\u00e3o nominal de candidatos que tiveram suas inscri\u00e7\u00f5es deferidas","og_url":"https:\/\/militares.estrategia.com\/portal\/noticias\/eear-2023-2-inscricoes-deferidas-sao-divulgadas\/","og_site_name":"Estrat\u00e9gia Militares","article_publisher":"https:\/\/www.facebook.com\/EstrategiaMilitares","article_published_time":"2022-08-31T13:18:44+00:00","article_modified_time":"2022-09-01T18:43:43+00:00","og_image":[{"width":1200,"height":676,"url":"https:\/\/cdn.blog.estrategiavestibulares.com.br\/vestibulares\/wp-content\/uploads\/2022\/08\/Capa_BLOG_EEAR.jpg","type":"image\/jpeg"}],"author":"Pedro Alcantara","twitter_card":"summary_large_image","twitter_creator":"@estrategiamilit","twitter_site":"@estrategiamilit","twitter_misc":{"Escrito por":"Pedro Alcantara","Est. tempo de leitura":"2 minutos"},"schema":{"@context":"https:\/\/schema.org","@graph":[{"@type":"Article","@id":"https:\/\/militares.estrategia.com\/portal\/noticias\/eear-2023-2-inscricoes-deferidas-sao-divulgadas\/#article","isPartOf":{"@id":"https:\/\/militares.estrategia.com\/portal\/noticias\/eear-2023-2-inscricoes-deferidas-sao-divulgadas\/"},"author":{"name":"Pedro Alcantara","@id":"https:\/\/militares.estrategia.com\/portal\/#\/schema\/person\/d52a8bb9d3a4693ffcfbe862dc250f79"},"headline":"EEAR 2023.2: inscri\u00e7\u00f5es deferidas s\u00e3o divulgadas","datePublished":"2022-08-31T13:18:44+00:00","dateModified":"2022-09-01T18:43:43+00:00","mainEntityOfPage":{"@id":"https:\/\/militares.estrategia.com\/portal\/noticias\/eear-2023-2-inscricoes-deferidas-sao-divulgadas\/"},"wordCount":345,"publisher":{"@id":"https:\/\/militares.estrategia.com\/portal\/#organization"},"image":{"@id":"https:\/\/militares.estrategia.com\/portal\/noticias\/eear-2023-2-inscricoes-deferidas-sao-divulgadas\/#primaryimage"},"thumbnailUrl":"https:\/\/militares.estrategia.com\/portal\/wp-content\/uploads\/2022\/08\/Capa_BLOG_EEAR.jpg","articleSection":["Not\u00edcias"],"inLanguage":"pt-BR"},{"@type":"WebPage","@id":"https:\/\/militares.estrategia.com\/portal\/noticias\/eear-2023-2-inscricoes-deferidas-sao-divulgadas\/","url":"https:\/\/militares.estrategia.com\/portal\/noticias\/eear-2023-2-inscricoes-deferidas-sao-divulgadas\/","name":"EEAR 2023.2: inscri\u00e7\u00f5es deferidas divulgadas - Estrat\u00e9gia Militares","isPartOf":{"@id":"https:\/\/militares.estrategia.com\/portal\/#website"},"primaryImageOfPage":{"@id":"https:\/\/militares.estrategia.com\/portal\/noticias\/eear-2023-2-inscricoes-deferidas-sao-divulgadas\/#primaryimage"},"image":{"@id":"https:\/\/militares.estrategia.com\/portal\/noticias\/eear-2023-2-inscricoes-deferidas-sao-divulgadas\/#primaryimage"},"thumbnailUrl":"https:\/\/militares.estrategia.com\/portal\/wp-content\/uploads\/2022\/08\/Capa_BLOG_EEAR.jpg","datePublished":"2022-08-31T13:18:44+00:00","dateModified":"2022-09-01T18:43:43+00:00","description":"A EEAR divulgou hoje, dia X de setembro, a rela\u00e7\u00e3o nominal de candidatos que tiveram suas inscri\u00e7\u00f5es deferidas","breadcrumb":{"@id":"https:\/\/militares.estrategia.com\/portal\/noticias\/eear-2023-2-inscricoes-deferidas-sao-divulgadas\/#breadcrumb"},"inLanguage":"pt-BR","potentialAction":[{"@type":"ReadAction","target":["https:\/\/militares.estrategia.com\/portal\/noticias\/eear-2023-2-inscricoes-deferidas-sao-divulgadas\/"]}]},{"@type":"ImageObject","inLanguage":"pt-BR","@id":"https:\/\/militares.estrategia.com\/portal\/noticias\/eear-2023-2-inscricoes-deferidas-sao-divulgadas\/#primaryimage","url":"https:\/\/militares.estrategia.com\/portal\/wp-content\/uploads\/2022\/08\/Capa_BLOG_EEAR.jpg","contentUrl":"https:\/\/militares.estrategia.com\/portal\/wp-content\/uploads\/2022\/08\/Capa_BLOG_EEAR.jpg","width":1200,"height":676,"caption":"eear"},{"@type":"BreadcrumbList","@id":"https:\/\/militares.estrategia.com\/portal\/noticias\/eear-2023-2-inscricoes-deferidas-sao-divulgadas\/#breadcrumb","itemListElement":[{"@type":"ListItem","position":1,"name":"Home","item":"https:\/\/militares.estrategia.com\/portal\/"},{"@type":"ListItem","position":2,"name":"Not\u00edcias","item":"https:\/\/militares.estrategia.com\/portal\/noticias\/"},{"@type":"ListItem","position":3,"name":"EEAR 2023.2: inscri\u00e7\u00f5es deferidas s\u00e3o divulgadas"}]},{"@type":"WebSite","@id":"https:\/\/militares.estrategia.com\/portal\/#website","url":"https:\/\/militares.estrategia.com\/portal\/","name":"Estrat\u00e9gia Militares","description":"","publisher":{"@id":"https:\/\/militares.estrategia.com\/portal\/#organization"},"potentialAction":[{"@type":"SearchAction","target":{"@type":"EntryPoint","urlTemplate":"https:\/\/militares.estrategia.com\/portal\/?s={search_term_string}"},"query-input":{"@type":"PropertyValueSpecification","valueRequired":true,"valueName":"search_term_string"}}],"inLanguage":"pt-BR"},{"@type":"Organization","@id":"https:\/\/militares.estrategia.com\/portal\/#organization","name":"Estrat\u00e9gia Militares","url":"https:\/\/militares.estrategia.com\/portal\/","logo":{"@type":"ImageObject","inLanguage":"pt-BR","@id":"https:\/\/militares.estrategia.com\/portal\/#\/schema\/logo\/image\/","url":"https:\/\/militares.estrategia.com\/portal\/wp-content\/uploads\/2021\/10\/logo-militares.webp","contentUrl":"https:\/\/militares.estrategia.com\/portal\/wp-content\/uploads\/2021\/10\/logo-militares.webp","width":346,"height":90,"caption":"Estrat\u00e9gia Militares"},"image":{"@id":"https:\/\/militares.estrategia.com\/portal\/#\/schema\/logo\/image\/"},"sameAs":["https:\/\/www.facebook.com\/EstrategiaMilitares","https:\/\/x.com\/estrategiamilit","https:\/\/www.instagram.com\/estrategiamilitares\/","https:\/\/www.youtube.com\/channel\/UCRG_9hakCqXxnj_8TqCdgTA"]},{"@type":"Person","@id":"https:\/\/militares.estrategia.com\/portal\/#\/schema\/person\/d52a8bb9d3a4693ffcfbe862dc250f79","name":"Pedro Alcantara","image":{"@type":"ImageObject","inLanguage":"pt-BR","@id":"https:\/\/militares.estrategia.com\/portal\/#\/schema\/person\/image\/","url":"https:\/\/secure.gravatar.com\/avatar\/2ff815c569bab8558bec32641d54e1af?s=96&d=mm&r=g","contentUrl":"https:\/\/secure.gravatar.com\/avatar\/2ff815c569bab8558bec32641d54e1af?s=96&d=mm&r=g","caption":"Pedro Alcantara"},"url":"https:\/\/militares.estrategia.com\/portal\/author\/pedro\/"}]}},"_wl_alt_label":[],"wl:entity_url":"https:\/\/data.wordlift.io\/wl110246\/post\/eear-2022-3-inscricoes-deferidas-sao-divulgadas-58518","_links":{"self":[{"href":"https:\/\/militares.estrategia.com\/portal\/wp-json\/wp\/v2\/posts\/58518","targetHints":{"allow":["GET"]}}],"collection":[{"href":"https:\/\/militares.estrategia.com\/portal\/wp-json\/wp\/v2\/posts"}],"about":[{"href":"https:\/\/militares.estrategia.com\/portal\/wp-json\/wp\/v2\/types\/post"}],"author":[{"embeddable":true,"href":"https:\/\/militares.estrategia.com\/portal\/wp-json\/wp\/v2\/users\/18"}],"replies":[{"embeddable":true,"href":"https:\/\/militares.estrategia.com\/portal\/wp-json\/wp\/v2\/comments?post=58518"}],"version-history":[{"count":10,"href":"https:\/\/militares.estrategia.com\/portal\/wp-json\/wp\/v2\/posts\/58518\/revisions"}],"predecessor-version":[{"id":58567,"href":"https:\/\/militares.estrategia.com\/portal\/wp-json\/wp\/v2\/posts\/58518\/revisions\/58567"}],"wp:featuredmedia":[{"embeddable":true,"href":"https:\/\/militares.estrategia.com\/portal\/wp-json\/wp\/v2\/media\/58087"}],"wp:attachment":[{"href":"https:\/\/militares.estrategia.com\/portal\/wp-json\/wp\/v2\/media?parent=58518"}],"wp:term":[{"taxonomy":"category","embeddable":true,"href":"https:\/\/militares.estrategia.com\/portal\/wp-json\/wp\/v2\/categories?post=58518"},{"taxonomy":"post_tag","embeddable":true,"href":"https:\/\/militares.estrategia.com\/portal\/wp-json\/wp\/v2\/tags?post=58518"},{"taxonomy":"wl_entity_type","embeddable":true,"href":"https:\/\/militares.estrategia.com\/portal\/wp-json\/wp\/v2\/wl_entity_type?post=58518"}],"curies":[{"name":"wp","href":"https:\/\/api.w.org\/{rel}","templated":true}]}}