{"id":58337,"date":"2022-08-25T05:41:23","date_gmt":"2022-08-25T08:41:23","guid":{"rendered":"https:\/\/militares.estrategia.com\/portal\/?p=58337"},"modified":"2025-08-24T10:57:27","modified_gmt":"2025-08-24T13:57:27","slug":"dia-do-soldado-confira-mais-sobre-as-forcas-armadas","status":"publish","type":"post","link":"https:\/\/militares.estrategia.com\/portal\/mundo-militar\/datas-comemorativas\/dia-do-soldado-confira-mais-sobre-as-forcas-armadas\/","title":{"rendered":"25 de agosto: Dia do Soldado, saiba mais sobre a data comemorativa do Ex\u00e9rcito!"},"content":{"rendered":"\n<p>O Dia do Soldado \u00e9 celebrado em 25 de agosto. Confira mais sobre o significado dessa data t\u00e3o importante para as For\u00e7as Armadas nesse artigo que o <strong>Estrat\u00e9gia Militares <\/strong>preparou para voc\u00ea.<\/p>\n\n\n<div id=\"new-form\">\n\t<form id=\"forms_layout\">\n\t<input type=\"hidden\" id=\"chave_de\" name=\"chave_de\" value=\"01_EMIL_LEADS_TOTAIS\" \/>\n\t\t<input type=\"hidden\" id=\"mid\" name=\"mid\" value=\"515009017\" \/>\n\t\t<input type=\"hidden\" id=\"Objetivo\" name=\"Objetivo\" value=\"Militares\" \/>\n\t\t<input type=\"hidden\" id=\"Estado_de_Origem_do_IP\" name=\"Estado_de_Origem_do_IP\"  value=\"\" \/>\n\t\t<input type=\"hidden\" id=\"Cidade_de_Origem_do_IP\" name=\"Cidade_de_Origem_do_IP\" value=\"\" \/>\n\t\t<input type=\"hidden\" id=\"Modo_de_entrada\" name=\"Modo_de_entrada\" value=\"Portal\" \/>\n\t\t<input type=\"hidden\" id=\"Pagina_Origem\" name=\"Pagina_Origem\" value=\"\" \/>\n\n\t\t<div class=\"texto\">\n\t\t\t<h3 class=\"news\">Inscreva-se em nossa newsletter!<\/h3>\n\t\t\t<p>Receba not\u00edcias sobre os mais importantes concursos para as For\u00e7as Armadas brasileiras e informa\u00e7\u00f5es sobre o mundo militar!<\/p>\n\t\t<\/div>\n\t\t<div class=\"campos\">\n\t\t\t<div class=\"first_name labels\">\n\t\t\t\t<input type=\"text\" class=\"input_labels\" id=\"first_name\" name=\"Nome_Completo\" placeholder=\"Nome\" required \/>\n\t\t\t<\/div>\n\t\t\t<div class=\"email labels\">\n\t\t\t\t<input type=\"email\" class=\"input_labels\" id=\"email\" name=\"Email\" placeholder=\"E-mail\" required \/>\n\t\t\t<\/div>\n\t\t\t<button type=\"submit\" class=\"button_layout\">\n\t\t\t\t<div id=\"lblBotao\">Inscreva-se<\/div>\n\t\t\t\t<span id=\"divSpiner\" class=\"loader\" role=\"status\" style=\"display: none;\"><\/span>\t\n\t\t\t<\/button>\n\t\t<\/div><!-- \/campos -->\n\t\t\n\t\t<label class=\"container_checkbox\">Voc\u00ea concorda com a nossa\n\t\t\t<a class=\"politics_privacy_ahref\" target=\"_blank\" href=\"https:\/\/gratis.estrategiaconcursos.com.br\/politica-de-privacidade\/\">Pol\u00edtica de Privacidade<\/a> e aceita receber informa\u00e7\u00f5es adicionais do Estrat\u00e9gia Educacional.\n\t\t\t<input id=\"checkbox_layout\" type=\"checkbox\" checked=\"checked\" required \/>\n\t\t\t<span class=\"checkbox\"><\/span>\n\t\t<\/label>\n\t\t<div id=\"msg\"><\/div>\n\t\t<div id=\"error\" class=\"error\">\n\t\t<\/div>\n\t<\/form>\n<\/div><!-- \/new-form -->\n\n\n\n<p>Seja na Marinha, no Ex\u00e9rcito ou na For\u00e7a A\u00e9rea Brasileira, o soldado \u00e9 a engrenagem que movimenta as <a href=\"https:\/\/militares.estrategia.com\/portal\/mundo-militar\/forcas-armadas\/forcas-armadas\/\" target=\"_blank\" >For\u00e7as Armadas<\/a>. \u00c9 o componente de maior volume nas unidades militares e \u00e9 o respons\u00e1vel por defender operacionalmente o Brasil, tendo como seu guia moral e <strong>Patrono, o Duque de Caxias.<\/strong><\/p>\n\n\n\n<div id=\"ez-toc-container\" class=\"ez-toc-v2_0_79_2 counter-hierarchy ez-toc-counter ez-toc-transparent ez-toc-container-direction\">\n<div class=\"ez-toc-title-container\"><p class=\"ez-toc-title\" style=\"cursor:inherit\">Navegue pelo conte\u00fado\t<\/p>\n<\/div><nav><ul class='ez-toc-list ez-toc-list-level-1 ' ><li class='ez-toc-page-1 ez-toc-heading-level-2'><a class=\"ez-toc-link ez-toc-heading-1\" href=\"https:\/\/militares.estrategia.com\/portal\/mundo-militar\/datas-comemorativas\/dia-do-soldado-confira-mais-sobre-as-forcas-armadas\/#Qual-e-a-data-de-nascimento-do-Duque-de-Caxias\" >Qual \u00e9 a data de nascimento do Duque de Caxias?<\/a><\/li><li class='ez-toc-page-1 ez-toc-heading-level-2'><a class=\"ez-toc-link ez-toc-heading-2\" href=\"https:\/\/militares.estrategia.com\/portal\/mundo-militar\/datas-comemorativas\/dia-do-soldado-confira-mais-sobre-as-forcas-armadas\/#Qual-e-o-Dia-oficial-do-soldado\" >Qual \u00e9 o Dia oficial do soldado?<\/a><\/li><li class='ez-toc-page-1 ez-toc-heading-level-2'><a class=\"ez-toc-link ez-toc-heading-3\" href=\"https:\/\/militares.estrategia.com\/portal\/mundo-militar\/datas-comemorativas\/dia-do-soldado-confira-mais-sobre-as-forcas-armadas\/#A-carreira-militar-de-soldado-nas-Forcas-Armadas\" >A carreira militar de soldado nas For\u00e7as Armadas<\/a><\/li><\/ul><\/nav><\/div>\n<h2 class=\"wp-block-heading\" id=\"h-qual-e-a-data-de-nascimento-do-duque-de-caxias\"><span class=\"ez-toc-section\" id=\"Qual-e-a-data-de-nascimento-do-Duque-de-Caxias\"><\/span>Qual \u00e9 a data de nascimento do Duque de Caxias?<span class=\"ez-toc-section-end\"><\/span><\/h2>\n\n\n\n<p><strong>Lu\u00eds Alves de Lima e Silva, o Duque de Caxias, figura m\u00edtica do Brasil Imp\u00e9rio e escolhido como o Patrono do <\/strong><a href=\"https:\/\/militares.estrategia.com\/portal\/mundo-militar\/forcas-armadas\/exercito-brasileiro\/\" target=\"_blank\" ><strong>Ex\u00e9rcito Brasileiro<\/strong><\/a><strong>, <\/strong>nasceu em 25 de agosto de 1803, no Porto da Estrela (RJ).<\/p>\n\n\n\n<p><strong>Caxias descendia de uma nobre linhagem militar. <\/strong>Com apenas cinco anos de idade foi declarado Cadete, algo comum naquela \u00e9poca. Em 1818, Caxias iniciou a carreira militar na Academia Real aos 15 anos de idade e logo cedo se destacou pela bravura.<\/p>\n\n\n\n<p>Na Academia Militar, comandou as tropas que reprimiram os grupos que lutavam contra o Imp\u00e9rio. <strong>Caxias participou das opera\u00e7\u00f5es contra a <\/strong><a href=\"https:\/\/militares.estrategia.com\/portal\/materias-e-dicas\/historia\/revoltas-que-ja-ocorreram-no-brasil\/\" target=\"_blank\" ><strong>Conjura\u00e7\u00e3o Baiana, em 1823, a Revolta Farroupilha, em 1835, a Revolta Liberal, de 1842, entre outras.<\/strong><\/a><\/p>\n\n\n<div class=\"wp-block-image\">\n<figure class=\"aligncenter size-large\"><img decoding=\"async\" width=\"1024\" height=\"576\" src=\"https:\/\/militares.estrategia.com\/portal\/wp-content\/uploads\/2021\/03\/zhang-h-llGVDBA9258-unsplash-1024x576.webp\" alt=\"Dia do Soldado\" class=\"wp-image-56186\" srcset=\"https:\/\/militares.estrategia.com\/portal\/wp-content\/uploads\/2021\/03\/zhang-h-llGVDBA9258-unsplash-1024x576.webp 1024w, https:\/\/militares.estrategia.com\/portal\/wp-content\/uploads\/2021\/03\/zhang-h-llGVDBA9258-unsplash-768x432.webp 768w, https:\/\/militares.estrategia.com\/portal\/wp-content\/uploads\/2021\/03\/zhang-h-llGVDBA9258-unsplash-1536x864.webp 1536w, https:\/\/militares.estrategia.com\/portal\/wp-content\/uploads\/2021\/03\/zhang-h-llGVDBA9258-unsplash-800x450.webp 800w, https:\/\/militares.estrategia.com\/portal\/wp-content\/uploads\/2021\/03\/zhang-h-llGVDBA9258-unsplash-1160x653.webp 1160w, https:\/\/militares.estrategia.com\/portal\/wp-content\/uploads\/2021\/03\/zhang-h-llGVDBA9258-unsplash-1200x675.webp 1200w, https:\/\/militares.estrategia.com\/portal\/wp-content\/uploads\/2021\/03\/zhang-h-llGVDBA9258-unsplash-150x84.webp 150w, https:\/\/militares.estrategia.com\/portal\/wp-content\/uploads\/2021\/03\/zhang-h-llGVDBA9258-unsplash.jpg 1920w\" sizes=\"(max-width: 1024px) 100vw, 1024px\" \/><\/figure><\/div>\n\n\n<h3 class=\"wp-block-heading\" id=\"h-conjuracao-baiana-de-1798\">Conjura\u00e7\u00e3o Baiana de 1798<\/h3>\n\n\n\n<p>De car\u00e1ter popular, <strong>a Conjura\u00e7\u00e3o Baiana, tamb\u00e9m conhecida como Revolta dos Alfaiates, <\/strong>teve inspira\u00e7\u00e3o na Revolu\u00e7\u00e3o Francesa e defendia os ideais de liberdade, igualdade e fraternidade.<\/p>\n\n\n\n<p>A revolta foi a primeira atua\u00e7\u00e3o de Caxias como militar, integrante do Batalh\u00e3o do Imperador. A bravura e intelig\u00eancia demonstradas pelo Tenente Lu\u00eds Alves de Lima e Silva, ao conquistar um ponto de apoio guarnecido pelo ex\u00e9rcito portugu\u00eas, <strong>conferiu-lhe a ins\u00edgnia de Cavaleiro da Imperial Ordem do Cruzeiro e o t\u00edtulo de Veterano da Independ\u00eancia.<\/strong><\/p>\n\n\n\n<h3 class=\"wp-block-heading\" id=\"h-revolta-farroupilha-de-1835\">Revolta Farroupilha de 1835<\/h3>\n\n\n\n<p>Tamb\u00e9m conhecida como Revolu\u00e7\u00e3o Farroupilha ou Guerra dos Farrapos, <strong>Caxias foi nomeado como Presidente da prov\u00edncia do Rio Grande do Sul e Comandante das Armas do territ\u00f3rio revoltoso.&nbsp;<\/strong><\/p>\n\n\n\n<p>A revolta se arrastava faziam sete anos e as tropas imperiais j\u00e1 n\u00e3o tinham controle sobre a popula\u00e7\u00e3o. Assim, D. Pedro II nomeou Caxias para retomar o controle do territ\u00f3rio, que buscava se separar do imp\u00e9rio. <strong>Lu\u00eds Alves de Lima e Silva reorganizou as for\u00e7as imperiais e depois de dois anos, saiu vitorioso.<\/strong><\/p>\n\n\n\n<h3 class=\"wp-block-heading\" id=\"h-revolta-liberal-de-1842\">Revolta Liberal de 1842<\/h3>\n\n\n\n<p>A Revolta Liberal de Minas Gerais, tamb\u00e9m conhecida como Revolu\u00e7\u00e3o Liberal de Minas Gerais, foi originada na Revolta de Barbacena e eclodiu tr\u00eas dias ap\u00f3s a vit\u00f3ria de Caxias em S\u00e3o Paulo. <strong>A Revolta consistiu na aclama\u00e7\u00e3o do Coronel Jos\u00e9 Feliciano, o futuro Bar\u00e3o de Cocais, como presidente interino de Minas Gerais.&nbsp;<\/strong><\/p>\n\n\n\n<p>Nem todas as cidades de Minas aderiram \u00e0 revolta. Ouro Preto resistiu aos revolucion\u00e1rios, que eram oriundos das cidades de Queluz &#8211; atual Conselheiro Lafaiete-, S\u00e3o Jo\u00e3o Del Rey, Baependi e Barbacena. Contudo, antes dos revolucion\u00e1rios invadiram Ouro Preto, Caxias chegou \u00e0 cidade,<strong> fazendo com que os invasores recuassem.<\/strong>&nbsp;<\/p>\n\n\n\n<p>Um dos embates mais memor\u00e1veis aconteceu no Arraial de Santa Luzia, onde 3.300 revolucion\u00e1rios foram vencidos pelas tropas imperiais. <strong>Com a vit\u00f3ria de Caxias, a Revolta de Barbacena teve fim, bem coo a Revolu\u00e7\u00e3o Liberal.<\/strong><\/p>\n\n\n\n<p>Caxias foi saudado como vitorioso em Ouro Preto e promovido ao posto de Marechal de Campo Graduado, aos 39 anos de idade.<\/p>\n\n\n\n<p>As atitudes que Caxias tomava junto aos revoltosos era o que o fazia se destacar em todo o territ\u00f3rio. Nas campanhas de pacifica\u00e7\u00e3o que participou, via os revoltosos como irm\u00e3os rebelados e n\u00e3o inimigos. <strong>Essa vis\u00e3o levava Caxias a nomear aqueles que perdiam as batalhas a cargos de comando em seu ex\u00e9rcito.<\/strong><\/p>\n\n\n\n<h3 class=\"wp-block-heading\" id=\"h-guerra-da-triplice-alianca\">Guerra da Tr\u00edplice Alian\u00e7a<\/h3>\n\n\n\n<p>Ele participou de todas as campanhas na Guerra da Tr\u00edplice Alian\u00e7a e chegou a ocupar a fun\u00e7\u00e3o de Comandante Geral das tropas na <a href=\"https:\/\/militares.estrategia.com\/portal\/materias-e-dicas\/historia\/guerra-do-paraguai\/\" target=\"_blank\" >guerra ocorrida no Paraguai.<\/a> <strong>Depois de muitas vit\u00f3rias, suas tropas ocuparam a cidade de Assun\u00e7\u00e3o e Caxias passou a ser chamado de \u201co pacificador\u201d.&nbsp;<\/strong><\/p>\n\n\n\n<p>Em 1880, Duque de Caxias morreu em decorr\u00eancia de uma doen\u00e7a hep\u00e1tica e entra para a hist\u00f3ria como o \u00fanico brasileiro a chegar \u00e0 patente de Duque e a <strong>receber de Dom Pedro II a Ordem Gr\u00e3-Cruz.&nbsp;<\/strong><\/p>\n\n\n\n<h2 class=\"wp-block-heading\" id=\"h-qual-e-o-dia-oficial-do-soldado\"><span class=\"ez-toc-section\" id=\"Qual-e-o-Dia-oficial-do-soldado\"><\/span>Qual \u00e9 o Dia oficial do soldado?<span class=\"ez-toc-section-end\"><\/span><\/h2>\n\n\n\n<p>O Dia do Soldado \u00e9 celebrado em 25 de agosto, dia do nascimento do <a href=\"https:\/\/militares.estrategia.com\/portal\/mundo-militar\/forcas-armadas\/duque-de-caxias-o-patrono-do-exercito-brasileiro\/\" target=\"_blank\" >Duque de Caxias<\/a>. A data passou a ser considerada como o dia do soldado em 1962, por um decreto presidencial.<strong>&nbsp;<\/strong><\/p>\n\n\n\n<p><strong>A data foi escolhida em homenagem ao Patrono do Ex\u00e9rcito Brasileiro. As cinzas de Caxias e sua esposa tamb\u00e9m foram depositados no Pante\u00e3o do Ex\u00e9rcito, localizado no centro do Rio de Janeiro, como uma forma de homenagem.<\/strong><\/p>\n\n\n\n<p>Atualmente, a fazenda S\u00e3o Paulo, local onde o Duque nasceu, abriga um museu arqueol\u00f3gico que guarda pe\u00e7as encontradas na antiga casa, como objetos met\u00e1licos, objetos pessoais, armas e utens\u00edlios dom\u00e9sticos.<\/p>\n\n\n\n<h2 class=\"wp-block-heading\" id=\"h-a-carreira-militar-de-soldado-nas-forcas-armadas\"><span class=\"ez-toc-section\" id=\"A-carreira-militar-de-soldado-nas-Forcas-Armadas\"><\/span>A carreira militar de soldado nas For\u00e7as Armadas<span class=\"ez-toc-section-end\"><\/span><\/h2>\n\n\n\n<p>Os soldados das For\u00e7as Armadas brasileiras ocupam a posi\u00e7\u00e3o de pra\u00e7as, dentro da hierarquia das For\u00e7as. <strong>Esses militares n\u00e3o possuem estabilidade como alguns oficiais, sargentos e cabos.&nbsp;<\/strong><\/p>\n\n\n\n<p><strong>A carreira militar de um soldado inicia-se com o servi\u00e7o militar, obrigat\u00f3rio a todo homem brasileiro<\/strong>. O <a href=\"https:\/\/militares.estrategia.com\/portal\/mundo-militar\/carreiras-e-especializacoes\/soldados\/\" target=\"_blank\" >soldado<\/a> pode servir \u00e0 for\u00e7a a qual pertence durante oito anos. Nas unidades militares, o soldado pode desempenhar fun\u00e7\u00f5es como auxiliar em diversas \u00e1reas, como:<\/p>\n\n\n\n<ul class=\"wp-block-list\">\n<li>Administra\u00e7\u00e3o;<\/li>\n\n\n\n<li>Gastronomia;<\/li>\n\n\n\n<li>Log\u00edstica;<\/li>\n\n\n\n<li>Seguran\u00e7a;<\/li>\n\n\n\n<li>Doc\u00eancia;<\/li>\n\n\n\n<li>Mec\u00e2nica;<\/li>\n\n\n\n<li>Inform\u00e1tica, dentre outras.<\/li>\n<\/ul>\n\n\n\n<p>Al\u00e9m das fun\u00e7\u00f5es rotineiras, \u00e9 de responsabilidade do soldado<strong> a seguran\u00e7a das unidades militares.<\/strong> Assim, o militar \u00e9 rotineiramente escalado em servi\u00e7os que duram de 12 horas a 24 horas. <strong>Esses servi\u00e7os s\u00e3o divididos em turnos, nos quais os soldados se revezam entre o descanso e a prontid\u00e3o nos postos de servi\u00e7o.<\/strong><\/p>\n\n\n<div class=\"wp-block-image\">\n<figure class=\"aligncenter size-large\"><img decoding=\"async\" width=\"1024\" height=\"683\" src=\"https:\/\/militares.estrategia.com\/portal\/wp-content\/uploads\/2021\/04\/pexels-pixabay-41161-1024x683.webp\" alt=\"Dia do Soldado\" class=\"wp-image-56162\" srcset=\"https:\/\/militares.estrategia.com\/portal\/wp-content\/uploads\/2021\/04\/pexels-pixabay-41161-1024x683.webp 1024w, https:\/\/militares.estrategia.com\/portal\/wp-content\/uploads\/2021\/04\/pexels-pixabay-41161-768x512.webp 768w, https:\/\/militares.estrategia.com\/portal\/wp-content\/uploads\/2021\/04\/pexels-pixabay-41161-1536x1024.webp 1536w, https:\/\/militares.estrategia.com\/portal\/wp-content\/uploads\/2021\/04\/pexels-pixabay-41161-2048x1365.webp 2048w, https:\/\/militares.estrategia.com\/portal\/wp-content\/uploads\/2021\/04\/pexels-pixabay-41161-800x533.webp 800w, https:\/\/militares.estrategia.com\/portal\/wp-content\/uploads\/2021\/04\/pexels-pixabay-41161-1160x773.webp 1160w, https:\/\/militares.estrategia.com\/portal\/wp-content\/uploads\/2021\/04\/pexels-pixabay-41161-150x100.webp 150w, https:\/\/militares.estrategia.com\/portal\/wp-content\/uploads\/2021\/04\/pexels-pixabay-41161-scaled.webp 2560w\" sizes=\"(max-width: 1024px) 100vw, 1024px\" \/><\/figure><\/div>\n\n\n<p>Dentre as oportunidades na carreira de soldado das for\u00e7as armadas, existe a possibilidade da promo\u00e7\u00e3o a cabo. Cada uma das tr\u00eas for\u00e7as possui um regulamento espec\u00edfico para essa promo\u00e7\u00e3o, mas em todas, <strong>\u00e9 necess\u00e1rio que o soldado passe pelo Curso de Forma\u00e7\u00e3o de Cabos (CFC), que tem dura\u00e7\u00e3o de at\u00e9 12 meses.<\/strong><br><\/p>\n\n\n\n<p>Gostou do texto? Ent\u00e3o continue acompanhando o <strong>Estrat\u00e9gia Militares!<\/strong> Assim, voc\u00ea fica por dentro de tudo o que h\u00e1 de melhor na vida militar, al\u00e9m de receber dicas imprescind\u00edveis para alcan\u00e7ar a t\u00e3o sonhada aprova\u00e7\u00e3o. N\u00e3o perca tempo,<strong> clique no banner e conhe\u00e7a os nossos cursos preparat\u00f3rios!<\/strong><\/p>\n\n\n\n\n\n<p><\/p>\n\n\n\n<p><\/p>\n","protected":false},"excerpt":{"rendered":"O Dia do Soldado \u00e9 celebrado em 25 de agosto. Confira mais sobre o significado dessa data t\u00e3o&hellip;\n","protected":false},"author":52,"featured_media":58339,"comment_status":"closed","ping_status":"closed","sticky":false,"template":"","format":"standard","meta":{"wl_entities_gutenberg":"","footnotes":""},"categories":[306],"tags":[169,167,124],"wl_entity_type":[187],"class_list":{"0":"post-58337","1":"post","2":"type-post","3":"status-publish","4":"format-standard","5":"has-post-thumbnail","7":"category-datas-comemorativas","8":"tag-aeronautica","9":"tag-exercito","10":"tag-marinha","11":"wl_entity_type-article"},"acf":[],"yoast_head":"<!-- This site is optimized with the Yoast SEO Premium plugin v26.6 (Yoast SEO v26.6) - https:\/\/yoast.com\/wordpress\/plugins\/seo\/ -->\n<title>25 de agosto: Dia do Soldado, saiba mais sobre a data comemorativa do Ex\u00e9rcito!<\/title>\n<meta name=\"description\" content=\"Voc\u00ea tem o sonho de ser soldado nas For\u00e7as Armadas? Clique aqui e confira a hist\u00f3ria do Duque de Caxias e as possibilidades na vida militar!\" \/>\n<meta name=\"robots\" content=\"index, follow, max-snippet:-1, max-image-preview:large, max-video-preview:-1\" \/>\n<link rel=\"canonical\" href=\"https:\/\/militares.estrategia.com\/portal\/mundo-militar\/datas-comemorativas\/dia-do-soldado-confira-mais-sobre-as-forcas-armadas\/\" \/>\n<meta property=\"og:locale\" content=\"pt_BR\" \/>\n<meta property=\"og:type\" content=\"article\" \/>\n<meta property=\"og:title\" content=\"25 de agosto: Dia do Soldado, saiba mais sobre a data comemorativa do Ex\u00e9rcito!\" \/>\n<meta property=\"og:description\" content=\"Voc\u00ea tem o sonho de ser soldado nas For\u00e7as Armadas? Clique aqui e confira a hist\u00f3ria do Duque de Caxias e as possibilidades na vida militar!\" \/>\n<meta property=\"og:url\" content=\"https:\/\/militares.estrategia.com\/portal\/mundo-militar\/datas-comemorativas\/dia-do-soldado-confira-mais-sobre-as-forcas-armadas\/\" \/>\n<meta property=\"og:site_name\" content=\"Estrat\u00e9gia Militares\" \/>\n<meta property=\"article:publisher\" content=\"https:\/\/www.facebook.com\/EstrategiaMilitares\" \/>\n<meta property=\"article:published_time\" content=\"2022-08-25T08:41:23+00:00\" \/>\n<meta property=\"article:modified_time\" content=\"2025-08-24T13:57:27+00:00\" \/>\n<meta property=\"og:image\" content=\"https:\/\/militares.estrategia.com\/portal\/wp-content\/uploads\/2022\/08\/soldier-996536_1920.jpg\" \/>\n\t<meta property=\"og:image:width\" content=\"1920\" \/>\n\t<meta property=\"og:image:height\" content=\"1283\" \/>\n\t<meta property=\"og:image:type\" content=\"image\/jpeg\" \/>\n<meta name=\"author\" content=\"Vin\u00edcius Brigolini\" \/>\n<meta name=\"twitter:card\" content=\"summary_large_image\" \/>\n<meta name=\"twitter:creator\" content=\"@estrategiamilit\" \/>\n<meta name=\"twitter:site\" content=\"@estrategiamilit\" \/>\n<meta name=\"twitter:label1\" content=\"Escrito por\" \/>\n\t<meta name=\"twitter:data1\" content=\"Vin\u00edcius Brigolini\" \/>\n\t<meta name=\"twitter:label2\" content=\"Est. tempo de leitura\" \/>\n\t<meta name=\"twitter:data2\" content=\"6 minutos\" \/>\n<script type=\"application\/ld+json\" class=\"yoast-schema-graph\">{\"@context\":\"https:\/\/schema.org\",\"@graph\":[{\"@type\":\"Article\",\"@id\":\"https:\/\/militares.estrategia.com\/portal\/mundo-militar\/datas-comemorativas\/dia-do-soldado-confira-mais-sobre-as-forcas-armadas\/#article\",\"isPartOf\":{\"@id\":\"https:\/\/militares.estrategia.com\/portal\/mundo-militar\/datas-comemorativas\/dia-do-soldado-confira-mais-sobre-as-forcas-armadas\/\"},\"author\":{\"name\":\"Vin\u00edcius Brigolini\",\"@id\":\"https:\/\/militares.estrategia.com\/portal\/#\/schema\/person\/6587b50abb02ffb0d1d0b50c12a6b317\"},\"headline\":\"25 de agosto: Dia do Soldado, saiba mais sobre a data comemorativa do Ex\u00e9rcito!\",\"datePublished\":\"2022-08-25T08:41:23+00:00\",\"dateModified\":\"2025-08-24T13:57:27+00:00\",\"mainEntityOfPage\":{\"@id\":\"https:\/\/militares.estrategia.com\/portal\/mundo-militar\/datas-comemorativas\/dia-do-soldado-confira-mais-sobre-as-forcas-armadas\/\"},\"wordCount\":1137,\"publisher\":{\"@id\":\"https:\/\/militares.estrategia.com\/portal\/#organization\"},\"image\":{\"@id\":\"https:\/\/militares.estrategia.com\/portal\/mundo-militar\/datas-comemorativas\/dia-do-soldado-confira-mais-sobre-as-forcas-armadas\/#primaryimage\"},\"thumbnailUrl\":\"https:\/\/militares.estrategia.com\/portal\/wp-content\/uploads\/2022\/08\/soldier-996536_1920.jpg\",\"keywords\":[\"Aeronautica\",\"Ex\u00e9rcito\",\"marinha\"],\"articleSection\":[\"Datas Comemorativas\"],\"inLanguage\":\"pt-BR\"},{\"@type\":\"WebPage\",\"@id\":\"https:\/\/militares.estrategia.com\/portal\/mundo-militar\/datas-comemorativas\/dia-do-soldado-confira-mais-sobre-as-forcas-armadas\/\",\"url\":\"https:\/\/militares.estrategia.com\/portal\/mundo-militar\/datas-comemorativas\/dia-do-soldado-confira-mais-sobre-as-forcas-armadas\/\",\"name\":\"25 de agosto: Dia do Soldado, saiba mais sobre a data comemorativa do Ex\u00e9rcito!\",\"isPartOf\":{\"@id\":\"https:\/\/militares.estrategia.com\/portal\/#website\"},\"primaryImageOfPage\":{\"@id\":\"https:\/\/militares.estrategia.com\/portal\/mundo-militar\/datas-comemorativas\/dia-do-soldado-confira-mais-sobre-as-forcas-armadas\/#primaryimage\"},\"image\":{\"@id\":\"https:\/\/militares.estrategia.com\/portal\/mundo-militar\/datas-comemorativas\/dia-do-soldado-confira-mais-sobre-as-forcas-armadas\/#primaryimage\"},\"thumbnailUrl\":\"https:\/\/militares.estrategia.com\/portal\/wp-content\/uploads\/2022\/08\/soldier-996536_1920.jpg\",\"datePublished\":\"2022-08-25T08:41:23+00:00\",\"dateModified\":\"2025-08-24T13:57:27+00:00\",\"description\":\"Voc\u00ea tem o sonho de ser soldado nas For\u00e7as Armadas? Clique aqui e confira a hist\u00f3ria do Duque de Caxias e as possibilidades na vida militar!\",\"breadcrumb\":{\"@id\":\"https:\/\/militares.estrategia.com\/portal\/mundo-militar\/datas-comemorativas\/dia-do-soldado-confira-mais-sobre-as-forcas-armadas\/#breadcrumb\"},\"inLanguage\":\"pt-BR\",\"potentialAction\":[{\"@type\":\"ReadAction\",\"target\":[\"https:\/\/militares.estrategia.com\/portal\/mundo-militar\/datas-comemorativas\/dia-do-soldado-confira-mais-sobre-as-forcas-armadas\/\"]}]},{\"@type\":\"ImageObject\",\"inLanguage\":\"pt-BR\",\"@id\":\"https:\/\/militares.estrategia.com\/portal\/mundo-militar\/datas-comemorativas\/dia-do-soldado-confira-mais-sobre-as-forcas-armadas\/#primaryimage\",\"url\":\"https:\/\/militares.estrategia.com\/portal\/wp-content\/uploads\/2022\/08\/soldier-996536_1920.jpg\",\"contentUrl\":\"https:\/\/militares.estrategia.com\/portal\/wp-content\/uploads\/2022\/08\/soldier-996536_1920.jpg\",\"width\":1920,\"height\":1283,\"caption\":\"Dia do soldado\"},{\"@type\":\"BreadcrumbList\",\"@id\":\"https:\/\/militares.estrategia.com\/portal\/mundo-militar\/datas-comemorativas\/dia-do-soldado-confira-mais-sobre-as-forcas-armadas\/#breadcrumb\",\"itemListElement\":[{\"@type\":\"ListItem\",\"position\":1,\"name\":\"Home\",\"item\":\"https:\/\/militares.estrategia.com\/portal\/\"},{\"@type\":\"ListItem\",\"position\":2,\"name\":\"Mundo Militar\",\"item\":\"https:\/\/militares.estrategia.com\/portal\/mundo-militar\/\"},{\"@type\":\"ListItem\",\"position\":3,\"name\":\"Datas Comemorativas\",\"item\":\"https:\/\/militares.estrategia.com\/portal\/mundo-militar\/datas-comemorativas\/\"},{\"@type\":\"ListItem\",\"position\":4,\"name\":\"25 de agosto: Dia do Soldado, saiba mais sobre a data comemorativa do Ex\u00e9rcito!\"}]},{\"@type\":\"WebSite\",\"@id\":\"https:\/\/militares.estrategia.com\/portal\/#website\",\"url\":\"https:\/\/militares.estrategia.com\/portal\/\",\"name\":\"Estrat\u00e9gia Militares\",\"description\":\"\",\"publisher\":{\"@id\":\"https:\/\/militares.estrategia.com\/portal\/#organization\"},\"potentialAction\":[{\"@type\":\"SearchAction\",\"target\":{\"@type\":\"EntryPoint\",\"urlTemplate\":\"https:\/\/militares.estrategia.com\/portal\/?s={search_term_string}\"},\"query-input\":{\"@type\":\"PropertyValueSpecification\",\"valueRequired\":true,\"valueName\":\"search_term_string\"}}],\"inLanguage\":\"pt-BR\"},{\"@type\":\"Organization\",\"@id\":\"https:\/\/militares.estrategia.com\/portal\/#organization\",\"name\":\"Estrat\u00e9gia Militares\",\"url\":\"https:\/\/militares.estrategia.com\/portal\/\",\"logo\":{\"@type\":\"ImageObject\",\"inLanguage\":\"pt-BR\",\"@id\":\"https:\/\/militares.estrategia.com\/portal\/#\/schema\/logo\/image\/\",\"url\":\"https:\/\/militares.estrategia.com\/portal\/wp-content\/uploads\/2021\/10\/logo-militares.webp\",\"contentUrl\":\"https:\/\/militares.estrategia.com\/portal\/wp-content\/uploads\/2021\/10\/logo-militares.webp\",\"width\":346,\"height\":90,\"caption\":\"Estrat\u00e9gia Militares\"},\"image\":{\"@id\":\"https:\/\/militares.estrategia.com\/portal\/#\/schema\/logo\/image\/\"},\"sameAs\":[\"https:\/\/www.facebook.com\/EstrategiaMilitares\",\"https:\/\/x.com\/estrategiamilit\",\"https:\/\/www.instagram.com\/estrategiamilitares\/\",\"https:\/\/www.youtube.com\/channel\/UCRG_9hakCqXxnj_8TqCdgTA\"]},{\"@type\":\"Person\",\"@id\":\"https:\/\/militares.estrategia.com\/portal\/#\/schema\/person\/6587b50abb02ffb0d1d0b50c12a6b317\",\"name\":\"Vin\u00edcius Brigolini\",\"image\":{\"@type\":\"ImageObject\",\"inLanguage\":\"pt-BR\",\"@id\":\"https:\/\/militares.estrategia.com\/portal\/#\/schema\/person\/image\/\",\"url\":\"https:\/\/militares.estrategia.com\/portal\/wp-content\/uploads\/2021\/08\/Sem-titulo-150x150.jpg\",\"contentUrl\":\"https:\/\/militares.estrategia.com\/portal\/wp-content\/uploads\/2021\/08\/Sem-titulo-150x150.jpg\",\"caption\":\"Vin\u00edcius Brigolini\"},\"description\":\"Membro da turma Carcar\u00e1 de 2017 da For\u00e7a A\u00e9rea Brasileira. \u00c9 apaixonado pela avia\u00e7\u00e3o e pelo mundo militar!\",\"sameAs\":[\"https:\/\/www.instagram.com\/viniciusbgn\/\"],\"url\":\"https:\/\/militares.estrategia.com\/portal\/author\/vinicius-souza\/\"}]}<\/script>\n<!-- \/ Yoast SEO Premium plugin. -->","yoast_head_json":{"title":"25 de agosto: Dia do Soldado, saiba mais sobre a data comemorativa do Ex\u00e9rcito!","description":"Voc\u00ea tem o sonho de ser soldado nas For\u00e7as Armadas? Clique aqui e confira a hist\u00f3ria do Duque de Caxias e as possibilidades na vida militar!","robots":{"index":"index","follow":"follow","max-snippet":"max-snippet:-1","max-image-preview":"max-image-preview:large","max-video-preview":"max-video-preview:-1"},"canonical":"https:\/\/militares.estrategia.com\/portal\/mundo-militar\/datas-comemorativas\/dia-do-soldado-confira-mais-sobre-as-forcas-armadas\/","og_locale":"pt_BR","og_type":"article","og_title":"25 de agosto: Dia do Soldado, saiba mais sobre a data comemorativa do Ex\u00e9rcito!","og_description":"Voc\u00ea tem o sonho de ser soldado nas For\u00e7as Armadas? Clique aqui e confira a hist\u00f3ria do Duque de Caxias e as possibilidades na vida militar!","og_url":"https:\/\/militares.estrategia.com\/portal\/mundo-militar\/datas-comemorativas\/dia-do-soldado-confira-mais-sobre-as-forcas-armadas\/","og_site_name":"Estrat\u00e9gia Militares","article_publisher":"https:\/\/www.facebook.com\/EstrategiaMilitares","article_published_time":"2022-08-25T08:41:23+00:00","article_modified_time":"2025-08-24T13:57:27+00:00","og_image":[{"width":1920,"height":1283,"url":"https:\/\/militares.estrategia.com\/portal\/wp-content\/uploads\/2022\/08\/soldier-996536_1920.jpg","type":"image\/jpeg"}],"author":"Vin\u00edcius Brigolini","twitter_card":"summary_large_image","twitter_creator":"@estrategiamilit","twitter_site":"@estrategiamilit","twitter_misc":{"Escrito por":"Vin\u00edcius Brigolini","Est. tempo de leitura":"6 minutos"},"schema":{"@context":"https:\/\/schema.org","@graph":[{"@type":"Article","@id":"https:\/\/militares.estrategia.com\/portal\/mundo-militar\/datas-comemorativas\/dia-do-soldado-confira-mais-sobre-as-forcas-armadas\/#article","isPartOf":{"@id":"https:\/\/militares.estrategia.com\/portal\/mundo-militar\/datas-comemorativas\/dia-do-soldado-confira-mais-sobre-as-forcas-armadas\/"},"author":{"name":"Vin\u00edcius Brigolini","@id":"https:\/\/militares.estrategia.com\/portal\/#\/schema\/person\/6587b50abb02ffb0d1d0b50c12a6b317"},"headline":"25 de agosto: Dia do Soldado, saiba mais sobre a data comemorativa do Ex\u00e9rcito!","datePublished":"2022-08-25T08:41:23+00:00","dateModified":"2025-08-24T13:57:27+00:00","mainEntityOfPage":{"@id":"https:\/\/militares.estrategia.com\/portal\/mundo-militar\/datas-comemorativas\/dia-do-soldado-confira-mais-sobre-as-forcas-armadas\/"},"wordCount":1137,"publisher":{"@id":"https:\/\/militares.estrategia.com\/portal\/#organization"},"image":{"@id":"https:\/\/militares.estrategia.com\/portal\/mundo-militar\/datas-comemorativas\/dia-do-soldado-confira-mais-sobre-as-forcas-armadas\/#primaryimage"},"thumbnailUrl":"https:\/\/militares.estrategia.com\/portal\/wp-content\/uploads\/2022\/08\/soldier-996536_1920.jpg","keywords":["Aeronautica","Ex\u00e9rcito","marinha"],"articleSection":["Datas Comemorativas"],"inLanguage":"pt-BR"},{"@type":"WebPage","@id":"https:\/\/militares.estrategia.com\/portal\/mundo-militar\/datas-comemorativas\/dia-do-soldado-confira-mais-sobre-as-forcas-armadas\/","url":"https:\/\/militares.estrategia.com\/portal\/mundo-militar\/datas-comemorativas\/dia-do-soldado-confira-mais-sobre-as-forcas-armadas\/","name":"25 de agosto: Dia do Soldado, saiba mais sobre a data comemorativa do Ex\u00e9rcito!","isPartOf":{"@id":"https:\/\/militares.estrategia.com\/portal\/#website"},"primaryImageOfPage":{"@id":"https:\/\/militares.estrategia.com\/portal\/mundo-militar\/datas-comemorativas\/dia-do-soldado-confira-mais-sobre-as-forcas-armadas\/#primaryimage"},"image":{"@id":"https:\/\/militares.estrategia.com\/portal\/mundo-militar\/datas-comemorativas\/dia-do-soldado-confira-mais-sobre-as-forcas-armadas\/#primaryimage"},"thumbnailUrl":"https:\/\/militares.estrategia.com\/portal\/wp-content\/uploads\/2022\/08\/soldier-996536_1920.jpg","datePublished":"2022-08-25T08:41:23+00:00","dateModified":"2025-08-24T13:57:27+00:00","description":"Voc\u00ea tem o sonho de ser soldado nas For\u00e7as Armadas? Clique aqui e confira a hist\u00f3ria do Duque de Caxias e as possibilidades na vida militar!","breadcrumb":{"@id":"https:\/\/militares.estrategia.com\/portal\/mundo-militar\/datas-comemorativas\/dia-do-soldado-confira-mais-sobre-as-forcas-armadas\/#breadcrumb"},"inLanguage":"pt-BR","potentialAction":[{"@type":"ReadAction","target":["https:\/\/militares.estrategia.com\/portal\/mundo-militar\/datas-comemorativas\/dia-do-soldado-confira-mais-sobre-as-forcas-armadas\/"]}]},{"@type":"ImageObject","inLanguage":"pt-BR","@id":"https:\/\/militares.estrategia.com\/portal\/mundo-militar\/datas-comemorativas\/dia-do-soldado-confira-mais-sobre-as-forcas-armadas\/#primaryimage","url":"https:\/\/militares.estrategia.com\/portal\/wp-content\/uploads\/2022\/08\/soldier-996536_1920.jpg","contentUrl":"https:\/\/militares.estrategia.com\/portal\/wp-content\/uploads\/2022\/08\/soldier-996536_1920.jpg","width":1920,"height":1283,"caption":"Dia do soldado"},{"@type":"BreadcrumbList","@id":"https:\/\/militares.estrategia.com\/portal\/mundo-militar\/datas-comemorativas\/dia-do-soldado-confira-mais-sobre-as-forcas-armadas\/#breadcrumb","itemListElement":[{"@type":"ListItem","position":1,"name":"Home","item":"https:\/\/militares.estrategia.com\/portal\/"},{"@type":"ListItem","position":2,"name":"Mundo Militar","item":"https:\/\/militares.estrategia.com\/portal\/mundo-militar\/"},{"@type":"ListItem","position":3,"name":"Datas Comemorativas","item":"https:\/\/militares.estrategia.com\/portal\/mundo-militar\/datas-comemorativas\/"},{"@type":"ListItem","position":4,"name":"25 de agosto: Dia do Soldado, saiba mais sobre a data comemorativa do Ex\u00e9rcito!"}]},{"@type":"WebSite","@id":"https:\/\/militares.estrategia.com\/portal\/#website","url":"https:\/\/militares.estrategia.com\/portal\/","name":"Estrat\u00e9gia Militares","description":"","publisher":{"@id":"https:\/\/militares.estrategia.com\/portal\/#organization"},"potentialAction":[{"@type":"SearchAction","target":{"@type":"EntryPoint","urlTemplate":"https:\/\/militares.estrategia.com\/portal\/?s={search_term_string}"},"query-input":{"@type":"PropertyValueSpecification","valueRequired":true,"valueName":"search_term_string"}}],"inLanguage":"pt-BR"},{"@type":"Organization","@id":"https:\/\/militares.estrategia.com\/portal\/#organization","name":"Estrat\u00e9gia Militares","url":"https:\/\/militares.estrategia.com\/portal\/","logo":{"@type":"ImageObject","inLanguage":"pt-BR","@id":"https:\/\/militares.estrategia.com\/portal\/#\/schema\/logo\/image\/","url":"https:\/\/militares.estrategia.com\/portal\/wp-content\/uploads\/2021\/10\/logo-militares.webp","contentUrl":"https:\/\/militares.estrategia.com\/portal\/wp-content\/uploads\/2021\/10\/logo-militares.webp","width":346,"height":90,"caption":"Estrat\u00e9gia Militares"},"image":{"@id":"https:\/\/militares.estrategia.com\/portal\/#\/schema\/logo\/image\/"},"sameAs":["https:\/\/www.facebook.com\/EstrategiaMilitares","https:\/\/x.com\/estrategiamilit","https:\/\/www.instagram.com\/estrategiamilitares\/","https:\/\/www.youtube.com\/channel\/UCRG_9hakCqXxnj_8TqCdgTA"]},{"@type":"Person","@id":"https:\/\/militares.estrategia.com\/portal\/#\/schema\/person\/6587b50abb02ffb0d1d0b50c12a6b317","name":"Vin\u00edcius Brigolini","image":{"@type":"ImageObject","inLanguage":"pt-BR","@id":"https:\/\/militares.estrategia.com\/portal\/#\/schema\/person\/image\/","url":"https:\/\/militares.estrategia.com\/portal\/wp-content\/uploads\/2021\/08\/Sem-titulo-150x150.jpg","contentUrl":"https:\/\/militares.estrategia.com\/portal\/wp-content\/uploads\/2021\/08\/Sem-titulo-150x150.jpg","caption":"Vin\u00edcius Brigolini"},"description":"Membro da turma Carcar\u00e1 de 2017 da For\u00e7a A\u00e9rea Brasileira. \u00c9 apaixonado pela avia\u00e7\u00e3o e pelo mundo militar!","sameAs":["https:\/\/www.instagram.com\/viniciusbgn\/"],"url":"https:\/\/militares.estrategia.com\/portal\/author\/vinicius-souza\/"}]}},"_wl_alt_label":[],"wl:entity_url":"https:\/\/data.wordlift.io\/wl110246\/post\/dia-do-soldado-confira-mais-sobre-as-forcas-armadas-58337","_links":{"self":[{"href":"https:\/\/militares.estrategia.com\/portal\/wp-json\/wp\/v2\/posts\/58337","targetHints":{"allow":["GET"]}}],"collection":[{"href":"https:\/\/militares.estrategia.com\/portal\/wp-json\/wp\/v2\/posts"}],"about":[{"href":"https:\/\/militares.estrategia.com\/portal\/wp-json\/wp\/v2\/types\/post"}],"author":[{"embeddable":true,"href":"https:\/\/militares.estrategia.com\/portal\/wp-json\/wp\/v2\/users\/52"}],"replies":[{"embeddable":true,"href":"https:\/\/militares.estrategia.com\/portal\/wp-json\/wp\/v2\/comments?post=58337"}],"version-history":[{"count":4,"href":"https:\/\/militares.estrategia.com\/portal\/wp-json\/wp\/v2\/posts\/58337\/revisions"}],"predecessor-version":[{"id":89290,"href":"https:\/\/militares.estrategia.com\/portal\/wp-json\/wp\/v2\/posts\/58337\/revisions\/89290"}],"wp:featuredmedia":[{"embeddable":true,"href":"https:\/\/militares.estrategia.com\/portal\/wp-json\/wp\/v2\/media\/58339"}],"wp:attachment":[{"href":"https:\/\/militares.estrategia.com\/portal\/wp-json\/wp\/v2\/media?parent=58337"}],"wp:term":[{"taxonomy":"category","embeddable":true,"href":"https:\/\/militares.estrategia.com\/portal\/wp-json\/wp\/v2\/categories?post=58337"},{"taxonomy":"post_tag","embeddable":true,"href":"https:\/\/militares.estrategia.com\/portal\/wp-json\/wp\/v2\/tags?post=58337"},{"taxonomy":"wl_entity_type","embeddable":true,"href":"https:\/\/militares.estrategia.com\/portal\/wp-json\/wp\/v2\/wl_entity_type?post=58337"}],"curies":[{"name":"wp","href":"https:\/\/api.w.org\/{rel}","templated":true}]}}