{"id":58060,"date":"2022-08-18T07:00:00","date_gmt":"2022-08-18T10:00:00","guid":{"rendered":"https:\/\/militares.estrategia.com\/portal\/?p=58060"},"modified":"2025-08-18T11:12:22","modified_gmt":"2025-08-18T14:12:22","slug":"a-missao-medica-brasileira-na-primeira-guerra-mundial","status":"publish","type":"post","link":"https:\/\/militares.estrategia.com\/portal\/mundo-militar\/datas-comemorativas\/a-missao-medica-brasileira-na-primeira-guerra-mundial\/","title":{"rendered":"18 de agosto: Partida da Miss\u00e3o M\u00e9dica Brasileira para a Primeira Guerra Mundial"},"content":{"rendered":"\n<p>A Miss\u00e3o m\u00e9dica brasileira em Paris foi a prova de que o Brasil participou ativamente da Primeira Guerra Mundial. No dia 18 de agosto de 1917, partiu para Paris o navio contendo m\u00e9dicos, enfermeiros, farmac\u00eauticos e militares brasileiros para a Primeira Guerra Mundial. <\/p>\n\n\n\n<p>A delega\u00e7\u00e3o s\u00f3 n\u00e3o contava com um grande problema: a gripe espanhola. Confira, nesse artigo que o<strong> Estrat\u00e9gia Militares<\/strong> preparou para voc\u00ea, como foi essa miss\u00e3o!<\/p>\n\n\n<div id=\"new-form\">\n\t<form id=\"forms_layout\">\n\t<input type=\"hidden\" id=\"chave_de\" name=\"chave_de\" value=\"01_EMIL_LEADS_TOTAIS\" \/>\n\t\t<input type=\"hidden\" id=\"mid\" name=\"mid\" value=\"515009017\" \/>\n\t\t<input type=\"hidden\" id=\"Objetivo\" name=\"Objetivo\" value=\"Militares\" \/>\n\t\t<input type=\"hidden\" id=\"Estado_de_Origem_do_IP\" name=\"Estado_de_Origem_do_IP\"  value=\"\" \/>\n\t\t<input type=\"hidden\" id=\"Cidade_de_Origem_do_IP\" name=\"Cidade_de_Origem_do_IP\" value=\"\" \/>\n\t\t<input type=\"hidden\" id=\"Modo_de_entrada\" name=\"Modo_de_entrada\" value=\"Portal\" \/>\n\t\t<input type=\"hidden\" id=\"Pagina_Origem\" name=\"Pagina_Origem\" value=\"\" \/>\n\n\t\t<div class=\"texto\">\n\t\t\t<h3 class=\"news\">Inscreva-se em nossa newsletter!<\/h3>\n\t\t\t<p>Receba not\u00edcias sobre os mais importantes concursos para as For\u00e7as Armadas brasileiras e informa\u00e7\u00f5es sobre o mundo militar!<\/p>\n\t\t<\/div>\n\t\t<div class=\"campos\">\n\t\t\t<div class=\"first_name labels\">\n\t\t\t\t<input type=\"text\" class=\"input_labels\" id=\"first_name\" name=\"Nome_Completo\" placeholder=\"Nome\" required \/>\n\t\t\t<\/div>\n\t\t\t<div class=\"email labels\">\n\t\t\t\t<input type=\"email\" class=\"input_labels\" id=\"email\" name=\"Email\" placeholder=\"E-mail\" required \/>\n\t\t\t<\/div>\n\t\t\t<button type=\"submit\" class=\"button_layout\">\n\t\t\t\t<div id=\"lblBotao\">Inscreva-se<\/div>\n\t\t\t\t<span id=\"divSpiner\" class=\"loader\" role=\"status\" style=\"display: none;\"><\/span>\t\n\t\t\t<\/button>\n\t\t<\/div><!-- \/campos -->\n\t\t\n\t\t<label class=\"container_checkbox\">Voc\u00ea concorda com a nossa\n\t\t\t<a class=\"politics_privacy_ahref\" target=\"_blank\" href=\"https:\/\/gratis.estrategiaconcursos.com.br\/politica-de-privacidade\/\">Pol\u00edtica de Privacidade<\/a> e aceita receber informa\u00e7\u00f5es adicionais do Estrat\u00e9gia Educacional.\n\t\t\t<input id=\"checkbox_layout\" type=\"checkbox\" checked=\"checked\" required \/>\n\t\t\t<span class=\"checkbox\"><\/span>\n\t\t<\/label>\n\t\t<div id=\"msg\"><\/div>\n\t\t<div id=\"error\" class=\"error\">\n\t\t<\/div>\n\t<\/form>\n<\/div><!-- \/new-form -->\n\n\n\n<div id=\"ez-toc-container\" class=\"ez-toc-v2_0_79_2 counter-hierarchy ez-toc-counter ez-toc-transparent ez-toc-container-direction\">\n<div class=\"ez-toc-title-container\"><p class=\"ez-toc-title\" style=\"cursor:inherit\">Navegue pelo conte\u00fado\t<\/p>\n<\/div><nav><ul class='ez-toc-list ez-toc-list-level-1 ' ><li class='ez-toc-page-1 ez-toc-heading-level-2'><a class=\"ez-toc-link ez-toc-heading-1\" href=\"https:\/\/militares.estrategia.com\/portal\/mundo-militar\/datas-comemorativas\/a-missao-medica-brasileira-na-primeira-guerra-mundial\/#Panorama-da-epoca\" >Panorama da \u00e9poca<\/a><\/li><li class='ez-toc-page-1 ez-toc-heading-level-2'><a class=\"ez-toc-link ez-toc-heading-2\" href=\"https:\/\/militares.estrategia.com\/portal\/mundo-militar\/datas-comemorativas\/a-missao-medica-brasileira-na-primeira-guerra-mundial\/#A-criacao-do-Hospital-Franco-brasileiro-em-Paris\" >A cria\u00e7\u00e3o do Hospital Franco-brasileiro em Paris<\/a><\/li><li class='ez-toc-page-1 ez-toc-heading-level-2'><a class=\"ez-toc-link ez-toc-heading-3\" href=\"https:\/\/militares.estrategia.com\/portal\/mundo-militar\/datas-comemorativas\/a-missao-medica-brasileira-na-primeira-guerra-mundial\/#A-missao-medica-brasileira-e-a-gripe-espanhola\" >A miss\u00e3o m\u00e9dica brasileira e a gripe espanhola<\/a><\/li><\/ul><\/nav><\/div>\n<h2 class=\"wp-block-heading\" id=\"h-panorama-da-epoca\"><span class=\"ez-toc-section\" id=\"Panorama-da-epoca\"><\/span>Panorama da \u00e9poca<span class=\"ez-toc-section-end\"><\/span><\/h2>\n\n\n\n<p>Anteriormente ao in\u00edcio da Primeira Guerra Mundial, a Alemanha e a Fran\u00e7a buscavam aliados \u00e0s suas causas por meio de convites a visitas, como a realizada pelo Marechal Hermes \u00e0 Alemanha em 1910. Por\u00e9m, com o in\u00edcio do conflito mundial,<strong> o Brasil declarou-se neutro.<\/strong><\/p>\n\n\n\n<p>Em 26 de julho de 1914, o pa\u00eds era governado pelo Marechal Hermes da Fonseca.<strong> Por\u00e9m, quem comandou o pa\u00eds at\u00e9 o fim do conflito mundial foi Wenceslau Br\u00e1s, sucessor do Marechal Hermes.<\/strong><\/p>\n\n\n\n<p>Mesmo t\u00e3o distante do territ\u00f3rio europeu,<strong> as consequ\u00eancias do conflito alcan\u00e7aram os pa\u00edses no continente americano.<\/strong> O Brasil era um grande <strong>exportador de caf\u00e9<\/strong> e a guerra provocou uma grande oscila\u00e7\u00e3o nas exporta\u00e7\u00f5es, com efeitos negativos para a economia brasileira. Dois fatos acabaram motivando a entrada do pa\u00eds no conflito:&nbsp;<\/p>\n\n\n\n<ul class=\"wp-block-list\">\n<li><strong>O primeiro, foi motivado pela Inglaterra, principal consumidor do caf\u00e9 brasileiro<\/strong>, que proibiu a sua importa\u00e7\u00e3o sob a alega\u00e7\u00e3o de que os espa\u00e7os dos navios mercantes deveriam ser destinados a produtos mais essenciais e vitais, como alimentos, armas e medicamentos; e<\/li>\n<\/ul>\n\n\n\n<ul class=\"wp-block-list\">\n<li><strong>O segundo, foi a Alemanha ter autorizado o torpedeamento de qualquer navio<\/strong> &#8211; mesmo os de pa\u00edses neutros &#8211; que penetrassem nas zonas de bloqueio, o que tornava vulner\u00e1vel qualquer navio mercante brasileiro ao tentar levar mercadorias para Fran\u00e7a e Gr\u00e3-Bretanha, seus principais mercados europeus.\u00a0<\/li>\n<\/ul>\n\n\n\n<p>Dessa forma<strong>, o bloqueio imposto pela Alemanha n\u00e3o foi acatado pela Marinha Mercante brasileira<\/strong>. Isso resultou no <strong>torpedeamento do navio Paran\u00e1,<\/strong> em 5 de abril de 1917, um dos maiores da marinha mercante brasileira. Ele estava carregado de caf\u00e9 e, mesmo navegando de acordo com as exig\u00eancias feitas a pa\u00edses neutros, <strong>foi atacado por um submarino alem\u00e3o a poucas milhas do Cabo Barfleur, na Fran\u00e7a.<\/strong><\/p>\n\n\n\n<p>Oito dias ap\u00f3s o afundamento, <strong>o governo brasileiro passou a sofrer in\u00fameras cr\u00edticas e press\u00f5es da popula\u00e7\u00e3o por meio de manifesta\u00e7\u00f5es que exigiam uma resposta ao ataque.<\/strong> No primeiro momento, as rea\u00e7\u00f5es populares resultaram na demiss\u00e3o do Ministro das Rela\u00e7\u00f5es Exteriores Lauro Muller, seguidas de ataques aos estabelecimentos comerciais e \u00e0s propriedades de alem\u00e3es e seus descendentes no pa\u00eds. Tudo isso culminou no rompimento de rela\u00e7\u00f5es diplom\u00e1ticas entre o Brasil e o Bloco Germ\u00e2nico, em 11 de abril de 1917.&nbsp;<\/p>\n\n\n\n<p>Posteriormente,<strong> o governo brasileiro confiscou 45 navios alem\u00e3es que estavam em portos brasileiros, sob o argumento de servirem como indeniza\u00e7\u00e3o de guerra.<\/strong> Eles correspondiam a um quarto da frota mercante brasileira.&nbsp;<\/p>\n\n\n\n<p>De um total de 1,200 marinheiros alem\u00e3es, cerca de 600 tripulantes destes navios apresados foram detidos na qualidade de \u201cinternados\u201d e recolhidos ao Sanat\u00f3rio Naval de Nova Friburgo, onde a Marinha criou uma infraestrutura para abrig\u00e1-los. <strong>Mas mesmo com essas a\u00e7\u00f5es, o governo brasiliero manteve-se neutro com rela\u00e7\u00e3o \u00e0 guerra.<\/strong><\/p>\n\n\n\n<h2 class=\"wp-block-heading\" id=\"h-a-criacao-do-hospital-franco-brasileiro-em-paris\"><span class=\"ez-toc-section\" id=\"A-criacao-do-Hospital-Franco-brasileiro-em-Paris\"><\/span>A cria\u00e7\u00e3o do Hospital Franco-brasileiro em Paris<span class=\"ez-toc-section-end\"><\/span><\/h2>\n\n\n\n<p>Assim, personalidades brasileiras de grande influ\u00eancia pol\u00edtica na \u00e9poca se revoltaram. Dentre eles, Ruy Barbosa, advogado de forma\u00e7\u00e3o e senador.<strong> Ele associou-se ao movimento destinado a criticar a neutralidade do governo brasileiro, chamado de Liga Brasileira pelos Aliados.<\/strong><\/p>\n\n\n\n<p>As articula\u00e7\u00f5es promovidas por Ruy Barbosa na liga e a abertura de hospitais de campanha em Paris por v\u00e1rias na\u00e7\u00f5es neutras, levou a Condessa Carolina da SIlva Ramos a mudar-se para o local e inaugurar o <a href=\"https:\/\/militares.estrategia.com\/portal\/mundo-militar\/equipamentos\/hospitais-militares\/\" target=\"_blank\" >Hospital Brasileiro em Paris<\/a>. <strong>A institui\u00e7\u00e3o seria mantida pelas doa\u00e7\u00f5es oriundas de eventos de caridade e as organizadas pela Liga Brasileira pelos Aliados<\/strong>.<\/p>\n\n\n\n<p>Dentre os integrantes da miss\u00e3o para cria\u00e7\u00e3o e manuten\u00e7\u00e3o do hospital estavam cl\u00ednicos e cirurgi\u00f5es, farmac\u00eauticos,<a href=\"https:\/\/militares.estrategia.com\/portal\/mundo-militar\/carreiras-e-especializacoes\/especialidades-da-eear-sargento-especialista-em-enfermagem\/\" target=\"_blank\" > enfermeiros<\/a> e intendentes civis e militares. A dire\u00e7\u00e3o da institui\u00e7\u00e3ol foi entregue ao Dr. Paulo da Silva Paranhos,<strong> filho do Bar\u00e3o do Rio Branco, o qual possu\u00eda dupla nacionalidade e morava em Paris na \u00e9poca.<\/strong><\/p>\n\n\n<div class=\"wp-block-image\">\n<figure class=\"aligncenter size-full\"><img decoding=\"async\" width=\"1024\" height=\"743\" src=\"https:\/\/militares.estrategia.com\/portal\/wp-content\/uploads\/2022\/08\/1024px-Massarosaw.jpg\" alt=\"Miss\u00e3o m\u00e9dica brasileira em Paris\" class=\"wp-image-58063\" srcset=\"https:\/\/militares.estrategia.com\/portal\/wp-content\/uploads\/2022\/08\/1024px-Massarosaw.jpg 1024w, https:\/\/militares.estrategia.com\/portal\/wp-content\/uploads\/2022\/08\/1024px-Massarosaw-768x557.webp 768w, https:\/\/militares.estrategia.com\/portal\/wp-content\/uploads\/2022\/08\/1024px-Massarosaw-800x580.webp 800w\" sizes=\"(max-width: 1024px) 100vw, 1024px\" \/><figcaption class=\"wp-element-caption\">Divulga\u00e7\u00e3o: WikiCommons \/ <a href=\"https:\/\/commons.wikimedia.org\/w\/index.php?title=User:Durval_Jr.&amp;action=edit&amp;redlink=1\">Durval Jr<\/a><\/figcaption><\/figure><\/div>\n\n\n<p>O ataque dos alem\u00e3es a navios mercantes brasileiros continuaram, tendo sido atingidos outros seis: <strong>Acari, Gua\u00edba, Taquari, Tijuca, Lapa e Macau<\/strong>. Assim, aumentou a press\u00e3o da popula\u00e7\u00e3o sobre o governo brasileiro, at\u00e9 que foi decretado o Estado de Guerra contra a Alemanha. Isso aconteceu por meio do Decreto n\u00ba 3.361, de 26 de outubro de 1917, levando o Brasil a lutar ao lado dos Aliados. Foram assumidos tr\u00eas compromissos:<\/p>\n\n\n\n<ul class=\"wp-block-list\">\n<li>Envio da Divis\u00e3o Naval em Opera\u00e7\u00f5es de Guerra-DNOG, comandada pelo Contra-Almirante\u00a0 Pedro\u00a0 Max\u00a0 Fernando\u00a0 Frontin, para\u00a0 incorporar-se\u00a0 \u00e0\u00a0 esquadra\u00a0 brit\u00e2nica em Gibraltar;<\/li>\n\n\n\n<li>Envio\u00a0 de\u00a0 aviadores\u00a0 da\u00a0 Marinha\u00a0 e\u00a0 do Ex\u00e9rcito para serem treinados na Real For\u00e7a A\u00e9rea brit\u00e2nica e, posteriormente, partilhar de suas miss\u00f5es; e\u00a0<\/li>\n\n\n\n<li>Envio\u00a0 de\u00a0 uma\u00a0 Miss\u00e3o\u00a0 M\u00e9dica\u00a0 Militar, composta de cirurgi\u00f5es militares de carreira e\u00a0 civis comissionados\u00a0 em\u00a0 patentes\u00a0 militares,\u00a0 para\u00a0 atuar\u00a0 em\u00a0 um\u00a0 hospital\u00a0 de\u00a0 campanha no teatro de opera\u00e7\u00f5es europeu.<\/li>\n<\/ul>\n\n\n\n<p>O decreto 13.092 de 10 de julho de 1918 criou a Miss\u00e3o M\u00e9dica Especial de Car\u00e1ter Militar.<\/p>\n\n\n\n<p><em>\u201cPresidente &nbsp; da &nbsp; Rep\u00fablica &nbsp; dos &nbsp; Estados&nbsp; Unidos do Brasil, usando da autoriza\u00e7\u00e3o contida&nbsp; no&nbsp; decreto legislativo&nbsp; no 3.361,&nbsp; de&nbsp; 24&nbsp; de outubro de 1917, resolve:<\/em><\/p>\n\n\n\n<p><em>Art. 1\u00ba Fica criada, com o intuito de auxiliar o servi\u00e7o de sa\u00fade dos nossos aliados, uma miss\u00e3o&nbsp; medica especial&nbsp; que&nbsp; ser\u00e1&nbsp; enviada&nbsp; \u00e0&nbsp; Fran\u00e7a, em car\u00e1ter militar, a fim de manter um hospital&nbsp; tempor\u00e1rio&nbsp; na zona&nbsp; de&nbsp; guerra,&nbsp; enquanto esta durar.<\/em><\/p>\n\n\n\n<p><em>Art. 2\u00ba O hospital ter\u00e1 a capacidade m\u00e1xima de 500 leitos, at\u00e9 que o Governo autorize aumento, se assim julgar necess\u00e1rio\u201d . <\/em>[1]\n\n\n\n<p>A Miss\u00e3o M\u00e9dica teve a participa\u00e7\u00e3o de 86 m\u00e9dicos, n\u00famero inferior aos mais de 200 volunt\u00e1rios que se candidataram a servir ao pa\u00eds na Fran\u00e7a. Embora&nbsp; tivesse motiva\u00e7\u00e3o&nbsp; humanit\u00e1ria&nbsp; de&nbsp; assist\u00eancia&nbsp; aos feridos, tratava-se de um ato de guerra, pois suas atividades seriam desenvolvidas no teatro&nbsp; de&nbsp; opera\u00e7\u00f5es&nbsp; do conflito e, portanto, em territ\u00f3rios sob&nbsp; administra\u00e7\u00e3o militar.&nbsp;&nbsp;<\/p>\n\n\n\n<p>A&nbsp; estrutura&nbsp; militar,&nbsp; j\u00e1&nbsp; largamente estabelecida e conhecida, evitaria um n\u00famero elevado de atos administrativos estabelecendo normas de conduta, cria\u00e7\u00e3o de cargos, estrutura hier\u00e1rquica, vencimentos, direitos e deveres e penas disciplinares.<strong> Ou seja, toda uma estrutura legal para um tipo de miss\u00e3o para a qual n\u00e3o havia precedente no meio civil.<\/strong><\/p>\n\n\n\n<p>Tendo o Ex\u00e9rcito Brasileiro se declarado sem condi\u00e7\u00f5es de enviar uma<a href=\"https:\/\/militares.estrategia.com\/portal\/materias-e-dicas\/historia\/feb\/\" target=\"_blank\" > For\u00e7a Expedicion\u00e1ria<\/a>&nbsp; \u00e0&nbsp; Europa, enviou uma Miss\u00e3o Militar sob o comando do<strong> General Napole\u00e3o Felippe Ach\u00e9.<\/strong> <strong>A Miss\u00e3o M\u00e9dica Especial de car\u00e1ter militar ficou subordinada a ela.<\/strong><\/p>\n\n\n\n<h2 class=\"wp-block-heading\" id=\"h-a-missao-medica-brasileira-e-a-gripe-espanhola\"><span class=\"ez-toc-section\" id=\"A-missao-medica-brasileira-e-a-gripe-espanhola\"><\/span>A miss\u00e3o m\u00e9dica brasileira e a gripe espanhola<span class=\"ez-toc-section-end\"><\/span><\/h2>\n\n\n\n<p>Enquanto a miss\u00e3o m\u00e9dica se deslocava em dire\u00e7\u00e3o \u00e0 Europa, o navio foi infectado pelo v\u00edrus da gripe espanhola.<strong> A epidemia fez v\u00e1rias v\u00edtimas fatais. Dentre eles, soldados senegaleses que haviam embarcado no navio em Dakar, no Marrocos, al\u00e9m de quatro m\u00e9dicos da Miss\u00e3o M\u00e9dica, sendo eles:<\/strong><\/p>\n\n\n\n<ul class=\"wp-block-list\">\n<li>1\u00ba Tenente M\u00e9dico Scylla Teixeira;<\/li>\n\n\n\n<li>1\u00ba Tenente Farmac\u00eautico Jos\u00e9 Brasil da Silva Coutinho;<\/li>\n\n\n\n<li>2\u00ba Tenente Intendente Octavio Gomes dos Passos; e\u00a0<\/li>\n\n\n\n<li>2\u00ba Tenente Intendente Paulo de Mello Andrade.<\/li>\n<\/ul>\n\n\n\n<p>A doen\u00e7a \u00e9 provocada pelo v\u00edrus Influenza A, H1N1A. As estimativas levantadas pela Organiza\u00e7\u00e3o Mundial de Sa\u00fade (OMS) calculam entre 40 a 50 milh\u00f5es de mortes causadas pela gripe espanhola.&nbsp;<\/p>\n\n\n<div class=\"wp-block-image\">\n<figure class=\"aligncenter size-large\"><img decoding=\"async\" width=\"1024\" height=\"576\" src=\"https:\/\/militares.estrategia.com\/portal\/wp-content\/uploads\/2022\/08\/image-4-1024x576.webp\" alt=\"Miss\u00e3o m\u00e9dica brasileira em Paris\" class=\"wp-image-58062\" srcset=\"https:\/\/militares.estrategia.com\/portal\/wp-content\/uploads\/2022\/08\/image-4-1024x576.webp 1024w, https:\/\/militares.estrategia.com\/portal\/wp-content\/uploads\/2022\/08\/image-4-768x432.webp 768w, https:\/\/militares.estrategia.com\/portal\/wp-content\/uploads\/2022\/08\/image-4-1536x864.webp 1536w, https:\/\/militares.estrategia.com\/portal\/wp-content\/uploads\/2022\/08\/image-4-800x450.webp 800w, https:\/\/militares.estrategia.com\/portal\/wp-content\/uploads\/2022\/08\/image-4-1160x653.webp 1160w, https:\/\/militares.estrategia.com\/portal\/wp-content\/uploads\/2022\/08\/image-4-1200x675.webp 1200w, https:\/\/militares.estrategia.com\/portal\/wp-content\/uploads\/2022\/08\/image-4.jpeg 1600w\" sizes=\"(max-width: 1024px) 100vw, 1024px\" \/><\/figure><\/div>\n\n\n<p>Somente na Primeira Guerra, cerca de 15 milh\u00f5es de combatentes faleceram pela doen\u00e7a.<strong> No Brasil, a epidemia provocou a morte de 300 mil pessoas. Entre elas o Presidente eleito Rodrigues Alves, que n\u00e3o chegou a ser empossado.<\/strong><\/p>\n\n\n\n<p>Ao chegarem na Fran\u00e7a, que estava vivendo o auge da epidemia da gripe espanhola, a maior parte dos m\u00e9dicos brasileiros foram distribu\u00eddos entre as v\u00e1rias prov\u00edncias que comp\u00f5em o estado franc\u00eas para tratarem n\u00e3o s\u00f3 os feridos de guerra, mas tamb\u00e9m os infectados pelo v\u00edrus.<\/p>\n\n\n\n<p>Isso foi feito para que os profissionais pudessem entrar em contato com as linhas de frente do combate e, assim, se familiarizarem com as t\u00e9cnicas m\u00e9dico-cir\u00fargicas empregadas pelos franceses e, posteriormente, poderem aplic\u00e1-las no Hospital Brasileiro em Paris.<\/p>\n\n\n\n<p>Curtiu a leitura? Acesse o<strong> Portal do Estrat\u00e9gia Militares<\/strong> e veja mais conte\u00fados, informa\u00e7\u00f5es e curiosidades do mundo militar! Aproveite tamb\u00e9m o <strong>Banco de Quest\u00f5es do Estrat\u00e9gia Militares<\/strong>. <strong>Clique no banner abaixo<\/strong> e vem ser coruja!<\/p>\n\n\n\n<p><strong><a id=\"cta\" class=\"cta-imagem\" href=\"https:\/\/militares.estrategia.com\/curso\/banco-de-questes-anual\/\" target=\"blank\">\n                <img decoding=\"async\" width=\"100%\" src=\"https:\/\/militares.estrategia.com\/portal\/wp-content\/uploads\/2023\/02\/EM-Banco-de-Questoes.jpg\" alt=\"EM - Banco de Questo\u0303es\" title=\"EM - Banco de Questo\u0303es\">\n        <\/a><\/strong><\/p>\n\n\n\n\n\n<h3 class=\"wp-block-heading\" id=\"h-referencia\">Refer\u00eancia<\/h3>\n\n\n\n<p><strong>[1] BRASIL, D. O. D. U. D. 1. D. M. D. 1. Relat\u00f3rio enviado pelo chefe da Miss\u00e3o M\u00e9dica Especial em car\u00e1ter militar ao ministro da Guerra. Jusbrasil, 02 junho 2014. Dispon\u00edvel em: &lt;http:\/\/www.jusbrasil.com.br\/diarios\/1748983\/pg-14-secao-1-diario-oficial-da-uniao-dou-de-14-03-1919\/pdfView&gt;<\/strong><\/p>\n","protected":false},"excerpt":{"rendered":"A Miss\u00e3o m\u00e9dica brasileira em Paris foi a prova de que o Brasil participou ativamente da Primeira Guerra&hellip;\n","protected":false},"author":52,"featured_media":58063,"comment_status":"closed","ping_status":"closed","sticky":false,"template":"","format":"standard","meta":{"wl_entities_gutenberg":"","footnotes":""},"categories":[306],"tags":[],"wl_entity_type":[187],"class_list":{"0":"post-58060","1":"post","2":"type-post","3":"status-publish","4":"format-standard","5":"has-post-thumbnail","7":"category-datas-comemorativas","8":"wl_entity_type-article"},"acf":[],"yoast_head":"<!-- This site is optimized with the Yoast SEO Premium plugin v26.6 (Yoast SEO v26.6) - https:\/\/yoast.com\/wordpress\/plugins\/seo\/ -->\n<title>18 de agosto: Partida da Miss\u00e3o M\u00e9dica Brasileira para a Primeira Guerra Mundial<\/title>\n<meta name=\"description\" content=\"Clique aqui para saber informa\u00e7\u00f5es e curiosidades sobre a Miss\u00e3o m\u00e9dica brasileira em Paris durante a Primeira Guerra Mundial!\" \/>\n<meta name=\"robots\" content=\"index, follow, max-snippet:-1, max-image-preview:large, max-video-preview:-1\" \/>\n<link rel=\"canonical\" href=\"https:\/\/militares.estrategia.com\/portal\/mundo-militar\/datas-comemorativas\/a-missao-medica-brasileira-na-primeira-guerra-mundial\/\" \/>\n<meta property=\"og:locale\" content=\"pt_BR\" \/>\n<meta property=\"og:type\" content=\"article\" \/>\n<meta property=\"og:title\" content=\"18 de agosto: Partida da Miss\u00e3o M\u00e9dica Brasileira para a Primeira Guerra Mundial\" \/>\n<meta property=\"og:description\" content=\"Clique aqui para saber informa\u00e7\u00f5es e curiosidades sobre a Miss\u00e3o m\u00e9dica brasileira em Paris durante a Primeira Guerra Mundial!\" \/>\n<meta property=\"og:url\" content=\"https:\/\/militares.estrategia.com\/portal\/mundo-militar\/datas-comemorativas\/a-missao-medica-brasileira-na-primeira-guerra-mundial\/\" \/>\n<meta property=\"og:site_name\" content=\"Estrat\u00e9gia Militares\" \/>\n<meta property=\"article:publisher\" content=\"https:\/\/www.facebook.com\/EstrategiaMilitares\" \/>\n<meta property=\"article:published_time\" content=\"2022-08-18T10:00:00+00:00\" \/>\n<meta property=\"article:modified_time\" content=\"2025-08-18T14:12:22+00:00\" \/>\n<meta property=\"og:image\" content=\"https:\/\/militares.estrategia.com\/portal\/wp-content\/uploads\/2022\/08\/1024px-Massarosaw.jpg\" \/>\n\t<meta property=\"og:image:width\" content=\"1024\" \/>\n\t<meta property=\"og:image:height\" content=\"743\" \/>\n\t<meta property=\"og:image:type\" content=\"image\/jpeg\" \/>\n<meta name=\"author\" content=\"Vin\u00edcius Brigolini\" \/>\n<meta name=\"twitter:card\" content=\"summary_large_image\" \/>\n<meta name=\"twitter:creator\" content=\"@estrategiamilit\" \/>\n<meta name=\"twitter:site\" content=\"@estrategiamilit\" \/>\n<meta name=\"twitter:label1\" content=\"Escrito por\" \/>\n\t<meta name=\"twitter:data1\" content=\"Vin\u00edcius Brigolini\" \/>\n\t<meta name=\"twitter:label2\" content=\"Est. tempo de leitura\" \/>\n\t<meta name=\"twitter:data2\" content=\"8 minutos\" \/>\n<script type=\"application\/ld+json\" class=\"yoast-schema-graph\">{\"@context\":\"https:\/\/schema.org\",\"@graph\":[{\"@type\":\"Article\",\"@id\":\"https:\/\/militares.estrategia.com\/portal\/mundo-militar\/datas-comemorativas\/a-missao-medica-brasileira-na-primeira-guerra-mundial\/#article\",\"isPartOf\":{\"@id\":\"https:\/\/militares.estrategia.com\/portal\/mundo-militar\/datas-comemorativas\/a-missao-medica-brasileira-na-primeira-guerra-mundial\/\"},\"author\":{\"name\":\"Vin\u00edcius Brigolini\",\"@id\":\"https:\/\/militares.estrategia.com\/portal\/#\/schema\/person\/6587b50abb02ffb0d1d0b50c12a6b317\"},\"headline\":\"18 de agosto: Partida da Miss\u00e3o M\u00e9dica Brasileira para a Primeira Guerra Mundial\",\"datePublished\":\"2022-08-18T10:00:00+00:00\",\"dateModified\":\"2025-08-18T14:12:22+00:00\",\"mainEntityOfPage\":{\"@id\":\"https:\/\/militares.estrategia.com\/portal\/mundo-militar\/datas-comemorativas\/a-missao-medica-brasileira-na-primeira-guerra-mundial\/\"},\"wordCount\":1577,\"publisher\":{\"@id\":\"https:\/\/militares.estrategia.com\/portal\/#organization\"},\"image\":{\"@id\":\"https:\/\/militares.estrategia.com\/portal\/mundo-militar\/datas-comemorativas\/a-missao-medica-brasileira-na-primeira-guerra-mundial\/#primaryimage\"},\"thumbnailUrl\":\"https:\/\/militares.estrategia.com\/portal\/wp-content\/uploads\/2022\/08\/1024px-Massarosaw.jpg\",\"articleSection\":[\"Datas Comemorativas\"],\"inLanguage\":\"pt-BR\"},{\"@type\":\"WebPage\",\"@id\":\"https:\/\/militares.estrategia.com\/portal\/mundo-militar\/datas-comemorativas\/a-missao-medica-brasileira-na-primeira-guerra-mundial\/\",\"url\":\"https:\/\/militares.estrategia.com\/portal\/mundo-militar\/datas-comemorativas\/a-missao-medica-brasileira-na-primeira-guerra-mundial\/\",\"name\":\"18 de agosto: Partida da Miss\u00e3o M\u00e9dica Brasileira para a Primeira Guerra Mundial\",\"isPartOf\":{\"@id\":\"https:\/\/militares.estrategia.com\/portal\/#website\"},\"primaryImageOfPage\":{\"@id\":\"https:\/\/militares.estrategia.com\/portal\/mundo-militar\/datas-comemorativas\/a-missao-medica-brasileira-na-primeira-guerra-mundial\/#primaryimage\"},\"image\":{\"@id\":\"https:\/\/militares.estrategia.com\/portal\/mundo-militar\/datas-comemorativas\/a-missao-medica-brasileira-na-primeira-guerra-mundial\/#primaryimage\"},\"thumbnailUrl\":\"https:\/\/militares.estrategia.com\/portal\/wp-content\/uploads\/2022\/08\/1024px-Massarosaw.jpg\",\"datePublished\":\"2022-08-18T10:00:00+00:00\",\"dateModified\":\"2025-08-18T14:12:22+00:00\",\"description\":\"Clique aqui para saber informa\u00e7\u00f5es e curiosidades sobre a Miss\u00e3o m\u00e9dica brasileira em Paris durante a Primeira Guerra Mundial!\",\"breadcrumb\":{\"@id\":\"https:\/\/militares.estrategia.com\/portal\/mundo-militar\/datas-comemorativas\/a-missao-medica-brasileira-na-primeira-guerra-mundial\/#breadcrumb\"},\"inLanguage\":\"pt-BR\",\"potentialAction\":[{\"@type\":\"ReadAction\",\"target\":[\"https:\/\/militares.estrategia.com\/portal\/mundo-militar\/datas-comemorativas\/a-missao-medica-brasileira-na-primeira-guerra-mundial\/\"]}]},{\"@type\":\"ImageObject\",\"inLanguage\":\"pt-BR\",\"@id\":\"https:\/\/militares.estrategia.com\/portal\/mundo-militar\/datas-comemorativas\/a-missao-medica-brasileira-na-primeira-guerra-mundial\/#primaryimage\",\"url\":\"https:\/\/militares.estrategia.com\/portal\/wp-content\/uploads\/2022\/08\/1024px-Massarosaw.jpg\",\"contentUrl\":\"https:\/\/militares.estrategia.com\/portal\/wp-content\/uploads\/2022\/08\/1024px-Massarosaw.jpg\",\"width\":1024,\"height\":743,\"caption\":\"Miss\u00e3o m\u00e9dica brasileira em Paris\"},{\"@type\":\"BreadcrumbList\",\"@id\":\"https:\/\/militares.estrategia.com\/portal\/mundo-militar\/datas-comemorativas\/a-missao-medica-brasileira-na-primeira-guerra-mundial\/#breadcrumb\",\"itemListElement\":[{\"@type\":\"ListItem\",\"position\":1,\"name\":\"Home\",\"item\":\"https:\/\/militares.estrategia.com\/portal\/\"},{\"@type\":\"ListItem\",\"position\":2,\"name\":\"Mundo Militar\",\"item\":\"https:\/\/militares.estrategia.com\/portal\/mundo-militar\/\"},{\"@type\":\"ListItem\",\"position\":3,\"name\":\"Datas Comemorativas\",\"item\":\"https:\/\/militares.estrategia.com\/portal\/mundo-militar\/datas-comemorativas\/\"},{\"@type\":\"ListItem\",\"position\":4,\"name\":\"18 de agosto: Partida da Miss\u00e3o M\u00e9dica Brasileira para a Primeira Guerra Mundial\"}]},{\"@type\":\"WebSite\",\"@id\":\"https:\/\/militares.estrategia.com\/portal\/#website\",\"url\":\"https:\/\/militares.estrategia.com\/portal\/\",\"name\":\"Estrat\u00e9gia Militares\",\"description\":\"\",\"publisher\":{\"@id\":\"https:\/\/militares.estrategia.com\/portal\/#organization\"},\"potentialAction\":[{\"@type\":\"SearchAction\",\"target\":{\"@type\":\"EntryPoint\",\"urlTemplate\":\"https:\/\/militares.estrategia.com\/portal\/?s={search_term_string}\"},\"query-input\":{\"@type\":\"PropertyValueSpecification\",\"valueRequired\":true,\"valueName\":\"search_term_string\"}}],\"inLanguage\":\"pt-BR\"},{\"@type\":\"Organization\",\"@id\":\"https:\/\/militares.estrategia.com\/portal\/#organization\",\"name\":\"Estrat\u00e9gia Militares\",\"url\":\"https:\/\/militares.estrategia.com\/portal\/\",\"logo\":{\"@type\":\"ImageObject\",\"inLanguage\":\"pt-BR\",\"@id\":\"https:\/\/militares.estrategia.com\/portal\/#\/schema\/logo\/image\/\",\"url\":\"https:\/\/militares.estrategia.com\/portal\/wp-content\/uploads\/2021\/10\/logo-militares.webp\",\"contentUrl\":\"https:\/\/militares.estrategia.com\/portal\/wp-content\/uploads\/2021\/10\/logo-militares.webp\",\"width\":346,\"height\":90,\"caption\":\"Estrat\u00e9gia Militares\"},\"image\":{\"@id\":\"https:\/\/militares.estrategia.com\/portal\/#\/schema\/logo\/image\/\"},\"sameAs\":[\"https:\/\/www.facebook.com\/EstrategiaMilitares\",\"https:\/\/x.com\/estrategiamilit\",\"https:\/\/www.instagram.com\/estrategiamilitares\/\",\"https:\/\/www.youtube.com\/channel\/UCRG_9hakCqXxnj_8TqCdgTA\"]},{\"@type\":\"Person\",\"@id\":\"https:\/\/militares.estrategia.com\/portal\/#\/schema\/person\/6587b50abb02ffb0d1d0b50c12a6b317\",\"name\":\"Vin\u00edcius Brigolini\",\"image\":{\"@type\":\"ImageObject\",\"inLanguage\":\"pt-BR\",\"@id\":\"https:\/\/militares.estrategia.com\/portal\/#\/schema\/person\/image\/\",\"url\":\"https:\/\/militares.estrategia.com\/portal\/wp-content\/uploads\/2021\/08\/Sem-titulo-150x150.jpg\",\"contentUrl\":\"https:\/\/militares.estrategia.com\/portal\/wp-content\/uploads\/2021\/08\/Sem-titulo-150x150.jpg\",\"caption\":\"Vin\u00edcius Brigolini\"},\"description\":\"Membro da turma Carcar\u00e1 de 2017 da For\u00e7a A\u00e9rea Brasileira. \u00c9 apaixonado pela avia\u00e7\u00e3o e pelo mundo militar!\",\"sameAs\":[\"https:\/\/www.instagram.com\/viniciusbgn\/\"],\"url\":\"https:\/\/militares.estrategia.com\/portal\/author\/vinicius-souza\/\"}]}<\/script>\n<!-- \/ Yoast SEO Premium plugin. -->","yoast_head_json":{"title":"18 de agosto: Partida da Miss\u00e3o M\u00e9dica Brasileira para a Primeira Guerra Mundial","description":"Clique aqui para saber informa\u00e7\u00f5es e curiosidades sobre a Miss\u00e3o m\u00e9dica brasileira em Paris durante a Primeira Guerra Mundial!","robots":{"index":"index","follow":"follow","max-snippet":"max-snippet:-1","max-image-preview":"max-image-preview:large","max-video-preview":"max-video-preview:-1"},"canonical":"https:\/\/militares.estrategia.com\/portal\/mundo-militar\/datas-comemorativas\/a-missao-medica-brasileira-na-primeira-guerra-mundial\/","og_locale":"pt_BR","og_type":"article","og_title":"18 de agosto: Partida da Miss\u00e3o M\u00e9dica Brasileira para a Primeira Guerra Mundial","og_description":"Clique aqui para saber informa\u00e7\u00f5es e curiosidades sobre a Miss\u00e3o m\u00e9dica brasileira em Paris durante a Primeira Guerra Mundial!","og_url":"https:\/\/militares.estrategia.com\/portal\/mundo-militar\/datas-comemorativas\/a-missao-medica-brasileira-na-primeira-guerra-mundial\/","og_site_name":"Estrat\u00e9gia Militares","article_publisher":"https:\/\/www.facebook.com\/EstrategiaMilitares","article_published_time":"2022-08-18T10:00:00+00:00","article_modified_time":"2025-08-18T14:12:22+00:00","og_image":[{"width":1024,"height":743,"url":"https:\/\/militares.estrategia.com\/portal\/wp-content\/uploads\/2022\/08\/1024px-Massarosaw.jpg","type":"image\/jpeg"}],"author":"Vin\u00edcius Brigolini","twitter_card":"summary_large_image","twitter_creator":"@estrategiamilit","twitter_site":"@estrategiamilit","twitter_misc":{"Escrito por":"Vin\u00edcius Brigolini","Est. tempo de leitura":"8 minutos"},"schema":{"@context":"https:\/\/schema.org","@graph":[{"@type":"Article","@id":"https:\/\/militares.estrategia.com\/portal\/mundo-militar\/datas-comemorativas\/a-missao-medica-brasileira-na-primeira-guerra-mundial\/#article","isPartOf":{"@id":"https:\/\/militares.estrategia.com\/portal\/mundo-militar\/datas-comemorativas\/a-missao-medica-brasileira-na-primeira-guerra-mundial\/"},"author":{"name":"Vin\u00edcius Brigolini","@id":"https:\/\/militares.estrategia.com\/portal\/#\/schema\/person\/6587b50abb02ffb0d1d0b50c12a6b317"},"headline":"18 de agosto: Partida da Miss\u00e3o M\u00e9dica Brasileira para a Primeira Guerra Mundial","datePublished":"2022-08-18T10:00:00+00:00","dateModified":"2025-08-18T14:12:22+00:00","mainEntityOfPage":{"@id":"https:\/\/militares.estrategia.com\/portal\/mundo-militar\/datas-comemorativas\/a-missao-medica-brasileira-na-primeira-guerra-mundial\/"},"wordCount":1577,"publisher":{"@id":"https:\/\/militares.estrategia.com\/portal\/#organization"},"image":{"@id":"https:\/\/militares.estrategia.com\/portal\/mundo-militar\/datas-comemorativas\/a-missao-medica-brasileira-na-primeira-guerra-mundial\/#primaryimage"},"thumbnailUrl":"https:\/\/militares.estrategia.com\/portal\/wp-content\/uploads\/2022\/08\/1024px-Massarosaw.jpg","articleSection":["Datas Comemorativas"],"inLanguage":"pt-BR"},{"@type":"WebPage","@id":"https:\/\/militares.estrategia.com\/portal\/mundo-militar\/datas-comemorativas\/a-missao-medica-brasileira-na-primeira-guerra-mundial\/","url":"https:\/\/militares.estrategia.com\/portal\/mundo-militar\/datas-comemorativas\/a-missao-medica-brasileira-na-primeira-guerra-mundial\/","name":"18 de agosto: Partida da Miss\u00e3o M\u00e9dica Brasileira para a Primeira Guerra Mundial","isPartOf":{"@id":"https:\/\/militares.estrategia.com\/portal\/#website"},"primaryImageOfPage":{"@id":"https:\/\/militares.estrategia.com\/portal\/mundo-militar\/datas-comemorativas\/a-missao-medica-brasileira-na-primeira-guerra-mundial\/#primaryimage"},"image":{"@id":"https:\/\/militares.estrategia.com\/portal\/mundo-militar\/datas-comemorativas\/a-missao-medica-brasileira-na-primeira-guerra-mundial\/#primaryimage"},"thumbnailUrl":"https:\/\/militares.estrategia.com\/portal\/wp-content\/uploads\/2022\/08\/1024px-Massarosaw.jpg","datePublished":"2022-08-18T10:00:00+00:00","dateModified":"2025-08-18T14:12:22+00:00","description":"Clique aqui para saber informa\u00e7\u00f5es e curiosidades sobre a Miss\u00e3o m\u00e9dica brasileira em Paris durante a Primeira Guerra Mundial!","breadcrumb":{"@id":"https:\/\/militares.estrategia.com\/portal\/mundo-militar\/datas-comemorativas\/a-missao-medica-brasileira-na-primeira-guerra-mundial\/#breadcrumb"},"inLanguage":"pt-BR","potentialAction":[{"@type":"ReadAction","target":["https:\/\/militares.estrategia.com\/portal\/mundo-militar\/datas-comemorativas\/a-missao-medica-brasileira-na-primeira-guerra-mundial\/"]}]},{"@type":"ImageObject","inLanguage":"pt-BR","@id":"https:\/\/militares.estrategia.com\/portal\/mundo-militar\/datas-comemorativas\/a-missao-medica-brasileira-na-primeira-guerra-mundial\/#primaryimage","url":"https:\/\/militares.estrategia.com\/portal\/wp-content\/uploads\/2022\/08\/1024px-Massarosaw.jpg","contentUrl":"https:\/\/militares.estrategia.com\/portal\/wp-content\/uploads\/2022\/08\/1024px-Massarosaw.jpg","width":1024,"height":743,"caption":"Miss\u00e3o m\u00e9dica brasileira em Paris"},{"@type":"BreadcrumbList","@id":"https:\/\/militares.estrategia.com\/portal\/mundo-militar\/datas-comemorativas\/a-missao-medica-brasileira-na-primeira-guerra-mundial\/#breadcrumb","itemListElement":[{"@type":"ListItem","position":1,"name":"Home","item":"https:\/\/militares.estrategia.com\/portal\/"},{"@type":"ListItem","position":2,"name":"Mundo Militar","item":"https:\/\/militares.estrategia.com\/portal\/mundo-militar\/"},{"@type":"ListItem","position":3,"name":"Datas Comemorativas","item":"https:\/\/militares.estrategia.com\/portal\/mundo-militar\/datas-comemorativas\/"},{"@type":"ListItem","position":4,"name":"18 de agosto: Partida da Miss\u00e3o M\u00e9dica Brasileira para a Primeira Guerra Mundial"}]},{"@type":"WebSite","@id":"https:\/\/militares.estrategia.com\/portal\/#website","url":"https:\/\/militares.estrategia.com\/portal\/","name":"Estrat\u00e9gia Militares","description":"","publisher":{"@id":"https:\/\/militares.estrategia.com\/portal\/#organization"},"potentialAction":[{"@type":"SearchAction","target":{"@type":"EntryPoint","urlTemplate":"https:\/\/militares.estrategia.com\/portal\/?s={search_term_string}"},"query-input":{"@type":"PropertyValueSpecification","valueRequired":true,"valueName":"search_term_string"}}],"inLanguage":"pt-BR"},{"@type":"Organization","@id":"https:\/\/militares.estrategia.com\/portal\/#organization","name":"Estrat\u00e9gia Militares","url":"https:\/\/militares.estrategia.com\/portal\/","logo":{"@type":"ImageObject","inLanguage":"pt-BR","@id":"https:\/\/militares.estrategia.com\/portal\/#\/schema\/logo\/image\/","url":"https:\/\/militares.estrategia.com\/portal\/wp-content\/uploads\/2021\/10\/logo-militares.webp","contentUrl":"https:\/\/militares.estrategia.com\/portal\/wp-content\/uploads\/2021\/10\/logo-militares.webp","width":346,"height":90,"caption":"Estrat\u00e9gia Militares"},"image":{"@id":"https:\/\/militares.estrategia.com\/portal\/#\/schema\/logo\/image\/"},"sameAs":["https:\/\/www.facebook.com\/EstrategiaMilitares","https:\/\/x.com\/estrategiamilit","https:\/\/www.instagram.com\/estrategiamilitares\/","https:\/\/www.youtube.com\/channel\/UCRG_9hakCqXxnj_8TqCdgTA"]},{"@type":"Person","@id":"https:\/\/militares.estrategia.com\/portal\/#\/schema\/person\/6587b50abb02ffb0d1d0b50c12a6b317","name":"Vin\u00edcius Brigolini","image":{"@type":"ImageObject","inLanguage":"pt-BR","@id":"https:\/\/militares.estrategia.com\/portal\/#\/schema\/person\/image\/","url":"https:\/\/militares.estrategia.com\/portal\/wp-content\/uploads\/2021\/08\/Sem-titulo-150x150.jpg","contentUrl":"https:\/\/militares.estrategia.com\/portal\/wp-content\/uploads\/2021\/08\/Sem-titulo-150x150.jpg","caption":"Vin\u00edcius Brigolini"},"description":"Membro da turma Carcar\u00e1 de 2017 da For\u00e7a A\u00e9rea Brasileira. \u00c9 apaixonado pela avia\u00e7\u00e3o e pelo mundo militar!","sameAs":["https:\/\/www.instagram.com\/viniciusbgn\/"],"url":"https:\/\/militares.estrategia.com\/portal\/author\/vinicius-souza\/"}]}},"_wl_alt_label":[],"wl:entity_url":"https:\/\/data.wordlift.io\/wl110246\/post\/a-missao-medica-brasileira-na-primeira-guerra-mundial-58060","_links":{"self":[{"href":"https:\/\/militares.estrategia.com\/portal\/wp-json\/wp\/v2\/posts\/58060","targetHints":{"allow":["GET"]}}],"collection":[{"href":"https:\/\/militares.estrategia.com\/portal\/wp-json\/wp\/v2\/posts"}],"about":[{"href":"https:\/\/militares.estrategia.com\/portal\/wp-json\/wp\/v2\/types\/post"}],"author":[{"embeddable":true,"href":"https:\/\/militares.estrategia.com\/portal\/wp-json\/wp\/v2\/users\/52"}],"replies":[{"embeddable":true,"href":"https:\/\/militares.estrategia.com\/portal\/wp-json\/wp\/v2\/comments?post=58060"}],"version-history":[{"count":2,"href":"https:\/\/militares.estrategia.com\/portal\/wp-json\/wp\/v2\/posts\/58060\/revisions"}],"predecessor-version":[{"id":89093,"href":"https:\/\/militares.estrategia.com\/portal\/wp-json\/wp\/v2\/posts\/58060\/revisions\/89093"}],"wp:featuredmedia":[{"embeddable":true,"href":"https:\/\/militares.estrategia.com\/portal\/wp-json\/wp\/v2\/media\/58063"}],"wp:attachment":[{"href":"https:\/\/militares.estrategia.com\/portal\/wp-json\/wp\/v2\/media?parent=58060"}],"wp:term":[{"taxonomy":"category","embeddable":true,"href":"https:\/\/militares.estrategia.com\/portal\/wp-json\/wp\/v2\/categories?post=58060"},{"taxonomy":"post_tag","embeddable":true,"href":"https:\/\/militares.estrategia.com\/portal\/wp-json\/wp\/v2\/tags?post=58060"},{"taxonomy":"wl_entity_type","embeddable":true,"href":"https:\/\/militares.estrategia.com\/portal\/wp-json\/wp\/v2\/wl_entity_type?post=58060"}],"curies":[{"name":"wp","href":"https:\/\/api.w.org\/{rel}","templated":true}]}}