{"id":57436,"date":"2022-08-05T09:00:00","date_gmt":"2022-08-05T12:00:00","guid":{"rendered":"https:\/\/militares.estrategia.com\/portal\/?p=57436"},"modified":"2022-08-03T17:44:27","modified_gmt":"2022-08-03T20:44:27","slug":"saiba-como-os-corpos-celestes-se-movimentam","status":"publish","type":"post","link":"https:\/\/militares.estrategia.com\/portal\/materias-e-dicas\/geografia\/saiba-como-os-corpos-celestes-se-movimentam\/","title":{"rendered":"Saiba como os corpos celestes se movimentam!"},"content":{"rendered":"\n<p>J\u00e1 parou para pensar como<strong> os movimentos dos corpos celestes influenciam os processos naturais do nosso planeta<\/strong>? Os movimentos que a Terra executa refletem diretamente nas sucess\u00f5es dos dias e das noites, bem como nas esta\u00e7\u00f5es do ano.<\/p>\n\n\n\n<p>Outro exemplo \u00e9 a <strong>Lua, nosso sat\u00e9lite natural, cujos movimentos causam consequ\u00eancias como: eleva\u00e7\u00e3o ou subsid\u00eancia das mar\u00e9s e eclipse lunar ou solar<\/strong>.<\/p>\n\n\n\n<p>Esses temas n\u00e3o s\u00e3o t\u00e3o cobrados nos concursos militares; no entanto, \u00e9 muito importante estud\u00e1-los, uma vez que <strong>eles est\u00e3o diretamente relacionados ao fuso hor\u00e1rio, \u00e0 climatologia e \u00e0 hidrografia<\/strong>.<\/p>\n\n\n\n<p>Confira mais este conte\u00fado que o portal Estrat\u00e9gia Militares traz para voc\u00ea. Leia mais a seguir!<\/p>\n\n\n<div id=\"new-form\">\n\t<form id=\"forms_layout\">\n\t<input type=\"hidden\" id=\"chave_de\" name=\"chave_de\" value=\"01_EMIL_LEADS_TOTAIS\" \/>\n\t\t<input type=\"hidden\" id=\"mid\" name=\"mid\" value=\"515009017\" \/>\n\t\t<input type=\"hidden\" id=\"Objetivo\" name=\"Objetivo\" value=\"Militares\" \/>\n\t\t<input type=\"hidden\" id=\"Estado_de_Origem_do_IP\" name=\"Estado_de_Origem_do_IP\"  value=\"\" \/>\n\t\t<input type=\"hidden\" id=\"Cidade_de_Origem_do_IP\" name=\"Cidade_de_Origem_do_IP\" value=\"\" \/>\n\t\t<input type=\"hidden\" id=\"Modo_de_entrada\" name=\"Modo_de_entrada\" value=\"Portal\" \/>\n\t\t<input type=\"hidden\" id=\"Pagina_Origem\" name=\"Pagina_Origem\" value=\"\" \/>\n\n\t\t<div class=\"texto\">\n\t\t\t<h3 class=\"news\">Inscreva-se em nossa newsletter!<\/h3>\n\t\t\t<p>Receba not\u00edcias sobre os mais importantes concursos para as For\u00e7as Armadas brasileiras e informa\u00e7\u00f5es sobre o mundo militar!<\/p>\n\t\t<\/div>\n\t\t<div class=\"campos\">\n\t\t\t<div class=\"first_name labels\">\n\t\t\t\t<input type=\"text\" class=\"input_labels\" id=\"first_name\" name=\"Nome_Completo\" placeholder=\"Nome\" required \/>\n\t\t\t<\/div>\n\t\t\t<div class=\"email labels\">\n\t\t\t\t<input type=\"email\" class=\"input_labels\" id=\"email\" name=\"Email\" placeholder=\"E-mail\" required \/>\n\t\t\t<\/div>\n\t\t\t<button type=\"submit\" class=\"button_layout\">\n\t\t\t\t<div id=\"lblBotao\">Inscreva-se<\/div>\n\t\t\t\t<span id=\"divSpiner\" class=\"loader\" role=\"status\" style=\"display: none;\"><\/span>\t\n\t\t\t<\/button>\n\t\t<\/div><!-- \/campos -->\n\t\t\n\t\t<label class=\"container_checkbox\">Voc\u00ea concorda com a nossa\n\t\t\t<a class=\"politics_privacy_ahref\" target=\"_blank\" href=\"https:\/\/gratis.estrategiaconcursos.com.br\/politica-de-privacidade\/\">Pol\u00edtica de Privacidade<\/a> e aceita receber informa\u00e7\u00f5es adicionais do Estrat\u00e9gia Educacional.\n\t\t\t<input id=\"checkbox_layout\" type=\"checkbox\" checked=\"checked\" required \/>\n\t\t\t<span class=\"checkbox\"><\/span>\n\t\t<\/label>\n\t\t<div id=\"msg\"><\/div>\n\t\t<div id=\"error\" class=\"error\">\n\t\t<\/div>\n\t<\/form>\n<\/div><!-- \/new-form -->\n\n\n\n<div id=\"ez-toc-container\" class=\"ez-toc-v2_0_79_2 counter-hierarchy ez-toc-counter ez-toc-transparent ez-toc-container-direction\">\n<div class=\"ez-toc-title-container\"><p class=\"ez-toc-title\" style=\"cursor:inherit\">Navegue pelo conte\u00fado\t<\/p>\n<\/div><nav><ul class='ez-toc-list ez-toc-list-level-1 ' ><li class='ez-toc-page-1 ez-toc-heading-level-2'><a class=\"ez-toc-link ez-toc-heading-1\" href=\"https:\/\/militares.estrategia.com\/portal\/materias-e-dicas\/geografia\/saiba-como-os-corpos-celestes-se-movimentam\/#Rotacao-da-Terra\" >Rota\u00e7\u00e3o da Terra<\/a><\/li><li class='ez-toc-page-1 ez-toc-heading-level-2'><a class=\"ez-toc-link ez-toc-heading-2\" href=\"https:\/\/militares.estrategia.com\/portal\/materias-e-dicas\/geografia\/saiba-como-os-corpos-celestes-se-movimentam\/#Translacao-da-Terra\" >Transla\u00e7\u00e3o da Terra<\/a><\/li><li class='ez-toc-page-1 ez-toc-heading-level-2'><a class=\"ez-toc-link ez-toc-heading-3\" href=\"https:\/\/militares.estrategia.com\/portal\/materias-e-dicas\/geografia\/saiba-como-os-corpos-celestes-se-movimentam\/#Estacoes-do-ano-e-inclinacao-da-Terra\" >Esta\u00e7\u00f5es do ano e inclina\u00e7\u00e3o da Terra<\/a><\/li><li class='ez-toc-page-1 ez-toc-heading-level-2'><a class=\"ez-toc-link ez-toc-heading-4\" href=\"https:\/\/militares.estrategia.com\/portal\/materias-e-dicas\/geografia\/saiba-como-os-corpos-celestes-se-movimentam\/#Movimentos-da-Lua\" >Movimentos da Lua<\/a><\/li><li class='ez-toc-page-1 ez-toc-heading-level-2'><a class=\"ez-toc-link ez-toc-heading-5\" href=\"https:\/\/militares.estrategia.com\/portal\/materias-e-dicas\/geografia\/saiba-como-os-corpos-celestes-se-movimentam\/#Influencia-da-Lua-na-Terra\" >Influ\u00eancia da Lua na Terra<\/a><\/li><li class='ez-toc-page-1 ez-toc-heading-level-2'><a class=\"ez-toc-link ez-toc-heading-6\" href=\"https:\/\/militares.estrategia.com\/portal\/materias-e-dicas\/geografia\/saiba-como-os-corpos-celestes-se-movimentam\/#Eclipse\" >Eclipse<\/a><\/li><\/ul><\/nav><\/div>\n<h2 class=\"wp-block-heading\" id=\"h-rotacao-da-terra\"><span class=\"ez-toc-section\" id=\"Rotacao-da-Terra\"><\/span>Rota\u00e7\u00e3o da Terra<span class=\"ez-toc-section-end\"><\/span><\/h2>\n\n\n\n<p><strong>O movimento de rota\u00e7\u00e3o \u00e9 aquele em que a Terra gira em torno de si mesma. <\/strong>Ele \u00e9 realizado de Oeste para Leste (sentido anti-hor\u00e1rio). Dessa forma, o Sol nasce a Leste e se p\u00f5e a Oeste, por isso que o Jap\u00e3o \u00e9 conhecido como a \u201cTerra do Sol Nascente\u201d, pois \u00e9 um dos primeiros pa\u00edses a receber a luz solar.<\/p>\n\n\n\n<p><strong>A volta completa do nosso planeta em torno do seu pr\u00f3prio eixo dura 24 horas<\/strong> (dia solar) &#8211; mais precisamente, 23 horas, 56 minutos, 4 segundos e 9 cent\u00e9simos (dia sideral). Logo, a sucess\u00e3o dos dias e das noites depende do movimento de rota\u00e7\u00e3o.<\/p>\n\n\n\n<p>Considerando que <strong>nem todas as partes da superf\u00edcie da Terra s\u00e3o iluminadas ao mesmo tempo<\/strong>, houve a necessidade de estabelecer hor\u00e1rios diferentes em diversos pa\u00edses. A padroniza\u00e7\u00e3o adotada ficou conhecida como fuso hor\u00e1rio.<\/p>\n\n\n\n<p>Al\u00e9m disso, <strong>a rota\u00e7\u00e3o provoca o movimento aparente do Sol.<\/strong> Durante anos, a humanidade acreditou que a Terra era fixa no espa\u00e7o e que os corpos celestes giravam em torno dela, teoria conhecida como Geocentrismo.\u00a0<\/p>\n\n\n\n<p>No entanto, cientistas provaram o contr\u00e1rio, isto \u00e9: <strong>a Terra \u00e9 quem gira em torno do Sol<\/strong> (Heliocentrismo).<\/p>\n\n\n\n<h2 class=\"wp-block-heading\" id=\"h-translacao-da-terra\"><span class=\"ez-toc-section\" id=\"Translacao-da-Terra\"><\/span>Transla\u00e7\u00e3o da Terra<span class=\"ez-toc-section-end\"><\/span><\/h2>\n\n\n\n<p><strong>O movimento da Terra em volta do Sol \u00e9 conhecido como Transla\u00e7\u00e3o<\/strong> e acontece no sentido Oeste para Leste.<\/p>\n\n\n\n<p><strong>Essa trajet\u00f3ria, tamb\u00e9m chamada de percurso ou \u00f3rbita<\/strong> &#8211; possui um formato el\u00edptico (\u201cesfera achatada\u201d) que <strong>dura 365 dias para fechar uma volta completa.<\/strong> Mais precisamente, 365 dias, 5 horas, 49 minutos e 2 segundos.<\/p>\n\n\n\n<p>Esse <strong>excedente al\u00e9m dos 365 dias \u00e9 o respons\u00e1vel pelos anos bissextos<\/strong>, isto \u00e9, um dia a mais a cada 4 anos, fazendo com que o m\u00eas de fevereiro tenha 29 dias.<\/p>\n\n\n\n<p>Diferentemente do movimento de rota\u00e7\u00e3o, <strong>o movimento de transla\u00e7\u00e3o n\u00e3o \u00e9 uniforme<\/strong> e possui uma velocidade muito maior, em torno de 110 mil km\/h.<\/p>\n\n\n\n<p><strong>Dependendo do ponto (local) em que a Terra est\u00e1 na trajet\u00f3ria el\u00edptica de transla\u00e7\u00e3o, nosso planeta est\u00e1 mais perto do Sol (peri\u00e9lio) ou mais afastado (af\u00e9lio)<\/strong>.<\/p>\n\n\n\n<p>Em outras palavras, <strong>a dist\u00e2ncia varia entre, aproximadamente, 148 e 153 milh\u00f5es de km.<\/strong> O peri\u00e9lio ocorre em torno do dia 4 de janeiro (maior velocidade do movimento de transla\u00e7\u00e3o) e o af\u00e9lio ocorre por volta do dia 4 de julho (menor velocidade).<\/p>\n\n\n\n<h2 class=\"wp-block-heading\" id=\"h-estacoes-do-ano-e-inclinacao-da-terra\"><span class=\"ez-toc-section\" id=\"Estacoes-do-ano-e-inclinacao-da-Terra\"><\/span>Esta\u00e7\u00f5es do ano e inclina\u00e7\u00e3o da Terra<span class=\"ez-toc-section-end\"><\/span><\/h2>\n\n\n\n<p>Ent\u00e3o, <strong>quando estamos no peri\u00e9lio \u00e9 ver\u00e3o e quando estamos no af\u00e9lio \u00e9 inverno<\/strong>?<\/p>\n\n\n\n<p><strong>N\u00e3o, pois gra\u00e7as ao eixo de inclina\u00e7\u00e3o da Terra (23\u00b045\u2019), as esta\u00e7\u00f5es do ano n\u00e3o s\u00e3o as mesmas nos hemisf\u00e9rios Norte e Sul<\/strong>. Na verdade, elas s\u00e3o opostas.<\/p>\n\n\n\n<p><strong>Um exemplo:<\/strong> nas decora\u00e7\u00f5es de Natal mostradas nos filmes sempre vemos bonecos de neve, n\u00e3o \u00e9 mesmo? Isso ocorre porque \u00e9 inverno no hemisf\u00e9rio Norte, mas, no fim do ano, \u00e9 ver\u00e3o no hemisf\u00e9rio Sul. O mesmo acontece com a primavera e com o outono.\u00a0<\/p>\n\n\n\n<figure class=\"wp-block-image size-full\"><img decoding=\"async\" width=\"618\" height=\"418\" src=\"https:\/\/militares.estrategia.com\/portal\/wp-content\/uploads\/2022\/08\/Movimento-dos-astros-1.jpg\" alt=\"\" class=\"wp-image-57439\"\/><\/figure>\n\n\n\n<p>Al\u00e9m disso, <strong>a incid\u00eancia da radia\u00e7\u00e3o solar n\u00e3o \u00e9 a mesma ao longo do ano nos diversos pontos da Terra<\/strong>. Isso tamb\u00e9m acontece por causa do eixo de inclina\u00e7\u00e3o. Para tanto, existem dois nomes espec\u00edficos:<\/p>\n\n\n\n<ul class=\"wp-block-list\"><li><strong>Equin\u00f3cio:<\/strong> dia e noite com a mesma dura\u00e7\u00e3o, acontece quando o raio solar incide perpendicularmente na Linha do Equador. Ocorre entre 20 e 23 de mar\u00e7o, quando se inicia o outono no hemisf\u00e9rio Sul (primavera no hemisf\u00e9rio Norte) e entre 20 e 23 de setembro, quando se inicia a primavera no hemisf\u00e9rio Sul (outono no hemisf\u00e9rio Norte); e<\/li><li><strong>Solst\u00edcio:<\/strong> maior diferen\u00e7a de dura\u00e7\u00e3o entre os dias e as noites, quando a luz solar incide perpendicularmente em um dos tr\u00f3picos (C\u00e2ncer ou Capric\u00f3rnio). Ocorre entre 20 e 23 de junho, quando se inicia o inverno no hemisf\u00e9rio Sul (ver\u00e3o no hemisf\u00e9rio Norte) e entre 20 e 23 de dezembro, quando se inicia o ver\u00e3o no hemisf\u00e9rio Sul (inverno no hemisf\u00e9rio Norte).<\/li><\/ul>\n\n\n\n<figure class=\"wp-block-image size-full\"><img decoding=\"async\" width=\"781\" height=\"482\" src=\"https:\/\/militares.estrategia.com\/portal\/wp-content\/uploads\/2022\/08\/Movimento-dos-astros-2.jpg\" alt=\"\" class=\"wp-image-57440\" srcset=\"https:\/\/militares.estrategia.com\/portal\/wp-content\/uploads\/2022\/08\/Movimento-dos-astros-2.jpg 781w, https:\/\/militares.estrategia.com\/portal\/wp-content\/uploads\/2022\/08\/Movimento-dos-astros-2-768x474.webp 768w\" sizes=\"(max-width: 781px) 100vw, 781px\" \/><figcaption>Figura 02: Movimento de Transla\u00e7\u00e3o \u2013 Solst\u00edcio, Equin\u00f3cio e Esta\u00e7\u00f5es do Ano<\/figcaption><\/figure>\n\n\n\n<h2 class=\"wp-block-heading\" id=\"h-movimentos-da-lua\"><span class=\"ez-toc-section\" id=\"Movimentos-da-Lua\"><\/span>Movimentos da Lua<span class=\"ez-toc-section-end\"><\/span><\/h2>\n\n\n\n<p>Assim como a Terra, <strong>a Lua possui rota\u00e7\u00e3o, em torno do pr\u00f3prio eixo, e transla\u00e7\u00e3o, em torno do Sol.<\/strong><\/p>\n\n\n\n<p>Al\u00e9m desses, <strong>existe um movimento chamado revolu\u00e7\u00e3o, quando a Lua gira em torno da Terra numa trajet\u00f3ria el\u00edptica<\/strong>. Se o nosso sat\u00e9lite natural est\u00e1 mais pr\u00f3ximo do planeta, temos o perigeu (superlua) e, quando est\u00e1 mais distante, apogeu.<\/p>\n\n\n\n<p><strong>Tanto o movimento de rota\u00e7\u00e3o como o de revolu\u00e7\u00e3o possuem a mesma dura\u00e7\u00e3o<\/strong>, fazendo com que a gente fique com a impress\u00e3o de que a Lua \u00e9 est\u00e1tica.<\/p>\n\n\n\n<p><strong>Essas trajet\u00f3rias levam cerca de 28 dias para se completarem<\/strong>, mais precisamente, 27 dias, 7 horas e 43 minutos. Considerando que o movimento de rota\u00e7\u00e3o da Lua e da Terra \u00e9 simult\u00e2neo e no mesmo sentido, isso faz com que a gente veja sempre a mesma face lunar. A outra \u00e9 conhecida como face oculta.<\/p>\n\n\n\n<p><strong>A Lua possui quatro fases:<\/strong> cheia, nova, crescente e minguante. Elas variam conforme seus posicionamentos ao redor da Terra, consequentemente, a incid\u00eancia do raio solar no sat\u00e9lite natural varia.<\/p>\n\n\n\n<h2 class=\"wp-block-heading\" id=\"h-influencia-da-lua-na-terra\"><span class=\"ez-toc-section\" id=\"Influencia-da-Lua-na-Terra\"><\/span>Influ\u00eancia da Lua na Terra<span class=\"ez-toc-section-end\"><\/span><\/h2>\n\n\n\n<p>Para alguns astr\u00f4nomos, <strong>a Lua \u00e9 mais do que um sat\u00e9lite natural, haja vista que ela influencia o nosso mundo, sobretudo no que diz respeito \u00e0s mar\u00e9s<\/strong>.<\/p>\n\n\n\n<p><strong>A for\u00e7a gravitacional exercida pela Lua sobre a Terra \u00e9 que determina a maior ou menor amplitude das mar\u00e9s<\/strong>. O movimento de revolu\u00e7\u00e3o faz com que a \u00e1rea de maior massa da Lua fique sempre voltada para o nosso planeta, provocando elevada atra\u00e7\u00e3o:<\/p>\n\n\n\n<ul class=\"wp-block-list\"><li><strong>Grandes mar\u00e9s:<\/strong> quando o Sol, a Lua e a Terra est\u00e3o alinhados, h\u00e1 Lua Cheia ou Lua Nova, causando as mar\u00e9s altas &#8211; tamb\u00e9m chamadas de mar\u00e9 de siz\u00edgia, viva, \u00e1guas-vivas ou preamar; e<\/li><li><strong>Pequenas mar\u00e9s:<\/strong> quando o Sol, a Lua e a Terra formam um \u00e2ngulo de 90\u00b0, h\u00e1 Lua Crescente ou Lua Minguante, ocorrendo mar\u00e9s baixas, sem grandes avan\u00e7os e recuos (mar\u00e9s mortas ou quadratura).<\/li><\/ul>\n\n\n\n<figure class=\"wp-block-image size-full\"><img decoding=\"async\" width=\"866\" height=\"402\" src=\"https:\/\/militares.estrategia.com\/portal\/wp-content\/uploads\/2022\/08\/Movimento-dos-astros-3.jpg\" alt=\"\" class=\"wp-image-57441\" srcset=\"https:\/\/militares.estrategia.com\/portal\/wp-content\/uploads\/2022\/08\/Movimento-dos-astros-3.jpg 866w, https:\/\/militares.estrategia.com\/portal\/wp-content\/uploads\/2022\/08\/Movimento-dos-astros-3-768x357.webp 768w, https:\/\/militares.estrategia.com\/portal\/wp-content\/uploads\/2022\/08\/Movimento-dos-astros-3-800x371.webp 800w\" sizes=\"(max-width: 866px) 100vw, 866px\" \/><figcaption>Figura 03: Mar\u00e9s alta e baixa conforme as Fases da Lua<\/figcaption><\/figure>\n\n\n\n<h2 class=\"wp-block-heading\" id=\"h-eclipse\"><span class=\"ez-toc-section\" id=\"Eclipse\"><\/span>Eclipse<span class=\"ez-toc-section-end\"><\/span><\/h2>\n\n\n\n<p><strong>O eclipse solar ocorre na fase da Lua Nova quando nosso sat\u00e9lite est\u00e1 entre o Sol e a Terra. <\/strong>Assim sendo, voc\u00ea deve estar se perguntando, \u201cmas por que o eclipse ocorre eventualmente\u201d? Porque o movimento de revolu\u00e7\u00e3o da Lua n\u00e3o \u00e9 alinhado ao movimento de transla\u00e7\u00e3o da Terra.<\/p>\n\n\n\n<p>Dependendo da sua localiza\u00e7\u00e3o no nosso planeta, <strong>o eclipse solar pode ser<\/strong>:<\/p>\n\n\n\n<ul class=\"wp-block-list\"><li><strong>Total:<\/strong> quando a Lua cobre toda a \u00e1rea de ilumina\u00e7\u00e3o solar;<\/li><li><strong>Parcial: <\/strong>quando a Lua cobre parte da luminosidade do Sol;<\/li><li><strong>Anelar: <\/strong>\u00e9 como se fosse o eclipse solar total, entretanto, a Lua se encontra mais afastada da Terra, de forma que o sol acaba formando um anel de luz em torno do sat\u00e9lite natural; e<\/li><li><strong>H\u00edbrido: <\/strong>dependendo da sua localiza\u00e7\u00e3o na Terra, o eclipse ser\u00e1 total \u2013 sombra total (umbra) &#8211; e anelar em outras \u00e1reas do nosso planeta \u2013 sombra parcial (penumbra).<\/li><\/ul>\n\n\n\n<p><strong>O eclipse lunar ocorre na fase da Lua Cheia e pode ser:<\/strong><\/p>\n\n\n\n<ul class=\"wp-block-list\"><li><strong>Total: <\/strong>quando a Lua est\u00e1 totalmente na umbra, formada pela sombra do nosso planeta. Quando o eclipse total ocorre no perigeu (superlua), esse fen\u00f4meno \u00e9 chamado de Lua de Sangue;<\/li><li><strong>Penumbral:<\/strong> quando a Lua est\u00e1 totalmente na penumbra, ficando parcialmente escura; e<\/li><li><strong>Parcial:<\/strong> quando uma parte da Lua est\u00e1 na umbra e a outra na penumbra.<\/li><\/ul>\n\n\n\n<figure class=\"wp-block-image size-full\"><img decoding=\"async\" width=\"567\" height=\"548\" src=\"https:\/\/militares.estrategia.com\/portal\/wp-content\/uploads\/2022\/08\/Movimento-dos-astros-4.jpg\" alt=\"\" class=\"wp-image-57442\"\/><\/figure>\n\n\n\n<p>E a\u00ed? Gostou desse conte\u00fado cheio de curiosidades sobre o movimento da Terra e da Lua? Aproveite para ler mais conte\u00fados interessantes que podem cair em seu Concurso aqui no portal Estrat\u00e9gia Militares<\/p>\n\n\n\n<p>E se voc\u00ea quiser se preparar para o Concurso Militar de seus sonhos testando seu conhecimento, que tal conhecer nosso Banco de Quest\u00f5es? S\u00e3o milhares de quest\u00f5es voltadas para os maiores concursos militares do pa\u00eds. Clique no banner e saiba mais!<\/p>\n\n\n\n<p><strong><a id=\"cta\" class=\"cta-imagem\" href=\"https:\/\/militares.estrategia.com\/curso\/banco-de-questes-anual\/\" target=\"blank\">\n                <img decoding=\"async\" width=\"100%\" src=\"https:\/\/militares.estrategia.com\/portal\/wp-content\/uploads\/2023\/02\/EM-Banco-de-Questoes.jpg\" alt=\"EM - Banco de Questo\u0303es\" title=\"EM - Banco de Questo\u0303es\">\n        <\/a><\/strong><\/p>\n\n\n\n\n\n<p><em>Conte\u00fado did\u00e1tico elaborado pelo professor <\/em>S<em>aulo Teruo Takami.<\/em><\/p>\n","protected":false},"excerpt":{"rendered":"J\u00e1 parou para pensar como os movimentos dos corpos celestes influenciam os processos naturais do nosso planeta? Os&hellip;\n","protected":false},"author":58,"featured_media":57444,"comment_status":"closed","ping_status":"closed","sticky":false,"template":"","format":"standard","meta":{"wl_entities_gutenberg":"","footnotes":""},"categories":[301],"tags":[64,274,162,161,167,271],"wl_entity_type":[187],"class_list":{"0":"post-57436","1":"post","2":"type-post","3":"status-publish","4":"format-standard","5":"has-post-thumbnail","7":"category-geografia","8":"tag-marinhadobrasil","9":"tag-274","10":"tag-carreiramilitar","11":"tag-concursosmilitares","12":"tag-exercito","13":"tag-fab","14":"wl_entity_type-article"},"acf":[],"yoast_head":"<!-- This site is optimized with the Yoast SEO Premium plugin v26.6 (Yoast SEO v26.6) - https:\/\/yoast.com\/wordpress\/plugins\/seo\/ -->\n<title>Saiba como os corpos celestes se movimentam!<\/title>\n<meta name=\"description\" content=\"Nesse artigo voc\u00ea ir\u00e1 saber como os corpos celestes se movimentam no Universo e como a Lua influencia as mar\u00e9s na Terra. Confira!\" \/>\n<meta name=\"robots\" content=\"index, follow, max-snippet:-1, max-image-preview:large, max-video-preview:-1\" \/>\n<link rel=\"canonical\" href=\"https:\/\/militares.estrategia.com\/portal\/materias-e-dicas\/geografia\/saiba-como-os-corpos-celestes-se-movimentam\/\" \/>\n<meta property=\"og:locale\" content=\"pt_BR\" \/>\n<meta property=\"og:type\" content=\"article\" \/>\n<meta property=\"og:title\" content=\"Saiba como os corpos celestes se movimentam!\" \/>\n<meta property=\"og:description\" content=\"Nesse artigo voc\u00ea ir\u00e1 saber como os corpos celestes se movimentam no Universo e como a Lua influencia as mar\u00e9s na Terra. Confira!\" \/>\n<meta property=\"og:url\" content=\"https:\/\/militares.estrategia.com\/portal\/materias-e-dicas\/geografia\/saiba-como-os-corpos-celestes-se-movimentam\/\" \/>\n<meta property=\"og:site_name\" content=\"Estrat\u00e9gia Militares\" \/>\n<meta property=\"article:publisher\" content=\"https:\/\/www.facebook.com\/EstrategiaMilitares\" \/>\n<meta property=\"article:published_time\" content=\"2022-08-05T12:00:00+00:00\" \/>\n<meta property=\"og:image\" content=\"https:\/\/cdn.blog.estrategiavestibulares.com.br\/vestibulares\/wp-content\/uploads\/2022\/08\/Capa-Movimento-dos-Astros.jpg\" \/>\n\t<meta property=\"og:image:width\" content=\"960\" \/>\n\t<meta property=\"og:image:height\" content=\"540\" \/>\n\t<meta property=\"og:image:type\" content=\"image\/jpeg\" \/>\n<meta name=\"author\" content=\"Vanesca Soares\" \/>\n<meta name=\"twitter:card\" content=\"summary_large_image\" \/>\n<meta name=\"twitter:creator\" content=\"@estrategiamilit\" \/>\n<meta name=\"twitter:site\" content=\"@estrategiamilit\" \/>\n<meta name=\"twitter:label1\" content=\"Escrito por\" \/>\n\t<meta name=\"twitter:data1\" content=\"Vanesca Soares\" \/>\n\t<meta name=\"twitter:label2\" content=\"Est. tempo de leitura\" \/>\n\t<meta name=\"twitter:data2\" content=\"7 minutos\" \/>\n<script type=\"application\/ld+json\" class=\"yoast-schema-graph\">{\"@context\":\"https:\/\/schema.org\",\"@graph\":[{\"@type\":\"Article\",\"@id\":\"https:\/\/militares.estrategia.com\/portal\/materias-e-dicas\/geografia\/saiba-como-os-corpos-celestes-se-movimentam\/#article\",\"isPartOf\":{\"@id\":\"https:\/\/militares.estrategia.com\/portal\/materias-e-dicas\/geografia\/saiba-como-os-corpos-celestes-se-movimentam\/\"},\"author\":{\"name\":\"Vanesca Soares\",\"@id\":\"https:\/\/militares.estrategia.com\/portal\/#\/schema\/person\/5cfd387108cd0cdefab7eea7a9735dcc\"},\"headline\":\"Saiba como os corpos celestes se movimentam!\",\"datePublished\":\"2022-08-05T12:00:00+00:00\",\"mainEntityOfPage\":{\"@id\":\"https:\/\/militares.estrategia.com\/portal\/materias-e-dicas\/geografia\/saiba-como-os-corpos-celestes-se-movimentam\/\"},\"wordCount\":1469,\"publisher\":{\"@id\":\"https:\/\/militares.estrategia.com\/portal\/#organization\"},\"image\":{\"@id\":\"https:\/\/militares.estrategia.com\/portal\/materias-e-dicas\/geografia\/saiba-como-os-corpos-celestes-se-movimentam\/#primaryimage\"},\"thumbnailUrl\":\"https:\/\/militares.estrategia.com\/portal\/wp-content\/uploads\/2022\/08\/Capa-Movimento-dos-Astros.jpg\",\"keywords\":[\"#marinhadobrasil\",\"2023\",\"carreiramilitar\",\"ConcursosMilitares\",\"Ex\u00e9rcito\",\"FAB\"],\"articleSection\":[\"Geografia\"],\"inLanguage\":\"pt-BR\"},{\"@type\":\"WebPage\",\"@id\":\"https:\/\/militares.estrategia.com\/portal\/materias-e-dicas\/geografia\/saiba-como-os-corpos-celestes-se-movimentam\/\",\"url\":\"https:\/\/militares.estrategia.com\/portal\/materias-e-dicas\/geografia\/saiba-como-os-corpos-celestes-se-movimentam\/\",\"name\":\"Saiba como os corpos celestes se movimentam!\",\"isPartOf\":{\"@id\":\"https:\/\/militares.estrategia.com\/portal\/#website\"},\"primaryImageOfPage\":{\"@id\":\"https:\/\/militares.estrategia.com\/portal\/materias-e-dicas\/geografia\/saiba-como-os-corpos-celestes-se-movimentam\/#primaryimage\"},\"image\":{\"@id\":\"https:\/\/militares.estrategia.com\/portal\/materias-e-dicas\/geografia\/saiba-como-os-corpos-celestes-se-movimentam\/#primaryimage\"},\"thumbnailUrl\":\"https:\/\/militares.estrategia.com\/portal\/wp-content\/uploads\/2022\/08\/Capa-Movimento-dos-Astros.jpg\",\"datePublished\":\"2022-08-05T12:00:00+00:00\",\"description\":\"Nesse artigo voc\u00ea ir\u00e1 saber como os corpos celestes se movimentam no Universo e como a Lua influencia as mar\u00e9s na Terra. Confira!\",\"breadcrumb\":{\"@id\":\"https:\/\/militares.estrategia.com\/portal\/materias-e-dicas\/geografia\/saiba-como-os-corpos-celestes-se-movimentam\/#breadcrumb\"},\"inLanguage\":\"pt-BR\",\"potentialAction\":[{\"@type\":\"ReadAction\",\"target\":[\"https:\/\/militares.estrategia.com\/portal\/materias-e-dicas\/geografia\/saiba-como-os-corpos-celestes-se-movimentam\/\"]}]},{\"@type\":\"ImageObject\",\"inLanguage\":\"pt-BR\",\"@id\":\"https:\/\/militares.estrategia.com\/portal\/materias-e-dicas\/geografia\/saiba-como-os-corpos-celestes-se-movimentam\/#primaryimage\",\"url\":\"https:\/\/militares.estrategia.com\/portal\/wp-content\/uploads\/2022\/08\/Capa-Movimento-dos-Astros.jpg\",\"contentUrl\":\"https:\/\/militares.estrategia.com\/portal\/wp-content\/uploads\/2022\/08\/Capa-Movimento-dos-Astros.jpg\",\"width\":960,\"height\":540},{\"@type\":\"BreadcrumbList\",\"@id\":\"https:\/\/militares.estrategia.com\/portal\/materias-e-dicas\/geografia\/saiba-como-os-corpos-celestes-se-movimentam\/#breadcrumb\",\"itemListElement\":[{\"@type\":\"ListItem\",\"position\":1,\"name\":\"Home\",\"item\":\"https:\/\/militares.estrategia.com\/portal\/\"},{\"@type\":\"ListItem\",\"position\":2,\"name\":\"Mat\u00e9rias e Dicas\",\"item\":\"https:\/\/militares.estrategia.com\/portal\/materias-e-dicas\/\"},{\"@type\":\"ListItem\",\"position\":3,\"name\":\"Geografia\",\"item\":\"https:\/\/militares.estrategia.com\/portal\/materias-e-dicas\/geografia\/\"},{\"@type\":\"ListItem\",\"position\":4,\"name\":\"Saiba como os corpos celestes se movimentam!\"}]},{\"@type\":\"WebSite\",\"@id\":\"https:\/\/militares.estrategia.com\/portal\/#website\",\"url\":\"https:\/\/militares.estrategia.com\/portal\/\",\"name\":\"Estrat\u00e9gia Militares\",\"description\":\"\",\"publisher\":{\"@id\":\"https:\/\/militares.estrategia.com\/portal\/#organization\"},\"potentialAction\":[{\"@type\":\"SearchAction\",\"target\":{\"@type\":\"EntryPoint\",\"urlTemplate\":\"https:\/\/militares.estrategia.com\/portal\/?s={search_term_string}\"},\"query-input\":{\"@type\":\"PropertyValueSpecification\",\"valueRequired\":true,\"valueName\":\"search_term_string\"}}],\"inLanguage\":\"pt-BR\"},{\"@type\":\"Organization\",\"@id\":\"https:\/\/militares.estrategia.com\/portal\/#organization\",\"name\":\"Estrat\u00e9gia Militares\",\"url\":\"https:\/\/militares.estrategia.com\/portal\/\",\"logo\":{\"@type\":\"ImageObject\",\"inLanguage\":\"pt-BR\",\"@id\":\"https:\/\/militares.estrategia.com\/portal\/#\/schema\/logo\/image\/\",\"url\":\"https:\/\/militares.estrategia.com\/portal\/wp-content\/uploads\/2021\/10\/logo-militares.webp\",\"contentUrl\":\"https:\/\/militares.estrategia.com\/portal\/wp-content\/uploads\/2021\/10\/logo-militares.webp\",\"width\":346,\"height\":90,\"caption\":\"Estrat\u00e9gia Militares\"},\"image\":{\"@id\":\"https:\/\/militares.estrategia.com\/portal\/#\/schema\/logo\/image\/\"},\"sameAs\":[\"https:\/\/www.facebook.com\/EstrategiaMilitares\",\"https:\/\/x.com\/estrategiamilit\",\"https:\/\/www.instagram.com\/estrategiamilitares\/\",\"https:\/\/www.youtube.com\/channel\/UCRG_9hakCqXxnj_8TqCdgTA\"]},{\"@type\":\"Person\",\"@id\":\"https:\/\/militares.estrategia.com\/portal\/#\/schema\/person\/5cfd387108cd0cdefab7eea7a9735dcc\",\"name\":\"Vanesca Soares\",\"image\":{\"@type\":\"ImageObject\",\"inLanguage\":\"pt-BR\",\"@id\":\"https:\/\/militares.estrategia.com\/portal\/#\/schema\/person\/image\/\",\"url\":\"https:\/\/militares.estrategia.com\/portal\/wp-content\/uploads\/2021\/10\/FB_IMG_1634215702135-150x150.webp\",\"contentUrl\":\"https:\/\/militares.estrategia.com\/portal\/wp-content\/uploads\/2021\/10\/FB_IMG_1634215702135-150x150.webp\",\"caption\":\"Vanesca Soares\"},\"description\":\"Vanesca Soares foi Primeiro Tenente da Marinha do Brasil. Jornalista de forma\u00e7\u00e3o, ama todas as artes, principalmente a Literatura e o Cinema. Capaz de ficar em casa lendo um bom livro ao inv\u00e9s de ir para a balada, entende que ler \u00e9 uma grande viagem. Ama filmes hist\u00f3ricos, biografias, drama, thrillers, terror e tudo sobre os anos 1980. Principalmente a m\u00fasica!\",\"url\":\"https:\/\/militares.estrategia.com\/portal\/author\/vanesca-soares\/\"}]}<\/script>\n<!-- \/ Yoast SEO Premium plugin. -->","yoast_head_json":{"title":"Saiba como os corpos celestes se movimentam!","description":"Nesse artigo voc\u00ea ir\u00e1 saber como os corpos celestes se movimentam no Universo e como a Lua influencia as mar\u00e9s na Terra. Confira!","robots":{"index":"index","follow":"follow","max-snippet":"max-snippet:-1","max-image-preview":"max-image-preview:large","max-video-preview":"max-video-preview:-1"},"canonical":"https:\/\/militares.estrategia.com\/portal\/materias-e-dicas\/geografia\/saiba-como-os-corpos-celestes-se-movimentam\/","og_locale":"pt_BR","og_type":"article","og_title":"Saiba como os corpos celestes se movimentam!","og_description":"Nesse artigo voc\u00ea ir\u00e1 saber como os corpos celestes se movimentam no Universo e como a Lua influencia as mar\u00e9s na Terra. Confira!","og_url":"https:\/\/militares.estrategia.com\/portal\/materias-e-dicas\/geografia\/saiba-como-os-corpos-celestes-se-movimentam\/","og_site_name":"Estrat\u00e9gia Militares","article_publisher":"https:\/\/www.facebook.com\/EstrategiaMilitares","article_published_time":"2022-08-05T12:00:00+00:00","og_image":[{"width":960,"height":540,"url":"https:\/\/cdn.blog.estrategiavestibulares.com.br\/vestibulares\/wp-content\/uploads\/2022\/08\/Capa-Movimento-dos-Astros.jpg","type":"image\/jpeg"}],"author":"Vanesca Soares","twitter_card":"summary_large_image","twitter_creator":"@estrategiamilit","twitter_site":"@estrategiamilit","twitter_misc":{"Escrito por":"Vanesca Soares","Est. tempo de leitura":"7 minutos"},"schema":{"@context":"https:\/\/schema.org","@graph":[{"@type":"Article","@id":"https:\/\/militares.estrategia.com\/portal\/materias-e-dicas\/geografia\/saiba-como-os-corpos-celestes-se-movimentam\/#article","isPartOf":{"@id":"https:\/\/militares.estrategia.com\/portal\/materias-e-dicas\/geografia\/saiba-como-os-corpos-celestes-se-movimentam\/"},"author":{"name":"Vanesca Soares","@id":"https:\/\/militares.estrategia.com\/portal\/#\/schema\/person\/5cfd387108cd0cdefab7eea7a9735dcc"},"headline":"Saiba como os corpos celestes se movimentam!","datePublished":"2022-08-05T12:00:00+00:00","mainEntityOfPage":{"@id":"https:\/\/militares.estrategia.com\/portal\/materias-e-dicas\/geografia\/saiba-como-os-corpos-celestes-se-movimentam\/"},"wordCount":1469,"publisher":{"@id":"https:\/\/militares.estrategia.com\/portal\/#organization"},"image":{"@id":"https:\/\/militares.estrategia.com\/portal\/materias-e-dicas\/geografia\/saiba-como-os-corpos-celestes-se-movimentam\/#primaryimage"},"thumbnailUrl":"https:\/\/militares.estrategia.com\/portal\/wp-content\/uploads\/2022\/08\/Capa-Movimento-dos-Astros.jpg","keywords":["#marinhadobrasil","2023","carreiramilitar","ConcursosMilitares","Ex\u00e9rcito","FAB"],"articleSection":["Geografia"],"inLanguage":"pt-BR"},{"@type":"WebPage","@id":"https:\/\/militares.estrategia.com\/portal\/materias-e-dicas\/geografia\/saiba-como-os-corpos-celestes-se-movimentam\/","url":"https:\/\/militares.estrategia.com\/portal\/materias-e-dicas\/geografia\/saiba-como-os-corpos-celestes-se-movimentam\/","name":"Saiba como os corpos celestes se movimentam!","isPartOf":{"@id":"https:\/\/militares.estrategia.com\/portal\/#website"},"primaryImageOfPage":{"@id":"https:\/\/militares.estrategia.com\/portal\/materias-e-dicas\/geografia\/saiba-como-os-corpos-celestes-se-movimentam\/#primaryimage"},"image":{"@id":"https:\/\/militares.estrategia.com\/portal\/materias-e-dicas\/geografia\/saiba-como-os-corpos-celestes-se-movimentam\/#primaryimage"},"thumbnailUrl":"https:\/\/militares.estrategia.com\/portal\/wp-content\/uploads\/2022\/08\/Capa-Movimento-dos-Astros.jpg","datePublished":"2022-08-05T12:00:00+00:00","description":"Nesse artigo voc\u00ea ir\u00e1 saber como os corpos celestes se movimentam no Universo e como a Lua influencia as mar\u00e9s na Terra. Confira!","breadcrumb":{"@id":"https:\/\/militares.estrategia.com\/portal\/materias-e-dicas\/geografia\/saiba-como-os-corpos-celestes-se-movimentam\/#breadcrumb"},"inLanguage":"pt-BR","potentialAction":[{"@type":"ReadAction","target":["https:\/\/militares.estrategia.com\/portal\/materias-e-dicas\/geografia\/saiba-como-os-corpos-celestes-se-movimentam\/"]}]},{"@type":"ImageObject","inLanguage":"pt-BR","@id":"https:\/\/militares.estrategia.com\/portal\/materias-e-dicas\/geografia\/saiba-como-os-corpos-celestes-se-movimentam\/#primaryimage","url":"https:\/\/militares.estrategia.com\/portal\/wp-content\/uploads\/2022\/08\/Capa-Movimento-dos-Astros.jpg","contentUrl":"https:\/\/militares.estrategia.com\/portal\/wp-content\/uploads\/2022\/08\/Capa-Movimento-dos-Astros.jpg","width":960,"height":540},{"@type":"BreadcrumbList","@id":"https:\/\/militares.estrategia.com\/portal\/materias-e-dicas\/geografia\/saiba-como-os-corpos-celestes-se-movimentam\/#breadcrumb","itemListElement":[{"@type":"ListItem","position":1,"name":"Home","item":"https:\/\/militares.estrategia.com\/portal\/"},{"@type":"ListItem","position":2,"name":"Mat\u00e9rias e Dicas","item":"https:\/\/militares.estrategia.com\/portal\/materias-e-dicas\/"},{"@type":"ListItem","position":3,"name":"Geografia","item":"https:\/\/militares.estrategia.com\/portal\/materias-e-dicas\/geografia\/"},{"@type":"ListItem","position":4,"name":"Saiba como os corpos celestes se movimentam!"}]},{"@type":"WebSite","@id":"https:\/\/militares.estrategia.com\/portal\/#website","url":"https:\/\/militares.estrategia.com\/portal\/","name":"Estrat\u00e9gia Militares","description":"","publisher":{"@id":"https:\/\/militares.estrategia.com\/portal\/#organization"},"potentialAction":[{"@type":"SearchAction","target":{"@type":"EntryPoint","urlTemplate":"https:\/\/militares.estrategia.com\/portal\/?s={search_term_string}"},"query-input":{"@type":"PropertyValueSpecification","valueRequired":true,"valueName":"search_term_string"}}],"inLanguage":"pt-BR"},{"@type":"Organization","@id":"https:\/\/militares.estrategia.com\/portal\/#organization","name":"Estrat\u00e9gia Militares","url":"https:\/\/militares.estrategia.com\/portal\/","logo":{"@type":"ImageObject","inLanguage":"pt-BR","@id":"https:\/\/militares.estrategia.com\/portal\/#\/schema\/logo\/image\/","url":"https:\/\/militares.estrategia.com\/portal\/wp-content\/uploads\/2021\/10\/logo-militares.webp","contentUrl":"https:\/\/militares.estrategia.com\/portal\/wp-content\/uploads\/2021\/10\/logo-militares.webp","width":346,"height":90,"caption":"Estrat\u00e9gia Militares"},"image":{"@id":"https:\/\/militares.estrategia.com\/portal\/#\/schema\/logo\/image\/"},"sameAs":["https:\/\/www.facebook.com\/EstrategiaMilitares","https:\/\/x.com\/estrategiamilit","https:\/\/www.instagram.com\/estrategiamilitares\/","https:\/\/www.youtube.com\/channel\/UCRG_9hakCqXxnj_8TqCdgTA"]},{"@type":"Person","@id":"https:\/\/militares.estrategia.com\/portal\/#\/schema\/person\/5cfd387108cd0cdefab7eea7a9735dcc","name":"Vanesca Soares","image":{"@type":"ImageObject","inLanguage":"pt-BR","@id":"https:\/\/militares.estrategia.com\/portal\/#\/schema\/person\/image\/","url":"https:\/\/militares.estrategia.com\/portal\/wp-content\/uploads\/2021\/10\/FB_IMG_1634215702135-150x150.webp","contentUrl":"https:\/\/militares.estrategia.com\/portal\/wp-content\/uploads\/2021\/10\/FB_IMG_1634215702135-150x150.webp","caption":"Vanesca Soares"},"description":"Vanesca Soares foi Primeiro Tenente da Marinha do Brasil. Jornalista de forma\u00e7\u00e3o, ama todas as artes, principalmente a Literatura e o Cinema. Capaz de ficar em casa lendo um bom livro ao inv\u00e9s de ir para a balada, entende que ler \u00e9 uma grande viagem. Ama filmes hist\u00f3ricos, biografias, drama, thrillers, terror e tudo sobre os anos 1980. Principalmente a m\u00fasica!","url":"https:\/\/militares.estrategia.com\/portal\/author\/vanesca-soares\/"}]}},"_wl_alt_label":[],"wl:entity_url":"https:\/\/data.wordlift.io\/wl110246\/post\/sa-57436","_links":{"self":[{"href":"https:\/\/militares.estrategia.com\/portal\/wp-json\/wp\/v2\/posts\/57436","targetHints":{"allow":["GET"]}}],"collection":[{"href":"https:\/\/militares.estrategia.com\/portal\/wp-json\/wp\/v2\/posts"}],"about":[{"href":"https:\/\/militares.estrategia.com\/portal\/wp-json\/wp\/v2\/types\/post"}],"author":[{"embeddable":true,"href":"https:\/\/militares.estrategia.com\/portal\/wp-json\/wp\/v2\/users\/58"}],"replies":[{"embeddable":true,"href":"https:\/\/militares.estrategia.com\/portal\/wp-json\/wp\/v2\/comments?post=57436"}],"version-history":[{"count":5,"href":"https:\/\/militares.estrategia.com\/portal\/wp-json\/wp\/v2\/posts\/57436\/revisions"}],"predecessor-version":[{"id":57447,"href":"https:\/\/militares.estrategia.com\/portal\/wp-json\/wp\/v2\/posts\/57436\/revisions\/57447"}],"wp:featuredmedia":[{"embeddable":true,"href":"https:\/\/militares.estrategia.com\/portal\/wp-json\/wp\/v2\/media\/57444"}],"wp:attachment":[{"href":"https:\/\/militares.estrategia.com\/portal\/wp-json\/wp\/v2\/media?parent=57436"}],"wp:term":[{"taxonomy":"category","embeddable":true,"href":"https:\/\/militares.estrategia.com\/portal\/wp-json\/wp\/v2\/categories?post=57436"},{"taxonomy":"post_tag","embeddable":true,"href":"https:\/\/militares.estrategia.com\/portal\/wp-json\/wp\/v2\/tags?post=57436"},{"taxonomy":"wl_entity_type","embeddable":true,"href":"https:\/\/militares.estrategia.com\/portal\/wp-json\/wp\/v2\/wl_entity_type?post=57436"}],"curies":[{"name":"wp","href":"https:\/\/api.w.org\/{rel}","templated":true}]}}