{"id":57355,"date":"2022-08-03T01:49:06","date_gmt":"2022-08-03T04:49:06","guid":{"rendered":"https:\/\/militares.estrategia.com\/portal\/?p=57355"},"modified":"2025-08-04T10:33:04","modified_gmt":"2025-08-04T13:33:04","slug":"a-batalha-do-monte-das-tabocas","status":"publish","type":"post","link":"https:\/\/militares.estrategia.com\/portal\/mundo-militar\/datas-comemorativas\/a-batalha-do-monte-das-tabocas\/","title":{"rendered":"3 de Agosto: conhe\u00e7a a Batalha do Monte das Tabocas"},"content":{"rendered":"\n<p>Voc\u00ea j\u00e1 ouviu falar da Batalha do Monte das Tabocas? Ela foi <strong>um dos primeiros epis\u00f3dios da Insurrei\u00e7\u00e3o Pernambucana,<\/strong> movimento respons\u00e1vel pela expuls\u00e3o dos holandeses do territ\u00f3rio brasileiro.<\/p>\n\n\n\n<p>Nesse post, voc\u00ea descobrir\u00e1 como aconteceu esse movimento, al\u00e9m de entender quais foram os motivos pelos quais os holandeses invadiram o Brasil.<\/p>\n\n\n\n<div id=\"ez-toc-container\" class=\"ez-toc-v2_0_79_2 counter-hierarchy ez-toc-counter ez-toc-transparent ez-toc-container-direction\">\n<div class=\"ez-toc-title-container\"><p class=\"ez-toc-title\" style=\"cursor:inherit\">Navegue pelo conte\u00fado\t<\/p>\n<\/div><nav><ul class='ez-toc-list ez-toc-list-level-1 ' ><li class='ez-toc-page-1 ez-toc-heading-level-2'><a class=\"ez-toc-link ez-toc-heading-1\" href=\"https:\/\/militares.estrategia.com\/portal\/mundo-militar\/datas-comemorativas\/a-batalha-do-monte-das-tabocas\/#O-que-foi-a-Uniao-Iberica\" >O que foi a Uni\u00e3o Ib\u00e9rica?<\/a><\/li><li class='ez-toc-page-1 ez-toc-heading-level-2'><a class=\"ez-toc-link ez-toc-heading-2\" href=\"https:\/\/militares.estrategia.com\/portal\/mundo-militar\/datas-comemorativas\/a-batalha-do-monte-das-tabocas\/#As-invasoes-holandesas\" >As invas\u00f5es holandesas<\/a><\/li><li class='ez-toc-page-1 ez-toc-heading-level-2'><a class=\"ez-toc-link ez-toc-heading-3\" href=\"https:\/\/militares.estrategia.com\/portal\/mundo-militar\/datas-comemorativas\/a-batalha-do-monte-das-tabocas\/#A-Insurreicao-Pernambucana\" >A Insurrei\u00e7\u00e3o Pernambucana<\/a><\/li><li class='ez-toc-page-1 ez-toc-heading-level-2'><a class=\"ez-toc-link ez-toc-heading-4\" href=\"https:\/\/militares.estrategia.com\/portal\/mundo-militar\/datas-comemorativas\/a-batalha-do-monte-das-tabocas\/#A-Batalha-do-Monte-das-Tabocas\" >A Batalha do Monte das Tabocas<\/a><\/li><\/ul><\/nav><\/div>\n<h2 class=\"wp-block-heading\" id=\"h-o-que-foi-a-uniao-iberica\"><span class=\"ez-toc-section\" id=\"O-que-foi-a-Uniao-Iberica\"><\/span>O que foi a Uni\u00e3o Ib\u00e9rica?<span class=\"ez-toc-section-end\"><\/span><\/h2>\n\n\n\n<p>Antes de adentrarmos no tema \u201cInsurrei\u00e7\u00e3o Pernambucana\u201d, \u00e9 importante entendermos o que foi a Uni\u00e3o Ib\u00e9rica, j\u00e1 que, por causa dos desdobramentos dela, nosso pa\u00eds foi invadido pelos holandeses.<\/p>\n\n\n\n<p>No ano de 1548, o rei de Portugal, <strong>D. Sebasti\u00e3o, foi morto no campo<\/strong> de batalha, em Marrocos. Para seu lugar <strong>foi escolhido o seu tio-av\u00f4,<\/strong> o cardeal D. Henrique.&nbsp;<\/p>\n\n\n\n<p>Dois anos ap\u00f3s a sua coroa\u00e7\u00e3o, D. Henrique morreu sem deixar herdeiros, gerando uma <strong>crise sucess\u00f3ria pelo trono.<\/strong> Com isso, foi iniciada uma grande disputa pelo poderoso imp\u00e9rio portugu\u00eas, na qual o <strong>rei da Espanha, Felipe II, sagrou-se vitorioso.<\/strong>&nbsp;<\/p>\n\n\n\n<p>Assim, come\u00e7ou o per\u00edodo conhecido como Uni\u00e3o Ib\u00e9rica (1580-1640), cuja principal caracter\u00edstica foi a<strong> unifica\u00e7\u00e3o da coroa portuguesa e todas as suas col\u00f4nias ao reino espanhol.<\/strong><\/p>\n\n\n\n<h3 class=\"wp-block-heading\" id=\"h-o-embargo-espanhol\">O embargo espanhol<\/h3>\n\n\n\n<p>Na mesma \u00e9poca,<strong> a Holanda,<\/strong> que at\u00e9 ent\u00e3o estava sob dom\u00ednio espanhol, <strong>conquistava a sua independ\u00eancia,<\/strong> transformando-se na Rep\u00fablica da Holanda. Felipe II n\u00e3o aceitou a perda e agiu prontamente <strong>aplicando um bloqueio econ\u00f4mico ao pa\u00eds,<\/strong> proibindo todas as col\u00f4nias em seu dom\u00ednio de estabelecerem rela\u00e7\u00f5es com os Pa\u00edses Baixos.&nbsp;<\/p>\n\n\n\n<p>O bloqueio econ\u00f4mico implicava diretamente no Brasil, mais precisamente no com\u00e9rcio a\u00e7ucareiro nordestino, j\u00e1 que<strong> a Holanda era a respons\u00e1vel por refinar o a\u00e7\u00facar brasileiro.&nbsp;<\/strong><\/p>\n\n\n\n<p>Al\u00e9m de perder um grande parceiro no mercado do a\u00e7\u00facar, <strong>a Holanda estava perdendo um dos seus principais compradores de tecido. <\/strong>Essas circunst\u00e2ncias fizeram com que os holandeses reagissem de forma r\u00e1pida e precisa.&nbsp;<\/p>\n\n\n\n<h2 class=\"wp-block-heading\" id=\"h-as-invasoes-holandesas\"><span class=\"ez-toc-section\" id=\"As-invasoes-holandesas\"><\/span>As invas\u00f5es holandesas<span class=\"ez-toc-section-end\"><\/span><\/h2>\n\n\n\n<p>A Holanda criou a <strong>Companhia das \u00cdndias Ocidentais (1621),<\/strong> que tinha como principais objetivos: monopolizar o <strong>tr\u00e1fico de escravos<\/strong> no Atl\u00e2ntico e o <strong>com\u00e9rcio a\u00e7ucareiro ao estabelecer<\/strong> col\u00f4nias em pontos estrat\u00e9gicos.<\/p>\n\n\n\n<p>Esses planos fizeram com que os holandeses invadissem o Brasil na tentativa de conquistar grandes regi\u00f5es nordestinas, onde existiam diversos engenhos.&nbsp;<\/p>\n\n\n\n<p><strong>A primeira tentativa foi conquistar a cidade de Salvador. <\/strong>No in\u00edcio do ano de 1624, 26 navios e mais de 3 mil homens invadiram a ent\u00e3o sede administrativa da col\u00f4nia. Apesar de terem conseguido se estabelecer inicialmente, os atos de resist\u00eancia<strong> for\u00e7aram os holandeses a recuar.&nbsp;<\/strong><\/p>\n\n\n\n<h3 class=\"wp-block-heading\" id=\"h-a-nova-holanda\">A \u201cNova Holanda\u201d<\/h3>\n\n\n\n<p>Contudo, no ano de 1630, <strong>os holandeses voltaram a atacar<\/strong> o nordeste brasileiro, dessa vez, a <strong>capitania de Pernambuco,<\/strong> onde conseguiram dominar Recife, Olinda e, posteriormente, do Sergipe ao Maranh\u00e3o.&nbsp;<\/p>\n\n\n\n<p>A perman\u00eancia holandesa na regi\u00e3o por anos aconteceu gra\u00e7as ao <strong>apoio de diversas camadas da popula\u00e7\u00e3o aos invasores.<\/strong> Dos principais grupos de apoiadores, podemos destacar: \u00edndios, escravos fugidos, lavradores etc.<\/p>\n\n\n\n<p>A organiza\u00e7\u00e3o administrativa da regi\u00e3o que recebeu o nome de Nova Holanda e ficou sob responsabilidade do alem\u00e3o <strong>Jo\u00e3o Maur\u00edcio de Nassau Siegen.<\/strong> Como principais objetivos dele, podemos citar:<\/p>\n\n\n\n<ul class=\"wp-block-list\">\n<li>A <strong>reestrutura\u00e7\u00e3o da economia a\u00e7ucareira <\/strong>que tinha se desorganizado devido ao bloqueio econ\u00f4mico espanhol;<\/li>\n\n\n\n<li><strong>Organizar o tr\u00e1fico de escravos<\/strong>, com\u00e9rcio que a Holanda planejava monopolizar em poucos anos; e<\/li>\n\n\n\n<li>Conquistar cada vez mais a confian\u00e7a e apoio dos lusos-brasileiros.<\/li>\n<\/ul>\n\n\n\n<p>Todo o planejamento tra\u00e7ado foi executado com muita compet\u00eancia por Nassau. Ele reativou a economia e conquistou os senhores de engenho <strong>realizando empr\u00e9stimos e cobrando impostos mais acess\u00edveis.<\/strong><\/p>\n\n\n\n<p>Al\u00e9m disso, Nassau ficou conhecido por investir no <strong>bem-estar da popula\u00e7\u00e3o, <\/strong>trabalhando na reforma urban\u00edstica de Recife e <strong>estimulando a cultura,<\/strong> trazendo diversos artistas europeus ao nordeste brasileiro, para que eles pudessem retratar o que viam por aqui.&nbsp;<\/p>\n\n\n\n<h2 class=\"wp-block-heading\" id=\"h-a-insurreicao-pernambucana\"><span class=\"ez-toc-section\" id=\"A-Insurreicao-Pernambucana\"><\/span>A Insurrei\u00e7\u00e3o Pernambucana<span class=\"ez-toc-section-end\"><\/span><\/h2>\n\n\n\n<p>Apesar do progresso da Nova Holanda, dois fatores levaram o projeto holand\u00eas no nordeste ao fim. O primeiro deles foi o movimento portugu\u00eas que <strong>p\u00f4s fim ao dom\u00ednio espanhol<\/strong> no pa\u00eds e, consequentemente, a Uni\u00e3o Ib\u00e9rica, chamado de<strong> Restaura\u00e7\u00e3o.<\/strong>&nbsp;<\/p>\n\n\n\n<p>Sem ter que responder mais \u00e0 Espanha, <strong>Portugal retomou conversas com a Holanda <\/strong>e, por estar militarmente enfraquecido, admitiu em um primeiro momento a continua\u00e7\u00e3o da explora\u00e7\u00e3o do nordeste brasileiro.<\/p>\n\n\n\n<p>Contudo, <strong>a sa\u00edda de Nassau <\/strong>da administra\u00e7\u00e3o da Nova Holanda e a substitui\u00e7\u00e3o por l\u00edderes extremamente autorit\u00e1rios, fez a popula\u00e7\u00e3o de Pernambuco se revoltar fortemente em desfavor do projeto europeu na capitania.<\/p>\n\n\n<div class=\"wp-block-image\">\n<figure class=\"aligncenter size-full\"><img decoding=\"async\" width=\"960\" height=\"540\" src=\"https:\/\/militares.estrategia.com\/portal\/wp-content\/uploads\/2022\/08\/Apresentacao-sem-titulo-61.jpg\" alt=\"Batalha do Monte Tabocas\" class=\"wp-image-57356\" srcset=\"https:\/\/militares.estrategia.com\/portal\/wp-content\/uploads\/2022\/08\/Apresentacao-sem-titulo-61.jpg 960w, https:\/\/militares.estrategia.com\/portal\/wp-content\/uploads\/2022\/08\/Apresentacao-sem-titulo-61-768x432.webp 768w, https:\/\/militares.estrategia.com\/portal\/wp-content\/uploads\/2022\/08\/Apresentacao-sem-titulo-61-800x450.webp 800w\" sizes=\"(max-width: 960px) 100vw, 960px\" \/><figcaption class=\"wp-element-caption\">Quadro de Victor Meirelles retratando a Batalha dos Guararapes, maior conflito da Insurrei\u00e7\u00e3o Pernambucana.<\/figcaption><\/figure><\/div>\n\n\n<p>A Uni\u00e3o de diversos grupos a fim de expulsar os holandeses do Brasil ficou conhecida como Insurrei\u00e7\u00e3o Pernambucana.&nbsp;<\/p>\n\n\n\n<h2 class=\"wp-block-heading\" id=\"h-a-batalha-do-monte-das-tabocas\"><span class=\"ez-toc-section\" id=\"A-Batalha-do-Monte-das-Tabocas\"><\/span>A Batalha do Monte das Tabocas<span class=\"ez-toc-section-end\"><\/span><\/h2>\n\n\n\n<p>No in\u00edcio da conjura\u00e7\u00e3o, diversos grupos pegaram as armas de que dispunham (lan\u00e7as, fac\u00f5es) e se reuniram no <strong>dia 3 de agosto de 1645,<\/strong> no Monte das Tabocas, em Vit\u00f3ria de Santo Ant\u00e3o a fim de <strong>se organizar para atacar e expulsar os invasores.&nbsp;<\/strong><\/p>\n\n\n\n<p>Naquele dia,<strong> tropas holandesas<\/strong> compostas por mais de 1900 homens altamente armados <strong>invadiram o local.<\/strong> Eles tinham a vit\u00f3ria como certa, n\u00e3o contando com as <strong>diversas emboscadas armadas pelos mais de 1200 luso-brasileiros.<\/strong>&nbsp;<\/p>\n\n\n\n<p>A valentia do povo nordestino fez com que <strong>pessoas comuns conseguissem vencer o altamente preparado ex\u00e9rcito holand\u00eas. <\/strong>Essa vit\u00f3ria foi o primeiro passo para a expuls\u00e3o deles que viria a se consolidar pouco tempo depois.<\/p>\n\n\n\n<p>E a\u00ed, Guerreiro? Gostou de conhecer mais esse importante epis\u00f3dio da <a href=\"https:\/\/militares.estrategia.com\/portal\/materias-e-dicas\/historia\/revoltas-que-ja-ocorreram-no-brasil\/\" target=\"_blank\" >hist\u00f3ria brasileira e seus momentos de revolta<\/a>? Se voc\u00ea quer receber notifica\u00e7\u00f5es de mais conte\u00fados como esse, al\u00e9m de ficar por dentro das principais novidades dos concursos militares, <strong>inscreva-se em nossa newsletter!<\/strong><\/p>\n\n\n<div id=\"new-form\">\n\t<form id=\"forms_layout\">\n\t<input type=\"hidden\" id=\"chave_de\" name=\"chave_de\" value=\"01_EMIL_LEADS_TOTAIS\" \/>\n\t\t<input type=\"hidden\" id=\"mid\" name=\"mid\" value=\"515009017\" \/>\n\t\t<input type=\"hidden\" id=\"Objetivo\" name=\"Objetivo\" value=\"Militares\" \/>\n\t\t<input type=\"hidden\" id=\"Estado_de_Origem_do_IP\" name=\"Estado_de_Origem_do_IP\"  value=\"\" \/>\n\t\t<input type=\"hidden\" id=\"Cidade_de_Origem_do_IP\" name=\"Cidade_de_Origem_do_IP\" value=\"\" \/>\n\t\t<input type=\"hidden\" id=\"Modo_de_entrada\" name=\"Modo_de_entrada\" value=\"Portal\" \/>\n\t\t<input type=\"hidden\" id=\"Pagina_Origem\" name=\"Pagina_Origem\" value=\"\" \/>\n\n\t\t<div class=\"texto\">\n\t\t\t<h3 class=\"news\">Inscreva-se em nossa newsletter!<\/h3>\n\t\t\t<p>Receba not\u00edcias sobre os mais importantes concursos para as For\u00e7as Armadas brasileiras e informa\u00e7\u00f5es sobre o mundo militar!<\/p>\n\t\t<\/div>\n\t\t<div class=\"campos\">\n\t\t\t<div class=\"first_name labels\">\n\t\t\t\t<input type=\"text\" class=\"input_labels\" id=\"first_name\" name=\"Nome_Completo\" placeholder=\"Nome\" required \/>\n\t\t\t<\/div>\n\t\t\t<div class=\"email labels\">\n\t\t\t\t<input type=\"email\" class=\"input_labels\" id=\"email\" name=\"Email\" placeholder=\"E-mail\" required \/>\n\t\t\t<\/div>\n\t\t\t<button type=\"submit\" class=\"button_layout\">\n\t\t\t\t<div id=\"lblBotao\">Inscreva-se<\/div>\n\t\t\t\t<span id=\"divSpiner\" class=\"loader\" role=\"status\" style=\"display: none;\"><\/span>\t\n\t\t\t<\/button>\n\t\t<\/div><!-- \/campos -->\n\t\t\n\t\t<label class=\"container_checkbox\">Voc\u00ea concorda com a nossa\n\t\t\t<a class=\"politics_privacy_ahref\" target=\"_blank\" href=\"https:\/\/gratis.estrategiaconcursos.com.br\/politica-de-privacidade\/\">Pol\u00edtica de Privacidade<\/a> e aceita receber informa\u00e7\u00f5es adicionais do Estrat\u00e9gia Educacional.\n\t\t\t<input id=\"checkbox_layout\" type=\"checkbox\" checked=\"checked\" required \/>\n\t\t\t<span class=\"checkbox\"><\/span>\n\t\t<\/label>\n\t\t<div id=\"msg\"><\/div>\n\t\t<div id=\"error\" class=\"error\">\n\t\t<\/div>\n\t<\/form>\n<\/div><!-- \/new-form -->\n\n\n\n<p>E, caso voc\u00ea queira testar seus conhecimentos sobre a Batalha do Monte das Tabocas e v\u00e1rios outros temas cobrados constantemente nos principais concursos militares do pa\u00eds, <strong>assine o nosso Banco de Quest\u00f5es. <\/strong>Clique no banner abaixo e conhe\u00e7a!&nbsp;&nbsp;<\/p>\n\n\n\n<p><strong><a id=\"cta\" class=\"cta-imagem\" href=\"https:\/\/militares.estrategia.com\/curso\/banco-de-questes-anual\/\" target=\"blank\">\n                <img decoding=\"async\" width=\"100%\" src=\"https:\/\/militares.estrategia.com\/portal\/wp-content\/uploads\/2023\/02\/EM-Banco-de-Questoes.jpg\" alt=\"EM - Banco de Questo\u0303es\" title=\"EM - Banco de Questo\u0303es\">\n        <\/a><\/strong><\/p>\n\n\n","protected":false},"excerpt":{"rendered":"Voc\u00ea j\u00e1 ouviu falar da Batalha do Monte das Tabocas? Ela foi um dos primeiros epis\u00f3dios da Insurrei\u00e7\u00e3o&hellip;\n","protected":false},"author":53,"featured_media":56143,"comment_status":"closed","ping_status":"closed","sticky":false,"template":"","format":"standard","meta":{"wl_entities_gutenberg":"","footnotes":""},"categories":[306],"tags":[],"wl_entity_type":[187],"class_list":{"0":"post-57355","1":"post","2":"type-post","3":"status-publish","4":"format-standard","5":"has-post-thumbnail","7":"category-datas-comemorativas","8":"wl_entity_type-article"},"acf":[],"yoast_head":"<!-- This site is optimized with the Yoast SEO Premium plugin v26.6 (Yoast SEO v26.6) - https:\/\/yoast.com\/wordpress\/plugins\/seo\/ -->\n<title>3 de Agosto: conhe\u00e7a a Batalha do Monte das Tabocas<\/title>\n<meta name=\"description\" content=\"Saiba mais sobre a Batalha do Monte das Tabocas, o primeiro confronto na luta contra os holandeses no nordeste brasileiro.\" \/>\n<meta name=\"robots\" content=\"index, follow, max-snippet:-1, max-image-preview:large, max-video-preview:-1\" \/>\n<link rel=\"canonical\" href=\"https:\/\/militares.estrategia.com\/portal\/mundo-militar\/datas-comemorativas\/a-batalha-do-monte-das-tabocas\/\" \/>\n<meta property=\"og:locale\" content=\"pt_BR\" \/>\n<meta property=\"og:type\" content=\"article\" \/>\n<meta property=\"og:title\" content=\"3 de Agosto: conhe\u00e7a a Batalha do Monte das Tabocas\" \/>\n<meta property=\"og:description\" content=\"Saiba mais sobre a Batalha do Monte das Tabocas, o primeiro confronto na luta contra os holandeses no nordeste brasileiro.\" \/>\n<meta property=\"og:url\" content=\"https:\/\/militares.estrategia.com\/portal\/mundo-militar\/datas-comemorativas\/a-batalha-do-monte-das-tabocas\/\" \/>\n<meta property=\"og:site_name\" content=\"Estrat\u00e9gia Militares\" \/>\n<meta property=\"article:publisher\" content=\"https:\/\/www.facebook.com\/EstrategiaMilitares\" \/>\n<meta property=\"article:published_time\" content=\"2022-08-03T04:49:06+00:00\" \/>\n<meta property=\"article:modified_time\" content=\"2025-08-04T13:33:04+00:00\" \/>\n<meta property=\"og:image\" content=\"https:\/\/militares.estrategia.com\/portal\/wp-content\/uploads\/2021\/04\/pexels-somchai-kongkamsri-35825-scaled.webp\" \/>\n\t<meta property=\"og:image:width\" content=\"2560\" \/>\n\t<meta property=\"og:image:height\" content=\"1707\" \/>\n\t<meta property=\"og:image:type\" content=\"image\/jpeg\" \/>\n<meta name=\"author\" content=\"Lucas Gon\u00e7alves\" \/>\n<meta name=\"twitter:card\" content=\"summary_large_image\" \/>\n<meta name=\"twitter:creator\" content=\"@estrategiamilit\" \/>\n<meta name=\"twitter:site\" content=\"@estrategiamilit\" \/>\n<meta name=\"twitter:label1\" content=\"Escrito por\" \/>\n\t<meta name=\"twitter:data1\" content=\"Lucas Gon\u00e7alves\" \/>\n\t<meta name=\"twitter:label2\" content=\"Est. tempo de leitura\" \/>\n\t<meta name=\"twitter:data2\" content=\"5 minutos\" \/>\n<script type=\"application\/ld+json\" class=\"yoast-schema-graph\">{\"@context\":\"https:\/\/schema.org\",\"@graph\":[{\"@type\":\"Article\",\"@id\":\"https:\/\/militares.estrategia.com\/portal\/mundo-militar\/datas-comemorativas\/a-batalha-do-monte-das-tabocas\/#article\",\"isPartOf\":{\"@id\":\"https:\/\/militares.estrategia.com\/portal\/mundo-militar\/datas-comemorativas\/a-batalha-do-monte-das-tabocas\/\"},\"author\":{\"name\":\"Lucas Gon\u00e7alves\",\"@id\":\"https:\/\/militares.estrategia.com\/portal\/#\/schema\/person\/566b15d6f51f32043ba353771e7ee88a\"},\"headline\":\"3 de Agosto: conhe\u00e7a a Batalha do Monte das Tabocas\",\"datePublished\":\"2022-08-03T04:49:06+00:00\",\"dateModified\":\"2025-08-04T13:33:04+00:00\",\"mainEntityOfPage\":{\"@id\":\"https:\/\/militares.estrategia.com\/portal\/mundo-militar\/datas-comemorativas\/a-batalha-do-monte-das-tabocas\/\"},\"wordCount\":1060,\"publisher\":{\"@id\":\"https:\/\/militares.estrategia.com\/portal\/#organization\"},\"image\":{\"@id\":\"https:\/\/militares.estrategia.com\/portal\/mundo-militar\/datas-comemorativas\/a-batalha-do-monte-das-tabocas\/#primaryimage\"},\"thumbnailUrl\":\"https:\/\/militares.estrategia.com\/portal\/wp-content\/uploads\/2021\/04\/pexels-somchai-kongkamsri-35825-scaled.webp\",\"articleSection\":[\"Datas Comemorativas\"],\"inLanguage\":\"pt-BR\"},{\"@type\":\"WebPage\",\"@id\":\"https:\/\/militares.estrategia.com\/portal\/mundo-militar\/datas-comemorativas\/a-batalha-do-monte-das-tabocas\/\",\"url\":\"https:\/\/militares.estrategia.com\/portal\/mundo-militar\/datas-comemorativas\/a-batalha-do-monte-das-tabocas\/\",\"name\":\"3 de Agosto: conhe\u00e7a a Batalha do Monte das Tabocas\",\"isPartOf\":{\"@id\":\"https:\/\/militares.estrategia.com\/portal\/#website\"},\"primaryImageOfPage\":{\"@id\":\"https:\/\/militares.estrategia.com\/portal\/mundo-militar\/datas-comemorativas\/a-batalha-do-monte-das-tabocas\/#primaryimage\"},\"image\":{\"@id\":\"https:\/\/militares.estrategia.com\/portal\/mundo-militar\/datas-comemorativas\/a-batalha-do-monte-das-tabocas\/#primaryimage\"},\"thumbnailUrl\":\"https:\/\/militares.estrategia.com\/portal\/wp-content\/uploads\/2021\/04\/pexels-somchai-kongkamsri-35825-scaled.webp\",\"datePublished\":\"2022-08-03T04:49:06+00:00\",\"dateModified\":\"2025-08-04T13:33:04+00:00\",\"description\":\"Saiba mais sobre a Batalha do Monte das Tabocas, o primeiro confronto na luta contra os holandeses no nordeste brasileiro.\",\"breadcrumb\":{\"@id\":\"https:\/\/militares.estrategia.com\/portal\/mundo-militar\/datas-comemorativas\/a-batalha-do-monte-das-tabocas\/#breadcrumb\"},\"inLanguage\":\"pt-BR\",\"potentialAction\":[{\"@type\":\"ReadAction\",\"target\":[\"https:\/\/militares.estrategia.com\/portal\/mundo-militar\/datas-comemorativas\/a-batalha-do-monte-das-tabocas\/\"]}]},{\"@type\":\"ImageObject\",\"inLanguage\":\"pt-BR\",\"@id\":\"https:\/\/militares.estrategia.com\/portal\/mundo-militar\/datas-comemorativas\/a-batalha-do-monte-das-tabocas\/#primaryimage\",\"url\":\"https:\/\/militares.estrategia.com\/portal\/wp-content\/uploads\/2021\/04\/pexels-somchai-kongkamsri-35825-scaled.webp\",\"contentUrl\":\"https:\/\/militares.estrategia.com\/portal\/wp-content\/uploads\/2021\/04\/pexels-somchai-kongkamsri-35825-scaled.webp\",\"width\":2560,\"height\":1707},{\"@type\":\"BreadcrumbList\",\"@id\":\"https:\/\/militares.estrategia.com\/portal\/mundo-militar\/datas-comemorativas\/a-batalha-do-monte-das-tabocas\/#breadcrumb\",\"itemListElement\":[{\"@type\":\"ListItem\",\"position\":1,\"name\":\"Home\",\"item\":\"https:\/\/militares.estrategia.com\/portal\/\"},{\"@type\":\"ListItem\",\"position\":2,\"name\":\"Mundo Militar\",\"item\":\"https:\/\/militares.estrategia.com\/portal\/mundo-militar\/\"},{\"@type\":\"ListItem\",\"position\":3,\"name\":\"Datas Comemorativas\",\"item\":\"https:\/\/militares.estrategia.com\/portal\/mundo-militar\/datas-comemorativas\/\"},{\"@type\":\"ListItem\",\"position\":4,\"name\":\"3 de Agosto: conhe\u00e7a a Batalha do Monte das Tabocas\"}]},{\"@type\":\"WebSite\",\"@id\":\"https:\/\/militares.estrategia.com\/portal\/#website\",\"url\":\"https:\/\/militares.estrategia.com\/portal\/\",\"name\":\"Estrat\u00e9gia Militares\",\"description\":\"\",\"publisher\":{\"@id\":\"https:\/\/militares.estrategia.com\/portal\/#organization\"},\"potentialAction\":[{\"@type\":\"SearchAction\",\"target\":{\"@type\":\"EntryPoint\",\"urlTemplate\":\"https:\/\/militares.estrategia.com\/portal\/?s={search_term_string}\"},\"query-input\":{\"@type\":\"PropertyValueSpecification\",\"valueRequired\":true,\"valueName\":\"search_term_string\"}}],\"inLanguage\":\"pt-BR\"},{\"@type\":\"Organization\",\"@id\":\"https:\/\/militares.estrategia.com\/portal\/#organization\",\"name\":\"Estrat\u00e9gia Militares\",\"url\":\"https:\/\/militares.estrategia.com\/portal\/\",\"logo\":{\"@type\":\"ImageObject\",\"inLanguage\":\"pt-BR\",\"@id\":\"https:\/\/militares.estrategia.com\/portal\/#\/schema\/logo\/image\/\",\"url\":\"https:\/\/militares.estrategia.com\/portal\/wp-content\/uploads\/2021\/10\/logo-militares.webp\",\"contentUrl\":\"https:\/\/militares.estrategia.com\/portal\/wp-content\/uploads\/2021\/10\/logo-militares.webp\",\"width\":346,\"height\":90,\"caption\":\"Estrat\u00e9gia Militares\"},\"image\":{\"@id\":\"https:\/\/militares.estrategia.com\/portal\/#\/schema\/logo\/image\/\"},\"sameAs\":[\"https:\/\/www.facebook.com\/EstrategiaMilitares\",\"https:\/\/x.com\/estrategiamilit\",\"https:\/\/www.instagram.com\/estrategiamilitares\/\",\"https:\/\/www.youtube.com\/channel\/UCRG_9hakCqXxnj_8TqCdgTA\"]},{\"@type\":\"Person\",\"@id\":\"https:\/\/militares.estrategia.com\/portal\/#\/schema\/person\/566b15d6f51f32043ba353771e7ee88a\",\"name\":\"Lucas Gon\u00e7alves\",\"image\":{\"@type\":\"ImageObject\",\"inLanguage\":\"pt-BR\",\"@id\":\"https:\/\/militares.estrategia.com\/portal\/#\/schema\/person\/image\/\",\"url\":\"https:\/\/militares.estrategia.com\/portal\/wp-content\/uploads\/2021\/08\/WhatsApp-Image-2023-04-28-at-13.20.17-150x150.jpeg\",\"contentUrl\":\"https:\/\/militares.estrategia.com\/portal\/wp-content\/uploads\/2021\/08\/WhatsApp-Image-2023-04-28-at-13.20.17-150x150.jpeg\",\"caption\":\"Lucas Gon\u00e7alves\"},\"description\":\"Lucas \u00e9 um apaixonado pelo mundo dos concursos e pela carreira militar. Amante e praticante do futebol nas horas vagas.\",\"url\":\"https:\/\/militares.estrategia.com\/portal\/author\/lucas-goncalves\/\"}]}<\/script>\n<!-- \/ Yoast SEO Premium plugin. -->","yoast_head_json":{"title":"3 de Agosto: conhe\u00e7a a Batalha do Monte das Tabocas","description":"Saiba mais sobre a Batalha do Monte das Tabocas, o primeiro confronto na luta contra os holandeses no nordeste brasileiro.","robots":{"index":"index","follow":"follow","max-snippet":"max-snippet:-1","max-image-preview":"max-image-preview:large","max-video-preview":"max-video-preview:-1"},"canonical":"https:\/\/militares.estrategia.com\/portal\/mundo-militar\/datas-comemorativas\/a-batalha-do-monte-das-tabocas\/","og_locale":"pt_BR","og_type":"article","og_title":"3 de Agosto: conhe\u00e7a a Batalha do Monte das Tabocas","og_description":"Saiba mais sobre a Batalha do Monte das Tabocas, o primeiro confronto na luta contra os holandeses no nordeste brasileiro.","og_url":"https:\/\/militares.estrategia.com\/portal\/mundo-militar\/datas-comemorativas\/a-batalha-do-monte-das-tabocas\/","og_site_name":"Estrat\u00e9gia Militares","article_publisher":"https:\/\/www.facebook.com\/EstrategiaMilitares","article_published_time":"2022-08-03T04:49:06+00:00","article_modified_time":"2025-08-04T13:33:04+00:00","og_image":[{"width":2560,"height":1707,"url":"https:\/\/militares.estrategia.com\/portal\/wp-content\/uploads\/2021\/04\/pexels-somchai-kongkamsri-35825-scaled.webp","type":"image\/jpeg"}],"author":"Lucas Gon\u00e7alves","twitter_card":"summary_large_image","twitter_creator":"@estrategiamilit","twitter_site":"@estrategiamilit","twitter_misc":{"Escrito por":"Lucas Gon\u00e7alves","Est. tempo de leitura":"5 minutos"},"schema":{"@context":"https:\/\/schema.org","@graph":[{"@type":"Article","@id":"https:\/\/militares.estrategia.com\/portal\/mundo-militar\/datas-comemorativas\/a-batalha-do-monte-das-tabocas\/#article","isPartOf":{"@id":"https:\/\/militares.estrategia.com\/portal\/mundo-militar\/datas-comemorativas\/a-batalha-do-monte-das-tabocas\/"},"author":{"name":"Lucas Gon\u00e7alves","@id":"https:\/\/militares.estrategia.com\/portal\/#\/schema\/person\/566b15d6f51f32043ba353771e7ee88a"},"headline":"3 de Agosto: conhe\u00e7a a Batalha do Monte das Tabocas","datePublished":"2022-08-03T04:49:06+00:00","dateModified":"2025-08-04T13:33:04+00:00","mainEntityOfPage":{"@id":"https:\/\/militares.estrategia.com\/portal\/mundo-militar\/datas-comemorativas\/a-batalha-do-monte-das-tabocas\/"},"wordCount":1060,"publisher":{"@id":"https:\/\/militares.estrategia.com\/portal\/#organization"},"image":{"@id":"https:\/\/militares.estrategia.com\/portal\/mundo-militar\/datas-comemorativas\/a-batalha-do-monte-das-tabocas\/#primaryimage"},"thumbnailUrl":"https:\/\/militares.estrategia.com\/portal\/wp-content\/uploads\/2021\/04\/pexels-somchai-kongkamsri-35825-scaled.webp","articleSection":["Datas Comemorativas"],"inLanguage":"pt-BR"},{"@type":"WebPage","@id":"https:\/\/militares.estrategia.com\/portal\/mundo-militar\/datas-comemorativas\/a-batalha-do-monte-das-tabocas\/","url":"https:\/\/militares.estrategia.com\/portal\/mundo-militar\/datas-comemorativas\/a-batalha-do-monte-das-tabocas\/","name":"3 de Agosto: conhe\u00e7a a Batalha do Monte das Tabocas","isPartOf":{"@id":"https:\/\/militares.estrategia.com\/portal\/#website"},"primaryImageOfPage":{"@id":"https:\/\/militares.estrategia.com\/portal\/mundo-militar\/datas-comemorativas\/a-batalha-do-monte-das-tabocas\/#primaryimage"},"image":{"@id":"https:\/\/militares.estrategia.com\/portal\/mundo-militar\/datas-comemorativas\/a-batalha-do-monte-das-tabocas\/#primaryimage"},"thumbnailUrl":"https:\/\/militares.estrategia.com\/portal\/wp-content\/uploads\/2021\/04\/pexels-somchai-kongkamsri-35825-scaled.webp","datePublished":"2022-08-03T04:49:06+00:00","dateModified":"2025-08-04T13:33:04+00:00","description":"Saiba mais sobre a Batalha do Monte das Tabocas, o primeiro confronto na luta contra os holandeses no nordeste brasileiro.","breadcrumb":{"@id":"https:\/\/militares.estrategia.com\/portal\/mundo-militar\/datas-comemorativas\/a-batalha-do-monte-das-tabocas\/#breadcrumb"},"inLanguage":"pt-BR","potentialAction":[{"@type":"ReadAction","target":["https:\/\/militares.estrategia.com\/portal\/mundo-militar\/datas-comemorativas\/a-batalha-do-monte-das-tabocas\/"]}]},{"@type":"ImageObject","inLanguage":"pt-BR","@id":"https:\/\/militares.estrategia.com\/portal\/mundo-militar\/datas-comemorativas\/a-batalha-do-monte-das-tabocas\/#primaryimage","url":"https:\/\/militares.estrategia.com\/portal\/wp-content\/uploads\/2021\/04\/pexels-somchai-kongkamsri-35825-scaled.webp","contentUrl":"https:\/\/militares.estrategia.com\/portal\/wp-content\/uploads\/2021\/04\/pexels-somchai-kongkamsri-35825-scaled.webp","width":2560,"height":1707},{"@type":"BreadcrumbList","@id":"https:\/\/militares.estrategia.com\/portal\/mundo-militar\/datas-comemorativas\/a-batalha-do-monte-das-tabocas\/#breadcrumb","itemListElement":[{"@type":"ListItem","position":1,"name":"Home","item":"https:\/\/militares.estrategia.com\/portal\/"},{"@type":"ListItem","position":2,"name":"Mundo Militar","item":"https:\/\/militares.estrategia.com\/portal\/mundo-militar\/"},{"@type":"ListItem","position":3,"name":"Datas Comemorativas","item":"https:\/\/militares.estrategia.com\/portal\/mundo-militar\/datas-comemorativas\/"},{"@type":"ListItem","position":4,"name":"3 de Agosto: conhe\u00e7a a Batalha do Monte das Tabocas"}]},{"@type":"WebSite","@id":"https:\/\/militares.estrategia.com\/portal\/#website","url":"https:\/\/militares.estrategia.com\/portal\/","name":"Estrat\u00e9gia Militares","description":"","publisher":{"@id":"https:\/\/militares.estrategia.com\/portal\/#organization"},"potentialAction":[{"@type":"SearchAction","target":{"@type":"EntryPoint","urlTemplate":"https:\/\/militares.estrategia.com\/portal\/?s={search_term_string}"},"query-input":{"@type":"PropertyValueSpecification","valueRequired":true,"valueName":"search_term_string"}}],"inLanguage":"pt-BR"},{"@type":"Organization","@id":"https:\/\/militares.estrategia.com\/portal\/#organization","name":"Estrat\u00e9gia Militares","url":"https:\/\/militares.estrategia.com\/portal\/","logo":{"@type":"ImageObject","inLanguage":"pt-BR","@id":"https:\/\/militares.estrategia.com\/portal\/#\/schema\/logo\/image\/","url":"https:\/\/militares.estrategia.com\/portal\/wp-content\/uploads\/2021\/10\/logo-militares.webp","contentUrl":"https:\/\/militares.estrategia.com\/portal\/wp-content\/uploads\/2021\/10\/logo-militares.webp","width":346,"height":90,"caption":"Estrat\u00e9gia Militares"},"image":{"@id":"https:\/\/militares.estrategia.com\/portal\/#\/schema\/logo\/image\/"},"sameAs":["https:\/\/www.facebook.com\/EstrategiaMilitares","https:\/\/x.com\/estrategiamilit","https:\/\/www.instagram.com\/estrategiamilitares\/","https:\/\/www.youtube.com\/channel\/UCRG_9hakCqXxnj_8TqCdgTA"]},{"@type":"Person","@id":"https:\/\/militares.estrategia.com\/portal\/#\/schema\/person\/566b15d6f51f32043ba353771e7ee88a","name":"Lucas Gon\u00e7alves","image":{"@type":"ImageObject","inLanguage":"pt-BR","@id":"https:\/\/militares.estrategia.com\/portal\/#\/schema\/person\/image\/","url":"https:\/\/militares.estrategia.com\/portal\/wp-content\/uploads\/2021\/08\/WhatsApp-Image-2023-04-28-at-13.20.17-150x150.jpeg","contentUrl":"https:\/\/militares.estrategia.com\/portal\/wp-content\/uploads\/2021\/08\/WhatsApp-Image-2023-04-28-at-13.20.17-150x150.jpeg","caption":"Lucas Gon\u00e7alves"},"description":"Lucas \u00e9 um apaixonado pelo mundo dos concursos e pela carreira militar. Amante e praticante do futebol nas horas vagas.","url":"https:\/\/militares.estrategia.com\/portal\/author\/lucas-goncalves\/"}]}},"_wl_alt_label":[],"wl:entity_url":"https:\/\/data.wordlift.io\/wl110246\/post\/3-de-agosto-conheca-a-batalha-do-monte-das-tabocas-57355","_links":{"self":[{"href":"https:\/\/militares.estrategia.com\/portal\/wp-json\/wp\/v2\/posts\/57355","targetHints":{"allow":["GET"]}}],"collection":[{"href":"https:\/\/militares.estrategia.com\/portal\/wp-json\/wp\/v2\/posts"}],"about":[{"href":"https:\/\/militares.estrategia.com\/portal\/wp-json\/wp\/v2\/types\/post"}],"author":[{"embeddable":true,"href":"https:\/\/militares.estrategia.com\/portal\/wp-json\/wp\/v2\/users\/53"}],"replies":[{"embeddable":true,"href":"https:\/\/militares.estrategia.com\/portal\/wp-json\/wp\/v2\/comments?post=57355"}],"version-history":[{"count":2,"href":"https:\/\/militares.estrategia.com\/portal\/wp-json\/wp\/v2\/posts\/57355\/revisions"}],"predecessor-version":[{"id":88405,"href":"https:\/\/militares.estrategia.com\/portal\/wp-json\/wp\/v2\/posts\/57355\/revisions\/88405"}],"wp:featuredmedia":[{"embeddable":true,"href":"https:\/\/militares.estrategia.com\/portal\/wp-json\/wp\/v2\/media\/56143"}],"wp:attachment":[{"href":"https:\/\/militares.estrategia.com\/portal\/wp-json\/wp\/v2\/media?parent=57355"}],"wp:term":[{"taxonomy":"category","embeddable":true,"href":"https:\/\/militares.estrategia.com\/portal\/wp-json\/wp\/v2\/categories?post=57355"},{"taxonomy":"post_tag","embeddable":true,"href":"https:\/\/militares.estrategia.com\/portal\/wp-json\/wp\/v2\/tags?post=57355"},{"taxonomy":"wl_entity_type","embeddable":true,"href":"https:\/\/militares.estrategia.com\/portal\/wp-json\/wp\/v2\/wl_entity_type?post=57355"}],"curies":[{"name":"wp","href":"https:\/\/api.w.org\/{rel}","templated":true}]}}