{"id":57183,"date":"2022-07-27T17:09:24","date_gmt":"2022-07-27T20:09:24","guid":{"rendered":"https:\/\/militares.estrategia.com\/portal\/?p=57183"},"modified":"2022-11-18T11:07:24","modified_gmt":"2022-11-18T14:07:24","slug":"fn-2023-teste-de-aptidao-fisica-e-inspecao-de-saude","status":"publish","type":"post","link":"https:\/\/militares.estrategia.com\/portal\/noticias\/fn-2023-teste-de-aptidao-fisica-e-inspecao-de-saude\/","title":{"rendered":"Fuzileiro Naval 2023: convocados para TAF-i e IS da Turma I"},"content":{"rendered":"\n<p>Os convocados para as etapas de Teste de Aptid\u00e3o F\u00edsica de Ingresso (TAF-i) e Inspe\u00e7\u00e3o de Sa\u00fade (IS) do<a href=\"https:\/\/militares.estrategia.com\/portal\/escolas-militares\/marinha\/fuzileiro-naval\/concurso-fuzileiro-naval-vagas-datas-e-etapas\/\" target=\"_blank\" > Concurso Soldado Fuzileiro Naval 2023<\/a> foram divulgados nesta quarta, dia 27 de julho, na p\u00e1gina do seletivo na internet. <\/p>\n\n\n\n<p>O Concurso Fuzileiro Naval oferece vagas tanto para o primeiro quanto para o segundo semestre de 2023, as listas de convocados se referem aos candidatos \u00e0 Turma I que escolheram realizar as etapas no Rio de Janeiro. <\/p>\n\n\n\n<p>O candidato pode conferir a data e o hor\u00e1rio em que devem comparecer. Baixe as listas abaixo: <\/p>\n\n\n\n<div class=\"wp-block-buttons is-content-justification-center is-layout-flex wp-block-buttons-is-layout-flex\">\n<div class=\"wp-block-button is-style-outline is-style-outline--1\"><a class=\"wp-block-button__link has-electric-grass-gradient-background has-background\" href=\"https:\/\/militares.estrategia.com\/portal\/wp-content\/uploads\/2022\/07\/FN-2023-Convocacao-TAF-i-RJ.pdf\" target=\"_blank\" >Convocados para TAF-i &#8211; FN 2023\/I<\/a><\/div>\n<\/div>\n\n\n\n<div class=\"wp-block-buttons is-content-justification-center is-layout-flex wp-block-buttons-is-layout-flex\">\n<div class=\"wp-block-button is-style-outline is-style-outline--2\"><a class=\"wp-block-button__link has-electric-grass-gradient-background has-background\" href=\"https:\/\/militares.estrategia.com\/portal\/wp-content\/uploads\/2022\/07\/FN-2023-Convocacao-IS-RJ-TI-2023.pdf\" target=\"_blank\" >Convocados para IS &#8211; FN 2023\/I<\/a><\/div>\n<\/div>\n\n\n\n<p>Em ambas as etapas o candidato deve levar o comprovante de inscri\u00e7\u00e3o e um documento oficial de identifica\u00e7\u00e3o original, com fotografia e dentro da validade. O<strong> TAF-i <\/strong>est\u00e1 previsto para acontecer entre os dias<strong> 9 de agosto a 3 de outubro<\/strong>. Enquanto a <strong>IS<\/strong> ocorre entre <strong>1 de agosto e 4 de outubro. <\/strong><\/p>\n\n\n\n<div id=\"ez-toc-container\" class=\"ez-toc-v2_0_79_2 counter-hierarchy ez-toc-counter ez-toc-transparent ez-toc-container-direction\">\n<div class=\"ez-toc-title-container\"><p class=\"ez-toc-title\" style=\"cursor:inherit\">Navegue pelo conte\u00fado\t<\/p>\n<\/div><nav><ul class='ez-toc-list ez-toc-list-level-1 ' ><li class='ez-toc-page-1 ez-toc-heading-level-2'><a class=\"ez-toc-link ez-toc-heading-1\" href=\"https:\/\/militares.estrategia.com\/portal\/noticias\/fn-2023-teste-de-aptidao-fisica-e-inspecao-de-saude\/#Teste-de-Aptidao-Fisica\" >Teste de Aptid\u00e3o F\u00edsica<\/a><\/li><li class='ez-toc-page-1 ez-toc-heading-level-2'><a class=\"ez-toc-link ez-toc-heading-2\" href=\"https:\/\/militares.estrategia.com\/portal\/noticias\/fn-2023-teste-de-aptidao-fisica-e-inspecao-de-saude\/#Inspecao-de-Saude\" >Inspe\u00e7\u00e3o de Sa\u00fade<\/a><\/li><\/ul><\/nav><\/div>\n<h2 class=\"wp-block-heading\" id=\"h-teste-de-aptidao-fisica\"><span class=\"ez-toc-section\" id=\"Teste-de-Aptidao-Fisica\"><\/span>Teste de Aptid\u00e3o F\u00edsica <span class=\"ez-toc-section-end\"><\/span><\/h2>\n\n\n\n<p>No dia do TAF-i, o candidato s\u00f3 poder\u00e1 realizar a avalia\u00e7\u00e3o com a apresenta\u00e7\u00e3o de um Atestado M\u00e9dico, presente no anexo P do <a href=\"https:\/\/militares.estrategia.com\/portal\/escolas-militares\/marinha\/fuzileiro-naval\/concurso-fuzileiro-naval-vagas-datas-e-etapas\/#Edital-Concurso-Fuzileiro-Naval-2023\" target=\"_blank\" >Edital Fuzileiro Naval 2023<\/a>, e emitido at\u00e9 30 dias antes. <\/p>\n\n\n\n<p>Al\u00e9m disso, tamb\u00e9m \u00e9 necess\u00e1rio levar cal\u00e7\u00e3o de nata\u00e7\u00e3o, toalha de banho, camiseta e cal\u00e7\u00e3o para corrida e t\u00eanis. O&nbsp;<a href=\"https:\/\/militares.estrategia.com\/portal\/guias\/taf\/\" target=\"_blank\" >Teste de Aptid\u00e3o F\u00edsica<\/a>&nbsp;avalia o candidato por meio dos seguintes exerc\u00edcios:<\/p>\n\n\n\n<figure class=\"wp-block-table is-style-stripes\"><table class=\"has-electric-grass-gradient-background has-background has-fixed-layout\"><thead><tr><th>Teste<\/th><th>Dist\u00e2ncia\/Repeti\u00e7\u00e3o<\/th><th>Tempo limite<\/th><\/tr><\/thead><tbody><tr><td>Nata\u00e7\u00e3o<\/td><td>50 metros<\/td><td>1 minuto e 30 segundos<\/td><\/tr><tr><td>Corrida<\/td><td>3.200 metros<\/td><td>19 minutos e 30 segundos<\/td><\/tr><tr><td>Flex\u00e3o de barra<\/td><td>3 repeti\u00e7\u00f5es<\/td><td>\u2013<\/td><\/tr><tr><td>Abdominal<\/td><td>38 repeti\u00e7\u00f5es<\/td><td>1 minuto<\/td><\/tr><\/tbody><\/table><\/figure>\n\n\n\n<p>O endere\u00e7o do local de exame \u00e9 CIAMPA, AV. BRASIL, n\u00famero 44.878, GUANDU DO SAP\u00c9,  CAMPO GRANDE &#8211; RIO DE JANEIRO (RJ). <\/p>\n\n\n\n<h2 class=\"wp-block-heading\"><span class=\"ez-toc-section\" id=\"Inspecao-de-Saude\"><\/span>Inspe\u00e7\u00e3o de Sa\u00fade<span class=\"ez-toc-section-end\"><\/span><\/h2>\n\n\n\n<p>J\u00e1 na IS, o candidato precisa observar um repouso auditivo de 14 horas antes do exame. Deve levar uma caneta esferogr\u00e1fica azul ou preta, prancheta, folha de anamnese dirigida preenchida, cal\u00e7\u00e3o de banho e originais de todos os exames m\u00e9dicos complementares listados no anexo B do Edital. <\/p>\n\n\n\n<p>O local do exame ser\u00e1 no Hospital Central da Marinha &#8211; 1\u00ba Distrito Naval, Ilha das Cobras &#8211; Parte alta S\/N\u00ba &#8211; Centro, CEP 20091-000, Rio de Janeiro(RJ).<\/p>\n\n\n\n<p>E a\u00ed, guerreiro? Preparado para o exame? Fique atento em nosso Portal para mais not\u00edcias dos concursos das For\u00e7as Armadas! Assine a nossa newsletter e acompanhe as informa\u00e7\u00f5es pelo seu e-mail. <\/p>\n\n\n\n<p><\/p>\n\n\n<div id=\"new-form\">\n\t<form id=\"forms_layout\">\n\t<input type=\"hidden\" id=\"chave_de\" name=\"chave_de\" value=\"01_EMIL_LEADS_TOTAIS\" \/>\n\t\t<input type=\"hidden\" id=\"mid\" name=\"mid\" value=\"515009017\" \/>\n\t\t<input type=\"hidden\" id=\"Objetivo\" name=\"Objetivo\" value=\"Militares\" \/>\n\t\t<input type=\"hidden\" id=\"Estado_de_Origem_do_IP\" name=\"Estado_de_Origem_do_IP\"  value=\"\" \/>\n\t\t<input type=\"hidden\" id=\"Cidade_de_Origem_do_IP\" name=\"Cidade_de_Origem_do_IP\" value=\"\" \/>\n\t\t<input type=\"hidden\" id=\"Modo_de_entrada\" name=\"Modo_de_entrada\" value=\"Portal\" \/>\n\t\t<input type=\"hidden\" id=\"Pagina_Origem\" name=\"Pagina_Origem\" value=\"\" \/>\n\n\t\t<div class=\"texto\">\n\t\t\t<h3 class=\"news\">Inscreva-se em nossa newsletter!<\/h3>\n\t\t\t<p>Receba not\u00edcias sobre os mais importantes concursos para as For\u00e7as Armadas brasileiras e informa\u00e7\u00f5es sobre o mundo militar!<\/p>\n\t\t<\/div>\n\t\t<div class=\"campos\">\n\t\t\t<div class=\"first_name labels\">\n\t\t\t\t<input type=\"text\" class=\"input_labels\" id=\"first_name\" name=\"Nome_Completo\" placeholder=\"Nome\" required \/>\n\t\t\t<\/div>\n\t\t\t<div class=\"email labels\">\n\t\t\t\t<input type=\"email\" class=\"input_labels\" id=\"email\" name=\"Email\" placeholder=\"E-mail\" required \/>\n\t\t\t<\/div>\n\t\t\t<button type=\"submit\" class=\"button_layout\">\n\t\t\t\t<div id=\"lblBotao\">Inscreva-se<\/div>\n\t\t\t\t<span id=\"divSpiner\" class=\"loader\" role=\"status\" style=\"display: none;\"><\/span>\t\n\t\t\t<\/button>\n\t\t<\/div><!-- \/campos -->\n\t\t\n\t\t<label class=\"container_checkbox\">Voc\u00ea concorda com a nossa\n\t\t\t<a class=\"politics_privacy_ahref\" target=\"_blank\" href=\"https:\/\/gratis.estrategiaconcursos.com.br\/politica-de-privacidade\/\">Pol\u00edtica de Privacidade<\/a> e aceita receber informa\u00e7\u00f5es adicionais do Estrat\u00e9gia Educacional.\n\t\t\t<input id=\"checkbox_layout\" type=\"checkbox\" checked=\"checked\" required \/>\n\t\t\t<span class=\"checkbox\"><\/span>\n\t\t<\/label>\n\t\t<div id=\"msg\"><\/div>\n\t\t<div id=\"error\" class=\"error\">\n\t\t<\/div>\n\t<\/form>\n<\/div><!-- \/new-form -->\n\n\n\n<p><\/p>\n\n\n\n\n\n<p><\/p>\n","protected":false},"excerpt":{"rendered":"Os convocados para as etapas de Teste de Aptid\u00e3o F\u00edsica de Ingresso (TAF-i) e Inspe\u00e7\u00e3o de Sa\u00fade (IS)&hellip;\n","protected":false},"author":9,"featured_media":47128,"comment_status":"closed","ping_status":"closed","sticky":false,"template":"","format":"standard","meta":{"wl_entities_gutenberg":"","footnotes":""},"categories":[36],"tags":[],"wl_entity_type":[187],"class_list":{"0":"post-57183","1":"post","2":"type-post","3":"status-publish","4":"format-standard","5":"has-post-thumbnail","7":"category-noticias","8":"wl_entity_type-article"},"acf":[],"yoast_head":"<!-- This site is optimized with the Yoast SEO Premium plugin v26.6 (Yoast SEO v26.6) - https:\/\/yoast.com\/wordpress\/plugins\/seo\/ -->\n<title>Fuzileiro Naval 2023: convocados para TAF-i e IS da Turma I<\/title>\n<meta name=\"description\" content=\"Veja os candidatos convocados para o Teste de Aptid\u00e3o F\u00edsica (TAF-i) e a Inspe\u00e7\u00e3o de Sa\u00fade (IS) do Concurso Fuzileiro Naval 2023!\" \/>\n<meta name=\"robots\" content=\"index, follow, max-snippet:-1, max-image-preview:large, max-video-preview:-1\" \/>\n<link rel=\"canonical\" href=\"https:\/\/militares.estrategia.com\/portal\/noticias\/fn-2023-teste-de-aptidao-fisica-e-inspecao-de-saude\/\" \/>\n<meta property=\"og:locale\" content=\"pt_BR\" \/>\n<meta property=\"og:type\" content=\"article\" \/>\n<meta property=\"og:title\" content=\"Fuzileiro Naval 2023: convocados para TAF-i e IS da Turma I\" \/>\n<meta property=\"og:description\" content=\"Veja os candidatos convocados para o Teste de Aptid\u00e3o F\u00edsica (TAF-i) e a Inspe\u00e7\u00e3o de Sa\u00fade (IS) do Concurso Fuzileiro Naval 2023!\" \/>\n<meta property=\"og:url\" content=\"https:\/\/militares.estrategia.com\/portal\/noticias\/fn-2023-teste-de-aptidao-fisica-e-inspecao-de-saude\/\" \/>\n<meta property=\"og:site_name\" content=\"Estrat\u00e9gia Militares\" \/>\n<meta property=\"article:publisher\" content=\"https:\/\/www.facebook.com\/EstrategiaMilitares\" \/>\n<meta property=\"article:published_time\" content=\"2022-07-27T20:09:24+00:00\" \/>\n<meta property=\"article:modified_time\" content=\"2022-11-18T14:07:24+00:00\" \/>\n<meta property=\"og:image\" content=\"https:\/\/cdn.blog.estrategiavestibulares.com.br\/vestibulares\/wp-content\/uploads\/2021\/08\/Capas_Imagens-BLOG-2.jpg\" \/>\n\t<meta property=\"og:image:width\" content=\"960\" \/>\n\t<meta property=\"og:image:height\" content=\"540\" \/>\n\t<meta property=\"og:image:type\" content=\"image\/jpeg\" \/>\n<meta name=\"author\" content=\"Raquel Oshio\" \/>\n<meta name=\"twitter:card\" content=\"summary_large_image\" \/>\n<meta name=\"twitter:creator\" content=\"@estrategiamilit\" \/>\n<meta name=\"twitter:site\" content=\"@estrategiamilit\" \/>\n<meta name=\"twitter:label1\" content=\"Escrito por\" \/>\n\t<meta name=\"twitter:data1\" content=\"Raquel Oshio\" \/>\n\t<meta name=\"twitter:label2\" content=\"Est. tempo de leitura\" \/>\n\t<meta name=\"twitter:data2\" content=\"2 minutos\" \/>\n<script type=\"application\/ld+json\" class=\"yoast-schema-graph\">{\"@context\":\"https:\/\/schema.org\",\"@graph\":[{\"@type\":\"Article\",\"@id\":\"https:\/\/militares.estrategia.com\/portal\/noticias\/fn-2023-teste-de-aptidao-fisica-e-inspecao-de-saude\/#article\",\"isPartOf\":{\"@id\":\"https:\/\/militares.estrategia.com\/portal\/noticias\/fn-2023-teste-de-aptidao-fisica-e-inspecao-de-saude\/\"},\"author\":{\"name\":\"Raquel Oshio\",\"@id\":\"https:\/\/militares.estrategia.com\/portal\/#\/schema\/person\/46e1f54d690b6a851270112cd62d2f37\"},\"headline\":\"Fuzileiro Naval 2023: convocados para TAF-i e IS da Turma I\",\"datePublished\":\"2022-07-27T20:09:24+00:00\",\"dateModified\":\"2022-11-18T14:07:24+00:00\",\"mainEntityOfPage\":{\"@id\":\"https:\/\/militares.estrategia.com\/portal\/noticias\/fn-2023-teste-de-aptidao-fisica-e-inspecao-de-saude\/\"},\"wordCount\":417,\"publisher\":{\"@id\":\"https:\/\/militares.estrategia.com\/portal\/#organization\"},\"image\":{\"@id\":\"https:\/\/militares.estrategia.com\/portal\/noticias\/fn-2023-teste-de-aptidao-fisica-e-inspecao-de-saude\/#primaryimage\"},\"thumbnailUrl\":\"https:\/\/militares.estrategia.com\/portal\/wp-content\/uploads\/2021\/08\/Capas_Imagens-BLOG-2.jpg\",\"articleSection\":[\"Not\u00edcias\"],\"inLanguage\":\"pt-BR\"},{\"@type\":\"WebPage\",\"@id\":\"https:\/\/militares.estrategia.com\/portal\/noticias\/fn-2023-teste-de-aptidao-fisica-e-inspecao-de-saude\/\",\"url\":\"https:\/\/militares.estrategia.com\/portal\/noticias\/fn-2023-teste-de-aptidao-fisica-e-inspecao-de-saude\/\",\"name\":\"Fuzileiro Naval 2023: convocados para TAF-i e IS da Turma I\",\"isPartOf\":{\"@id\":\"https:\/\/militares.estrategia.com\/portal\/#website\"},\"primaryImageOfPage\":{\"@id\":\"https:\/\/militares.estrategia.com\/portal\/noticias\/fn-2023-teste-de-aptidao-fisica-e-inspecao-de-saude\/#primaryimage\"},\"image\":{\"@id\":\"https:\/\/militares.estrategia.com\/portal\/noticias\/fn-2023-teste-de-aptidao-fisica-e-inspecao-de-saude\/#primaryimage\"},\"thumbnailUrl\":\"https:\/\/militares.estrategia.com\/portal\/wp-content\/uploads\/2021\/08\/Capas_Imagens-BLOG-2.jpg\",\"datePublished\":\"2022-07-27T20:09:24+00:00\",\"dateModified\":\"2022-11-18T14:07:24+00:00\",\"description\":\"Veja os candidatos convocados para o Teste de Aptid\u00e3o F\u00edsica (TAF-i) e a Inspe\u00e7\u00e3o de Sa\u00fade (IS) do Concurso Fuzileiro Naval 2023!\",\"breadcrumb\":{\"@id\":\"https:\/\/militares.estrategia.com\/portal\/noticias\/fn-2023-teste-de-aptidao-fisica-e-inspecao-de-saude\/#breadcrumb\"},\"inLanguage\":\"pt-BR\",\"potentialAction\":[{\"@type\":\"ReadAction\",\"target\":[\"https:\/\/militares.estrategia.com\/portal\/noticias\/fn-2023-teste-de-aptidao-fisica-e-inspecao-de-saude\/\"]}]},{\"@type\":\"ImageObject\",\"inLanguage\":\"pt-BR\",\"@id\":\"https:\/\/militares.estrategia.com\/portal\/noticias\/fn-2023-teste-de-aptidao-fisica-e-inspecao-de-saude\/#primaryimage\",\"url\":\"https:\/\/militares.estrategia.com\/portal\/wp-content\/uploads\/2021\/08\/Capas_Imagens-BLOG-2.jpg\",\"contentUrl\":\"https:\/\/militares.estrategia.com\/portal\/wp-content\/uploads\/2021\/08\/Capas_Imagens-BLOG-2.jpg\",\"width\":960,\"height\":540,\"caption\":\"fuzileiro naval\"},{\"@type\":\"BreadcrumbList\",\"@id\":\"https:\/\/militares.estrategia.com\/portal\/noticias\/fn-2023-teste-de-aptidao-fisica-e-inspecao-de-saude\/#breadcrumb\",\"itemListElement\":[{\"@type\":\"ListItem\",\"position\":1,\"name\":\"Home\",\"item\":\"https:\/\/militares.estrategia.com\/portal\/\"},{\"@type\":\"ListItem\",\"position\":2,\"name\":\"Not\u00edcias\",\"item\":\"https:\/\/militares.estrategia.com\/portal\/noticias\/\"},{\"@type\":\"ListItem\",\"position\":3,\"name\":\"Fuzileiro Naval 2023: convocados para TAF-i e IS da Turma I\"}]},{\"@type\":\"WebSite\",\"@id\":\"https:\/\/militares.estrategia.com\/portal\/#website\",\"url\":\"https:\/\/militares.estrategia.com\/portal\/\",\"name\":\"Estrat\u00e9gia Militares\",\"description\":\"\",\"publisher\":{\"@id\":\"https:\/\/militares.estrategia.com\/portal\/#organization\"},\"potentialAction\":[{\"@type\":\"SearchAction\",\"target\":{\"@type\":\"EntryPoint\",\"urlTemplate\":\"https:\/\/militares.estrategia.com\/portal\/?s={search_term_string}\"},\"query-input\":{\"@type\":\"PropertyValueSpecification\",\"valueRequired\":true,\"valueName\":\"search_term_string\"}}],\"inLanguage\":\"pt-BR\"},{\"@type\":\"Organization\",\"@id\":\"https:\/\/militares.estrategia.com\/portal\/#organization\",\"name\":\"Estrat\u00e9gia Militares\",\"url\":\"https:\/\/militares.estrategia.com\/portal\/\",\"logo\":{\"@type\":\"ImageObject\",\"inLanguage\":\"pt-BR\",\"@id\":\"https:\/\/militares.estrategia.com\/portal\/#\/schema\/logo\/image\/\",\"url\":\"https:\/\/militares.estrategia.com\/portal\/wp-content\/uploads\/2021\/10\/logo-militares.webp\",\"contentUrl\":\"https:\/\/militares.estrategia.com\/portal\/wp-content\/uploads\/2021\/10\/logo-militares.webp\",\"width\":346,\"height\":90,\"caption\":\"Estrat\u00e9gia Militares\"},\"image\":{\"@id\":\"https:\/\/militares.estrategia.com\/portal\/#\/schema\/logo\/image\/\"},\"sameAs\":[\"https:\/\/www.facebook.com\/EstrategiaMilitares\",\"https:\/\/x.com\/estrategiamilit\",\"https:\/\/www.instagram.com\/estrategiamilitares\/\",\"https:\/\/www.youtube.com\/channel\/UCRG_9hakCqXxnj_8TqCdgTA\"]},{\"@type\":\"Person\",\"@id\":\"https:\/\/militares.estrategia.com\/portal\/#\/schema\/person\/46e1f54d690b6a851270112cd62d2f37\",\"name\":\"Raquel Oshio\",\"image\":{\"@type\":\"ImageObject\",\"inLanguage\":\"pt-BR\",\"@id\":\"https:\/\/militares.estrategia.com\/portal\/#\/schema\/person\/image\/\",\"url\":\"https:\/\/secure.gravatar.com\/avatar\/fa4e62d5e59d9cf9995ea9c715a78807?s=96&d=mm&r=g\",\"contentUrl\":\"https:\/\/secure.gravatar.com\/avatar\/fa4e62d5e59d9cf9995ea9c715a78807?s=96&d=mm&r=g\",\"caption\":\"Raquel Oshio\"},\"description\":\"Raquel Kie \u00e9 amante de hist\u00f3rias e ca\u00e7adora de belezas escondidas. Jornalista de profiss\u00e3o e cora\u00e7\u00e3o. Desenhista e escritora de fic\u00e7\u00e3o nas horas vagas. Acredito no potencial transformador de todo trabalho feito com dedica\u00e7\u00e3o.\",\"url\":\"https:\/\/militares.estrategia.com\/portal\/author\/raqueloshio\/\"}]}<\/script>\n<!-- \/ Yoast SEO Premium plugin. -->","yoast_head_json":{"title":"Fuzileiro Naval 2023: convocados para TAF-i e IS da Turma I","description":"Veja os candidatos convocados para o Teste de Aptid\u00e3o F\u00edsica (TAF-i) e a Inspe\u00e7\u00e3o de Sa\u00fade (IS) do Concurso Fuzileiro Naval 2023!","robots":{"index":"index","follow":"follow","max-snippet":"max-snippet:-1","max-image-preview":"max-image-preview:large","max-video-preview":"max-video-preview:-1"},"canonical":"https:\/\/militares.estrategia.com\/portal\/noticias\/fn-2023-teste-de-aptidao-fisica-e-inspecao-de-saude\/","og_locale":"pt_BR","og_type":"article","og_title":"Fuzileiro Naval 2023: convocados para TAF-i e IS da Turma I","og_description":"Veja os candidatos convocados para o Teste de Aptid\u00e3o F\u00edsica (TAF-i) e a Inspe\u00e7\u00e3o de Sa\u00fade (IS) do Concurso Fuzileiro Naval 2023!","og_url":"https:\/\/militares.estrategia.com\/portal\/noticias\/fn-2023-teste-de-aptidao-fisica-e-inspecao-de-saude\/","og_site_name":"Estrat\u00e9gia Militares","article_publisher":"https:\/\/www.facebook.com\/EstrategiaMilitares","article_published_time":"2022-07-27T20:09:24+00:00","article_modified_time":"2022-11-18T14:07:24+00:00","og_image":[{"width":960,"height":540,"url":"https:\/\/cdn.blog.estrategiavestibulares.com.br\/vestibulares\/wp-content\/uploads\/2021\/08\/Capas_Imagens-BLOG-2.jpg","type":"image\/jpeg"}],"author":"Raquel Oshio","twitter_card":"summary_large_image","twitter_creator":"@estrategiamilit","twitter_site":"@estrategiamilit","twitter_misc":{"Escrito por":"Raquel Oshio","Est. tempo de leitura":"2 minutos"},"schema":{"@context":"https:\/\/schema.org","@graph":[{"@type":"Article","@id":"https:\/\/militares.estrategia.com\/portal\/noticias\/fn-2023-teste-de-aptidao-fisica-e-inspecao-de-saude\/#article","isPartOf":{"@id":"https:\/\/militares.estrategia.com\/portal\/noticias\/fn-2023-teste-de-aptidao-fisica-e-inspecao-de-saude\/"},"author":{"name":"Raquel Oshio","@id":"https:\/\/militares.estrategia.com\/portal\/#\/schema\/person\/46e1f54d690b6a851270112cd62d2f37"},"headline":"Fuzileiro Naval 2023: convocados para TAF-i e IS da Turma I","datePublished":"2022-07-27T20:09:24+00:00","dateModified":"2022-11-18T14:07:24+00:00","mainEntityOfPage":{"@id":"https:\/\/militares.estrategia.com\/portal\/noticias\/fn-2023-teste-de-aptidao-fisica-e-inspecao-de-saude\/"},"wordCount":417,"publisher":{"@id":"https:\/\/militares.estrategia.com\/portal\/#organization"},"image":{"@id":"https:\/\/militares.estrategia.com\/portal\/noticias\/fn-2023-teste-de-aptidao-fisica-e-inspecao-de-saude\/#primaryimage"},"thumbnailUrl":"https:\/\/militares.estrategia.com\/portal\/wp-content\/uploads\/2021\/08\/Capas_Imagens-BLOG-2.jpg","articleSection":["Not\u00edcias"],"inLanguage":"pt-BR"},{"@type":"WebPage","@id":"https:\/\/militares.estrategia.com\/portal\/noticias\/fn-2023-teste-de-aptidao-fisica-e-inspecao-de-saude\/","url":"https:\/\/militares.estrategia.com\/portal\/noticias\/fn-2023-teste-de-aptidao-fisica-e-inspecao-de-saude\/","name":"Fuzileiro Naval 2023: convocados para TAF-i e IS da Turma I","isPartOf":{"@id":"https:\/\/militares.estrategia.com\/portal\/#website"},"primaryImageOfPage":{"@id":"https:\/\/militares.estrategia.com\/portal\/noticias\/fn-2023-teste-de-aptidao-fisica-e-inspecao-de-saude\/#primaryimage"},"image":{"@id":"https:\/\/militares.estrategia.com\/portal\/noticias\/fn-2023-teste-de-aptidao-fisica-e-inspecao-de-saude\/#primaryimage"},"thumbnailUrl":"https:\/\/militares.estrategia.com\/portal\/wp-content\/uploads\/2021\/08\/Capas_Imagens-BLOG-2.jpg","datePublished":"2022-07-27T20:09:24+00:00","dateModified":"2022-11-18T14:07:24+00:00","description":"Veja os candidatos convocados para o Teste de Aptid\u00e3o F\u00edsica (TAF-i) e a Inspe\u00e7\u00e3o de Sa\u00fade (IS) do Concurso Fuzileiro Naval 2023!","breadcrumb":{"@id":"https:\/\/militares.estrategia.com\/portal\/noticias\/fn-2023-teste-de-aptidao-fisica-e-inspecao-de-saude\/#breadcrumb"},"inLanguage":"pt-BR","potentialAction":[{"@type":"ReadAction","target":["https:\/\/militares.estrategia.com\/portal\/noticias\/fn-2023-teste-de-aptidao-fisica-e-inspecao-de-saude\/"]}]},{"@type":"ImageObject","inLanguage":"pt-BR","@id":"https:\/\/militares.estrategia.com\/portal\/noticias\/fn-2023-teste-de-aptidao-fisica-e-inspecao-de-saude\/#primaryimage","url":"https:\/\/militares.estrategia.com\/portal\/wp-content\/uploads\/2021\/08\/Capas_Imagens-BLOG-2.jpg","contentUrl":"https:\/\/militares.estrategia.com\/portal\/wp-content\/uploads\/2021\/08\/Capas_Imagens-BLOG-2.jpg","width":960,"height":540,"caption":"fuzileiro naval"},{"@type":"BreadcrumbList","@id":"https:\/\/militares.estrategia.com\/portal\/noticias\/fn-2023-teste-de-aptidao-fisica-e-inspecao-de-saude\/#breadcrumb","itemListElement":[{"@type":"ListItem","position":1,"name":"Home","item":"https:\/\/militares.estrategia.com\/portal\/"},{"@type":"ListItem","position":2,"name":"Not\u00edcias","item":"https:\/\/militares.estrategia.com\/portal\/noticias\/"},{"@type":"ListItem","position":3,"name":"Fuzileiro Naval 2023: convocados para TAF-i e IS da Turma I"}]},{"@type":"WebSite","@id":"https:\/\/militares.estrategia.com\/portal\/#website","url":"https:\/\/militares.estrategia.com\/portal\/","name":"Estrat\u00e9gia Militares","description":"","publisher":{"@id":"https:\/\/militares.estrategia.com\/portal\/#organization"},"potentialAction":[{"@type":"SearchAction","target":{"@type":"EntryPoint","urlTemplate":"https:\/\/militares.estrategia.com\/portal\/?s={search_term_string}"},"query-input":{"@type":"PropertyValueSpecification","valueRequired":true,"valueName":"search_term_string"}}],"inLanguage":"pt-BR"},{"@type":"Organization","@id":"https:\/\/militares.estrategia.com\/portal\/#organization","name":"Estrat\u00e9gia Militares","url":"https:\/\/militares.estrategia.com\/portal\/","logo":{"@type":"ImageObject","inLanguage":"pt-BR","@id":"https:\/\/militares.estrategia.com\/portal\/#\/schema\/logo\/image\/","url":"https:\/\/militares.estrategia.com\/portal\/wp-content\/uploads\/2021\/10\/logo-militares.webp","contentUrl":"https:\/\/militares.estrategia.com\/portal\/wp-content\/uploads\/2021\/10\/logo-militares.webp","width":346,"height":90,"caption":"Estrat\u00e9gia Militares"},"image":{"@id":"https:\/\/militares.estrategia.com\/portal\/#\/schema\/logo\/image\/"},"sameAs":["https:\/\/www.facebook.com\/EstrategiaMilitares","https:\/\/x.com\/estrategiamilit","https:\/\/www.instagram.com\/estrategiamilitares\/","https:\/\/www.youtube.com\/channel\/UCRG_9hakCqXxnj_8TqCdgTA"]},{"@type":"Person","@id":"https:\/\/militares.estrategia.com\/portal\/#\/schema\/person\/46e1f54d690b6a851270112cd62d2f37","name":"Raquel Oshio","image":{"@type":"ImageObject","inLanguage":"pt-BR","@id":"https:\/\/militares.estrategia.com\/portal\/#\/schema\/person\/image\/","url":"https:\/\/secure.gravatar.com\/avatar\/fa4e62d5e59d9cf9995ea9c715a78807?s=96&d=mm&r=g","contentUrl":"https:\/\/secure.gravatar.com\/avatar\/fa4e62d5e59d9cf9995ea9c715a78807?s=96&d=mm&r=g","caption":"Raquel Oshio"},"description":"Raquel Kie \u00e9 amante de hist\u00f3rias e ca\u00e7adora de belezas escondidas. Jornalista de profiss\u00e3o e cora\u00e7\u00e3o. Desenhista e escritora de fic\u00e7\u00e3o nas horas vagas. Acredito no potencial transformador de todo trabalho feito com dedica\u00e7\u00e3o.","url":"https:\/\/militares.estrategia.com\/portal\/author\/raqueloshio\/"}]}},"_wl_alt_label":[],"wl:entity_url":"https:\/\/data.wordlift.io\/wl110246\/post\/fuzileiro-naval-2022-convocados-para-taf-i-e-57183","_links":{"self":[{"href":"https:\/\/militares.estrategia.com\/portal\/wp-json\/wp\/v2\/posts\/57183","targetHints":{"allow":["GET"]}}],"collection":[{"href":"https:\/\/militares.estrategia.com\/portal\/wp-json\/wp\/v2\/posts"}],"about":[{"href":"https:\/\/militares.estrategia.com\/portal\/wp-json\/wp\/v2\/types\/post"}],"author":[{"embeddable":true,"href":"https:\/\/militares.estrategia.com\/portal\/wp-json\/wp\/v2\/users\/9"}],"replies":[{"embeddable":true,"href":"https:\/\/militares.estrategia.com\/portal\/wp-json\/wp\/v2\/comments?post=57183"}],"version-history":[{"count":3,"href":"https:\/\/militares.estrategia.com\/portal\/wp-json\/wp\/v2\/posts\/57183\/revisions"}],"predecessor-version":[{"id":61537,"href":"https:\/\/militares.estrategia.com\/portal\/wp-json\/wp\/v2\/posts\/57183\/revisions\/61537"}],"wp:featuredmedia":[{"embeddable":true,"href":"https:\/\/militares.estrategia.com\/portal\/wp-json\/wp\/v2\/media\/47128"}],"wp:attachment":[{"href":"https:\/\/militares.estrategia.com\/portal\/wp-json\/wp\/v2\/media?parent=57183"}],"wp:term":[{"taxonomy":"category","embeddable":true,"href":"https:\/\/militares.estrategia.com\/portal\/wp-json\/wp\/v2\/categories?post=57183"},{"taxonomy":"post_tag","embeddable":true,"href":"https:\/\/militares.estrategia.com\/portal\/wp-json\/wp\/v2\/tags?post=57183"},{"taxonomy":"wl_entity_type","embeddable":true,"href":"https:\/\/militares.estrategia.com\/portal\/wp-json\/wp\/v2\/wl_entity_type?post=57183"}],"curies":[{"name":"wp","href":"https:\/\/api.w.org\/{rel}","templated":true}]}}