{"id":56676,"date":"2022-07-14T15:12:30","date_gmt":"2022-07-14T18:12:30","guid":{"rendered":"https:\/\/militares.estrategia.com\/portal\/?p=56676"},"modified":"2022-08-19T12:11:51","modified_gmt":"2022-08-19T15:11:51","slug":"afa-resultado-provisorios-das-provas-escritas-foi-divulgado","status":"publish","type":"post","link":"https:\/\/militares.estrategia.com\/portal\/noticias\/afa-resultado-provisorios-das-provas-escritas-foi-divulgado\/","title":{"rendered":"AFA 2023: resultado final das provas escritas"},"content":{"rendered":"\n<p>A For\u00e7a A\u00e9rea Brasileira (FAB) divulgou nesta sexta-feira, 19 de agosto, o resultado final das provas escritas, e as datas do convocados para a concentra\u00e7\u00e3o intermedi\u00e1ria. Confira a rela\u00e7\u00e3o nominal com o Esrat\u00e9gia Militares.<\/p>\n\n\n<div id=\"new-form\">\n\t<form id=\"forms_layout\">\n\t<input type=\"hidden\" id=\"chave_de\" name=\"chave_de\" value=\"01_EMIL_LEADS_TOTAIS\" \/>\n\t\t<input type=\"hidden\" id=\"mid\" name=\"mid\" value=\"515009017\" \/>\n\t\t<input type=\"hidden\" id=\"Objetivo\" name=\"Objetivo\" value=\"Militares\" \/>\n\t\t<input type=\"hidden\" id=\"Estado_de_Origem_do_IP\" name=\"Estado_de_Origem_do_IP\"  value=\"\" \/>\n\t\t<input type=\"hidden\" id=\"Cidade_de_Origem_do_IP\" name=\"Cidade_de_Origem_do_IP\" value=\"\" \/>\n\t\t<input type=\"hidden\" id=\"Modo_de_entrada\" name=\"Modo_de_entrada\" value=\"Portal\" \/>\n\t\t<input type=\"hidden\" id=\"Pagina_Origem\" name=\"Pagina_Origem\" value=\"\" \/>\n\n\t\t<div class=\"texto\">\n\t\t\t<h3 class=\"news\">Inscreva-se em nossa newsletter!<\/h3>\n\t\t\t<p>Receba not\u00edcias sobre os mais importantes concursos para as For\u00e7as Armadas brasileiras e informa\u00e7\u00f5es sobre o mundo militar!<\/p>\n\t\t<\/div>\n\t\t<div class=\"campos\">\n\t\t\t<div class=\"first_name labels\">\n\t\t\t\t<input type=\"text\" class=\"input_labels\" id=\"first_name\" name=\"Nome_Completo\" placeholder=\"Nome\" required \/>\n\t\t\t<\/div>\n\t\t\t<div class=\"email labels\">\n\t\t\t\t<input type=\"email\" class=\"input_labels\" id=\"email\" name=\"Email\" placeholder=\"E-mail\" required \/>\n\t\t\t<\/div>\n\t\t\t<button type=\"submit\" class=\"button_layout\">\n\t\t\t\t<div id=\"lblBotao\">Inscreva-se<\/div>\n\t\t\t\t<span id=\"divSpiner\" class=\"loader\" role=\"status\" style=\"display: none;\"><\/span>\t\n\t\t\t<\/button>\n\t\t<\/div><!-- \/campos -->\n\t\t\n\t\t<label class=\"container_checkbox\">Voc\u00ea concorda com a nossa\n\t\t\t<a class=\"politics_privacy_ahref\" target=\"_blank\" href=\"https:\/\/gratis.estrategiaconcursos.com.br\/politica-de-privacidade\/\">Pol\u00edtica de Privacidade<\/a> e aceita receber informa\u00e7\u00f5es adicionais do Estrat\u00e9gia Educacional.\n\t\t\t<input id=\"checkbox_layout\" type=\"checkbox\" checked=\"checked\" required \/>\n\t\t\t<span class=\"checkbox\"><\/span>\n\t\t<\/label>\n\t\t<div id=\"msg\"><\/div>\n\t\t<div id=\"error\" class=\"error\">\n\t\t<\/div>\n\t<\/form>\n<\/div><!-- \/new-form -->\n\n\n\n<div class=\"wp-block-buttons is-content-justification-center is-layout-flex wp-block-buttons-is-layout-flex\">\n<div class=\"wp-block-button is-style-outline is-style-outline--1\"><a class=\"wp-block-button__link has-black-color has-electric-grass-gradient-background has-text-color has-background\" href=\"https:\/\/militares.estrategia.com\/portal\/wp-content\/uploads\/2022\/08\/1_4900035077410390666.pdf\" target=\"_blank\" >Convoca\u00e7\u00e3o para a Concentra\u00e7\u00e3o Intermedi\u00e1ria<\/a><\/div>\n<\/div>\n\n\n\n<div id=\"ez-toc-container\" class=\"ez-toc-v2_0_79_2 counter-hierarchy ez-toc-counter ez-toc-transparent ez-toc-container-direction\">\n<div class=\"ez-toc-title-container\"><p class=\"ez-toc-title\" style=\"cursor:inherit\">Navegue pelo conte\u00fado\t<\/p>\n<\/div><nav><ul class='ez-toc-list ez-toc-list-level-1 ' ><li class='ez-toc-page-1 ez-toc-heading-level-2'><a class=\"ez-toc-link ez-toc-heading-1\" href=\"https:\/\/militares.estrategia.com\/portal\/noticias\/afa-resultado-provisorios-das-provas-escritas-foi-divulgado\/#Proximas-etapas-do-concurso-da-AFA\" >Pr\u00f3ximas etapas do concurso da AFA<\/a><\/li><li class='ez-toc-page-1 ez-toc-heading-level-2'><a class=\"ez-toc-link ez-toc-heading-2\" href=\"https:\/\/militares.estrategia.com\/portal\/noticias\/afa-resultado-provisorios-das-provas-escritas-foi-divulgado\/#Resultado-provisorio-das-provas-escritas\" >Resultado provis\u00f3rio das provas escritas<\/a><\/li><\/ul><\/nav><\/div>\n<h2 class=\"wp-block-heading\" id=\"h-proximas-etapas-do-concurso-da-afa\"><span class=\"ez-toc-section\" id=\"Proximas-etapas-do-concurso-da-AFA\"><\/span><strong>Pr\u00f3ximas etapas do concurso da AFA<\/strong><span class=\"ez-toc-section-end\"><\/span><\/h2>\n\n\n\n<p>No Edital AFA 2023, existem algumas fases al\u00e9m da prova escrita para o candidato ingressar na institui\u00e7\u00e3o, s\u00e3o elas:&nbsp;<\/p>\n\n\n\n<ul class=\"wp-block-list\"><li>Inspe\u00e7\u00e3o de Sa\u00fade;<\/li><li>Exame de Aptid\u00e3o Psicol\u00f3gica;<\/li><li>Teste de Aptid\u00e3o \u00e0 Pilotagem Militar;<\/li><li>Teste de Avalia\u00e7\u00e3o do Condicionamento F\u00edsico; e<\/li><li>Valida\u00e7\u00e3o Documental.<\/li><\/ul>\n\n\n\n<p>As principais datas do Edital AFA 2023:<\/p>\n\n\n\n<figure class=\"wp-block-table is-style-stripes\"><table class=\"has-black-color has-electric-grass-gradient-background has-text-color has-background has-fixed-layout\"><tbody><tr><td class=\"has-text-align-center\" data-align=\"center\"><strong>EVENTO<\/strong><\/td><td class=\"has-text-align-center\" data-align=\"center\"><strong>DATA<\/strong><\/td><\/tr><tr><td class=\"has-text-align-center\" data-align=\"center\">Divulga\u00e7\u00e3o da rela\u00e7\u00e3o nominal de candidatoscom os resultados finais obtidos nas ProvasEscritas<\/td><td class=\"has-text-align-center\" data-align=\"center\">22\/08\/2022<\/td><\/tr><tr><td class=\"has-text-align-center\" data-align=\"center\">Concentra\u00e7\u00e3o Intermedi\u00e1ria (1\u00aa data \u2013 somente para os convocados para esta data)<\/td><td class=\"has-text-align-center\" data-align=\"center\">29\/08\/2022<\/td><\/tr><tr><td class=\"has-text-align-center\" data-align=\"center\">Concentra\u00e7\u00e3o Intermedi\u00e1ria (2\u00aa data \u2013somente para os convocados para esta data)<\/td><td class=\"has-text-align-center\" data-align=\"center\">05\/09\/2022<\/td><\/tr><tr><td class=\"has-text-align-center\" data-align=\"center\">Procedimento de Heteroidentifica\u00e7\u00e3o<\/td><td class=\"has-text-align-center\" data-align=\"center\">22\/11\/2022 a 24\/11\/2022<\/td><\/tr><tr><td class=\"has-text-align-center\" data-align=\"center\">Exame de Aptid\u00e3o F\u00edsica (EAF).<\/td><td class=\"has-text-align-center\" data-align=\"center\">03\/11\/2022 a 08\/11\/2022<\/td><\/tr><tr><td class=\"has-text-align-center\" data-align=\"center\">Inspe\u00e7\u00e3o de Sa\u00fade<\/td><td class=\"has-text-align-center\" data-align=\"center\">30\/08\/2022 a 16\/09\/2022<\/td><\/tr><tr><td class=\"has-text-align-center\" data-align=\"center\">Avalia\u00e7\u00e3o Psicol\u00f3gica<\/td><td class=\"has-text-align-center\" data-align=\"center\">30\/08\/2022 a 16\/09\/2022<\/td><\/tr><tr><td class=\"has-text-align-center\" data-align=\"center\">Matr\u00edcula<\/td><td class=\"has-text-align-center\" data-align=\"center\">12\/01\/2023<\/td><\/tr><\/tbody><\/table><\/figure>\n\n\n\n<p>No ano de 2022, foram mais de 18.000 inscritos no Concurso. A AFA disponibilizou <strong>102 vagas para homens e mulheres com ensino m\u00e9dio completo<\/strong> &nbsp;Os candidatos puderam escolher entre Oficiais Intendentes, Oficiais Aviadores e Oficiais da Infantaria.&nbsp;<\/p>\n\n\n\n<p>Conforme indicado no edital, apenas um n\u00famero espec\u00edfico de reda\u00e7\u00e3o ser\u00e3o corrigidas. S\u00e3o: <\/p>\n\n\n\n<ul class=\"wp-block-list\"><li><strong>400<\/strong> reda\u00e7\u00f5es para o curso de Avia\u00e7\u00e3o, <\/li><li><strong>300<\/strong> para o de Intend\u00eancia; e <\/li><li><strong>275 <\/strong>de Infantaria. <\/li><\/ul>\n\n\n\n<p>Confira quais s\u00e3o as reda\u00e7\u00f5es que foram corrigidas abaixo:<\/p>\n\n\n\n<div class=\"wp-block-buttons is-content-justification-center is-layout-flex wp-block-buttons-is-layout-flex\">\n<div class=\"wp-block-button is-style-outline is-style-outline--2\"><a class=\"wp-block-button__link has-electric-grass-gradient-background has-background\" href=\"https:\/\/militares.estrategia.com\/portal\/wp-content\/uploads\/2022\/07\/afa2023_redacao_corrigida.pdf\" target=\"_blank\" >Reda\u00e7\u00f5es que foram corrigidas &#8211; AFA 2023<\/a><\/div>\n<\/div>\n\n\n\n<h2 class=\"wp-block-heading\"><span class=\"ez-toc-section\" id=\"Resultado-provisorio-das-provas-escritas\"><\/span>Resultado provis\u00f3rio das provas escritas<span class=\"ez-toc-section-end\"><\/span><\/h2>\n\n\n\n<p>Os candidatos podiam interpor recurso ap\u00f3s a divulga\u00e7\u00e3o do resultado provis\u00f3rio, no dia 14 de julho. A nova rela\u00e7\u00e3o foi divulgada no dia 22 de julho.<\/p>\n\n\n\n<p>Aten\u00e7\u00e3o! O resultado ainda pode ser alterado ap\u00f3s a corre\u00e7\u00e3o da Reda\u00e7\u00e3o. Baixe o resultado provis\u00f3rio abaixo: <\/p>\n\n\n\n<div class=\"wp-block-buttons is-content-justification-center is-layout-flex wp-block-buttons-is-layout-flex\">\n<div class=\"wp-block-button is-style-outline is-style-outline--3\"><a class=\"wp-block-button__link has-black-color has-electric-grass-gradient-background has-text-color has-background\" href=\"https:\/\/militares.estrategia.com\/portal\/wp-content\/uploads\/2022\/07\/afa2023_resultado_provisorio2.pdf\" target=\"_blank\" >Resultado provis\u00f3rio &#8211; AFA 2023<\/a><\/div>\n<\/div>\n\n\n\n<p>No dia da prova, os candidatos realizaram uma prova de m\u00faltipla escolha, contendo quest\u00f5es de L\u00edngua Portuguesa, L\u00edngua Inglesa, Matem\u00e1tica, F\u00edsica e Reda\u00e7\u00e3o. Ao todo, foram 64 quest\u00f5es objetivas, sendo 16 para cada uma das disciplinas.<\/p>\n\n\n\n<p>Al\u00e9m disso, os candidatos tamb\u00e9m precisaram fazer uma Reda\u00e7\u00e3o, com no m\u00ednimo 100 palavras escritas em L\u00edngua Portuguesa.&nbsp;<\/p>\n\n\n\n<p>Seu sonho \u00e9 estar na Lista de aprovados AFA? Continue acompanhando o Estrat\u00e9gia Militares e fique por dentro das principais informa\u00e7\u00f5es e not\u00edcias sobre a prova! N\u00f3s oferecemos para voc\u00ea toda a estrutura necess\u00e1ria para alcan\u00e7ar sua meta. Clique no banner abaixo e conhe\u00e7a nossos pacotes!&nbsp;<\/p>\n\n\n\n<p><\/p>\n\n\n\n<p><\/p>\n\n\n","protected":false},"excerpt":{"rendered":"A For\u00e7a A\u00e9rea Brasileira (FAB) divulgou nesta sexta-feira, 19 de agosto, o resultado final das provas escritas, e&hellip;\n","protected":false},"author":18,"featured_media":45978,"comment_status":"closed","ping_status":"closed","sticky":false,"template":"","format":"standard","meta":{"wl_entities_gutenberg":"","footnotes":""},"categories":[36],"tags":[],"wl_entity_type":[187],"class_list":{"0":"post-56676","1":"post","2":"type-post","3":"status-publish","4":"format-standard","5":"has-post-thumbnail","7":"category-noticias","8":"wl_entity_type-article"},"acf":[],"yoast_head":"<!-- This site is optimized with the Yoast SEO Premium plugin v26.6 (Yoast SEO v26.6) - https:\/\/yoast.com\/wordpress\/plugins\/seo\/ -->\n<title>AFA 2023: resultado final das provas escritas - Estrat\u00e9gia Militares<\/title>\n<meta name=\"description\" content=\"A FAB divulgou nesta sexta, dia 19 de agosto, o resultado final das provas escritas AFA 2023. Confira com o Estrat\u00e9gia Militares.\" \/>\n<meta name=\"robots\" content=\"index, follow, max-snippet:-1, max-image-preview:large, max-video-preview:-1\" \/>\n<link rel=\"canonical\" href=\"https:\/\/militares.estrategia.com\/portal\/noticias\/afa-resultado-provisorios-das-provas-escritas-foi-divulgado\/\" \/>\n<meta property=\"og:locale\" content=\"pt_BR\" \/>\n<meta property=\"og:type\" content=\"article\" \/>\n<meta property=\"og:title\" content=\"AFA 2023: resultado final das provas escritas\" \/>\n<meta property=\"og:description\" content=\"A FAB divulgou nesta sexta, dia 19 de agosto, o resultado final das provas escritas AFA 2023. Confira com o Estrat\u00e9gia Militares.\" \/>\n<meta property=\"og:url\" content=\"https:\/\/militares.estrategia.com\/portal\/noticias\/afa-resultado-provisorios-das-provas-escritas-foi-divulgado\/\" \/>\n<meta property=\"og:site_name\" content=\"Estrat\u00e9gia Militares\" \/>\n<meta property=\"article:publisher\" content=\"https:\/\/www.facebook.com\/EstrategiaMilitares\" \/>\n<meta property=\"article:published_time\" content=\"2022-07-14T18:12:30+00:00\" \/>\n<meta property=\"article:modified_time\" content=\"2022-08-19T15:11:51+00:00\" \/>\n<meta property=\"og:image\" content=\"https:\/\/cdn.blog.estrategiavestibulares.com.br\/vestibulares\/wp-content\/uploads\/2021\/07\/CAPA-AFA.jpg\" \/>\n\t<meta property=\"og:image:width\" content=\"750\" \/>\n\t<meta property=\"og:image:height\" content=\"420\" \/>\n\t<meta property=\"og:image:type\" content=\"image\/jpeg\" \/>\n<meta name=\"author\" content=\"Pedro Alcantara\" \/>\n<meta name=\"twitter:card\" content=\"summary_large_image\" \/>\n<meta name=\"twitter:creator\" content=\"@estrategiamilit\" \/>\n<meta name=\"twitter:site\" content=\"@estrategiamilit\" \/>\n<meta name=\"twitter:label1\" content=\"Escrito por\" \/>\n\t<meta name=\"twitter:data1\" content=\"Pedro Alcantara\" \/>\n\t<meta name=\"twitter:label2\" content=\"Est. tempo de leitura\" \/>\n\t<meta name=\"twitter:data2\" content=\"2 minutos\" \/>\n<script type=\"application\/ld+json\" class=\"yoast-schema-graph\">{\"@context\":\"https:\/\/schema.org\",\"@graph\":[{\"@type\":\"Article\",\"@id\":\"https:\/\/militares.estrategia.com\/portal\/noticias\/afa-resultado-provisorios-das-provas-escritas-foi-divulgado\/#article\",\"isPartOf\":{\"@id\":\"https:\/\/militares.estrategia.com\/portal\/noticias\/afa-resultado-provisorios-das-provas-escritas-foi-divulgado\/\"},\"author\":{\"name\":\"Pedro Alcantara\",\"@id\":\"https:\/\/militares.estrategia.com\/portal\/#\/schema\/person\/d52a8bb9d3a4693ffcfbe862dc250f79\"},\"headline\":\"AFA 2023: resultado final das provas escritas\",\"datePublished\":\"2022-07-14T18:12:30+00:00\",\"dateModified\":\"2022-08-19T15:11:51+00:00\",\"mainEntityOfPage\":{\"@id\":\"https:\/\/militares.estrategia.com\/portal\/noticias\/afa-resultado-provisorios-das-provas-escritas-foi-divulgado\/\"},\"wordCount\":451,\"publisher\":{\"@id\":\"https:\/\/militares.estrategia.com\/portal\/#organization\"},\"image\":{\"@id\":\"https:\/\/militares.estrategia.com\/portal\/noticias\/afa-resultado-provisorios-das-provas-escritas-foi-divulgado\/#primaryimage\"},\"thumbnailUrl\":\"https:\/\/militares.estrategia.com\/portal\/wp-content\/uploads\/2021\/07\/CAPA-AFA.jpg\",\"articleSection\":[\"Not\u00edcias\"],\"inLanguage\":\"pt-BR\"},{\"@type\":\"WebPage\",\"@id\":\"https:\/\/militares.estrategia.com\/portal\/noticias\/afa-resultado-provisorios-das-provas-escritas-foi-divulgado\/\",\"url\":\"https:\/\/militares.estrategia.com\/portal\/noticias\/afa-resultado-provisorios-das-provas-escritas-foi-divulgado\/\",\"name\":\"AFA 2023: resultado final das provas escritas - Estrat\u00e9gia Militares\",\"isPartOf\":{\"@id\":\"https:\/\/militares.estrategia.com\/portal\/#website\"},\"primaryImageOfPage\":{\"@id\":\"https:\/\/militares.estrategia.com\/portal\/noticias\/afa-resultado-provisorios-das-provas-escritas-foi-divulgado\/#primaryimage\"},\"image\":{\"@id\":\"https:\/\/militares.estrategia.com\/portal\/noticias\/afa-resultado-provisorios-das-provas-escritas-foi-divulgado\/#primaryimage\"},\"thumbnailUrl\":\"https:\/\/militares.estrategia.com\/portal\/wp-content\/uploads\/2021\/07\/CAPA-AFA.jpg\",\"datePublished\":\"2022-07-14T18:12:30+00:00\",\"dateModified\":\"2022-08-19T15:11:51+00:00\",\"description\":\"A FAB divulgou nesta sexta, dia 19 de agosto, o resultado final das provas escritas AFA 2023. Confira com o Estrat\u00e9gia Militares.\",\"breadcrumb\":{\"@id\":\"https:\/\/militares.estrategia.com\/portal\/noticias\/afa-resultado-provisorios-das-provas-escritas-foi-divulgado\/#breadcrumb\"},\"inLanguage\":\"pt-BR\",\"potentialAction\":[{\"@type\":\"ReadAction\",\"target\":[\"https:\/\/militares.estrategia.com\/portal\/noticias\/afa-resultado-provisorios-das-provas-escritas-foi-divulgado\/\"]}]},{\"@type\":\"ImageObject\",\"inLanguage\":\"pt-BR\",\"@id\":\"https:\/\/militares.estrategia.com\/portal\/noticias\/afa-resultado-provisorios-das-provas-escritas-foi-divulgado\/#primaryimage\",\"url\":\"https:\/\/militares.estrategia.com\/portal\/wp-content\/uploads\/2021\/07\/CAPA-AFA.jpg\",\"contentUrl\":\"https:\/\/militares.estrategia.com\/portal\/wp-content\/uploads\/2021\/07\/CAPA-AFA.jpg\",\"width\":750,\"height\":420,\"caption\":\"AFA 2023\"},{\"@type\":\"BreadcrumbList\",\"@id\":\"https:\/\/militares.estrategia.com\/portal\/noticias\/afa-resultado-provisorios-das-provas-escritas-foi-divulgado\/#breadcrumb\",\"itemListElement\":[{\"@type\":\"ListItem\",\"position\":1,\"name\":\"Home\",\"item\":\"https:\/\/militares.estrategia.com\/portal\/\"},{\"@type\":\"ListItem\",\"position\":2,\"name\":\"Not\u00edcias\",\"item\":\"https:\/\/militares.estrategia.com\/portal\/noticias\/\"},{\"@type\":\"ListItem\",\"position\":3,\"name\":\"AFA 2023: resultado final das provas escritas\"}]},{\"@type\":\"WebSite\",\"@id\":\"https:\/\/militares.estrategia.com\/portal\/#website\",\"url\":\"https:\/\/militares.estrategia.com\/portal\/\",\"name\":\"Estrat\u00e9gia Militares\",\"description\":\"\",\"publisher\":{\"@id\":\"https:\/\/militares.estrategia.com\/portal\/#organization\"},\"potentialAction\":[{\"@type\":\"SearchAction\",\"target\":{\"@type\":\"EntryPoint\",\"urlTemplate\":\"https:\/\/militares.estrategia.com\/portal\/?s={search_term_string}\"},\"query-input\":{\"@type\":\"PropertyValueSpecification\",\"valueRequired\":true,\"valueName\":\"search_term_string\"}}],\"inLanguage\":\"pt-BR\"},{\"@type\":\"Organization\",\"@id\":\"https:\/\/militares.estrategia.com\/portal\/#organization\",\"name\":\"Estrat\u00e9gia Militares\",\"url\":\"https:\/\/militares.estrategia.com\/portal\/\",\"logo\":{\"@type\":\"ImageObject\",\"inLanguage\":\"pt-BR\",\"@id\":\"https:\/\/militares.estrategia.com\/portal\/#\/schema\/logo\/image\/\",\"url\":\"https:\/\/militares.estrategia.com\/portal\/wp-content\/uploads\/2021\/10\/logo-militares.webp\",\"contentUrl\":\"https:\/\/militares.estrategia.com\/portal\/wp-content\/uploads\/2021\/10\/logo-militares.webp\",\"width\":346,\"height\":90,\"caption\":\"Estrat\u00e9gia Militares\"},\"image\":{\"@id\":\"https:\/\/militares.estrategia.com\/portal\/#\/schema\/logo\/image\/\"},\"sameAs\":[\"https:\/\/www.facebook.com\/EstrategiaMilitares\",\"https:\/\/x.com\/estrategiamilit\",\"https:\/\/www.instagram.com\/estrategiamilitares\/\",\"https:\/\/www.youtube.com\/channel\/UCRG_9hakCqXxnj_8TqCdgTA\"]},{\"@type\":\"Person\",\"@id\":\"https:\/\/militares.estrategia.com\/portal\/#\/schema\/person\/d52a8bb9d3a4693ffcfbe862dc250f79\",\"name\":\"Pedro Alcantara\",\"image\":{\"@type\":\"ImageObject\",\"inLanguage\":\"pt-BR\",\"@id\":\"https:\/\/militares.estrategia.com\/portal\/#\/schema\/person\/image\/\",\"url\":\"https:\/\/secure.gravatar.com\/avatar\/2ff815c569bab8558bec32641d54e1af?s=96&d=mm&r=g\",\"contentUrl\":\"https:\/\/secure.gravatar.com\/avatar\/2ff815c569bab8558bec32641d54e1af?s=96&d=mm&r=g\",\"caption\":\"Pedro Alcantara\"},\"url\":\"https:\/\/militares.estrategia.com\/portal\/author\/pedro\/\"}]}<\/script>\n<!-- \/ Yoast SEO Premium plugin. -->","yoast_head_json":{"title":"AFA 2023: resultado final das provas escritas - Estrat\u00e9gia Militares","description":"A FAB divulgou nesta sexta, dia 19 de agosto, o resultado final das provas escritas AFA 2023. Confira com o Estrat\u00e9gia Militares.","robots":{"index":"index","follow":"follow","max-snippet":"max-snippet:-1","max-image-preview":"max-image-preview:large","max-video-preview":"max-video-preview:-1"},"canonical":"https:\/\/militares.estrategia.com\/portal\/noticias\/afa-resultado-provisorios-das-provas-escritas-foi-divulgado\/","og_locale":"pt_BR","og_type":"article","og_title":"AFA 2023: resultado final das provas escritas","og_description":"A FAB divulgou nesta sexta, dia 19 de agosto, o resultado final das provas escritas AFA 2023. Confira com o Estrat\u00e9gia Militares.","og_url":"https:\/\/militares.estrategia.com\/portal\/noticias\/afa-resultado-provisorios-das-provas-escritas-foi-divulgado\/","og_site_name":"Estrat\u00e9gia Militares","article_publisher":"https:\/\/www.facebook.com\/EstrategiaMilitares","article_published_time":"2022-07-14T18:12:30+00:00","article_modified_time":"2022-08-19T15:11:51+00:00","og_image":[{"width":750,"height":420,"url":"https:\/\/cdn.blog.estrategiavestibulares.com.br\/vestibulares\/wp-content\/uploads\/2021\/07\/CAPA-AFA.jpg","type":"image\/jpeg"}],"author":"Pedro Alcantara","twitter_card":"summary_large_image","twitter_creator":"@estrategiamilit","twitter_site":"@estrategiamilit","twitter_misc":{"Escrito por":"Pedro Alcantara","Est. tempo de leitura":"2 minutos"},"schema":{"@context":"https:\/\/schema.org","@graph":[{"@type":"Article","@id":"https:\/\/militares.estrategia.com\/portal\/noticias\/afa-resultado-provisorios-das-provas-escritas-foi-divulgado\/#article","isPartOf":{"@id":"https:\/\/militares.estrategia.com\/portal\/noticias\/afa-resultado-provisorios-das-provas-escritas-foi-divulgado\/"},"author":{"name":"Pedro Alcantara","@id":"https:\/\/militares.estrategia.com\/portal\/#\/schema\/person\/d52a8bb9d3a4693ffcfbe862dc250f79"},"headline":"AFA 2023: resultado final das provas escritas","datePublished":"2022-07-14T18:12:30+00:00","dateModified":"2022-08-19T15:11:51+00:00","mainEntityOfPage":{"@id":"https:\/\/militares.estrategia.com\/portal\/noticias\/afa-resultado-provisorios-das-provas-escritas-foi-divulgado\/"},"wordCount":451,"publisher":{"@id":"https:\/\/militares.estrategia.com\/portal\/#organization"},"image":{"@id":"https:\/\/militares.estrategia.com\/portal\/noticias\/afa-resultado-provisorios-das-provas-escritas-foi-divulgado\/#primaryimage"},"thumbnailUrl":"https:\/\/militares.estrategia.com\/portal\/wp-content\/uploads\/2021\/07\/CAPA-AFA.jpg","articleSection":["Not\u00edcias"],"inLanguage":"pt-BR"},{"@type":"WebPage","@id":"https:\/\/militares.estrategia.com\/portal\/noticias\/afa-resultado-provisorios-das-provas-escritas-foi-divulgado\/","url":"https:\/\/militares.estrategia.com\/portal\/noticias\/afa-resultado-provisorios-das-provas-escritas-foi-divulgado\/","name":"AFA 2023: resultado final das provas escritas - Estrat\u00e9gia Militares","isPartOf":{"@id":"https:\/\/militares.estrategia.com\/portal\/#website"},"primaryImageOfPage":{"@id":"https:\/\/militares.estrategia.com\/portal\/noticias\/afa-resultado-provisorios-das-provas-escritas-foi-divulgado\/#primaryimage"},"image":{"@id":"https:\/\/militares.estrategia.com\/portal\/noticias\/afa-resultado-provisorios-das-provas-escritas-foi-divulgado\/#primaryimage"},"thumbnailUrl":"https:\/\/militares.estrategia.com\/portal\/wp-content\/uploads\/2021\/07\/CAPA-AFA.jpg","datePublished":"2022-07-14T18:12:30+00:00","dateModified":"2022-08-19T15:11:51+00:00","description":"A FAB divulgou nesta sexta, dia 19 de agosto, o resultado final das provas escritas AFA 2023. Confira com o Estrat\u00e9gia Militares.","breadcrumb":{"@id":"https:\/\/militares.estrategia.com\/portal\/noticias\/afa-resultado-provisorios-das-provas-escritas-foi-divulgado\/#breadcrumb"},"inLanguage":"pt-BR","potentialAction":[{"@type":"ReadAction","target":["https:\/\/militares.estrategia.com\/portal\/noticias\/afa-resultado-provisorios-das-provas-escritas-foi-divulgado\/"]}]},{"@type":"ImageObject","inLanguage":"pt-BR","@id":"https:\/\/militares.estrategia.com\/portal\/noticias\/afa-resultado-provisorios-das-provas-escritas-foi-divulgado\/#primaryimage","url":"https:\/\/militares.estrategia.com\/portal\/wp-content\/uploads\/2021\/07\/CAPA-AFA.jpg","contentUrl":"https:\/\/militares.estrategia.com\/portal\/wp-content\/uploads\/2021\/07\/CAPA-AFA.jpg","width":750,"height":420,"caption":"AFA 2023"},{"@type":"BreadcrumbList","@id":"https:\/\/militares.estrategia.com\/portal\/noticias\/afa-resultado-provisorios-das-provas-escritas-foi-divulgado\/#breadcrumb","itemListElement":[{"@type":"ListItem","position":1,"name":"Home","item":"https:\/\/militares.estrategia.com\/portal\/"},{"@type":"ListItem","position":2,"name":"Not\u00edcias","item":"https:\/\/militares.estrategia.com\/portal\/noticias\/"},{"@type":"ListItem","position":3,"name":"AFA 2023: resultado final das provas escritas"}]},{"@type":"WebSite","@id":"https:\/\/militares.estrategia.com\/portal\/#website","url":"https:\/\/militares.estrategia.com\/portal\/","name":"Estrat\u00e9gia Militares","description":"","publisher":{"@id":"https:\/\/militares.estrategia.com\/portal\/#organization"},"potentialAction":[{"@type":"SearchAction","target":{"@type":"EntryPoint","urlTemplate":"https:\/\/militares.estrategia.com\/portal\/?s={search_term_string}"},"query-input":{"@type":"PropertyValueSpecification","valueRequired":true,"valueName":"search_term_string"}}],"inLanguage":"pt-BR"},{"@type":"Organization","@id":"https:\/\/militares.estrategia.com\/portal\/#organization","name":"Estrat\u00e9gia Militares","url":"https:\/\/militares.estrategia.com\/portal\/","logo":{"@type":"ImageObject","inLanguage":"pt-BR","@id":"https:\/\/militares.estrategia.com\/portal\/#\/schema\/logo\/image\/","url":"https:\/\/militares.estrategia.com\/portal\/wp-content\/uploads\/2021\/10\/logo-militares.webp","contentUrl":"https:\/\/militares.estrategia.com\/portal\/wp-content\/uploads\/2021\/10\/logo-militares.webp","width":346,"height":90,"caption":"Estrat\u00e9gia Militares"},"image":{"@id":"https:\/\/militares.estrategia.com\/portal\/#\/schema\/logo\/image\/"},"sameAs":["https:\/\/www.facebook.com\/EstrategiaMilitares","https:\/\/x.com\/estrategiamilit","https:\/\/www.instagram.com\/estrategiamilitares\/","https:\/\/www.youtube.com\/channel\/UCRG_9hakCqXxnj_8TqCdgTA"]},{"@type":"Person","@id":"https:\/\/militares.estrategia.com\/portal\/#\/schema\/person\/d52a8bb9d3a4693ffcfbe862dc250f79","name":"Pedro Alcantara","image":{"@type":"ImageObject","inLanguage":"pt-BR","@id":"https:\/\/militares.estrategia.com\/portal\/#\/schema\/person\/image\/","url":"https:\/\/secure.gravatar.com\/avatar\/2ff815c569bab8558bec32641d54e1af?s=96&d=mm&r=g","contentUrl":"https:\/\/secure.gravatar.com\/avatar\/2ff815c569bab8558bec32641d54e1af?s=96&d=mm&r=g","caption":"Pedro Alcantara"},"url":"https:\/\/militares.estrategia.com\/portal\/author\/pedro\/"}]}},"_wl_alt_label":[],"wl:entity_url":"https:\/\/data.wordlift.io\/wl110246\/post\/-56676","_links":{"self":[{"href":"https:\/\/militares.estrategia.com\/portal\/wp-json\/wp\/v2\/posts\/56676","targetHints":{"allow":["GET"]}}],"collection":[{"href":"https:\/\/militares.estrategia.com\/portal\/wp-json\/wp\/v2\/posts"}],"about":[{"href":"https:\/\/militares.estrategia.com\/portal\/wp-json\/wp\/v2\/types\/post"}],"author":[{"embeddable":true,"href":"https:\/\/militares.estrategia.com\/portal\/wp-json\/wp\/v2\/users\/18"}],"replies":[{"embeddable":true,"href":"https:\/\/militares.estrategia.com\/portal\/wp-json\/wp\/v2\/comments?post=56676"}],"version-history":[{"count":11,"href":"https:\/\/militares.estrategia.com\/portal\/wp-json\/wp\/v2\/posts\/56676\/revisions"}],"predecessor-version":[{"id":58126,"href":"https:\/\/militares.estrategia.com\/portal\/wp-json\/wp\/v2\/posts\/56676\/revisions\/58126"}],"wp:featuredmedia":[{"embeddable":true,"href":"https:\/\/militares.estrategia.com\/portal\/wp-json\/wp\/v2\/media\/45978"}],"wp:attachment":[{"href":"https:\/\/militares.estrategia.com\/portal\/wp-json\/wp\/v2\/media?parent=56676"}],"wp:term":[{"taxonomy":"category","embeddable":true,"href":"https:\/\/militares.estrategia.com\/portal\/wp-json\/wp\/v2\/categories?post=56676"},{"taxonomy":"post_tag","embeddable":true,"href":"https:\/\/militares.estrategia.com\/portal\/wp-json\/wp\/v2\/tags?post=56676"},{"taxonomy":"wl_entity_type","embeddable":true,"href":"https:\/\/militares.estrategia.com\/portal\/wp-json\/wp\/v2\/wl_entity_type?post=56676"}],"curies":[{"name":"wp","href":"https:\/\/api.w.org\/{rel}","templated":true}]}}