{"id":56216,"date":"2022-07-05T09:51:38","date_gmt":"2022-07-05T12:51:38","guid":{"rendered":"https:\/\/militares.estrategia.com\/portal\/?p=56216"},"modified":"2025-07-07T10:49:55","modified_gmt":"2025-07-07T13:49:55","slug":"a-revolta-do-forte-de-copacabana","status":"publish","type":"post","link":"https:\/\/militares.estrategia.com\/portal\/mundo-militar\/datas-comemorativas\/a-revolta-do-forte-de-copacabana\/","title":{"rendered":"5 de Julho: conhe\u00e7a a Revolta do Forte de Copacabana"},"content":{"rendered":"\n<p>No dia 5 de julho de 1922, um grupo de manifestantes, composto por <strong>17 militares e um civil,<\/strong> marchavam pela Avenida Atl\u00e2ntica <strong>rumo ao Pal\u00e1cio Presidencial,<\/strong> localizado no Catete, na cidade do Rio de Janeiro (RJ). Nesse ato, apenas <strong>dois militares sobreviveram<\/strong> ao fuzilamento perpetrado por tropas legalistas.<\/p>\n\n\n\n<p>Esse epis\u00f3dio foi o estopim de um movimento que ficou conhecido como a Revolta do Forte de Copacabana ou a Revolta dos 18 do Forte. O Estrat\u00e9gia Militares preparou um artigo que conta<strong> como aconteceu o manifesto, <\/strong>al\u00e9m de abordar <strong>quais foram as principais motiva\u00e7\u00f5es <\/strong>para a revolta da organiza\u00e7\u00e3o e quais eram seus principais ideais para o pa\u00eds.<\/p>\n\n\n<div id=\"new-form\">\n\t<form id=\"forms_layout\">\n\t<input type=\"hidden\" id=\"chave_de\" name=\"chave_de\" value=\"01_EMIL_LEADS_TOTAIS\" \/>\n\t\t<input type=\"hidden\" id=\"mid\" name=\"mid\" value=\"515009017\" \/>\n\t\t<input type=\"hidden\" id=\"Objetivo\" name=\"Objetivo\" value=\"Militares\" \/>\n\t\t<input type=\"hidden\" id=\"Estado_de_Origem_do_IP\" name=\"Estado_de_Origem_do_IP\"  value=\"\" \/>\n\t\t<input type=\"hidden\" id=\"Cidade_de_Origem_do_IP\" name=\"Cidade_de_Origem_do_IP\" value=\"\" \/>\n\t\t<input type=\"hidden\" id=\"Modo_de_entrada\" name=\"Modo_de_entrada\" value=\"Portal\" \/>\n\t\t<input type=\"hidden\" id=\"Pagina_Origem\" name=\"Pagina_Origem\" value=\"\" \/>\n\n\t\t<div class=\"texto\">\n\t\t\t<h3 class=\"news\">Inscreva-se em nossa newsletter!<\/h3>\n\t\t\t<p>Receba not\u00edcias sobre os mais importantes concursos para as For\u00e7as Armadas brasileiras e informa\u00e7\u00f5es sobre o mundo militar!<\/p>\n\t\t<\/div>\n\t\t<div class=\"campos\">\n\t\t\t<div class=\"first_name labels\">\n\t\t\t\t<input type=\"text\" class=\"input_labels\" id=\"first_name\" name=\"Nome_Completo\" placeholder=\"Nome\" required \/>\n\t\t\t<\/div>\n\t\t\t<div class=\"email labels\">\n\t\t\t\t<input type=\"email\" class=\"input_labels\" id=\"email\" name=\"Email\" placeholder=\"E-mail\" required \/>\n\t\t\t<\/div>\n\t\t\t<button type=\"submit\" class=\"button_layout\">\n\t\t\t\t<div id=\"lblBotao\">Inscreva-se<\/div>\n\t\t\t\t<span id=\"divSpiner\" class=\"loader\" role=\"status\" style=\"display: none;\"><\/span>\t\n\t\t\t<\/button>\n\t\t<\/div><!-- \/campos -->\n\t\t\n\t\t<label class=\"container_checkbox\">Voc\u00ea concorda com a nossa\n\t\t\t<a class=\"politics_privacy_ahref\" target=\"_blank\" href=\"https:\/\/gratis.estrategiaconcursos.com.br\/politica-de-privacidade\/\">Pol\u00edtica de Privacidade<\/a> e aceita receber informa\u00e7\u00f5es adicionais do Estrat\u00e9gia Educacional.\n\t\t\t<input id=\"checkbox_layout\" type=\"checkbox\" checked=\"checked\" required \/>\n\t\t\t<span class=\"checkbox\"><\/span>\n\t\t<\/label>\n\t\t<div id=\"msg\"><\/div>\n\t\t<div id=\"error\" class=\"error\">\n\t\t<\/div>\n\t<\/form>\n<\/div><!-- \/new-form -->\n\n\n\n<div id=\"ez-toc-container\" class=\"ez-toc-v2_0_79_2 counter-hierarchy ez-toc-counter ez-toc-transparent ez-toc-container-direction\">\n<div class=\"ez-toc-title-container\"><p class=\"ez-toc-title\" style=\"cursor:inherit\">Navegue pelo conte\u00fado\t<\/p>\n<\/div><nav><ul class='ez-toc-list ez-toc-list-level-1 ' ><li class='ez-toc-page-1 ez-toc-heading-level-2'><a class=\"ez-toc-link ez-toc-heading-1\" href=\"https:\/\/militares.estrategia.com\/portal\/mundo-militar\/datas-comemorativas\/a-revolta-do-forte-de-copacabana\/#A-Republica-Oligarquica\" >A Rep\u00fablica Olig\u00e1rquica&nbsp;<\/a><\/li><li class='ez-toc-page-1 ez-toc-heading-level-2'><a class=\"ez-toc-link ez-toc-heading-2\" href=\"https:\/\/militares.estrategia.com\/portal\/mundo-militar\/datas-comemorativas\/a-revolta-do-forte-de-copacabana\/#O-tenentismo\" >O tenentismo&nbsp;<\/a><\/li><li class='ez-toc-page-1 ez-toc-heading-level-2'><a class=\"ez-toc-link ez-toc-heading-3\" href=\"https:\/\/militares.estrategia.com\/portal\/mundo-militar\/datas-comemorativas\/a-revolta-do-forte-de-copacabana\/#A-Revolta-do-Forte-de-Copacabana\" >A Revolta do Forte de Copacabana<\/a><\/li><\/ul><\/nav><\/div>\n<h2 class=\"wp-block-heading\" id=\"h-a-republica-oligarquica-nbsp\"><span class=\"ez-toc-section\" id=\"A-Republica-Oligarquica\"><\/span>A Rep\u00fablica Olig\u00e1rquica&nbsp;<span class=\"ez-toc-section-end\"><\/span><\/h2>\n\n\n\n<p>Antes de adentrarmos na revolta em si, \u00e9 importante conhecer um dos seus principais motivos: o sistema pol\u00edtico da \u00e9poca.&nbsp;<\/p>\n\n\n\n<p>Com o fim da Rep\u00fablica da Espada (1891-1894), iniciou-se a Rep\u00fablica Olig\u00e1rquica (1894-1930), na qual o <strong>cargo de presidente<\/strong> da rep\u00fablica passou a ser <strong>alternado entre importantes cafeicultores paulistas e grandes leiteiros de Minas Gerais.&nbsp;<\/strong><\/p>\n\n\n\n<p>A altern\u00e2ncia entre essas duas oligarquias no poder era proposital e ficou conhecida como <strong>\u201cpol\u00edtica do caf\u00e9 com leite\u201d.<\/strong><\/p>\n\n\n\n<p>Desde os primeiros anos do Brasil Republicano, <strong>a pol\u00edtica nacional era alvo de muitas cr\u00edticas,<\/strong> devido a forma de governo adotada pelos presidentes, o autoritarismo dos pol\u00edticos e a maneira como aconteciam as elei\u00e7\u00f5es.&nbsp;<\/p>\n\n\n\n<p>A <strong>Pol\u00edtica dos Governadores<\/strong>, sustentada pelo <strong>coronelismo<\/strong>, e a <strong>Pol\u00edtica das Salva\u00e7\u00f5es <\/strong>s\u00e3o dois bons exemplos de <strong>a\u00e7\u00f5es autorit\u00e1rias<\/strong> idealizadas por presidentes que tinham o intuito de se perpetuar no poder e conquistar ainda <strong>mais for\u00e7a pol\u00edtica.<\/strong><\/p>\n\n\n\n<h3 class=\"wp-block-heading\" id=\"h-a-reacao-republicana-nbsp\">A Rea\u00e7\u00e3o Republicana&nbsp;<\/h3>\n\n\n\n<p>Apesar de todos os <strong>esquemas pol\u00edticos &#8211; <\/strong>que garantiam a perpetuidade das oligarquias no poder &#8211; terem funcionado por muito tempo, <strong>a elei\u00e7\u00e3o de 1922 prometia p\u00f4r um fim nisso.<\/strong> Dois candidatos disputavam a cadeira presidencial:&nbsp;<\/p>\n\n\n\n<ul class=\"wp-block-list\">\n<li><strong>Arthur Bernardes:<\/strong> representava as oligarquias cafeeiras e daria <strong>continuidade a \u201cpol\u00edtica do caf\u00e9 com leite\u201d;<\/strong> e<\/li>\n\n\n\n<li><strong>Nilo Pe\u00e7anha:<\/strong> representava a jun\u00e7\u00e3o de oligarquias menores dos estados do Rio de Janeiro, Bahia e Rio Grande do Sul. O <strong>nome dado \u00e0 chapa foi \u201cRea\u00e7\u00e3o Republicana&#8221; <\/strong>e a inten\u00e7\u00e3o deles era romper com a hegemonia paulista e mineira.<\/li>\n<\/ul>\n\n\n\n<p>Nilo Pe\u00e7anha <strong>percorreu todo o pa\u00eds fazendo com\u00edcios e buscando apoiadores. <\/strong>Enquanto isso, <strong>cartas,<\/strong> supostamente escritas por Arthur Bernardes, criticando Hermes da Fonseca e os militares <strong>vazavam na imprensa.<\/strong><\/p>\n\n\n\n<p>O resultado das elei\u00e7\u00f5es atribuiu a <strong>vit\u00f3ria a Artur Bernardes.<\/strong> No entanto,<strong> a Rea\u00e7\u00e3o Republicana n\u00e3o aceitou o resultado<\/strong> e buscou mobilizar a popula\u00e7\u00e3o e os militares para que o processo eleitoral fosse feito com mais seriedade e fiscaliza\u00e7\u00e3o.&nbsp;<\/p>\n\n\n\n<p><strong>Jovens Oficiais<\/strong> &#8211; insatisfeitos com o governo anterior, a falta de armamento, baixos sal\u00e1rios e a demora nas promo\u00e7\u00f5es &#8211; <strong>uniram-se com o intuito de derrubar o governo. <\/strong>O nome dado ao movimento militar foi <strong>\u201ctenentismo\u201d,<\/strong> tendo em vista a <a href=\"https:\/\/militares.estrategia.com\/portal\/mundo-militar\/forcas-armadas\/patentes-do-exercito\/\" target=\"_blank\" >patente<\/a> da maioria de seus membros.&nbsp;<\/p>\n\n\n\n<h2 class=\"wp-block-heading\" id=\"h-o-tenentismo-nbsp\"><span class=\"ez-toc-section\" id=\"O-tenentismo\"><\/span>O tenentismo&nbsp;<span class=\"ez-toc-section-end\"><\/span><\/h2>\n\n\n\n<p>O principal objetivo dos Tenentes era encerrar o ciclo da Rep\u00fablica Olig\u00e1rquica. Apesar de n\u00e3o terem um plano de a\u00e7\u00e3o bem definido, o grupo de <strong>ideais positivistas<\/strong> tinha algumas ideias centrais:&nbsp;<\/p>\n\n\n\n<ul class=\"wp-block-list\">\n<li>Voto secreto;<\/li>\n\n\n\n<li>Cria\u00e7\u00e3o da Justi\u00e7a Eleitoral;<\/li>\n\n\n\n<li>Puni\u00e7\u00e3o aos corruptos; e<\/li>\n\n\n\n<li>Acesso gratuito e universal \u00e0 educa\u00e7\u00e3o.<\/li>\n<\/ul>\n\n\n\n<p>O primeiro levante organizado pelo grupo tinha como objetivo<strong> impedir a posse de Artur Bernardes. <\/strong>Ele se concretizou no Rio de Janeiro e ficou conhecido como Revolta do Forte de Copacabana.<\/p>\n\n\n\n<h2 class=\"wp-block-heading\" id=\"h-a-revolta-do-forte-de-copacabana\"><span class=\"ez-toc-section\" id=\"A-Revolta-do-Forte-de-Copacabana\"><\/span>A Revolta do Forte de Copacabana<span class=\"ez-toc-section-end\"><\/span><\/h2>\n\n\n\n<p>Os revolucion\u00e1rios que se opunham \u00e0 posse de Arthur Bernardes e \u00e0 Rep\u00fablica Olig\u00e1rquica&nbsp; <strong>se reuniram e tomaram o Forte de Copacabana. <\/strong>O levante era liderado pelo <strong>Capit\u00e3o Euclides Hermes da Fonseca.&nbsp;<\/strong><\/p>\n\n\n\n<p><strong>Mais de 300 militares resistiram no Forte por dias.<\/strong> Ap\u00f3s troca de tiros e <strong>bombardeio de diversas \u00e1reas do Rio de Janeiro <\/strong>por parte dos revoltosos, houve corte de \u00e1gua, telefone e luz no Forte. A press\u00e3o externa para a rendi\u00e7\u00e3o era enorme, o que fez com que <strong>a grande maioria dos revolucion\u00e1rios desistisse do movimento,<\/strong> sobrando apenas 29 deles.&nbsp;<\/p>\n\n\n\n<p>No dia 5 de julho, <strong>Euclides Hermes j\u00e1 tinha sido preso<\/strong> quando saiu do Forte para negociar com o Ministro da Guerra.<strong> A lideran\u00e7a dentro do Forte ficou nas m\u00e3os de Siqueira Campos, <\/strong>que diante da situa\u00e7\u00e3o tomou a decis\u00e3o de <strong>n\u00e3o se entregar.<\/strong><\/p>\n\n\n\n<p>Os 28 militares pegaram toda muni\u00e7\u00e3o dispon\u00edvel e, equipados com fuzis Mauser 1908 e pistolas Parabellum, sa\u00edram do Forte rumo ao Pal\u00e1cio do Catete, certos de que<strong> defenderiam seus ideais at\u00e9 a morte.&nbsp;<\/strong><\/p>\n\n\n\n<p>Quando se deparou com o ataque iminente por parte dos militares, Epit\u00e1cio Pessoa, ent\u00e3o presidente, ordenou que suas tropas atacassem os rebeldes.&nbsp;<\/p>\n\n\n\n<p>Em um primeiro tiroteio, o efetivo de Siqueira Campos se reduziu a 17 homens. Nesse momento, <strong>um civil se uniu aos militares para tentar auxili\u00e1-los.<\/strong> A partir da\u00ed, os 18 homens seguiram pela Avenida Atl\u00e2ntica, onde foi tirada uma <strong>foto emblem\u00e1tica, <\/strong>que deu nome ao movimento: Revolta dos 18 do Forte.&nbsp;<\/p>\n\n\n<div class=\"wp-block-image\">\n<figure class=\"aligncenter size-full\"><img decoding=\"async\" width=\"960\" height=\"540\" src=\"https:\/\/militares.estrategia.com\/portal\/wp-content\/uploads\/2022\/07\/Apresentacao-sem-titulo-57.jpg\" alt=\"Revolta Forte de Copacabana\" class=\"wp-image-56221\" srcset=\"https:\/\/militares.estrategia.com\/portal\/wp-content\/uploads\/2022\/07\/Apresentacao-sem-titulo-57.jpg 960w, https:\/\/militares.estrategia.com\/portal\/wp-content\/uploads\/2022\/07\/Apresentacao-sem-titulo-57-768x432.webp 768w, https:\/\/militares.estrategia.com\/portal\/wp-content\/uploads\/2022\/07\/Apresentacao-sem-titulo-57-800x450.webp 800w, https:\/\/militares.estrategia.com\/portal\/wp-content\/uploads\/2022\/07\/Apresentacao-sem-titulo-57-150x84.webp 150w\" sizes=\"(max-width: 960px) 100vw, 960px\" \/><\/figure><\/div>\n\n\n<p>Nos embates seguintes, <strong>os revolucion\u00e1rios morreram, com exce\u00e7\u00e3o de dois:<\/strong> os militares Siqueira Campos e Eduardo Gomes. Eles ficaram muito feridos e, apesar do estado grave, conseguiram sobreviver, sendo <strong>considerados her\u00f3is do movimento.<\/strong><\/p>\n\n\n\n<p>Se voc\u00ea curtiu conhecer mais sobre a Revolta do Forte de Copacabana, <strong>inscreva-se na nossa newsletter.<\/strong> Assim voc\u00ea n\u00e3o perde nenhum conte\u00fado a respeito da <a href=\"https:\/\/vestibulares.estrategia.com\/portal\/materias\/historia\/historia-do-brasil\/\" target=\"_blank\" >hist\u00f3ria do Brasil<\/a>, al\u00e9m de ficar por dentro de tudo que acontece no mundo militar e nos seus concursos.<\/p>\n\n\n<div id=\"new-form\">\n\t<form id=\"forms_layout\">\n\t<input type=\"hidden\" id=\"chave_de\" name=\"chave_de\" value=\"01_EMIL_LEADS_TOTAIS\" \/>\n\t\t<input type=\"hidden\" id=\"mid\" name=\"mid\" value=\"515009017\" \/>\n\t\t<input type=\"hidden\" id=\"Objetivo\" name=\"Objetivo\" value=\"Militares\" \/>\n\t\t<input type=\"hidden\" id=\"Estado_de_Origem_do_IP\" name=\"Estado_de_Origem_do_IP\"  value=\"\" \/>\n\t\t<input type=\"hidden\" id=\"Cidade_de_Origem_do_IP\" name=\"Cidade_de_Origem_do_IP\" value=\"\" \/>\n\t\t<input type=\"hidden\" id=\"Modo_de_entrada\" name=\"Modo_de_entrada\" value=\"Portal\" \/>\n\t\t<input type=\"hidden\" id=\"Pagina_Origem\" name=\"Pagina_Origem\" value=\"\" \/>\n\n\t\t<div class=\"texto\">\n\t\t\t<h3 class=\"news\">Inscreva-se em nossa newsletter!<\/h3>\n\t\t\t<p>Receba not\u00edcias sobre os mais importantes concursos para as For\u00e7as Armadas brasileiras e informa\u00e7\u00f5es sobre o mundo militar!<\/p>\n\t\t<\/div>\n\t\t<div class=\"campos\">\n\t\t\t<div class=\"first_name labels\">\n\t\t\t\t<input type=\"text\" class=\"input_labels\" id=\"first_name\" name=\"Nome_Completo\" placeholder=\"Nome\" required \/>\n\t\t\t<\/div>\n\t\t\t<div class=\"email labels\">\n\t\t\t\t<input type=\"email\" class=\"input_labels\" id=\"email\" name=\"Email\" placeholder=\"E-mail\" required \/>\n\t\t\t<\/div>\n\t\t\t<button type=\"submit\" class=\"button_layout\">\n\t\t\t\t<div id=\"lblBotao\">Inscreva-se<\/div>\n\t\t\t\t<span id=\"divSpiner\" class=\"loader\" role=\"status\" style=\"display: none;\"><\/span>\t\n\t\t\t<\/button>\n\t\t<\/div><!-- \/campos -->\n\t\t\n\t\t<label class=\"container_checkbox\">Voc\u00ea concorda com a nossa\n\t\t\t<a class=\"politics_privacy_ahref\" target=\"_blank\" href=\"https:\/\/gratis.estrategiaconcursos.com.br\/politica-de-privacidade\/\">Pol\u00edtica de Privacidade<\/a> e aceita receber informa\u00e7\u00f5es adicionais do Estrat\u00e9gia Educacional.\n\t\t\t<input id=\"checkbox_layout\" type=\"checkbox\" checked=\"checked\" required \/>\n\t\t\t<span class=\"checkbox\"><\/span>\n\t\t<\/label>\n\t\t<div id=\"msg\"><\/div>\n\t\t<div id=\"error\" class=\"error\">\n\t\t<\/div>\n\t<\/form>\n<\/div><!-- \/new-form -->\n\n\n\n<p>E, caso voc\u00ea esteja se preparando para algum concurso das For\u00e7as Armadas, saiba que <strong>fazer quest\u00f5es durante a sua prepara\u00e7\u00e3o \u00e9 fundamental.<\/strong> Por isso, o Estrat\u00e9gia Militares lan\u00e7ou o Banco de Quest\u00f5es, ferramenta que j\u00e1 conta com mais de 81 mil delas. Clique no banner abaixo e confira!<\/p>\n\n\n\n<p><strong><a id=\"cta\" class=\"cta-imagem\" href=\"https:\/\/militares.estrategia.com\/curso\/banco-de-questes-anual\/\" target=\"blank\">\n                <img decoding=\"async\" width=\"100%\" src=\"https:\/\/militares.estrategia.com\/portal\/wp-content\/uploads\/2023\/02\/EM-Banco-de-Questoes.jpg\" alt=\"EM - Banco de Questo\u0303es\" title=\"EM - Banco de Questo\u0303es\">\n        <\/a><\/strong><\/p>\n\n\n","protected":false},"excerpt":{"rendered":"No dia 5 de julho de 1922, um grupo de manifestantes, composto por 17 militares e um civil,&hellip;\n","protected":false},"author":53,"featured_media":87299,"comment_status":"closed","ping_status":"closed","sticky":false,"template":"","format":"standard","meta":{"wl_entities_gutenberg":"","footnotes":""},"categories":[306],"tags":[],"wl_entity_type":[187],"class_list":{"0":"post-56216","1":"post","2":"type-post","3":"status-publish","4":"format-standard","5":"has-post-thumbnail","7":"category-datas-comemorativas","8":"wl_entity_type-article"},"acf":[],"yoast_head":"<!-- This site is optimized with the Yoast SEO Premium plugin v26.6 (Yoast SEO v26.6) - https:\/\/yoast.com\/wordpress\/plugins\/seo\/ -->\n<title>5 de Julho: conhe\u00e7a a Revolta do Forte de Copacabana<\/title>\n<meta name=\"description\" content=\"Saiba mais sobre a Revolta do Forte de Copacabana, a primeira manifesta\u00e7\u00e3o do movimento tenentista contra a Rep\u00fablica Olig\u00e1rquica.\" \/>\n<meta name=\"robots\" content=\"index, follow, max-snippet:-1, max-image-preview:large, max-video-preview:-1\" \/>\n<link rel=\"canonical\" href=\"https:\/\/militares.estrategia.com\/portal\/mundo-militar\/datas-comemorativas\/a-revolta-do-forte-de-copacabana\/\" \/>\n<meta property=\"og:locale\" content=\"pt_BR\" \/>\n<meta property=\"og:type\" content=\"article\" \/>\n<meta property=\"og:title\" content=\"5 de Julho: conhe\u00e7a a Revolta do Forte de Copacabana\" \/>\n<meta property=\"og:description\" content=\"Saiba mais sobre a Revolta do Forte de Copacabana, a primeira manifesta\u00e7\u00e3o do movimento tenentista contra a Rep\u00fablica Olig\u00e1rquica.\" \/>\n<meta property=\"og:url\" content=\"https:\/\/militares.estrategia.com\/portal\/mundo-militar\/datas-comemorativas\/a-revolta-do-forte-de-copacabana\/\" \/>\n<meta property=\"og:site_name\" content=\"Estrat\u00e9gia Militares\" \/>\n<meta property=\"article:publisher\" content=\"https:\/\/www.facebook.com\/EstrategiaMilitares\" \/>\n<meta property=\"article:published_time\" content=\"2022-07-05T12:51:38+00:00\" \/>\n<meta property=\"article:modified_time\" content=\"2025-07-07T13:49:55+00:00\" \/>\n<meta property=\"og:image\" content=\"https:\/\/militares.estrategia.com\/portal\/wp-content\/uploads\/2025\/07\/Os_18_do_Forte.jpg\" \/>\n\t<meta property=\"og:image:width\" content=\"897\" \/>\n\t<meta property=\"og:image:height\" content=\"406\" \/>\n\t<meta property=\"og:image:type\" content=\"image\/jpeg\" \/>\n<meta name=\"author\" content=\"Lucas Gon\u00e7alves\" \/>\n<meta name=\"twitter:card\" content=\"summary_large_image\" \/>\n<meta name=\"twitter:creator\" content=\"@estrategiamilit\" \/>\n<meta name=\"twitter:site\" content=\"@estrategiamilit\" \/>\n<meta name=\"twitter:label1\" content=\"Escrito por\" \/>\n\t<meta name=\"twitter:data1\" content=\"Lucas Gon\u00e7alves\" \/>\n\t<meta name=\"twitter:label2\" content=\"Est. tempo de leitura\" \/>\n\t<meta name=\"twitter:data2\" content=\"6 minutos\" \/>\n<script type=\"application\/ld+json\" class=\"yoast-schema-graph\">{\"@context\":\"https:\/\/schema.org\",\"@graph\":[{\"@type\":\"Article\",\"@id\":\"https:\/\/militares.estrategia.com\/portal\/mundo-militar\/datas-comemorativas\/a-revolta-do-forte-de-copacabana\/#article\",\"isPartOf\":{\"@id\":\"https:\/\/militares.estrategia.com\/portal\/mundo-militar\/datas-comemorativas\/a-revolta-do-forte-de-copacabana\/\"},\"author\":{\"name\":\"Lucas Gon\u00e7alves\",\"@id\":\"https:\/\/militares.estrategia.com\/portal\/#\/schema\/person\/566b15d6f51f32043ba353771e7ee88a\"},\"headline\":\"5 de Julho: conhe\u00e7a a Revolta do Forte de Copacabana\",\"datePublished\":\"2022-07-05T12:51:38+00:00\",\"dateModified\":\"2025-07-07T13:49:55+00:00\",\"mainEntityOfPage\":{\"@id\":\"https:\/\/militares.estrategia.com\/portal\/mundo-militar\/datas-comemorativas\/a-revolta-do-forte-de-copacabana\/\"},\"wordCount\":1015,\"publisher\":{\"@id\":\"https:\/\/militares.estrategia.com\/portal\/#organization\"},\"image\":{\"@id\":\"https:\/\/militares.estrategia.com\/portal\/mundo-militar\/datas-comemorativas\/a-revolta-do-forte-de-copacabana\/#primaryimage\"},\"thumbnailUrl\":\"https:\/\/militares.estrategia.com\/portal\/wp-content\/uploads\/2025\/07\/Os_18_do_Forte.jpg\",\"articleSection\":[\"Datas Comemorativas\"],\"inLanguage\":\"pt-BR\"},{\"@type\":\"WebPage\",\"@id\":\"https:\/\/militares.estrategia.com\/portal\/mundo-militar\/datas-comemorativas\/a-revolta-do-forte-de-copacabana\/\",\"url\":\"https:\/\/militares.estrategia.com\/portal\/mundo-militar\/datas-comemorativas\/a-revolta-do-forte-de-copacabana\/\",\"name\":\"5 de Julho: conhe\u00e7a a Revolta do Forte de Copacabana\",\"isPartOf\":{\"@id\":\"https:\/\/militares.estrategia.com\/portal\/#website\"},\"primaryImageOfPage\":{\"@id\":\"https:\/\/militares.estrategia.com\/portal\/mundo-militar\/datas-comemorativas\/a-revolta-do-forte-de-copacabana\/#primaryimage\"},\"image\":{\"@id\":\"https:\/\/militares.estrategia.com\/portal\/mundo-militar\/datas-comemorativas\/a-revolta-do-forte-de-copacabana\/#primaryimage\"},\"thumbnailUrl\":\"https:\/\/militares.estrategia.com\/portal\/wp-content\/uploads\/2025\/07\/Os_18_do_Forte.jpg\",\"datePublished\":\"2022-07-05T12:51:38+00:00\",\"dateModified\":\"2025-07-07T13:49:55+00:00\",\"description\":\"Saiba mais sobre a Revolta do Forte de Copacabana, a primeira manifesta\u00e7\u00e3o do movimento tenentista contra a Rep\u00fablica Olig\u00e1rquica.\",\"breadcrumb\":{\"@id\":\"https:\/\/militares.estrategia.com\/portal\/mundo-militar\/datas-comemorativas\/a-revolta-do-forte-de-copacabana\/#breadcrumb\"},\"inLanguage\":\"pt-BR\",\"potentialAction\":[{\"@type\":\"ReadAction\",\"target\":[\"https:\/\/militares.estrategia.com\/portal\/mundo-militar\/datas-comemorativas\/a-revolta-do-forte-de-copacabana\/\"]}]},{\"@type\":\"ImageObject\",\"inLanguage\":\"pt-BR\",\"@id\":\"https:\/\/militares.estrategia.com\/portal\/mundo-militar\/datas-comemorativas\/a-revolta-do-forte-de-copacabana\/#primaryimage\",\"url\":\"https:\/\/militares.estrategia.com\/portal\/wp-content\/uploads\/2025\/07\/Os_18_do_Forte.jpg\",\"contentUrl\":\"https:\/\/militares.estrategia.com\/portal\/wp-content\/uploads\/2025\/07\/Os_18_do_Forte.jpg\",\"width\":897,\"height\":406},{\"@type\":\"BreadcrumbList\",\"@id\":\"https:\/\/militares.estrategia.com\/portal\/mundo-militar\/datas-comemorativas\/a-revolta-do-forte-de-copacabana\/#breadcrumb\",\"itemListElement\":[{\"@type\":\"ListItem\",\"position\":1,\"name\":\"Home\",\"item\":\"https:\/\/militares.estrategia.com\/portal\/\"},{\"@type\":\"ListItem\",\"position\":2,\"name\":\"Mundo Militar\",\"item\":\"https:\/\/militares.estrategia.com\/portal\/mundo-militar\/\"},{\"@type\":\"ListItem\",\"position\":3,\"name\":\"Datas Comemorativas\",\"item\":\"https:\/\/militares.estrategia.com\/portal\/mundo-militar\/datas-comemorativas\/\"},{\"@type\":\"ListItem\",\"position\":4,\"name\":\"5 de Julho: conhe\u00e7a a Revolta do Forte de Copacabana\"}]},{\"@type\":\"WebSite\",\"@id\":\"https:\/\/militares.estrategia.com\/portal\/#website\",\"url\":\"https:\/\/militares.estrategia.com\/portal\/\",\"name\":\"Estrat\u00e9gia Militares\",\"description\":\"\",\"publisher\":{\"@id\":\"https:\/\/militares.estrategia.com\/portal\/#organization\"},\"potentialAction\":[{\"@type\":\"SearchAction\",\"target\":{\"@type\":\"EntryPoint\",\"urlTemplate\":\"https:\/\/militares.estrategia.com\/portal\/?s={search_term_string}\"},\"query-input\":{\"@type\":\"PropertyValueSpecification\",\"valueRequired\":true,\"valueName\":\"search_term_string\"}}],\"inLanguage\":\"pt-BR\"},{\"@type\":\"Organization\",\"@id\":\"https:\/\/militares.estrategia.com\/portal\/#organization\",\"name\":\"Estrat\u00e9gia Militares\",\"url\":\"https:\/\/militares.estrategia.com\/portal\/\",\"logo\":{\"@type\":\"ImageObject\",\"inLanguage\":\"pt-BR\",\"@id\":\"https:\/\/militares.estrategia.com\/portal\/#\/schema\/logo\/image\/\",\"url\":\"https:\/\/militares.estrategia.com\/portal\/wp-content\/uploads\/2021\/10\/logo-militares.webp\",\"contentUrl\":\"https:\/\/militares.estrategia.com\/portal\/wp-content\/uploads\/2021\/10\/logo-militares.webp\",\"width\":346,\"height\":90,\"caption\":\"Estrat\u00e9gia Militares\"},\"image\":{\"@id\":\"https:\/\/militares.estrategia.com\/portal\/#\/schema\/logo\/image\/\"},\"sameAs\":[\"https:\/\/www.facebook.com\/EstrategiaMilitares\",\"https:\/\/x.com\/estrategiamilit\",\"https:\/\/www.instagram.com\/estrategiamilitares\/\",\"https:\/\/www.youtube.com\/channel\/UCRG_9hakCqXxnj_8TqCdgTA\"]},{\"@type\":\"Person\",\"@id\":\"https:\/\/militares.estrategia.com\/portal\/#\/schema\/person\/566b15d6f51f32043ba353771e7ee88a\",\"name\":\"Lucas Gon\u00e7alves\",\"image\":{\"@type\":\"ImageObject\",\"inLanguage\":\"pt-BR\",\"@id\":\"https:\/\/militares.estrategia.com\/portal\/#\/schema\/person\/image\/\",\"url\":\"https:\/\/militares.estrategia.com\/portal\/wp-content\/uploads\/2021\/08\/WhatsApp-Image-2023-04-28-at-13.20.17-150x150.jpeg\",\"contentUrl\":\"https:\/\/militares.estrategia.com\/portal\/wp-content\/uploads\/2021\/08\/WhatsApp-Image-2023-04-28-at-13.20.17-150x150.jpeg\",\"caption\":\"Lucas Gon\u00e7alves\"},\"description\":\"Lucas \u00e9 um apaixonado pelo mundo dos concursos e pela carreira militar. Amante e praticante do futebol nas horas vagas.\",\"url\":\"https:\/\/militares.estrategia.com\/portal\/author\/lucas-goncalves\/\"}]}<\/script>\n<!-- \/ Yoast SEO Premium plugin. -->","yoast_head_json":{"title":"5 de Julho: conhe\u00e7a a Revolta do Forte de Copacabana","description":"Saiba mais sobre a Revolta do Forte de Copacabana, a primeira manifesta\u00e7\u00e3o do movimento tenentista contra a Rep\u00fablica Olig\u00e1rquica.","robots":{"index":"index","follow":"follow","max-snippet":"max-snippet:-1","max-image-preview":"max-image-preview:large","max-video-preview":"max-video-preview:-1"},"canonical":"https:\/\/militares.estrategia.com\/portal\/mundo-militar\/datas-comemorativas\/a-revolta-do-forte-de-copacabana\/","og_locale":"pt_BR","og_type":"article","og_title":"5 de Julho: conhe\u00e7a a Revolta do Forte de Copacabana","og_description":"Saiba mais sobre a Revolta do Forte de Copacabana, a primeira manifesta\u00e7\u00e3o do movimento tenentista contra a Rep\u00fablica Olig\u00e1rquica.","og_url":"https:\/\/militares.estrategia.com\/portal\/mundo-militar\/datas-comemorativas\/a-revolta-do-forte-de-copacabana\/","og_site_name":"Estrat\u00e9gia Militares","article_publisher":"https:\/\/www.facebook.com\/EstrategiaMilitares","article_published_time":"2022-07-05T12:51:38+00:00","article_modified_time":"2025-07-07T13:49:55+00:00","og_image":[{"width":897,"height":406,"url":"https:\/\/militares.estrategia.com\/portal\/wp-content\/uploads\/2025\/07\/Os_18_do_Forte.jpg","type":"image\/jpeg"}],"author":"Lucas Gon\u00e7alves","twitter_card":"summary_large_image","twitter_creator":"@estrategiamilit","twitter_site":"@estrategiamilit","twitter_misc":{"Escrito por":"Lucas Gon\u00e7alves","Est. tempo de leitura":"6 minutos"},"schema":{"@context":"https:\/\/schema.org","@graph":[{"@type":"Article","@id":"https:\/\/militares.estrategia.com\/portal\/mundo-militar\/datas-comemorativas\/a-revolta-do-forte-de-copacabana\/#article","isPartOf":{"@id":"https:\/\/militares.estrategia.com\/portal\/mundo-militar\/datas-comemorativas\/a-revolta-do-forte-de-copacabana\/"},"author":{"name":"Lucas Gon\u00e7alves","@id":"https:\/\/militares.estrategia.com\/portal\/#\/schema\/person\/566b15d6f51f32043ba353771e7ee88a"},"headline":"5 de Julho: conhe\u00e7a a Revolta do Forte de Copacabana","datePublished":"2022-07-05T12:51:38+00:00","dateModified":"2025-07-07T13:49:55+00:00","mainEntityOfPage":{"@id":"https:\/\/militares.estrategia.com\/portal\/mundo-militar\/datas-comemorativas\/a-revolta-do-forte-de-copacabana\/"},"wordCount":1015,"publisher":{"@id":"https:\/\/militares.estrategia.com\/portal\/#organization"},"image":{"@id":"https:\/\/militares.estrategia.com\/portal\/mundo-militar\/datas-comemorativas\/a-revolta-do-forte-de-copacabana\/#primaryimage"},"thumbnailUrl":"https:\/\/militares.estrategia.com\/portal\/wp-content\/uploads\/2025\/07\/Os_18_do_Forte.jpg","articleSection":["Datas Comemorativas"],"inLanguage":"pt-BR"},{"@type":"WebPage","@id":"https:\/\/militares.estrategia.com\/portal\/mundo-militar\/datas-comemorativas\/a-revolta-do-forte-de-copacabana\/","url":"https:\/\/militares.estrategia.com\/portal\/mundo-militar\/datas-comemorativas\/a-revolta-do-forte-de-copacabana\/","name":"5 de Julho: conhe\u00e7a a Revolta do Forte de Copacabana","isPartOf":{"@id":"https:\/\/militares.estrategia.com\/portal\/#website"},"primaryImageOfPage":{"@id":"https:\/\/militares.estrategia.com\/portal\/mundo-militar\/datas-comemorativas\/a-revolta-do-forte-de-copacabana\/#primaryimage"},"image":{"@id":"https:\/\/militares.estrategia.com\/portal\/mundo-militar\/datas-comemorativas\/a-revolta-do-forte-de-copacabana\/#primaryimage"},"thumbnailUrl":"https:\/\/militares.estrategia.com\/portal\/wp-content\/uploads\/2025\/07\/Os_18_do_Forte.jpg","datePublished":"2022-07-05T12:51:38+00:00","dateModified":"2025-07-07T13:49:55+00:00","description":"Saiba mais sobre a Revolta do Forte de Copacabana, a primeira manifesta\u00e7\u00e3o do movimento tenentista contra a Rep\u00fablica Olig\u00e1rquica.","breadcrumb":{"@id":"https:\/\/militares.estrategia.com\/portal\/mundo-militar\/datas-comemorativas\/a-revolta-do-forte-de-copacabana\/#breadcrumb"},"inLanguage":"pt-BR","potentialAction":[{"@type":"ReadAction","target":["https:\/\/militares.estrategia.com\/portal\/mundo-militar\/datas-comemorativas\/a-revolta-do-forte-de-copacabana\/"]}]},{"@type":"ImageObject","inLanguage":"pt-BR","@id":"https:\/\/militares.estrategia.com\/portal\/mundo-militar\/datas-comemorativas\/a-revolta-do-forte-de-copacabana\/#primaryimage","url":"https:\/\/militares.estrategia.com\/portal\/wp-content\/uploads\/2025\/07\/Os_18_do_Forte.jpg","contentUrl":"https:\/\/militares.estrategia.com\/portal\/wp-content\/uploads\/2025\/07\/Os_18_do_Forte.jpg","width":897,"height":406},{"@type":"BreadcrumbList","@id":"https:\/\/militares.estrategia.com\/portal\/mundo-militar\/datas-comemorativas\/a-revolta-do-forte-de-copacabana\/#breadcrumb","itemListElement":[{"@type":"ListItem","position":1,"name":"Home","item":"https:\/\/militares.estrategia.com\/portal\/"},{"@type":"ListItem","position":2,"name":"Mundo Militar","item":"https:\/\/militares.estrategia.com\/portal\/mundo-militar\/"},{"@type":"ListItem","position":3,"name":"Datas Comemorativas","item":"https:\/\/militares.estrategia.com\/portal\/mundo-militar\/datas-comemorativas\/"},{"@type":"ListItem","position":4,"name":"5 de Julho: conhe\u00e7a a Revolta do Forte de Copacabana"}]},{"@type":"WebSite","@id":"https:\/\/militares.estrategia.com\/portal\/#website","url":"https:\/\/militares.estrategia.com\/portal\/","name":"Estrat\u00e9gia Militares","description":"","publisher":{"@id":"https:\/\/militares.estrategia.com\/portal\/#organization"},"potentialAction":[{"@type":"SearchAction","target":{"@type":"EntryPoint","urlTemplate":"https:\/\/militares.estrategia.com\/portal\/?s={search_term_string}"},"query-input":{"@type":"PropertyValueSpecification","valueRequired":true,"valueName":"search_term_string"}}],"inLanguage":"pt-BR"},{"@type":"Organization","@id":"https:\/\/militares.estrategia.com\/portal\/#organization","name":"Estrat\u00e9gia Militares","url":"https:\/\/militares.estrategia.com\/portal\/","logo":{"@type":"ImageObject","inLanguage":"pt-BR","@id":"https:\/\/militares.estrategia.com\/portal\/#\/schema\/logo\/image\/","url":"https:\/\/militares.estrategia.com\/portal\/wp-content\/uploads\/2021\/10\/logo-militares.webp","contentUrl":"https:\/\/militares.estrategia.com\/portal\/wp-content\/uploads\/2021\/10\/logo-militares.webp","width":346,"height":90,"caption":"Estrat\u00e9gia Militares"},"image":{"@id":"https:\/\/militares.estrategia.com\/portal\/#\/schema\/logo\/image\/"},"sameAs":["https:\/\/www.facebook.com\/EstrategiaMilitares","https:\/\/x.com\/estrategiamilit","https:\/\/www.instagram.com\/estrategiamilitares\/","https:\/\/www.youtube.com\/channel\/UCRG_9hakCqXxnj_8TqCdgTA"]},{"@type":"Person","@id":"https:\/\/militares.estrategia.com\/portal\/#\/schema\/person\/566b15d6f51f32043ba353771e7ee88a","name":"Lucas Gon\u00e7alves","image":{"@type":"ImageObject","inLanguage":"pt-BR","@id":"https:\/\/militares.estrategia.com\/portal\/#\/schema\/person\/image\/","url":"https:\/\/militares.estrategia.com\/portal\/wp-content\/uploads\/2021\/08\/WhatsApp-Image-2023-04-28-at-13.20.17-150x150.jpeg","contentUrl":"https:\/\/militares.estrategia.com\/portal\/wp-content\/uploads\/2021\/08\/WhatsApp-Image-2023-04-28-at-13.20.17-150x150.jpeg","caption":"Lucas Gon\u00e7alves"},"description":"Lucas \u00e9 um apaixonado pelo mundo dos concursos e pela carreira militar. Amante e praticante do futebol nas horas vagas.","url":"https:\/\/militares.estrategia.com\/portal\/author\/lucas-goncalves\/"}]}},"_wl_alt_label":[],"wl:entity_url":"https:\/\/data.wordlift.io\/wl110246\/post\/5-de-julho-conheca-a-revolta-do-forte-copacabana-56216","_links":{"self":[{"href":"https:\/\/militares.estrategia.com\/portal\/wp-json\/wp\/v2\/posts\/56216","targetHints":{"allow":["GET"]}}],"collection":[{"href":"https:\/\/militares.estrategia.com\/portal\/wp-json\/wp\/v2\/posts"}],"about":[{"href":"https:\/\/militares.estrategia.com\/portal\/wp-json\/wp\/v2\/types\/post"}],"author":[{"embeddable":true,"href":"https:\/\/militares.estrategia.com\/portal\/wp-json\/wp\/v2\/users\/53"}],"replies":[{"embeddable":true,"href":"https:\/\/militares.estrategia.com\/portal\/wp-json\/wp\/v2\/comments?post=56216"}],"version-history":[{"count":3,"href":"https:\/\/militares.estrategia.com\/portal\/wp-json\/wp\/v2\/posts\/56216\/revisions"}],"predecessor-version":[{"id":87298,"href":"https:\/\/militares.estrategia.com\/portal\/wp-json\/wp\/v2\/posts\/56216\/revisions\/87298"}],"wp:featuredmedia":[{"embeddable":true,"href":"https:\/\/militares.estrategia.com\/portal\/wp-json\/wp\/v2\/media\/87299"}],"wp:attachment":[{"href":"https:\/\/militares.estrategia.com\/portal\/wp-json\/wp\/v2\/media?parent=56216"}],"wp:term":[{"taxonomy":"category","embeddable":true,"href":"https:\/\/militares.estrategia.com\/portal\/wp-json\/wp\/v2\/categories?post=56216"},{"taxonomy":"post_tag","embeddable":true,"href":"https:\/\/militares.estrategia.com\/portal\/wp-json\/wp\/v2\/tags?post=56216"},{"taxonomy":"wl_entity_type","embeddable":true,"href":"https:\/\/militares.estrategia.com\/portal\/wp-json\/wp\/v2\/wl_entity_type?post=56216"}],"curies":[{"name":"wp","href":"https:\/\/api.w.org\/{rel}","templated":true}]}}