{"id":56152,"date":"2022-07-01T15:31:16","date_gmt":"2022-07-01T18:31:16","guid":{"rendered":"https:\/\/militares.estrategia.com\/portal\/?p=56152"},"modified":"2025-07-02T11:48:05","modified_gmt":"2025-07-02T14:48:05","slug":"partida-do-primeiro-escalao-da-feb","status":"publish","type":"post","link":"https:\/\/militares.estrategia.com\/portal\/mundo-militar\/datas-comemorativas\/partida-do-primeiro-escalao-da-feb\/","title":{"rendered":"2 de Julho: Partida do Primeiro Escal\u00e3o da FEB"},"content":{"rendered":"\n<p>Os pracinhas, apelido dado aos soldados brasileiros da Segunda Guerra Mundial, <strong>s\u00e3o considerados verdadeiros her\u00f3is nacionais.<\/strong> Isso se deve ao fato deles terem representado o Brasil em um dos <strong>maiores confrontos b\u00e9licos da hist\u00f3ria<\/strong> e, principalmente, pela maneira como atuaram em territ\u00f3rio europeu.&nbsp;<\/p>\n\n\n\n<p>Eles enfrentaram <strong>v\u00e1rias situa\u00e7\u00f5es adversas<\/strong> e, mesmo assim,<strong> sagraram-se vitoriosos em todas as batalhas. <\/strong>O dia 2 de julho marca a data em que a For\u00e7a Expedicion\u00e1ria Brasileira<strong> embarcou no porto do Rio de Janeiro rumo \u00e0 It\u00e1lia.&nbsp;<\/strong><\/p>\n\n\n\n<p>Dada a<strong> import\u00e2ncia desse dia,<\/strong> o Estrat\u00e9gia Militares preparou um artigo que conta como foi esse epis\u00f3dio, al\u00e9m de abordar os <strong>principais pontos da participa\u00e7\u00e3o brasileira na Segunda Guerra Mundial.&nbsp;<\/strong><\/p>\n\n\n\n<div id=\"ez-toc-container\" class=\"ez-toc-v2_0_79_2 counter-hierarchy ez-toc-counter ez-toc-transparent ez-toc-container-direction\">\n<div class=\"ez-toc-title-container\"><p class=\"ez-toc-title\" style=\"cursor:inherit\">Navegue pelo conte\u00fado\t<\/p>\n<\/div><nav><ul class='ez-toc-list ez-toc-list-level-1 ' ><li class='ez-toc-page-1 ez-toc-heading-level-2'><a class=\"ez-toc-link ez-toc-heading-1\" href=\"https:\/\/militares.estrategia.com\/portal\/mundo-militar\/datas-comemorativas\/partida-do-primeiro-escalao-da-feb\/#A-entrada-do-Brasil-na-Guerra-e-a-criacao-da-FEB\" >A entrada do Brasil na Guerra e a cria\u00e7\u00e3o da FEB<\/a><\/li><li class='ez-toc-page-1 ez-toc-heading-level-2'><a class=\"ez-toc-link ez-toc-heading-2\" href=\"https:\/\/militares.estrategia.com\/portal\/mundo-militar\/datas-comemorativas\/partida-do-primeiro-escalao-da-feb\/#A-Partida-do-Primeiro-Escalao-da-FEB\" >A Partida do Primeiro Escal\u00e3o da FEB<\/a><\/li><li class='ez-toc-page-1 ez-toc-heading-level-2'><a class=\"ez-toc-link ez-toc-heading-3\" href=\"https:\/\/militares.estrategia.com\/portal\/mundo-militar\/datas-comemorativas\/partida-do-primeiro-escalao-da-feb\/#Cancao-da-FEB\" >Can\u00e7\u00e3o da FEB<\/a><\/li><\/ul><\/nav><\/div>\n<h2 class=\"wp-block-heading\" id=\"h-a-entrada-do-brasil-na-guerra-e-a-criacao-da-feb\"><span class=\"ez-toc-section\" id=\"A-entrada-do-Brasil-na-Guerra-e-a-criacao-da-FEB\"><\/span>A entrada do Brasil na Guerra e a cria\u00e7\u00e3o da FEB<span class=\"ez-toc-section-end\"><\/span><\/h2>\n\n\n\n<p>Para compreender como se deu a entrada do Brasil na Segunda Guerra Mundial, \u00e9 importante saber qual era a <strong>situa\u00e7\u00e3o do pa\u00eds no momento pr\u00e9-guerra.&nbsp;<\/strong><\/p>\n\n\n\n<p>A Alemanha Nazista era um <strong>grande aliado econ\u00f4mico brasileiro.<\/strong> A parceria mostrava-se fundamental para o objetivo alem\u00e3o de expandir sua influ\u00eancia na Am\u00e9rica Latina.&nbsp;<\/p>\n\n\n\n<p>Al\u00e9m disso, o Estado Nazista se tornou um dos <strong>maiores importadores de caf\u00e9 e algod\u00e3o<\/strong> brasileiro no mundo. Em contrapartida, o Brasil se aproveitava da rela\u00e7\u00e3o <strong>municiando seu ex\u00e9rcito com equipamento alem\u00e3o.<\/strong><\/p>\n\n\n\n<p><strong>Outro grande parceiro econ\u00f4mico brasileiro da \u00e9poca <\/strong>era os Estados Unidos. Al\u00e9m de intensificar sua <strong>influ\u00eancia cultural<\/strong> e econ\u00f4mica no territ\u00f3rio brasileiro, eles firmaram diversos<strong> acordos econ\u00f4micos,<\/strong> como: compra de borracha, constru\u00e7\u00e3o da Companhia Sider\u00fargica Nacional (CSN) em Volta Redonda (RJ), entre outros.&nbsp;<\/p>\n\n\n\n<p>A Segunda Guerra Mundial foi respons\u00e1vel por <strong>colocar os EUA e a Alemanha em lados opostos. <\/strong>Isso levou o Brasil a ter que escolher um entre dois dos seus mais importantes parceiros econ\u00f4micos. Devido \u00e0 forte press\u00e3o, o <strong>Brasil rompeu rela\u00e7\u00f5es diplom\u00e1ticas com o Estado Nazista e se juntou aos EUA.<\/strong><\/p>\n\n\n\n<p><a href=\"https:\/\/militares.estrategia.com\/portal\/materias-e-dicas\/historia\/getulio-vargas\/\" target=\"_blank\" >Get\u00falio Vargas<\/a> declarou a entrada do pa\u00eds no confronto em agosto de 1942, posicionando-se ao lado dos Norte-Americanos, que junto \u00e0 Fran\u00e7a, ao Reino Unido e \u00e0 Uni\u00e3o Sovi\u00e9tica,<strong> eram chamados de Aliados.<\/strong><\/p>\n\n\n\n<h3 class=\"wp-block-heading\" id=\"h-a-forca-expedicionaria-brasileira\">A For\u00e7a Expedicion\u00e1ria Brasileira<\/h3>\n\n\n\n<p>A <a href=\"https:\/\/militares.estrategia.com\/portal\/materias-e-dicas\/historia\/feb\/\" target=\"_blank\" >For\u00e7a Expedicion\u00e1ria Brasileira (FEB)<\/a> foi a tropa composta por militares <strong>das mais diversas Armas, Quadros e Servi\u00e7os,<\/strong> respons\u00e1vel por representar o Brasil na Segunda Guerra Mundial. O militar incumbido de comandar esse efetivo foi o <strong>General Mascarenhas de Morais.<\/strong><\/p>\n\n\n\n<p>Pelo fato das <a href=\"https:\/\/militares.estrategia.com\/portal\/mundo-militar\/forcas-armadas\/quais-sao-as-forcas-armadas\/\" target=\"_blank\" >For\u00e7as Armadas<\/a> da \u00e9poca ainda n\u00e3o serem t\u00e3o desenvolvidas como atualmente, a montagem e a escolha de todo esse<strong> efetivo composto por mais de 25 mil homens e mulheres<\/strong> demorou al\u00e9m do esperado. Isso fez com que algumas <strong>especula\u00e7\u00f5es sobre a n\u00e3o participa\u00e7\u00e3o brasileira na guerra de forma efetiva<\/strong> surgissem.<\/p>\n\n\n\n<h2 class=\"wp-block-heading\" id=\"h-a-partida-do-primeiro-escalao-da-feb\"><span class=\"ez-toc-section\" id=\"A-Partida-do-Primeiro-Escalao-da-FEB\"><\/span>A Partida do Primeiro Escal\u00e3o da FEB<span class=\"ez-toc-section-end\"><\/span><\/h2>\n\n\n\n<p>Na noite do dia 2 de julho de 1944, <strong>a primeira embarca\u00e7\u00e3o, transportando cerca de 5 mil homens, saiu do porto do Rio de Janeiro rumo \u00e0 It\u00e1lia.<\/strong> A import\u00e2ncia dada a esse dia \u00e9 devido ao fato de que ele <strong>representou o ponto de partida do Brasil na Segunda Guerra Mundial, <\/strong>pondo fim \u00e0s especula\u00e7\u00f5es de que a FEB n\u00e3o entraria no confronto.&nbsp;<\/p>\n\n\n<div class=\"wp-block-image\">\n<figure class=\"aligncenter size-full\"><img decoding=\"async\" width=\"960\" height=\"540\" src=\"https:\/\/militares.estrategia.com\/portal\/wp-content\/uploads\/2022\/07\/Apresentacao-sem-titulo-56.jpg\" alt=\"Partida do Primeiro Escal\u00e3o da FEB\" class=\"wp-image-56153\" srcset=\"https:\/\/militares.estrategia.com\/portal\/wp-content\/uploads\/2022\/07\/Apresentacao-sem-titulo-56.jpg 960w, https:\/\/militares.estrategia.com\/portal\/wp-content\/uploads\/2022\/07\/Apresentacao-sem-titulo-56-768x432.webp 768w, https:\/\/militares.estrategia.com\/portal\/wp-content\/uploads\/2022\/07\/Apresentacao-sem-titulo-56-800x450.webp 800w, https:\/\/militares.estrategia.com\/portal\/wp-content\/uploads\/2022\/07\/Apresentacao-sem-titulo-56-150x84.webp 150w\" sizes=\"(max-width: 960px) 100vw, 960px\" \/><figcaption class=\"wp-element-caption\">Visita do Presidente Get\u00falio Vargas aos soldados da FEB momentos antes do embarque para a It\u00e1lia.<\/figcaption><\/figure><\/div>\n\n\n<p>Ap\u00f3s <strong>14 dias de viagem,<\/strong> o navio norte-americano General Mann chegou \u00e0 N\u00e1poles. Logo ap\u00f3s pisarem em territ\u00f3rio europeu, os pracinhas foram incumbidos de <strong>derrotar o Ex\u00e9rcito Nazista que tentava avan\u00e7ar pela It\u00e1lia rumo \u00e0 Fran\u00e7a.<\/strong><\/p>\n\n\n\n<p>A participa\u00e7\u00e3o brasileira se estendeu por cerca de <strong>7 meses,<\/strong> em que batalhas como: a <a href=\"https:\/\/militares.estrategia.com\/portal\/materias-e-dicas\/historia\/batalha-de-montese\/\" target=\"_blank\" >Conquista de Montese<\/a>, a <a href=\"https:\/\/militares.estrategia.com\/portal\/materias-e-dicas\/historia\/conquista-de-fornovo\/\" target=\"_blank\" >Conquista de Fornovo<\/a>, entre outras fizeram do esquadr\u00e3o brasileiro um dos destaques da guerra.&nbsp;<\/p>\n\n\n\n<h2 class=\"wp-block-heading\" id=\"h-cancao-da-feb\"><span class=\"ez-toc-section\" id=\"Cancao-da-FEB\"><\/span>Can\u00e7\u00e3o da FEB<span class=\"ez-toc-section-end\"><\/span><\/h2>\n\n\n\n<pre class=\"wp-block-verse\">Voc\u00ea sabe de onde eu venho ?<br>Venho do morro, do Engenho,<br>Das selvas, dos cafezais,<br>Da boa terra do coco,<br>Da choupana onde um \u00e9 pouco,<br>Dois \u00e9 bom, tr\u00eas \u00e9 demais,<br>Venho das praias sedosas,<br>Das montanhas alterosas,<br>Dos pampas, do seringal,<br>Das margens crespas dos rios,<br>Dos verdes mares bravios<br>Da minha terra natal.<br>Por mais terras que eu percorra,<br>N\u00e3o permita Deus que eu morra<br>Sem que volte para l\u00e1;<br>Sem que leve por divisa<br>Esse \"V\" que simboliza<br>A vit\u00f3ria que vir\u00e1:<br>Nossa vit\u00f3ria final,<br>Que \u00e9 a mira do meu fuzil,<br>A ra\u00e7\u00e3o do meu bornal,<br>A \u00e1gua do meu cantil,<br>As asas do meu ideal,<br>A gl\u00f3ria do meu Brasil.<br>Eu venho da minha terra,<br>Da casa branca da serra<br>E do luar do meu sert\u00e3o;<br>Venho da minha Maria<br>Cujo nome principia<br>Na palma da minha m\u00e3o,<br>Bra\u00e7os mornos de Moema,<br>L\u00e1bios de mel de Iracema<br>Estendidos para mim.<br>\u00d3 minha terra querida<br>Da Senhora Aparecida<br>E do Senhor do Bonfim!<br>Por mais terras que eu percorra,<br>N\u00e3o permita Deus que eu morra<br>Sem que volte para l\u00e1;<br>Sem que leve por divisa<br>Esse \"V\" que simboliza<br>A vit\u00f3ria que vir\u00e1:<br>Nossa vit\u00f3ria final,<br>Que \u00e9 a mira do meu fuzil,<br>A ra\u00e7\u00e3o do meu bornal,<br>A \u00e1gua do meu cantil,<br>As asas do meu ideal,<br>A gl\u00f3ria do meu Brasil.<br>Voc\u00ea sabe de onde eu venho ?<br>E de uma P\u00e1tria que eu tenho<br>No b\u00f4jo do meu viol\u00e3o;<br>Que de viver em meu peito<br>Foi at\u00e9 tomando jeito<br>De um enorme cora\u00e7\u00e3o.<br>Deixei l\u00e1 atr\u00e1s meu terreno,<br>Meu lim\u00e3o, meu limoeiro,<br>Meu p\u00e9 de jacarand\u00e1,<br>Minha casa pequenina<br>L\u00e1 no alto da colina,<br>Onde canta o sabi\u00e1.<br>Por mais terras que eu percorra,<br>N\u00e3o permita Deus que eu morra<br>Sem que volte para l\u00e1;<br>Sem que leve por divisa<br>Esse \"V\" que simboliza<br>A vit\u00f3ria que vir\u00e1:<br>Nossa vit\u00f3ria final,<br>Que \u00e9 a mira do meu fuzil,<br>A ra\u00e7\u00e3o do meu bornal,<br>A \u00e1gua do meu cantil,<br>As asas do meu ideal,<br>A gl\u00f3ria do meu Brasil.<br>Venho do al\u00e9m desse monte<br>Que ainda azula o horizonte,<br>Onde o nosso amor nasceu;<br>Do rancho que tinha ao lado<br>Um coqueiro que, coitado,<br>De saudade j\u00e1 morreu.<br>Venho do verde mais belo,<br>Do mais dourado amarelo,<br>Do azul mais cheio de luz,<br>Cheio de estrelas prateadas<br>Que se ajoelham deslumbradas,<br>Fazendo o sinal da Cruz !<br>Por mais terras que eu percorra,<br>N\u00e3o permita Deus que eu morra<br>Sem que volte para l\u00e1;<br>Sem que leve por divisa<br>Esse \"V\" que simboliza<br>A vit\u00f3ria que vir\u00e1:<br>Nossa vit\u00f3ria final,<br>Que \u00e9 a mira do meu fuzil,<br>A ra\u00e7\u00e3o do meu bornal,<br>A \u00e1gua do meu cantil,<br>As asas do meu ideal,<br>A gl\u00f3ria do meu Brasil.<br><strong>Letra: Guilherme de Almeida<\/strong><\/pre>\n\n\n\n<p>E a\u00ed, guerreiro? Gostou de saber mais sobre a Partida do Primeiro Escal\u00e3o da FEB e a  participa\u00e7\u00e3o brasileira na <a href=\"https:\/\/vestibulares.estrategia.com\/portal\/materias\/historia\/segunda-guerra-mundial\/\" target=\"_blank\" >Segunda Guerra Mundial<\/a>? <strong>Se voc\u00ea curte esse tipo de conte\u00fado<\/strong> e n\u00e3o quer ficar de fora de nenhuma<strong> novidade relacionada relacionado ao mundo militar e a seus concursos,<\/strong> inscreva-se em nossa newsletter!<\/p>\n\n\n<div id=\"new-form\">\n\t<form id=\"forms_layout\">\n\t<input type=\"hidden\" id=\"chave_de\" name=\"chave_de\" value=\"01_EMIL_LEADS_TOTAIS\" \/>\n\t\t<input type=\"hidden\" id=\"mid\" name=\"mid\" value=\"515009017\" \/>\n\t\t<input type=\"hidden\" id=\"Objetivo\" name=\"Objetivo\" value=\"Militares\" \/>\n\t\t<input type=\"hidden\" id=\"Estado_de_Origem_do_IP\" name=\"Estado_de_Origem_do_IP\"  value=\"\" \/>\n\t\t<input type=\"hidden\" id=\"Cidade_de_Origem_do_IP\" name=\"Cidade_de_Origem_do_IP\" value=\"\" \/>\n\t\t<input type=\"hidden\" id=\"Modo_de_entrada\" name=\"Modo_de_entrada\" value=\"Portal\" \/>\n\t\t<input type=\"hidden\" id=\"Pagina_Origem\" name=\"Pagina_Origem\" value=\"\" \/>\n\n\t\t<div class=\"texto\">\n\t\t\t<h3 class=\"news\">Inscreva-se em nossa newsletter!<\/h3>\n\t\t\t<p>Receba not\u00edcias sobre os mais importantes concursos para as For\u00e7as Armadas brasileiras e informa\u00e7\u00f5es sobre o mundo militar!<\/p>\n\t\t<\/div>\n\t\t<div class=\"campos\">\n\t\t\t<div class=\"first_name labels\">\n\t\t\t\t<input type=\"text\" class=\"input_labels\" id=\"first_name\" name=\"Nome_Completo\" placeholder=\"Nome\" required \/>\n\t\t\t<\/div>\n\t\t\t<div class=\"email labels\">\n\t\t\t\t<input type=\"email\" class=\"input_labels\" id=\"email\" name=\"Email\" placeholder=\"E-mail\" required \/>\n\t\t\t<\/div>\n\t\t\t<button type=\"submit\" class=\"button_layout\">\n\t\t\t\t<div id=\"lblBotao\">Inscreva-se<\/div>\n\t\t\t\t<span id=\"divSpiner\" class=\"loader\" role=\"status\" style=\"display: none;\"><\/span>\t\n\t\t\t<\/button>\n\t\t<\/div><!-- \/campos -->\n\t\t\n\t\t<label class=\"container_checkbox\">Voc\u00ea concorda com a nossa\n\t\t\t<a class=\"politics_privacy_ahref\" target=\"_blank\" href=\"https:\/\/gratis.estrategiaconcursos.com.br\/politica-de-privacidade\/\">Pol\u00edtica de Privacidade<\/a> e aceita receber informa\u00e7\u00f5es adicionais do Estrat\u00e9gia Educacional.\n\t\t\t<input id=\"checkbox_layout\" type=\"checkbox\" checked=\"checked\" required \/>\n\t\t\t<span class=\"checkbox\"><\/span>\n\t\t<\/label>\n\t\t<div id=\"msg\"><\/div>\n\t\t<div id=\"error\" class=\"error\">\n\t\t<\/div>\n\t<\/form>\n<\/div><!-- \/new-form -->\n\n\n\n<p>Caso seu sonho seja se tornar militar de carreira do <a href=\"https:\/\/militares.estrategia.com\/portal\/mundo-militar\/forcas-armadas\/exercito-brasileiro\/\" target=\"_blank\" >Ex\u00e9rcito Brasileiro<\/a>, conte com o Estrat\u00e9gia Militares na <strong>sua jornada rumo \u00e0 classifica\u00e7\u00e3o nos concursos da For\u00e7a.<\/strong> Clique no banner abaixo e conhe\u00e7a nossos cursos. Vem ser Coruja!<\/p>\n\n\n\n<p><strong><a id=\"cta\" class=\"cta-imagem\" href=\"https:\/\/militares.estrategia.com\/cursos\/exercito\/?id=71495cc2-214d-4625-b8dd-8a87e2131e6b&name=Ex%C3%A9rcito\" target=\"blank\">\n                <img decoding=\"async\" width=\"100%\" src=\"https:\/\/militares.estrategia.com\/portal\/wp-content\/uploads\/2023\/02\/EM-Banco-de-Questoes.jpg\" alt=\"EM - Banco de Questo\u0303es\" title=\"EM - Banco de Questo\u0303es\">\n        <\/a><\/strong><\/p>\n\n\n","protected":false},"excerpt":{"rendered":"Os pracinhas, apelido dado aos soldados brasileiros da Segunda Guerra Mundial, s\u00e3o considerados verdadeiros her\u00f3is nacionais. Isso se&hellip;\n","protected":false},"author":53,"featured_media":41187,"comment_status":"closed","ping_status":"closed","sticky":false,"template":"","format":"standard","meta":{"wl_entities_gutenberg":"","footnotes":""},"categories":[306],"tags":[],"wl_entity_type":[187],"class_list":{"0":"post-56152","1":"post","2":"type-post","3":"status-publish","4":"format-standard","5":"has-post-thumbnail","7":"category-datas-comemorativas","8":"wl_entity_type-article"},"acf":[],"yoast_head":"<!-- This site is optimized with the Yoast SEO Premium plugin v26.6 (Yoast SEO v26.6) - https:\/\/yoast.com\/wordpress\/plugins\/seo\/ -->\n<title>2 de Julho: Partida do Primeiro Escal\u00e3o da FEB - Estrat\u00e9gia Militares<\/title>\n<meta name=\"description\" content=\"Saiba mais sobre como foi a Partida do Primeiro Escal\u00e3o da FEB rumo \u00e0 It\u00e1lia, epis\u00f3dio marcante na participa\u00e7\u00e3o brasileira na Segunda Guerra!\" \/>\n<meta name=\"robots\" content=\"index, follow, max-snippet:-1, max-image-preview:large, max-video-preview:-1\" \/>\n<link rel=\"canonical\" href=\"https:\/\/militares.estrategia.com\/portal\/mundo-militar\/datas-comemorativas\/partida-do-primeiro-escalao-da-feb\/\" \/>\n<meta property=\"og:locale\" content=\"pt_BR\" \/>\n<meta property=\"og:type\" content=\"article\" \/>\n<meta property=\"og:title\" content=\"2 de Julho: Partida do Primeiro Escal\u00e3o da FEB\" \/>\n<meta property=\"og:description\" content=\"Saiba mais sobre como foi a Partida do Primeiro Escal\u00e3o da FEB rumo \u00e0 It\u00e1lia, epis\u00f3dio marcante na participa\u00e7\u00e3o brasileira na Segunda Guerra!\" \/>\n<meta property=\"og:url\" content=\"https:\/\/militares.estrategia.com\/portal\/mundo-militar\/datas-comemorativas\/partida-do-primeiro-escalao-da-feb\/\" \/>\n<meta property=\"og:site_name\" content=\"Estrat\u00e9gia Militares\" \/>\n<meta property=\"article:publisher\" content=\"https:\/\/www.facebook.com\/EstrategiaMilitares\" \/>\n<meta property=\"article:published_time\" content=\"2022-07-01T18:31:16+00:00\" \/>\n<meta property=\"article:modified_time\" content=\"2025-07-02T14:48:05+00:00\" \/>\n<meta property=\"og:image\" content=\"https:\/\/militares.estrategia.com\/portal\/wp-content\/uploads\/2020\/11\/cadetes-do-exercito-concurso-especx.jpg\" \/>\n\t<meta property=\"og:image:width\" content=\"1600\" \/>\n\t<meta property=\"og:image:height\" content=\"1065\" \/>\n\t<meta property=\"og:image:type\" content=\"image\/jpeg\" \/>\n<meta name=\"author\" content=\"Lucas Gon\u00e7alves\" \/>\n<meta name=\"twitter:card\" content=\"summary_large_image\" \/>\n<meta name=\"twitter:creator\" content=\"@estrategiamilit\" \/>\n<meta name=\"twitter:site\" content=\"@estrategiamilit\" \/>\n<meta name=\"twitter:label1\" content=\"Escrito por\" \/>\n\t<meta name=\"twitter:data1\" content=\"Lucas Gon\u00e7alves\" \/>\n\t<meta name=\"twitter:label2\" content=\"Est. tempo de leitura\" \/>\n\t<meta name=\"twitter:data2\" content=\"7 minutos\" \/>\n<script type=\"application\/ld+json\" class=\"yoast-schema-graph\">{\"@context\":\"https:\/\/schema.org\",\"@graph\":[{\"@type\":\"Article\",\"@id\":\"https:\/\/militares.estrategia.com\/portal\/mundo-militar\/datas-comemorativas\/partida-do-primeiro-escalao-da-feb\/#article\",\"isPartOf\":{\"@id\":\"https:\/\/militares.estrategia.com\/portal\/mundo-militar\/datas-comemorativas\/partida-do-primeiro-escalao-da-feb\/\"},\"author\":{\"name\":\"Lucas Gon\u00e7alves\",\"@id\":\"https:\/\/militares.estrategia.com\/portal\/#\/schema\/person\/566b15d6f51f32043ba353771e7ee88a\"},\"headline\":\"2 de Julho: Partida do Primeiro Escal\u00e3o da FEB\",\"datePublished\":\"2022-07-01T18:31:16+00:00\",\"dateModified\":\"2025-07-02T14:48:05+00:00\",\"mainEntityOfPage\":{\"@id\":\"https:\/\/militares.estrategia.com\/portal\/mundo-militar\/datas-comemorativas\/partida-do-primeiro-escalao-da-feb\/\"},\"wordCount\":762,\"publisher\":{\"@id\":\"https:\/\/militares.estrategia.com\/portal\/#organization\"},\"image\":{\"@id\":\"https:\/\/militares.estrategia.com\/portal\/mundo-militar\/datas-comemorativas\/partida-do-primeiro-escalao-da-feb\/#primaryimage\"},\"thumbnailUrl\":\"https:\/\/militares.estrategia.com\/portal\/wp-content\/uploads\/2020\/11\/cadetes-do-exercito-concurso-especx.jpg\",\"articleSection\":[\"Datas Comemorativas\"],\"inLanguage\":\"pt-BR\"},{\"@type\":\"WebPage\",\"@id\":\"https:\/\/militares.estrategia.com\/portal\/mundo-militar\/datas-comemorativas\/partida-do-primeiro-escalao-da-feb\/\",\"url\":\"https:\/\/militares.estrategia.com\/portal\/mundo-militar\/datas-comemorativas\/partida-do-primeiro-escalao-da-feb\/\",\"name\":\"2 de Julho: Partida do Primeiro Escal\u00e3o da FEB - Estrat\u00e9gia Militares\",\"isPartOf\":{\"@id\":\"https:\/\/militares.estrategia.com\/portal\/#website\"},\"primaryImageOfPage\":{\"@id\":\"https:\/\/militares.estrategia.com\/portal\/mundo-militar\/datas-comemorativas\/partida-do-primeiro-escalao-da-feb\/#primaryimage\"},\"image\":{\"@id\":\"https:\/\/militares.estrategia.com\/portal\/mundo-militar\/datas-comemorativas\/partida-do-primeiro-escalao-da-feb\/#primaryimage\"},\"thumbnailUrl\":\"https:\/\/militares.estrategia.com\/portal\/wp-content\/uploads\/2020\/11\/cadetes-do-exercito-concurso-especx.jpg\",\"datePublished\":\"2022-07-01T18:31:16+00:00\",\"dateModified\":\"2025-07-02T14:48:05+00:00\",\"description\":\"Saiba mais sobre como foi a Partida do Primeiro Escal\u00e3o da FEB rumo \u00e0 It\u00e1lia, epis\u00f3dio marcante na participa\u00e7\u00e3o brasileira na Segunda Guerra!\",\"breadcrumb\":{\"@id\":\"https:\/\/militares.estrategia.com\/portal\/mundo-militar\/datas-comemorativas\/partida-do-primeiro-escalao-da-feb\/#breadcrumb\"},\"inLanguage\":\"pt-BR\",\"potentialAction\":[{\"@type\":\"ReadAction\",\"target\":[\"https:\/\/militares.estrategia.com\/portal\/mundo-militar\/datas-comemorativas\/partida-do-primeiro-escalao-da-feb\/\"]}]},{\"@type\":\"ImageObject\",\"inLanguage\":\"pt-BR\",\"@id\":\"https:\/\/militares.estrategia.com\/portal\/mundo-militar\/datas-comemorativas\/partida-do-primeiro-escalao-da-feb\/#primaryimage\",\"url\":\"https:\/\/militares.estrategia.com\/portal\/wp-content\/uploads\/2020\/11\/cadetes-do-exercito-concurso-especx.jpg\",\"contentUrl\":\"https:\/\/militares.estrategia.com\/portal\/wp-content\/uploads\/2020\/11\/cadetes-do-exercito-concurso-especx.jpg\",\"width\":1600,\"height\":1065},{\"@type\":\"BreadcrumbList\",\"@id\":\"https:\/\/militares.estrategia.com\/portal\/mundo-militar\/datas-comemorativas\/partida-do-primeiro-escalao-da-feb\/#breadcrumb\",\"itemListElement\":[{\"@type\":\"ListItem\",\"position\":1,\"name\":\"Home\",\"item\":\"https:\/\/militares.estrategia.com\/portal\/\"},{\"@type\":\"ListItem\",\"position\":2,\"name\":\"Mundo Militar\",\"item\":\"https:\/\/militares.estrategia.com\/portal\/mundo-militar\/\"},{\"@type\":\"ListItem\",\"position\":3,\"name\":\"Datas Comemorativas\",\"item\":\"https:\/\/militares.estrategia.com\/portal\/mundo-militar\/datas-comemorativas\/\"},{\"@type\":\"ListItem\",\"position\":4,\"name\":\"2 de Julho: Partida do Primeiro Escal\u00e3o da FEB\"}]},{\"@type\":\"WebSite\",\"@id\":\"https:\/\/militares.estrategia.com\/portal\/#website\",\"url\":\"https:\/\/militares.estrategia.com\/portal\/\",\"name\":\"Estrat\u00e9gia Militares\",\"description\":\"\",\"publisher\":{\"@id\":\"https:\/\/militares.estrategia.com\/portal\/#organization\"},\"potentialAction\":[{\"@type\":\"SearchAction\",\"target\":{\"@type\":\"EntryPoint\",\"urlTemplate\":\"https:\/\/militares.estrategia.com\/portal\/?s={search_term_string}\"},\"query-input\":{\"@type\":\"PropertyValueSpecification\",\"valueRequired\":true,\"valueName\":\"search_term_string\"}}],\"inLanguage\":\"pt-BR\"},{\"@type\":\"Organization\",\"@id\":\"https:\/\/militares.estrategia.com\/portal\/#organization\",\"name\":\"Estrat\u00e9gia Militares\",\"url\":\"https:\/\/militares.estrategia.com\/portal\/\",\"logo\":{\"@type\":\"ImageObject\",\"inLanguage\":\"pt-BR\",\"@id\":\"https:\/\/militares.estrategia.com\/portal\/#\/schema\/logo\/image\/\",\"url\":\"https:\/\/militares.estrategia.com\/portal\/wp-content\/uploads\/2021\/10\/logo-militares.webp\",\"contentUrl\":\"https:\/\/militares.estrategia.com\/portal\/wp-content\/uploads\/2021\/10\/logo-militares.webp\",\"width\":346,\"height\":90,\"caption\":\"Estrat\u00e9gia Militares\"},\"image\":{\"@id\":\"https:\/\/militares.estrategia.com\/portal\/#\/schema\/logo\/image\/\"},\"sameAs\":[\"https:\/\/www.facebook.com\/EstrategiaMilitares\",\"https:\/\/x.com\/estrategiamilit\",\"https:\/\/www.instagram.com\/estrategiamilitares\/\",\"https:\/\/www.youtube.com\/channel\/UCRG_9hakCqXxnj_8TqCdgTA\"]},{\"@type\":\"Person\",\"@id\":\"https:\/\/militares.estrategia.com\/portal\/#\/schema\/person\/566b15d6f51f32043ba353771e7ee88a\",\"name\":\"Lucas Gon\u00e7alves\",\"image\":{\"@type\":\"ImageObject\",\"inLanguage\":\"pt-BR\",\"@id\":\"https:\/\/militares.estrategia.com\/portal\/#\/schema\/person\/image\/\",\"url\":\"https:\/\/militares.estrategia.com\/portal\/wp-content\/uploads\/2021\/08\/WhatsApp-Image-2023-04-28-at-13.20.17-150x150.jpeg\",\"contentUrl\":\"https:\/\/militares.estrategia.com\/portal\/wp-content\/uploads\/2021\/08\/WhatsApp-Image-2023-04-28-at-13.20.17-150x150.jpeg\",\"caption\":\"Lucas Gon\u00e7alves\"},\"description\":\"Lucas \u00e9 um apaixonado pelo mundo dos concursos e pela carreira militar. Amante e praticante do futebol nas horas vagas.\",\"url\":\"https:\/\/militares.estrategia.com\/portal\/author\/lucas-goncalves\/\"}]}<\/script>\n<!-- \/ Yoast SEO Premium plugin. -->","yoast_head_json":{"title":"2 de Julho: Partida do Primeiro Escal\u00e3o da FEB - Estrat\u00e9gia Militares","description":"Saiba mais sobre como foi a Partida do Primeiro Escal\u00e3o da FEB rumo \u00e0 It\u00e1lia, epis\u00f3dio marcante na participa\u00e7\u00e3o brasileira na Segunda Guerra!","robots":{"index":"index","follow":"follow","max-snippet":"max-snippet:-1","max-image-preview":"max-image-preview:large","max-video-preview":"max-video-preview:-1"},"canonical":"https:\/\/militares.estrategia.com\/portal\/mundo-militar\/datas-comemorativas\/partida-do-primeiro-escalao-da-feb\/","og_locale":"pt_BR","og_type":"article","og_title":"2 de Julho: Partida do Primeiro Escal\u00e3o da FEB","og_description":"Saiba mais sobre como foi a Partida do Primeiro Escal\u00e3o da FEB rumo \u00e0 It\u00e1lia, epis\u00f3dio marcante na participa\u00e7\u00e3o brasileira na Segunda Guerra!","og_url":"https:\/\/militares.estrategia.com\/portal\/mundo-militar\/datas-comemorativas\/partida-do-primeiro-escalao-da-feb\/","og_site_name":"Estrat\u00e9gia Militares","article_publisher":"https:\/\/www.facebook.com\/EstrategiaMilitares","article_published_time":"2022-07-01T18:31:16+00:00","article_modified_time":"2025-07-02T14:48:05+00:00","og_image":[{"width":1600,"height":1065,"url":"https:\/\/militares.estrategia.com\/portal\/wp-content\/uploads\/2020\/11\/cadetes-do-exercito-concurso-especx.jpg","type":"image\/jpeg"}],"author":"Lucas Gon\u00e7alves","twitter_card":"summary_large_image","twitter_creator":"@estrategiamilit","twitter_site":"@estrategiamilit","twitter_misc":{"Escrito por":"Lucas Gon\u00e7alves","Est. tempo de leitura":"7 minutos"},"schema":{"@context":"https:\/\/schema.org","@graph":[{"@type":"Article","@id":"https:\/\/militares.estrategia.com\/portal\/mundo-militar\/datas-comemorativas\/partida-do-primeiro-escalao-da-feb\/#article","isPartOf":{"@id":"https:\/\/militares.estrategia.com\/portal\/mundo-militar\/datas-comemorativas\/partida-do-primeiro-escalao-da-feb\/"},"author":{"name":"Lucas Gon\u00e7alves","@id":"https:\/\/militares.estrategia.com\/portal\/#\/schema\/person\/566b15d6f51f32043ba353771e7ee88a"},"headline":"2 de Julho: Partida do Primeiro Escal\u00e3o da FEB","datePublished":"2022-07-01T18:31:16+00:00","dateModified":"2025-07-02T14:48:05+00:00","mainEntityOfPage":{"@id":"https:\/\/militares.estrategia.com\/portal\/mundo-militar\/datas-comemorativas\/partida-do-primeiro-escalao-da-feb\/"},"wordCount":762,"publisher":{"@id":"https:\/\/militares.estrategia.com\/portal\/#organization"},"image":{"@id":"https:\/\/militares.estrategia.com\/portal\/mundo-militar\/datas-comemorativas\/partida-do-primeiro-escalao-da-feb\/#primaryimage"},"thumbnailUrl":"https:\/\/militares.estrategia.com\/portal\/wp-content\/uploads\/2020\/11\/cadetes-do-exercito-concurso-especx.jpg","articleSection":["Datas Comemorativas"],"inLanguage":"pt-BR"},{"@type":"WebPage","@id":"https:\/\/militares.estrategia.com\/portal\/mundo-militar\/datas-comemorativas\/partida-do-primeiro-escalao-da-feb\/","url":"https:\/\/militares.estrategia.com\/portal\/mundo-militar\/datas-comemorativas\/partida-do-primeiro-escalao-da-feb\/","name":"2 de Julho: Partida do Primeiro Escal\u00e3o da FEB - Estrat\u00e9gia Militares","isPartOf":{"@id":"https:\/\/militares.estrategia.com\/portal\/#website"},"primaryImageOfPage":{"@id":"https:\/\/militares.estrategia.com\/portal\/mundo-militar\/datas-comemorativas\/partida-do-primeiro-escalao-da-feb\/#primaryimage"},"image":{"@id":"https:\/\/militares.estrategia.com\/portal\/mundo-militar\/datas-comemorativas\/partida-do-primeiro-escalao-da-feb\/#primaryimage"},"thumbnailUrl":"https:\/\/militares.estrategia.com\/portal\/wp-content\/uploads\/2020\/11\/cadetes-do-exercito-concurso-especx.jpg","datePublished":"2022-07-01T18:31:16+00:00","dateModified":"2025-07-02T14:48:05+00:00","description":"Saiba mais sobre como foi a Partida do Primeiro Escal\u00e3o da FEB rumo \u00e0 It\u00e1lia, epis\u00f3dio marcante na participa\u00e7\u00e3o brasileira na Segunda Guerra!","breadcrumb":{"@id":"https:\/\/militares.estrategia.com\/portal\/mundo-militar\/datas-comemorativas\/partida-do-primeiro-escalao-da-feb\/#breadcrumb"},"inLanguage":"pt-BR","potentialAction":[{"@type":"ReadAction","target":["https:\/\/militares.estrategia.com\/portal\/mundo-militar\/datas-comemorativas\/partida-do-primeiro-escalao-da-feb\/"]}]},{"@type":"ImageObject","inLanguage":"pt-BR","@id":"https:\/\/militares.estrategia.com\/portal\/mundo-militar\/datas-comemorativas\/partida-do-primeiro-escalao-da-feb\/#primaryimage","url":"https:\/\/militares.estrategia.com\/portal\/wp-content\/uploads\/2020\/11\/cadetes-do-exercito-concurso-especx.jpg","contentUrl":"https:\/\/militares.estrategia.com\/portal\/wp-content\/uploads\/2020\/11\/cadetes-do-exercito-concurso-especx.jpg","width":1600,"height":1065},{"@type":"BreadcrumbList","@id":"https:\/\/militares.estrategia.com\/portal\/mundo-militar\/datas-comemorativas\/partida-do-primeiro-escalao-da-feb\/#breadcrumb","itemListElement":[{"@type":"ListItem","position":1,"name":"Home","item":"https:\/\/militares.estrategia.com\/portal\/"},{"@type":"ListItem","position":2,"name":"Mundo Militar","item":"https:\/\/militares.estrategia.com\/portal\/mundo-militar\/"},{"@type":"ListItem","position":3,"name":"Datas Comemorativas","item":"https:\/\/militares.estrategia.com\/portal\/mundo-militar\/datas-comemorativas\/"},{"@type":"ListItem","position":4,"name":"2 de Julho: Partida do Primeiro Escal\u00e3o da FEB"}]},{"@type":"WebSite","@id":"https:\/\/militares.estrategia.com\/portal\/#website","url":"https:\/\/militares.estrategia.com\/portal\/","name":"Estrat\u00e9gia Militares","description":"","publisher":{"@id":"https:\/\/militares.estrategia.com\/portal\/#organization"},"potentialAction":[{"@type":"SearchAction","target":{"@type":"EntryPoint","urlTemplate":"https:\/\/militares.estrategia.com\/portal\/?s={search_term_string}"},"query-input":{"@type":"PropertyValueSpecification","valueRequired":true,"valueName":"search_term_string"}}],"inLanguage":"pt-BR"},{"@type":"Organization","@id":"https:\/\/militares.estrategia.com\/portal\/#organization","name":"Estrat\u00e9gia Militares","url":"https:\/\/militares.estrategia.com\/portal\/","logo":{"@type":"ImageObject","inLanguage":"pt-BR","@id":"https:\/\/militares.estrategia.com\/portal\/#\/schema\/logo\/image\/","url":"https:\/\/militares.estrategia.com\/portal\/wp-content\/uploads\/2021\/10\/logo-militares.webp","contentUrl":"https:\/\/militares.estrategia.com\/portal\/wp-content\/uploads\/2021\/10\/logo-militares.webp","width":346,"height":90,"caption":"Estrat\u00e9gia Militares"},"image":{"@id":"https:\/\/militares.estrategia.com\/portal\/#\/schema\/logo\/image\/"},"sameAs":["https:\/\/www.facebook.com\/EstrategiaMilitares","https:\/\/x.com\/estrategiamilit","https:\/\/www.instagram.com\/estrategiamilitares\/","https:\/\/www.youtube.com\/channel\/UCRG_9hakCqXxnj_8TqCdgTA"]},{"@type":"Person","@id":"https:\/\/militares.estrategia.com\/portal\/#\/schema\/person\/566b15d6f51f32043ba353771e7ee88a","name":"Lucas Gon\u00e7alves","image":{"@type":"ImageObject","inLanguage":"pt-BR","@id":"https:\/\/militares.estrategia.com\/portal\/#\/schema\/person\/image\/","url":"https:\/\/militares.estrategia.com\/portal\/wp-content\/uploads\/2021\/08\/WhatsApp-Image-2023-04-28-at-13.20.17-150x150.jpeg","contentUrl":"https:\/\/militares.estrategia.com\/portal\/wp-content\/uploads\/2021\/08\/WhatsApp-Image-2023-04-28-at-13.20.17-150x150.jpeg","caption":"Lucas Gon\u00e7alves"},"description":"Lucas \u00e9 um apaixonado pelo mundo dos concursos e pela carreira militar. Amante e praticante do futebol nas horas vagas.","url":"https:\/\/militares.estrategia.com\/portal\/author\/lucas-goncalves\/"}]}},"_wl_alt_label":[],"wl:entity_url":"https:\/\/data.wordlift.io\/wl110246\/post\/2-de-julho-partida-do-primeiro-escalao-da-feb-56152","_links":{"self":[{"href":"https:\/\/militares.estrategia.com\/portal\/wp-json\/wp\/v2\/posts\/56152","targetHints":{"allow":["GET"]}}],"collection":[{"href":"https:\/\/militares.estrategia.com\/portal\/wp-json\/wp\/v2\/posts"}],"about":[{"href":"https:\/\/militares.estrategia.com\/portal\/wp-json\/wp\/v2\/types\/post"}],"author":[{"embeddable":true,"href":"https:\/\/militares.estrategia.com\/portal\/wp-json\/wp\/v2\/users\/53"}],"replies":[{"embeddable":true,"href":"https:\/\/militares.estrategia.com\/portal\/wp-json\/wp\/v2\/comments?post=56152"}],"version-history":[{"count":4,"href":"https:\/\/militares.estrategia.com\/portal\/wp-json\/wp\/v2\/posts\/56152\/revisions"}],"predecessor-version":[{"id":87045,"href":"https:\/\/militares.estrategia.com\/portal\/wp-json\/wp\/v2\/posts\/56152\/revisions\/87045"}],"wp:featuredmedia":[{"embeddable":true,"href":"https:\/\/militares.estrategia.com\/portal\/wp-json\/wp\/v2\/media\/41187"}],"wp:attachment":[{"href":"https:\/\/militares.estrategia.com\/portal\/wp-json\/wp\/v2\/media?parent=56152"}],"wp:term":[{"taxonomy":"category","embeddable":true,"href":"https:\/\/militares.estrategia.com\/portal\/wp-json\/wp\/v2\/categories?post=56152"},{"taxonomy":"post_tag","embeddable":true,"href":"https:\/\/militares.estrategia.com\/portal\/wp-json\/wp\/v2\/tags?post=56152"},{"taxonomy":"wl_entity_type","embeddable":true,"href":"https:\/\/militares.estrategia.com\/portal\/wp-json\/wp\/v2\/wl_entity_type?post=56152"}],"curies":[{"name":"wp","href":"https:\/\/api.w.org\/{rel}","templated":true}]}}