{"id":55205,"date":"2022-06-07T15:31:05","date_gmt":"2022-06-07T18:31:05","guid":{"rendered":"https:\/\/militares.estrategia.com\/portal\/?p=55205"},"modified":"2022-11-10T16:51:54","modified_gmt":"2022-11-10T19:51:54","slug":"gabarito-eam-2023","status":"publish","type":"post","link":"https:\/\/militares.estrategia.com\/portal\/eventos\/gabaritos\/gabarito-eam-2023\/","title":{"rendered":"Gabarito EAM 2023: confira a corre\u00e7\u00e3o ao vivo e baixe as provas!"},"content":{"rendered":"\n<p><strong>A primeira fase do processo seletivo para ingresso na Escola de Aprendizes-Marinheiros (EAM) aconteceu no dia 5 de junho<\/strong>, com dura\u00e7\u00e3o de 4 horas. <strong>O gabarito e as provas foram liberados pela Marinha do Brasil na ter\u00e7a-feira, dia 07 de junho.<\/strong><\/p>\n\n\n\n<p><strong>O Estrat\u00e9gia Militares fez a corre\u00e7\u00e3o do gabarito EAM 2023 ao vivo, \u00e0s 15h30 do mesmo dia!<\/strong> O evento foi transmitido no nosso canal do YouTube. O time de professores do Estrat\u00e9gia Militares fez a corre\u00e7\u00e3o ao vivo de todas as quest\u00f5es da prova. <\/p>\n\n\n\n<p>O <strong>Gabarito Final da Prova EAM 20223 foi divulgado no dia 23 de junho<\/strong> e voc\u00ea tamb\u00e9m pode encontr\u00e1-lo aqui! <\/p>\n\n\n<div id=\"new-form\">\n\t<form id=\"forms_layout\">\n\t<input type=\"hidden\" id=\"chave_de\" name=\"chave_de\" value=\"01_EMIL_LEADS_TOTAIS\" \/>\n\t\t<input type=\"hidden\" id=\"mid\" name=\"mid\" value=\"515009017\" \/>\n\t\t<input type=\"hidden\" id=\"Objetivo\" name=\"Objetivo\" value=\"Militares\" \/>\n\t\t<input type=\"hidden\" id=\"Estado_de_Origem_do_IP\" name=\"Estado_de_Origem_do_IP\"  value=\"\" \/>\n\t\t<input type=\"hidden\" id=\"Cidade_de_Origem_do_IP\" name=\"Cidade_de_Origem_do_IP\" value=\"\" \/>\n\t\t<input type=\"hidden\" id=\"Modo_de_entrada\" name=\"Modo_de_entrada\" value=\"Portal\" \/>\n\t\t<input type=\"hidden\" id=\"Pagina_Origem\" name=\"Pagina_Origem\" value=\"\" \/>\n\n\t\t<div class=\"texto\">\n\t\t\t<h3 class=\"news\">Inscreva-se em nossa newsletter!<\/h3>\n\t\t\t<p>Receba not\u00edcias sobre os mais importantes concursos para as For\u00e7as Armadas brasileiras e informa\u00e7\u00f5es sobre o mundo militar!<\/p>\n\t\t<\/div>\n\t\t<div class=\"campos\">\n\t\t\t<div class=\"first_name labels\">\n\t\t\t\t<input type=\"text\" class=\"input_labels\" id=\"first_name\" name=\"Nome_Completo\" placeholder=\"Nome\" required \/>\n\t\t\t<\/div>\n\t\t\t<div class=\"email labels\">\n\t\t\t\t<input type=\"email\" class=\"input_labels\" id=\"email\" name=\"Email\" placeholder=\"E-mail\" required \/>\n\t\t\t<\/div>\n\t\t\t<button type=\"submit\" class=\"button_layout\">\n\t\t\t\t<div id=\"lblBotao\">Inscreva-se<\/div>\n\t\t\t\t<span id=\"divSpiner\" class=\"loader\" role=\"status\" style=\"display: none;\"><\/span>\t\n\t\t\t<\/button>\n\t\t<\/div><!-- \/campos -->\n\t\t\n\t\t<label class=\"container_checkbox\">Voc\u00ea concorda com a nossa\n\t\t\t<a class=\"politics_privacy_ahref\" target=\"_blank\" href=\"https:\/\/gratis.estrategiaconcursos.com.br\/politica-de-privacidade\/\">Pol\u00edtica de Privacidade<\/a> e aceita receber informa\u00e7\u00f5es adicionais do Estrat\u00e9gia Educacional.\n\t\t\t<input id=\"checkbox_layout\" type=\"checkbox\" checked=\"checked\" required \/>\n\t\t\t<span class=\"checkbox\"><\/span>\n\t\t<\/label>\n\t\t<div id=\"msg\"><\/div>\n\t\t<div id=\"error\" class=\"error\">\n\t\t<\/div>\n\t<\/form>\n<\/div><!-- \/new-form -->\n\n\n\n<div id=\"ez-toc-container\" class=\"ez-toc-v2_0_79_2 counter-hierarchy ez-toc-counter ez-toc-transparent ez-toc-container-direction\">\n<div class=\"ez-toc-title-container\"><p class=\"ez-toc-title\" style=\"cursor:inherit\">Navegue pelo conte\u00fado\t<\/p>\n<\/div><nav><ul class='ez-toc-list ez-toc-list-level-1 ' ><li class='ez-toc-page-1 ez-toc-heading-level-2'><a class=\"ez-toc-link ez-toc-heading-1\" href=\"https:\/\/militares.estrategia.com\/portal\/eventos\/gabaritos\/gabarito-eam-2023\/#Gabarito-EAM-2023\" >Gabarito EAM 2023<\/a><\/li><li class='ez-toc-page-1 ez-toc-heading-level-2'><a class=\"ez-toc-link ez-toc-heading-2\" href=\"https:\/\/militares.estrategia.com\/portal\/eventos\/gabaritos\/gabarito-eam-2023\/#Gabarito-Ao-Vivo\" >Gabarito Ao Vivo<\/a><\/li><li class='ez-toc-page-1 ez-toc-heading-level-2'><a class=\"ez-toc-link ez-toc-heading-3\" href=\"https:\/\/militares.estrategia.com\/portal\/eventos\/gabaritos\/gabarito-eam-2023\/#Formato-da-prova-EAM-2023\" >Formato da prova EAM 2023<\/a><\/li><li class='ez-toc-page-1 ez-toc-heading-level-2'><a class=\"ez-toc-link ez-toc-heading-4\" href=\"https:\/\/militares.estrategia.com\/portal\/eventos\/gabaritos\/gabarito-eam-2023\/#Proximas-fases-do-Concurso-EAM-2023\" >Pr\u00f3ximas fases do Concurso EAM 2023<\/a><\/li><\/ul><\/nav><\/div>\n<h2 class=\"wp-block-heading\" id=\"h-gabarito-eam-2023\"><span class=\"ez-toc-section\" id=\"Gabarito-EAM-2023\"><\/span><strong>Gabarito EAM 2023<\/strong><span class=\"ez-toc-section-end\"><\/span><\/h2>\n\n\n\n<p>Clique nos bot\u00f5es abaixo para fazer o <strong>download das provas e do gabarito final oficial<\/strong> da Marinha do Brasil. <\/p>\n\n\n\n<div class=\"wp-block-buttons is-content-justification-center is-layout-flex wp-block-buttons-is-layout-flex\">\n<div class=\"wp-block-button is-style-outline is-style-outline--1\"><a class=\"wp-block-button__link has-vivid-green-cyan-background-color has-background\" href=\"https:\/\/militares.estrategia.com\/portal\/wp-content\/uploads\/2022\/06\/PORTUGUES-MATEMATICA-CIENCIAS-INGLES-AMARELA.pdf\" style=\"border-radius:50px\" target=\"_blank\" >Prova Amarela<\/a><\/div>\n\n\n\n<div class=\"wp-block-button is-style-outline is-style-outline--2\"><a class=\"wp-block-button__link has-vivid-green-cyan-background-color has-background\" href=\"https:\/\/militares.estrategia.com\/portal\/wp-content\/uploads\/2022\/06\/PORTUGUES-MATEMATICA-CIENCIAS-INGLES-AZUL.pdf\" style=\"border-radius:50px\" target=\"_blank\" >Prova Azul<\/a><\/div>\n\n\n\n<div class=\"wp-block-button is-style-outline is-style-outline--3\"><a class=\"wp-block-button__link has-vivid-green-cyan-background-color has-background\" href=\"https:\/\/militares.estrategia.com\/portal\/wp-content\/uploads\/2022\/06\/PORTUGUES-MATEMATICA-CIENCIAS-INGLES-ROSA.pdf\" style=\"border-radius:50px\" target=\"_blank\" >Prova Rosa<\/a><\/div>\n\n\n\n<div class=\"wp-block-button is-style-outline is-style-outline--4\"><a class=\"wp-block-button__link has-vivid-green-cyan-background-color has-background\" href=\"https:\/\/militares.estrategia.com\/portal\/wp-content\/uploads\/2022\/06\/GAB_FINAL_CPAEAM-2022.pdf\" style=\"border-radius:50px\" target=\"_blank\" >Gabarito Final Oficial<\/a><\/div>\n<\/div>\n\n\n\n<h2 class=\"wp-block-heading\" id=\"h-gabarito-ao-vivo\"><span class=\"ez-toc-section\" id=\"Gabarito-Ao-Vivo\"><\/span>Gabarito Ao Vivo<span class=\"ez-toc-section-end\"><\/span><\/h2>\n\n\n\n<p>Esse texto foi atualizado em <strong>tempo real de acordo com a corre\u00e7\u00e3o dos professores do Estrat\u00e9gia Militares.<\/strong><\/p>\n\n\n\n<h3 class=\"wp-block-heading\" id=\"h-prova-amarela\">Prova Amarela<\/h3>\n\n\n\n<figure class=\"wp-block-table is-style-stripes\"><table class=\"has-fixed-layout\"><tbody><tr><td>1- D<\/td><td>11- D<\/td><td>21- C<\/td><td>31- A<\/td><td>41- A<\/td><\/tr><tr><td>2- A<\/td><td>12- C<\/td><td>22- B*<\/td><td>32- C<\/td><td>42- C<\/td><\/tr><tr><td>3- A<\/td><td>13- D<\/td><td>23- E<\/td><td>33- E<\/td><td>43- C<\/td><\/tr><tr><td>4- C<\/td><td>14- B<\/td><td>24- C<\/td><td>34- A<\/td><td>44- B<\/td><\/tr><tr><td>5- B<\/td><td>15- E<\/td><td>25- C<\/td><td>35- B<\/td><td>45- D<\/td><\/tr><tr><td>6- E<\/td><td>16- B<\/td><td>26- B<\/td><td>36- E<\/td><td>46- C<\/td><\/tr><tr><td>7- B<\/td><td>17- A <\/td><td>27- D<\/td><td>37- B<\/td><td>47- D<\/td><\/tr><tr><td>8- B<\/td><td>18- A<\/td><td>28- D<\/td><td>38- D<\/td><td>48- B<\/td><\/tr><tr><td>9- C<\/td><td>19- A<\/td><td>29- B<\/td><td>39- D<\/td><td>49- D<\/td><\/tr><tr><td>10- A<\/td><td>20- E<\/td><td>30- B<\/td><td>40- B<\/td><td>50- E<\/td><\/tr><\/tbody><\/table><figcaption>Aten\u00e7\u00e3o! As respostas marcadas com asteristico (*) s\u00e3o pass\u00edveis de recurso. J\u00e1 as respostas marcadas com X* tem possibilidade de anula\u00e7\u00e3o.<\/figcaption><\/figure>\n\n\n\n<h3 class=\"wp-block-heading\" id=\"h-prova-azul\">Prova Azul<\/h3>\n\n\n\n<figure class=\"wp-block-table is-style-stripes\"><table class=\"has-fixed-layout\"><tbody><tr><td>1- A<\/td><td>11- D<\/td><td>21- E<\/td><td>31- E<\/td><td>41- B<\/td><\/tr><tr><td>2- C<\/td><td>12- D<\/td><td>22- B<\/td><td>32- B<\/td><td>42- D<\/td><\/tr><tr><td>3- B <\/td><td>13- D<\/td><td>23- A<\/td><td>33- E<\/td><td>43- C<\/td><\/tr><tr><td>4- B<\/td><td>14- E<\/td><td>24- D<\/td><td>34- C<\/td><td>44- A<\/td><\/tr><tr><td>5- A<\/td><td>15- B<\/td><td>25- B<\/td><td>35- B<\/td><td>45- C<\/td><\/tr><tr><td>6- C<\/td><td>16- A<\/td><td>26- B*<\/td><td>36- A<\/td><td>46- C<\/td><\/tr><tr><td>7- E<\/td><td>17- C<\/td><td>27- B<\/td><td>37- A<\/td><td>47- D<\/td><\/tr><tr><td>8- A<\/td><td>18- D<\/td><td>28- E<\/td><td>38- B<\/td><td>48- E<\/td><\/tr><tr><td>9- C<\/td><td>19- C<\/td><td>29- B<\/td><td>39- D<\/td><td>49- D<\/td><\/tr><tr><td>10- B<\/td><td>20- C<\/td><td>30- A<\/td><td>40- D<\/td><td>50- B<\/td><\/tr><\/tbody><\/table><figcaption>Aten\u00e7\u00e3o! As respostas marcadas com asteristico (*) s\u00e3o pass\u00edveis de recurso. J\u00e1 as respostas marcadas com X* tem possibilidade de anula\u00e7\u00e3o.<\/figcaption><\/figure>\n\n\n\n<h3 class=\"wp-block-heading\" id=\"h-prova-rosa\">Prova Rosa<\/h3>\n\n\n\n<figure class=\"wp-block-table is-style-stripes\"><table class=\"has-fixed-layout\"><tbody><tr><td>1- A<\/td><td>11- D<\/td><td>21- B<\/td><td>31- C<\/td><td>41- B<\/td><\/tr><tr><td>2- B<\/td><td>12- C<\/td><td>22- C<\/td><td>32- D<\/td><td>42- C<\/td><\/tr><tr><td>3- C<\/td><td>13- D<\/td><td>23- C<\/td><td>33- A<\/td><td>43- D<\/td><\/tr><tr><td>4- A <\/td><td>14- E<\/td><td>24- A<\/td><td>34- D<\/td><td>44- A<\/td><\/tr><tr><td>5- D<\/td><td>15- B<\/td><td>25- B<\/td><td>35- B<\/td><td>45- C<\/td><\/tr><tr><td>6- B<\/td><td>16- B*<\/td><td>26- C<\/td><td>36- B<\/td><td>46- C<\/td><\/tr><tr><td>7- E<\/td><td>17- B<\/td><td>27- A<\/td><td>37- E<\/td><td>47- D<\/td><\/tr><tr><td>8- A<\/td><td>18- B<\/td><td>28- E<\/td><td>38- B<\/td><td>48- B<\/td><\/tr><tr><td>9- B<\/td><td>19- D<\/td><td>29- D<\/td><td>39- A<\/td><td>49- E<\/td><\/tr><tr><td>10- C<\/td><td>20- E<\/td><td>30- A<\/td><td>40- E<\/td><td>50- D<\/td><\/tr><\/tbody><\/table><figcaption>Aten\u00e7\u00e3o! As respostas marcadas com asteristico (*) s\u00e3o pass\u00edveis de recurso. J\u00e1 as respostas marcadas com X* tem possibilidade de anula\u00e7\u00e3o.<\/figcaption><\/figure>\n\n\n\n<p><strong>Confira a corre\u00e7\u00e3o ao vivo da prova do Concurso EAM 2023 no YouTube do Estrat\u00e9gia Militares:<\/strong><\/p>\n\n\n\n<figure class=\"wp-block-embed is-type-video is-provider-youtube wp-block-embed-youtube wp-embed-aspect-16-9 wp-has-aspect-ratio\"><div class=\"wp-block-embed__wrapper\">\n<div class=\"cs-embed cs-embed-responsive\"><iframe title=\"Gabarito da EAM 2023 - Corre\u00e7\u00e3o da prova Ao Vivo!\" width=\"1200\" height=\"675\" src=\"https:\/\/www.youtube.com\/embed\/-sB6rbCMZks?feature=oembed\" frameborder=\"0\" allow=\"accelerometer; autoplay; clipboard-write; encrypted-media; gyroscope; picture-in-picture\" allowfullscreen><\/iframe><\/div>\n<\/div><\/figure>\n\n\n\n<p>Confira a Prova de Matem\u00e1tica comentada no bot\u00e3o abaixo: <\/p>\n\n\n\n<div class=\"wp-block-buttons is-content-justification-center is-layout-flex wp-block-buttons-is-layout-flex\">\n<div class=\"wp-block-button is-style-outline is-style-outline--5\"><a class=\"wp-block-button__link has-vivid-green-cyan-background-color has-background\" href=\"https:\/\/militares.estrategia.com\/portal\/wp-content\/uploads\/2022\/06\/Prova-EAM-2023-MATEMATICA-Comentada-Prof.-Ismael-Santos.pdf\" style=\"border-radius:50px\" target=\"_blank\" >Prova EAM comentada &#8211; Matem\u00e1tica<\/a><\/div>\n<\/div>\n\n\n\n<p><\/p>\n\n\n\n<h2 class=\"wp-block-heading\" id=\"h-formato-da-prova-eam-2023\"><span class=\"ez-toc-section\" id=\"Formato-da-prova-EAM-2023\"><\/span><strong>Formato da prova EAM 202<\/strong>3<span class=\"ez-toc-section-end\"><\/span><\/h2>\n\n\n\n<p><strong>A prova escrita conteve 50 quest\u00f5es. <\/strong>Cada uma delas valeu 2,0 pontos e contou com os conhecimentos das seguintes disciplinas:<\/p>\n\n\n\n<ul class=\"wp-block-list\"><li>Portugu\u00eas \u2013 15 quest\u00f5es;<\/li><li>Matem\u00e1tica \u2013 15 quest\u00f5es;<\/li><li>Ci\u00eancias (F\u00edsica e Qu\u00edmica) \u2013 15 quest\u00f5es; e<\/li><li>Ingl\u00eas \u2013 5 quest\u00f5es.<\/li><\/ul>\n\n\n\n<h2 class=\"wp-block-heading\" id=\"h-proximas-fases-do-concurso-eam-2023\"><span class=\"ez-toc-section\" id=\"Proximas-fases-do-Concurso-EAM-2023\"><\/span>Pr\u00f3ximas fases do Concurso EAM 2023<span class=\"ez-toc-section-end\"><\/span><\/h2>\n\n\n\n<figure class=\"wp-block-table is-style-stripes\"><table class=\"has-fixed-layout\"><tbody><tr><td><strong>Verifica\u00e7\u00e3o de Documentos<\/strong><\/td><td class=\"has-text-align-center\" data-align=\"center\">26\/07 a 11\/08\/2022<\/td><\/tr><tr><td><strong>Teste de Avalia\u00e7\u00e3o do Condicionamento F\u00edsico<\/strong><\/td><td class=\"has-text-align-center\" data-align=\"center\">26\/07 a 16\/09\/2022<\/td><\/tr><tr><td><strong>Inspe\u00e7\u00e3o de Sa\u00fade<\/strong><\/td><td class=\"has-text-align-center\" data-align=\"center\">15\/08 a 13\/09\/2022<\/td><\/tr><tr><td><strong>Exame de Aptid\u00e3o Psicol\u00f3gica<\/strong><\/td><td class=\"has-text-align-center\" data-align=\"center\">05 a 16\/09\/2022<\/td><\/tr><tr><td><strong>Processo de Heteroidentifica\u00e7\u00e3o<\/strong><\/td><td class=\"has-text-align-center\" data-align=\"center\">19\/09 a 11\/10\/2022<\/td><\/tr><\/tbody><\/table><\/figure>\n\n\n\n<p>E a\u00ed guerreiro, ficou interessado em prestar o concurso EAM no pr\u00f3ximo ano? Ent\u00e3o, clique no banner e veja tudo sobre os cursos oferecidos pelo Estrat\u00e9gia Militares!<\/p>\n\n\n\n<p><\/p>\n\n\n\n\n","protected":false},"excerpt":{"rendered":"A primeira fase do processo seletivo para ingresso na Escola de Aprendizes-Marinheiros (EAM) aconteceu no dia 5 de&hellip;\n","protected":false},"author":58,"featured_media":47848,"comment_status":"closed","ping_status":"closed","sticky":false,"template":"","format":"standard","meta":{"wl_entities_gutenberg":"","footnotes":""},"categories":[245],"tags":[64,274,162,161,124],"wl_entity_type":[187],"class_list":{"0":"post-55205","1":"post","2":"type-post","3":"status-publish","4":"format-standard","5":"has-post-thumbnail","7":"category-gabaritos","8":"tag-marinhadobrasil","9":"tag-274","10":"tag-carreiramilitar","11":"tag-concursosmilitares","12":"tag-marinha","13":"wl_entity_type-article"},"acf":[],"yoast_head":"<!-- This site is optimized with the Yoast SEO Premium plugin v26.6 (Yoast SEO v26.6) - https:\/\/yoast.com\/wordpress\/plugins\/seo\/ -->\n<title>Gabarito EAM 2023: confira a corre\u00e7\u00e3o ao vivo e baixe as provas!<\/title>\n<meta name=\"description\" content=\"Confira a corre\u00e7\u00e3o ao vivo que o time de professores do Estrat\u00e9gia Militares preparou sobre as provas do Concurso EAM 2023!\" \/>\n<meta name=\"robots\" content=\"index, follow, max-snippet:-1, max-image-preview:large, max-video-preview:-1\" \/>\n<link rel=\"canonical\" href=\"https:\/\/militares.estrategia.com\/portal\/eventos\/gabaritos\/gabarito-eam-2023\/\" \/>\n<meta property=\"og:locale\" content=\"pt_BR\" \/>\n<meta property=\"og:type\" content=\"article\" \/>\n<meta property=\"og:title\" content=\"Gabarito EAM 2023: confira a corre\u00e7\u00e3o ao vivo e baixe as provas!\" \/>\n<meta property=\"og:description\" content=\"Confira a corre\u00e7\u00e3o ao vivo que o time de professores do Estrat\u00e9gia Militares preparou sobre as provas do Concurso EAM 2023!\" \/>\n<meta property=\"og:url\" content=\"https:\/\/militares.estrategia.com\/portal\/eventos\/gabaritos\/gabarito-eam-2023\/\" \/>\n<meta property=\"og:site_name\" content=\"Estrat\u00e9gia Militares\" \/>\n<meta property=\"article:publisher\" content=\"https:\/\/www.facebook.com\/EstrategiaMilitares\" \/>\n<meta property=\"article:published_time\" content=\"2022-06-07T18:31:05+00:00\" \/>\n<meta property=\"article:modified_time\" content=\"2022-11-10T19:51:54+00:00\" \/>\n<meta property=\"og:image\" content=\"https:\/\/cdn.blog.estrategiavestibulares.com.br\/vestibulares\/wp-content\/uploads\/2021\/07\/750-420-max-1.jpg\" \/>\n\t<meta property=\"og:image:width\" content=\"750\" \/>\n\t<meta property=\"og:image:height\" content=\"420\" \/>\n\t<meta property=\"og:image:type\" content=\"image\/jpeg\" \/>\n<meta name=\"author\" content=\"Vanesca Soares\" \/>\n<meta name=\"twitter:card\" content=\"summary_large_image\" \/>\n<meta name=\"twitter:creator\" content=\"@estrategiamilit\" \/>\n<meta name=\"twitter:site\" content=\"@estrategiamilit\" \/>\n<meta name=\"twitter:label1\" content=\"Escrito por\" \/>\n\t<meta name=\"twitter:data1\" content=\"Vanesca Soares\" \/>\n\t<meta name=\"twitter:label2\" content=\"Est. tempo de leitura\" \/>\n\t<meta name=\"twitter:data2\" content=\"4 minutos\" \/>\n<script type=\"application\/ld+json\" class=\"yoast-schema-graph\">{\"@context\":\"https:\/\/schema.org\",\"@graph\":[{\"@type\":\"Article\",\"@id\":\"https:\/\/militares.estrategia.com\/portal\/eventos\/gabaritos\/gabarito-eam-2023\/#article\",\"isPartOf\":{\"@id\":\"https:\/\/militares.estrategia.com\/portal\/eventos\/gabaritos\/gabarito-eam-2023\/\"},\"author\":{\"name\":\"Vanesca Soares\",\"@id\":\"https:\/\/militares.estrategia.com\/portal\/#\/schema\/person\/5cfd387108cd0cdefab7eea7a9735dcc\"},\"headline\":\"Gabarito EAM 2023: confira a corre\u00e7\u00e3o ao vivo e baixe as provas!\",\"datePublished\":\"2022-06-07T18:31:05+00:00\",\"dateModified\":\"2022-11-10T19:51:54+00:00\",\"mainEntityOfPage\":{\"@id\":\"https:\/\/militares.estrategia.com\/portal\/eventos\/gabaritos\/gabarito-eam-2023\/\"},\"wordCount\":703,\"publisher\":{\"@id\":\"https:\/\/militares.estrategia.com\/portal\/#organization\"},\"image\":{\"@id\":\"https:\/\/militares.estrategia.com\/portal\/eventos\/gabaritos\/gabarito-eam-2023\/#primaryimage\"},\"thumbnailUrl\":\"https:\/\/militares.estrategia.com\/portal\/wp-content\/uploads\/2021\/07\/750-420-max-1.jpg\",\"keywords\":[\"#marinhadobrasil\",\"2023\",\"carreiramilitar\",\"ConcursosMilitares\",\"marinha\"],\"articleSection\":[\"Gabaritos\"],\"inLanguage\":\"pt-BR\"},{\"@type\":\"WebPage\",\"@id\":\"https:\/\/militares.estrategia.com\/portal\/eventos\/gabaritos\/gabarito-eam-2023\/\",\"url\":\"https:\/\/militares.estrategia.com\/portal\/eventos\/gabaritos\/gabarito-eam-2023\/\",\"name\":\"Gabarito EAM 2023: confira a corre\u00e7\u00e3o ao vivo e baixe as provas!\",\"isPartOf\":{\"@id\":\"https:\/\/militares.estrategia.com\/portal\/#website\"},\"primaryImageOfPage\":{\"@id\":\"https:\/\/militares.estrategia.com\/portal\/eventos\/gabaritos\/gabarito-eam-2023\/#primaryimage\"},\"image\":{\"@id\":\"https:\/\/militares.estrategia.com\/portal\/eventos\/gabaritos\/gabarito-eam-2023\/#primaryimage\"},\"thumbnailUrl\":\"https:\/\/militares.estrategia.com\/portal\/wp-content\/uploads\/2021\/07\/750-420-max-1.jpg\",\"datePublished\":\"2022-06-07T18:31:05+00:00\",\"dateModified\":\"2022-11-10T19:51:54+00:00\",\"description\":\"Confira a corre\u00e7\u00e3o ao vivo que o time de professores do Estrat\u00e9gia Militares preparou sobre as provas do Concurso EAM 2023!\",\"breadcrumb\":{\"@id\":\"https:\/\/militares.estrategia.com\/portal\/eventos\/gabaritos\/gabarito-eam-2023\/#breadcrumb\"},\"inLanguage\":\"pt-BR\",\"potentialAction\":[{\"@type\":\"ReadAction\",\"target\":[\"https:\/\/militares.estrategia.com\/portal\/eventos\/gabaritos\/gabarito-eam-2023\/\"]}]},{\"@type\":\"ImageObject\",\"inLanguage\":\"pt-BR\",\"@id\":\"https:\/\/militares.estrategia.com\/portal\/eventos\/gabaritos\/gabarito-eam-2023\/#primaryimage\",\"url\":\"https:\/\/militares.estrategia.com\/portal\/wp-content\/uploads\/2021\/07\/750-420-max-1.jpg\",\"contentUrl\":\"https:\/\/militares.estrategia.com\/portal\/wp-content\/uploads\/2021\/07\/750-420-max-1.jpg\",\"width\":750,\"height\":420,\"caption\":\"gabarito eam\"},{\"@type\":\"BreadcrumbList\",\"@id\":\"https:\/\/militares.estrategia.com\/portal\/eventos\/gabaritos\/gabarito-eam-2023\/#breadcrumb\",\"itemListElement\":[{\"@type\":\"ListItem\",\"position\":1,\"name\":\"Home\",\"item\":\"https:\/\/militares.estrategia.com\/portal\/\"},{\"@type\":\"ListItem\",\"position\":2,\"name\":\"Eventos\",\"item\":\"https:\/\/militares.estrategia.com\/portal\/eventos\/\"},{\"@type\":\"ListItem\",\"position\":3,\"name\":\"Gabaritos\",\"item\":\"https:\/\/militares.estrategia.com\/portal\/eventos\/gabaritos\/\"},{\"@type\":\"ListItem\",\"position\":4,\"name\":\"Gabarito EAM 2023: confira a corre\u00e7\u00e3o ao vivo e baixe as provas!\"}]},{\"@type\":\"WebSite\",\"@id\":\"https:\/\/militares.estrategia.com\/portal\/#website\",\"url\":\"https:\/\/militares.estrategia.com\/portal\/\",\"name\":\"Estrat\u00e9gia Militares\",\"description\":\"\",\"publisher\":{\"@id\":\"https:\/\/militares.estrategia.com\/portal\/#organization\"},\"potentialAction\":[{\"@type\":\"SearchAction\",\"target\":{\"@type\":\"EntryPoint\",\"urlTemplate\":\"https:\/\/militares.estrategia.com\/portal\/?s={search_term_string}\"},\"query-input\":{\"@type\":\"PropertyValueSpecification\",\"valueRequired\":true,\"valueName\":\"search_term_string\"}}],\"inLanguage\":\"pt-BR\"},{\"@type\":\"Organization\",\"@id\":\"https:\/\/militares.estrategia.com\/portal\/#organization\",\"name\":\"Estrat\u00e9gia Militares\",\"url\":\"https:\/\/militares.estrategia.com\/portal\/\",\"logo\":{\"@type\":\"ImageObject\",\"inLanguage\":\"pt-BR\",\"@id\":\"https:\/\/militares.estrategia.com\/portal\/#\/schema\/logo\/image\/\",\"url\":\"https:\/\/militares.estrategia.com\/portal\/wp-content\/uploads\/2021\/10\/logo-militares.webp\",\"contentUrl\":\"https:\/\/militares.estrategia.com\/portal\/wp-content\/uploads\/2021\/10\/logo-militares.webp\",\"width\":346,\"height\":90,\"caption\":\"Estrat\u00e9gia Militares\"},\"image\":{\"@id\":\"https:\/\/militares.estrategia.com\/portal\/#\/schema\/logo\/image\/\"},\"sameAs\":[\"https:\/\/www.facebook.com\/EstrategiaMilitares\",\"https:\/\/x.com\/estrategiamilit\",\"https:\/\/www.instagram.com\/estrategiamilitares\/\",\"https:\/\/www.youtube.com\/channel\/UCRG_9hakCqXxnj_8TqCdgTA\"]},{\"@type\":\"Person\",\"@id\":\"https:\/\/militares.estrategia.com\/portal\/#\/schema\/person\/5cfd387108cd0cdefab7eea7a9735dcc\",\"name\":\"Vanesca Soares\",\"image\":{\"@type\":\"ImageObject\",\"inLanguage\":\"pt-BR\",\"@id\":\"https:\/\/militares.estrategia.com\/portal\/#\/schema\/person\/image\/\",\"url\":\"https:\/\/militares.estrategia.com\/portal\/wp-content\/uploads\/2021\/10\/FB_IMG_1634215702135-150x150.webp\",\"contentUrl\":\"https:\/\/militares.estrategia.com\/portal\/wp-content\/uploads\/2021\/10\/FB_IMG_1634215702135-150x150.webp\",\"caption\":\"Vanesca Soares\"},\"description\":\"Vanesca Soares foi Primeiro Tenente da Marinha do Brasil. Jornalista de forma\u00e7\u00e3o, ama todas as artes, principalmente a Literatura e o Cinema. Capaz de ficar em casa lendo um bom livro ao inv\u00e9s de ir para a balada, entende que ler \u00e9 uma grande viagem. Ama filmes hist\u00f3ricos, biografias, drama, thrillers, terror e tudo sobre os anos 1980. Principalmente a m\u00fasica!\",\"url\":\"https:\/\/militares.estrategia.com\/portal\/author\/vanesca-soares\/\"}]}<\/script>\n<!-- \/ Yoast SEO Premium plugin. -->","yoast_head_json":{"title":"Gabarito EAM 2023: confira a corre\u00e7\u00e3o ao vivo e baixe as provas!","description":"Confira a corre\u00e7\u00e3o ao vivo que o time de professores do Estrat\u00e9gia Militares preparou sobre as provas do Concurso EAM 2023!","robots":{"index":"index","follow":"follow","max-snippet":"max-snippet:-1","max-image-preview":"max-image-preview:large","max-video-preview":"max-video-preview:-1"},"canonical":"https:\/\/militares.estrategia.com\/portal\/eventos\/gabaritos\/gabarito-eam-2023\/","og_locale":"pt_BR","og_type":"article","og_title":"Gabarito EAM 2023: confira a corre\u00e7\u00e3o ao vivo e baixe as provas!","og_description":"Confira a corre\u00e7\u00e3o ao vivo que o time de professores do Estrat\u00e9gia Militares preparou sobre as provas do Concurso EAM 2023!","og_url":"https:\/\/militares.estrategia.com\/portal\/eventos\/gabaritos\/gabarito-eam-2023\/","og_site_name":"Estrat\u00e9gia Militares","article_publisher":"https:\/\/www.facebook.com\/EstrategiaMilitares","article_published_time":"2022-06-07T18:31:05+00:00","article_modified_time":"2022-11-10T19:51:54+00:00","og_image":[{"width":750,"height":420,"url":"https:\/\/cdn.blog.estrategiavestibulares.com.br\/vestibulares\/wp-content\/uploads\/2021\/07\/750-420-max-1.jpg","type":"image\/jpeg"}],"author":"Vanesca Soares","twitter_card":"summary_large_image","twitter_creator":"@estrategiamilit","twitter_site":"@estrategiamilit","twitter_misc":{"Escrito por":"Vanesca Soares","Est. tempo de leitura":"4 minutos"},"schema":{"@context":"https:\/\/schema.org","@graph":[{"@type":"Article","@id":"https:\/\/militares.estrategia.com\/portal\/eventos\/gabaritos\/gabarito-eam-2023\/#article","isPartOf":{"@id":"https:\/\/militares.estrategia.com\/portal\/eventos\/gabaritos\/gabarito-eam-2023\/"},"author":{"name":"Vanesca Soares","@id":"https:\/\/militares.estrategia.com\/portal\/#\/schema\/person\/5cfd387108cd0cdefab7eea7a9735dcc"},"headline":"Gabarito EAM 2023: confira a corre\u00e7\u00e3o ao vivo e baixe as provas!","datePublished":"2022-06-07T18:31:05+00:00","dateModified":"2022-11-10T19:51:54+00:00","mainEntityOfPage":{"@id":"https:\/\/militares.estrategia.com\/portal\/eventos\/gabaritos\/gabarito-eam-2023\/"},"wordCount":703,"publisher":{"@id":"https:\/\/militares.estrategia.com\/portal\/#organization"},"image":{"@id":"https:\/\/militares.estrategia.com\/portal\/eventos\/gabaritos\/gabarito-eam-2023\/#primaryimage"},"thumbnailUrl":"https:\/\/militares.estrategia.com\/portal\/wp-content\/uploads\/2021\/07\/750-420-max-1.jpg","keywords":["#marinhadobrasil","2023","carreiramilitar","ConcursosMilitares","marinha"],"articleSection":["Gabaritos"],"inLanguage":"pt-BR"},{"@type":"WebPage","@id":"https:\/\/militares.estrategia.com\/portal\/eventos\/gabaritos\/gabarito-eam-2023\/","url":"https:\/\/militares.estrategia.com\/portal\/eventos\/gabaritos\/gabarito-eam-2023\/","name":"Gabarito EAM 2023: confira a corre\u00e7\u00e3o ao vivo e baixe as provas!","isPartOf":{"@id":"https:\/\/militares.estrategia.com\/portal\/#website"},"primaryImageOfPage":{"@id":"https:\/\/militares.estrategia.com\/portal\/eventos\/gabaritos\/gabarito-eam-2023\/#primaryimage"},"image":{"@id":"https:\/\/militares.estrategia.com\/portal\/eventos\/gabaritos\/gabarito-eam-2023\/#primaryimage"},"thumbnailUrl":"https:\/\/militares.estrategia.com\/portal\/wp-content\/uploads\/2021\/07\/750-420-max-1.jpg","datePublished":"2022-06-07T18:31:05+00:00","dateModified":"2022-11-10T19:51:54+00:00","description":"Confira a corre\u00e7\u00e3o ao vivo que o time de professores do Estrat\u00e9gia Militares preparou sobre as provas do Concurso EAM 2023!","breadcrumb":{"@id":"https:\/\/militares.estrategia.com\/portal\/eventos\/gabaritos\/gabarito-eam-2023\/#breadcrumb"},"inLanguage":"pt-BR","potentialAction":[{"@type":"ReadAction","target":["https:\/\/militares.estrategia.com\/portal\/eventos\/gabaritos\/gabarito-eam-2023\/"]}]},{"@type":"ImageObject","inLanguage":"pt-BR","@id":"https:\/\/militares.estrategia.com\/portal\/eventos\/gabaritos\/gabarito-eam-2023\/#primaryimage","url":"https:\/\/militares.estrategia.com\/portal\/wp-content\/uploads\/2021\/07\/750-420-max-1.jpg","contentUrl":"https:\/\/militares.estrategia.com\/portal\/wp-content\/uploads\/2021\/07\/750-420-max-1.jpg","width":750,"height":420,"caption":"gabarito eam"},{"@type":"BreadcrumbList","@id":"https:\/\/militares.estrategia.com\/portal\/eventos\/gabaritos\/gabarito-eam-2023\/#breadcrumb","itemListElement":[{"@type":"ListItem","position":1,"name":"Home","item":"https:\/\/militares.estrategia.com\/portal\/"},{"@type":"ListItem","position":2,"name":"Eventos","item":"https:\/\/militares.estrategia.com\/portal\/eventos\/"},{"@type":"ListItem","position":3,"name":"Gabaritos","item":"https:\/\/militares.estrategia.com\/portal\/eventos\/gabaritos\/"},{"@type":"ListItem","position":4,"name":"Gabarito EAM 2023: confira a corre\u00e7\u00e3o ao vivo e baixe as provas!"}]},{"@type":"WebSite","@id":"https:\/\/militares.estrategia.com\/portal\/#website","url":"https:\/\/militares.estrategia.com\/portal\/","name":"Estrat\u00e9gia Militares","description":"","publisher":{"@id":"https:\/\/militares.estrategia.com\/portal\/#organization"},"potentialAction":[{"@type":"SearchAction","target":{"@type":"EntryPoint","urlTemplate":"https:\/\/militares.estrategia.com\/portal\/?s={search_term_string}"},"query-input":{"@type":"PropertyValueSpecification","valueRequired":true,"valueName":"search_term_string"}}],"inLanguage":"pt-BR"},{"@type":"Organization","@id":"https:\/\/militares.estrategia.com\/portal\/#organization","name":"Estrat\u00e9gia Militares","url":"https:\/\/militares.estrategia.com\/portal\/","logo":{"@type":"ImageObject","inLanguage":"pt-BR","@id":"https:\/\/militares.estrategia.com\/portal\/#\/schema\/logo\/image\/","url":"https:\/\/militares.estrategia.com\/portal\/wp-content\/uploads\/2021\/10\/logo-militares.webp","contentUrl":"https:\/\/militares.estrategia.com\/portal\/wp-content\/uploads\/2021\/10\/logo-militares.webp","width":346,"height":90,"caption":"Estrat\u00e9gia Militares"},"image":{"@id":"https:\/\/militares.estrategia.com\/portal\/#\/schema\/logo\/image\/"},"sameAs":["https:\/\/www.facebook.com\/EstrategiaMilitares","https:\/\/x.com\/estrategiamilit","https:\/\/www.instagram.com\/estrategiamilitares\/","https:\/\/www.youtube.com\/channel\/UCRG_9hakCqXxnj_8TqCdgTA"]},{"@type":"Person","@id":"https:\/\/militares.estrategia.com\/portal\/#\/schema\/person\/5cfd387108cd0cdefab7eea7a9735dcc","name":"Vanesca Soares","image":{"@type":"ImageObject","inLanguage":"pt-BR","@id":"https:\/\/militares.estrategia.com\/portal\/#\/schema\/person\/image\/","url":"https:\/\/militares.estrategia.com\/portal\/wp-content\/uploads\/2021\/10\/FB_IMG_1634215702135-150x150.webp","contentUrl":"https:\/\/militares.estrategia.com\/portal\/wp-content\/uploads\/2021\/10\/FB_IMG_1634215702135-150x150.webp","caption":"Vanesca Soares"},"description":"Vanesca Soares foi Primeiro Tenente da Marinha do Brasil. Jornalista de forma\u00e7\u00e3o, ama todas as artes, principalmente a Literatura e o Cinema. Capaz de ficar em casa lendo um bom livro ao inv\u00e9s de ir para a balada, entende que ler \u00e9 uma grande viagem. Ama filmes hist\u00f3ricos, biografias, drama, thrillers, terror e tudo sobre os anos 1980. Principalmente a m\u00fasica!","url":"https:\/\/militares.estrategia.com\/portal\/author\/vanesca-soares\/"}]}},"_wl_alt_label":[],"wl:entity_url":"https:\/\/data.wordlift.io\/wl110246\/post\/gabarito-eam-2023-confira-a-correcao-ao-vivo-55205","_links":{"self":[{"href":"https:\/\/militares.estrategia.com\/portal\/wp-json\/wp\/v2\/posts\/55205","targetHints":{"allow":["GET"]}}],"collection":[{"href":"https:\/\/militares.estrategia.com\/portal\/wp-json\/wp\/v2\/posts"}],"about":[{"href":"https:\/\/militares.estrategia.com\/portal\/wp-json\/wp\/v2\/types\/post"}],"author":[{"embeddable":true,"href":"https:\/\/militares.estrategia.com\/portal\/wp-json\/wp\/v2\/users\/58"}],"replies":[{"embeddable":true,"href":"https:\/\/militares.estrategia.com\/portal\/wp-json\/wp\/v2\/comments?post=55205"}],"version-history":[{"count":44,"href":"https:\/\/militares.estrategia.com\/portal\/wp-json\/wp\/v2\/posts\/55205\/revisions"}],"predecessor-version":[{"id":61025,"href":"https:\/\/militares.estrategia.com\/portal\/wp-json\/wp\/v2\/posts\/55205\/revisions\/61025"}],"wp:featuredmedia":[{"embeddable":true,"href":"https:\/\/militares.estrategia.com\/portal\/wp-json\/wp\/v2\/media\/47848"}],"wp:attachment":[{"href":"https:\/\/militares.estrategia.com\/portal\/wp-json\/wp\/v2\/media?parent=55205"}],"wp:term":[{"taxonomy":"category","embeddable":true,"href":"https:\/\/militares.estrategia.com\/portal\/wp-json\/wp\/v2\/categories?post=55205"},{"taxonomy":"post_tag","embeddable":true,"href":"https:\/\/militares.estrategia.com\/portal\/wp-json\/wp\/v2\/tags?post=55205"},{"taxonomy":"wl_entity_type","embeddable":true,"href":"https:\/\/militares.estrategia.com\/portal\/wp-json\/wp\/v2\/wl_entity_type?post=55205"}],"curies":[{"name":"wp","href":"https:\/\/api.w.org\/{rel}","templated":true}]}}