{"id":54904,"date":"2022-06-01T10:08:58","date_gmt":"2022-06-01T13:08:58","guid":{"rendered":"https:\/\/militares.estrategia.com\/portal\/?p=54904"},"modified":"2022-08-04T09:11:12","modified_gmt":"2022-08-04T12:11:12","slug":"inscricao-ime-passo-a-passo","status":"publish","type":"post","link":"https:\/\/militares.estrategia.com\/portal\/escolas-militares\/exercito\/ime\/inscricao-ime-passo-a-passo\/","title":{"rendered":"Inscri\u00e7\u00e3o IME 2023: confira o passo a passo!"},"content":{"rendered":"\n<p>Vai prestar o Concurso IME 2023 mas <strong>n\u00e3o sabe como se inscrever?<\/strong> O Estrat\u00e9gia Militares preparou um passo a passo para voc\u00ea! As inscri\u00e7\u00f5es no Concurso IME 2023 <strong>come\u00e7am no dia 1 de junho e v\u00e3o at\u00e9 11 de julho.&nbsp;<\/strong><\/p>\n\n\n<div id=\"new-form\">\n\t<form id=\"forms_layout\">\n\t<input type=\"hidden\" id=\"chave_de\" name=\"chave_de\" value=\"01_EMIL_LEADS_TOTAIS\" \/>\n\t\t<input type=\"hidden\" id=\"mid\" name=\"mid\" value=\"515009017\" \/>\n\t\t<input type=\"hidden\" id=\"Objetivo\" name=\"Objetivo\" value=\"Militares\" \/>\n\t\t<input type=\"hidden\" id=\"Estado_de_Origem_do_IP\" name=\"Estado_de_Origem_do_IP\"  value=\"\" \/>\n\t\t<input type=\"hidden\" id=\"Cidade_de_Origem_do_IP\" name=\"Cidade_de_Origem_do_IP\" value=\"\" \/>\n\t\t<input type=\"hidden\" id=\"Modo_de_entrada\" name=\"Modo_de_entrada\" value=\"Portal\" \/>\n\t\t<input type=\"hidden\" id=\"Pagina_Origem\" name=\"Pagina_Origem\" value=\"\" \/>\n\n\t\t<div class=\"texto\">\n\t\t\t<h3 class=\"news\">Inscreva-se em nossa newsletter!<\/h3>\n\t\t\t<p>Receba not\u00edcias sobre os mais importantes concursos para as For\u00e7as Armadas brasileiras e informa\u00e7\u00f5es sobre o mundo militar!<\/p>\n\t\t<\/div>\n\t\t<div class=\"campos\">\n\t\t\t<div class=\"first_name labels\">\n\t\t\t\t<input type=\"text\" class=\"input_labels\" id=\"first_name\" name=\"Nome_Completo\" placeholder=\"Nome\" required \/>\n\t\t\t<\/div>\n\t\t\t<div class=\"email labels\">\n\t\t\t\t<input type=\"email\" class=\"input_labels\" id=\"email\" name=\"Email\" placeholder=\"E-mail\" required \/>\n\t\t\t<\/div>\n\t\t\t<button type=\"submit\" class=\"button_layout\">\n\t\t\t\t<div id=\"lblBotao\">Inscreva-se<\/div>\n\t\t\t\t<span id=\"divSpiner\" class=\"loader\" role=\"status\" style=\"display: none;\"><\/span>\t\n\t\t\t<\/button>\n\t\t<\/div><!-- \/campos -->\n\t\t\n\t\t<label class=\"container_checkbox\">Voc\u00ea concorda com a nossa\n\t\t\t<a class=\"politics_privacy_ahref\" target=\"_blank\" href=\"https:\/\/gratis.estrategiaconcursos.com.br\/politica-de-privacidade\/\">Pol\u00edtica de Privacidade<\/a> e aceita receber informa\u00e7\u00f5es adicionais do Estrat\u00e9gia Educacional.\n\t\t\t<input id=\"checkbox_layout\" type=\"checkbox\" checked=\"checked\" required \/>\n\t\t\t<span class=\"checkbox\"><\/span>\n\t\t<\/label>\n\t\t<div id=\"msg\"><\/div>\n\t\t<div id=\"error\" class=\"error\">\n\t\t<\/div>\n\t<\/form>\n<\/div><!-- \/new-form -->\n\n\n\n<div id=\"ez-toc-container\" class=\"ez-toc-v2_0_79_2 counter-hierarchy ez-toc-counter ez-toc-transparent ez-toc-container-direction\">\n<div class=\"ez-toc-title-container\"><p class=\"ez-toc-title\" style=\"cursor:inherit\">Navegue pelo conte\u00fado\t<\/p>\n<\/div><nav><ul class='ez-toc-list ez-toc-list-level-1 ' ><li class='ez-toc-page-1 ez-toc-heading-level-2'><a class=\"ez-toc-link ez-toc-heading-1\" href=\"https:\/\/militares.estrategia.com\/portal\/escolas-militares\/exercito\/ime\/inscricao-ime-passo-a-passo\/#O-que-e-o-Concurso-IME-2023\" >O que \u00e9 o Concurso IME 2023?<\/a><\/li><li class='ez-toc-page-1 ez-toc-heading-level-2'><a class=\"ez-toc-link ez-toc-heading-2\" href=\"https:\/\/militares.estrategia.com\/portal\/escolas-militares\/exercito\/ime\/inscricao-ime-passo-a-passo\/#Quem-pode-se-inscrever\" >Quem pode se inscrever?&nbsp;<\/a><\/li><li class='ez-toc-page-1 ez-toc-heading-level-2'><a class=\"ez-toc-link ez-toc-heading-3\" href=\"https:\/\/militares.estrategia.com\/portal\/escolas-militares\/exercito\/ime\/inscricao-ime-passo-a-passo\/#Como-fazer-a-inscricao-pela-internet\" >Como fazer a inscri\u00e7\u00e3o pela internet?&nbsp;<\/a><\/li><li class='ez-toc-page-1 ez-toc-heading-level-2'><a class=\"ez-toc-link ez-toc-heading-4\" href=\"https:\/\/militares.estrategia.com\/portal\/escolas-militares\/exercito\/ime\/inscricao-ime-passo-a-passo\/#Como-fazer-a-inscricao-pelo-correio\" >Como fazer a inscri\u00e7\u00e3o pelo correio?&nbsp;<\/a><\/li><li class='ez-toc-page-1 ez-toc-heading-level-2'><a class=\"ez-toc-link ez-toc-heading-5\" href=\"https:\/\/militares.estrategia.com\/portal\/escolas-militares\/exercito\/ime\/inscricao-ime-passo-a-passo\/#Isencao-de-taxa-quem-pode-e-como-fazer\" >Isen\u00e7\u00e3o de taxa: quem pode e como fazer<\/a><\/li><\/ul><\/nav><\/div>\n<h2 class=\"wp-block-heading\" id=\"h-o-que-e-o-concurso-ime-2023\"><span class=\"ez-toc-section\" id=\"O-que-e-o-Concurso-IME-2023\"><\/span>O que \u00e9 o Concurso IME 2023?<span class=\"ez-toc-section-end\"><\/span><\/h2>\n\n\n\n<p>O IME \u00e9 uma institui\u00e7\u00e3o de ensino superior que pertence ao <a href=\"https:\/\/militares.estrategia.com\/portal\/entidade\/exercito-brasileiro\/\" target=\"_blank\" >Ex\u00e9rcito Brasileiro<\/a>. Ele \u00e9 parte do Departamento de Ci\u00eancia e Tecnologia (DCT) e tem como responsabilidade o<strong> ensino superior de engenharia e a pesquisa cient\u00edfica b\u00e1sica. <\/strong>Tanto militares, quanto civis podem estudar na Institui\u00e7\u00e3o.<\/p>\n\n\n\n<p>O Concurso IME \u00e9 o seletivo anual de ingresso na institui\u00e7\u00e3o e \u00e9 <strong>um dos mais dif\u00edceis do pa\u00eds.<\/strong> Ele conta com duas fases de provas intelectuais, sendo que a primeira acontece no dia 29 de setembro.&nbsp;<\/p>\n\n\n\n<h2 class=\"wp-block-heading\" id=\"h-quem-pode-se-inscrever\"><span class=\"ez-toc-section\" id=\"Quem-pode-se-inscrever\"><\/span>Quem pode se inscrever?&nbsp;<span class=\"ez-toc-section-end\"><\/span><\/h2>\n\n\n\n<p>Para participar do <a href=\"https:\/\/militares.estrategia.com\/portal\/guias\/concurso-ime\/\" target=\"_blank\" >Concurso IME 2023<\/a>, o candidato precisa estar dentro de <strong>alguns requisitos<\/strong>, listados no edital:&nbsp;<\/p>\n\n\n\n<ul class=\"wp-block-list\"><li>Ser brasileiro nato;&nbsp;<\/li><li>Volunt\u00e1ria ao servi\u00e7o militar, se do sexo feminino;<\/li><li>Ter conclu\u00eddo o Ensino M\u00e9dio ou equivalente at\u00e9 o ato de matr\u00edcula;&nbsp;<\/li><li>N\u00e3o ter sido desligado anteriormente do IME;&nbsp;<\/li><li>Estar em dia com as obriga\u00e7\u00f5es do Servi\u00e7o Militar, se do sexo masculino e maior de idade;&nbsp;<\/li><li>N\u00e3o ter nenhuma pend\u00eancia com a Justi\u00e7a Eleitoral;&nbsp;<\/li><li>N\u00e3o ter tatuagens que fazem alus\u00e3o a crimes e outras refer\u00eancias detalhadas no edital;&nbsp;<\/li><li>Pagar a taxa de inscri\u00e7\u00e3o, se n\u00e3o for isento;&nbsp;<\/li><li>Ter no m\u00ednimo 16 anos e, no m\u00e1ximo, 22 anos de idade at\u00e9 o dia 31 de dezembro no ano do ato da matr\u00edcula;<\/li><li>Altura m\u00ednima para o sexo masculino: 1,60m;<\/li><li>Altura m\u00ednima para o sexo feminino: 1,55m;<\/li><li>N\u00e3o ser r\u00e9u em nenhuma a\u00e7\u00e3o penal; e<\/li><li>N\u00e3o ter sido desligado das For\u00e7as Armadas anteriormente, exceto por motivo de reabilita\u00e7\u00e3o.&nbsp;<\/li><\/ul>\n\n\n\n<p>Antes de efetuar sua inscri\u00e7\u00e3o, confira se voc\u00ea se encaixa dentro de todas as condi\u00e7\u00f5es listadas acima!&nbsp;<\/p>\n\n\n\n<h2 class=\"wp-block-heading\" id=\"h-como-fazer-a-inscricao-pela-internet\"><span class=\"ez-toc-section\" id=\"Como-fazer-a-inscricao-pela-internet\"><\/span>Como fazer a inscri\u00e7\u00e3o pela internet?&nbsp;<span class=\"ez-toc-section-end\"><\/span><\/h2>\n\n\n\n<p>Se voc\u00ea tem acesso \u00e0 internet, deve fazer a inscri\u00e7\u00e3o <strong>pela p\u00e1gina oficial do Concurso IME 2023<\/strong>. L\u00e1, voc\u00ea tamb\u00e9m tem acesso aos editais e instru\u00e7\u00f5es acerca do seletivo. Confira o passo a passo!&nbsp;<\/p>\n\n\n\n<ol class=\"wp-block-list\"><li>Acesse a p\u00e1gina de inscri\u00e7\u00e3o do Concurso IME 2023: <a href=\"https:\/\/inscricoes.ime.eb.br\/cfg\/\" target=\"_blank\" >https:\/\/inscricoes.ime.eb.br\/cfg\/<\/a>&nbsp;<\/li><li>Role a p\u00e1gina at\u00e9 encontrar a se\u00e7\u00e3o marcada como \u201cRealize sua Inscri\u00e7\u00e3o\u201d e clique no bot\u00e3o \u201cinscrever\u201d:&nbsp;<\/li><\/ol>\n\n\n\n<figure class=\"wp-block-image\"><img decoding=\"async\" src=\"https:\/\/lh5.googleusercontent.com\/gJurgdZifBfMos0L686rUzQLJOJI2we5lZAcl9cnj5DvpFg3txtHzVbBIu_N7rEMjNNETLfemfSWKVxtTPfK45s6CWk_JNMAW9ZPCTCWFUQL3Qjz4IfBACX5WAbU-H6pDTg_EYx6guK9GMe0BQ\" alt=\"p\u00e1gina de inscri\u00e7\u00e3o IME \"\/><\/figure>\n\n\n\n<ol class=\"wp-block-list\" start=\"3\"><li>Preencha seu CPF, escolha se deseja concorrer \u00e0s vagas da ATIVA (carreira militar) ou \u00e0s da RESERVA (carreira civil) e informe sua data de nascimento.<\/li><\/ol>\n\n\n\n<figure class=\"wp-block-image size-large\"><img decoding=\"async\" width=\"1024\" height=\"556\" src=\"https:\/\/militares.estrategia.com\/portal\/wp-content\/uploads\/2022\/06\/Inscricao-IME-1024x556.webp\" alt=\"\" class=\"wp-image-54915\" srcset=\"https:\/\/militares.estrategia.com\/portal\/wp-content\/uploads\/2022\/06\/Inscricao-IME-1024x556.webp 1024w, https:\/\/militares.estrategia.com\/portal\/wp-content\/uploads\/2022\/06\/Inscricao-IME-768x417.webp 768w, https:\/\/militares.estrategia.com\/portal\/wp-content\/uploads\/2022\/06\/Inscricao-IME-800x434.webp 800w, https:\/\/militares.estrategia.com\/portal\/wp-content\/uploads\/2022\/06\/Inscricao-IME-1160x630.webp 1160w, https:\/\/militares.estrategia.com\/portal\/wp-content\/uploads\/2022\/06\/Inscricao-IME-1200x653.webp 1200w, https:\/\/militares.estrategia.com\/portal\/wp-content\/uploads\/2022\/06\/Inscricao-IME-150x81.webp 150w, https:\/\/militares.estrategia.com\/portal\/wp-content\/uploads\/2022\/06\/Inscricao-IME.jpg 1203w\" sizes=\"(max-width: 1024px) 100vw, 1024px\" \/><\/figure>\n\n\n\n<ol class=\"wp-block-list\" start=\"4\"><li>Em seguida, o sistema pede que o candidato informe seu e-mail e crie uma senha. Guarde essa senha! Ela ser\u00e1 necess\u00e1ria para acessar a \u00c1rea do Candidato, no futuro. <\/li><li>Preencha o formul\u00e1rio que aparecer com seus dados pessoais. Cuidado! Tenha certeza de que todas as informa\u00e7\u00f5es est\u00e3o corretas, sob risco de cancelamento da sua inscri\u00e7\u00e3o.<\/li><li>Depois do preenchimento, o sistema gerar\u00e1 um boleto para o pagamento da taxa de inscri\u00e7\u00e3o.<\/li><li>Pague o boleto no Banco do Brasil at\u00e9 o dia 12 de julho de 2022.<\/li><\/ol>\n\n\n\n<p>Se a sua inscri\u00e7\u00e3o for aceita, voc\u00ea poder\u00e1<strong> imprimir seu Cart\u00e3o de Inscri\u00e7\u00e3o com seu local de prova, quando ele for liberado<\/strong>. O cart\u00e3o precisa ser apresentado no dia da prova, tanto na primeira quanto na segunda fase.&nbsp;<\/p>\n\n\n\n<h2 class=\"wp-block-heading\" id=\"h-como-fazer-a-inscricao-pelo-correio\"><span class=\"ez-toc-section\" id=\"Como-fazer-a-inscricao-pelo-correio\"><\/span>Como fazer a inscri\u00e7\u00e3o pelo correio?&nbsp;<span class=\"ez-toc-section-end\"><\/span><\/h2>\n\n\n\n<p>Agora, se o candidato<strong> n\u00e3o tiver acesso \u00e0 internet, o IME permite a inscri\u00e7\u00e3o pelo correio, <\/strong>de forma excepcional. Nesse caso, o passo a passo \u00e9 o seguinte:&nbsp;<\/p>\n\n\n\n<ol class=\"wp-block-list\"><li>Solicite o envio de uma ficha de inscri\u00e7\u00e3o ao IME por telefone, e-mail (<a href=\"mailto:vestibular@ime.eb.br\">vestibular@ime.eb.br<\/a>), fax, carta ou pessoalmente. A institui\u00e7\u00e3o enviar\u00e1 uma por correio ao candidato.&nbsp;<\/li><li>Preencha a ficha de inscri\u00e7\u00e3o com seus dados pessoais e fa\u00e7a o dep\u00f3sito da taxa de inscri\u00e7\u00e3o de acordo com os dados banc\u00e1rios informados pela institui\u00e7\u00e3o.&nbsp;<\/li><li>Envie a ficha de inscri\u00e7\u00e3o e o comprovante de dep\u00f3sito pelo correio para o endere\u00e7o: <em>INSTITUTO MILITAR DE ENGENHARIA &#8211; Subdivis\u00e3o de Concursos (SD\/3), Pra\u00e7a Gen. Tib\u00farcio, n\u00ba 80, Praia Vermelha, Urca, CEP 22.290-270 &#8211; Rio de Janeiro (RJ).<\/em>&nbsp;&nbsp;<\/li><li>O cart\u00e3o de inscri\u00e7\u00e3o com o local de prova ser\u00e1 enviado por correio para o candidato.&nbsp;<\/li><\/ol>\n\n\n\n<p>Aten\u00e7\u00e3o! Lembre-se de seguir o <strong><a href=\"https:\/\/militares.estrategia.com\/portal\/guias\/exercito\/ime\/ime-confira-o-novo-calendario-anual-do-concurso\/\" target=\"_blank\" >calend\u00e1rio de eventos oficial do Concurso IME 2023<\/a>. <\/strong>Fichas de inscri\u00e7\u00e3o enviadas por correio ap\u00f3s o prazo tamb\u00e9m ser\u00e3o desconsideradas.&nbsp;<\/p>\n\n\n\n<h2 class=\"wp-block-heading\" id=\"h-isencao-de-taxa-quem-pode-e-como-fazer\"><span class=\"ez-toc-section\" id=\"Isencao-de-taxa-quem-pode-e-como-fazer\"><\/span>Isen\u00e7\u00e3o de taxa: quem pode e como fazer<span class=\"ez-toc-section-end\"><\/span><\/h2>\n\n\n\n<p>A <strong>taxa de inscri\u00e7\u00e3o neste ano \u00e9 de R$ 140,00;<\/strong> alguns candidatos, por\u00e9m, t\u00eam direito \u00e0 isen\u00e7\u00e3o e n\u00e3o precisam pag\u00e1-la. Aqueles que podem solicitar a isen\u00e7\u00e3o s\u00e3o:&nbsp;<\/p>\n\n\n\n<ul class=\"wp-block-list\"><li>Dependentes de combatentes falecidos ou incapacitados por causa de participa\u00e7\u00e3o na <a href=\"https:\/\/militares.estrategia.com\/portal\/carreiras-militares\/feb\/\" target=\"_blank\" >For\u00e7a Expedicion\u00e1ria Brasileira (FEB)<\/a> ou em opera\u00e7\u00f5es de guerra da Marinha Mercante;<\/li><li>Doadores de medula \u00f3ssea em entidades reconhecidas pelo Minist\u00e9rio da Sa\u00fade; ou&nbsp;<\/li><li>Membros de fam\u00edlia de baixa renda e inscritos no Cad\u00danico do Governo Federal.&nbsp;<\/li><\/ul>\n\n\n\n<p>No entanto, apenas quem j\u00e1 concluiu ou vai terminar o ensino m\u00e9dio at\u00e9 o ano da matr\u00edcula pode solicitar a isen\u00e7\u00e3o. \u00c9 necess\u00e1rio apresentar um documento oficial da escola que comprove essa condi\u00e7\u00e3o.&nbsp;<\/p>\n\n\n\n<p><strong>Os pedidos de isen\u00e7\u00e3o s\u00f3 podem ser feitos pelo correio ou presencialmente na Subdivis\u00e3o de Concursos no IME, entre os dias 6 a 10 de junho.<\/strong> Para comprovar sua condi\u00e7\u00e3o, os candidatos precisam separar a c\u00f3pia os seguintes documentos:&nbsp;<\/p>\n\n\n\n<ul class=\"wp-block-list\"><li>Comprovante de escolaridade;&nbsp;<\/li><li>Comprovante de rendimentos de todas as pessoas que comp\u00f5em o grupo familiar e residem no mesmo endere\u00e7o;&nbsp;<\/li><li>Comprovante do Imposto de renda;&nbsp;<\/li><li>Comprovante das despesas; e<\/li><li>Comprovante relativos \u00e0 composi\u00e7\u00e3o familiar.&nbsp;<\/li><\/ul>\n\n\n\n<p>A descri\u00e7\u00e3o completa dos documentos pode ser encontrada no <a href=\"https:\/\/militares.estrategia.com\/portal\/wp-content\/uploads\/2022\/05\/Manual_do_Candidato_-_2022.pdf\" target=\"_blank\" >Manual do Candidato IME 2023!&nbsp;<\/a><\/p>\n\n\n\n<p>Todos os documentos e a solicita\u00e7\u00e3o da isen\u00e7\u00e3o da taxa <strong>devem ser enviados ou entregues no endere\u00e7o: <\/strong><em>INSTITUTO MILITAR DE ENGENHARIA &#8211; Subdivis\u00e3o de Concursos (SD\/3), Pra\u00e7a Gen. Tib\u00farcio, n\u00ba 80, Praia Vermelha, Urca, CEP 22.290-270 &#8211; Rio de Janeiro (RJ).<\/em>&nbsp;&nbsp;<\/p>\n\n\n\n<p>Se o seu pedido de isen\u00e7\u00e3o for negado, \u00e9 necess\u00e1rio pagar a taxa at\u00e9 a data limite estabelecida pelo calend\u00e1rio oficial, ou seja, at\u00e9 12 de julho de 2022.&nbsp;<\/p>\n\n\n\n<p>E a\u00ed, guerreiro? Pronto para se inscrever na Prova IME 2023? N\u00e3o perca tempo e estude para a avalia\u00e7\u00e3o com os cursos on-line do Estrat\u00e9gia Militares! S\u00e3o livros digitais, videoaulas, lives, simulados e muito mais para voc\u00ea se preparar para uma das provas mais dif\u00edceis do Brasil!<\/p>\n\n\n\n<p><\/p>\n\n\n\n<p><\/p>\n\n\n","protected":false},"excerpt":{"rendered":"Vai prestar o Concurso IME 2023 mas n\u00e3o sabe como se inscrever? O Estrat\u00e9gia Militares preparou um passo&hellip;\n","protected":false},"author":9,"featured_media":54907,"comment_status":"closed","ping_status":"closed","sticky":false,"template":"","format":"standard","meta":{"wl_entities_gutenberg":"","footnotes":""},"categories":[238],"tags":[],"wl_entity_type":[187],"class_list":{"0":"post-54904","1":"post","2":"type-post","3":"status-publish","4":"format-standard","5":"has-post-thumbnail","7":"category-ime","8":"wl_entity_type-article"},"acf":[],"yoast_head":"<!-- This site is optimized with the Yoast SEO Premium plugin v26.6 (Yoast SEO v26.6) - https:\/\/yoast.com\/wordpress\/plugins\/seo\/ -->\n<title>Inscri\u00e7\u00e3o IME 2023: confira o passo a passo! | Estrat\u00e9gia Militares<\/title>\n<meta name=\"description\" content=\"N\u00e3o sabe como se inscrever no Concurso IME 2023? Confira o passo a passo que o Estrat\u00e9gia Militares preparou para voc\u00ea!\" \/>\n<meta name=\"robots\" content=\"index, follow, max-snippet:-1, max-image-preview:large, max-video-preview:-1\" \/>\n<link rel=\"canonical\" href=\"https:\/\/militares.estrategia.com\/portal\/guias\/concurso-ime\/\" \/>\n<meta property=\"og:locale\" content=\"pt_BR\" \/>\n<meta property=\"og:type\" content=\"article\" \/>\n<meta property=\"og:title\" content=\"Inscri\u00e7\u00e3o IME 2023: confira o passo a passo!\" \/>\n<meta property=\"og:description\" content=\"N\u00e3o sabe como se inscrever no Concurso IME 2023? Confira o passo a passo que o Estrat\u00e9gia Militares preparou para voc\u00ea!\" \/>\n<meta property=\"og:url\" content=\"https:\/\/militares.estrategia.com\/portal\/guias\/concurso-ime\/\" \/>\n<meta property=\"og:site_name\" content=\"Estrat\u00e9gia Militares\" \/>\n<meta property=\"article:publisher\" content=\"https:\/\/www.facebook.com\/EstrategiaMilitares\" \/>\n<meta property=\"article:published_time\" content=\"2022-06-01T13:08:58+00:00\" \/>\n<meta property=\"article:modified_time\" content=\"2022-08-04T12:11:12+00:00\" \/>\n<meta property=\"og:image\" content=\"https:\/\/cdn.blog.estrategiavestibulares.com.br\/vestibulares\/wp-content\/uploads\/2022\/05\/Capas-.jpg\" \/>\n\t<meta property=\"og:image:width\" content=\"960\" \/>\n\t<meta property=\"og:image:height\" content=\"540\" \/>\n\t<meta property=\"og:image:type\" content=\"image\/jpeg\" \/>\n<meta name=\"author\" content=\"Raquel Oshio\" \/>\n<meta name=\"twitter:card\" content=\"summary_large_image\" \/>\n<meta name=\"twitter:creator\" content=\"@estrategiamilit\" \/>\n<meta name=\"twitter:site\" content=\"@estrategiamilit\" \/>\n<meta name=\"twitter:label1\" content=\"Escrito por\" \/>\n\t<meta name=\"twitter:data1\" content=\"Raquel Oshio\" \/>\n\t<meta name=\"twitter:label2\" content=\"Est. tempo de leitura\" \/>\n\t<meta name=\"twitter:data2\" content=\"6 minutos\" \/>\n<script type=\"application\/ld+json\" class=\"yoast-schema-graph\">{\"@context\":\"https:\/\/schema.org\",\"@graph\":[{\"@type\":\"Article\",\"@id\":\"https:\/\/militares.estrategia.com\/portal\/guias\/concurso-ime\/#article\",\"isPartOf\":{\"@id\":\"https:\/\/militares.estrategia.com\/portal\/escolas-militares\/exercito\/ime\/inscricao-ime-passo-a-passo\/\"},\"author\":{\"name\":\"Raquel Oshio\",\"@id\":\"https:\/\/militares.estrategia.com\/portal\/#\/schema\/person\/46e1f54d690b6a851270112cd62d2f37\"},\"headline\":\"Inscri\u00e7\u00e3o IME 2023: confira o passo a passo!\",\"datePublished\":\"2022-06-01T13:08:58+00:00\",\"dateModified\":\"2022-08-04T12:11:12+00:00\",\"mainEntityOfPage\":{\"@id\":\"https:\/\/militares.estrategia.com\/portal\/escolas-militares\/exercito\/ime\/inscricao-ime-passo-a-passo\/\"},\"wordCount\":1157,\"publisher\":{\"@id\":\"https:\/\/militares.estrategia.com\/portal\/#organization\"},\"image\":{\"@id\":\"https:\/\/militares.estrategia.com\/portal\/guias\/concurso-ime\/#primaryimage\"},\"thumbnailUrl\":\"https:\/\/militares.estrategia.com\/portal\/wp-content\/uploads\/2022\/05\/Capas-.jpg\",\"articleSection\":[\"IME\"],\"inLanguage\":\"pt-BR\"},{\"@type\":\"WebPage\",\"@id\":\"https:\/\/militares.estrategia.com\/portal\/escolas-militares\/exercito\/ime\/inscricao-ime-passo-a-passo\/\",\"url\":\"https:\/\/militares.estrategia.com\/portal\/guias\/concurso-ime\/\",\"name\":\"Inscri\u00e7\u00e3o IME 2023: confira o passo a passo! | Estrat\u00e9gia Militares\",\"isPartOf\":{\"@id\":\"https:\/\/militares.estrategia.com\/portal\/#website\"},\"primaryImageOfPage\":{\"@id\":\"https:\/\/militares.estrategia.com\/portal\/guias\/concurso-ime\/#primaryimage\"},\"image\":{\"@id\":\"https:\/\/militares.estrategia.com\/portal\/guias\/concurso-ime\/#primaryimage\"},\"thumbnailUrl\":\"https:\/\/militares.estrategia.com\/portal\/wp-content\/uploads\/2022\/05\/Capas-.jpg\",\"datePublished\":\"2022-06-01T13:08:58+00:00\",\"dateModified\":\"2022-08-04T12:11:12+00:00\",\"description\":\"N\u00e3o sabe como se inscrever no Concurso IME 2023? Confira o passo a passo que o Estrat\u00e9gia Militares preparou para voc\u00ea!\",\"breadcrumb\":{\"@id\":\"https:\/\/militares.estrategia.com\/portal\/guias\/concurso-ime\/#breadcrumb\"},\"inLanguage\":\"pt-BR\",\"potentialAction\":[{\"@type\":\"ReadAction\",\"target\":[\"https:\/\/militares.estrategia.com\/portal\/guias\/concurso-ime\/\"]}]},{\"@type\":\"ImageObject\",\"inLanguage\":\"pt-BR\",\"@id\":\"https:\/\/militares.estrategia.com\/portal\/guias\/concurso-ime\/#primaryimage\",\"url\":\"https:\/\/militares.estrategia.com\/portal\/wp-content\/uploads\/2022\/05\/Capas-.jpg\",\"contentUrl\":\"https:\/\/militares.estrategia.com\/portal\/wp-content\/uploads\/2022\/05\/Capas-.jpg\",\"width\":960,\"height\":540},{\"@type\":\"BreadcrumbList\",\"@id\":\"https:\/\/militares.estrategia.com\/portal\/guias\/concurso-ime\/#breadcrumb\",\"itemListElement\":[{\"@type\":\"ListItem\",\"position\":1,\"name\":\"Home\",\"item\":\"https:\/\/militares.estrategia.com\/portal\/\"},{\"@type\":\"ListItem\",\"position\":2,\"name\":\"Escolas Militares\",\"item\":\"https:\/\/militares.estrategia.com\/portal\/escolas-militares\/\"},{\"@type\":\"ListItem\",\"position\":3,\"name\":\"Ex\u00e9rcito\",\"item\":\"https:\/\/militares.estrategia.com\/portal\/escolas-militares\/exercito\/\"},{\"@type\":\"ListItem\",\"position\":4,\"name\":\"IME\",\"item\":\"https:\/\/militares.estrategia.com\/portal\/escolas-militares\/exercito\/ime\/\"},{\"@type\":\"ListItem\",\"position\":5,\"name\":\"Inscri\u00e7\u00e3o IME 2023: confira o passo a passo!\"}]},{\"@type\":\"WebSite\",\"@id\":\"https:\/\/militares.estrategia.com\/portal\/#website\",\"url\":\"https:\/\/militares.estrategia.com\/portal\/\",\"name\":\"Estrat\u00e9gia Militares\",\"description\":\"\",\"publisher\":{\"@id\":\"https:\/\/militares.estrategia.com\/portal\/#organization\"},\"potentialAction\":[{\"@type\":\"SearchAction\",\"target\":{\"@type\":\"EntryPoint\",\"urlTemplate\":\"https:\/\/militares.estrategia.com\/portal\/?s={search_term_string}\"},\"query-input\":{\"@type\":\"PropertyValueSpecification\",\"valueRequired\":true,\"valueName\":\"search_term_string\"}}],\"inLanguage\":\"pt-BR\"},{\"@type\":\"Organization\",\"@id\":\"https:\/\/militares.estrategia.com\/portal\/#organization\",\"name\":\"Estrat\u00e9gia Militares\",\"url\":\"https:\/\/militares.estrategia.com\/portal\/\",\"logo\":{\"@type\":\"ImageObject\",\"inLanguage\":\"pt-BR\",\"@id\":\"https:\/\/militares.estrategia.com\/portal\/#\/schema\/logo\/image\/\",\"url\":\"https:\/\/militares.estrategia.com\/portal\/wp-content\/uploads\/2021\/10\/logo-militares.webp\",\"contentUrl\":\"https:\/\/militares.estrategia.com\/portal\/wp-content\/uploads\/2021\/10\/logo-militares.webp\",\"width\":346,\"height\":90,\"caption\":\"Estrat\u00e9gia Militares\"},\"image\":{\"@id\":\"https:\/\/militares.estrategia.com\/portal\/#\/schema\/logo\/image\/\"},\"sameAs\":[\"https:\/\/www.facebook.com\/EstrategiaMilitares\",\"https:\/\/x.com\/estrategiamilit\",\"https:\/\/www.instagram.com\/estrategiamilitares\/\",\"https:\/\/www.youtube.com\/channel\/UCRG_9hakCqXxnj_8TqCdgTA\"]},{\"@type\":\"Person\",\"@id\":\"https:\/\/militares.estrategia.com\/portal\/#\/schema\/person\/46e1f54d690b6a851270112cd62d2f37\",\"name\":\"Raquel Oshio\",\"image\":{\"@type\":\"ImageObject\",\"inLanguage\":\"pt-BR\",\"@id\":\"https:\/\/militares.estrategia.com\/portal\/#\/schema\/person\/image\/\",\"url\":\"https:\/\/secure.gravatar.com\/avatar\/fa4e62d5e59d9cf9995ea9c715a78807?s=96&d=mm&r=g\",\"contentUrl\":\"https:\/\/secure.gravatar.com\/avatar\/fa4e62d5e59d9cf9995ea9c715a78807?s=96&d=mm&r=g\",\"caption\":\"Raquel Oshio\"},\"description\":\"Raquel Kie \u00e9 amante de hist\u00f3rias e ca\u00e7adora de belezas escondidas. Jornalista de profiss\u00e3o e cora\u00e7\u00e3o. Desenhista e escritora de fic\u00e7\u00e3o nas horas vagas. Acredito no potencial transformador de todo trabalho feito com dedica\u00e7\u00e3o.\",\"url\":\"https:\/\/militares.estrategia.com\/portal\/author\/raqueloshio\/\"}]}<\/script>\n<!-- \/ Yoast SEO Premium plugin. -->","yoast_head_json":{"title":"Inscri\u00e7\u00e3o IME 2023: confira o passo a passo! | Estrat\u00e9gia Militares","description":"N\u00e3o sabe como se inscrever no Concurso IME 2023? Confira o passo a passo que o Estrat\u00e9gia Militares preparou para voc\u00ea!","robots":{"index":"index","follow":"follow","max-snippet":"max-snippet:-1","max-image-preview":"max-image-preview:large","max-video-preview":"max-video-preview:-1"},"canonical":"https:\/\/militares.estrategia.com\/portal\/guias\/concurso-ime\/","og_locale":"pt_BR","og_type":"article","og_title":"Inscri\u00e7\u00e3o IME 2023: confira o passo a passo!","og_description":"N\u00e3o sabe como se inscrever no Concurso IME 2023? Confira o passo a passo que o Estrat\u00e9gia Militares preparou para voc\u00ea!","og_url":"https:\/\/militares.estrategia.com\/portal\/guias\/concurso-ime\/","og_site_name":"Estrat\u00e9gia Militares","article_publisher":"https:\/\/www.facebook.com\/EstrategiaMilitares","article_published_time":"2022-06-01T13:08:58+00:00","article_modified_time":"2022-08-04T12:11:12+00:00","og_image":[{"width":960,"height":540,"url":"https:\/\/cdn.blog.estrategiavestibulares.com.br\/vestibulares\/wp-content\/uploads\/2022\/05\/Capas-.jpg","type":"image\/jpeg"}],"author":"Raquel Oshio","twitter_card":"summary_large_image","twitter_creator":"@estrategiamilit","twitter_site":"@estrategiamilit","twitter_misc":{"Escrito por":"Raquel Oshio","Est. tempo de leitura":"6 minutos"},"schema":{"@context":"https:\/\/schema.org","@graph":[{"@type":"Article","@id":"https:\/\/militares.estrategia.com\/portal\/guias\/concurso-ime\/#article","isPartOf":{"@id":"https:\/\/militares.estrategia.com\/portal\/escolas-militares\/exercito\/ime\/inscricao-ime-passo-a-passo\/"},"author":{"name":"Raquel Oshio","@id":"https:\/\/militares.estrategia.com\/portal\/#\/schema\/person\/46e1f54d690b6a851270112cd62d2f37"},"headline":"Inscri\u00e7\u00e3o IME 2023: confira o passo a passo!","datePublished":"2022-06-01T13:08:58+00:00","dateModified":"2022-08-04T12:11:12+00:00","mainEntityOfPage":{"@id":"https:\/\/militares.estrategia.com\/portal\/escolas-militares\/exercito\/ime\/inscricao-ime-passo-a-passo\/"},"wordCount":1157,"publisher":{"@id":"https:\/\/militares.estrategia.com\/portal\/#organization"},"image":{"@id":"https:\/\/militares.estrategia.com\/portal\/guias\/concurso-ime\/#primaryimage"},"thumbnailUrl":"https:\/\/militares.estrategia.com\/portal\/wp-content\/uploads\/2022\/05\/Capas-.jpg","articleSection":["IME"],"inLanguage":"pt-BR"},{"@type":"WebPage","@id":"https:\/\/militares.estrategia.com\/portal\/escolas-militares\/exercito\/ime\/inscricao-ime-passo-a-passo\/","url":"https:\/\/militares.estrategia.com\/portal\/guias\/concurso-ime\/","name":"Inscri\u00e7\u00e3o IME 2023: confira o passo a passo! | Estrat\u00e9gia Militares","isPartOf":{"@id":"https:\/\/militares.estrategia.com\/portal\/#website"},"primaryImageOfPage":{"@id":"https:\/\/militares.estrategia.com\/portal\/guias\/concurso-ime\/#primaryimage"},"image":{"@id":"https:\/\/militares.estrategia.com\/portal\/guias\/concurso-ime\/#primaryimage"},"thumbnailUrl":"https:\/\/militares.estrategia.com\/portal\/wp-content\/uploads\/2022\/05\/Capas-.jpg","datePublished":"2022-06-01T13:08:58+00:00","dateModified":"2022-08-04T12:11:12+00:00","description":"N\u00e3o sabe como se inscrever no Concurso IME 2023? Confira o passo a passo que o Estrat\u00e9gia Militares preparou para voc\u00ea!","breadcrumb":{"@id":"https:\/\/militares.estrategia.com\/portal\/guias\/concurso-ime\/#breadcrumb"},"inLanguage":"pt-BR","potentialAction":[{"@type":"ReadAction","target":["https:\/\/militares.estrategia.com\/portal\/guias\/concurso-ime\/"]}]},{"@type":"ImageObject","inLanguage":"pt-BR","@id":"https:\/\/militares.estrategia.com\/portal\/guias\/concurso-ime\/#primaryimage","url":"https:\/\/militares.estrategia.com\/portal\/wp-content\/uploads\/2022\/05\/Capas-.jpg","contentUrl":"https:\/\/militares.estrategia.com\/portal\/wp-content\/uploads\/2022\/05\/Capas-.jpg","width":960,"height":540},{"@type":"BreadcrumbList","@id":"https:\/\/militares.estrategia.com\/portal\/guias\/concurso-ime\/#breadcrumb","itemListElement":[{"@type":"ListItem","position":1,"name":"Home","item":"https:\/\/militares.estrategia.com\/portal\/"},{"@type":"ListItem","position":2,"name":"Escolas Militares","item":"https:\/\/militares.estrategia.com\/portal\/escolas-militares\/"},{"@type":"ListItem","position":3,"name":"Ex\u00e9rcito","item":"https:\/\/militares.estrategia.com\/portal\/escolas-militares\/exercito\/"},{"@type":"ListItem","position":4,"name":"IME","item":"https:\/\/militares.estrategia.com\/portal\/escolas-militares\/exercito\/ime\/"},{"@type":"ListItem","position":5,"name":"Inscri\u00e7\u00e3o IME 2023: confira o passo a passo!"}]},{"@type":"WebSite","@id":"https:\/\/militares.estrategia.com\/portal\/#website","url":"https:\/\/militares.estrategia.com\/portal\/","name":"Estrat\u00e9gia Militares","description":"","publisher":{"@id":"https:\/\/militares.estrategia.com\/portal\/#organization"},"potentialAction":[{"@type":"SearchAction","target":{"@type":"EntryPoint","urlTemplate":"https:\/\/militares.estrategia.com\/portal\/?s={search_term_string}"},"query-input":{"@type":"PropertyValueSpecification","valueRequired":true,"valueName":"search_term_string"}}],"inLanguage":"pt-BR"},{"@type":"Organization","@id":"https:\/\/militares.estrategia.com\/portal\/#organization","name":"Estrat\u00e9gia Militares","url":"https:\/\/militares.estrategia.com\/portal\/","logo":{"@type":"ImageObject","inLanguage":"pt-BR","@id":"https:\/\/militares.estrategia.com\/portal\/#\/schema\/logo\/image\/","url":"https:\/\/militares.estrategia.com\/portal\/wp-content\/uploads\/2021\/10\/logo-militares.webp","contentUrl":"https:\/\/militares.estrategia.com\/portal\/wp-content\/uploads\/2021\/10\/logo-militares.webp","width":346,"height":90,"caption":"Estrat\u00e9gia Militares"},"image":{"@id":"https:\/\/militares.estrategia.com\/portal\/#\/schema\/logo\/image\/"},"sameAs":["https:\/\/www.facebook.com\/EstrategiaMilitares","https:\/\/x.com\/estrategiamilit","https:\/\/www.instagram.com\/estrategiamilitares\/","https:\/\/www.youtube.com\/channel\/UCRG_9hakCqXxnj_8TqCdgTA"]},{"@type":"Person","@id":"https:\/\/militares.estrategia.com\/portal\/#\/schema\/person\/46e1f54d690b6a851270112cd62d2f37","name":"Raquel Oshio","image":{"@type":"ImageObject","inLanguage":"pt-BR","@id":"https:\/\/militares.estrategia.com\/portal\/#\/schema\/person\/image\/","url":"https:\/\/secure.gravatar.com\/avatar\/fa4e62d5e59d9cf9995ea9c715a78807?s=96&d=mm&r=g","contentUrl":"https:\/\/secure.gravatar.com\/avatar\/fa4e62d5e59d9cf9995ea9c715a78807?s=96&d=mm&r=g","caption":"Raquel Oshio"},"description":"Raquel Kie \u00e9 amante de hist\u00f3rias e ca\u00e7adora de belezas escondidas. Jornalista de profiss\u00e3o e cora\u00e7\u00e3o. Desenhista e escritora de fic\u00e7\u00e3o nas horas vagas. Acredito no potencial transformador de todo trabalho feito com dedica\u00e7\u00e3o.","url":"https:\/\/militares.estrategia.com\/portal\/author\/raqueloshio\/"}]}},"_wl_alt_label":[],"wl:entity_url":"https:\/\/data.wordlift.io\/wl110246\/post\/inscricao-ime-2023-confira-o-passo-a-passo-54904","_links":{"self":[{"href":"https:\/\/militares.estrategia.com\/portal\/wp-json\/wp\/v2\/posts\/54904","targetHints":{"allow":["GET"]}}],"collection":[{"href":"https:\/\/militares.estrategia.com\/portal\/wp-json\/wp\/v2\/posts"}],"about":[{"href":"https:\/\/militares.estrategia.com\/portal\/wp-json\/wp\/v2\/types\/post"}],"author":[{"embeddable":true,"href":"https:\/\/militares.estrategia.com\/portal\/wp-json\/wp\/v2\/users\/9"}],"replies":[{"embeddable":true,"href":"https:\/\/militares.estrategia.com\/portal\/wp-json\/wp\/v2\/comments?post=54904"}],"version-history":[{"count":6,"href":"https:\/\/militares.estrategia.com\/portal\/wp-json\/wp\/v2\/posts\/54904\/revisions"}],"predecessor-version":[{"id":57531,"href":"https:\/\/militares.estrategia.com\/portal\/wp-json\/wp\/v2\/posts\/54904\/revisions\/57531"}],"wp:featuredmedia":[{"embeddable":true,"href":"https:\/\/militares.estrategia.com\/portal\/wp-json\/wp\/v2\/media\/54907"}],"wp:attachment":[{"href":"https:\/\/militares.estrategia.com\/portal\/wp-json\/wp\/v2\/media?parent=54904"}],"wp:term":[{"taxonomy":"category","embeddable":true,"href":"https:\/\/militares.estrategia.com\/portal\/wp-json\/wp\/v2\/categories?post=54904"},{"taxonomy":"post_tag","embeddable":true,"href":"https:\/\/militares.estrategia.com\/portal\/wp-json\/wp\/v2\/tags?post=54904"},{"taxonomy":"wl_entity_type","embeddable":true,"href":"https:\/\/militares.estrategia.com\/portal\/wp-json\/wp\/v2\/wl_entity_type?post=54904"}],"curies":[{"name":"wp","href":"https:\/\/api.w.org\/{rel}","templated":true}]}}