{"id":54902,"date":"2022-05-31T11:37:35","date_gmt":"2022-05-31T14:37:35","guid":{"rendered":"https:\/\/militares.estrategia.com\/portal\/?p=54902"},"modified":"2022-08-04T09:26:55","modified_gmt":"2022-08-04T12:26:55","slug":"ime-manual-do-candidato-e-divulgado","status":"publish","type":"post","link":"https:\/\/militares.estrategia.com\/portal\/noticias\/ime-manual-do-candidato-e-divulgado\/","title":{"rendered":"IME 2023: manual do candidato \u00e9 divulgado"},"content":{"rendered":"\n<p>O&nbsp;<strong>manual do candidato<\/strong> ime<strong> 2023<\/strong>&nbsp;foi divulgado nesta ter\u00e7a, dia 31 de maio, na p\u00e1gina do seletivo. O seletivo do Instituto Militar de Engenharia oferta vagas tanto para alunos civis quanto para aqueles que querem seguir carreira militar.<\/p>\n\n\n\n<p>As<strong>&nbsp;inscri\u00e7\u00f5es estar\u00e3o abertas a partir de 1 de junho e v\u00e3o at\u00e9 11 de julho deste ano<\/strong>. O candidato precisa cumprir os seguintes requisitos para realizar sua inscri\u00e7\u00e3o:<\/p>\n\n\n\n<ul class=\"wp-block-list\"><li>Pagar a taxa de inscri\u00e7\u00e3o no valor de&nbsp;<strong>R$ 140,00<\/strong>&nbsp;(exceto o candidato que preencha um ou mais requisitos que lhe permitam a isen\u00e7\u00e3o da taxa);<\/li><li>Ser brasileiro;<\/li><li>Ter, no m\u00e1ximo,&nbsp;<strong>22 anos de idade completados at\u00e9 31 de dezembro&nbsp;<\/strong>do ano da matr\u00edcula; e<\/li><li>Ter conclu\u00eddo ou estar concluindo o Ensino M\u00e9dio no ano do processo seletivo.<\/li><\/ul>\n\n\n\n<p>Confira o manual do candidato para n\u00e3o perder nada!<\/p>\n\n\n\n<div class=\"wp-block-buttons is-content-justification-center is-layout-flex wp-block-buttons-is-layout-flex\">\n<div class=\"wp-block-button is-style-outline is-style-outline--1\"><a class=\"wp-block-button__link has-black-color has-electric-grass-gradient-background has-text-color has-background\" href=\"https:\/\/militares.estrategia.com\/portal\/wp-content\/uploads\/2022\/05\/Manual_do_Candidato_-_2022.pdf\" target=\"_blank\" >manual do candidato ime<\/a><\/div>\n<\/div>\n\n\n\n<p>Esse ano o IME&nbsp;<strong>disponibilizar\u00e1 80 vagas para candidatos ao quadro de engenheiros da ativa e 12 vagas para candidatos da reserva.&nbsp;<\/strong><\/p>\n\n\n\n<h3 class=\"wp-block-heading\" id=\"h-exame-intelectual-ime\">Exame intelectual IME<\/h3>\n\n\n\n<p>No Concurso 2023, a Primeira Fase acontece 25 de setembro e a Segunda Fase, nos dias&nbsp;<strong>24 a 27 de outubro<\/strong>.<\/p>\n\n\n\n<p>Na&nbsp;<strong>Primeira Fase,<\/strong>&nbsp;o candidato realiza uma \u00fanica prova objetiva de&nbsp;<strong>40 quest\u00f5es,<\/strong>&nbsp;divididas entre as disciplinas de<strong>&nbsp;Matem\u00e1tica, F\u00edsica e Qu\u00edmica.<\/strong><\/p>\n\n\n\n<p>J\u00e1 a&nbsp;<strong>Segunda Fase<\/strong>&nbsp;s\u00e3o&nbsp;<strong>quatro dias de prova<\/strong>, sendo os tr\u00eas primeiros de provas dissertativas de&nbsp;<strong>matem\u00e1tica, f\u00edsica e qu\u00edmica<\/strong>, sendo realizada uma mat\u00e9ria por dia. O \u00faltimo dia consiste em uma prova objetiva de&nbsp;<strong>portugu\u00eas e ingl\u00eas<\/strong>, al\u00e9m da produ\u00e7\u00e3o de uma&nbsp;<strong><a href=\"https:\/\/militares.estrategia.com\/portal\/redacao\/temas-de-redacao-ime-ita\/\" target=\"_blank\" >reda\u00e7\u00e3o<\/a><\/strong>.&nbsp;<\/p>\n\n\n\n<p>Confira as datas do concurso:<\/p>\n\n\n\n<ul class=\"wp-block-list\"><li><strong>Per\u00edodo de Inscri\u00e7\u00e3o:<\/strong>\u00a001\/06 a 11\/07\/2022;<\/li><li><strong>Pedidos de isen\u00e7\u00e3o de taxa:\u00a0<\/strong>06 a 10\/06\/2022;<\/li><li><strong>Pagamento da inscri\u00e7\u00e3o:<\/strong>\u00a0at\u00e9 12\/07\/2022;<\/li><li><strong>1<sup>a\u00a0<\/sup>fase \u2013 Prova Objetiva:<\/strong>\u00a025\/09\/2022;<\/li><li><strong>Gabarito da Prova Objetiva \u2013 1<sup>a\u00a0<\/sup>fase:<\/strong>\u00a025\/09\/2022;<\/li><li><strong>Convocados para 2<sup>a<\/sup>\u00a0fase:\u00a0<\/strong>at\u00e9 10\/10\/2022;<\/li><li><strong>Prova Discursiva de Matem\u00e1ria \u2013 2<sup>a<\/sup>\u00a0fase:<\/strong>\u00a024\/10\/2022;<\/li><li><strong>Prova Discursiva de F\u00edsica \u2013 2<sup>a<\/sup>\u00a0fase:\u00a0<\/strong>25\/10\/2022;<\/li><li><strong>Prova Discursiva de Qu\u00edmica \u2013 2<sup>a<\/sup>\u00a0fase:\u00a0<\/strong>26\/10\/2022;<\/li><li><strong>Prova Discursiva de Portugu\u00eas e Ingl\u00eas \u2013 2<sup>a<\/sup>\u00a0fase:\u00a0<\/strong>27\/10\/2022;<\/li><li><strong>Lista de aprovados e classificados:<\/strong>\u00a0at\u00e9 08\/12\/2022;<\/li><li><strong>Inspe\u00e7\u00e3o de Sa\u00fade, Exame de Aptid\u00e3o F\u00edsica, Avalia\u00e7\u00e3o Psicol\u00f3gica, Procedimento de heteroidentifica\u00e7\u00e3o e Per\u00edodo de Adapta\u00e7\u00e3o:<\/strong>\u00a009\/01 a 16\/02\/2023; e<\/li><li><strong>Matr\u00edcula:\u00a0<\/strong>10\/02\/2023.<\/li><\/ul>\n\n\n\n<p><\/p>\n\n\n\n<p><\/p>\n\n\n","protected":false},"excerpt":{"rendered":"O&nbsp;manual do candidato ime 2023&nbsp;foi divulgado nesta ter\u00e7a, dia 31 de maio, na p\u00e1gina do seletivo. O seletivo&hellip;\n","protected":false},"author":18,"featured_media":47831,"comment_status":"closed","ping_status":"closed","sticky":false,"template":"","format":"standard","meta":{"wl_entities_gutenberg":"","footnotes":""},"categories":[36],"tags":[],"wl_entity_type":[187],"class_list":{"0":"post-54902","1":"post","2":"type-post","3":"status-publish","4":"format-standard","5":"has-post-thumbnail","7":"category-noticias","8":"wl_entity_type-article"},"acf":[],"yoast_head":"<!-- This site is optimized with the Yoast SEO Premium plugin v26.6 (Yoast SEO v26.6) - https:\/\/yoast.com\/wordpress\/plugins\/seo\/ -->\n<title>IME 2023: manual do candidato \u00e9 divulgado<\/title>\n<meta name=\"description\" content=\"O\u00a0manual do candidato ime 2023\u00a0foi divulgado nesta ter\u00e7a, dia 31 de maio. As\u00a0inscri\u00e7\u00f5es estar\u00e3o abertas a partir de 1 de junho!\" \/>\n<meta name=\"robots\" content=\"index, follow, max-snippet:-1, max-image-preview:large, max-video-preview:-1\" \/>\n<link rel=\"canonical\" href=\"https:\/\/militares.estrategia.com\/portal\/noticias\/ime-manual-do-candidato-e-divulgado\/\" \/>\n<meta property=\"og:locale\" content=\"pt_BR\" \/>\n<meta property=\"og:type\" content=\"article\" \/>\n<meta property=\"og:title\" content=\"IME 2023: manual do candidato \u00e9 divulgado\" \/>\n<meta property=\"og:description\" content=\"O\u00a0manual do candidato ime 2023\u00a0foi divulgado nesta ter\u00e7a, dia 31 de maio. As\u00a0inscri\u00e7\u00f5es estar\u00e3o abertas a partir de 1 de junho!\" \/>\n<meta property=\"og:url\" content=\"https:\/\/militares.estrategia.com\/portal\/noticias\/ime-manual-do-candidato-e-divulgado\/\" \/>\n<meta property=\"og:site_name\" content=\"Estrat\u00e9gia Militares\" \/>\n<meta property=\"article:publisher\" content=\"https:\/\/www.facebook.com\/EstrategiaMilitares\" \/>\n<meta property=\"article:published_time\" content=\"2022-05-31T14:37:35+00:00\" \/>\n<meta property=\"article:modified_time\" content=\"2022-08-04T12:26:55+00:00\" \/>\n<meta property=\"og:image\" content=\"https:\/\/cdn.blog.estrategiavestibulares.com.br\/vestibulares\/wp-content\/uploads\/2021\/09\/EM_Capa_Blog07_.jpg\" \/>\n\t<meta property=\"og:image:width\" content=\"750\" \/>\n\t<meta property=\"og:image:height\" content=\"420\" \/>\n\t<meta property=\"og:image:type\" content=\"image\/jpeg\" \/>\n<meta name=\"author\" content=\"Pedro Alcantara\" \/>\n<meta name=\"twitter:card\" content=\"summary_large_image\" \/>\n<meta name=\"twitter:creator\" content=\"@estrategiamilit\" \/>\n<meta name=\"twitter:site\" content=\"@estrategiamilit\" \/>\n<meta name=\"twitter:label1\" content=\"Escrito por\" \/>\n\t<meta name=\"twitter:data1\" content=\"Pedro Alcantara\" \/>\n\t<meta name=\"twitter:label2\" content=\"Est. tempo de leitura\" \/>\n\t<meta name=\"twitter:data2\" content=\"3 minutos\" \/>\n<script type=\"application\/ld+json\" class=\"yoast-schema-graph\">{\"@context\":\"https:\/\/schema.org\",\"@graph\":[{\"@type\":\"Article\",\"@id\":\"https:\/\/militares.estrategia.com\/portal\/noticias\/ime-manual-do-candidato-e-divulgado\/#article\",\"isPartOf\":{\"@id\":\"https:\/\/militares.estrategia.com\/portal\/noticias\/ime-manual-do-candidato-e-divulgado\/\"},\"author\":{\"name\":\"Pedro Alcantara\",\"@id\":\"https:\/\/militares.estrategia.com\/portal\/#\/schema\/person\/d52a8bb9d3a4693ffcfbe862dc250f79\"},\"headline\":\"IME 2023: manual do candidato \u00e9 divulgado\",\"datePublished\":\"2022-05-31T14:37:35+00:00\",\"dateModified\":\"2022-08-04T12:26:55+00:00\",\"mainEntityOfPage\":{\"@id\":\"https:\/\/militares.estrategia.com\/portal\/noticias\/ime-manual-do-candidato-e-divulgado\/\"},\"wordCount\":397,\"publisher\":{\"@id\":\"https:\/\/militares.estrategia.com\/portal\/#organization\"},\"image\":{\"@id\":\"https:\/\/militares.estrategia.com\/portal\/noticias\/ime-manual-do-candidato-e-divulgado\/#primaryimage\"},\"thumbnailUrl\":\"https:\/\/militares.estrategia.com\/portal\/wp-content\/uploads\/2021\/09\/EM_Capa_Blog07_.jpg\",\"articleSection\":[\"Not\u00edcias\"],\"inLanguage\":\"pt-BR\"},{\"@type\":\"WebPage\",\"@id\":\"https:\/\/militares.estrategia.com\/portal\/noticias\/ime-manual-do-candidato-e-divulgado\/\",\"url\":\"https:\/\/militares.estrategia.com\/portal\/noticias\/ime-manual-do-candidato-e-divulgado\/\",\"name\":\"IME 2023: manual do candidato \u00e9 divulgado\",\"isPartOf\":{\"@id\":\"https:\/\/militares.estrategia.com\/portal\/#website\"},\"primaryImageOfPage\":{\"@id\":\"https:\/\/militares.estrategia.com\/portal\/noticias\/ime-manual-do-candidato-e-divulgado\/#primaryimage\"},\"image\":{\"@id\":\"https:\/\/militares.estrategia.com\/portal\/noticias\/ime-manual-do-candidato-e-divulgado\/#primaryimage\"},\"thumbnailUrl\":\"https:\/\/militares.estrategia.com\/portal\/wp-content\/uploads\/2021\/09\/EM_Capa_Blog07_.jpg\",\"datePublished\":\"2022-05-31T14:37:35+00:00\",\"dateModified\":\"2022-08-04T12:26:55+00:00\",\"description\":\"O\u00a0manual do candidato ime 2023\u00a0foi divulgado nesta ter\u00e7a, dia 31 de maio. As\u00a0inscri\u00e7\u00f5es estar\u00e3o abertas a partir de 1 de junho!\",\"breadcrumb\":{\"@id\":\"https:\/\/militares.estrategia.com\/portal\/noticias\/ime-manual-do-candidato-e-divulgado\/#breadcrumb\"},\"inLanguage\":\"pt-BR\",\"potentialAction\":[{\"@type\":\"ReadAction\",\"target\":[\"https:\/\/militares.estrategia.com\/portal\/noticias\/ime-manual-do-candidato-e-divulgado\/\"]}]},{\"@type\":\"ImageObject\",\"inLanguage\":\"pt-BR\",\"@id\":\"https:\/\/militares.estrategia.com\/portal\/noticias\/ime-manual-do-candidato-e-divulgado\/#primaryimage\",\"url\":\"https:\/\/militares.estrategia.com\/portal\/wp-content\/uploads\/2021\/09\/EM_Capa_Blog07_.jpg\",\"contentUrl\":\"https:\/\/militares.estrategia.com\/portal\/wp-content\/uploads\/2021\/09\/EM_Capa_Blog07_.jpg\",\"width\":750,\"height\":420,\"caption\":\"IME\"},{\"@type\":\"BreadcrumbList\",\"@id\":\"https:\/\/militares.estrategia.com\/portal\/noticias\/ime-manual-do-candidato-e-divulgado\/#breadcrumb\",\"itemListElement\":[{\"@type\":\"ListItem\",\"position\":1,\"name\":\"Home\",\"item\":\"https:\/\/militares.estrategia.com\/portal\/\"},{\"@type\":\"ListItem\",\"position\":2,\"name\":\"Not\u00edcias\",\"item\":\"https:\/\/militares.estrategia.com\/portal\/noticias\/\"},{\"@type\":\"ListItem\",\"position\":3,\"name\":\"IME 2023: manual do candidato \u00e9 divulgado\"}]},{\"@type\":\"WebSite\",\"@id\":\"https:\/\/militares.estrategia.com\/portal\/#website\",\"url\":\"https:\/\/militares.estrategia.com\/portal\/\",\"name\":\"Estrat\u00e9gia Militares\",\"description\":\"\",\"publisher\":{\"@id\":\"https:\/\/militares.estrategia.com\/portal\/#organization\"},\"potentialAction\":[{\"@type\":\"SearchAction\",\"target\":{\"@type\":\"EntryPoint\",\"urlTemplate\":\"https:\/\/militares.estrategia.com\/portal\/?s={search_term_string}\"},\"query-input\":{\"@type\":\"PropertyValueSpecification\",\"valueRequired\":true,\"valueName\":\"search_term_string\"}}],\"inLanguage\":\"pt-BR\"},{\"@type\":\"Organization\",\"@id\":\"https:\/\/militares.estrategia.com\/portal\/#organization\",\"name\":\"Estrat\u00e9gia Militares\",\"url\":\"https:\/\/militares.estrategia.com\/portal\/\",\"logo\":{\"@type\":\"ImageObject\",\"inLanguage\":\"pt-BR\",\"@id\":\"https:\/\/militares.estrategia.com\/portal\/#\/schema\/logo\/image\/\",\"url\":\"https:\/\/militares.estrategia.com\/portal\/wp-content\/uploads\/2021\/10\/logo-militares.webp\",\"contentUrl\":\"https:\/\/militares.estrategia.com\/portal\/wp-content\/uploads\/2021\/10\/logo-militares.webp\",\"width\":346,\"height\":90,\"caption\":\"Estrat\u00e9gia Militares\"},\"image\":{\"@id\":\"https:\/\/militares.estrategia.com\/portal\/#\/schema\/logo\/image\/\"},\"sameAs\":[\"https:\/\/www.facebook.com\/EstrategiaMilitares\",\"https:\/\/x.com\/estrategiamilit\",\"https:\/\/www.instagram.com\/estrategiamilitares\/\",\"https:\/\/www.youtube.com\/channel\/UCRG_9hakCqXxnj_8TqCdgTA\"]},{\"@type\":\"Person\",\"@id\":\"https:\/\/militares.estrategia.com\/portal\/#\/schema\/person\/d52a8bb9d3a4693ffcfbe862dc250f79\",\"name\":\"Pedro Alcantara\",\"image\":{\"@type\":\"ImageObject\",\"inLanguage\":\"pt-BR\",\"@id\":\"https:\/\/militares.estrategia.com\/portal\/#\/schema\/person\/image\/\",\"url\":\"https:\/\/secure.gravatar.com\/avatar\/2ff815c569bab8558bec32641d54e1af?s=96&d=mm&r=g\",\"contentUrl\":\"https:\/\/secure.gravatar.com\/avatar\/2ff815c569bab8558bec32641d54e1af?s=96&d=mm&r=g\",\"caption\":\"Pedro Alcantara\"},\"url\":\"https:\/\/militares.estrategia.com\/portal\/author\/pedro\/\"}]}<\/script>\n<!-- \/ Yoast SEO Premium plugin. -->","yoast_head_json":{"title":"IME 2023: manual do candidato \u00e9 divulgado","description":"O\u00a0manual do candidato ime 2023\u00a0foi divulgado nesta ter\u00e7a, dia 31 de maio. As\u00a0inscri\u00e7\u00f5es estar\u00e3o abertas a partir de 1 de junho!","robots":{"index":"index","follow":"follow","max-snippet":"max-snippet:-1","max-image-preview":"max-image-preview:large","max-video-preview":"max-video-preview:-1"},"canonical":"https:\/\/militares.estrategia.com\/portal\/noticias\/ime-manual-do-candidato-e-divulgado\/","og_locale":"pt_BR","og_type":"article","og_title":"IME 2023: manual do candidato \u00e9 divulgado","og_description":"O\u00a0manual do candidato ime 2023\u00a0foi divulgado nesta ter\u00e7a, dia 31 de maio. As\u00a0inscri\u00e7\u00f5es estar\u00e3o abertas a partir de 1 de junho!","og_url":"https:\/\/militares.estrategia.com\/portal\/noticias\/ime-manual-do-candidato-e-divulgado\/","og_site_name":"Estrat\u00e9gia Militares","article_publisher":"https:\/\/www.facebook.com\/EstrategiaMilitares","article_published_time":"2022-05-31T14:37:35+00:00","article_modified_time":"2022-08-04T12:26:55+00:00","og_image":[{"width":750,"height":420,"url":"https:\/\/cdn.blog.estrategiavestibulares.com.br\/vestibulares\/wp-content\/uploads\/2021\/09\/EM_Capa_Blog07_.jpg","type":"image\/jpeg"}],"author":"Pedro Alcantara","twitter_card":"summary_large_image","twitter_creator":"@estrategiamilit","twitter_site":"@estrategiamilit","twitter_misc":{"Escrito por":"Pedro Alcantara","Est. tempo de leitura":"3 minutos"},"schema":{"@context":"https:\/\/schema.org","@graph":[{"@type":"Article","@id":"https:\/\/militares.estrategia.com\/portal\/noticias\/ime-manual-do-candidato-e-divulgado\/#article","isPartOf":{"@id":"https:\/\/militares.estrategia.com\/portal\/noticias\/ime-manual-do-candidato-e-divulgado\/"},"author":{"name":"Pedro Alcantara","@id":"https:\/\/militares.estrategia.com\/portal\/#\/schema\/person\/d52a8bb9d3a4693ffcfbe862dc250f79"},"headline":"IME 2023: manual do candidato \u00e9 divulgado","datePublished":"2022-05-31T14:37:35+00:00","dateModified":"2022-08-04T12:26:55+00:00","mainEntityOfPage":{"@id":"https:\/\/militares.estrategia.com\/portal\/noticias\/ime-manual-do-candidato-e-divulgado\/"},"wordCount":397,"publisher":{"@id":"https:\/\/militares.estrategia.com\/portal\/#organization"},"image":{"@id":"https:\/\/militares.estrategia.com\/portal\/noticias\/ime-manual-do-candidato-e-divulgado\/#primaryimage"},"thumbnailUrl":"https:\/\/militares.estrategia.com\/portal\/wp-content\/uploads\/2021\/09\/EM_Capa_Blog07_.jpg","articleSection":["Not\u00edcias"],"inLanguage":"pt-BR"},{"@type":"WebPage","@id":"https:\/\/militares.estrategia.com\/portal\/noticias\/ime-manual-do-candidato-e-divulgado\/","url":"https:\/\/militares.estrategia.com\/portal\/noticias\/ime-manual-do-candidato-e-divulgado\/","name":"IME 2023: manual do candidato \u00e9 divulgado","isPartOf":{"@id":"https:\/\/militares.estrategia.com\/portal\/#website"},"primaryImageOfPage":{"@id":"https:\/\/militares.estrategia.com\/portal\/noticias\/ime-manual-do-candidato-e-divulgado\/#primaryimage"},"image":{"@id":"https:\/\/militares.estrategia.com\/portal\/noticias\/ime-manual-do-candidato-e-divulgado\/#primaryimage"},"thumbnailUrl":"https:\/\/militares.estrategia.com\/portal\/wp-content\/uploads\/2021\/09\/EM_Capa_Blog07_.jpg","datePublished":"2022-05-31T14:37:35+00:00","dateModified":"2022-08-04T12:26:55+00:00","description":"O\u00a0manual do candidato ime 2023\u00a0foi divulgado nesta ter\u00e7a, dia 31 de maio. As\u00a0inscri\u00e7\u00f5es estar\u00e3o abertas a partir de 1 de junho!","breadcrumb":{"@id":"https:\/\/militares.estrategia.com\/portal\/noticias\/ime-manual-do-candidato-e-divulgado\/#breadcrumb"},"inLanguage":"pt-BR","potentialAction":[{"@type":"ReadAction","target":["https:\/\/militares.estrategia.com\/portal\/noticias\/ime-manual-do-candidato-e-divulgado\/"]}]},{"@type":"ImageObject","inLanguage":"pt-BR","@id":"https:\/\/militares.estrategia.com\/portal\/noticias\/ime-manual-do-candidato-e-divulgado\/#primaryimage","url":"https:\/\/militares.estrategia.com\/portal\/wp-content\/uploads\/2021\/09\/EM_Capa_Blog07_.jpg","contentUrl":"https:\/\/militares.estrategia.com\/portal\/wp-content\/uploads\/2021\/09\/EM_Capa_Blog07_.jpg","width":750,"height":420,"caption":"IME"},{"@type":"BreadcrumbList","@id":"https:\/\/militares.estrategia.com\/portal\/noticias\/ime-manual-do-candidato-e-divulgado\/#breadcrumb","itemListElement":[{"@type":"ListItem","position":1,"name":"Home","item":"https:\/\/militares.estrategia.com\/portal\/"},{"@type":"ListItem","position":2,"name":"Not\u00edcias","item":"https:\/\/militares.estrategia.com\/portal\/noticias\/"},{"@type":"ListItem","position":3,"name":"IME 2023: manual do candidato \u00e9 divulgado"}]},{"@type":"WebSite","@id":"https:\/\/militares.estrategia.com\/portal\/#website","url":"https:\/\/militares.estrategia.com\/portal\/","name":"Estrat\u00e9gia Militares","description":"","publisher":{"@id":"https:\/\/militares.estrategia.com\/portal\/#organization"},"potentialAction":[{"@type":"SearchAction","target":{"@type":"EntryPoint","urlTemplate":"https:\/\/militares.estrategia.com\/portal\/?s={search_term_string}"},"query-input":{"@type":"PropertyValueSpecification","valueRequired":true,"valueName":"search_term_string"}}],"inLanguage":"pt-BR"},{"@type":"Organization","@id":"https:\/\/militares.estrategia.com\/portal\/#organization","name":"Estrat\u00e9gia Militares","url":"https:\/\/militares.estrategia.com\/portal\/","logo":{"@type":"ImageObject","inLanguage":"pt-BR","@id":"https:\/\/militares.estrategia.com\/portal\/#\/schema\/logo\/image\/","url":"https:\/\/militares.estrategia.com\/portal\/wp-content\/uploads\/2021\/10\/logo-militares.webp","contentUrl":"https:\/\/militares.estrategia.com\/portal\/wp-content\/uploads\/2021\/10\/logo-militares.webp","width":346,"height":90,"caption":"Estrat\u00e9gia Militares"},"image":{"@id":"https:\/\/militares.estrategia.com\/portal\/#\/schema\/logo\/image\/"},"sameAs":["https:\/\/www.facebook.com\/EstrategiaMilitares","https:\/\/x.com\/estrategiamilit","https:\/\/www.instagram.com\/estrategiamilitares\/","https:\/\/www.youtube.com\/channel\/UCRG_9hakCqXxnj_8TqCdgTA"]},{"@type":"Person","@id":"https:\/\/militares.estrategia.com\/portal\/#\/schema\/person\/d52a8bb9d3a4693ffcfbe862dc250f79","name":"Pedro Alcantara","image":{"@type":"ImageObject","inLanguage":"pt-BR","@id":"https:\/\/militares.estrategia.com\/portal\/#\/schema\/person\/image\/","url":"https:\/\/secure.gravatar.com\/avatar\/2ff815c569bab8558bec32641d54e1af?s=96&d=mm&r=g","contentUrl":"https:\/\/secure.gravatar.com\/avatar\/2ff815c569bab8558bec32641d54e1af?s=96&d=mm&r=g","caption":"Pedro Alcantara"},"url":"https:\/\/militares.estrategia.com\/portal\/author\/pedro\/"}]}},"_wl_alt_label":[],"wl:entity_url":"https:\/\/data.wordlift.io\/wl110246\/post\/im-54902","_links":{"self":[{"href":"https:\/\/militares.estrategia.com\/portal\/wp-json\/wp\/v2\/posts\/54902","targetHints":{"allow":["GET"]}}],"collection":[{"href":"https:\/\/militares.estrategia.com\/portal\/wp-json\/wp\/v2\/posts"}],"about":[{"href":"https:\/\/militares.estrategia.com\/portal\/wp-json\/wp\/v2\/types\/post"}],"author":[{"embeddable":true,"href":"https:\/\/militares.estrategia.com\/portal\/wp-json\/wp\/v2\/users\/18"}],"replies":[{"embeddable":true,"href":"https:\/\/militares.estrategia.com\/portal\/wp-json\/wp\/v2\/comments?post=54902"}],"version-history":[{"count":3,"href":"https:\/\/militares.estrategia.com\/portal\/wp-json\/wp\/v2\/posts\/54902\/revisions"}],"predecessor-version":[{"id":57541,"href":"https:\/\/militares.estrategia.com\/portal\/wp-json\/wp\/v2\/posts\/54902\/revisions\/57541"}],"wp:featuredmedia":[{"embeddable":true,"href":"https:\/\/militares.estrategia.com\/portal\/wp-json\/wp\/v2\/media\/47831"}],"wp:attachment":[{"href":"https:\/\/militares.estrategia.com\/portal\/wp-json\/wp\/v2\/media?parent=54902"}],"wp:term":[{"taxonomy":"category","embeddable":true,"href":"https:\/\/militares.estrategia.com\/portal\/wp-json\/wp\/v2\/categories?post=54902"},{"taxonomy":"post_tag","embeddable":true,"href":"https:\/\/militares.estrategia.com\/portal\/wp-json\/wp\/v2\/tags?post=54902"},{"taxonomy":"wl_entity_type","embeddable":true,"href":"https:\/\/militares.estrategia.com\/portal\/wp-json\/wp\/v2\/wl_entity_type?post=54902"}],"curies":[{"name":"wp","href":"https:\/\/api.w.org\/{rel}","templated":true}]}}