{"id":54756,"date":"2022-05-24T15:40:50","date_gmt":"2022-05-24T18:40:50","guid":{"rendered":"https:\/\/militares.estrategia.com\/portal\/?p=54756"},"modified":"2022-11-17T21:11:07","modified_gmt":"2022-11-18T00:11:07","slug":"aviacao-de-patrulha-da-fab-saiba-mais-sobre-os-guardioes-do-litoral-brasileiro","status":"publish","type":"post","link":"https:\/\/militares.estrategia.com\/portal\/mundo-militar\/forcas-armadas\/aviacao-de-patrulha-da-fab-saiba-mais-sobre-os-guardioes-do-litoral-brasileiro\/","title":{"rendered":"Avia\u00e7\u00e3o de Patrulha da FAB: saiba mais sobre os guardi\u00f5es do litoral brasileiro"},"content":{"rendered":"\n<p>O dia 22 de Maio \u00e9 marcado pelo<strong> Dia da Avia\u00e7\u00e3o de Patrulha.<\/strong> Confira neste artigo que o Estrat\u00e9gia Militares preparou para voc\u00ea as principais informa\u00e7\u00f5es e curiosidades sobre os guardi\u00f5es do litoral brasileiro.<\/p>\n\n\n\n<p>O Brasil tem mais de 8 mil km de litoral e uma imensa responsabilidade na prote\u00e7\u00e3o das riquezas submersas do mar territorial, como a \u00e1rea do pr\u00e9-sal. A<strong>s aeronaves de patrulha s\u00e3o empregadas para defender a soberania nacional e salvar vidas h\u00e1 mais de 70 anos.<\/strong><\/p>\n\n\n\n<div id=\"ez-toc-container\" class=\"ez-toc-v2_0_79_2 counter-hierarchy ez-toc-counter ez-toc-transparent ez-toc-container-direction\">\n<div class=\"ez-toc-title-container\"><p class=\"ez-toc-title\" style=\"cursor:inherit\">Navegue pelo conte\u00fado\t<\/p>\n<\/div><nav><ul class='ez-toc-list ez-toc-list-level-1 ' ><li class='ez-toc-page-1 ez-toc-heading-level-2'><a class=\"ez-toc-link ez-toc-heading-1\" href=\"https:\/\/militares.estrategia.com\/portal\/mundo-militar\/forcas-armadas\/aviacao-de-patrulha-da-fab-saiba-mais-sobre-os-guardioes-do-litoral-brasileiro\/#Historia-da-Aviacao-de-Patrulha-da-FAB\" >Hist\u00f3ria da Avia\u00e7\u00e3o de Patrulha da FAB<\/a><\/li><li class='ez-toc-page-1 ez-toc-heading-level-2'><a class=\"ez-toc-link ez-toc-heading-2\" href=\"https:\/\/militares.estrategia.com\/portal\/mundo-militar\/forcas-armadas\/aviacao-de-patrulha-da-fab-saiba-mais-sobre-os-guardioes-do-litoral-brasileiro\/#Missao-da-Aviacao-de-Patrulha-da-FAB\" >Miss\u00e3o da Avia\u00e7\u00e3o de Patrulha da FAB<\/a><\/li><li class='ez-toc-page-1 ez-toc-heading-level-2'><a class=\"ez-toc-link ez-toc-heading-3\" href=\"https:\/\/militares.estrategia.com\/portal\/mundo-militar\/forcas-armadas\/aviacao-de-patrulha-da-fab-saiba-mais-sobre-os-guardioes-do-litoral-brasileiro\/#Aeronaves-da-Aviacao-de-Patrulha-da-FAB\" >Aeronaves da Avia\u00e7\u00e3o de Patrulha da FAB<\/a><\/li><\/ul><\/nav><\/div>\n<h2 class=\"wp-block-heading\" id=\"h-historia-da-aviacao-de-patrulha-da-fab\"><span class=\"ez-toc-section\" id=\"Historia-da-Aviacao-de-Patrulha-da-FAB\"><\/span>Hist\u00f3ria da Avia\u00e7\u00e3o de Patrulha da FAB<span class=\"ez-toc-section-end\"><\/span><\/h2>\n\n\n\n<p>A hist\u00f3ria da Avia\u00e7\u00e3o de Patrulha da For\u00e7a A\u00e9rea Brasileira (FAB) tem in\u00edcio durante a <a href=\"https:\/\/militares.estrategia.com\/portal\/historia\/brasil-na-2a-guerra-mundial-e-a-atuacao-da-feb\/\" target=\"_blank\" >2\u00aa Guerra Mundial<\/a>, em 1942. Os sucessivos ataques aos nossos navios mercantes pelos alem\u00e3es e as invas\u00f5es nas \u00e1guas territoriais do Brasil pelos italianos, fez a institui\u00e7\u00e3o destinar parte da sua frota de avi\u00f5es e pilotos \u00e0 escolta dos navios e <strong>ao monitoramento e seguran\u00e7a do litoral brasileiro<\/strong>.<\/p>\n\n\n\n<p>A cria\u00e7\u00e3o da comemora\u00e7\u00e3o pelo Dia da Avia\u00e7\u00e3o de Patrulha se deu porque na data aconteceu a primeira a\u00e7\u00e3o da rec\u00e9m-criada<a href=\"https:\/\/militares.estrategia.com\/portal\/guias\/aeronautica\/forca-aerea\/\" target=\"_blank\" > FAB<\/a> contra um submarino italiano. N\u00e3o seria poss\u00edvel dizer que ele era inimigo, pois o Brasil ainda n\u00e3o tinha decretado guerra contra o Eixo.<\/p>\n\n\n\n<p>O submarino Barbarigo possu\u00eda 8 tubos de torpedos, quatro metralhadoras antia\u00e9reas e dois canh\u00f5es de 100mm. Ele havia atacado um navio mercante brasileiro, o Comandante Lira, enquanto a FAB fazia um voo de instru\u00e7\u00e3o armada de patrulha.&nbsp;<\/p>\n\n\n\n<p>O avi\u00e3o utilizado, um Boeing B-25 bimotor, pertencia \u00e0 Base A\u00e9rea de Fortaleza. Quando a tripula\u00e7\u00e3o avistou o submarino italiano, o qual quatro dias antes havia atacado o navio Comandante Lira, lan\u00e7ou contra ele quatro bombas de 45 kg. O Barbarigo revidou com um tiro antia\u00e9reo e depois submergiu.<\/p>\n\n\n\n<p>Esse submarino tem uma hist\u00f3ria de sete afundamentos pelo mundo todo. Atuou na Am\u00e9rica do Norte, na Am\u00e9rica do Sul, na \u00c1sia, em Cingapura e acabou afundando no Golfo de Biscaia, na Europa.&nbsp;<\/p>\n\n\n\n<p>Os pilotos brasileiros que atacaram o submarino italiano eram os capit\u00e3es aviadores Parreiras Horta e Pamplona, al\u00e9m de instrutores americanos que estavam a bordo.<\/p>\n\n\n\n<h2 class=\"wp-block-heading\" id=\"h-missao-da-aviacao-de-patrulha-da-fab\"><span class=\"ez-toc-section\" id=\"Missao-da-Aviacao-de-Patrulha-da-FAB\"><\/span>Miss\u00e3o da Avia\u00e7\u00e3o de Patrulha da FAB<span class=\"ez-toc-section-end\"><\/span><\/h2>\n\n\n\n<p><strong>A Avia\u00e7\u00e3o de Patrulha da FAB realiza miss\u00f5es de busca e de salvamento (SAR) a n\u00e1ufragos, embarca\u00e7\u00f5es e aeronaves em alto mar. <\/strong>Isso \u00e9 poss\u00edvel gra\u00e7as a tecnologias de radares e sensores a bordo dos avi\u00f5es e militares treinados em busca e salvamento em alto mar.<\/p>\n\n\n\n<p><strong>Um dos membros da tripula\u00e7\u00e3o \u00e9 o observador,<\/strong> que tem a miss\u00e3o de coordenar a equipe em voo, de processar as informa\u00e7\u00f5es recebidas, de orientar as atividades de busca e salvamento e de auxiliar a tripula\u00e7\u00e3o na busca visual e no local da miss\u00e3o,&nbsp;<\/p>\n\n\n\n<p>Para monitorar a \u00e1rea de responsabilidade do Brasil no Oceano Atl\u00e2ntico, a FAB conta com tr\u00eas esquadr\u00f5es de patrulha ao longo da costa, sendo eles:<\/p>\n\n\n\n<ul class=\"wp-block-list\"><li>Esquadr\u00e3o Phoenix, em Florian\u00f3polis &#8211; SC<\/li><li>Esquadr\u00e3o Netuno, em Bel\u00e9m &#8211; PA; e&nbsp;<\/li><li>Esquadr\u00e3o Orungan, em Salvador &#8211; BA.<\/li><\/ul>\n\n\n\n<p><strong>As tr\u00eas unidades s\u00e3o respons\u00e1veis por manter a vigil\u00e2ncia e a prote\u00e7\u00e3o da Zona Econ\u00f4mica Exclusiva (ZEE) brasileira. <\/strong>A patrulha atua tamb\u00e9m contra crimes ambientais e fiscaliza a atividade econ\u00f4mica do Brasil.<\/p>\n\n\n\n<p>No mar territorial brasileiro, principalmente ap\u00f3s a descoberta de novas jazidas de petr\u00f3leo no pr\u00e9-sal, a fiscaliza\u00e7\u00e3o mar\u00edtima por meio da avia\u00e7\u00e3o se intensificou, <strong>visto a alta cobi\u00e7a internacional pela explora\u00e7\u00e3o petrol\u00edfera.<\/strong><\/p>\n\n\n\n<h2 class=\"wp-block-heading\" id=\"h-aeronaves-da-aviacao-de-patrulha-da-fab\"><span class=\"ez-toc-section\" id=\"Aeronaves-da-Aviacao-de-Patrulha-da-FAB\"><\/span>Aeronaves da Avia\u00e7\u00e3o de Patrulha da FAB<span class=\"ez-toc-section-end\"><\/span><\/h2>\n\n\n\n<p><strong>Atualmente, a FAB opera o P-95 (Bandeirulha) e o P-3AM (Orion) no patrulhamento<\/strong> da costa brasileira, protegendo e apoiando, em conjunto com a <a href=\"https:\/\/militares.estrategia.com\/portal\/guias\/marinha\/marinha-do-brasil\/\" target=\"_blank\" >Marinha do Brasil<\/a>, <strong>os 22 milh\u00f5es de quil\u00f4metros quadrados da \u201cAmaz\u00f4nia Azul\u201d.<\/strong><\/p>\n\n\n\n<h3 class=\"wp-block-heading\" id=\"h-p-95-bandeirulha\">P-95 Bandeirulha<\/h3>\n\n\n\n<p>O in\u00edcio da hist\u00f3ria do P-95 na FAB foi em meados da d\u00e9cada de 1970, visto que o antigo avi\u00e3o utilizado para o patrulhamento do mar territorial brasileiro, o B-69, j\u00e1 estava obsoleto. Como a Embraer havia lan\u00e7ado o EMB-110 Bandeirante, a FAB escolheu essa aeronave para substituir o B-69.<\/p>\n\n\n\n<div class=\"wp-block-image\"><figure class=\"aligncenter size-full\"><img decoding=\"async\" width=\"800\" height=\"544\" src=\"https:\/\/militares.estrategia.com\/portal\/wp-content\/uploads\/2022\/05\/image-11.jpeg\" alt=\"P-95AM Bandeirulha da Avia\u00e7\u00e3o de Patrulha da FAB\" class=\"wp-image-54758\" srcset=\"https:\/\/militares.estrategia.com\/portal\/wp-content\/uploads\/2022\/05\/image-11.jpeg 800w, https:\/\/militares.estrategia.com\/portal\/wp-content\/uploads\/2022\/05\/image-11-768x522.webp 768w\" sizes=\"(max-width: 800px) 100vw, 800px\" \/><figcaption>Divulga\u00e7\u00e3o: Cb Feitosa \/ FAB<\/figcaption><\/figure><\/div>\n\n\n\n<p>Assim, surgiu o EMB-111 Bandeirante Patrulha, apelidado de Bandeirulha, que recebeu na FAB a designa\u00e7\u00e3o de P-95. A aeronave \u00e9 muito semelhante ao Bandeirante, mas como a miss\u00e3o de patrulha mar\u00edtima exige longos voos, <strong>o Bandeirulha possui tanques extras que lhe permitem uma autonomia de mais de sete horas de voo, podendo alcan\u00e7ar at\u00e9 2.500 km voados com carga m\u00e1xima.<\/strong><\/p>\n\n\n\n<p><strong>Em 2015, o Bandeirulha foi atualizado, passando a receber a designa\u00e7\u00e3o de P-95M &#8211; o \u201cM\u201d refere-se \u00e0 modernizado<\/strong>. A aeronave recebeu um novo radar, que possui alcance de localiza\u00e7\u00e3o de at\u00e9 370 km, sendo capaz de seguir at\u00e9 200 alvos em simult\u00e2neo e de registrar imagens em alta resolu\u00e7\u00e3o. Al\u00e9m disso, foi atualizada toda a sua avi\u00f4nica.<\/p>\n\n\n\n<p>Dos tr\u00eas Esquadr\u00f5es de Patrulha da FAB, o P-95M \u00e9 operado por dois:&nbsp;<\/p>\n\n\n\n<ul class=\"wp-block-list\"><li><strong>Esquadr\u00e3o F\u00eanix, respons\u00e1vel pela por\u00e7\u00e3o sul da costa brasileira; e&nbsp;<\/strong><\/li><li><strong>Esquadr\u00e3o Netuno, respons\u00e1vel pelo litoral norte.<\/strong><\/li><\/ul>\n\n\n\n<h3 class=\"wp-block-heading\" id=\"h-p-3-orion\">P-3 Orion<\/h3>\n\n\n\n<p>O P-3 Orion nasceu no final da d\u00e9cada de 1950, ap\u00f3s a Marinha dos Estados Unidos solicitar um substituto para seus avi\u00f5es militares. Em 1999, a FAB comprou 12 P-3, vers\u00e3o \u201cA\u201d, sendo 8 para opera\u00e7\u00e3o e 4 para canibaliza\u00e7\u00e3o &#8211; procedimento no qual as pe\u00e7as de aeronaves, consideradas inaptas para voo, s\u00e3o reaproveitadas nos avi\u00f5es que est\u00e3o aptos para voarem.<\/p>\n\n\n\n<p><strong>Essas aeronaves que tinham sido fabricadas entre 1964 e 1965<\/strong> precisavam ser modernizadas com urg\u00eancia. Mas o processo extremamente burocr\u00e1tico se arrastou por muitos anos, entre o final do governo Fernando Henrique Cardoso e o in\u00edcio do governo Lula.<\/p>\n\n\n\n<div class=\"wp-block-image\"><figure class=\"aligncenter size-full\"><img decoding=\"async\" width=\"799\" height=\"544\" src=\"https:\/\/militares.estrategia.com\/portal\/wp-content\/uploads\/2022\/05\/image-10.jpeg\" alt=\"P-3M Orion da Aviaa\u00e7\u00e3o de Patrulha da FAb\" class=\"wp-image-54757\" srcset=\"https:\/\/militares.estrategia.com\/portal\/wp-content\/uploads\/2022\/05\/image-10.jpeg 799w, https:\/\/militares.estrategia.com\/portal\/wp-content\/uploads\/2022\/05\/image-10-768x523.webp 768w\" sizes=\"(max-width: 799px) 100vw, 799px\" \/><figcaption>Divulga\u00e7\u00e3o: Sgt Batista \/ FAB<\/figcaption><\/figure><\/div>\n\n\n\n<p>Ap\u00f3s muitas consultas, propostas e or\u00e7amentos, a EADS Casa Espanhola, atual Airbus Military, foi selecionada para modernizar as aeronaves. A <strong>primeira foi entregue em dezembro de 2010. A nona e \u00faltima somente foi entregue em junho de 2014<\/strong>.&nbsp;<\/p>\n\n\n\n<p>Essas aeronaves com a designa\u00e7\u00e3o P-3AM receberam os sistemas eletr\u00f4nicos completamente novos, sensores atualizados e sistemas modernos de comunica\u00e7\u00e3o.&nbsp;<\/p>\n\n\n\n<p><strong>A estrutura da aeronave recebeu alguns refor\u00e7os, garantindo assim uma opera\u00e7\u00e3o segura por muito tempo. Apesar dos seus mais de 55 anos de uso, o P-3 Orion \u00e9 seguro, robusto, confi\u00e1vel e, principalmente, \u00e9 barato de ser operado e mantido, <\/strong>motivo pelo qual segue ainda em opera\u00e7\u00e3o em muitos pa\u00edses no mundo.<\/p>\n\n\n\n<p><br>Agora que voc\u00ea j\u00e1 sabe sobre a Avia\u00e7\u00e3o de Patrulha da FAB, <strong>confira os cursos preparat\u00f3rios para as carreiras militares do Estrat\u00e9gia Militares!<\/strong> N\u00e3o deixe de conferir tamb\u00e9m o Portal do Estrat\u00e9gia Militares! Assim voc\u00ea fica por dentro dos assuntos militares e garante a sua aprova\u00e7\u00e3o! Vem ser coruja!<\/p>\n\n\n\n<p><strong><a id=\"cta\" class=\"cta-imagem\" href=\"https:\/\/militares.estrategia.com\/cursos\/aeronautica\/?id=0ec89530-db8c-4ac3-8d75-b8a0b1eeec9b&name=Aeron%C3%A1utica\" target=\"blank\">\n                <img decoding=\"async\" width=\"100%\" src=\"https:\/\/militares.estrategia.com\/portal\/wp-content\/uploads\/2023\/06\/CTA-AFA.jpg\" alt=\"CTA AFA\" title=\"CTA AFA\">\n        <\/a><\/strong><\/p>\n\n\n\n\n\n<p><\/p>\n","protected":false},"excerpt":{"rendered":"O dia 22 de Maio \u00e9 marcado pelo Dia da Avia\u00e7\u00e3o de Patrulha. Confira neste artigo que o&hellip;\n","protected":false},"author":52,"featured_media":54760,"comment_status":"closed","ping_status":"closed","sticky":false,"template":"","format":"standard","meta":{"wl_entities_gutenberg":"","footnotes":""},"categories":[248],"tags":[271],"wl_entity_type":[187],"class_list":{"0":"post-54756","1":"post","2":"type-post","3":"status-publish","4":"format-standard","5":"has-post-thumbnail","7":"category-forcas-armadas","8":"tag-fab","9":"wl_entity_type-article"},"acf":[],"yoast_head":"<!-- This site is optimized with the Yoast SEO Premium plugin v26.6 (Yoast SEO v26.6) - https:\/\/yoast.com\/wordpress\/plugins\/seo\/ -->\n<title>Avia\u00e7\u00e3o de Patrulha da FAB: saiba mais sobre os guardi\u00f5es do litoral brasileiro<\/title>\n<meta name=\"description\" content=\"O dia 22 de Maio \u00e9 marcado pelo Dia da Avia\u00e7\u00e3o de Patrulha. Confira aqui as principais informa\u00e7\u00f5es e curiosidades sobre os militares da FAB!\" \/>\n<meta name=\"robots\" content=\"index, follow, max-snippet:-1, max-image-preview:large, max-video-preview:-1\" \/>\n<link rel=\"canonical\" href=\"https:\/\/militares.estrategia.com\/portal\/mundo-militar\/forcas-armadas\/aviacao-de-patrulha-da-fab-saiba-mais-sobre-os-guardioes-do-litoral-brasileiro\/\" \/>\n<meta property=\"og:locale\" content=\"pt_BR\" \/>\n<meta property=\"og:type\" content=\"article\" \/>\n<meta property=\"og:title\" content=\"Avia\u00e7\u00e3o de Patrulha da FAB: saiba mais sobre os guardi\u00f5es do litoral brasileiro\" \/>\n<meta property=\"og:description\" content=\"O dia 22 de Maio \u00e9 marcado pelo Dia da Avia\u00e7\u00e3o de Patrulha. Confira aqui as principais informa\u00e7\u00f5es e curiosidades sobre os militares da FAB!\" \/>\n<meta property=\"og:url\" content=\"https:\/\/militares.estrategia.com\/portal\/mundo-militar\/forcas-armadas\/aviacao-de-patrulha-da-fab-saiba-mais-sobre-os-guardioes-do-litoral-brasileiro\/\" \/>\n<meta property=\"og:site_name\" content=\"Estrat\u00e9gia Militares\" \/>\n<meta property=\"article:publisher\" content=\"https:\/\/www.facebook.com\/EstrategiaMilitares\" \/>\n<meta property=\"article:published_time\" content=\"2022-05-24T18:40:50+00:00\" \/>\n<meta property=\"article:modified_time\" content=\"2022-11-18T00:11:07+00:00\" \/>\n<meta property=\"og:image\" content=\"https:\/\/cdn.blog.estrategiavestibulares.com.br\/vestibulares\/wp-content\/uploads\/2022\/05\/45178136402_de0a9db576_c.jpg\" \/>\n\t<meta property=\"og:image:width\" content=\"800\" \/>\n\t<meta property=\"og:image:height\" content=\"544\" \/>\n\t<meta property=\"og:image:type\" content=\"image\/jpeg\" \/>\n<meta name=\"author\" content=\"Vin\u00edcius Brigolini\" \/>\n<meta name=\"twitter:card\" content=\"summary_large_image\" \/>\n<meta name=\"twitter:creator\" content=\"@estrategiamilit\" \/>\n<meta name=\"twitter:site\" content=\"@estrategiamilit\" \/>\n<meta name=\"twitter:label1\" content=\"Escrito por\" \/>\n\t<meta name=\"twitter:data1\" content=\"Vin\u00edcius Brigolini\" \/>\n\t<meta name=\"twitter:label2\" content=\"Est. tempo de leitura\" \/>\n\t<meta name=\"twitter:data2\" content=\"7 minutos\" \/>\n<script type=\"application\/ld+json\" class=\"yoast-schema-graph\">{\"@context\":\"https:\/\/schema.org\",\"@graph\":[{\"@type\":\"Article\",\"@id\":\"https:\/\/militares.estrategia.com\/portal\/mundo-militar\/forcas-armadas\/aviacao-de-patrulha-da-fab-saiba-mais-sobre-os-guardioes-do-litoral-brasileiro\/#article\",\"isPartOf\":{\"@id\":\"https:\/\/militares.estrategia.com\/portal\/mundo-militar\/forcas-armadas\/aviacao-de-patrulha-da-fab-saiba-mais-sobre-os-guardioes-do-litoral-brasileiro\/\"},\"author\":{\"name\":\"Vin\u00edcius Brigolini\",\"@id\":\"https:\/\/militares.estrategia.com\/portal\/#\/schema\/person\/6587b50abb02ffb0d1d0b50c12a6b317\"},\"headline\":\"Avia\u00e7\u00e3o de Patrulha da FAB: saiba mais sobre os guardi\u00f5es do litoral brasileiro\",\"datePublished\":\"2022-05-24T18:40:50+00:00\",\"dateModified\":\"2022-11-18T00:11:07+00:00\",\"mainEntityOfPage\":{\"@id\":\"https:\/\/militares.estrategia.com\/portal\/mundo-militar\/forcas-armadas\/aviacao-de-patrulha-da-fab-saiba-mais-sobre-os-guardioes-do-litoral-brasileiro\/\"},\"wordCount\":1186,\"publisher\":{\"@id\":\"https:\/\/militares.estrategia.com\/portal\/#organization\"},\"image\":{\"@id\":\"https:\/\/militares.estrategia.com\/portal\/mundo-militar\/forcas-armadas\/aviacao-de-patrulha-da-fab-saiba-mais-sobre-os-guardioes-do-litoral-brasileiro\/#primaryimage\"},\"thumbnailUrl\":\"https:\/\/militares.estrategia.com\/portal\/wp-content\/uploads\/2022\/05\/45178136402_de0a9db576_c.jpg\",\"keywords\":[\"FAB\"],\"articleSection\":[\"For\u00e7as Armadas\"],\"inLanguage\":\"pt-BR\"},{\"@type\":\"WebPage\",\"@id\":\"https:\/\/militares.estrategia.com\/portal\/mundo-militar\/forcas-armadas\/aviacao-de-patrulha-da-fab-saiba-mais-sobre-os-guardioes-do-litoral-brasileiro\/\",\"url\":\"https:\/\/militares.estrategia.com\/portal\/mundo-militar\/forcas-armadas\/aviacao-de-patrulha-da-fab-saiba-mais-sobre-os-guardioes-do-litoral-brasileiro\/\",\"name\":\"Avia\u00e7\u00e3o de Patrulha da FAB: saiba mais sobre os guardi\u00f5es do litoral brasileiro\",\"isPartOf\":{\"@id\":\"https:\/\/militares.estrategia.com\/portal\/#website\"},\"primaryImageOfPage\":{\"@id\":\"https:\/\/militares.estrategia.com\/portal\/mundo-militar\/forcas-armadas\/aviacao-de-patrulha-da-fab-saiba-mais-sobre-os-guardioes-do-litoral-brasileiro\/#primaryimage\"},\"image\":{\"@id\":\"https:\/\/militares.estrategia.com\/portal\/mundo-militar\/forcas-armadas\/aviacao-de-patrulha-da-fab-saiba-mais-sobre-os-guardioes-do-litoral-brasileiro\/#primaryimage\"},\"thumbnailUrl\":\"https:\/\/militares.estrategia.com\/portal\/wp-content\/uploads\/2022\/05\/45178136402_de0a9db576_c.jpg\",\"datePublished\":\"2022-05-24T18:40:50+00:00\",\"dateModified\":\"2022-11-18T00:11:07+00:00\",\"description\":\"O dia 22 de Maio \u00e9 marcado pelo Dia da Avia\u00e7\u00e3o de Patrulha. Confira aqui as principais informa\u00e7\u00f5es e curiosidades sobre os militares da FAB!\",\"breadcrumb\":{\"@id\":\"https:\/\/militares.estrategia.com\/portal\/mundo-militar\/forcas-armadas\/aviacao-de-patrulha-da-fab-saiba-mais-sobre-os-guardioes-do-litoral-brasileiro\/#breadcrumb\"},\"inLanguage\":\"pt-BR\",\"potentialAction\":[{\"@type\":\"ReadAction\",\"target\":[\"https:\/\/militares.estrategia.com\/portal\/mundo-militar\/forcas-armadas\/aviacao-de-patrulha-da-fab-saiba-mais-sobre-os-guardioes-do-litoral-brasileiro\/\"]}]},{\"@type\":\"ImageObject\",\"inLanguage\":\"pt-BR\",\"@id\":\"https:\/\/militares.estrategia.com\/portal\/mundo-militar\/forcas-armadas\/aviacao-de-patrulha-da-fab-saiba-mais-sobre-os-guardioes-do-litoral-brasileiro\/#primaryimage\",\"url\":\"https:\/\/militares.estrategia.com\/portal\/wp-content\/uploads\/2022\/05\/45178136402_de0a9db576_c.jpg\",\"contentUrl\":\"https:\/\/militares.estrategia.com\/portal\/wp-content\/uploads\/2022\/05\/45178136402_de0a9db576_c.jpg\",\"width\":800,\"height\":544,\"caption\":\"Tripula\u00e7\u00e3o da Avia\u00e7\u00e3o de Patrulha da FAB\"},{\"@type\":\"BreadcrumbList\",\"@id\":\"https:\/\/militares.estrategia.com\/portal\/mundo-militar\/forcas-armadas\/aviacao-de-patrulha-da-fab-saiba-mais-sobre-os-guardioes-do-litoral-brasileiro\/#breadcrumb\",\"itemListElement\":[{\"@type\":\"ListItem\",\"position\":1,\"name\":\"Home\",\"item\":\"https:\/\/militares.estrategia.com\/portal\/\"},{\"@type\":\"ListItem\",\"position\":2,\"name\":\"Mundo Militar\",\"item\":\"https:\/\/militares.estrategia.com\/portal\/mundo-militar\/\"},{\"@type\":\"ListItem\",\"position\":3,\"name\":\"For\u00e7as Armadas\",\"item\":\"https:\/\/militares.estrategia.com\/portal\/mundo-militar\/forcas-armadas\/\"},{\"@type\":\"ListItem\",\"position\":4,\"name\":\"Avia\u00e7\u00e3o de Patrulha da FAB: saiba mais sobre os guardi\u00f5es do litoral brasileiro\"}]},{\"@type\":\"WebSite\",\"@id\":\"https:\/\/militares.estrategia.com\/portal\/#website\",\"url\":\"https:\/\/militares.estrategia.com\/portal\/\",\"name\":\"Estrat\u00e9gia Militares\",\"description\":\"\",\"publisher\":{\"@id\":\"https:\/\/militares.estrategia.com\/portal\/#organization\"},\"potentialAction\":[{\"@type\":\"SearchAction\",\"target\":{\"@type\":\"EntryPoint\",\"urlTemplate\":\"https:\/\/militares.estrategia.com\/portal\/?s={search_term_string}\"},\"query-input\":{\"@type\":\"PropertyValueSpecification\",\"valueRequired\":true,\"valueName\":\"search_term_string\"}}],\"inLanguage\":\"pt-BR\"},{\"@type\":\"Organization\",\"@id\":\"https:\/\/militares.estrategia.com\/portal\/#organization\",\"name\":\"Estrat\u00e9gia Militares\",\"url\":\"https:\/\/militares.estrategia.com\/portal\/\",\"logo\":{\"@type\":\"ImageObject\",\"inLanguage\":\"pt-BR\",\"@id\":\"https:\/\/militares.estrategia.com\/portal\/#\/schema\/logo\/image\/\",\"url\":\"https:\/\/militares.estrategia.com\/portal\/wp-content\/uploads\/2021\/10\/logo-militares.webp\",\"contentUrl\":\"https:\/\/militares.estrategia.com\/portal\/wp-content\/uploads\/2021\/10\/logo-militares.webp\",\"width\":346,\"height\":90,\"caption\":\"Estrat\u00e9gia Militares\"},\"image\":{\"@id\":\"https:\/\/militares.estrategia.com\/portal\/#\/schema\/logo\/image\/\"},\"sameAs\":[\"https:\/\/www.facebook.com\/EstrategiaMilitares\",\"https:\/\/x.com\/estrategiamilit\",\"https:\/\/www.instagram.com\/estrategiamilitares\/\",\"https:\/\/www.youtube.com\/channel\/UCRG_9hakCqXxnj_8TqCdgTA\"]},{\"@type\":\"Person\",\"@id\":\"https:\/\/militares.estrategia.com\/portal\/#\/schema\/person\/6587b50abb02ffb0d1d0b50c12a6b317\",\"name\":\"Vin\u00edcius Brigolini\",\"image\":{\"@type\":\"ImageObject\",\"inLanguage\":\"pt-BR\",\"@id\":\"https:\/\/militares.estrategia.com\/portal\/#\/schema\/person\/image\/\",\"url\":\"https:\/\/militares.estrategia.com\/portal\/wp-content\/uploads\/2021\/08\/Sem-titulo-150x150.jpg\",\"contentUrl\":\"https:\/\/militares.estrategia.com\/portal\/wp-content\/uploads\/2021\/08\/Sem-titulo-150x150.jpg\",\"caption\":\"Vin\u00edcius Brigolini\"},\"description\":\"Membro da turma Carcar\u00e1 de 2017 da For\u00e7a A\u00e9rea Brasileira. \u00c9 apaixonado pela avia\u00e7\u00e3o e pelo mundo militar!\",\"sameAs\":[\"https:\/\/www.instagram.com\/viniciusbgn\/\"],\"url\":\"https:\/\/militares.estrategia.com\/portal\/author\/vinicius-souza\/\"}]}<\/script>\n<!-- \/ Yoast SEO Premium plugin. -->","yoast_head_json":{"title":"Avia\u00e7\u00e3o de Patrulha da FAB: saiba mais sobre os guardi\u00f5es do litoral brasileiro","description":"O dia 22 de Maio \u00e9 marcado pelo Dia da Avia\u00e7\u00e3o de Patrulha. Confira aqui as principais informa\u00e7\u00f5es e curiosidades sobre os militares da FAB!","robots":{"index":"index","follow":"follow","max-snippet":"max-snippet:-1","max-image-preview":"max-image-preview:large","max-video-preview":"max-video-preview:-1"},"canonical":"https:\/\/militares.estrategia.com\/portal\/mundo-militar\/forcas-armadas\/aviacao-de-patrulha-da-fab-saiba-mais-sobre-os-guardioes-do-litoral-brasileiro\/","og_locale":"pt_BR","og_type":"article","og_title":"Avia\u00e7\u00e3o de Patrulha da FAB: saiba mais sobre os guardi\u00f5es do litoral brasileiro","og_description":"O dia 22 de Maio \u00e9 marcado pelo Dia da Avia\u00e7\u00e3o de Patrulha. Confira aqui as principais informa\u00e7\u00f5es e curiosidades sobre os militares da FAB!","og_url":"https:\/\/militares.estrategia.com\/portal\/mundo-militar\/forcas-armadas\/aviacao-de-patrulha-da-fab-saiba-mais-sobre-os-guardioes-do-litoral-brasileiro\/","og_site_name":"Estrat\u00e9gia Militares","article_publisher":"https:\/\/www.facebook.com\/EstrategiaMilitares","article_published_time":"2022-05-24T18:40:50+00:00","article_modified_time":"2022-11-18T00:11:07+00:00","og_image":[{"width":800,"height":544,"url":"https:\/\/cdn.blog.estrategiavestibulares.com.br\/vestibulares\/wp-content\/uploads\/2022\/05\/45178136402_de0a9db576_c.jpg","type":"image\/jpeg"}],"author":"Vin\u00edcius Brigolini","twitter_card":"summary_large_image","twitter_creator":"@estrategiamilit","twitter_site":"@estrategiamilit","twitter_misc":{"Escrito por":"Vin\u00edcius Brigolini","Est. tempo de leitura":"7 minutos"},"schema":{"@context":"https:\/\/schema.org","@graph":[{"@type":"Article","@id":"https:\/\/militares.estrategia.com\/portal\/mundo-militar\/forcas-armadas\/aviacao-de-patrulha-da-fab-saiba-mais-sobre-os-guardioes-do-litoral-brasileiro\/#article","isPartOf":{"@id":"https:\/\/militares.estrategia.com\/portal\/mundo-militar\/forcas-armadas\/aviacao-de-patrulha-da-fab-saiba-mais-sobre-os-guardioes-do-litoral-brasileiro\/"},"author":{"name":"Vin\u00edcius Brigolini","@id":"https:\/\/militares.estrategia.com\/portal\/#\/schema\/person\/6587b50abb02ffb0d1d0b50c12a6b317"},"headline":"Avia\u00e7\u00e3o de Patrulha da FAB: saiba mais sobre os guardi\u00f5es do litoral brasileiro","datePublished":"2022-05-24T18:40:50+00:00","dateModified":"2022-11-18T00:11:07+00:00","mainEntityOfPage":{"@id":"https:\/\/militares.estrategia.com\/portal\/mundo-militar\/forcas-armadas\/aviacao-de-patrulha-da-fab-saiba-mais-sobre-os-guardioes-do-litoral-brasileiro\/"},"wordCount":1186,"publisher":{"@id":"https:\/\/militares.estrategia.com\/portal\/#organization"},"image":{"@id":"https:\/\/militares.estrategia.com\/portal\/mundo-militar\/forcas-armadas\/aviacao-de-patrulha-da-fab-saiba-mais-sobre-os-guardioes-do-litoral-brasileiro\/#primaryimage"},"thumbnailUrl":"https:\/\/militares.estrategia.com\/portal\/wp-content\/uploads\/2022\/05\/45178136402_de0a9db576_c.jpg","keywords":["FAB"],"articleSection":["For\u00e7as Armadas"],"inLanguage":"pt-BR"},{"@type":"WebPage","@id":"https:\/\/militares.estrategia.com\/portal\/mundo-militar\/forcas-armadas\/aviacao-de-patrulha-da-fab-saiba-mais-sobre-os-guardioes-do-litoral-brasileiro\/","url":"https:\/\/militares.estrategia.com\/portal\/mundo-militar\/forcas-armadas\/aviacao-de-patrulha-da-fab-saiba-mais-sobre-os-guardioes-do-litoral-brasileiro\/","name":"Avia\u00e7\u00e3o de Patrulha da FAB: saiba mais sobre os guardi\u00f5es do litoral brasileiro","isPartOf":{"@id":"https:\/\/militares.estrategia.com\/portal\/#website"},"primaryImageOfPage":{"@id":"https:\/\/militares.estrategia.com\/portal\/mundo-militar\/forcas-armadas\/aviacao-de-patrulha-da-fab-saiba-mais-sobre-os-guardioes-do-litoral-brasileiro\/#primaryimage"},"image":{"@id":"https:\/\/militares.estrategia.com\/portal\/mundo-militar\/forcas-armadas\/aviacao-de-patrulha-da-fab-saiba-mais-sobre-os-guardioes-do-litoral-brasileiro\/#primaryimage"},"thumbnailUrl":"https:\/\/militares.estrategia.com\/portal\/wp-content\/uploads\/2022\/05\/45178136402_de0a9db576_c.jpg","datePublished":"2022-05-24T18:40:50+00:00","dateModified":"2022-11-18T00:11:07+00:00","description":"O dia 22 de Maio \u00e9 marcado pelo Dia da Avia\u00e7\u00e3o de Patrulha. Confira aqui as principais informa\u00e7\u00f5es e curiosidades sobre os militares da FAB!","breadcrumb":{"@id":"https:\/\/militares.estrategia.com\/portal\/mundo-militar\/forcas-armadas\/aviacao-de-patrulha-da-fab-saiba-mais-sobre-os-guardioes-do-litoral-brasileiro\/#breadcrumb"},"inLanguage":"pt-BR","potentialAction":[{"@type":"ReadAction","target":["https:\/\/militares.estrategia.com\/portal\/mundo-militar\/forcas-armadas\/aviacao-de-patrulha-da-fab-saiba-mais-sobre-os-guardioes-do-litoral-brasileiro\/"]}]},{"@type":"ImageObject","inLanguage":"pt-BR","@id":"https:\/\/militares.estrategia.com\/portal\/mundo-militar\/forcas-armadas\/aviacao-de-patrulha-da-fab-saiba-mais-sobre-os-guardioes-do-litoral-brasileiro\/#primaryimage","url":"https:\/\/militares.estrategia.com\/portal\/wp-content\/uploads\/2022\/05\/45178136402_de0a9db576_c.jpg","contentUrl":"https:\/\/militares.estrategia.com\/portal\/wp-content\/uploads\/2022\/05\/45178136402_de0a9db576_c.jpg","width":800,"height":544,"caption":"Tripula\u00e7\u00e3o da Avia\u00e7\u00e3o de Patrulha da FAB"},{"@type":"BreadcrumbList","@id":"https:\/\/militares.estrategia.com\/portal\/mundo-militar\/forcas-armadas\/aviacao-de-patrulha-da-fab-saiba-mais-sobre-os-guardioes-do-litoral-brasileiro\/#breadcrumb","itemListElement":[{"@type":"ListItem","position":1,"name":"Home","item":"https:\/\/militares.estrategia.com\/portal\/"},{"@type":"ListItem","position":2,"name":"Mundo Militar","item":"https:\/\/militares.estrategia.com\/portal\/mundo-militar\/"},{"@type":"ListItem","position":3,"name":"For\u00e7as Armadas","item":"https:\/\/militares.estrategia.com\/portal\/mundo-militar\/forcas-armadas\/"},{"@type":"ListItem","position":4,"name":"Avia\u00e7\u00e3o de Patrulha da FAB: saiba mais sobre os guardi\u00f5es do litoral brasileiro"}]},{"@type":"WebSite","@id":"https:\/\/militares.estrategia.com\/portal\/#website","url":"https:\/\/militares.estrategia.com\/portal\/","name":"Estrat\u00e9gia Militares","description":"","publisher":{"@id":"https:\/\/militares.estrategia.com\/portal\/#organization"},"potentialAction":[{"@type":"SearchAction","target":{"@type":"EntryPoint","urlTemplate":"https:\/\/militares.estrategia.com\/portal\/?s={search_term_string}"},"query-input":{"@type":"PropertyValueSpecification","valueRequired":true,"valueName":"search_term_string"}}],"inLanguage":"pt-BR"},{"@type":"Organization","@id":"https:\/\/militares.estrategia.com\/portal\/#organization","name":"Estrat\u00e9gia Militares","url":"https:\/\/militares.estrategia.com\/portal\/","logo":{"@type":"ImageObject","inLanguage":"pt-BR","@id":"https:\/\/militares.estrategia.com\/portal\/#\/schema\/logo\/image\/","url":"https:\/\/militares.estrategia.com\/portal\/wp-content\/uploads\/2021\/10\/logo-militares.webp","contentUrl":"https:\/\/militares.estrategia.com\/portal\/wp-content\/uploads\/2021\/10\/logo-militares.webp","width":346,"height":90,"caption":"Estrat\u00e9gia Militares"},"image":{"@id":"https:\/\/militares.estrategia.com\/portal\/#\/schema\/logo\/image\/"},"sameAs":["https:\/\/www.facebook.com\/EstrategiaMilitares","https:\/\/x.com\/estrategiamilit","https:\/\/www.instagram.com\/estrategiamilitares\/","https:\/\/www.youtube.com\/channel\/UCRG_9hakCqXxnj_8TqCdgTA"]},{"@type":"Person","@id":"https:\/\/militares.estrategia.com\/portal\/#\/schema\/person\/6587b50abb02ffb0d1d0b50c12a6b317","name":"Vin\u00edcius Brigolini","image":{"@type":"ImageObject","inLanguage":"pt-BR","@id":"https:\/\/militares.estrategia.com\/portal\/#\/schema\/person\/image\/","url":"https:\/\/militares.estrategia.com\/portal\/wp-content\/uploads\/2021\/08\/Sem-titulo-150x150.jpg","contentUrl":"https:\/\/militares.estrategia.com\/portal\/wp-content\/uploads\/2021\/08\/Sem-titulo-150x150.jpg","caption":"Vin\u00edcius Brigolini"},"description":"Membro da turma Carcar\u00e1 de 2017 da For\u00e7a A\u00e9rea Brasileira. \u00c9 apaixonado pela avia\u00e7\u00e3o e pelo mundo militar!","sameAs":["https:\/\/www.instagram.com\/viniciusbgn\/"],"url":"https:\/\/militares.estrategia.com\/portal\/author\/vinicius-souza\/"}]}},"_wl_alt_label":[],"wl:entity_url":"https:\/\/data.wordlift.io\/wl110246\/post\/aviacao-de-patrulha-da-fab-saiba-mais-sobre-os-guardioes-do-litoral-brasileiro-54756-2","_links":{"self":[{"href":"https:\/\/militares.estrategia.com\/portal\/wp-json\/wp\/v2\/posts\/54756","targetHints":{"allow":["GET"]}}],"collection":[{"href":"https:\/\/militares.estrategia.com\/portal\/wp-json\/wp\/v2\/posts"}],"about":[{"href":"https:\/\/militares.estrategia.com\/portal\/wp-json\/wp\/v2\/types\/post"}],"author":[{"embeddable":true,"href":"https:\/\/militares.estrategia.com\/portal\/wp-json\/wp\/v2\/users\/52"}],"replies":[{"embeddable":true,"href":"https:\/\/militares.estrategia.com\/portal\/wp-json\/wp\/v2\/comments?post=54756"}],"version-history":[{"count":3,"href":"https:\/\/militares.estrategia.com\/portal\/wp-json\/wp\/v2\/posts\/54756\/revisions"}],"predecessor-version":[{"id":61433,"href":"https:\/\/militares.estrategia.com\/portal\/wp-json\/wp\/v2\/posts\/54756\/revisions\/61433"}],"wp:featuredmedia":[{"embeddable":true,"href":"https:\/\/militares.estrategia.com\/portal\/wp-json\/wp\/v2\/media\/54760"}],"wp:attachment":[{"href":"https:\/\/militares.estrategia.com\/portal\/wp-json\/wp\/v2\/media?parent=54756"}],"wp:term":[{"taxonomy":"category","embeddable":true,"href":"https:\/\/militares.estrategia.com\/portal\/wp-json\/wp\/v2\/categories?post=54756"},{"taxonomy":"post_tag","embeddable":true,"href":"https:\/\/militares.estrategia.com\/portal\/wp-json\/wp\/v2\/tags?post=54756"},{"taxonomy":"wl_entity_type","embeddable":true,"href":"https:\/\/militares.estrategia.com\/portal\/wp-json\/wp\/v2\/wl_entity_type?post=54756"}],"curies":[{"name":"wp","href":"https:\/\/api.w.org\/{rel}","templated":true}]}}