{"id":54381,"date":"2022-05-13T18:00:00","date_gmt":"2022-05-13T21:00:00","guid":{"rendered":"https:\/\/militares.estrategia.com\/portal\/?p=54381"},"modified":"2025-05-15T10:31:26","modified_gmt":"2025-05-15T13:31:26","slug":"dia-do-armamentista","status":"publish","type":"post","link":"https:\/\/militares.estrategia.com\/portal\/mundo-militar\/datas-comemorativas\/dia-do-armamentista\/","title":{"rendered":"15 de maio: Dia do Armamentista da Marinha"},"content":{"rendered":"\n<p>O 15 de maio \u00e9 marcado como o Dia do Armamentista da Marinha do Brasil. Confira o artigo que o <strong>Estrat\u00e9gia Militares<\/strong> preparou para voc\u00ea com informa\u00e7\u00f5es e dicas sobre a carreira militar da For\u00e7a Naval.<\/p>\n\n\n\n<p>A Marinha do Brasil \u00e9 o \u00f3rg\u00e3o do Minist\u00e9rio da Defesa respons\u00e1vel pela<strong> prote\u00e7\u00e3o e defesa das \u00e1guas territoriais do pa\u00eds. <\/strong>Um dos pilares da For\u00e7a, respons\u00e1veis pela manuten\u00e7\u00e3o e emprego dos armamentos navais, seja a bordo dos navios ou em terra, <strong>os armamentistas s\u00e3o indispens\u00e1veis para o cumprimento da miss\u00e3o.<\/strong><\/p>\n\n\n<div id=\"new-form\">\n\t<form id=\"forms_layout\">\n\t<input type=\"hidden\" id=\"chave_de\" name=\"chave_de\" value=\"01_EMIL_LEADS_TOTAIS\" \/>\n\t\t<input type=\"hidden\" id=\"mid\" name=\"mid\" value=\"515009017\" \/>\n\t\t<input type=\"hidden\" id=\"Objetivo\" name=\"Objetivo\" value=\"Militares\" \/>\n\t\t<input type=\"hidden\" id=\"Estado_de_Origem_do_IP\" name=\"Estado_de_Origem_do_IP\"  value=\"\" \/>\n\t\t<input type=\"hidden\" id=\"Cidade_de_Origem_do_IP\" name=\"Cidade_de_Origem_do_IP\" value=\"\" \/>\n\t\t<input type=\"hidden\" id=\"Modo_de_entrada\" name=\"Modo_de_entrada\" value=\"Portal\" \/>\n\t\t<input type=\"hidden\" id=\"Pagina_Origem\" name=\"Pagina_Origem\" value=\"\" \/>\n\n\t\t<div class=\"texto\">\n\t\t\t<h3 class=\"news\">Inscreva-se em nossa newsletter!<\/h3>\n\t\t\t<p>Receba not\u00edcias sobre os mais importantes concursos para as For\u00e7as Armadas brasileiras e informa\u00e7\u00f5es sobre o mundo militar!<\/p>\n\t\t<\/div>\n\t\t<div class=\"campos\">\n\t\t\t<div class=\"first_name labels\">\n\t\t\t\t<input type=\"text\" class=\"input_labels\" id=\"first_name\" name=\"Nome_Completo\" placeholder=\"Nome\" required \/>\n\t\t\t<\/div>\n\t\t\t<div class=\"email labels\">\n\t\t\t\t<input type=\"email\" class=\"input_labels\" id=\"email\" name=\"Email\" placeholder=\"E-mail\" required \/>\n\t\t\t<\/div>\n\t\t\t<button type=\"submit\" class=\"button_layout\">\n\t\t\t\t<div id=\"lblBotao\">Inscreva-se<\/div>\n\t\t\t\t<span id=\"divSpiner\" class=\"loader\" role=\"status\" style=\"display: none;\"><\/span>\t\n\t\t\t<\/button>\n\t\t<\/div><!-- \/campos -->\n\t\t\n\t\t<label class=\"container_checkbox\">Voc\u00ea concorda com a nossa\n\t\t\t<a class=\"politics_privacy_ahref\" target=\"_blank\" href=\"https:\/\/gratis.estrategiaconcursos.com.br\/politica-de-privacidade\/\">Pol\u00edtica de Privacidade<\/a> e aceita receber informa\u00e7\u00f5es adicionais do Estrat\u00e9gia Educacional.\n\t\t\t<input id=\"checkbox_layout\" type=\"checkbox\" checked=\"checked\" required \/>\n\t\t\t<span class=\"checkbox\"><\/span>\n\t\t<\/label>\n\t\t<div id=\"msg\"><\/div>\n\t\t<div id=\"error\" class=\"error\">\n\t\t<\/div>\n\t<\/form>\n<\/div><!-- \/new-form -->\n\n\n\n<div id=\"ez-toc-container\" class=\"ez-toc-v2_0_79_2 counter-hierarchy ez-toc-counter ez-toc-transparent ez-toc-container-direction\">\n<div class=\"ez-toc-title-container\"><p class=\"ez-toc-title\" style=\"cursor:inherit\">Navegue pelo conte\u00fado\t<\/p>\n<\/div><nav><ul class='ez-toc-list ez-toc-list-level-1 ' ><li class='ez-toc-page-1 ez-toc-heading-level-2'><a class=\"ez-toc-link ez-toc-heading-1\" href=\"https:\/\/militares.estrategia.com\/portal\/mundo-militar\/datas-comemorativas\/dia-do-armamentista\/#Quem-e-o-patrono-dos-armamentistas-da-Marinha\" >Quem \u00e9 o patrono dos armamentistas da Marinha?<\/a><\/li><li class='ez-toc-page-1 ez-toc-heading-level-2'><a class=\"ez-toc-link ez-toc-heading-2\" href=\"https:\/\/militares.estrategia.com\/portal\/mundo-militar\/datas-comemorativas\/dia-do-armamentista\/#Como-ingressar-na-Marinha-do-Brasil\" >Como ingressar na Marinha do Brasil?<\/a><\/li><li class='ez-toc-page-1 ez-toc-heading-level-2'><a class=\"ez-toc-link ez-toc-heading-3\" href=\"https:\/\/militares.estrategia.com\/portal\/mundo-militar\/datas-comemorativas\/dia-do-armamentista\/#Qual-a-remuneracao-do-aluno-ao-longo-do-curso-de-formacao\" >Qual a remunera\u00e7\u00e3o do aluno ao longo do curso de forma\u00e7\u00e3o?<\/a><\/li><li class='ez-toc-page-1 ez-toc-heading-level-2'><a class=\"ez-toc-link ez-toc-heading-4\" href=\"https:\/\/militares.estrategia.com\/portal\/mundo-militar\/datas-comemorativas\/dia-do-armamentista\/#Quanto-ganha-um-oficial-armamentista-da-Marinha\" >Quanto ganha um oficial armamentista da Marinha?<\/a><\/li><li class='ez-toc-page-1 ez-toc-heading-level-2'><a class=\"ez-toc-link ez-toc-heading-5\" href=\"https:\/\/militares.estrategia.com\/portal\/mundo-militar\/datas-comemorativas\/dia-do-armamentista\/#Quanto-ganha-um-Praca-armamentista-da-Marinha\" >Quanto ganha um Pra\u00e7a armamentista da Marinha?<\/a><\/li><\/ul><\/nav><\/div>\n<h2 class=\"wp-block-heading\" id=\"h-quem-e-o-patrono-dos-armamentistas-da-marinha\"><span class=\"ez-toc-section\" id=\"Quem-e-o-patrono-dos-armamentistas-da-Marinha\"><\/span>Quem \u00e9 o patrono dos armamentistas da Marinha?<span class=\"ez-toc-section-end\"><\/span><\/h2>\n\n\n\n<p>O Dia do Armamentista \u00e9 uma homenagem da Marinha ao <strong>Capit\u00e3o de Mar e Guerra Henrique Ant\u00f4nio Baptista, Patrono dos Armamentistas,<\/strong> nascido em 15 de maio de 1824, em Montevid\u00e9u, no Uruguai. Sua carreira iniciou-se em 1851, com seu ingresso na For\u00e7a Naval.&nbsp;<\/p>\n\n\n\n<p>Ele foi destaque pela sua intelig\u00eancia e dedica\u00e7\u00e3o. Participou da revis\u00e3o do Regulamento de Artilharia, foi instrutor de Guardas-Marinha na viagem de instru\u00e7\u00e3o ao fim do curso de forma\u00e7\u00e3o <strong>e chegou a inventar a espoleta de percuss\u00e3o e o dispositivo de culatra de canh\u00e3o.<\/strong><\/p>\n\n\n\n<p>Mais tarde, como Primeiro Tenente, <strong>foi nomeado diretor de Artilharia do Arsenal de Guerra do Rio de Janeiro,<\/strong> tendo permanecido no cargo por 18 anos. Nesse \u00ednterim, foi o respons\u00e1vel pela <strong>instala\u00e7\u00e3o das f\u00e1bricas de material b\u00e9lico na Ponta da Arma\u00e7\u00e3o e em Passo da P\u00e1tria, no Paraguai.<\/strong><\/p>\n\n\n\n<p>Foi neste pa\u00eds que, durante o bombardeio de Curupaiti, na Guerra do Paraguai, o Capit\u00e3o de Mar e Guerra Henrique Ant\u00f4nio Baptista se <strong>destacou na fun\u00e7\u00e3o de colheita de dados para a Artilharia realizar tiros mais precisos nos alvos.<\/strong>&nbsp;<\/p>\n\n\n\n<p>Ele tamb\u00e9m foi o comandante do encoura\u00e7ado \u201cBrasil\u201d, o qual conduziu desde Toulon, na Fran\u00e7a, at\u00e9 a base militar brasileira na <a href=\"https:\/\/militares.estrategia.com\/portal\/historia\/guerra-do-paraguai\/\" target=\"_blank\" >Guerra do Paraguai<\/a>, e da For\u00e7a Naval do Mato Grosso.<\/p>\n\n\n\n<p>O Capit\u00e3o de Mar e Guerra Henrique Ant\u00f4nio Baptista faleceu em Niter\u00f3i em 1 de setembro de 1899, aos 75 anos.<\/p>\n\n\n<div class=\"wp-block-image\">\n<figure class=\"aligncenter size-full\"><img decoding=\"async\" width=\"800\" height=\"450\" src=\"https:\/\/militares.estrategia.com\/portal\/wp-content\/uploads\/2022\/05\/51280172585_1e0ea68d45_c.jpg\" alt=\"Fragata de combate\" class=\"wp-image-54384\" srcset=\"https:\/\/militares.estrategia.com\/portal\/wp-content\/uploads\/2022\/05\/51280172585_1e0ea68d45_c.jpg 800w, https:\/\/militares.estrategia.com\/portal\/wp-content\/uploads\/2022\/05\/51280172585_1e0ea68d45_c-768x432.webp 768w\" sizes=\"(max-width: 800px) 100vw, 800px\" \/><figcaption class=\"wp-element-caption\">Divulga\u00e7\u00e3o: Flickr\/Marinha do Brasil<\/figcaption><\/figure><\/div>\n\n\n<h2 class=\"wp-block-heading\" id=\"h-como-ingressar-na-marinha-do-brasil\"><span class=\"ez-toc-section\" id=\"Como-ingressar-na-Marinha-do-Brasil\"><\/span>Como ingressar na Marinha do Brasil?<span class=\"ez-toc-section-end\"><\/span><\/h2>\n\n\n\n<p>A Marinha tem v\u00e1rios concursos para voc\u00ea que deseja ingressar na institui\u00e7\u00e3o, dentre eles:<\/p>\n\n\n\n<ul class=\"wp-block-list\">\n<li><a href=\"https:\/\/militares.estrategia.com\/portal\/carreiras-militares\/colegio-naval\/\" target=\"_blank\" >Concurso P\u00fablico de Admiss\u00e3o ao Col\u00e9gio Naval (CPACN);<\/a><\/li>\n\n\n\n<li><a href=\"https:\/\/militares.estrategia.com\/portal\/guias\/marinha\/cursos-escola-naval\/\" target=\"_blank\" >Concurso P\u00fablico de Admiss\u00e3o \u00e0 Escola Naval (CPAEN);\u00a0<\/a><\/li>\n\n\n\n<li><a href=\"https:\/\/militares.estrategia.com\/portal\/guias\/marinha\/eam-curso-de-formacao-de-marinheiros-para-a-ativa\/\" target=\"_blank\" >Concurso P\u00fablico de Admiss\u00e3o \u00e0s Escolas de Aprendizes-Marinheiros (CPAEAM)<\/a>; e\u00a0<\/li>\n\n\n\n<li><a href=\"https:\/\/militares.estrategia.com\/portal\/guias\/marinha\/corpo-de-fuzileiros-navais-o-que-e-funcoes-historia-e-treinamento\/\" target=\"_blank\" >Concurso P\u00fablico de Admiss\u00e3o ao Corpo de Fuzileiros Navais (CPACFN).<\/a><\/li>\n<\/ul>\n\n\n\n<h2 class=\"wp-block-heading\" id=\"h-qual-a-remuneracao-do-aluno-ao-longo-do-curso-de-formacao\"><span class=\"ez-toc-section\" id=\"Qual-a-remuneracao-do-aluno-ao-longo-do-curso-de-formacao\"><\/span>Qual a remunera\u00e7\u00e3o do aluno ao longo do curso de forma\u00e7\u00e3o?<span class=\"ez-toc-section-end\"><\/span><\/h2>\n\n\n\n<p>Os alunos das escolas de forma\u00e7\u00e3o da Marinha recebem uma ajuda de custo, chamado de soldo, enquanto est\u00e3o vinculados a essas institui\u00e7\u00f5es, Ele \u00e9 regulamentado pelo Estatuto dos Militares.&nbsp;<\/p>\n\n\n\n<p>Atualmente, o soldo \u00e9 de R $1.066,00 e \u00e9 depositado na conta banc\u00e1ria do aluno no primeiro dia \u00fatil de cada m\u00eas. Voc\u00ea pode acessar<a href=\"https:\/\/militares.estrategia.com\/portal\/mundo-militar\/entenda-o-que-e-soldo-militar\/\" target=\"_blank\" > a tabela dos soldos militares aqui.&nbsp;<\/a><\/p>\n\n\n\n<h2 class=\"wp-block-heading\" id=\"h-quanto-ganha-um-oficial-armamentista-da-marinha\"><span class=\"ez-toc-section\" id=\"Quanto-ganha-um-oficial-armamentista-da-Marinha\"><\/span>Quanto ganha um oficial armamentista da Marinha?<span class=\"ez-toc-section-end\"><\/span><\/h2>\n\n\n\n<p>Segundo a tabela de soldos militares, um Capit\u00e3o de Mar e Guerra, topo da carreira regular, ganha cerca de R$11.451,00, mais adicionais. Para os oficiais que se encontram no in\u00edcio da carreira, o soldo-base \u00e9 de R$7.490,00 (dados de fevereiro de 2022).<\/p>\n\n\n\n<h2 class=\"wp-block-heading\" id=\"h-quanto-ganha-um-praca-armamentista-da-marinha\"><span class=\"ez-toc-section\" id=\"Quanto-ganha-um-Praca-armamentista-da-Marinha\"><\/span>Quanto ganha um Pra\u00e7a armamentista da Marinha?<span class=\"ez-toc-section-end\"><\/span><\/h2>\n\n\n\n<p>Um Suboficial, topo da carreira regular, ganha cerca de R$ 6.169,00, mais adicionais. Para os Sargentos que se encontram no in\u00edcio da carreira, o soldo-base \u00e9 de R$ 3.825,00 (dados de fevereiro de 2022).<\/p>\n\n\n\n<p>Um Cabo da Marinha ganha cerca de R$ 2.627,00, mais adicionais. J\u00e1 para os Soldados especializados que se encontram no in\u00edcio da carreira, o soldo-base \u00e9 de R$ 1.926,00 (dados de fevereiro de 2022).<\/p>\n\n\n\n<p><br>Curtiu a leitura!? Voc\u00ea pode sempre se manter informado visitando o <strong>Portal do Estrat\u00e9gia Militares! <\/strong>Confira, tamb\u00e9m, o<strong> Banco de Quest\u00f5es do Estrat\u00e9gia Militares.<\/strong> S\u00e3o milhares de quest\u00f5es para voc\u00ea se preparar e ser aprovado no seu concurso militar. Vem ser coruja!<\/p>\n\n\n\n<p><strong><a id=\"cta\" class=\"cta-imagem\" href=\"https:\/\/militares.estrategia.com\/curso\/banco-de-questes-anual\/\" target=\"blank\">\n                <img decoding=\"async\" width=\"100%\" src=\"https:\/\/militares.estrategia.com\/portal\/wp-content\/uploads\/2023\/02\/EM-Banco-de-Questoes.jpg\" alt=\"EM - Banco de Questo\u0303es\" title=\"EM - Banco de Questo\u0303es\">\n        <\/a><\/strong><\/p>\n\n\n\n\n\n<p><\/p>\n","protected":false},"excerpt":{"rendered":"O 15 de maio \u00e9 marcado como o Dia do Armamentista da Marinha do Brasil. Confira o artigo&hellip;\n","protected":false},"author":52,"featured_media":54383,"comment_status":"closed","ping_status":"closed","sticky":false,"template":"","format":"standard","meta":{"wl_entities_gutenberg":"","footnotes":""},"categories":[306],"tags":[],"wl_entity_type":[187],"class_list":{"0":"post-54381","1":"post","2":"type-post","3":"status-publish","4":"format-standard","5":"has-post-thumbnail","7":"category-datas-comemorativas","8":"wl_entity_type-article"},"acf":[],"yoast_head":"<!-- This site is optimized with the Yoast SEO Premium plugin v26.6 (Yoast SEO v26.6) - https:\/\/yoast.com\/wordpress\/plugins\/seo\/ -->\n<title>15 de maio: Dia do Armamentista da Marinha<\/title>\n<meta name=\"description\" content=\"Confira as informa\u00e7\u00f5es e curiosidades sobre o Dia do armamentista da Marinha do Brasil, que o Estrat\u00e9gia Militares preparou para voc\u00ea!\" \/>\n<meta name=\"robots\" content=\"index, follow, max-snippet:-1, max-image-preview:large, max-video-preview:-1\" \/>\n<link rel=\"canonical\" href=\"https:\/\/militares.estrategia.com\/portal\/mundo-militar\/datas-comemorativas\/dia-do-armamentista\/\" \/>\n<meta property=\"og:locale\" content=\"pt_BR\" \/>\n<meta property=\"og:type\" content=\"article\" \/>\n<meta property=\"og:title\" content=\"15 de maio: Dia do Armamentista da Marinha\" \/>\n<meta property=\"og:description\" content=\"Confira as informa\u00e7\u00f5es e curiosidades sobre o Dia do armamentista da Marinha do Brasil, que o Estrat\u00e9gia Militares preparou para voc\u00ea!\" \/>\n<meta property=\"og:url\" content=\"https:\/\/militares.estrategia.com\/portal\/mundo-militar\/datas-comemorativas\/dia-do-armamentista\/\" \/>\n<meta property=\"og:site_name\" content=\"Estrat\u00e9gia Militares\" \/>\n<meta property=\"article:publisher\" content=\"https:\/\/www.facebook.com\/EstrategiaMilitares\" \/>\n<meta property=\"article:published_time\" content=\"2022-05-13T21:00:00+00:00\" \/>\n<meta property=\"article:modified_time\" content=\"2025-05-15T13:31:26+00:00\" \/>\n<meta property=\"og:image\" content=\"https:\/\/militares.estrategia.com\/portal\/wp-content\/uploads\/2022\/05\/52068989898_255796265a_c.jpg\" \/>\n\t<meta property=\"og:image:width\" content=\"799\" \/>\n\t<meta property=\"og:image:height\" content=\"534\" \/>\n\t<meta property=\"og:image:type\" content=\"image\/jpeg\" \/>\n<meta name=\"author\" content=\"Vin\u00edcius Brigolini\" \/>\n<meta name=\"twitter:card\" content=\"summary_large_image\" \/>\n<meta name=\"twitter:creator\" content=\"@estrategiamilit\" \/>\n<meta name=\"twitter:site\" content=\"@estrategiamilit\" \/>\n<meta name=\"twitter:label1\" content=\"Escrito por\" \/>\n\t<meta name=\"twitter:data1\" content=\"Vin\u00edcius Brigolini\" \/>\n\t<meta name=\"twitter:label2\" content=\"Est. tempo de leitura\" \/>\n\t<meta name=\"twitter:data2\" content=\"4 minutos\" \/>\n<script type=\"application\/ld+json\" class=\"yoast-schema-graph\">{\"@context\":\"https:\/\/schema.org\",\"@graph\":[{\"@type\":\"Article\",\"@id\":\"https:\/\/militares.estrategia.com\/portal\/mundo-militar\/datas-comemorativas\/dia-do-armamentista\/#article\",\"isPartOf\":{\"@id\":\"https:\/\/militares.estrategia.com\/portal\/mundo-militar\/datas-comemorativas\/dia-do-armamentista\/\"},\"author\":{\"name\":\"Vin\u00edcius Brigolini\",\"@id\":\"https:\/\/militares.estrategia.com\/portal\/#\/schema\/person\/6587b50abb02ffb0d1d0b50c12a6b317\"},\"headline\":\"15 de maio: Dia do Armamentista da Marinha\",\"datePublished\":\"2022-05-13T21:00:00+00:00\",\"dateModified\":\"2025-05-15T13:31:26+00:00\",\"mainEntityOfPage\":{\"@id\":\"https:\/\/militares.estrategia.com\/portal\/mundo-militar\/datas-comemorativas\/dia-do-armamentista\/\"},\"wordCount\":675,\"publisher\":{\"@id\":\"https:\/\/militares.estrategia.com\/portal\/#organization\"},\"image\":{\"@id\":\"https:\/\/militares.estrategia.com\/portal\/mundo-militar\/datas-comemorativas\/dia-do-armamentista\/#primaryimage\"},\"thumbnailUrl\":\"https:\/\/militares.estrategia.com\/portal\/wp-content\/uploads\/2022\/05\/52068989898_255796265a_c.jpg\",\"articleSection\":[\"Datas Comemorativas\"],\"inLanguage\":\"pt-BR\"},{\"@type\":\"WebPage\",\"@id\":\"https:\/\/militares.estrategia.com\/portal\/mundo-militar\/datas-comemorativas\/dia-do-armamentista\/\",\"url\":\"https:\/\/militares.estrategia.com\/portal\/mundo-militar\/datas-comemorativas\/dia-do-armamentista\/\",\"name\":\"15 de maio: Dia do Armamentista da Marinha\",\"isPartOf\":{\"@id\":\"https:\/\/militares.estrategia.com\/portal\/#website\"},\"primaryImageOfPage\":{\"@id\":\"https:\/\/militares.estrategia.com\/portal\/mundo-militar\/datas-comemorativas\/dia-do-armamentista\/#primaryimage\"},\"image\":{\"@id\":\"https:\/\/militares.estrategia.com\/portal\/mundo-militar\/datas-comemorativas\/dia-do-armamentista\/#primaryimage\"},\"thumbnailUrl\":\"https:\/\/militares.estrategia.com\/portal\/wp-content\/uploads\/2022\/05\/52068989898_255796265a_c.jpg\",\"datePublished\":\"2022-05-13T21:00:00+00:00\",\"dateModified\":\"2025-05-15T13:31:26+00:00\",\"description\":\"Confira as informa\u00e7\u00f5es e curiosidades sobre o Dia do armamentista da Marinha do Brasil, que o Estrat\u00e9gia Militares preparou para voc\u00ea!\",\"breadcrumb\":{\"@id\":\"https:\/\/militares.estrategia.com\/portal\/mundo-militar\/datas-comemorativas\/dia-do-armamentista\/#breadcrumb\"},\"inLanguage\":\"pt-BR\",\"potentialAction\":[{\"@type\":\"ReadAction\",\"target\":[\"https:\/\/militares.estrategia.com\/portal\/mundo-militar\/datas-comemorativas\/dia-do-armamentista\/\"]}]},{\"@type\":\"ImageObject\",\"inLanguage\":\"pt-BR\",\"@id\":\"https:\/\/militares.estrategia.com\/portal\/mundo-militar\/datas-comemorativas\/dia-do-armamentista\/#primaryimage\",\"url\":\"https:\/\/militares.estrategia.com\/portal\/wp-content\/uploads\/2022\/05\/52068989898_255796265a_c.jpg\",\"contentUrl\":\"https:\/\/militares.estrategia.com\/portal\/wp-content\/uploads\/2022\/05\/52068989898_255796265a_c.jpg\",\"width\":799,\"height\":534,\"caption\":\"Militar armamentista\"},{\"@type\":\"BreadcrumbList\",\"@id\":\"https:\/\/militares.estrategia.com\/portal\/mundo-militar\/datas-comemorativas\/dia-do-armamentista\/#breadcrumb\",\"itemListElement\":[{\"@type\":\"ListItem\",\"position\":1,\"name\":\"Home\",\"item\":\"https:\/\/militares.estrategia.com\/portal\/\"},{\"@type\":\"ListItem\",\"position\":2,\"name\":\"Mundo Militar\",\"item\":\"https:\/\/militares.estrategia.com\/portal\/mundo-militar\/\"},{\"@type\":\"ListItem\",\"position\":3,\"name\":\"Datas Comemorativas\",\"item\":\"https:\/\/militares.estrategia.com\/portal\/mundo-militar\/datas-comemorativas\/\"},{\"@type\":\"ListItem\",\"position\":4,\"name\":\"15 de maio: Dia do Armamentista da Marinha\"}]},{\"@type\":\"WebSite\",\"@id\":\"https:\/\/militares.estrategia.com\/portal\/#website\",\"url\":\"https:\/\/militares.estrategia.com\/portal\/\",\"name\":\"Estrat\u00e9gia Militares\",\"description\":\"\",\"publisher\":{\"@id\":\"https:\/\/militares.estrategia.com\/portal\/#organization\"},\"potentialAction\":[{\"@type\":\"SearchAction\",\"target\":{\"@type\":\"EntryPoint\",\"urlTemplate\":\"https:\/\/militares.estrategia.com\/portal\/?s={search_term_string}\"},\"query-input\":{\"@type\":\"PropertyValueSpecification\",\"valueRequired\":true,\"valueName\":\"search_term_string\"}}],\"inLanguage\":\"pt-BR\"},{\"@type\":\"Organization\",\"@id\":\"https:\/\/militares.estrategia.com\/portal\/#organization\",\"name\":\"Estrat\u00e9gia Militares\",\"url\":\"https:\/\/militares.estrategia.com\/portal\/\",\"logo\":{\"@type\":\"ImageObject\",\"inLanguage\":\"pt-BR\",\"@id\":\"https:\/\/militares.estrategia.com\/portal\/#\/schema\/logo\/image\/\",\"url\":\"https:\/\/militares.estrategia.com\/portal\/wp-content\/uploads\/2021\/10\/logo-militares.webp\",\"contentUrl\":\"https:\/\/militares.estrategia.com\/portal\/wp-content\/uploads\/2021\/10\/logo-militares.webp\",\"width\":346,\"height\":90,\"caption\":\"Estrat\u00e9gia Militares\"},\"image\":{\"@id\":\"https:\/\/militares.estrategia.com\/portal\/#\/schema\/logo\/image\/\"},\"sameAs\":[\"https:\/\/www.facebook.com\/EstrategiaMilitares\",\"https:\/\/x.com\/estrategiamilit\",\"https:\/\/www.instagram.com\/estrategiamilitares\/\",\"https:\/\/www.youtube.com\/channel\/UCRG_9hakCqXxnj_8TqCdgTA\"]},{\"@type\":\"Person\",\"@id\":\"https:\/\/militares.estrategia.com\/portal\/#\/schema\/person\/6587b50abb02ffb0d1d0b50c12a6b317\",\"name\":\"Vin\u00edcius Brigolini\",\"image\":{\"@type\":\"ImageObject\",\"inLanguage\":\"pt-BR\",\"@id\":\"https:\/\/militares.estrategia.com\/portal\/#\/schema\/person\/image\/\",\"url\":\"https:\/\/militares.estrategia.com\/portal\/wp-content\/uploads\/2021\/08\/Sem-titulo-150x150.jpg\",\"contentUrl\":\"https:\/\/militares.estrategia.com\/portal\/wp-content\/uploads\/2021\/08\/Sem-titulo-150x150.jpg\",\"caption\":\"Vin\u00edcius Brigolini\"},\"description\":\"Membro da turma Carcar\u00e1 de 2017 da For\u00e7a A\u00e9rea Brasileira. \u00c9 apaixonado pela avia\u00e7\u00e3o e pelo mundo militar!\",\"sameAs\":[\"https:\/\/www.instagram.com\/viniciusbgn\/\"],\"url\":\"https:\/\/militares.estrategia.com\/portal\/author\/vinicius-souza\/\"}]}<\/script>\n<!-- \/ Yoast SEO Premium plugin. -->","yoast_head_json":{"title":"15 de maio: Dia do Armamentista da Marinha","description":"Confira as informa\u00e7\u00f5es e curiosidades sobre o Dia do armamentista da Marinha do Brasil, que o Estrat\u00e9gia Militares preparou para voc\u00ea!","robots":{"index":"index","follow":"follow","max-snippet":"max-snippet:-1","max-image-preview":"max-image-preview:large","max-video-preview":"max-video-preview:-1"},"canonical":"https:\/\/militares.estrategia.com\/portal\/mundo-militar\/datas-comemorativas\/dia-do-armamentista\/","og_locale":"pt_BR","og_type":"article","og_title":"15 de maio: Dia do Armamentista da Marinha","og_description":"Confira as informa\u00e7\u00f5es e curiosidades sobre o Dia do armamentista da Marinha do Brasil, que o Estrat\u00e9gia Militares preparou para voc\u00ea!","og_url":"https:\/\/militares.estrategia.com\/portal\/mundo-militar\/datas-comemorativas\/dia-do-armamentista\/","og_site_name":"Estrat\u00e9gia Militares","article_publisher":"https:\/\/www.facebook.com\/EstrategiaMilitares","article_published_time":"2022-05-13T21:00:00+00:00","article_modified_time":"2025-05-15T13:31:26+00:00","og_image":[{"width":799,"height":534,"url":"https:\/\/militares.estrategia.com\/portal\/wp-content\/uploads\/2022\/05\/52068989898_255796265a_c.jpg","type":"image\/jpeg"}],"author":"Vin\u00edcius Brigolini","twitter_card":"summary_large_image","twitter_creator":"@estrategiamilit","twitter_site":"@estrategiamilit","twitter_misc":{"Escrito por":"Vin\u00edcius Brigolini","Est. tempo de leitura":"4 minutos"},"schema":{"@context":"https:\/\/schema.org","@graph":[{"@type":"Article","@id":"https:\/\/militares.estrategia.com\/portal\/mundo-militar\/datas-comemorativas\/dia-do-armamentista\/#article","isPartOf":{"@id":"https:\/\/militares.estrategia.com\/portal\/mundo-militar\/datas-comemorativas\/dia-do-armamentista\/"},"author":{"name":"Vin\u00edcius Brigolini","@id":"https:\/\/militares.estrategia.com\/portal\/#\/schema\/person\/6587b50abb02ffb0d1d0b50c12a6b317"},"headline":"15 de maio: Dia do Armamentista da Marinha","datePublished":"2022-05-13T21:00:00+00:00","dateModified":"2025-05-15T13:31:26+00:00","mainEntityOfPage":{"@id":"https:\/\/militares.estrategia.com\/portal\/mundo-militar\/datas-comemorativas\/dia-do-armamentista\/"},"wordCount":675,"publisher":{"@id":"https:\/\/militares.estrategia.com\/portal\/#organization"},"image":{"@id":"https:\/\/militares.estrategia.com\/portal\/mundo-militar\/datas-comemorativas\/dia-do-armamentista\/#primaryimage"},"thumbnailUrl":"https:\/\/militares.estrategia.com\/portal\/wp-content\/uploads\/2022\/05\/52068989898_255796265a_c.jpg","articleSection":["Datas Comemorativas"],"inLanguage":"pt-BR"},{"@type":"WebPage","@id":"https:\/\/militares.estrategia.com\/portal\/mundo-militar\/datas-comemorativas\/dia-do-armamentista\/","url":"https:\/\/militares.estrategia.com\/portal\/mundo-militar\/datas-comemorativas\/dia-do-armamentista\/","name":"15 de maio: Dia do Armamentista da Marinha","isPartOf":{"@id":"https:\/\/militares.estrategia.com\/portal\/#website"},"primaryImageOfPage":{"@id":"https:\/\/militares.estrategia.com\/portal\/mundo-militar\/datas-comemorativas\/dia-do-armamentista\/#primaryimage"},"image":{"@id":"https:\/\/militares.estrategia.com\/portal\/mundo-militar\/datas-comemorativas\/dia-do-armamentista\/#primaryimage"},"thumbnailUrl":"https:\/\/militares.estrategia.com\/portal\/wp-content\/uploads\/2022\/05\/52068989898_255796265a_c.jpg","datePublished":"2022-05-13T21:00:00+00:00","dateModified":"2025-05-15T13:31:26+00:00","description":"Confira as informa\u00e7\u00f5es e curiosidades sobre o Dia do armamentista da Marinha do Brasil, que o Estrat\u00e9gia Militares preparou para voc\u00ea!","breadcrumb":{"@id":"https:\/\/militares.estrategia.com\/portal\/mundo-militar\/datas-comemorativas\/dia-do-armamentista\/#breadcrumb"},"inLanguage":"pt-BR","potentialAction":[{"@type":"ReadAction","target":["https:\/\/militares.estrategia.com\/portal\/mundo-militar\/datas-comemorativas\/dia-do-armamentista\/"]}]},{"@type":"ImageObject","inLanguage":"pt-BR","@id":"https:\/\/militares.estrategia.com\/portal\/mundo-militar\/datas-comemorativas\/dia-do-armamentista\/#primaryimage","url":"https:\/\/militares.estrategia.com\/portal\/wp-content\/uploads\/2022\/05\/52068989898_255796265a_c.jpg","contentUrl":"https:\/\/militares.estrategia.com\/portal\/wp-content\/uploads\/2022\/05\/52068989898_255796265a_c.jpg","width":799,"height":534,"caption":"Militar armamentista"},{"@type":"BreadcrumbList","@id":"https:\/\/militares.estrategia.com\/portal\/mundo-militar\/datas-comemorativas\/dia-do-armamentista\/#breadcrumb","itemListElement":[{"@type":"ListItem","position":1,"name":"Home","item":"https:\/\/militares.estrategia.com\/portal\/"},{"@type":"ListItem","position":2,"name":"Mundo Militar","item":"https:\/\/militares.estrategia.com\/portal\/mundo-militar\/"},{"@type":"ListItem","position":3,"name":"Datas Comemorativas","item":"https:\/\/militares.estrategia.com\/portal\/mundo-militar\/datas-comemorativas\/"},{"@type":"ListItem","position":4,"name":"15 de maio: Dia do Armamentista da Marinha"}]},{"@type":"WebSite","@id":"https:\/\/militares.estrategia.com\/portal\/#website","url":"https:\/\/militares.estrategia.com\/portal\/","name":"Estrat\u00e9gia Militares","description":"","publisher":{"@id":"https:\/\/militares.estrategia.com\/portal\/#organization"},"potentialAction":[{"@type":"SearchAction","target":{"@type":"EntryPoint","urlTemplate":"https:\/\/militares.estrategia.com\/portal\/?s={search_term_string}"},"query-input":{"@type":"PropertyValueSpecification","valueRequired":true,"valueName":"search_term_string"}}],"inLanguage":"pt-BR"},{"@type":"Organization","@id":"https:\/\/militares.estrategia.com\/portal\/#organization","name":"Estrat\u00e9gia Militares","url":"https:\/\/militares.estrategia.com\/portal\/","logo":{"@type":"ImageObject","inLanguage":"pt-BR","@id":"https:\/\/militares.estrategia.com\/portal\/#\/schema\/logo\/image\/","url":"https:\/\/militares.estrategia.com\/portal\/wp-content\/uploads\/2021\/10\/logo-militares.webp","contentUrl":"https:\/\/militares.estrategia.com\/portal\/wp-content\/uploads\/2021\/10\/logo-militares.webp","width":346,"height":90,"caption":"Estrat\u00e9gia Militares"},"image":{"@id":"https:\/\/militares.estrategia.com\/portal\/#\/schema\/logo\/image\/"},"sameAs":["https:\/\/www.facebook.com\/EstrategiaMilitares","https:\/\/x.com\/estrategiamilit","https:\/\/www.instagram.com\/estrategiamilitares\/","https:\/\/www.youtube.com\/channel\/UCRG_9hakCqXxnj_8TqCdgTA"]},{"@type":"Person","@id":"https:\/\/militares.estrategia.com\/portal\/#\/schema\/person\/6587b50abb02ffb0d1d0b50c12a6b317","name":"Vin\u00edcius Brigolini","image":{"@type":"ImageObject","inLanguage":"pt-BR","@id":"https:\/\/militares.estrategia.com\/portal\/#\/schema\/person\/image\/","url":"https:\/\/militares.estrategia.com\/portal\/wp-content\/uploads\/2021\/08\/Sem-titulo-150x150.jpg","contentUrl":"https:\/\/militares.estrategia.com\/portal\/wp-content\/uploads\/2021\/08\/Sem-titulo-150x150.jpg","caption":"Vin\u00edcius Brigolini"},"description":"Membro da turma Carcar\u00e1 de 2017 da For\u00e7a A\u00e9rea Brasileira. \u00c9 apaixonado pela avia\u00e7\u00e3o e pelo mundo militar!","sameAs":["https:\/\/www.instagram.com\/viniciusbgn\/"],"url":"https:\/\/militares.estrategia.com\/portal\/author\/vinicius-souza\/"}]}},"_wl_alt_label":[],"wl:entity_url":"https:\/\/data.wordlift.io\/wl110246\/post\/dia-do-armamentista-saiba-mais-sobre-os-operadores-de-armamento-da-marinha-54381","_links":{"self":[{"href":"https:\/\/militares.estrategia.com\/portal\/wp-json\/wp\/v2\/posts\/54381","targetHints":{"allow":["GET"]}}],"collection":[{"href":"https:\/\/militares.estrategia.com\/portal\/wp-json\/wp\/v2\/posts"}],"about":[{"href":"https:\/\/militares.estrategia.com\/portal\/wp-json\/wp\/v2\/types\/post"}],"author":[{"embeddable":true,"href":"https:\/\/militares.estrategia.com\/portal\/wp-json\/wp\/v2\/users\/52"}],"replies":[{"embeddable":true,"href":"https:\/\/militares.estrategia.com\/portal\/wp-json\/wp\/v2\/comments?post=54381"}],"version-history":[{"count":5,"href":"https:\/\/militares.estrategia.com\/portal\/wp-json\/wp\/v2\/posts\/54381\/revisions"}],"predecessor-version":[{"id":85381,"href":"https:\/\/militares.estrategia.com\/portal\/wp-json\/wp\/v2\/posts\/54381\/revisions\/85381"}],"wp:featuredmedia":[{"embeddable":true,"href":"https:\/\/militares.estrategia.com\/portal\/wp-json\/wp\/v2\/media\/54383"}],"wp:attachment":[{"href":"https:\/\/militares.estrategia.com\/portal\/wp-json\/wp\/v2\/media?parent=54381"}],"wp:term":[{"taxonomy":"category","embeddable":true,"href":"https:\/\/militares.estrategia.com\/portal\/wp-json\/wp\/v2\/categories?post=54381"},{"taxonomy":"post_tag","embeddable":true,"href":"https:\/\/militares.estrategia.com\/portal\/wp-json\/wp\/v2\/tags?post=54381"},{"taxonomy":"wl_entity_type","embeddable":true,"href":"https:\/\/militares.estrategia.com\/portal\/wp-json\/wp\/v2\/wl_entity_type?post=54381"}],"curies":[{"name":"wp","href":"https:\/\/api.w.org\/{rel}","templated":true}]}}