{"id":54182,"date":"2022-05-09T07:00:00","date_gmt":"2022-05-09T10:00:00","guid":{"rendered":"https:\/\/militares.estrategia.com\/portal\/?p=54182"},"modified":"2022-07-15T11:13:19","modified_gmt":"2022-07-15T14:13:19","slug":"especialidades-da-eear-sargento-especialista-em-equipamento-de-voo","status":"publish","type":"post","link":"https:\/\/militares.estrategia.com\/portal\/mundo-militar\/carreiras-e-especializacoes\/especialidades-da-eear-sargento-especialista-em-equipamento-de-voo\/","title":{"rendered":"Especialidades da EEAR: sargento especialista em equipamento de voo"},"content":{"rendered":"\n<p>Voc\u00ea sonha em ingressar no curso de equipamentos de voo da EEAR? Confira esse artigo que o Estrat\u00e9gia Militares preparou para voc\u00ea com muitas informa\u00e7\u00f5es e respostas sobre essa especialidade.<\/p>\n\n\n\n<p>A<a href=\"https:\/\/militares.estrategia.com\/portal\/guias\/aeronautica\/como-entrar-na-aeronautica\/\" target=\"_blank\" > Escola de Especialistas de Aeron\u00e1utica (EEAR) <\/a>\u00e9 a respons\u00e1vel pela forma\u00e7\u00e3o dos sargentos \u2013 tamb\u00e9m chamados graduados \u2013 no <a href=\"https:\/\/militares.estrategia.com\/portal\/guias\/aeronautica\/forca-aerea\/\" target=\"_blank\" >Comando da Aeron\u00e1utica<\/a>. A institui\u00e7\u00e3o localiza-se na cidade de Guaratinguet\u00e1, em S\u00e3o Paulo.&nbsp;<\/p>\n\n\n\n<p>Dentre as especialidades b\u00e1sicas da escola, <strong>destaca-se a de Equipamentos de Voo, tamb\u00e9m chamado de BEV \u2013 B\u00e1sico de Equipamento de Voo.&nbsp;<\/strong><\/p>\n\n\n\n<div id=\"ez-toc-container\" class=\"ez-toc-v2_0_79_2 counter-hierarchy ez-toc-counter ez-toc-transparent ez-toc-container-direction\">\n<div class=\"ez-toc-title-container\"><p class=\"ez-toc-title\" style=\"cursor:inherit\">Navegue pelo conte\u00fado\t<\/p>\n<\/div><nav><ul class='ez-toc-list ez-toc-list-level-1 ' ><li class='ez-toc-page-1 ez-toc-heading-level-2'><a class=\"ez-toc-link ez-toc-heading-1\" href=\"https:\/\/militares.estrategia.com\/portal\/mundo-militar\/carreiras-e-especializacoes\/especialidades-da-eear-sargento-especialista-em-equipamento-de-voo\/#O-que-e-o-sargento-especialista-em-equipamento-de-voo\" >O que \u00e9 o sargento especialista em equipamento de voo?<\/a><\/li><li class='ez-toc-page-1 ez-toc-heading-level-2'><a class=\"ez-toc-link ez-toc-heading-2\" href=\"https:\/\/militares.estrategia.com\/portal\/mundo-militar\/carreiras-e-especializacoes\/especialidades-da-eear-sargento-especialista-em-equipamento-de-voo\/#Quais-as-funcoes-do-sargento-especialista-em-equipamento-de-voo\" >Quais as fun\u00e7\u00f5es do sargento especialista em equipamento de voo?<\/a><\/li><li class='ez-toc-page-1 ez-toc-heading-level-2'><a class=\"ez-toc-link ez-toc-heading-3\" href=\"https:\/\/militares.estrategia.com\/portal\/mundo-militar\/carreiras-e-especializacoes\/especialidades-da-eear-sargento-especialista-em-equipamento-de-voo\/#Qual-a-remuneracao-do-aluno-do-curso-de-Equipamento-de-Voo-da-EEAR\" >Qual a remunera\u00e7\u00e3o do aluno do curso de Equipamento de Voo da EEAR?<\/a><\/li><li class='ez-toc-page-1 ez-toc-heading-level-2'><a class=\"ez-toc-link ez-toc-heading-4\" href=\"https:\/\/militares.estrategia.com\/portal\/mundo-militar\/carreiras-e-especializacoes\/especialidades-da-eear-sargento-especialista-em-equipamento-de-voo\/#Quanto-ganha-um-sargento-especialista-em-Equipamento-de-Voo-na-FAB\" >Quanto ganha um sargento especialista em Equipamento de Voo na FAB?<\/a><\/li><li class='ez-toc-page-1 ez-toc-heading-level-2'><a class=\"ez-toc-link ez-toc-heading-5\" href=\"https:\/\/militares.estrategia.com\/portal\/mundo-militar\/carreiras-e-especializacoes\/especialidades-da-eear-sargento-especialista-em-equipamento-de-voo\/#Bonus-de-localidade-especial\" >B\u00f4nus de localidade especial<\/a><\/li><li class='ez-toc-page-1 ez-toc-heading-level-2'><a class=\"ez-toc-link ez-toc-heading-6\" href=\"https:\/\/militares.estrategia.com\/portal\/mundo-militar\/carreiras-e-especializacoes\/especialidades-da-eear-sargento-especialista-em-equipamento-de-voo\/#O-que-e-o-CFOE\" >O que \u00e9 o CFOE?<\/a><\/li><li class='ez-toc-page-1 ez-toc-heading-level-2'><a class=\"ez-toc-link ez-toc-heading-7\" href=\"https:\/\/militares.estrategia.com\/portal\/mundo-militar\/carreiras-e-especializacoes\/especialidades-da-eear-sargento-especialista-em-equipamento-de-voo\/#O-que-e-o-EAOF\" >O que \u00e9 o EAOF?<\/a><\/li><li class='ez-toc-page-1 ez-toc-heading-level-2'><a class=\"ez-toc-link ez-toc-heading-8\" href=\"https:\/\/militares.estrategia.com\/portal\/mundo-militar\/carreiras-e-especializacoes\/especialidades-da-eear-sargento-especialista-em-equipamento-de-voo\/#Escola-de-Especialistas-da-Aeronautica-%E2%80%93-EEAR\" >Escola de Especialistas da Aeron\u00e1utica \u2013 EEAR<\/a><\/li><li class='ez-toc-page-1 ez-toc-heading-level-2'><a class=\"ez-toc-link ez-toc-heading-9\" href=\"https:\/\/militares.estrategia.com\/portal\/mundo-militar\/carreiras-e-especializacoes\/especialidades-da-eear-sargento-especialista-em-equipamento-de-voo\/#Veja-tambem\" >Veja tamb\u00e9m:<\/a><\/li><\/ul><\/nav><\/div>\n<h2 class=\"wp-block-heading\" id=\"h-o-que-e-o-sargento-especialista-em-equipamento-de-voo\"><span class=\"ez-toc-section\" id=\"O-que-e-o-sargento-especialista-em-equipamento-de-voo\"><\/span>O que \u00e9 o sargento especialista em equipamento de voo?<span class=\"ez-toc-section-end\"><\/span><\/h2>\n\n\n\n<p>O sargento especialista em equipamento de voo \u00e9 o militar respons\u00e1vel pelos <strong>servi\u00e7os de manuten\u00e7\u00e3o e opera\u00e7\u00e3o dos equipamentos de voo a bordo das aeronaves, da seguran\u00e7a dos pilotos e dos equipamentos de salvamento e de sobreviv\u00eancia.<\/strong><\/p>\n\n\n\n<p><\/p>\n\n\n<div id=\"new-form\">\n\t<form id=\"forms_layout\">\n\t<input type=\"hidden\" id=\"chave_de\" name=\"chave_de\" value=\"01_EMIL_LEADS_TOTAIS\" \/>\n\t\t<input type=\"hidden\" id=\"mid\" name=\"mid\" value=\"515009017\" \/>\n\t\t<input type=\"hidden\" id=\"Objetivo\" name=\"Objetivo\" value=\"Militares\" \/>\n\t\t<input type=\"hidden\" id=\"Estado_de_Origem_do_IP\" name=\"Estado_de_Origem_do_IP\"  value=\"\" \/>\n\t\t<input type=\"hidden\" id=\"Cidade_de_Origem_do_IP\" name=\"Cidade_de_Origem_do_IP\" value=\"\" \/>\n\t\t<input type=\"hidden\" id=\"Modo_de_entrada\" name=\"Modo_de_entrada\" value=\"Portal\" \/>\n\t\t<input type=\"hidden\" id=\"Pagina_Origem\" name=\"Pagina_Origem\" value=\"\" \/>\n\n\t\t<div class=\"texto\">\n\t\t\t<h3 class=\"news\">Inscreva-se em nossa newsletter!<\/h3>\n\t\t\t<p>Receba not\u00edcias sobre os mais importantes concursos para as For\u00e7as Armadas brasileiras e informa\u00e7\u00f5es sobre o mundo militar!<\/p>\n\t\t<\/div>\n\t\t<div class=\"campos\">\n\t\t\t<div class=\"first_name labels\">\n\t\t\t\t<input type=\"text\" class=\"input_labels\" id=\"first_name\" name=\"Nome_Completo\" placeholder=\"Nome\" required \/>\n\t\t\t<\/div>\n\t\t\t<div class=\"email labels\">\n\t\t\t\t<input type=\"email\" class=\"input_labels\" id=\"email\" name=\"Email\" placeholder=\"E-mail\" required \/>\n\t\t\t<\/div>\n\t\t\t<button type=\"submit\" class=\"button_layout\">\n\t\t\t\t<div id=\"lblBotao\">Inscreva-se<\/div>\n\t\t\t\t<span id=\"divSpiner\" class=\"loader\" role=\"status\" style=\"display: none;\"><\/span>\t\n\t\t\t<\/button>\n\t\t<\/div><!-- \/campos -->\n\t\t\n\t\t<label class=\"container_checkbox\">Voc\u00ea concorda com a nossa\n\t\t\t<a class=\"politics_privacy_ahref\" target=\"_blank\" href=\"https:\/\/gratis.estrategiaconcursos.com.br\/politica-de-privacidade\/\">Pol\u00edtica de Privacidade<\/a> e aceita receber informa\u00e7\u00f5es adicionais do Estrat\u00e9gia Educacional.\n\t\t\t<input id=\"checkbox_layout\" type=\"checkbox\" checked=\"checked\" required \/>\n\t\t\t<span class=\"checkbox\"><\/span>\n\t\t<\/label>\n\t\t<div id=\"msg\"><\/div>\n\t\t<div id=\"error\" class=\"error\">\n\t\t<\/div>\n\t<\/form>\n<\/div><!-- \/new-form -->\n\n\n\n<h2 class=\"wp-block-heading\" id=\"h-quais-as-funcoes-do-sargento-especialista-em-equipamento-de-voo\"><span class=\"ez-toc-section\" id=\"Quais-as-funcoes-do-sargento-especialista-em-equipamento-de-voo\"><\/span>Quais as fun\u00e7\u00f5es do sargento especialista em equipamento de voo?<span class=\"ez-toc-section-end\"><\/span><\/h2>\n\n\n\n<p>A atividade desse especialista \u00e9 vital para a seguran\u00e7a e operacionalidade da FAB. <strong>O BEV tem a caracter\u00edstica de ser detalhista, <\/strong>visto a sua responsabilidade pelos servi\u00e7os de modelagem e costura, manuten\u00e7\u00e3o e inspe\u00e7\u00e3o de equipamentos de voo, de sobreviv\u00eancia e sistemas de oxig\u00eanio.<\/p>\n\n\n\n<p>O especialista \u00e9 respons\u00e1vel, tamb\u00e9m, pelo<strong> preparo de cargas para o lan\u00e7amento a\u00e9reo, pela manuten\u00e7\u00e3o dos assentos ejet\u00e1veis das aeronaves de ca\u00e7a e o fornecimento dos equipamentos necess\u00e1rios para cada tipo de miss\u00e3o.<\/strong><\/p>\n\n\n\n<p>Al\u00e9m disso, uma das atividades do especialista de voo \u00e9 <strong>a dobragem dos paraquedas da FAB, atividade que exige muita aten\u00e7\u00e3o e responsabilidade,<\/strong> visto que lida diretamente com a seguran\u00e7a dos paraquedistas da Aeron\u00e1utica.<\/p>\n\n\n\n<div class=\"wp-block-image\"><figure class=\"aligncenter size-large\"><img decoding=\"async\" width=\"1024\" height=\"680\" src=\"https:\/\/militares.estrategia.com\/portal\/wp-content\/uploads\/2022\/05\/image-4-1024x680.webp\" alt=\"Paraquedistas com equipamentos de voo\" class=\"wp-image-54183\" srcset=\"https:\/\/militares.estrategia.com\/portal\/wp-content\/uploads\/2022\/05\/image-4-1024x680.webp 1024w, https:\/\/militares.estrategia.com\/portal\/wp-content\/uploads\/2022\/05\/image-4-768x510.webp 768w, https:\/\/militares.estrategia.com\/portal\/wp-content\/uploads\/2022\/05\/image-4-800x531.webp 800w, https:\/\/militares.estrategia.com\/portal\/wp-content\/uploads\/2022\/05\/image-4-1160x770.webp 1160w, https:\/\/militares.estrategia.com\/portal\/wp-content\/uploads\/2022\/05\/image-4.jpeg 1280w\" sizes=\"(max-width: 1024px) 100vw, 1024px\" \/><\/figure><\/div>\n\n\n\n<p>Outra atividade dos sargentos especialistas em equipamento de voo \u00e9 a<strong> montagem e a manuten\u00e7\u00e3o dos capacetes de voo dos pilotos,<\/strong> principalmente das avia\u00e7\u00f5es de ca\u00e7a e asas rotativas, os helic\u00f3pteros.<\/p>\n\n\n\n<p>Os capacetes utilizados pelos aviadores s\u00e3o extremamente importantes na opera\u00e7\u00e3o a\u00e9rea, principalmente ap\u00f3s a FAB incorporar o sistema HMD &#8211; <em>Helmet Mounted Display &#8211; <\/em>que consiste num sistema<strong> onde diversas informa\u00e7\u00f5es, como a velocidade da aeronave, altura, dist\u00e2ncia do alvo, entre outras, s\u00e3o projetados na viseira do capacete.<\/strong>&nbsp;<\/p>\n\n\n\n<p>Essa tecnologia <strong>aumenta a efici\u00eancia da aeronave e diminui o tempo de resposta do piloto, <\/strong>caso necessite realizar algum disparo de armas.<\/p>\n\n\n\n<p>O especialista em equipamento de voo <strong>\u00e9 respons\u00e1vel pelo ajuste anat\u00f4mico, sob medida, do capacete, pela instala\u00e7\u00e3o de equipamentos eletr\u00f4nicos e do dispositivo respons\u00e1vel pela proje\u00e7\u00e3o dos dados de voo.<\/strong><\/p>\n\n\n\n<div class=\"wp-block-image\"><figure class=\"aligncenter size-large\"><img decoding=\"async\" width=\"1024\" height=\"686\" src=\"https:\/\/militares.estrategia.com\/portal\/wp-content\/uploads\/2022\/05\/image-5-1024x686.webp\" alt=\"Capacete equipamento de voo\" class=\"wp-image-54184\" srcset=\"https:\/\/militares.estrategia.com\/portal\/wp-content\/uploads\/2022\/05\/image-5-1024x686.webp 1024w, https:\/\/militares.estrategia.com\/portal\/wp-content\/uploads\/2022\/05\/image-5-768x514.webp 768w, https:\/\/militares.estrategia.com\/portal\/wp-content\/uploads\/2022\/05\/image-5-800x536.webp 800w, https:\/\/militares.estrategia.com\/portal\/wp-content\/uploads\/2022\/05\/image-5-1160x777.webp 1160w, https:\/\/militares.estrategia.com\/portal\/wp-content\/uploads\/2022\/05\/image-5.jpeg 1280w\" sizes=\"(max-width: 1024px) 100vw, 1024px\" \/><\/figure><\/div>\n\n\n\n<h2 class=\"wp-block-heading\" id=\"h-qual-a-remuneracao-do-aluno-do-curso-de-equipamento-de-voo-da-eear\"><span class=\"ez-toc-section\" id=\"Qual-a-remuneracao-do-aluno-do-curso-de-Equipamento-de-Voo-da-EEAR\"><\/span>Qual a remunera\u00e7\u00e3o do aluno do curso de Equipamento de Voo da EEAR?<span class=\"ez-toc-section-end\"><\/span><\/h2>\n\n\n\n<p>O aluno do curso de Equipamento de Voo da EEAR recebe o soldo, que \u00e9 regulamentado pelo Estatuto dos Militares. <strong>Atualmente, ele \u00e9 de R$ 1.066,00 e \u00e9 depositado na conta banc\u00e1ria do aluno no primeiro dia \u00fatil de cada m\u00eas.<\/strong>&nbsp;<\/p>\n\n\n\n<h2 class=\"wp-block-heading\" id=\"h-quanto-ganha-um-sargento-especialista-em-equipamento-de-voo-na-fab\"><span class=\"ez-toc-section\" id=\"Quanto-ganha-um-sargento-especialista-em-Equipamento-de-Voo-na-FAB\"><\/span>Quanto ganha um sargento especialista em Equipamento de Voo na FAB?<span class=\"ez-toc-section-end\"><\/span><\/h2>\n\n\n\n<p>A remunera\u00e7\u00e3o referente \u00e0 fun\u00e7\u00e3o de sargento especialista em Equipamento de Voo varia, visto que o valor depende da gradua\u00e7\u00e3o e do posto do integrante da For\u00e7a A\u00e9rea. Vale ressaltar que o soldo \u00e9 apenas a base do sal\u00e1rio do militar.&nbsp;<\/p>\n\n\n\n<p>Junto ao soldo s\u00e3o pagos diversos valores adicionais pela fun\u00e7\u00e3o desempenhada. No entanto, existem alguns descontos referentes aos servi\u00e7os hospitalares, pens\u00e3o militar, entre outros. <strong>Atualmente, o soldo-base varia de R$ 3.825,00 a R$ 6.169,00, para os graduados. Voc\u00ea pode acessar<\/strong><a href=\"https:\/\/militares.estrategia.com\/portal\/mundo-militar\/entenda-o-que-e-soldo-militar\/\" target=\"_blank\" ><strong> a tabela dos soldos militares aqui.&nbsp;<\/strong><\/a><\/p>\n\n\n\n<h2 class=\"wp-block-heading\" id=\"h-bonus-de-localidade-especial\"><span class=\"ez-toc-section\" id=\"Bonus-de-localidade-especial\"><\/span>B\u00f4nus de localidade especial<span class=\"ez-toc-section-end\"><\/span><\/h2>\n\n\n\n<p>Al\u00e9m do valor adicional pago pela habilita\u00e7\u00e3o como militar da ativa, em localidades especiais, como o norte do pa\u00eds (Manaus, Boa Vista), existe ainda o adicional de 20%. Os b\u00f4nus de habilita\u00e7\u00e3o como o militar e o de localidade especial s\u00e3o cumulativos, podendo chegar a 40% de adi\u00e7\u00e3o ao sal\u00e1rio.<\/p>\n\n\n\n<h2 class=\"wp-block-heading\" id=\"h-o-que-e-o-cfoe\"><span class=\"ez-toc-section\" id=\"O-que-e-o-CFOE\"><\/span>O que \u00e9 o CFOE?<span class=\"ez-toc-section-end\"><\/span><\/h2>\n\n\n\n<p><strong>Uma grande oportunidade que a especialidade oferece ao militar, ap\u00f3s dez anos de formado, \u00e9 o CFOE \u2013 Curso de Forma\u00e7\u00e3o de Oficiais Especialistas<\/strong>. Nele, o militar tem a chance de concorrer somente com os companheiros de sua especialidade a uma vaga para se tornar um oficial de carreira.<strong> Se for aprovado, pode chegar at\u00e9 a <\/strong><a href=\"https:\/\/militares.estrategia.com\/portal\/carreiras-militares\/maior-patente-da-aeronautica\/\" target=\"_blank\" ><strong>patente de Coronel<\/strong><\/a><strong> especialista em Equipamento de Voo.<\/strong><\/p>\n\n\n\n<p>O concurso para o <a href=\"https:\/\/militares.estrategia.com\/portal\/guias\/aeronautica\/concurso-cfoe\/\" target=\"_blank\" >CFOE \u2013 Curso de Forma\u00e7\u00e3o de Oficiais Especialistas<\/a> \u00e9 um <strong>exame interno da Aeron\u00e1utica, destinado aos sargentos de carreira de especialidades b\u00e1sicas.<\/strong> O curso \u00e9 muito concorrido por ser de n\u00edvel nacional, ter poucas vagas e porque a prova tem alto grau de dificuldade.&nbsp;<\/p>\n\n\n\n<p>Para chegar ao oficialato, o candidato vai para Lagoa Santa, em Minas Gerais, onde fica dois anos no <a href=\"https:\/\/militares.estrategia.com\/portal\/guias\/aeronautica\/ciaar-tudo-sobre-a-instituicao\/\" target=\"_blank\" >CIAAR \u2013 Centro de Instru\u00e7\u00e3o e Adapta\u00e7\u00e3o da Aeron\u00e1utica<\/a>. Ao final desse per\u00edodo, ele \u00e9 habilitado como oficial especialista em Equipamento de Voo.<\/p>\n\n\n\n<h2 class=\"wp-block-heading\" id=\"h-o-que-e-o-eaof\"><span class=\"ez-toc-section\" id=\"O-que-e-o-EAOF\"><\/span>O que \u00e9 o EAOF?<span class=\"ez-toc-section-end\"><\/span><\/h2>\n\n\n\n<p>Caso o sargento n\u00e3o seja aprovado ou n\u00e3o tenha interesse em ingressar no CFOE, ele pode<strong>, ao final da sua carreira como primeiro sargento ou suboficial, ingressar no EAOF \u2013 Est\u00e1gio de Adapta\u00e7\u00e3o ao Oficialato<\/strong>. Nele, ser\u00e1 julgado por uma comiss\u00e3o que avaliar\u00e1 toda a carreira do militar a fim de aprov\u00e1-lo para ingresso no oficialato ou n\u00e3o.<\/p>\n\n\n\n<p>O EAOF \u00e9 realizado no CIAAR \u2013 Centro de Instru\u00e7\u00e3o e Adapta\u00e7\u00e3o da Aeron\u00e1utica \u2013 em Lagoa Santa (MG). <strong>No local, por 90 dias o militar recebe instru\u00e7\u00f5es sobre a vida de oficial. Ele poder\u00e1 chegar at\u00e9 a patente de capit\u00e3o especialista.<\/strong><\/p>\n\n\n\n<h2 class=\"wp-block-heading\" id=\"h-escola-de-especialistas-da-aeronautica-eear\"><span class=\"ez-toc-section\" id=\"Escola-de-Especialistas-da-Aeronautica-%E2%80%93-EEAR\"><\/span>Escola de Especialistas da Aeron\u00e1utica \u2013 EEAR<span class=\"ez-toc-section-end\"><\/span><\/h2>\n\n\n\n<p>Atualmente a<a href=\"https:\/\/militares.estrategia.com\/portal\/guias\/aeronautica\/concurso-cfs\/\" target=\"_blank\" > EEAR<\/a> est\u00e1 localizada no interior do estado de S\u00e3o Paulo, na cidade de Guaratinguet\u00e1. Ocupa um espa\u00e7o de aproximadamente 10 milh\u00f5es de metros quadrados, com uma \u00e1rea constru\u00edda superior a 119 mil metros quadrados.&nbsp;<\/p>\n\n\n\n<p><strong>O local conta com 93 pr\u00e9dios administrativos e 416 resid\u00eancias, sendo uma das maiores institui\u00e7\u00f5es de ensino da Am\u00e9rica Latina.<\/strong> O primeiro exame de sele\u00e7\u00e3o na EEAR \u00e9 datado de 1951.<\/p>\n\n\n\n<p><br>Agora que voc\u00ea sabe sobre o sargento especialista em equipamento de voo da FAB, acesse os nossos cursos e se prepare para a EEAR com o Estrat\u00e9gia Militares. Clique no banner abaixo e saia na frente, rumo a sua aprova\u00e7\u00e3o! Vem ser Coruja!<\/p>\n\n\n\n<p><strong><a id=\"cta\" class=\"cta-imagem\" href=\"https:\/\/militares.estrategia.com\/cursos\/aeronautica\/?id=0ec89530-db8c-4ac3-8d75-b8a0b1eeec9b&name=Aeron%C3%A1utica\" target=\"blank\">\n                <img decoding=\"async\" width=\"100%\" src=\"https:\/\/militares.estrategia.com\/portal\/wp-content\/uploads\/2023\/06\/CTA-AFA.jpg\" alt=\"CTA AFA\" title=\"CTA AFA\">\n        <\/a><\/strong><\/p>\n\n\n\n\n\n<p><\/p>\n\n\n\n\n\n<h2 class=\"wp-block-heading\"><span class=\"ez-toc-section\" id=\"Veja-tambem\"><\/span>Veja tamb\u00e9m:<span class=\"ez-toc-section-end\"><\/span><\/h2>\n\n\n\n<ul class=\"wp-block-list\"><li><a href=\"https:\/\/militares.estrategia.com\/portal\/escolas-militares\/fab\/eear\/concurso-eear\/\">EEAR 2023.1: calend\u00e1rio, vagas, etapas e mais<\/a><\/li><li><a href=\"https:\/\/militares.estrategia.com\/portal\/escolas-militares\/fab\/eear\/eear-cursos\/\">Cursos EEAR: formas de ingresso, est\u00e1gios, especialidades e mais<\/a><\/li><li><a href=\"https:\/\/militares.estrategia.com\/portal\/mundo-militar\/carreiras-e-especializacoes\/eear-ou-afa\/\">EEAR ou AFA: concursos, carreiras, atua\u00e7\u00e3o e mais<\/a><\/li><li><a href=\"https:\/\/militares.estrategia.com\/portal\/mundo-militar\/carreiras-e-especializacoes\/esa-ou-eear-qual-escolher\/\">ESA ou EEAR: carreira, cursos e mais<\/a><\/li><li><a href=\"https:\/\/militares.estrategia.com\/portal\/mundo-militar\/carreiras-e-especializacoes\/especialidades-da-eear-controlador-de-trafego-aereo\/\">Especialidades da EEAR: curso de controlador de tr\u00e1fego a\u00e9reo<\/a><\/li><li><a href=\"https:\/\/militares.estrategia.com\/portal\/noticias\/publicado-edital-eear-2023-1\/\">Edital EEAR 2023.1 \u00e9 publicado pela Aeron\u00e1utica, s\u00e3o 243 vagas<\/a><\/li><li><a href=\"https:\/\/militares.estrategia.com\/portal\/escolas-militares\/fab\/eear\/especialista-da-aeronautica\/\">Especialista da Aeron\u00e1utica: carreira, cursos e mais<\/a><\/li><li><a href=\"https:\/\/militares.estrategia.com\/portal\/mundo-militar\/carreiras-e-especializacoes\/especialidades-da-eear-sargento-especialista-em-desenho\/\">Especialidades da EEAR: sargento especialista em Desenho<\/a><\/li><li><a href=\"https:\/\/militares.estrategia.com\/portal\/mundo-militar\/carreiras-e-especializacoes\/especialidades-da-eear-sargento-especialista-em-comunicacoes\/\">Especialidades da EEAR: sargento especialista em Comunica\u00e7\u00f5es<\/a><\/li><li><a href=\"https:\/\/militares.estrategia.com\/portal\/mundo-militar\/carreiras-e-especializacoes\/especialidades-da-eear-sargento-especialista-em-obras\/\">Especialidades da EEAR: sargento especialista em Obras<\/a><\/li><li><a href=\"https:\/\/militares.estrategia.com\/portal\/mundo-militar\/carreiras-e-especializacoes\/especialidades-da-eear-sargento-especialista-em-fotointeligencia\/\">Especialidades da EEAR: sargento especialista em Fotointelig\u00eancia<\/a><\/li><li><a href=\"https:\/\/militares.estrategia.com\/portal\/guias\/aeronautica\/eear\/especialidades-da-eear-sargento-especialista-em-cartografia\/\">Especialidades da EEAR: sargento especialista em cartografia<\/a><\/li><li><a href=\"https:\/\/militares.estrategia.com\/portal\/carreiras-militares\/especialidades-da-eear-sargento-especialista-em-suprimento\/\">Especialidades da EEAR: sargento especialista em suprimento<\/a><\/li><li><a href=\"https:\/\/militares.estrategia.com\/portal\/guias\/aeronautica\/especialidades-da-eear-sargento-especialista-em-enfermagem\/\">Especialidades da EEAR: sargento especialista em enfermagem<\/a><\/li><li><a href=\"https:\/\/militares.estrategia.com\/portal\/guias\/aeronautica\/especialidades-da-eear-sargento-especialista-em-material-belico\/\">Especialidades da EEAR: sargento especialista em Material B\u00e9lico<\/a><\/li><\/ul>\n","protected":false},"excerpt":{"rendered":"Voc\u00ea sonha em ingressar no curso de equipamentos de voo da EEAR? Confira esse artigo que o Estrat\u00e9gia&hellip;\n","protected":false},"author":52,"featured_media":54186,"comment_status":"closed","ping_status":"closed","sticky":false,"template":"","format":"standard","meta":{"wl_entities_gutenberg":"","footnotes":""},"categories":[9],"tags":[169],"wl_entity_type":[187],"class_list":{"0":"post-54182","1":"post","2":"type-post","3":"status-publish","4":"format-standard","5":"has-post-thumbnail","7":"category-carreiras-e-especializacoes","8":"tag-aeronautica","9":"wl_entity_type-article"},"acf":[],"yoast_head":"<!-- This site is optimized with the Yoast SEO Premium plugin v26.6 (Yoast SEO v26.6) - https:\/\/yoast.com\/wordpress\/plugins\/seo\/ -->\n<title>Especialidades da EEAR: sargento especialista em equipamento de voo<\/title>\n<meta name=\"description\" content=\"Voc\u00ea tem o sonho de ingressar na carreira de sargento especialista em equipamento de voo da FAB? Ent\u00e3o confira esse artigo!\" \/>\n<meta name=\"robots\" content=\"index, follow, max-snippet:-1, max-image-preview:large, max-video-preview:-1\" \/>\n<link rel=\"canonical\" href=\"https:\/\/militares.estrategia.com\/portal\/mundo-militar\/carreiras-e-especializacoes\/especialidades-da-eear-sargento-especialista-em-equipamento-de-voo\/\" \/>\n<meta property=\"og:locale\" content=\"pt_BR\" \/>\n<meta property=\"og:type\" content=\"article\" \/>\n<meta property=\"og:title\" content=\"Especialidades da EEAR: sargento especialista em equipamento de voo\" \/>\n<meta property=\"og:description\" content=\"Voc\u00ea tem o sonho de ingressar na carreira de sargento especialista em equipamento de voo da FAB? Ent\u00e3o confira esse artigo!\" \/>\n<meta property=\"og:url\" content=\"https:\/\/militares.estrategia.com\/portal\/mundo-militar\/carreiras-e-especializacoes\/especialidades-da-eear-sargento-especialista-em-equipamento-de-voo\/\" \/>\n<meta property=\"og:site_name\" content=\"Estrat\u00e9gia Militares\" \/>\n<meta property=\"article:publisher\" content=\"https:\/\/www.facebook.com\/EstrategiaMilitares\" \/>\n<meta property=\"article:published_time\" content=\"2022-05-09T10:00:00+00:00\" \/>\n<meta property=\"article:modified_time\" content=\"2022-07-15T14:13:19+00:00\" \/>\n<meta property=\"og:image\" content=\"https:\/\/cdn.blog.estrategiavestibulares.com.br\/vestibulares\/wp-content\/uploads\/2022\/05\/plane-ga26679d5a_1280.jpg\" \/>\n\t<meta property=\"og:image:width\" content=\"1280\" \/>\n\t<meta property=\"og:image:height\" content=\"853\" \/>\n\t<meta property=\"og:image:type\" content=\"image\/jpeg\" \/>\n<meta name=\"author\" content=\"Vin\u00edcius Brigolini\" \/>\n<meta name=\"twitter:card\" content=\"summary_large_image\" \/>\n<meta name=\"twitter:creator\" content=\"@estrategiamilit\" \/>\n<meta name=\"twitter:site\" content=\"@estrategiamilit\" \/>\n<meta name=\"twitter:label1\" content=\"Escrito por\" \/>\n\t<meta name=\"twitter:data1\" content=\"Vin\u00edcius Brigolini\" \/>\n\t<meta name=\"twitter:label2\" content=\"Est. tempo de leitura\" \/>\n\t<meta name=\"twitter:data2\" content=\"7 minutos\" \/>\n<script type=\"application\/ld+json\" class=\"yoast-schema-graph\">{\"@context\":\"https:\/\/schema.org\",\"@graph\":[{\"@type\":\"Article\",\"@id\":\"https:\/\/militares.estrategia.com\/portal\/mundo-militar\/carreiras-e-especializacoes\/especialidades-da-eear-sargento-especialista-em-equipamento-de-voo\/#article\",\"isPartOf\":{\"@id\":\"https:\/\/militares.estrategia.com\/portal\/mundo-militar\/carreiras-e-especializacoes\/especialidades-da-eear-sargento-especialista-em-equipamento-de-voo\/\"},\"author\":{\"name\":\"Vin\u00edcius Brigolini\",\"@id\":\"https:\/\/militares.estrategia.com\/portal\/#\/schema\/person\/6587b50abb02ffb0d1d0b50c12a6b317\"},\"headline\":\"Especialidades da EEAR: sargento especialista em equipamento de voo\",\"datePublished\":\"2022-05-09T10:00:00+00:00\",\"dateModified\":\"2022-07-15T14:13:19+00:00\",\"mainEntityOfPage\":{\"@id\":\"https:\/\/militares.estrategia.com\/portal\/mundo-militar\/carreiras-e-especializacoes\/especialidades-da-eear-sargento-especialista-em-equipamento-de-voo\/\"},\"wordCount\":1182,\"publisher\":{\"@id\":\"https:\/\/militares.estrategia.com\/portal\/#organization\"},\"image\":{\"@id\":\"https:\/\/militares.estrategia.com\/portal\/mundo-militar\/carreiras-e-especializacoes\/especialidades-da-eear-sargento-especialista-em-equipamento-de-voo\/#primaryimage\"},\"thumbnailUrl\":\"https:\/\/militares.estrategia.com\/portal\/wp-content\/uploads\/2022\/05\/plane-ga26679d5a_1280.jpg\",\"keywords\":[\"Aeronautica\"],\"articleSection\":[\"Carreiras e Especializa\u00e7\u00f5es\"],\"inLanguage\":\"pt-BR\"},{\"@type\":\"WebPage\",\"@id\":\"https:\/\/militares.estrategia.com\/portal\/mundo-militar\/carreiras-e-especializacoes\/especialidades-da-eear-sargento-especialista-em-equipamento-de-voo\/\",\"url\":\"https:\/\/militares.estrategia.com\/portal\/mundo-militar\/carreiras-e-especializacoes\/especialidades-da-eear-sargento-especialista-em-equipamento-de-voo\/\",\"name\":\"Especialidades da EEAR: sargento especialista em equipamento de voo\",\"isPartOf\":{\"@id\":\"https:\/\/militares.estrategia.com\/portal\/#website\"},\"primaryImageOfPage\":{\"@id\":\"https:\/\/militares.estrategia.com\/portal\/mundo-militar\/carreiras-e-especializacoes\/especialidades-da-eear-sargento-especialista-em-equipamento-de-voo\/#primaryimage\"},\"image\":{\"@id\":\"https:\/\/militares.estrategia.com\/portal\/mundo-militar\/carreiras-e-especializacoes\/especialidades-da-eear-sargento-especialista-em-equipamento-de-voo\/#primaryimage\"},\"thumbnailUrl\":\"https:\/\/militares.estrategia.com\/portal\/wp-content\/uploads\/2022\/05\/plane-ga26679d5a_1280.jpg\",\"datePublished\":\"2022-05-09T10:00:00+00:00\",\"dateModified\":\"2022-07-15T14:13:19+00:00\",\"description\":\"Voc\u00ea tem o sonho de ingressar na carreira de sargento especialista em equipamento de voo da FAB? Ent\u00e3o confira esse artigo!\",\"breadcrumb\":{\"@id\":\"https:\/\/militares.estrategia.com\/portal\/mundo-militar\/carreiras-e-especializacoes\/especialidades-da-eear-sargento-especialista-em-equipamento-de-voo\/#breadcrumb\"},\"inLanguage\":\"pt-BR\",\"potentialAction\":[{\"@type\":\"ReadAction\",\"target\":[\"https:\/\/militares.estrategia.com\/portal\/mundo-militar\/carreiras-e-especializacoes\/especialidades-da-eear-sargento-especialista-em-equipamento-de-voo\/\"]}]},{\"@type\":\"ImageObject\",\"inLanguage\":\"pt-BR\",\"@id\":\"https:\/\/militares.estrategia.com\/portal\/mundo-militar\/carreiras-e-especializacoes\/especialidades-da-eear-sargento-especialista-em-equipamento-de-voo\/#primaryimage\",\"url\":\"https:\/\/militares.estrategia.com\/portal\/wp-content\/uploads\/2022\/05\/plane-ga26679d5a_1280.jpg\",\"contentUrl\":\"https:\/\/militares.estrategia.com\/portal\/wp-content\/uploads\/2022\/05\/plane-ga26679d5a_1280.jpg\",\"width\":1280,\"height\":853,\"caption\":\"Paraquedas equipamento de voo de um ca\u00e7a\"},{\"@type\":\"BreadcrumbList\",\"@id\":\"https:\/\/militares.estrategia.com\/portal\/mundo-militar\/carreiras-e-especializacoes\/especialidades-da-eear-sargento-especialista-em-equipamento-de-voo\/#breadcrumb\",\"itemListElement\":[{\"@type\":\"ListItem\",\"position\":1,\"name\":\"Home\",\"item\":\"https:\/\/militares.estrategia.com\/portal\/\"},{\"@type\":\"ListItem\",\"position\":2,\"name\":\"Mundo Militar\",\"item\":\"https:\/\/militares.estrategia.com\/portal\/mundo-militar\/\"},{\"@type\":\"ListItem\",\"position\":3,\"name\":\"Carreiras e Especializa\u00e7\u00f5es\",\"item\":\"https:\/\/militares.estrategia.com\/portal\/mundo-militar\/carreiras-e-especializacoes\/\"},{\"@type\":\"ListItem\",\"position\":4,\"name\":\"Especialidades da EEAR: sargento especialista em equipamento de voo\"}]},{\"@type\":\"WebSite\",\"@id\":\"https:\/\/militares.estrategia.com\/portal\/#website\",\"url\":\"https:\/\/militares.estrategia.com\/portal\/\",\"name\":\"Estrat\u00e9gia Militares\",\"description\":\"\",\"publisher\":{\"@id\":\"https:\/\/militares.estrategia.com\/portal\/#organization\"},\"potentialAction\":[{\"@type\":\"SearchAction\",\"target\":{\"@type\":\"EntryPoint\",\"urlTemplate\":\"https:\/\/militares.estrategia.com\/portal\/?s={search_term_string}\"},\"query-input\":{\"@type\":\"PropertyValueSpecification\",\"valueRequired\":true,\"valueName\":\"search_term_string\"}}],\"inLanguage\":\"pt-BR\"},{\"@type\":\"Organization\",\"@id\":\"https:\/\/militares.estrategia.com\/portal\/#organization\",\"name\":\"Estrat\u00e9gia Militares\",\"url\":\"https:\/\/militares.estrategia.com\/portal\/\",\"logo\":{\"@type\":\"ImageObject\",\"inLanguage\":\"pt-BR\",\"@id\":\"https:\/\/militares.estrategia.com\/portal\/#\/schema\/logo\/image\/\",\"url\":\"https:\/\/militares.estrategia.com\/portal\/wp-content\/uploads\/2021\/10\/logo-militares.webp\",\"contentUrl\":\"https:\/\/militares.estrategia.com\/portal\/wp-content\/uploads\/2021\/10\/logo-militares.webp\",\"width\":346,\"height\":90,\"caption\":\"Estrat\u00e9gia Militares\"},\"image\":{\"@id\":\"https:\/\/militares.estrategia.com\/portal\/#\/schema\/logo\/image\/\"},\"sameAs\":[\"https:\/\/www.facebook.com\/EstrategiaMilitares\",\"https:\/\/x.com\/estrategiamilit\",\"https:\/\/www.instagram.com\/estrategiamilitares\/\",\"https:\/\/www.youtube.com\/channel\/UCRG_9hakCqXxnj_8TqCdgTA\"]},{\"@type\":\"Person\",\"@id\":\"https:\/\/militares.estrategia.com\/portal\/#\/schema\/person\/6587b50abb02ffb0d1d0b50c12a6b317\",\"name\":\"Vin\u00edcius Brigolini\",\"image\":{\"@type\":\"ImageObject\",\"inLanguage\":\"pt-BR\",\"@id\":\"https:\/\/militares.estrategia.com\/portal\/#\/schema\/person\/image\/\",\"url\":\"https:\/\/militares.estrategia.com\/portal\/wp-content\/uploads\/2021\/08\/Sem-titulo-150x150.jpg\",\"contentUrl\":\"https:\/\/militares.estrategia.com\/portal\/wp-content\/uploads\/2021\/08\/Sem-titulo-150x150.jpg\",\"caption\":\"Vin\u00edcius Brigolini\"},\"description\":\"Membro da turma Carcar\u00e1 de 2017 da For\u00e7a A\u00e9rea Brasileira. \u00c9 apaixonado pela avia\u00e7\u00e3o e pelo mundo militar!\",\"sameAs\":[\"https:\/\/www.instagram.com\/viniciusbgn\/\"],\"url\":\"https:\/\/militares.estrategia.com\/portal\/author\/vinicius-souza\/\"}]}<\/script>\n<!-- \/ Yoast SEO Premium plugin. -->","yoast_head_json":{"title":"Especialidades da EEAR: sargento especialista em equipamento de voo","description":"Voc\u00ea tem o sonho de ingressar na carreira de sargento especialista em equipamento de voo da FAB? Ent\u00e3o confira esse artigo!","robots":{"index":"index","follow":"follow","max-snippet":"max-snippet:-1","max-image-preview":"max-image-preview:large","max-video-preview":"max-video-preview:-1"},"canonical":"https:\/\/militares.estrategia.com\/portal\/mundo-militar\/carreiras-e-especializacoes\/especialidades-da-eear-sargento-especialista-em-equipamento-de-voo\/","og_locale":"pt_BR","og_type":"article","og_title":"Especialidades da EEAR: sargento especialista em equipamento de voo","og_description":"Voc\u00ea tem o sonho de ingressar na carreira de sargento especialista em equipamento de voo da FAB? Ent\u00e3o confira esse artigo!","og_url":"https:\/\/militares.estrategia.com\/portal\/mundo-militar\/carreiras-e-especializacoes\/especialidades-da-eear-sargento-especialista-em-equipamento-de-voo\/","og_site_name":"Estrat\u00e9gia Militares","article_publisher":"https:\/\/www.facebook.com\/EstrategiaMilitares","article_published_time":"2022-05-09T10:00:00+00:00","article_modified_time":"2022-07-15T14:13:19+00:00","og_image":[{"width":1280,"height":853,"url":"https:\/\/cdn.blog.estrategiavestibulares.com.br\/vestibulares\/wp-content\/uploads\/2022\/05\/plane-ga26679d5a_1280.jpg","type":"image\/jpeg"}],"author":"Vin\u00edcius Brigolini","twitter_card":"summary_large_image","twitter_creator":"@estrategiamilit","twitter_site":"@estrategiamilit","twitter_misc":{"Escrito por":"Vin\u00edcius Brigolini","Est. tempo de leitura":"7 minutos"},"schema":{"@context":"https:\/\/schema.org","@graph":[{"@type":"Article","@id":"https:\/\/militares.estrategia.com\/portal\/mundo-militar\/carreiras-e-especializacoes\/especialidades-da-eear-sargento-especialista-em-equipamento-de-voo\/#article","isPartOf":{"@id":"https:\/\/militares.estrategia.com\/portal\/mundo-militar\/carreiras-e-especializacoes\/especialidades-da-eear-sargento-especialista-em-equipamento-de-voo\/"},"author":{"name":"Vin\u00edcius Brigolini","@id":"https:\/\/militares.estrategia.com\/portal\/#\/schema\/person\/6587b50abb02ffb0d1d0b50c12a6b317"},"headline":"Especialidades da EEAR: sargento especialista em equipamento de voo","datePublished":"2022-05-09T10:00:00+00:00","dateModified":"2022-07-15T14:13:19+00:00","mainEntityOfPage":{"@id":"https:\/\/militares.estrategia.com\/portal\/mundo-militar\/carreiras-e-especializacoes\/especialidades-da-eear-sargento-especialista-em-equipamento-de-voo\/"},"wordCount":1182,"publisher":{"@id":"https:\/\/militares.estrategia.com\/portal\/#organization"},"image":{"@id":"https:\/\/militares.estrategia.com\/portal\/mundo-militar\/carreiras-e-especializacoes\/especialidades-da-eear-sargento-especialista-em-equipamento-de-voo\/#primaryimage"},"thumbnailUrl":"https:\/\/militares.estrategia.com\/portal\/wp-content\/uploads\/2022\/05\/plane-ga26679d5a_1280.jpg","keywords":["Aeronautica"],"articleSection":["Carreiras e Especializa\u00e7\u00f5es"],"inLanguage":"pt-BR"},{"@type":"WebPage","@id":"https:\/\/militares.estrategia.com\/portal\/mundo-militar\/carreiras-e-especializacoes\/especialidades-da-eear-sargento-especialista-em-equipamento-de-voo\/","url":"https:\/\/militares.estrategia.com\/portal\/mundo-militar\/carreiras-e-especializacoes\/especialidades-da-eear-sargento-especialista-em-equipamento-de-voo\/","name":"Especialidades da EEAR: sargento especialista em equipamento de voo","isPartOf":{"@id":"https:\/\/militares.estrategia.com\/portal\/#website"},"primaryImageOfPage":{"@id":"https:\/\/militares.estrategia.com\/portal\/mundo-militar\/carreiras-e-especializacoes\/especialidades-da-eear-sargento-especialista-em-equipamento-de-voo\/#primaryimage"},"image":{"@id":"https:\/\/militares.estrategia.com\/portal\/mundo-militar\/carreiras-e-especializacoes\/especialidades-da-eear-sargento-especialista-em-equipamento-de-voo\/#primaryimage"},"thumbnailUrl":"https:\/\/militares.estrategia.com\/portal\/wp-content\/uploads\/2022\/05\/plane-ga26679d5a_1280.jpg","datePublished":"2022-05-09T10:00:00+00:00","dateModified":"2022-07-15T14:13:19+00:00","description":"Voc\u00ea tem o sonho de ingressar na carreira de sargento especialista em equipamento de voo da FAB? Ent\u00e3o confira esse artigo!","breadcrumb":{"@id":"https:\/\/militares.estrategia.com\/portal\/mundo-militar\/carreiras-e-especializacoes\/especialidades-da-eear-sargento-especialista-em-equipamento-de-voo\/#breadcrumb"},"inLanguage":"pt-BR","potentialAction":[{"@type":"ReadAction","target":["https:\/\/militares.estrategia.com\/portal\/mundo-militar\/carreiras-e-especializacoes\/especialidades-da-eear-sargento-especialista-em-equipamento-de-voo\/"]}]},{"@type":"ImageObject","inLanguage":"pt-BR","@id":"https:\/\/militares.estrategia.com\/portal\/mundo-militar\/carreiras-e-especializacoes\/especialidades-da-eear-sargento-especialista-em-equipamento-de-voo\/#primaryimage","url":"https:\/\/militares.estrategia.com\/portal\/wp-content\/uploads\/2022\/05\/plane-ga26679d5a_1280.jpg","contentUrl":"https:\/\/militares.estrategia.com\/portal\/wp-content\/uploads\/2022\/05\/plane-ga26679d5a_1280.jpg","width":1280,"height":853,"caption":"Paraquedas equipamento de voo de um ca\u00e7a"},{"@type":"BreadcrumbList","@id":"https:\/\/militares.estrategia.com\/portal\/mundo-militar\/carreiras-e-especializacoes\/especialidades-da-eear-sargento-especialista-em-equipamento-de-voo\/#breadcrumb","itemListElement":[{"@type":"ListItem","position":1,"name":"Home","item":"https:\/\/militares.estrategia.com\/portal\/"},{"@type":"ListItem","position":2,"name":"Mundo Militar","item":"https:\/\/militares.estrategia.com\/portal\/mundo-militar\/"},{"@type":"ListItem","position":3,"name":"Carreiras e Especializa\u00e7\u00f5es","item":"https:\/\/militares.estrategia.com\/portal\/mundo-militar\/carreiras-e-especializacoes\/"},{"@type":"ListItem","position":4,"name":"Especialidades da EEAR: sargento especialista em equipamento de voo"}]},{"@type":"WebSite","@id":"https:\/\/militares.estrategia.com\/portal\/#website","url":"https:\/\/militares.estrategia.com\/portal\/","name":"Estrat\u00e9gia Militares","description":"","publisher":{"@id":"https:\/\/militares.estrategia.com\/portal\/#organization"},"potentialAction":[{"@type":"SearchAction","target":{"@type":"EntryPoint","urlTemplate":"https:\/\/militares.estrategia.com\/portal\/?s={search_term_string}"},"query-input":{"@type":"PropertyValueSpecification","valueRequired":true,"valueName":"search_term_string"}}],"inLanguage":"pt-BR"},{"@type":"Organization","@id":"https:\/\/militares.estrategia.com\/portal\/#organization","name":"Estrat\u00e9gia Militares","url":"https:\/\/militares.estrategia.com\/portal\/","logo":{"@type":"ImageObject","inLanguage":"pt-BR","@id":"https:\/\/militares.estrategia.com\/portal\/#\/schema\/logo\/image\/","url":"https:\/\/militares.estrategia.com\/portal\/wp-content\/uploads\/2021\/10\/logo-militares.webp","contentUrl":"https:\/\/militares.estrategia.com\/portal\/wp-content\/uploads\/2021\/10\/logo-militares.webp","width":346,"height":90,"caption":"Estrat\u00e9gia Militares"},"image":{"@id":"https:\/\/militares.estrategia.com\/portal\/#\/schema\/logo\/image\/"},"sameAs":["https:\/\/www.facebook.com\/EstrategiaMilitares","https:\/\/x.com\/estrategiamilit","https:\/\/www.instagram.com\/estrategiamilitares\/","https:\/\/www.youtube.com\/channel\/UCRG_9hakCqXxnj_8TqCdgTA"]},{"@type":"Person","@id":"https:\/\/militares.estrategia.com\/portal\/#\/schema\/person\/6587b50abb02ffb0d1d0b50c12a6b317","name":"Vin\u00edcius Brigolini","image":{"@type":"ImageObject","inLanguage":"pt-BR","@id":"https:\/\/militares.estrategia.com\/portal\/#\/schema\/person\/image\/","url":"https:\/\/militares.estrategia.com\/portal\/wp-content\/uploads\/2021\/08\/Sem-titulo-150x150.jpg","contentUrl":"https:\/\/militares.estrategia.com\/portal\/wp-content\/uploads\/2021\/08\/Sem-titulo-150x150.jpg","caption":"Vin\u00edcius Brigolini"},"description":"Membro da turma Carcar\u00e1 de 2017 da For\u00e7a A\u00e9rea Brasileira. \u00c9 apaixonado pela avia\u00e7\u00e3o e pelo mundo militar!","sameAs":["https:\/\/www.instagram.com\/viniciusbgn\/"],"url":"https:\/\/militares.estrategia.com\/portal\/author\/vinicius-souza\/"}]}},"_wl_alt_label":[],"wl:entity_url":"https:\/\/data.wordlift.io\/wl110246\/post\/especialidades-da-eear-sargento-especialista-em-equipamento-de-voo-54182","_links":{"self":[{"href":"https:\/\/militares.estrategia.com\/portal\/wp-json\/wp\/v2\/posts\/54182","targetHints":{"allow":["GET"]}}],"collection":[{"href":"https:\/\/militares.estrategia.com\/portal\/wp-json\/wp\/v2\/posts"}],"about":[{"href":"https:\/\/militares.estrategia.com\/portal\/wp-json\/wp\/v2\/types\/post"}],"author":[{"embeddable":true,"href":"https:\/\/militares.estrategia.com\/portal\/wp-json\/wp\/v2\/users\/52"}],"replies":[{"embeddable":true,"href":"https:\/\/militares.estrategia.com\/portal\/wp-json\/wp\/v2\/comments?post=54182"}],"version-history":[{"count":3,"href":"https:\/\/militares.estrategia.com\/portal\/wp-json\/wp\/v2\/posts\/54182\/revisions"}],"predecessor-version":[{"id":56774,"href":"https:\/\/militares.estrategia.com\/portal\/wp-json\/wp\/v2\/posts\/54182\/revisions\/56774"}],"wp:featuredmedia":[{"embeddable":true,"href":"https:\/\/militares.estrategia.com\/portal\/wp-json\/wp\/v2\/media\/54186"}],"wp:attachment":[{"href":"https:\/\/militares.estrategia.com\/portal\/wp-json\/wp\/v2\/media?parent=54182"}],"wp:term":[{"taxonomy":"category","embeddable":true,"href":"https:\/\/militares.estrategia.com\/portal\/wp-json\/wp\/v2\/categories?post=54182"},{"taxonomy":"post_tag","embeddable":true,"href":"https:\/\/militares.estrategia.com\/portal\/wp-json\/wp\/v2\/tags?post=54182"},{"taxonomy":"wl_entity_type","embeddable":true,"href":"https:\/\/militares.estrategia.com\/portal\/wp-json\/wp\/v2\/wl_entity_type?post=54182"}],"curies":[{"name":"wp","href":"https:\/\/api.w.org\/{rel}","templated":true}]}}