{"id":53556,"date":"2022-04-14T11:27:09","date_gmt":"2022-04-14T14:27:09","guid":{"rendered":"https:\/\/militares.estrategia.com\/portal\/?p=53556"},"modified":"2022-11-17T21:17:37","modified_gmt":"2022-11-18T00:17:37","slug":"programa-antartico-brasileiro-e-as-forcas-armadas","status":"publish","type":"post","link":"https:\/\/militares.estrategia.com\/portal\/mundo-militar\/forcas-armadas\/programa-antartico-brasileiro-e-as-forcas-armadas\/","title":{"rendered":"Conhe\u00e7a o Programa Ant\u00e1rtico Brasileiro e sua rela\u00e7\u00e3o com as For\u00e7as Armadas!"},"content":{"rendered":"\n<p>Voc\u00ea sabia que os militares brasileiros t\u00eam a oportunidade de participar de miss\u00f5es em um dos lugares mais remotos do planeta: a Ant\u00e1rtica? <strong>A <a href=\"https:\/\/militares.estrategia.com\/portal\/carreiras-militares\/marinha-do-brasil\/\" target=\"_blank\" >Marinha do Brasil<\/a> e a For\u00e7a A\u00e9rea s\u00e3o essenciais para as atividades cient\u00edficas e log\u00edsticas desenvolvidas pelo Programa Ant\u00e1rtico Brasileiro.&nbsp;<\/strong><\/p>\n\n\n\n<p>Al\u00e9m de ser uma perspectiva de carreira interessante para aqueles que planejam entrar nas For\u00e7as Armadas, o Continente Branco tamb\u00e9m pode ser assunto das provas militares, pois, em<strong> 2022, o Programa Ant\u00e1rtico Brasileiro completa 40 anos de exist\u00eancia.<\/strong> Ent\u00e3o, aproveite a oportunidade para adentrar no tema com o Estrat\u00e9gia Militares!&nbsp;<\/p>\n\n\n\n<div id=\"ez-toc-container\" class=\"ez-toc-v2_0_79_2 counter-hierarchy ez-toc-counter ez-toc-transparent ez-toc-container-direction\">\n<div class=\"ez-toc-title-container\"><p class=\"ez-toc-title\" style=\"cursor:inherit\">Navegue pelo conte\u00fado\t<\/p>\n<\/div><nav><ul class='ez-toc-list ez-toc-list-level-1 ' ><li class='ez-toc-page-1 ez-toc-heading-level-2'><a class=\"ez-toc-link ez-toc-heading-1\" href=\"https:\/\/militares.estrategia.com\/portal\/mundo-militar\/forcas-armadas\/programa-antartico-brasileiro-e-as-forcas-armadas\/#O-que-e-o-Programa-Antartico-Brasileiro\" >O que \u00e9 o Programa Ant\u00e1rtico Brasileiro?&nbsp;<\/a><\/li><li class='ez-toc-page-1 ez-toc-heading-level-2'><a class=\"ez-toc-link ez-toc-heading-2\" href=\"https:\/\/militares.estrategia.com\/portal\/mundo-militar\/forcas-armadas\/programa-antartico-brasileiro-e-as-forcas-armadas\/#Tratado-da-Antartica\" >Tratado da Ant\u00e1rtica&nbsp;<\/a><\/li><li class='ez-toc-page-1 ez-toc-heading-level-2'><a class=\"ez-toc-link ez-toc-heading-3\" href=\"https:\/\/militares.estrategia.com\/portal\/mundo-militar\/forcas-armadas\/programa-antartico-brasileiro-e-as-forcas-armadas\/#Como-funciona-o-PROANTAR\" >Como funciona o PROANTAR?&nbsp;<\/a><\/li><li class='ez-toc-page-1 ez-toc-heading-level-2'><a class=\"ez-toc-link ez-toc-heading-4\" href=\"https:\/\/militares.estrategia.com\/portal\/mundo-militar\/forcas-armadas\/programa-antartico-brasileiro-e-as-forcas-armadas\/#O-que-sao-as-Operacoes-Antarticas\" >O que s\u00e3o as Opera\u00e7\u00f5es Ant\u00e1rticas&nbsp;<\/a><\/li><li class='ez-toc-page-1 ez-toc-heading-level-2'><a class=\"ez-toc-link ez-toc-heading-5\" href=\"https:\/\/militares.estrategia.com\/portal\/mundo-militar\/forcas-armadas\/programa-antartico-brasileiro-e-as-forcas-armadas\/#Curiosidades-sobre-a-Estacao-Antartica-Comandante-Ferraz\" >Curiosidades sobre a Esta\u00e7\u00e3o Ant\u00e1rtica Comandante Ferraz<\/a><\/li><\/ul><\/nav><\/div>\n<h2 class=\"wp-block-heading\" id=\"h-o-que-e-o-programa-antartico-brasileiro\"><span class=\"ez-toc-section\" id=\"O-que-e-o-Programa-Antartico-Brasileiro\"><\/span>O que \u00e9 o Programa Ant\u00e1rtico Brasileiro?&nbsp;<span class=\"ez-toc-section-end\"><\/span><\/h2>\n\n\n\n<p>Tamb\u00e9m conhecido como PROANTAR, o Programa Ant\u00e1rtico Brasileiro foi criado em 12 de janeiro de 1982 com o principal objetivo de <strong>promover pesquisas cient\u00edficas dos mais diferentes tipos no Continente Branco<\/strong>.&nbsp;<\/p>\n\n\n\n<p>Qualquer atividade desenvolvida na regi\u00e3o por cidad\u00e3os brasileiros &#8211; desde pesquisas at\u00e9 turismo e pesca &#8211; precisam estar inclu\u00eddas nas diretrizes do PROANTAR.<strong> A Ant\u00e1rtica \u00e9 uma regi\u00e3o-chave para o equil\u00edbrio ambiental, especialmente no que diz respeito ao hemisf\u00e9rio sul.&nbsp;<\/strong><\/p>\n\n\n\n<p>Por estarmos t\u00e3o pr\u00f3ximos do continente, <strong>\u00e9 essencial que o Brasil entenda os fen\u00f4menos que regulam a regi\u00e3o e seus impactos sobre nosso pa\u00eds<\/strong>.&nbsp;<\/p>\n\n\n\n<p>Por isso, as pesquisas cient\u00edficas desenvolvidas pelo PROANTAR s\u00e3o t\u00e3o importantes, al\u00e9m de serem pr\u00e9-requisito para a participa\u00e7\u00e3o do Brasil na tomada de decis\u00f5es acerca do futuro da Ant\u00e1rtica.&nbsp;<\/p>\n\n\n\n<p>A Marinha do Brasil divulgou um v\u00eddeo em comemora\u00e7\u00e3o aos 40 anos da cria\u00e7\u00e3o do PROANTAR. Confira abaixo! <\/p>\n\n\n\n<figure class=\"wp-block-embed is-type-video is-provider-youtube wp-block-embed-youtube wp-embed-aspect-16-9 wp-has-aspect-ratio\"><div class=\"wp-block-embed__wrapper\">\n<div class=\"cs-embed cs-embed-responsive\"><iframe title=\"PROANTAR 40 anos\" width=\"1200\" height=\"675\" src=\"https:\/\/www.youtube.com\/embed\/TyovfLT8exk?feature=oembed\" frameborder=\"0\" allow=\"accelerometer; autoplay; clipboard-write; encrypted-media; gyroscope; picture-in-picture\" allowfullscreen><\/iframe><\/div>\n<\/div><\/figure>\n\n\n\n<h2 class=\"wp-block-heading\" id=\"h-tratado-da-antartica\"><span class=\"ez-toc-section\" id=\"Tratado-da-Antartica\"><\/span>Tratado da Ant\u00e1rtica&nbsp;<span class=\"ez-toc-section-end\"><\/span><\/h2>\n\n\n\n<p><strong>O Continente Branco n\u00e3o pertence a nenhum Estado em particular e deve apenas ser explorado com prop\u00f3sitos pac\u00edficos.<\/strong> Essa resolu\u00e7\u00e3o foi adotada com a&nbsp; cria\u00e7\u00e3o do <strong>Tratado Ant\u00e1rtica<\/strong>, um acordo internacional firmado em 1959. Ele determina que apenas pa\u00edses-membros consultivos podem decidir o rumo da regi\u00e3o.<\/p>\n\n\n\n<p>Al\u00e9m disso, <strong>a condi\u00e7\u00e3o b\u00e1sica para tornar-se um membro \u00e9 desenvolver pesquisas em solo ant\u00e1rtico.<\/strong> As medidas do Tratado podem ser revistas a cada 30 anos ou se todos os pa\u00edses-membros forem un\u00e2nimes na decis\u00e3o.&nbsp;<\/p>\n\n\n\n<p>O Brasil tornou-se parte do Tratado da Ant\u00e1rtica em 1983, ap\u00f3s desenvolver as pesquisas necess\u00e1rias para construir a Esta\u00e7\u00e3o Ant\u00e1rtica Comandante Ferraz.&nbsp;&nbsp;<\/p>\n\n\n\n<h3 class=\"wp-block-heading\" id=\"h-criacao-do-tratado-da-antartica\">Cria\u00e7\u00e3o do Tratado da Ant\u00e1rtica<\/h3>\n\n\n\n<p>Antes do Tratado ser firmado, houve apenas algumas experi\u00eancias pontuais de coopera\u00e7\u00e3o cient\u00edfica internacional, os chamados Anos Polares: 1882\/1883, 1932\/1933 e 1957\/1958. O \u00faltimo foi chamado de <strong>Ano Geof\u00edsico Internacional (AGI), proposto pelo ent\u00e3o<\/strong><strong> Conselho Internacional de Uni\u00f5es Cient\u00edficas<\/strong>, hoje Conselho Internacional para Ci\u00eancia &#8211; International Council for Science (ICSU).<\/p>\n\n\n\n<p>O AGI inaugurou uma fase de<strong> investiga\u00e7\u00f5es cient\u00edficas colaborativas internacionais no Continente Branco.<\/strong> Mesmo ap\u00f3s o per\u00edodo ter sido encerrado, o interesse nas pesquisas permaneceu e<strong> as esta\u00e7\u00f5es polares se mantiveram ativas.<\/strong><\/p>\n\n\n\n<p>Diante disso, os EUA chamaram os pa\u00edses envolvidos para a Confer\u00eancia de Washington, em 1958. O<strong> Tratado da Ant\u00e1rtica foi assinado em 1<\/strong><strong><sup>o<\/sup><\/strong><strong> de dezembro de 1959 por 12 na\u00e7\u00f5es<\/strong>. Atualmente, h\u00e1 54 pa\u00edses membros, sendo que 29 deles s\u00e3o Membros Consultivos, inclusive o Brasil.<\/p>\n\n\n\n<h2 class=\"wp-block-heading\" id=\"h-como-funciona-o-proantar\"><span class=\"ez-toc-section\" id=\"Como-funciona-o-PROANTAR\"><\/span>Como funciona o PROANTAR?&nbsp;<span class=\"ez-toc-section-end\"><\/span><\/h2>\n\n\n\n<p><strong>O PROANTAR existe para que o Brasil possa fazer parte das decis\u00f5es tomadas pelos pa\u00edses do Tratado da Ant\u00e1rtica.<\/strong> Ele coordena todas as atividades brasileiras desenvolvidas na regi\u00e3o, em sua maior parte na Esta\u00e7\u00e3o Ant\u00e1rtica Comandante Ferraz (EACF).&nbsp;<\/p>\n\n\n\n<p>Para que o PROANTAR funcione, a estrutura do programa se divide em quatro vertentes: Cient\u00edfica, Log\u00edstica, Ambiental e Pol\u00edtica Externa.&nbsp;<\/p>\n\n\n\n<ul class=\"wp-block-list\"><li><strong>Cient\u00edfica:<\/strong> desenvolve programas tem\u00e1ticos de pesquisas sob a coordena\u00e7\u00e3o do <strong>Minist\u00e9rio da Ci\u00eancia, Tecnologia e Inova\u00e7\u00e3o<\/strong> e pelo Conselho Nacional de Desenvolvimento Cient\u00edfico e Tecnol\u00f3gico (CNPq).&nbsp;<\/li><li><strong>Log\u00edstica:<\/strong> \u00e9 a vertente na qual entram os militares da Marinha do Brasil em conjunto com a For\u00e7a A\u00e9rea Brasileira. Sob a dire\u00e7\u00e3o do <strong>Minist\u00e9rio da Defesa<\/strong>, realizam todas as atividades de manuten\u00e7\u00e3o e opera\u00e7\u00e3o das instala\u00e7\u00f5es, al\u00e9m da movimenta\u00e7\u00e3o de pessoas e de materiais.&nbsp;<\/li><li><strong>Ambiental: <\/strong>sob responsabilidade do <strong>Minist\u00e9rio do Meio Ambiente<\/strong>. Em geral, tem a miss\u00e3o de minimizar os impactos da atividade humana na Ant\u00e1rtica, segundo as diretrizes ambientais do Tratado da Ant\u00e1rtica, que foram chamadas de Protocolo de Madrid.&nbsp;<\/li><li><strong>Pol\u00edtica Externa:<\/strong> a coopera\u00e7\u00e3o internacional \u00e9 um dos princ\u00edpios-chave de qualquer atividade desenvolvida na Ant\u00e1rtica. Coordenado pelo <strong>Minist\u00e9rio das Rela\u00e7\u00f5es Exteriores<\/strong>.&nbsp;<\/li><\/ul>\n\n\n\n<p>O PROANTAR \u00e9 uma das atividades log\u00edsticas mais complexas executadas pela Marinha e pela <a href=\"https:\/\/militares.estrategia.com\/portal\/carreiras-militares\/forca-aerea\/\" target=\"_blank\" >For\u00e7a A\u00e9rea Brasileira<\/a>, em um dos climas mais extremos do planeta. Al\u00e9m disso, trata-se de<strong> um dos programas mais duradouros da hist\u00f3ria nacional<\/strong>, uma vez que nasceu durante a ditadura e sobreviveu a todas as trocas de poder at\u00e9 os dias atuais.&nbsp;<\/p>\n\n\n\n<p>Os esfor\u00e7os das quatro vertentes do PROANTAR se traduzem nas Opera\u00e7\u00f5es Ant\u00e1rticas, que s\u00e3o planejadas e executadas uma vez a cada ano.&nbsp;<\/p>\n\n\n\n<h2 class=\"wp-block-heading\" id=\"h-o-que-sao-as-operacoes-antarticas\"><span class=\"ez-toc-section\" id=\"O-que-sao-as-Operacoes-Antarticas\"><\/span>O que s\u00e3o as Opera\u00e7\u00f5es Ant\u00e1rticas&nbsp;<span class=\"ez-toc-section-end\"><\/span><\/h2>\n\n\n\n<p>As Opera\u00e7\u00f5es Ant\u00e1rticas tamb\u00e9m s\u00e3o chamadas de OPERANTAR e <strong>s\u00e3o as expedi\u00e7\u00f5es anuais de pesquisa que alocam cientistas, militares e pessoal de apoio at\u00e9 a Esta\u00e7\u00e3o.<\/strong> Come\u00e7am a ser planejadas no m\u00eas de mar\u00e7o, quando o CNPq divulga os Projetos de Pesquisa que podem ser executados na pr\u00f3xima opera\u00e7\u00e3o.&nbsp;<\/p>\n\n\n\n<p>Em outubro, os<a href=\"https:\/\/militares.estrategia.com\/portal\/carreiras-militares\/navios-da-marinha\/\" target=\"_blank\" > navios da Marinha do Brasil <\/a>s\u00e3o carregados no porto do Rio de Janeiro, sendo eles o <strong>Navio de Apoio Oceanogr\u00e1fico Ary Rongel e o Navio Polar Almirante Maximiano.<\/strong> Eles tanto levam os materiais e equipamentos quanto tamb\u00e9m s\u00e3o utilizados para as pesquisas fora da Esta\u00e7\u00e3o Ant\u00e1rtica Comandante Ferraz.&nbsp;<\/p>\n\n\n\n<figure class=\"wp-block-image size-large\"><img decoding=\"async\" width=\"1024\" height=\"660\" src=\"https:\/\/militares.estrategia.com\/portal\/wp-content\/uploads\/2022\/04\/navio-PROANTAR-1024x660.webp\" alt=\"\" class=\"wp-image-53562\" srcset=\"https:\/\/militares.estrategia.com\/portal\/wp-content\/uploads\/2022\/04\/navio-PROANTAR-1024x660.webp 1024w, https:\/\/militares.estrategia.com\/portal\/wp-content\/uploads\/2022\/04\/navio-PROANTAR-768x495.webp 768w, https:\/\/militares.estrategia.com\/portal\/wp-content\/uploads\/2022\/04\/navio-PROANTAR-800x516.webp 800w, https:\/\/militares.estrategia.com\/portal\/wp-content\/uploads\/2022\/04\/navio-PROANTAR-1160x748.webp 1160w, https:\/\/militares.estrategia.com\/portal\/wp-content\/uploads\/2022\/04\/navio-PROANTAR.jpg 1200w\" sizes=\"(max-width: 1024px) 100vw, 1024px\" \/><figcaption>Navio Polar Almirante Maximiano. Fonte: Marinha do Brasil. <\/figcaption><\/figure>\n\n\n\n<p>A FAB d\u00e1 apoio \u00e0s OPERANTAR com o transporte de pessoal e mantimentos, com pelo menos dez voos a cada opera\u00e7\u00e3o por parte do Primeiro Esquadr\u00e3o do Primeiro Grupo de Transporte. <strong>Quando o inverno ant\u00e1rtico chega, os navios da Marinha precisam partir e os<a href=\"https:\/\/militares.estrategia.com\/portal\/carreiras-militares\/avioes-da-fab\/\" target=\"_blank\" > voos da FAB<\/a> se tornam a \u00fanica forma de abastecimento da Esta\u00e7\u00e3o Comandante Ferraz.<\/strong>&nbsp;<\/p>\n\n\n\n<figure class=\"wp-block-image size-large\"><img decoding=\"async\" width=\"1024\" height=\"678\" src=\"https:\/\/militares.estrategia.com\/portal\/wp-content\/uploads\/2022\/04\/voo-inverno-PROANTAR-1024x678.webp\" alt=\"\" class=\"wp-image-53566\" srcset=\"https:\/\/militares.estrategia.com\/portal\/wp-content\/uploads\/2022\/04\/voo-inverno-PROANTAR-1024x678.webp 1024w, https:\/\/militares.estrategia.com\/portal\/wp-content\/uploads\/2022\/04\/voo-inverno-PROANTAR-768x509.webp 768w, https:\/\/militares.estrategia.com\/portal\/wp-content\/uploads\/2022\/04\/voo-inverno-PROANTAR-800x530.webp 800w, https:\/\/militares.estrategia.com\/portal\/wp-content\/uploads\/2022\/04\/voo-inverno-PROANTAR-1160x769.webp 1160w, https:\/\/militares.estrategia.com\/portal\/wp-content\/uploads\/2022\/04\/voo-inverno-PROANTAR.jpg 1200w\" sizes=\"(max-width: 1024px) 100vw, 1024px\" \/><figcaption>Aeronave C-130 (H\u00e9rcules). Fonte: Marinha do Brasil <\/figcaption><\/figure>\n\n\n\n<h2 class=\"wp-block-heading\" id=\"h-curiosidades-sobre-a-estacao-antartica-comandante-ferraz\"><span class=\"ez-toc-section\" id=\"Curiosidades-sobre-a-Estacao-Antartica-Comandante-Ferraz\"><\/span>Curiosidades sobre a Esta\u00e7\u00e3o Ant\u00e1rtica Comandante Ferraz<span class=\"ez-toc-section-end\"><\/span><\/h2>\n\n\n\n<p>A EACF fica na Ilha Rei George, na Pen\u00ednsula Keller do Continente Ant\u00e1rtico e foi constru\u00edda em 1984, na segunda OPERANTAR organizada pelo PROANTAR. <strong>Seu nome \u00e9 em homenagem a um dos idealizadores do Programa Ant\u00e1rtico Brasileiro<\/strong>, morto aos 42 anos: o Capit\u00e3o de Fragata Luiz Ant\u00f4nio Ferraz.&nbsp;<\/p>\n\n\n\n<p>Quando foi instalada, os pesquisadores s\u00f3 podiam permanecer na esta\u00e7\u00e3o durante o ver\u00e3o no hemisf\u00e9rio sul e em n\u00famero reduzido, com pouco mais de vinte pessoas. Durante a OPERANTAR XXIV, entre 2004 e 2005, a Esta\u00e7\u00e3o passou por extensas obras de revitaliza\u00e7\u00e3o e o planejamento era que o t\u00e9rmino coincidisse com o Jubileu de Prata (25 anos) do PROANTAR.&nbsp;<\/p>\n\n\n\n<p>No entanto, pouco tempo depois, em 25 de fevereiro de 2012<strong>, houve um inc\u00eandio de grandes propor\u00e7\u00f5es na EACF<\/strong>. Dois militares faleceram no processo e mais de 70% da Esta\u00e7\u00e3o foi destru\u00edda. As pesquisas, no entanto, continuaram em instala\u00e7\u00f5es emergenciais e por meio de parcerias com outros pa\u00edses.&nbsp;<\/p>\n\n\n\n<p><strong>A Opera\u00e7\u00e3o de reconstru\u00e7\u00e3o envolveu mais de 500 pessoas e 5 navios sendo usados simultaneamente.<\/strong> Mais de 100 milh\u00f5es de d\u00f3lares foram investidos para recuper\u00e1-la com os mais modernos equipamentos. Ela foi entregue em 2020, mas precisou ficar parada por conta do estado de emerg\u00eancia da pandemia de COVID-19.&nbsp;<\/p>\n\n\n\n<p>Veja um v\u00eddeo da Marinha do Brasil sobre a nova Esta\u00e7\u00e3o Ant\u00e1rtica Comandante Ferraz!&nbsp;<\/p>\n\n\n\n<figure class=\"wp-block-embed is-type-video is-provider-youtube wp-block-embed-youtube wp-embed-aspect-16-9 wp-has-aspect-ratio\"><div class=\"wp-block-embed__wrapper\">\n<div class=\"cs-embed cs-embed-responsive\"><iframe title=\"PROANTAR 40 Anos\" width=\"1200\" height=\"675\" src=\"https:\/\/www.youtube.com\/embed\/tJBSqEF5RAI?feature=oembed\" frameborder=\"0\" allow=\"accelerometer; autoplay; clipboard-write; encrypted-media; gyroscope; picture-in-picture\" allowfullscreen><\/iframe><\/div>\n<\/div><\/figure>\n\n\n\n<p>E a\u00ed, guerreiro? Ficou com vontade de fazer parte do Programa Ant\u00e1rtico Brasileiro? Ent\u00e3o conhe\u00e7a as carreiras militares e os concursos da For\u00e7a A\u00e9rea e da Marinha do Brasil!<\/p>\n\n\n\n<p><\/p>\n\n\n\n<p><\/p>\n\n\n","protected":false},"excerpt":{"rendered":"Voc\u00ea sabia que os militares brasileiros t\u00eam a oportunidade de participar de miss\u00f5es em um dos lugares mais&hellip;\n","protected":false},"author":9,"featured_media":53559,"comment_status":"closed","ping_status":"closed","sticky":false,"template":"","format":"standard","meta":{"wl_entities_gutenberg":"","footnotes":""},"categories":[248],"tags":[],"wl_entity_type":[187],"class_list":{"0":"post-53556","1":"post","2":"type-post","3":"status-publish","4":"format-standard","5":"has-post-thumbnail","7":"category-forcas-armadas","8":"wl_entity_type-article"},"acf":[],"yoast_head":"<!-- This site is optimized with the Yoast SEO Premium plugin v26.6 (Yoast SEO v26.6) - https:\/\/yoast.com\/wordpress\/plugins\/seo\/ -->\n<title>O Programa Ant\u00e1rtico Brasileiro e sua rela\u00e7\u00e3o com as For\u00e7as Armadas!<\/title>\n<meta name=\"description\" content=\"J\u00e1 pensou em ser um militar na Ant\u00e1rtica? Conhe\u00e7a o Programa Ant\u00e1rtico Brasileiro, que completa 40 anos, e sua liga\u00e7\u00e3o com a FAB e a Marinha!\" \/>\n<meta name=\"robots\" content=\"index, follow, max-snippet:-1, max-image-preview:large, max-video-preview:-1\" \/>\n<link rel=\"canonical\" href=\"https:\/\/militares.estrategia.com\/portal\/mundo-militar\/forcas-armadas\/programa-antartico-brasileiro-e-as-forcas-armadas\/\" \/>\n<meta property=\"og:locale\" content=\"pt_BR\" \/>\n<meta property=\"og:type\" content=\"article\" \/>\n<meta property=\"og:title\" content=\"Conhe\u00e7a o Programa Ant\u00e1rtico Brasileiro e sua rela\u00e7\u00e3o com as For\u00e7as Armadas!\" \/>\n<meta property=\"og:description\" content=\"J\u00e1 pensou em ser um militar na Ant\u00e1rtica? Conhe\u00e7a o Programa Ant\u00e1rtico Brasileiro, que completa 40 anos, e sua liga\u00e7\u00e3o com a FAB e a Marinha!\" \/>\n<meta property=\"og:url\" content=\"https:\/\/militares.estrategia.com\/portal\/mundo-militar\/forcas-armadas\/programa-antartico-brasileiro-e-as-forcas-armadas\/\" \/>\n<meta property=\"og:site_name\" content=\"Estrat\u00e9gia Militares\" \/>\n<meta property=\"article:publisher\" content=\"https:\/\/www.facebook.com\/EstrategiaMilitares\" \/>\n<meta property=\"article:published_time\" content=\"2022-04-14T14:27:09+00:00\" \/>\n<meta property=\"article:modified_time\" content=\"2022-11-18T00:17:37+00:00\" \/>\n<meta property=\"og:image\" content=\"https:\/\/cdn.blog.estrategiavestibulares.com.br\/vestibulares\/wp-content\/uploads\/2022\/04\/operantar-bandeira.jpg\" \/>\n\t<meta property=\"og:image:width\" content=\"1200\" \/>\n\t<meta property=\"og:image:height\" content=\"800\" \/>\n\t<meta property=\"og:image:type\" content=\"image\/jpeg\" \/>\n<meta name=\"author\" content=\"Raquel Oshio\" \/>\n<meta name=\"twitter:card\" content=\"summary_large_image\" \/>\n<meta name=\"twitter:creator\" content=\"@estrategiamilit\" \/>\n<meta name=\"twitter:site\" content=\"@estrategiamilit\" \/>\n<meta name=\"twitter:label1\" content=\"Escrito por\" \/>\n\t<meta name=\"twitter:data1\" content=\"Raquel Oshio\" \/>\n\t<meta name=\"twitter:label2\" content=\"Est. tempo de leitura\" \/>\n\t<meta name=\"twitter:data2\" content=\"7 minutos\" \/>\n<script type=\"application\/ld+json\" class=\"yoast-schema-graph\">{\"@context\":\"https:\/\/schema.org\",\"@graph\":[{\"@type\":\"Article\",\"@id\":\"https:\/\/militares.estrategia.com\/portal\/mundo-militar\/forcas-armadas\/programa-antartico-brasileiro-e-as-forcas-armadas\/#article\",\"isPartOf\":{\"@id\":\"https:\/\/militares.estrategia.com\/portal\/mundo-militar\/forcas-armadas\/programa-antartico-brasileiro-e-as-forcas-armadas\/\"},\"author\":{\"name\":\"Raquel Oshio\",\"@id\":\"https:\/\/militares.estrategia.com\/portal\/#\/schema\/person\/46e1f54d690b6a851270112cd62d2f37\"},\"headline\":\"Conhe\u00e7a o Programa Ant\u00e1rtico Brasileiro e sua rela\u00e7\u00e3o com as For\u00e7as Armadas!\",\"datePublished\":\"2022-04-14T14:27:09+00:00\",\"dateModified\":\"2022-11-18T00:17:37+00:00\",\"mainEntityOfPage\":{\"@id\":\"https:\/\/militares.estrategia.com\/portal\/mundo-militar\/forcas-armadas\/programa-antartico-brasileiro-e-as-forcas-armadas\/\"},\"wordCount\":1401,\"publisher\":{\"@id\":\"https:\/\/militares.estrategia.com\/portal\/#organization\"},\"image\":{\"@id\":\"https:\/\/militares.estrategia.com\/portal\/mundo-militar\/forcas-armadas\/programa-antartico-brasileiro-e-as-forcas-armadas\/#primaryimage\"},\"thumbnailUrl\":\"https:\/\/militares.estrategia.com\/portal\/wp-content\/uploads\/2022\/04\/operantar-bandeira.jpg\",\"articleSection\":[\"For\u00e7as Armadas\"],\"inLanguage\":\"pt-BR\"},{\"@type\":\"WebPage\",\"@id\":\"https:\/\/militares.estrategia.com\/portal\/mundo-militar\/forcas-armadas\/programa-antartico-brasileiro-e-as-forcas-armadas\/\",\"url\":\"https:\/\/militares.estrategia.com\/portal\/mundo-militar\/forcas-armadas\/programa-antartico-brasileiro-e-as-forcas-armadas\/\",\"name\":\"O Programa Ant\u00e1rtico Brasileiro e sua rela\u00e7\u00e3o com as For\u00e7as Armadas!\",\"isPartOf\":{\"@id\":\"https:\/\/militares.estrategia.com\/portal\/#website\"},\"primaryImageOfPage\":{\"@id\":\"https:\/\/militares.estrategia.com\/portal\/mundo-militar\/forcas-armadas\/programa-antartico-brasileiro-e-as-forcas-armadas\/#primaryimage\"},\"image\":{\"@id\":\"https:\/\/militares.estrategia.com\/portal\/mundo-militar\/forcas-armadas\/programa-antartico-brasileiro-e-as-forcas-armadas\/#primaryimage\"},\"thumbnailUrl\":\"https:\/\/militares.estrategia.com\/portal\/wp-content\/uploads\/2022\/04\/operantar-bandeira.jpg\",\"datePublished\":\"2022-04-14T14:27:09+00:00\",\"dateModified\":\"2022-11-18T00:17:37+00:00\",\"description\":\"J\u00e1 pensou em ser um militar na Ant\u00e1rtica? Conhe\u00e7a o Programa Ant\u00e1rtico Brasileiro, que completa 40 anos, e sua liga\u00e7\u00e3o com a FAB e a Marinha!\",\"breadcrumb\":{\"@id\":\"https:\/\/militares.estrategia.com\/portal\/mundo-militar\/forcas-armadas\/programa-antartico-brasileiro-e-as-forcas-armadas\/#breadcrumb\"},\"inLanguage\":\"pt-BR\",\"potentialAction\":[{\"@type\":\"ReadAction\",\"target\":[\"https:\/\/militares.estrategia.com\/portal\/mundo-militar\/forcas-armadas\/programa-antartico-brasileiro-e-as-forcas-armadas\/\"]}]},{\"@type\":\"ImageObject\",\"inLanguage\":\"pt-BR\",\"@id\":\"https:\/\/militares.estrategia.com\/portal\/mundo-militar\/forcas-armadas\/programa-antartico-brasileiro-e-as-forcas-armadas\/#primaryimage\",\"url\":\"https:\/\/militares.estrategia.com\/portal\/wp-content\/uploads\/2022\/04\/operantar-bandeira.jpg\",\"contentUrl\":\"https:\/\/militares.estrategia.com\/portal\/wp-content\/uploads\/2022\/04\/operantar-bandeira.jpg\",\"width\":1200,\"height\":800,\"caption\":\"PROANTAR\"},{\"@type\":\"BreadcrumbList\",\"@id\":\"https:\/\/militares.estrategia.com\/portal\/mundo-militar\/forcas-armadas\/programa-antartico-brasileiro-e-as-forcas-armadas\/#breadcrumb\",\"itemListElement\":[{\"@type\":\"ListItem\",\"position\":1,\"name\":\"Home\",\"item\":\"https:\/\/militares.estrategia.com\/portal\/\"},{\"@type\":\"ListItem\",\"position\":2,\"name\":\"Mundo Militar\",\"item\":\"https:\/\/militares.estrategia.com\/portal\/mundo-militar\/\"},{\"@type\":\"ListItem\",\"position\":3,\"name\":\"For\u00e7as Armadas\",\"item\":\"https:\/\/militares.estrategia.com\/portal\/mundo-militar\/forcas-armadas\/\"},{\"@type\":\"ListItem\",\"position\":4,\"name\":\"Conhe\u00e7a o Programa Ant\u00e1rtico Brasileiro e sua rela\u00e7\u00e3o com as For\u00e7as Armadas!\"}]},{\"@type\":\"WebSite\",\"@id\":\"https:\/\/militares.estrategia.com\/portal\/#website\",\"url\":\"https:\/\/militares.estrategia.com\/portal\/\",\"name\":\"Estrat\u00e9gia Militares\",\"description\":\"\",\"publisher\":{\"@id\":\"https:\/\/militares.estrategia.com\/portal\/#organization\"},\"potentialAction\":[{\"@type\":\"SearchAction\",\"target\":{\"@type\":\"EntryPoint\",\"urlTemplate\":\"https:\/\/militares.estrategia.com\/portal\/?s={search_term_string}\"},\"query-input\":{\"@type\":\"PropertyValueSpecification\",\"valueRequired\":true,\"valueName\":\"search_term_string\"}}],\"inLanguage\":\"pt-BR\"},{\"@type\":\"Organization\",\"@id\":\"https:\/\/militares.estrategia.com\/portal\/#organization\",\"name\":\"Estrat\u00e9gia Militares\",\"url\":\"https:\/\/militares.estrategia.com\/portal\/\",\"logo\":{\"@type\":\"ImageObject\",\"inLanguage\":\"pt-BR\",\"@id\":\"https:\/\/militares.estrategia.com\/portal\/#\/schema\/logo\/image\/\",\"url\":\"https:\/\/militares.estrategia.com\/portal\/wp-content\/uploads\/2021\/10\/logo-militares.webp\",\"contentUrl\":\"https:\/\/militares.estrategia.com\/portal\/wp-content\/uploads\/2021\/10\/logo-militares.webp\",\"width\":346,\"height\":90,\"caption\":\"Estrat\u00e9gia Militares\"},\"image\":{\"@id\":\"https:\/\/militares.estrategia.com\/portal\/#\/schema\/logo\/image\/\"},\"sameAs\":[\"https:\/\/www.facebook.com\/EstrategiaMilitares\",\"https:\/\/x.com\/estrategiamilit\",\"https:\/\/www.instagram.com\/estrategiamilitares\/\",\"https:\/\/www.youtube.com\/channel\/UCRG_9hakCqXxnj_8TqCdgTA\"]},{\"@type\":\"Person\",\"@id\":\"https:\/\/militares.estrategia.com\/portal\/#\/schema\/person\/46e1f54d690b6a851270112cd62d2f37\",\"name\":\"Raquel Oshio\",\"image\":{\"@type\":\"ImageObject\",\"inLanguage\":\"pt-BR\",\"@id\":\"https:\/\/militares.estrategia.com\/portal\/#\/schema\/person\/image\/\",\"url\":\"https:\/\/secure.gravatar.com\/avatar\/fa4e62d5e59d9cf9995ea9c715a78807?s=96&d=mm&r=g\",\"contentUrl\":\"https:\/\/secure.gravatar.com\/avatar\/fa4e62d5e59d9cf9995ea9c715a78807?s=96&d=mm&r=g\",\"caption\":\"Raquel Oshio\"},\"description\":\"Raquel Kie \u00e9 amante de hist\u00f3rias e ca\u00e7adora de belezas escondidas. Jornalista de profiss\u00e3o e cora\u00e7\u00e3o. Desenhista e escritora de fic\u00e7\u00e3o nas horas vagas. Acredito no potencial transformador de todo trabalho feito com dedica\u00e7\u00e3o.\",\"url\":\"https:\/\/militares.estrategia.com\/portal\/author\/raqueloshio\/\"}]}<\/script>\n<!-- \/ Yoast SEO Premium plugin. -->","yoast_head_json":{"title":"O Programa Ant\u00e1rtico Brasileiro e sua rela\u00e7\u00e3o com as For\u00e7as Armadas!","description":"J\u00e1 pensou em ser um militar na Ant\u00e1rtica? Conhe\u00e7a o Programa Ant\u00e1rtico Brasileiro, que completa 40 anos, e sua liga\u00e7\u00e3o com a FAB e a Marinha!","robots":{"index":"index","follow":"follow","max-snippet":"max-snippet:-1","max-image-preview":"max-image-preview:large","max-video-preview":"max-video-preview:-1"},"canonical":"https:\/\/militares.estrategia.com\/portal\/mundo-militar\/forcas-armadas\/programa-antartico-brasileiro-e-as-forcas-armadas\/","og_locale":"pt_BR","og_type":"article","og_title":"Conhe\u00e7a o Programa Ant\u00e1rtico Brasileiro e sua rela\u00e7\u00e3o com as For\u00e7as Armadas!","og_description":"J\u00e1 pensou em ser um militar na Ant\u00e1rtica? Conhe\u00e7a o Programa Ant\u00e1rtico Brasileiro, que completa 40 anos, e sua liga\u00e7\u00e3o com a FAB e a Marinha!","og_url":"https:\/\/militares.estrategia.com\/portal\/mundo-militar\/forcas-armadas\/programa-antartico-brasileiro-e-as-forcas-armadas\/","og_site_name":"Estrat\u00e9gia Militares","article_publisher":"https:\/\/www.facebook.com\/EstrategiaMilitares","article_published_time":"2022-04-14T14:27:09+00:00","article_modified_time":"2022-11-18T00:17:37+00:00","og_image":[{"width":1200,"height":800,"url":"https:\/\/cdn.blog.estrategiavestibulares.com.br\/vestibulares\/wp-content\/uploads\/2022\/04\/operantar-bandeira.jpg","type":"image\/jpeg"}],"author":"Raquel Oshio","twitter_card":"summary_large_image","twitter_creator":"@estrategiamilit","twitter_site":"@estrategiamilit","twitter_misc":{"Escrito por":"Raquel Oshio","Est. tempo de leitura":"7 minutos"},"schema":{"@context":"https:\/\/schema.org","@graph":[{"@type":"Article","@id":"https:\/\/militares.estrategia.com\/portal\/mundo-militar\/forcas-armadas\/programa-antartico-brasileiro-e-as-forcas-armadas\/#article","isPartOf":{"@id":"https:\/\/militares.estrategia.com\/portal\/mundo-militar\/forcas-armadas\/programa-antartico-brasileiro-e-as-forcas-armadas\/"},"author":{"name":"Raquel Oshio","@id":"https:\/\/militares.estrategia.com\/portal\/#\/schema\/person\/46e1f54d690b6a851270112cd62d2f37"},"headline":"Conhe\u00e7a o Programa Ant\u00e1rtico Brasileiro e sua rela\u00e7\u00e3o com as For\u00e7as Armadas!","datePublished":"2022-04-14T14:27:09+00:00","dateModified":"2022-11-18T00:17:37+00:00","mainEntityOfPage":{"@id":"https:\/\/militares.estrategia.com\/portal\/mundo-militar\/forcas-armadas\/programa-antartico-brasileiro-e-as-forcas-armadas\/"},"wordCount":1401,"publisher":{"@id":"https:\/\/militares.estrategia.com\/portal\/#organization"},"image":{"@id":"https:\/\/militares.estrategia.com\/portal\/mundo-militar\/forcas-armadas\/programa-antartico-brasileiro-e-as-forcas-armadas\/#primaryimage"},"thumbnailUrl":"https:\/\/militares.estrategia.com\/portal\/wp-content\/uploads\/2022\/04\/operantar-bandeira.jpg","articleSection":["For\u00e7as Armadas"],"inLanguage":"pt-BR"},{"@type":"WebPage","@id":"https:\/\/militares.estrategia.com\/portal\/mundo-militar\/forcas-armadas\/programa-antartico-brasileiro-e-as-forcas-armadas\/","url":"https:\/\/militares.estrategia.com\/portal\/mundo-militar\/forcas-armadas\/programa-antartico-brasileiro-e-as-forcas-armadas\/","name":"O Programa Ant\u00e1rtico Brasileiro e sua rela\u00e7\u00e3o com as For\u00e7as Armadas!","isPartOf":{"@id":"https:\/\/militares.estrategia.com\/portal\/#website"},"primaryImageOfPage":{"@id":"https:\/\/militares.estrategia.com\/portal\/mundo-militar\/forcas-armadas\/programa-antartico-brasileiro-e-as-forcas-armadas\/#primaryimage"},"image":{"@id":"https:\/\/militares.estrategia.com\/portal\/mundo-militar\/forcas-armadas\/programa-antartico-brasileiro-e-as-forcas-armadas\/#primaryimage"},"thumbnailUrl":"https:\/\/militares.estrategia.com\/portal\/wp-content\/uploads\/2022\/04\/operantar-bandeira.jpg","datePublished":"2022-04-14T14:27:09+00:00","dateModified":"2022-11-18T00:17:37+00:00","description":"J\u00e1 pensou em ser um militar na Ant\u00e1rtica? Conhe\u00e7a o Programa Ant\u00e1rtico Brasileiro, que completa 40 anos, e sua liga\u00e7\u00e3o com a FAB e a Marinha!","breadcrumb":{"@id":"https:\/\/militares.estrategia.com\/portal\/mundo-militar\/forcas-armadas\/programa-antartico-brasileiro-e-as-forcas-armadas\/#breadcrumb"},"inLanguage":"pt-BR","potentialAction":[{"@type":"ReadAction","target":["https:\/\/militares.estrategia.com\/portal\/mundo-militar\/forcas-armadas\/programa-antartico-brasileiro-e-as-forcas-armadas\/"]}]},{"@type":"ImageObject","inLanguage":"pt-BR","@id":"https:\/\/militares.estrategia.com\/portal\/mundo-militar\/forcas-armadas\/programa-antartico-brasileiro-e-as-forcas-armadas\/#primaryimage","url":"https:\/\/militares.estrategia.com\/portal\/wp-content\/uploads\/2022\/04\/operantar-bandeira.jpg","contentUrl":"https:\/\/militares.estrategia.com\/portal\/wp-content\/uploads\/2022\/04\/operantar-bandeira.jpg","width":1200,"height":800,"caption":"PROANTAR"},{"@type":"BreadcrumbList","@id":"https:\/\/militares.estrategia.com\/portal\/mundo-militar\/forcas-armadas\/programa-antartico-brasileiro-e-as-forcas-armadas\/#breadcrumb","itemListElement":[{"@type":"ListItem","position":1,"name":"Home","item":"https:\/\/militares.estrategia.com\/portal\/"},{"@type":"ListItem","position":2,"name":"Mundo Militar","item":"https:\/\/militares.estrategia.com\/portal\/mundo-militar\/"},{"@type":"ListItem","position":3,"name":"For\u00e7as Armadas","item":"https:\/\/militares.estrategia.com\/portal\/mundo-militar\/forcas-armadas\/"},{"@type":"ListItem","position":4,"name":"Conhe\u00e7a o Programa Ant\u00e1rtico Brasileiro e sua rela\u00e7\u00e3o com as For\u00e7as Armadas!"}]},{"@type":"WebSite","@id":"https:\/\/militares.estrategia.com\/portal\/#website","url":"https:\/\/militares.estrategia.com\/portal\/","name":"Estrat\u00e9gia Militares","description":"","publisher":{"@id":"https:\/\/militares.estrategia.com\/portal\/#organization"},"potentialAction":[{"@type":"SearchAction","target":{"@type":"EntryPoint","urlTemplate":"https:\/\/militares.estrategia.com\/portal\/?s={search_term_string}"},"query-input":{"@type":"PropertyValueSpecification","valueRequired":true,"valueName":"search_term_string"}}],"inLanguage":"pt-BR"},{"@type":"Organization","@id":"https:\/\/militares.estrategia.com\/portal\/#organization","name":"Estrat\u00e9gia Militares","url":"https:\/\/militares.estrategia.com\/portal\/","logo":{"@type":"ImageObject","inLanguage":"pt-BR","@id":"https:\/\/militares.estrategia.com\/portal\/#\/schema\/logo\/image\/","url":"https:\/\/militares.estrategia.com\/portal\/wp-content\/uploads\/2021\/10\/logo-militares.webp","contentUrl":"https:\/\/militares.estrategia.com\/portal\/wp-content\/uploads\/2021\/10\/logo-militares.webp","width":346,"height":90,"caption":"Estrat\u00e9gia Militares"},"image":{"@id":"https:\/\/militares.estrategia.com\/portal\/#\/schema\/logo\/image\/"},"sameAs":["https:\/\/www.facebook.com\/EstrategiaMilitares","https:\/\/x.com\/estrategiamilit","https:\/\/www.instagram.com\/estrategiamilitares\/","https:\/\/www.youtube.com\/channel\/UCRG_9hakCqXxnj_8TqCdgTA"]},{"@type":"Person","@id":"https:\/\/militares.estrategia.com\/portal\/#\/schema\/person\/46e1f54d690b6a851270112cd62d2f37","name":"Raquel Oshio","image":{"@type":"ImageObject","inLanguage":"pt-BR","@id":"https:\/\/militares.estrategia.com\/portal\/#\/schema\/person\/image\/","url":"https:\/\/secure.gravatar.com\/avatar\/fa4e62d5e59d9cf9995ea9c715a78807?s=96&d=mm&r=g","contentUrl":"https:\/\/secure.gravatar.com\/avatar\/fa4e62d5e59d9cf9995ea9c715a78807?s=96&d=mm&r=g","caption":"Raquel Oshio"},"description":"Raquel Kie \u00e9 amante de hist\u00f3rias e ca\u00e7adora de belezas escondidas. Jornalista de profiss\u00e3o e cora\u00e7\u00e3o. Desenhista e escritora de fic\u00e7\u00e3o nas horas vagas. Acredito no potencial transformador de todo trabalho feito com dedica\u00e7\u00e3o.","url":"https:\/\/militares.estrategia.com\/portal\/author\/raqueloshio\/"}]}},"_wl_alt_label":[],"wl:entity_url":"https:\/\/data.wordlift.io\/wl110246\/post\/conheca-o-programa-antartico-brasileiro-e-sua-relacao-com-as-forcas-armadas-53556","_links":{"self":[{"href":"https:\/\/militares.estrategia.com\/portal\/wp-json\/wp\/v2\/posts\/53556","targetHints":{"allow":["GET"]}}],"collection":[{"href":"https:\/\/militares.estrategia.com\/portal\/wp-json\/wp\/v2\/posts"}],"about":[{"href":"https:\/\/militares.estrategia.com\/portal\/wp-json\/wp\/v2\/types\/post"}],"author":[{"embeddable":true,"href":"https:\/\/militares.estrategia.com\/portal\/wp-json\/wp\/v2\/users\/9"}],"replies":[{"embeddable":true,"href":"https:\/\/militares.estrategia.com\/portal\/wp-json\/wp\/v2\/comments?post=53556"}],"version-history":[{"count":2,"href":"https:\/\/militares.estrategia.com\/portal\/wp-json\/wp\/v2\/posts\/53556\/revisions"}],"predecessor-version":[{"id":61451,"href":"https:\/\/militares.estrategia.com\/portal\/wp-json\/wp\/v2\/posts\/53556\/revisions\/61451"}],"wp:featuredmedia":[{"embeddable":true,"href":"https:\/\/militares.estrategia.com\/portal\/wp-json\/wp\/v2\/media\/53559"}],"wp:attachment":[{"href":"https:\/\/militares.estrategia.com\/portal\/wp-json\/wp\/v2\/media?parent=53556"}],"wp:term":[{"taxonomy":"category","embeddable":true,"href":"https:\/\/militares.estrategia.com\/portal\/wp-json\/wp\/v2\/categories?post=53556"},{"taxonomy":"post_tag","embeddable":true,"href":"https:\/\/militares.estrategia.com\/portal\/wp-json\/wp\/v2\/tags?post=53556"},{"taxonomy":"wl_entity_type","embeddable":true,"href":"https:\/\/militares.estrategia.com\/portal\/wp-json\/wp\/v2\/wl_entity_type?post=53556"}],"curies":[{"name":"wp","href":"https:\/\/api.w.org\/{rel}","templated":true}]}}