{"id":53539,"date":"2022-04-13T11:32:36","date_gmt":"2022-04-13T14:32:36","guid":{"rendered":"https:\/\/militares.estrategia.com\/portal\/?p=53539"},"modified":"2022-05-03T22:00:21","modified_gmt":"2022-05-04T01:00:21","slug":"o-que-sao-os-crimes-de-guerra","status":"publish","type":"post","link":"https:\/\/militares.estrategia.com\/portal\/atualidades\/o-que-sao-os-crimes-de-guerra\/","title":{"rendered":"Crimes de guerra: o que s\u00e3o, tribunal de Haia e mais!"},"content":{"rendered":"\n<p>A <a href=\"https:\/\/militares.estrategia.com\/portal\/atualidades\/porque-a-russia-invadiu-a-ucrania\/\" target=\"_blank\" >invas\u00e3o da Ucr\u00e2nia<\/a> teve in\u00edcio no dia 24 de fevereiro de 2022 e, desde ent\u00e3o, o conflito n\u00e3o foi solucionado. Recentemente, o ministro das Rela\u00e7\u00f5es Exteriores da <strong>Ucr\u00e2nia<\/strong>, <strong>Dmytro Kuleb<\/strong>a, acusou os militares russos de cometer <strong>crimes de guerra<\/strong>! Mas voc\u00ea sabe o que \u00e9 isso? Confira com o Estrat\u00e9gia Militares!<\/p>\n\n\n<div id=\"new-form\">\n\t<form id=\"forms_layout\">\n\t<input type=\"hidden\" id=\"chave_de\" name=\"chave_de\" value=\"01_EMIL_LEADS_TOTAIS\" \/>\n\t\t<input type=\"hidden\" id=\"mid\" name=\"mid\" value=\"515009017\" \/>\n\t\t<input type=\"hidden\" id=\"Objetivo\" name=\"Objetivo\" value=\"Militares\" \/>\n\t\t<input type=\"hidden\" id=\"Estado_de_Origem_do_IP\" name=\"Estado_de_Origem_do_IP\"  value=\"\" \/>\n\t\t<input type=\"hidden\" id=\"Cidade_de_Origem_do_IP\" name=\"Cidade_de_Origem_do_IP\" value=\"\" \/>\n\t\t<input type=\"hidden\" id=\"Modo_de_entrada\" name=\"Modo_de_entrada\" value=\"Portal\" \/>\n\t\t<input type=\"hidden\" id=\"Pagina_Origem\" name=\"Pagina_Origem\" value=\"\" \/>\n\n\t\t<div class=\"texto\">\n\t\t\t<h3 class=\"news\">Inscreva-se em nossa newsletter!<\/h3>\n\t\t\t<p>Receba not\u00edcias sobre os mais importantes concursos para as For\u00e7as Armadas brasileiras e informa\u00e7\u00f5es sobre o mundo militar!<\/p>\n\t\t<\/div>\n\t\t<div class=\"campos\">\n\t\t\t<div class=\"first_name labels\">\n\t\t\t\t<input type=\"text\" class=\"input_labels\" id=\"first_name\" name=\"Nome_Completo\" placeholder=\"Nome\" required \/>\n\t\t\t<\/div>\n\t\t\t<div class=\"email labels\">\n\t\t\t\t<input type=\"email\" class=\"input_labels\" id=\"email\" name=\"Email\" placeholder=\"E-mail\" required \/>\n\t\t\t<\/div>\n\t\t\t<button type=\"submit\" class=\"button_layout\">\n\t\t\t\t<div id=\"lblBotao\">Inscreva-se<\/div>\n\t\t\t\t<span id=\"divSpiner\" class=\"loader\" role=\"status\" style=\"display: none;\"><\/span>\t\n\t\t\t<\/button>\n\t\t<\/div><!-- \/campos -->\n\t\t\n\t\t<label class=\"container_checkbox\">Voc\u00ea concorda com a nossa\n\t\t\t<a class=\"politics_privacy_ahref\" target=\"_blank\" href=\"https:\/\/gratis.estrategiaconcursos.com.br\/politica-de-privacidade\/\">Pol\u00edtica de Privacidade<\/a> e aceita receber informa\u00e7\u00f5es adicionais do Estrat\u00e9gia Educacional.\n\t\t\t<input id=\"checkbox_layout\" type=\"checkbox\" checked=\"checked\" required \/>\n\t\t\t<span class=\"checkbox\"><\/span>\n\t\t<\/label>\n\t\t<div id=\"msg\"><\/div>\n\t\t<div id=\"error\" class=\"error\">\n\t\t<\/div>\n\t<\/form>\n<\/div><!-- \/new-form -->\n\n\n\n<p>As <strong>regras que def<\/strong>i<strong>nem um crime de guerra<\/strong> s\u00e3o conhecidas como <strong>Conven\u00e7\u00f5es de Genebra<\/strong>. Elas foram sancionadas por todos os membros das Organiza\u00e7\u00f5es das Na\u00e7\u00f5es Unidas (ONU) em 1949.&nbsp;<\/p>\n\n\n\n<p>As Conven\u00e7\u00f5es de Genebra s\u00e3o diversos acordos que estabeleceram regras&nbsp; internacionais para o cuidado humano durante uma <strong>guerra<\/strong>.&nbsp;<\/p>\n\n\n\n<p>As tr\u00eas primeiras conven\u00e7\u00f5es <strong>protegem <\/strong>os combatentes e os prisioneiros de guerra, enquanto a quarta protege os civis em zonas de conflito.&nbsp;<\/p>\n\n\n\n<p>A <strong>defini\u00e7\u00e3o <\/strong>de crimes de guerra da quarta conven\u00e7\u00e3o s\u00e3o:<\/p>\n\n\n\n<ul class=\"wp-block-list\"><li>Assassinato intencional;<\/li><li>Tortura ou tratamento desumano;<\/li><li>Causar intencionalmente grande sofrimento ou les\u00f5es graves ao corpo ou \u00e0 sa\u00fade;<\/li><li>Extensa destrui\u00e7\u00e3o e apropria\u00e7\u00e3o de propriedade n\u00e3o justificada por necessidade militar;<\/li><li>Tomada de ref\u00e9ns; e<\/li><li>Deporta\u00e7\u00e3o ilegal ou confinamento ilegal.<\/li><\/ul>\n\n\n\n<p>Outro importante tratado internacional sobre conflitos armados \u00e9 o <strong>Estatuto de Roma<\/strong> de 1998. Suas defini\u00e7\u00f5es de crimes de guerra s\u00e3o:<\/p>\n\n\n\n<ul class=\"wp-block-list\"><li>Dirigir intencionalmente ataques contra a popula\u00e7\u00e3o civil ou contra civis individuais que n\u00e3o participam diretamente das hostilidades;<\/li><li>Lan\u00e7ar intencionalmente um ataque sabendo que isso causar\u00e1 perda acidental de vidas ou ferimentos a civis; e<\/li><li>Ataque ou bombardeio, por qualquer meio, de cidades, vilas, habita\u00e7\u00f5es ou edif\u00edcios indefesos.<\/li><\/ul>\n\n\n\n<p><strong>O estatuto ainda afirma que locais ligados \u00e0 religi\u00e3o ou \u00e0 educa\u00e7\u00e3o e hospitais n\u00e3o podem ser alvos de bombardeios intencionais.<\/strong><\/p>\n\n\n\n<div id=\"ez-toc-container\" class=\"ez-toc-v2_0_79_2 counter-hierarchy ez-toc-counter ez-toc-transparent ez-toc-container-direction\">\n<div class=\"ez-toc-title-container\"><p class=\"ez-toc-title\" style=\"cursor:inherit\">Navegue pelo conte\u00fado\t<\/p>\n<\/div><nav><ul class='ez-toc-list ez-toc-list-level-1 ' ><li class='ez-toc-page-1 ez-toc-heading-level-2'><a class=\"ez-toc-link ez-toc-heading-1\" href=\"https:\/\/militares.estrategia.com\/portal\/atualidades\/o-que-sao-os-crimes-de-guerra\/#Tribunal-de-Haia\" >Tribunal de Haia<\/a><\/li><li class='ez-toc-page-1 ez-toc-heading-level-2'><a class=\"ez-toc-link ez-toc-heading-2\" href=\"https:\/\/militares.estrategia.com\/portal\/atualidades\/o-que-sao-os-crimes-de-guerra\/#Exemplos-de-crimes-de-guerra-que-ja-aconteceram\" >Exemplos de crimes de guerra que j\u00e1 aconteceram<\/a><\/li><li class='ez-toc-page-1 ez-toc-heading-level-2'><a class=\"ez-toc-link ez-toc-heading-3\" href=\"https:\/\/militares.estrategia.com\/portal\/atualidades\/o-que-sao-os-crimes-de-guerra\/#Veja-tambem\" >Veja tamb\u00e9m:<\/a><\/li><\/ul><\/nav><\/div>\n<h2 class=\"wp-block-heading\"><span class=\"ez-toc-section\" id=\"Tribunal-de-Haia\"><\/span><strong>Tribunal de Haia<\/strong><span class=\"ez-toc-section-end\"><\/span><\/h2>\n\n\n\n<p>O <strong>Tribunal Penal Internacional (TPI)<\/strong>, mais conhecido como <strong>Tribunal de Haia<\/strong>, sediado na cidade de Haia, na Holanda, foi institu\u00eddo em 1998 por meio do Estatuto de Roma. A Corte funciona desde julho de 2002 de maneira independente.<\/p>\n\n\n\n<p>O tribunal investiga crimes de guerra, genoc\u00eddio, crimes contra a humanidade e crimes de agress\u00e3o. <strong>Apenas os pa\u00edses que assinaram o Estatuto de Roma podem ter cidad\u00e3os julgados pela corte.<\/strong> Atualmente h\u00e1 <strong>123 pa\u00edses<\/strong> que aceitam sua inst\u00e2ncia, inclusive o <strong>Brasil<\/strong>.<\/p>\n\n\n\n<p>Na\u00e7\u00f5es como os Estados Unidos, a China, a \u00cdndia e a R\u00fassia <strong>n\u00e3o fazem parte da associa\u00e7\u00e3o<\/strong> dos 123 membros. A <strong>Ucr\u00e2nia <\/strong>aceitou jurisdi\u00e7\u00e3o dele, o que significa que o TPI pode investigar certos crimes alegados dentro do pa\u00eds.<\/p>\n\n\n\n<figure class=\"wp-block-image size-large\"><img decoding=\"async\" width=\"1024\" height=\"667\" src=\"https:\/\/militares.estrategia.com\/portal\/wp-content\/uploads\/2022\/03\/International_Criminal_Court_building_2016_in_The_Hague-1024x667.webp\" alt=\"Tribunal de Haia\" class=\"wp-image-53007\" srcset=\"https:\/\/militares.estrategia.com\/portal\/wp-content\/uploads\/2022\/03\/International_Criminal_Court_building_2016_in_The_Hague-1024x667.webp 1024w, https:\/\/militares.estrategia.com\/portal\/wp-content\/uploads\/2022\/03\/International_Criminal_Court_building_2016_in_The_Hague-768x500.webp 768w, https:\/\/militares.estrategia.com\/portal\/wp-content\/uploads\/2022\/03\/International_Criminal_Court_building_2016_in_The_Hague-1536x1000.webp 1536w, https:\/\/militares.estrategia.com\/portal\/wp-content\/uploads\/2022\/03\/International_Criminal_Court_building_2016_in_The_Hague-800x521.webp 800w, https:\/\/militares.estrategia.com\/portal\/wp-content\/uploads\/2022\/03\/International_Criminal_Court_building_2016_in_The_Hague-1160x755.webp 1160w, https:\/\/militares.estrategia.com\/portal\/wp-content\/uploads\/2022\/03\/International_Criminal_Court_building_2016_in_The_Hague.jpg 1920w\" sizes=\"(max-width: 1024px) 100vw, 1024px\" \/><figcaption>Fonte: OSeveno, via Wikimedia Commons<\/figcaption><\/figure>\n\n\n\n<p>Recentemente, o ministro das Rela\u00e7\u00f5es Exteriores da Ucr\u00e2nia, <strong>Dmytro Kuleba<\/strong>, solicitou&nbsp; ao TPI&nbsp; que investigue o massacre em <strong>Bucha<\/strong>, regi\u00e3o de <strong>Kiev<\/strong>. Ele acusou os militares russos de assassinar civis \u201cpor raiva\u201d enquanto ocupavam o local.<\/p>\n\n\n\n<p>A <strong>Uni\u00e3o Europeia<\/strong> e a Organiza\u00e7\u00e3o do Tratado do Atl\u00e2ntico Norte (<a href=\"https:\/\/militares.estrategia.com\/portal\/atualidades\/otan-o-que-e-quem-faz-parte-e-relacao-com-o-brasil\/\" target=\"_blank\" >Otan<\/a>) denunciaram as mortes e refor\u00e7aram os pedidos de investiga\u00e7\u00f5es por crimes de guerra.<\/p>\n\n\n\n<p><strong>Se voc\u00ea quer saber tudo sobre o TPI,<\/strong> <strong>confira: <a href=\"https:\/\/militares.estrategia.com\/portal\/atualidades\/tribunal-de-haia-como-sao-julgados-crimes-de-guerra\/\" target=\"_blank\" >Tribunal de Haia: como s\u00e3o julgados crimes de guerra?<\/a><\/strong><\/p>\n\n\n\n<h2 class=\"wp-block-heading\" id=\"h-exemplos-de-crimes-de-guerra-que-ja-aconteceram\"><span class=\"ez-toc-section\" id=\"Exemplos-de-crimes-de-guerra-que-ja-aconteceram\"><\/span><strong>Exemplos de crimes de guerra que j\u00e1 aconteceram<\/strong><span class=\"ez-toc-section-end\"><\/span><\/h2>\n\n\n\n<p>Ap\u00f3s a <strong>Segunda Guerra Mundial<\/strong>, foram criadas leis internacionais que se tornaram respons\u00e1veis por condenar os crimes de guerra.&nbsp;<\/p>\n\n\n\n<p>Entre 1945 e 1946, o <strong>Tribunal de Nuremberg<\/strong>, que ficava sediado na <strong>Alemanha<\/strong>, realizou o julgamento de alem\u00e3es <strong>nazistas <\/strong>por crimes cometidos durante a Segunda Guerra. Na oportunidade, doze l\u00edderes nazistas foram <strong>executados<\/strong>.&nbsp;<\/p>\n\n\n\n<p>Da mesma forma, o <strong>Tribunal Militar do Extremo Oriente<\/strong>, foi um \u00f3rg\u00e3o criado em 1946 com o fim de julgar <strong>28 ex-l\u00edderes japoneses<\/strong> por seus atos praticados durante a Segunda Guerra.&nbsp;<\/p>\n\n\n\n<p>Junto com o Tribunal de Nuremberg, ele \u00e9 considerado um dos principais marcos do Direito Internacional, fundamental na repress\u00e3o de crimes e atrocidades cometidas em guerra. Sete comandantes japoneses <strong>foram condenados \u00e0 morte<\/strong> no per\u00edodo.<\/p>\n\n\n\n<p><strong>A primeira pessoa a ser condenada <\/strong>pelo Tribunal de Haia foi o ex-l\u00edder de um movimento rebelde da <strong>Rep\u00fablica Democr\u00e1tica do Congo<\/strong>, <strong>Thomas Lubanga.<\/strong> Em maio de 2005, ele foi condenado por recrutar crian\u00e7as como soldados para o seu ex\u00e9rcito rebelde, entre 2002 e 2003. Lubanga foi sentenciado a catorze anos de pris\u00e3o.<\/p>\n\n\n\n<p>Fique atento \u00e0s not\u00edcias sobre o <strong>conflito entre a R\u00fassia e a Ucr\u00e2nia<\/strong> e aproveite para aumentar seu conhecimento sobre a geopol\u00edtica mundial. Essas informa\u00e7\u00f5es podem ser \u00fateis na hora de fazer as provas dos Concursos Militares! Inscreva-se em nossa newsletter e fique por dentro dos principais assuntos do mundo militar.<\/p>\n\n\n\n<p><strong><a id=\"cta\" class=\"cta-imagem\" href=\"https:\/\/militares.estrategia.com\/curso\/banco-de-questes-anual\/\" target=\"blank\">\n                <img decoding=\"async\" width=\"100%\" src=\"https:\/\/militares.estrategia.com\/portal\/wp-content\/uploads\/2023\/02\/EM-Banco-de-Questoes.jpg\" alt=\"EM - Banco de Questo\u0303es\" title=\"EM - Banco de Questo\u0303es\">\n        <\/a><\/strong><\/p>\n\n\n\n\n\n<h2 class=\"wp-block-heading\"><span class=\"ez-toc-section\" id=\"Veja-tambem\"><\/span>Veja tamb\u00e9m:<span class=\"ez-toc-section-end\"><\/span><\/h2>\n\n\n\n<ul class=\"wp-block-list\"><li><a href=\"https:\/\/militares.estrategia.com\/portal\/atualidades\/porque-a-russia-invadiu-a-ucrania\/\">R\u00fassia invadiu a Ucr\u00e2nia! Entenda o motivo<\/a><\/li><li><a href=\"https:\/\/militares.estrategia.com\/portal\/atualidades\/russia-x-ucrania-quais-os-riscos-de-um-acidente-nuclear\/\">R\u00fassia x Ucr\u00e2nia: Quais os riscos de um acidente nuclear?<\/a><\/li><li><a href=\"https:\/\/militares.estrategia.com\/portal\/historia\/conquista-de-fornovo\/\">Segunda Guerra Mundial: a conquista de Fornovo!<\/a><\/li><li><a href=\"https:\/\/militares.estrategia.com\/portal\/historia\/feb\/\">For\u00e7a Expedicion\u00e1ria Brasileira (FEB): o que \u00e9, segunda guerra mundial, campanhas e mais!<\/a><\/li><li><a href=\"https:\/\/militares.estrategia.com\/portal\/atualidades\/o-que-sao-os-crimes-de-guerra\/\">O que s\u00e3o os crimes de guerra?<\/a><\/li><li><a href=\"https:\/\/militares.estrategia.com\/portal\/atualidades\/filmes-internacionais-de-guerra-que-venceram-o-oscar\/\">7 filmes internacionais de guerra que venceram o Oscar<\/a><\/li><li><a href=\"https:\/\/militares.estrategia.com\/portal\/guias\/exercito\/caes-de-guerra-do-exercito-brasileiro\/\">C\u00e3es de Guerra do Ex\u00e9rcito Brasileiro<\/a><\/li><li><a href=\"https:\/\/militares.estrategia.com\/portal\/atualidades\/guerra-que-o-exercito-brasileiro-participou\/\">Guerras em que o Ex\u00e9rcito Brasileiro se envolveu<\/a><\/li><li><a href=\"https:\/\/militares.estrategia.com\/portal\/historia\/brasil-na-2a-guerra-mundial-e-a-atuacao-da-feb\/\">Brasil na 2\u00aa Guerra Mundial e a atua\u00e7\u00e3o da FEB<\/a><\/li><\/ul>\n","protected":false},"excerpt":{"rendered":"A invas\u00e3o da Ucr\u00e2nia teve in\u00edcio no dia 24 de fevereiro de 2022 e, desde ent\u00e3o, o conflito&hellip;\n","protected":false},"author":18,"featured_media":53541,"comment_status":"closed","ping_status":"closed","sticky":false,"template":"","format":"standard","meta":{"wl_entities_gutenberg":"","footnotes":""},"categories":[39],"tags":[],"wl_entity_type":[187],"class_list":{"0":"post-53539","1":"post","2":"type-post","3":"status-publish","4":"format-standard","5":"has-post-thumbnail","7":"category-atualidades","8":"wl_entity_type-article"},"acf":[],"yoast_head":"<!-- This site is optimized with the Yoast SEO Premium plugin v26.6 (Yoast SEO v26.6) - https:\/\/yoast.com\/wordpress\/plugins\/seo\/ -->\n<title>Crimes de guerra: o que s\u00e3o, tribunal de Haia e mais!<\/title>\n<meta name=\"description\" content=\"Dmytro Kuleba, acusou os militares russos de cometer crimes de guerra! Mas voc\u00ea sabe o que \u00e9 isso? Confira com o Estrat\u00e9gia Militares!\" \/>\n<meta name=\"robots\" content=\"index, follow, max-snippet:-1, max-image-preview:large, max-video-preview:-1\" \/>\n<link rel=\"canonical\" href=\"https:\/\/militares.estrategia.com\/portal\/atualidades\/o-que-sao-os-crimes-de-guerra\/\" \/>\n<meta property=\"og:locale\" content=\"pt_BR\" \/>\n<meta property=\"og:type\" content=\"article\" \/>\n<meta property=\"og:title\" content=\"Crimes de guerra: o que s\u00e3o, tribunal de Haia e mais!\" \/>\n<meta property=\"og:description\" content=\"Dmytro Kuleba, acusou os militares russos de cometer crimes de guerra! Mas voc\u00ea sabe o que \u00e9 isso? Confira com o Estrat\u00e9gia Militares!\" \/>\n<meta property=\"og:url\" content=\"https:\/\/militares.estrategia.com\/portal\/atualidades\/o-que-sao-os-crimes-de-guerra\/\" \/>\n<meta property=\"og:site_name\" content=\"Estrat\u00e9gia Militares\" \/>\n<meta property=\"article:publisher\" content=\"https:\/\/www.facebook.com\/EstrategiaMilitares\" \/>\n<meta property=\"article:published_time\" content=\"2022-04-13T14:32:36+00:00\" \/>\n<meta property=\"article:modified_time\" content=\"2022-05-04T01:00:21+00:00\" \/>\n<meta property=\"og:image\" content=\"https:\/\/cdn.blog.estrategiavestibulares.com.br\/vestibulares\/wp-content\/uploads\/2022\/04\/shutterstock_1686878860-scaled.webp\" \/>\n\t<meta property=\"og:image:width\" content=\"2560\" \/>\n\t<meta property=\"og:image:height\" content=\"1696\" \/>\n\t<meta property=\"og:image:type\" content=\"image\/jpeg\" \/>\n<meta name=\"author\" content=\"Pedro Alcantara\" \/>\n<meta name=\"twitter:card\" content=\"summary_large_image\" \/>\n<meta name=\"twitter:creator\" content=\"@estrategiamilit\" \/>\n<meta name=\"twitter:site\" content=\"@estrategiamilit\" \/>\n<meta name=\"twitter:label1\" content=\"Escrito por\" \/>\n\t<meta name=\"twitter:data1\" content=\"Pedro Alcantara\" \/>\n\t<meta name=\"twitter:label2\" content=\"Est. tempo de leitura\" \/>\n\t<meta name=\"twitter:data2\" content=\"5 minutos\" \/>\n<script type=\"application\/ld+json\" class=\"yoast-schema-graph\">{\"@context\":\"https:\/\/schema.org\",\"@graph\":[{\"@type\":\"Article\",\"@id\":\"https:\/\/militares.estrategia.com\/portal\/atualidades\/o-que-sao-os-crimes-de-guerra\/#article\",\"isPartOf\":{\"@id\":\"https:\/\/militares.estrategia.com\/portal\/atualidades\/o-que-sao-os-crimes-de-guerra\/\"},\"author\":{\"name\":\"Pedro Alcantara\",\"@id\":\"https:\/\/militares.estrategia.com\/portal\/#\/schema\/person\/d52a8bb9d3a4693ffcfbe862dc250f79\"},\"headline\":\"Crimes de guerra: o que s\u00e3o, tribunal de Haia e mais!\",\"datePublished\":\"2022-04-13T14:32:36+00:00\",\"dateModified\":\"2022-05-04T01:00:21+00:00\",\"mainEntityOfPage\":{\"@id\":\"https:\/\/militares.estrategia.com\/portal\/atualidades\/o-que-sao-os-crimes-de-guerra\/\"},\"wordCount\":858,\"publisher\":{\"@id\":\"https:\/\/militares.estrategia.com\/portal\/#organization\"},\"image\":{\"@id\":\"https:\/\/militares.estrategia.com\/portal\/atualidades\/o-que-sao-os-crimes-de-guerra\/#primaryimage\"},\"thumbnailUrl\":\"https:\/\/militares.estrategia.com\/portal\/wp-content\/uploads\/2022\/04\/shutterstock_1686878860-scaled.webp\",\"articleSection\":[\"Atualidades\"],\"inLanguage\":\"pt-BR\"},{\"@type\":\"WebPage\",\"@id\":\"https:\/\/militares.estrategia.com\/portal\/atualidades\/o-que-sao-os-crimes-de-guerra\/\",\"url\":\"https:\/\/militares.estrategia.com\/portal\/atualidades\/o-que-sao-os-crimes-de-guerra\/\",\"name\":\"Crimes de guerra: o que s\u00e3o, tribunal de Haia e mais!\",\"isPartOf\":{\"@id\":\"https:\/\/militares.estrategia.com\/portal\/#website\"},\"primaryImageOfPage\":{\"@id\":\"https:\/\/militares.estrategia.com\/portal\/atualidades\/o-que-sao-os-crimes-de-guerra\/#primaryimage\"},\"image\":{\"@id\":\"https:\/\/militares.estrategia.com\/portal\/atualidades\/o-que-sao-os-crimes-de-guerra\/#primaryimage\"},\"thumbnailUrl\":\"https:\/\/militares.estrategia.com\/portal\/wp-content\/uploads\/2022\/04\/shutterstock_1686878860-scaled.webp\",\"datePublished\":\"2022-04-13T14:32:36+00:00\",\"dateModified\":\"2022-05-04T01:00:21+00:00\",\"description\":\"Dmytro Kuleba, acusou os militares russos de cometer crimes de guerra! Mas voc\u00ea sabe o que \u00e9 isso? Confira com o Estrat\u00e9gia Militares!\",\"breadcrumb\":{\"@id\":\"https:\/\/militares.estrategia.com\/portal\/atualidades\/o-que-sao-os-crimes-de-guerra\/#breadcrumb\"},\"inLanguage\":\"pt-BR\",\"potentialAction\":[{\"@type\":\"ReadAction\",\"target\":[\"https:\/\/militares.estrategia.com\/portal\/atualidades\/o-que-sao-os-crimes-de-guerra\/\"]}]},{\"@type\":\"ImageObject\",\"inLanguage\":\"pt-BR\",\"@id\":\"https:\/\/militares.estrategia.com\/portal\/atualidades\/o-que-sao-os-crimes-de-guerra\/#primaryimage\",\"url\":\"https:\/\/militares.estrategia.com\/portal\/wp-content\/uploads\/2022\/04\/shutterstock_1686878860-scaled.webp\",\"contentUrl\":\"https:\/\/militares.estrategia.com\/portal\/wp-content\/uploads\/2022\/04\/shutterstock_1686878860-scaled.webp\",\"width\":1920,\"height\":1272,\"caption\":\"CRIMES DE GUERRA\"},{\"@type\":\"BreadcrumbList\",\"@id\":\"https:\/\/militares.estrategia.com\/portal\/atualidades\/o-que-sao-os-crimes-de-guerra\/#breadcrumb\",\"itemListElement\":[{\"@type\":\"ListItem\",\"position\":1,\"name\":\"Home\",\"item\":\"https:\/\/militares.estrategia.com\/portal\/\"},{\"@type\":\"ListItem\",\"position\":2,\"name\":\"Atualidades\",\"item\":\"https:\/\/militares.estrategia.com\/portal\/atualidades\/\"},{\"@type\":\"ListItem\",\"position\":3,\"name\":\"Crimes de guerra: o que s\u00e3o, tribunal de Haia e mais!\"}]},{\"@type\":\"WebSite\",\"@id\":\"https:\/\/militares.estrategia.com\/portal\/#website\",\"url\":\"https:\/\/militares.estrategia.com\/portal\/\",\"name\":\"Estrat\u00e9gia Militares\",\"description\":\"\",\"publisher\":{\"@id\":\"https:\/\/militares.estrategia.com\/portal\/#organization\"},\"potentialAction\":[{\"@type\":\"SearchAction\",\"target\":{\"@type\":\"EntryPoint\",\"urlTemplate\":\"https:\/\/militares.estrategia.com\/portal\/?s={search_term_string}\"},\"query-input\":{\"@type\":\"PropertyValueSpecification\",\"valueRequired\":true,\"valueName\":\"search_term_string\"}}],\"inLanguage\":\"pt-BR\"},{\"@type\":\"Organization\",\"@id\":\"https:\/\/militares.estrategia.com\/portal\/#organization\",\"name\":\"Estrat\u00e9gia Militares\",\"url\":\"https:\/\/militares.estrategia.com\/portal\/\",\"logo\":{\"@type\":\"ImageObject\",\"inLanguage\":\"pt-BR\",\"@id\":\"https:\/\/militares.estrategia.com\/portal\/#\/schema\/logo\/image\/\",\"url\":\"https:\/\/militares.estrategia.com\/portal\/wp-content\/uploads\/2021\/10\/logo-militares.webp\",\"contentUrl\":\"https:\/\/militares.estrategia.com\/portal\/wp-content\/uploads\/2021\/10\/logo-militares.webp\",\"width\":346,\"height\":90,\"caption\":\"Estrat\u00e9gia Militares\"},\"image\":{\"@id\":\"https:\/\/militares.estrategia.com\/portal\/#\/schema\/logo\/image\/\"},\"sameAs\":[\"https:\/\/www.facebook.com\/EstrategiaMilitares\",\"https:\/\/x.com\/estrategiamilit\",\"https:\/\/www.instagram.com\/estrategiamilitares\/\",\"https:\/\/www.youtube.com\/channel\/UCRG_9hakCqXxnj_8TqCdgTA\"]},{\"@type\":\"Person\",\"@id\":\"https:\/\/militares.estrategia.com\/portal\/#\/schema\/person\/d52a8bb9d3a4693ffcfbe862dc250f79\",\"name\":\"Pedro Alcantara\",\"image\":{\"@type\":\"ImageObject\",\"inLanguage\":\"pt-BR\",\"@id\":\"https:\/\/militares.estrategia.com\/portal\/#\/schema\/person\/image\/\",\"url\":\"https:\/\/secure.gravatar.com\/avatar\/2ff815c569bab8558bec32641d54e1af?s=96&d=mm&r=g\",\"contentUrl\":\"https:\/\/secure.gravatar.com\/avatar\/2ff815c569bab8558bec32641d54e1af?s=96&d=mm&r=g\",\"caption\":\"Pedro Alcantara\"},\"url\":\"https:\/\/militares.estrategia.com\/portal\/author\/pedro\/\"}]}<\/script>\n<!-- \/ Yoast SEO Premium plugin. -->","yoast_head_json":{"title":"Crimes de guerra: o que s\u00e3o, tribunal de Haia e mais!","description":"Dmytro Kuleba, acusou os militares russos de cometer crimes de guerra! Mas voc\u00ea sabe o que \u00e9 isso? Confira com o Estrat\u00e9gia Militares!","robots":{"index":"index","follow":"follow","max-snippet":"max-snippet:-1","max-image-preview":"max-image-preview:large","max-video-preview":"max-video-preview:-1"},"canonical":"https:\/\/militares.estrategia.com\/portal\/atualidades\/o-que-sao-os-crimes-de-guerra\/","og_locale":"pt_BR","og_type":"article","og_title":"Crimes de guerra: o que s\u00e3o, tribunal de Haia e mais!","og_description":"Dmytro Kuleba, acusou os militares russos de cometer crimes de guerra! Mas voc\u00ea sabe o que \u00e9 isso? Confira com o Estrat\u00e9gia Militares!","og_url":"https:\/\/militares.estrategia.com\/portal\/atualidades\/o-que-sao-os-crimes-de-guerra\/","og_site_name":"Estrat\u00e9gia Militares","article_publisher":"https:\/\/www.facebook.com\/EstrategiaMilitares","article_published_time":"2022-04-13T14:32:36+00:00","article_modified_time":"2022-05-04T01:00:21+00:00","og_image":[{"width":2560,"height":1696,"url":"https:\/\/cdn.blog.estrategiavestibulares.com.br\/vestibulares\/wp-content\/uploads\/2022\/04\/shutterstock_1686878860-scaled.webp","type":"image\/jpeg"}],"author":"Pedro Alcantara","twitter_card":"summary_large_image","twitter_creator":"@estrategiamilit","twitter_site":"@estrategiamilit","twitter_misc":{"Escrito por":"Pedro Alcantara","Est. tempo de leitura":"5 minutos"},"schema":{"@context":"https:\/\/schema.org","@graph":[{"@type":"Article","@id":"https:\/\/militares.estrategia.com\/portal\/atualidades\/o-que-sao-os-crimes-de-guerra\/#article","isPartOf":{"@id":"https:\/\/militares.estrategia.com\/portal\/atualidades\/o-que-sao-os-crimes-de-guerra\/"},"author":{"name":"Pedro Alcantara","@id":"https:\/\/militares.estrategia.com\/portal\/#\/schema\/person\/d52a8bb9d3a4693ffcfbe862dc250f79"},"headline":"Crimes de guerra: o que s\u00e3o, tribunal de Haia e mais!","datePublished":"2022-04-13T14:32:36+00:00","dateModified":"2022-05-04T01:00:21+00:00","mainEntityOfPage":{"@id":"https:\/\/militares.estrategia.com\/portal\/atualidades\/o-que-sao-os-crimes-de-guerra\/"},"wordCount":858,"publisher":{"@id":"https:\/\/militares.estrategia.com\/portal\/#organization"},"image":{"@id":"https:\/\/militares.estrategia.com\/portal\/atualidades\/o-que-sao-os-crimes-de-guerra\/#primaryimage"},"thumbnailUrl":"https:\/\/militares.estrategia.com\/portal\/wp-content\/uploads\/2022\/04\/shutterstock_1686878860-scaled.webp","articleSection":["Atualidades"],"inLanguage":"pt-BR"},{"@type":"WebPage","@id":"https:\/\/militares.estrategia.com\/portal\/atualidades\/o-que-sao-os-crimes-de-guerra\/","url":"https:\/\/militares.estrategia.com\/portal\/atualidades\/o-que-sao-os-crimes-de-guerra\/","name":"Crimes de guerra: o que s\u00e3o, tribunal de Haia e mais!","isPartOf":{"@id":"https:\/\/militares.estrategia.com\/portal\/#website"},"primaryImageOfPage":{"@id":"https:\/\/militares.estrategia.com\/portal\/atualidades\/o-que-sao-os-crimes-de-guerra\/#primaryimage"},"image":{"@id":"https:\/\/militares.estrategia.com\/portal\/atualidades\/o-que-sao-os-crimes-de-guerra\/#primaryimage"},"thumbnailUrl":"https:\/\/militares.estrategia.com\/portal\/wp-content\/uploads\/2022\/04\/shutterstock_1686878860-scaled.webp","datePublished":"2022-04-13T14:32:36+00:00","dateModified":"2022-05-04T01:00:21+00:00","description":"Dmytro Kuleba, acusou os militares russos de cometer crimes de guerra! Mas voc\u00ea sabe o que \u00e9 isso? Confira com o Estrat\u00e9gia Militares!","breadcrumb":{"@id":"https:\/\/militares.estrategia.com\/portal\/atualidades\/o-que-sao-os-crimes-de-guerra\/#breadcrumb"},"inLanguage":"pt-BR","potentialAction":[{"@type":"ReadAction","target":["https:\/\/militares.estrategia.com\/portal\/atualidades\/o-que-sao-os-crimes-de-guerra\/"]}]},{"@type":"ImageObject","inLanguage":"pt-BR","@id":"https:\/\/militares.estrategia.com\/portal\/atualidades\/o-que-sao-os-crimes-de-guerra\/#primaryimage","url":"https:\/\/militares.estrategia.com\/portal\/wp-content\/uploads\/2022\/04\/shutterstock_1686878860-scaled.webp","contentUrl":"https:\/\/militares.estrategia.com\/portal\/wp-content\/uploads\/2022\/04\/shutterstock_1686878860-scaled.webp","width":1920,"height":1272,"caption":"CRIMES DE GUERRA"},{"@type":"BreadcrumbList","@id":"https:\/\/militares.estrategia.com\/portal\/atualidades\/o-que-sao-os-crimes-de-guerra\/#breadcrumb","itemListElement":[{"@type":"ListItem","position":1,"name":"Home","item":"https:\/\/militares.estrategia.com\/portal\/"},{"@type":"ListItem","position":2,"name":"Atualidades","item":"https:\/\/militares.estrategia.com\/portal\/atualidades\/"},{"@type":"ListItem","position":3,"name":"Crimes de guerra: o que s\u00e3o, tribunal de Haia e mais!"}]},{"@type":"WebSite","@id":"https:\/\/militares.estrategia.com\/portal\/#website","url":"https:\/\/militares.estrategia.com\/portal\/","name":"Estrat\u00e9gia Militares","description":"","publisher":{"@id":"https:\/\/militares.estrategia.com\/portal\/#organization"},"potentialAction":[{"@type":"SearchAction","target":{"@type":"EntryPoint","urlTemplate":"https:\/\/militares.estrategia.com\/portal\/?s={search_term_string}"},"query-input":{"@type":"PropertyValueSpecification","valueRequired":true,"valueName":"search_term_string"}}],"inLanguage":"pt-BR"},{"@type":"Organization","@id":"https:\/\/militares.estrategia.com\/portal\/#organization","name":"Estrat\u00e9gia Militares","url":"https:\/\/militares.estrategia.com\/portal\/","logo":{"@type":"ImageObject","inLanguage":"pt-BR","@id":"https:\/\/militares.estrategia.com\/portal\/#\/schema\/logo\/image\/","url":"https:\/\/militares.estrategia.com\/portal\/wp-content\/uploads\/2021\/10\/logo-militares.webp","contentUrl":"https:\/\/militares.estrategia.com\/portal\/wp-content\/uploads\/2021\/10\/logo-militares.webp","width":346,"height":90,"caption":"Estrat\u00e9gia Militares"},"image":{"@id":"https:\/\/militares.estrategia.com\/portal\/#\/schema\/logo\/image\/"},"sameAs":["https:\/\/www.facebook.com\/EstrategiaMilitares","https:\/\/x.com\/estrategiamilit","https:\/\/www.instagram.com\/estrategiamilitares\/","https:\/\/www.youtube.com\/channel\/UCRG_9hakCqXxnj_8TqCdgTA"]},{"@type":"Person","@id":"https:\/\/militares.estrategia.com\/portal\/#\/schema\/person\/d52a8bb9d3a4693ffcfbe862dc250f79","name":"Pedro Alcantara","image":{"@type":"ImageObject","inLanguage":"pt-BR","@id":"https:\/\/militares.estrategia.com\/portal\/#\/schema\/person\/image\/","url":"https:\/\/secure.gravatar.com\/avatar\/2ff815c569bab8558bec32641d54e1af?s=96&d=mm&r=g","contentUrl":"https:\/\/secure.gravatar.com\/avatar\/2ff815c569bab8558bec32641d54e1af?s=96&d=mm&r=g","caption":"Pedro Alcantara"},"url":"https:\/\/militares.estrategia.com\/portal\/author\/pedro\/"}]}},"_wl_alt_label":[],"wl:entity_url":"https:\/\/data.wordlift.io\/wl110246\/post\/o-que-e-um-crime-de-guerra-53539","_links":{"self":[{"href":"https:\/\/militares.estrategia.com\/portal\/wp-json\/wp\/v2\/posts\/53539","targetHints":{"allow":["GET"]}}],"collection":[{"href":"https:\/\/militares.estrategia.com\/portal\/wp-json\/wp\/v2\/posts"}],"about":[{"href":"https:\/\/militares.estrategia.com\/portal\/wp-json\/wp\/v2\/types\/post"}],"author":[{"embeddable":true,"href":"https:\/\/militares.estrategia.com\/portal\/wp-json\/wp\/v2\/users\/18"}],"replies":[{"embeddable":true,"href":"https:\/\/militares.estrategia.com\/portal\/wp-json\/wp\/v2\/comments?post=53539"}],"version-history":[{"count":3,"href":"https:\/\/militares.estrategia.com\/portal\/wp-json\/wp\/v2\/posts\/53539\/revisions"}],"predecessor-version":[{"id":54103,"href":"https:\/\/militares.estrategia.com\/portal\/wp-json\/wp\/v2\/posts\/53539\/revisions\/54103"}],"wp:featuredmedia":[{"embeddable":true,"href":"https:\/\/militares.estrategia.com\/portal\/wp-json\/wp\/v2\/media\/53541"}],"wp:attachment":[{"href":"https:\/\/militares.estrategia.com\/portal\/wp-json\/wp\/v2\/media?parent=53539"}],"wp:term":[{"taxonomy":"category","embeddable":true,"href":"https:\/\/militares.estrategia.com\/portal\/wp-json\/wp\/v2\/categories?post=53539"},{"taxonomy":"post_tag","embeddable":true,"href":"https:\/\/militares.estrategia.com\/portal\/wp-json\/wp\/v2\/tags?post=53539"},{"taxonomy":"wl_entity_type","embeddable":true,"href":"https:\/\/militares.estrategia.com\/portal\/wp-json\/wp\/v2\/wl_entity_type?post=53539"}],"curies":[{"name":"wp","href":"https:\/\/api.w.org\/{rel}","templated":true}]}}