{"id":52769,"date":"2022-03-10T10:30:00","date_gmt":"2022-03-10T13:30:00","guid":{"rendered":"https:\/\/militares.estrategia.com\/portal\/?p=52769"},"modified":"2023-02-23T16:33:19","modified_gmt":"2023-02-23T19:33:19","slug":"otan-o-que-e-quem-faz-parte-e-relacao-com-o-brasil","status":"publish","type":"post","link":"https:\/\/militares.estrategia.com\/portal\/atualidades\/otan-o-que-e-quem-faz-parte-e-relacao-com-o-brasil\/","title":{"rendered":"OTAN: o que \u00e9, quem faz parte e rela\u00e7\u00e3o com o Brasil"},"content":{"rendered":"\n<p>A Ucr\u00e2nia e seu relacionamento conturbado com a R\u00fassia voltaram a chamar a aten\u00e7\u00e3o do mundo no come\u00e7o do ano de 2022. O motivo, dessa vez, foi a<strong> declara\u00e7\u00e3o de que os ucranianos estariam interessados em juntar-se \u00e0 OTAN<\/strong>, para o desagrado do gigante russo.<\/p>\n\n\n\n<p>A tens\u00e3o culminou na<a href=\"https:\/\/militares.estrategia.com\/portal\/atualidades\/filmes-documentarios-series-conflito-russia-x-ucrania\/\"><strong> invas\u00e3o \u00e0 Ucr\u00e2nia,<\/strong><\/a><strong> no dia 24 de fevereiro.<\/strong> O Estrat\u00e9gia Militares reuniu as<strong> principais informa\u00e7\u00f5es sobre a OTAN,<\/strong> uma das pe\u00e7as cruciais no atual conflito, e como o Brasil se relaciona com ela.\u00a0<\/p>\n\n\n<div id=\"new-form\">\n\t<form id=\"forms_layout\">\n\t<input type=\"hidden\" id=\"chave_de\" name=\"chave_de\" value=\"01_EMIL_LEADS_TOTAIS\" \/>\n\t\t<input type=\"hidden\" id=\"mid\" name=\"mid\" value=\"515009017\" \/>\n\t\t<input type=\"hidden\" id=\"Objetivo\" name=\"Objetivo\" value=\"Militares\" \/>\n\t\t<input type=\"hidden\" id=\"Estado_de_Origem_do_IP\" name=\"Estado_de_Origem_do_IP\"  value=\"\" \/>\n\t\t<input type=\"hidden\" id=\"Cidade_de_Origem_do_IP\" name=\"Cidade_de_Origem_do_IP\" value=\"\" \/>\n\t\t<input type=\"hidden\" id=\"Modo_de_entrada\" name=\"Modo_de_entrada\" value=\"Portal\" \/>\n\t\t<input type=\"hidden\" id=\"Pagina_Origem\" name=\"Pagina_Origem\" value=\"\" \/>\n\n\t\t<div class=\"texto\">\n\t\t\t<h3 class=\"news\">Inscreva-se em nossa newsletter!<\/h3>\n\t\t\t<p>Receba not\u00edcias sobre os mais importantes concursos para as For\u00e7as Armadas brasileiras e informa\u00e7\u00f5es sobre o mundo militar!<\/p>\n\t\t<\/div>\n\t\t<div class=\"campos\">\n\t\t\t<div class=\"first_name labels\">\n\t\t\t\t<input type=\"text\" class=\"input_labels\" id=\"first_name\" name=\"Nome_Completo\" placeholder=\"Nome\" required \/>\n\t\t\t<\/div>\n\t\t\t<div class=\"email labels\">\n\t\t\t\t<input type=\"email\" class=\"input_labels\" id=\"email\" name=\"Email\" placeholder=\"E-mail\" required \/>\n\t\t\t<\/div>\n\t\t\t<button type=\"submit\" class=\"button_layout\">\n\t\t\t\t<div id=\"lblBotao\">Inscreva-se<\/div>\n\t\t\t\t<span id=\"divSpiner\" class=\"loader\" role=\"status\" style=\"display: none;\"><\/span>\t\n\t\t\t<\/button>\n\t\t<\/div><!-- \/campos -->\n\t\t\n\t\t<label class=\"container_checkbox\">Voc\u00ea concorda com a nossa\n\t\t\t<a class=\"politics_privacy_ahref\" target=\"_blank\" href=\"https:\/\/gratis.estrategiaconcursos.com.br\/politica-de-privacidade\/\">Pol\u00edtica de Privacidade<\/a> e aceita receber informa\u00e7\u00f5es adicionais do Estrat\u00e9gia Educacional.\n\t\t\t<input id=\"checkbox_layout\" type=\"checkbox\" checked=\"checked\" required \/>\n\t\t\t<span class=\"checkbox\"><\/span>\n\t\t<\/label>\n\t\t<div id=\"msg\"><\/div>\n\t\t<div id=\"error\" class=\"error\">\n\t\t<\/div>\n\t<\/form>\n<\/div><!-- \/new-form -->\n\n\n\n<div id=\"ez-toc-container\" class=\"ez-toc-v2_0_79_2 counter-hierarchy ez-toc-counter ez-toc-transparent ez-toc-container-direction\">\n<div class=\"ez-toc-title-container\"><p class=\"ez-toc-title\" style=\"cursor:inherit\">Navegue pelo conte\u00fado\t<\/p>\n<\/div><nav><ul class='ez-toc-list ez-toc-list-level-1 ' ><li class='ez-toc-page-1 ez-toc-heading-level-2'><a class=\"ez-toc-link ez-toc-heading-1\" href=\"https:\/\/militares.estrategia.com\/portal\/atualidades\/otan-o-que-e-quem-faz-parte-e-relacao-com-o-brasil\/#O-que-e-a-OTAN\" >O que \u00e9 a OTAN?&nbsp;<\/a><\/li><li class='ez-toc-page-1 ez-toc-heading-level-2'><a class=\"ez-toc-link ez-toc-heading-2\" href=\"https:\/\/militares.estrategia.com\/portal\/atualidades\/otan-o-que-e-quem-faz-parte-e-relacao-com-o-brasil\/#Como-a-OTAN-surgiu\" >Como a OTAN surgiu?&nbsp;<\/a><\/li><li class='ez-toc-page-1 ez-toc-heading-level-2'><a class=\"ez-toc-link ez-toc-heading-3\" href=\"https:\/\/militares.estrategia.com\/portal\/atualidades\/otan-o-que-e-quem-faz-parte-e-relacao-com-o-brasil\/#A-OTAN-na-Historia\" >A OTAN na Hist\u00f3ria&nbsp;<\/a><\/li><li class='ez-toc-page-1 ez-toc-heading-level-2'><a class=\"ez-toc-link ez-toc-heading-4\" href=\"https:\/\/militares.estrategia.com\/portal\/atualidades\/otan-o-que-e-quem-faz-parte-e-relacao-com-o-brasil\/#Quais-sao-os-paises-membros\" >Quais s\u00e3o os pa\u00edses-membros?<\/a><\/li><li class='ez-toc-page-1 ez-toc-heading-level-2'><a class=\"ez-toc-link ez-toc-heading-5\" href=\"https:\/\/militares.estrategia.com\/portal\/atualidades\/otan-o-que-e-quem-faz-parte-e-relacao-com-o-brasil\/#Brasil-e-OTAN\" >Brasil e OTAN&nbsp;<\/a><\/li><li class='ez-toc-page-1 ez-toc-heading-level-2'><a class=\"ez-toc-link ez-toc-heading-6\" href=\"https:\/\/militares.estrategia.com\/portal\/atualidades\/otan-o-que-e-quem-faz-parte-e-relacao-com-o-brasil\/#Veja-tambem\" >Veja tamb\u00e9m:<\/a><\/li><\/ul><\/nav><\/div>\n<h2 class=\"wp-block-heading\" id=\"h-o-que-e-a-otan\"><span class=\"ez-toc-section\" id=\"O-que-e-a-OTAN\"><\/span>O que \u00e9 a OTAN?&nbsp;<span class=\"ez-toc-section-end\"><\/span><\/h2>\n\n\n\n<p>A sigla remete ao nome Organiza\u00e7\u00e3o do Tratado do Atl\u00e2ntico Norte. Em ingl\u00eas, no entanto, a organiza\u00e7\u00e3o \u00e9 chamada de NATO, ou North Atlantic Treaty Organization. Atualmente, ela \u00e9<strong> a maior alian\u00e7a militar existente<\/strong>, mas apenas pa\u00edses europeus, al\u00e9m do Canad\u00e1 e dos Estados Unidos, comp\u00f5em o quadro de membros da institui\u00e7\u00e3o.<\/p>\n\n\n\n<p>A bandeirada organiza\u00e7\u00e3o \u00e9 composta por um fundo azul-escuro com uma rosa dos ventos em branco no centro. Sua sede localiza-se em Bruxelas, na B\u00e9lgica.&nbsp;<\/p>\n\n\n\n<figure class=\"wp-block-image size-full\"><img decoding=\"async\" width=\"800\" height=\"600\" src=\"https:\/\/militares.estrategia.com\/portal\/wp-content\/uploads\/2022\/03\/800px-Flag_of_NATO.svg_.png\" alt=\"\" class=\"wp-image-52771\" srcset=\"https:\/\/militares.estrategia.com\/portal\/wp-content\/uploads\/2022\/03\/800px-Flag_of_NATO.svg_.png 800w, https:\/\/militares.estrategia.com\/portal\/wp-content\/uploads\/2022\/03\/800px-Flag_of_NATO.svg_-768x576.webp 768w\" sizes=\"(max-width: 800px) 100vw, 800px\" \/><figcaption class=\"wp-element-caption\">Bandeira da OTAN. Fonte: Wikimedia Commons<\/figcaption><\/figure>\n\n\n\n<p>A OTAN \u00e9 uma <strong>alian\u00e7a militar que tem o objetivo de garantir a \u201cliberdade e a seguran\u00e7a\u201d de seus 30 pa\u00edses membros,<\/strong> segundo estabelecido em seus quatro pilares b\u00e1sicos.&nbsp;<\/p>\n\n\n\n<p>O primeiro deles aponta que a atua\u00e7\u00e3o da OTAN \u00e9 <strong>tanto militar quanto diplom\u00e1tica<\/strong>. O segundo, por sua vez, determina que a organiza\u00e7\u00e3o tem como princ\u00edpio a <strong>defesa coletiva<\/strong>.&nbsp; Ou, em outras palavras: um ataque contra um dos pa\u00edses membros \u00e9 o mesmo que um ataque contra todos os demais.&nbsp;<\/p>\n\n\n\n<p>A alian\u00e7a entre os pa\u00edses da Europa e a Am\u00e9rica do Norte que a OTAN proporciona \u00e9 chamada de Liga\u00e7\u00e3o Transatl\u00e2ntica e constitui o terceiro ponto b\u00e1sico da entidade. A ideia \u00e9 que os dois continentes cooperem nas \u00e1reas de defesa e seguran\u00e7a, al\u00e9m de comporem opera\u00e7\u00f5es conjuntas multinacionais em tempos de crises.&nbsp;<\/p>\n\n\n\n<p>Por fim, o quarto ponto b\u00e1sico \u00e9 que a OTAN segue os Conceitos Estrat\u00e9gicos que definem as tarefas fundamentais da organiza\u00e7\u00e3o para a pr\u00f3xima d\u00e9cada. O Conceito Estrat\u00e9gico em vigor \u00e9 o de 2010. Representantes de cada localidade se re\u00fanem regularmente para discutir estrat\u00e9gias de defesa.&nbsp;<\/p>\n\n\n\n<h2 class=\"wp-block-heading\" id=\"h-como-a-otan-surgiu\"><span class=\"ez-toc-section\" id=\"Como-a-OTAN-surgiu\"><\/span>Como a OTAN surgiu?&nbsp;<span class=\"ez-toc-section-end\"><\/span><\/h2>\n\n\n\n<p>A OTAN surgiu <strong>no per\u00edodo da Guerra Fria, em 4 de abril de 1949<\/strong>. Uma das principais raz\u00f5es para sua cria\u00e7\u00e3o foi fazer<strong> frente ao avan\u00e7o do poder da Uni\u00e3o Sovi\u00e9tica<\/strong> sobre a Europa, no conturbado contexto p\u00f3s-Segunda Guerra Mundial.&nbsp;<\/p>\n\n\n\n<p>Os pa\u00edses europeus <strong>desejavam que os EUA garantisse suporte militar<\/strong> em caso de outro conflito. No entanto, a pot\u00eancia norte-americana <strong>s\u00f3 concordaria com isso se houvesse uni\u00e3o entre os pa\u00edses ocidentais.<\/strong>&nbsp;<\/p>\n\n\n\n<p>Diante disso, Reino Unido, B\u00e9lgica, Luxemburgo e outros pa\u00edses europeus assinaram, em 1948, o acordo precursor da OTAN: o <strong>Tratado de Bruxelas<\/strong>. A ideia era impedir outro conflito em grande escala por conta de rivalidades entre os pa\u00edses europeus, como foi nas duas Grandes Guerras.&nbsp;<\/p>\n\n\n\n<p>No entanto,<strong> a OTAN s\u00f3 seria criada no ano seguinte, com a assinatura do Tratado de Washington. <\/strong>O acordo adicionava mais pa\u00edses europeus \u00e0 alian\u00e7a, al\u00e9m dos EUA e do Canad\u00e1. Ao todo, a OTAN era formada por <strong>12 pa\u00edses fundadores.&nbsp;<\/strong><\/p>\n\n\n\n<p>Como resposta, <strong>a Uni\u00e3o Sovi\u00e9tica assinou o Pacto de Vars\u00f3via<\/strong> com os pa\u00edses socialistas aliados, em 14 de maio de 1955. N\u00e3o houve confrontos militares diretos entre as for\u00e7as das duas alian\u00e7as e, ao fim da Guerra Fria, em 3 de dezembro de 1989, o Pacto de Vars\u00f3via foi desmanchado. Desde ent\u00e3o, a OTAN tem sido a maior alian\u00e7a militar e pol\u00edtica ativa no mundo.<\/p>\n\n\n<div id=\"new-form\">\n\t<form id=\"forms_layout\">\n\t<input type=\"hidden\" id=\"chave_de\" name=\"chave_de\" value=\"01_EMIL_LEADS_TOTAIS\" \/>\n\t\t<input type=\"hidden\" id=\"mid\" name=\"mid\" value=\"515009017\" \/>\n\t\t<input type=\"hidden\" id=\"Objetivo\" name=\"Objetivo\" value=\"Militares\" \/>\n\t\t<input type=\"hidden\" id=\"Estado_de_Origem_do_IP\" name=\"Estado_de_Origem_do_IP\"  value=\"\" \/>\n\t\t<input type=\"hidden\" id=\"Cidade_de_Origem_do_IP\" name=\"Cidade_de_Origem_do_IP\" value=\"\" \/>\n\t\t<input type=\"hidden\" id=\"Modo_de_entrada\" name=\"Modo_de_entrada\" value=\"Portal\" \/>\n\t\t<input type=\"hidden\" id=\"Pagina_Origem\" name=\"Pagina_Origem\" value=\"\" \/>\n\n\t\t<div class=\"texto\">\n\t\t\t<h3 class=\"news\">Inscreva-se em nossa newsletter!<\/h3>\n\t\t\t<p>Receba not\u00edcias sobre os mais importantes concursos para as For\u00e7as Armadas brasileiras e informa\u00e7\u00f5es sobre o mundo militar!<\/p>\n\t\t<\/div>\n\t\t<div class=\"campos\">\n\t\t\t<div class=\"first_name labels\">\n\t\t\t\t<input type=\"text\" class=\"input_labels\" id=\"first_name\" name=\"Nome_Completo\" placeholder=\"Nome\" required \/>\n\t\t\t<\/div>\n\t\t\t<div class=\"email labels\">\n\t\t\t\t<input type=\"email\" class=\"input_labels\" id=\"email\" name=\"Email\" placeholder=\"E-mail\" required \/>\n\t\t\t<\/div>\n\t\t\t<button type=\"submit\" class=\"button_layout\">\n\t\t\t\t<div id=\"lblBotao\">Inscreva-se<\/div>\n\t\t\t\t<span id=\"divSpiner\" class=\"loader\" role=\"status\" style=\"display: none;\"><\/span>\t\n\t\t\t<\/button>\n\t\t<\/div><!-- \/campos -->\n\t\t\n\t\t<label class=\"container_checkbox\">Voc\u00ea concorda com a nossa\n\t\t\t<a class=\"politics_privacy_ahref\" target=\"_blank\" href=\"https:\/\/gratis.estrategiaconcursos.com.br\/politica-de-privacidade\/\">Pol\u00edtica de Privacidade<\/a> e aceita receber informa\u00e7\u00f5es adicionais do Estrat\u00e9gia Educacional.\n\t\t\t<input id=\"checkbox_layout\" type=\"checkbox\" checked=\"checked\" required \/>\n\t\t\t<span class=\"checkbox\"><\/span>\n\t\t<\/label>\n\t\t<div id=\"msg\"><\/div>\n\t\t<div id=\"error\" class=\"error\">\n\t\t<\/div>\n\t<\/form>\n<\/div><!-- \/new-form -->\n\n\n\n<h2 class=\"wp-block-heading\" id=\"h-a-otan-na-historia\"><span class=\"ez-toc-section\" id=\"A-OTAN-na-Historia\"><\/span>A OTAN na Hist\u00f3ria&nbsp;<span class=\"ez-toc-section-end\"><\/span><\/h2>\n\n\n\n<p>Embora a OTAN n\u00e3o tenha atuado militarmente durante a<a href=\"https:\/\/vestibulares.estrategia.com\/portal\/historia\/corrida-espacial\/\"> Guerra Fria<\/a>, nos anos seguintes \u00e0 queda do muro de Berlim,<strong> a alian\u00e7a fez uso de suas for\u00e7as em v\u00e1rias guerras civis <\/strong>ao redor do globo, algumas vezes como suporte da ONU.&nbsp;<\/p>\n\n\n\n<p>Confira abaixo algumas das mais importantes opera\u00e7\u00f5es militares realizadas pela OTAN ao longo da hist\u00f3ria:&nbsp;<\/p>\n\n\n\n<ul class=\"wp-block-list\">\n<li><strong>Guerra da B\u00f3snia:<\/strong> aconteceu em 1994, durante a invas\u00e3o da B\u00f3snia e Herzegovina pela S\u00e9rvia;<\/li>\n\n\n\n<li><strong>Interven\u00e7\u00e3o em Kosovo:<\/strong> ocorreu por volta de 1999, durante a guerra que separou a antiga Iugosl\u00e1via; e<\/li>\n\n\n\n<li><strong>Guerra do Afeganist\u00e3o:<\/strong> ap\u00f3s o ataque \u00e0s Torres G\u00eameas, a OTAN e os EUA iniciaram uma fase de Guerra ao Terror.&nbsp;<\/li>\n<\/ul>\n\n\n\n<p>Depois desses eventos, a OTAN ainda atuou no Iraque, em 2004, e nos conflitos da Primavera \u00c1rabe, em 2011.&nbsp;<\/p>\n\n\n\n<figure class=\"wp-block-image size-large\"><img decoding=\"async\" width=\"1024\" height=\"582\" src=\"https:\/\/militares.estrategia.com\/portal\/wp-content\/uploads\/2022\/03\/Reuniao-OTAN-1024x582.webp\" alt=\"Sala de reuni\u00f5es OTAN \" class=\"wp-image-52772\" srcset=\"https:\/\/militares.estrategia.com\/portal\/wp-content\/uploads\/2022\/03\/Reuniao-OTAN-1024x582.webp 1024w, https:\/\/militares.estrategia.com\/portal\/wp-content\/uploads\/2022\/03\/Reuniao-OTAN-768x436.webp 768w, https:\/\/militares.estrategia.com\/portal\/wp-content\/uploads\/2022\/03\/Reuniao-OTAN-1536x873.webp 1536w, https:\/\/militares.estrategia.com\/portal\/wp-content\/uploads\/2022\/03\/Reuniao-OTAN-2048x1164.webp 2048w, https:\/\/militares.estrategia.com\/portal\/wp-content\/uploads\/2022\/03\/Reuniao-OTAN-800x455.webp 800w, https:\/\/militares.estrategia.com\/portal\/wp-content\/uploads\/2022\/03\/Reuniao-OTAN-1160x659.webp 1160w, https:\/\/militares.estrategia.com\/portal\/wp-content\/uploads\/2022\/03\/Reuniao-OTAN.jpg 2200w\" sizes=\"(max-width: 1024px) 100vw, 1024px\" \/><figcaption class=\"wp-element-caption\">Sala de Reuni\u00e3o da OTAN. Fonte: OTAN<\/figcaption><\/figure>\n\n\n\n<h2 class=\"wp-block-heading\" id=\"h-quais-sao-os-paises-membros\"><span class=\"ez-toc-section\" id=\"Quais-sao-os-paises-membros\"><\/span>Quais s\u00e3o os pa\u00edses-membros?<span class=\"ez-toc-section-end\"><\/span><\/h2>\n\n\n\n<p>Quando a OTAN foi formada, a alian\u00e7a era composta apenas por <strong>12 pa\u00edses:<\/strong> EUA, Canad\u00e1, Reino Unido, B\u00e9lgica, Fran\u00e7a, Noruega, Isl\u00e2ndia, Pa\u00edses Baixos, Dinamarca, Portugal, It\u00e1lia e Luxemburgo.<\/p>\n\n\n\n<p>No entanto, ao longo dos anos, mais pa\u00edses se juntaram \u00e0 alian\u00e7a, de forma que, hoje, a OTAN <strong>conta com 30 pa\u00edses-membros<\/strong>. Veja quais s\u00e3o abaixo, em ordem alfab\u00e9tica:&nbsp;<\/p>\n\n\n\n<ul class=\"wp-block-list\">\n<li>Alb\u00e2nia;&nbsp;<\/li>\n\n\n\n<li>Alemanha;&nbsp;<\/li>\n\n\n\n<li>B\u00e9lgica;&nbsp;<\/li>\n\n\n\n<li>Bulg\u00e1ria;&nbsp;<\/li>\n\n\n\n<li>Canad\u00e1;&nbsp;<\/li>\n\n\n\n<li>Cro\u00e1cia;&nbsp;<\/li>\n\n\n\n<li>Dinamarca;&nbsp;<\/li>\n\n\n\n<li>Eslov\u00e1quia;&nbsp;<\/li>\n\n\n\n<li>Eslov\u00eania;<\/li>\n\n\n\n<li>Espanha;&nbsp;<\/li>\n\n\n\n<li>Estados Unidos;&nbsp;<\/li>\n\n\n\n<li>Est\u00f4nia;&nbsp;<\/li>\n\n\n\n<li>Fran\u00e7a;&nbsp;<\/li>\n\n\n\n<li>Gr\u00e9cia;&nbsp;<\/li>\n\n\n\n<li>Holanda;&nbsp;<\/li>\n\n\n\n<li>Hungria;&nbsp;<\/li>\n\n\n\n<li>Isl\u00e2ndia;&nbsp;<\/li>\n\n\n\n<li>It\u00e1lia;&nbsp;<\/li>\n\n\n\n<li>Let\u00f4nia;<\/li>\n\n\n\n<li>Litu\u00e2nia;&nbsp;<\/li>\n\n\n\n<li>Luxemburgo;&nbsp;<\/li>\n\n\n\n<li>Maced\u00f4nia do Norte;&nbsp;<\/li>\n\n\n\n<li>Montenegro;&nbsp;<\/li>\n\n\n\n<li>Noruega;&nbsp;<\/li>\n\n\n\n<li>Pol\u00f4nia;&nbsp;<\/li>\n\n\n\n<li>Portugal;&nbsp;<\/li>\n\n\n\n<li>Reino Unido;&nbsp;<\/li>\n\n\n\n<li>Rep\u00fablica Tcheca;&nbsp;<\/li>\n\n\n\n<li>Rom\u00eania; e&nbsp;<\/li>\n\n\n\n<li>Turquia.<\/li>\n<\/ul>\n\n\n\n<h2 class=\"wp-block-heading\" id=\"h-brasil-e-otan\"><span class=\"ez-toc-section\" id=\"Brasil-e-OTAN\"><\/span>Brasil e OTAN&nbsp;<span class=\"ez-toc-section-end\"><\/span><\/h2>\n\n\n\n<p>Como mencionado<strong>, a OTAN tem como membros apenas pa\u00edses do norte global<\/strong>, no entanto \u00e9 poss\u00edvel estabelecer acordos com a organiza\u00e7\u00e3o. Aqueles que se <strong>aliam \u00e0 OTAN s\u00e3o chamados de \u201cMajor non-NATO Ally\u201d<\/strong>, ou seja, um importante aliado extra-OTAN.&nbsp;<\/p>\n\n\n\n<p>Os<strong> aliados extra-OTAN n\u00e3o se encaixam dentro dos acordos de m\u00fatua defesa, mas t\u00eam a possibilidade de vantagens militares e financeiras,<\/strong> como acesso preferencial na compra de equipamentos militares dos EUA e participa\u00e7\u00e3o em pesquisas na \u00e1rea de defesa.&nbsp;<\/p>\n\n\n\n<p>O <strong>Brasil foi indicado como um aliado extra-OTAN em 2019<\/strong> pelo ent\u00e3o presidente norte-americano, Donald Trump. No entanto, esse status n\u00e3o garante que o<a href=\"https:\/\/militares.estrategia.com\/portal\/atualidades\/guerra-que-o-exercito-brasileiro-participou\/\"> Brasil ser\u00e1 defendido <\/a>pela entidade em caso de conflito e tampouco significa que nossas For\u00e7as Armadas podem ajud\u00e1-la em suas guerras.&nbsp;<\/p>\n\n\n\n<p>Al\u00e9m do Brasil existem outros pa\u00edses nessa categoria, como: Argentina, Austr\u00e1lia, Bahrein, Egito, Israel, Jap\u00e3o, Jord\u00e2nia, Coreia do Sul, Kuwait, Marrocos, Nova Zel\u00e2ndia, Paquist\u00e3o, Filipinas, Tail\u00e2ndia e Tun\u00edsia.<\/p>\n\n\n\n<p>Com o conflito entre R\u00fassia e Ucr\u00e2nia h\u00e1 grandes chances do assunto aparecer nas provas dos Concursos Militares. Ent\u00e3o, fique antenado no desenrolar da guerra e estude sobre os envolvidos! Voc\u00ea pode ler aqui no Portal Estrat\u00e9gia Militares os principais assuntos de Atualidades. Clique no banner para conhecer os nossos cursos preparat\u00f3rios on-line!<\/p>\n\n\n\n<p><strong><a id=\"cta\" class=\"cta-imagem\" href=\"https:\/\/militares.estrategia.com\/curso\/banco-de-questes-anual\/\" target=\"blank\">\n                <img decoding=\"async\" width=\"100%\" src=\"https:\/\/militares.estrategia.com\/portal\/wp-content\/uploads\/2023\/02\/EM-Banco-de-Questoes.jpg\" alt=\"EM - Banco de Questo\u0303es\" title=\"EM - Banco de Questo\u0303es\">\n        <\/a><\/strong><\/p>\n\n\n\n\n\n<h2 class=\"wp-block-heading\"><span class=\"ez-toc-section\" id=\"Veja-tambem\"><\/span>Veja tamb\u00e9m:<span class=\"ez-toc-section-end\"><\/span><\/h2>\n\n\n\n<ul class=\"wp-block-list\">\n<li><a href=\"https:\/\/militares.estrategia.com\/portal\/historia\/conquista-de-fornovo\/\">Segunda Guerra Mundial: a conquista de Fornovo!<\/a><\/li>\n\n\n\n<li><a href=\"https:\/\/militares.estrategia.com\/portal\/historia\/feb\/\">For\u00e7a Expedicion\u00e1ria Brasileira (FEB): o que \u00e9, segunda guerra mundial, campanhas e mais!<\/a><\/li>\n\n\n\n<li><a href=\"https:\/\/militares.estrategia.com\/portal\/atualidades\/o-que-sao-os-crimes-de-guerra\/\">O que s\u00e3o os crimes de guerra?<\/a><\/li>\n\n\n\n<li><a href=\"https:\/\/militares.estrategia.com\/portal\/atualidades\/filmes-internacionais-de-guerra-que-venceram-o-oscar\/\">7 filmes internacionais de guerra que venceram o Oscar<\/a><\/li>\n\n\n\n<li><a href=\"https:\/\/militares.estrategia.com\/portal\/guias\/exercito\/caes-de-guerra-do-exercito-brasileiro\/\">C\u00e3es de Guerra do Ex\u00e9rcito Brasileiro<\/a><\/li>\n\n\n\n<li><a href=\"https:\/\/militares.estrategia.com\/portal\/atualidades\/guerra-que-o-exercito-brasileiro-participou\/\">Guerras em que o Ex\u00e9rcito Brasileiro se envolveu<\/a><\/li>\n\n\n\n<li><a href=\"https:\/\/militares.estrategia.com\/portal\/historia\/brasil-na-2a-guerra-mundial-e-a-atuacao-da-feb\/\">Brasil na 2\u00aa Guerra Mundial e a atua\u00e7\u00e3o da FEB<\/a><\/li>\n<\/ul>\n\n\n","protected":false},"excerpt":{"rendered":"A Ucr\u00e2nia e seu relacionamento conturbado com a R\u00fassia voltaram a chamar a aten\u00e7\u00e3o do mundo no come\u00e7o&hellip;\n","protected":false},"author":9,"featured_media":52770,"comment_status":"closed","ping_status":"closed","sticky":false,"template":"","format":"standard","meta":{"wl_entities_gutenberg":"","footnotes":""},"categories":[39],"tags":[],"wl_entity_type":[187],"class_list":{"0":"post-52769","1":"post","2":"type-post","3":"status-publish","4":"format-standard","5":"has-post-thumbnail","7":"category-atualidades","8":"wl_entity_type-article"},"acf":[],"yoast_head":"<!-- This site is optimized with the Yoast SEO Premium plugin v26.6 (Yoast SEO v26.6) - https:\/\/yoast.com\/wordpress\/plugins\/seo\/ -->\n<title>OTAN: o que \u00e9, quem faz parte e rela\u00e7\u00e3o com o Brasil<\/title>\n<meta name=\"description\" content=\"A OTAN \u00e9 a maior alian\u00e7a militar existente, entenda como ela surgiu quais s\u00e3o seus objetivos e como o Brasil se relaciona com a organiza\u00e7\u00e3o!\" \/>\n<meta name=\"robots\" content=\"index, follow, max-snippet:-1, max-image-preview:large, max-video-preview:-1\" \/>\n<link rel=\"canonical\" href=\"https:\/\/militares.estrategia.com\/portal\/atualidades\/otan-o-que-e-quem-faz-parte-e-relacao-com-o-brasil\/\" \/>\n<meta property=\"og:locale\" content=\"pt_BR\" \/>\n<meta property=\"og:type\" content=\"article\" \/>\n<meta property=\"og:title\" content=\"OTAN: o que \u00e9, quem faz parte e rela\u00e7\u00e3o com o Brasil\" \/>\n<meta property=\"og:description\" content=\"A OTAN \u00e9 a maior alian\u00e7a militar existente, entenda como ela surgiu quais s\u00e3o seus objetivos e como o Brasil se relaciona com a organiza\u00e7\u00e3o!\" \/>\n<meta property=\"og:url\" content=\"https:\/\/militares.estrategia.com\/portal\/atualidades\/otan-o-que-e-quem-faz-parte-e-relacao-com-o-brasil\/\" \/>\n<meta property=\"og:site_name\" content=\"Estrat\u00e9gia Militares\" \/>\n<meta property=\"article:publisher\" content=\"https:\/\/www.facebook.com\/EstrategiaMilitares\" \/>\n<meta property=\"article:published_time\" content=\"2022-03-10T13:30:00+00:00\" \/>\n<meta property=\"article:modified_time\" content=\"2023-02-23T19:33:19+00:00\" \/>\n<meta property=\"og:image\" content=\"https:\/\/cdn.blog.estrategiavestibulares.com.br\/vestibulares\/wp-content\/uploads\/2022\/03\/24335640873_2467fdcae0_k.jpg\" \/>\n\t<meta property=\"og:image:width\" content=\"2048\" \/>\n\t<meta property=\"og:image:height\" content=\"1371\" \/>\n\t<meta property=\"og:image:type\" content=\"image\/jpeg\" \/>\n<meta name=\"author\" content=\"Raquel Oshio\" \/>\n<meta name=\"twitter:card\" content=\"summary_large_image\" \/>\n<meta name=\"twitter:creator\" content=\"@estrategiamilit\" \/>\n<meta name=\"twitter:site\" content=\"@estrategiamilit\" \/>\n<meta name=\"twitter:label1\" content=\"Escrito por\" \/>\n\t<meta name=\"twitter:data1\" content=\"Raquel Oshio\" \/>\n\t<meta name=\"twitter:label2\" content=\"Est. tempo de leitura\" \/>\n\t<meta name=\"twitter:data2\" content=\"7 minutos\" \/>\n<script type=\"application\/ld+json\" class=\"yoast-schema-graph\">{\"@context\":\"https:\/\/schema.org\",\"@graph\":[{\"@type\":\"Article\",\"@id\":\"https:\/\/militares.estrategia.com\/portal\/atualidades\/otan-o-que-e-quem-faz-parte-e-relacao-com-o-brasil\/#article\",\"isPartOf\":{\"@id\":\"https:\/\/militares.estrategia.com\/portal\/atualidades\/otan-o-que-e-quem-faz-parte-e-relacao-com-o-brasil\/\"},\"author\":{\"name\":\"Raquel Oshio\",\"@id\":\"https:\/\/militares.estrategia.com\/portal\/#\/schema\/person\/46e1f54d690b6a851270112cd62d2f37\"},\"headline\":\"OTAN: o que \u00e9, quem faz parte e rela\u00e7\u00e3o com o Brasil\",\"datePublished\":\"2022-03-10T13:30:00+00:00\",\"dateModified\":\"2023-02-23T19:33:19+00:00\",\"mainEntityOfPage\":{\"@id\":\"https:\/\/militares.estrategia.com\/portal\/atualidades\/otan-o-que-e-quem-faz-parte-e-relacao-com-o-brasil\/\"},\"wordCount\":1259,\"publisher\":{\"@id\":\"https:\/\/militares.estrategia.com\/portal\/#organization\"},\"image\":{\"@id\":\"https:\/\/militares.estrategia.com\/portal\/atualidades\/otan-o-que-e-quem-faz-parte-e-relacao-com-o-brasil\/#primaryimage\"},\"thumbnailUrl\":\"https:\/\/militares.estrategia.com\/portal\/wp-content\/uploads\/2022\/03\/24335640873_2467fdcae0_k.jpg\",\"articleSection\":[\"Atualidades\"],\"inLanguage\":\"pt-BR\"},{\"@type\":\"WebPage\",\"@id\":\"https:\/\/militares.estrategia.com\/portal\/atualidades\/otan-o-que-e-quem-faz-parte-e-relacao-com-o-brasil\/\",\"url\":\"https:\/\/militares.estrategia.com\/portal\/atualidades\/otan-o-que-e-quem-faz-parte-e-relacao-com-o-brasil\/\",\"name\":\"OTAN: o que \u00e9, quem faz parte e rela\u00e7\u00e3o com o Brasil\",\"isPartOf\":{\"@id\":\"https:\/\/militares.estrategia.com\/portal\/#website\"},\"primaryImageOfPage\":{\"@id\":\"https:\/\/militares.estrategia.com\/portal\/atualidades\/otan-o-que-e-quem-faz-parte-e-relacao-com-o-brasil\/#primaryimage\"},\"image\":{\"@id\":\"https:\/\/militares.estrategia.com\/portal\/atualidades\/otan-o-que-e-quem-faz-parte-e-relacao-com-o-brasil\/#primaryimage\"},\"thumbnailUrl\":\"https:\/\/militares.estrategia.com\/portal\/wp-content\/uploads\/2022\/03\/24335640873_2467fdcae0_k.jpg\",\"datePublished\":\"2022-03-10T13:30:00+00:00\",\"dateModified\":\"2023-02-23T19:33:19+00:00\",\"description\":\"A OTAN \u00e9 a maior alian\u00e7a militar existente, entenda como ela surgiu quais s\u00e3o seus objetivos e como o Brasil se relaciona com a organiza\u00e7\u00e3o!\",\"breadcrumb\":{\"@id\":\"https:\/\/militares.estrategia.com\/portal\/atualidades\/otan-o-que-e-quem-faz-parte-e-relacao-com-o-brasil\/#breadcrumb\"},\"inLanguage\":\"pt-BR\",\"potentialAction\":[{\"@type\":\"ReadAction\",\"target\":[\"https:\/\/militares.estrategia.com\/portal\/atualidades\/otan-o-que-e-quem-faz-parte-e-relacao-com-o-brasil\/\"]}]},{\"@type\":\"ImageObject\",\"inLanguage\":\"pt-BR\",\"@id\":\"https:\/\/militares.estrategia.com\/portal\/atualidades\/otan-o-que-e-quem-faz-parte-e-relacao-com-o-brasil\/#primaryimage\",\"url\":\"https:\/\/militares.estrategia.com\/portal\/wp-content\/uploads\/2022\/03\/24335640873_2467fdcae0_k.jpg\",\"contentUrl\":\"https:\/\/militares.estrategia.com\/portal\/wp-content\/uploads\/2022\/03\/24335640873_2467fdcae0_k.jpg\",\"width\":2048,\"height\":1371,\"caption\":\"Fonte: U.S. Secretary of Defense\"},{\"@type\":\"BreadcrumbList\",\"@id\":\"https:\/\/militares.estrategia.com\/portal\/atualidades\/otan-o-que-e-quem-faz-parte-e-relacao-com-o-brasil\/#breadcrumb\",\"itemListElement\":[{\"@type\":\"ListItem\",\"position\":1,\"name\":\"Home\",\"item\":\"https:\/\/militares.estrategia.com\/portal\/\"},{\"@type\":\"ListItem\",\"position\":2,\"name\":\"Atualidades\",\"item\":\"https:\/\/militares.estrategia.com\/portal\/atualidades\/\"},{\"@type\":\"ListItem\",\"position\":3,\"name\":\"OTAN: o que \u00e9, quem faz parte e rela\u00e7\u00e3o com o Brasil\"}]},{\"@type\":\"WebSite\",\"@id\":\"https:\/\/militares.estrategia.com\/portal\/#website\",\"url\":\"https:\/\/militares.estrategia.com\/portal\/\",\"name\":\"Estrat\u00e9gia Militares\",\"description\":\"\",\"publisher\":{\"@id\":\"https:\/\/militares.estrategia.com\/portal\/#organization\"},\"potentialAction\":[{\"@type\":\"SearchAction\",\"target\":{\"@type\":\"EntryPoint\",\"urlTemplate\":\"https:\/\/militares.estrategia.com\/portal\/?s={search_term_string}\"},\"query-input\":{\"@type\":\"PropertyValueSpecification\",\"valueRequired\":true,\"valueName\":\"search_term_string\"}}],\"inLanguage\":\"pt-BR\"},{\"@type\":\"Organization\",\"@id\":\"https:\/\/militares.estrategia.com\/portal\/#organization\",\"name\":\"Estrat\u00e9gia Militares\",\"url\":\"https:\/\/militares.estrategia.com\/portal\/\",\"logo\":{\"@type\":\"ImageObject\",\"inLanguage\":\"pt-BR\",\"@id\":\"https:\/\/militares.estrategia.com\/portal\/#\/schema\/logo\/image\/\",\"url\":\"https:\/\/militares.estrategia.com\/portal\/wp-content\/uploads\/2021\/10\/logo-militares.webp\",\"contentUrl\":\"https:\/\/militares.estrategia.com\/portal\/wp-content\/uploads\/2021\/10\/logo-militares.webp\",\"width\":346,\"height\":90,\"caption\":\"Estrat\u00e9gia Militares\"},\"image\":{\"@id\":\"https:\/\/militares.estrategia.com\/portal\/#\/schema\/logo\/image\/\"},\"sameAs\":[\"https:\/\/www.facebook.com\/EstrategiaMilitares\",\"https:\/\/x.com\/estrategiamilit\",\"https:\/\/www.instagram.com\/estrategiamilitares\/\",\"https:\/\/www.youtube.com\/channel\/UCRG_9hakCqXxnj_8TqCdgTA\"]},{\"@type\":\"Person\",\"@id\":\"https:\/\/militares.estrategia.com\/portal\/#\/schema\/person\/46e1f54d690b6a851270112cd62d2f37\",\"name\":\"Raquel Oshio\",\"image\":{\"@type\":\"ImageObject\",\"inLanguage\":\"pt-BR\",\"@id\":\"https:\/\/militares.estrategia.com\/portal\/#\/schema\/person\/image\/\",\"url\":\"https:\/\/secure.gravatar.com\/avatar\/fa4e62d5e59d9cf9995ea9c715a78807?s=96&d=mm&r=g\",\"contentUrl\":\"https:\/\/secure.gravatar.com\/avatar\/fa4e62d5e59d9cf9995ea9c715a78807?s=96&d=mm&r=g\",\"caption\":\"Raquel Oshio\"},\"description\":\"Raquel Kie \u00e9 amante de hist\u00f3rias e ca\u00e7adora de belezas escondidas. Jornalista de profiss\u00e3o e cora\u00e7\u00e3o. Desenhista e escritora de fic\u00e7\u00e3o nas horas vagas. Acredito no potencial transformador de todo trabalho feito com dedica\u00e7\u00e3o.\",\"url\":\"https:\/\/militares.estrategia.com\/portal\/author\/raqueloshio\/\"}]}<\/script>\n<!-- \/ Yoast SEO Premium plugin. -->","yoast_head_json":{"title":"OTAN: o que \u00e9, quem faz parte e rela\u00e7\u00e3o com o Brasil","description":"A OTAN \u00e9 a maior alian\u00e7a militar existente, entenda como ela surgiu quais s\u00e3o seus objetivos e como o Brasil se relaciona com a organiza\u00e7\u00e3o!","robots":{"index":"index","follow":"follow","max-snippet":"max-snippet:-1","max-image-preview":"max-image-preview:large","max-video-preview":"max-video-preview:-1"},"canonical":"https:\/\/militares.estrategia.com\/portal\/atualidades\/otan-o-que-e-quem-faz-parte-e-relacao-com-o-brasil\/","og_locale":"pt_BR","og_type":"article","og_title":"OTAN: o que \u00e9, quem faz parte e rela\u00e7\u00e3o com o Brasil","og_description":"A OTAN \u00e9 a maior alian\u00e7a militar existente, entenda como ela surgiu quais s\u00e3o seus objetivos e como o Brasil se relaciona com a organiza\u00e7\u00e3o!","og_url":"https:\/\/militares.estrategia.com\/portal\/atualidades\/otan-o-que-e-quem-faz-parte-e-relacao-com-o-brasil\/","og_site_name":"Estrat\u00e9gia Militares","article_publisher":"https:\/\/www.facebook.com\/EstrategiaMilitares","article_published_time":"2022-03-10T13:30:00+00:00","article_modified_time":"2023-02-23T19:33:19+00:00","og_image":[{"width":2048,"height":1371,"url":"https:\/\/cdn.blog.estrategiavestibulares.com.br\/vestibulares\/wp-content\/uploads\/2022\/03\/24335640873_2467fdcae0_k.jpg","type":"image\/jpeg"}],"author":"Raquel Oshio","twitter_card":"summary_large_image","twitter_creator":"@estrategiamilit","twitter_site":"@estrategiamilit","twitter_misc":{"Escrito por":"Raquel Oshio","Est. tempo de leitura":"7 minutos"},"schema":{"@context":"https:\/\/schema.org","@graph":[{"@type":"Article","@id":"https:\/\/militares.estrategia.com\/portal\/atualidades\/otan-o-que-e-quem-faz-parte-e-relacao-com-o-brasil\/#article","isPartOf":{"@id":"https:\/\/militares.estrategia.com\/portal\/atualidades\/otan-o-que-e-quem-faz-parte-e-relacao-com-o-brasil\/"},"author":{"name":"Raquel Oshio","@id":"https:\/\/militares.estrategia.com\/portal\/#\/schema\/person\/46e1f54d690b6a851270112cd62d2f37"},"headline":"OTAN: o que \u00e9, quem faz parte e rela\u00e7\u00e3o com o Brasil","datePublished":"2022-03-10T13:30:00+00:00","dateModified":"2023-02-23T19:33:19+00:00","mainEntityOfPage":{"@id":"https:\/\/militares.estrategia.com\/portal\/atualidades\/otan-o-que-e-quem-faz-parte-e-relacao-com-o-brasil\/"},"wordCount":1259,"publisher":{"@id":"https:\/\/militares.estrategia.com\/portal\/#organization"},"image":{"@id":"https:\/\/militares.estrategia.com\/portal\/atualidades\/otan-o-que-e-quem-faz-parte-e-relacao-com-o-brasil\/#primaryimage"},"thumbnailUrl":"https:\/\/militares.estrategia.com\/portal\/wp-content\/uploads\/2022\/03\/24335640873_2467fdcae0_k.jpg","articleSection":["Atualidades"],"inLanguage":"pt-BR"},{"@type":"WebPage","@id":"https:\/\/militares.estrategia.com\/portal\/atualidades\/otan-o-que-e-quem-faz-parte-e-relacao-com-o-brasil\/","url":"https:\/\/militares.estrategia.com\/portal\/atualidades\/otan-o-que-e-quem-faz-parte-e-relacao-com-o-brasil\/","name":"OTAN: o que \u00e9, quem faz parte e rela\u00e7\u00e3o com o Brasil","isPartOf":{"@id":"https:\/\/militares.estrategia.com\/portal\/#website"},"primaryImageOfPage":{"@id":"https:\/\/militares.estrategia.com\/portal\/atualidades\/otan-o-que-e-quem-faz-parte-e-relacao-com-o-brasil\/#primaryimage"},"image":{"@id":"https:\/\/militares.estrategia.com\/portal\/atualidades\/otan-o-que-e-quem-faz-parte-e-relacao-com-o-brasil\/#primaryimage"},"thumbnailUrl":"https:\/\/militares.estrategia.com\/portal\/wp-content\/uploads\/2022\/03\/24335640873_2467fdcae0_k.jpg","datePublished":"2022-03-10T13:30:00+00:00","dateModified":"2023-02-23T19:33:19+00:00","description":"A OTAN \u00e9 a maior alian\u00e7a militar existente, entenda como ela surgiu quais s\u00e3o seus objetivos e como o Brasil se relaciona com a organiza\u00e7\u00e3o!","breadcrumb":{"@id":"https:\/\/militares.estrategia.com\/portal\/atualidades\/otan-o-que-e-quem-faz-parte-e-relacao-com-o-brasil\/#breadcrumb"},"inLanguage":"pt-BR","potentialAction":[{"@type":"ReadAction","target":["https:\/\/militares.estrategia.com\/portal\/atualidades\/otan-o-que-e-quem-faz-parte-e-relacao-com-o-brasil\/"]}]},{"@type":"ImageObject","inLanguage":"pt-BR","@id":"https:\/\/militares.estrategia.com\/portal\/atualidades\/otan-o-que-e-quem-faz-parte-e-relacao-com-o-brasil\/#primaryimage","url":"https:\/\/militares.estrategia.com\/portal\/wp-content\/uploads\/2022\/03\/24335640873_2467fdcae0_k.jpg","contentUrl":"https:\/\/militares.estrategia.com\/portal\/wp-content\/uploads\/2022\/03\/24335640873_2467fdcae0_k.jpg","width":2048,"height":1371,"caption":"Fonte: U.S. Secretary of Defense"},{"@type":"BreadcrumbList","@id":"https:\/\/militares.estrategia.com\/portal\/atualidades\/otan-o-que-e-quem-faz-parte-e-relacao-com-o-brasil\/#breadcrumb","itemListElement":[{"@type":"ListItem","position":1,"name":"Home","item":"https:\/\/militares.estrategia.com\/portal\/"},{"@type":"ListItem","position":2,"name":"Atualidades","item":"https:\/\/militares.estrategia.com\/portal\/atualidades\/"},{"@type":"ListItem","position":3,"name":"OTAN: o que \u00e9, quem faz parte e rela\u00e7\u00e3o com o Brasil"}]},{"@type":"WebSite","@id":"https:\/\/militares.estrategia.com\/portal\/#website","url":"https:\/\/militares.estrategia.com\/portal\/","name":"Estrat\u00e9gia Militares","description":"","publisher":{"@id":"https:\/\/militares.estrategia.com\/portal\/#organization"},"potentialAction":[{"@type":"SearchAction","target":{"@type":"EntryPoint","urlTemplate":"https:\/\/militares.estrategia.com\/portal\/?s={search_term_string}"},"query-input":{"@type":"PropertyValueSpecification","valueRequired":true,"valueName":"search_term_string"}}],"inLanguage":"pt-BR"},{"@type":"Organization","@id":"https:\/\/militares.estrategia.com\/portal\/#organization","name":"Estrat\u00e9gia Militares","url":"https:\/\/militares.estrategia.com\/portal\/","logo":{"@type":"ImageObject","inLanguage":"pt-BR","@id":"https:\/\/militares.estrategia.com\/portal\/#\/schema\/logo\/image\/","url":"https:\/\/militares.estrategia.com\/portal\/wp-content\/uploads\/2021\/10\/logo-militares.webp","contentUrl":"https:\/\/militares.estrategia.com\/portal\/wp-content\/uploads\/2021\/10\/logo-militares.webp","width":346,"height":90,"caption":"Estrat\u00e9gia Militares"},"image":{"@id":"https:\/\/militares.estrategia.com\/portal\/#\/schema\/logo\/image\/"},"sameAs":["https:\/\/www.facebook.com\/EstrategiaMilitares","https:\/\/x.com\/estrategiamilit","https:\/\/www.instagram.com\/estrategiamilitares\/","https:\/\/www.youtube.com\/channel\/UCRG_9hakCqXxnj_8TqCdgTA"]},{"@type":"Person","@id":"https:\/\/militares.estrategia.com\/portal\/#\/schema\/person\/46e1f54d690b6a851270112cd62d2f37","name":"Raquel Oshio","image":{"@type":"ImageObject","inLanguage":"pt-BR","@id":"https:\/\/militares.estrategia.com\/portal\/#\/schema\/person\/image\/","url":"https:\/\/secure.gravatar.com\/avatar\/fa4e62d5e59d9cf9995ea9c715a78807?s=96&d=mm&r=g","contentUrl":"https:\/\/secure.gravatar.com\/avatar\/fa4e62d5e59d9cf9995ea9c715a78807?s=96&d=mm&r=g","caption":"Raquel Oshio"},"description":"Raquel Kie \u00e9 amante de hist\u00f3rias e ca\u00e7adora de belezas escondidas. Jornalista de profiss\u00e3o e cora\u00e7\u00e3o. Desenhista e escritora de fic\u00e7\u00e3o nas horas vagas. Acredito no potencial transformador de todo trabalho feito com dedica\u00e7\u00e3o.","url":"https:\/\/militares.estrategia.com\/portal\/author\/raqueloshio\/"}]}},"_wl_alt_label":[],"wl:entity_url":"https:\/\/data.wordlift.io\/wl110246\/post\/otan-o-que-e-quem-faz-parte-e-relacao-com-o-brasil-52769-2","_links":{"self":[{"href":"https:\/\/militares.estrategia.com\/portal\/wp-json\/wp\/v2\/posts\/52769","targetHints":{"allow":["GET"]}}],"collection":[{"href":"https:\/\/militares.estrategia.com\/portal\/wp-json\/wp\/v2\/posts"}],"about":[{"href":"https:\/\/militares.estrategia.com\/portal\/wp-json\/wp\/v2\/types\/post"}],"author":[{"embeddable":true,"href":"https:\/\/militares.estrategia.com\/portal\/wp-json\/wp\/v2\/users\/9"}],"replies":[{"embeddable":true,"href":"https:\/\/militares.estrategia.com\/portal\/wp-json\/wp\/v2\/comments?post=52769"}],"version-history":[{"count":4,"href":"https:\/\/militares.estrategia.com\/portal\/wp-json\/wp\/v2\/posts\/52769\/revisions"}],"predecessor-version":[{"id":64493,"href":"https:\/\/militares.estrategia.com\/portal\/wp-json\/wp\/v2\/posts\/52769\/revisions\/64493"}],"wp:featuredmedia":[{"embeddable":true,"href":"https:\/\/militares.estrategia.com\/portal\/wp-json\/wp\/v2\/media\/52770"}],"wp:attachment":[{"href":"https:\/\/militares.estrategia.com\/portal\/wp-json\/wp\/v2\/media?parent=52769"}],"wp:term":[{"taxonomy":"category","embeddable":true,"href":"https:\/\/militares.estrategia.com\/portal\/wp-json\/wp\/v2\/categories?post=52769"},{"taxonomy":"post_tag","embeddable":true,"href":"https:\/\/militares.estrategia.com\/portal\/wp-json\/wp\/v2\/tags?post=52769"},{"taxonomy":"wl_entity_type","embeddable":true,"href":"https:\/\/militares.estrategia.com\/portal\/wp-json\/wp\/v2\/wl_entity_type?post=52769"}],"curies":[{"name":"wp","href":"https:\/\/api.w.org\/{rel}","templated":true}]}}