{"id":52710,"date":"2022-03-07T11:03:06","date_gmt":"2022-03-07T14:03:06","guid":{"rendered":"https:\/\/militares.estrategia.com\/portal\/?p=52710"},"modified":"2022-08-04T10:06:20","modified_gmt":"2022-08-04T13:06:20","slug":"afa-inscricoes-abertas","status":"publish","type":"post","link":"https:\/\/militares.estrategia.com\/portal\/noticias\/afa-inscricoes-abertas\/","title":{"rendered":"AFA 2023: inscri\u00e7\u00f5es est\u00e3o abertas!"},"content":{"rendered":"\n<p>A <a href=\"https:\/\/militares.estrategia.com\/portal\/carreiras-militares\/forca-aerea\/\">For\u00e7a A\u00e9rea Brasileira<\/a> abre hoje as inscri\u00e7\u00f5es para o concurso de admiss\u00e3o para o Concurso AFA 2023. Ser\u00e3o disponibilizadas 85 vagas para ingresso.<\/p>\n\n\n\n<p>As inscri\u00e7\u00f5es podem ser realizadas pela internet entre os dias 7 e 23 de mar\u00e7o. A taxa de inscri\u00e7\u00e3o deve ser paga entre 8 de mar\u00e7o e 4 de abril e est\u00e1 fixada no valor de R$ 90,00. Aqueles que desejam solicitar isen\u00e7\u00e3o de pagamento devem faz\u00ea-lo no mesmo per\u00edodo de inscri\u00e7\u00e3o.<\/p>\n\n\n\n<p>O candidato precisa cumprir os seguintes requisitos para participar do Concurso:<\/p>\n\n\n\n<ul class=\"wp-block-list\"><li>Ser volunt\u00e1rio;<\/li><li>Estar ciente de todas as normas e condi\u00e7\u00f5es estabelecidas nestas Instru\u00e7\u00f5es espec\u00edficas (em especial, quanto ao item 7.1), para habilita\u00e7\u00e3o \u00e0 futura matr\u00edcula no CFOINF 2023;<\/li><li>Se menor de 18 anos de idade, estar autorizado por seu respons\u00e1vel legal para realizar as Provas Escritas e, se convocado para prosseguimento no Exame, estar autorizado a participar das pr\u00f3ximas etapas;<\/li><li>Inscrever-se por meio do Formul\u00e1rio de Solicita\u00e7\u00e3o de Inscri\u00e7\u00e3o (FSI); e<\/li><li>Pagar a taxa de inscri\u00e7\u00e3o, no prazo previsto,<\/li><\/ul>\n\n\n\n<p>Confira as principais datas do concurso AFA 2023:<\/p>\n\n\n\n<figure class=\"wp-block-table is-style-stripes\"><table class=\"has-electric-grass-gradient-background has-background has-fixed-layout\"><thead><tr><th> EVENTO <\/th><th> DATA <\/th><\/tr><\/thead><tbody><tr><td>Inscri\u00e7\u00f5es<\/td><td>07\/03\/2022 a 23\/03\/2022<\/td><\/tr><tr><td>Pedido de isen\u00e7\u00e3o<\/td><td>07\/03\/2022 a 23\/03\/2022<\/td><\/tr><tr><td>Provas escritas<\/td><td>19\/06\/2022<\/td><\/tr><tr><td>Divulga\u00e7\u00e3o da rela\u00e7\u00e3o nominal de candidatoscom os resultados finais obtidos nas ProvasEscritas<\/td><td>22\/08\/2022<\/td><\/tr><tr><td>Concentra\u00e7\u00e3o Intermedi\u00e1ria (1\u00aa data \u2013 somente para os convocados para esta data)<\/td><td>29\/08\/2022<\/td><\/tr><tr><td>Concentra\u00e7\u00e3o Intermedi\u00e1ria (2\u00aa data \u2013somente para os convocados para esta data)<\/td><td>05\/09\/2022<\/td><\/tr><tr><td>Procedimento de Heteroidentifica\u00e7\u00e3o<\/td><td>22\/11\/2022 a 24\/11\/2022<\/td><\/tr><tr><td>Exame de Aptid\u00e3o F\u00edsica (EAF).<\/td><td>03\/11\/2022 a 08\/11\/2022<\/td><\/tr><tr><td>Inspe\u00e7\u00e3o de Sa\u00fade<\/td><td>30\/08\/2022 a 16\/09\/2022<\/td><\/tr><tr><td>Avalia\u00e7\u00e3o Psicol\u00f3gica<\/td><td>30\/08\/2022 a 16\/09\/2022<\/td><\/tr><tr><td>Matr\u00edcula<\/td><td>12\/01\/2023<\/td><\/tr><\/tbody><\/table><\/figure>\n\n\n\n<p>Seu sonho \u00e9 ser aprovado no Concurso AFA? Continue acompanhando o Estrat\u00e9gia Militares e fique por dentro das principais informa\u00e7\u00f5es e not\u00edcias sobre a prova! N\u00f3s oferecemos para voc\u00ea toda a estrutura necess\u00e1ria para alcan\u00e7ar sua meta. Clique no banner abaixo e conhe\u00e7a nossos pacotes!\u00a0<\/p>\n\n\n\n<p><\/p>\n\n\n\n<p><\/p>\n\n\n","protected":false},"excerpt":{"rendered":"A For\u00e7a A\u00e9rea Brasileira abre hoje as inscri\u00e7\u00f5es para o concurso de admiss\u00e3o para o Concurso AFA 2023.&hellip;\n","protected":false},"author":18,"featured_media":45978,"comment_status":"closed","ping_status":"closed","sticky":false,"template":"","format":"standard","meta":{"wl_entities_gutenberg":"","footnotes":""},"categories":[36],"tags":[],"wl_entity_type":[187],"class_list":{"0":"post-52710","1":"post","2":"type-post","3":"status-publish","4":"format-standard","5":"has-post-thumbnail","7":"category-noticias","8":"wl_entity_type-article"},"acf":[],"yoast_head":"<!-- This site is optimized with the Yoast SEO Premium plugin v26.6 (Yoast SEO v26.6) - https:\/\/yoast.com\/wordpress\/plugins\/seo\/ -->\n<title>AFA 2023: inscri\u00e7\u00f5es est\u00e3o abertas!<\/title>\n<meta name=\"description\" content=\"A For\u00e7a A\u00e9rea Brasileira abriu as inscri\u00e7\u00f5es para o concurso de admiss\u00e3o AFA 2023. Ser\u00e3o disponibilizadas 85 vagas para ingresso.\" \/>\n<meta name=\"robots\" content=\"index, follow, max-snippet:-1, max-image-preview:large, max-video-preview:-1\" \/>\n<link rel=\"canonical\" href=\"https:\/\/militares.estrategia.com\/portal\/noticias\/afa-inscricoes-abertas\/\" \/>\n<meta property=\"og:locale\" content=\"pt_BR\" \/>\n<meta property=\"og:type\" content=\"article\" \/>\n<meta property=\"og:title\" content=\"AFA 2023: inscri\u00e7\u00f5es est\u00e3o abertas!\" \/>\n<meta property=\"og:description\" content=\"A For\u00e7a A\u00e9rea Brasileira abriu as inscri\u00e7\u00f5es para o concurso de admiss\u00e3o AFA 2023. Ser\u00e3o disponibilizadas 85 vagas para ingresso.\" \/>\n<meta property=\"og:url\" content=\"https:\/\/militares.estrategia.com\/portal\/noticias\/afa-inscricoes-abertas\/\" \/>\n<meta property=\"og:site_name\" content=\"Estrat\u00e9gia Militares\" \/>\n<meta property=\"article:publisher\" content=\"https:\/\/www.facebook.com\/EstrategiaMilitares\" \/>\n<meta property=\"article:published_time\" content=\"2022-03-07T14:03:06+00:00\" \/>\n<meta property=\"article:modified_time\" content=\"2022-08-04T13:06:20+00:00\" \/>\n<meta property=\"og:image\" content=\"https:\/\/cdn.blog.estrategiavestibulares.com.br\/vestibulares\/wp-content\/uploads\/2021\/07\/CAPA-AFA.jpg\" \/>\n\t<meta property=\"og:image:width\" content=\"750\" \/>\n\t<meta property=\"og:image:height\" content=\"420\" \/>\n\t<meta property=\"og:image:type\" content=\"image\/jpeg\" \/>\n<meta name=\"author\" content=\"Pedro Alcantara\" \/>\n<meta name=\"twitter:card\" content=\"summary_large_image\" \/>\n<meta name=\"twitter:creator\" content=\"@estrategiamilit\" \/>\n<meta name=\"twitter:site\" content=\"@estrategiamilit\" \/>\n<meta name=\"twitter:label1\" content=\"Escrito por\" \/>\n\t<meta name=\"twitter:data1\" content=\"Pedro Alcantara\" \/>\n\t<meta name=\"twitter:label2\" content=\"Est. tempo de leitura\" \/>\n\t<meta name=\"twitter:data2\" content=\"2 minutos\" \/>\n<script type=\"application\/ld+json\" class=\"yoast-schema-graph\">{\"@context\":\"https:\/\/schema.org\",\"@graph\":[{\"@type\":\"Article\",\"@id\":\"https:\/\/militares.estrategia.com\/portal\/noticias\/afa-inscricoes-abertas\/#article\",\"isPartOf\":{\"@id\":\"https:\/\/militares.estrategia.com\/portal\/noticias\/afa-inscricoes-abertas\/\"},\"author\":{\"name\":\"Pedro Alcantara\",\"@id\":\"https:\/\/militares.estrategia.com\/portal\/#\/schema\/person\/d52a8bb9d3a4693ffcfbe862dc250f79\"},\"headline\":\"AFA 2023: inscri\u00e7\u00f5es est\u00e3o abertas!\",\"datePublished\":\"2022-03-07T14:03:06+00:00\",\"dateModified\":\"2022-08-04T13:06:20+00:00\",\"mainEntityOfPage\":{\"@id\":\"https:\/\/militares.estrategia.com\/portal\/noticias\/afa-inscricoes-abertas\/\"},\"wordCount\":320,\"publisher\":{\"@id\":\"https:\/\/militares.estrategia.com\/portal\/#organization\"},\"image\":{\"@id\":\"https:\/\/militares.estrategia.com\/portal\/noticias\/afa-inscricoes-abertas\/#primaryimage\"},\"thumbnailUrl\":\"https:\/\/militares.estrategia.com\/portal\/wp-content\/uploads\/2021\/07\/CAPA-AFA.jpg\",\"articleSection\":[\"Not\u00edcias\"],\"inLanguage\":\"pt-BR\"},{\"@type\":\"WebPage\",\"@id\":\"https:\/\/militares.estrategia.com\/portal\/noticias\/afa-inscricoes-abertas\/\",\"url\":\"https:\/\/militares.estrategia.com\/portal\/noticias\/afa-inscricoes-abertas\/\",\"name\":\"AFA 2023: inscri\u00e7\u00f5es est\u00e3o abertas!\",\"isPartOf\":{\"@id\":\"https:\/\/militares.estrategia.com\/portal\/#website\"},\"primaryImageOfPage\":{\"@id\":\"https:\/\/militares.estrategia.com\/portal\/noticias\/afa-inscricoes-abertas\/#primaryimage\"},\"image\":{\"@id\":\"https:\/\/militares.estrategia.com\/portal\/noticias\/afa-inscricoes-abertas\/#primaryimage\"},\"thumbnailUrl\":\"https:\/\/militares.estrategia.com\/portal\/wp-content\/uploads\/2021\/07\/CAPA-AFA.jpg\",\"datePublished\":\"2022-03-07T14:03:06+00:00\",\"dateModified\":\"2022-08-04T13:06:20+00:00\",\"description\":\"A For\u00e7a A\u00e9rea Brasileira abriu as inscri\u00e7\u00f5es para o concurso de admiss\u00e3o AFA 2023. Ser\u00e3o disponibilizadas 85 vagas para ingresso.\",\"breadcrumb\":{\"@id\":\"https:\/\/militares.estrategia.com\/portal\/noticias\/afa-inscricoes-abertas\/#breadcrumb\"},\"inLanguage\":\"pt-BR\",\"potentialAction\":[{\"@type\":\"ReadAction\",\"target\":[\"https:\/\/militares.estrategia.com\/portal\/noticias\/afa-inscricoes-abertas\/\"]}]},{\"@type\":\"ImageObject\",\"inLanguage\":\"pt-BR\",\"@id\":\"https:\/\/militares.estrategia.com\/portal\/noticias\/afa-inscricoes-abertas\/#primaryimage\",\"url\":\"https:\/\/militares.estrategia.com\/portal\/wp-content\/uploads\/2021\/07\/CAPA-AFA.jpg\",\"contentUrl\":\"https:\/\/militares.estrategia.com\/portal\/wp-content\/uploads\/2021\/07\/CAPA-AFA.jpg\",\"width\":750,\"height\":420,\"caption\":\"AFA 2023\"},{\"@type\":\"BreadcrumbList\",\"@id\":\"https:\/\/militares.estrategia.com\/portal\/noticias\/afa-inscricoes-abertas\/#breadcrumb\",\"itemListElement\":[{\"@type\":\"ListItem\",\"position\":1,\"name\":\"Home\",\"item\":\"https:\/\/militares.estrategia.com\/portal\/\"},{\"@type\":\"ListItem\",\"position\":2,\"name\":\"Not\u00edcias\",\"item\":\"https:\/\/militares.estrategia.com\/portal\/noticias\/\"},{\"@type\":\"ListItem\",\"position\":3,\"name\":\"AFA 2023: inscri\u00e7\u00f5es est\u00e3o abertas!\"}]},{\"@type\":\"WebSite\",\"@id\":\"https:\/\/militares.estrategia.com\/portal\/#website\",\"url\":\"https:\/\/militares.estrategia.com\/portal\/\",\"name\":\"Estrat\u00e9gia Militares\",\"description\":\"\",\"publisher\":{\"@id\":\"https:\/\/militares.estrategia.com\/portal\/#organization\"},\"potentialAction\":[{\"@type\":\"SearchAction\",\"target\":{\"@type\":\"EntryPoint\",\"urlTemplate\":\"https:\/\/militares.estrategia.com\/portal\/?s={search_term_string}\"},\"query-input\":{\"@type\":\"PropertyValueSpecification\",\"valueRequired\":true,\"valueName\":\"search_term_string\"}}],\"inLanguage\":\"pt-BR\"},{\"@type\":\"Organization\",\"@id\":\"https:\/\/militares.estrategia.com\/portal\/#organization\",\"name\":\"Estrat\u00e9gia Militares\",\"url\":\"https:\/\/militares.estrategia.com\/portal\/\",\"logo\":{\"@type\":\"ImageObject\",\"inLanguage\":\"pt-BR\",\"@id\":\"https:\/\/militares.estrategia.com\/portal\/#\/schema\/logo\/image\/\",\"url\":\"https:\/\/militares.estrategia.com\/portal\/wp-content\/uploads\/2021\/10\/logo-militares.webp\",\"contentUrl\":\"https:\/\/militares.estrategia.com\/portal\/wp-content\/uploads\/2021\/10\/logo-militares.webp\",\"width\":346,\"height\":90,\"caption\":\"Estrat\u00e9gia Militares\"},\"image\":{\"@id\":\"https:\/\/militares.estrategia.com\/portal\/#\/schema\/logo\/image\/\"},\"sameAs\":[\"https:\/\/www.facebook.com\/EstrategiaMilitares\",\"https:\/\/x.com\/estrategiamilit\",\"https:\/\/www.instagram.com\/estrategiamilitares\/\",\"https:\/\/www.youtube.com\/channel\/UCRG_9hakCqXxnj_8TqCdgTA\"]},{\"@type\":\"Person\",\"@id\":\"https:\/\/militares.estrategia.com\/portal\/#\/schema\/person\/d52a8bb9d3a4693ffcfbe862dc250f79\",\"name\":\"Pedro Alcantara\",\"image\":{\"@type\":\"ImageObject\",\"inLanguage\":\"pt-BR\",\"@id\":\"https:\/\/militares.estrategia.com\/portal\/#\/schema\/person\/image\/\",\"url\":\"https:\/\/secure.gravatar.com\/avatar\/2ff815c569bab8558bec32641d54e1af?s=96&d=mm&r=g\",\"contentUrl\":\"https:\/\/secure.gravatar.com\/avatar\/2ff815c569bab8558bec32641d54e1af?s=96&d=mm&r=g\",\"caption\":\"Pedro Alcantara\"},\"url\":\"https:\/\/militares.estrategia.com\/portal\/author\/pedro\/\"}]}<\/script>\n<!-- \/ Yoast SEO Premium plugin. -->","yoast_head_json":{"title":"AFA 2023: inscri\u00e7\u00f5es est\u00e3o abertas!","description":"A For\u00e7a A\u00e9rea Brasileira abriu as inscri\u00e7\u00f5es para o concurso de admiss\u00e3o AFA 2023. Ser\u00e3o disponibilizadas 85 vagas para ingresso.","robots":{"index":"index","follow":"follow","max-snippet":"max-snippet:-1","max-image-preview":"max-image-preview:large","max-video-preview":"max-video-preview:-1"},"canonical":"https:\/\/militares.estrategia.com\/portal\/noticias\/afa-inscricoes-abertas\/","og_locale":"pt_BR","og_type":"article","og_title":"AFA 2023: inscri\u00e7\u00f5es est\u00e3o abertas!","og_description":"A For\u00e7a A\u00e9rea Brasileira abriu as inscri\u00e7\u00f5es para o concurso de admiss\u00e3o AFA 2023. Ser\u00e3o disponibilizadas 85 vagas para ingresso.","og_url":"https:\/\/militares.estrategia.com\/portal\/noticias\/afa-inscricoes-abertas\/","og_site_name":"Estrat\u00e9gia Militares","article_publisher":"https:\/\/www.facebook.com\/EstrategiaMilitares","article_published_time":"2022-03-07T14:03:06+00:00","article_modified_time":"2022-08-04T13:06:20+00:00","og_image":[{"width":750,"height":420,"url":"https:\/\/cdn.blog.estrategiavestibulares.com.br\/vestibulares\/wp-content\/uploads\/2021\/07\/CAPA-AFA.jpg","type":"image\/jpeg"}],"author":"Pedro Alcantara","twitter_card":"summary_large_image","twitter_creator":"@estrategiamilit","twitter_site":"@estrategiamilit","twitter_misc":{"Escrito por":"Pedro Alcantara","Est. tempo de leitura":"2 minutos"},"schema":{"@context":"https:\/\/schema.org","@graph":[{"@type":"Article","@id":"https:\/\/militares.estrategia.com\/portal\/noticias\/afa-inscricoes-abertas\/#article","isPartOf":{"@id":"https:\/\/militares.estrategia.com\/portal\/noticias\/afa-inscricoes-abertas\/"},"author":{"name":"Pedro Alcantara","@id":"https:\/\/militares.estrategia.com\/portal\/#\/schema\/person\/d52a8bb9d3a4693ffcfbe862dc250f79"},"headline":"AFA 2023: inscri\u00e7\u00f5es est\u00e3o abertas!","datePublished":"2022-03-07T14:03:06+00:00","dateModified":"2022-08-04T13:06:20+00:00","mainEntityOfPage":{"@id":"https:\/\/militares.estrategia.com\/portal\/noticias\/afa-inscricoes-abertas\/"},"wordCount":320,"publisher":{"@id":"https:\/\/militares.estrategia.com\/portal\/#organization"},"image":{"@id":"https:\/\/militares.estrategia.com\/portal\/noticias\/afa-inscricoes-abertas\/#primaryimage"},"thumbnailUrl":"https:\/\/militares.estrategia.com\/portal\/wp-content\/uploads\/2021\/07\/CAPA-AFA.jpg","articleSection":["Not\u00edcias"],"inLanguage":"pt-BR"},{"@type":"WebPage","@id":"https:\/\/militares.estrategia.com\/portal\/noticias\/afa-inscricoes-abertas\/","url":"https:\/\/militares.estrategia.com\/portal\/noticias\/afa-inscricoes-abertas\/","name":"AFA 2023: inscri\u00e7\u00f5es est\u00e3o abertas!","isPartOf":{"@id":"https:\/\/militares.estrategia.com\/portal\/#website"},"primaryImageOfPage":{"@id":"https:\/\/militares.estrategia.com\/portal\/noticias\/afa-inscricoes-abertas\/#primaryimage"},"image":{"@id":"https:\/\/militares.estrategia.com\/portal\/noticias\/afa-inscricoes-abertas\/#primaryimage"},"thumbnailUrl":"https:\/\/militares.estrategia.com\/portal\/wp-content\/uploads\/2021\/07\/CAPA-AFA.jpg","datePublished":"2022-03-07T14:03:06+00:00","dateModified":"2022-08-04T13:06:20+00:00","description":"A For\u00e7a A\u00e9rea Brasileira abriu as inscri\u00e7\u00f5es para o concurso de admiss\u00e3o AFA 2023. Ser\u00e3o disponibilizadas 85 vagas para ingresso.","breadcrumb":{"@id":"https:\/\/militares.estrategia.com\/portal\/noticias\/afa-inscricoes-abertas\/#breadcrumb"},"inLanguage":"pt-BR","potentialAction":[{"@type":"ReadAction","target":["https:\/\/militares.estrategia.com\/portal\/noticias\/afa-inscricoes-abertas\/"]}]},{"@type":"ImageObject","inLanguage":"pt-BR","@id":"https:\/\/militares.estrategia.com\/portal\/noticias\/afa-inscricoes-abertas\/#primaryimage","url":"https:\/\/militares.estrategia.com\/portal\/wp-content\/uploads\/2021\/07\/CAPA-AFA.jpg","contentUrl":"https:\/\/militares.estrategia.com\/portal\/wp-content\/uploads\/2021\/07\/CAPA-AFA.jpg","width":750,"height":420,"caption":"AFA 2023"},{"@type":"BreadcrumbList","@id":"https:\/\/militares.estrategia.com\/portal\/noticias\/afa-inscricoes-abertas\/#breadcrumb","itemListElement":[{"@type":"ListItem","position":1,"name":"Home","item":"https:\/\/militares.estrategia.com\/portal\/"},{"@type":"ListItem","position":2,"name":"Not\u00edcias","item":"https:\/\/militares.estrategia.com\/portal\/noticias\/"},{"@type":"ListItem","position":3,"name":"AFA 2023: inscri\u00e7\u00f5es est\u00e3o abertas!"}]},{"@type":"WebSite","@id":"https:\/\/militares.estrategia.com\/portal\/#website","url":"https:\/\/militares.estrategia.com\/portal\/","name":"Estrat\u00e9gia Militares","description":"","publisher":{"@id":"https:\/\/militares.estrategia.com\/portal\/#organization"},"potentialAction":[{"@type":"SearchAction","target":{"@type":"EntryPoint","urlTemplate":"https:\/\/militares.estrategia.com\/portal\/?s={search_term_string}"},"query-input":{"@type":"PropertyValueSpecification","valueRequired":true,"valueName":"search_term_string"}}],"inLanguage":"pt-BR"},{"@type":"Organization","@id":"https:\/\/militares.estrategia.com\/portal\/#organization","name":"Estrat\u00e9gia Militares","url":"https:\/\/militares.estrategia.com\/portal\/","logo":{"@type":"ImageObject","inLanguage":"pt-BR","@id":"https:\/\/militares.estrategia.com\/portal\/#\/schema\/logo\/image\/","url":"https:\/\/militares.estrategia.com\/portal\/wp-content\/uploads\/2021\/10\/logo-militares.webp","contentUrl":"https:\/\/militares.estrategia.com\/portal\/wp-content\/uploads\/2021\/10\/logo-militares.webp","width":346,"height":90,"caption":"Estrat\u00e9gia Militares"},"image":{"@id":"https:\/\/militares.estrategia.com\/portal\/#\/schema\/logo\/image\/"},"sameAs":["https:\/\/www.facebook.com\/EstrategiaMilitares","https:\/\/x.com\/estrategiamilit","https:\/\/www.instagram.com\/estrategiamilitares\/","https:\/\/www.youtube.com\/channel\/UCRG_9hakCqXxnj_8TqCdgTA"]},{"@type":"Person","@id":"https:\/\/militares.estrategia.com\/portal\/#\/schema\/person\/d52a8bb9d3a4693ffcfbe862dc250f79","name":"Pedro Alcantara","image":{"@type":"ImageObject","inLanguage":"pt-BR","@id":"https:\/\/militares.estrategia.com\/portal\/#\/schema\/person\/image\/","url":"https:\/\/secure.gravatar.com\/avatar\/2ff815c569bab8558bec32641d54e1af?s=96&d=mm&r=g","contentUrl":"https:\/\/secure.gravatar.com\/avatar\/2ff815c569bab8558bec32641d54e1af?s=96&d=mm&r=g","caption":"Pedro Alcantara"},"url":"https:\/\/militares.estrategia.com\/portal\/author\/pedro\/"}]}},"_wl_alt_label":[],"wl:entity_url":"https:\/\/data.wordlift.io\/wl110246\/post\/-52710","_links":{"self":[{"href":"https:\/\/militares.estrategia.com\/portal\/wp-json\/wp\/v2\/posts\/52710","targetHints":{"allow":["GET"]}}],"collection":[{"href":"https:\/\/militares.estrategia.com\/portal\/wp-json\/wp\/v2\/posts"}],"about":[{"href":"https:\/\/militares.estrategia.com\/portal\/wp-json\/wp\/v2\/types\/post"}],"author":[{"embeddable":true,"href":"https:\/\/militares.estrategia.com\/portal\/wp-json\/wp\/v2\/users\/18"}],"replies":[{"embeddable":true,"href":"https:\/\/militares.estrategia.com\/portal\/wp-json\/wp\/v2\/comments?post=52710"}],"version-history":[{"count":2,"href":"https:\/\/militares.estrategia.com\/portal\/wp-json\/wp\/v2\/posts\/52710\/revisions"}],"predecessor-version":[{"id":57559,"href":"https:\/\/militares.estrategia.com\/portal\/wp-json\/wp\/v2\/posts\/52710\/revisions\/57559"}],"wp:featuredmedia":[{"embeddable":true,"href":"https:\/\/militares.estrategia.com\/portal\/wp-json\/wp\/v2\/media\/45978"}],"wp:attachment":[{"href":"https:\/\/militares.estrategia.com\/portal\/wp-json\/wp\/v2\/media?parent=52710"}],"wp:term":[{"taxonomy":"category","embeddable":true,"href":"https:\/\/militares.estrategia.com\/portal\/wp-json\/wp\/v2\/categories?post=52710"},{"taxonomy":"post_tag","embeddable":true,"href":"https:\/\/militares.estrategia.com\/portal\/wp-json\/wp\/v2\/tags?post=52710"},{"taxonomy":"wl_entity_type","embeddable":true,"href":"https:\/\/militares.estrategia.com\/portal\/wp-json\/wp\/v2\/wl_entity_type?post=52710"}],"curies":[{"name":"wp","href":"https:\/\/api.w.org\/{rel}","templated":true}]}}