{"id":52690,"date":"2022-03-04T17:59:52","date_gmt":"2022-03-04T20:59:52","guid":{"rendered":"https:\/\/militares.estrategia.com\/portal\/?p=52690"},"modified":"2022-03-04T17:59:57","modified_gmt":"2022-03-04T20:59:57","slug":"resultado-inspecao-de-saude-eear-2022-2","status":"publish","type":"post","link":"https:\/\/militares.estrategia.com\/portal\/noticias\/resultado-inspecao-de-saude-eear-2022-2\/","title":{"rendered":"EEAR 2022.2: confira o resultado da Inspe\u00e7\u00e3o de Sa\u00fade"},"content":{"rendered":"\n<p>A Escola de Especialistas de Aeron\u00e1utica divulgou o resultado da<strong> Inspe\u00e7\u00e3o de Sa\u00fade (INSPSAU)<\/strong> do <a href=\"https:\/\/militares.estrategia.com\/portal\/noticias\/eear-2022-2-convocados-primeira-concentracao-intermediaria\/\" target=\"_blank\" >Concurso EEAR 2022.2<\/a>, que ainda est\u00e1 em andamento. As listas foram divulgadas nesta sexta, dia 4 de mar\u00e7o. <\/p>\n\n\n\n<p>Os resultados s\u00e3o divididos pela especialidade escolhida pelo candidato no momento da inscri\u00e7\u00e3o &#8211; BCT, OPC 1, OPC 2 e OPC 3 &#8211; e indicam se o candidato estava presente na Inspe\u00e7\u00e3o de Sa\u00fade e qual foi o resultado de sua avalia\u00e7\u00e3o. <\/p>\n\n\n\n<p>Voc\u00ea pode baixar os resultados da INSPSAU abaixo: <\/p>\n\n\n\n<ul class=\"wp-block-list\"><li><a href=\"https:\/\/militares.estrategia.com\/portal\/wp-content\/uploads\/2022\/03\/bct_inspsau_EEAR-2022_2.pdf\" target=\"_blank\" >Resultado da Inspe\u00e7\u00e3o de Sa\u00fade &#8211; BCT <\/a><\/li><li><a href=\"https:\/\/militares.estrategia.com\/portal\/wp-content\/uploads\/2022\/03\/opc01_inspsau_EEAR-2022_2.pdf\" target=\"_blank\" >Resultado da Inspe\u00e7\u00e3o de Sa\u00fade &#8211; OPC 1<\/a><\/li><li><a href=\"https:\/\/militares.estrategia.com\/portal\/wp-content\/uploads\/2022\/03\/opc02_inspsau_EEAR-2022_2.pdf\" target=\"_blank\" >Resultado da Inspe\u00e7\u00e3o de Sa\u00fade &#8211; OPC 2<\/a><\/li><li><a href=\"https:\/\/militares.estrategia.com\/portal\/wp-content\/uploads\/2022\/03\/opc03_inspsau_EEAR-2022_2.pdf\" target=\"_blank\" >Resultado da Inspe\u00e7\u00e3o de Sa\u00fade &#8211; OPC 3<\/a><\/li><\/ul>\n\n\n\n<p>Aqueles que n\u00e3o foram considerados aptos<strong> ainda podem pedir recurso no site do seletivo<\/strong>. As pr\u00f3ximas etapas do Concurso EEAR 2022.2 s\u00e3o: <\/p>\n\n\n\n<ul class=\"wp-block-list\"><li><strong>Teste de Avalia\u00e7\u00e3o do Condicionamento F\u00edsico:<\/strong> 25 a 29\/04\/2022;<\/li><li><strong>Procedimento de Heteroidentifica\u00e7\u00e3o Complementar: <\/strong>26\/06\/2022; e<\/li><li><strong>Valida\u00e7\u00e3o de documentos:<\/strong> 29\/06\/2022.<\/li><\/ul>\n\n\n\n<p>O Edital do <a href=\"https:\/\/militares.estrategia.com\/portal\/guias\/aeronautica\/concurso-eear\/\" target=\"_blank\" >Concurso EEAR 2023.1<\/a> j\u00e1 foi publicado, ent\u00e3o comece j\u00e1 a estudar para a prova e torne-se tamb\u00e9m um membro da Escola de Especialistas de Aeron\u00e1utica. Clique no banner e conhe\u00e7a os nossos cursos! <\/p>\n\n\n\n<p><\/p>\n\n\n\n<p><strong><a id=\"cta\" class=\"cta-imagem\" href=\"https:\/\/militares.estrategia.com\/curso\/banco-de-questes-anual\/\" target=\"blank\">\n                <img decoding=\"async\" width=\"100%\" src=\"https:\/\/militares.estrategia.com\/portal\/wp-content\/uploads\/2023\/02\/EM-Banco-de-Questoes.jpg\" alt=\"EM - Banco de Questo\u0303es\" title=\"EM - Banco de Questo\u0303es\">\n        <\/a><\/strong><\/p>\n\n\n","protected":false},"excerpt":{"rendered":"A Escola de Especialistas de Aeron\u00e1utica divulgou o resultado da Inspe\u00e7\u00e3o de Sa\u00fade (INSPSAU) do Concurso EEAR 2022.2,&hellip;\n","protected":false},"author":9,"featured_media":46025,"comment_status":"closed","ping_status":"closed","sticky":false,"template":"","format":"standard","meta":{"wl_entities_gutenberg":"","footnotes":""},"categories":[36],"tags":[276,116],"wl_entity_type":[187],"class_list":{"0":"post-52690","1":"post","2":"type-post","3":"status-publish","4":"format-standard","5":"has-post-thumbnail","7":"category-noticias","8":"tag-276","9":"tag-eear-2","10":"wl_entity_type-article"},"acf":[],"yoast_head":"<!-- This site is optimized with the Yoast SEO Premium plugin v26.6 (Yoast SEO v26.6) - https:\/\/yoast.com\/wordpress\/plugins\/seo\/ -->\n<title>EEAR 2022.2: confira o resultado da Inspe\u00e7\u00e3o de Sa\u00fade<\/title>\n<meta name=\"description\" content=\"Concurso EEAR 2022.2 divulga resultado da Inspe\u00e7\u00e3o de Sa\u00fade, dividido por especialidades. Ainda \u00e9 poss\u00edvel pedir recurso!\" \/>\n<meta name=\"robots\" content=\"index, follow, max-snippet:-1, max-image-preview:large, max-video-preview:-1\" \/>\n<link rel=\"canonical\" href=\"https:\/\/militares.estrategia.com\/portal\/noticias\/resultado-inspecao-de-saude-eear-2022-2\/\" \/>\n<meta property=\"og:locale\" content=\"pt_BR\" \/>\n<meta property=\"og:type\" content=\"article\" \/>\n<meta property=\"og:title\" content=\"EEAR 2022.2: confira o resultado da Inspe\u00e7\u00e3o de Sa\u00fade\" \/>\n<meta property=\"og:description\" content=\"Concurso EEAR 2022.2 divulga resultado da Inspe\u00e7\u00e3o de Sa\u00fade, dividido por especialidades. Ainda \u00e9 poss\u00edvel pedir recurso!\" \/>\n<meta property=\"og:url\" content=\"https:\/\/militares.estrategia.com\/portal\/noticias\/resultado-inspecao-de-saude-eear-2022-2\/\" \/>\n<meta property=\"og:site_name\" content=\"Estrat\u00e9gia Militares\" \/>\n<meta property=\"article:publisher\" content=\"https:\/\/www.facebook.com\/EstrategiaMilitares\" \/>\n<meta property=\"article:published_time\" content=\"2022-03-04T20:59:52+00:00\" \/>\n<meta property=\"article:modified_time\" content=\"2022-03-04T20:59:57+00:00\" \/>\n<meta property=\"og:image\" content=\"https:\/\/cdn.blog.estrategiavestibulares.com.br\/vestibulares\/wp-content\/uploads\/2021\/07\/EEAR.jpg\" \/>\n\t<meta property=\"og:image:width\" content=\"750\" \/>\n\t<meta property=\"og:image:height\" content=\"420\" \/>\n\t<meta property=\"og:image:type\" content=\"image\/jpeg\" \/>\n<meta name=\"author\" content=\"Raquel Oshio\" \/>\n<meta name=\"twitter:card\" content=\"summary_large_image\" \/>\n<meta name=\"twitter:creator\" content=\"@estrategiamilit\" \/>\n<meta name=\"twitter:site\" content=\"@estrategiamilit\" \/>\n<meta name=\"twitter:label1\" content=\"Escrito por\" \/>\n\t<meta name=\"twitter:data1\" content=\"Raquel Oshio\" \/>\n\t<meta name=\"twitter:label2\" content=\"Est. tempo de leitura\" \/>\n\t<meta name=\"twitter:data2\" content=\"2 minutos\" \/>\n<script type=\"application\/ld+json\" class=\"yoast-schema-graph\">{\"@context\":\"https:\/\/schema.org\",\"@graph\":[{\"@type\":\"Article\",\"@id\":\"https:\/\/militares.estrategia.com\/portal\/noticias\/resultado-inspecao-de-saude-eear-2022-2\/#article\",\"isPartOf\":{\"@id\":\"https:\/\/militares.estrategia.com\/portal\/noticias\/resultado-inspecao-de-saude-eear-2022-2\/\"},\"author\":{\"name\":\"Raquel Oshio\",\"@id\":\"https:\/\/militares.estrategia.com\/portal\/#\/schema\/person\/46e1f54d690b6a851270112cd62d2f37\"},\"headline\":\"EEAR 2022.2: confira o resultado da Inspe\u00e7\u00e3o de Sa\u00fade\",\"datePublished\":\"2022-03-04T20:59:52+00:00\",\"dateModified\":\"2022-03-04T20:59:57+00:00\",\"mainEntityOfPage\":{\"@id\":\"https:\/\/militares.estrategia.com\/portal\/noticias\/resultado-inspecao-de-saude-eear-2022-2\/\"},\"wordCount\":215,\"publisher\":{\"@id\":\"https:\/\/militares.estrategia.com\/portal\/#organization\"},\"image\":{\"@id\":\"https:\/\/militares.estrategia.com\/portal\/noticias\/resultado-inspecao-de-saude-eear-2022-2\/#primaryimage\"},\"thumbnailUrl\":\"https:\/\/militares.estrategia.com\/portal\/wp-content\/uploads\/2021\/07\/EEAR.jpg\",\"keywords\":[\"2022\",\"EEAR\"],\"articleSection\":[\"Not\u00edcias\"],\"inLanguage\":\"pt-BR\"},{\"@type\":\"WebPage\",\"@id\":\"https:\/\/militares.estrategia.com\/portal\/noticias\/resultado-inspecao-de-saude-eear-2022-2\/\",\"url\":\"https:\/\/militares.estrategia.com\/portal\/noticias\/resultado-inspecao-de-saude-eear-2022-2\/\",\"name\":\"EEAR 2022.2: confira o resultado da Inspe\u00e7\u00e3o de Sa\u00fade\",\"isPartOf\":{\"@id\":\"https:\/\/militares.estrategia.com\/portal\/#website\"},\"primaryImageOfPage\":{\"@id\":\"https:\/\/militares.estrategia.com\/portal\/noticias\/resultado-inspecao-de-saude-eear-2022-2\/#primaryimage\"},\"image\":{\"@id\":\"https:\/\/militares.estrategia.com\/portal\/noticias\/resultado-inspecao-de-saude-eear-2022-2\/#primaryimage\"},\"thumbnailUrl\":\"https:\/\/militares.estrategia.com\/portal\/wp-content\/uploads\/2021\/07\/EEAR.jpg\",\"datePublished\":\"2022-03-04T20:59:52+00:00\",\"dateModified\":\"2022-03-04T20:59:57+00:00\",\"description\":\"Concurso EEAR 2022.2 divulga resultado da Inspe\u00e7\u00e3o de Sa\u00fade, dividido por especialidades. Ainda \u00e9 poss\u00edvel pedir recurso!\",\"breadcrumb\":{\"@id\":\"https:\/\/militares.estrategia.com\/portal\/noticias\/resultado-inspecao-de-saude-eear-2022-2\/#breadcrumb\"},\"inLanguage\":\"pt-BR\",\"potentialAction\":[{\"@type\":\"ReadAction\",\"target\":[\"https:\/\/militares.estrategia.com\/portal\/noticias\/resultado-inspecao-de-saude-eear-2022-2\/\"]}]},{\"@type\":\"ImageObject\",\"inLanguage\":\"pt-BR\",\"@id\":\"https:\/\/militares.estrategia.com\/portal\/noticias\/resultado-inspecao-de-saude-eear-2022-2\/#primaryimage\",\"url\":\"https:\/\/militares.estrategia.com\/portal\/wp-content\/uploads\/2021\/07\/EEAR.jpg\",\"contentUrl\":\"https:\/\/militares.estrategia.com\/portal\/wp-content\/uploads\/2021\/07\/EEAR.jpg\",\"width\":750,\"height\":420,\"caption\":\"Concurso EEAR 2023\"},{\"@type\":\"BreadcrumbList\",\"@id\":\"https:\/\/militares.estrategia.com\/portal\/noticias\/resultado-inspecao-de-saude-eear-2022-2\/#breadcrumb\",\"itemListElement\":[{\"@type\":\"ListItem\",\"position\":1,\"name\":\"Home\",\"item\":\"https:\/\/militares.estrategia.com\/portal\/\"},{\"@type\":\"ListItem\",\"position\":2,\"name\":\"Not\u00edcias\",\"item\":\"https:\/\/militares.estrategia.com\/portal\/noticias\/\"},{\"@type\":\"ListItem\",\"position\":3,\"name\":\"EEAR 2022.2: confira o resultado da Inspe\u00e7\u00e3o de Sa\u00fade\"}]},{\"@type\":\"WebSite\",\"@id\":\"https:\/\/militares.estrategia.com\/portal\/#website\",\"url\":\"https:\/\/militares.estrategia.com\/portal\/\",\"name\":\"Estrat\u00e9gia Militares\",\"description\":\"\",\"publisher\":{\"@id\":\"https:\/\/militares.estrategia.com\/portal\/#organization\"},\"potentialAction\":[{\"@type\":\"SearchAction\",\"target\":{\"@type\":\"EntryPoint\",\"urlTemplate\":\"https:\/\/militares.estrategia.com\/portal\/?s={search_term_string}\"},\"query-input\":{\"@type\":\"PropertyValueSpecification\",\"valueRequired\":true,\"valueName\":\"search_term_string\"}}],\"inLanguage\":\"pt-BR\"},{\"@type\":\"Organization\",\"@id\":\"https:\/\/militares.estrategia.com\/portal\/#organization\",\"name\":\"Estrat\u00e9gia Militares\",\"url\":\"https:\/\/militares.estrategia.com\/portal\/\",\"logo\":{\"@type\":\"ImageObject\",\"inLanguage\":\"pt-BR\",\"@id\":\"https:\/\/militares.estrategia.com\/portal\/#\/schema\/logo\/image\/\",\"url\":\"https:\/\/militares.estrategia.com\/portal\/wp-content\/uploads\/2021\/10\/logo-militares.webp\",\"contentUrl\":\"https:\/\/militares.estrategia.com\/portal\/wp-content\/uploads\/2021\/10\/logo-militares.webp\",\"width\":346,\"height\":90,\"caption\":\"Estrat\u00e9gia Militares\"},\"image\":{\"@id\":\"https:\/\/militares.estrategia.com\/portal\/#\/schema\/logo\/image\/\"},\"sameAs\":[\"https:\/\/www.facebook.com\/EstrategiaMilitares\",\"https:\/\/x.com\/estrategiamilit\",\"https:\/\/www.instagram.com\/estrategiamilitares\/\",\"https:\/\/www.youtube.com\/channel\/UCRG_9hakCqXxnj_8TqCdgTA\"]},{\"@type\":\"Person\",\"@id\":\"https:\/\/militares.estrategia.com\/portal\/#\/schema\/person\/46e1f54d690b6a851270112cd62d2f37\",\"name\":\"Raquel Oshio\",\"image\":{\"@type\":\"ImageObject\",\"inLanguage\":\"pt-BR\",\"@id\":\"https:\/\/militares.estrategia.com\/portal\/#\/schema\/person\/image\/\",\"url\":\"https:\/\/secure.gravatar.com\/avatar\/fa4e62d5e59d9cf9995ea9c715a78807?s=96&d=mm&r=g\",\"contentUrl\":\"https:\/\/secure.gravatar.com\/avatar\/fa4e62d5e59d9cf9995ea9c715a78807?s=96&d=mm&r=g\",\"caption\":\"Raquel Oshio\"},\"description\":\"Raquel Kie \u00e9 amante de hist\u00f3rias e ca\u00e7adora de belezas escondidas. Jornalista de profiss\u00e3o e cora\u00e7\u00e3o. Desenhista e escritora de fic\u00e7\u00e3o nas horas vagas. Acredito no potencial transformador de todo trabalho feito com dedica\u00e7\u00e3o.\",\"url\":\"https:\/\/militares.estrategia.com\/portal\/author\/raqueloshio\/\"}]}<\/script>\n<!-- \/ Yoast SEO Premium plugin. -->","yoast_head_json":{"title":"EEAR 2022.2: confira o resultado da Inspe\u00e7\u00e3o de Sa\u00fade","description":"Concurso EEAR 2022.2 divulga resultado da Inspe\u00e7\u00e3o de Sa\u00fade, dividido por especialidades. Ainda \u00e9 poss\u00edvel pedir recurso!","robots":{"index":"index","follow":"follow","max-snippet":"max-snippet:-1","max-image-preview":"max-image-preview:large","max-video-preview":"max-video-preview:-1"},"canonical":"https:\/\/militares.estrategia.com\/portal\/noticias\/resultado-inspecao-de-saude-eear-2022-2\/","og_locale":"pt_BR","og_type":"article","og_title":"EEAR 2022.2: confira o resultado da Inspe\u00e7\u00e3o de Sa\u00fade","og_description":"Concurso EEAR 2022.2 divulga resultado da Inspe\u00e7\u00e3o de Sa\u00fade, dividido por especialidades. Ainda \u00e9 poss\u00edvel pedir recurso!","og_url":"https:\/\/militares.estrategia.com\/portal\/noticias\/resultado-inspecao-de-saude-eear-2022-2\/","og_site_name":"Estrat\u00e9gia Militares","article_publisher":"https:\/\/www.facebook.com\/EstrategiaMilitares","article_published_time":"2022-03-04T20:59:52+00:00","article_modified_time":"2022-03-04T20:59:57+00:00","og_image":[{"width":750,"height":420,"url":"https:\/\/cdn.blog.estrategiavestibulares.com.br\/vestibulares\/wp-content\/uploads\/2021\/07\/EEAR.jpg","type":"image\/jpeg"}],"author":"Raquel Oshio","twitter_card":"summary_large_image","twitter_creator":"@estrategiamilit","twitter_site":"@estrategiamilit","twitter_misc":{"Escrito por":"Raquel Oshio","Est. tempo de leitura":"2 minutos"},"schema":{"@context":"https:\/\/schema.org","@graph":[{"@type":"Article","@id":"https:\/\/militares.estrategia.com\/portal\/noticias\/resultado-inspecao-de-saude-eear-2022-2\/#article","isPartOf":{"@id":"https:\/\/militares.estrategia.com\/portal\/noticias\/resultado-inspecao-de-saude-eear-2022-2\/"},"author":{"name":"Raquel Oshio","@id":"https:\/\/militares.estrategia.com\/portal\/#\/schema\/person\/46e1f54d690b6a851270112cd62d2f37"},"headline":"EEAR 2022.2: confira o resultado da Inspe\u00e7\u00e3o de Sa\u00fade","datePublished":"2022-03-04T20:59:52+00:00","dateModified":"2022-03-04T20:59:57+00:00","mainEntityOfPage":{"@id":"https:\/\/militares.estrategia.com\/portal\/noticias\/resultado-inspecao-de-saude-eear-2022-2\/"},"wordCount":215,"publisher":{"@id":"https:\/\/militares.estrategia.com\/portal\/#organization"},"image":{"@id":"https:\/\/militares.estrategia.com\/portal\/noticias\/resultado-inspecao-de-saude-eear-2022-2\/#primaryimage"},"thumbnailUrl":"https:\/\/militares.estrategia.com\/portal\/wp-content\/uploads\/2021\/07\/EEAR.jpg","keywords":["2022","EEAR"],"articleSection":["Not\u00edcias"],"inLanguage":"pt-BR"},{"@type":"WebPage","@id":"https:\/\/militares.estrategia.com\/portal\/noticias\/resultado-inspecao-de-saude-eear-2022-2\/","url":"https:\/\/militares.estrategia.com\/portal\/noticias\/resultado-inspecao-de-saude-eear-2022-2\/","name":"EEAR 2022.2: confira o resultado da Inspe\u00e7\u00e3o de Sa\u00fade","isPartOf":{"@id":"https:\/\/militares.estrategia.com\/portal\/#website"},"primaryImageOfPage":{"@id":"https:\/\/militares.estrategia.com\/portal\/noticias\/resultado-inspecao-de-saude-eear-2022-2\/#primaryimage"},"image":{"@id":"https:\/\/militares.estrategia.com\/portal\/noticias\/resultado-inspecao-de-saude-eear-2022-2\/#primaryimage"},"thumbnailUrl":"https:\/\/militares.estrategia.com\/portal\/wp-content\/uploads\/2021\/07\/EEAR.jpg","datePublished":"2022-03-04T20:59:52+00:00","dateModified":"2022-03-04T20:59:57+00:00","description":"Concurso EEAR 2022.2 divulga resultado da Inspe\u00e7\u00e3o de Sa\u00fade, dividido por especialidades. Ainda \u00e9 poss\u00edvel pedir recurso!","breadcrumb":{"@id":"https:\/\/militares.estrategia.com\/portal\/noticias\/resultado-inspecao-de-saude-eear-2022-2\/#breadcrumb"},"inLanguage":"pt-BR","potentialAction":[{"@type":"ReadAction","target":["https:\/\/militares.estrategia.com\/portal\/noticias\/resultado-inspecao-de-saude-eear-2022-2\/"]}]},{"@type":"ImageObject","inLanguage":"pt-BR","@id":"https:\/\/militares.estrategia.com\/portal\/noticias\/resultado-inspecao-de-saude-eear-2022-2\/#primaryimage","url":"https:\/\/militares.estrategia.com\/portal\/wp-content\/uploads\/2021\/07\/EEAR.jpg","contentUrl":"https:\/\/militares.estrategia.com\/portal\/wp-content\/uploads\/2021\/07\/EEAR.jpg","width":750,"height":420,"caption":"Concurso EEAR 2023"},{"@type":"BreadcrumbList","@id":"https:\/\/militares.estrategia.com\/portal\/noticias\/resultado-inspecao-de-saude-eear-2022-2\/#breadcrumb","itemListElement":[{"@type":"ListItem","position":1,"name":"Home","item":"https:\/\/militares.estrategia.com\/portal\/"},{"@type":"ListItem","position":2,"name":"Not\u00edcias","item":"https:\/\/militares.estrategia.com\/portal\/noticias\/"},{"@type":"ListItem","position":3,"name":"EEAR 2022.2: confira o resultado da Inspe\u00e7\u00e3o de Sa\u00fade"}]},{"@type":"WebSite","@id":"https:\/\/militares.estrategia.com\/portal\/#website","url":"https:\/\/militares.estrategia.com\/portal\/","name":"Estrat\u00e9gia Militares","description":"","publisher":{"@id":"https:\/\/militares.estrategia.com\/portal\/#organization"},"potentialAction":[{"@type":"SearchAction","target":{"@type":"EntryPoint","urlTemplate":"https:\/\/militares.estrategia.com\/portal\/?s={search_term_string}"},"query-input":{"@type":"PropertyValueSpecification","valueRequired":true,"valueName":"search_term_string"}}],"inLanguage":"pt-BR"},{"@type":"Organization","@id":"https:\/\/militares.estrategia.com\/portal\/#organization","name":"Estrat\u00e9gia Militares","url":"https:\/\/militares.estrategia.com\/portal\/","logo":{"@type":"ImageObject","inLanguage":"pt-BR","@id":"https:\/\/militares.estrategia.com\/portal\/#\/schema\/logo\/image\/","url":"https:\/\/militares.estrategia.com\/portal\/wp-content\/uploads\/2021\/10\/logo-militares.webp","contentUrl":"https:\/\/militares.estrategia.com\/portal\/wp-content\/uploads\/2021\/10\/logo-militares.webp","width":346,"height":90,"caption":"Estrat\u00e9gia Militares"},"image":{"@id":"https:\/\/militares.estrategia.com\/portal\/#\/schema\/logo\/image\/"},"sameAs":["https:\/\/www.facebook.com\/EstrategiaMilitares","https:\/\/x.com\/estrategiamilit","https:\/\/www.instagram.com\/estrategiamilitares\/","https:\/\/www.youtube.com\/channel\/UCRG_9hakCqXxnj_8TqCdgTA"]},{"@type":"Person","@id":"https:\/\/militares.estrategia.com\/portal\/#\/schema\/person\/46e1f54d690b6a851270112cd62d2f37","name":"Raquel Oshio","image":{"@type":"ImageObject","inLanguage":"pt-BR","@id":"https:\/\/militares.estrategia.com\/portal\/#\/schema\/person\/image\/","url":"https:\/\/secure.gravatar.com\/avatar\/fa4e62d5e59d9cf9995ea9c715a78807?s=96&d=mm&r=g","contentUrl":"https:\/\/secure.gravatar.com\/avatar\/fa4e62d5e59d9cf9995ea9c715a78807?s=96&d=mm&r=g","caption":"Raquel Oshio"},"description":"Raquel Kie \u00e9 amante de hist\u00f3rias e ca\u00e7adora de belezas escondidas. Jornalista de profiss\u00e3o e cora\u00e7\u00e3o. Desenhista e escritora de fic\u00e7\u00e3o nas horas vagas. Acredito no potencial transformador de todo trabalho feito com dedica\u00e7\u00e3o.","url":"https:\/\/militares.estrategia.com\/portal\/author\/raqueloshio\/"}]}},"_wl_alt_label":[],"wl:entity_url":"https:\/\/data.wordlift.io\/wl110246\/post\/eear-52690","_links":{"self":[{"href":"https:\/\/militares.estrategia.com\/portal\/wp-json\/wp\/v2\/posts\/52690","targetHints":{"allow":["GET"]}}],"collection":[{"href":"https:\/\/militares.estrategia.com\/portal\/wp-json\/wp\/v2\/posts"}],"about":[{"href":"https:\/\/militares.estrategia.com\/portal\/wp-json\/wp\/v2\/types\/post"}],"author":[{"embeddable":true,"href":"https:\/\/militares.estrategia.com\/portal\/wp-json\/wp\/v2\/users\/9"}],"replies":[{"embeddable":true,"href":"https:\/\/militares.estrategia.com\/portal\/wp-json\/wp\/v2\/comments?post=52690"}],"version-history":[{"count":1,"href":"https:\/\/militares.estrategia.com\/portal\/wp-json\/wp\/v2\/posts\/52690\/revisions"}],"predecessor-version":[{"id":52695,"href":"https:\/\/militares.estrategia.com\/portal\/wp-json\/wp\/v2\/posts\/52690\/revisions\/52695"}],"wp:featuredmedia":[{"embeddable":true,"href":"https:\/\/militares.estrategia.com\/portal\/wp-json\/wp\/v2\/media\/46025"}],"wp:attachment":[{"href":"https:\/\/militares.estrategia.com\/portal\/wp-json\/wp\/v2\/media?parent=52690"}],"wp:term":[{"taxonomy":"category","embeddable":true,"href":"https:\/\/militares.estrategia.com\/portal\/wp-json\/wp\/v2\/categories?post=52690"},{"taxonomy":"post_tag","embeddable":true,"href":"https:\/\/militares.estrategia.com\/portal\/wp-json\/wp\/v2\/tags?post=52690"},{"taxonomy":"wl_entity_type","embeddable":true,"href":"https:\/\/militares.estrategia.com\/portal\/wp-json\/wp\/v2\/wl_entity_type?post=52690"}],"curies":[{"name":"wp","href":"https:\/\/api.w.org\/{rel}","templated":true}]}}