{"id":52495,"date":"2022-02-23T18:31:48","date_gmt":"2022-02-23T21:31:48","guid":{"rendered":"https:\/\/militares.estrategia.com\/portal\/?p=52495"},"modified":"2022-02-23T18:31:54","modified_gmt":"2022-02-23T21:31:54","slug":"fn-2022-marinha-convoca-turma-ii-para-inspecao-de-saude-e-taf-i","status":"publish","type":"post","link":"https:\/\/militares.estrategia.com\/portal\/noticias\/fn-2022-marinha-convoca-turma-ii-para-inspecao-de-saude-e-taf-i\/","title":{"rendered":"FN 2022: Marinha convoca Turma II para Inspe\u00e7\u00e3o de Sa\u00fade e TAF-i"},"content":{"rendered":"\n<p>A Marinha do Brasil divulgou nesta quarta, dia 23 de fevereiro, as<strong> listas de convocados da Turma II <\/strong>para as etapas de <strong>Inspe\u00e7\u00e3o de Sa\u00fade e Teste de Aptid\u00e3o F\u00edsica<\/strong> do Concurso de Admiss\u00e3o dos Soldados Fuzileiros Navais 2022.  <\/p>\n\n\n\n<p>A Turma II inicia o ano letivo no segundo semestre de 2022 e as etapas eliminat\u00f3rias ainda est\u00e3o em andamento. As listas de convoca\u00e7\u00e3o a seguir foram divulgadas na p\u00e1gina do seletivo e apresentam o n\u00famero de inscri\u00e7\u00e3o dos candidatos que optaram por realizar as etapas no Rio de Janeiro. <\/p>\n\n\n\n<ul class=\"wp-block-list\"><li><a href=\"https:\/\/militares.estrategia.com\/portal\/wp-content\/uploads\/2022\/02\/Inspecao-de-Saude_FN-T-II-2022.pdf\" target=\"_blank\" >Lista de Convocados para a Inspe\u00e7\u00e3o de Sa\u00fade &#8211; Concurso Fuzileiro Naval 2022\/Turma II<\/a><\/li><li><a href=\"https:\/\/militares.estrategia.com\/portal\/wp-content\/uploads\/2022\/02\/FN-turma-II-2022_TAF-i.pdf\" target=\"_blank\" >Lista de Convocados para o Teste de Aptid\u00e3o F\u00edsica &#8211; Concurso Fuzileiro Naval 2022\/Turma II<\/a><\/li><\/ul>\n\n\n\n<p>Os candidatos podem ver na lista o dia e o hor\u00e1rio que devem se apresentar. As etapas ser\u00e3o realizadas de fevereiro a abril, segundo as datas nos documentos. Os candidatos que realizam o Teste de Aptid\u00e3o F\u00edsica devem apresentar um <strong>Atestado M\u00e9dico no dia da avalia\u00e7\u00e3o, concedido at\u00e9 30 dias antes. <\/strong><\/p>\n\n\n\n<p>A ideia \u00e9 verificar se o candidato est\u00e1 apto a participar do TAF-i. O modelo do atestado se encontra no Anexo P do<a href=\"https:\/\/militares.estrategia.com\/portal\/wp-content\/uploads\/2021\/04\/Edital_retificado-FN-2022.pdf\" target=\"_blank\" > Edital do Concurso Fuzileiros Navais 2022.<\/a> <\/p>\n\n\n\n<p>O\u00a0<a href=\"https:\/\/militares.estrategia.com\/portal\/guias\/marinha\/fuzileiro-naval\/\" target=\"_blank\" >Concurso Fuzileiro Naval\u00a0<\/a>acontece uma vez ao ano, mas seleciona candidatos tanto para o primeiro quanto para o segundo semestre do ano de ingresso \u2013 chamadas de Turma I e Turma II, respectivamente.\u00a0<strong>As datas das avalia\u00e7\u00f5es, com exce\u00e7\u00e3o das Provas Escritas, s\u00e3o distintas entre as turmas.<\/strong><\/p>\n\n\n\n<p>Se voc\u00ea tem o sonho de entrar para a Marinha do Brasil, o<strong> Edital do Concurso Fuzileiro Naval de 2023<\/strong> j\u00e1 foi divulgado! N\u00e3o perca tempo e comece j\u00e1 a estudar para o seletivo com os cursos on-line do Estrat\u00e9gia Militares. Clique no banner conhe\u00e7a! <\/p>\n\n\n\n<p><\/p>\n\n\n\n<p><strong><a id=\"cta\" class=\"cta-imagem\" href=\"https:\/\/militares.estrategia.com\/cursos\/marinha\/?id=9435af3d-fa8e-4f39-a4cf-4f7d8175e9ae\" target=\"blank\">\n                <img decoding=\"async\" width=\"100%\" src=\"https:\/\/militares.estrategia.com\/portal\/wp-content\/uploads\/2021\/07\/EM-CTA-Curso-Marinha.jpg\" alt=\"CTA MARINHA\" title=\"EM - CTA - Curso Online Marinha\">\n        <\/a><\/strong><\/p>\n\n\n","protected":false},"excerpt":{"rendered":"A Marinha do Brasil divulgou nesta quarta, dia 23 de fevereiro, as listas de convocados da Turma II&hellip;\n","protected":false},"author":9,"featured_media":47128,"comment_status":"closed","ping_status":"closed","sticky":false,"template":"","format":"standard","meta":{"wl_entities_gutenberg":"","footnotes":""},"categories":[36],"tags":[63,59,276,275],"wl_entity_type":[187],"class_list":{"0":"post-52495","1":"post","2":"type-post","3":"status-publish","4":"format-standard","5":"has-post-thumbnail","7":"category-noticias","8":"tag-concursofuzileironaval","9":"tag-fuzileironaval2022","10":"tag-276","11":"tag-fuzileiros-navais","12":"wl_entity_type-article"},"acf":[],"yoast_head":"<!-- This site is optimized with the Yoast SEO Premium plugin v26.6 (Yoast SEO v26.6) - https:\/\/yoast.com\/wordpress\/plugins\/seo\/ -->\n<title>FN 2022: Marinha convoca Turma II para Inspe\u00e7\u00e3o de Sa\u00fade e TAF-i<\/title>\n<meta name=\"description\" content=\"Veja listas de candidatos convocados da Turma II para a Inspe\u00e7\u00e3o de Sa\u00fade e Teste de Aptid\u00e3o F\u00edsica do Concurso Soldado Fuzileiro Naval 2022\" \/>\n<meta name=\"robots\" content=\"index, follow, max-snippet:-1, max-image-preview:large, max-video-preview:-1\" \/>\n<link rel=\"canonical\" href=\"https:\/\/militares.estrategia.com\/portal\/noticias\/fn-2022-marinha-convoca-turma-ii-para-inspecao-de-saude-e-taf-i\/\" \/>\n<meta property=\"og:locale\" content=\"pt_BR\" \/>\n<meta property=\"og:type\" content=\"article\" \/>\n<meta property=\"og:title\" content=\"FN 2022: Marinha convoca Turma II para Inspe\u00e7\u00e3o de Sa\u00fade e TAF-i\" \/>\n<meta property=\"og:description\" content=\"Veja listas de candidatos convocados da Turma II para a Inspe\u00e7\u00e3o de Sa\u00fade e Teste de Aptid\u00e3o F\u00edsica do Concurso Soldado Fuzileiro Naval 2022\" \/>\n<meta property=\"og:url\" content=\"https:\/\/militares.estrategia.com\/portal\/noticias\/fn-2022-marinha-convoca-turma-ii-para-inspecao-de-saude-e-taf-i\/\" \/>\n<meta property=\"og:site_name\" content=\"Estrat\u00e9gia Militares\" \/>\n<meta property=\"article:publisher\" content=\"https:\/\/www.facebook.com\/EstrategiaMilitares\" \/>\n<meta property=\"article:published_time\" content=\"2022-02-23T21:31:48+00:00\" \/>\n<meta property=\"article:modified_time\" content=\"2022-02-23T21:31:54+00:00\" \/>\n<meta property=\"og:image\" content=\"https:\/\/cdn.blog.estrategiavestibulares.com.br\/vestibulares\/wp-content\/uploads\/2021\/08\/Capas_Imagens-BLOG-2.jpg\" \/>\n\t<meta property=\"og:image:width\" content=\"960\" \/>\n\t<meta property=\"og:image:height\" content=\"540\" \/>\n\t<meta property=\"og:image:type\" content=\"image\/jpeg\" \/>\n<meta name=\"author\" content=\"Raquel Oshio\" \/>\n<meta name=\"twitter:card\" content=\"summary_large_image\" \/>\n<meta name=\"twitter:creator\" content=\"@estrategiamilit\" \/>\n<meta name=\"twitter:site\" content=\"@estrategiamilit\" \/>\n<meta name=\"twitter:label1\" content=\"Escrito por\" \/>\n\t<meta name=\"twitter:data1\" content=\"Raquel Oshio\" \/>\n\t<meta name=\"twitter:label2\" content=\"Est. tempo de leitura\" \/>\n\t<meta name=\"twitter:data2\" content=\"2 minutos\" \/>\n<script type=\"application\/ld+json\" class=\"yoast-schema-graph\">{\"@context\":\"https:\/\/schema.org\",\"@graph\":[{\"@type\":\"NewsArticle\",\"@id\":\"https:\/\/militares.estrategia.com\/portal\/noticias\/fn-2022-marinha-convoca-turma-ii-para-inspecao-de-saude-e-taf-i\/#article\",\"isPartOf\":{\"@id\":\"https:\/\/militares.estrategia.com\/portal\/noticias\/fn-2022-marinha-convoca-turma-ii-para-inspecao-de-saude-e-taf-i\/\"},\"author\":{\"name\":\"Raquel Oshio\",\"@id\":\"https:\/\/militares.estrategia.com\/portal\/#\/schema\/person\/46e1f54d690b6a851270112cd62d2f37\"},\"headline\":\"FN 2022: Marinha convoca Turma II para Inspe\u00e7\u00e3o de Sa\u00fade e TAF-i\",\"datePublished\":\"2022-02-23T21:31:48+00:00\",\"dateModified\":\"2022-02-23T21:31:54+00:00\",\"mainEntityOfPage\":{\"@id\":\"https:\/\/militares.estrategia.com\/portal\/noticias\/fn-2022-marinha-convoca-turma-ii-para-inspecao-de-saude-e-taf-i\/\"},\"wordCount\":323,\"publisher\":{\"@id\":\"https:\/\/militares.estrategia.com\/portal\/#organization\"},\"image\":{\"@id\":\"https:\/\/militares.estrategia.com\/portal\/noticias\/fn-2022-marinha-convoca-turma-ii-para-inspecao-de-saude-e-taf-i\/#primaryimage\"},\"thumbnailUrl\":\"https:\/\/militares.estrategia.com\/portal\/wp-content\/uploads\/2021\/08\/Capas_Imagens-BLOG-2.jpg\",\"keywords\":[\"#concursofuzileironaval\",\"#fuzileironaval2022\",\"2022\",\"Fuzileiros Navais\"],\"articleSection\":[\"Not\u00edcias\"],\"inLanguage\":\"pt-BR\"},{\"@type\":\"WebPage\",\"@id\":\"https:\/\/militares.estrategia.com\/portal\/noticias\/fn-2022-marinha-convoca-turma-ii-para-inspecao-de-saude-e-taf-i\/\",\"url\":\"https:\/\/militares.estrategia.com\/portal\/noticias\/fn-2022-marinha-convoca-turma-ii-para-inspecao-de-saude-e-taf-i\/\",\"name\":\"FN 2022: Marinha convoca Turma II para Inspe\u00e7\u00e3o de Sa\u00fade e TAF-i\",\"isPartOf\":{\"@id\":\"https:\/\/militares.estrategia.com\/portal\/#website\"},\"primaryImageOfPage\":{\"@id\":\"https:\/\/militares.estrategia.com\/portal\/noticias\/fn-2022-marinha-convoca-turma-ii-para-inspecao-de-saude-e-taf-i\/#primaryimage\"},\"image\":{\"@id\":\"https:\/\/militares.estrategia.com\/portal\/noticias\/fn-2022-marinha-convoca-turma-ii-para-inspecao-de-saude-e-taf-i\/#primaryimage\"},\"thumbnailUrl\":\"https:\/\/militares.estrategia.com\/portal\/wp-content\/uploads\/2021\/08\/Capas_Imagens-BLOG-2.jpg\",\"datePublished\":\"2022-02-23T21:31:48+00:00\",\"dateModified\":\"2022-02-23T21:31:54+00:00\",\"description\":\"Veja listas de candidatos convocados da Turma II para a Inspe\u00e7\u00e3o de Sa\u00fade e Teste de Aptid\u00e3o F\u00edsica do Concurso Soldado Fuzileiro Naval 2022\",\"breadcrumb\":{\"@id\":\"https:\/\/militares.estrategia.com\/portal\/noticias\/fn-2022-marinha-convoca-turma-ii-para-inspecao-de-saude-e-taf-i\/#breadcrumb\"},\"inLanguage\":\"pt-BR\",\"potentialAction\":[{\"@type\":\"ReadAction\",\"target\":[\"https:\/\/militares.estrategia.com\/portal\/noticias\/fn-2022-marinha-convoca-turma-ii-para-inspecao-de-saude-e-taf-i\/\"]}]},{\"@type\":\"ImageObject\",\"inLanguage\":\"pt-BR\",\"@id\":\"https:\/\/militares.estrategia.com\/portal\/noticias\/fn-2022-marinha-convoca-turma-ii-para-inspecao-de-saude-e-taf-i\/#primaryimage\",\"url\":\"https:\/\/militares.estrategia.com\/portal\/wp-content\/uploads\/2021\/08\/Capas_Imagens-BLOG-2.jpg\",\"contentUrl\":\"https:\/\/militares.estrategia.com\/portal\/wp-content\/uploads\/2021\/08\/Capas_Imagens-BLOG-2.jpg\",\"width\":960,\"height\":540,\"caption\":\"fuzileiro naval\"},{\"@type\":\"BreadcrumbList\",\"@id\":\"https:\/\/militares.estrategia.com\/portal\/noticias\/fn-2022-marinha-convoca-turma-ii-para-inspecao-de-saude-e-taf-i\/#breadcrumb\",\"itemListElement\":[{\"@type\":\"ListItem\",\"position\":1,\"name\":\"Home\",\"item\":\"https:\/\/militares.estrategia.com\/portal\/\"},{\"@type\":\"ListItem\",\"position\":2,\"name\":\"Not\u00edcias\",\"item\":\"https:\/\/militares.estrategia.com\/portal\/noticias\/\"},{\"@type\":\"ListItem\",\"position\":3,\"name\":\"FN 2022: Marinha convoca Turma II para Inspe\u00e7\u00e3o de Sa\u00fade e TAF-i\"}]},{\"@type\":\"WebSite\",\"@id\":\"https:\/\/militares.estrategia.com\/portal\/#website\",\"url\":\"https:\/\/militares.estrategia.com\/portal\/\",\"name\":\"Estrat\u00e9gia Militares\",\"description\":\"\",\"publisher\":{\"@id\":\"https:\/\/militares.estrategia.com\/portal\/#organization\"},\"potentialAction\":[{\"@type\":\"SearchAction\",\"target\":{\"@type\":\"EntryPoint\",\"urlTemplate\":\"https:\/\/militares.estrategia.com\/portal\/?s={search_term_string}\"},\"query-input\":{\"@type\":\"PropertyValueSpecification\",\"valueRequired\":true,\"valueName\":\"search_term_string\"}}],\"inLanguage\":\"pt-BR\"},{\"@type\":\"Organization\",\"@id\":\"https:\/\/militares.estrategia.com\/portal\/#organization\",\"name\":\"Estrat\u00e9gia Militares\",\"url\":\"https:\/\/militares.estrategia.com\/portal\/\",\"logo\":{\"@type\":\"ImageObject\",\"inLanguage\":\"pt-BR\",\"@id\":\"https:\/\/militares.estrategia.com\/portal\/#\/schema\/logo\/image\/\",\"url\":\"https:\/\/militares.estrategia.com\/portal\/wp-content\/uploads\/2021\/10\/logo-militares.webp\",\"contentUrl\":\"https:\/\/militares.estrategia.com\/portal\/wp-content\/uploads\/2021\/10\/logo-militares.webp\",\"width\":346,\"height\":90,\"caption\":\"Estrat\u00e9gia Militares\"},\"image\":{\"@id\":\"https:\/\/militares.estrategia.com\/portal\/#\/schema\/logo\/image\/\"},\"sameAs\":[\"https:\/\/www.facebook.com\/EstrategiaMilitares\",\"https:\/\/x.com\/estrategiamilit\",\"https:\/\/www.instagram.com\/estrategiamilitares\/\",\"https:\/\/www.youtube.com\/channel\/UCRG_9hakCqXxnj_8TqCdgTA\"]},{\"@type\":\"Person\",\"@id\":\"https:\/\/militares.estrategia.com\/portal\/#\/schema\/person\/46e1f54d690b6a851270112cd62d2f37\",\"name\":\"Raquel Oshio\",\"image\":{\"@type\":\"ImageObject\",\"inLanguage\":\"pt-BR\",\"@id\":\"https:\/\/militares.estrategia.com\/portal\/#\/schema\/person\/image\/\",\"url\":\"https:\/\/secure.gravatar.com\/avatar\/fa4e62d5e59d9cf9995ea9c715a78807?s=96&d=mm&r=g\",\"contentUrl\":\"https:\/\/secure.gravatar.com\/avatar\/fa4e62d5e59d9cf9995ea9c715a78807?s=96&d=mm&r=g\",\"caption\":\"Raquel Oshio\"},\"description\":\"Raquel Kie \u00e9 amante de hist\u00f3rias e ca\u00e7adora de belezas escondidas. Jornalista de profiss\u00e3o e cora\u00e7\u00e3o. Desenhista e escritora de fic\u00e7\u00e3o nas horas vagas. Acredito no potencial transformador de todo trabalho feito com dedica\u00e7\u00e3o.\",\"url\":\"https:\/\/militares.estrategia.com\/portal\/author\/raqueloshio\/\"}]}<\/script>\n<!-- \/ Yoast SEO Premium plugin. -->","yoast_head_json":{"title":"FN 2022: Marinha convoca Turma II para Inspe\u00e7\u00e3o de Sa\u00fade e TAF-i","description":"Veja listas de candidatos convocados da Turma II para a Inspe\u00e7\u00e3o de Sa\u00fade e Teste de Aptid\u00e3o F\u00edsica do Concurso Soldado Fuzileiro Naval 2022","robots":{"index":"index","follow":"follow","max-snippet":"max-snippet:-1","max-image-preview":"max-image-preview:large","max-video-preview":"max-video-preview:-1"},"canonical":"https:\/\/militares.estrategia.com\/portal\/noticias\/fn-2022-marinha-convoca-turma-ii-para-inspecao-de-saude-e-taf-i\/","og_locale":"pt_BR","og_type":"article","og_title":"FN 2022: Marinha convoca Turma II para Inspe\u00e7\u00e3o de Sa\u00fade e TAF-i","og_description":"Veja listas de candidatos convocados da Turma II para a Inspe\u00e7\u00e3o de Sa\u00fade e Teste de Aptid\u00e3o F\u00edsica do Concurso Soldado Fuzileiro Naval 2022","og_url":"https:\/\/militares.estrategia.com\/portal\/noticias\/fn-2022-marinha-convoca-turma-ii-para-inspecao-de-saude-e-taf-i\/","og_site_name":"Estrat\u00e9gia Militares","article_publisher":"https:\/\/www.facebook.com\/EstrategiaMilitares","article_published_time":"2022-02-23T21:31:48+00:00","article_modified_time":"2022-02-23T21:31:54+00:00","og_image":[{"width":960,"height":540,"url":"https:\/\/cdn.blog.estrategiavestibulares.com.br\/vestibulares\/wp-content\/uploads\/2021\/08\/Capas_Imagens-BLOG-2.jpg","type":"image\/jpeg"}],"author":"Raquel Oshio","twitter_card":"summary_large_image","twitter_creator":"@estrategiamilit","twitter_site":"@estrategiamilit","twitter_misc":{"Escrito por":"Raquel Oshio","Est. tempo de leitura":"2 minutos"},"schema":{"@context":"https:\/\/schema.org","@graph":[{"@type":"NewsArticle","@id":"https:\/\/militares.estrategia.com\/portal\/noticias\/fn-2022-marinha-convoca-turma-ii-para-inspecao-de-saude-e-taf-i\/#article","isPartOf":{"@id":"https:\/\/militares.estrategia.com\/portal\/noticias\/fn-2022-marinha-convoca-turma-ii-para-inspecao-de-saude-e-taf-i\/"},"author":{"name":"Raquel Oshio","@id":"https:\/\/militares.estrategia.com\/portal\/#\/schema\/person\/46e1f54d690b6a851270112cd62d2f37"},"headline":"FN 2022: Marinha convoca Turma II para Inspe\u00e7\u00e3o de Sa\u00fade e TAF-i","datePublished":"2022-02-23T21:31:48+00:00","dateModified":"2022-02-23T21:31:54+00:00","mainEntityOfPage":{"@id":"https:\/\/militares.estrategia.com\/portal\/noticias\/fn-2022-marinha-convoca-turma-ii-para-inspecao-de-saude-e-taf-i\/"},"wordCount":323,"publisher":{"@id":"https:\/\/militares.estrategia.com\/portal\/#organization"},"image":{"@id":"https:\/\/militares.estrategia.com\/portal\/noticias\/fn-2022-marinha-convoca-turma-ii-para-inspecao-de-saude-e-taf-i\/#primaryimage"},"thumbnailUrl":"https:\/\/militares.estrategia.com\/portal\/wp-content\/uploads\/2021\/08\/Capas_Imagens-BLOG-2.jpg","keywords":["#concursofuzileironaval","#fuzileironaval2022","2022","Fuzileiros Navais"],"articleSection":["Not\u00edcias"],"inLanguage":"pt-BR"},{"@type":"WebPage","@id":"https:\/\/militares.estrategia.com\/portal\/noticias\/fn-2022-marinha-convoca-turma-ii-para-inspecao-de-saude-e-taf-i\/","url":"https:\/\/militares.estrategia.com\/portal\/noticias\/fn-2022-marinha-convoca-turma-ii-para-inspecao-de-saude-e-taf-i\/","name":"FN 2022: Marinha convoca Turma II para Inspe\u00e7\u00e3o de Sa\u00fade e TAF-i","isPartOf":{"@id":"https:\/\/militares.estrategia.com\/portal\/#website"},"primaryImageOfPage":{"@id":"https:\/\/militares.estrategia.com\/portal\/noticias\/fn-2022-marinha-convoca-turma-ii-para-inspecao-de-saude-e-taf-i\/#primaryimage"},"image":{"@id":"https:\/\/militares.estrategia.com\/portal\/noticias\/fn-2022-marinha-convoca-turma-ii-para-inspecao-de-saude-e-taf-i\/#primaryimage"},"thumbnailUrl":"https:\/\/militares.estrategia.com\/portal\/wp-content\/uploads\/2021\/08\/Capas_Imagens-BLOG-2.jpg","datePublished":"2022-02-23T21:31:48+00:00","dateModified":"2022-02-23T21:31:54+00:00","description":"Veja listas de candidatos convocados da Turma II para a Inspe\u00e7\u00e3o de Sa\u00fade e Teste de Aptid\u00e3o F\u00edsica do Concurso Soldado Fuzileiro Naval 2022","breadcrumb":{"@id":"https:\/\/militares.estrategia.com\/portal\/noticias\/fn-2022-marinha-convoca-turma-ii-para-inspecao-de-saude-e-taf-i\/#breadcrumb"},"inLanguage":"pt-BR","potentialAction":[{"@type":"ReadAction","target":["https:\/\/militares.estrategia.com\/portal\/noticias\/fn-2022-marinha-convoca-turma-ii-para-inspecao-de-saude-e-taf-i\/"]}]},{"@type":"ImageObject","inLanguage":"pt-BR","@id":"https:\/\/militares.estrategia.com\/portal\/noticias\/fn-2022-marinha-convoca-turma-ii-para-inspecao-de-saude-e-taf-i\/#primaryimage","url":"https:\/\/militares.estrategia.com\/portal\/wp-content\/uploads\/2021\/08\/Capas_Imagens-BLOG-2.jpg","contentUrl":"https:\/\/militares.estrategia.com\/portal\/wp-content\/uploads\/2021\/08\/Capas_Imagens-BLOG-2.jpg","width":960,"height":540,"caption":"fuzileiro naval"},{"@type":"BreadcrumbList","@id":"https:\/\/militares.estrategia.com\/portal\/noticias\/fn-2022-marinha-convoca-turma-ii-para-inspecao-de-saude-e-taf-i\/#breadcrumb","itemListElement":[{"@type":"ListItem","position":1,"name":"Home","item":"https:\/\/militares.estrategia.com\/portal\/"},{"@type":"ListItem","position":2,"name":"Not\u00edcias","item":"https:\/\/militares.estrategia.com\/portal\/noticias\/"},{"@type":"ListItem","position":3,"name":"FN 2022: Marinha convoca Turma II para Inspe\u00e7\u00e3o de Sa\u00fade e TAF-i"}]},{"@type":"WebSite","@id":"https:\/\/militares.estrategia.com\/portal\/#website","url":"https:\/\/militares.estrategia.com\/portal\/","name":"Estrat\u00e9gia Militares","description":"","publisher":{"@id":"https:\/\/militares.estrategia.com\/portal\/#organization"},"potentialAction":[{"@type":"SearchAction","target":{"@type":"EntryPoint","urlTemplate":"https:\/\/militares.estrategia.com\/portal\/?s={search_term_string}"},"query-input":{"@type":"PropertyValueSpecification","valueRequired":true,"valueName":"search_term_string"}}],"inLanguage":"pt-BR"},{"@type":"Organization","@id":"https:\/\/militares.estrategia.com\/portal\/#organization","name":"Estrat\u00e9gia Militares","url":"https:\/\/militares.estrategia.com\/portal\/","logo":{"@type":"ImageObject","inLanguage":"pt-BR","@id":"https:\/\/militares.estrategia.com\/portal\/#\/schema\/logo\/image\/","url":"https:\/\/militares.estrategia.com\/portal\/wp-content\/uploads\/2021\/10\/logo-militares.webp","contentUrl":"https:\/\/militares.estrategia.com\/portal\/wp-content\/uploads\/2021\/10\/logo-militares.webp","width":346,"height":90,"caption":"Estrat\u00e9gia Militares"},"image":{"@id":"https:\/\/militares.estrategia.com\/portal\/#\/schema\/logo\/image\/"},"sameAs":["https:\/\/www.facebook.com\/EstrategiaMilitares","https:\/\/x.com\/estrategiamilit","https:\/\/www.instagram.com\/estrategiamilitares\/","https:\/\/www.youtube.com\/channel\/UCRG_9hakCqXxnj_8TqCdgTA"]},{"@type":"Person","@id":"https:\/\/militares.estrategia.com\/portal\/#\/schema\/person\/46e1f54d690b6a851270112cd62d2f37","name":"Raquel Oshio","image":{"@type":"ImageObject","inLanguage":"pt-BR","@id":"https:\/\/militares.estrategia.com\/portal\/#\/schema\/person\/image\/","url":"https:\/\/secure.gravatar.com\/avatar\/fa4e62d5e59d9cf9995ea9c715a78807?s=96&d=mm&r=g","contentUrl":"https:\/\/secure.gravatar.com\/avatar\/fa4e62d5e59d9cf9995ea9c715a78807?s=96&d=mm&r=g","caption":"Raquel Oshio"},"description":"Raquel Kie \u00e9 amante de hist\u00f3rias e ca\u00e7adora de belezas escondidas. Jornalista de profiss\u00e3o e cora\u00e7\u00e3o. Desenhista e escritora de fic\u00e7\u00e3o nas horas vagas. Acredito no potencial transformador de todo trabalho feito com dedica\u00e7\u00e3o.","url":"https:\/\/militares.estrategia.com\/portal\/author\/raqueloshio\/"}]}},"_wl_alt_label":[],"wl:entity_url":"https:\/\/data.wordlift.io\/wl110246\/post\/fn-52495","_links":{"self":[{"href":"https:\/\/militares.estrategia.com\/portal\/wp-json\/wp\/v2\/posts\/52495","targetHints":{"allow":["GET"]}}],"collection":[{"href":"https:\/\/militares.estrategia.com\/portal\/wp-json\/wp\/v2\/posts"}],"about":[{"href":"https:\/\/militares.estrategia.com\/portal\/wp-json\/wp\/v2\/types\/post"}],"author":[{"embeddable":true,"href":"https:\/\/militares.estrategia.com\/portal\/wp-json\/wp\/v2\/users\/9"}],"replies":[{"embeddable":true,"href":"https:\/\/militares.estrategia.com\/portal\/wp-json\/wp\/v2\/comments?post=52495"}],"version-history":[{"count":1,"href":"https:\/\/militares.estrategia.com\/portal\/wp-json\/wp\/v2\/posts\/52495\/revisions"}],"predecessor-version":[{"id":52498,"href":"https:\/\/militares.estrategia.com\/portal\/wp-json\/wp\/v2\/posts\/52495\/revisions\/52498"}],"wp:featuredmedia":[{"embeddable":true,"href":"https:\/\/militares.estrategia.com\/portal\/wp-json\/wp\/v2\/media\/47128"}],"wp:attachment":[{"href":"https:\/\/militares.estrategia.com\/portal\/wp-json\/wp\/v2\/media?parent=52495"}],"wp:term":[{"taxonomy":"category","embeddable":true,"href":"https:\/\/militares.estrategia.com\/portal\/wp-json\/wp\/v2\/categories?post=52495"},{"taxonomy":"post_tag","embeddable":true,"href":"https:\/\/militares.estrategia.com\/portal\/wp-json\/wp\/v2\/tags?post=52495"},{"taxonomy":"wl_entity_type","embeddable":true,"href":"https:\/\/militares.estrategia.com\/portal\/wp-json\/wp\/v2\/wl_entity_type?post=52495"}],"curies":[{"name":"wp","href":"https:\/\/api.w.org\/{rel}","templated":true}]}}