{"id":52449,"date":"2022-02-25T07:00:00","date_gmt":"2022-02-25T10:00:00","guid":{"rendered":"https:\/\/militares.estrategia.com\/portal\/?p=52449"},"modified":"2022-10-27T10:17:25","modified_gmt":"2022-10-27T13:17:25","slug":"proclamacao-da-republica-no-brasil","status":"publish","type":"post","link":"https:\/\/militares.estrategia.com\/portal\/materias-e-dicas\/historia\/proclamacao-da-republica-no-brasil\/","title":{"rendered":"Proclama\u00e7\u00e3o da Rep\u00fablica no Brasil: como foi e muito mais!"},"content":{"rendered":"\n<p>Confira como foi a Proclama\u00e7\u00e3o da Rep\u00fablica no Brasil nesse artigo que o <strong>Estrat\u00e9gia Militares <\/strong>preparou para voc\u00ea. Nele h\u00e1 muitas informa\u00e7\u00f5es e curiosidades sobre a hist\u00f3ria do fim do governo imperial e o in\u00edcio do governo republicano no pa\u00eds.<\/p>\n\n\n\n<p><strong>A proclama\u00e7\u00e3o da Rep\u00fablica n\u00e3o foi algo que aconteceu repentinamente. <\/strong>No decorrer da<a href=\"https:\/\/vestibulares.estrategia.com\/portal\/historia\/segundo-reinado\/\" target=\"_blank\" > segunda metade do s\u00e9culo XIX,<\/a> o Imp\u00e9rio se envolveu numa s\u00e9rie de <strong>conflitos que desgastaram a imagem e o poder imperial.&nbsp;<\/strong><\/p>\n\n\n\n<div id=\"ez-toc-container\" class=\"ez-toc-v2_0_79_2 counter-hierarchy ez-toc-counter ez-toc-transparent ez-toc-container-direction\">\n<div class=\"ez-toc-title-container\"><p class=\"ez-toc-title\" style=\"cursor:inherit\">Navegue pelo conte\u00fado\t<\/p>\n<\/div><nav><ul class='ez-toc-list ez-toc-list-level-1 ' ><li class='ez-toc-page-1 ez-toc-heading-level-2'><a class=\"ez-toc-link ez-toc-heading-1\" href=\"https:\/\/militares.estrategia.com\/portal\/materias-e-dicas\/historia\/proclamacao-da-republica-no-brasil\/#Antecedentes-da-Proclamacao-da-Republica\" >Antecedentes da Proclama\u00e7\u00e3o da Rep\u00fablica&nbsp;<\/a><\/li><li class='ez-toc-page-1 ez-toc-heading-level-2'><a class=\"ez-toc-link ez-toc-heading-2\" href=\"https:\/\/militares.estrategia.com\/portal\/materias-e-dicas\/historia\/proclamacao-da-republica-no-brasil\/#O-enfraquecimento-do-governo-imperial\" >O enfraquecimento do governo imperial<\/a><\/li><li class='ez-toc-page-1 ez-toc-heading-level-2'><a class=\"ez-toc-link ez-toc-heading-3\" href=\"https:\/\/militares.estrategia.com\/portal\/materias-e-dicas\/historia\/proclamacao-da-republica-no-brasil\/#Como-foi-a-Proclamacao-da-Republica-do-Brasil\" >Como foi a Proclama\u00e7\u00e3o da Rep\u00fablica do Brasil?<\/a><\/li><li class='ez-toc-page-1 ez-toc-heading-level-2'><a class=\"ez-toc-link ez-toc-heading-4\" href=\"https:\/\/militares.estrategia.com\/portal\/materias-e-dicas\/historia\/proclamacao-da-republica-no-brasil\/#Veja-tambem\" >Veja tamb\u00e9m:<\/a><\/li><\/ul><\/nav><\/div>\n<h2 class=\"wp-block-heading\" id=\"h-antecedentes-da-proclamacao-da-republica\"><span class=\"ez-toc-section\" id=\"Antecedentes-da-Proclamacao-da-Republica\"><\/span>Antecedentes da Proclama\u00e7\u00e3o da Rep\u00fablica&nbsp;<span class=\"ez-toc-section-end\"><\/span><\/h2>\n\n\n\n<p>Contribu\u00edram para a crise do imp\u00e9rio, entre outros fatores,<strong> o movimento republicano, os conflitos do governo imperial com a Igreja e o Ex\u00e9rcito e, principalmente,<\/strong><\/p>\n\n\n\n<p><strong>o processo abolicionista.<\/strong><\/p>\n\n\n\n<p><\/p>\n\n\n<div id=\"new-form\">\n\t<form id=\"forms_layout\">\n\t<input type=\"hidden\" id=\"chave_de\" name=\"chave_de\" value=\"01_EMIL_LEADS_TOTAIS\" \/>\n\t\t<input type=\"hidden\" id=\"mid\" name=\"mid\" value=\"515009017\" \/>\n\t\t<input type=\"hidden\" id=\"Objetivo\" name=\"Objetivo\" value=\"Militares\" \/>\n\t\t<input type=\"hidden\" id=\"Estado_de_Origem_do_IP\" name=\"Estado_de_Origem_do_IP\"  value=\"\" \/>\n\t\t<input type=\"hidden\" id=\"Cidade_de_Origem_do_IP\" name=\"Cidade_de_Origem_do_IP\" value=\"\" \/>\n\t\t<input type=\"hidden\" id=\"Modo_de_entrada\" name=\"Modo_de_entrada\" value=\"Portal\" \/>\n\t\t<input type=\"hidden\" id=\"Pagina_Origem\" name=\"Pagina_Origem\" value=\"\" \/>\n\n\t\t<div class=\"texto\">\n\t\t\t<h3 class=\"news\">Inscreva-se em nossa newsletter!<\/h3>\n\t\t\t<p>Receba not\u00edcias sobre os mais importantes concursos para as For\u00e7as Armadas brasileiras e informa\u00e7\u00f5es sobre o mundo militar!<\/p>\n\t\t<\/div>\n\t\t<div class=\"campos\">\n\t\t\t<div class=\"first_name labels\">\n\t\t\t\t<input type=\"text\" class=\"input_labels\" id=\"first_name\" name=\"Nome_Completo\" placeholder=\"Nome\" required \/>\n\t\t\t<\/div>\n\t\t\t<div class=\"email labels\">\n\t\t\t\t<input type=\"email\" class=\"input_labels\" id=\"email\" name=\"Email\" placeholder=\"E-mail\" required \/>\n\t\t\t<\/div>\n\t\t\t<button type=\"submit\" class=\"button_layout\">\n\t\t\t\t<div id=\"lblBotao\">Inscreva-se<\/div>\n\t\t\t\t<span id=\"divSpiner\" class=\"loader\" role=\"status\" style=\"display: none;\"><\/span>\t\n\t\t\t<\/button>\n\t\t<\/div><!-- \/campos -->\n\t\t\n\t\t<label class=\"container_checkbox\">Voc\u00ea concorda com a nossa\n\t\t\t<a class=\"politics_privacy_ahref\" target=\"_blank\" href=\"https:\/\/gratis.estrategiaconcursos.com.br\/politica-de-privacidade\/\">Pol\u00edtica de Privacidade<\/a> e aceita receber informa\u00e7\u00f5es adicionais do Estrat\u00e9gia Educacional.\n\t\t\t<input id=\"checkbox_layout\" type=\"checkbox\" checked=\"checked\" required \/>\n\t\t\t<span class=\"checkbox\"><\/span>\n\t\t<\/label>\n\t\t<div id=\"msg\"><\/div>\n\t\t<div id=\"error\" class=\"error\">\n\t\t<\/div>\n\t<\/form>\n<\/div><!-- \/new-form -->\n\n\n\n<h3 class=\"wp-block-heading\" id=\"h-questao-religiosa\">Quest\u00e3o Religiosa<\/h3>\n\n\n\n<p><strong>A Igreja era submetida ao poder Imperial,<\/strong> fato confirmado na Constitui\u00e7\u00e3o de 1824 por meio do <strong>Padroado e Benepl\u00e1cito<\/strong>. Isso significava, entre outras coisas, que nenhuma ordem do Papa poderia vigorar no Brasil sem antes ter sido<strong> aprovada pelo imperador.<\/strong><\/p>\n\n\n\n<p>Em 1864, o Papa Pio IX publicou a<strong> <\/strong><strong><em>Bula Syllabus<\/em><\/strong><strong> que ordenava o completo distanciamento da Igreja em rela\u00e7\u00e3o aos ma\u00e7ons.<\/strong> Por\u00e9m, diante do poder do Benepl\u00e1cito,<strong> o Imperador n\u00e3o concedeu o <\/strong><strong><em>Placet<\/em><\/strong><strong> &#8211; visto de autoriza\u00e7\u00e3o &#8211; \u00e0 Bula.<\/strong><\/p>\n\n\n\n<p>Em 1872, no entanto, D. Vidal e D. Macedo, bispos de Olinda e de Bel\u00e9m, respectivamente, seguindo ordens do papa Pio IX, <strong>puniram religiosos ligados \u00e0 ma\u00e7onaria.<\/strong> D. Pedro II, atendendo a pedidos de grupos ma\u00e7\u00f4nicos, solicitou aos bispos que suspendessem as puni\u00e7\u00f5es.<strong> Por\u00e9m, eles se recusaram a obedecer ao imperador, foram condenados a quatro anos de pris\u00e3o.<\/strong><\/p>\n\n\n\n<p>A puni\u00e7\u00e3o gerou grande <strong>revolta entre os cat\u00f3licos. <\/strong>Para superar a crise, os bispos receberam o <strong>perd\u00e3o imperial em 1875 e foram libertados,<\/strong> mas, apesar da soltura, este epis\u00f3dio levou a <strong>Igreja a romper com o Imp\u00e9rio.<\/strong><\/p>\n\n\n\n<h3 class=\"wp-block-heading\" id=\"h-questao-militar\">Quest\u00e3o Militar&nbsp;<\/h3>\n\n\n\n<p>Ao retornar da Guerra do Paraguai, <strong>o Ex\u00e9rcito Brasileiro adquiriu maior for\u00e7a e express\u00e3o pol\u00edtica dentro da sociedade brasileira.<\/strong> As escolas militares passaram a ganhar import\u00e2ncia, com destaque para a <strong>Escola Militar da Praia Vermelha, no Rio de Janeiro.<\/strong><\/p>\n\n\n\n<p>O governo mon\u00e1rquico, no entanto, n\u00e3o percebia essa mudan\u00e7a nem a valorizava, pois at\u00e9 ent\u00e3o nunca precisou do corpo militar organizado para se manter no poder, j\u00e1 que podia contar com a Guarda Nacional, criada em 1831.<\/p>\n\n\n\n<p>Nas decis\u00f5es pol\u00edticas, <strong>o poder dos civis era enorme em rela\u00e7\u00e3o ao dos militares.<\/strong> Diante disso, <strong>parte dos oficiais do Ex\u00e9rcito n\u00e3o se conformava com a situa\u00e7\u00e3o<\/strong> e pretendiam se inserir mais ativamente na vida p\u00fablica, acreditando no patriotismo como meio para conseguir a \u201csalva\u00e7\u00e3o nacional\u201d.<\/p>\n\n\n\n<p>O Ex\u00e9rcito, portanto,<strong> passou a questionar a sua condi\u00e7\u00e3o de exclus\u00e3o pol\u00edtica, <\/strong>chegando a ter dois de seus oficiais participando de eventos na imprensa para criticar essa situa\u00e7\u00e3o.&nbsp;<\/p>\n\n\n\n<p>Por\u00e9m, como essa atitude era proibida e vista como indisciplina, <strong>resultou em pris\u00f5es, <\/strong>o que levou <strong>o marechal Deodoro da Fonseca a assinar um manifesto.<\/strong> Junto ao corpo de militares, ele se colocou em <strong>oposi\u00e7\u00e3o ao governo de D. Pedro II.<\/strong><\/p>\n\n\n\n<div class=\"wp-block-image\"><figure class=\"aligncenter size-full\"><img decoding=\"async\" width=\"506\" height=\"640\" src=\"https:\/\/militares.estrategia.com\/portal\/wp-content\/uploads\/2022\/02\/image-1-7.jpeg\" alt=\"D. Pedro II\" class=\"wp-image-52450\"\/><\/figure><\/div>\n\n\n\n<h3 class=\"wp-block-heading\" id=\"h-movimento-republicano\">Movimento republicano<\/h3>\n\n\n\n<p>As ideias republicanas j\u00e1 faziam parte de diversos movimentos, <strong>como a Inconfid\u00eancia Mineira, a Conjura\u00e7\u00e3o Baiana, a Revolu\u00e7\u00e3o Pernambucana e a Confedera\u00e7\u00e3o do Equador. <\/strong>No entanto, foi s\u00f3 a partir de 1870, com o fim da Guerra do Paraguai, <strong>que o movimento republicano estruturou-se de maneira concreta.<\/strong><\/p>\n\n\n\n<p>Neste ano, l\u00edderes republicanos do Rio de Janeiro lan\u00e7aram o<strong> Manifesto Republicano,<\/strong> que em um de seus trechos declarava:&nbsp;<\/p>\n\n\n\n<p class=\"has-text-align-center\"><em>\u201cSomos da Am\u00e9rica e queremos ser americanos.\u201d<\/em><\/p>\n\n\n\n<div class=\"wp-block-group\"><div class=\"wp-block-group__inner-container is-layout-flow wp-block-group-is-layout-flow\">\n<p class=\"cnvs-block-core-paragraph-1645500529168\"><strong>Era&nbsp; uma refer\u00eancia ao fato de o Brasil ser o \u00fanico pa\u00eds que mantinha o regime mon\u00e1rquico no continente americano.<\/strong><\/p>\n\n\n\n<p class=\"cnvs-block-core-paragraph-1645500765952\"><strong>Em 1873, foi fundado o Partido Republicano Paulista, na Conven\u00e7\u00e3o de Itu, em S\u00e3o Paulo.<\/strong> <strong>Esse partido foi apoiado por importantes fazendeiros de caf\u00e9 de S\u00e3o Paulo<\/strong> e logo passou a contar com seguidores no Rio de Janeiro, em Minas Gerais e no Rio Grande do Sul.<\/p>\n<\/div><\/div>\n\n\n\n<h3 class=\"wp-block-heading\" id=\"h-questao-social\">Quest\u00e3o Social<\/h3>\n\n\n\n<p>A luta dos negros contra a escravid\u00e3o ganhava cada vez mais adeptos na sociedade j\u00e1 que, neste per\u00edodo, <strong>o sentimento abolicionista estava presente em diversos setores intelectuais e dos oficiais do Ex\u00e9rcito, al\u00e9m da pr\u00f3pria opini\u00e3o partid\u00e1ria completamente favor\u00e1vel ao fim da escravatura.<\/strong><\/p>\n\n\n\n<p><strong>Em 13 de maio de 1888, \u00e9 assinada a Lei \u00c1urea abolindo definitivamente a escravid\u00e3o. <\/strong>No entanto, n\u00e3o houve i<strong>ndeniza\u00e7\u00f5es aos propriet\u00e1rios que, insatisfeitos, romperam com o Imp\u00e9rio e<\/strong> entraram no <strong>PRP &#8211; Partido Republicano Paulista -, sendo chamados por isso de republicanos de \u00faltima hora.<\/strong><\/p>\n\n\n\n<h2 class=\"wp-block-heading\" id=\"h-o-enfraquecimento-do-governo-imperial\"><span class=\"ez-toc-section\" id=\"O-enfraquecimento-do-governo-imperial\"><\/span>O enfraquecimento do governo imperial<span class=\"ez-toc-section-end\"><\/span><\/h2>\n\n\n\n<p>A alian\u00e7a entre membros do <a href=\"https:\/\/militares.estrategia.com\/portal\/guias\/exercito\/como-entrar-no-exercito-brasileiro\/\" target=\"_blank\" >Ex\u00e9rcito<\/a>, cafeicultores paulistas e setores m\u00e9dios urbanos, todos sem participa\u00e7\u00e3o no cen\u00e1rio pol\u00edtico do Imp\u00e9rio, possibilitou o advento do republicanismo, observado passivamente pela Igreja.&nbsp;<\/p>\n\n\n\n<p><strong>Os membros das aristocracias agr\u00e1rias tradicionais (nordestina e sulista), por sua vez, viam na aboli\u00e7\u00e3o da escravid\u00e3o uma trai\u00e7\u00e3o do governo imperial.<\/strong> Por isso, distanciaram-se dele a partir de 1888, enfraquecendo ainda mais o regime.<\/p>\n\n\n\n<h2 class=\"wp-block-heading\" id=\"h-como-foi-a-proclamacao-da-republica-do-brasil\"><span class=\"ez-toc-section\" id=\"Como-foi-a-Proclamacao-da-Republica-do-Brasil\"><\/span>Como foi a Proclama\u00e7\u00e3o da Rep\u00fablica do Brasil?<span class=\"ez-toc-section-end\"><\/span><\/h2>\n\n\n\n<p>No final de 1888, D. Pedro II nomeou para o cargo de Primeiro-Ministro, Afonso Celso Figueiredo, <strong>com a inten\u00e7\u00e3o de que ele pudesse estabelecer reformas que aproximasse o Brasil do projeto republicano.<\/strong><\/p>\n\n\n\n<p>Entretanto, o parlamento brasileiro, <strong>cujos deputados tentavam ainda manter seus privil\u00e9gios, negou a aprova\u00e7\u00e3o das mudan\u00e7as propostas, <\/strong>o que gerou uma crise com meses de dura\u00e7\u00e3o.&nbsp;<\/p>\n\n\n\n<p>Os republicanos aproveitaram a instabilidade para divulgar um<strong> boato de que D. Pedro II realizaria uma repress\u00e3o contra os militares que fossem a favor da Rep\u00fablica, incluindo a pris\u00e3o de Deodoro da Fonseca e Benjamin Constant, cr\u00edtico do regime.<\/strong><\/p>\n\n\n\n<p>Na noite de 14 de novembro, as unidades militares que estavam em S\u00e3o Crist\u00f3v\u00e3o, no Rio de Janeiro, <strong>se rebelaram.<\/strong><\/p>\n\n\n\n<div class=\"wp-block-image\"><figure class=\"aligncenter size-large\"><img decoding=\"async\" width=\"1024\" height=\"724\" src=\"https:\/\/militares.estrategia.com\/portal\/wp-content\/uploads\/2022\/02\/image-1-8-1024x724.webp\" alt=\"&quot;O nascimento da Rep\u00fablica&quot; - \u00d3leo sobre tela\" class=\"wp-image-52451\" srcset=\"https:\/\/militares.estrategia.com\/portal\/wp-content\/uploads\/2022\/02\/image-1-8-1024x724.webp 1024w, https:\/\/militares.estrategia.com\/portal\/wp-content\/uploads\/2022\/02\/image-1-8-768x543.webp 768w, https:\/\/militares.estrategia.com\/portal\/wp-content\/uploads\/2022\/02\/image-1-8-800x566.webp 800w, https:\/\/militares.estrategia.com\/portal\/wp-content\/uploads\/2022\/02\/image-1-8-1160x820.webp 1160w, https:\/\/militares.estrategia.com\/portal\/wp-content\/uploads\/2022\/02\/image-1-8.jpeg 1280w\" sizes=\"(max-width: 1024px) 100vw, 1024px\" \/><figcaption>&#8220;O nascimento da Rep\u00fablica&#8221; &#8211; \u00d3leo sobre tela<\/figcaption><\/figure><\/div>\n\n\n\n<p>Na manh\u00e3 do dia 15 de novembro de 1889, a uni\u00e3o entre Civis (cafeicultores articulados em torno do PRP) e Militares, <strong>chefiados pelo <\/strong><a href=\"https:\/\/militares.estrategia.com\/portal\/historia\/marechal-deodoro-da-fonseca-o-primeiro-presidente-do-brasil\/\" target=\"_blank\" ><strong>marechal Deodoro da Fonseca<\/strong><\/a><strong> dep\u00f5em o Minist\u00e9rio Imperial e prendem seu Presidente, o Visconde de Ouro Preto<\/strong><\/p>\n\n\n\n<p><strong>Naquela noite, constituiu-se o Governo Provis\u00f3rio da Rep\u00fablica dos Estados Unidos do Brasil.<\/strong> D. Pedro II, que estava em Petr\u00f3polis durante esses acontecimentos, recebeu<\/p>\n\n\n\n<p>no dia seguinte <strong>um documento do novo governo solicitando que ele e a fam\u00edlia real se retirassem do pa\u00eds.<\/strong><\/p>\n\n\n\n<p>Em 18 de dezembro de 1889,<strong> o imperador deposto embarcou com a fam\u00edlia para a Europa. <\/strong><a href=\"https:\/\/vestibulares.estrategia.com\/portal\/historia\/republica-no-brasil\/\" target=\"_blank\" >Proclamada a Rep\u00fablica,<\/a> <strong>instituiu-se imediatamente um governo provis\u00f3rio, <\/strong>chefiado pelo<strong> marechal Deodoro da Fonseca.<\/strong>&nbsp;<\/p>\n\n\n\n<p>O governo provis\u00f3rio, formado na noite de 15 de novembro de 1889, <strong>deveria dirigir o pa\u00eds at\u00e9 que fosse elaborada uma nova constitui\u00e7\u00e3o.<\/strong><\/p>\n\n\n\n<p><br>Curtiu a leitura!? Voc\u00ea pode sempre se manter informado visitando o<a href=\"https:\/\/militares.estrategia.com\/portal\/\" target=\"_blank\" > Portal do Estrat\u00e9gia Militares!<\/a> Confira, tamb\u00e9m, o <strong>Banco de Quest\u00f5es do Estrat\u00e9gia Militares<\/strong>. S\u00e3o milhares de quest\u00f5es para voc\u00ea se preparar e ser aprovado no seu concurso militar. Vem ser coruja!<\/p>\n\n\n\n<p><strong><a id=\"cta\" class=\"cta-imagem\" href=\"https:\/\/militares.estrategia.com\/curso\/banco-de-questes-anual\/\" target=\"blank\">\n                <img decoding=\"async\" width=\"100%\" src=\"https:\/\/militares.estrategia.com\/portal\/wp-content\/uploads\/2023\/02\/EM-Banco-de-Questoes.jpg\" alt=\"EM - Banco de Questo\u0303es\" title=\"EM - Banco de Questo\u0303es\">\n        <\/a><\/strong><\/p>\n\n\n\n\n\n<p><\/p>\n\n\n\n\n\n<h2 class=\"wp-block-heading\"><span class=\"ez-toc-section\" id=\"Veja-tambem\"><\/span>Veja tamb\u00e9m:<span class=\"ez-toc-section-end\"><\/span><\/h2>\n\n\n\n<ul class=\"wp-block-list\"><li><a href=\"https:\/\/militares.estrategia.com\/portal\/materias-e-dicas\/historia\/marechal-deodoro-da-fonseca-o-primeiro-presidente-do-brasil\/\">Marechal Deodoro da Fonseca: o primeiro presidente do Brasil<\/a><\/li><li><a href=\"https:\/\/militares.estrategia.com\/portal\/materias-e-dicas\/historia\/alberto-santos-dumont\/\">Alberto Santos Dumont: conhe\u00e7a a biografia do pai da avia\u00e7\u00e3o<\/a><\/li><li><a href=\"https:\/\/militares.estrategia.com\/portal\/materias-e-dicas\/historia\/a-batalha-do-passo-do-rosario\/\">A Batalha do Passo do Ros\u00e1rio: causas, consequ\u00eancias e muito mais<\/a><\/li><li><a href=\"https:\/\/militares.estrategia.com\/portal\/materias-e-dicas\/historia\/batalha-de-monte-castelo\/\">Batalha de Monte Castelo: o que foi, a participa\u00e7\u00e3o da FEB e muito mais<\/a><\/li><li><a href=\"https:\/\/militares.estrategia.com\/portal\/materias-e-dicas\/historia\/guerra-do-paraguai\/\">Guerra do Paraguai: causas, consequ\u00eancias e muito mais<\/a><\/li><li><a href=\"https:\/\/militares.estrategia.com\/portal\/materias-e-dicas\/historia\/povos-indigenas-brasileiros\/\">Povos ind\u00edgenas brasileiros: quem eram, onde viviam e muito mais<\/a><\/li><li><a href=\"https:\/\/militares.estrategia.com\/portal\/materias-e-dicas\/historia\/a-morte-de-solano-lopez\/\">A morte de Solano L\u00f3pez e o fim da Guerra do Paraguai<\/a><\/li><\/ul>\n","protected":false},"excerpt":{"rendered":"Confira como foi a Proclama\u00e7\u00e3o da Rep\u00fablica no Brasil nesse artigo que o Estrat\u00e9gia Militares preparou para voc\u00ea.&hellip;\n","protected":false},"author":52,"featured_media":52451,"comment_status":"closed","ping_status":"closed","sticky":false,"template":"","format":"standard","meta":{"wl_entities_gutenberg":"","footnotes":""},"categories":[29],"tags":[],"wl_entity_type":[187],"class_list":{"0":"post-52449","1":"post","2":"type-post","3":"status-publish","4":"format-standard","5":"has-post-thumbnail","7":"category-historia","8":"wl_entity_type-article"},"acf":[],"yoast_head":"<!-- This site is optimized with the Yoast SEO Premium plugin v26.6 (Yoast SEO v26.6) - https:\/\/yoast.com\/wordpress\/plugins\/seo\/ -->\n<title>Proclama\u00e7\u00e3o da Rep\u00fablica no Brasil: como foi e muito mais!<\/title>\n<meta name=\"description\" content=\"Clique aqui e e tenha todas as informa\u00e7\u00f5es sobre a Proclama\u00e7\u00e3o da Rep\u00fablica do Brasil, quem foram os participantes e muitas curiosidades!\" \/>\n<meta name=\"robots\" content=\"index, follow, max-snippet:-1, max-image-preview:large, max-video-preview:-1\" \/>\n<link rel=\"canonical\" href=\"https:\/\/militares.estrategia.com\/portal\/materias-e-dicas\/historia\/proclamacao-da-republica-no-brasil\/\" \/>\n<meta property=\"og:locale\" content=\"pt_BR\" \/>\n<meta property=\"og:type\" content=\"article\" \/>\n<meta property=\"og:title\" content=\"Proclama\u00e7\u00e3o da Rep\u00fablica no Brasil: como foi e muito mais!\" \/>\n<meta property=\"og:description\" content=\"Clique aqui e e tenha todas as informa\u00e7\u00f5es sobre a Proclama\u00e7\u00e3o da Rep\u00fablica do Brasil, quem foram os participantes e muitas curiosidades!\" \/>\n<meta property=\"og:url\" content=\"https:\/\/militares.estrategia.com\/portal\/materias-e-dicas\/historia\/proclamacao-da-republica-no-brasil\/\" \/>\n<meta property=\"og:site_name\" content=\"Estrat\u00e9gia Militares\" \/>\n<meta property=\"article:publisher\" content=\"https:\/\/www.facebook.com\/EstrategiaMilitares\" \/>\n<meta property=\"article:published_time\" content=\"2022-02-25T10:00:00+00:00\" \/>\n<meta property=\"article:modified_time\" content=\"2022-10-27T13:17:25+00:00\" \/>\n<meta property=\"og:image\" content=\"https:\/\/cdn.blog.estrategiavestibulares.com.br\/vestibulares\/wp-content\/uploads\/2022\/02\/image-1-8.jpeg\" \/>\n\t<meta property=\"og:image:width\" content=\"1280\" \/>\n\t<meta property=\"og:image:height\" content=\"905\" \/>\n\t<meta property=\"og:image:type\" content=\"image\/jpeg\" \/>\n<meta name=\"author\" content=\"Vin\u00edcius Brigolini\" \/>\n<meta name=\"twitter:card\" content=\"summary_large_image\" \/>\n<meta name=\"twitter:creator\" content=\"@estrategiamilit\" \/>\n<meta name=\"twitter:site\" content=\"@estrategiamilit\" \/>\n<meta name=\"twitter:label1\" content=\"Escrito por\" \/>\n\t<meta name=\"twitter:data1\" content=\"Vin\u00edcius Brigolini\" \/>\n\t<meta name=\"twitter:label2\" content=\"Est. tempo de leitura\" \/>\n\t<meta name=\"twitter:data2\" content=\"7 minutos\" \/>\n<script type=\"application\/ld+json\" class=\"yoast-schema-graph\">{\"@context\":\"https:\/\/schema.org\",\"@graph\":[{\"@type\":\"Article\",\"@id\":\"https:\/\/militares.estrategia.com\/portal\/materias-e-dicas\/historia\/proclamacao-da-republica-no-brasil\/#article\",\"isPartOf\":{\"@id\":\"https:\/\/militares.estrategia.com\/portal\/materias-e-dicas\/historia\/proclamacao-da-republica-no-brasil\/\"},\"author\":{\"name\":\"Vin\u00edcius Brigolini\",\"@id\":\"https:\/\/militares.estrategia.com\/portal\/#\/schema\/person\/6587b50abb02ffb0d1d0b50c12a6b317\"},\"headline\":\"Proclama\u00e7\u00e3o da Rep\u00fablica no Brasil: como foi e muito mais!\",\"datePublished\":\"2022-02-25T10:00:00+00:00\",\"dateModified\":\"2022-10-27T13:17:25+00:00\",\"mainEntityOfPage\":{\"@id\":\"https:\/\/militares.estrategia.com\/portal\/materias-e-dicas\/historia\/proclamacao-da-republica-no-brasil\/\"},\"wordCount\":1312,\"publisher\":{\"@id\":\"https:\/\/militares.estrategia.com\/portal\/#organization\"},\"image\":{\"@id\":\"https:\/\/militares.estrategia.com\/portal\/materias-e-dicas\/historia\/proclamacao-da-republica-no-brasil\/#primaryimage\"},\"thumbnailUrl\":\"https:\/\/militares.estrategia.com\/portal\/wp-content\/uploads\/2022\/02\/image-1-8.jpeg\",\"articleSection\":[\"Hist\u00f3ria\"],\"inLanguage\":\"pt-BR\"},{\"@type\":\"WebPage\",\"@id\":\"https:\/\/militares.estrategia.com\/portal\/materias-e-dicas\/historia\/proclamacao-da-republica-no-brasil\/\",\"url\":\"https:\/\/militares.estrategia.com\/portal\/materias-e-dicas\/historia\/proclamacao-da-republica-no-brasil\/\",\"name\":\"Proclama\u00e7\u00e3o da Rep\u00fablica no Brasil: como foi e muito mais!\",\"isPartOf\":{\"@id\":\"https:\/\/militares.estrategia.com\/portal\/#website\"},\"primaryImageOfPage\":{\"@id\":\"https:\/\/militares.estrategia.com\/portal\/materias-e-dicas\/historia\/proclamacao-da-republica-no-brasil\/#primaryimage\"},\"image\":{\"@id\":\"https:\/\/militares.estrategia.com\/portal\/materias-e-dicas\/historia\/proclamacao-da-republica-no-brasil\/#primaryimage\"},\"thumbnailUrl\":\"https:\/\/militares.estrategia.com\/portal\/wp-content\/uploads\/2022\/02\/image-1-8.jpeg\",\"datePublished\":\"2022-02-25T10:00:00+00:00\",\"dateModified\":\"2022-10-27T13:17:25+00:00\",\"description\":\"Clique aqui e e tenha todas as informa\u00e7\u00f5es sobre a Proclama\u00e7\u00e3o da Rep\u00fablica do Brasil, quem foram os participantes e muitas curiosidades!\",\"breadcrumb\":{\"@id\":\"https:\/\/militares.estrategia.com\/portal\/materias-e-dicas\/historia\/proclamacao-da-republica-no-brasil\/#breadcrumb\"},\"inLanguage\":\"pt-BR\",\"potentialAction\":[{\"@type\":\"ReadAction\",\"target\":[\"https:\/\/militares.estrategia.com\/portal\/materias-e-dicas\/historia\/proclamacao-da-republica-no-brasil\/\"]}]},{\"@type\":\"ImageObject\",\"inLanguage\":\"pt-BR\",\"@id\":\"https:\/\/militares.estrategia.com\/portal\/materias-e-dicas\/historia\/proclamacao-da-republica-no-brasil\/#primaryimage\",\"url\":\"https:\/\/militares.estrategia.com\/portal\/wp-content\/uploads\/2022\/02\/image-1-8.jpeg\",\"contentUrl\":\"https:\/\/militares.estrategia.com\/portal\/wp-content\/uploads\/2022\/02\/image-1-8.jpeg\",\"width\":1280,\"height\":905,\"caption\":\"\\\"O nascimento da Rep\u00fablica\\\" - \u00d3leo sobre tela\"},{\"@type\":\"BreadcrumbList\",\"@id\":\"https:\/\/militares.estrategia.com\/portal\/materias-e-dicas\/historia\/proclamacao-da-republica-no-brasil\/#breadcrumb\",\"itemListElement\":[{\"@type\":\"ListItem\",\"position\":1,\"name\":\"Home\",\"item\":\"https:\/\/militares.estrategia.com\/portal\/\"},{\"@type\":\"ListItem\",\"position\":2,\"name\":\"Mat\u00e9rias e Dicas\",\"item\":\"https:\/\/militares.estrategia.com\/portal\/materias-e-dicas\/\"},{\"@type\":\"ListItem\",\"position\":3,\"name\":\"Hist\u00f3ria\",\"item\":\"https:\/\/militares.estrategia.com\/portal\/materias-e-dicas\/historia\/\"},{\"@type\":\"ListItem\",\"position\":4,\"name\":\"Proclama\u00e7\u00e3o da Rep\u00fablica no Brasil: como foi e muito mais!\"}]},{\"@type\":\"WebSite\",\"@id\":\"https:\/\/militares.estrategia.com\/portal\/#website\",\"url\":\"https:\/\/militares.estrategia.com\/portal\/\",\"name\":\"Estrat\u00e9gia Militares\",\"description\":\"\",\"publisher\":{\"@id\":\"https:\/\/militares.estrategia.com\/portal\/#organization\"},\"potentialAction\":[{\"@type\":\"SearchAction\",\"target\":{\"@type\":\"EntryPoint\",\"urlTemplate\":\"https:\/\/militares.estrategia.com\/portal\/?s={search_term_string}\"},\"query-input\":{\"@type\":\"PropertyValueSpecification\",\"valueRequired\":true,\"valueName\":\"search_term_string\"}}],\"inLanguage\":\"pt-BR\"},{\"@type\":\"Organization\",\"@id\":\"https:\/\/militares.estrategia.com\/portal\/#organization\",\"name\":\"Estrat\u00e9gia Militares\",\"url\":\"https:\/\/militares.estrategia.com\/portal\/\",\"logo\":{\"@type\":\"ImageObject\",\"inLanguage\":\"pt-BR\",\"@id\":\"https:\/\/militares.estrategia.com\/portal\/#\/schema\/logo\/image\/\",\"url\":\"https:\/\/militares.estrategia.com\/portal\/wp-content\/uploads\/2021\/10\/logo-militares.webp\",\"contentUrl\":\"https:\/\/militares.estrategia.com\/portal\/wp-content\/uploads\/2021\/10\/logo-militares.webp\",\"width\":346,\"height\":90,\"caption\":\"Estrat\u00e9gia Militares\"},\"image\":{\"@id\":\"https:\/\/militares.estrategia.com\/portal\/#\/schema\/logo\/image\/\"},\"sameAs\":[\"https:\/\/www.facebook.com\/EstrategiaMilitares\",\"https:\/\/x.com\/estrategiamilit\",\"https:\/\/www.instagram.com\/estrategiamilitares\/\",\"https:\/\/www.youtube.com\/channel\/UCRG_9hakCqXxnj_8TqCdgTA\"]},{\"@type\":\"Person\",\"@id\":\"https:\/\/militares.estrategia.com\/portal\/#\/schema\/person\/6587b50abb02ffb0d1d0b50c12a6b317\",\"name\":\"Vin\u00edcius Brigolini\",\"image\":{\"@type\":\"ImageObject\",\"inLanguage\":\"pt-BR\",\"@id\":\"https:\/\/militares.estrategia.com\/portal\/#\/schema\/person\/image\/\",\"url\":\"https:\/\/militares.estrategia.com\/portal\/wp-content\/uploads\/2021\/08\/Sem-titulo-150x150.jpg\",\"contentUrl\":\"https:\/\/militares.estrategia.com\/portal\/wp-content\/uploads\/2021\/08\/Sem-titulo-150x150.jpg\",\"caption\":\"Vin\u00edcius Brigolini\"},\"description\":\"Membro da turma Carcar\u00e1 de 2017 da For\u00e7a A\u00e9rea Brasileira. \u00c9 apaixonado pela avia\u00e7\u00e3o e pelo mundo militar!\",\"sameAs\":[\"https:\/\/www.instagram.com\/viniciusbgn\/\"],\"url\":\"https:\/\/militares.estrategia.com\/portal\/author\/vinicius-souza\/\"}]}<\/script>\n<!-- \/ Yoast SEO Premium plugin. -->","yoast_head_json":{"title":"Proclama\u00e7\u00e3o da Rep\u00fablica no Brasil: como foi e muito mais!","description":"Clique aqui e e tenha todas as informa\u00e7\u00f5es sobre a Proclama\u00e7\u00e3o da Rep\u00fablica do Brasil, quem foram os participantes e muitas curiosidades!","robots":{"index":"index","follow":"follow","max-snippet":"max-snippet:-1","max-image-preview":"max-image-preview:large","max-video-preview":"max-video-preview:-1"},"canonical":"https:\/\/militares.estrategia.com\/portal\/materias-e-dicas\/historia\/proclamacao-da-republica-no-brasil\/","og_locale":"pt_BR","og_type":"article","og_title":"Proclama\u00e7\u00e3o da Rep\u00fablica no Brasil: como foi e muito mais!","og_description":"Clique aqui e e tenha todas as informa\u00e7\u00f5es sobre a Proclama\u00e7\u00e3o da Rep\u00fablica do Brasil, quem foram os participantes e muitas curiosidades!","og_url":"https:\/\/militares.estrategia.com\/portal\/materias-e-dicas\/historia\/proclamacao-da-republica-no-brasil\/","og_site_name":"Estrat\u00e9gia Militares","article_publisher":"https:\/\/www.facebook.com\/EstrategiaMilitares","article_published_time":"2022-02-25T10:00:00+00:00","article_modified_time":"2022-10-27T13:17:25+00:00","og_image":[{"width":1280,"height":905,"url":"https:\/\/cdn.blog.estrategiavestibulares.com.br\/vestibulares\/wp-content\/uploads\/2022\/02\/image-1-8.jpeg","type":"image\/jpeg"}],"author":"Vin\u00edcius Brigolini","twitter_card":"summary_large_image","twitter_creator":"@estrategiamilit","twitter_site":"@estrategiamilit","twitter_misc":{"Escrito por":"Vin\u00edcius Brigolini","Est. tempo de leitura":"7 minutos"},"schema":{"@context":"https:\/\/schema.org","@graph":[{"@type":"Article","@id":"https:\/\/militares.estrategia.com\/portal\/materias-e-dicas\/historia\/proclamacao-da-republica-no-brasil\/#article","isPartOf":{"@id":"https:\/\/militares.estrategia.com\/portal\/materias-e-dicas\/historia\/proclamacao-da-republica-no-brasil\/"},"author":{"name":"Vin\u00edcius Brigolini","@id":"https:\/\/militares.estrategia.com\/portal\/#\/schema\/person\/6587b50abb02ffb0d1d0b50c12a6b317"},"headline":"Proclama\u00e7\u00e3o da Rep\u00fablica no Brasil: como foi e muito mais!","datePublished":"2022-02-25T10:00:00+00:00","dateModified":"2022-10-27T13:17:25+00:00","mainEntityOfPage":{"@id":"https:\/\/militares.estrategia.com\/portal\/materias-e-dicas\/historia\/proclamacao-da-republica-no-brasil\/"},"wordCount":1312,"publisher":{"@id":"https:\/\/militares.estrategia.com\/portal\/#organization"},"image":{"@id":"https:\/\/militares.estrategia.com\/portal\/materias-e-dicas\/historia\/proclamacao-da-republica-no-brasil\/#primaryimage"},"thumbnailUrl":"https:\/\/militares.estrategia.com\/portal\/wp-content\/uploads\/2022\/02\/image-1-8.jpeg","articleSection":["Hist\u00f3ria"],"inLanguage":"pt-BR"},{"@type":"WebPage","@id":"https:\/\/militares.estrategia.com\/portal\/materias-e-dicas\/historia\/proclamacao-da-republica-no-brasil\/","url":"https:\/\/militares.estrategia.com\/portal\/materias-e-dicas\/historia\/proclamacao-da-republica-no-brasil\/","name":"Proclama\u00e7\u00e3o da Rep\u00fablica no Brasil: como foi e muito mais!","isPartOf":{"@id":"https:\/\/militares.estrategia.com\/portal\/#website"},"primaryImageOfPage":{"@id":"https:\/\/militares.estrategia.com\/portal\/materias-e-dicas\/historia\/proclamacao-da-republica-no-brasil\/#primaryimage"},"image":{"@id":"https:\/\/militares.estrategia.com\/portal\/materias-e-dicas\/historia\/proclamacao-da-republica-no-brasil\/#primaryimage"},"thumbnailUrl":"https:\/\/militares.estrategia.com\/portal\/wp-content\/uploads\/2022\/02\/image-1-8.jpeg","datePublished":"2022-02-25T10:00:00+00:00","dateModified":"2022-10-27T13:17:25+00:00","description":"Clique aqui e e tenha todas as informa\u00e7\u00f5es sobre a Proclama\u00e7\u00e3o da Rep\u00fablica do Brasil, quem foram os participantes e muitas curiosidades!","breadcrumb":{"@id":"https:\/\/militares.estrategia.com\/portal\/materias-e-dicas\/historia\/proclamacao-da-republica-no-brasil\/#breadcrumb"},"inLanguage":"pt-BR","potentialAction":[{"@type":"ReadAction","target":["https:\/\/militares.estrategia.com\/portal\/materias-e-dicas\/historia\/proclamacao-da-republica-no-brasil\/"]}]},{"@type":"ImageObject","inLanguage":"pt-BR","@id":"https:\/\/militares.estrategia.com\/portal\/materias-e-dicas\/historia\/proclamacao-da-republica-no-brasil\/#primaryimage","url":"https:\/\/militares.estrategia.com\/portal\/wp-content\/uploads\/2022\/02\/image-1-8.jpeg","contentUrl":"https:\/\/militares.estrategia.com\/portal\/wp-content\/uploads\/2022\/02\/image-1-8.jpeg","width":1280,"height":905,"caption":"\"O nascimento da Rep\u00fablica\" - \u00d3leo sobre tela"},{"@type":"BreadcrumbList","@id":"https:\/\/militares.estrategia.com\/portal\/materias-e-dicas\/historia\/proclamacao-da-republica-no-brasil\/#breadcrumb","itemListElement":[{"@type":"ListItem","position":1,"name":"Home","item":"https:\/\/militares.estrategia.com\/portal\/"},{"@type":"ListItem","position":2,"name":"Mat\u00e9rias e Dicas","item":"https:\/\/militares.estrategia.com\/portal\/materias-e-dicas\/"},{"@type":"ListItem","position":3,"name":"Hist\u00f3ria","item":"https:\/\/militares.estrategia.com\/portal\/materias-e-dicas\/historia\/"},{"@type":"ListItem","position":4,"name":"Proclama\u00e7\u00e3o da Rep\u00fablica no Brasil: como foi e muito mais!"}]},{"@type":"WebSite","@id":"https:\/\/militares.estrategia.com\/portal\/#website","url":"https:\/\/militares.estrategia.com\/portal\/","name":"Estrat\u00e9gia Militares","description":"","publisher":{"@id":"https:\/\/militares.estrategia.com\/portal\/#organization"},"potentialAction":[{"@type":"SearchAction","target":{"@type":"EntryPoint","urlTemplate":"https:\/\/militares.estrategia.com\/portal\/?s={search_term_string}"},"query-input":{"@type":"PropertyValueSpecification","valueRequired":true,"valueName":"search_term_string"}}],"inLanguage":"pt-BR"},{"@type":"Organization","@id":"https:\/\/militares.estrategia.com\/portal\/#organization","name":"Estrat\u00e9gia Militares","url":"https:\/\/militares.estrategia.com\/portal\/","logo":{"@type":"ImageObject","inLanguage":"pt-BR","@id":"https:\/\/militares.estrategia.com\/portal\/#\/schema\/logo\/image\/","url":"https:\/\/militares.estrategia.com\/portal\/wp-content\/uploads\/2021\/10\/logo-militares.webp","contentUrl":"https:\/\/militares.estrategia.com\/portal\/wp-content\/uploads\/2021\/10\/logo-militares.webp","width":346,"height":90,"caption":"Estrat\u00e9gia Militares"},"image":{"@id":"https:\/\/militares.estrategia.com\/portal\/#\/schema\/logo\/image\/"},"sameAs":["https:\/\/www.facebook.com\/EstrategiaMilitares","https:\/\/x.com\/estrategiamilit","https:\/\/www.instagram.com\/estrategiamilitares\/","https:\/\/www.youtube.com\/channel\/UCRG_9hakCqXxnj_8TqCdgTA"]},{"@type":"Person","@id":"https:\/\/militares.estrategia.com\/portal\/#\/schema\/person\/6587b50abb02ffb0d1d0b50c12a6b317","name":"Vin\u00edcius Brigolini","image":{"@type":"ImageObject","inLanguage":"pt-BR","@id":"https:\/\/militares.estrategia.com\/portal\/#\/schema\/person\/image\/","url":"https:\/\/militares.estrategia.com\/portal\/wp-content\/uploads\/2021\/08\/Sem-titulo-150x150.jpg","contentUrl":"https:\/\/militares.estrategia.com\/portal\/wp-content\/uploads\/2021\/08\/Sem-titulo-150x150.jpg","caption":"Vin\u00edcius Brigolini"},"description":"Membro da turma Carcar\u00e1 de 2017 da For\u00e7a A\u00e9rea Brasileira. \u00c9 apaixonado pela avia\u00e7\u00e3o e pelo mundo militar!","sameAs":["https:\/\/www.instagram.com\/viniciusbgn\/"],"url":"https:\/\/militares.estrategia.com\/portal\/author\/vinicius-souza\/"}]}},"_wl_alt_label":[],"wl:entity_url":"https:\/\/data.wordlift.io\/wl110246\/post\/proclamacao-da-republica-no-brasil-como-foi-quem-participou-e-muito-mais-52449","_links":{"self":[{"href":"https:\/\/militares.estrategia.com\/portal\/wp-json\/wp\/v2\/posts\/52449","targetHints":{"allow":["GET"]}}],"collection":[{"href":"https:\/\/militares.estrategia.com\/portal\/wp-json\/wp\/v2\/posts"}],"about":[{"href":"https:\/\/militares.estrategia.com\/portal\/wp-json\/wp\/v2\/types\/post"}],"author":[{"embeddable":true,"href":"https:\/\/militares.estrategia.com\/portal\/wp-json\/wp\/v2\/users\/52"}],"replies":[{"embeddable":true,"href":"https:\/\/militares.estrategia.com\/portal\/wp-json\/wp\/v2\/comments?post=52449"}],"version-history":[{"count":3,"href":"https:\/\/militares.estrategia.com\/portal\/wp-json\/wp\/v2\/posts\/52449\/revisions"}],"predecessor-version":[{"id":60444,"href":"https:\/\/militares.estrategia.com\/portal\/wp-json\/wp\/v2\/posts\/52449\/revisions\/60444"}],"wp:featuredmedia":[{"embeddable":true,"href":"https:\/\/militares.estrategia.com\/portal\/wp-json\/wp\/v2\/media\/52451"}],"wp:attachment":[{"href":"https:\/\/militares.estrategia.com\/portal\/wp-json\/wp\/v2\/media?parent=52449"}],"wp:term":[{"taxonomy":"category","embeddable":true,"href":"https:\/\/militares.estrategia.com\/portal\/wp-json\/wp\/v2\/categories?post=52449"},{"taxonomy":"post_tag","embeddable":true,"href":"https:\/\/militares.estrategia.com\/portal\/wp-json\/wp\/v2\/tags?post=52449"},{"taxonomy":"wl_entity_type","embeddable":true,"href":"https:\/\/militares.estrategia.com\/portal\/wp-json\/wp\/v2\/wl_entity_type?post=52449"}],"curies":[{"name":"wp","href":"https:\/\/api.w.org\/{rel}","templated":true}]}}