{"id":51838,"date":"2022-01-31T09:00:00","date_gmt":"2022-01-31T12:00:00","guid":{"rendered":"https:\/\/militares.estrategia.com\/portal\/?p=51838"},"modified":"2022-06-29T17:31:19","modified_gmt":"2022-06-29T20:31:19","slug":"curso-de-material-belico-do-exercito","status":"publish","type":"post","link":"https:\/\/militares.estrategia.com\/portal\/mundo-militar\/carreiras-e-especializacoes\/curso-de-material-belico-do-exercito\/","title":{"rendered":"Curso de material b\u00e9lico do Ex\u00e9rcito: conhe\u00e7a os cursos da AMAN e da EsSLog"},"content":{"rendered":"\n<p>Voc\u00ea tem o perfil de ser respons\u00e1vel, met\u00f3dico, atencioso e, al\u00e9m disso, tamb\u00e9m gosta de ler manuais e de log\u00edstica? Ent\u00e3o confira esse artigo que o <strong>Estrat\u00e9gia Militares <\/strong>preparou para voc\u00ea e conhe\u00e7a as formas de ingresso no curso de material b\u00e9lico do Ex\u00e9rcito.<\/p>\n\n\n\n<p>O Brasil precisa de um Ex\u00e9rcito preparado e adestrado para cumprir sua miss\u00e3o constitucional. Nessa miss\u00e3o,<strong> o profissional militar dever\u00e1 estar qualificado para assegurar o correto emprego dos seus meios log\u00edsticos num ambiente sist\u00eamico e extremamente complexo.&nbsp;<\/strong><\/p>\n\n\n\n<p><\/p>\n\n\n<div id=\"new-form\">\n\t<form id=\"forms_layout\">\n\t<input type=\"hidden\" id=\"chave_de\" name=\"chave_de\" value=\"01_EMIL_LEADS_TOTAIS\" \/>\n\t\t<input type=\"hidden\" id=\"mid\" name=\"mid\" value=\"515009017\" \/>\n\t\t<input type=\"hidden\" id=\"Objetivo\" name=\"Objetivo\" value=\"Militares\" \/>\n\t\t<input type=\"hidden\" id=\"Estado_de_Origem_do_IP\" name=\"Estado_de_Origem_do_IP\"  value=\"\" \/>\n\t\t<input type=\"hidden\" id=\"Cidade_de_Origem_do_IP\" name=\"Cidade_de_Origem_do_IP\" value=\"\" \/>\n\t\t<input type=\"hidden\" id=\"Modo_de_entrada\" name=\"Modo_de_entrada\" value=\"Portal\" \/>\n\t\t<input type=\"hidden\" id=\"Pagina_Origem\" name=\"Pagina_Origem\" value=\"\" \/>\n\n\t\t<div class=\"texto\">\n\t\t\t<h3 class=\"news\">Inscreva-se em nossa newsletter!<\/h3>\n\t\t\t<p>Receba not\u00edcias sobre os mais importantes concursos para as For\u00e7as Armadas brasileiras e informa\u00e7\u00f5es sobre o mundo militar!<\/p>\n\t\t<\/div>\n\t\t<div class=\"campos\">\n\t\t\t<div class=\"first_name labels\">\n\t\t\t\t<input type=\"text\" class=\"input_labels\" id=\"first_name\" name=\"Nome_Completo\" placeholder=\"Nome\" required \/>\n\t\t\t<\/div>\n\t\t\t<div class=\"email labels\">\n\t\t\t\t<input type=\"email\" class=\"input_labels\" id=\"email\" name=\"Email\" placeholder=\"E-mail\" required \/>\n\t\t\t<\/div>\n\t\t\t<button type=\"submit\" class=\"button_layout\">\n\t\t\t\t<div id=\"lblBotao\">Inscreva-se<\/div>\n\t\t\t\t<span id=\"divSpiner\" class=\"loader\" role=\"status\" style=\"display: none;\"><\/span>\t\n\t\t\t<\/button>\n\t\t<\/div><!-- \/campos -->\n\t\t\n\t\t<label class=\"container_checkbox\">Voc\u00ea concorda com a nossa\n\t\t\t<a class=\"politics_privacy_ahref\" target=\"_blank\" href=\"https:\/\/gratis.estrategiaconcursos.com.br\/politica-de-privacidade\/\">Pol\u00edtica de Privacidade<\/a> e aceita receber informa\u00e7\u00f5es adicionais do Estrat\u00e9gia Educacional.\n\t\t\t<input id=\"checkbox_layout\" type=\"checkbox\" checked=\"checked\" required \/>\n\t\t\t<span class=\"checkbox\"><\/span>\n\t\t<\/label>\n\t\t<div id=\"msg\"><\/div>\n\t\t<div id=\"error\" class=\"error\">\n\t\t<\/div>\n\t<\/form>\n<\/div><!-- \/new-form -->\n\n\n\n<div id=\"ez-toc-container\" class=\"ez-toc-v2_0_79_2 counter-hierarchy ez-toc-counter ez-toc-transparent ez-toc-container-direction\">\n<div class=\"ez-toc-title-container\"><p class=\"ez-toc-title\" style=\"cursor:inherit\">Navegue pelo conte\u00fado\t<\/p>\n<\/div><nav><ul class='ez-toc-list ez-toc-list-level-1 ' ><li class='ez-toc-page-1 ez-toc-heading-level-2'><a class=\"ez-toc-link ez-toc-heading-1\" href=\"https:\/\/militares.estrategia.com\/portal\/mundo-militar\/carreiras-e-especializacoes\/curso-de-material-belico-do-exercito\/#O-que-e-o-quadro-de-material-belico-do-Exercito\" >O que \u00e9 o quadro de material b\u00e9lico do Ex\u00e9rcito?<\/a><\/li><li class='ez-toc-page-1 ez-toc-heading-level-2'><a class=\"ez-toc-link ez-toc-heading-2\" href=\"https:\/\/militares.estrategia.com\/portal\/mundo-militar\/carreiras-e-especializacoes\/curso-de-material-belico-do-exercito\/#Curso-de-formacao-de-oficiais-do-quadro-de-material-belico-no-Exercito\" >Curso de forma\u00e7\u00e3o de oficiais do quadro de material b\u00e9lico no Ex\u00e9rcito<\/a><\/li><li class='ez-toc-page-1 ez-toc-heading-level-2'><a class=\"ez-toc-link ez-toc-heading-3\" href=\"https:\/\/militares.estrategia.com\/portal\/mundo-militar\/carreiras-e-especializacoes\/curso-de-material-belico-do-exercito\/#Curso-de-material-belico-na-Escola-de-Sargentos-de-Logistica-EsSLog\" >Curso de material b\u00e9lico na Escola de Sargentos de Log\u00edstica (EsSLog)<\/a><\/li><li class='ez-toc-page-1 ez-toc-heading-level-2'><a class=\"ez-toc-link ez-toc-heading-4\" href=\"https:\/\/militares.estrategia.com\/portal\/mundo-militar\/carreiras-e-especializacoes\/curso-de-material-belico-do-exercito\/#Militar-temporario-em-material-belico\" >Militar tempor\u00e1rio em material b\u00e9lico<\/a><\/li><li class='ez-toc-page-1 ez-toc-heading-level-2'><a class=\"ez-toc-link ez-toc-heading-5\" href=\"https:\/\/militares.estrategia.com\/portal\/mundo-militar\/carreiras-e-especializacoes\/curso-de-material-belico-do-exercito\/#Quanto-e-o-soldo-do-oficial-E-do-sargento-do-Exercito\" >Quanto \u00e9 o soldo do oficial? E do sargento do Ex\u00e9rcito?<\/a><\/li><li class='ez-toc-page-1 ez-toc-heading-level-2'><a class=\"ez-toc-link ez-toc-heading-6\" href=\"https:\/\/militares.estrategia.com\/portal\/mundo-militar\/carreiras-e-especializacoes\/curso-de-material-belico-do-exercito\/#O-que-e-a-EsSLog\" >O que \u00e9 a EsSLog?<\/a><\/li><li class='ez-toc-page-1 ez-toc-heading-level-2'><a class=\"ez-toc-link ez-toc-heading-7\" href=\"https:\/\/militares.estrategia.com\/portal\/mundo-militar\/carreiras-e-especializacoes\/curso-de-material-belico-do-exercito\/#Veja-tambem\" >Veja tamb\u00e9m:<\/a><\/li><\/ul><\/nav><\/div>\n<h2 class=\"wp-block-heading\" id=\"h-o-que-e-o-quadro-de-material-belico-do-exercito\"><span class=\"ez-toc-section\" id=\"O-que-e-o-quadro-de-material-belico-do-Exercito\"><\/span>O que \u00e9 o quadro de material b\u00e9lico do Ex\u00e9rcito?<span class=\"ez-toc-section-end\"><\/span><\/h2>\n\n\n\n<p>O Quadro de Material B\u00e9lico tem por finalidade reunir num s\u00f3 quadro todos os militares que exer\u00e7am atividades relativas <strong>\u00e0 pesquisa e ao estudo, \u00e0 fabrica\u00e7\u00e3o, \u00e0 recupera\u00e7\u00e3o, ao armazenamento e \u00e0 manuten\u00e7\u00e3o do material b\u00e9lico,<\/strong> como:&nbsp;<\/p>\n\n\n\n<ul class=\"wp-block-list\"><li>Armamento;<\/li><li>Muni\u00e7\u00f5es e explosivos;<\/li><li>Material de guerra qu\u00edmica;<\/li><li>Instrumentos e equipamentos de observa\u00e7\u00e3o; e&nbsp;<\/li><li>Dire\u00e7\u00e3o do tiro, viaturas, combust\u00edveis e lubrificantes.<\/li><\/ul>\n\n\n\n<p><strong>A tecnologia no Ex\u00e9rcito \u00e9 cada vez mais presente e est\u00e1 sempre se atualizando no quesito de seus equipamentos.<\/strong> O militar de material b\u00e9lico precisa estar sempre atualizado com as evolu\u00e7\u00f5es tecnol\u00f3gicas do mundo, pois a for\u00e7a terrestre investe cada vez mais na aquisi\u00e7\u00e3o de materiais, viaturas e aeronaves.<\/p>\n\n\n\n<h2 class=\"wp-block-heading\" id=\"h-curso-de-formacao-de-oficiais-do-quadro-de-material-belico-no-exercito\"><span class=\"ez-toc-section\" id=\"Curso-de-formacao-de-oficiais-do-quadro-de-material-belico-no-Exercito\"><\/span>Curso de forma\u00e7\u00e3o de oficiais do quadro de material b\u00e9lico no Ex\u00e9rcito<span class=\"ez-toc-section-end\"><\/span><\/h2>\n\n\n\n<p>Para ingressar na Academia Militar das Agulhas Negras, o candidato precisa passar antes pela Escola Preparat\u00f3ria de Cadetes do Ex\u00e9rcito (EsPCEx).<\/p>\n\n\n\n<h3 class=\"wp-block-heading\" id=\"h-o-ingresso-na-espcex\">O ingresso na EsPCEx<\/h3>\n\n\n\n<p>A Escola Preparat\u00f3ria de Cadetes do Ex\u00e9rcito (EsPCEx), localizada na cidade de Campinas (SP), <strong>\u00e9 respons\u00e1vel por selecionar e preparar os candidatos para o ingresso no Curso de Forma\u00e7\u00e3o de Oficiais das Armas, do Quadro de Material B\u00e9lico ou do Servi\u00e7o de Intend\u00eancia.&nbsp;<\/strong><\/p>\n\n\n\n<p><strong>A sele\u00e7\u00e3o \u00e9 feita anualmente, por meio de um concurso p\u00fablico de \u00e2mbito nacional. <\/strong>Nas \u00faltimas edi\u00e7\u00f5es do concurso foram oferecidas cerca de 400 vagas para o sexo masculino e 40 vagas para o sexo feminino.<\/p>\n\n\n\n<p>As inscri\u00e7\u00f5es para o concurso acontecem anualmente,<strong> entre os meses de maio e junho.<\/strong> Os requisitos para a inscri\u00e7\u00e3o s\u00e3o:<\/p>\n\n\n\n<ul class=\"wp-block-list\"><li>ser brasileiro nato;<\/li><li>possuir idade de, no m\u00ednimo, 17 e, no m\u00e1ximo, 22 anos, completados at\u00e9 31 de dezembro do ano da matr\u00edcula; e<\/li><li>ter conclu\u00eddo ou estar cursando (no ano da inscri\u00e7\u00e3o) a 3\u00aa s\u00e9rie do Ensino M\u00e9dio.<\/li><\/ul>\n\n\n\n<p>Em caso de aprova\u00e7\u00e3o em todas as etapas da sele\u00e7\u00e3o, o candidato \u00e9 matriculado e passa a ser militar da ativa do Ex\u00e9rcito Brasileiro, na condi\u00e7\u00e3o de aluno da EsPCEx.<strong> Se concluir o curso com aproveitamento, prosseguir\u00e1 para a Academia Militar das Agulhas Negras (AMAN), em Resende (RJ).<\/strong><\/p>\n\n\n\n<div class=\"wp-block-image\"><figure class=\"aligncenter size-full\"><img decoding=\"async\" width=\"1920\" height=\"1221\" src=\"https:\/\/militares.estrategia.com\/portal\/wp-content\/uploads\/2022\/01\/david-leveque-21-lfJcLMVw-unsplash-scaled.webp\" alt=\"Material B\u00e9lico\" class=\"wp-image-51723\" srcset=\"https:\/\/militares.estrategia.com\/portal\/wp-content\/uploads\/2022\/01\/david-leveque-21-lfJcLMVw-unsplash-scaled.webp 1920w, https:\/\/militares.estrategia.com\/portal\/wp-content\/uploads\/2022\/01\/david-leveque-21-lfJcLMVw-unsplash-1024x651.webp 1024w, https:\/\/militares.estrategia.com\/portal\/wp-content\/uploads\/2022\/01\/david-leveque-21-lfJcLMVw-unsplash-768x489.webp 768w, https:\/\/militares.estrategia.com\/portal\/wp-content\/uploads\/2022\/01\/david-leveque-21-lfJcLMVw-unsplash-1536x977.webp 1536w, https:\/\/militares.estrategia.com\/portal\/wp-content\/uploads\/2022\/01\/david-leveque-21-lfJcLMVw-unsplash-2048x1303.webp 2048w, https:\/\/militares.estrategia.com\/portal\/wp-content\/uploads\/2022\/01\/david-leveque-21-lfJcLMVw-unsplash-800x509.webp 800w, https:\/\/militares.estrategia.com\/portal\/wp-content\/uploads\/2022\/01\/david-leveque-21-lfJcLMVw-unsplash-1160x738.webp 1160w\" sizes=\"(max-width: 1920px) 100vw, 1920px\" \/><\/figure><\/div>\n\n\n\n<h3 class=\"wp-block-heading\" id=\"h-o-ingresso-no-curso-de-material-belico-na-aman\">O ingresso no curso de material b\u00e9lico na AMAN<\/h3>\n\n\n\n<p><strong>Na AMAN, os cadetes passam por duas vertentes de ensino: o acad\u00eamico e as instru\u00e7\u00f5es militares.<\/strong> O ensino acad\u00eamico oferecido pela <a href=\"https:\/\/blog.estrategiamilitares.com.br\/guias\/exercito\/academia-militar-aman\/\" target=\"_blank\" >AMAN<\/a> se d\u00e1 por meio de aulas ministradas por militares da ativa, da reserva e civis, todos altamente qualificados.<\/p>\n\n\n\n<p>As instru\u00e7\u00f5es militares comp\u00f5em o curr\u00edculo de forma\u00e7\u00e3o dos cadetes e visam capacit\u00e1-los para liderarem as tropas. <strong>Elas t\u00eam ainda o objetivo de oferecer a oportunidade de aplica\u00e7\u00e3o das t\u00e1ticas e das t\u00e9cnicas aprendidas ao longo do curso acad\u00eamico.<\/strong><\/p>\n\n\n\n<p>No primeiro ano de curso na AMAN, o cadete ainda n\u00e3o \u00e9 pertencente \u00e0 uma arma, quadro ou servi\u00e7o do Ex\u00e9rcito. <strong>Somente ap\u00f3s a conclus\u00e3o do primeiro ano na AMAN, que o Cadete tem a oportunidade de escolher definitivamente qual arma, quadro ou servi\u00e7o ir\u00e1 servir.<\/strong><\/p>\n\n\n\n<p>Ao final do quarto ano, o cadete \u00e9 declarado <a href=\"https:\/\/blog.estrategiamilitares.com.br\/carreiras-militares\/aspirante-a-oficial\/\" target=\"_blank\" >aspirante a oficial<\/a>, devolvendo o Espadim de Cadete e empunhando definitivamente a Espada de oficial do <a href=\"https:\/\/blog.estrategiamilitares.com.br\/guias\/exercito\/exercito-brasileiro\/\" target=\"_blank\" >Ex\u00e9rcito Brasileiro,<\/a> na formatura de conclus\u00e3o de curso.<\/p>\n\n\n\n<p>Ap\u00f3s os cinco anos de forma\u00e7\u00e3o, sendo um da EsPCEx e quatro da AMAN, <strong>o Aspirante a oficial do Quadro de Material B\u00e9lico recebe o diploma de gradua\u00e7\u00e3o de bacharel em Ci\u00eancias Militares<\/strong> e \u00e9 encaminhado \u00e0s unidades do Ex\u00e9rcito no territ\u00f3rio nacional.&nbsp;<\/p>\n\n\n\n<p><strong>O Aspirante que se forma na AMAN em primeiro lugar geral de sua turma recebe como recompensa uma viagem, <\/strong>com dura\u00e7\u00e3o de seis meses, a bordo do navio-escola Brasil, da Marinha do Brasil. Nessa viagem o Aspirante visita diversos pa\u00edses-amigos da na\u00e7\u00e3o brasileira, <strong>al\u00e9m de receber premia\u00e7\u00f5es em dinheiro de empresas e colaboradores do Ex\u00e9rcito.<\/strong><\/p>\n\n\n\n<h2 class=\"wp-block-heading\" id=\"h-curso-de-material-belico-na-escola-de-sargentos-de-logistica-esslog\"><span class=\"ez-toc-section\" id=\"Curso-de-material-belico-na-Escola-de-Sargentos-de-Logistica-EsSLog\"><\/span>Curso de material b\u00e9lico na Escola de Sargentos de Log\u00edstica (EsSLog)<span class=\"ez-toc-section-end\"><\/span><\/h2>\n\n\n\n<p><strong>A <\/strong><a href=\"https:\/\/militares.estrategia.com\/portal\/guias\/exercito\/esslog\/\" target=\"_blank\" ><strong>Escola de Sargentos de Log\u00edstica (EsSLog)<\/strong><\/a><strong> \u00e9 respons\u00e1vel pela forma\u00e7\u00e3o dos futuros sargentos do quadro de material b\u00e9lico do Ex\u00e9rcito Brasileiro.&nbsp;<\/strong><\/p>\n\n\n\n<p>Se o candidato tem interesse em seguir na carreira como sargento do Ex\u00e9rcito, pode optar por ingressar na EsSLog, onde o aluno pode escolher entre as tr\u00eas ramifica\u00e7\u00f5es do material b\u00e9lico, que s\u00e3o:<\/p>\n\n\n\n<ul class=\"wp-block-list\"><li>Mec\u00e2nico de autom\u00f3veis &#8211; viaturas;<\/li><li>Mec\u00e2nico de armamentos; e<\/li><li>Mec\u00e2nico operador &#8211; que cuida da parte de usinagem, tornearia, fabrica\u00e7\u00e3o de pe\u00e7as, entre outros<\/li><\/ul>\n\n\n\n<p><strong>O curso de material b\u00e9lico na EsSLog \u00e9 iniciado ap\u00f3s o t\u00e9rmino do per\u00edodo b\u00e1sico,<\/strong> no qual s\u00e3o apresentadas ao aluno as possibilidades de escolha das Armas, Quadros ou Servi\u00e7os que ele poder\u00e1 integrar de acordo com sua classifica\u00e7\u00e3o no per\u00edodo b\u00e1sico.<\/p>\n\n\n\n<p>Ao ingressar na EsSLog, o aluno da qualifica\u00e7\u00e3o material b\u00e9lico, na ramifica\u00e7\u00e3o de mec\u00e2nico de autom\u00f3veis, receber\u00e1 instru\u00e7\u00f5es para ser especializado na <strong>manuten\u00e7\u00e3o de viaturas n\u00e3o blindadas sobre rodas. Ir\u00e1 coordenar e executar os trabalhos t\u00e9cnicos de motores de combust\u00e3o diesel, gasolina e flex, al\u00e9m de geradores de energia el\u00e9trica.&nbsp;<\/strong><\/p>\n\n\n\n<p>Ao t\u00e9rmino do curso, o sargento ter\u00e1 a possibilidade de<strong> servir em todo o territ\u00f3rio nacional, estando apto em desempenhar as fun\u00e7\u00f5es de mec\u00e2nico de viaturas,<\/strong> al\u00e9m de desempenhar as principais fun\u00e7\u00f5es de comando de fra\u00e7\u00f5es de tropas correspondentes \u00e0 sua qualifica\u00e7\u00e3o e gradua\u00e7\u00e3o.<\/p>\n\n\n\n<p>Caso ingresse na EsSLog, e opte pela qualifica\u00e7\u00e3o de material b\u00e9lico, na ramifica\u00e7\u00e3o de manuten\u00e7\u00e3o de armamento,<strong> o aluno ser\u00e1 especializado em todos os armamentos e muni\u00e7\u00f5es do Ex\u00e9rcito Brasileiro.<\/strong>&nbsp;<\/p>\n\n\n\n<p>Sendo perito no seu funcionamento, ir\u00e1 <strong>coordenar e executar os trabalhos t\u00e9cnicos e de manuten\u00e7\u00e3o de armamentos leves e pesados, al\u00e9m dos equipamentos de observa\u00e7\u00e3o e controle de tiro.<\/strong><\/p>\n\n\n\n<p>Na EsSLog, o aluno da qualifica\u00e7\u00e3o material b\u00e9lico, na ramifica\u00e7\u00e3o de mec\u00e2nico operador, ser\u00e1 especializado em mec\u00e2nica de oficinas de apoio. <strong>O aluno poder\u00e1 coordenar e executar os trabalhos t\u00e9cnicos de usinagem e metalurgia, soldagem, lanternagem e pintura nas viaturas do EB.&nbsp;<\/strong><\/p>\n\n\n\n<p><strong>O per\u00edodo de qualifica\u00e7\u00e3o ocorre nas instala\u00e7\u00f5es da EsSLog, no Rio de Janeiro, e dura cerca de 43 semanas<\/strong>. Durante o curso, os alunos t\u00eam a oportunidade de realizar visitas em quart\u00e9is, receber instru\u00e7\u00f5es e visualizar os equipamentos operados pelo Ex\u00e9rcito.<\/p>\n\n\n\n<p>Ao fim das 43 semanas do curso, o aluno recebe o <strong>diploma de ensino superior tecnol\u00f3gico e \u00e9 declarado terceiro-sargento do Ex\u00e9rcito Brasileiro,<\/strong> sendo distribu\u00eddo para as unidades do Ex\u00e9rcito em territ\u00f3rio nacional de acordo com a sua classifica\u00e7\u00e3o geral.<\/p>\n\n\n\n<div class=\"wp-block-image\"><figure class=\"aligncenter size-full\"><img decoding=\"async\" width=\"640\" height=\"376\" src=\"https:\/\/militares.estrategia.com\/portal\/wp-content\/uploads\/2022\/01\/image-6.jpeg\" alt=\"Caminh\u00f5es de combate do ex\u00e9rcito\" class=\"wp-image-51840\"\/><figcaption>Divulga\u00e7\u00e3o: Wikimedia Commons \/&nbsp;CC-BY-2.0<\/figcaption><\/figure><\/div>\n\n\n\n<h2 class=\"wp-block-heading\" id=\"h-militar-temporario-em-material-belico\"><span class=\"ez-toc-section\" id=\"Militar-temporario-em-material-belico\"><\/span>Militar tempor\u00e1rio em material b\u00e9lico<span class=\"ez-toc-section-end\"><\/span><\/h2>\n\n\n\n<p>Na \u00e1rea de material b\u00e9lico, tamb\u00e9m, \u00e9 poss\u00edvel servir como <a href=\"https:\/\/militares.estrategia.com\/portal\/carreiras-militares\/militar-temporario-2\/\" target=\"_blank\" >militar tempor\u00e1rio<\/a>. <strong>O EB tem buscado cada vez mais na sociedade civil pessoas qualificadas, com experi\u00eancias para ingressarem na for\u00e7a terrestre por meio da an\u00e1lise curricular a fim de se tornarem militares tempor\u00e1rios.<\/strong><\/p>\n\n\n\n<p><strong>O militar de material b\u00e9lico pode servir em muitos quart\u00e9is no Brasil,<\/strong> j\u00e1 que onde h\u00e1 alguma viatura do ex\u00e9rcito, algum armamento ou material que exija manuten\u00e7\u00e3o ter\u00e1 um militar do quadro. Sendo assim, esse militar pode servir em todas as regi\u00f5es do pa\u00eds.<\/p>\n\n\n\n<p>O patrono do Quadro de Material B\u00e9lico \u00e9 o Tenente-General Napion. Voc\u00ea pode conferir a <a href=\"https:\/\/militares.estrategia.com\/portal\/guias\/exercito\/carlos-antonio-napion\/\" target=\"_blank\" >biografia do General Napion<\/a>, aqui no <strong>Portal Estrat\u00e9gia Militares.<\/strong><\/p>\n\n\n\n<h2 class=\"wp-block-heading\" id=\"h-quanto-e-o-soldo-do-oficial-e-do-sargento-do-exercito\"><span class=\"ez-toc-section\" id=\"Quanto-e-o-soldo-do-oficial-E-do-sargento-do-Exercito\"><\/span>Quanto \u00e9 o soldo do oficial? E do sargento do Ex\u00e9rcito?<span class=\"ez-toc-section-end\"><\/span><\/h2>\n\n\n\n<p><strong>Atualmente, o soldo-base varia de R$3.825,00 a R$6.169,00, para os sargentos. J\u00e1 para os oficiais o soldo-base varia de R$7.490,00 a R$11.451,00.<\/strong> A remunera\u00e7\u00e3o varia, visto que o valor depende da gradua\u00e7\u00e3o ou do posto do militar. Vale ressaltar que o soldo \u00e9 apenas a base do sal\u00e1rio do militar.&nbsp;<\/p>\n\n\n\n<p>Junto ao soldo s\u00e3o pagos diversos valores adicionais pela fun\u00e7\u00e3o desempenhada, mas tamb\u00e9m existem alguns descontos referentes aos servi\u00e7os hospitalares, pens\u00e3o militar, entre outros.&nbsp;<\/p>\n\n\n\n<h2 class=\"wp-block-heading\" id=\"h-o-que-e-a-esslog\"><span class=\"ez-toc-section\" id=\"O-que-e-a-EsSLog\"><\/span>O que \u00e9 a EsSLog?<span class=\"ez-toc-section-end\"><\/span><\/h2>\n\n\n\n<p>A EsSLog (Escola de Sargentos de Log\u00edstica) \u00e9 o estabelecimento de ensino respons\u00e1vel pela f<strong>orma\u00e7\u00e3o e aperfei\u00e7oamento de sargentos do quadro de material b\u00e9lico, de intend\u00eancia, de topografia, de manuten\u00e7\u00e3o, de comunica\u00e7\u00f5es, de sa\u00fade, de m\u00fasica e o aperfei\u00e7oamento dos sargentos do quadro de avia\u00e7\u00e3o.<\/strong><\/p>\n\n\n\n<p>A EsSLog localiza-se na cidade do Rio de Janeiro, RJ, e o ingresso para a escola ocorre pelo concurso realizado todos os anos pela ESA (Escola de Sargento das Armas).<\/p>\n\n\n\n<h3 class=\"wp-block-heading\" id=\"h-a-importancia-da-logistica-de-material-belico-no-exercito\">A import\u00e2ncia da log\u00edstica de material b\u00e9lico no Ex\u00e9rcito<\/h3>\n\n\n\n<p><strong>O sistema log\u00edstico militar tem o objetivo de prever, prover e manter os meios em recursos humanos,<\/strong> recursos materiais e servi\u00e7os, desempenhando todas as fun\u00e7\u00f5es log\u00edsticas necess\u00e1rias de acordo com a situa\u00e7\u00e3o vigente, de paz, crise ou guerra.<\/p>\n\n\n\n<p>A log\u00edstica \u00e9 considerada pe\u00e7a-chave do sucesso organizacional e um dos principais fatores de diferencial competitivo entre os pa\u00edses, relacionado diretamente \u00e0 redu\u00e7\u00e3o de custos e ao aumento do n\u00edvel operacional das suas tropas.<\/p>\n\n\n\n<p>Para a For\u00e7a Terrestre, o aperfei\u00e7oamento e atualiza\u00e7\u00e3o da doutrina log\u00edstica se destacam como prioridade para a execu\u00e7\u00e3o dos seus objetivos, <strong>enfatizando principalmente a necessidade da integra\u00e7\u00e3o de suas atividades log\u00edsticas, a fim de otimizar os recursos dispon\u00edveis, reduzir custos e priorizar suas a\u00e7\u00f5es.<\/strong><\/p>\n\n\n\n<p>Se voc\u00ea se interessou pelo curso de material b\u00e9lico nas carreira como oficial ou sargento, se prepare para os <strong>concursos do Ex\u00e9rcito com o Estrat\u00e9gia Militares! Clique no banner abaixo<\/strong> e veja todos os cursos preparat\u00f3rios e as vantagens que o Estrat\u00e9gia Militares tem para voc\u00ea! Vem ser coruja!<\/p>\n\n\n\n<p><strong><a id=\"cta\" class=\"cta-imagem\" href=\"https:\/\/militares.estrategia.com\/cursos\/exercito\/?id=71495cc2-214d-4625-b8dd-8a87e2131e6b&name=Ex%C3%A9rcito\" target=\"blank\">\n                <img decoding=\"async\" width=\"100%\" src=\"https:\/\/militares.estrategia.com\/portal\/wp-content\/uploads\/2023\/02\/EM-Banco-de-Questoes.jpg\" alt=\"EM - Banco de Questo\u0303es\" title=\"EM - Banco de Questo\u0303es\">\n        <\/a><\/strong><\/p>\n\n\n\n\n\n<h2 class=\"wp-block-heading\"><span class=\"ez-toc-section\" id=\"Veja-tambem\"><\/span>Veja tamb\u00e9m:<span class=\"ez-toc-section-end\"><\/span><\/h2>\n\n\n\n<ul class=\"wp-block-list\"><li><a href=\"https:\/\/militares.estrategia.com\/portal\/carreiras-militares\/curso-de-engenharia-do-exercito\/\">Curso de engenharia do Ex\u00e9rcito: conhe\u00e7a a carreira na AMAN e na ESA<\/a>;<\/li><li><a href=\"https:\/\/militares.estrategia.com\/portal\/guias\/exercito\/aman-confira-os-cursos\/\">AMAN: Confira os cursos;<\/a><\/li><li><a href=\"https:\/\/militares.estrategia.com\/portal\/guias\/exercito\/academia-militar-aman\/\">AMAN: o que \u00e9, como ingressar e mais<\/a>;<\/li><li><a href=\"https:\/\/militares.estrategia.com\/portal\/carreiras-militares\/curso-de-engenharia-do-exercito\/\">Curso de engenharia do Ex\u00e9rcito: conhe\u00e7a a carreira na AMAN e na ESA;<\/a><\/li><li><a href=\"https:\/\/militares.estrategia.com\/portal\/guias\/exercito\/concurso-espcex\/\">EsPCEx 2023: vagas, calend\u00e1rio e etapas.<\/a><\/li><\/ul>\n\n\n","protected":false},"excerpt":{"rendered":"Voc\u00ea tem o perfil de ser respons\u00e1vel, met\u00f3dico, atencioso e, al\u00e9m disso, tamb\u00e9m gosta de ler manuais e&hellip;\n","protected":false},"author":52,"featured_media":56027,"comment_status":"closed","ping_status":"closed","sticky":false,"template":"","format":"standard","meta":{"wl_entities_gutenberg":"","footnotes":""},"categories":[9],"tags":[],"wl_entity_type":[187],"class_list":{"0":"post-51838","1":"post","2":"type-post","3":"status-publish","4":"format-standard","5":"has-post-thumbnail","7":"category-carreiras-e-especializacoes","8":"wl_entity_type-article"},"acf":[],"yoast_head":"<!-- This site is optimized with the Yoast SEO Premium plugin v26.6 (Yoast SEO v26.6) - https:\/\/yoast.com\/wordpress\/plugins\/seo\/ -->\n<title>Curso de material b\u00e9lico do Ex\u00e9rcito: conhe\u00e7a os cursos da AMAN e da EsSLog<\/title>\n<meta name=\"description\" content=\"Se voc\u00ea que tem o sonho de ingressar no Ex\u00e9rcito, clique aqui e descubra tudo sobre o curso de Material B\u00e9lico na AMAN e na EsSLog!\" \/>\n<meta name=\"robots\" content=\"index, follow, max-snippet:-1, max-image-preview:large, max-video-preview:-1\" \/>\n<link rel=\"canonical\" href=\"https:\/\/militares.estrategia.com\/portal\/mundo-militar\/carreiras-e-especializacoes\/curso-de-material-belico-do-exercito\/\" \/>\n<meta property=\"og:locale\" content=\"pt_BR\" \/>\n<meta property=\"og:type\" content=\"article\" \/>\n<meta property=\"og:title\" content=\"Curso de material b\u00e9lico do Ex\u00e9rcito: conhe\u00e7a os cursos da AMAN e da EsSLog\" \/>\n<meta property=\"og:description\" content=\"Se voc\u00ea que tem o sonho de ingressar no Ex\u00e9rcito, clique aqui e descubra tudo sobre o curso de Material B\u00e9lico na AMAN e na EsSLog!\" \/>\n<meta property=\"og:url\" content=\"https:\/\/militares.estrategia.com\/portal\/mundo-militar\/carreiras-e-especializacoes\/curso-de-material-belico-do-exercito\/\" \/>\n<meta property=\"og:site_name\" content=\"Estrat\u00e9gia Militares\" \/>\n<meta property=\"article:publisher\" content=\"https:\/\/www.facebook.com\/EstrategiaMilitares\" \/>\n<meta property=\"article:published_time\" content=\"2022-01-31T12:00:00+00:00\" \/>\n<meta property=\"article:modified_time\" content=\"2022-06-29T20:31:19+00:00\" \/>\n<meta property=\"og:image\" content=\"https:\/\/cdn.blog.estrategiavestibulares.com.br\/vestibulares\/wp-content\/uploads\/2022\/01\/chuanchai-pundej-0imZsFe41zM-unsplash.jpg\" \/>\n\t<meta property=\"og:image:width\" content=\"1920\" \/>\n\t<meta property=\"og:image:height\" content=\"1217\" \/>\n\t<meta property=\"og:image:type\" content=\"image\/jpeg\" \/>\n<meta name=\"author\" content=\"Vin\u00edcius Brigolini\" \/>\n<meta name=\"twitter:card\" content=\"summary_large_image\" \/>\n<meta name=\"twitter:creator\" content=\"@estrategiamilit\" \/>\n<meta name=\"twitter:site\" content=\"@estrategiamilit\" \/>\n<meta name=\"twitter:label1\" content=\"Escrito por\" \/>\n\t<meta name=\"twitter:data1\" content=\"Vin\u00edcius Brigolini\" \/>\n\t<meta name=\"twitter:label2\" content=\"Est. tempo de leitura\" \/>\n\t<meta name=\"twitter:data2\" content=\"10 minutos\" \/>\n<script type=\"application\/ld+json\" class=\"yoast-schema-graph\">{\"@context\":\"https:\/\/schema.org\",\"@graph\":[{\"@type\":\"Article\",\"@id\":\"https:\/\/militares.estrategia.com\/portal\/mundo-militar\/carreiras-e-especializacoes\/curso-de-material-belico-do-exercito\/#article\",\"isPartOf\":{\"@id\":\"https:\/\/militares.estrategia.com\/portal\/mundo-militar\/carreiras-e-especializacoes\/curso-de-material-belico-do-exercito\/\"},\"author\":{\"name\":\"Vin\u00edcius Brigolini\",\"@id\":\"https:\/\/militares.estrategia.com\/portal\/#\/schema\/person\/6587b50abb02ffb0d1d0b50c12a6b317\"},\"headline\":\"Curso de material b\u00e9lico do Ex\u00e9rcito: conhe\u00e7a os cursos da AMAN e da EsSLog\",\"datePublished\":\"2022-01-31T12:00:00+00:00\",\"dateModified\":\"2022-06-29T20:31:19+00:00\",\"mainEntityOfPage\":{\"@id\":\"https:\/\/militares.estrategia.com\/portal\/mundo-militar\/carreiras-e-especializacoes\/curso-de-material-belico-do-exercito\/\"},\"wordCount\":1844,\"publisher\":{\"@id\":\"https:\/\/militares.estrategia.com\/portal\/#organization\"},\"image\":{\"@id\":\"https:\/\/militares.estrategia.com\/portal\/mundo-militar\/carreiras-e-especializacoes\/curso-de-material-belico-do-exercito\/#primaryimage\"},\"thumbnailUrl\":\"https:\/\/militares.estrategia.com\/portal\/wp-content\/uploads\/2022\/01\/chuanchai-pundej-0imZsFe41zM-unsplash.jpg\",\"articleSection\":[\"Carreiras e Especializa\u00e7\u00f5es\"],\"inLanguage\":\"pt-BR\"},{\"@type\":\"WebPage\",\"@id\":\"https:\/\/militares.estrategia.com\/portal\/mundo-militar\/carreiras-e-especializacoes\/curso-de-material-belico-do-exercito\/\",\"url\":\"https:\/\/militares.estrategia.com\/portal\/mundo-militar\/carreiras-e-especializacoes\/curso-de-material-belico-do-exercito\/\",\"name\":\"Curso de material b\u00e9lico do Ex\u00e9rcito: conhe\u00e7a os cursos da AMAN e da EsSLog\",\"isPartOf\":{\"@id\":\"https:\/\/militares.estrategia.com\/portal\/#website\"},\"primaryImageOfPage\":{\"@id\":\"https:\/\/militares.estrategia.com\/portal\/mundo-militar\/carreiras-e-especializacoes\/curso-de-material-belico-do-exercito\/#primaryimage\"},\"image\":{\"@id\":\"https:\/\/militares.estrategia.com\/portal\/mundo-militar\/carreiras-e-especializacoes\/curso-de-material-belico-do-exercito\/#primaryimage\"},\"thumbnailUrl\":\"https:\/\/militares.estrategia.com\/portal\/wp-content\/uploads\/2022\/01\/chuanchai-pundej-0imZsFe41zM-unsplash.jpg\",\"datePublished\":\"2022-01-31T12:00:00+00:00\",\"dateModified\":\"2022-06-29T20:31:19+00:00\",\"description\":\"Se voc\u00ea que tem o sonho de ingressar no Ex\u00e9rcito, clique aqui e descubra tudo sobre o curso de Material B\u00e9lico na AMAN e na EsSLog!\",\"breadcrumb\":{\"@id\":\"https:\/\/militares.estrategia.com\/portal\/mundo-militar\/carreiras-e-especializacoes\/curso-de-material-belico-do-exercito\/#breadcrumb\"},\"inLanguage\":\"pt-BR\",\"potentialAction\":[{\"@type\":\"ReadAction\",\"target\":[\"https:\/\/militares.estrategia.com\/portal\/mundo-militar\/carreiras-e-especializacoes\/curso-de-material-belico-do-exercito\/\"]}]},{\"@type\":\"ImageObject\",\"inLanguage\":\"pt-BR\",\"@id\":\"https:\/\/militares.estrategia.com\/portal\/mundo-militar\/carreiras-e-especializacoes\/curso-de-material-belico-do-exercito\/#primaryimage\",\"url\":\"https:\/\/militares.estrategia.com\/portal\/wp-content\/uploads\/2022\/01\/chuanchai-pundej-0imZsFe41zM-unsplash.jpg\",\"contentUrl\":\"https:\/\/militares.estrategia.com\/portal\/wp-content\/uploads\/2022\/01\/chuanchai-pundej-0imZsFe41zM-unsplash.jpg\",\"width\":1920,\"height\":1217},{\"@type\":\"BreadcrumbList\",\"@id\":\"https:\/\/militares.estrategia.com\/portal\/mundo-militar\/carreiras-e-especializacoes\/curso-de-material-belico-do-exercito\/#breadcrumb\",\"itemListElement\":[{\"@type\":\"ListItem\",\"position\":1,\"name\":\"Home\",\"item\":\"https:\/\/militares.estrategia.com\/portal\/\"},{\"@type\":\"ListItem\",\"position\":2,\"name\":\"Mundo Militar\",\"item\":\"https:\/\/militares.estrategia.com\/portal\/mundo-militar\/\"},{\"@type\":\"ListItem\",\"position\":3,\"name\":\"Carreiras e Especializa\u00e7\u00f5es\",\"item\":\"https:\/\/militares.estrategia.com\/portal\/mundo-militar\/carreiras-e-especializacoes\/\"},{\"@type\":\"ListItem\",\"position\":4,\"name\":\"Curso de material b\u00e9lico do Ex\u00e9rcito: conhe\u00e7a os cursos da AMAN e da EsSLog\"}]},{\"@type\":\"WebSite\",\"@id\":\"https:\/\/militares.estrategia.com\/portal\/#website\",\"url\":\"https:\/\/militares.estrategia.com\/portal\/\",\"name\":\"Estrat\u00e9gia Militares\",\"description\":\"\",\"publisher\":{\"@id\":\"https:\/\/militares.estrategia.com\/portal\/#organization\"},\"potentialAction\":[{\"@type\":\"SearchAction\",\"target\":{\"@type\":\"EntryPoint\",\"urlTemplate\":\"https:\/\/militares.estrategia.com\/portal\/?s={search_term_string}\"},\"query-input\":{\"@type\":\"PropertyValueSpecification\",\"valueRequired\":true,\"valueName\":\"search_term_string\"}}],\"inLanguage\":\"pt-BR\"},{\"@type\":\"Organization\",\"@id\":\"https:\/\/militares.estrategia.com\/portal\/#organization\",\"name\":\"Estrat\u00e9gia Militares\",\"url\":\"https:\/\/militares.estrategia.com\/portal\/\",\"logo\":{\"@type\":\"ImageObject\",\"inLanguage\":\"pt-BR\",\"@id\":\"https:\/\/militares.estrategia.com\/portal\/#\/schema\/logo\/image\/\",\"url\":\"https:\/\/militares.estrategia.com\/portal\/wp-content\/uploads\/2021\/10\/logo-militares.webp\",\"contentUrl\":\"https:\/\/militares.estrategia.com\/portal\/wp-content\/uploads\/2021\/10\/logo-militares.webp\",\"width\":346,\"height\":90,\"caption\":\"Estrat\u00e9gia Militares\"},\"image\":{\"@id\":\"https:\/\/militares.estrategia.com\/portal\/#\/schema\/logo\/image\/\"},\"sameAs\":[\"https:\/\/www.facebook.com\/EstrategiaMilitares\",\"https:\/\/x.com\/estrategiamilit\",\"https:\/\/www.instagram.com\/estrategiamilitares\/\",\"https:\/\/www.youtube.com\/channel\/UCRG_9hakCqXxnj_8TqCdgTA\"]},{\"@type\":\"Person\",\"@id\":\"https:\/\/militares.estrategia.com\/portal\/#\/schema\/person\/6587b50abb02ffb0d1d0b50c12a6b317\",\"name\":\"Vin\u00edcius Brigolini\",\"image\":{\"@type\":\"ImageObject\",\"inLanguage\":\"pt-BR\",\"@id\":\"https:\/\/militares.estrategia.com\/portal\/#\/schema\/person\/image\/\",\"url\":\"https:\/\/militares.estrategia.com\/portal\/wp-content\/uploads\/2021\/08\/Sem-titulo-150x150.jpg\",\"contentUrl\":\"https:\/\/militares.estrategia.com\/portal\/wp-content\/uploads\/2021\/08\/Sem-titulo-150x150.jpg\",\"caption\":\"Vin\u00edcius Brigolini\"},\"description\":\"Membro da turma Carcar\u00e1 de 2017 da For\u00e7a A\u00e9rea Brasileira. \u00c9 apaixonado pela avia\u00e7\u00e3o e pelo mundo militar!\",\"sameAs\":[\"https:\/\/www.instagram.com\/viniciusbgn\/\"],\"url\":\"https:\/\/militares.estrategia.com\/portal\/author\/vinicius-souza\/\"}]}<\/script>\n<!-- \/ Yoast SEO Premium plugin. -->","yoast_head_json":{"title":"Curso de material b\u00e9lico do Ex\u00e9rcito: conhe\u00e7a os cursos da AMAN e da EsSLog","description":"Se voc\u00ea que tem o sonho de ingressar no Ex\u00e9rcito, clique aqui e descubra tudo sobre o curso de Material B\u00e9lico na AMAN e na EsSLog!","robots":{"index":"index","follow":"follow","max-snippet":"max-snippet:-1","max-image-preview":"max-image-preview:large","max-video-preview":"max-video-preview:-1"},"canonical":"https:\/\/militares.estrategia.com\/portal\/mundo-militar\/carreiras-e-especializacoes\/curso-de-material-belico-do-exercito\/","og_locale":"pt_BR","og_type":"article","og_title":"Curso de material b\u00e9lico do Ex\u00e9rcito: conhe\u00e7a os cursos da AMAN e da EsSLog","og_description":"Se voc\u00ea que tem o sonho de ingressar no Ex\u00e9rcito, clique aqui e descubra tudo sobre o curso de Material B\u00e9lico na AMAN e na EsSLog!","og_url":"https:\/\/militares.estrategia.com\/portal\/mundo-militar\/carreiras-e-especializacoes\/curso-de-material-belico-do-exercito\/","og_site_name":"Estrat\u00e9gia Militares","article_publisher":"https:\/\/www.facebook.com\/EstrategiaMilitares","article_published_time":"2022-01-31T12:00:00+00:00","article_modified_time":"2022-06-29T20:31:19+00:00","og_image":[{"width":1920,"height":1217,"url":"https:\/\/cdn.blog.estrategiavestibulares.com.br\/vestibulares\/wp-content\/uploads\/2022\/01\/chuanchai-pundej-0imZsFe41zM-unsplash.jpg","type":"image\/jpeg"}],"author":"Vin\u00edcius Brigolini","twitter_card":"summary_large_image","twitter_creator":"@estrategiamilit","twitter_site":"@estrategiamilit","twitter_misc":{"Escrito por":"Vin\u00edcius Brigolini","Est. tempo de leitura":"10 minutos"},"schema":{"@context":"https:\/\/schema.org","@graph":[{"@type":"Article","@id":"https:\/\/militares.estrategia.com\/portal\/mundo-militar\/carreiras-e-especializacoes\/curso-de-material-belico-do-exercito\/#article","isPartOf":{"@id":"https:\/\/militares.estrategia.com\/portal\/mundo-militar\/carreiras-e-especializacoes\/curso-de-material-belico-do-exercito\/"},"author":{"name":"Vin\u00edcius Brigolini","@id":"https:\/\/militares.estrategia.com\/portal\/#\/schema\/person\/6587b50abb02ffb0d1d0b50c12a6b317"},"headline":"Curso de material b\u00e9lico do Ex\u00e9rcito: conhe\u00e7a os cursos da AMAN e da EsSLog","datePublished":"2022-01-31T12:00:00+00:00","dateModified":"2022-06-29T20:31:19+00:00","mainEntityOfPage":{"@id":"https:\/\/militares.estrategia.com\/portal\/mundo-militar\/carreiras-e-especializacoes\/curso-de-material-belico-do-exercito\/"},"wordCount":1844,"publisher":{"@id":"https:\/\/militares.estrategia.com\/portal\/#organization"},"image":{"@id":"https:\/\/militares.estrategia.com\/portal\/mundo-militar\/carreiras-e-especializacoes\/curso-de-material-belico-do-exercito\/#primaryimage"},"thumbnailUrl":"https:\/\/militares.estrategia.com\/portal\/wp-content\/uploads\/2022\/01\/chuanchai-pundej-0imZsFe41zM-unsplash.jpg","articleSection":["Carreiras e Especializa\u00e7\u00f5es"],"inLanguage":"pt-BR"},{"@type":"WebPage","@id":"https:\/\/militares.estrategia.com\/portal\/mundo-militar\/carreiras-e-especializacoes\/curso-de-material-belico-do-exercito\/","url":"https:\/\/militares.estrategia.com\/portal\/mundo-militar\/carreiras-e-especializacoes\/curso-de-material-belico-do-exercito\/","name":"Curso de material b\u00e9lico do Ex\u00e9rcito: conhe\u00e7a os cursos da AMAN e da EsSLog","isPartOf":{"@id":"https:\/\/militares.estrategia.com\/portal\/#website"},"primaryImageOfPage":{"@id":"https:\/\/militares.estrategia.com\/portal\/mundo-militar\/carreiras-e-especializacoes\/curso-de-material-belico-do-exercito\/#primaryimage"},"image":{"@id":"https:\/\/militares.estrategia.com\/portal\/mundo-militar\/carreiras-e-especializacoes\/curso-de-material-belico-do-exercito\/#primaryimage"},"thumbnailUrl":"https:\/\/militares.estrategia.com\/portal\/wp-content\/uploads\/2022\/01\/chuanchai-pundej-0imZsFe41zM-unsplash.jpg","datePublished":"2022-01-31T12:00:00+00:00","dateModified":"2022-06-29T20:31:19+00:00","description":"Se voc\u00ea que tem o sonho de ingressar no Ex\u00e9rcito, clique aqui e descubra tudo sobre o curso de Material B\u00e9lico na AMAN e na EsSLog!","breadcrumb":{"@id":"https:\/\/militares.estrategia.com\/portal\/mundo-militar\/carreiras-e-especializacoes\/curso-de-material-belico-do-exercito\/#breadcrumb"},"inLanguage":"pt-BR","potentialAction":[{"@type":"ReadAction","target":["https:\/\/militares.estrategia.com\/portal\/mundo-militar\/carreiras-e-especializacoes\/curso-de-material-belico-do-exercito\/"]}]},{"@type":"ImageObject","inLanguage":"pt-BR","@id":"https:\/\/militares.estrategia.com\/portal\/mundo-militar\/carreiras-e-especializacoes\/curso-de-material-belico-do-exercito\/#primaryimage","url":"https:\/\/militares.estrategia.com\/portal\/wp-content\/uploads\/2022\/01\/chuanchai-pundej-0imZsFe41zM-unsplash.jpg","contentUrl":"https:\/\/militares.estrategia.com\/portal\/wp-content\/uploads\/2022\/01\/chuanchai-pundej-0imZsFe41zM-unsplash.jpg","width":1920,"height":1217},{"@type":"BreadcrumbList","@id":"https:\/\/militares.estrategia.com\/portal\/mundo-militar\/carreiras-e-especializacoes\/curso-de-material-belico-do-exercito\/#breadcrumb","itemListElement":[{"@type":"ListItem","position":1,"name":"Home","item":"https:\/\/militares.estrategia.com\/portal\/"},{"@type":"ListItem","position":2,"name":"Mundo Militar","item":"https:\/\/militares.estrategia.com\/portal\/mundo-militar\/"},{"@type":"ListItem","position":3,"name":"Carreiras e Especializa\u00e7\u00f5es","item":"https:\/\/militares.estrategia.com\/portal\/mundo-militar\/carreiras-e-especializacoes\/"},{"@type":"ListItem","position":4,"name":"Curso de material b\u00e9lico do Ex\u00e9rcito: conhe\u00e7a os cursos da AMAN e da EsSLog"}]},{"@type":"WebSite","@id":"https:\/\/militares.estrategia.com\/portal\/#website","url":"https:\/\/militares.estrategia.com\/portal\/","name":"Estrat\u00e9gia Militares","description":"","publisher":{"@id":"https:\/\/militares.estrategia.com\/portal\/#organization"},"potentialAction":[{"@type":"SearchAction","target":{"@type":"EntryPoint","urlTemplate":"https:\/\/militares.estrategia.com\/portal\/?s={search_term_string}"},"query-input":{"@type":"PropertyValueSpecification","valueRequired":true,"valueName":"search_term_string"}}],"inLanguage":"pt-BR"},{"@type":"Organization","@id":"https:\/\/militares.estrategia.com\/portal\/#organization","name":"Estrat\u00e9gia Militares","url":"https:\/\/militares.estrategia.com\/portal\/","logo":{"@type":"ImageObject","inLanguage":"pt-BR","@id":"https:\/\/militares.estrategia.com\/portal\/#\/schema\/logo\/image\/","url":"https:\/\/militares.estrategia.com\/portal\/wp-content\/uploads\/2021\/10\/logo-militares.webp","contentUrl":"https:\/\/militares.estrategia.com\/portal\/wp-content\/uploads\/2021\/10\/logo-militares.webp","width":346,"height":90,"caption":"Estrat\u00e9gia Militares"},"image":{"@id":"https:\/\/militares.estrategia.com\/portal\/#\/schema\/logo\/image\/"},"sameAs":["https:\/\/www.facebook.com\/EstrategiaMilitares","https:\/\/x.com\/estrategiamilit","https:\/\/www.instagram.com\/estrategiamilitares\/","https:\/\/www.youtube.com\/channel\/UCRG_9hakCqXxnj_8TqCdgTA"]},{"@type":"Person","@id":"https:\/\/militares.estrategia.com\/portal\/#\/schema\/person\/6587b50abb02ffb0d1d0b50c12a6b317","name":"Vin\u00edcius Brigolini","image":{"@type":"ImageObject","inLanguage":"pt-BR","@id":"https:\/\/militares.estrategia.com\/portal\/#\/schema\/person\/image\/","url":"https:\/\/militares.estrategia.com\/portal\/wp-content\/uploads\/2021\/08\/Sem-titulo-150x150.jpg","contentUrl":"https:\/\/militares.estrategia.com\/portal\/wp-content\/uploads\/2021\/08\/Sem-titulo-150x150.jpg","caption":"Vin\u00edcius Brigolini"},"description":"Membro da turma Carcar\u00e1 de 2017 da For\u00e7a A\u00e9rea Brasileira. \u00c9 apaixonado pela avia\u00e7\u00e3o e pelo mundo militar!","sameAs":["https:\/\/www.instagram.com\/viniciusbgn\/"],"url":"https:\/\/militares.estrategia.com\/portal\/author\/vinicius-souza\/"}]}},"_wl_alt_label":[],"wl:entity_url":"https:\/\/data.wordlift.io\/wl110246\/post\/curso-de-material-belico-do-exercito-saiba-mais-sobre-os-cursos-na-aman-e-na-esslog-51838","_links":{"self":[{"href":"https:\/\/militares.estrategia.com\/portal\/wp-json\/wp\/v2\/posts\/51838","targetHints":{"allow":["GET"]}}],"collection":[{"href":"https:\/\/militares.estrategia.com\/portal\/wp-json\/wp\/v2\/posts"}],"about":[{"href":"https:\/\/militares.estrategia.com\/portal\/wp-json\/wp\/v2\/types\/post"}],"author":[{"embeddable":true,"href":"https:\/\/militares.estrategia.com\/portal\/wp-json\/wp\/v2\/users\/52"}],"replies":[{"embeddable":true,"href":"https:\/\/militares.estrategia.com\/portal\/wp-json\/wp\/v2\/comments?post=51838"}],"version-history":[{"count":7,"href":"https:\/\/militares.estrategia.com\/portal\/wp-json\/wp\/v2\/posts\/51838\/revisions"}],"predecessor-version":[{"id":56029,"href":"https:\/\/militares.estrategia.com\/portal\/wp-json\/wp\/v2\/posts\/51838\/revisions\/56029"}],"wp:featuredmedia":[{"embeddable":true,"href":"https:\/\/militares.estrategia.com\/portal\/wp-json\/wp\/v2\/media\/56027"}],"wp:attachment":[{"href":"https:\/\/militares.estrategia.com\/portal\/wp-json\/wp\/v2\/media?parent=51838"}],"wp:term":[{"taxonomy":"category","embeddable":true,"href":"https:\/\/militares.estrategia.com\/portal\/wp-json\/wp\/v2\/categories?post=51838"},{"taxonomy":"post_tag","embeddable":true,"href":"https:\/\/militares.estrategia.com\/portal\/wp-json\/wp\/v2\/tags?post=51838"},{"taxonomy":"wl_entity_type","embeddable":true,"href":"https:\/\/militares.estrategia.com\/portal\/wp-json\/wp\/v2\/wl_entity_type?post=51838"}],"curies":[{"name":"wp","href":"https:\/\/api.w.org\/{rel}","templated":true}]}}