{"id":51801,"date":"2022-01-27T17:17:56","date_gmt":"2022-01-27T20:17:56","guid":{"rendered":"https:\/\/militares.estrategia.com\/portal\/?p=51801"},"modified":"2022-02-03T14:53:34","modified_gmt":"2022-02-03T17:53:34","slug":"eear-2022-2-convocados-primeira-concentracao-intermediaria","status":"publish","type":"post","link":"https:\/\/militares.estrategia.com\/portal\/noticias\/eear-2022-2-convocados-primeira-concentracao-intermediaria\/","title":{"rendered":"EEAR 2022.2: divulgada a rela\u00e7\u00e3o de convocados para a Segunda Concentra\u00e7\u00e3o Intermedi\u00e1ria"},"content":{"rendered":"\n<p>A <a href=\"https:\/\/militares.estrategia.com\/portal\/guias\/aeronautica\/eear-cursos\/\" target=\"_blank\" >Escola de Especialistas de Aeron\u00e1utica (EEAR)<\/a> divulgou nesta quinta-feira, 03 de fevereiro, as <strong>rela\u00e7\u00f5es nominais dos convocados para a Segunda Concentra\u00e7\u00e3o Intermedi\u00e1ria<\/strong>. Estas listagens foram divididas pelas op\u00e7\u00f5es dos candidatos no <a href=\"https:\/\/militares.estrategia.com\/portal\/noticias\/edital-do-concurso-eear-2022-2-e-divulgado\/\" target=\"_blank\" >concurso EEAR 2022.2<\/a>.<\/p>\n\n\n\n<p>Confira a lista dos candidatos <strong>convocados para a segunda concentra\u00e7\u00e3o intermedi\u00e1ria <\/strong>clicando nos bot\u00f5es abaixo: <\/p>\n\n\n\n<div class=\"wp-block-buttons is-content-justification-center is-layout-flex wp-block-buttons-is-layout-flex\">\n<div class=\"wp-block-button is-style-outline is-style-outline--1\"><a class=\"wp-block-button__link has-black-color has-electric-grass-gradient-background has-text-color has-background\" href=\"https:\/\/militares.estrategia.com\/portal\/wp-content\/uploads\/2022\/02\/cfs-2-2022_opc01_relacao_convocados2_1_03-02-2022-10-03-29.pdf\" target=\"_blank\" >op\u00e7\u00e3o 1<\/a><\/div>\n\n\n\n<div class=\"wp-block-button is-style-outline is-style-outline--2\"><a class=\"wp-block-button__link has-black-color has-electric-grass-gradient-background has-text-color has-background\" href=\"https:\/\/militares.estrategia.com\/portal\/wp-content\/uploads\/2022\/02\/cfs-2-2022_opc02_relacao_convocados2_1_03-02-2022-10-03-47.pdf\" target=\"_blank\" >op\u00e7\u00e3o 2<\/a><\/div>\n\n\n\n<div class=\"wp-block-button is-style-outline is-style-outline--3\"><a class=\"wp-block-button__link has-black-color has-electric-grass-gradient-background has-text-color has-background\" href=\"https:\/\/militares.estrategia.com\/portal\/wp-content\/uploads\/2022\/02\/cfs-2-2022_opc03_relacao_convocados2_1_03-02-2022-10-03-55.pdf\" target=\"_blank\" >op\u00e7\u00e3o 3<\/a><\/div>\n\n\n\n<div class=\"wp-block-button is-style-outline is-style-outline--4\"><a class=\"wp-block-button__link has-black-color has-electric-grass-gradient-background has-text-color has-background\" href=\"https:\/\/militares.estrategia.com\/portal\/wp-content\/uploads\/2022\/02\/cfs-2-2022_bct_relacao_convocados2_1_03-02-2022-10-04-06.pdf\" target=\"_blank\" >bct<\/a><\/div>\n<\/div>\n\n\n\n<p>Veja a lista dos candidatos <strong>convocados para a primeira concentra\u00e7\u00e3o intermedi\u00e1ria<\/strong> clicando nos bot\u00f5es abaixo:<\/p>\n\n\n\n<div class=\"wp-block-buttons is-content-justification-center is-layout-flex wp-block-buttons-is-layout-flex\">\n<div class=\"wp-block-button is-style-outline is-style-outline--5\"><a class=\"wp-block-button__link has-electric-grass-gradient-background has-background\" href=\"https:\/\/militares.estrategia.com\/portal\/wp-content\/uploads\/2022\/01\/cfs-2-2022_opc01_relacao_convocados1_1_26-01-2022-16-08-42.pdf\" style=\"border-radius:50px\" target=\"_blank\" >OP\u00c7\u00c3O 1<\/a><\/div>\n\n\n\n<div class=\"wp-block-button is-style-outline is-style-outline--6\"><a class=\"wp-block-button__link has-electric-grass-gradient-background has-background\" href=\"https:\/\/militares.estrategia.com\/portal\/wp-content\/uploads\/2022\/01\/cfs-2-2022_opc02_relacao_convocados1_1_26-01-2022-16-08-25.pdf\" style=\"border-radius:50px\" target=\"_blank\" >OP\u00c7\u00c3O 2<\/a><\/div>\n\n\n\n<div class=\"wp-block-button is-style-outline is-style-outline--7\"><a class=\"wp-block-button__link has-electric-grass-gradient-background has-background\" href=\"https:\/\/militares.estrategia.com\/portal\/wp-content\/uploads\/2022\/01\/cfs-2-2022_opc03_relacao_convocados1_1_26-01-2022-16-08-16.pdf\" style=\"border-radius:50px\" target=\"_blank\" >OP\u00c7\u00c3O 3<\/a><\/div>\n\n\n\n<div class=\"wp-block-button is-style-outline is-style-outline--8\"><a class=\"wp-block-button__link has-electric-grass-gradient-background has-background\" href=\"https:\/\/militares.estrategia.com\/portal\/wp-content\/uploads\/2022\/01\/cfs-2-2022_bct_relacao_convocados1_1_26-01-2022-16-08-03.pdf\" style=\"border-radius:50px\" target=\"_blank\" >BCT<\/a><\/div>\n<\/div>\n\n\n\n<p><strong>Para ver o local onde ser\u00e1 realizada a concentra\u00e7\u00e3o, a data e o hor\u00e1rio ou para imprimir a autoriza\u00e7\u00e3o para menor de idade, \u00e9 preciso acessar a \u00e1rea do candidato no site<\/strong> da <a href=\"https:\/\/ingresso.eear.aer.mil.br\/\">EEAR<\/a>.<\/p>\n\n\n\n<p>No entanto, segundo informa\u00e7\u00f5es do edital, a Primeira Concentra\u00e7\u00e3o Intermedi\u00e1ria ocorrer\u00e1 entre os dias <strong>31 de janeiro e 07 de fevereiro<\/strong>.<\/p>\n\n\n\n<p>Ap\u00f3s essa fase, <strong>os candidatos dever\u00e3o passar ainda pelas seguintes etapas<\/strong>:<\/p>\n\n\n\n<ul class=\"wp-block-list\"><li>Inspe\u00e7\u00e3o de Sa\u00fade: 01 a 22\/02\/2022;<\/li><li>Exame de Aptid\u00e3o Psicol\u00f3gica: 01 a 22\/02\/2022;<\/li><li>Teste de Avalia\u00e7\u00e3o do Condicionamento F\u00edsico: 25 a 29\/04\/2022;<\/li><li>Procedimento de Heteroidentifica\u00e7\u00e3o Complementar: 26\/06\/2022; e<\/li><li>Valida\u00e7\u00e3o de documentos: 29\/06\/2022.<\/li><\/ul>\n\n\n\n<p>A <strong>realiza\u00e7\u00e3o da matr\u00edcula e o in\u00edcio do curso<\/strong> para os candidatos aprovados no Concurso <a href=\"https:\/\/militares.estrategia.com\/portal\/carreiras-militares\/esa-ou-eear-qual-escolher\/\" target=\"_blank\" >EEAR<\/a> 2022.2 acontecer\u00e3o no dia <strong>29 de junho de 2022<\/strong>.<\/p>\n\n\n\n<p>Se voc\u00ea sonha em se tornar um militar das For\u00e7as Armadas Brasileiras, n\u00f3s podemos te ajudar! Conhe\u00e7a o Banco de Quest\u00f5es do Estrat\u00e9gia Militares e tenha acesso a mais de 70 mil quest\u00f5es de concursos militares! Clique no banner e saiba mais! <\/p>\n\n\n\n<p><\/p>\n\n\n\n<p><strong><a id=\"cta\" class=\"cta-imagem\" href=\"https:\/\/militares.estrategia.com\/curso\/banco-de-questes-anual\/\" target=\"blank\">\n                <img decoding=\"async\" width=\"100%\" src=\"https:\/\/militares.estrategia.com\/portal\/wp-content\/uploads\/2023\/02\/EM-Banco-de-Questoes.jpg\" alt=\"EM - Banco de Questo\u0303es\" title=\"EM - Banco de Questo\u0303es\">\n        <\/a><\/strong><\/p>\n\n\n","protected":false},"excerpt":{"rendered":"A Escola de Especialistas de Aeron\u00e1utica (EEAR) divulgou nesta quinta-feira, 03 de fevereiro, as rela\u00e7\u00f5es nominais dos convocados&hellip;\n","protected":false},"author":58,"featured_media":46025,"comment_status":"closed","ping_status":"closed","sticky":false,"template":"","format":"standard","meta":{"wl_entities_gutenberg":"","footnotes":""},"categories":[36],"tags":[51,162,161,103,116,105],"wl_entity_type":[187],"class_list":{"0":"post-51801","1":"post","2":"type-post","3":"status-publish","4":"format-standard","5":"has-post-thumbnail","7":"category-noticias","8":"tag-convocadoseear","9":"tag-carreiramilitar","10":"tag-concursosmilitares","11":"tag-edital-eear-2022-2","12":"tag-eear-2","13":"tag-eear-2022-2","14":"wl_entity_type-article"},"acf":[],"yoast_head":"<!-- This site is optimized with the Yoast SEO Premium plugin v26.6 (Yoast SEO v26.6) - https:\/\/yoast.com\/wordpress\/plugins\/seo\/ -->\n<title>EEAR convoca para a 2\u00b0 Concentra\u00e7\u00e3o Intermedi\u00e1ria Estrat\u00e9gia Militares<\/title>\n<meta name=\"description\" content=\"O concurso EEAR 2022.2 divulgou as listas dos convocados para a Segunda Concentra\u00e7\u00e3o Intermedi\u00e1ria. Veja se o seu nome est\u00e1 em uma delas!\" \/>\n<meta name=\"robots\" content=\"index, follow, max-snippet:-1, max-image-preview:large, max-video-preview:-1\" \/>\n<link rel=\"canonical\" href=\"https:\/\/militares.estrategia.com\/portal\/noticias\/eear-2022-2-convocados-primeira-concentracao-intermediaria\/\" \/>\n<meta property=\"og:locale\" content=\"pt_BR\" \/>\n<meta property=\"og:type\" content=\"article\" \/>\n<meta property=\"og:title\" content=\"EEAR 2022.2: divulgada a rela\u00e7\u00e3o de convocados para a Segunda Concentra\u00e7\u00e3o Intermedi\u00e1ria\" \/>\n<meta property=\"og:description\" content=\"O concurso EEAR 2022.2 divulgou as listas dos convocados para a Segunda Concentra\u00e7\u00e3o Intermedi\u00e1ria. Veja se o seu nome est\u00e1 em uma delas!\" \/>\n<meta property=\"og:url\" content=\"https:\/\/militares.estrategia.com\/portal\/noticias\/eear-2022-2-convocados-primeira-concentracao-intermediaria\/\" \/>\n<meta property=\"og:site_name\" content=\"Estrat\u00e9gia Militares\" \/>\n<meta property=\"article:publisher\" content=\"https:\/\/www.facebook.com\/EstrategiaMilitares\" \/>\n<meta property=\"article:published_time\" content=\"2022-01-27T20:17:56+00:00\" \/>\n<meta property=\"article:modified_time\" content=\"2022-02-03T17:53:34+00:00\" \/>\n<meta property=\"og:image\" content=\"https:\/\/cdn.blog.estrategiavestibulares.com.br\/vestibulares\/wp-content\/uploads\/2021\/07\/EEAR.jpg\" \/>\n\t<meta property=\"og:image:width\" content=\"750\" \/>\n\t<meta property=\"og:image:height\" content=\"420\" \/>\n\t<meta property=\"og:image:type\" content=\"image\/jpeg\" \/>\n<meta name=\"author\" content=\"Vanesca Soares\" \/>\n<meta name=\"twitter:card\" content=\"summary_large_image\" \/>\n<meta name=\"twitter:creator\" content=\"@estrategiamilit\" \/>\n<meta name=\"twitter:site\" content=\"@estrategiamilit\" \/>\n<meta name=\"twitter:label1\" content=\"Escrito por\" \/>\n\t<meta name=\"twitter:data1\" content=\"Vanesca Soares\" \/>\n\t<meta name=\"twitter:label2\" content=\"Est. tempo de leitura\" \/>\n\t<meta name=\"twitter:data2\" content=\"2 minutos\" \/>\n<script type=\"application\/ld+json\" class=\"yoast-schema-graph\">{\"@context\":\"https:\/\/schema.org\",\"@graph\":[{\"@type\":\"NewsArticle\",\"@id\":\"https:\/\/militares.estrategia.com\/portal\/noticias\/eear-2022-2-convocados-primeira-concentracao-intermediaria\/#article\",\"isPartOf\":{\"@id\":\"https:\/\/militares.estrategia.com\/portal\/noticias\/eear-2022-2-convocados-primeira-concentracao-intermediaria\/\"},\"author\":{\"name\":\"Vanesca Soares\",\"@id\":\"https:\/\/militares.estrategia.com\/portal\/#\/schema\/person\/5cfd387108cd0cdefab7eea7a9735dcc\"},\"headline\":\"EEAR 2022.2: divulgada a rela\u00e7\u00e3o de convocados para a Segunda Concentra\u00e7\u00e3o Intermedi\u00e1ria\",\"datePublished\":\"2022-01-27T20:17:56+00:00\",\"dateModified\":\"2022-02-03T17:53:34+00:00\",\"mainEntityOfPage\":{\"@id\":\"https:\/\/militares.estrategia.com\/portal\/noticias\/eear-2022-2-convocados-primeira-concentracao-intermediaria\/\"},\"wordCount\":278,\"publisher\":{\"@id\":\"https:\/\/militares.estrategia.com\/portal\/#organization\"},\"image\":{\"@id\":\"https:\/\/militares.estrategia.com\/portal\/noticias\/eear-2022-2-convocados-primeira-concentracao-intermediaria\/#primaryimage\"},\"thumbnailUrl\":\"https:\/\/militares.estrategia.com\/portal\/wp-content\/uploads\/2021\/07\/EEAR.jpg\",\"keywords\":[\"#ConvocadosEEAR\",\"carreiramilitar\",\"ConcursosMilitares\",\"Edital EEAR 2022.2\",\"EEAR\",\"EEAR 2022.2\"],\"articleSection\":[\"Not\u00edcias\"],\"inLanguage\":\"pt-BR\"},{\"@type\":\"WebPage\",\"@id\":\"https:\/\/militares.estrategia.com\/portal\/noticias\/eear-2022-2-convocados-primeira-concentracao-intermediaria\/\",\"url\":\"https:\/\/militares.estrategia.com\/portal\/noticias\/eear-2022-2-convocados-primeira-concentracao-intermediaria\/\",\"name\":\"EEAR convoca para a 2\u00b0 Concentra\u00e7\u00e3o Intermedi\u00e1ria Estrat\u00e9gia Militares\",\"isPartOf\":{\"@id\":\"https:\/\/militares.estrategia.com\/portal\/#website\"},\"primaryImageOfPage\":{\"@id\":\"https:\/\/militares.estrategia.com\/portal\/noticias\/eear-2022-2-convocados-primeira-concentracao-intermediaria\/#primaryimage\"},\"image\":{\"@id\":\"https:\/\/militares.estrategia.com\/portal\/noticias\/eear-2022-2-convocados-primeira-concentracao-intermediaria\/#primaryimage\"},\"thumbnailUrl\":\"https:\/\/militares.estrategia.com\/portal\/wp-content\/uploads\/2021\/07\/EEAR.jpg\",\"datePublished\":\"2022-01-27T20:17:56+00:00\",\"dateModified\":\"2022-02-03T17:53:34+00:00\",\"description\":\"O concurso EEAR 2022.2 divulgou as listas dos convocados para a Segunda Concentra\u00e7\u00e3o Intermedi\u00e1ria. Veja se o seu nome est\u00e1 em uma delas!\",\"breadcrumb\":{\"@id\":\"https:\/\/militares.estrategia.com\/portal\/noticias\/eear-2022-2-convocados-primeira-concentracao-intermediaria\/#breadcrumb\"},\"inLanguage\":\"pt-BR\",\"potentialAction\":[{\"@type\":\"ReadAction\",\"target\":[\"https:\/\/militares.estrategia.com\/portal\/noticias\/eear-2022-2-convocados-primeira-concentracao-intermediaria\/\"]}]},{\"@type\":\"ImageObject\",\"inLanguage\":\"pt-BR\",\"@id\":\"https:\/\/militares.estrategia.com\/portal\/noticias\/eear-2022-2-convocados-primeira-concentracao-intermediaria\/#primaryimage\",\"url\":\"https:\/\/militares.estrategia.com\/portal\/wp-content\/uploads\/2021\/07\/EEAR.jpg\",\"contentUrl\":\"https:\/\/militares.estrategia.com\/portal\/wp-content\/uploads\/2021\/07\/EEAR.jpg\",\"width\":750,\"height\":420,\"caption\":\"Concurso EEAR 2023\"},{\"@type\":\"BreadcrumbList\",\"@id\":\"https:\/\/militares.estrategia.com\/portal\/noticias\/eear-2022-2-convocados-primeira-concentracao-intermediaria\/#breadcrumb\",\"itemListElement\":[{\"@type\":\"ListItem\",\"position\":1,\"name\":\"Home\",\"item\":\"https:\/\/militares.estrategia.com\/portal\/\"},{\"@type\":\"ListItem\",\"position\":2,\"name\":\"Not\u00edcias\",\"item\":\"https:\/\/militares.estrategia.com\/portal\/noticias\/\"},{\"@type\":\"ListItem\",\"position\":3,\"name\":\"EEAR 2022.2: divulgada a rela\u00e7\u00e3o de convocados para a Segunda Concentra\u00e7\u00e3o Intermedi\u00e1ria\"}]},{\"@type\":\"WebSite\",\"@id\":\"https:\/\/militares.estrategia.com\/portal\/#website\",\"url\":\"https:\/\/militares.estrategia.com\/portal\/\",\"name\":\"Estrat\u00e9gia Militares\",\"description\":\"\",\"publisher\":{\"@id\":\"https:\/\/militares.estrategia.com\/portal\/#organization\"},\"potentialAction\":[{\"@type\":\"SearchAction\",\"target\":{\"@type\":\"EntryPoint\",\"urlTemplate\":\"https:\/\/militares.estrategia.com\/portal\/?s={search_term_string}\"},\"query-input\":{\"@type\":\"PropertyValueSpecification\",\"valueRequired\":true,\"valueName\":\"search_term_string\"}}],\"inLanguage\":\"pt-BR\"},{\"@type\":\"Organization\",\"@id\":\"https:\/\/militares.estrategia.com\/portal\/#organization\",\"name\":\"Estrat\u00e9gia Militares\",\"url\":\"https:\/\/militares.estrategia.com\/portal\/\",\"logo\":{\"@type\":\"ImageObject\",\"inLanguage\":\"pt-BR\",\"@id\":\"https:\/\/militares.estrategia.com\/portal\/#\/schema\/logo\/image\/\",\"url\":\"https:\/\/militares.estrategia.com\/portal\/wp-content\/uploads\/2021\/10\/logo-militares.webp\",\"contentUrl\":\"https:\/\/militares.estrategia.com\/portal\/wp-content\/uploads\/2021\/10\/logo-militares.webp\",\"width\":346,\"height\":90,\"caption\":\"Estrat\u00e9gia Militares\"},\"image\":{\"@id\":\"https:\/\/militares.estrategia.com\/portal\/#\/schema\/logo\/image\/\"},\"sameAs\":[\"https:\/\/www.facebook.com\/EstrategiaMilitares\",\"https:\/\/x.com\/estrategiamilit\",\"https:\/\/www.instagram.com\/estrategiamilitares\/\",\"https:\/\/www.youtube.com\/channel\/UCRG_9hakCqXxnj_8TqCdgTA\"]},{\"@type\":\"Person\",\"@id\":\"https:\/\/militares.estrategia.com\/portal\/#\/schema\/person\/5cfd387108cd0cdefab7eea7a9735dcc\",\"name\":\"Vanesca Soares\",\"image\":{\"@type\":\"ImageObject\",\"inLanguage\":\"pt-BR\",\"@id\":\"https:\/\/militares.estrategia.com\/portal\/#\/schema\/person\/image\/\",\"url\":\"https:\/\/militares.estrategia.com\/portal\/wp-content\/uploads\/2021\/10\/FB_IMG_1634215702135-150x150.webp\",\"contentUrl\":\"https:\/\/militares.estrategia.com\/portal\/wp-content\/uploads\/2021\/10\/FB_IMG_1634215702135-150x150.webp\",\"caption\":\"Vanesca Soares\"},\"description\":\"Vanesca Soares foi Primeiro Tenente da Marinha do Brasil. Jornalista de forma\u00e7\u00e3o, ama todas as artes, principalmente a Literatura e o Cinema. Capaz de ficar em casa lendo um bom livro ao inv\u00e9s de ir para a balada, entende que ler \u00e9 uma grande viagem. Ama filmes hist\u00f3ricos, biografias, drama, thrillers, terror e tudo sobre os anos 1980. Principalmente a m\u00fasica!\",\"url\":\"https:\/\/militares.estrategia.com\/portal\/author\/vanesca-soares\/\"}]}<\/script>\n<!-- \/ Yoast SEO Premium plugin. -->","yoast_head_json":{"title":"EEAR convoca para a 2\u00b0 Concentra\u00e7\u00e3o Intermedi\u00e1ria Estrat\u00e9gia Militares","description":"O concurso EEAR 2022.2 divulgou as listas dos convocados para a Segunda Concentra\u00e7\u00e3o Intermedi\u00e1ria. Veja se o seu nome est\u00e1 em uma delas!","robots":{"index":"index","follow":"follow","max-snippet":"max-snippet:-1","max-image-preview":"max-image-preview:large","max-video-preview":"max-video-preview:-1"},"canonical":"https:\/\/militares.estrategia.com\/portal\/noticias\/eear-2022-2-convocados-primeira-concentracao-intermediaria\/","og_locale":"pt_BR","og_type":"article","og_title":"EEAR 2022.2: divulgada a rela\u00e7\u00e3o de convocados para a Segunda Concentra\u00e7\u00e3o Intermedi\u00e1ria","og_description":"O concurso EEAR 2022.2 divulgou as listas dos convocados para a Segunda Concentra\u00e7\u00e3o Intermedi\u00e1ria. Veja se o seu nome est\u00e1 em uma delas!","og_url":"https:\/\/militares.estrategia.com\/portal\/noticias\/eear-2022-2-convocados-primeira-concentracao-intermediaria\/","og_site_name":"Estrat\u00e9gia Militares","article_publisher":"https:\/\/www.facebook.com\/EstrategiaMilitares","article_published_time":"2022-01-27T20:17:56+00:00","article_modified_time":"2022-02-03T17:53:34+00:00","og_image":[{"width":750,"height":420,"url":"https:\/\/cdn.blog.estrategiavestibulares.com.br\/vestibulares\/wp-content\/uploads\/2021\/07\/EEAR.jpg","type":"image\/jpeg"}],"author":"Vanesca Soares","twitter_card":"summary_large_image","twitter_creator":"@estrategiamilit","twitter_site":"@estrategiamilit","twitter_misc":{"Escrito por":"Vanesca Soares","Est. tempo de leitura":"2 minutos"},"schema":{"@context":"https:\/\/schema.org","@graph":[{"@type":"NewsArticle","@id":"https:\/\/militares.estrategia.com\/portal\/noticias\/eear-2022-2-convocados-primeira-concentracao-intermediaria\/#article","isPartOf":{"@id":"https:\/\/militares.estrategia.com\/portal\/noticias\/eear-2022-2-convocados-primeira-concentracao-intermediaria\/"},"author":{"name":"Vanesca Soares","@id":"https:\/\/militares.estrategia.com\/portal\/#\/schema\/person\/5cfd387108cd0cdefab7eea7a9735dcc"},"headline":"EEAR 2022.2: divulgada a rela\u00e7\u00e3o de convocados para a Segunda Concentra\u00e7\u00e3o Intermedi\u00e1ria","datePublished":"2022-01-27T20:17:56+00:00","dateModified":"2022-02-03T17:53:34+00:00","mainEntityOfPage":{"@id":"https:\/\/militares.estrategia.com\/portal\/noticias\/eear-2022-2-convocados-primeira-concentracao-intermediaria\/"},"wordCount":278,"publisher":{"@id":"https:\/\/militares.estrategia.com\/portal\/#organization"},"image":{"@id":"https:\/\/militares.estrategia.com\/portal\/noticias\/eear-2022-2-convocados-primeira-concentracao-intermediaria\/#primaryimage"},"thumbnailUrl":"https:\/\/militares.estrategia.com\/portal\/wp-content\/uploads\/2021\/07\/EEAR.jpg","keywords":["#ConvocadosEEAR","carreiramilitar","ConcursosMilitares","Edital EEAR 2022.2","EEAR","EEAR 2022.2"],"articleSection":["Not\u00edcias"],"inLanguage":"pt-BR"},{"@type":"WebPage","@id":"https:\/\/militares.estrategia.com\/portal\/noticias\/eear-2022-2-convocados-primeira-concentracao-intermediaria\/","url":"https:\/\/militares.estrategia.com\/portal\/noticias\/eear-2022-2-convocados-primeira-concentracao-intermediaria\/","name":"EEAR convoca para a 2\u00b0 Concentra\u00e7\u00e3o Intermedi\u00e1ria Estrat\u00e9gia Militares","isPartOf":{"@id":"https:\/\/militares.estrategia.com\/portal\/#website"},"primaryImageOfPage":{"@id":"https:\/\/militares.estrategia.com\/portal\/noticias\/eear-2022-2-convocados-primeira-concentracao-intermediaria\/#primaryimage"},"image":{"@id":"https:\/\/militares.estrategia.com\/portal\/noticias\/eear-2022-2-convocados-primeira-concentracao-intermediaria\/#primaryimage"},"thumbnailUrl":"https:\/\/militares.estrategia.com\/portal\/wp-content\/uploads\/2021\/07\/EEAR.jpg","datePublished":"2022-01-27T20:17:56+00:00","dateModified":"2022-02-03T17:53:34+00:00","description":"O concurso EEAR 2022.2 divulgou as listas dos convocados para a Segunda Concentra\u00e7\u00e3o Intermedi\u00e1ria. Veja se o seu nome est\u00e1 em uma delas!","breadcrumb":{"@id":"https:\/\/militares.estrategia.com\/portal\/noticias\/eear-2022-2-convocados-primeira-concentracao-intermediaria\/#breadcrumb"},"inLanguage":"pt-BR","potentialAction":[{"@type":"ReadAction","target":["https:\/\/militares.estrategia.com\/portal\/noticias\/eear-2022-2-convocados-primeira-concentracao-intermediaria\/"]}]},{"@type":"ImageObject","inLanguage":"pt-BR","@id":"https:\/\/militares.estrategia.com\/portal\/noticias\/eear-2022-2-convocados-primeira-concentracao-intermediaria\/#primaryimage","url":"https:\/\/militares.estrategia.com\/portal\/wp-content\/uploads\/2021\/07\/EEAR.jpg","contentUrl":"https:\/\/militares.estrategia.com\/portal\/wp-content\/uploads\/2021\/07\/EEAR.jpg","width":750,"height":420,"caption":"Concurso EEAR 2023"},{"@type":"BreadcrumbList","@id":"https:\/\/militares.estrategia.com\/portal\/noticias\/eear-2022-2-convocados-primeira-concentracao-intermediaria\/#breadcrumb","itemListElement":[{"@type":"ListItem","position":1,"name":"Home","item":"https:\/\/militares.estrategia.com\/portal\/"},{"@type":"ListItem","position":2,"name":"Not\u00edcias","item":"https:\/\/militares.estrategia.com\/portal\/noticias\/"},{"@type":"ListItem","position":3,"name":"EEAR 2022.2: divulgada a rela\u00e7\u00e3o de convocados para a Segunda Concentra\u00e7\u00e3o Intermedi\u00e1ria"}]},{"@type":"WebSite","@id":"https:\/\/militares.estrategia.com\/portal\/#website","url":"https:\/\/militares.estrategia.com\/portal\/","name":"Estrat\u00e9gia Militares","description":"","publisher":{"@id":"https:\/\/militares.estrategia.com\/portal\/#organization"},"potentialAction":[{"@type":"SearchAction","target":{"@type":"EntryPoint","urlTemplate":"https:\/\/militares.estrategia.com\/portal\/?s={search_term_string}"},"query-input":{"@type":"PropertyValueSpecification","valueRequired":true,"valueName":"search_term_string"}}],"inLanguage":"pt-BR"},{"@type":"Organization","@id":"https:\/\/militares.estrategia.com\/portal\/#organization","name":"Estrat\u00e9gia Militares","url":"https:\/\/militares.estrategia.com\/portal\/","logo":{"@type":"ImageObject","inLanguage":"pt-BR","@id":"https:\/\/militares.estrategia.com\/portal\/#\/schema\/logo\/image\/","url":"https:\/\/militares.estrategia.com\/portal\/wp-content\/uploads\/2021\/10\/logo-militares.webp","contentUrl":"https:\/\/militares.estrategia.com\/portal\/wp-content\/uploads\/2021\/10\/logo-militares.webp","width":346,"height":90,"caption":"Estrat\u00e9gia Militares"},"image":{"@id":"https:\/\/militares.estrategia.com\/portal\/#\/schema\/logo\/image\/"},"sameAs":["https:\/\/www.facebook.com\/EstrategiaMilitares","https:\/\/x.com\/estrategiamilit","https:\/\/www.instagram.com\/estrategiamilitares\/","https:\/\/www.youtube.com\/channel\/UCRG_9hakCqXxnj_8TqCdgTA"]},{"@type":"Person","@id":"https:\/\/militares.estrategia.com\/portal\/#\/schema\/person\/5cfd387108cd0cdefab7eea7a9735dcc","name":"Vanesca Soares","image":{"@type":"ImageObject","inLanguage":"pt-BR","@id":"https:\/\/militares.estrategia.com\/portal\/#\/schema\/person\/image\/","url":"https:\/\/militares.estrategia.com\/portal\/wp-content\/uploads\/2021\/10\/FB_IMG_1634215702135-150x150.webp","contentUrl":"https:\/\/militares.estrategia.com\/portal\/wp-content\/uploads\/2021\/10\/FB_IMG_1634215702135-150x150.webp","caption":"Vanesca Soares"},"description":"Vanesca Soares foi Primeiro Tenente da Marinha do Brasil. Jornalista de forma\u00e7\u00e3o, ama todas as artes, principalmente a Literatura e o Cinema. Capaz de ficar em casa lendo um bom livro ao inv\u00e9s de ir para a balada, entende que ler \u00e9 uma grande viagem. Ama filmes hist\u00f3ricos, biografias, drama, thrillers, terror e tudo sobre os anos 1980. Principalmente a m\u00fasica!","url":"https:\/\/militares.estrategia.com\/portal\/author\/vanesca-soares\/"}]}},"_wl_alt_label":[],"wl:entity_url":"https:\/\/data.wordlift.io\/wl110246\/post\/eear-2022-2-divulgada-a-relacao-de-convocados-para-a-primeira-concentracao-intermediaria-51801","_links":{"self":[{"href":"https:\/\/militares.estrategia.com\/portal\/wp-json\/wp\/v2\/posts\/51801","targetHints":{"allow":["GET"]}}],"collection":[{"href":"https:\/\/militares.estrategia.com\/portal\/wp-json\/wp\/v2\/posts"}],"about":[{"href":"https:\/\/militares.estrategia.com\/portal\/wp-json\/wp\/v2\/types\/post"}],"author":[{"embeddable":true,"href":"https:\/\/militares.estrategia.com\/portal\/wp-json\/wp\/v2\/users\/58"}],"replies":[{"embeddable":true,"href":"https:\/\/militares.estrategia.com\/portal\/wp-json\/wp\/v2\/comments?post=51801"}],"version-history":[{"count":13,"href":"https:\/\/militares.estrategia.com\/portal\/wp-json\/wp\/v2\/posts\/51801\/revisions"}],"predecessor-version":[{"id":51980,"href":"https:\/\/militares.estrategia.com\/portal\/wp-json\/wp\/v2\/posts\/51801\/revisions\/51980"}],"wp:featuredmedia":[{"embeddable":true,"href":"https:\/\/militares.estrategia.com\/portal\/wp-json\/wp\/v2\/media\/46025"}],"wp:attachment":[{"href":"https:\/\/militares.estrategia.com\/portal\/wp-json\/wp\/v2\/media?parent=51801"}],"wp:term":[{"taxonomy":"category","embeddable":true,"href":"https:\/\/militares.estrategia.com\/portal\/wp-json\/wp\/v2\/categories?post=51801"},{"taxonomy":"post_tag","embeddable":true,"href":"https:\/\/militares.estrategia.com\/portal\/wp-json\/wp\/v2\/tags?post=51801"},{"taxonomy":"wl_entity_type","embeddable":true,"href":"https:\/\/militares.estrategia.com\/portal\/wp-json\/wp\/v2\/wl_entity_type?post=51801"}],"curies":[{"name":"wp","href":"https:\/\/api.w.org\/{rel}","templated":true}]}}