{"id":51526,"date":"2022-01-18T18:54:09","date_gmt":"2022-01-18T21:54:09","guid":{"rendered":"https:\/\/militares.estrategia.com\/portal\/?p=51526"},"modified":"2022-08-03T17:56:18","modified_gmt":"2022-08-03T20:56:18","slug":"divulgada-a-lista-final-dos-classificados-eear-2022-2","status":"publish","type":"post","link":"https:\/\/militares.estrategia.com\/portal\/noticias\/divulgada-a-lista-final-dos-classificados-eear-2022-2\/","title":{"rendered":"EEAR 2022.2: divulgada a lista final dos classificados"},"content":{"rendered":"\n<p>A Escola de Especialistas de Aeron\u00e1utica divulgou nesta ter\u00e7a, dia 18 de janeiro, os <strong>resultados finais da Prova EEAR 2022.2<\/strong>. A <a href=\"https:\/\/militares.estrategia.com\/portal\/noticias\/eear-2022-2-lista-provisoria-classificados\/\" target=\"_blank\" >lista preliminar tinha sido divulgada<\/a> no dia 8 de janeiro e os candidatos tiveram at\u00e9 as 15h do dia 11 de janeiro para apresentar os pedidos de recurso. <\/p>\n\n\n\n<p>Segundo o site do seletivo <strong>n\u00e3o houve altera\u00e7\u00e3o na lista provis\u00f3ria de resultados nominais, j\u00e1 que nenhum dos recursos apresentados foi aceito.<\/strong> As listas podem ser baixadas abaixo, elas s\u00e3o divididas de acordo com a especialidade escolhida no momento da inscri\u00e7\u00e3o: <\/p>\n\n\n\n<ul class=\"wp-block-list\"><li><a href=\"https:\/\/militares.estrategia.com\/portal\/wp-content\/uploads\/2022\/01\/cfs-2-2022_bct_relacao_classificacao_final.pdf\" target=\"_blank\" >Classifica\u00e7\u00e3o definitiva BCT &#8211; EEAR 2022.2;<\/a><\/li><li><a href=\"https:\/\/militares.estrategia.com\/portal\/wp-content\/uploads\/2022\/01\/cfs-2-2022_opc01_relacao_classificacao_final.pdf\" target=\"_blank\" >Classifica\u00e7\u00e3o definitiva OPC 1 &#8211; EEAR 2022.2;<\/a><\/li><li><a href=\"https:\/\/militares.estrategia.com\/portal\/wp-content\/uploads\/2022\/01\/cfs-2-2022_opc02_relacao_classificacao_final.pdf\" target=\"_blank\" >Classifica\u00e7\u00e3o definitiva OPC 2 &#8211; EEAR 2022.2; e<\/a><\/li><li><a href=\"https:\/\/militares.estrategia.com\/portal\/wp-content\/uploads\/2022\/01\/cfs-2-2022_opc03_relacao_classificacao_final.pdf\" target=\"_blank\" >Classifica\u00e7\u00e3o definitiva OPC 3 &#8211; EEAR 2022.2.<\/a><\/li><\/ul>\n\n\n\n<p><strong>As provas escritas do&nbsp;<a href=\"https:\/\/militares.estrategia.com\/portal\/noticias\/eear-ultimas-noticias-2\/\" target=\"_blank\" >Concurso EEAR 2022.2<\/a>&nbsp;foram realizadas no dia 14 de novembro de 2021<\/strong>. Os candidatos responderam a quest\u00f5es de L\u00edngua Portuguesa, L\u00edngua Inglesa, Matem\u00e1tica e F\u00edsica.<\/p>\n\n\n\n<p>As&nbsp;<strong>pr\u00f3ximas fases<\/strong>&nbsp;do concurso come\u00e7am no dia&nbsp;<strong>31&nbsp;de janeiro de 2022<\/strong>. Confira as principais datas abaixo: <\/p>\n\n\n\n<figure class=\"wp-block-table is-style-stripes\"><table class=\"has-electric-grass-gradient-background has-background has-fixed-layout\"><thead><tr><th>Evento<\/th><th>Data<\/th><\/tr><\/thead><tbody><tr><td>Inspe\u00e7\u00e3o de Sa\u00fade<\/td><td>01 a 22\/02\/2022<\/td><\/tr><tr><td>Exame de Aptid\u00e3o Psicol\u00f3gica<\/td><td>01 a 22\/02\/2022<\/td><\/tr><tr><td>Teste de Avalia\u00e7\u00e3o do Condicionamento F\u00edsico <\/td><td>25 a 29\/04\/2022<\/td><\/tr><tr><td>Procedimento de Heteroidentifica\u00e7\u00e3o Complementar<\/td><td>26\/06\/2022<\/td><\/tr><tr><td>Valida\u00e7\u00e3o de documentos<\/td><td>29\/06\/2022<\/td><\/tr><\/tbody><\/table><\/figure>\n\n\n\n<p>O Edital do pr\u00f3ximo Concurso EEAR j\u00e1 est\u00e1 dispon\u00edvel para os candidatos deste ano. Saiba mais no <a href=\"https:\/\/militares.estrategia.com\/portal\/guias\/aeronautica\/concurso-eear\/\" target=\"_blank\" >Guia do Concurso EEAR 2023.1<\/a>. N\u00e3o perca tempo e j\u00e1 comece a estudar com nossos cursos on-line!<\/p>\n\n\n\n<p><\/p>\n\n\n\n<p><\/p>\n\n\n","protected":false},"excerpt":{"rendered":"A Escola de Especialistas de Aeron\u00e1utica divulgou nesta ter\u00e7a, dia 18 de janeiro, os resultados finais da Prova&hellip;\n","protected":false},"author":9,"featured_media":45838,"comment_status":"closed","ping_status":"closed","sticky":false,"template":"","format":"standard","meta":{"wl_entities_gutenberg":"","footnotes":""},"categories":[36],"tags":[],"wl_entity_type":[187],"class_list":{"0":"post-51526","1":"post","2":"type-post","3":"status-publish","4":"format-standard","5":"has-post-thumbnail","7":"category-noticias","8":"wl_entity_type-article"},"acf":[],"yoast_head":"<!-- This site is optimized with the Yoast SEO Premium plugin v26.6 (Yoast SEO v26.6) - https:\/\/yoast.com\/wordpress\/plugins\/seo\/ -->\n<title>EEAR 2022.2: divulgada a lista final dos classificados<\/title>\n<meta name=\"description\" content=\"Confira a lista final de classificados EEAR 2022.2. N\u00e3o houve altera\u00e7\u00f5es com rela\u00e7\u00e3o ao resultado provis\u00f3rio.\" \/>\n<meta name=\"robots\" content=\"index, follow, max-snippet:-1, max-image-preview:large, max-video-preview:-1\" \/>\n<link rel=\"canonical\" href=\"https:\/\/militares.estrategia.com\/portal\/noticias\/divulgada-a-lista-final-dos-classificados-eear-2022-2\/\" \/>\n<meta property=\"og:locale\" content=\"pt_BR\" \/>\n<meta property=\"og:type\" content=\"article\" \/>\n<meta property=\"og:title\" content=\"EEAR 2022.2: divulgada a lista final dos classificados\" \/>\n<meta property=\"og:description\" content=\"Confira a lista final de classificados EEAR 2022.2. N\u00e3o houve altera\u00e7\u00f5es com rela\u00e7\u00e3o ao resultado provis\u00f3rio.\" \/>\n<meta property=\"og:url\" content=\"https:\/\/militares.estrategia.com\/portal\/noticias\/divulgada-a-lista-final-dos-classificados-eear-2022-2\/\" \/>\n<meta property=\"og:site_name\" content=\"Estrat\u00e9gia Militares\" \/>\n<meta property=\"article:publisher\" content=\"https:\/\/www.facebook.com\/EstrategiaMilitares\" \/>\n<meta property=\"article:published_time\" content=\"2022-01-18T21:54:09+00:00\" \/>\n<meta property=\"article:modified_time\" content=\"2022-08-03T20:56:18+00:00\" \/>\n<meta property=\"og:image\" content=\"https:\/\/cdn.blog.estrategiavestibulares.com.br\/vestibulares\/wp-content\/uploads\/2021\/07\/Apresentacao-sem-titulo.jpg\" \/>\n\t<meta property=\"og:image:width\" content=\"960\" \/>\n\t<meta property=\"og:image:height\" content=\"540\" \/>\n\t<meta property=\"og:image:type\" content=\"image\/jpeg\" \/>\n<meta name=\"author\" content=\"Raquel Oshio\" \/>\n<meta name=\"twitter:card\" content=\"summary_large_image\" \/>\n<meta name=\"twitter:creator\" content=\"@estrategiamilit\" \/>\n<meta name=\"twitter:site\" content=\"@estrategiamilit\" \/>\n<meta name=\"twitter:label1\" content=\"Escrito por\" \/>\n\t<meta name=\"twitter:data1\" content=\"Raquel Oshio\" \/>\n\t<meta name=\"twitter:label2\" content=\"Est. tempo de leitura\" \/>\n\t<meta name=\"twitter:data2\" content=\"2 minutos\" \/>\n<script type=\"application\/ld+json\" class=\"yoast-schema-graph\">{\"@context\":\"https:\/\/schema.org\",\"@graph\":[{\"@type\":\"NewsArticle\",\"@id\":\"https:\/\/militares.estrategia.com\/portal\/noticias\/divulgada-a-lista-final-dos-classificados-eear-2022-2\/#article\",\"isPartOf\":{\"@id\":\"https:\/\/militares.estrategia.com\/portal\/noticias\/divulgada-a-lista-final-dos-classificados-eear-2022-2\/\"},\"author\":{\"name\":\"Raquel Oshio\",\"@id\":\"https:\/\/militares.estrategia.com\/portal\/#\/schema\/person\/46e1f54d690b6a851270112cd62d2f37\"},\"headline\":\"EEAR 2022.2: divulgada a lista final dos classificados\",\"datePublished\":\"2022-01-18T21:54:09+00:00\",\"dateModified\":\"2022-08-03T20:56:18+00:00\",\"mainEntityOfPage\":{\"@id\":\"https:\/\/militares.estrategia.com\/portal\/noticias\/divulgada-a-lista-final-dos-classificados-eear-2022-2\/\"},\"wordCount\":249,\"publisher\":{\"@id\":\"https:\/\/militares.estrategia.com\/portal\/#organization\"},\"image\":{\"@id\":\"https:\/\/militares.estrategia.com\/portal\/noticias\/divulgada-a-lista-final-dos-classificados-eear-2022-2\/#primaryimage\"},\"thumbnailUrl\":\"https:\/\/militares.estrategia.com\/portal\/wp-content\/uploads\/2021\/07\/Apresentacao-sem-titulo.jpg\",\"articleSection\":[\"Not\u00edcias\"],\"inLanguage\":\"pt-BR\"},{\"@type\":\"WebPage\",\"@id\":\"https:\/\/militares.estrategia.com\/portal\/noticias\/divulgada-a-lista-final-dos-classificados-eear-2022-2\/\",\"url\":\"https:\/\/militares.estrategia.com\/portal\/noticias\/divulgada-a-lista-final-dos-classificados-eear-2022-2\/\",\"name\":\"EEAR 2022.2: divulgada a lista final dos classificados\",\"isPartOf\":{\"@id\":\"https:\/\/militares.estrategia.com\/portal\/#website\"},\"primaryImageOfPage\":{\"@id\":\"https:\/\/militares.estrategia.com\/portal\/noticias\/divulgada-a-lista-final-dos-classificados-eear-2022-2\/#primaryimage\"},\"image\":{\"@id\":\"https:\/\/militares.estrategia.com\/portal\/noticias\/divulgada-a-lista-final-dos-classificados-eear-2022-2\/#primaryimage\"},\"thumbnailUrl\":\"https:\/\/militares.estrategia.com\/portal\/wp-content\/uploads\/2021\/07\/Apresentacao-sem-titulo.jpg\",\"datePublished\":\"2022-01-18T21:54:09+00:00\",\"dateModified\":\"2022-08-03T20:56:18+00:00\",\"description\":\"Confira a lista final de classificados EEAR 2022.2. N\u00e3o houve altera\u00e7\u00f5es com rela\u00e7\u00e3o ao resultado provis\u00f3rio.\",\"breadcrumb\":{\"@id\":\"https:\/\/militares.estrategia.com\/portal\/noticias\/divulgada-a-lista-final-dos-classificados-eear-2022-2\/#breadcrumb\"},\"inLanguage\":\"pt-BR\",\"potentialAction\":[{\"@type\":\"ReadAction\",\"target\":[\"https:\/\/militares.estrategia.com\/portal\/noticias\/divulgada-a-lista-final-dos-classificados-eear-2022-2\/\"]}]},{\"@type\":\"ImageObject\",\"inLanguage\":\"pt-BR\",\"@id\":\"https:\/\/militares.estrategia.com\/portal\/noticias\/divulgada-a-lista-final-dos-classificados-eear-2022-2\/#primaryimage\",\"url\":\"https:\/\/militares.estrategia.com\/portal\/wp-content\/uploads\/2021\/07\/Apresentacao-sem-titulo.jpg\",\"contentUrl\":\"https:\/\/militares.estrategia.com\/portal\/wp-content\/uploads\/2021\/07\/Apresentacao-sem-titulo.jpg\",\"width\":960,\"height\":540,\"caption\":\"EEAR\"},{\"@type\":\"BreadcrumbList\",\"@id\":\"https:\/\/militares.estrategia.com\/portal\/noticias\/divulgada-a-lista-final-dos-classificados-eear-2022-2\/#breadcrumb\",\"itemListElement\":[{\"@type\":\"ListItem\",\"position\":1,\"name\":\"Home\",\"item\":\"https:\/\/militares.estrategia.com\/portal\/\"},{\"@type\":\"ListItem\",\"position\":2,\"name\":\"Not\u00edcias\",\"item\":\"https:\/\/militares.estrategia.com\/portal\/noticias\/\"},{\"@type\":\"ListItem\",\"position\":3,\"name\":\"EEAR 2022.2: divulgada a lista final dos classificados\"}]},{\"@type\":\"WebSite\",\"@id\":\"https:\/\/militares.estrategia.com\/portal\/#website\",\"url\":\"https:\/\/militares.estrategia.com\/portal\/\",\"name\":\"Estrat\u00e9gia Militares\",\"description\":\"\",\"publisher\":{\"@id\":\"https:\/\/militares.estrategia.com\/portal\/#organization\"},\"potentialAction\":[{\"@type\":\"SearchAction\",\"target\":{\"@type\":\"EntryPoint\",\"urlTemplate\":\"https:\/\/militares.estrategia.com\/portal\/?s={search_term_string}\"},\"query-input\":{\"@type\":\"PropertyValueSpecification\",\"valueRequired\":true,\"valueName\":\"search_term_string\"}}],\"inLanguage\":\"pt-BR\"},{\"@type\":\"Organization\",\"@id\":\"https:\/\/militares.estrategia.com\/portal\/#organization\",\"name\":\"Estrat\u00e9gia Militares\",\"url\":\"https:\/\/militares.estrategia.com\/portal\/\",\"logo\":{\"@type\":\"ImageObject\",\"inLanguage\":\"pt-BR\",\"@id\":\"https:\/\/militares.estrategia.com\/portal\/#\/schema\/logo\/image\/\",\"url\":\"https:\/\/militares.estrategia.com\/portal\/wp-content\/uploads\/2021\/10\/logo-militares.webp\",\"contentUrl\":\"https:\/\/militares.estrategia.com\/portal\/wp-content\/uploads\/2021\/10\/logo-militares.webp\",\"width\":346,\"height\":90,\"caption\":\"Estrat\u00e9gia Militares\"},\"image\":{\"@id\":\"https:\/\/militares.estrategia.com\/portal\/#\/schema\/logo\/image\/\"},\"sameAs\":[\"https:\/\/www.facebook.com\/EstrategiaMilitares\",\"https:\/\/x.com\/estrategiamilit\",\"https:\/\/www.instagram.com\/estrategiamilitares\/\",\"https:\/\/www.youtube.com\/channel\/UCRG_9hakCqXxnj_8TqCdgTA\"]},{\"@type\":\"Person\",\"@id\":\"https:\/\/militares.estrategia.com\/portal\/#\/schema\/person\/46e1f54d690b6a851270112cd62d2f37\",\"name\":\"Raquel Oshio\",\"image\":{\"@type\":\"ImageObject\",\"inLanguage\":\"pt-BR\",\"@id\":\"https:\/\/militares.estrategia.com\/portal\/#\/schema\/person\/image\/\",\"url\":\"https:\/\/secure.gravatar.com\/avatar\/fa4e62d5e59d9cf9995ea9c715a78807?s=96&d=mm&r=g\",\"contentUrl\":\"https:\/\/secure.gravatar.com\/avatar\/fa4e62d5e59d9cf9995ea9c715a78807?s=96&d=mm&r=g\",\"caption\":\"Raquel Oshio\"},\"description\":\"Raquel Kie \u00e9 amante de hist\u00f3rias e ca\u00e7adora de belezas escondidas. Jornalista de profiss\u00e3o e cora\u00e7\u00e3o. Desenhista e escritora de fic\u00e7\u00e3o nas horas vagas. Acredito no potencial transformador de todo trabalho feito com dedica\u00e7\u00e3o.\",\"url\":\"https:\/\/militares.estrategia.com\/portal\/author\/raqueloshio\/\"}]}<\/script>\n<!-- \/ Yoast SEO Premium plugin. -->","yoast_head_json":{"title":"EEAR 2022.2: divulgada a lista final dos classificados","description":"Confira a lista final de classificados EEAR 2022.2. N\u00e3o houve altera\u00e7\u00f5es com rela\u00e7\u00e3o ao resultado provis\u00f3rio.","robots":{"index":"index","follow":"follow","max-snippet":"max-snippet:-1","max-image-preview":"max-image-preview:large","max-video-preview":"max-video-preview:-1"},"canonical":"https:\/\/militares.estrategia.com\/portal\/noticias\/divulgada-a-lista-final-dos-classificados-eear-2022-2\/","og_locale":"pt_BR","og_type":"article","og_title":"EEAR 2022.2: divulgada a lista final dos classificados","og_description":"Confira a lista final de classificados EEAR 2022.2. N\u00e3o houve altera\u00e7\u00f5es com rela\u00e7\u00e3o ao resultado provis\u00f3rio.","og_url":"https:\/\/militares.estrategia.com\/portal\/noticias\/divulgada-a-lista-final-dos-classificados-eear-2022-2\/","og_site_name":"Estrat\u00e9gia Militares","article_publisher":"https:\/\/www.facebook.com\/EstrategiaMilitares","article_published_time":"2022-01-18T21:54:09+00:00","article_modified_time":"2022-08-03T20:56:18+00:00","og_image":[{"width":960,"height":540,"url":"https:\/\/cdn.blog.estrategiavestibulares.com.br\/vestibulares\/wp-content\/uploads\/2021\/07\/Apresentacao-sem-titulo.jpg","type":"image\/jpeg"}],"author":"Raquel Oshio","twitter_card":"summary_large_image","twitter_creator":"@estrategiamilit","twitter_site":"@estrategiamilit","twitter_misc":{"Escrito por":"Raquel Oshio","Est. tempo de leitura":"2 minutos"},"schema":{"@context":"https:\/\/schema.org","@graph":[{"@type":"NewsArticle","@id":"https:\/\/militares.estrategia.com\/portal\/noticias\/divulgada-a-lista-final-dos-classificados-eear-2022-2\/#article","isPartOf":{"@id":"https:\/\/militares.estrategia.com\/portal\/noticias\/divulgada-a-lista-final-dos-classificados-eear-2022-2\/"},"author":{"name":"Raquel Oshio","@id":"https:\/\/militares.estrategia.com\/portal\/#\/schema\/person\/46e1f54d690b6a851270112cd62d2f37"},"headline":"EEAR 2022.2: divulgada a lista final dos classificados","datePublished":"2022-01-18T21:54:09+00:00","dateModified":"2022-08-03T20:56:18+00:00","mainEntityOfPage":{"@id":"https:\/\/militares.estrategia.com\/portal\/noticias\/divulgada-a-lista-final-dos-classificados-eear-2022-2\/"},"wordCount":249,"publisher":{"@id":"https:\/\/militares.estrategia.com\/portal\/#organization"},"image":{"@id":"https:\/\/militares.estrategia.com\/portal\/noticias\/divulgada-a-lista-final-dos-classificados-eear-2022-2\/#primaryimage"},"thumbnailUrl":"https:\/\/militares.estrategia.com\/portal\/wp-content\/uploads\/2021\/07\/Apresentacao-sem-titulo.jpg","articleSection":["Not\u00edcias"],"inLanguage":"pt-BR"},{"@type":"WebPage","@id":"https:\/\/militares.estrategia.com\/portal\/noticias\/divulgada-a-lista-final-dos-classificados-eear-2022-2\/","url":"https:\/\/militares.estrategia.com\/portal\/noticias\/divulgada-a-lista-final-dos-classificados-eear-2022-2\/","name":"EEAR 2022.2: divulgada a lista final dos classificados","isPartOf":{"@id":"https:\/\/militares.estrategia.com\/portal\/#website"},"primaryImageOfPage":{"@id":"https:\/\/militares.estrategia.com\/portal\/noticias\/divulgada-a-lista-final-dos-classificados-eear-2022-2\/#primaryimage"},"image":{"@id":"https:\/\/militares.estrategia.com\/portal\/noticias\/divulgada-a-lista-final-dos-classificados-eear-2022-2\/#primaryimage"},"thumbnailUrl":"https:\/\/militares.estrategia.com\/portal\/wp-content\/uploads\/2021\/07\/Apresentacao-sem-titulo.jpg","datePublished":"2022-01-18T21:54:09+00:00","dateModified":"2022-08-03T20:56:18+00:00","description":"Confira a lista final de classificados EEAR 2022.2. N\u00e3o houve altera\u00e7\u00f5es com rela\u00e7\u00e3o ao resultado provis\u00f3rio.","breadcrumb":{"@id":"https:\/\/militares.estrategia.com\/portal\/noticias\/divulgada-a-lista-final-dos-classificados-eear-2022-2\/#breadcrumb"},"inLanguage":"pt-BR","potentialAction":[{"@type":"ReadAction","target":["https:\/\/militares.estrategia.com\/portal\/noticias\/divulgada-a-lista-final-dos-classificados-eear-2022-2\/"]}]},{"@type":"ImageObject","inLanguage":"pt-BR","@id":"https:\/\/militares.estrategia.com\/portal\/noticias\/divulgada-a-lista-final-dos-classificados-eear-2022-2\/#primaryimage","url":"https:\/\/militares.estrategia.com\/portal\/wp-content\/uploads\/2021\/07\/Apresentacao-sem-titulo.jpg","contentUrl":"https:\/\/militares.estrategia.com\/portal\/wp-content\/uploads\/2021\/07\/Apresentacao-sem-titulo.jpg","width":960,"height":540,"caption":"EEAR"},{"@type":"BreadcrumbList","@id":"https:\/\/militares.estrategia.com\/portal\/noticias\/divulgada-a-lista-final-dos-classificados-eear-2022-2\/#breadcrumb","itemListElement":[{"@type":"ListItem","position":1,"name":"Home","item":"https:\/\/militares.estrategia.com\/portal\/"},{"@type":"ListItem","position":2,"name":"Not\u00edcias","item":"https:\/\/militares.estrategia.com\/portal\/noticias\/"},{"@type":"ListItem","position":3,"name":"EEAR 2022.2: divulgada a lista final dos classificados"}]},{"@type":"WebSite","@id":"https:\/\/militares.estrategia.com\/portal\/#website","url":"https:\/\/militares.estrategia.com\/portal\/","name":"Estrat\u00e9gia Militares","description":"","publisher":{"@id":"https:\/\/militares.estrategia.com\/portal\/#organization"},"potentialAction":[{"@type":"SearchAction","target":{"@type":"EntryPoint","urlTemplate":"https:\/\/militares.estrategia.com\/portal\/?s={search_term_string}"},"query-input":{"@type":"PropertyValueSpecification","valueRequired":true,"valueName":"search_term_string"}}],"inLanguage":"pt-BR"},{"@type":"Organization","@id":"https:\/\/militares.estrategia.com\/portal\/#organization","name":"Estrat\u00e9gia Militares","url":"https:\/\/militares.estrategia.com\/portal\/","logo":{"@type":"ImageObject","inLanguage":"pt-BR","@id":"https:\/\/militares.estrategia.com\/portal\/#\/schema\/logo\/image\/","url":"https:\/\/militares.estrategia.com\/portal\/wp-content\/uploads\/2021\/10\/logo-militares.webp","contentUrl":"https:\/\/militares.estrategia.com\/portal\/wp-content\/uploads\/2021\/10\/logo-militares.webp","width":346,"height":90,"caption":"Estrat\u00e9gia Militares"},"image":{"@id":"https:\/\/militares.estrategia.com\/portal\/#\/schema\/logo\/image\/"},"sameAs":["https:\/\/www.facebook.com\/EstrategiaMilitares","https:\/\/x.com\/estrategiamilit","https:\/\/www.instagram.com\/estrategiamilitares\/","https:\/\/www.youtube.com\/channel\/UCRG_9hakCqXxnj_8TqCdgTA"]},{"@type":"Person","@id":"https:\/\/militares.estrategia.com\/portal\/#\/schema\/person\/46e1f54d690b6a851270112cd62d2f37","name":"Raquel Oshio","image":{"@type":"ImageObject","inLanguage":"pt-BR","@id":"https:\/\/militares.estrategia.com\/portal\/#\/schema\/person\/image\/","url":"https:\/\/secure.gravatar.com\/avatar\/fa4e62d5e59d9cf9995ea9c715a78807?s=96&d=mm&r=g","contentUrl":"https:\/\/secure.gravatar.com\/avatar\/fa4e62d5e59d9cf9995ea9c715a78807?s=96&d=mm&r=g","caption":"Raquel Oshio"},"description":"Raquel Kie \u00e9 amante de hist\u00f3rias e ca\u00e7adora de belezas escondidas. Jornalista de profiss\u00e3o e cora\u00e7\u00e3o. Desenhista e escritora de fic\u00e7\u00e3o nas horas vagas. Acredito no potencial transformador de todo trabalho feito com dedica\u00e7\u00e3o.","url":"https:\/\/militares.estrategia.com\/portal\/author\/raqueloshio\/"}]}},"_wl_alt_label":[],"wl:entity_url":"https:\/\/data.wordlift.io\/wl110246\/post\/eear_2022-2__divulgada_a_lista_provisoria_dos_classificados","_links":{"self":[{"href":"https:\/\/militares.estrategia.com\/portal\/wp-json\/wp\/v2\/posts\/51526","targetHints":{"allow":["GET"]}}],"collection":[{"href":"https:\/\/militares.estrategia.com\/portal\/wp-json\/wp\/v2\/posts"}],"about":[{"href":"https:\/\/militares.estrategia.com\/portal\/wp-json\/wp\/v2\/types\/post"}],"author":[{"embeddable":true,"href":"https:\/\/militares.estrategia.com\/portal\/wp-json\/wp\/v2\/users\/9"}],"replies":[{"embeddable":true,"href":"https:\/\/militares.estrategia.com\/portal\/wp-json\/wp\/v2\/comments?post=51526"}],"version-history":[{"count":3,"href":"https:\/\/militares.estrategia.com\/portal\/wp-json\/wp\/v2\/posts\/51526\/revisions"}],"predecessor-version":[{"id":57460,"href":"https:\/\/militares.estrategia.com\/portal\/wp-json\/wp\/v2\/posts\/51526\/revisions\/57460"}],"wp:featuredmedia":[{"embeddable":true,"href":"https:\/\/militares.estrategia.com\/portal\/wp-json\/wp\/v2\/media\/45838"}],"wp:attachment":[{"href":"https:\/\/militares.estrategia.com\/portal\/wp-json\/wp\/v2\/media?parent=51526"}],"wp:term":[{"taxonomy":"category","embeddable":true,"href":"https:\/\/militares.estrategia.com\/portal\/wp-json\/wp\/v2\/categories?post=51526"},{"taxonomy":"post_tag","embeddable":true,"href":"https:\/\/militares.estrategia.com\/portal\/wp-json\/wp\/v2\/tags?post=51526"},{"taxonomy":"wl_entity_type","embeddable":true,"href":"https:\/\/militares.estrategia.com\/portal\/wp-json\/wp\/v2\/wl_entity_type?post=51526"}],"curies":[{"name":"wp","href":"https:\/\/api.w.org\/{rel}","templated":true}]}}