{"id":51298,"date":"2022-01-10T10:49:04","date_gmt":"2022-01-10T13:49:04","guid":{"rendered":"https:\/\/militares.estrategia.com\/portal\/?p=51298"},"modified":"2022-01-28T14:50:26","modified_gmt":"2022-01-28T17:50:26","slug":"eear-2022-2-lista-provisoria-classificados","status":"publish","type":"post","link":"https:\/\/militares.estrategia.com\/portal\/noticias\/eear-2022-2-lista-provisoria-classificados\/","title":{"rendered":"EEAR 2022.2: Divulgada a lista provis\u00f3ria dos classificados!"},"content":{"rendered":"\n<p>A <strong>Escola de Especialistas de Aeron\u00e1utica<\/strong> divulgou, neste domingo, 09 de janeiro, a <strong>lista de classificados para o concurso <\/strong><a href=\"https:\/\/militares.estrategia.com\/portal\/noticias\/edital-do-concurso-eear-2022-2-e-divulgado\/\" target=\"_blank\" ><strong>EEAR 2022.2<\/strong>.<\/a> O concurso abriu <strong>314 vagas, sendo 63 reservadas e 251 de ampla concorr\u00eancia.<\/strong> <\/p>\n\n\n\n<div class=\"wp-block-buttons is-content-justification-center is-layout-flex wp-block-buttons-is-layout-flex\">\n<div class=\"wp-block-button is-style-outline is-style-outline--1\"><a class=\"wp-block-button__link has-vivid-green-cyan-background-color has-background\" href=\"https:\/\/militares.estrategia.com\/portal\/wp-content\/uploads\/2022\/01\/EEAR-2-2022_bct_relacao_classificacao_provisoria.pdf\" style=\"border-radius:50px\" target=\"_blank\" >Classifica\u00e7\u00e3o Provis\u00f3ria BCT<\/a><\/div>\n\n\n\n<div class=\"wp-block-button is-style-outline is-style-outline--2\"><a class=\"wp-block-button__link has-vivid-green-cyan-background-color has-background\" href=\"https:\/\/militares.estrategia.com\/portal\/wp-content\/uploads\/2022\/01\/EEAR-2-2022_opc01_relacao_classificacao_provisoria.pdf\" style=\"border-radius:50px\" target=\"_blank\" >Classifica\u00e7\u00e3o Provis\u00f3ria OPC 01<\/a><\/div>\n\n\n\n<div class=\"wp-block-button is-style-outline is-style-outline--3\"><a class=\"wp-block-button__link has-vivid-green-cyan-background-color has-background\" href=\"https:\/\/militares.estrategia.com\/portal\/wp-content\/uploads\/2022\/01\/EEAR-2-2022_opc02_relacao_classificacao_provisoria.pdf\" style=\"border-radius:50px\" target=\"_blank\" >Classifica\u00e7\u00e3o Provis\u00f3ria OPC 02<\/a><\/div>\n\n\n\n<div class=\"wp-block-button is-style-outline is-style-outline--4\"><a class=\"wp-block-button__link has-vivid-green-cyan-background-color has-background\" href=\"https:\/\/militares.estrategia.com\/portal\/wp-content\/uploads\/2022\/01\/EEAR-2-2022_opc03_relacao_classificacao_provisoria.pdf\" style=\"border-radius:50px\" target=\"_blank\" >Classifica\u00e7\u00e3o Provis\u00f3ria OPC 03<\/a><\/div>\n<\/div>\n\n\n\n<p><strong>As provas escritas do <a href=\"https:\/\/militares.estrategia.com\/portal\/noticias\/eear-ultimas-noticias-2\/\" target=\"_blank\" >Concurso EEAR 2022.2<\/a> foram realizadas no dia 14 de novembro de 2021<\/strong>. Os candidatos responderam a quest\u00f5es de L\u00edngua Portuguesa, L\u00edngua Inglesa, Matem\u00e1tica e F\u00edsica.<\/p>\n\n\n\n<p>Os professores do Estrat\u00e9gia Militares fizeram a <strong>corre\u00e7\u00e3o ao vivo da prova da EEAR 2022.2 <\/strong>no dia em que o concurso ocorreu. Veja o v\u00eddeo no canal do YouTube.<\/p>\n\n\n\n<figure class=\"wp-block-embed is-type-video is-provider-youtube wp-block-embed-youtube wp-embed-aspect-16-9 wp-has-aspect-ratio\"><div class=\"wp-block-embed__wrapper\">\n<div class=\"cs-embed cs-embed-responsive\"><iframe title=\"Gabarito EEAR 2022.2 - Corre\u00e7\u00e3o de prova ao vivo\" width=\"1200\" height=\"675\" src=\"https:\/\/www.youtube.com\/embed\/HwIGakTLIBg?feature=oembed\" frameborder=\"0\" allow=\"accelerometer; autoplay; clipboard-write; encrypted-media; gyroscope; picture-in-picture\" allowfullscreen><\/iframe><\/div>\n<\/div><\/figure>\n\n\n\n<p>As <strong>pr\u00f3ximas fases<\/strong> do concurso come\u00e7am no dia <strong>31<\/strong><strong> de janeiro de 2022<\/strong>. Haver\u00e1 a<strong> Concentra\u00e7\u00e3o Intermedi\u00e1ria,<\/strong><strong> a Inspe\u00e7\u00e3o de Sa\u00fade, <\/strong><strong>o Exame de Aptid\u00e3o Psicol\u00f3gica,<\/strong><strong> <\/strong><strong>o Teste de Avalia\u00e7\u00e3o do Condicionamento F\u00edsico, o Procedimento de Heteroidentifica\u00e7\u00e3o Complementar e a Valida\u00e7\u00e3o de Documentos<\/strong>. Veja o calend\u00e1rio:<\/p>\n\n\n\n<ul class=\"wp-block-list\"><li>Concentra\u00e7\u00e3o Intermedi\u00e1ria: 31\/01 e 07\/02\/2022;<\/li><li>Inspe\u00e7\u00e3o de Sa\u00fade: 01 a 22\/02\/2022;<\/li><li>Exame de Aptid\u00e3o Psicol\u00f3gica: 01 a 22\/02\/2022;<\/li><li>Teste de Avalia\u00e7\u00e3o do Condicionamento F\u00edsico: 25 a 29\/04\/2022;<\/li><li>Procedimento de Heteroidentifica\u00e7\u00e3o Complementar: 26\/06\/2022; e<\/li><li>Valida\u00e7\u00e3o de documentos: 29\/06\/2022.<\/li><\/ul>\n\n\n\n<p><strong>A realiza\u00e7\u00e3o da matr\u00edcula e o come\u00e7o do curso para os aprovados no Concurso EEAR 2022.2 acontecer\u00e3o no dia 29 de junho de 2022.<\/strong><\/p>\n\n\n\n<p>Voc\u00ea deseja<a href=\"https:\/\/militares.estrategia.com\/portal\/simulados\/simulado-eear\/\" target=\"_blank\" > estudar <\/a>para ingressar em uma carreira militar? Ent\u00e3o aproveite e adquira nosso Banco de Quest\u00f5es. Clique no banner e saiba mais!<\/p>\n\n\n\n<p><strong><a id=\"cta\" class=\"cta-imagem\" href=\"https:\/\/militares.estrategia.com\/curso\/banco-de-questes-anual\/\" target=\"blank\">\n                <img decoding=\"async\" width=\"100%\" src=\"https:\/\/militares.estrategia.com\/portal\/wp-content\/uploads\/2023\/02\/EM-Banco-de-Questoes.jpg\" alt=\"EM - Banco de Questo\u0303es\" title=\"EM - Banco de Questo\u0303es\">\n        <\/a><\/strong><\/p>\n\n\n\n\n\n<p><\/p>\n","protected":false},"excerpt":{"rendered":"A Escola de Especialistas de Aeron\u00e1utica divulgou, neste domingo, 09 de janeiro, a lista de classificados para o&hellip;\n","protected":false},"author":58,"featured_media":45838,"comment_status":"closed","ping_status":"closed","sticky":false,"template":"","format":"standard","meta":{"wl_entities_gutenberg":"","footnotes":""},"categories":[36],"tags":[44,162,161],"wl_entity_type":[187],"class_list":{"0":"post-51298","1":"post","2":"type-post","3":"status-publish","4":"format-standard","5":"has-post-thumbnail","7":"category-noticias","8":"tag-eear","9":"tag-carreiramilitar","10":"tag-concursosmilitares","11":"wl_entity_type-article"},"acf":[],"yoast_head":"<!-- This site is optimized with the Yoast SEO Premium plugin v26.6 (Yoast SEO v26.6) - https:\/\/yoast.com\/wordpress\/plugins\/seo\/ -->\n<title>EEAR 2022.2: Divulgada a lista provis\u00f3ria dos classificados!<\/title>\n<meta name=\"description\" content=\"A Escola de Especialistas de Aeron\u00e1utica divulgou a lista provis\u00f3ria de classificados de seu concurso 2022.2. Confira!\" \/>\n<meta name=\"robots\" content=\"index, follow, max-snippet:-1, max-image-preview:large, max-video-preview:-1\" \/>\n<link rel=\"canonical\" href=\"https:\/\/militares.estrategia.com\/portal\/noticias\/eear-2022-2-lista-provisoria-classificados\/\" \/>\n<meta property=\"og:locale\" content=\"pt_BR\" \/>\n<meta property=\"og:type\" content=\"article\" \/>\n<meta property=\"og:title\" content=\"EEAR 2022.2: Divulgada a lista provis\u00f3ria dos classificados!\" \/>\n<meta property=\"og:description\" content=\"A Escola de Especialistas de Aeron\u00e1utica divulgou a lista provis\u00f3ria de classificados de seu concurso 2022.2. Confira!\" \/>\n<meta property=\"og:url\" content=\"https:\/\/militares.estrategia.com\/portal\/noticias\/eear-2022-2-lista-provisoria-classificados\/\" \/>\n<meta property=\"og:site_name\" content=\"Estrat\u00e9gia Militares\" \/>\n<meta property=\"article:publisher\" content=\"https:\/\/www.facebook.com\/EstrategiaMilitares\" \/>\n<meta property=\"article:published_time\" content=\"2022-01-10T13:49:04+00:00\" \/>\n<meta property=\"article:modified_time\" content=\"2022-01-28T17:50:26+00:00\" \/>\n<meta property=\"og:image\" content=\"https:\/\/cdn.blog.estrategiavestibulares.com.br\/vestibulares\/wp-content\/uploads\/2021\/07\/Apresentacao-sem-titulo.jpg\" \/>\n\t<meta property=\"og:image:width\" content=\"960\" \/>\n\t<meta property=\"og:image:height\" content=\"540\" \/>\n\t<meta property=\"og:image:type\" content=\"image\/jpeg\" \/>\n<meta name=\"author\" content=\"Vanesca Soares\" \/>\n<meta name=\"twitter:card\" content=\"summary_large_image\" \/>\n<meta name=\"twitter:creator\" content=\"@estrategiamilit\" \/>\n<meta name=\"twitter:site\" content=\"@estrategiamilit\" \/>\n<meta name=\"twitter:label1\" content=\"Escrito por\" \/>\n\t<meta name=\"twitter:data1\" content=\"Vanesca Soares\" \/>\n\t<meta name=\"twitter:label2\" content=\"Est. tempo de leitura\" \/>\n\t<meta name=\"twitter:data2\" content=\"2 minutos\" \/>\n<script type=\"application\/ld+json\" class=\"yoast-schema-graph\">{\"@context\":\"https:\/\/schema.org\",\"@graph\":[{\"@type\":\"NewsArticle\",\"@id\":\"https:\/\/militares.estrategia.com\/portal\/noticias\/eear-2022-2-lista-provisoria-classificados\/#article\",\"isPartOf\":{\"@id\":\"https:\/\/militares.estrategia.com\/portal\/noticias\/eear-2022-2-lista-provisoria-classificados\/\"},\"author\":{\"name\":\"Vanesca Soares\",\"@id\":\"https:\/\/militares.estrategia.com\/portal\/#\/schema\/person\/5cfd387108cd0cdefab7eea7a9735dcc\"},\"headline\":\"EEAR 2022.2: Divulgada a lista provis\u00f3ria dos classificados!\",\"datePublished\":\"2022-01-10T13:49:04+00:00\",\"dateModified\":\"2022-01-28T17:50:26+00:00\",\"mainEntityOfPage\":{\"@id\":\"https:\/\/militares.estrategia.com\/portal\/noticias\/eear-2022-2-lista-provisoria-classificados\/\"},\"wordCount\":272,\"publisher\":{\"@id\":\"https:\/\/militares.estrategia.com\/portal\/#organization\"},\"image\":{\"@id\":\"https:\/\/militares.estrategia.com\/portal\/noticias\/eear-2022-2-lista-provisoria-classificados\/#primaryimage\"},\"thumbnailUrl\":\"https:\/\/militares.estrategia.com\/portal\/wp-content\/uploads\/2021\/07\/Apresentacao-sem-titulo.jpg\",\"keywords\":[\"#EEAR\",\"carreiramilitar\",\"ConcursosMilitares\"],\"articleSection\":[\"Not\u00edcias\"],\"inLanguage\":\"pt-BR\"},{\"@type\":\"WebPage\",\"@id\":\"https:\/\/militares.estrategia.com\/portal\/noticias\/eear-2022-2-lista-provisoria-classificados\/\",\"url\":\"https:\/\/militares.estrategia.com\/portal\/noticias\/eear-2022-2-lista-provisoria-classificados\/\",\"name\":\"EEAR 2022.2: Divulgada a lista provis\u00f3ria dos classificados!\",\"isPartOf\":{\"@id\":\"https:\/\/militares.estrategia.com\/portal\/#website\"},\"primaryImageOfPage\":{\"@id\":\"https:\/\/militares.estrategia.com\/portal\/noticias\/eear-2022-2-lista-provisoria-classificados\/#primaryimage\"},\"image\":{\"@id\":\"https:\/\/militares.estrategia.com\/portal\/noticias\/eear-2022-2-lista-provisoria-classificados\/#primaryimage\"},\"thumbnailUrl\":\"https:\/\/militares.estrategia.com\/portal\/wp-content\/uploads\/2021\/07\/Apresentacao-sem-titulo.jpg\",\"datePublished\":\"2022-01-10T13:49:04+00:00\",\"dateModified\":\"2022-01-28T17:50:26+00:00\",\"description\":\"A Escola de Especialistas de Aeron\u00e1utica divulgou a lista provis\u00f3ria de classificados de seu concurso 2022.2. Confira!\",\"breadcrumb\":{\"@id\":\"https:\/\/militares.estrategia.com\/portal\/noticias\/eear-2022-2-lista-provisoria-classificados\/#breadcrumb\"},\"inLanguage\":\"pt-BR\",\"potentialAction\":[{\"@type\":\"ReadAction\",\"target\":[\"https:\/\/militares.estrategia.com\/portal\/noticias\/eear-2022-2-lista-provisoria-classificados\/\"]}]},{\"@type\":\"ImageObject\",\"inLanguage\":\"pt-BR\",\"@id\":\"https:\/\/militares.estrategia.com\/portal\/noticias\/eear-2022-2-lista-provisoria-classificados\/#primaryimage\",\"url\":\"https:\/\/militares.estrategia.com\/portal\/wp-content\/uploads\/2021\/07\/Apresentacao-sem-titulo.jpg\",\"contentUrl\":\"https:\/\/militares.estrategia.com\/portal\/wp-content\/uploads\/2021\/07\/Apresentacao-sem-titulo.jpg\",\"width\":960,\"height\":540,\"caption\":\"EEAR\"},{\"@type\":\"BreadcrumbList\",\"@id\":\"https:\/\/militares.estrategia.com\/portal\/noticias\/eear-2022-2-lista-provisoria-classificados\/#breadcrumb\",\"itemListElement\":[{\"@type\":\"ListItem\",\"position\":1,\"name\":\"Home\",\"item\":\"https:\/\/militares.estrategia.com\/portal\/\"},{\"@type\":\"ListItem\",\"position\":2,\"name\":\"Not\u00edcias\",\"item\":\"https:\/\/militares.estrategia.com\/portal\/noticias\/\"},{\"@type\":\"ListItem\",\"position\":3,\"name\":\"EEAR 2022.2: Divulgada a lista provis\u00f3ria dos classificados!\"}]},{\"@type\":\"WebSite\",\"@id\":\"https:\/\/militares.estrategia.com\/portal\/#website\",\"url\":\"https:\/\/militares.estrategia.com\/portal\/\",\"name\":\"Estrat\u00e9gia Militares\",\"description\":\"\",\"publisher\":{\"@id\":\"https:\/\/militares.estrategia.com\/portal\/#organization\"},\"potentialAction\":[{\"@type\":\"SearchAction\",\"target\":{\"@type\":\"EntryPoint\",\"urlTemplate\":\"https:\/\/militares.estrategia.com\/portal\/?s={search_term_string}\"},\"query-input\":{\"@type\":\"PropertyValueSpecification\",\"valueRequired\":true,\"valueName\":\"search_term_string\"}}],\"inLanguage\":\"pt-BR\"},{\"@type\":\"Organization\",\"@id\":\"https:\/\/militares.estrategia.com\/portal\/#organization\",\"name\":\"Estrat\u00e9gia Militares\",\"url\":\"https:\/\/militares.estrategia.com\/portal\/\",\"logo\":{\"@type\":\"ImageObject\",\"inLanguage\":\"pt-BR\",\"@id\":\"https:\/\/militares.estrategia.com\/portal\/#\/schema\/logo\/image\/\",\"url\":\"https:\/\/militares.estrategia.com\/portal\/wp-content\/uploads\/2021\/10\/logo-militares.webp\",\"contentUrl\":\"https:\/\/militares.estrategia.com\/portal\/wp-content\/uploads\/2021\/10\/logo-militares.webp\",\"width\":346,\"height\":90,\"caption\":\"Estrat\u00e9gia Militares\"},\"image\":{\"@id\":\"https:\/\/militares.estrategia.com\/portal\/#\/schema\/logo\/image\/\"},\"sameAs\":[\"https:\/\/www.facebook.com\/EstrategiaMilitares\",\"https:\/\/x.com\/estrategiamilit\",\"https:\/\/www.instagram.com\/estrategiamilitares\/\",\"https:\/\/www.youtube.com\/channel\/UCRG_9hakCqXxnj_8TqCdgTA\"]},{\"@type\":\"Person\",\"@id\":\"https:\/\/militares.estrategia.com\/portal\/#\/schema\/person\/5cfd387108cd0cdefab7eea7a9735dcc\",\"name\":\"Vanesca Soares\",\"image\":{\"@type\":\"ImageObject\",\"inLanguage\":\"pt-BR\",\"@id\":\"https:\/\/militares.estrategia.com\/portal\/#\/schema\/person\/image\/\",\"url\":\"https:\/\/militares.estrategia.com\/portal\/wp-content\/uploads\/2021\/10\/FB_IMG_1634215702135-150x150.webp\",\"contentUrl\":\"https:\/\/militares.estrategia.com\/portal\/wp-content\/uploads\/2021\/10\/FB_IMG_1634215702135-150x150.webp\",\"caption\":\"Vanesca Soares\"},\"description\":\"Vanesca Soares foi Primeiro Tenente da Marinha do Brasil. Jornalista de forma\u00e7\u00e3o, ama todas as artes, principalmente a Literatura e o Cinema. Capaz de ficar em casa lendo um bom livro ao inv\u00e9s de ir para a balada, entende que ler \u00e9 uma grande viagem. Ama filmes hist\u00f3ricos, biografias, drama, thrillers, terror e tudo sobre os anos 1980. Principalmente a m\u00fasica!\",\"url\":\"https:\/\/militares.estrategia.com\/portal\/author\/vanesca-soares\/\"}]}<\/script>\n<!-- \/ Yoast SEO Premium plugin. -->","yoast_head_json":{"title":"EEAR 2022.2: Divulgada a lista provis\u00f3ria dos classificados!","description":"A Escola de Especialistas de Aeron\u00e1utica divulgou a lista provis\u00f3ria de classificados de seu concurso 2022.2. Confira!","robots":{"index":"index","follow":"follow","max-snippet":"max-snippet:-1","max-image-preview":"max-image-preview:large","max-video-preview":"max-video-preview:-1"},"canonical":"https:\/\/militares.estrategia.com\/portal\/noticias\/eear-2022-2-lista-provisoria-classificados\/","og_locale":"pt_BR","og_type":"article","og_title":"EEAR 2022.2: Divulgada a lista provis\u00f3ria dos classificados!","og_description":"A Escola de Especialistas de Aeron\u00e1utica divulgou a lista provis\u00f3ria de classificados de seu concurso 2022.2. Confira!","og_url":"https:\/\/militares.estrategia.com\/portal\/noticias\/eear-2022-2-lista-provisoria-classificados\/","og_site_name":"Estrat\u00e9gia Militares","article_publisher":"https:\/\/www.facebook.com\/EstrategiaMilitares","article_published_time":"2022-01-10T13:49:04+00:00","article_modified_time":"2022-01-28T17:50:26+00:00","og_image":[{"width":960,"height":540,"url":"https:\/\/cdn.blog.estrategiavestibulares.com.br\/vestibulares\/wp-content\/uploads\/2021\/07\/Apresentacao-sem-titulo.jpg","type":"image\/jpeg"}],"author":"Vanesca Soares","twitter_card":"summary_large_image","twitter_creator":"@estrategiamilit","twitter_site":"@estrategiamilit","twitter_misc":{"Escrito por":"Vanesca Soares","Est. tempo de leitura":"2 minutos"},"schema":{"@context":"https:\/\/schema.org","@graph":[{"@type":"NewsArticle","@id":"https:\/\/militares.estrategia.com\/portal\/noticias\/eear-2022-2-lista-provisoria-classificados\/#article","isPartOf":{"@id":"https:\/\/militares.estrategia.com\/portal\/noticias\/eear-2022-2-lista-provisoria-classificados\/"},"author":{"name":"Vanesca Soares","@id":"https:\/\/militares.estrategia.com\/portal\/#\/schema\/person\/5cfd387108cd0cdefab7eea7a9735dcc"},"headline":"EEAR 2022.2: Divulgada a lista provis\u00f3ria dos classificados!","datePublished":"2022-01-10T13:49:04+00:00","dateModified":"2022-01-28T17:50:26+00:00","mainEntityOfPage":{"@id":"https:\/\/militares.estrategia.com\/portal\/noticias\/eear-2022-2-lista-provisoria-classificados\/"},"wordCount":272,"publisher":{"@id":"https:\/\/militares.estrategia.com\/portal\/#organization"},"image":{"@id":"https:\/\/militares.estrategia.com\/portal\/noticias\/eear-2022-2-lista-provisoria-classificados\/#primaryimage"},"thumbnailUrl":"https:\/\/militares.estrategia.com\/portal\/wp-content\/uploads\/2021\/07\/Apresentacao-sem-titulo.jpg","keywords":["#EEAR","carreiramilitar","ConcursosMilitares"],"articleSection":["Not\u00edcias"],"inLanguage":"pt-BR"},{"@type":"WebPage","@id":"https:\/\/militares.estrategia.com\/portal\/noticias\/eear-2022-2-lista-provisoria-classificados\/","url":"https:\/\/militares.estrategia.com\/portal\/noticias\/eear-2022-2-lista-provisoria-classificados\/","name":"EEAR 2022.2: Divulgada a lista provis\u00f3ria dos classificados!","isPartOf":{"@id":"https:\/\/militares.estrategia.com\/portal\/#website"},"primaryImageOfPage":{"@id":"https:\/\/militares.estrategia.com\/portal\/noticias\/eear-2022-2-lista-provisoria-classificados\/#primaryimage"},"image":{"@id":"https:\/\/militares.estrategia.com\/portal\/noticias\/eear-2022-2-lista-provisoria-classificados\/#primaryimage"},"thumbnailUrl":"https:\/\/militares.estrategia.com\/portal\/wp-content\/uploads\/2021\/07\/Apresentacao-sem-titulo.jpg","datePublished":"2022-01-10T13:49:04+00:00","dateModified":"2022-01-28T17:50:26+00:00","description":"A Escola de Especialistas de Aeron\u00e1utica divulgou a lista provis\u00f3ria de classificados de seu concurso 2022.2. Confira!","breadcrumb":{"@id":"https:\/\/militares.estrategia.com\/portal\/noticias\/eear-2022-2-lista-provisoria-classificados\/#breadcrumb"},"inLanguage":"pt-BR","potentialAction":[{"@type":"ReadAction","target":["https:\/\/militares.estrategia.com\/portal\/noticias\/eear-2022-2-lista-provisoria-classificados\/"]}]},{"@type":"ImageObject","inLanguage":"pt-BR","@id":"https:\/\/militares.estrategia.com\/portal\/noticias\/eear-2022-2-lista-provisoria-classificados\/#primaryimage","url":"https:\/\/militares.estrategia.com\/portal\/wp-content\/uploads\/2021\/07\/Apresentacao-sem-titulo.jpg","contentUrl":"https:\/\/militares.estrategia.com\/portal\/wp-content\/uploads\/2021\/07\/Apresentacao-sem-titulo.jpg","width":960,"height":540,"caption":"EEAR"},{"@type":"BreadcrumbList","@id":"https:\/\/militares.estrategia.com\/portal\/noticias\/eear-2022-2-lista-provisoria-classificados\/#breadcrumb","itemListElement":[{"@type":"ListItem","position":1,"name":"Home","item":"https:\/\/militares.estrategia.com\/portal\/"},{"@type":"ListItem","position":2,"name":"Not\u00edcias","item":"https:\/\/militares.estrategia.com\/portal\/noticias\/"},{"@type":"ListItem","position":3,"name":"EEAR 2022.2: Divulgada a lista provis\u00f3ria dos classificados!"}]},{"@type":"WebSite","@id":"https:\/\/militares.estrategia.com\/portal\/#website","url":"https:\/\/militares.estrategia.com\/portal\/","name":"Estrat\u00e9gia Militares","description":"","publisher":{"@id":"https:\/\/militares.estrategia.com\/portal\/#organization"},"potentialAction":[{"@type":"SearchAction","target":{"@type":"EntryPoint","urlTemplate":"https:\/\/militares.estrategia.com\/portal\/?s={search_term_string}"},"query-input":{"@type":"PropertyValueSpecification","valueRequired":true,"valueName":"search_term_string"}}],"inLanguage":"pt-BR"},{"@type":"Organization","@id":"https:\/\/militares.estrategia.com\/portal\/#organization","name":"Estrat\u00e9gia Militares","url":"https:\/\/militares.estrategia.com\/portal\/","logo":{"@type":"ImageObject","inLanguage":"pt-BR","@id":"https:\/\/militares.estrategia.com\/portal\/#\/schema\/logo\/image\/","url":"https:\/\/militares.estrategia.com\/portal\/wp-content\/uploads\/2021\/10\/logo-militares.webp","contentUrl":"https:\/\/militares.estrategia.com\/portal\/wp-content\/uploads\/2021\/10\/logo-militares.webp","width":346,"height":90,"caption":"Estrat\u00e9gia Militares"},"image":{"@id":"https:\/\/militares.estrategia.com\/portal\/#\/schema\/logo\/image\/"},"sameAs":["https:\/\/www.facebook.com\/EstrategiaMilitares","https:\/\/x.com\/estrategiamilit","https:\/\/www.instagram.com\/estrategiamilitares\/","https:\/\/www.youtube.com\/channel\/UCRG_9hakCqXxnj_8TqCdgTA"]},{"@type":"Person","@id":"https:\/\/militares.estrategia.com\/portal\/#\/schema\/person\/5cfd387108cd0cdefab7eea7a9735dcc","name":"Vanesca Soares","image":{"@type":"ImageObject","inLanguage":"pt-BR","@id":"https:\/\/militares.estrategia.com\/portal\/#\/schema\/person\/image\/","url":"https:\/\/militares.estrategia.com\/portal\/wp-content\/uploads\/2021\/10\/FB_IMG_1634215702135-150x150.webp","contentUrl":"https:\/\/militares.estrategia.com\/portal\/wp-content\/uploads\/2021\/10\/FB_IMG_1634215702135-150x150.webp","caption":"Vanesca Soares"},"description":"Vanesca Soares foi Primeiro Tenente da Marinha do Brasil. Jornalista de forma\u00e7\u00e3o, ama todas as artes, principalmente a Literatura e o Cinema. Capaz de ficar em casa lendo um bom livro ao inv\u00e9s de ir para a balada, entende que ler \u00e9 uma grande viagem. Ama filmes hist\u00f3ricos, biografias, drama, thrillers, terror e tudo sobre os anos 1980. Principalmente a m\u00fasica!","url":"https:\/\/militares.estrategia.com\/portal\/author\/vanesca-soares\/"}]}},"_wl_alt_label":[],"wl:entity_url":"https:\/\/data.wordlift.io\/wl110246\/post\/eear_2022-2__divulgada_a_lista_dos_classificados","_links":{"self":[{"href":"https:\/\/militares.estrategia.com\/portal\/wp-json\/wp\/v2\/posts\/51298","targetHints":{"allow":["GET"]}}],"collection":[{"href":"https:\/\/militares.estrategia.com\/portal\/wp-json\/wp\/v2\/posts"}],"about":[{"href":"https:\/\/militares.estrategia.com\/portal\/wp-json\/wp\/v2\/types\/post"}],"author":[{"embeddable":true,"href":"https:\/\/militares.estrategia.com\/portal\/wp-json\/wp\/v2\/users\/58"}],"replies":[{"embeddable":true,"href":"https:\/\/militares.estrategia.com\/portal\/wp-json\/wp\/v2\/comments?post=51298"}],"version-history":[{"count":10,"href":"https:\/\/militares.estrategia.com\/portal\/wp-json\/wp\/v2\/posts\/51298\/revisions"}],"predecessor-version":[{"id":51313,"href":"https:\/\/militares.estrategia.com\/portal\/wp-json\/wp\/v2\/posts\/51298\/revisions\/51313"}],"wp:featuredmedia":[{"embeddable":true,"href":"https:\/\/militares.estrategia.com\/portal\/wp-json\/wp\/v2\/media\/45838"}],"wp:attachment":[{"href":"https:\/\/militares.estrategia.com\/portal\/wp-json\/wp\/v2\/media?parent=51298"}],"wp:term":[{"taxonomy":"category","embeddable":true,"href":"https:\/\/militares.estrategia.com\/portal\/wp-json\/wp\/v2\/categories?post=51298"},{"taxonomy":"post_tag","embeddable":true,"href":"https:\/\/militares.estrategia.com\/portal\/wp-json\/wp\/v2\/tags?post=51298"},{"taxonomy":"wl_entity_type","embeddable":true,"href":"https:\/\/militares.estrategia.com\/portal\/wp-json\/wp\/v2\/wl_entity_type?post=51298"}],"curies":[{"name":"wp","href":"https:\/\/api.w.org\/{rel}","templated":true}]}}