{"id":50704,"date":"2022-01-01T14:00:00","date_gmt":"2022-01-01T17:00:00","guid":{"rendered":"https:\/\/militares.estrategia.com\/portal\/?p=50704"},"modified":"2022-06-21T12:43:36","modified_gmt":"2022-06-21T15:43:36","slug":"eventos-volta-as-aulas-coruja","status":"publish","type":"post","link":"https:\/\/militares.estrategia.com\/portal\/eventos\/pre-prova\/eventos-volta-as-aulas-coruja\/","title":{"rendered":"Conhe\u00e7a os eventos de Volta \u00e0s aulas que a Coruja preparou para voc\u00ea!"},"content":{"rendered":"\n<p>O ano de 2022 j\u00e1 come\u00e7ou e est\u00e1 na hora de voltar a focar em seus estudos se voc\u00ea quiser seguir a <a href=\"https:\/\/militares.estrategia.com\/portal\/carreiras-militares\/como-ingressar-na-carreira-militar\/\" target=\"_blank\" >carreira militar<\/a>. Sendo assim, a Coruja preparou diversos <strong>eventos de Volta \u00e0s Aulas<\/strong> para que voc\u00ea comece logo a sua prepara\u00e7\u00e3o para os Concursos deste ano. Conhe\u00e7a nossos webin\u00e1rios!<\/p>\n\n\n\n<div id=\"ez-toc-container\" class=\"ez-toc-v2_0_79_2 counter-hierarchy ez-toc-counter ez-toc-transparent ez-toc-container-direction\">\n<div class=\"ez-toc-title-container\"><p class=\"ez-toc-title\" style=\"cursor:inherit\">Navegue pelo conte\u00fado\t<\/p>\n<\/div><nav><ul class='ez-toc-list ez-toc-list-level-1 ' ><li class='ez-toc-page-1 ez-toc-heading-level-2'><a class=\"ez-toc-link ez-toc-heading-1\" href=\"https:\/\/militares.estrategia.com\/portal\/eventos\/pre-prova\/eventos-volta-as-aulas-coruja\/#Tudo-sobre-o-Lote-Platinum-tira-duvidas-da-Coruja\" >Tudo sobre o Lote Platinum: tira-d\u00favidas da Coruja<\/a><\/li><li class='ez-toc-page-1 ez-toc-heading-level-2'><a class=\"ez-toc-link ez-toc-heading-2\" href=\"https:\/\/militares.estrategia.com\/portal\/eventos\/pre-prova\/eventos-volta-as-aulas-coruja\/#Como-montar-um-planejamento-de-estudos-para-2022\" >Como montar um planejamento de estudos para 2022<\/a><\/li><li class='ez-toc-page-1 ez-toc-heading-level-2'><a class=\"ez-toc-link ez-toc-heading-3\" href=\"https:\/\/militares.estrategia.com\/portal\/eventos\/pre-prova\/eventos-volta-as-aulas-coruja\/#Como-usar-todas-as-ferramentas-da-plataforma-do-Estrategia-Militares\" >Como usar todas as ferramentas da plataforma do Estrat\u00e9gia Militares<\/a><\/li><li class='ez-toc-page-1 ez-toc-heading-level-2'><a class=\"ez-toc-link ez-toc-heading-4\" href=\"https:\/\/militares.estrategia.com\/portal\/eventos\/pre-prova\/eventos-volta-as-aulas-coruja\/#Como-se-preparar-para-a-EPCARCN-em-2022\" >Como se preparar para a EPCAR\/CN em 2022<\/a><\/li><li class='ez-toc-page-1 ez-toc-heading-level-2'><a class=\"ez-toc-link ez-toc-heading-5\" href=\"https:\/\/militares.estrategia.com\/portal\/eventos\/pre-prova\/eventos-volta-as-aulas-coruja\/#Como-se-preparar-para-a-ESAEsPCEx-em-2022\" >Como se preparar para a ESA\/EsPCEx em 2022<\/a><\/li><li class='ez-toc-page-1 ez-toc-heading-level-2'><a class=\"ez-toc-link ez-toc-heading-6\" href=\"https:\/\/militares.estrategia.com\/portal\/eventos\/pre-prova\/eventos-volta-as-aulas-coruja\/#Como-se-preparar-para-a-EFOMMEN-em-2022\" >Como se preparar para a EFOMM\/EN em 2022<\/a><\/li><li class='ez-toc-page-1 ez-toc-heading-level-2'><a class=\"ez-toc-link ez-toc-heading-7\" href=\"https:\/\/militares.estrategia.com\/portal\/eventos\/pre-prova\/eventos-volta-as-aulas-coruja\/#Como-se-preparar-para-a-EEARAFA-em-2022\" >Como se preparar para a EEAR\/AFA em 2022<\/a><\/li><li class='ez-toc-page-1 ez-toc-heading-level-2'><a class=\"ez-toc-link ez-toc-heading-8\" href=\"https:\/\/militares.estrategia.com\/portal\/eventos\/pre-prova\/eventos-volta-as-aulas-coruja\/#Como-se-preparar-para-a-EAMFN-em-2022\" >Como se preparar para a EAM\/FN em 2022<\/a><\/li><li class='ez-toc-page-1 ez-toc-heading-level-2'><a class=\"ez-toc-link ez-toc-heading-9\" href=\"https:\/\/militares.estrategia.com\/portal\/eventos\/pre-prova\/eventos-volta-as-aulas-coruja\/#Como-se-preparar-para-a-IMEITA-em-2022\" >Como se preparar para a IME\/ITA em 2022<\/a><\/li><li class='ez-toc-page-1 ez-toc-heading-level-2'><a class=\"ez-toc-link ez-toc-heading-10\" href=\"https:\/\/militares.estrategia.com\/portal\/eventos\/pre-prova\/eventos-volta-as-aulas-coruja\/#Lancamento-Oficial-dos-Grupos-dos-Primeiros-da-Coruja\" >Lan\u00e7amento Oficial dos Grupos dos Primeiros da Coruja<\/a><\/li><li class='ez-toc-page-1 ez-toc-heading-level-2'><a class=\"ez-toc-link ez-toc-heading-11\" href=\"https:\/\/militares.estrategia.com\/portal\/eventos\/pre-prova\/eventos-volta-as-aulas-coruja\/#Como-se-preparar-para-o-CM-1o-CM-6o-ano-em-2022\" >Como se preparar para o CM 1\u00ba\/ CM 6\u00ba ano em 2022<\/a><\/li><li class='ez-toc-page-1 ez-toc-heading-level-2'><a class=\"ez-toc-link ez-toc-heading-12\" href=\"https:\/\/militares.estrategia.com\/portal\/eventos\/pre-prova\/eventos-volta-as-aulas-coruja\/#Viradao-de-Matematica-e-Ingles\" >Virad\u00e3o de Matem\u00e1tica e Ingl\u00eas<\/a><\/li><\/ul><\/nav><\/div>\n<h2 class=\"wp-block-heading\" id=\"h-tudo-sobre-o-lote-platinum-tira-duvidas-da-coruja\"><span class=\"ez-toc-section\" id=\"Tudo-sobre-o-Lote-Platinum-tira-duvidas-da-Coruja\"><\/span>Tudo sobre o Lote Platinum: tira-d\u00favidas da Coruja<span class=\"ez-toc-section-end\"><\/span><\/h2>\n\n\n\n<p>O evento \u201cTudo sobre o Lote Platinum: tira-d\u00favidas da Coruja\u201d foi realizado no dia <strong>03 de janeiro, \u00e0s 10h<\/strong>. Durante um pouco mais de uma hora a professora Alessandra Lopes tirou d\u00favidas sobre esta promo\u00e7\u00e3o que a Coruja preparou para voc\u00ea estudar com descontos e outras vantagens. <\/p>\n\n\n\n<p>Voc\u00ea pode assistir a este webin\u00e1rio exclusivamente no canal do YouTube do Estrat\u00e9gia Militares ou clicando no v\u00eddeo abaixo: <\/p>\n\n\n\n<figure class=\"wp-block-embed is-type-video is-provider-youtube wp-block-embed-youtube wp-embed-aspect-16-9 wp-has-aspect-ratio\"><div class=\"wp-block-embed__wrapper\">\n<div class=\"cs-embed cs-embed-responsive\"><iframe title=\"Tudo sobre o Lote Platinum: Tira-d\u00favidas da Coruja\" width=\"1200\" height=\"675\" src=\"https:\/\/www.youtube.com\/embed\/lZmeifQlVdM?feature=oembed\" frameborder=\"0\" allow=\"accelerometer; autoplay; clipboard-write; encrypted-media; gyroscope; picture-in-picture\" allowfullscreen><\/iframe><\/div>\n<\/div><\/figure>\n\n\n\n<h2 class=\"wp-block-heading\" id=\"h-como-montar-um-planejamento-de-estudos-para-2022\"><span class=\"ez-toc-section\" id=\"Como-montar-um-planejamento-de-estudos-para-2022\"><\/span>Como montar um planejamento de estudos para 2022<span class=\"ez-toc-section-end\"><\/span><\/h2>\n\n\n\n<p>Ainda no dia <strong>03 de janeiro<\/strong>, foi realizado outro webin\u00e1rio chamado \u201cComo montar um planejamento de estudos para 2022\u201d. Ele <strong>foi realizado \u00e0s 12h<\/strong> e teve pouco mais de 1 hora de dura\u00e7\u00e3o. <\/p>\n\n\n\n<p>Os professores Ismael Santos e Leonardo Pontes foram os apresentadores desta live que mostrou a melhor maneira de planejar seus estudos em 2022. Voc\u00ea pode acompanhar este evento no canal do YouTube do Estrat\u00e9gia Militares ou clicando no v\u00eddeo abaixo: <\/p>\n\n\n\n<figure class=\"wp-block-embed is-type-video is-provider-youtube wp-block-embed-youtube wp-embed-aspect-16-9 wp-has-aspect-ratio\"><div class=\"wp-block-embed__wrapper\">\n<div class=\"cs-embed cs-embed-responsive\"><iframe title=\"Como montar um planejamento de estudos para 2022\" width=\"1200\" height=\"675\" src=\"https:\/\/www.youtube.com\/embed\/KQv1PV_N6bQ?feature=oembed\" frameborder=\"0\" allow=\"accelerometer; autoplay; clipboard-write; encrypted-media; gyroscope; picture-in-picture\" allowfullscreen><\/iframe><\/div>\n<\/div><\/figure>\n\n\n\n<h2 class=\"wp-block-heading\" id=\"h-como-usar-todas-as-ferramentas-da-plataforma-do-estrategia-militares\"><span class=\"ez-toc-section\" id=\"Como-usar-todas-as-ferramentas-da-plataforma-do-Estrategia-Militares\"><\/span>Como usar todas as ferramentas da plataforma do Estrat\u00e9gia Militares<span class=\"ez-toc-section-end\"><\/span><\/h2>\n\n\n\n<p>Para finalizar a maratona de eventos do dia <strong>03 de janeiro<\/strong>, foi realizado o webin\u00e1rio \u201cComo usar todas as ferramentas da plataforma do Estrat\u00e9gia Militares\u201d. <strong>Ele foi ao ar \u00e0s 17h<\/strong> e teve cerca de 1 hora de dura\u00e7\u00e3o. <\/p>\n\n\n\n<p>Neste evento os professores Ismael Santos e Leonardo Pontes mostraram como voc\u00ea pode usar todas as <a href=\"https:\/\/militares.estrategia.com\/portal\/dicas-de-estudo\/como-utilizar-a-plataforma-do-estrategia-militares\/\" target=\"_blank\" >ferramentas<\/a> que o Estrat\u00e9gia Militares disponibiliza para conseguir se dar bem nos estudos. <\/p>\n\n\n\n<p>Este webin\u00e1rio foi ao ar via YouTube do Estrat\u00e9gia Militares, mas voc\u00ea pode v\u00ea-lo clicando no v\u00eddeo abaixo: <\/p>\n\n\n\n<figure class=\"wp-block-embed is-type-video is-provider-youtube wp-block-embed-youtube wp-embed-aspect-16-9 wp-has-aspect-ratio\"><div class=\"wp-block-embed__wrapper\">\n<div class=\"cs-embed cs-embed-responsive\"><iframe title=\"Como usar todas as ferramentas da plataforma do Estrat\u00e9gia Militares\" width=\"1200\" height=\"675\" src=\"https:\/\/www.youtube.com\/embed\/tCtQkH_o7Rc?feature=oembed\" frameborder=\"0\" allow=\"accelerometer; autoplay; clipboard-write; encrypted-media; gyroscope; picture-in-picture\" allowfullscreen><\/iframe><\/div>\n<\/div><\/figure>\n\n\n\n<h2 class=\"wp-block-heading\" id=\"h-como-se-preparar-para-a-epcar-cn-em-2022\"><span class=\"ez-toc-section\" id=\"Como-se-preparar-para-a-EPCARCN-em-2022\"><\/span>Como se preparar para a EPCAR\/CN em 2022<span class=\"ez-toc-section-end\"><\/span><\/h2>\n\n\n\n<p>No dia <strong>04 de janeiro<\/strong>, o Estrat\u00e9gia Militares preparou outro webin\u00e1rio imperd\u00edvel: \u201cComo se preparar para a EPCAR\/CN em 2022\u201d. O evento foi realizado <strong>no canal do YouTube, \u00e0s 16h<\/strong> e  teve pouco mais de 2 horas de dura\u00e7\u00e3o. <\/p>\n\n\n\n<p>No Webinar, os professores Marco T\u00falio, Ismael Santos e Leonardo Pontes trouxeram informa\u00e7\u00f5es sobre a EPCAR e o Col\u00e9gio Naval e seus concursos. <strong>Uma convidada especial participou da live: Eduarda Martins, a 01 da EPCAR 2022<\/strong>. Veja o v\u00eddeo clicando abaixo: <\/p>\n\n\n\n<figure class=\"wp-block-embed is-type-video is-provider-youtube wp-block-embed-youtube wp-embed-aspect-16-9 wp-has-aspect-ratio\"><div class=\"wp-block-embed__wrapper\">\n<div class=\"cs-embed cs-embed-responsive\"><iframe title=\"Como se preparar para a EPCAR\/CN em 2022\" width=\"1200\" height=\"675\" src=\"https:\/\/www.youtube.com\/embed\/5vhRhtmzmTo?feature=oembed\" frameborder=\"0\" allow=\"accelerometer; autoplay; clipboard-write; encrypted-media; gyroscope; picture-in-picture\" allowfullscreen><\/iframe><\/div>\n<\/div><\/figure>\n\n\n\n<h2 class=\"wp-block-heading\" id=\"h-como-se-preparar-para-a-esa-espcex-em-2022\"><span class=\"ez-toc-section\" id=\"Como-se-preparar-para-a-ESAEsPCEx-em-2022\"><\/span>Como se preparar para a ESA\/EsPCEx em 2022<span class=\"ez-toc-section-end\"><\/span><\/h2>\n\n\n\n<p>Ainda no dia <strong>04 de janeiro<\/strong>, um outro webin\u00e1rio trouxe informa\u00e7\u00f5es importantes sobre os Concursos de outras duas escolas militares: <strong>ESA e EsPCEx<\/strong>. <\/p>\n\n\n\n<p>O evento \u201cComo se preparar para a ESA\/EsPCEx em 2022\u201d foi realizado \u00e0s <strong>20 horas<\/strong> no canal do YouTube do Estrat\u00e9gia Militares. <\/p>\n\n\n\n<p>Os professores Ismael Santos, Leonardo Pontes e Alessandra Lopes apresentaram estas duas institui\u00e7\u00f5es do Ex\u00e9rcito Brasileiro. <strong>Participaram ainda os candidatos classificados Lucas Melqu\u00edades (EsPCEx 2022), \u00c1lvaro Os\u00f3rio e Lucas Flores (ambos ESA 2022).<\/strong> Veja o v\u00eddeo a seguir: <\/p>\n\n\n\n<figure class=\"wp-block-embed is-type-video is-provider-youtube wp-block-embed-youtube wp-embed-aspect-16-9 wp-has-aspect-ratio\"><div class=\"wp-block-embed__wrapper\">\n<div class=\"cs-embed cs-embed-responsive\"><iframe title=\"Como se preparar para a ESA\/EsPCEx em 2022\" width=\"1200\" height=\"675\" src=\"https:\/\/www.youtube.com\/embed\/IDuLILk6jaY?feature=oembed\" frameborder=\"0\" allow=\"accelerometer; autoplay; clipboard-write; encrypted-media; gyroscope; picture-in-picture\" allowfullscreen><\/iframe><\/div>\n<\/div><\/figure>\n\n\n\n<h2 class=\"wp-block-heading\" id=\"h-como-se-preparar-para-a-efomm-en-em-2022\"><span class=\"ez-toc-section\" id=\"Como-se-preparar-para-a-EFOMMEN-em-2022\"><\/span>Como se preparar para a EFOMM\/EN em 2022<span class=\"ez-toc-section-end\"><\/span><\/h2>\n\n\n\n<p>Abrindo o dia <strong>05 de janeiro<\/strong>, o Estrat\u00e9gia Militares apresentou o webin\u00e1rio \u201cComo se preparar para a EFOMM\/EN em 2022\u201d. <\/p>\n\n\n\n<p>Ele foi realizado \u00e0s <strong>16 horas<\/strong> em nosso canal do YouTube e teve dura\u00e7\u00e3o de cerca de 1 hora e meia de dura\u00e7\u00e3o. O professor Leonardo Pontes foi o \u00e2ncora deste evento. Veja o v\u00eddeo desta live clicando no link a seguir!<\/p>\n\n\n\n<figure class=\"wp-block-embed is-type-video is-provider-youtube wp-block-embed-youtube wp-embed-aspect-16-9 wp-has-aspect-ratio\"><div class=\"wp-block-embed__wrapper\">\n<div class=\"cs-embed cs-embed-responsive\"><iframe title=\"Como se preparar para a EFOMM\/EN em 2022\" width=\"1200\" height=\"675\" src=\"https:\/\/www.youtube.com\/embed\/GPAavZkgCiY?feature=oembed\" frameborder=\"0\" allow=\"accelerometer; autoplay; clipboard-write; encrypted-media; gyroscope; picture-in-picture\" allowfullscreen><\/iframe><\/div>\n<\/div><\/figure>\n\n\n\n<h2 class=\"wp-block-heading\" id=\"h-como-se-preparar-para-a-eear-afa-em-2022\"><span class=\"ez-toc-section\" id=\"Como-se-preparar-para-a-EEARAFA-em-2022\"><\/span>Como se preparar para a EEAR\/AFA em 2022<span class=\"ez-toc-section-end\"><\/span><\/h2>\n\n\n\n<p>O webin\u00e1rio \u201cComo se preparar para a EEAR\/AFA em 2022\u201d fechou o calend\u00e1rio de eventos do dia <strong>05 de janeiro<\/strong>. <\/p>\n\n\n\n<p>Ele foi realizado exclusivamente no canal do YouTube do Estrat\u00e9gia Militares <strong>\u00e0s 20h<\/strong> e teve mais de 2 horas de dura\u00e7\u00e3o. <\/p>\n\n\n\n<p>Os apresentadores desta live foram os professores Ismael Santos e Garotinho, mas ele contou com a <strong>participa\u00e7\u00e3o de dois classificados no concurso da AFA em 2022: Jos\u00e9 Fagundes e Jos\u00e9 Soranz<\/strong>. <\/p>\n\n\n\n<figure class=\"wp-block-embed is-type-video is-provider-youtube wp-block-embed-youtube wp-embed-aspect-16-9 wp-has-aspect-ratio\"><div class=\"wp-block-embed__wrapper\">\n<div class=\"cs-embed cs-embed-responsive\"><iframe title=\"Como se preparar para a EEAR\/AFA em 2022\" width=\"1200\" height=\"675\" src=\"https:\/\/www.youtube.com\/embed\/YEXSpOE9cUE?feature=oembed\" frameborder=\"0\" allow=\"accelerometer; autoplay; clipboard-write; encrypted-media; gyroscope; picture-in-picture\" allowfullscreen><\/iframe><\/div>\n<\/div><\/figure>\n\n\n\n<h2 class=\"wp-block-heading\" id=\"h-como-se-preparar-para-a-eam-fn-em-2022\"><span class=\"ez-toc-section\" id=\"Como-se-preparar-para-a-EAMFN-em-2022\"><\/span>Como se preparar para a EAM\/FN em 2022<span class=\"ez-toc-section-end\"><\/span><\/h2>\n\n\n\n<p>\u201cComo se preparar para<strong> a EAM\/FN em 2022\u201d foi o webin\u00e1rio que abriu os eventos do dia 06 de janeiro<\/strong>. Ele foi realizado \u00e0s <strong>16 horas<\/strong> exclusivamente no canal do YouTube do Estrat\u00e9gia Militares. <\/p>\n\n\n\n<p>Os \u00e2ncoras deste evento foram o professor Garotinho, coordenador das Salas Vips do Estrat\u00e9gia Militares, e \u00c2ngelo, o 01 na EAM 2022. <\/p>\n\n\n\n<figure class=\"wp-block-embed is-type-video is-provider-youtube wp-block-embed-youtube wp-embed-aspect-16-9 wp-has-aspect-ratio\"><div class=\"wp-block-embed__wrapper\">\n<div class=\"cs-embed cs-embed-responsive\"><iframe title=\"Como se preparar para a EAM\/FN em 2022\" width=\"1200\" height=\"675\" src=\"https:\/\/www.youtube.com\/embed\/m4pLCbgZZS0?feature=oembed\" frameborder=\"0\" allow=\"accelerometer; autoplay; clipboard-write; encrypted-media; gyroscope; picture-in-picture\" allowfullscreen><\/iframe><\/div>\n<\/div><\/figure>\n\n\n\n<h2 class=\"wp-block-heading\" id=\"h-como-se-preparar-para-a-ime-ita-em-2022\"><span class=\"ez-toc-section\" id=\"Como-se-preparar-para-a-IMEITA-em-2022\"><\/span>Como se preparar para a IME\/ITA em 2022<span class=\"ez-toc-section-end\"><\/span><\/h2>\n\n\n\n<p>Para finalizar o dia <strong>06 de janeiro<\/strong>, foi realizado o webin\u00e1rio \u201cComo se preparar para a IME\/ITA em 2022\u201d. Ele foi ao ar \u00e0s <strong>20h<\/strong> nos canais de YouTube do Estrat\u00e9gia Militares e do Estrat\u00e9gia Vestibulares. <\/p>\n\n\n\n<p>Para apresentar este evento, foram convidados os professores Victor So e Toni Burgatto. Veja o v\u00eddeo no link abaixo:<\/p>\n\n\n\n<figure class=\"wp-block-embed is-type-video is-provider-youtube wp-block-embed-youtube wp-embed-aspect-16-9 wp-has-aspect-ratio\"><div class=\"wp-block-embed__wrapper\">\n<div class=\"cs-embed cs-embed-responsive\"><iframe title=\"Como se preparar para a IME\/ITA em 2022\" width=\"1200\" height=\"675\" src=\"https:\/\/www.youtube.com\/embed\/F5XW7gIAwVQ?feature=oembed\" frameborder=\"0\" allow=\"accelerometer; autoplay; clipboard-write; encrypted-media; gyroscope; picture-in-picture\" allowfullscreen><\/iframe><\/div>\n<\/div><\/figure>\n\n\n\n<h2 class=\"wp-block-heading\" id=\"h-lancamento-oficial-dos-grupos-dos-primeiros-da-coruja\"><span class=\"ez-toc-section\" id=\"Lancamento-Oficial-dos-Grupos-dos-Primeiros-da-Coruja\"><\/span>Lan\u00e7amento Oficial dos Grupos dos Primeiros da Coruja<span class=\"ez-toc-section-end\"><\/span><\/h2>\n\n\n\n<p>Abrindo o dia <strong>07 de janeiro<\/strong>, foi realizado o webin\u00e1rio \u201cLan\u00e7amento Oficial dos Grupos dos <a href=\"https:\/\/militares.estrategia.com\/portal\/depoimentos\/eduarda-martins-primeira-colocada-epcar-2022\/\" target=\"_blank\" >Primeiros da Coruja<\/a>\u201d. <\/p>\n\n\n\n<p>Ele foi apresentado pelos professores Ismael Santos e Garotinho, que contaram tudo sobre esse novo projeto do Estrat\u00e9gia Militares. <\/p>\n\n\n\n<p>O webin\u00e1rio aconteceu \u00e0s <strong>16h<\/strong> no nosso canal de You Tube. Clique no link abaixo e assista! <\/p>\n\n\n\n<figure class=\"wp-block-embed is-type-video is-provider-youtube wp-block-embed-youtube wp-embed-aspect-16-9 wp-has-aspect-ratio\"><div class=\"wp-block-embed__wrapper\">\n<div class=\"cs-embed cs-embed-responsive\"><iframe title=\"Lan\u00e7amento Oficial dos Grupos dos Primeiros da Coruja\" width=\"1200\" height=\"675\" src=\"https:\/\/www.youtube.com\/embed\/5Xidxb3gX68?feature=oembed\" frameborder=\"0\" allow=\"accelerometer; autoplay; clipboard-write; encrypted-media; gyroscope; picture-in-picture\" allowfullscreen><\/iframe><\/div>\n<\/div><\/figure>\n\n\n\n<h2 class=\"wp-block-heading\" id=\"h-como-se-preparar-para-o-cm-1\u00ba-cm-6\u00ba-ano-em-2022\"><span class=\"ez-toc-section\" id=\"Como-se-preparar-para-o-CM-1o-CM-6o-ano-em-2022\"><\/span>Como se preparar para o CM 1\u00ba\/ CM 6\u00ba ano em 2022<span class=\"ez-toc-section-end\"><\/span><\/h2>\n\n\n\n<p>Ainda no dia <strong>07 de janeiro<\/strong>, foi realizado o webin\u00e1rio \u201cComo se preparar para o Col\u00e9gio Militar 1\u00ba\/ Col\u00e9gio Militar 6\u00ba ano em 2022\u201d, \u00e0s <strong>20 horas<\/strong>, exclusivamente no canal do YouTube do Estrat\u00e9gia Militares. <\/p>\n\n\n\n<p>Para apresentar as informa\u00e7\u00f5es sobre os concursos dos Col\u00e9gios Militares, os \u00e2ncoras foram os professores Ismael Santos e Celina Gil. A live teve ainda a <strong>participa\u00e7\u00e3o de Beatrice e Henrique, aprovados e classificados no Concurso do CM de S\u00e3o Paulo em 2022 para o 6o ano<\/strong>. Veja o v\u00eddeo abaixo! <\/p>\n\n\n\n<figure class=\"wp-block-embed is-type-video is-provider-youtube wp-block-embed-youtube wp-embed-aspect-16-9 wp-has-aspect-ratio\"><div class=\"wp-block-embed__wrapper\">\n<div class=\"cs-embed cs-embed-responsive\"><iframe title=\"Como se preparar para o CM 1\u00ba\/ CM 6\u00ba ano em 2022\" width=\"1200\" height=\"675\" src=\"https:\/\/www.youtube.com\/embed\/3ROk8GMuxWw?feature=oembed\" frameborder=\"0\" allow=\"accelerometer; autoplay; clipboard-write; encrypted-media; gyroscope; picture-in-picture\" allowfullscreen><\/iframe><\/div>\n<\/div><\/figure>\n\n\n\n<h2 class=\"wp-block-heading\" id=\"h-viradao-de-matematica-e-ingles\"><span class=\"ez-toc-section\" id=\"Viradao-de-Matematica-e-Ingles\"><\/span>Virad\u00e3o de Matem\u00e1tica e Ingl\u00eas<span class=\"ez-toc-section-end\"><\/span><\/h2>\n\n\n\n<p>Para finalizar com o p\u00e9 direito a primeira semana de janeiro de 2022, o Estrat\u00e9gia Militares preparou para voc\u00ea o webin\u00e1rio \u201cVirad\u00e3o de Matem\u00e1tica e Ingl\u00eas\u201d. <\/p>\n\n\n\n<p>Ele foi realizado no dia <strong>08 de janeiro<\/strong>, no domingo, <strong>a partir das 22h<\/strong>, com previs\u00e3o de dura\u00e7\u00e3o de at\u00e9 4 horas. O evento aconteceu no YouTube do Estrat\u00e9gia Militares e teve os professores Ismael Santos e Andrea Belo como apresentadores. Veja o v\u00eddeo abaixo: <\/p>\n\n\n\n<figure class=\"wp-block-embed is-type-video is-provider-youtube wp-block-embed-youtube wp-embed-aspect-16-9 wp-has-aspect-ratio\"><div class=\"wp-block-embed__wrapper\">\n<div class=\"cs-embed cs-embed-responsive\"><iframe title=\"Virad\u00e3o de Matem\u00e1tica e Ingl\u00eas\" width=\"1200\" height=\"675\" src=\"https:\/\/www.youtube.com\/embed\/Q23_PX56djg?feature=oembed\" frameborder=\"0\" allow=\"accelerometer; autoplay; clipboard-write; encrypted-media; gyroscope; picture-in-picture\" allowfullscreen><\/iframe><\/div>\n<\/div><\/figure>\n\n\n\n<p>Todos esses eventos mostram o quanto o Estrat\u00e9gia Militares est\u00e1 preocupado em ajudar voc\u00ea a <strong>conquistar a t\u00e3o sonhada vaga em um Concurso Militar em 2022<\/strong>. A prepara\u00e7\u00e3o tem que come\u00e7ar o quanto antes, para que voc\u00ea consiga se tornar um militar.<\/p>\n\n\n\n<p>Conhe\u00e7a nossos Cursos e nosso Banco de Quest\u00f5es e se prepare da melhor maneira para a carreira militar. Aproveite nossa promo\u00e7\u00e3o nos pacotes em janeiro! Clique nos banners e saiba mais! <\/p>\n\n\n\n\n\n<p><strong><a id=\"cta\" class=\"cta-imagem\" href=\"https:\/\/militares.estrategia.com\/cursos\/exercito\/?id=71495cc2-214d-4625-b8dd-8a87e2131e6b&name=Ex%C3%A9rcito\" target=\"blank\">\n                <img decoding=\"async\" width=\"100%\" src=\"https:\/\/militares.estrategia.com\/portal\/wp-content\/uploads\/2023\/02\/EM-Banco-de-Questoes.jpg\" alt=\"EM - Banco de Questo\u0303es\" title=\"EM - Banco de Questo\u0303es\">\n        <\/a><\/strong><\/p>\n\n\n\n\n\n<p><strong><a id=\"cta\" class=\"cta-imagem\" href=\"https:\/\/militares.estrategia.com\/cursos\/aeronautica\/?id=0ec89530-db8c-4ac3-8d75-b8a0b1eeec9b&name=Aeron%C3%A1utica\" target=\"blank\">\n                <img decoding=\"async\" width=\"100%\" src=\"https:\/\/militares.estrategia.com\/portal\/wp-content\/uploads\/2023\/06\/CTA-AFA.jpg\" alt=\"CTA AFA\" title=\"CTA AFA\">\n        <\/a><\/strong><\/p>\n\n\n","protected":false},"excerpt":{"rendered":"O ano de 2022 j\u00e1 come\u00e7ou e est\u00e1 na hora de voltar a focar em seus estudos se&hellip;\n","protected":false},"author":58,"featured_media":55756,"comment_status":"closed","ping_status":"closed","sticky":false,"template":"","format":"standard","meta":{"wl_entities_gutenberg":"","footnotes":""},"categories":[246],"tags":[162,161],"wl_entity_type":[187],"class_list":{"0":"post-50704","1":"post","2":"type-post","3":"status-publish","4":"format-standard","5":"has-post-thumbnail","7":"category-pre-prova","8":"tag-carreiramilitar","9":"tag-concursosmilitares","10":"wl_entity_type-article"},"acf":[],"yoast_head":"<!-- This site is optimized with the Yoast SEO Premium plugin v26.6 (Yoast SEO v26.6) - https:\/\/yoast.com\/wordpress\/plugins\/seo\/ -->\n<title>Conhe\u00e7a os eventos de Volta \u00e0s aulas que a Coruja preparou para voc\u00ea!<\/title>\n<meta name=\"description\" content=\"O Estrat\u00e9gia Militares preparou uma s\u00e9rie de eventos de Volta \u00e0s aulas que ser\u00e3o realizados em seu canal de YouTube. Confira!\" \/>\n<meta name=\"robots\" content=\"index, follow, max-snippet:-1, max-image-preview:large, max-video-preview:-1\" \/>\n<link rel=\"canonical\" href=\"https:\/\/militares.estrategia.com\/portal\/eventos\/pre-prova\/eventos-volta-as-aulas-coruja\/\" \/>\n<meta property=\"og:locale\" content=\"pt_BR\" \/>\n<meta property=\"og:type\" content=\"article\" \/>\n<meta property=\"og:title\" content=\"Conhe\u00e7a os eventos de Volta \u00e0s aulas que a Coruja preparou para voc\u00ea!\" \/>\n<meta property=\"og:description\" content=\"O Estrat\u00e9gia Militares preparou uma s\u00e9rie de eventos de Volta \u00e0s aulas que ser\u00e3o realizados em seu canal de YouTube. Confira!\" \/>\n<meta property=\"og:url\" content=\"https:\/\/militares.estrategia.com\/portal\/eventos\/pre-prova\/eventos-volta-as-aulas-coruja\/\" \/>\n<meta property=\"og:site_name\" content=\"Estrat\u00e9gia Militares\" \/>\n<meta property=\"article:publisher\" content=\"https:\/\/www.facebook.com\/EstrategiaMilitares\" \/>\n<meta property=\"article:published_time\" content=\"2022-01-01T17:00:00+00:00\" \/>\n<meta property=\"article:modified_time\" content=\"2022-06-21T15:43:36+00:00\" \/>\n<meta property=\"og:image\" content=\"https:\/\/cdn.blog.estrategiavestibulares.com.br\/vestibulares\/wp-content\/uploads\/2022\/01\/john-schnobrich-FlPc9_VocJ4-unsplash.jpg\" \/>\n\t<meta property=\"og:image:width\" content=\"1920\" \/>\n\t<meta property=\"og:image:height\" content=\"1280\" \/>\n\t<meta property=\"og:image:type\" content=\"image\/jpeg\" \/>\n<meta name=\"author\" content=\"Vanesca Soares\" \/>\n<meta name=\"twitter:card\" content=\"summary_large_image\" \/>\n<meta name=\"twitter:creator\" content=\"@estrategiamilit\" \/>\n<meta name=\"twitter:site\" content=\"@estrategiamilit\" \/>\n<meta name=\"twitter:label1\" content=\"Escrito por\" \/>\n\t<meta name=\"twitter:data1\" content=\"Vanesca Soares\" \/>\n\t<meta name=\"twitter:label2\" content=\"Est. tempo de leitura\" \/>\n\t<meta name=\"twitter:data2\" content=\"6 minutos\" \/>\n<script type=\"application\/ld+json\" class=\"yoast-schema-graph\">{\"@context\":\"https:\/\/schema.org\",\"@graph\":[{\"@type\":\"Article\",\"@id\":\"https:\/\/militares.estrategia.com\/portal\/eventos\/pre-prova\/eventos-volta-as-aulas-coruja\/#article\",\"isPartOf\":{\"@id\":\"https:\/\/militares.estrategia.com\/portal\/eventos\/pre-prova\/eventos-volta-as-aulas-coruja\/\"},\"author\":{\"name\":\"Vanesca Soares\",\"@id\":\"https:\/\/militares.estrategia.com\/portal\/#\/schema\/person\/5cfd387108cd0cdefab7eea7a9735dcc\"},\"headline\":\"Conhe\u00e7a os eventos de Volta \u00e0s aulas que a Coruja preparou para voc\u00ea!\",\"datePublished\":\"2022-01-01T17:00:00+00:00\",\"dateModified\":\"2022-06-21T15:43:36+00:00\",\"mainEntityOfPage\":{\"@id\":\"https:\/\/militares.estrategia.com\/portal\/eventos\/pre-prova\/eventos-volta-as-aulas-coruja\/\"},\"wordCount\":1226,\"publisher\":{\"@id\":\"https:\/\/militares.estrategia.com\/portal\/#organization\"},\"image\":{\"@id\":\"https:\/\/militares.estrategia.com\/portal\/eventos\/pre-prova\/eventos-volta-as-aulas-coruja\/#primaryimage\"},\"thumbnailUrl\":\"https:\/\/militares.estrategia.com\/portal\/wp-content\/uploads\/2022\/01\/john-schnobrich-FlPc9_VocJ4-unsplash.jpg\",\"keywords\":[\"carreiramilitar\",\"ConcursosMilitares\"],\"articleSection\":[\"Pr\u00e9-Prova\"],\"inLanguage\":\"pt-BR\"},{\"@type\":\"WebPage\",\"@id\":\"https:\/\/militares.estrategia.com\/portal\/eventos\/pre-prova\/eventos-volta-as-aulas-coruja\/\",\"url\":\"https:\/\/militares.estrategia.com\/portal\/eventos\/pre-prova\/eventos-volta-as-aulas-coruja\/\",\"name\":\"Conhe\u00e7a os eventos de Volta \u00e0s aulas que a Coruja preparou para voc\u00ea!\",\"isPartOf\":{\"@id\":\"https:\/\/militares.estrategia.com\/portal\/#website\"},\"primaryImageOfPage\":{\"@id\":\"https:\/\/militares.estrategia.com\/portal\/eventos\/pre-prova\/eventos-volta-as-aulas-coruja\/#primaryimage\"},\"image\":{\"@id\":\"https:\/\/militares.estrategia.com\/portal\/eventos\/pre-prova\/eventos-volta-as-aulas-coruja\/#primaryimage\"},\"thumbnailUrl\":\"https:\/\/militares.estrategia.com\/portal\/wp-content\/uploads\/2022\/01\/john-schnobrich-FlPc9_VocJ4-unsplash.jpg\",\"datePublished\":\"2022-01-01T17:00:00+00:00\",\"dateModified\":\"2022-06-21T15:43:36+00:00\",\"description\":\"O Estrat\u00e9gia Militares preparou uma s\u00e9rie de eventos de Volta \u00e0s aulas que ser\u00e3o realizados em seu canal de YouTube. Confira!\",\"breadcrumb\":{\"@id\":\"https:\/\/militares.estrategia.com\/portal\/eventos\/pre-prova\/eventos-volta-as-aulas-coruja\/#breadcrumb\"},\"inLanguage\":\"pt-BR\",\"potentialAction\":[{\"@type\":\"ReadAction\",\"target\":[\"https:\/\/militares.estrategia.com\/portal\/eventos\/pre-prova\/eventos-volta-as-aulas-coruja\/\"]}]},{\"@type\":\"ImageObject\",\"inLanguage\":\"pt-BR\",\"@id\":\"https:\/\/militares.estrategia.com\/portal\/eventos\/pre-prova\/eventos-volta-as-aulas-coruja\/#primaryimage\",\"url\":\"https:\/\/militares.estrategia.com\/portal\/wp-content\/uploads\/2022\/01\/john-schnobrich-FlPc9_VocJ4-unsplash.jpg\",\"contentUrl\":\"https:\/\/militares.estrategia.com\/portal\/wp-content\/uploads\/2022\/01\/john-schnobrich-FlPc9_VocJ4-unsplash.jpg\",\"width\":1920,\"height\":1280},{\"@type\":\"BreadcrumbList\",\"@id\":\"https:\/\/militares.estrategia.com\/portal\/eventos\/pre-prova\/eventos-volta-as-aulas-coruja\/#breadcrumb\",\"itemListElement\":[{\"@type\":\"ListItem\",\"position\":1,\"name\":\"Home\",\"item\":\"https:\/\/militares.estrategia.com\/portal\/\"},{\"@type\":\"ListItem\",\"position\":2,\"name\":\"Eventos\",\"item\":\"https:\/\/militares.estrategia.com\/portal\/eventos\/\"},{\"@type\":\"ListItem\",\"position\":3,\"name\":\"Pr\u00e9-Prova\",\"item\":\"https:\/\/militares.estrategia.com\/portal\/eventos\/pre-prova\/\"},{\"@type\":\"ListItem\",\"position\":4,\"name\":\"Conhe\u00e7a os eventos de Volta \u00e0s aulas que a Coruja preparou para voc\u00ea!\"}]},{\"@type\":\"WebSite\",\"@id\":\"https:\/\/militares.estrategia.com\/portal\/#website\",\"url\":\"https:\/\/militares.estrategia.com\/portal\/\",\"name\":\"Estrat\u00e9gia Militares\",\"description\":\"\",\"publisher\":{\"@id\":\"https:\/\/militares.estrategia.com\/portal\/#organization\"},\"potentialAction\":[{\"@type\":\"SearchAction\",\"target\":{\"@type\":\"EntryPoint\",\"urlTemplate\":\"https:\/\/militares.estrategia.com\/portal\/?s={search_term_string}\"},\"query-input\":{\"@type\":\"PropertyValueSpecification\",\"valueRequired\":true,\"valueName\":\"search_term_string\"}}],\"inLanguage\":\"pt-BR\"},{\"@type\":\"Organization\",\"@id\":\"https:\/\/militares.estrategia.com\/portal\/#organization\",\"name\":\"Estrat\u00e9gia Militares\",\"url\":\"https:\/\/militares.estrategia.com\/portal\/\",\"logo\":{\"@type\":\"ImageObject\",\"inLanguage\":\"pt-BR\",\"@id\":\"https:\/\/militares.estrategia.com\/portal\/#\/schema\/logo\/image\/\",\"url\":\"https:\/\/militares.estrategia.com\/portal\/wp-content\/uploads\/2021\/10\/logo-militares.webp\",\"contentUrl\":\"https:\/\/militares.estrategia.com\/portal\/wp-content\/uploads\/2021\/10\/logo-militares.webp\",\"width\":346,\"height\":90,\"caption\":\"Estrat\u00e9gia Militares\"},\"image\":{\"@id\":\"https:\/\/militares.estrategia.com\/portal\/#\/schema\/logo\/image\/\"},\"sameAs\":[\"https:\/\/www.facebook.com\/EstrategiaMilitares\",\"https:\/\/x.com\/estrategiamilit\",\"https:\/\/www.instagram.com\/estrategiamilitares\/\",\"https:\/\/www.youtube.com\/channel\/UCRG_9hakCqXxnj_8TqCdgTA\"]},{\"@type\":\"Person\",\"@id\":\"https:\/\/militares.estrategia.com\/portal\/#\/schema\/person\/5cfd387108cd0cdefab7eea7a9735dcc\",\"name\":\"Vanesca Soares\",\"image\":{\"@type\":\"ImageObject\",\"inLanguage\":\"pt-BR\",\"@id\":\"https:\/\/militares.estrategia.com\/portal\/#\/schema\/person\/image\/\",\"url\":\"https:\/\/militares.estrategia.com\/portal\/wp-content\/uploads\/2021\/10\/FB_IMG_1634215702135-150x150.webp\",\"contentUrl\":\"https:\/\/militares.estrategia.com\/portal\/wp-content\/uploads\/2021\/10\/FB_IMG_1634215702135-150x150.webp\",\"caption\":\"Vanesca Soares\"},\"description\":\"Vanesca Soares foi Primeiro Tenente da Marinha do Brasil. Jornalista de forma\u00e7\u00e3o, ama todas as artes, principalmente a Literatura e o Cinema. Capaz de ficar em casa lendo um bom livro ao inv\u00e9s de ir para a balada, entende que ler \u00e9 uma grande viagem. Ama filmes hist\u00f3ricos, biografias, drama, thrillers, terror e tudo sobre os anos 1980. Principalmente a m\u00fasica!\",\"url\":\"https:\/\/militares.estrategia.com\/portal\/author\/vanesca-soares\/\"}]}<\/script>\n<!-- \/ Yoast SEO Premium plugin. -->","yoast_head_json":{"title":"Conhe\u00e7a os eventos de Volta \u00e0s aulas que a Coruja preparou para voc\u00ea!","description":"O Estrat\u00e9gia Militares preparou uma s\u00e9rie de eventos de Volta \u00e0s aulas que ser\u00e3o realizados em seu canal de YouTube. Confira!","robots":{"index":"index","follow":"follow","max-snippet":"max-snippet:-1","max-image-preview":"max-image-preview:large","max-video-preview":"max-video-preview:-1"},"canonical":"https:\/\/militares.estrategia.com\/portal\/eventos\/pre-prova\/eventos-volta-as-aulas-coruja\/","og_locale":"pt_BR","og_type":"article","og_title":"Conhe\u00e7a os eventos de Volta \u00e0s aulas que a Coruja preparou para voc\u00ea!","og_description":"O Estrat\u00e9gia Militares preparou uma s\u00e9rie de eventos de Volta \u00e0s aulas que ser\u00e3o realizados em seu canal de YouTube. Confira!","og_url":"https:\/\/militares.estrategia.com\/portal\/eventos\/pre-prova\/eventos-volta-as-aulas-coruja\/","og_site_name":"Estrat\u00e9gia Militares","article_publisher":"https:\/\/www.facebook.com\/EstrategiaMilitares","article_published_time":"2022-01-01T17:00:00+00:00","article_modified_time":"2022-06-21T15:43:36+00:00","og_image":[{"width":1920,"height":1280,"url":"https:\/\/cdn.blog.estrategiavestibulares.com.br\/vestibulares\/wp-content\/uploads\/2022\/01\/john-schnobrich-FlPc9_VocJ4-unsplash.jpg","type":"image\/jpeg"}],"author":"Vanesca Soares","twitter_card":"summary_large_image","twitter_creator":"@estrategiamilit","twitter_site":"@estrategiamilit","twitter_misc":{"Escrito por":"Vanesca Soares","Est. tempo de leitura":"6 minutos"},"schema":{"@context":"https:\/\/schema.org","@graph":[{"@type":"Article","@id":"https:\/\/militares.estrategia.com\/portal\/eventos\/pre-prova\/eventos-volta-as-aulas-coruja\/#article","isPartOf":{"@id":"https:\/\/militares.estrategia.com\/portal\/eventos\/pre-prova\/eventos-volta-as-aulas-coruja\/"},"author":{"name":"Vanesca Soares","@id":"https:\/\/militares.estrategia.com\/portal\/#\/schema\/person\/5cfd387108cd0cdefab7eea7a9735dcc"},"headline":"Conhe\u00e7a os eventos de Volta \u00e0s aulas que a Coruja preparou para voc\u00ea!","datePublished":"2022-01-01T17:00:00+00:00","dateModified":"2022-06-21T15:43:36+00:00","mainEntityOfPage":{"@id":"https:\/\/militares.estrategia.com\/portal\/eventos\/pre-prova\/eventos-volta-as-aulas-coruja\/"},"wordCount":1226,"publisher":{"@id":"https:\/\/militares.estrategia.com\/portal\/#organization"},"image":{"@id":"https:\/\/militares.estrategia.com\/portal\/eventos\/pre-prova\/eventos-volta-as-aulas-coruja\/#primaryimage"},"thumbnailUrl":"https:\/\/militares.estrategia.com\/portal\/wp-content\/uploads\/2022\/01\/john-schnobrich-FlPc9_VocJ4-unsplash.jpg","keywords":["carreiramilitar","ConcursosMilitares"],"articleSection":["Pr\u00e9-Prova"],"inLanguage":"pt-BR"},{"@type":"WebPage","@id":"https:\/\/militares.estrategia.com\/portal\/eventos\/pre-prova\/eventos-volta-as-aulas-coruja\/","url":"https:\/\/militares.estrategia.com\/portal\/eventos\/pre-prova\/eventos-volta-as-aulas-coruja\/","name":"Conhe\u00e7a os eventos de Volta \u00e0s aulas que a Coruja preparou para voc\u00ea!","isPartOf":{"@id":"https:\/\/militares.estrategia.com\/portal\/#website"},"primaryImageOfPage":{"@id":"https:\/\/militares.estrategia.com\/portal\/eventos\/pre-prova\/eventos-volta-as-aulas-coruja\/#primaryimage"},"image":{"@id":"https:\/\/militares.estrategia.com\/portal\/eventos\/pre-prova\/eventos-volta-as-aulas-coruja\/#primaryimage"},"thumbnailUrl":"https:\/\/militares.estrategia.com\/portal\/wp-content\/uploads\/2022\/01\/john-schnobrich-FlPc9_VocJ4-unsplash.jpg","datePublished":"2022-01-01T17:00:00+00:00","dateModified":"2022-06-21T15:43:36+00:00","description":"O Estrat\u00e9gia Militares preparou uma s\u00e9rie de eventos de Volta \u00e0s aulas que ser\u00e3o realizados em seu canal de YouTube. Confira!","breadcrumb":{"@id":"https:\/\/militares.estrategia.com\/portal\/eventos\/pre-prova\/eventos-volta-as-aulas-coruja\/#breadcrumb"},"inLanguage":"pt-BR","potentialAction":[{"@type":"ReadAction","target":["https:\/\/militares.estrategia.com\/portal\/eventos\/pre-prova\/eventos-volta-as-aulas-coruja\/"]}]},{"@type":"ImageObject","inLanguage":"pt-BR","@id":"https:\/\/militares.estrategia.com\/portal\/eventos\/pre-prova\/eventos-volta-as-aulas-coruja\/#primaryimage","url":"https:\/\/militares.estrategia.com\/portal\/wp-content\/uploads\/2022\/01\/john-schnobrich-FlPc9_VocJ4-unsplash.jpg","contentUrl":"https:\/\/militares.estrategia.com\/portal\/wp-content\/uploads\/2022\/01\/john-schnobrich-FlPc9_VocJ4-unsplash.jpg","width":1920,"height":1280},{"@type":"BreadcrumbList","@id":"https:\/\/militares.estrategia.com\/portal\/eventos\/pre-prova\/eventos-volta-as-aulas-coruja\/#breadcrumb","itemListElement":[{"@type":"ListItem","position":1,"name":"Home","item":"https:\/\/militares.estrategia.com\/portal\/"},{"@type":"ListItem","position":2,"name":"Eventos","item":"https:\/\/militares.estrategia.com\/portal\/eventos\/"},{"@type":"ListItem","position":3,"name":"Pr\u00e9-Prova","item":"https:\/\/militares.estrategia.com\/portal\/eventos\/pre-prova\/"},{"@type":"ListItem","position":4,"name":"Conhe\u00e7a os eventos de Volta \u00e0s aulas que a Coruja preparou para voc\u00ea!"}]},{"@type":"WebSite","@id":"https:\/\/militares.estrategia.com\/portal\/#website","url":"https:\/\/militares.estrategia.com\/portal\/","name":"Estrat\u00e9gia Militares","description":"","publisher":{"@id":"https:\/\/militares.estrategia.com\/portal\/#organization"},"potentialAction":[{"@type":"SearchAction","target":{"@type":"EntryPoint","urlTemplate":"https:\/\/militares.estrategia.com\/portal\/?s={search_term_string}"},"query-input":{"@type":"PropertyValueSpecification","valueRequired":true,"valueName":"search_term_string"}}],"inLanguage":"pt-BR"},{"@type":"Organization","@id":"https:\/\/militares.estrategia.com\/portal\/#organization","name":"Estrat\u00e9gia Militares","url":"https:\/\/militares.estrategia.com\/portal\/","logo":{"@type":"ImageObject","inLanguage":"pt-BR","@id":"https:\/\/militares.estrategia.com\/portal\/#\/schema\/logo\/image\/","url":"https:\/\/militares.estrategia.com\/portal\/wp-content\/uploads\/2021\/10\/logo-militares.webp","contentUrl":"https:\/\/militares.estrategia.com\/portal\/wp-content\/uploads\/2021\/10\/logo-militares.webp","width":346,"height":90,"caption":"Estrat\u00e9gia Militares"},"image":{"@id":"https:\/\/militares.estrategia.com\/portal\/#\/schema\/logo\/image\/"},"sameAs":["https:\/\/www.facebook.com\/EstrategiaMilitares","https:\/\/x.com\/estrategiamilit","https:\/\/www.instagram.com\/estrategiamilitares\/","https:\/\/www.youtube.com\/channel\/UCRG_9hakCqXxnj_8TqCdgTA"]},{"@type":"Person","@id":"https:\/\/militares.estrategia.com\/portal\/#\/schema\/person\/5cfd387108cd0cdefab7eea7a9735dcc","name":"Vanesca Soares","image":{"@type":"ImageObject","inLanguage":"pt-BR","@id":"https:\/\/militares.estrategia.com\/portal\/#\/schema\/person\/image\/","url":"https:\/\/militares.estrategia.com\/portal\/wp-content\/uploads\/2021\/10\/FB_IMG_1634215702135-150x150.webp","contentUrl":"https:\/\/militares.estrategia.com\/portal\/wp-content\/uploads\/2021\/10\/FB_IMG_1634215702135-150x150.webp","caption":"Vanesca Soares"},"description":"Vanesca Soares foi Primeiro Tenente da Marinha do Brasil. Jornalista de forma\u00e7\u00e3o, ama todas as artes, principalmente a Literatura e o Cinema. Capaz de ficar em casa lendo um bom livro ao inv\u00e9s de ir para a balada, entende que ler \u00e9 uma grande viagem. Ama filmes hist\u00f3ricos, biografias, drama, thrillers, terror e tudo sobre os anos 1980. Principalmente a m\u00fasica!","url":"https:\/\/militares.estrategia.com\/portal\/author\/vanesca-soares\/"}]}},"_wl_alt_label":[],"wl:entity_url":"https:\/\/data.wordlift.io\/wl110246\/post\/conheca_os_eventos_de_volta_as_aulas_que_a_coruja_preparou_para_voce","_links":{"self":[{"href":"https:\/\/militares.estrategia.com\/portal\/wp-json\/wp\/v2\/posts\/50704","targetHints":{"allow":["GET"]}}],"collection":[{"href":"https:\/\/militares.estrategia.com\/portal\/wp-json\/wp\/v2\/posts"}],"about":[{"href":"https:\/\/militares.estrategia.com\/portal\/wp-json\/wp\/v2\/types\/post"}],"author":[{"embeddable":true,"href":"https:\/\/militares.estrategia.com\/portal\/wp-json\/wp\/v2\/users\/58"}],"replies":[{"embeddable":true,"href":"https:\/\/militares.estrategia.com\/portal\/wp-json\/wp\/v2\/comments?post=50704"}],"version-history":[{"count":17,"href":"https:\/\/militares.estrategia.com\/portal\/wp-json\/wp\/v2\/posts\/50704\/revisions"}],"predecessor-version":[{"id":51323,"href":"https:\/\/militares.estrategia.com\/portal\/wp-json\/wp\/v2\/posts\/50704\/revisions\/51323"}],"wp:featuredmedia":[{"embeddable":true,"href":"https:\/\/militares.estrategia.com\/portal\/wp-json\/wp\/v2\/media\/55756"}],"wp:attachment":[{"href":"https:\/\/militares.estrategia.com\/portal\/wp-json\/wp\/v2\/media?parent=50704"}],"wp:term":[{"taxonomy":"category","embeddable":true,"href":"https:\/\/militares.estrategia.com\/portal\/wp-json\/wp\/v2\/categories?post=50704"},{"taxonomy":"post_tag","embeddable":true,"href":"https:\/\/militares.estrategia.com\/portal\/wp-json\/wp\/v2\/tags?post=50704"},{"taxonomy":"wl_entity_type","embeddable":true,"href":"https:\/\/militares.estrategia.com\/portal\/wp-json\/wp\/v2\/wl_entity_type?post=50704"}],"curies":[{"name":"wp","href":"https:\/\/api.w.org\/{rel}","templated":true}]}}