{"id":50576,"date":"2021-12-20T18:38:12","date_gmt":"2021-12-20T21:38:12","guid":{"rendered":"https:\/\/militares.estrategia.com\/portal\/?p=50576"},"modified":"2021-12-21T10:29:33","modified_gmt":"2021-12-21T13:29:33","slug":"general-severiano","status":"publish","type":"post","link":"https:\/\/militares.estrategia.com\/portal\/escolas-militares\/exercito\/general-severiano\/","title":{"rendered":"General Severiano: o Patrono do Servi\u00e7o de Sa\u00fade"},"content":{"rendered":"\n<p>Vamos conhecer mais um<strong> grande personagem da hist\u00f3ria do Ex\u00e9rcito Brasileiro? <\/strong>Nesse post, o Estrat\u00e9gia Militares te conta como foi a trajet\u00f3ria, al\u00e9m das curiosidades da brilhante carreira do <strong>General Severiano, Patrono do Servi\u00e7o de Sa\u00fade do Ex\u00e9rcito Brasileiro!<\/strong><\/p>\n\n\n\n<div id=\"ez-toc-container\" class=\"ez-toc-v2_0_79_2 counter-hierarchy ez-toc-counter ez-toc-transparent ez-toc-container-direction\">\n<div class=\"ez-toc-title-container\"><p class=\"ez-toc-title\" style=\"cursor:inherit\">Navegue pelo conte\u00fado\t<\/p>\n<\/div><nav><ul class='ez-toc-list ez-toc-list-level-1 ' ><li class='ez-toc-page-1 ez-toc-heading-level-2'><a class=\"ez-toc-link ez-toc-heading-1\" href=\"https:\/\/militares.estrategia.com\/portal\/escolas-militares\/exercito\/general-severiano\/#O-que-e-o-Servico-de-Saude\" >O que \u00e9 o Servi\u00e7o de Sa\u00fade?<\/a><\/li><li class='ez-toc-page-1 ez-toc-heading-level-2'><a class=\"ez-toc-link ez-toc-heading-2\" href=\"https:\/\/militares.estrategia.com\/portal\/escolas-militares\/exercito\/general-severiano\/#Quem-foi-o-General-Severiano\" >Quem foi o General Severiano?<\/a><\/li><\/ul><\/nav><\/div>\n<h2 class=\"wp-block-heading\" id=\"h-o-que-e-o-servico-de-saude\"><span class=\"ez-toc-section\" id=\"O-que-e-o-Servico-de-Saude\"><\/span>O que \u00e9 o Servi\u00e7o de Sa\u00fade?<span class=\"ez-toc-section-end\"><\/span><\/h2>\n\n\n\n<p>O <a href=\"https:\/\/militares.estrategia.com\/portal\/carreiras-militares\/servico-de-saude\/\" target=\"_blank\" >Servi\u00e7o de Sa\u00fade<\/a> das For\u00e7as Armadas Brasileiras \u00e9 composto pelas <strong>mais variadas \u00e1reas m\u00e9dicas<\/strong> e \u00e9 o respons\u00e1vel por <strong>zelar pela sa\u00fade e bem-estar dos militares.<\/strong> Come\u00e7ou a ser estruturado no Brasil com a <a href=\"https:\/\/vestibulares.estrategia.com\/portal\/historia\/a-vinda-da-familia-real-para-o-brasil\/\" target=\"_blank\" >vinda da Fam\u00edlia Real<\/a>, em 1808. A partir da\u00ed foi ganhando cada vez mais import\u00e2ncia nas tropas.<\/p>\n\n\n\n<p>Atualmente, o Servi\u00e7o de Sa\u00fade \u00e9 composto por uma vasta gama de especialidades m\u00e9dicas e <strong>diversos hospitais,<\/strong> <strong>que figuram entre os melhores do pa\u00eds.<\/strong><\/p>\n\n\n\n<p>Al\u00e9m de atender os militares e seus dependentes, as equipes m\u00e9dicas militares tamb\u00e9m s\u00e3o respons\u00e1veis por desenvolver <strong>diversas a\u00e7\u00f5es sociais <\/strong>que visam atender \u00e0s popula\u00e7\u00f5es mais carentes e afastadas dos grandes centros no Brasil.&nbsp;<\/p>\n\n\n\n<h3 class=\"wp-block-heading\" id=\"h-cancao-do-servico-de-saude-do-exercito-brasileiro\">Can\u00e7\u00e3o do Servi\u00e7o de Sa\u00fade do Ex\u00e9rcito Brasileiro<\/h3>\n\n\n\n<pre class=\"wp-block-verse\">N\u00f3s soldados do corpo de Sa\u00fade,<br>Sem temermos o rugido da metralha.<br>Aos her\u00f3is que tombam na vanguarda,<br>Lhes levamos o socorro na batalha.<br>N\u00f3s soldados do corpo de Sa\u00fade,<br>N\u00e3o usamos a for\u00e7a do fuzil.<br>Pelejamos ao lado da ci\u00eancia,<br>Pela gl\u00f3ria e pela honra do Brasil.<br>Fi\u00e9is servos, somos n\u00f3s da medicina;<br>Seja na guerra, seja nos dias de paz.<br>Combatendo pelo bem da humanidade,<br>Sem vacilarmos e sem descanso jamais.<br>Nosso lema \u00e9 prestar a caridade,<br>Ao moribundo, ao ferido, ao mutilado.<br>Procurando amenizar o sofrimento,<br>E bem servir ao nosso Brasil adorado.<br><strong>Composi\u00e7\u00e3o: Jos\u00e9 dos Santos Rodrigues<\/strong><\/pre>\n\n\n\n<h2 class=\"wp-block-heading\" id=\"h-quem-foi-o-general-severiano\"><span class=\"ez-toc-section\" id=\"Quem-foi-o-General-Severiano\"><\/span>Quem foi o General Severiano?<span class=\"ez-toc-section-end\"><\/span><\/h2>\n\n\n\n<p>Jo\u00e3o Severiano da Fonseca <strong>nasceu no dia 27 de maio de 1835, na vila de Alagoas. <\/strong>Cresceu em uma <strong>fam\u00edlia repleta de militares de muita import\u00e2ncia nas <\/strong><a href=\"https:\/\/militares.estrategia.com\/portal\/carreiras-militares\/quais-sao-as-forcas-armadas\/\" target=\"_blank\" ><strong>For\u00e7as Armadas<\/strong><\/a><strong>,<\/strong> na qual, al\u00e9m de seu pai, os oito irm\u00e3os seguiram a carreira militar. <strong>O maior destaque da fam\u00edlia \u00e9 Deodoro da Fonseca,<\/strong> figura central na Proclama\u00e7\u00e3o da Rep\u00fablica Brasileira e primeiro presidente do Brasil.<\/p>\n\n\n\n<p>Anos mais tarde, <strong>seu irm\u00e3o tamb\u00e9m deu nome \u00e0 terra natal da fam\u00edlia, <\/strong>que passou a se chamar Marechal Deodoro, munic\u00edpio de Alagoas.&nbsp;<\/p>\n\n\n\n<p>Al\u00e9m de Deodoro da Fonseca, o <strong>Marechal Hermes Ernesto da Fonseca e Pedro Paulino da Fonseca<\/strong> tamb\u00e9m s\u00e3o militares que tiveram muita import\u00e2ncia para a hist\u00f3ria do nosso pa\u00eds e fazem parte dessa fam\u00edlia.&nbsp;<\/p>\n\n\n\n<p>Jo\u00e3o Severiano sempre foi<strong> muito estudioso. <\/strong>Veio para o Rio de Janeiro, ent\u00e3o capital, para estudar Medicina.<strong> Formou-se em 1860, doutorando-se em 1862,<\/strong> <strong>mesmo ano em que ingressou no Corpo de Sa\u00fade do Ex\u00e9rcito Brasileiro.&nbsp;<\/strong><\/p>\n\n\n\n<h3 class=\"wp-block-heading\" id=\"h-a-vida-militar-do-general-severiano\">A vida militar do General Severiano<\/h3>\n\n\n\n<p>Dois anos ap\u00f3s seu ingresso no <a href=\"https:\/\/militares.estrategia.com\/portal\/guias\/exercito\/exercito-brasileiro\/\" target=\"_blank\" >Ex\u00e9rcito Brasileiro<\/a>, <strong>Jo\u00e3o Severiano embarcou junto a tropa para uma das batalhas mais importantes da hist\u00f3ria do Ex\u00e9rcito Brasileiro: a Guerra do Paraguai.<\/strong> Ele desempenhava a fun\u00e7\u00e3o de <strong>chefe do Corpo de Sa\u00fade <\/strong>e, mesmo doente, demonstrou muita garra, humanidade e intelig\u00eancia para lutar junto ao nosso Ex\u00e9rcito.&nbsp;<\/p>\n\n\n\n<figure class=\"wp-block-image size-large\"><img decoding=\"async\" width=\"1024\" height=\"682\" src=\"https:\/\/militares.estrategia.com\/portal\/wp-content\/uploads\/2020\/11\/cadetes-do-exercito-concurso-especx-1024x682.jpg\" alt=\"General Severiano \" class=\"wp-image-41187\" srcset=\"https:\/\/militares.estrategia.com\/portal\/wp-content\/uploads\/2020\/11\/cadetes-do-exercito-concurso-especx-1024x682.jpg 1024w, https:\/\/militares.estrategia.com\/portal\/wp-content\/uploads\/2020\/11\/cadetes-do-exercito-concurso-especx-300x200.jpg 300w, https:\/\/militares.estrategia.com\/portal\/wp-content\/uploads\/2020\/11\/cadetes-do-exercito-concurso-especx-768x511.jpg 768w, https:\/\/militares.estrategia.com\/portal\/wp-content\/uploads\/2020\/11\/cadetes-do-exercito-concurso-especx-1536x1022.jpg 1536w, https:\/\/militares.estrategia.com\/portal\/wp-content\/uploads\/2020\/11\/cadetes-do-exercito-concurso-especx-380x253.jpg 380w, https:\/\/militares.estrategia.com\/portal\/wp-content\/uploads\/2020\/11\/cadetes-do-exercito-concurso-especx-800x533.jpg 800w, https:\/\/militares.estrategia.com\/portal\/wp-content\/uploads\/2020\/11\/cadetes-do-exercito-concurso-especx-1160x772.jpg 1160w, https:\/\/militares.estrategia.com\/portal\/wp-content\/uploads\/2020\/11\/cadetes-do-exercito-concurso-especx.jpg 1600w\" sizes=\"(max-width: 1024px) 100vw, 1024px\" \/><\/figure>\n\n\n\n<p>Voltou para o Brasil, ap\u00f3s a vit\u00f3ria no conflito, como um her\u00f3i e, por isso, foi o <strong>primeiro e \u00fanico oficial do Corpo de Sa\u00fade a receber a condecora\u00e7\u00e3o da Ordem do Cruzeiro.<\/strong> Infelizmente, alguns de seus irm\u00e3o que tamb\u00e9m guerrearam n\u00e3o tiveram a mesma sorte e morreram no campo de batalha.<\/p>\n\n\n\n<p>Em 1880, Jo\u00e3o Severiano entrou para a<strong> Academia Imperial de Medicina<\/strong> e passou os anos seguintes trabalhando em hospitais militares.<\/p>\n\n\n\n<h3 class=\"wp-block-heading\" id=\"h-carreira-politica\">Carreira pol\u00edtica&nbsp;<\/h3>\n\n\n\n<p>Jo\u00e3o Severiano teve uma <strong>participa\u00e7\u00e3o muito significativa na pol\u00edtica brasileira<\/strong> ao lado do seu irm\u00e3o, Deodoro da Fonseca. Em 1890, j\u00e1 como General de Brigada, Jo\u00e3o Severiano foi <strong>eleito Senador Constituinte<\/strong> e foi um dos respons\u00e1veis pela elabora\u00e7\u00e3o da Constitui\u00e7\u00e3o promulgada no ano seguinte, mesmo ano da elei\u00e7\u00e3o \u00e0 <a href=\"https:\/\/vestibulares.estrategia.com\/portal\/historia\/deodoro-da-fonseca\/\" target=\"_blank\" >presid\u00eancia de Deodoro da Fonseca<\/a>.<\/p>\n\n\n\n<p>Como Senador, ele assumiu as pastas de sa\u00fade p\u00fablica e estat\u00edstica colonial. Entretanto, sua carreira pol\u00edtica durou pouco, assim como a do seu irm\u00e3o. <strong>Quando Deodoro da Fonseca renuncia \u00e0 presid\u00eancia, Jo\u00e3o Severiano, em um gesto de apoio, tamb\u00e9m renuncia ao seu cargo de Senador.&nbsp;<\/strong><\/p>\n\n\n\n<h3 class=\"wp-block-heading\" id=\"h-reconhecimento-ao-general-severiano\">Reconhecimento ao General Severiano&nbsp;<\/h3>\n\n\n\n<p>O grande \u00edcone, General Severiano, n\u00e3o foi um destaque s\u00f3 no Ex\u00e9rcito Brasileiro. Esse homem, que era dotado de uma intelig\u00eancia \u00edmpar, tamb\u00e9m foi <strong>autor de diversos livros, al\u00e9m de professor <\/strong>em alguns col\u00e9gios no Rio de Janeiro, como o Col\u00e9gio Pedro II.&nbsp;<\/p>\n\n\n\n<p>Ele morreu em 11 de dezembro de 1897 e, a partir desta data, v\u00e1rias homenagens a fim de reverenciar e lembrar seu nome foram feitas.&nbsp;<\/p>\n\n\n\n<p>Em 1940, a partir de um decreto, foi escolhido como <strong>Patrono do Servi\u00e7o de Sa\u00fade do Ex\u00e9rcito Brasileiro. <\/strong>Al\u00e9m disso, o<strong> Dia do Servi\u00e7o de Sa\u00fade<\/strong> tamb\u00e9m foi escolhido em sua homenagem: <strong>27 de maio, dia do seu nascimento.<\/strong>&nbsp;<\/p>\n\n\n\n<p>Conhecer a brilhante trajet\u00f3ria dos patronos do Ex\u00e9rcito Brasileiro \u00e9, sem d\u00favidas, uma grande fonte de inspira\u00e7\u00e3o.<strong> Se voc\u00ea tem o desejo de se tornar mais um militar de destaque do Ex\u00e9rcito Brasileiro, conte com o Estrat\u00e9gia Militares na sua prepara\u00e7\u00e3o. <\/strong>Clique no banner abaixo e conhe\u00e7a nossos cursos!<\/p>\n\n\n\n<p><\/p>\n\n\n\n<p><strong><a id=\"cta\" class=\"cta-imagem\" href=\"https:\/\/militares.estrategia.com\/cursos\/exercito\/?id=71495cc2-214d-4625-b8dd-8a87e2131e6b&name=Ex%C3%A9rcito\" target=\"blank\">\n                <img decoding=\"async\" width=\"100%\" src=\"https:\/\/militares.estrategia.com\/portal\/wp-content\/uploads\/2023\/02\/EM-Banco-de-Questoes.jpg\" alt=\"EM - Banco de Questo\u0303es\" title=\"EM - Banco de Questo\u0303es\">\n        <\/a><\/strong><\/p>\n\n\n\n\n\n<h3 class=\"wp-block-heading\" id=\"h-referencias\">Refer\u00eancias:<\/h3>\n\n\n\n<ul class=\"wp-block-list\"><li><a href=\"http:\/\/www.eb.mil.br\/\" target=\"_blank\" >http:\/\/www.eb.mil.br\/<\/a><\/li><\/ul>\n","protected":false},"excerpt":{"rendered":"Vamos conhecer mais um grande personagem da hist\u00f3ria do Ex\u00e9rcito Brasileiro? Nesse post, o Estrat\u00e9gia Militares te conta&hellip;\n","protected":false},"author":53,"featured_media":50541,"comment_status":"closed","ping_status":"closed","sticky":false,"template":"","format":"standard","meta":{"wl_entities_gutenberg":"","footnotes":""},"categories":[28],"tags":[],"wl_entity_type":[187],"class_list":{"0":"post-50576","1":"post","2":"type-post","3":"status-publish","4":"format-standard","5":"has-post-thumbnail","7":"category-exercito","8":"wl_entity_type-article"},"acf":[],"yoast_head":"<!-- This site is optimized with the Yoast SEO Premium plugin v26.6 (Yoast SEO v26.6) - https:\/\/yoast.com\/wordpress\/plugins\/seo\/ -->\n<title>General Severiano: o Patrono do Servi\u00e7o de Sa\u00fade<\/title>\n<meta name=\"description\" content=\"Conhe\u00e7a a trajet\u00f3ria e demais curiosidades do General Severiano, o Patrono do Servi\u00e7o de Sa\u00fade do Ex\u00e9rcito Brasileiro!\" \/>\n<meta name=\"robots\" content=\"index, follow, max-snippet:-1, max-image-preview:large, max-video-preview:-1\" \/>\n<link rel=\"canonical\" href=\"https:\/\/militares.estrategia.com\/portal\/escolas-militares\/exercito\/general-severiano\/\" \/>\n<meta property=\"og:locale\" content=\"pt_BR\" \/>\n<meta property=\"og:type\" content=\"article\" \/>\n<meta property=\"og:title\" content=\"General Severiano: o Patrono do Servi\u00e7o de Sa\u00fade\" \/>\n<meta property=\"og:description\" content=\"Conhe\u00e7a a trajet\u00f3ria e demais curiosidades do General Severiano, o Patrono do Servi\u00e7o de Sa\u00fade do Ex\u00e9rcito Brasileiro!\" \/>\n<meta property=\"og:url\" content=\"https:\/\/militares.estrategia.com\/portal\/escolas-militares\/exercito\/general-severiano\/\" \/>\n<meta property=\"og:site_name\" content=\"Estrat\u00e9gia Militares\" \/>\n<meta property=\"article:publisher\" content=\"https:\/\/www.facebook.com\/EstrategiaMilitares\" \/>\n<meta property=\"article:published_time\" content=\"2021-12-20T21:38:12+00:00\" \/>\n<meta property=\"article:modified_time\" content=\"2021-12-21T13:29:33+00:00\" \/>\n<meta property=\"og:image\" content=\"https:\/\/cdn.blog.estrategiavestibulares.com.br\/vestibulares\/wp-content\/uploads\/2021\/12\/Apresentacao-sem-titulo-18.jpg\" \/>\n\t<meta property=\"og:image:width\" content=\"960\" \/>\n\t<meta property=\"og:image:height\" content=\"540\" \/>\n\t<meta property=\"og:image:type\" content=\"image\/jpeg\" \/>\n<meta name=\"author\" content=\"Lucas Gon\u00e7alves\" \/>\n<meta name=\"twitter:card\" content=\"summary_large_image\" \/>\n<meta name=\"twitter:creator\" content=\"@estrategiamilit\" \/>\n<meta name=\"twitter:site\" content=\"@estrategiamilit\" \/>\n<meta name=\"twitter:label1\" content=\"Escrito por\" \/>\n\t<meta name=\"twitter:data1\" content=\"Lucas Gon\u00e7alves\" \/>\n\t<meta name=\"twitter:label2\" content=\"Est. tempo de leitura\" \/>\n\t<meta name=\"twitter:data2\" content=\"5 minutos\" \/>\n<script type=\"application\/ld+json\" class=\"yoast-schema-graph\">{\"@context\":\"https:\/\/schema.org\",\"@graph\":[{\"@type\":\"Article\",\"@id\":\"https:\/\/militares.estrategia.com\/portal\/escolas-militares\/exercito\/general-severiano\/#article\",\"isPartOf\":{\"@id\":\"https:\/\/militares.estrategia.com\/portal\/escolas-militares\/exercito\/general-severiano\/\"},\"author\":{\"name\":\"Lucas Gon\u00e7alves\",\"@id\":\"https:\/\/militares.estrategia.com\/portal\/#\/schema\/person\/566b15d6f51f32043ba353771e7ee88a\"},\"headline\":\"General Severiano: o Patrono do Servi\u00e7o de Sa\u00fade\",\"datePublished\":\"2021-12-20T21:38:12+00:00\",\"dateModified\":\"2021-12-21T13:29:33+00:00\",\"mainEntityOfPage\":{\"@id\":\"https:\/\/militares.estrategia.com\/portal\/escolas-militares\/exercito\/general-severiano\/\"},\"wordCount\":843,\"publisher\":{\"@id\":\"https:\/\/militares.estrategia.com\/portal\/#organization\"},\"image\":{\"@id\":\"https:\/\/militares.estrategia.com\/portal\/escolas-militares\/exercito\/general-severiano\/#primaryimage\"},\"thumbnailUrl\":\"https:\/\/militares.estrategia.com\/portal\/wp-content\/uploads\/2021\/12\/Apresentacao-sem-titulo-18.jpg\",\"articleSection\":[\"Ex\u00e9rcito\"],\"inLanguage\":\"pt-BR\"},{\"@type\":\"WebPage\",\"@id\":\"https:\/\/militares.estrategia.com\/portal\/escolas-militares\/exercito\/general-severiano\/\",\"url\":\"https:\/\/militares.estrategia.com\/portal\/escolas-militares\/exercito\/general-severiano\/\",\"name\":\"General Severiano: o Patrono do Servi\u00e7o de Sa\u00fade\",\"isPartOf\":{\"@id\":\"https:\/\/militares.estrategia.com\/portal\/#website\"},\"primaryImageOfPage\":{\"@id\":\"https:\/\/militares.estrategia.com\/portal\/escolas-militares\/exercito\/general-severiano\/#primaryimage\"},\"image\":{\"@id\":\"https:\/\/militares.estrategia.com\/portal\/escolas-militares\/exercito\/general-severiano\/#primaryimage\"},\"thumbnailUrl\":\"https:\/\/militares.estrategia.com\/portal\/wp-content\/uploads\/2021\/12\/Apresentacao-sem-titulo-18.jpg\",\"datePublished\":\"2021-12-20T21:38:12+00:00\",\"dateModified\":\"2021-12-21T13:29:33+00:00\",\"description\":\"Conhe\u00e7a a trajet\u00f3ria e demais curiosidades do General Severiano, o Patrono do Servi\u00e7o de Sa\u00fade do Ex\u00e9rcito Brasileiro!\",\"breadcrumb\":{\"@id\":\"https:\/\/militares.estrategia.com\/portal\/escolas-militares\/exercito\/general-severiano\/#breadcrumb\"},\"inLanguage\":\"pt-BR\",\"potentialAction\":[{\"@type\":\"ReadAction\",\"target\":[\"https:\/\/militares.estrategia.com\/portal\/escolas-militares\/exercito\/general-severiano\/\"]}]},{\"@type\":\"ImageObject\",\"inLanguage\":\"pt-BR\",\"@id\":\"https:\/\/militares.estrategia.com\/portal\/escolas-militares\/exercito\/general-severiano\/#primaryimage\",\"url\":\"https:\/\/militares.estrategia.com\/portal\/wp-content\/uploads\/2021\/12\/Apresentacao-sem-titulo-18.jpg\",\"contentUrl\":\"https:\/\/militares.estrategia.com\/portal\/wp-content\/uploads\/2021\/12\/Apresentacao-sem-titulo-18.jpg\",\"width\":960,\"height\":540},{\"@type\":\"BreadcrumbList\",\"@id\":\"https:\/\/militares.estrategia.com\/portal\/escolas-militares\/exercito\/general-severiano\/#breadcrumb\",\"itemListElement\":[{\"@type\":\"ListItem\",\"position\":1,\"name\":\"Home\",\"item\":\"https:\/\/militares.estrategia.com\/portal\/\"},{\"@type\":\"ListItem\",\"position\":2,\"name\":\"Escolas Militares\",\"item\":\"https:\/\/militares.estrategia.com\/portal\/escolas-militares\/\"},{\"@type\":\"ListItem\",\"position\":3,\"name\":\"Ex\u00e9rcito\",\"item\":\"https:\/\/militares.estrategia.com\/portal\/escolas-militares\/exercito\/\"},{\"@type\":\"ListItem\",\"position\":4,\"name\":\"General Severiano: o Patrono do Servi\u00e7o de Sa\u00fade\"}]},{\"@type\":\"WebSite\",\"@id\":\"https:\/\/militares.estrategia.com\/portal\/#website\",\"url\":\"https:\/\/militares.estrategia.com\/portal\/\",\"name\":\"Estrat\u00e9gia Militares\",\"description\":\"\",\"publisher\":{\"@id\":\"https:\/\/militares.estrategia.com\/portal\/#organization\"},\"potentialAction\":[{\"@type\":\"SearchAction\",\"target\":{\"@type\":\"EntryPoint\",\"urlTemplate\":\"https:\/\/militares.estrategia.com\/portal\/?s={search_term_string}\"},\"query-input\":{\"@type\":\"PropertyValueSpecification\",\"valueRequired\":true,\"valueName\":\"search_term_string\"}}],\"inLanguage\":\"pt-BR\"},{\"@type\":\"Organization\",\"@id\":\"https:\/\/militares.estrategia.com\/portal\/#organization\",\"name\":\"Estrat\u00e9gia Militares\",\"url\":\"https:\/\/militares.estrategia.com\/portal\/\",\"logo\":{\"@type\":\"ImageObject\",\"inLanguage\":\"pt-BR\",\"@id\":\"https:\/\/militares.estrategia.com\/portal\/#\/schema\/logo\/image\/\",\"url\":\"https:\/\/militares.estrategia.com\/portal\/wp-content\/uploads\/2021\/10\/logo-militares.webp\",\"contentUrl\":\"https:\/\/militares.estrategia.com\/portal\/wp-content\/uploads\/2021\/10\/logo-militares.webp\",\"width\":346,\"height\":90,\"caption\":\"Estrat\u00e9gia Militares\"},\"image\":{\"@id\":\"https:\/\/militares.estrategia.com\/portal\/#\/schema\/logo\/image\/\"},\"sameAs\":[\"https:\/\/www.facebook.com\/EstrategiaMilitares\",\"https:\/\/x.com\/estrategiamilit\",\"https:\/\/www.instagram.com\/estrategiamilitares\/\",\"https:\/\/www.youtube.com\/channel\/UCRG_9hakCqXxnj_8TqCdgTA\"]},{\"@type\":\"Person\",\"@id\":\"https:\/\/militares.estrategia.com\/portal\/#\/schema\/person\/566b15d6f51f32043ba353771e7ee88a\",\"name\":\"Lucas Gon\u00e7alves\",\"image\":{\"@type\":\"ImageObject\",\"inLanguage\":\"pt-BR\",\"@id\":\"https:\/\/militares.estrategia.com\/portal\/#\/schema\/person\/image\/\",\"url\":\"https:\/\/militares.estrategia.com\/portal\/wp-content\/uploads\/2021\/08\/WhatsApp-Image-2023-04-28-at-13.20.17-150x150.jpeg\",\"contentUrl\":\"https:\/\/militares.estrategia.com\/portal\/wp-content\/uploads\/2021\/08\/WhatsApp-Image-2023-04-28-at-13.20.17-150x150.jpeg\",\"caption\":\"Lucas Gon\u00e7alves\"},\"description\":\"Lucas \u00e9 um apaixonado pelo mundo dos concursos e pela carreira militar. Amante e praticante do futebol nas horas vagas.\",\"url\":\"https:\/\/militares.estrategia.com\/portal\/author\/lucas-goncalves\/\"}]}<\/script>\n<!-- \/ Yoast SEO Premium plugin. -->","yoast_head_json":{"title":"General Severiano: o Patrono do Servi\u00e7o de Sa\u00fade","description":"Conhe\u00e7a a trajet\u00f3ria e demais curiosidades do General Severiano, o Patrono do Servi\u00e7o de Sa\u00fade do Ex\u00e9rcito Brasileiro!","robots":{"index":"index","follow":"follow","max-snippet":"max-snippet:-1","max-image-preview":"max-image-preview:large","max-video-preview":"max-video-preview:-1"},"canonical":"https:\/\/militares.estrategia.com\/portal\/escolas-militares\/exercito\/general-severiano\/","og_locale":"pt_BR","og_type":"article","og_title":"General Severiano: o Patrono do Servi\u00e7o de Sa\u00fade","og_description":"Conhe\u00e7a a trajet\u00f3ria e demais curiosidades do General Severiano, o Patrono do Servi\u00e7o de Sa\u00fade do Ex\u00e9rcito Brasileiro!","og_url":"https:\/\/militares.estrategia.com\/portal\/escolas-militares\/exercito\/general-severiano\/","og_site_name":"Estrat\u00e9gia Militares","article_publisher":"https:\/\/www.facebook.com\/EstrategiaMilitares","article_published_time":"2021-12-20T21:38:12+00:00","article_modified_time":"2021-12-21T13:29:33+00:00","og_image":[{"width":960,"height":540,"url":"https:\/\/cdn.blog.estrategiavestibulares.com.br\/vestibulares\/wp-content\/uploads\/2021\/12\/Apresentacao-sem-titulo-18.jpg","type":"image\/jpeg"}],"author":"Lucas Gon\u00e7alves","twitter_card":"summary_large_image","twitter_creator":"@estrategiamilit","twitter_site":"@estrategiamilit","twitter_misc":{"Escrito por":"Lucas Gon\u00e7alves","Est. tempo de leitura":"5 minutos"},"schema":{"@context":"https:\/\/schema.org","@graph":[{"@type":"Article","@id":"https:\/\/militares.estrategia.com\/portal\/escolas-militares\/exercito\/general-severiano\/#article","isPartOf":{"@id":"https:\/\/militares.estrategia.com\/portal\/escolas-militares\/exercito\/general-severiano\/"},"author":{"name":"Lucas Gon\u00e7alves","@id":"https:\/\/militares.estrategia.com\/portal\/#\/schema\/person\/566b15d6f51f32043ba353771e7ee88a"},"headline":"General Severiano: o Patrono do Servi\u00e7o de Sa\u00fade","datePublished":"2021-12-20T21:38:12+00:00","dateModified":"2021-12-21T13:29:33+00:00","mainEntityOfPage":{"@id":"https:\/\/militares.estrategia.com\/portal\/escolas-militares\/exercito\/general-severiano\/"},"wordCount":843,"publisher":{"@id":"https:\/\/militares.estrategia.com\/portal\/#organization"},"image":{"@id":"https:\/\/militares.estrategia.com\/portal\/escolas-militares\/exercito\/general-severiano\/#primaryimage"},"thumbnailUrl":"https:\/\/militares.estrategia.com\/portal\/wp-content\/uploads\/2021\/12\/Apresentacao-sem-titulo-18.jpg","articleSection":["Ex\u00e9rcito"],"inLanguage":"pt-BR"},{"@type":"WebPage","@id":"https:\/\/militares.estrategia.com\/portal\/escolas-militares\/exercito\/general-severiano\/","url":"https:\/\/militares.estrategia.com\/portal\/escolas-militares\/exercito\/general-severiano\/","name":"General Severiano: o Patrono do Servi\u00e7o de Sa\u00fade","isPartOf":{"@id":"https:\/\/militares.estrategia.com\/portal\/#website"},"primaryImageOfPage":{"@id":"https:\/\/militares.estrategia.com\/portal\/escolas-militares\/exercito\/general-severiano\/#primaryimage"},"image":{"@id":"https:\/\/militares.estrategia.com\/portal\/escolas-militares\/exercito\/general-severiano\/#primaryimage"},"thumbnailUrl":"https:\/\/militares.estrategia.com\/portal\/wp-content\/uploads\/2021\/12\/Apresentacao-sem-titulo-18.jpg","datePublished":"2021-12-20T21:38:12+00:00","dateModified":"2021-12-21T13:29:33+00:00","description":"Conhe\u00e7a a trajet\u00f3ria e demais curiosidades do General Severiano, o Patrono do Servi\u00e7o de Sa\u00fade do Ex\u00e9rcito Brasileiro!","breadcrumb":{"@id":"https:\/\/militares.estrategia.com\/portal\/escolas-militares\/exercito\/general-severiano\/#breadcrumb"},"inLanguage":"pt-BR","potentialAction":[{"@type":"ReadAction","target":["https:\/\/militares.estrategia.com\/portal\/escolas-militares\/exercito\/general-severiano\/"]}]},{"@type":"ImageObject","inLanguage":"pt-BR","@id":"https:\/\/militares.estrategia.com\/portal\/escolas-militares\/exercito\/general-severiano\/#primaryimage","url":"https:\/\/militares.estrategia.com\/portal\/wp-content\/uploads\/2021\/12\/Apresentacao-sem-titulo-18.jpg","contentUrl":"https:\/\/militares.estrategia.com\/portal\/wp-content\/uploads\/2021\/12\/Apresentacao-sem-titulo-18.jpg","width":960,"height":540},{"@type":"BreadcrumbList","@id":"https:\/\/militares.estrategia.com\/portal\/escolas-militares\/exercito\/general-severiano\/#breadcrumb","itemListElement":[{"@type":"ListItem","position":1,"name":"Home","item":"https:\/\/militares.estrategia.com\/portal\/"},{"@type":"ListItem","position":2,"name":"Escolas Militares","item":"https:\/\/militares.estrategia.com\/portal\/escolas-militares\/"},{"@type":"ListItem","position":3,"name":"Ex\u00e9rcito","item":"https:\/\/militares.estrategia.com\/portal\/escolas-militares\/exercito\/"},{"@type":"ListItem","position":4,"name":"General Severiano: o Patrono do Servi\u00e7o de Sa\u00fade"}]},{"@type":"WebSite","@id":"https:\/\/militares.estrategia.com\/portal\/#website","url":"https:\/\/militares.estrategia.com\/portal\/","name":"Estrat\u00e9gia Militares","description":"","publisher":{"@id":"https:\/\/militares.estrategia.com\/portal\/#organization"},"potentialAction":[{"@type":"SearchAction","target":{"@type":"EntryPoint","urlTemplate":"https:\/\/militares.estrategia.com\/portal\/?s={search_term_string}"},"query-input":{"@type":"PropertyValueSpecification","valueRequired":true,"valueName":"search_term_string"}}],"inLanguage":"pt-BR"},{"@type":"Organization","@id":"https:\/\/militares.estrategia.com\/portal\/#organization","name":"Estrat\u00e9gia Militares","url":"https:\/\/militares.estrategia.com\/portal\/","logo":{"@type":"ImageObject","inLanguage":"pt-BR","@id":"https:\/\/militares.estrategia.com\/portal\/#\/schema\/logo\/image\/","url":"https:\/\/militares.estrategia.com\/portal\/wp-content\/uploads\/2021\/10\/logo-militares.webp","contentUrl":"https:\/\/militares.estrategia.com\/portal\/wp-content\/uploads\/2021\/10\/logo-militares.webp","width":346,"height":90,"caption":"Estrat\u00e9gia Militares"},"image":{"@id":"https:\/\/militares.estrategia.com\/portal\/#\/schema\/logo\/image\/"},"sameAs":["https:\/\/www.facebook.com\/EstrategiaMilitares","https:\/\/x.com\/estrategiamilit","https:\/\/www.instagram.com\/estrategiamilitares\/","https:\/\/www.youtube.com\/channel\/UCRG_9hakCqXxnj_8TqCdgTA"]},{"@type":"Person","@id":"https:\/\/militares.estrategia.com\/portal\/#\/schema\/person\/566b15d6f51f32043ba353771e7ee88a","name":"Lucas Gon\u00e7alves","image":{"@type":"ImageObject","inLanguage":"pt-BR","@id":"https:\/\/militares.estrategia.com\/portal\/#\/schema\/person\/image\/","url":"https:\/\/militares.estrategia.com\/portal\/wp-content\/uploads\/2021\/08\/WhatsApp-Image-2023-04-28-at-13.20.17-150x150.jpeg","contentUrl":"https:\/\/militares.estrategia.com\/portal\/wp-content\/uploads\/2021\/08\/WhatsApp-Image-2023-04-28-at-13.20.17-150x150.jpeg","caption":"Lucas Gon\u00e7alves"},"description":"Lucas \u00e9 um apaixonado pelo mundo dos concursos e pela carreira militar. Amante e praticante do futebol nas horas vagas.","url":"https:\/\/militares.estrategia.com\/portal\/author\/lucas-goncalves\/"}]}},"_wl_alt_label":[],"wl:entity_url":"https:\/\/data.wordlift.io\/wl110246\/post\/general_severiano__o_patrono_do_servico_de_saude","_links":{"self":[{"href":"https:\/\/militares.estrategia.com\/portal\/wp-json\/wp\/v2\/posts\/50576","targetHints":{"allow":["GET"]}}],"collection":[{"href":"https:\/\/militares.estrategia.com\/portal\/wp-json\/wp\/v2\/posts"}],"about":[{"href":"https:\/\/militares.estrategia.com\/portal\/wp-json\/wp\/v2\/types\/post"}],"author":[{"embeddable":true,"href":"https:\/\/militares.estrategia.com\/portal\/wp-json\/wp\/v2\/users\/53"}],"replies":[{"embeddable":true,"href":"https:\/\/militares.estrategia.com\/portal\/wp-json\/wp\/v2\/comments?post=50576"}],"version-history":[{"count":4,"href":"https:\/\/militares.estrategia.com\/portal\/wp-json\/wp\/v2\/posts\/50576\/revisions"}],"predecessor-version":[{"id":50588,"href":"https:\/\/militares.estrategia.com\/portal\/wp-json\/wp\/v2\/posts\/50576\/revisions\/50588"}],"wp:featuredmedia":[{"embeddable":true,"href":"https:\/\/militares.estrategia.com\/portal\/wp-json\/wp\/v2\/media\/50541"}],"wp:attachment":[{"href":"https:\/\/militares.estrategia.com\/portal\/wp-json\/wp\/v2\/media?parent=50576"}],"wp:term":[{"taxonomy":"category","embeddable":true,"href":"https:\/\/militares.estrategia.com\/portal\/wp-json\/wp\/v2\/categories?post=50576"},{"taxonomy":"post_tag","embeddable":true,"href":"https:\/\/militares.estrategia.com\/portal\/wp-json\/wp\/v2\/tags?post=50576"},{"taxonomy":"wl_entity_type","embeddable":true,"href":"https:\/\/militares.estrategia.com\/portal\/wp-json\/wp\/v2\/wl_entity_type?post=50576"}],"curies":[{"name":"wp","href":"https:\/\/api.w.org\/{rel}","templated":true}]}}