{"id":50096,"date":"2021-12-07T15:27:49","date_gmt":"2021-12-07T18:27:49","guid":{"rendered":"https:\/\/blog.estrategiamilitares.com.br\/?p=50096"},"modified":"2023-02-06T08:22:40","modified_gmt":"2023-02-06T11:22:40","slug":"fuzileiros-navais-verificacao-de-dados-biograficos","status":"publish","type":"post","link":"https:\/\/militares.estrategia.com\/portal\/noticias\/fuzileiros-navais-verificacao-de-dados-biograficos\/","title":{"rendered":"FN 2022.1: divulgados aprovados na Verifica\u00e7\u00e3o de Dados Biogr\u00e1ficos"},"content":{"rendered":"\n<p>O Comando do Pessoal de Fuzileiros Navais divulgou nesta segunda-feira, dia 06 de dezembro, a lista com os <strong>candidatos aprovados na Verifica\u00e7\u00e3o de Dados Biogr\u00e1fico <\/strong><strong>(VDB)<\/strong> do Concurso para o <strong>Curso de Forma\u00e7\u00e3o de Soldados Fuzileiros Navais para a Turma I\/2022.<\/strong><\/p>\n\n\n\n<p>Al\u00e9m disso, o documento informa que aqueles que n\u00e3o constarem da rela\u00e7\u00e3o podem interpor <strong>recurso at\u00e9 o dia 09 de dezembro <\/strong>de 2021. Isso precisa ser feito nos \u00d3rg\u00e3os Executores da Sele\u00e7\u00e3o (OES) que foram escolhidos pelos candidatos para realiza\u00e7\u00e3o das etapas. <\/p>\n\n\n\n<div class=\"wp-block-buttons is-horizontal is-content-justification-center is-layout-flex wp-container-core-buttons-is-layout-1 wp-block-buttons-is-layout-flex\">\n<div class=\"wp-block-button is-style-outline is-style-outline--1\"><a class=\"wp-block-button__link has-vivid-green-cyan-background-color has-background wp-element-button\" href=\"https:\/\/militares.estrategia.com\/portal\/wp-content\/uploads\/2021\/12\/Resultado-Preliminar-VDB.pdf\" style=\"border-radius:50px\" target=\"_blank\" >Aprovados preliminares VDB<\/a><\/div>\n<\/div>\n\n\n\n<h2 class=\"wp-block-heading\" id=\"h-o-que-fazer-para-se-tornar-um-fuzileiro-naval\">O que fazer para se tornar um Fuzileiro Naval?<\/h2>\n\n\n\n<p>O <a href=\"https:\/\/militares.estrategia.com\/portal\/guias\/marinha\/corpo-de-fuzileiros-navais-o-que-e-funcoes-historia-e-treinamento\/\" target=\"_blank\" >Corpo de Fuzileiros Navais<\/a> (CFN) \u00e9 uma for\u00e7a composta por militares que passam por um <strong>rigoroso processo de sele\u00e7\u00e3o e de treinamento de combate<\/strong> nos ambientes terrestre, marinho e a\u00e9reo. O Fuzileiro Naval \u00e9 fundamental para a resolu\u00e7\u00e3o de conflitos e para a garantia do bem-estar da popula\u00e7\u00e3o em qualquer lugar do mundo.<\/p>\n\n\n\n<p>No entanto, <a href=\"https:\/\/militares.estrategia.com\/portal\/guias\/marinha\/fuzileiro-naval\/\" target=\"_blank\" >para se tornar um Fuzileiro Naval<\/a>, \u00e9 preciso obedecer aos seguintes<strong> requisitos<\/strong>:<\/p>\n\n\n\n<ul class=\"wp-block-list\">\n<li>Ser do sexo masculino;<\/li>\n\n\n\n<li>Ser volunt\u00e1rio;<\/li>\n\n\n\n<li>Ter 18 anos completos e menos de 22 anos no primeiro dia do m\u00eas de janeiro no ano do concurso em que ir\u00e1 ingressar;<\/li>\n\n\n\n<li>N\u00e3o ser isento do servi\u00e7o militar;<\/li>\n\n\n\n<li>Ter conclu\u00eddo, com aproveitamento, o ensino m\u00e9dio ou curso equivalente;<\/li>\n\n\n\n<li>N\u00e3o ter sido desligado do Servi\u00e7o Ativo, seja das For\u00e7as Armadas ou Auxiliar, al\u00e9m de n\u00e3o ter sido desligado de curso de forma\u00e7\u00e3o militar por excesso de faltas ou por m\u00e1 conduta; e<\/li>\n\n\n\n<li>Ter altura m\u00ednima de 1,54m e m\u00e1xima de 2,00m.<\/li>\n<\/ul>\n\n\n\n<p>E voc\u00ea? <strong>Quer ser um Fuzileiro Naval?<\/strong> O <strong>Estrat\u00e9gia Militares<\/strong> te prepara para realizar este sonho. Estude pelo nosso material, fa\u00e7a nossos cursos e entre para a <a href=\"https:\/\/militares.estrategia.com\/portal\/noticias\/fuzileiro-naval-ultimas-noticias\/\" target=\"_blank\" >carreira militar<\/a>. Clique no banner para saber mais!<\/p>\n\n\n\n<p><strong><a id=\"cta\" class=\"cta-imagem\" href=\"https:\/\/militares.estrategia.com\/curso\/pacote-extensivo-para-fn-2024\/\" target=\"blank\">\n                <img decoding=\"async\" width=\"100%\" src=\"https:\/\/militares.estrategia.com\/portal\/wp-content\/uploads\/2023\/06\/CTA-FUZILEIRO-NAVAL-2.jpg\" alt=\"CTA FUZILEIRO NAVAL\" title=\"CTA FUZILEIRO NAVAL\">\n        <\/a><\/strong><\/p>\n\n\n","protected":false},"excerpt":{"rendered":"O Comando do Pessoal de Fuzileiros Navais divulgou nesta segunda-feira, dia 06 de dezembro, a lista com os&hellip;\n","protected":false},"author":58,"featured_media":45948,"comment_status":"closed","ping_status":"closed","sticky":false,"template":"","format":"standard","meta":{"wl_entities_gutenberg":"","footnotes":""},"categories":[36],"tags":[63,58,59,162],"wl_entity_type":[187],"class_list":{"0":"post-50096","1":"post","2":"type-post","3":"status-publish","4":"format-standard","5":"has-post-thumbnail","7":"category-noticias","8":"tag-concursofuzileironaval","9":"tag-fuzileironaval","10":"tag-fuzileironaval2022","11":"tag-carreiramilitar","12":"wl_entity_type-article"},"acf":[],"yoast_head":"<!-- This site is optimized with the Yoast SEO Premium plugin v26.6 (Yoast SEO v26.6) - https:\/\/yoast.com\/wordpress\/plugins\/seo\/ -->\n<title>FN 2022.1: divulgados aprovados na Verifica\u00e7\u00e3o de Dados Biogr\u00e1ficos<\/title>\n<meta name=\"description\" content=\"O Comando do Pessoal do Corpo de Fuzileiros Navais divulgou a lista dos aprovados na verifica\u00e7\u00e3o de dados biogr\u00e1ficos para a turma I\/2022.\" \/>\n<meta name=\"robots\" content=\"index, follow, max-snippet:-1, max-image-preview:large, max-video-preview:-1\" \/>\n<link rel=\"canonical\" href=\"https:\/\/militares.estrategia.com\/portal\/noticias\/fuzileiros-navais-verificacao-de-dados-biograficos\/\" \/>\n<meta property=\"og:locale\" content=\"pt_BR\" \/>\n<meta property=\"og:type\" content=\"article\" \/>\n<meta property=\"og:title\" content=\"FN 2022.1: divulgados aprovados na Verifica\u00e7\u00e3o de Dados Biogr\u00e1ficos\" \/>\n<meta property=\"og:description\" content=\"O Comando do Pessoal do Corpo de Fuzileiros Navais divulgou a lista dos aprovados na verifica\u00e7\u00e3o de dados biogr\u00e1ficos para a turma I\/2022.\" \/>\n<meta property=\"og:url\" content=\"https:\/\/militares.estrategia.com\/portal\/noticias\/fuzileiros-navais-verificacao-de-dados-biograficos\/\" \/>\n<meta property=\"og:site_name\" content=\"Estrat\u00e9gia Militares\" \/>\n<meta property=\"article:publisher\" content=\"https:\/\/www.facebook.com\/EstrategiaMilitares\" \/>\n<meta property=\"article:published_time\" content=\"2021-12-07T18:27:49+00:00\" \/>\n<meta property=\"article:modified_time\" content=\"2023-02-06T11:22:40+00:00\" \/>\n<meta property=\"og:image\" content=\"https:\/\/cdn.blog.estrategiavestibulares.com.br\/vestibulares\/wp-content\/uploads\/2021\/07\/fuzileiro-naval.jpg\" \/>\n\t<meta property=\"og:image:width\" content=\"750\" \/>\n\t<meta property=\"og:image:height\" content=\"420\" \/>\n\t<meta property=\"og:image:type\" content=\"image\/jpeg\" \/>\n<meta name=\"author\" content=\"Vanesca Soares\" \/>\n<meta name=\"twitter:card\" content=\"summary_large_image\" \/>\n<meta name=\"twitter:creator\" content=\"@estrategiamilit\" \/>\n<meta name=\"twitter:site\" content=\"@estrategiamilit\" \/>\n<meta name=\"twitter:label1\" content=\"Escrito por\" \/>\n\t<meta name=\"twitter:data1\" content=\"Vanesca Soares\" \/>\n\t<meta name=\"twitter:label2\" content=\"Est. tempo de leitura\" \/>\n\t<meta name=\"twitter:data2\" content=\"2 minutos\" \/>\n<script type=\"application\/ld+json\" class=\"yoast-schema-graph\">{\"@context\":\"https:\/\/schema.org\",\"@graph\":[{\"@type\":\"Article\",\"@id\":\"https:\/\/militares.estrategia.com\/portal\/noticias\/fuzileiros-navais-verificacao-de-dados-biograficos\/#article\",\"isPartOf\":{\"@id\":\"https:\/\/militares.estrategia.com\/portal\/noticias\/fuzileiros-navais-verificacao-de-dados-biograficos\/\"},\"author\":{\"name\":\"Vanesca Soares\",\"@id\":\"https:\/\/militares.estrategia.com\/portal\/#\/schema\/person\/5cfd387108cd0cdefab7eea7a9735dcc\"},\"headline\":\"FN 2022.1: divulgados aprovados na Verifica\u00e7\u00e3o de Dados Biogr\u00e1ficos\",\"datePublished\":\"2021-12-07T18:27:49+00:00\",\"dateModified\":\"2023-02-06T11:22:40+00:00\",\"mainEntityOfPage\":{\"@id\":\"https:\/\/militares.estrategia.com\/portal\/noticias\/fuzileiros-navais-verificacao-de-dados-biograficos\/\"},\"wordCount\":318,\"publisher\":{\"@id\":\"https:\/\/militares.estrategia.com\/portal\/#organization\"},\"image\":{\"@id\":\"https:\/\/militares.estrategia.com\/portal\/noticias\/fuzileiros-navais-verificacao-de-dados-biograficos\/#primaryimage\"},\"thumbnailUrl\":\"https:\/\/militares.estrategia.com\/portal\/wp-content\/uploads\/2021\/07\/fuzileiro-naval.jpg\",\"keywords\":[\"#concursofuzileironaval\",\"#fuzileironaval\",\"#fuzileironaval2022\",\"carreiramilitar\"],\"articleSection\":[\"Not\u00edcias\"],\"inLanguage\":\"pt-BR\"},{\"@type\":\"WebPage\",\"@id\":\"https:\/\/militares.estrategia.com\/portal\/noticias\/fuzileiros-navais-verificacao-de-dados-biograficos\/\",\"url\":\"https:\/\/militares.estrategia.com\/portal\/noticias\/fuzileiros-navais-verificacao-de-dados-biograficos\/\",\"name\":\"FN 2022.1: divulgados aprovados na Verifica\u00e7\u00e3o de Dados Biogr\u00e1ficos\",\"isPartOf\":{\"@id\":\"https:\/\/militares.estrategia.com\/portal\/#website\"},\"primaryImageOfPage\":{\"@id\":\"https:\/\/militares.estrategia.com\/portal\/noticias\/fuzileiros-navais-verificacao-de-dados-biograficos\/#primaryimage\"},\"image\":{\"@id\":\"https:\/\/militares.estrategia.com\/portal\/noticias\/fuzileiros-navais-verificacao-de-dados-biograficos\/#primaryimage\"},\"thumbnailUrl\":\"https:\/\/militares.estrategia.com\/portal\/wp-content\/uploads\/2021\/07\/fuzileiro-naval.jpg\",\"datePublished\":\"2021-12-07T18:27:49+00:00\",\"dateModified\":\"2023-02-06T11:22:40+00:00\",\"description\":\"O Comando do Pessoal do Corpo de Fuzileiros Navais divulgou a lista dos aprovados na verifica\u00e7\u00e3o de dados biogr\u00e1ficos para a turma I\/2022.\",\"breadcrumb\":{\"@id\":\"https:\/\/militares.estrategia.com\/portal\/noticias\/fuzileiros-navais-verificacao-de-dados-biograficos\/#breadcrumb\"},\"inLanguage\":\"pt-BR\",\"potentialAction\":[{\"@type\":\"ReadAction\",\"target\":[\"https:\/\/militares.estrategia.com\/portal\/noticias\/fuzileiros-navais-verificacao-de-dados-biograficos\/\"]}]},{\"@type\":\"ImageObject\",\"inLanguage\":\"pt-BR\",\"@id\":\"https:\/\/militares.estrategia.com\/portal\/noticias\/fuzileiros-navais-verificacao-de-dados-biograficos\/#primaryimage\",\"url\":\"https:\/\/militares.estrategia.com\/portal\/wp-content\/uploads\/2021\/07\/fuzileiro-naval.jpg\",\"contentUrl\":\"https:\/\/militares.estrategia.com\/portal\/wp-content\/uploads\/2021\/07\/fuzileiro-naval.jpg\",\"width\":750,\"height\":420,\"caption\":\"Fuzileiro Naval\"},{\"@type\":\"BreadcrumbList\",\"@id\":\"https:\/\/militares.estrategia.com\/portal\/noticias\/fuzileiros-navais-verificacao-de-dados-biograficos\/#breadcrumb\",\"itemListElement\":[{\"@type\":\"ListItem\",\"position\":1,\"name\":\"Home\",\"item\":\"https:\/\/militares.estrategia.com\/portal\/\"},{\"@type\":\"ListItem\",\"position\":2,\"name\":\"Not\u00edcias\",\"item\":\"https:\/\/militares.estrategia.com\/portal\/noticias\/\"},{\"@type\":\"ListItem\",\"position\":3,\"name\":\"FN 2022.1: divulgados aprovados na Verifica\u00e7\u00e3o de Dados Biogr\u00e1ficos\"}]},{\"@type\":\"WebSite\",\"@id\":\"https:\/\/militares.estrategia.com\/portal\/#website\",\"url\":\"https:\/\/militares.estrategia.com\/portal\/\",\"name\":\"Estrat\u00e9gia Militares\",\"description\":\"\",\"publisher\":{\"@id\":\"https:\/\/militares.estrategia.com\/portal\/#organization\"},\"potentialAction\":[{\"@type\":\"SearchAction\",\"target\":{\"@type\":\"EntryPoint\",\"urlTemplate\":\"https:\/\/militares.estrategia.com\/portal\/?s={search_term_string}\"},\"query-input\":{\"@type\":\"PropertyValueSpecification\",\"valueRequired\":true,\"valueName\":\"search_term_string\"}}],\"inLanguage\":\"pt-BR\"},{\"@type\":\"Organization\",\"@id\":\"https:\/\/militares.estrategia.com\/portal\/#organization\",\"name\":\"Estrat\u00e9gia Militares\",\"url\":\"https:\/\/militares.estrategia.com\/portal\/\",\"logo\":{\"@type\":\"ImageObject\",\"inLanguage\":\"pt-BR\",\"@id\":\"https:\/\/militares.estrategia.com\/portal\/#\/schema\/logo\/image\/\",\"url\":\"https:\/\/militares.estrategia.com\/portal\/wp-content\/uploads\/2021\/10\/logo-militares.webp\",\"contentUrl\":\"https:\/\/militares.estrategia.com\/portal\/wp-content\/uploads\/2021\/10\/logo-militares.webp\",\"width\":346,\"height\":90,\"caption\":\"Estrat\u00e9gia Militares\"},\"image\":{\"@id\":\"https:\/\/militares.estrategia.com\/portal\/#\/schema\/logo\/image\/\"},\"sameAs\":[\"https:\/\/www.facebook.com\/EstrategiaMilitares\",\"https:\/\/x.com\/estrategiamilit\",\"https:\/\/www.instagram.com\/estrategiamilitares\/\",\"https:\/\/www.youtube.com\/channel\/UCRG_9hakCqXxnj_8TqCdgTA\"]},{\"@type\":\"Person\",\"@id\":\"https:\/\/militares.estrategia.com\/portal\/#\/schema\/person\/5cfd387108cd0cdefab7eea7a9735dcc\",\"name\":\"Vanesca Soares\",\"image\":{\"@type\":\"ImageObject\",\"inLanguage\":\"pt-BR\",\"@id\":\"https:\/\/militares.estrategia.com\/portal\/#\/schema\/person\/image\/\",\"url\":\"https:\/\/militares.estrategia.com\/portal\/wp-content\/uploads\/2021\/10\/FB_IMG_1634215702135-150x150.webp\",\"contentUrl\":\"https:\/\/militares.estrategia.com\/portal\/wp-content\/uploads\/2021\/10\/FB_IMG_1634215702135-150x150.webp\",\"caption\":\"Vanesca Soares\"},\"description\":\"Vanesca Soares foi Primeiro Tenente da Marinha do Brasil. Jornalista de forma\u00e7\u00e3o, ama todas as artes, principalmente a Literatura e o Cinema. Capaz de ficar em casa lendo um bom livro ao inv\u00e9s de ir para a balada, entende que ler \u00e9 uma grande viagem. Ama filmes hist\u00f3ricos, biografias, drama, thrillers, terror e tudo sobre os anos 1980. Principalmente a m\u00fasica!\",\"url\":\"https:\/\/militares.estrategia.com\/portal\/author\/vanesca-soares\/\"}]}<\/script>\n<!-- \/ Yoast SEO Premium plugin. -->","yoast_head_json":{"title":"FN 2022.1: divulgados aprovados na Verifica\u00e7\u00e3o de Dados Biogr\u00e1ficos","description":"O Comando do Pessoal do Corpo de Fuzileiros Navais divulgou a lista dos aprovados na verifica\u00e7\u00e3o de dados biogr\u00e1ficos para a turma I\/2022.","robots":{"index":"index","follow":"follow","max-snippet":"max-snippet:-1","max-image-preview":"max-image-preview:large","max-video-preview":"max-video-preview:-1"},"canonical":"https:\/\/militares.estrategia.com\/portal\/noticias\/fuzileiros-navais-verificacao-de-dados-biograficos\/","og_locale":"pt_BR","og_type":"article","og_title":"FN 2022.1: divulgados aprovados na Verifica\u00e7\u00e3o de Dados Biogr\u00e1ficos","og_description":"O Comando do Pessoal do Corpo de Fuzileiros Navais divulgou a lista dos aprovados na verifica\u00e7\u00e3o de dados biogr\u00e1ficos para a turma I\/2022.","og_url":"https:\/\/militares.estrategia.com\/portal\/noticias\/fuzileiros-navais-verificacao-de-dados-biograficos\/","og_site_name":"Estrat\u00e9gia Militares","article_publisher":"https:\/\/www.facebook.com\/EstrategiaMilitares","article_published_time":"2021-12-07T18:27:49+00:00","article_modified_time":"2023-02-06T11:22:40+00:00","og_image":[{"width":750,"height":420,"url":"https:\/\/cdn.blog.estrategiavestibulares.com.br\/vestibulares\/wp-content\/uploads\/2021\/07\/fuzileiro-naval.jpg","type":"image\/jpeg"}],"author":"Vanesca Soares","twitter_card":"summary_large_image","twitter_creator":"@estrategiamilit","twitter_site":"@estrategiamilit","twitter_misc":{"Escrito por":"Vanesca Soares","Est. tempo de leitura":"2 minutos"},"schema":{"@context":"https:\/\/schema.org","@graph":[{"@type":"Article","@id":"https:\/\/militares.estrategia.com\/portal\/noticias\/fuzileiros-navais-verificacao-de-dados-biograficos\/#article","isPartOf":{"@id":"https:\/\/militares.estrategia.com\/portal\/noticias\/fuzileiros-navais-verificacao-de-dados-biograficos\/"},"author":{"name":"Vanesca Soares","@id":"https:\/\/militares.estrategia.com\/portal\/#\/schema\/person\/5cfd387108cd0cdefab7eea7a9735dcc"},"headline":"FN 2022.1: divulgados aprovados na Verifica\u00e7\u00e3o de Dados Biogr\u00e1ficos","datePublished":"2021-12-07T18:27:49+00:00","dateModified":"2023-02-06T11:22:40+00:00","mainEntityOfPage":{"@id":"https:\/\/militares.estrategia.com\/portal\/noticias\/fuzileiros-navais-verificacao-de-dados-biograficos\/"},"wordCount":318,"publisher":{"@id":"https:\/\/militares.estrategia.com\/portal\/#organization"},"image":{"@id":"https:\/\/militares.estrategia.com\/portal\/noticias\/fuzileiros-navais-verificacao-de-dados-biograficos\/#primaryimage"},"thumbnailUrl":"https:\/\/militares.estrategia.com\/portal\/wp-content\/uploads\/2021\/07\/fuzileiro-naval.jpg","keywords":["#concursofuzileironaval","#fuzileironaval","#fuzileironaval2022","carreiramilitar"],"articleSection":["Not\u00edcias"],"inLanguage":"pt-BR"},{"@type":"WebPage","@id":"https:\/\/militares.estrategia.com\/portal\/noticias\/fuzileiros-navais-verificacao-de-dados-biograficos\/","url":"https:\/\/militares.estrategia.com\/portal\/noticias\/fuzileiros-navais-verificacao-de-dados-biograficos\/","name":"FN 2022.1: divulgados aprovados na Verifica\u00e7\u00e3o de Dados Biogr\u00e1ficos","isPartOf":{"@id":"https:\/\/militares.estrategia.com\/portal\/#website"},"primaryImageOfPage":{"@id":"https:\/\/militares.estrategia.com\/portal\/noticias\/fuzileiros-navais-verificacao-de-dados-biograficos\/#primaryimage"},"image":{"@id":"https:\/\/militares.estrategia.com\/portal\/noticias\/fuzileiros-navais-verificacao-de-dados-biograficos\/#primaryimage"},"thumbnailUrl":"https:\/\/militares.estrategia.com\/portal\/wp-content\/uploads\/2021\/07\/fuzileiro-naval.jpg","datePublished":"2021-12-07T18:27:49+00:00","dateModified":"2023-02-06T11:22:40+00:00","description":"O Comando do Pessoal do Corpo de Fuzileiros Navais divulgou a lista dos aprovados na verifica\u00e7\u00e3o de dados biogr\u00e1ficos para a turma I\/2022.","breadcrumb":{"@id":"https:\/\/militares.estrategia.com\/portal\/noticias\/fuzileiros-navais-verificacao-de-dados-biograficos\/#breadcrumb"},"inLanguage":"pt-BR","potentialAction":[{"@type":"ReadAction","target":["https:\/\/militares.estrategia.com\/portal\/noticias\/fuzileiros-navais-verificacao-de-dados-biograficos\/"]}]},{"@type":"ImageObject","inLanguage":"pt-BR","@id":"https:\/\/militares.estrategia.com\/portal\/noticias\/fuzileiros-navais-verificacao-de-dados-biograficos\/#primaryimage","url":"https:\/\/militares.estrategia.com\/portal\/wp-content\/uploads\/2021\/07\/fuzileiro-naval.jpg","contentUrl":"https:\/\/militares.estrategia.com\/portal\/wp-content\/uploads\/2021\/07\/fuzileiro-naval.jpg","width":750,"height":420,"caption":"Fuzileiro Naval"},{"@type":"BreadcrumbList","@id":"https:\/\/militares.estrategia.com\/portal\/noticias\/fuzileiros-navais-verificacao-de-dados-biograficos\/#breadcrumb","itemListElement":[{"@type":"ListItem","position":1,"name":"Home","item":"https:\/\/militares.estrategia.com\/portal\/"},{"@type":"ListItem","position":2,"name":"Not\u00edcias","item":"https:\/\/militares.estrategia.com\/portal\/noticias\/"},{"@type":"ListItem","position":3,"name":"FN 2022.1: divulgados aprovados na Verifica\u00e7\u00e3o de Dados Biogr\u00e1ficos"}]},{"@type":"WebSite","@id":"https:\/\/militares.estrategia.com\/portal\/#website","url":"https:\/\/militares.estrategia.com\/portal\/","name":"Estrat\u00e9gia Militares","description":"","publisher":{"@id":"https:\/\/militares.estrategia.com\/portal\/#organization"},"potentialAction":[{"@type":"SearchAction","target":{"@type":"EntryPoint","urlTemplate":"https:\/\/militares.estrategia.com\/portal\/?s={search_term_string}"},"query-input":{"@type":"PropertyValueSpecification","valueRequired":true,"valueName":"search_term_string"}}],"inLanguage":"pt-BR"},{"@type":"Organization","@id":"https:\/\/militares.estrategia.com\/portal\/#organization","name":"Estrat\u00e9gia Militares","url":"https:\/\/militares.estrategia.com\/portal\/","logo":{"@type":"ImageObject","inLanguage":"pt-BR","@id":"https:\/\/militares.estrategia.com\/portal\/#\/schema\/logo\/image\/","url":"https:\/\/militares.estrategia.com\/portal\/wp-content\/uploads\/2021\/10\/logo-militares.webp","contentUrl":"https:\/\/militares.estrategia.com\/portal\/wp-content\/uploads\/2021\/10\/logo-militares.webp","width":346,"height":90,"caption":"Estrat\u00e9gia Militares"},"image":{"@id":"https:\/\/militares.estrategia.com\/portal\/#\/schema\/logo\/image\/"},"sameAs":["https:\/\/www.facebook.com\/EstrategiaMilitares","https:\/\/x.com\/estrategiamilit","https:\/\/www.instagram.com\/estrategiamilitares\/","https:\/\/www.youtube.com\/channel\/UCRG_9hakCqXxnj_8TqCdgTA"]},{"@type":"Person","@id":"https:\/\/militares.estrategia.com\/portal\/#\/schema\/person\/5cfd387108cd0cdefab7eea7a9735dcc","name":"Vanesca Soares","image":{"@type":"ImageObject","inLanguage":"pt-BR","@id":"https:\/\/militares.estrategia.com\/portal\/#\/schema\/person\/image\/","url":"https:\/\/militares.estrategia.com\/portal\/wp-content\/uploads\/2021\/10\/FB_IMG_1634215702135-150x150.webp","contentUrl":"https:\/\/militares.estrategia.com\/portal\/wp-content\/uploads\/2021\/10\/FB_IMG_1634215702135-150x150.webp","caption":"Vanesca Soares"},"description":"Vanesca Soares foi Primeiro Tenente da Marinha do Brasil. Jornalista de forma\u00e7\u00e3o, ama todas as artes, principalmente a Literatura e o Cinema. Capaz de ficar em casa lendo um bom livro ao inv\u00e9s de ir para a balada, entende que ler \u00e9 uma grande viagem. Ama filmes hist\u00f3ricos, biografias, drama, thrillers, terror e tudo sobre os anos 1980. Principalmente a m\u00fasica!","url":"https:\/\/militares.estrategia.com\/portal\/author\/vanesca-soares\/"}]}},"_wl_alt_label":[],"wl:entity_url":"https:\/\/data.wordlift.io\/wl110246\/post\/fn_2022-1__divulgados_aprovados_na_verificacao_de_dados_biograficos","_links":{"self":[{"href":"https:\/\/militares.estrategia.com\/portal\/wp-json\/wp\/v2\/posts\/50096","targetHints":{"allow":["GET"]}}],"collection":[{"href":"https:\/\/militares.estrategia.com\/portal\/wp-json\/wp\/v2\/posts"}],"about":[{"href":"https:\/\/militares.estrategia.com\/portal\/wp-json\/wp\/v2\/types\/post"}],"author":[{"embeddable":true,"href":"https:\/\/militares.estrategia.com\/portal\/wp-json\/wp\/v2\/users\/58"}],"replies":[{"embeddable":true,"href":"https:\/\/militares.estrategia.com\/portal\/wp-json\/wp\/v2\/comments?post=50096"}],"version-history":[{"count":12,"href":"https:\/\/militares.estrategia.com\/portal\/wp-json\/wp\/v2\/posts\/50096\/revisions"}],"predecessor-version":[{"id":63884,"href":"https:\/\/militares.estrategia.com\/portal\/wp-json\/wp\/v2\/posts\/50096\/revisions\/63884"}],"wp:featuredmedia":[{"embeddable":true,"href":"https:\/\/militares.estrategia.com\/portal\/wp-json\/wp\/v2\/media\/45948"}],"wp:attachment":[{"href":"https:\/\/militares.estrategia.com\/portal\/wp-json\/wp\/v2\/media?parent=50096"}],"wp:term":[{"taxonomy":"category","embeddable":true,"href":"https:\/\/militares.estrategia.com\/portal\/wp-json\/wp\/v2\/categories?post=50096"},{"taxonomy":"post_tag","embeddable":true,"href":"https:\/\/militares.estrategia.com\/portal\/wp-json\/wp\/v2\/tags?post=50096"},{"taxonomy":"wl_entity_type","embeddable":true,"href":"https:\/\/militares.estrategia.com\/portal\/wp-json\/wp\/v2\/wl_entity_type?post=50096"}],"curies":[{"name":"wp","href":"https:\/\/api.w.org\/{rel}","templated":true}]}}