{"id":49591,"date":"2021-11-26T09:25:33","date_gmt":"2021-11-26T12:25:33","guid":{"rendered":"https:\/\/blog.estrategiamilitares.com.br\/?p=49591"},"modified":"2022-08-03T17:07:05","modified_gmt":"2022-08-03T20:07:05","slug":"espcex-divulga-lista-dos-candidatos-aprovados-no-exame-intelectual","status":"publish","type":"post","link":"https:\/\/militares.estrategia.com\/portal\/noticias\/espcex-divulga-lista-dos-candidatos-aprovados-no-exame-intelectual\/","title":{"rendered":"EsPCEx divulga lista dos candidatos aprovados no exame intelectual"},"content":{"rendered":"\n<p>A <strong>Escola Preparat\u00f3ria dos Cadetes do Ex\u00e9rcito<\/strong> divulgou nesta sexta-feira, 26 de novembro, a <strong>lista de classificados para o concurso <a href=\"https:\/\/militares.estrategia.com\/portal\/guias\/exercito\/concurso-espcex\/\" target=\"_blank\" >EsPCEx 2022<\/a><\/strong>. O concurso abriu <strong>440 vagas<\/strong> com n\u00edvel de escolaridade de Ensino M\u00e9dio, <strong>para ambos os sexos<\/strong>.<\/p>\n\n\n\n<figure class=\"wp-block-image size-full\"><img decoding=\"async\" width=\"750\" height=\"420\" src=\"https:\/\/militares.estrategia.com\/portal\/wp-content\/uploads\/2021\/09\/EM_Capa_Blog06_-1.jpg\" alt=\"espcex\" class=\"wp-image-47691\" srcset=\"https:\/\/militares.estrategia.com\/portal\/wp-content\/uploads\/2021\/09\/EM_Capa_Blog06_-1.jpg 750w, https:\/\/militares.estrategia.com\/portal\/wp-content\/uploads\/2021\/09\/EM_Capa_Blog06_-1-300x168.webp 300w, https:\/\/militares.estrategia.com\/portal\/wp-content\/uploads\/2021\/09\/EM_Capa_Blog06_-1-380x213.webp 380w\" sizes=\"(max-width: 750px) 100vw, 750px\" \/><\/figure>\n\n\n\n<p>Confira as listas nos bot\u00f5es abaixo:<\/p>\n\n\n\n<div class=\"wp-block-buttons is-content-justification-center is-layout-flex wp-block-buttons-is-layout-flex\">\n<div class=\"wp-block-button is-style-outline is-style-outline--1\"><a class=\"wp-block-button__link has-black-color has-electric-grass-gradient-background has-text-color has-background\" href=\"https:\/\/militares.estrategia.com\/portal\/wp-content\/uploads\/2021\/11\/RESULTADO-CONCURSO-2021-PUBLICADO-SITE.pdf\" target=\"_blank\" >Lista dos candidatos aprovados no exame intelectual<\/a><\/div>\n\n\n\n<div class=\"wp-block-button is-style-outline is-style-outline--2\"><a class=\"wp-block-button__link has-black-color has-electric-grass-gradient-background has-text-color has-background\" href=\"https:\/\/militares.estrategia.com\/portal\/wp-content\/uploads\/2021\/11\/LISTA_CONVOCADOS_PRIMEIRA_DATA_25_JAN_22.pdf\" target=\"_blank\" >Lista de candidatos convocados&nbsp;para a primeira data de apresenta\u00e7\u00e3o<\/a><\/div>\n\n\n\n<div class=\"wp-block-button is-style-outline is-style-outline--3\"><a class=\"wp-block-button__link has-black-color has-electric-grass-gradient-background has-text-color has-background\" href=\"https:\/\/militares.estrategia.com\/portal\/wp-content\/uploads\/2021\/11\/LISTA_CONVOCADOS_SEGUNDA_DATA_26_JAN_22.pdf\" target=\"_blank\" >Lista de candidatos convocados&nbsp;para a segunda data de apresenta\u00e7\u00e3o<\/a><\/div>\n<\/div>\n\n\n\n<p>A <strong>1a fase do Concurso EsPCEx foi realizada nos dias 25 e 26 de setembro<\/strong>. No <strong>primeiro dia<\/strong>, os candidatos precisaram responder <strong>quest\u00f5es de Portugu\u00eas, F\u00edsica e Qu\u00edmica, al\u00e9m de escrever uma Reda\u00e7\u00e3o<\/strong>.<\/p>\n\n\n\n<p>No <strong>segundo dia<\/strong>, foram respondidas quest\u00f5es de <strong>Matem\u00e1tica, Geografia, Hist\u00f3ria e Ingl\u00eas<\/strong>. As provas foram separadas por modelos de A a C no primeiro dia e de D a F no segundo.<\/p>\n\n\n\n<p>Os professores do Estrat\u00e9gia Militares fizeram a <strong>corre\u00e7\u00e3o ao vivo das provas da EsPCEx 2022<\/strong> nos dias em que o concurso ocorreu. Veja o v\u00eddeo no canal do YouTube.<\/p>\n\n\n\n<figure class=\"wp-block-embed is-type-video is-provider-youtube wp-block-embed-youtube wp-embed-aspect-16-9 wp-has-aspect-ratio\"><div class=\"wp-block-embed__wrapper\">\n<div class=\"cs-embed cs-embed-responsive\"><iframe title=\"Gabarito EsPCEx 2022 - 1\u00ba dia: corre\u00e7\u00e3o de prova ao vivo\" width=\"1200\" height=\"675\" src=\"https:\/\/www.youtube.com\/embed\/tDz1LflqdFs?feature=oembed\" frameborder=\"0\" allow=\"accelerometer; autoplay; clipboard-write; encrypted-media; gyroscope; picture-in-picture\" allowfullscreen><\/iframe><\/div>\n<\/div><\/figure>\n\n\n\n<p>As <strong>pr\u00f3ximas fases<\/strong> do concurso come\u00e7am no dia <strong>26 de janeiro de 2022<\/strong>. Haver\u00e1 o <strong>Exame de Aptid\u00e3o F\u00edsica, a Inspe\u00e7\u00e3o de Sa\u00fade e a Avalia\u00e7\u00e3o Psicol\u00f3gica<\/strong>.<\/p>\n\n\n\n<p>Somente ap\u00f3s essas etapas o candidato realmente ingressar\u00e1 no <strong>curso, que tem dura\u00e7\u00e3o de cinco anos<\/strong>. Ap\u00f3s a forma\u00e7\u00e3o, o aluno se tornar\u00e1 <strong>Aspirante a Oficial do Ex\u00e9rcito Brasileiro.<\/strong><\/p>\n\n\n\n<p>Voc\u00ea deseja estudar para ingressar em uma carreira militar? Ent\u00e3o aproveite nossos descontos de Black Friday. Clique no banner e saiba mais sobre as promo\u00e7\u00f5es.<\/p>\n\n\n\n<p><\/p>\n\n\n\n<p><\/p>\n\n\n\n\n\n<h2 class=\"wp-block-heading\" id=\"h-veja-tambem\">Veja tamb\u00e9m:<\/h2>\n\n\n\n<ul class=\"wp-block-list\"><li><a href=\"EsPCEx: como funciona, carreira, sal\u00e1rios e mais!\n\">EsPCEx: como funciona, carreira, sal\u00e1rios e mais!<\/a><\/li><li><a href=\"https:\/\/militares.estrategia.com\/portal\/noticias\/espcex-divulga-retificacao-no-edital\/\">EsPCEx: Confira o novo calend\u00e1rio anual do Concurso;<\/a><\/li><li><a href=\"https:\/\/militares.estrategia.com\/portal\/mundo-militar\/entenda-o-que-e-soldo-militar\/\">Quanto ganha um militar: entenda o que \u00e9 soldo;<\/a><\/li><li><a href=\"https:\/\/militares.estrategia.com\/portal\/carreiras-militares\/espcex-como-e-a-carreira-do-oficial\/\">Concurso EsPCEx: \u00faltimas not\u00edcias;<\/a><\/li><li><a href=\"https:\/\/militares.estrategia.com\/portal\/escolas-militares\/exercito\/esa\/esa-escola-de-sargento-das-armas\/\">ESA, a Escola de Sargento das Armas: como entrar, concurso e mais!<\/a><\/li><li><a href=\"https:\/\/militares.estrategia.com\/portal\/carreiras-militares\/cursos-do-exercito-por-biomas-selva-caatinga-e-pantanal\/\">Cursos do Ex\u00e9rcito por biomas: selva, caatinga e pantanal;<\/a><\/li><li><a href=\"https:\/\/militares.estrategia.com\/portal\/carreiras-militares\/combate-militar-na-caatinga\/\">Combate Militar na Caatinga;<\/a><\/li><li><a href=\"https:\/\/militares.estrategia.com\/portal\/carreiras-militares\/pqd-exercito-brasileiro\/\">PQD Ex\u00e9rcito Brasileiro;<\/a><\/li><li><a href=\"https:\/\/militares.estrategia.com\/portal\/carreiras-militares\/curso-de-engenharia-do-exercito\/\">Curso de engenharia do Ex\u00e9rcito: conhe\u00e7a a carreira na AMAN e na ESA<\/a>.<\/li><\/ul>\n\n\n","protected":false},"excerpt":{"rendered":"A Escola Preparat\u00f3ria dos Cadetes do Ex\u00e9rcito divulgou nesta sexta-feira, 26 de novembro, a lista de classificados para&hellip;\n","protected":false},"author":18,"featured_media":47691,"comment_status":"closed","ping_status":"closed","sticky":false,"template":"","format":"standard","meta":{"wl_entities_gutenberg":"","footnotes":""},"categories":[36],"tags":[],"wl_entity_type":[187],"class_list":{"0":"post-49591","1":"post","2":"type-post","3":"status-publish","4":"format-standard","5":"has-post-thumbnail","7":"category-noticias","8":"wl_entity_type-article"},"acf":[],"yoast_head":"<!-- This site is optimized with the Yoast SEO Premium plugin v26.6 (Yoast SEO v26.6) - https:\/\/yoast.com\/wordpress\/plugins\/seo\/ -->\n<title>EsPCEx divulga lista de aprovados - Estrat\u00e9gia Militares<\/title>\n<meta name=\"description\" content=\"A EsPCEx divulgou nesta sexta-feira, 26 de novembro, a lista de classificados para o concurso EsPCEx 2022.\" \/>\n<meta name=\"robots\" content=\"index, follow, max-snippet:-1, max-image-preview:large, max-video-preview:-1\" \/>\n<link rel=\"canonical\" href=\"https:\/\/militares.estrategia.com\/portal\/noticias\/espcex-divulga-lista-dos-candidatos-aprovados-no-exame-intelectual\/\" \/>\n<meta property=\"og:locale\" content=\"pt_BR\" \/>\n<meta property=\"og:type\" content=\"article\" \/>\n<meta property=\"og:title\" content=\"EsPCEx divulga lista dos candidatos aprovados no exame intelectual\" \/>\n<meta property=\"og:description\" content=\"A EsPCEx divulgou nesta sexta-feira, 26 de novembro, a lista de classificados para o concurso EsPCEx 2022.\" \/>\n<meta property=\"og:url\" content=\"https:\/\/militares.estrategia.com\/portal\/noticias\/espcex-divulga-lista-dos-candidatos-aprovados-no-exame-intelectual\/\" \/>\n<meta property=\"og:site_name\" content=\"Estrat\u00e9gia Militares\" \/>\n<meta property=\"article:publisher\" content=\"https:\/\/www.facebook.com\/EstrategiaMilitares\" \/>\n<meta property=\"article:published_time\" content=\"2021-11-26T12:25:33+00:00\" \/>\n<meta property=\"article:modified_time\" content=\"2022-08-03T20:07:05+00:00\" \/>\n<meta property=\"og:image\" content=\"https:\/\/cdn.blog.estrategiavestibulares.com.br\/vestibulares\/wp-content\/uploads\/2021\/09\/EM_Capa_Blog06_-1.jpg\" \/>\n\t<meta property=\"og:image:width\" content=\"750\" \/>\n\t<meta property=\"og:image:height\" content=\"420\" \/>\n\t<meta property=\"og:image:type\" content=\"image\/jpeg\" \/>\n<meta name=\"author\" content=\"Pedro Alcantara\" \/>\n<meta name=\"twitter:card\" content=\"summary_large_image\" \/>\n<meta name=\"twitter:creator\" content=\"@estrategiamilit\" \/>\n<meta name=\"twitter:site\" content=\"@estrategiamilit\" \/>\n<meta name=\"twitter:label1\" content=\"Escrito por\" \/>\n\t<meta name=\"twitter:data1\" content=\"Pedro Alcantara\" \/>\n\t<meta name=\"twitter:label2\" content=\"Est. tempo de leitura\" \/>\n\t<meta name=\"twitter:data2\" content=\"2 minutos\" \/>\n<script type=\"application\/ld+json\" class=\"yoast-schema-graph\">{\"@context\":\"https:\/\/schema.org\",\"@graph\":[{\"@type\":\"Article\",\"@id\":\"https:\/\/militares.estrategia.com\/portal\/noticias\/espcex-divulga-lista-dos-candidatos-aprovados-no-exame-intelectual\/#article\",\"isPartOf\":{\"@id\":\"https:\/\/militares.estrategia.com\/portal\/noticias\/espcex-divulga-lista-dos-candidatos-aprovados-no-exame-intelectual\/\"},\"author\":{\"name\":\"Pedro Alcantara\",\"@id\":\"https:\/\/militares.estrategia.com\/portal\/#\/schema\/person\/d52a8bb9d3a4693ffcfbe862dc250f79\"},\"headline\":\"EsPCEx divulga lista dos candidatos aprovados no exame intelectual\",\"datePublished\":\"2021-11-26T12:25:33+00:00\",\"dateModified\":\"2022-08-03T20:07:05+00:00\",\"mainEntityOfPage\":{\"@id\":\"https:\/\/militares.estrategia.com\/portal\/noticias\/espcex-divulga-lista-dos-candidatos-aprovados-no-exame-intelectual\/\"},\"wordCount\":367,\"publisher\":{\"@id\":\"https:\/\/militares.estrategia.com\/portal\/#organization\"},\"image\":{\"@id\":\"https:\/\/militares.estrategia.com\/portal\/noticias\/espcex-divulga-lista-dos-candidatos-aprovados-no-exame-intelectual\/#primaryimage\"},\"thumbnailUrl\":\"https:\/\/militares.estrategia.com\/portal\/wp-content\/uploads\/2021\/09\/EM_Capa_Blog06_-1.jpg\",\"articleSection\":[\"Not\u00edcias\"],\"inLanguage\":\"pt-BR\"},{\"@type\":\"WebPage\",\"@id\":\"https:\/\/militares.estrategia.com\/portal\/noticias\/espcex-divulga-lista-dos-candidatos-aprovados-no-exame-intelectual\/\",\"url\":\"https:\/\/militares.estrategia.com\/portal\/noticias\/espcex-divulga-lista-dos-candidatos-aprovados-no-exame-intelectual\/\",\"name\":\"EsPCEx divulga lista de aprovados - Estrat\u00e9gia Militares\",\"isPartOf\":{\"@id\":\"https:\/\/militares.estrategia.com\/portal\/#website\"},\"primaryImageOfPage\":{\"@id\":\"https:\/\/militares.estrategia.com\/portal\/noticias\/espcex-divulga-lista-dos-candidatos-aprovados-no-exame-intelectual\/#primaryimage\"},\"image\":{\"@id\":\"https:\/\/militares.estrategia.com\/portal\/noticias\/espcex-divulga-lista-dos-candidatos-aprovados-no-exame-intelectual\/#primaryimage\"},\"thumbnailUrl\":\"https:\/\/militares.estrategia.com\/portal\/wp-content\/uploads\/2021\/09\/EM_Capa_Blog06_-1.jpg\",\"datePublished\":\"2021-11-26T12:25:33+00:00\",\"dateModified\":\"2022-08-03T20:07:05+00:00\",\"description\":\"A EsPCEx divulgou nesta sexta-feira, 26 de novembro, a lista de classificados para o concurso EsPCEx 2022.\",\"breadcrumb\":{\"@id\":\"https:\/\/militares.estrategia.com\/portal\/noticias\/espcex-divulga-lista-dos-candidatos-aprovados-no-exame-intelectual\/#breadcrumb\"},\"inLanguage\":\"pt-BR\",\"potentialAction\":[{\"@type\":\"ReadAction\",\"target\":[\"https:\/\/militares.estrategia.com\/portal\/noticias\/espcex-divulga-lista-dos-candidatos-aprovados-no-exame-intelectual\/\"]}]},{\"@type\":\"ImageObject\",\"inLanguage\":\"pt-BR\",\"@id\":\"https:\/\/militares.estrategia.com\/portal\/noticias\/espcex-divulga-lista-dos-candidatos-aprovados-no-exame-intelectual\/#primaryimage\",\"url\":\"https:\/\/militares.estrategia.com\/portal\/wp-content\/uploads\/2021\/09\/EM_Capa_Blog06_-1.jpg\",\"contentUrl\":\"https:\/\/militares.estrategia.com\/portal\/wp-content\/uploads\/2021\/09\/EM_Capa_Blog06_-1.jpg\",\"width\":750,\"height\":420,\"caption\":\"espcex\"},{\"@type\":\"BreadcrumbList\",\"@id\":\"https:\/\/militares.estrategia.com\/portal\/noticias\/espcex-divulga-lista-dos-candidatos-aprovados-no-exame-intelectual\/#breadcrumb\",\"itemListElement\":[{\"@type\":\"ListItem\",\"position\":1,\"name\":\"Home\",\"item\":\"https:\/\/militares.estrategia.com\/portal\/\"},{\"@type\":\"ListItem\",\"position\":2,\"name\":\"Not\u00edcias\",\"item\":\"https:\/\/militares.estrategia.com\/portal\/noticias\/\"},{\"@type\":\"ListItem\",\"position\":3,\"name\":\"EsPCEx divulga lista dos candidatos aprovados no exame intelectual\"}]},{\"@type\":\"WebSite\",\"@id\":\"https:\/\/militares.estrategia.com\/portal\/#website\",\"url\":\"https:\/\/militares.estrategia.com\/portal\/\",\"name\":\"Estrat\u00e9gia Militares\",\"description\":\"\",\"publisher\":{\"@id\":\"https:\/\/militares.estrategia.com\/portal\/#organization\"},\"potentialAction\":[{\"@type\":\"SearchAction\",\"target\":{\"@type\":\"EntryPoint\",\"urlTemplate\":\"https:\/\/militares.estrategia.com\/portal\/?s={search_term_string}\"},\"query-input\":{\"@type\":\"PropertyValueSpecification\",\"valueRequired\":true,\"valueName\":\"search_term_string\"}}],\"inLanguage\":\"pt-BR\"},{\"@type\":\"Organization\",\"@id\":\"https:\/\/militares.estrategia.com\/portal\/#organization\",\"name\":\"Estrat\u00e9gia Militares\",\"url\":\"https:\/\/militares.estrategia.com\/portal\/\",\"logo\":{\"@type\":\"ImageObject\",\"inLanguage\":\"pt-BR\",\"@id\":\"https:\/\/militares.estrategia.com\/portal\/#\/schema\/logo\/image\/\",\"url\":\"https:\/\/militares.estrategia.com\/portal\/wp-content\/uploads\/2021\/10\/logo-militares.webp\",\"contentUrl\":\"https:\/\/militares.estrategia.com\/portal\/wp-content\/uploads\/2021\/10\/logo-militares.webp\",\"width\":346,\"height\":90,\"caption\":\"Estrat\u00e9gia Militares\"},\"image\":{\"@id\":\"https:\/\/militares.estrategia.com\/portal\/#\/schema\/logo\/image\/\"},\"sameAs\":[\"https:\/\/www.facebook.com\/EstrategiaMilitares\",\"https:\/\/x.com\/estrategiamilit\",\"https:\/\/www.instagram.com\/estrategiamilitares\/\",\"https:\/\/www.youtube.com\/channel\/UCRG_9hakCqXxnj_8TqCdgTA\"]},{\"@type\":\"Person\",\"@id\":\"https:\/\/militares.estrategia.com\/portal\/#\/schema\/person\/d52a8bb9d3a4693ffcfbe862dc250f79\",\"name\":\"Pedro Alcantara\",\"image\":{\"@type\":\"ImageObject\",\"inLanguage\":\"pt-BR\",\"@id\":\"https:\/\/militares.estrategia.com\/portal\/#\/schema\/person\/image\/\",\"url\":\"https:\/\/secure.gravatar.com\/avatar\/2ff815c569bab8558bec32641d54e1af?s=96&d=mm&r=g\",\"contentUrl\":\"https:\/\/secure.gravatar.com\/avatar\/2ff815c569bab8558bec32641d54e1af?s=96&d=mm&r=g\",\"caption\":\"Pedro Alcantara\"},\"url\":\"https:\/\/militares.estrategia.com\/portal\/author\/pedro\/\"}]}<\/script>\n<!-- \/ Yoast SEO Premium plugin. -->","yoast_head_json":{"title":"EsPCEx divulga lista de aprovados - Estrat\u00e9gia Militares","description":"A EsPCEx divulgou nesta sexta-feira, 26 de novembro, a lista de classificados para o concurso EsPCEx 2022.","robots":{"index":"index","follow":"follow","max-snippet":"max-snippet:-1","max-image-preview":"max-image-preview:large","max-video-preview":"max-video-preview:-1"},"canonical":"https:\/\/militares.estrategia.com\/portal\/noticias\/espcex-divulga-lista-dos-candidatos-aprovados-no-exame-intelectual\/","og_locale":"pt_BR","og_type":"article","og_title":"EsPCEx divulga lista dos candidatos aprovados no exame intelectual","og_description":"A EsPCEx divulgou nesta sexta-feira, 26 de novembro, a lista de classificados para o concurso EsPCEx 2022.","og_url":"https:\/\/militares.estrategia.com\/portal\/noticias\/espcex-divulga-lista-dos-candidatos-aprovados-no-exame-intelectual\/","og_site_name":"Estrat\u00e9gia Militares","article_publisher":"https:\/\/www.facebook.com\/EstrategiaMilitares","article_published_time":"2021-11-26T12:25:33+00:00","article_modified_time":"2022-08-03T20:07:05+00:00","og_image":[{"width":750,"height":420,"url":"https:\/\/cdn.blog.estrategiavestibulares.com.br\/vestibulares\/wp-content\/uploads\/2021\/09\/EM_Capa_Blog06_-1.jpg","type":"image\/jpeg"}],"author":"Pedro Alcantara","twitter_card":"summary_large_image","twitter_creator":"@estrategiamilit","twitter_site":"@estrategiamilit","twitter_misc":{"Escrito por":"Pedro Alcantara","Est. tempo de leitura":"2 minutos"},"schema":{"@context":"https:\/\/schema.org","@graph":[{"@type":"Article","@id":"https:\/\/militares.estrategia.com\/portal\/noticias\/espcex-divulga-lista-dos-candidatos-aprovados-no-exame-intelectual\/#article","isPartOf":{"@id":"https:\/\/militares.estrategia.com\/portal\/noticias\/espcex-divulga-lista-dos-candidatos-aprovados-no-exame-intelectual\/"},"author":{"name":"Pedro Alcantara","@id":"https:\/\/militares.estrategia.com\/portal\/#\/schema\/person\/d52a8bb9d3a4693ffcfbe862dc250f79"},"headline":"EsPCEx divulga lista dos candidatos aprovados no exame intelectual","datePublished":"2021-11-26T12:25:33+00:00","dateModified":"2022-08-03T20:07:05+00:00","mainEntityOfPage":{"@id":"https:\/\/militares.estrategia.com\/portal\/noticias\/espcex-divulga-lista-dos-candidatos-aprovados-no-exame-intelectual\/"},"wordCount":367,"publisher":{"@id":"https:\/\/militares.estrategia.com\/portal\/#organization"},"image":{"@id":"https:\/\/militares.estrategia.com\/portal\/noticias\/espcex-divulga-lista-dos-candidatos-aprovados-no-exame-intelectual\/#primaryimage"},"thumbnailUrl":"https:\/\/militares.estrategia.com\/portal\/wp-content\/uploads\/2021\/09\/EM_Capa_Blog06_-1.jpg","articleSection":["Not\u00edcias"],"inLanguage":"pt-BR"},{"@type":"WebPage","@id":"https:\/\/militares.estrategia.com\/portal\/noticias\/espcex-divulga-lista-dos-candidatos-aprovados-no-exame-intelectual\/","url":"https:\/\/militares.estrategia.com\/portal\/noticias\/espcex-divulga-lista-dos-candidatos-aprovados-no-exame-intelectual\/","name":"EsPCEx divulga lista de aprovados - Estrat\u00e9gia Militares","isPartOf":{"@id":"https:\/\/militares.estrategia.com\/portal\/#website"},"primaryImageOfPage":{"@id":"https:\/\/militares.estrategia.com\/portal\/noticias\/espcex-divulga-lista-dos-candidatos-aprovados-no-exame-intelectual\/#primaryimage"},"image":{"@id":"https:\/\/militares.estrategia.com\/portal\/noticias\/espcex-divulga-lista-dos-candidatos-aprovados-no-exame-intelectual\/#primaryimage"},"thumbnailUrl":"https:\/\/militares.estrategia.com\/portal\/wp-content\/uploads\/2021\/09\/EM_Capa_Blog06_-1.jpg","datePublished":"2021-11-26T12:25:33+00:00","dateModified":"2022-08-03T20:07:05+00:00","description":"A EsPCEx divulgou nesta sexta-feira, 26 de novembro, a lista de classificados para o concurso EsPCEx 2022.","breadcrumb":{"@id":"https:\/\/militares.estrategia.com\/portal\/noticias\/espcex-divulga-lista-dos-candidatos-aprovados-no-exame-intelectual\/#breadcrumb"},"inLanguage":"pt-BR","potentialAction":[{"@type":"ReadAction","target":["https:\/\/militares.estrategia.com\/portal\/noticias\/espcex-divulga-lista-dos-candidatos-aprovados-no-exame-intelectual\/"]}]},{"@type":"ImageObject","inLanguage":"pt-BR","@id":"https:\/\/militares.estrategia.com\/portal\/noticias\/espcex-divulga-lista-dos-candidatos-aprovados-no-exame-intelectual\/#primaryimage","url":"https:\/\/militares.estrategia.com\/portal\/wp-content\/uploads\/2021\/09\/EM_Capa_Blog06_-1.jpg","contentUrl":"https:\/\/militares.estrategia.com\/portal\/wp-content\/uploads\/2021\/09\/EM_Capa_Blog06_-1.jpg","width":750,"height":420,"caption":"espcex"},{"@type":"BreadcrumbList","@id":"https:\/\/militares.estrategia.com\/portal\/noticias\/espcex-divulga-lista-dos-candidatos-aprovados-no-exame-intelectual\/#breadcrumb","itemListElement":[{"@type":"ListItem","position":1,"name":"Home","item":"https:\/\/militares.estrategia.com\/portal\/"},{"@type":"ListItem","position":2,"name":"Not\u00edcias","item":"https:\/\/militares.estrategia.com\/portal\/noticias\/"},{"@type":"ListItem","position":3,"name":"EsPCEx divulga lista dos candidatos aprovados no exame intelectual"}]},{"@type":"WebSite","@id":"https:\/\/militares.estrategia.com\/portal\/#website","url":"https:\/\/militares.estrategia.com\/portal\/","name":"Estrat\u00e9gia Militares","description":"","publisher":{"@id":"https:\/\/militares.estrategia.com\/portal\/#organization"},"potentialAction":[{"@type":"SearchAction","target":{"@type":"EntryPoint","urlTemplate":"https:\/\/militares.estrategia.com\/portal\/?s={search_term_string}"},"query-input":{"@type":"PropertyValueSpecification","valueRequired":true,"valueName":"search_term_string"}}],"inLanguage":"pt-BR"},{"@type":"Organization","@id":"https:\/\/militares.estrategia.com\/portal\/#organization","name":"Estrat\u00e9gia Militares","url":"https:\/\/militares.estrategia.com\/portal\/","logo":{"@type":"ImageObject","inLanguage":"pt-BR","@id":"https:\/\/militares.estrategia.com\/portal\/#\/schema\/logo\/image\/","url":"https:\/\/militares.estrategia.com\/portal\/wp-content\/uploads\/2021\/10\/logo-militares.webp","contentUrl":"https:\/\/militares.estrategia.com\/portal\/wp-content\/uploads\/2021\/10\/logo-militares.webp","width":346,"height":90,"caption":"Estrat\u00e9gia Militares"},"image":{"@id":"https:\/\/militares.estrategia.com\/portal\/#\/schema\/logo\/image\/"},"sameAs":["https:\/\/www.facebook.com\/EstrategiaMilitares","https:\/\/x.com\/estrategiamilit","https:\/\/www.instagram.com\/estrategiamilitares\/","https:\/\/www.youtube.com\/channel\/UCRG_9hakCqXxnj_8TqCdgTA"]},{"@type":"Person","@id":"https:\/\/militares.estrategia.com\/portal\/#\/schema\/person\/d52a8bb9d3a4693ffcfbe862dc250f79","name":"Pedro Alcantara","image":{"@type":"ImageObject","inLanguage":"pt-BR","@id":"https:\/\/militares.estrategia.com\/portal\/#\/schema\/person\/image\/","url":"https:\/\/secure.gravatar.com\/avatar\/2ff815c569bab8558bec32641d54e1af?s=96&d=mm&r=g","contentUrl":"https:\/\/secure.gravatar.com\/avatar\/2ff815c569bab8558bec32641d54e1af?s=96&d=mm&r=g","caption":"Pedro Alcantara"},"url":"https:\/\/militares.estrategia.com\/portal\/author\/pedro\/"}]}},"_wl_alt_label":[],"wl:entity_url":"https:\/\/data.wordlift.io\/wl110246\/post\/espcex_divulga_lista_dos_candidatos_aprovados_no_exame_intelectual","_links":{"self":[{"href":"https:\/\/militares.estrategia.com\/portal\/wp-json\/wp\/v2\/posts\/49591","targetHints":{"allow":["GET"]}}],"collection":[{"href":"https:\/\/militares.estrategia.com\/portal\/wp-json\/wp\/v2\/posts"}],"about":[{"href":"https:\/\/militares.estrategia.com\/portal\/wp-json\/wp\/v2\/types\/post"}],"author":[{"embeddable":true,"href":"https:\/\/militares.estrategia.com\/portal\/wp-json\/wp\/v2\/users\/18"}],"replies":[{"embeddable":true,"href":"https:\/\/militares.estrategia.com\/portal\/wp-json\/wp\/v2\/comments?post=49591"}],"version-history":[{"count":4,"href":"https:\/\/militares.estrategia.com\/portal\/wp-json\/wp\/v2\/posts\/49591\/revisions"}],"predecessor-version":[{"id":57425,"href":"https:\/\/militares.estrategia.com\/portal\/wp-json\/wp\/v2\/posts\/49591\/revisions\/57425"}],"wp:featuredmedia":[{"embeddable":true,"href":"https:\/\/militares.estrategia.com\/portal\/wp-json\/wp\/v2\/media\/47691"}],"wp:attachment":[{"href":"https:\/\/militares.estrategia.com\/portal\/wp-json\/wp\/v2\/media?parent=49591"}],"wp:term":[{"taxonomy":"category","embeddable":true,"href":"https:\/\/militares.estrategia.com\/portal\/wp-json\/wp\/v2\/categories?post=49591"},{"taxonomy":"post_tag","embeddable":true,"href":"https:\/\/militares.estrategia.com\/portal\/wp-json\/wp\/v2\/tags?post=49591"},{"taxonomy":"wl_entity_type","embeddable":true,"href":"https:\/\/militares.estrategia.com\/portal\/wp-json\/wp\/v2\/wl_entity_type?post=49591"}],"curies":[{"name":"wp","href":"https:\/\/api.w.org\/{rel}","templated":true}]}}