{"id":48433,"date":"2021-10-22T15:06:44","date_gmt":"2021-10-22T18:06:44","guid":{"rendered":"https:\/\/blog.estrategiamilitares.com.br\/?p=48433"},"modified":"2022-07-12T14:42:12","modified_gmt":"2022-07-12T17:42:12","slug":"nova-base-da-esa-sera-em-recife","status":"publish","type":"post","link":"https:\/\/militares.estrategia.com\/portal\/escolas-militares\/exercito\/esa\/nova-base-da-esa-sera-em-recife\/","title":{"rendered":"Nova base da ESA ser\u00e1 em Recife"},"content":{"rendered":"\n<p>A <strong>nova base da <a href=\"https:\/\/militares.estrategia.com\/portal\/guias\/exercito\/concurso-esa\/\" target=\"_blank\" >Escola de Sargentos das Armas (ESA)<\/a> ser\u00e1 constru\u00edda na cidade de Recife<\/strong>, em Pernambuco, segundo anunciado pelo presidente da Rep\u00fablica, Jair Bolsonaro, em suas redes sociais, <strong>na tarde de quinta, dia 21 de outubro<\/strong>. <\/p>\n\n\n\n<p>Atualmente, <strong>a base da ESA est\u00e1 localizada em Tr\u00eas Cora\u00e7\u00f5es (MG)<\/strong>, onde esteve nos \u00faltimos 70 anos. A sa\u00edda da cidade foi oficializada no dia 4 de fevereiro de 2021, por\u00e9m o processo de escolha teve in\u00edcio na metade de 2020. O objetivo da mudan\u00e7a \u00e9 construir um <strong>local que centralize as unidades de <a href=\"https:\/\/militares.estrategia.com\/portal\/carreiras-militares\/concurso-cfs\/\" target=\"_blank\" >forma\u00e7\u00e3o de sargentos<\/a>, hoje espalhadas pelo Brasil.<\/strong> <\/p>\n\n\n\n<figure class=\"wp-block-image size-full\"><img decoding=\"async\" width=\"750\" height=\"420\" src=\"https:\/\/militares.estrategia.com\/portal\/wp-content\/uploads\/2021\/10\/EM_Capa_Blog09_.jpg\" alt=\"not\u00edcia esa\" class=\"wp-image-48435\" srcset=\"https:\/\/militares.estrategia.com\/portal\/wp-content\/uploads\/2021\/10\/EM_Capa_Blog09_.jpg 750w, https:\/\/militares.estrategia.com\/portal\/wp-content\/uploads\/2021\/10\/EM_Capa_Blog09_-300x168.jpg 300w, https:\/\/militares.estrategia.com\/portal\/wp-content\/uploads\/2021\/10\/EM_Capa_Blog09_-380x213.jpg 380w\" sizes=\"(max-width: 750px) 100vw, 750px\" \/><\/figure>\n\n\n\n<p>Tr\u00eas cidades estavam na disputa para sediar a nova base da Escola de Sargentos das Armas: <strong>Ponta Grossa (PR), Santa Maria (RS) e a vencedora Recife (PE)<\/strong>. A escolha levou em conta crit\u00e9rios t\u00e9cnicos e geopol\u00edticos, como localiza\u00e7\u00e3o e infraestrutura.<\/p>\n\n\n\n<p><strong>A decis\u00e3o foi tomada pelo Alto Comando do Ex\u00e9rcito e anunciada pelo Presidente da Rep\u00fablica no Facebook.<\/strong> A publica\u00e7\u00e3o tamb\u00e9m informou que o Comandante do Ex\u00e9rcito e o Presidente da Rep\u00fablica est\u00e3o de acordo com a decis\u00e3o, tomada ap\u00f3s &#8220;dois anos de exaustivos estudos&#8221; por parte do Ex\u00e9rcito. <\/p>\n\n\n\n<p>A&nbsp;<strong>Escola de Sargentos das Armas (ESA)<\/strong>&nbsp;\u00e9 o Estabelecimento de Ensino de N\u00edvel Superior Tecn\u00f3logo do Ex\u00e9rcito Brasileiro, respons\u00e1vel pela forma\u00e7\u00e3o e gradua\u00e7\u00e3o de Sargentos Combatentes de Carreira das Armas (CFGS). <\/p>\n\n\n\n<p>Aqueles que desejam tornar-se sargentos da ESA podem participar dos seletivos que acontecem todos os anos. Conhe\u00e7a mais no nosso <a href=\"https:\/\/militares.estrategia.com\/portal\/guias\/exercito\/concurso-esa\/\" target=\"_blank\" >Guia do Concurso ESA<\/a>! <strong>O Estrat\u00e9gia Militares oferece cursos on-line para aqueles que querem disputar uma vaga nas Escolas Militares. <\/strong>Clique no banner e se torne parte do time coruja! <\/p>\n\n\n\n<p><strong><a id=\"cta\" class=\"cta-imagem\" href=\"https:\/\/militares.estrategia.com\/cursos\/exercito\/?id=71495cc2-214d-4625-b8dd-8a87e2131e6b&name=Ex%C3%A9rcito\" target=\"blank\">\n                <img decoding=\"async\" width=\"100%\" src=\"https:\/\/militares.estrategia.com\/portal\/wp-content\/uploads\/2023\/02\/EM-Banco-de-Questoes.jpg\" alt=\"EM - Banco de Questo\u0303es\" title=\"EM - Banco de Questo\u0303es\">\n        <\/a><\/strong><\/p>\n\n\n","protected":false},"excerpt":{"rendered":"A nova base da Escola de Sargentos das Armas (ESA) ser\u00e1 constru\u00edda na cidade de Recife, em Pernambuco,&hellip;\n","protected":false},"author":9,"featured_media":56579,"comment_status":"closed","ping_status":"closed","sticky":false,"template":"","format":"standard","meta":{"wl_entities_gutenberg":"","footnotes":""},"categories":[237],"tags":[],"wl_entity_type":[187],"class_list":{"0":"post-48433","1":"post","2":"type-post","3":"status-publish","4":"format-standard","5":"has-post-thumbnail","7":"category-esa","8":"wl_entity_type-article"},"acf":[],"yoast_head":"<!-- This site is optimized with the Yoast SEO Premium plugin v26.6 (Yoast SEO v26.6) - https:\/\/yoast.com\/wordpress\/plugins\/seo\/ -->\n<title>Recife ser\u00e1 a nova base da Escola de Sargento das Armas<\/title>\n<meta name=\"description\" content=\"A Escola de Sargento das Armas far\u00e1 a nova base na cidade de Recife, segundo anunciado pelo Presidente da Rep\u00fablica\" \/>\n<meta name=\"robots\" content=\"index, follow, max-snippet:-1, max-image-preview:large, max-video-preview:-1\" \/>\n<link rel=\"canonical\" href=\"https:\/\/militares.estrategia.com\/portal\/escolas-militares\/exercito\/esa\/nova-base-da-esa-sera-em-recife\/\" \/>\n<meta property=\"og:locale\" content=\"pt_BR\" \/>\n<meta property=\"og:type\" content=\"article\" \/>\n<meta property=\"og:title\" content=\"Nova base da ESA ser\u00e1 em Recife\" \/>\n<meta property=\"og:description\" content=\"A Escola de Sargento das Armas far\u00e1 a nova base na cidade de Recife, segundo anunciado pelo Presidente da Rep\u00fablica\" \/>\n<meta property=\"og:url\" content=\"https:\/\/militares.estrategia.com\/portal\/escolas-militares\/exercito\/esa\/nova-base-da-esa-sera-em-recife\/\" \/>\n<meta property=\"og:site_name\" content=\"Estrat\u00e9gia Militares\" \/>\n<meta property=\"article:publisher\" content=\"https:\/\/www.facebook.com\/EstrategiaMilitares\" \/>\n<meta property=\"article:published_time\" content=\"2021-10-22T18:06:44+00:00\" \/>\n<meta property=\"article:modified_time\" content=\"2022-07-12T17:42:12+00:00\" \/>\n<meta property=\"og:image\" content=\"https:\/\/cdn.blog.estrategiavestibulares.com.br\/vestibulares\/wp-content\/uploads\/2021\/12\/esa-recife.jpg\" \/>\n\t<meta property=\"og:image:width\" content=\"960\" \/>\n\t<meta property=\"og:image:height\" content=\"540\" \/>\n\t<meta property=\"og:image:type\" content=\"image\/jpeg\" \/>\n<meta name=\"author\" content=\"Raquel Oshio\" \/>\n<meta name=\"twitter:card\" content=\"summary_large_image\" \/>\n<meta name=\"twitter:creator\" content=\"@estrategiamilit\" \/>\n<meta name=\"twitter:site\" content=\"@estrategiamilit\" \/>\n<meta name=\"twitter:label1\" content=\"Escrito por\" \/>\n\t<meta name=\"twitter:data1\" content=\"Raquel Oshio\" \/>\n\t<meta name=\"twitter:label2\" content=\"Est. tempo de leitura\" \/>\n\t<meta name=\"twitter:data2\" content=\"2 minutos\" \/>\n<script type=\"application\/ld+json\" class=\"yoast-schema-graph\">{\"@context\":\"https:\/\/schema.org\",\"@graph\":[{\"@type\":\"Article\",\"@id\":\"https:\/\/militares.estrategia.com\/portal\/escolas-militares\/exercito\/esa\/nova-base-da-esa-sera-em-recife\/#article\",\"isPartOf\":{\"@id\":\"https:\/\/militares.estrategia.com\/portal\/escolas-militares\/exercito\/esa\/nova-base-da-esa-sera-em-recife\/\"},\"author\":{\"name\":\"Raquel Oshio\",\"@id\":\"https:\/\/militares.estrategia.com\/portal\/#\/schema\/person\/46e1f54d690b6a851270112cd62d2f37\"},\"headline\":\"Nova base da ESA ser\u00e1 em Recife\",\"datePublished\":\"2021-10-22T18:06:44+00:00\",\"dateModified\":\"2022-07-12T17:42:12+00:00\",\"mainEntityOfPage\":{\"@id\":\"https:\/\/militares.estrategia.com\/portal\/escolas-militares\/exercito\/esa\/nova-base-da-esa-sera-em-recife\/\"},\"wordCount\":304,\"publisher\":{\"@id\":\"https:\/\/militares.estrategia.com\/portal\/#organization\"},\"image\":{\"@id\":\"https:\/\/militares.estrategia.com\/portal\/escolas-militares\/exercito\/esa\/nova-base-da-esa-sera-em-recife\/#primaryimage\"},\"thumbnailUrl\":\"https:\/\/militares.estrategia.com\/portal\/wp-content\/uploads\/2021\/12\/esa-recife.jpg\",\"articleSection\":[\"ESA\"],\"inLanguage\":\"pt-BR\"},{\"@type\":\"WebPage\",\"@id\":\"https:\/\/militares.estrategia.com\/portal\/escolas-militares\/exercito\/esa\/nova-base-da-esa-sera-em-recife\/\",\"url\":\"https:\/\/militares.estrategia.com\/portal\/escolas-militares\/exercito\/esa\/nova-base-da-esa-sera-em-recife\/\",\"name\":\"Recife ser\u00e1 a nova base da Escola de Sargento das Armas\",\"isPartOf\":{\"@id\":\"https:\/\/militares.estrategia.com\/portal\/#website\"},\"primaryImageOfPage\":{\"@id\":\"https:\/\/militares.estrategia.com\/portal\/escolas-militares\/exercito\/esa\/nova-base-da-esa-sera-em-recife\/#primaryimage\"},\"image\":{\"@id\":\"https:\/\/militares.estrategia.com\/portal\/escolas-militares\/exercito\/esa\/nova-base-da-esa-sera-em-recife\/#primaryimage\"},\"thumbnailUrl\":\"https:\/\/militares.estrategia.com\/portal\/wp-content\/uploads\/2021\/12\/esa-recife.jpg\",\"datePublished\":\"2021-10-22T18:06:44+00:00\",\"dateModified\":\"2022-07-12T17:42:12+00:00\",\"description\":\"A Escola de Sargento das Armas far\u00e1 a nova base na cidade de Recife, segundo anunciado pelo Presidente da Rep\u00fablica\",\"breadcrumb\":{\"@id\":\"https:\/\/militares.estrategia.com\/portal\/escolas-militares\/exercito\/esa\/nova-base-da-esa-sera-em-recife\/#breadcrumb\"},\"inLanguage\":\"pt-BR\",\"potentialAction\":[{\"@type\":\"ReadAction\",\"target\":[\"https:\/\/militares.estrategia.com\/portal\/escolas-militares\/exercito\/esa\/nova-base-da-esa-sera-em-recife\/\"]}]},{\"@type\":\"ImageObject\",\"inLanguage\":\"pt-BR\",\"@id\":\"https:\/\/militares.estrategia.com\/portal\/escolas-militares\/exercito\/esa\/nova-base-da-esa-sera-em-recife\/#primaryimage\",\"url\":\"https:\/\/militares.estrategia.com\/portal\/wp-content\/uploads\/2021\/12\/esa-recife.jpg\",\"contentUrl\":\"https:\/\/militares.estrategia.com\/portal\/wp-content\/uploads\/2021\/12\/esa-recife.jpg\",\"width\":960,\"height\":540},{\"@type\":\"BreadcrumbList\",\"@id\":\"https:\/\/militares.estrategia.com\/portal\/escolas-militares\/exercito\/esa\/nova-base-da-esa-sera-em-recife\/#breadcrumb\",\"itemListElement\":[{\"@type\":\"ListItem\",\"position\":1,\"name\":\"Home\",\"item\":\"https:\/\/militares.estrategia.com\/portal\/\"},{\"@type\":\"ListItem\",\"position\":2,\"name\":\"Escolas Militares\",\"item\":\"https:\/\/militares.estrategia.com\/portal\/escolas-militares\/\"},{\"@type\":\"ListItem\",\"position\":3,\"name\":\"Ex\u00e9rcito\",\"item\":\"https:\/\/militares.estrategia.com\/portal\/escolas-militares\/exercito\/\"},{\"@type\":\"ListItem\",\"position\":4,\"name\":\"ESA\",\"item\":\"https:\/\/militares.estrategia.com\/portal\/escolas-militares\/exercito\/esa\/\"},{\"@type\":\"ListItem\",\"position\":5,\"name\":\"Nova base da ESA ser\u00e1 em Recife\"}]},{\"@type\":\"WebSite\",\"@id\":\"https:\/\/militares.estrategia.com\/portal\/#website\",\"url\":\"https:\/\/militares.estrategia.com\/portal\/\",\"name\":\"Estrat\u00e9gia Militares\",\"description\":\"\",\"publisher\":{\"@id\":\"https:\/\/militares.estrategia.com\/portal\/#organization\"},\"potentialAction\":[{\"@type\":\"SearchAction\",\"target\":{\"@type\":\"EntryPoint\",\"urlTemplate\":\"https:\/\/militares.estrategia.com\/portal\/?s={search_term_string}\"},\"query-input\":{\"@type\":\"PropertyValueSpecification\",\"valueRequired\":true,\"valueName\":\"search_term_string\"}}],\"inLanguage\":\"pt-BR\"},{\"@type\":\"Organization\",\"@id\":\"https:\/\/militares.estrategia.com\/portal\/#organization\",\"name\":\"Estrat\u00e9gia Militares\",\"url\":\"https:\/\/militares.estrategia.com\/portal\/\",\"logo\":{\"@type\":\"ImageObject\",\"inLanguage\":\"pt-BR\",\"@id\":\"https:\/\/militares.estrategia.com\/portal\/#\/schema\/logo\/image\/\",\"url\":\"https:\/\/militares.estrategia.com\/portal\/wp-content\/uploads\/2021\/10\/logo-militares.webp\",\"contentUrl\":\"https:\/\/militares.estrategia.com\/portal\/wp-content\/uploads\/2021\/10\/logo-militares.webp\",\"width\":346,\"height\":90,\"caption\":\"Estrat\u00e9gia Militares\"},\"image\":{\"@id\":\"https:\/\/militares.estrategia.com\/portal\/#\/schema\/logo\/image\/\"},\"sameAs\":[\"https:\/\/www.facebook.com\/EstrategiaMilitares\",\"https:\/\/x.com\/estrategiamilit\",\"https:\/\/www.instagram.com\/estrategiamilitares\/\",\"https:\/\/www.youtube.com\/channel\/UCRG_9hakCqXxnj_8TqCdgTA\"]},{\"@type\":\"Person\",\"@id\":\"https:\/\/militares.estrategia.com\/portal\/#\/schema\/person\/46e1f54d690b6a851270112cd62d2f37\",\"name\":\"Raquel Oshio\",\"image\":{\"@type\":\"ImageObject\",\"inLanguage\":\"pt-BR\",\"@id\":\"https:\/\/militares.estrategia.com\/portal\/#\/schema\/person\/image\/\",\"url\":\"https:\/\/secure.gravatar.com\/avatar\/fa4e62d5e59d9cf9995ea9c715a78807?s=96&d=mm&r=g\",\"contentUrl\":\"https:\/\/secure.gravatar.com\/avatar\/fa4e62d5e59d9cf9995ea9c715a78807?s=96&d=mm&r=g\",\"caption\":\"Raquel Oshio\"},\"description\":\"Raquel Kie \u00e9 amante de hist\u00f3rias e ca\u00e7adora de belezas escondidas. Jornalista de profiss\u00e3o e cora\u00e7\u00e3o. Desenhista e escritora de fic\u00e7\u00e3o nas horas vagas. Acredito no potencial transformador de todo trabalho feito com dedica\u00e7\u00e3o.\",\"url\":\"https:\/\/militares.estrategia.com\/portal\/author\/raqueloshio\/\"}]}<\/script>\n<!-- \/ Yoast SEO Premium plugin. -->","yoast_head_json":{"title":"Recife ser\u00e1 a nova base da Escola de Sargento das Armas","description":"A Escola de Sargento das Armas far\u00e1 a nova base na cidade de Recife, segundo anunciado pelo Presidente da Rep\u00fablica","robots":{"index":"index","follow":"follow","max-snippet":"max-snippet:-1","max-image-preview":"max-image-preview:large","max-video-preview":"max-video-preview:-1"},"canonical":"https:\/\/militares.estrategia.com\/portal\/escolas-militares\/exercito\/esa\/nova-base-da-esa-sera-em-recife\/","og_locale":"pt_BR","og_type":"article","og_title":"Nova base da ESA ser\u00e1 em Recife","og_description":"A Escola de Sargento das Armas far\u00e1 a nova base na cidade de Recife, segundo anunciado pelo Presidente da Rep\u00fablica","og_url":"https:\/\/militares.estrategia.com\/portal\/escolas-militares\/exercito\/esa\/nova-base-da-esa-sera-em-recife\/","og_site_name":"Estrat\u00e9gia Militares","article_publisher":"https:\/\/www.facebook.com\/EstrategiaMilitares","article_published_time":"2021-10-22T18:06:44+00:00","article_modified_time":"2022-07-12T17:42:12+00:00","og_image":[{"width":960,"height":540,"url":"https:\/\/cdn.blog.estrategiavestibulares.com.br\/vestibulares\/wp-content\/uploads\/2021\/12\/esa-recife.jpg","type":"image\/jpeg"}],"author":"Raquel Oshio","twitter_card":"summary_large_image","twitter_creator":"@estrategiamilit","twitter_site":"@estrategiamilit","twitter_misc":{"Escrito por":"Raquel Oshio","Est. tempo de leitura":"2 minutos"},"schema":{"@context":"https:\/\/schema.org","@graph":[{"@type":"Article","@id":"https:\/\/militares.estrategia.com\/portal\/escolas-militares\/exercito\/esa\/nova-base-da-esa-sera-em-recife\/#article","isPartOf":{"@id":"https:\/\/militares.estrategia.com\/portal\/escolas-militares\/exercito\/esa\/nova-base-da-esa-sera-em-recife\/"},"author":{"name":"Raquel Oshio","@id":"https:\/\/militares.estrategia.com\/portal\/#\/schema\/person\/46e1f54d690b6a851270112cd62d2f37"},"headline":"Nova base da ESA ser\u00e1 em Recife","datePublished":"2021-10-22T18:06:44+00:00","dateModified":"2022-07-12T17:42:12+00:00","mainEntityOfPage":{"@id":"https:\/\/militares.estrategia.com\/portal\/escolas-militares\/exercito\/esa\/nova-base-da-esa-sera-em-recife\/"},"wordCount":304,"publisher":{"@id":"https:\/\/militares.estrategia.com\/portal\/#organization"},"image":{"@id":"https:\/\/militares.estrategia.com\/portal\/escolas-militares\/exercito\/esa\/nova-base-da-esa-sera-em-recife\/#primaryimage"},"thumbnailUrl":"https:\/\/militares.estrategia.com\/portal\/wp-content\/uploads\/2021\/12\/esa-recife.jpg","articleSection":["ESA"],"inLanguage":"pt-BR"},{"@type":"WebPage","@id":"https:\/\/militares.estrategia.com\/portal\/escolas-militares\/exercito\/esa\/nova-base-da-esa-sera-em-recife\/","url":"https:\/\/militares.estrategia.com\/portal\/escolas-militares\/exercito\/esa\/nova-base-da-esa-sera-em-recife\/","name":"Recife ser\u00e1 a nova base da Escola de Sargento das Armas","isPartOf":{"@id":"https:\/\/militares.estrategia.com\/portal\/#website"},"primaryImageOfPage":{"@id":"https:\/\/militares.estrategia.com\/portal\/escolas-militares\/exercito\/esa\/nova-base-da-esa-sera-em-recife\/#primaryimage"},"image":{"@id":"https:\/\/militares.estrategia.com\/portal\/escolas-militares\/exercito\/esa\/nova-base-da-esa-sera-em-recife\/#primaryimage"},"thumbnailUrl":"https:\/\/militares.estrategia.com\/portal\/wp-content\/uploads\/2021\/12\/esa-recife.jpg","datePublished":"2021-10-22T18:06:44+00:00","dateModified":"2022-07-12T17:42:12+00:00","description":"A Escola de Sargento das Armas far\u00e1 a nova base na cidade de Recife, segundo anunciado pelo Presidente da Rep\u00fablica","breadcrumb":{"@id":"https:\/\/militares.estrategia.com\/portal\/escolas-militares\/exercito\/esa\/nova-base-da-esa-sera-em-recife\/#breadcrumb"},"inLanguage":"pt-BR","potentialAction":[{"@type":"ReadAction","target":["https:\/\/militares.estrategia.com\/portal\/escolas-militares\/exercito\/esa\/nova-base-da-esa-sera-em-recife\/"]}]},{"@type":"ImageObject","inLanguage":"pt-BR","@id":"https:\/\/militares.estrategia.com\/portal\/escolas-militares\/exercito\/esa\/nova-base-da-esa-sera-em-recife\/#primaryimage","url":"https:\/\/militares.estrategia.com\/portal\/wp-content\/uploads\/2021\/12\/esa-recife.jpg","contentUrl":"https:\/\/militares.estrategia.com\/portal\/wp-content\/uploads\/2021\/12\/esa-recife.jpg","width":960,"height":540},{"@type":"BreadcrumbList","@id":"https:\/\/militares.estrategia.com\/portal\/escolas-militares\/exercito\/esa\/nova-base-da-esa-sera-em-recife\/#breadcrumb","itemListElement":[{"@type":"ListItem","position":1,"name":"Home","item":"https:\/\/militares.estrategia.com\/portal\/"},{"@type":"ListItem","position":2,"name":"Escolas Militares","item":"https:\/\/militares.estrategia.com\/portal\/escolas-militares\/"},{"@type":"ListItem","position":3,"name":"Ex\u00e9rcito","item":"https:\/\/militares.estrategia.com\/portal\/escolas-militares\/exercito\/"},{"@type":"ListItem","position":4,"name":"ESA","item":"https:\/\/militares.estrategia.com\/portal\/escolas-militares\/exercito\/esa\/"},{"@type":"ListItem","position":5,"name":"Nova base da ESA ser\u00e1 em Recife"}]},{"@type":"WebSite","@id":"https:\/\/militares.estrategia.com\/portal\/#website","url":"https:\/\/militares.estrategia.com\/portal\/","name":"Estrat\u00e9gia Militares","description":"","publisher":{"@id":"https:\/\/militares.estrategia.com\/portal\/#organization"},"potentialAction":[{"@type":"SearchAction","target":{"@type":"EntryPoint","urlTemplate":"https:\/\/militares.estrategia.com\/portal\/?s={search_term_string}"},"query-input":{"@type":"PropertyValueSpecification","valueRequired":true,"valueName":"search_term_string"}}],"inLanguage":"pt-BR"},{"@type":"Organization","@id":"https:\/\/militares.estrategia.com\/portal\/#organization","name":"Estrat\u00e9gia Militares","url":"https:\/\/militares.estrategia.com\/portal\/","logo":{"@type":"ImageObject","inLanguage":"pt-BR","@id":"https:\/\/militares.estrategia.com\/portal\/#\/schema\/logo\/image\/","url":"https:\/\/militares.estrategia.com\/portal\/wp-content\/uploads\/2021\/10\/logo-militares.webp","contentUrl":"https:\/\/militares.estrategia.com\/portal\/wp-content\/uploads\/2021\/10\/logo-militares.webp","width":346,"height":90,"caption":"Estrat\u00e9gia Militares"},"image":{"@id":"https:\/\/militares.estrategia.com\/portal\/#\/schema\/logo\/image\/"},"sameAs":["https:\/\/www.facebook.com\/EstrategiaMilitares","https:\/\/x.com\/estrategiamilit","https:\/\/www.instagram.com\/estrategiamilitares\/","https:\/\/www.youtube.com\/channel\/UCRG_9hakCqXxnj_8TqCdgTA"]},{"@type":"Person","@id":"https:\/\/militares.estrategia.com\/portal\/#\/schema\/person\/46e1f54d690b6a851270112cd62d2f37","name":"Raquel Oshio","image":{"@type":"ImageObject","inLanguage":"pt-BR","@id":"https:\/\/militares.estrategia.com\/portal\/#\/schema\/person\/image\/","url":"https:\/\/secure.gravatar.com\/avatar\/fa4e62d5e59d9cf9995ea9c715a78807?s=96&d=mm&r=g","contentUrl":"https:\/\/secure.gravatar.com\/avatar\/fa4e62d5e59d9cf9995ea9c715a78807?s=96&d=mm&r=g","caption":"Raquel Oshio"},"description":"Raquel Kie \u00e9 amante de hist\u00f3rias e ca\u00e7adora de belezas escondidas. Jornalista de profiss\u00e3o e cora\u00e7\u00e3o. Desenhista e escritora de fic\u00e7\u00e3o nas horas vagas. Acredito no potencial transformador de todo trabalho feito com dedica\u00e7\u00e3o.","url":"https:\/\/militares.estrategia.com\/portal\/author\/raqueloshio\/"}]}},"_wl_alt_label":[],"wl:entity_url":"https:\/\/data.wordlift.io\/wl110246\/post\/nova_base_da_esa_sera_em_recife","_links":{"self":[{"href":"https:\/\/militares.estrategia.com\/portal\/wp-json\/wp\/v2\/posts\/48433","targetHints":{"allow":["GET"]}}],"collection":[{"href":"https:\/\/militares.estrategia.com\/portal\/wp-json\/wp\/v2\/posts"}],"about":[{"href":"https:\/\/militares.estrategia.com\/portal\/wp-json\/wp\/v2\/types\/post"}],"author":[{"embeddable":true,"href":"https:\/\/militares.estrategia.com\/portal\/wp-json\/wp\/v2\/users\/9"}],"replies":[{"embeddable":true,"href":"https:\/\/militares.estrategia.com\/portal\/wp-json\/wp\/v2\/comments?post=48433"}],"version-history":[{"count":2,"href":"https:\/\/militares.estrategia.com\/portal\/wp-json\/wp\/v2\/posts\/48433\/revisions"}],"predecessor-version":[{"id":55622,"href":"https:\/\/militares.estrategia.com\/portal\/wp-json\/wp\/v2\/posts\/48433\/revisions\/55622"}],"wp:featuredmedia":[{"embeddable":true,"href":"https:\/\/militares.estrategia.com\/portal\/wp-json\/wp\/v2\/media\/56579"}],"wp:attachment":[{"href":"https:\/\/militares.estrategia.com\/portal\/wp-json\/wp\/v2\/media?parent=48433"}],"wp:term":[{"taxonomy":"category","embeddable":true,"href":"https:\/\/militares.estrategia.com\/portal\/wp-json\/wp\/v2\/categories?post=48433"},{"taxonomy":"post_tag","embeddable":true,"href":"https:\/\/militares.estrategia.com\/portal\/wp-json\/wp\/v2\/tags?post=48433"},{"taxonomy":"wl_entity_type","embeddable":true,"href":"https:\/\/militares.estrategia.com\/portal\/wp-json\/wp\/v2\/wl_entity_type?post=48433"}],"curies":[{"name":"wp","href":"https:\/\/api.w.org\/{rel}","templated":true}]}}