{"id":48207,"date":"2021-10-10T21:13:12","date_gmt":"2021-10-11T00:13:12","guid":{"rendered":"https:\/\/blog.estrategiamilitares.com.br\/?p=48207"},"modified":"2021-10-11T10:18:14","modified_gmt":"2021-10-11T13:18:14","slug":"ime-2022-divulga-gabarito-preliminar","status":"publish","type":"post","link":"https:\/\/militares.estrategia.com\/portal\/noticias\/ime-2022-divulga-gabarito-preliminar\/","title":{"rendered":"IME divulga gabarito preliminar do concurso 2022"},"content":{"rendered":"\n<p>O Instituto Militar de Engenharia (<a href=\"https:\/\/militares.estrategia.com\/portal\/guias\/concurso-ime\/\" target=\"_blank\" >IME<\/a>) divulgou hoje (10) o caderno de quest\u00f5es e o gabarito preliminar da primeira fase do concurso IME 2022, que foi aplicado tamb\u00e9m neste domingo.<\/p>\n\n\n\n<pre class=\"wp-block-verse\">Saiba: <a href=\"https:\/\/militares.estrategia.com\/portal\/estrategia-eventos\/gabarito-ime-2022-confira-a-correcao\/\" target=\"_blank\" >Confira o gabarito IME corrigido pelo Estrat\u00e9gia Militares<\/a><\/pre>\n\n\n\n<p>A prova, que come\u00e7ou \u00e0s 13h30 e terminou \u00e0s 17h30, cobrou <strong>40 quest\u00f5es objetivas<\/strong> divididas nas seguintes mat\u00e9rias: Matem\u00e1tica, F\u00edsica e Qu\u00edmica. Clique no bot\u00e3o abaixo e confira o gabarito IME 2022 preliminar na \u00edntegra:<\/p>\n\n\n\n<div class=\"wp-block-buttons is-content-justification-center is-layout-flex wp-block-buttons-is-layout-flex\">\n<div class=\"wp-block-button\"><a class=\"wp-block-button__link\" href=\"https:\/\/militares.estrategia.com\/portal\/wp-content\/uploads\/2021\/10\/Gabarito_Preliminar_1a_Fase-1.pdf\" target=\"_blank\" >Gabarito IME 2022<\/a><\/div>\n<\/div>\n\n\n\n<p>Al\u00e9m disso, veja o caderno de quest\u00f5es da prova:<\/p>\n\n\n\n<div class=\"wp-block-buttons is-content-justification-center is-layout-flex wp-block-buttons-is-layout-flex\">\n<div class=\"wp-block-button\"><a class=\"wp-block-button__link\" href=\"https:\/\/militares.estrategia.com\/portal\/wp-content\/uploads\/2021\/10\/CFG-objetiva-CQ.pdf\" target=\"_blank\" >Caderno de quest\u00f5es &#8211; IME 2022<\/a><\/div>\n<\/div>\n\n\n\n<div id=\"ez-toc-container\" class=\"ez-toc-v2_0_79_2 counter-hierarchy ez-toc-counter ez-toc-transparent ez-toc-container-direction\">\n<div class=\"ez-toc-title-container\"><p class=\"ez-toc-title\" style=\"cursor:inherit\">Navegue pelo conte\u00fado\t<\/p>\n<\/div><nav><ul class='ez-toc-list ez-toc-list-level-1 ' ><li class='ez-toc-page-1 ez-toc-heading-level-2'><a class=\"ez-toc-link ez-toc-heading-1\" href=\"https:\/\/militares.estrategia.com\/portal\/noticias\/ime-2022-divulga-gabarito-preliminar\/#Veja-correcao-ao-vivo-no-YouTube\" >Veja corre\u00e7\u00e3o ao vivo no YouTube<\/a><\/li><li class='ez-toc-page-1 ez-toc-heading-level-2'><a class=\"ez-toc-link ez-toc-heading-2\" href=\"https:\/\/militares.estrategia.com\/portal\/noticias\/ime-2022-divulga-gabarito-preliminar\/#Quais-sao-as-proximas-etapas-do-concurso-IME-2022\" >Quais s\u00e3o as pr\u00f3ximas etapas do concurso IME 2022?<\/a><\/li><\/ul><\/nav><\/div>\n<h2 class=\"wp-block-heading\"><span class=\"ez-toc-section\" id=\"Veja-correcao-ao-vivo-no-YouTube\"><\/span>Veja corre\u00e7\u00e3o ao vivo no YouTube<span class=\"ez-toc-section-end\"><\/span><\/h2>\n\n\n\n<p>Os professores do Estrat\u00e9gia Militares corrigiram a prova ao vivo com os candidatos ao Concurso IME 2022:<\/p>\n\n\n\n<figure class=\"wp-block-embed is-type-video is-provider-youtube wp-block-embed-youtube wp-embed-aspect-16-9 wp-has-aspect-ratio\"><div class=\"wp-block-embed__wrapper\">\n<div class=\"cs-embed cs-embed-responsive\"><iframe title=\"Gabarito IME 2022 - 1\u00aa fase: corre\u00e7\u00e3o de prova ao vivo\" width=\"1200\" height=\"675\" src=\"https:\/\/www.youtube.com\/embed\/sHCaYueNlmA?feature=oembed\" frameborder=\"0\" allow=\"accelerometer; autoplay; clipboard-write; encrypted-media; gyroscope; picture-in-picture\" allowfullscreen><\/iframe><\/div>\n<\/div><\/figure>\n\n\n\n<h2 class=\"wp-block-heading\"><span class=\"ez-toc-section\" id=\"Quais-sao-as-proximas-etapas-do-concurso-IME-2022\"><\/span>Quais s\u00e3o as pr\u00f3ximas etapas do concurso IME 2022?<span class=\"ez-toc-section-end\"><\/span><\/h2>\n\n\n\n<p>Agora que voc\u00ea j\u00e1 sabe qual \u00e9 o gabarito IME, veja o calend\u00e1rio das pr\u00f3ximas etapas da sele\u00e7\u00e3o: <\/p>\n\n\n\n<figure class=\"wp-block-table is-style-stripes\"><table class=\"has-black-color has-vivid-green-cyan-background-color has-text-color has-background\"><tbody><tr><td><strong>2\u00ba Fase Provas dissertativas<\/strong><\/td><td><strong>25 a 28\/10\/2021<\/strong><\/td><\/tr><tr><td><strong>Inspe\u00e7\u00e3o de Sa\u00fade<\/strong><\/td><td><strong>03\/01 a 03\/02\/2022<\/strong><\/td><\/tr><tr><td><strong>Exame de Aptid\u00e3o F\u00edsica<\/strong><\/td><td><strong>03\/01 a 03\/02\/2022<\/strong><\/td><\/tr><tr><td><strong>Processo de Heteroidentifica\u00e7\u00e3o<\/strong><\/td><td><strong>03\/01 a 03\/02\/2022<\/strong><\/td><\/tr><tr><td><strong>Avalia\u00e7\u00e3o Psicol\u00f3gica<\/strong><\/td><td><strong>03\/01 a 03\/02\/2022<\/strong><\/td><\/tr><\/tbody><\/table><\/figure>\n\n\n\n<p><strong><a id=\"cta\" class=\"cta-imagem\" href=\"https:\/\/militares.estrategia.com\/curso\/banco-de-questes-anual\/\" target=\"blank\">\n                <img decoding=\"async\" width=\"100%\" src=\"https:\/\/militares.estrategia.com\/portal\/wp-content\/uploads\/2023\/02\/EM-Banco-de-Questoes.jpg\" alt=\"EM - Banco de Questo\u0303es\" title=\"EM - Banco de Questo\u0303es\">\n        <\/a><\/strong><\/p>\n\n\n","protected":false},"excerpt":{"rendered":"Prova foi aplicada no \u00faltimo domingo (10); veja o gabarito preliminar do concurso IME 2022 e a corre\u00e7\u00e3o ao vivo do Estrat\u00e9gia Militares\n","protected":false},"author":43,"featured_media":47831,"comment_status":"closed","ping_status":"closed","sticky":false,"template":"","format":"standard","meta":{"wl_entities_gutenberg":"","footnotes":""},"categories":[36],"tags":[],"wl_entity_type":[187],"class_list":{"0":"post-48207","1":"post","2":"type-post","3":"status-publish","4":"format-standard","5":"has-post-thumbnail","7":"category-noticias","8":"wl_entity_type-article"},"acf":[],"yoast_head":"<!-- This site is optimized with the Yoast SEO Premium plugin v26.6 (Yoast SEO v26.6) - https:\/\/yoast.com\/wordpress\/plugins\/seo\/ -->\n<title>IME 2022: veja o gabarito preliminar do concurso<\/title>\n<meta name=\"description\" content=\"Prova foi aplicada no \u00faltimo domingo (10); veja o gabarito preliminar do concurso IME 2022 e a corre\u00e7\u00e3o ao vivo do Estrat\u00e9gia Militares\" \/>\n<meta name=\"robots\" content=\"index, follow, max-snippet:-1, max-image-preview:large, max-video-preview:-1\" \/>\n<link rel=\"canonical\" href=\"https:\/\/militares.estrategia.com\/portal\/noticias\/ime-2022-divulga-gabarito-preliminar\/\" \/>\n<meta property=\"og:locale\" content=\"pt_BR\" \/>\n<meta property=\"og:type\" content=\"article\" \/>\n<meta property=\"og:title\" content=\"IME divulga gabarito preliminar do concurso 2022\" \/>\n<meta property=\"og:description\" content=\"Prova foi aplicada no \u00faltimo domingo (10); veja o gabarito preliminar do concurso IME 2022 e a corre\u00e7\u00e3o ao vivo do Estrat\u00e9gia Militares\" \/>\n<meta property=\"og:url\" content=\"https:\/\/militares.estrategia.com\/portal\/noticias\/ime-2022-divulga-gabarito-preliminar\/\" \/>\n<meta property=\"og:site_name\" content=\"Estrat\u00e9gia Militares\" \/>\n<meta property=\"article:publisher\" content=\"https:\/\/www.facebook.com\/EstrategiaMilitares\" \/>\n<meta property=\"article:published_time\" content=\"2021-10-11T00:13:12+00:00\" \/>\n<meta property=\"article:modified_time\" content=\"2021-10-11T13:18:14+00:00\" \/>\n<meta property=\"og:image\" content=\"https:\/\/cdn.blog.estrategiavestibulares.com.br\/vestibulares\/wp-content\/uploads\/2021\/09\/EM_Capa_Blog07_.jpg\" \/>\n\t<meta property=\"og:image:width\" content=\"750\" \/>\n\t<meta property=\"og:image:height\" content=\"420\" \/>\n\t<meta property=\"og:image:type\" content=\"image\/jpeg\" \/>\n<meta name=\"author\" content=\"Isabela Giordan\" \/>\n<meta name=\"twitter:card\" content=\"summary_large_image\" \/>\n<meta name=\"twitter:creator\" content=\"@estrategiamilit\" \/>\n<meta name=\"twitter:site\" content=\"@estrategiamilit\" \/>\n<meta name=\"twitter:label1\" content=\"Escrito por\" \/>\n\t<meta name=\"twitter:data1\" content=\"Isabela Giordan\" \/>\n\t<meta name=\"twitter:label2\" content=\"Est. tempo de leitura\" \/>\n\t<meta name=\"twitter:data2\" content=\"1 minuto\" \/>\n<script type=\"application\/ld+json\" class=\"yoast-schema-graph\">{\"@context\":\"https:\/\/schema.org\",\"@graph\":[{\"@type\":\"NewsArticle\",\"@id\":\"https:\/\/militares.estrategia.com\/portal\/noticias\/ime-2022-divulga-gabarito-preliminar\/#article\",\"isPartOf\":{\"@id\":\"https:\/\/militares.estrategia.com\/portal\/noticias\/ime-2022-divulga-gabarito-preliminar\/\"},\"author\":{\"name\":\"Isabela Giordan\",\"@id\":\"https:\/\/militares.estrategia.com\/portal\/#\/schema\/person\/1484d71822803bf2b4ad1c608782f0c4\"},\"headline\":\"IME divulga gabarito preliminar do concurso 2022\",\"datePublished\":\"2021-10-11T00:13:12+00:00\",\"dateModified\":\"2021-10-11T13:18:14+00:00\",\"mainEntityOfPage\":{\"@id\":\"https:\/\/militares.estrategia.com\/portal\/noticias\/ime-2022-divulga-gabarito-preliminar\/\"},\"wordCount\":183,\"publisher\":{\"@id\":\"https:\/\/militares.estrategia.com\/portal\/#organization\"},\"image\":{\"@id\":\"https:\/\/militares.estrategia.com\/portal\/noticias\/ime-2022-divulga-gabarito-preliminar\/#primaryimage\"},\"thumbnailUrl\":\"https:\/\/militares.estrategia.com\/portal\/wp-content\/uploads\/2021\/09\/EM_Capa_Blog07_.jpg\",\"articleSection\":[\"Not\u00edcias\"],\"inLanguage\":\"pt-BR\"},{\"@type\":\"WebPage\",\"@id\":\"https:\/\/militares.estrategia.com\/portal\/noticias\/ime-2022-divulga-gabarito-preliminar\/\",\"url\":\"https:\/\/militares.estrategia.com\/portal\/noticias\/ime-2022-divulga-gabarito-preliminar\/\",\"name\":\"IME 2022: veja o gabarito preliminar do concurso\",\"isPartOf\":{\"@id\":\"https:\/\/militares.estrategia.com\/portal\/#website\"},\"primaryImageOfPage\":{\"@id\":\"https:\/\/militares.estrategia.com\/portal\/noticias\/ime-2022-divulga-gabarito-preliminar\/#primaryimage\"},\"image\":{\"@id\":\"https:\/\/militares.estrategia.com\/portal\/noticias\/ime-2022-divulga-gabarito-preliminar\/#primaryimage\"},\"thumbnailUrl\":\"https:\/\/militares.estrategia.com\/portal\/wp-content\/uploads\/2021\/09\/EM_Capa_Blog07_.jpg\",\"datePublished\":\"2021-10-11T00:13:12+00:00\",\"dateModified\":\"2021-10-11T13:18:14+00:00\",\"description\":\"Prova foi aplicada no \u00faltimo domingo (10); veja o gabarito preliminar do concurso IME 2022 e a corre\u00e7\u00e3o ao vivo do Estrat\u00e9gia Militares\",\"breadcrumb\":{\"@id\":\"https:\/\/militares.estrategia.com\/portal\/noticias\/ime-2022-divulga-gabarito-preliminar\/#breadcrumb\"},\"inLanguage\":\"pt-BR\",\"potentialAction\":[{\"@type\":\"ReadAction\",\"target\":[\"https:\/\/militares.estrategia.com\/portal\/noticias\/ime-2022-divulga-gabarito-preliminar\/\"]}]},{\"@type\":\"ImageObject\",\"inLanguage\":\"pt-BR\",\"@id\":\"https:\/\/militares.estrategia.com\/portal\/noticias\/ime-2022-divulga-gabarito-preliminar\/#primaryimage\",\"url\":\"https:\/\/militares.estrategia.com\/portal\/wp-content\/uploads\/2021\/09\/EM_Capa_Blog07_.jpg\",\"contentUrl\":\"https:\/\/militares.estrategia.com\/portal\/wp-content\/uploads\/2021\/09\/EM_Capa_Blog07_.jpg\",\"width\":750,\"height\":420,\"caption\":\"IME\"},{\"@type\":\"BreadcrumbList\",\"@id\":\"https:\/\/militares.estrategia.com\/portal\/noticias\/ime-2022-divulga-gabarito-preliminar\/#breadcrumb\",\"itemListElement\":[{\"@type\":\"ListItem\",\"position\":1,\"name\":\"Home\",\"item\":\"https:\/\/militares.estrategia.com\/portal\/\"},{\"@type\":\"ListItem\",\"position\":2,\"name\":\"Outros\",\"item\":\"https:\/\/militares.estrategia.com\/portal\/outros\/\"},{\"@type\":\"ListItem\",\"position\":3,\"name\":\"IME divulga gabarito preliminar do concurso 2022\"}]},{\"@type\":\"WebSite\",\"@id\":\"https:\/\/militares.estrategia.com\/portal\/#website\",\"url\":\"https:\/\/militares.estrategia.com\/portal\/\",\"name\":\"Estrat\u00e9gia Militares\",\"description\":\"\",\"publisher\":{\"@id\":\"https:\/\/militares.estrategia.com\/portal\/#organization\"},\"potentialAction\":[{\"@type\":\"SearchAction\",\"target\":{\"@type\":\"EntryPoint\",\"urlTemplate\":\"https:\/\/militares.estrategia.com\/portal\/?s={search_term_string}\"},\"query-input\":{\"@type\":\"PropertyValueSpecification\",\"valueRequired\":true,\"valueName\":\"search_term_string\"}}],\"inLanguage\":\"pt-BR\"},{\"@type\":\"Organization\",\"@id\":\"https:\/\/militares.estrategia.com\/portal\/#organization\",\"name\":\"Estrat\u00e9gia Militares\",\"url\":\"https:\/\/militares.estrategia.com\/portal\/\",\"logo\":{\"@type\":\"ImageObject\",\"inLanguage\":\"pt-BR\",\"@id\":\"https:\/\/militares.estrategia.com\/portal\/#\/schema\/logo\/image\/\",\"url\":\"https:\/\/militares.estrategia.com\/portal\/wp-content\/uploads\/2021\/10\/logo-militares.webp\",\"contentUrl\":\"https:\/\/militares.estrategia.com\/portal\/wp-content\/uploads\/2021\/10\/logo-militares.webp\",\"width\":346,\"height\":90,\"caption\":\"Estrat\u00e9gia Militares\"},\"image\":{\"@id\":\"https:\/\/militares.estrategia.com\/portal\/#\/schema\/logo\/image\/\"},\"sameAs\":[\"https:\/\/www.facebook.com\/EstrategiaMilitares\",\"https:\/\/x.com\/estrategiamilit\",\"https:\/\/www.instagram.com\/estrategiamilitares\/\",\"https:\/\/www.youtube.com\/channel\/UCRG_9hakCqXxnj_8TqCdgTA\"]},{\"@type\":\"Person\",\"@id\":\"https:\/\/militares.estrategia.com\/portal\/#\/schema\/person\/1484d71822803bf2b4ad1c608782f0c4\",\"name\":\"Isabela Giordan\",\"image\":{\"@type\":\"ImageObject\",\"inLanguage\":\"pt-BR\",\"@id\":\"https:\/\/militares.estrategia.com\/portal\/#\/schema\/person\/image\/\",\"url\":\"https:\/\/secure.gravatar.com\/avatar\/474493e24ecabfb752d6ed2de1af8d2f?s=96&d=mm&r=g\",\"contentUrl\":\"https:\/\/secure.gravatar.com\/avatar\/474493e24ecabfb752d6ed2de1af8d2f?s=96&d=mm&r=g\",\"caption\":\"Isabela Giordan\"},\"url\":\"https:\/\/militares.estrategia.com\/portal\/author\/isabela-giordan\/\"}]}<\/script>\n<!-- \/ Yoast SEO Premium plugin. -->","yoast_head_json":{"title":"IME 2022: veja o gabarito preliminar do concurso","description":"Prova foi aplicada no \u00faltimo domingo (10); veja o gabarito preliminar do concurso IME 2022 e a corre\u00e7\u00e3o ao vivo do Estrat\u00e9gia Militares","robots":{"index":"index","follow":"follow","max-snippet":"max-snippet:-1","max-image-preview":"max-image-preview:large","max-video-preview":"max-video-preview:-1"},"canonical":"https:\/\/militares.estrategia.com\/portal\/noticias\/ime-2022-divulga-gabarito-preliminar\/","og_locale":"pt_BR","og_type":"article","og_title":"IME divulga gabarito preliminar do concurso 2022","og_description":"Prova foi aplicada no \u00faltimo domingo (10); veja o gabarito preliminar do concurso IME 2022 e a corre\u00e7\u00e3o ao vivo do Estrat\u00e9gia Militares","og_url":"https:\/\/militares.estrategia.com\/portal\/noticias\/ime-2022-divulga-gabarito-preliminar\/","og_site_name":"Estrat\u00e9gia Militares","article_publisher":"https:\/\/www.facebook.com\/EstrategiaMilitares","article_published_time":"2021-10-11T00:13:12+00:00","article_modified_time":"2021-10-11T13:18:14+00:00","og_image":[{"width":750,"height":420,"url":"https:\/\/cdn.blog.estrategiavestibulares.com.br\/vestibulares\/wp-content\/uploads\/2021\/09\/EM_Capa_Blog07_.jpg","type":"image\/jpeg"}],"author":"Isabela Giordan","twitter_card":"summary_large_image","twitter_creator":"@estrategiamilit","twitter_site":"@estrategiamilit","twitter_misc":{"Escrito por":"Isabela Giordan","Est. tempo de leitura":"1 minuto"},"schema":{"@context":"https:\/\/schema.org","@graph":[{"@type":"NewsArticle","@id":"https:\/\/militares.estrategia.com\/portal\/noticias\/ime-2022-divulga-gabarito-preliminar\/#article","isPartOf":{"@id":"https:\/\/militares.estrategia.com\/portal\/noticias\/ime-2022-divulga-gabarito-preliminar\/"},"author":{"name":"Isabela Giordan","@id":"https:\/\/militares.estrategia.com\/portal\/#\/schema\/person\/1484d71822803bf2b4ad1c608782f0c4"},"headline":"IME divulga gabarito preliminar do concurso 2022","datePublished":"2021-10-11T00:13:12+00:00","dateModified":"2021-10-11T13:18:14+00:00","mainEntityOfPage":{"@id":"https:\/\/militares.estrategia.com\/portal\/noticias\/ime-2022-divulga-gabarito-preliminar\/"},"wordCount":183,"publisher":{"@id":"https:\/\/militares.estrategia.com\/portal\/#organization"},"image":{"@id":"https:\/\/militares.estrategia.com\/portal\/noticias\/ime-2022-divulga-gabarito-preliminar\/#primaryimage"},"thumbnailUrl":"https:\/\/militares.estrategia.com\/portal\/wp-content\/uploads\/2021\/09\/EM_Capa_Blog07_.jpg","articleSection":["Not\u00edcias"],"inLanguage":"pt-BR"},{"@type":"WebPage","@id":"https:\/\/militares.estrategia.com\/portal\/noticias\/ime-2022-divulga-gabarito-preliminar\/","url":"https:\/\/militares.estrategia.com\/portal\/noticias\/ime-2022-divulga-gabarito-preliminar\/","name":"IME 2022: veja o gabarito preliminar do concurso","isPartOf":{"@id":"https:\/\/militares.estrategia.com\/portal\/#website"},"primaryImageOfPage":{"@id":"https:\/\/militares.estrategia.com\/portal\/noticias\/ime-2022-divulga-gabarito-preliminar\/#primaryimage"},"image":{"@id":"https:\/\/militares.estrategia.com\/portal\/noticias\/ime-2022-divulga-gabarito-preliminar\/#primaryimage"},"thumbnailUrl":"https:\/\/militares.estrategia.com\/portal\/wp-content\/uploads\/2021\/09\/EM_Capa_Blog07_.jpg","datePublished":"2021-10-11T00:13:12+00:00","dateModified":"2021-10-11T13:18:14+00:00","description":"Prova foi aplicada no \u00faltimo domingo (10); veja o gabarito preliminar do concurso IME 2022 e a corre\u00e7\u00e3o ao vivo do Estrat\u00e9gia Militares","breadcrumb":{"@id":"https:\/\/militares.estrategia.com\/portal\/noticias\/ime-2022-divulga-gabarito-preliminar\/#breadcrumb"},"inLanguage":"pt-BR","potentialAction":[{"@type":"ReadAction","target":["https:\/\/militares.estrategia.com\/portal\/noticias\/ime-2022-divulga-gabarito-preliminar\/"]}]},{"@type":"ImageObject","inLanguage":"pt-BR","@id":"https:\/\/militares.estrategia.com\/portal\/noticias\/ime-2022-divulga-gabarito-preliminar\/#primaryimage","url":"https:\/\/militares.estrategia.com\/portal\/wp-content\/uploads\/2021\/09\/EM_Capa_Blog07_.jpg","contentUrl":"https:\/\/militares.estrategia.com\/portal\/wp-content\/uploads\/2021\/09\/EM_Capa_Blog07_.jpg","width":750,"height":420,"caption":"IME"},{"@type":"BreadcrumbList","@id":"https:\/\/militares.estrategia.com\/portal\/noticias\/ime-2022-divulga-gabarito-preliminar\/#breadcrumb","itemListElement":[{"@type":"ListItem","position":1,"name":"Home","item":"https:\/\/militares.estrategia.com\/portal\/"},{"@type":"ListItem","position":2,"name":"Outros","item":"https:\/\/militares.estrategia.com\/portal\/outros\/"},{"@type":"ListItem","position":3,"name":"IME divulga gabarito preliminar do concurso 2022"}]},{"@type":"WebSite","@id":"https:\/\/militares.estrategia.com\/portal\/#website","url":"https:\/\/militares.estrategia.com\/portal\/","name":"Estrat\u00e9gia Militares","description":"","publisher":{"@id":"https:\/\/militares.estrategia.com\/portal\/#organization"},"potentialAction":[{"@type":"SearchAction","target":{"@type":"EntryPoint","urlTemplate":"https:\/\/militares.estrategia.com\/portal\/?s={search_term_string}"},"query-input":{"@type":"PropertyValueSpecification","valueRequired":true,"valueName":"search_term_string"}}],"inLanguage":"pt-BR"},{"@type":"Organization","@id":"https:\/\/militares.estrategia.com\/portal\/#organization","name":"Estrat\u00e9gia Militares","url":"https:\/\/militares.estrategia.com\/portal\/","logo":{"@type":"ImageObject","inLanguage":"pt-BR","@id":"https:\/\/militares.estrategia.com\/portal\/#\/schema\/logo\/image\/","url":"https:\/\/militares.estrategia.com\/portal\/wp-content\/uploads\/2021\/10\/logo-militares.webp","contentUrl":"https:\/\/militares.estrategia.com\/portal\/wp-content\/uploads\/2021\/10\/logo-militares.webp","width":346,"height":90,"caption":"Estrat\u00e9gia Militares"},"image":{"@id":"https:\/\/militares.estrategia.com\/portal\/#\/schema\/logo\/image\/"},"sameAs":["https:\/\/www.facebook.com\/EstrategiaMilitares","https:\/\/x.com\/estrategiamilit","https:\/\/www.instagram.com\/estrategiamilitares\/","https:\/\/www.youtube.com\/channel\/UCRG_9hakCqXxnj_8TqCdgTA"]},{"@type":"Person","@id":"https:\/\/militares.estrategia.com\/portal\/#\/schema\/person\/1484d71822803bf2b4ad1c608782f0c4","name":"Isabela Giordan","image":{"@type":"ImageObject","inLanguage":"pt-BR","@id":"https:\/\/militares.estrategia.com\/portal\/#\/schema\/person\/image\/","url":"https:\/\/secure.gravatar.com\/avatar\/474493e24ecabfb752d6ed2de1af8d2f?s=96&d=mm&r=g","contentUrl":"https:\/\/secure.gravatar.com\/avatar\/474493e24ecabfb752d6ed2de1af8d2f?s=96&d=mm&r=g","caption":"Isabela Giordan"},"url":"https:\/\/militares.estrategia.com\/portal\/author\/isabela-giordan\/"}]}},"_wl_alt_label":[],"wl:entity_url":"https:\/\/data.wordlift.io\/wl110246\/post\/ime_divulga_gabarito_preliminar_do_concurso_2022","_links":{"self":[{"href":"https:\/\/militares.estrategia.com\/portal\/wp-json\/wp\/v2\/posts\/48207","targetHints":{"allow":["GET"]}}],"collection":[{"href":"https:\/\/militares.estrategia.com\/portal\/wp-json\/wp\/v2\/posts"}],"about":[{"href":"https:\/\/militares.estrategia.com\/portal\/wp-json\/wp\/v2\/types\/post"}],"author":[{"embeddable":true,"href":"https:\/\/militares.estrategia.com\/portal\/wp-json\/wp\/v2\/users\/43"}],"replies":[{"embeddable":true,"href":"https:\/\/militares.estrategia.com\/portal\/wp-json\/wp\/v2\/comments?post=48207"}],"version-history":[{"count":1,"href":"https:\/\/militares.estrategia.com\/portal\/wp-json\/wp\/v2\/posts\/48207\/revisions"}],"predecessor-version":[{"id":48216,"href":"https:\/\/militares.estrategia.com\/portal\/wp-json\/wp\/v2\/posts\/48207\/revisions\/48216"}],"wp:featuredmedia":[{"embeddable":true,"href":"https:\/\/militares.estrategia.com\/portal\/wp-json\/wp\/v2\/media\/47831"}],"wp:attachment":[{"href":"https:\/\/militares.estrategia.com\/portal\/wp-json\/wp\/v2\/media?parent=48207"}],"wp:term":[{"taxonomy":"category","embeddable":true,"href":"https:\/\/militares.estrategia.com\/portal\/wp-json\/wp\/v2\/categories?post=48207"},{"taxonomy":"post_tag","embeddable":true,"href":"https:\/\/militares.estrategia.com\/portal\/wp-json\/wp\/v2\/tags?post=48207"},{"taxonomy":"wl_entity_type","embeddable":true,"href":"https:\/\/militares.estrategia.com\/portal\/wp-json\/wp\/v2\/wl_entity_type?post=48207"}],"curies":[{"name":"wp","href":"https:\/\/api.w.org\/{rel}","templated":true}]}}