{"id":47940,"date":"2021-10-01T11:29:39","date_gmt":"2021-10-01T14:29:39","guid":{"rendered":"https:\/\/blog.estrategiamilitares.com.br\/?p=47940"},"modified":"2022-08-04T13:46:59","modified_gmt":"2022-08-04T16:46:59","slug":"gabarito-colegio-naval-2022-confira-a-correcao","status":"publish","type":"post","link":"https:\/\/militares.estrategia.com\/portal\/eventos\/gabaritos\/gabarito-colegio-naval-2022-confira-a-correcao\/","title":{"rendered":"Gabarito Col\u00e9gio Naval 2022: corre\u00e7\u00e3o, recursos e gabarito oficial"},"content":{"rendered":"\n<p>A&nbsp;primeira fase do&nbsp;<strong>Concurso CN <\/strong>acontece nos dias 2 e 3 de outubro. O&nbsp;<a href=\"https:\/\/www.estrategiamilitares.com.br\/\" target=\"_blank\" >Estrat\u00e9gia Militares<\/a>&nbsp;fez a&nbsp;<strong>Corre\u00e7\u00e3o ao Vivo da Prova Col\u00e9gio Naval 2022, \u00e0s 16h, do dia 5 de outubro!&nbsp;<\/strong>O&nbsp;<strong>Gabarito Col\u00e9gio Naval foi postado em tempo real no Blog do Estrat\u00e9gia Militares<\/strong>. Ent\u00e3o, fique atento!<\/p>\n\n\n\n<p>Voc\u00ea pode baixar o arquivo da prova e do gabarito oficial do Col\u00e9gio Naval no bot\u00e3o abaixo! <\/p>\n\n\n\n<div class=\"wp-block-buttons is-content-justification-center is-layout-flex wp-block-buttons-is-layout-flex\">\n<div class=\"wp-block-button is-style-outline is-style-outline--1\"><a class=\"wp-block-button__link has-black-color has-electric-grass-gradient-background has-text-color has-background\" href=\"https:\/\/militares.estrategia.com\/portal\/wp-content\/uploads\/2021\/10\/Provas-CN-2022.zip\" target=\"_blank\" >Provas oficiais Col\u00e9gio Naval 2022<\/a><\/div>\n<\/div>\n\n\n\n<div class=\"wp-block-buttons is-content-justification-center is-layout-flex wp-block-buttons-is-layout-flex\">\n<div class=\"wp-block-button is-style-outline is-style-outline--2\"><a class=\"wp-block-button__link has-black-color has-electric-grass-gradient-background has-text-color has-background\" href=\"https:\/\/militares.estrategia.com\/portal\/wp-content\/uploads\/2021\/10\/CPACN2021GAB-FINAL.pdf\" target=\"_blank\" >Gabarito oficial definitivo CN 2022<\/a><\/div>\n<\/div>\n\n\n\n<div id=\"ez-toc-container\" class=\"ez-toc-v2_0_79_2 counter-hierarchy ez-toc-counter ez-toc-transparent ez-toc-container-direction\">\n<div class=\"ez-toc-title-container\"><p class=\"ez-toc-title\" style=\"cursor:inherit\">Navegue pelo conte\u00fado\t<\/p>\n<\/div><nav><ul class='ez-toc-list ez-toc-list-level-1 ' ><li class='ez-toc-page-1 ez-toc-heading-level-2'><a class=\"ez-toc-link ez-toc-heading-1\" href=\"https:\/\/militares.estrategia.com\/portal\/eventos\/gabaritos\/gabarito-colegio-naval-2022-confira-a-correcao\/#Correcao-Comentada-e-Recurso\" >Corre\u00e7\u00e3o Comentada e Recurso<\/a><\/li><li class='ez-toc-page-1 ez-toc-heading-level-2'><a class=\"ez-toc-link ez-toc-heading-2\" href=\"https:\/\/militares.estrategia.com\/portal\/eventos\/gabaritos\/gabarito-colegio-naval-2022-confira-a-correcao\/#Gabarito-Colegio-Naval-%E2%80%93-1%C2%B0dia\" >Gabarito Col\u00e9gio Naval &#8211; 1\u00b0dia<\/a><\/li><li class='ez-toc-page-1 ez-toc-heading-level-2'><a class=\"ez-toc-link ez-toc-heading-3\" href=\"https:\/\/militares.estrategia.com\/portal\/eventos\/gabaritos\/gabarito-colegio-naval-2022-confira-a-correcao\/#Gabarito-Colegio-Naval-%E2%80%93-2%C2%B0dia\" >Gabarito Col\u00e9gio Naval &#8211; 2\u00b0dia<\/a><\/li><li class='ez-toc-page-1 ez-toc-heading-level-2'><a class=\"ez-toc-link ez-toc-heading-4\" href=\"https:\/\/militares.estrategia.com\/portal\/eventos\/gabaritos\/gabarito-colegio-naval-2022-confira-a-correcao\/#Assista-a-correcao-ao-vivo-do-Estrategia-Militares\" >Assista a corre\u00e7\u00e3o ao vivo do Estrat\u00e9gia Militares!<\/a><\/li><li class='ez-toc-page-1 ez-toc-heading-level-2'><a class=\"ez-toc-link ez-toc-heading-5\" href=\"https:\/\/militares.estrategia.com\/portal\/eventos\/gabaritos\/gabarito-colegio-naval-2022-confira-a-correcao\/#Como-e-a-prova-do-Colegio-Naval\" >Como \u00e9 a prova do Col\u00e9gio Naval?<\/a><\/li><li class='ez-toc-page-1 ez-toc-heading-level-2'><a class=\"ez-toc-link ez-toc-heading-6\" href=\"https:\/\/militares.estrategia.com\/portal\/eventos\/gabaritos\/gabarito-colegio-naval-2022-confira-a-correcao\/#Etapas-do-Colegio-Naval\" >Etapas do Col\u00e9gio Naval<\/a><\/li><li class='ez-toc-page-1 ez-toc-heading-level-2'><a class=\"ez-toc-link ez-toc-heading-7\" href=\"https:\/\/militares.estrategia.com\/portal\/eventos\/gabaritos\/gabarito-colegio-naval-2022-confira-a-correcao\/#No-dia-da-prova\" >No dia da prova<\/a><\/li><li class='ez-toc-page-1 ez-toc-heading-level-2'><a class=\"ez-toc-link ez-toc-heading-8\" href=\"https:\/\/militares.estrategia.com\/portal\/eventos\/gabaritos\/gabarito-colegio-naval-2022-confira-a-correcao\/#Locais-de-prova-Colegio-Naval\" >Locais de prova Col\u00e9gio Naval<\/a><\/li><li class='ez-toc-page-1 ez-toc-heading-level-2'><a class=\"ez-toc-link ez-toc-heading-9\" href=\"https:\/\/militares.estrategia.com\/portal\/eventos\/gabaritos\/gabarito-colegio-naval-2022-confira-a-correcao\/#Informacoes-Principais-para-2022\" >Informa\u00e7\u00f5es Principais para 2022<\/a><\/li><\/ul><\/nav><\/div>\n<h2 class=\"wp-block-heading\" id=\"h-correcao-comentada-e-recurso\"><span class=\"ez-toc-section\" id=\"Correcao-Comentada-e-Recurso\"><\/span>Corre\u00e7\u00e3o Comentada e Recurso <span class=\"ez-toc-section-end\"><\/span><\/h2>\n\n\n\n<p>Al\u00e9m da corre\u00e7\u00e3o ao vivo, os professores do Estrat\u00e9gia Militares tamb\u00e9m disponibilizam a corre\u00e7\u00e3o comentada em PDF para os candidatos que realizaram a prova do Col\u00e9gio Naval 2022. Veja abaixo: <\/p>\n\n\n\n<ul class=\"wp-block-list\"><li><a href=\"https:\/\/militares.estrategia.com\/portal\/wp-content\/uploads\/2021\/10\/Gabarito-CN-2022-Geometria.pdf\" target=\"_blank\" >Corre\u00e7\u00e3o Prova CN 2022 &#8211; Geometria<\/a><\/li><\/ul>\n\n\n\n<h2 class=\"wp-block-heading\" id=\"h-gabarito-colegio-naval-1-dia\"><span class=\"ez-toc-section\" id=\"Gabarito-Colegio-Naval-%E2%80%93-1%C2%B0dia\"><\/span>Gabarito Col\u00e9gio Naval &#8211; 1\u00b0dia<span class=\"ez-toc-section-end\"><\/span><\/h2>\n\n\n\n<h3 class=\"wp-block-heading\" id=\"h-modelo-verde\">Modelo: Verde<\/h3>\n\n\n\n<figure class=\"wp-block-table\"><table class=\"has-black-color has-text-color has-background has-fixed-layout\" style=\"background-color:#d0ffc7\"><tbody><tr><td>1- <strong>E<\/strong><\/td><td>11- <strong>B<\/strong><\/td><td>21- <strong>A<\/strong><\/td><td>31- <strong>D<\/strong><\/td><\/tr><tr><td>2- <strong>E<\/strong>*<\/td><td>12- <strong>E<\/strong><\/td><td>22- <strong>C<\/strong><\/td><td>32- <strong>C<\/strong><\/td><\/tr><tr><td>3- <strong>C<\/strong><\/td><td>13- <strong>A<\/strong><\/td><td>23- <strong>D<\/strong><\/td><td>33- <strong>A<\/strong><\/td><\/tr><tr><td>4- <strong>C<\/strong>*<\/td><td>14- <strong>A<\/strong><\/td><td>24- <strong>C<\/strong><\/td><td>34- <strong>D<\/strong><\/td><\/tr><tr><td>5- <strong>A<\/strong><\/td><td>15- <strong>E<\/strong>*<\/td><td>25- <strong>E<\/strong><\/td><td>35- <strong>E<\/strong><\/td><\/tr><tr><td>6- <strong>D<\/strong><\/td><td>16- <strong>C<\/strong><\/td><td>26- <strong>E<\/strong><\/td><td>36- <strong>B<\/strong><\/td><\/tr><tr><td>7- <strong>D<\/strong><\/td><td>17- <strong>A*<\/strong><\/td><td>27- <strong>B<\/strong><\/td><td>37- <strong>E<\/strong><\/td><\/tr><tr><td>8- <strong>C<\/strong><\/td><td>18- <strong>A<\/strong><\/td><td>28- <strong>B<\/strong><\/td><td>38- <strong>D<\/strong><\/td><\/tr><tr><td>9- <strong>C<\/strong><\/td><td>19- <strong>D<\/strong><\/td><td>29- <strong>A<\/strong><\/td><td>39- <strong>B<\/strong><\/td><\/tr><tr><td>10- <strong>B<\/strong><\/td><td>20- <strong>D<\/strong><\/td><td>30- <strong>A<\/strong><\/td><td>40- <strong>C<\/strong><\/td><\/tr><\/tbody><\/table><\/figure>\n\n\n\n<h3 class=\"wp-block-heading\" id=\"h-modelo-amarela\">Modelo: Amarela<\/h3>\n\n\n\n<figure class=\"wp-block-table\"><table class=\"has-black-color has-text-color has-background has-fixed-layout\" style=\"background-color:#d0ffc7\"><tbody><tr><td>1- <strong>A<\/strong><\/td><td>11- <strong>A<\/strong><\/td><td>21- <strong>C<\/strong><\/td><td>31- <strong>A<\/strong><\/td><\/tr><tr><td>2- <strong>A<\/strong><\/td><td>12- <strong>E<\/strong><\/td><td>22- <strong>E<\/strong><\/td><td>32- <strong>D<\/strong><\/td><\/tr><tr><td>3- <strong>E<\/strong><\/td><td>13- <strong>D<\/strong><\/td><td>23- <strong>A<\/strong><\/td><td>33- <strong>D<\/strong><\/td><\/tr><tr><td>4- <strong>C<\/strong><\/td><td>14- <strong>D<\/strong><\/td><td>24- <strong>B<\/strong><\/td><td>34- <strong>E<\/strong><\/td><\/tr><tr><td>5- <strong>E<\/strong><\/td><td>15- <strong>D<\/strong><\/td><td>25- <strong>D<\/strong><\/td><td>35- <strong>A<\/strong><\/td><\/tr><tr><td>6- <strong>E<\/strong>*<\/td><td>16- <strong>B<\/strong><\/td><td>26- <strong>E<\/strong><\/td><td>36- <strong>B<\/strong><\/td><\/tr><tr><td>7- <strong>A*<\/strong><\/td><td>17- <strong>A<\/strong><\/td><td>27- <strong>C<\/strong><\/td><td>37- <strong>B<\/strong><\/td><\/tr><tr><td>8- <strong>C<\/strong><\/td><td>18- <strong>C<\/strong><\/td><td>28- <strong>B<\/strong><\/td><td>38- <strong>E<\/strong><\/td><\/tr><tr><td>9- <strong>B<\/strong><\/td><td>19- <strong>C<\/strong><\/td><td>29- <strong>A<\/strong><\/td><td>39- <strong>D<\/strong><\/td><\/tr><tr><td>10- <strong>D<\/strong><\/td><td>20- <strong>C<\/strong><\/td><td>30- <strong>C<\/strong><\/td><td>40- <strong>C<\/strong><\/td><\/tr><\/tbody><\/table><\/figure>\n\n\n\n<h2 class=\"wp-block-heading\" id=\"h-gabarito-colegio-naval-2-dia\"><span class=\"ez-toc-section\" id=\"Gabarito-Colegio-Naval-%E2%80%93-2%C2%B0dia\"><\/span> Gabarito Col\u00e9gio Naval &#8211; 2\u00b0dia <span class=\"ez-toc-section-end\"><\/span><\/h2>\n\n\n\n<h3 class=\"wp-block-heading\" id=\"h-modelo-verde-1\"> Modelo: Verde<\/h3>\n\n\n\n<figure class=\"wp-block-table\"><table class=\"has-background has-fixed-layout\" style=\"background-color:#d0ffc7\"><tbody><tr><td>1- <strong>D<\/strong><\/td><td>11- <strong>B<\/strong><\/td><td>21- <strong>B<\/strong><\/td><td>31- <strong>C<\/strong><\/td><td>41- <strong>D<\/strong><\/td><\/tr><tr><td>2- <strong>E<\/strong><\/td><td>12- <strong>C<\/strong><\/td><td>22- <strong>D<\/strong><\/td><td>32- <strong>E<\/strong><\/td><td>42- <strong>C<\/strong><\/td><\/tr><tr><td>3- <strong>C<\/strong><\/td><td>13- <strong>B<\/strong><\/td><td>23- <strong>E*<\/strong><\/td><td>33- <strong>B<\/strong><\/td><td>43- <strong>A<\/strong><\/td><\/tr><tr><td>4- <strong>A<\/strong><\/td><td>14- <strong>D<\/strong><\/td><td>24- <strong>B*<\/strong><\/td><td>34- <strong>D<\/strong><\/td><td>44- <strong>E<\/strong><\/td><\/tr><tr><td>5- <strong>A<\/strong><\/td><td>15- <strong>E<\/strong><\/td><td>25- <strong>C<\/strong><\/td><td>35- <strong>E<\/strong><\/td><td>45- <strong>C<\/strong><\/td><\/tr><tr><td>6- <strong>E*<\/strong><\/td><td>16- <strong>A<\/strong><\/td><td>26- <strong>B<\/strong><\/td><td>36- <strong>B<\/strong><\/td><td>46- <strong>D<\/strong><\/td><\/tr><tr><td>7- <strong>B<\/strong><\/td><td>17- <strong>D<\/strong><\/td><td>27- <strong>D<\/strong><\/td><td>37- <strong>E<\/strong><\/td><td>47- <strong>A<\/strong><\/td><\/tr><tr><td>8- <strong>E<\/strong><\/td><td>18-<strong>C<\/strong><\/td><td>28- <strong>A<\/strong><\/td><td>38- <strong>A<\/strong><\/td><td>48- <strong>E<\/strong><\/td><\/tr><tr><td>9- <strong>A<\/strong><\/td><td>19- <strong>B<\/strong><\/td><td>29- <strong>D<\/strong><\/td><td>39- <strong>B<\/strong><\/td><td>49- <strong>B<\/strong><\/td><\/tr><tr><td>10- <strong>C<\/strong><\/td><td>20- <strong>C<\/strong><\/td><td>30- <strong>B<\/strong><\/td><td>40- <strong>B<\/strong><\/td><td>50- <strong>X*<\/strong><\/td><\/tr><\/tbody><\/table><\/figure>\n\n\n\n<h3 class=\"wp-block-heading\" id=\"h-modelo-amarela-1\"> Modelo: Amarela<\/h3>\n\n\n\n<figure class=\"wp-block-table\"><table class=\"has-background has-fixed-layout\" style=\"background-color:#d0ffc7\"><tbody><tr><td>1- <strong>B<\/strong><\/td><td>11- <strong>E*<\/strong><\/td><td>21- <strong>B<\/strong><\/td><td>31- <strong>C<\/strong><\/td><td>41- <strong>B<\/strong><\/td><\/tr><tr><td>2- <strong>C<\/strong><\/td><td>12- <strong>D<\/strong><\/td><td>22- <strong>C<\/strong><\/td><td>32- <strong>E<\/strong><\/td><td>42- <strong>A<\/strong><\/td><\/tr><tr><td>3- <strong>C<\/strong><\/td><td>13- <strong>D<\/strong><\/td><td>23- <strong>E*<\/strong><\/td><td>33- <strong>B<\/strong><\/td><td>43- <strong>D<\/strong><\/td><\/tr><tr><td>4- <strong>E<\/strong><\/td><td>14- <strong>B<\/strong><\/td><td>24- <strong>B*<\/strong><\/td><td>34- <strong>B<\/strong><\/td><td>44- <strong>C<\/strong><\/td><\/tr><tr><td>5- <strong>A<\/strong><\/td><td>15- <strong>E<\/strong><\/td><td>25- <strong>D<\/strong><\/td><td>35- <strong>D<\/strong><\/td><td>45- <strong>A<\/strong><\/td><\/tr><tr><td>6- <strong>E<\/strong><\/td><td>16- <strong>A<\/strong><\/td><td>26- <strong>B<\/strong><\/td><td>36- <strong>E<\/strong><\/td><td>46- <strong>D<\/strong><\/td><\/tr><tr><td>7- <strong>B<\/strong><\/td><td>17- <strong>D<\/strong><\/td><td>27- <strong>D<\/strong><\/td><td>37- <strong>A<\/strong><\/td><td>47- <strong>E<\/strong><\/td><\/tr><tr><td>8- <strong>A<\/strong><\/td><td>18- <strong>C<\/strong><\/td><td>28- <strong>D<\/strong><\/td><td>38- <strong>E<\/strong><\/td><td>48- <strong>X*<\/strong><\/td><\/tr><tr><td>9- <strong>A<\/strong><\/td><td>19- <strong>B<\/strong><\/td><td>29- <strong>B<\/strong><\/td><td>39- <strong>B<\/strong><\/td><td>49- <strong>B<\/strong><\/td><\/tr><tr><td>10- <strong>C<\/strong><\/td><td>20- <strong>C<\/strong><\/td><td>30- <strong>A<\/strong><\/td><td>40- <strong>E<\/strong><\/td><td>50- <strong>C<\/strong><\/td><\/tr><\/tbody><\/table><\/figure>\n\n\n\n<pre class=\"wp-block-verse\"><strong>Aten\u00e7\u00e3o! <\/strong>Quest\u00f5es marcadas com * s\u00e3o pass\u00edveis de recurso e as marcadas com X* tem possibilidade de anula\u00e7\u00e3o.  <\/pre>\n\n\n\n<h2 class=\"wp-block-heading\" id=\"h-assista-a-correcao-ao-vivo-do-estrategia-militares\"><span class=\"ez-toc-section\" id=\"Assista-a-correcao-ao-vivo-do-Estrategia-Militares\"><\/span>Assista a corre\u00e7\u00e3o ao vivo do Estrat\u00e9gia Militares! <span class=\"ez-toc-section-end\"><\/span><\/h2>\n\n\n\n<figure class=\"wp-block-embed is-type-video is-provider-youtube wp-block-embed-youtube wp-embed-aspect-16-9 wp-has-aspect-ratio\"><div class=\"wp-block-embed__wrapper\">\n<div class=\"cs-embed cs-embed-responsive\"><iframe title=\"GABARITO CN 2022: CORRE\u00c7\u00c3O DE PROVA AO VIVO (Col\u00e9gio Naval)\" width=\"1200\" height=\"675\" src=\"https:\/\/www.youtube.com\/embed\/_XsTz9O4iFQ?feature=oembed\" frameborder=\"0\" allow=\"accelerometer; autoplay; clipboard-write; encrypted-media; gyroscope; picture-in-picture; web-share\" referrerpolicy=\"strict-origin-when-cross-origin\" allowfullscreen><\/iframe><\/div>\n<\/div><\/figure>\n\n\n\n<h2 class=\"wp-block-heading\" id=\"h-como-e-a-prova-do-colegio-naval\"><span class=\"ez-toc-section\" id=\"Como-e-a-prova-do-Colegio-Naval\"><\/span>Como \u00e9 a prova do Col\u00e9gio Naval?<span class=\"ez-toc-section-end\"><\/span><\/h2>\n\n\n\n<h3 class=\"wp-block-heading\" id=\"h-prova-escrita-objetiva\"><strong>Prova Escrita Objetiva<\/strong><\/h3>\n\n\n\n<p><strong>A Prova Escrita Objetiva foi aplicada em dois dias seguidos<\/strong>. No primeiro dia, s\u00e3o realizadas as quest\u00f5es de Matem\u00e1tica e Ingl\u00eas, enquanto que no segundo dia s\u00e3o feitas as quest\u00f5es de Portugu\u00eas, Estudos Sociais, Ci\u00eancias e Reda\u00e7\u00e3o.&nbsp;<\/p>\n\n\n\n<p>A reda\u00e7\u00e3o tem como prop\u00f3sito&nbsp;<strong>verificar a capacidade de express\u00e3o escrita<\/strong>&nbsp;do candidato na l\u00edngua portuguesa. O texto deve ser dissertativo, com ideias claras, coerentes e objetivas.<\/p>\n\n\n\n<h3 class=\"wp-block-heading\" id=\"h-colegio-naval-materias-da-prova\"><strong>Col\u00e9gio Naval \u2013 mat\u00e9rias da prova<\/strong><\/h3>\n\n\n\n<p>Para a realiza\u00e7\u00e3o da prova, os candidatos devem estudar mat\u00e9rias relacionadas ao ensino fundamental, sendo elas: Matem\u00e1tica, F\u00edsica, L\u00edngua Portuguesa e L\u00edngua Inglesa.<\/p>\n\n\n\n<p>As disciplinas de cada dia s\u00e3o:<\/p>\n\n\n\n<p>1\u00ba dia \u2013 5 horas de prova<\/p>\n\n\n\n<ul class=\"wp-block-list\"><li>Matem\u00e1tica com 20 quest\u00f5es; e<\/li><li>Ingl\u00eas com 20 quest\u00f5es.<\/li><\/ul>\n\n\n\n<p>2\u00ba dia \u2013 4 horas de prova<\/p>\n\n\n\n<ul class=\"wp-block-list\"><li>Portugu\u00eas com 20 quest\u00f5es;&nbsp;<\/li><li>Estudos Sociais com 12 quest\u00f5es;<\/li><li>Ci\u00eancias com 18 quest\u00f5es; e<\/li><li>Reda\u00e7\u00e3o.<\/li><\/ul>\n\n\n\n<h2 class=\"wp-block-heading\" id=\"h-etapas-do-colegio-naval\"><span class=\"ez-toc-section\" id=\"Etapas-do-Colegio-Naval\"><\/span><strong>Etapas do Col\u00e9gio Naval<\/strong><span class=\"ez-toc-section-end\"><\/span><\/h2>\n\n\n\n<p>O concurso \u00e9 composto de: Prova Escrita e Reda\u00e7\u00e3o,&nbsp;<a href=\"https:\/\/militares.estrategia.com\/portal\/guias\/taf\/\" target=\"_blank\" >Teste de Aptid\u00e3o F\u00edsica<\/a>, Inspe\u00e7\u00e3o de Sa\u00fade e Avalia\u00e7\u00e3o Psicol\u00f3gica.<\/p>\n\n\n\n<h2 class=\"wp-block-heading\" id=\"h-no-dia-da-prova\"><span class=\"ez-toc-section\" id=\"No-dia-da-prova\"><\/span>No dia da prova<span class=\"ez-toc-section-end\"><\/span><\/h2>\n\n\n\n<p>Para a realiza\u00e7\u00e3o da prova, n\u00e3o ser\u00e1 permitido:<\/p>\n\n\n\n<ul class=\"wp-block-list\"><li>Aparelhos eletr\u00f4nicos;<\/li><li>Rel\u00f3gios;<\/li><li>Empr\u00e9stimo de material entre os candidatos;<\/li><li>Cobrir orelhas;<\/li><li>Cobrir topo da cabe\u00e7a com acess\u00f3rios;<\/li><li>Livros;<\/li><li>Mochilas; e<\/li><li>Comunica\u00e7\u00e3o entre os candidatos.<\/li><\/ul>\n\n\n\n<p>O candidato poder\u00e1 levar:<\/p>\n\n\n\n<ul class=\"wp-block-list\"><li>Caneta azul ou preta;<\/li><li>L\u00e1pis;<\/li><li>Borracha; e<\/li><li>Alimentos e bebidas n\u00e3o alco\u00f3licas.<\/li><\/ul>\n\n\n\n<h2 class=\"wp-block-heading\" id=\"h-locais-de-prova-colegio-naval\"><span class=\"ez-toc-section\" id=\"Locais-de-prova-Colegio-Naval\"><\/span><strong>Locais de prova Col\u00e9gio Naval<\/strong><span class=\"ez-toc-section-end\"><\/span><\/h2>\n\n\n\n<p>Confira abaixo todos os locais de realiza\u00e7\u00e3o das provas escritas e das etapas complementares do concurso:<\/p>\n\n\n\n<ul class=\"wp-block-list\"><li><strong>Bras\u00edlia\/DF<\/strong>&nbsp;\u2013 Servi\u00e7o de Recrutamento Distrital do Comando do 7\u00ba Distrito Naval (Com7\u00baDN) \u2013 Esplanada dos Minist\u00e9rios \u2013 Bloco \u201cN\u201d \u2013 T\u00e9rreo \u2013 Pr\u00e9dio Anexo ao do Comando da Marinha \u2013 Bras\u00edlia\/DF \u2013 CEP 70055-900;<\/li><li><strong>Belo Horizonte\/MG<\/strong>\u2013 Capitania Fluvial de Minas Gerais (CFMG) \u2013 Avenida Celso Porf\u00edrio Machado n\u00b0 1100 \u2013 Belvedere \u2013 Belo Horizonte\/MG \u2013 CEP: 30320-400;<\/li><li><strong>S\u00e3o Pedro da Aldeia \/ RJ \u2013&nbsp;<\/strong>&nbsp;RJ Base A\u00e9rea Naval de S\u00e3o Pedro da Aldeia (BAeNSPA) \u2013 Rua Comandante Ituriel, s\/n\u00ba \u2013 Fluminense \u2013 S\u00e3o Pedro da Aldeia\/RJ \u2013 CEP 28940-000<\/li><li><strong>Manaus\/AM \u2013&nbsp;&nbsp;<\/strong>Servi\u00e7o de Recrutamento Distrital do Comando do 9\u00ba Distrito Naval (Com9\u00baDN) \u2013 Rua Bernardo Ramos, s\/n\u00ba \u2013 Centro \u2013 Ilha de S\u00e3o Vicente \u2013 Manaus\/AM \u2013 CEP 69005-310;<\/li><li><strong>Porto Alegre\/RS \u2013&nbsp;<\/strong>Capitania Fluvial de Porto Alegre (CFPA) \u2013 Rua dos Andradas, n\u00ba 386 \u2013 Centro \u2013 Porto Alegre\/RS \u2013 CEP 90020-000;<\/li><li><strong>Rio de Janeiro\/RJ \u2013&nbsp;<\/strong>Servi\u00e7o de Sele\u00e7\u00e3o do Pessoal da Marinha (SSPM) \u2013 Pra\u00e7a Bar\u00e3o de Lad\u00e1rio, S\/N \u2013 Centro \u2013 Rio de Janeiro\/RJ \u2013 CEP 20091-000;<\/li><li><strong>Salvador\/BA \u2013&nbsp;<\/strong>Servi\u00e7o de Recrutamento Distrital do Comando do 2\u00ba Distrito Naval (Com2\u00baDN) \u2013 Avenida das Naus, s\/n\u00ba \u2013 Com\u00e9rcio \u2013 Salvador\/BA \u2013 CEP 40015-270 ;<\/li><li><strong>S\u00e3o Paulo\/SP \u2013&nbsp;<\/strong>Servi\u00e7o de Recrutamento Distrital do Comando do 8\u00ba Distrito Naval (Com8\u00baDN) \u2013 Rua Estado de Israel, n\u00ba 776 \u2013 Vila Clementino \u2013 S\u00e3o Paulo\/SP \u2013 CEP 04022-002;<\/li><li><strong>Bel\u00e9m\/PA \u2013<\/strong>&nbsp;Servi\u00e7o de Recrutamento Distrital do Comando do 4\u00ba Distrito Naval (Com4\u00baDN) -Pra\u00e7a Carneiro da Rocha, s\/n\u00ba \u2013 Cidade Velha \u2013 Bel\u00e9m\/PA \u2013 CEP 66020-150;<\/li><li><strong>Vila Velha \/ ES<\/strong>&nbsp;\u2013 Escola de Aprendizes-Marinheiros do Esp\u00edrito Santo (EAMES) \u2013 Enseada do Inho\u00e1, s\/n\u00ba \u2013 Prainha \u2013 Vila Velha\/ES \u2013 CEP 29100-900;<\/li><li><strong>Santos \/ SP \u2013&nbsp;<\/strong>N\u00facleo de Apoio \u00e0s Atividades da Capitania dos Portos de S\u00e3o Paulo (CPSP) \u2013 Avenida Conselheiro N\u00e9bias n\u00ba 488 \u2013 Encruzilhada \u2013 Santos\/SP \u2013 CEP 11045-001;<\/li><li><strong>Barra Bonita \/ SP<\/strong>&nbsp;\u2013 Capitania Fluvial do Tiet\u00ea \u2013 Paran\u00e1 (CFTP) \u2013 Av Pedro Ometto n\u00b0 804 \u2013 Centro \u2013 Barra Bonita\/SP \u2013 CEP: 17940-000;<\/li><li><strong>Porto Velho \/ RO \u2013&nbsp;<\/strong>Capitania Fluvial de Porto Velho (CFPV) \u2013 Rua Henrique Dias n\u00b0 395 \u2013 Centro \u2013 Porto Velho\/RO \u2013 CEP: 78990-130;<\/li><li><strong>Florian\u00f3polis \/ SC<\/strong>&nbsp;\u2013 Escola de Aprendizes-Marinheiros de Santa Catarina (EAMSC) \u2013 Avenida Marinheiro Max Schramm, n\u00ba 3028 \u2013 Estreito \u2013 Florian\u00f3polis\/SC \u2013 CEP 88095-900;<\/li><li><strong>S\u00e3o Francisco do Sul \/SC&nbsp;<\/strong>\u2013 Delegacia da Capitania dos Portos em S\u00e3o Francisco do Sul (DelSFSul) \u2013 Rua Dr. Lauro Muller, n\u00b0 138, Centro, S\u00e3o Francisco do Sul \u2013 SC \u2013 CEP 89240-000;<\/li><li><strong>Uruguaiana \/ RS<\/strong>&nbsp;\u2013 Delegacia Fluvial de Uruguaiana (DelUruguaiana) \u2013 Rua Domingos de Almeida n\u00ba 1194, Centro- Uruguaiana\/RS;<\/li><li><strong>Lad\u00e1rio \/ MS&nbsp;&nbsp;<\/strong>\u2013 Servi\u00e7o de Recrutamento Distrital do Comando do 6\u00ba Distrito Naval (Com6\u00baDN) \u2013 Rua 14 de Mar\u00e7o, s\/n\u00ba \u2013 Centro \u2013 Lad\u00e1rio\/MS \u2013 CEP 79370-000;<\/li><li><strong>Cuiab\u00e1 \/ MT<\/strong>&nbsp;\u2013 Capitania Fluvial de Mato Grosso (CFMT) \u2013 Avenida O\u00e1tomo Canavarros n\u00b0 850 \u2013 Bela Vista \u2013 Cuiab\u00e1\/MT \u2013 CEP: 78050-568;<\/li><li><strong>Amap\u00e1 \/ AP&nbsp;<\/strong>\u2013 Capitania dos Portos do Amap\u00e1 (CPAP) \u2013 Rua Claudio L\u00facio Monteiro, n\u00ba 2000 \u2013 Daniel \u2013 Santana \u2013 Amap\u00e1\/AP \u2013 CEP 68926-060;<\/li><li><strong>Santar\u00e9m \/ PA<\/strong>&nbsp; \u2013 Capitania Fluvial de Santar\u00e9m (CFS) -Av. Tapaj\u00f3s, n\u00ba 1937 \u2013 Aldeia \u2013 Santar\u00e9m \u2013 PA \u2013 CEP 68040-004;<\/li><li><strong>Paranagu\u00e1 \/ PR<\/strong>&nbsp;\u2013 Capitania dos Portos do Paran\u00e1 (CPPR) \u2013 Rua Benjamin Constant \u2013 707 \u2013 Centro Hist\u00f3rico \u2013 Paranagu\u00e1\/PR \u2013 CEP 83203-190;<\/li><li><strong>Rio Grande \/ RS<\/strong>&nbsp;\u2013 Assessoria de Recrutamento Distrital do Comando do 5\u00ba Distrito Naval (Com5\u00baDN) \u2013 Rua Almirante Cerqueira e Souza, n\u00ba 197 \u2013 Centro \u2013 Rio Grande\/RS CEP 96201-260;<\/li><li><strong>S\u00e3o Lu\u00eds \/ MA<\/strong>&nbsp;\u2013 Departamento do Ensino Profissional Mar\u00edtimo da Capitania dos Portos do Maranh\u00e3o (CPMA) \u2013 Avenida Jos\u00e9 Sarney, s\/n\u00ba \u2013 Complexo Jenipapeiro \/Camboa- S\u00e3o Lu\u00eds\/MA \u2013 CEP 65020-720;<\/li><li><strong>Piau\u00ed \/ PI<\/strong>&nbsp;\u2013 Capitania dos Portos do Piau\u00ed (CPPI) \u2013 Av. Na\u00e7\u00f5es Unidas, n\u00ba 530 \u2013 Carmo \u2013 Parna\u00edba \u2013 PI \u2013 CEP 64200-490;<\/li><li><strong>Para\u00edba \/ PB<\/strong>&nbsp;\u2013&nbsp; Capitania dos Portos da Para\u00edba (CPPB) \u2013 Rua Bar\u00e3o do Triunfo n\u00b0 372 \u2013 Varadouro \u2013 Jo\u00e3o Pessoa\/ PB \u2013 CEP: 58010-400;<\/li><li><strong>Macei\u00f3 \/ AL&nbsp;<\/strong>\u2013 Capitania dos Portos de Alagoas (CPAL) \u2013 Rua do Uruguai n\u00b0 44 \u2013 Jaragua \u2013 Macei\u00f3\/ AL \u2013 CEP: 57025-120;<\/li><li><strong>Fortaleza \/ CE<\/strong>&nbsp;\u2013 Escola de Aprendizes-Marinheiros do Cear\u00e1 (EAMCE) \u2013 Avenida Coronel Filomeno Gomes, n\u00ba 30 \u2013 Jacarecanga \u2013 Fortaleza\/CE \u2013 CEP 60010-280;<\/li><li><strong>Angra dos Reis \/ RJ \u2013&nbsp;<\/strong>Col\u00e9gio Naval (CN) \u2013 Avenida Marques de Le\u00e3o, s\/n\u00ba \u2013 Centro \u2013 Angra dos Reis\/RJ \u2013 CEP 23.909-900;<\/li><li><strong>Olinda \/ PE<\/strong>&nbsp;\u2013 Escola de Aprendizes-Marinheiros de Pernambuco (EAMPE)- Avenida Olinda, s\/n\u00ba \u2013 Complexo de Salgadinho \u2013 Olinda\/PE \u2013 CEP: 53010-000;<\/li><li><strong>Ilh\u00e9us \/ BA<\/strong>&nbsp;\u2013 Delegacia da Capitania dos Portos em Ilh\u00e9us (DelIlheus) \u2013 Rua Major Homem Del Rey, n\u00b0 217 \u2013 Cidade Nova \u2013 Ilh\u00e9us\/BA. CEP 45652-180;<\/li><li><strong>Natal \/ RN<\/strong>&nbsp;\u2013 Servi\u00e7o de Recrutamento Distrital do Comando do 3\u00ba Distrito Naval (Com3\u00baDN) \u2013 Rua Coronel Flam\u00ednio, n\u00ba 100 \u2013 Santos Reis \u2013 Natal\/RN- CEP: 59010-500;<\/li><li><strong>Aracaju \/ SE<\/strong>&nbsp;\u2013 Capitania dos Portos de Sergipe (CPSE) \u2013 Av. Ivo Prado n\u00b0 752 \u2013 S\u00e3o Jos\u00e9 \u2013 Aracaj\u00fa\/SE \u2013 CEP: 49015-070;<\/li><li><strong>Salvador \/ BA<\/strong>&nbsp;\u2013 Servi\u00e7o de Recrutamento Distrital do Comando do 2\u00ba Distrito Naval (Com2\u00baDN) \u2013 Avenida das Naus, s\/n\u00ba \u2013 Com\u00e9rcio \u2013 Salvador\/BA \u2013 CEP 40015-270;<\/li><li><strong>S\u00e3o Jos\u00e9 da Barra \/ MG<\/strong>&nbsp;\u2013 Delegacia Fluvial de Furnas (DelFurnas) \u2013 Rua Lavras, n\u00b0 288 \u2013 Furnas \u2013 S\u00e3o Jos\u00e9 da Barra\/MG \u2013 CEP 37945-000;<\/li><li><strong>Maca\u00e9 \/ RJ<\/strong>&nbsp;\u2013 Capitania dos Portos de Maca\u00e9 (CPM) \u2013 Rua Denach de Lima, s\/n\u00b0 \u2013 Imbetiba \u2013 CEP 27913-530; e<\/li><li><strong>Nova Friburgo \/ RJ<\/strong>&nbsp;\u2013 Sanat\u00f3rio Naval de Nova Friburgo (SNNF) \u2013 Av. Governador Geremias de Matos Fontes \u2013 S\/N\u00b0 \u2013 Centro \u2013 Nova Friburgo\/RJ \u2013 CEP 28613-140.<\/li><\/ul>\n\n\n\n<h2 class=\"wp-block-heading\" id=\"h-informacoes-principais-para-2022\"><span class=\"ez-toc-section\" id=\"Informacoes-Principais-para-2022\"><\/span>Informa\u00e7\u00f5es Principais para 2022<span class=\"ez-toc-section-end\"><\/span><\/h2>\n\n\n\n<figure class=\"wp-block-table\"><table class=\"has-background has-fixed-layout\" style=\"background-color:#d0ffc7\"><thead><tr><th> \u00d3rg\u00e3o: <\/th><th> Col\u00e9gio Naval <\/th><\/tr><\/thead><tbody><tr><td>Inscri\u00e7\u00f5es:<\/td><td>26\/06 a 18\/07\/2021<\/td><\/tr><tr><td><strong>Valor da inscri\u00e7\u00e3o:<\/strong><\/td><td><strong>R$ 90,00<\/strong><\/td><\/tr><tr><td>Pagamento da inscri\u00e7\u00e3o:<\/td><td>26\/06 a 23\/07\/2021<\/td><\/tr><tr><td>Isen\u00e7\u00e3o da taxa de inscri\u00e7\u00e3o:<\/td><td>26\/06 a 12\/07\/2021<\/td><\/tr><tr><td><strong>Prova Escrita Objetiva:<\/strong><\/td><td><strong>02\/10 e 03\/10\/2021<\/strong><\/td><\/tr><tr><td>Escolaridade:<\/td><td>Ensino Fundamental<\/td><\/tr><tr><td><strong>Vagas:<\/strong><\/td><td><strong>129 vagas<\/strong><\/td><\/tr><tr><td>Dura\u00e7\u00e3o:<\/td><td>3 anos<\/td><\/tr><tr><td>Bolsa aux\u00edlio:<\/td><td>R$ 1.398,30<\/td><\/tr><tr><td>Classifica\u00e7\u00e3o:<\/td><td>Pra\u00e7a Especial<\/td><\/tr><\/tbody><\/table><\/figure>\n\n\n\n<p><\/p>\n\n\n\n\n\n<p><\/p>\n","protected":false},"excerpt":{"rendered":"A&nbsp;primeira fase do&nbsp;Concurso CN acontece nos dias 2 e 3 de outubro. O&nbsp;Estrat\u00e9gia Militares&nbsp;fez a&nbsp;Corre\u00e7\u00e3o ao Vivo da&hellip;\n","protected":false},"author":18,"featured_media":47941,"comment_status":"closed","ping_status":"closed","sticky":false,"template":"","format":"standard","meta":{"wl_entities_gutenberg":"","footnotes":""},"categories":[245],"tags":[],"wl_entity_type":[187],"class_list":{"0":"post-47940","1":"post","2":"type-post","3":"status-publish","4":"format-standard","5":"has-post-thumbnail","7":"category-gabaritos","8":"wl_entity_type-article"},"acf":[],"yoast_head":"<!-- This site is optimized with the Yoast SEO Premium plugin v26.6 (Yoast SEO v26.6) - https:\/\/yoast.com\/wordpress\/plugins\/seo\/ -->\n<title>Gabarito Col\u00e9gio Naval: Confira a corre\u00e7\u00e3o - Estrat\u00e9gia Militares<\/title>\n<meta name=\"description\" content=\"Preparado para a Prova? O\u00a0Gabarito Col\u00e9gio Naval ser\u00e1 postado em tempo real no Blog do Estrat\u00e9gia Militares. Ent\u00e3o, fique atento!\" \/>\n<meta name=\"robots\" content=\"index, follow, max-snippet:-1, max-image-preview:large, max-video-preview:-1\" \/>\n<link rel=\"canonical\" href=\"https:\/\/militares.estrategia.com\/portal\/eventos\/gabaritos\/gabarito-colegio-naval-2022-confira-a-correcao\/\" \/>\n<meta property=\"og:locale\" content=\"pt_BR\" \/>\n<meta property=\"og:type\" content=\"article\" \/>\n<meta property=\"og:title\" content=\"Gabarito Col\u00e9gio Naval 2022: corre\u00e7\u00e3o, recursos e gabarito oficial\" \/>\n<meta property=\"og:description\" content=\"Preparado para a Prova? O\u00a0Gabarito Col\u00e9gio Naval ser\u00e1 postado em tempo real no Blog do Estrat\u00e9gia Militares. Ent\u00e3o, fique atento!\" \/>\n<meta property=\"og:url\" content=\"https:\/\/militares.estrategia.com\/portal\/eventos\/gabaritos\/gabarito-colegio-naval-2022-confira-a-correcao\/\" \/>\n<meta property=\"og:site_name\" content=\"Estrat\u00e9gia Militares\" \/>\n<meta property=\"article:publisher\" content=\"https:\/\/www.facebook.com\/EstrategiaMilitares\" \/>\n<meta property=\"article:published_time\" content=\"2021-10-01T14:29:39+00:00\" \/>\n<meta property=\"article:modified_time\" content=\"2022-08-04T16:46:59+00:00\" \/>\n<meta property=\"og:image\" content=\"https:\/\/cdn.blog.estrategiavestibulares.com.br\/vestibulares\/wp-content\/uploads\/2021\/10\/750-420-max-1.jpg\" \/>\n\t<meta property=\"og:image:width\" content=\"750\" \/>\n\t<meta property=\"og:image:height\" content=\"420\" \/>\n\t<meta property=\"og:image:type\" content=\"image\/jpeg\" \/>\n<meta name=\"author\" content=\"Pedro Alcantara\" \/>\n<meta name=\"twitter:card\" content=\"summary_large_image\" \/>\n<meta name=\"twitter:creator\" content=\"@estrategiamilit\" \/>\n<meta name=\"twitter:site\" content=\"@estrategiamilit\" \/>\n<meta name=\"twitter:label1\" content=\"Escrito por\" \/>\n\t<meta name=\"twitter:data1\" content=\"Pedro Alcantara\" \/>\n\t<meta name=\"twitter:label2\" content=\"Est. tempo de leitura\" \/>\n\t<meta name=\"twitter:data2\" content=\"9 minutos\" \/>\n<script type=\"application\/ld+json\" class=\"yoast-schema-graph\">{\"@context\":\"https:\/\/schema.org\",\"@graph\":[{\"@type\":\"Article\",\"@id\":\"https:\/\/militares.estrategia.com\/portal\/eventos\/gabaritos\/gabarito-colegio-naval-2022-confira-a-correcao\/#article\",\"isPartOf\":{\"@id\":\"https:\/\/militares.estrategia.com\/portal\/eventos\/gabaritos\/gabarito-colegio-naval-2022-confira-a-correcao\/\"},\"author\":{\"name\":\"Pedro Alcantara\",\"@id\":\"https:\/\/militares.estrategia.com\/portal\/#\/schema\/person\/d52a8bb9d3a4693ffcfbe862dc250f79\"},\"headline\":\"Gabarito Col\u00e9gio Naval 2022: corre\u00e7\u00e3o, recursos e gabarito oficial\",\"datePublished\":\"2021-10-01T14:29:39+00:00\",\"dateModified\":\"2022-08-04T16:46:59+00:00\",\"mainEntityOfPage\":{\"@id\":\"https:\/\/militares.estrategia.com\/portal\/eventos\/gabaritos\/gabarito-colegio-naval-2022-confira-a-correcao\/\"},\"wordCount\":1766,\"publisher\":{\"@id\":\"https:\/\/militares.estrategia.com\/portal\/#organization\"},\"image\":{\"@id\":\"https:\/\/militares.estrategia.com\/portal\/eventos\/gabaritos\/gabarito-colegio-naval-2022-confira-a-correcao\/#primaryimage\"},\"thumbnailUrl\":\"https:\/\/militares.estrategia.com\/portal\/wp-content\/uploads\/2021\/10\/750-420-max-1.jpg\",\"articleSection\":[\"Gabaritos\"],\"inLanguage\":\"pt-BR\"},{\"@type\":\"WebPage\",\"@id\":\"https:\/\/militares.estrategia.com\/portal\/eventos\/gabaritos\/gabarito-colegio-naval-2022-confira-a-correcao\/\",\"url\":\"https:\/\/militares.estrategia.com\/portal\/eventos\/gabaritos\/gabarito-colegio-naval-2022-confira-a-correcao\/\",\"name\":\"Gabarito Col\u00e9gio Naval: Confira a corre\u00e7\u00e3o - Estrat\u00e9gia Militares\",\"isPartOf\":{\"@id\":\"https:\/\/militares.estrategia.com\/portal\/#website\"},\"primaryImageOfPage\":{\"@id\":\"https:\/\/militares.estrategia.com\/portal\/eventos\/gabaritos\/gabarito-colegio-naval-2022-confira-a-correcao\/#primaryimage\"},\"image\":{\"@id\":\"https:\/\/militares.estrategia.com\/portal\/eventos\/gabaritos\/gabarito-colegio-naval-2022-confira-a-correcao\/#primaryimage\"},\"thumbnailUrl\":\"https:\/\/militares.estrategia.com\/portal\/wp-content\/uploads\/2021\/10\/750-420-max-1.jpg\",\"datePublished\":\"2021-10-01T14:29:39+00:00\",\"dateModified\":\"2022-08-04T16:46:59+00:00\",\"description\":\"Preparado para a Prova? O\u00a0Gabarito Col\u00e9gio Naval ser\u00e1 postado em tempo real no Blog do Estrat\u00e9gia Militares. Ent\u00e3o, fique atento!\",\"breadcrumb\":{\"@id\":\"https:\/\/militares.estrategia.com\/portal\/eventos\/gabaritos\/gabarito-colegio-naval-2022-confira-a-correcao\/#breadcrumb\"},\"inLanguage\":\"pt-BR\",\"potentialAction\":[{\"@type\":\"ReadAction\",\"target\":[\"https:\/\/militares.estrategia.com\/portal\/eventos\/gabaritos\/gabarito-colegio-naval-2022-confira-a-correcao\/\"]}]},{\"@type\":\"ImageObject\",\"inLanguage\":\"pt-BR\",\"@id\":\"https:\/\/militares.estrategia.com\/portal\/eventos\/gabaritos\/gabarito-colegio-naval-2022-confira-a-correcao\/#primaryimage\",\"url\":\"https:\/\/militares.estrategia.com\/portal\/wp-content\/uploads\/2021\/10\/750-420-max-1.jpg\",\"contentUrl\":\"https:\/\/militares.estrategia.com\/portal\/wp-content\/uploads\/2021\/10\/750-420-max-1.jpg\",\"width\":750,\"height\":420,\"caption\":\"CN\"},{\"@type\":\"BreadcrumbList\",\"@id\":\"https:\/\/militares.estrategia.com\/portal\/eventos\/gabaritos\/gabarito-colegio-naval-2022-confira-a-correcao\/#breadcrumb\",\"itemListElement\":[{\"@type\":\"ListItem\",\"position\":1,\"name\":\"Home\",\"item\":\"https:\/\/militares.estrategia.com\/portal\/\"},{\"@type\":\"ListItem\",\"position\":2,\"name\":\"Eventos\",\"item\":\"https:\/\/militares.estrategia.com\/portal\/eventos\/\"},{\"@type\":\"ListItem\",\"position\":3,\"name\":\"Gabaritos\",\"item\":\"https:\/\/militares.estrategia.com\/portal\/eventos\/gabaritos\/\"},{\"@type\":\"ListItem\",\"position\":4,\"name\":\"Gabarito Col\u00e9gio Naval 2022: corre\u00e7\u00e3o, recursos e gabarito oficial\"}]},{\"@type\":\"WebSite\",\"@id\":\"https:\/\/militares.estrategia.com\/portal\/#website\",\"url\":\"https:\/\/militares.estrategia.com\/portal\/\",\"name\":\"Estrat\u00e9gia Militares\",\"description\":\"\",\"publisher\":{\"@id\":\"https:\/\/militares.estrategia.com\/portal\/#organization\"},\"potentialAction\":[{\"@type\":\"SearchAction\",\"target\":{\"@type\":\"EntryPoint\",\"urlTemplate\":\"https:\/\/militares.estrategia.com\/portal\/?s={search_term_string}\"},\"query-input\":{\"@type\":\"PropertyValueSpecification\",\"valueRequired\":true,\"valueName\":\"search_term_string\"}}],\"inLanguage\":\"pt-BR\"},{\"@type\":\"Organization\",\"@id\":\"https:\/\/militares.estrategia.com\/portal\/#organization\",\"name\":\"Estrat\u00e9gia Militares\",\"url\":\"https:\/\/militares.estrategia.com\/portal\/\",\"logo\":{\"@type\":\"ImageObject\",\"inLanguage\":\"pt-BR\",\"@id\":\"https:\/\/militares.estrategia.com\/portal\/#\/schema\/logo\/image\/\",\"url\":\"https:\/\/militares.estrategia.com\/portal\/wp-content\/uploads\/2021\/10\/logo-militares.webp\",\"contentUrl\":\"https:\/\/militares.estrategia.com\/portal\/wp-content\/uploads\/2021\/10\/logo-militares.webp\",\"width\":346,\"height\":90,\"caption\":\"Estrat\u00e9gia Militares\"},\"image\":{\"@id\":\"https:\/\/militares.estrategia.com\/portal\/#\/schema\/logo\/image\/\"},\"sameAs\":[\"https:\/\/www.facebook.com\/EstrategiaMilitares\",\"https:\/\/x.com\/estrategiamilit\",\"https:\/\/www.instagram.com\/estrategiamilitares\/\",\"https:\/\/www.youtube.com\/channel\/UCRG_9hakCqXxnj_8TqCdgTA\"]},{\"@type\":\"Person\",\"@id\":\"https:\/\/militares.estrategia.com\/portal\/#\/schema\/person\/d52a8bb9d3a4693ffcfbe862dc250f79\",\"name\":\"Pedro Alcantara\",\"image\":{\"@type\":\"ImageObject\",\"inLanguage\":\"pt-BR\",\"@id\":\"https:\/\/militares.estrategia.com\/portal\/#\/schema\/person\/image\/\",\"url\":\"https:\/\/secure.gravatar.com\/avatar\/2ff815c569bab8558bec32641d54e1af?s=96&d=mm&r=g\",\"contentUrl\":\"https:\/\/secure.gravatar.com\/avatar\/2ff815c569bab8558bec32641d54e1af?s=96&d=mm&r=g\",\"caption\":\"Pedro Alcantara\"},\"url\":\"https:\/\/militares.estrategia.com\/portal\/author\/pedro\/\"}]}<\/script>\n<!-- \/ Yoast SEO Premium plugin. -->","yoast_head_json":{"title":"Gabarito Col\u00e9gio Naval: Confira a corre\u00e7\u00e3o - Estrat\u00e9gia Militares","description":"Preparado para a Prova? O\u00a0Gabarito Col\u00e9gio Naval ser\u00e1 postado em tempo real no Blog do Estrat\u00e9gia Militares. Ent\u00e3o, fique atento!","robots":{"index":"index","follow":"follow","max-snippet":"max-snippet:-1","max-image-preview":"max-image-preview:large","max-video-preview":"max-video-preview:-1"},"canonical":"https:\/\/militares.estrategia.com\/portal\/eventos\/gabaritos\/gabarito-colegio-naval-2022-confira-a-correcao\/","og_locale":"pt_BR","og_type":"article","og_title":"Gabarito Col\u00e9gio Naval 2022: corre\u00e7\u00e3o, recursos e gabarito oficial","og_description":"Preparado para a Prova? O\u00a0Gabarito Col\u00e9gio Naval ser\u00e1 postado em tempo real no Blog do Estrat\u00e9gia Militares. Ent\u00e3o, fique atento!","og_url":"https:\/\/militares.estrategia.com\/portal\/eventos\/gabaritos\/gabarito-colegio-naval-2022-confira-a-correcao\/","og_site_name":"Estrat\u00e9gia Militares","article_publisher":"https:\/\/www.facebook.com\/EstrategiaMilitares","article_published_time":"2021-10-01T14:29:39+00:00","article_modified_time":"2022-08-04T16:46:59+00:00","og_image":[{"width":750,"height":420,"url":"https:\/\/cdn.blog.estrategiavestibulares.com.br\/vestibulares\/wp-content\/uploads\/2021\/10\/750-420-max-1.jpg","type":"image\/jpeg"}],"author":"Pedro Alcantara","twitter_card":"summary_large_image","twitter_creator":"@estrategiamilit","twitter_site":"@estrategiamilit","twitter_misc":{"Escrito por":"Pedro Alcantara","Est. tempo de leitura":"9 minutos"},"schema":{"@context":"https:\/\/schema.org","@graph":[{"@type":"Article","@id":"https:\/\/militares.estrategia.com\/portal\/eventos\/gabaritos\/gabarito-colegio-naval-2022-confira-a-correcao\/#article","isPartOf":{"@id":"https:\/\/militares.estrategia.com\/portal\/eventos\/gabaritos\/gabarito-colegio-naval-2022-confira-a-correcao\/"},"author":{"name":"Pedro Alcantara","@id":"https:\/\/militares.estrategia.com\/portal\/#\/schema\/person\/d52a8bb9d3a4693ffcfbe862dc250f79"},"headline":"Gabarito Col\u00e9gio Naval 2022: corre\u00e7\u00e3o, recursos e gabarito oficial","datePublished":"2021-10-01T14:29:39+00:00","dateModified":"2022-08-04T16:46:59+00:00","mainEntityOfPage":{"@id":"https:\/\/militares.estrategia.com\/portal\/eventos\/gabaritos\/gabarito-colegio-naval-2022-confira-a-correcao\/"},"wordCount":1766,"publisher":{"@id":"https:\/\/militares.estrategia.com\/portal\/#organization"},"image":{"@id":"https:\/\/militares.estrategia.com\/portal\/eventos\/gabaritos\/gabarito-colegio-naval-2022-confira-a-correcao\/#primaryimage"},"thumbnailUrl":"https:\/\/militares.estrategia.com\/portal\/wp-content\/uploads\/2021\/10\/750-420-max-1.jpg","articleSection":["Gabaritos"],"inLanguage":"pt-BR"},{"@type":"WebPage","@id":"https:\/\/militares.estrategia.com\/portal\/eventos\/gabaritos\/gabarito-colegio-naval-2022-confira-a-correcao\/","url":"https:\/\/militares.estrategia.com\/portal\/eventos\/gabaritos\/gabarito-colegio-naval-2022-confira-a-correcao\/","name":"Gabarito Col\u00e9gio Naval: Confira a corre\u00e7\u00e3o - Estrat\u00e9gia Militares","isPartOf":{"@id":"https:\/\/militares.estrategia.com\/portal\/#website"},"primaryImageOfPage":{"@id":"https:\/\/militares.estrategia.com\/portal\/eventos\/gabaritos\/gabarito-colegio-naval-2022-confira-a-correcao\/#primaryimage"},"image":{"@id":"https:\/\/militares.estrategia.com\/portal\/eventos\/gabaritos\/gabarito-colegio-naval-2022-confira-a-correcao\/#primaryimage"},"thumbnailUrl":"https:\/\/militares.estrategia.com\/portal\/wp-content\/uploads\/2021\/10\/750-420-max-1.jpg","datePublished":"2021-10-01T14:29:39+00:00","dateModified":"2022-08-04T16:46:59+00:00","description":"Preparado para a Prova? O\u00a0Gabarito Col\u00e9gio Naval ser\u00e1 postado em tempo real no Blog do Estrat\u00e9gia Militares. Ent\u00e3o, fique atento!","breadcrumb":{"@id":"https:\/\/militares.estrategia.com\/portal\/eventos\/gabaritos\/gabarito-colegio-naval-2022-confira-a-correcao\/#breadcrumb"},"inLanguage":"pt-BR","potentialAction":[{"@type":"ReadAction","target":["https:\/\/militares.estrategia.com\/portal\/eventos\/gabaritos\/gabarito-colegio-naval-2022-confira-a-correcao\/"]}]},{"@type":"ImageObject","inLanguage":"pt-BR","@id":"https:\/\/militares.estrategia.com\/portal\/eventos\/gabaritos\/gabarito-colegio-naval-2022-confira-a-correcao\/#primaryimage","url":"https:\/\/militares.estrategia.com\/portal\/wp-content\/uploads\/2021\/10\/750-420-max-1.jpg","contentUrl":"https:\/\/militares.estrategia.com\/portal\/wp-content\/uploads\/2021\/10\/750-420-max-1.jpg","width":750,"height":420,"caption":"CN"},{"@type":"BreadcrumbList","@id":"https:\/\/militares.estrategia.com\/portal\/eventos\/gabaritos\/gabarito-colegio-naval-2022-confira-a-correcao\/#breadcrumb","itemListElement":[{"@type":"ListItem","position":1,"name":"Home","item":"https:\/\/militares.estrategia.com\/portal\/"},{"@type":"ListItem","position":2,"name":"Eventos","item":"https:\/\/militares.estrategia.com\/portal\/eventos\/"},{"@type":"ListItem","position":3,"name":"Gabaritos","item":"https:\/\/militares.estrategia.com\/portal\/eventos\/gabaritos\/"},{"@type":"ListItem","position":4,"name":"Gabarito Col\u00e9gio Naval 2022: corre\u00e7\u00e3o, recursos e gabarito oficial"}]},{"@type":"WebSite","@id":"https:\/\/militares.estrategia.com\/portal\/#website","url":"https:\/\/militares.estrategia.com\/portal\/","name":"Estrat\u00e9gia Militares","description":"","publisher":{"@id":"https:\/\/militares.estrategia.com\/portal\/#organization"},"potentialAction":[{"@type":"SearchAction","target":{"@type":"EntryPoint","urlTemplate":"https:\/\/militares.estrategia.com\/portal\/?s={search_term_string}"},"query-input":{"@type":"PropertyValueSpecification","valueRequired":true,"valueName":"search_term_string"}}],"inLanguage":"pt-BR"},{"@type":"Organization","@id":"https:\/\/militares.estrategia.com\/portal\/#organization","name":"Estrat\u00e9gia Militares","url":"https:\/\/militares.estrategia.com\/portal\/","logo":{"@type":"ImageObject","inLanguage":"pt-BR","@id":"https:\/\/militares.estrategia.com\/portal\/#\/schema\/logo\/image\/","url":"https:\/\/militares.estrategia.com\/portal\/wp-content\/uploads\/2021\/10\/logo-militares.webp","contentUrl":"https:\/\/militares.estrategia.com\/portal\/wp-content\/uploads\/2021\/10\/logo-militares.webp","width":346,"height":90,"caption":"Estrat\u00e9gia Militares"},"image":{"@id":"https:\/\/militares.estrategia.com\/portal\/#\/schema\/logo\/image\/"},"sameAs":["https:\/\/www.facebook.com\/EstrategiaMilitares","https:\/\/x.com\/estrategiamilit","https:\/\/www.instagram.com\/estrategiamilitares\/","https:\/\/www.youtube.com\/channel\/UCRG_9hakCqXxnj_8TqCdgTA"]},{"@type":"Person","@id":"https:\/\/militares.estrategia.com\/portal\/#\/schema\/person\/d52a8bb9d3a4693ffcfbe862dc250f79","name":"Pedro Alcantara","image":{"@type":"ImageObject","inLanguage":"pt-BR","@id":"https:\/\/militares.estrategia.com\/portal\/#\/schema\/person\/image\/","url":"https:\/\/secure.gravatar.com\/avatar\/2ff815c569bab8558bec32641d54e1af?s=96&d=mm&r=g","contentUrl":"https:\/\/secure.gravatar.com\/avatar\/2ff815c569bab8558bec32641d54e1af?s=96&d=mm&r=g","caption":"Pedro Alcantara"},"url":"https:\/\/militares.estrategia.com\/portal\/author\/pedro\/"}]}},"_wl_alt_label":[],"wl:entity_url":"https:\/\/data.wordlift.io\/wl110246\/post\/gabarito_colegio_naval_2022__correcao__recursos_e_gabarito_oficial","_links":{"self":[{"href":"https:\/\/militares.estrategia.com\/portal\/wp-json\/wp\/v2\/posts\/47940","targetHints":{"allow":["GET"]}}],"collection":[{"href":"https:\/\/militares.estrategia.com\/portal\/wp-json\/wp\/v2\/posts"}],"about":[{"href":"https:\/\/militares.estrategia.com\/portal\/wp-json\/wp\/v2\/types\/post"}],"author":[{"embeddable":true,"href":"https:\/\/militares.estrategia.com\/portal\/wp-json\/wp\/v2\/users\/18"}],"replies":[{"embeddable":true,"href":"https:\/\/militares.estrategia.com\/portal\/wp-json\/wp\/v2\/comments?post=47940"}],"version-history":[{"count":38,"href":"https:\/\/militares.estrategia.com\/portal\/wp-json\/wp\/v2\/posts\/47940\/revisions"}],"predecessor-version":[{"id":89418,"href":"https:\/\/militares.estrategia.com\/portal\/wp-json\/wp\/v2\/posts\/47940\/revisions\/89418"}],"wp:featuredmedia":[{"embeddable":true,"href":"https:\/\/militares.estrategia.com\/portal\/wp-json\/wp\/v2\/media\/47941"}],"wp:attachment":[{"href":"https:\/\/militares.estrategia.com\/portal\/wp-json\/wp\/v2\/media?parent=47940"}],"wp:term":[{"taxonomy":"category","embeddable":true,"href":"https:\/\/militares.estrategia.com\/portal\/wp-json\/wp\/v2\/categories?post=47940"},{"taxonomy":"post_tag","embeddable":true,"href":"https:\/\/militares.estrategia.com\/portal\/wp-json\/wp\/v2\/tags?post=47940"},{"taxonomy":"wl_entity_type","embeddable":true,"href":"https:\/\/militares.estrategia.com\/portal\/wp-json\/wp\/v2\/wl_entity_type?post=47940"}],"curies":[{"name":"wp","href":"https:\/\/api.w.org\/{rel}","templated":true}]}}