{"id":47893,"date":"2021-09-30T12:00:00","date_gmt":"2021-09-30T15:00:00","guid":{"rendered":"https:\/\/blog.estrategiamilitares.com.br\/?p=47893"},"modified":"2025-05-23T19:31:19","modified_gmt":"2025-05-23T22:31:19","slug":"brigadeiro-sampaio-o-patrono-da-infantaria-do-exercito-brasileiro","status":"publish","type":"post","link":"https:\/\/militares.estrategia.com\/portal\/mundo-militar\/datas-comemorativas\/brigadeiro-sampaio-o-patrono-da-infantaria-do-exercito-brasileiro\/","title":{"rendered":"24 de maio: Dia da Infantaria do Ex\u00e9rcito e anivers\u00e1rio do Brigadeiro Sampaio, patrono da Arma"},"content":{"rendered":"\n<p>Voc\u00ea quer fazer parte da infantaria do Ex\u00e9rcito Brasileiro? Ent\u00e3o confira todas as informa\u00e7\u00f5es e curiosidades sobre o Brigadeiro Sampaio, patrono da infantaria do Ex\u00e9rcito Brasileiro, que o<strong> Estrat\u00e9gia Militares <\/strong>separou para voc\u00ea!<\/p>\n\n\n<div id=\"new-form\">\n\t<form id=\"forms_layout\">\n\t<input type=\"hidden\" id=\"chave_de\" name=\"chave_de\" value=\"01_EMIL_LEADS_TOTAIS\" \/>\n\t\t<input type=\"hidden\" id=\"mid\" name=\"mid\" value=\"515009017\" \/>\n\t\t<input type=\"hidden\" id=\"Objetivo\" name=\"Objetivo\" value=\"Militares\" \/>\n\t\t<input type=\"hidden\" id=\"Estado_de_Origem_do_IP\" name=\"Estado_de_Origem_do_IP\"  value=\"\" \/>\n\t\t<input type=\"hidden\" id=\"Cidade_de_Origem_do_IP\" name=\"Cidade_de_Origem_do_IP\" value=\"\" \/>\n\t\t<input type=\"hidden\" id=\"Modo_de_entrada\" name=\"Modo_de_entrada\" value=\"Portal\" \/>\n\t\t<input type=\"hidden\" id=\"Pagina_Origem\" name=\"Pagina_Origem\" value=\"\" \/>\n\n\t\t<div class=\"texto\">\n\t\t\t<h3 class=\"news\">Inscreva-se em nossa newsletter!<\/h3>\n\t\t\t<p>Receba not\u00edcias sobre os mais importantes concursos para as For\u00e7as Armadas brasileiras e informa\u00e7\u00f5es sobre o mundo militar!<\/p>\n\t\t<\/div>\n\t\t<div class=\"campos\">\n\t\t\t<div class=\"first_name labels\">\n\t\t\t\t<input type=\"text\" class=\"input_labels\" id=\"first_name\" name=\"Nome_Completo\" placeholder=\"Nome\" required \/>\n\t\t\t<\/div>\n\t\t\t<div class=\"email labels\">\n\t\t\t\t<input type=\"email\" class=\"input_labels\" id=\"email\" name=\"Email\" placeholder=\"E-mail\" required \/>\n\t\t\t<\/div>\n\t\t\t<button type=\"submit\" class=\"button_layout\">\n\t\t\t\t<div id=\"lblBotao\">Inscreva-se<\/div>\n\t\t\t\t<span id=\"divSpiner\" class=\"loader\" role=\"status\" style=\"display: none;\"><\/span>\t\n\t\t\t<\/button>\n\t\t<\/div><!-- \/campos -->\n\t\t\n\t\t<label class=\"container_checkbox\">Voc\u00ea concorda com a nossa\n\t\t\t<a class=\"politics_privacy_ahref\" target=\"_blank\" href=\"https:\/\/gratis.estrategiaconcursos.com.br\/politica-de-privacidade\/\">Pol\u00edtica de Privacidade<\/a> e aceita receber informa\u00e7\u00f5es adicionais do Estrat\u00e9gia Educacional.\n\t\t\t<input id=\"checkbox_layout\" type=\"checkbox\" checked=\"checked\" required \/>\n\t\t\t<span class=\"checkbox\"><\/span>\n\t\t<\/label>\n\t\t<div id=\"msg\"><\/div>\n\t\t<div id=\"error\" class=\"error\">\n\t\t<\/div>\n\t<\/form>\n<\/div><!-- \/new-form -->\n\n\n\n<div id=\"ez-toc-container\" class=\"ez-toc-v2_0_79_2 counter-hierarchy ez-toc-counter ez-toc-transparent ez-toc-container-direction\">\n<div class=\"ez-toc-title-container\"><p class=\"ez-toc-title\" style=\"cursor:inherit\">Navegue pelo conte\u00fado\t<\/p>\n<\/div><nav><ul class='ez-toc-list ez-toc-list-level-1 ' ><li class='ez-toc-page-1 ez-toc-heading-level-2'><a class=\"ez-toc-link ez-toc-heading-1\" href=\"https:\/\/militares.estrategia.com\/portal\/mundo-militar\/datas-comemorativas\/brigadeiro-sampaio-o-patrono-da-infantaria-do-exercito-brasileiro\/#Juventude-ao-militarismo\" >Juventude ao militarismo<\/a><\/li><li class='ez-toc-page-1 ez-toc-heading-level-2'><a class=\"ez-toc-link ez-toc-heading-2\" href=\"https:\/\/militares.estrategia.com\/portal\/mundo-militar\/datas-comemorativas\/brigadeiro-sampaio-o-patrono-da-infantaria-do-exercito-brasileiro\/#Brigadeiro-Sampaio-vida-militar\" >Brigadeiro Sampaio: vida militar<\/a><\/li><li class='ez-toc-page-1 ez-toc-heading-level-2'><a class=\"ez-toc-link ez-toc-heading-3\" href=\"https:\/\/militares.estrategia.com\/portal\/mundo-militar\/datas-comemorativas\/brigadeiro-sampaio-o-patrono-da-infantaria-do-exercito-brasileiro\/#A-Guerra-do-Paraguai\" >A Guerra do Paraguai<\/a><\/li><li class='ez-toc-page-1 ez-toc-heading-level-2'><a class=\"ez-toc-link ez-toc-heading-4\" href=\"https:\/\/militares.estrategia.com\/portal\/mundo-militar\/datas-comemorativas\/brigadeiro-sampaio-o-patrono-da-infantaria-do-exercito-brasileiro\/#Morte-e-condecoracao-como-Patrono-da-Infantaria\" >Morte e condecora\u00e7\u00e3o como Patrono da Infantaria<\/a><\/li><li class='ez-toc-page-1 ez-toc-heading-level-2'><a class=\"ez-toc-link ez-toc-heading-5\" href=\"https:\/\/militares.estrategia.com\/portal\/mundo-militar\/datas-comemorativas\/brigadeiro-sampaio-o-patrono-da-infantaria-do-exercito-brasileiro\/#Referencias\" >Refer\u00eancias&nbsp;<\/a><\/li><\/ul><\/nav><\/div>\n<h2 class=\"wp-block-heading\" id=\"h-juventude-ao-militarismo\"><span class=\"ez-toc-section\" id=\"Juventude-ao-militarismo\"><\/span>Juventude ao militarismo<span class=\"ez-toc-section-end\"><\/span><\/h2>\n\n\n\n<p><strong>Ant\u00f4nio de Sampaio<\/strong> nasceu no dia 24 de maio de 1810, na cidade de Tamboril, no estado do Cear\u00e1. Era filho de Ant\u00f4nio Ferreira Sampaio e de Ant\u00f4nia de Souza Ara\u00fajo Chaves. Ant\u00f4nio de Sampaio teve inf\u00e2ncia e juventude humilde no sert\u00e3o nordestino.<\/p>\n\n\n\n<p>Em 1830, aos 20 anos de idade,&nbsp; Ant\u00f4nio de Sampaio ingressou voluntariamente no <strong>22\u00ba Batalh\u00e3o de Ca\u00e7adores, em Fortaleza<\/strong>, onde passou a servir como <strong>furriel<\/strong> &#8211; gradua\u00e7\u00e3o correspondente a terceiro sargento.<\/p>\n\n\n\n<h2 class=\"wp-block-heading\" id=\"h-brigadeiro-sampaio-vida-militar\"><span class=\"ez-toc-section\" id=\"Brigadeiro-Sampaio-vida-militar\"><\/span>Brigadeiro Sampaio: vida militar<span class=\"ez-toc-section-end\"><\/span><\/h2>\n\n\n\n<p>Em 4 de abril de 1832, Sampaio participou da primeira batalha que viria a enfrentar na sua vida militar, <strong>a insurrei\u00e7\u00e3o do Crato.<\/strong><\/p>\n\n\n\n<h3 class=\"wp-block-heading\" id=\"h-insurreicao-do-crato\">Insurrei\u00e7\u00e3o do Crato<\/h3>\n\n\n\n<p>Foi um movimento ocorrido no per\u00edodo regencial, no qual os revoltosos se reuniram na rua Ic\u00f3, em Fortaleza, para<strong> anularem a abdica\u00e7\u00e3o ao trono de <a href=\"https:\/\/militares.estrategia.com\/portal\/historia\/brasil-imperial\/\" target=\"_blank\" >D.Pedro I<\/a><\/strong> <strong>e instalar um governo provis\u00f3rio na regi\u00e3o.<\/strong><\/p>\n\n\n\n<p>Como forma de combater os revoltosos, o Furriel Sampaio <strong>armou seus soldados com escudos para prote\u00e7\u00e3o contra flechas e lan\u00e7as.<\/strong> Alguns historiadores consideram essa atitude como precursora da infantaria blindada brasileira.<\/p>\n\n\n\n<p>O movimento foi combatido e os revoltosos presos e julgados. O Furrier Sampaio teve a sua <strong>atua\u00e7\u00e3o destacada pelos comandantes<\/strong> dos<a href=\"https:\/\/militares.estrategia.com\/portal\/carreiras-militares\/batalhao-militar\/\"> batalh\u00f5es<\/a> imperiais.<\/p>\n\n\n\n<h3 class=\"wp-block-heading\" id=\"h-outros-conflitos\">Outros conflitos<\/h3>\n\n\n\n<p>Al\u00e9m de Ic\u00f3 (CE), em 1832, o Furrier Sampaio participou de outras <strong>campanhas de manuten\u00e7\u00e3o do territ\u00f3rio brasileiro,<\/strong> tendo destaque para o combate dos movimentos:<\/p>\n\n\n\n<ul class=\"wp-block-list\">\n<li>Cabanagem (PA), em 1836;<\/li>\n\n\n\n<li>Balaiada (MA), em 1838;<\/li>\n\n\n\n<li>Farroupilha (RS), em 1844-1845; e<\/li>\n\n\n\n<li>Revolu\u00e7\u00e3o Praieira (PE), em 1849-1850<\/li>\n<\/ul>\n\n\n\n<p>Em setembro de 1843<strong>, Sampaio foi promovido a Capit\u00e3o,<\/strong> como recompensa pelos servi\u00e7os prestados ao Ex\u00e9rcito. Nessa mesma \u00e9poca, o Capit\u00e3o Sampaio se tornou <strong>Ajudante de Ordens do Comandante de Armas do Cear\u00e1<\/strong> e, posteriormente, <strong>do Governador da Prov\u00edncia.<\/strong><\/p>\n\n\n\n<p>Essas fun\u00e7\u00f5es foram alcan\u00e7adas por Sampaio pela sua intensa dedica\u00e7\u00e3o aos estudos nos intervalos que possu\u00eda durante os conflitos que participou. Devido a sua inf\u00e2ncia humilde,<strong> n\u00e3o foi alfabetizado, situa\u00e7\u00e3o contornada por ele mesmo.<\/strong><\/p>\n\n\n\n<h3 class=\"wp-block-heading\" id=\"h-atuacoes-no-sul-do-pais\">Atua\u00e7\u00f5es no sul do pa\u00eds<\/h3>\n\n\n\n<p>Em 1845, o Capit\u00e3o Sampaio <strong>\u00e9 transferido para o Rio Grande do Su<\/strong>l e imediatamente participa da assinatura do <strong>Tratado de Paz de Ponche Verde<\/strong>, o qual p\u00f4s fim a <strong>Revolu\u00e7\u00e3o Farroupilha,<\/strong> que j\u00e1 durava dez anos.<\/p>\n\n\n\n<p>Nos anos de 1851 e 1852, Sampaio lutou na <strong>guerra contra Oribe e Rosas, ou Guerra do Prata<\/strong>, na Batalha de Monte Caseros.&nbsp;<\/p>\n\n\n\n<p>A <strong>batalha de Monte Caseros foi danosa ao Imp\u00e9rio do Brasil,<\/strong> pois o ex\u00e9rcito argentino, liderado pelo ditador Rosas, ganhou a disputa e ocasionou a fuga do ditador para a Europa.<\/p>\n\n\n\n<p>A Guerra do Prata, por\u00e9m, foi de fundamental import\u00e2ncia para a consolida\u00e7\u00e3o do territ\u00f3rio brasileiro. O Rio Grande do Sul, que tentou se separar do Imp\u00e9rio, <strong>teve participa\u00e7\u00e3o ativa na Guerra, consolidando a Paz de Ponche Verde de 1845<\/strong>. Ap\u00f3s o epis\u00f3dio, integrou-se efetivamente de forma econ\u00f4mica e pol\u00edtica ao territ\u00f3rio brasileiro.<\/p>\n\n\n\n<p>Mesmo com a fuga do ditador argentino,<strong> a lideran\u00e7a e o desempenho de Sampaio<\/strong> foram louvados pelos chefes militares e pelo Imperador D. Pedro II, que o convocou para <strong>o Comando do Corpo Policial da Corte,<\/strong> fun\u00e7\u00e3o que desempenhou por sete meses.<\/p>\n\n\n\n<p>Ap\u00f3s o per\u00edodo na Pol\u00edcia da Corte, Antonio de Sampaio retornou ao Rio Grande do Sul, onde desenvolveu uma<strong> grande amizade com Os\u00f3rio<\/strong>, patrono da cavalaria do Ex\u00e9rcito, <strong>e Mallet<\/strong>, patrono da arma de artilharia do Ex\u00e9rcito Brasileiro.<\/p>\n\n\n\n<p>Ele comandou um Batalh\u00e3o de Observa\u00e7\u00e3o, que conquistou a prov\u00edncia de Payssandu, numa a\u00e7\u00e3o conjunta com<strong> Os\u00f3rio e Mallet<\/strong>. A opera\u00e7\u00e3o ocasionou um <strong>bombardeio de 52 horas<\/strong> consecutivas contra a prov\u00edncia uruguaia.<\/p>\n\n\n\n<p>As a\u00e7\u00f5es de Sampaio, renderam-lhe <strong>o reconhecimento militar e a promo\u00e7\u00e3o ao posto de Brigadeiro.<\/strong><\/p>\n\n\n<div class=\"wp-block-image\">\n<figure class=\"aligncenter size-full\"><img decoding=\"async\" width=\"850\" height=\"567\" src=\"https:\/\/militares.estrategia.com\/portal\/wp-content\/uploads\/2021\/09\/210614_Giulian-Serafim_PMPA-9.jpg\" alt=\"Brigadeiro Sampaio Patrono da Infantaria\" class=\"wp-image-47904\" srcset=\"https:\/\/militares.estrategia.com\/portal\/wp-content\/uploads\/2021\/09\/210614_Giulian-Serafim_PMPA-9.jpg 850w, https:\/\/militares.estrategia.com\/portal\/wp-content\/uploads\/2021\/09\/210614_Giulian-Serafim_PMPA-9-768x512.webp 768w, https:\/\/militares.estrategia.com\/portal\/wp-content\/uploads\/2021\/09\/210614_Giulian-Serafim_PMPA-9-800x534.webp 800w\" sizes=\"(max-width: 850px) 100vw, 850px\" \/><figcaption class=\"wp-element-caption\">Foto: Giulian Serafim\/PMPA<\/figcaption><\/figure><\/div>\n\n\n<h2 class=\"wp-block-heading\" id=\"h-a-guerra-do-paraguai\"><span class=\"ez-toc-section\" id=\"A-Guerra-do-Paraguai\"><\/span>A Guerra do Paraguai<span class=\"ez-toc-section-end\"><\/span><\/h2>\n\n\n\n<p>Com o in\u00edcio da Guerra do Paraguai,<strong> o Brigadeiro Sampaio \u00e9 nomeado inspetor da arma de Infantaria.<\/strong> Em 1865, recebe o comando da 3\u00aa Divis\u00e3o de Infantaria, que se desloca at\u00e9 Tuiuti e passa a ser denominada como Divis\u00e3o Encoura\u00e7ada.<\/p>\n\n\n\n<p>No campo de batalha, <strong>o Brigadeiro Sampaio recebeu tr\u00eas ferimentos<\/strong>, na data do seu anivers\u00e1rio de 56 anos de idade. O primeiro ferimento foi causado por uma granada e os outros dois por flechas nas costas.<\/p>\n\n\n\n<h2 class=\"wp-block-heading\" id=\"h-morte-e-condecoracao-como-patrono-da-infantaria\"><span class=\"ez-toc-section\" id=\"Morte-e-condecoracao-como-Patrono-da-Infantaria\"><\/span>Morte e condecora\u00e7\u00e3o como Patrono da Infantaria <span class=\"ez-toc-section-end\"><\/span><\/h2>\n\n\n\n<p>Ap\u00f3s quarenta e tr\u00eas dias <strong>o Brigadeiro faleceu a bordo do vapor-hospital Eponina,<\/strong> que o transportava para Buenos Aires pelo Rio Uruguai.<\/p>\n\n\n\n<p>A fim de eternizar as a\u00e7\u00f5es do brigadeiro, <strong>a Escola Militar do Realengo adotou o nome de Sampaio para patrono do batalh\u00e3o de<a href=\"https:\/\/militares.estrategia.com\/portal\/carreiras-militares\/infantaria\/\" target=\"_blank\" > infantaria<\/a><\/strong> da escola de forma\u00e7\u00e3o de oficiais do Ex\u00e9rcito. A decis\u00e3o foi incentivada pelo Tenente Humberto Alencar Castello Branco.<\/p>\n\n\n\n<p>Em 13 de mar\u00e7o de 1962, por meio do Decreto n\u00ba 51.429, o Brigadeiro Ant\u00f4nio de Sampaio foi homologado como<strong> patrono da arma de infantaria do Ex\u00e9rcito Brasileiro<\/strong>. Arma na qual se forjou e se destacou como l\u00edder, instrutor e disciplinador.<\/p>\n\n\n\n<p>Desde 1996, os restos mortais de Sampaio foram depositados no<strong> pantheon<\/strong> em frente \u00e0 Fortaleza de Nossa Senhora de Assun\u00e7\u00e3o (CE), onde ingressou como soldado nas fileiras do Ex\u00e9rcito Imperial. O local hoje abriga o <strong>Comando da 10\u00aa Regi\u00e3o Militar.<\/strong><\/p>\n\n\n\n<p>Em 2009, o Congresso Nacional inscreveu o nome do Brigadeiro Sampaio no <strong>Livro dos Her\u00f3is da P\u00e1tria.<\/strong> Al\u00e9m disso, na data de seu nascimento, 24 de maio, o Ex\u00e9rcito Brasileiro comemora o <strong>Dia da Infantaria<\/strong>. <\/p>\n\n\n\n<p>Agora que voc\u00ea sabe sobre o General Sampaio, o patrono da infantaria, conhe\u00e7a mais sobre os cursos preparat\u00f3rios para as <strong>carreiras do Ex\u00e9rcito Brasileiro que o <a href=\"https:\/\/militares.estrategia.com\/portal\/\" target=\"_blank\" >Estrat\u00e9gia Militares<\/a><\/strong><a href=\"https:\/\/militares.estrategia.com\/portal\/\"> <\/a>tem para voc\u00ea! <strong>Clique no banner abaixo<\/strong> e se prepare conosco. Vem ser coruja!<\/p>\n\n\n\n<p><strong><a id=\"cta\" class=\"cta-imagem\" href=\"https:\/\/militares.estrategia.com\/curso\/banco-de-questes-anual\/\" target=\"blank\">\n                <img decoding=\"async\" width=\"100%\" src=\"https:\/\/militares.estrategia.com\/portal\/wp-content\/uploads\/2023\/02\/EM-Banco-de-Questoes.jpg\" alt=\"EM - Banco de Questo\u0303es\" title=\"EM - Banco de Questo\u0303es\">\n        <\/a><\/strong><\/p>\n\n\n\n\n\n<h2 class=\"wp-block-heading\" id=\"h-referencias-nbsp\"><span class=\"ez-toc-section\" id=\"Referencias\"><\/span>Refer\u00eancias&nbsp;<span class=\"ez-toc-section-end\"><\/span><\/h2>\n\n\n\n<ul class=\"wp-block-list\">\n<li><a href=\"https:\/\/www.eb.mil.br\/patronos\/-\/asset_publisher\/e1fxWhhfx3Ut\/content\/antonio-sampaio-1\" target=\"_blank\" >https:\/\/www.eb.mil.br\/patronos\/-\/asset_publisher\/e1fxWhhfx3Ut\/content\/antonio-sampaio-1<\/a><\/li>\n\n\n\n<li><a href=\"https:\/\/www.eb.mil.br\/patronos\/-\/asset_publisher\/e1fxWhhfx3Ut\/content\/antonio-sampaio-1\" target=\"_blank\" >http:\/\/www.ahimtb.org.br\/bsampaio_tripliceali.htm<\/a><\/li>\n\n\n\n<li><a href=\"https:\/\/www.eb.mil.br\/patronos\/-\/asset_publisher\/e1fxWhhfx3Ut\/content\/antonio-sampaio-1\" target=\"_blank\" >http:\/\/www.dphcex.eb.mil.br\/images\/PRVT\/CARTILHA-3&#8212;patronos-heris-e-personalidades&#8211;A3-Verso-provisria.pdf<\/a><\/li>\n\n\n\n<li><a href=\"https:\/\/www.eb.mil.br\/patronos\/-\/asset_publisher\/e1fxWhhfx3Ut\/content\/antonio-sampaio-1\" target=\"_blank\" >https:\/\/www.defesanet.com.br\/ecos\/noticia\/10981\/SAMPAIO&#8212;UM-SERTANEJO&#8211;GRANDE-SOLDADO-DO-BRASIL\/<\/a><\/li>\n\n\n\n<li><a href=\"https:\/\/www.eb.mil.br\/patronos\/-\/asset_publisher\/e1fxWhhfx3Ut\/content\/antonio-sampaio-1\" target=\"_blank\" >https:\/\/www.camara.leg.br\/proposicoesWeb\/prop_mostrarintegra;jsessionid=D8B7DE689B90E6D7D6406B88B6D622EE.proposicoesWebExterno1?codteor=398113&amp;filename=Tramitacao-DIS+24573\/2006<\/a><\/li>\n\n\n\n<li><a href=\"https:\/\/www.eb.mil.br\/patronos\/-\/asset_publisher\/e1fxWhhfx3Ut\/content\/antonio-sampaio-1\" target=\"_blank\" >https:\/\/atlas.fgv.br\/marcos\/guerra-do-paraguai\/mapas\/guerra-do-paraguai-grandes-batalhas<\/a><\/li>\n\n\n\n<li><a href=\"https:\/\/www.eb.mil.br\/patronos\/-\/asset_publisher\/e1fxWhhfx3Ut\/content\/antonio-sampaio-1\" target=\"_blank\" >http:\/\/www.eb.mil.br\/exercito-brasileiro?p_p_id=101&amp;p_p_lifecycle=0&amp;p_p_state=maximized&amp;p_p_mode=view&amp;_101_struts_action=%2Fasset_publisher%2Fview_content&amp;_101_assetEntryId=1549349&amp;_101_type=content&amp;_101_urlTitle=campanha-de-1851-52-contra-oribe-e-rosas&amp;_101_redirect=http%3A%2F%2Fwww.eb.mil.br%2Fexercito-brasileiro%3Fp_p_id%3D3%26p_p_lifecycle%3D0%26p_p_state%3Dmaximized%26p_p_mode%3Dview%26_3_keywords%3Dcampo%2Bgrande%26_3_advancedSearch%3Dfalse%26_3_groupId%3D0%26_3_delta%3D20%26_3_assetTagNames%3Dreinounido1%26_3_resetCur%3Dfalse%26_3_andOperator%3Dtrue%26_3_struts_action%3D%252Fsearch%252Fsearch&amp;inheritRedirect=true<\/a><\/li>\n<\/ul>\n","protected":false},"excerpt":{"rendered":"Voc\u00ea quer fazer parte da infantaria do Ex\u00e9rcito Brasileiro? Ent\u00e3o confira todas as informa\u00e7\u00f5es e curiosidades sobre o&hellip;\n","protected":false},"author":52,"featured_media":55959,"comment_status":"closed","ping_status":"closed","sticky":false,"template":"","format":"standard","meta":{"wl_entities_gutenberg":"","footnotes":""},"categories":[306],"tags":[],"wl_entity_type":[187],"class_list":{"0":"post-47893","1":"post","2":"type-post","3":"status-publish","4":"format-standard","5":"has-post-thumbnail","7":"category-datas-comemorativas","8":"wl_entity_type-article"},"acf":[],"yoast_head":"<!-- This site is optimized with the Yoast SEO Premium plugin v26.6 (Yoast SEO v26.6) - https:\/\/yoast.com\/wordpress\/plugins\/seo\/ -->\n<title>24 de maio: Dia da Infantaria do Ex\u00e9rcito e anivers\u00e1rio do Brigadeiro Sampaio, patrono da Arma<\/title>\n<meta name=\"description\" content=\"Voc\u00ea quer fazer parte da infantaria do Ex\u00e9rcito Brasileiro? Clique aqui e saiba mais informa\u00e7\u00f5es e curiosidades sobre o Patrono da Infantaria\" \/>\n<meta name=\"robots\" content=\"index, follow, max-snippet:-1, max-image-preview:large, max-video-preview:-1\" \/>\n<link rel=\"canonical\" href=\"https:\/\/militares.estrategia.com\/portal\/mundo-militar\/datas-comemorativas\/brigadeiro-sampaio-o-patrono-da-infantaria-do-exercito-brasileiro\/\" \/>\n<meta property=\"og:locale\" content=\"pt_BR\" \/>\n<meta property=\"og:type\" content=\"article\" \/>\n<meta property=\"og:title\" content=\"24 de maio: Dia da Infantaria do Ex\u00e9rcito e anivers\u00e1rio do Brigadeiro Sampaio, patrono da Arma\" \/>\n<meta property=\"og:description\" content=\"Voc\u00ea quer fazer parte da infantaria do Ex\u00e9rcito Brasileiro? Clique aqui e saiba mais informa\u00e7\u00f5es e curiosidades sobre o Patrono da Infantaria\" \/>\n<meta property=\"og:url\" content=\"https:\/\/militares.estrategia.com\/portal\/mundo-militar\/datas-comemorativas\/brigadeiro-sampaio-o-patrono-da-infantaria-do-exercito-brasileiro\/\" \/>\n<meta property=\"og:site_name\" content=\"Estrat\u00e9gia Militares\" \/>\n<meta property=\"article:publisher\" content=\"https:\/\/www.facebook.com\/EstrategiaMilitares\" \/>\n<meta property=\"article:published_time\" content=\"2021-09-30T15:00:00+00:00\" \/>\n<meta property=\"article:modified_time\" content=\"2025-05-23T22:31:19+00:00\" \/>\n<meta property=\"og:image\" content=\"https:\/\/militares.estrategia.com\/portal\/wp-content\/uploads\/2021\/09\/filip-andrejevic-1LTunOck3es-unsplash.jpg\" \/>\n\t<meta property=\"og:image:width\" content=\"1920\" \/>\n\t<meta property=\"og:image:height\" content=\"1280\" \/>\n\t<meta property=\"og:image:type\" content=\"image\/jpeg\" \/>\n<meta name=\"author\" content=\"Vin\u00edcius Brigolini\" \/>\n<meta name=\"twitter:card\" content=\"summary_large_image\" \/>\n<meta name=\"twitter:creator\" content=\"@estrategiamilit\" \/>\n<meta name=\"twitter:site\" content=\"@estrategiamilit\" \/>\n<meta name=\"twitter:label1\" content=\"Escrito por\" \/>\n\t<meta name=\"twitter:data1\" content=\"Vin\u00edcius Brigolini\" \/>\n\t<meta name=\"twitter:label2\" content=\"Est. tempo de leitura\" \/>\n\t<meta name=\"twitter:data2\" content=\"6 minutos\" \/>\n<script type=\"application\/ld+json\" class=\"yoast-schema-graph\">{\"@context\":\"https:\/\/schema.org\",\"@graph\":[{\"@type\":\"Article\",\"@id\":\"https:\/\/militares.estrategia.com\/portal\/mundo-militar\/datas-comemorativas\/brigadeiro-sampaio-o-patrono-da-infantaria-do-exercito-brasileiro\/#article\",\"isPartOf\":{\"@id\":\"https:\/\/militares.estrategia.com\/portal\/mundo-militar\/datas-comemorativas\/brigadeiro-sampaio-o-patrono-da-infantaria-do-exercito-brasileiro\/\"},\"author\":{\"name\":\"Vin\u00edcius Brigolini\",\"@id\":\"https:\/\/militares.estrategia.com\/portal\/#\/schema\/person\/6587b50abb02ffb0d1d0b50c12a6b317\"},\"headline\":\"24 de maio: Dia da Infantaria do Ex\u00e9rcito e anivers\u00e1rio do Brigadeiro Sampaio, patrono da Arma\",\"datePublished\":\"2021-09-30T15:00:00+00:00\",\"dateModified\":\"2025-05-23T22:31:19+00:00\",\"mainEntityOfPage\":{\"@id\":\"https:\/\/militares.estrategia.com\/portal\/mundo-militar\/datas-comemorativas\/brigadeiro-sampaio-o-patrono-da-infantaria-do-exercito-brasileiro\/\"},\"wordCount\":1198,\"publisher\":{\"@id\":\"https:\/\/militares.estrategia.com\/portal\/#organization\"},\"image\":{\"@id\":\"https:\/\/militares.estrategia.com\/portal\/mundo-militar\/datas-comemorativas\/brigadeiro-sampaio-o-patrono-da-infantaria-do-exercito-brasileiro\/#primaryimage\"},\"thumbnailUrl\":\"https:\/\/militares.estrategia.com\/portal\/wp-content\/uploads\/2021\/09\/filip-andrejevic-1LTunOck3es-unsplash.jpg\",\"articleSection\":[\"Datas Comemorativas\"],\"inLanguage\":\"pt-BR\"},{\"@type\":\"WebPage\",\"@id\":\"https:\/\/militares.estrategia.com\/portal\/mundo-militar\/datas-comemorativas\/brigadeiro-sampaio-o-patrono-da-infantaria-do-exercito-brasileiro\/\",\"url\":\"https:\/\/militares.estrategia.com\/portal\/mundo-militar\/datas-comemorativas\/brigadeiro-sampaio-o-patrono-da-infantaria-do-exercito-brasileiro\/\",\"name\":\"24 de maio: Dia da Infantaria do Ex\u00e9rcito e anivers\u00e1rio do Brigadeiro Sampaio, patrono da Arma\",\"isPartOf\":{\"@id\":\"https:\/\/militares.estrategia.com\/portal\/#website\"},\"primaryImageOfPage\":{\"@id\":\"https:\/\/militares.estrategia.com\/portal\/mundo-militar\/datas-comemorativas\/brigadeiro-sampaio-o-patrono-da-infantaria-do-exercito-brasileiro\/#primaryimage\"},\"image\":{\"@id\":\"https:\/\/militares.estrategia.com\/portal\/mundo-militar\/datas-comemorativas\/brigadeiro-sampaio-o-patrono-da-infantaria-do-exercito-brasileiro\/#primaryimage\"},\"thumbnailUrl\":\"https:\/\/militares.estrategia.com\/portal\/wp-content\/uploads\/2021\/09\/filip-andrejevic-1LTunOck3es-unsplash.jpg\",\"datePublished\":\"2021-09-30T15:00:00+00:00\",\"dateModified\":\"2025-05-23T22:31:19+00:00\",\"description\":\"Voc\u00ea quer fazer parte da infantaria do Ex\u00e9rcito Brasileiro? Clique aqui e saiba mais informa\u00e7\u00f5es e curiosidades sobre o Patrono da Infantaria\",\"breadcrumb\":{\"@id\":\"https:\/\/militares.estrategia.com\/portal\/mundo-militar\/datas-comemorativas\/brigadeiro-sampaio-o-patrono-da-infantaria-do-exercito-brasileiro\/#breadcrumb\"},\"inLanguage\":\"pt-BR\",\"potentialAction\":[{\"@type\":\"ReadAction\",\"target\":[\"https:\/\/militares.estrategia.com\/portal\/mundo-militar\/datas-comemorativas\/brigadeiro-sampaio-o-patrono-da-infantaria-do-exercito-brasileiro\/\"]}]},{\"@type\":\"ImageObject\",\"inLanguage\":\"pt-BR\",\"@id\":\"https:\/\/militares.estrategia.com\/portal\/mundo-militar\/datas-comemorativas\/brigadeiro-sampaio-o-patrono-da-infantaria-do-exercito-brasileiro\/#primaryimage\",\"url\":\"https:\/\/militares.estrategia.com\/portal\/wp-content\/uploads\/2021\/09\/filip-andrejevic-1LTunOck3es-unsplash.jpg\",\"contentUrl\":\"https:\/\/militares.estrategia.com\/portal\/wp-content\/uploads\/2021\/09\/filip-andrejevic-1LTunOck3es-unsplash.jpg\",\"width\":1920,\"height\":1280},{\"@type\":\"BreadcrumbList\",\"@id\":\"https:\/\/militares.estrategia.com\/portal\/mundo-militar\/datas-comemorativas\/brigadeiro-sampaio-o-patrono-da-infantaria-do-exercito-brasileiro\/#breadcrumb\",\"itemListElement\":[{\"@type\":\"ListItem\",\"position\":1,\"name\":\"Home\",\"item\":\"https:\/\/militares.estrategia.com\/portal\/\"},{\"@type\":\"ListItem\",\"position\":2,\"name\":\"Mundo Militar\",\"item\":\"https:\/\/militares.estrategia.com\/portal\/mundo-militar\/\"},{\"@type\":\"ListItem\",\"position\":3,\"name\":\"Datas Comemorativas\",\"item\":\"https:\/\/militares.estrategia.com\/portal\/mundo-militar\/datas-comemorativas\/\"},{\"@type\":\"ListItem\",\"position\":4,\"name\":\"24 de maio: Dia da Infantaria do Ex\u00e9rcito e anivers\u00e1rio do Brigadeiro Sampaio, patrono da Arma\"}]},{\"@type\":\"WebSite\",\"@id\":\"https:\/\/militares.estrategia.com\/portal\/#website\",\"url\":\"https:\/\/militares.estrategia.com\/portal\/\",\"name\":\"Estrat\u00e9gia Militares\",\"description\":\"\",\"publisher\":{\"@id\":\"https:\/\/militares.estrategia.com\/portal\/#organization\"},\"potentialAction\":[{\"@type\":\"SearchAction\",\"target\":{\"@type\":\"EntryPoint\",\"urlTemplate\":\"https:\/\/militares.estrategia.com\/portal\/?s={search_term_string}\"},\"query-input\":{\"@type\":\"PropertyValueSpecification\",\"valueRequired\":true,\"valueName\":\"search_term_string\"}}],\"inLanguage\":\"pt-BR\"},{\"@type\":\"Organization\",\"@id\":\"https:\/\/militares.estrategia.com\/portal\/#organization\",\"name\":\"Estrat\u00e9gia Militares\",\"url\":\"https:\/\/militares.estrategia.com\/portal\/\",\"logo\":{\"@type\":\"ImageObject\",\"inLanguage\":\"pt-BR\",\"@id\":\"https:\/\/militares.estrategia.com\/portal\/#\/schema\/logo\/image\/\",\"url\":\"https:\/\/militares.estrategia.com\/portal\/wp-content\/uploads\/2021\/10\/logo-militares.webp\",\"contentUrl\":\"https:\/\/militares.estrategia.com\/portal\/wp-content\/uploads\/2021\/10\/logo-militares.webp\",\"width\":346,\"height\":90,\"caption\":\"Estrat\u00e9gia Militares\"},\"image\":{\"@id\":\"https:\/\/militares.estrategia.com\/portal\/#\/schema\/logo\/image\/\"},\"sameAs\":[\"https:\/\/www.facebook.com\/EstrategiaMilitares\",\"https:\/\/x.com\/estrategiamilit\",\"https:\/\/www.instagram.com\/estrategiamilitares\/\",\"https:\/\/www.youtube.com\/channel\/UCRG_9hakCqXxnj_8TqCdgTA\"]},{\"@type\":\"Person\",\"@id\":\"https:\/\/militares.estrategia.com\/portal\/#\/schema\/person\/6587b50abb02ffb0d1d0b50c12a6b317\",\"name\":\"Vin\u00edcius Brigolini\",\"image\":{\"@type\":\"ImageObject\",\"inLanguage\":\"pt-BR\",\"@id\":\"https:\/\/militares.estrategia.com\/portal\/#\/schema\/person\/image\/\",\"url\":\"https:\/\/militares.estrategia.com\/portal\/wp-content\/uploads\/2021\/08\/Sem-titulo-150x150.jpg\",\"contentUrl\":\"https:\/\/militares.estrategia.com\/portal\/wp-content\/uploads\/2021\/08\/Sem-titulo-150x150.jpg\",\"caption\":\"Vin\u00edcius Brigolini\"},\"description\":\"Membro da turma Carcar\u00e1 de 2017 da For\u00e7a A\u00e9rea Brasileira. \u00c9 apaixonado pela avia\u00e7\u00e3o e pelo mundo militar!\",\"sameAs\":[\"https:\/\/www.instagram.com\/viniciusbgn\/\"],\"url\":\"https:\/\/militares.estrategia.com\/portal\/author\/vinicius-souza\/\"}]}<\/script>\n<!-- \/ Yoast SEO Premium plugin. -->","yoast_head_json":{"title":"24 de maio: Dia da Infantaria do Ex\u00e9rcito e anivers\u00e1rio do Brigadeiro Sampaio, patrono da Arma","description":"Voc\u00ea quer fazer parte da infantaria do Ex\u00e9rcito Brasileiro? Clique aqui e saiba mais informa\u00e7\u00f5es e curiosidades sobre o Patrono da Infantaria","robots":{"index":"index","follow":"follow","max-snippet":"max-snippet:-1","max-image-preview":"max-image-preview:large","max-video-preview":"max-video-preview:-1"},"canonical":"https:\/\/militares.estrategia.com\/portal\/mundo-militar\/datas-comemorativas\/brigadeiro-sampaio-o-patrono-da-infantaria-do-exercito-brasileiro\/","og_locale":"pt_BR","og_type":"article","og_title":"24 de maio: Dia da Infantaria do Ex\u00e9rcito e anivers\u00e1rio do Brigadeiro Sampaio, patrono da Arma","og_description":"Voc\u00ea quer fazer parte da infantaria do Ex\u00e9rcito Brasileiro? Clique aqui e saiba mais informa\u00e7\u00f5es e curiosidades sobre o Patrono da Infantaria","og_url":"https:\/\/militares.estrategia.com\/portal\/mundo-militar\/datas-comemorativas\/brigadeiro-sampaio-o-patrono-da-infantaria-do-exercito-brasileiro\/","og_site_name":"Estrat\u00e9gia Militares","article_publisher":"https:\/\/www.facebook.com\/EstrategiaMilitares","article_published_time":"2021-09-30T15:00:00+00:00","article_modified_time":"2025-05-23T22:31:19+00:00","og_image":[{"width":1920,"height":1280,"url":"https:\/\/militares.estrategia.com\/portal\/wp-content\/uploads\/2021\/09\/filip-andrejevic-1LTunOck3es-unsplash.jpg","type":"image\/jpeg"}],"author":"Vin\u00edcius Brigolini","twitter_card":"summary_large_image","twitter_creator":"@estrategiamilit","twitter_site":"@estrategiamilit","twitter_misc":{"Escrito por":"Vin\u00edcius Brigolini","Est. tempo de leitura":"6 minutos"},"schema":{"@context":"https:\/\/schema.org","@graph":[{"@type":"Article","@id":"https:\/\/militares.estrategia.com\/portal\/mundo-militar\/datas-comemorativas\/brigadeiro-sampaio-o-patrono-da-infantaria-do-exercito-brasileiro\/#article","isPartOf":{"@id":"https:\/\/militares.estrategia.com\/portal\/mundo-militar\/datas-comemorativas\/brigadeiro-sampaio-o-patrono-da-infantaria-do-exercito-brasileiro\/"},"author":{"name":"Vin\u00edcius Brigolini","@id":"https:\/\/militares.estrategia.com\/portal\/#\/schema\/person\/6587b50abb02ffb0d1d0b50c12a6b317"},"headline":"24 de maio: Dia da Infantaria do Ex\u00e9rcito e anivers\u00e1rio do Brigadeiro Sampaio, patrono da Arma","datePublished":"2021-09-30T15:00:00+00:00","dateModified":"2025-05-23T22:31:19+00:00","mainEntityOfPage":{"@id":"https:\/\/militares.estrategia.com\/portal\/mundo-militar\/datas-comemorativas\/brigadeiro-sampaio-o-patrono-da-infantaria-do-exercito-brasileiro\/"},"wordCount":1198,"publisher":{"@id":"https:\/\/militares.estrategia.com\/portal\/#organization"},"image":{"@id":"https:\/\/militares.estrategia.com\/portal\/mundo-militar\/datas-comemorativas\/brigadeiro-sampaio-o-patrono-da-infantaria-do-exercito-brasileiro\/#primaryimage"},"thumbnailUrl":"https:\/\/militares.estrategia.com\/portal\/wp-content\/uploads\/2021\/09\/filip-andrejevic-1LTunOck3es-unsplash.jpg","articleSection":["Datas Comemorativas"],"inLanguage":"pt-BR"},{"@type":"WebPage","@id":"https:\/\/militares.estrategia.com\/portal\/mundo-militar\/datas-comemorativas\/brigadeiro-sampaio-o-patrono-da-infantaria-do-exercito-brasileiro\/","url":"https:\/\/militares.estrategia.com\/portal\/mundo-militar\/datas-comemorativas\/brigadeiro-sampaio-o-patrono-da-infantaria-do-exercito-brasileiro\/","name":"24 de maio: Dia da Infantaria do Ex\u00e9rcito e anivers\u00e1rio do Brigadeiro Sampaio, patrono da Arma","isPartOf":{"@id":"https:\/\/militares.estrategia.com\/portal\/#website"},"primaryImageOfPage":{"@id":"https:\/\/militares.estrategia.com\/portal\/mundo-militar\/datas-comemorativas\/brigadeiro-sampaio-o-patrono-da-infantaria-do-exercito-brasileiro\/#primaryimage"},"image":{"@id":"https:\/\/militares.estrategia.com\/portal\/mundo-militar\/datas-comemorativas\/brigadeiro-sampaio-o-patrono-da-infantaria-do-exercito-brasileiro\/#primaryimage"},"thumbnailUrl":"https:\/\/militares.estrategia.com\/portal\/wp-content\/uploads\/2021\/09\/filip-andrejevic-1LTunOck3es-unsplash.jpg","datePublished":"2021-09-30T15:00:00+00:00","dateModified":"2025-05-23T22:31:19+00:00","description":"Voc\u00ea quer fazer parte da infantaria do Ex\u00e9rcito Brasileiro? Clique aqui e saiba mais informa\u00e7\u00f5es e curiosidades sobre o Patrono da Infantaria","breadcrumb":{"@id":"https:\/\/militares.estrategia.com\/portal\/mundo-militar\/datas-comemorativas\/brigadeiro-sampaio-o-patrono-da-infantaria-do-exercito-brasileiro\/#breadcrumb"},"inLanguage":"pt-BR","potentialAction":[{"@type":"ReadAction","target":["https:\/\/militares.estrategia.com\/portal\/mundo-militar\/datas-comemorativas\/brigadeiro-sampaio-o-patrono-da-infantaria-do-exercito-brasileiro\/"]}]},{"@type":"ImageObject","inLanguage":"pt-BR","@id":"https:\/\/militares.estrategia.com\/portal\/mundo-militar\/datas-comemorativas\/brigadeiro-sampaio-o-patrono-da-infantaria-do-exercito-brasileiro\/#primaryimage","url":"https:\/\/militares.estrategia.com\/portal\/wp-content\/uploads\/2021\/09\/filip-andrejevic-1LTunOck3es-unsplash.jpg","contentUrl":"https:\/\/militares.estrategia.com\/portal\/wp-content\/uploads\/2021\/09\/filip-andrejevic-1LTunOck3es-unsplash.jpg","width":1920,"height":1280},{"@type":"BreadcrumbList","@id":"https:\/\/militares.estrategia.com\/portal\/mundo-militar\/datas-comemorativas\/brigadeiro-sampaio-o-patrono-da-infantaria-do-exercito-brasileiro\/#breadcrumb","itemListElement":[{"@type":"ListItem","position":1,"name":"Home","item":"https:\/\/militares.estrategia.com\/portal\/"},{"@type":"ListItem","position":2,"name":"Mundo Militar","item":"https:\/\/militares.estrategia.com\/portal\/mundo-militar\/"},{"@type":"ListItem","position":3,"name":"Datas Comemorativas","item":"https:\/\/militares.estrategia.com\/portal\/mundo-militar\/datas-comemorativas\/"},{"@type":"ListItem","position":4,"name":"24 de maio: Dia da Infantaria do Ex\u00e9rcito e anivers\u00e1rio do Brigadeiro Sampaio, patrono da Arma"}]},{"@type":"WebSite","@id":"https:\/\/militares.estrategia.com\/portal\/#website","url":"https:\/\/militares.estrategia.com\/portal\/","name":"Estrat\u00e9gia Militares","description":"","publisher":{"@id":"https:\/\/militares.estrategia.com\/portal\/#organization"},"potentialAction":[{"@type":"SearchAction","target":{"@type":"EntryPoint","urlTemplate":"https:\/\/militares.estrategia.com\/portal\/?s={search_term_string}"},"query-input":{"@type":"PropertyValueSpecification","valueRequired":true,"valueName":"search_term_string"}}],"inLanguage":"pt-BR"},{"@type":"Organization","@id":"https:\/\/militares.estrategia.com\/portal\/#organization","name":"Estrat\u00e9gia Militares","url":"https:\/\/militares.estrategia.com\/portal\/","logo":{"@type":"ImageObject","inLanguage":"pt-BR","@id":"https:\/\/militares.estrategia.com\/portal\/#\/schema\/logo\/image\/","url":"https:\/\/militares.estrategia.com\/portal\/wp-content\/uploads\/2021\/10\/logo-militares.webp","contentUrl":"https:\/\/militares.estrategia.com\/portal\/wp-content\/uploads\/2021\/10\/logo-militares.webp","width":346,"height":90,"caption":"Estrat\u00e9gia Militares"},"image":{"@id":"https:\/\/militares.estrategia.com\/portal\/#\/schema\/logo\/image\/"},"sameAs":["https:\/\/www.facebook.com\/EstrategiaMilitares","https:\/\/x.com\/estrategiamilit","https:\/\/www.instagram.com\/estrategiamilitares\/","https:\/\/www.youtube.com\/channel\/UCRG_9hakCqXxnj_8TqCdgTA"]},{"@type":"Person","@id":"https:\/\/militares.estrategia.com\/portal\/#\/schema\/person\/6587b50abb02ffb0d1d0b50c12a6b317","name":"Vin\u00edcius Brigolini","image":{"@type":"ImageObject","inLanguage":"pt-BR","@id":"https:\/\/militares.estrategia.com\/portal\/#\/schema\/person\/image\/","url":"https:\/\/militares.estrategia.com\/portal\/wp-content\/uploads\/2021\/08\/Sem-titulo-150x150.jpg","contentUrl":"https:\/\/militares.estrategia.com\/portal\/wp-content\/uploads\/2021\/08\/Sem-titulo-150x150.jpg","caption":"Vin\u00edcius Brigolini"},"description":"Membro da turma Carcar\u00e1 de 2017 da For\u00e7a A\u00e9rea Brasileira. \u00c9 apaixonado pela avia\u00e7\u00e3o e pelo mundo militar!","sameAs":["https:\/\/www.instagram.com\/viniciusbgn\/"],"url":"https:\/\/militares.estrategia.com\/portal\/author\/vinicius-souza\/"}]}},"_wl_alt_label":[],"wl:entity_url":"https:\/\/data.wordlift.io\/wl110246\/post\/brigadeiro_sampaio__o_patrono_da_infantaria_do_exercito_brasileiro","_links":{"self":[{"href":"https:\/\/militares.estrategia.com\/portal\/wp-json\/wp\/v2\/posts\/47893","targetHints":{"allow":["GET"]}}],"collection":[{"href":"https:\/\/militares.estrategia.com\/portal\/wp-json\/wp\/v2\/posts"}],"about":[{"href":"https:\/\/militares.estrategia.com\/portal\/wp-json\/wp\/v2\/types\/post"}],"author":[{"embeddable":true,"href":"https:\/\/militares.estrategia.com\/portal\/wp-json\/wp\/v2\/users\/52"}],"replies":[{"embeddable":true,"href":"https:\/\/militares.estrategia.com\/portal\/wp-json\/wp\/v2\/comments?post=47893"}],"version-history":[{"count":6,"href":"https:\/\/militares.estrategia.com\/portal\/wp-json\/wp\/v2\/posts\/47893\/revisions"}],"predecessor-version":[{"id":85598,"href":"https:\/\/militares.estrategia.com\/portal\/wp-json\/wp\/v2\/posts\/47893\/revisions\/85598"}],"wp:featuredmedia":[{"embeddable":true,"href":"https:\/\/militares.estrategia.com\/portal\/wp-json\/wp\/v2\/media\/55959"}],"wp:attachment":[{"href":"https:\/\/militares.estrategia.com\/portal\/wp-json\/wp\/v2\/media?parent=47893"}],"wp:term":[{"taxonomy":"category","embeddable":true,"href":"https:\/\/militares.estrategia.com\/portal\/wp-json\/wp\/v2\/categories?post=47893"},{"taxonomy":"post_tag","embeddable":true,"href":"https:\/\/militares.estrategia.com\/portal\/wp-json\/wp\/v2\/tags?post=47893"},{"taxonomy":"wl_entity_type","embeddable":true,"href":"https:\/\/militares.estrategia.com\/portal\/wp-json\/wp\/v2\/wl_entity_type?post=47893"}],"curies":[{"name":"wp","href":"https:\/\/api.w.org\/{rel}","templated":true}]}}