{"id":47623,"date":"2021-09-20T11:32:10","date_gmt":"2021-09-20T14:32:10","guid":{"rendered":"https:\/\/blog.estrategiamilitares.com.br\/?p=47623"},"modified":"2022-11-18T11:12:32","modified_gmt":"2022-11-18T14:12:32","slug":"ita-inscricoes-encerram-hoje","status":"publish","type":"post","link":"https:\/\/militares.estrategia.com\/portal\/noticias\/ita-inscricoes-encerram-hoje\/","title":{"rendered":"ITA 2022: inscri\u00e7\u00f5es encerradas, rela\u00e7\u00e3o de candidatos \u00e9 divulgada"},"content":{"rendered":"\n<p>As inscri\u00e7\u00f5es do Vestibular <a href=\"https:\/\/blog.estrategiavestibulares.com.br\/vestibulares\/vestibular-ita\/\" target=\"_blank\" >ITA<\/a> 2022 encerraram nesta segunda-feira, dia 20 de setembro. A&nbsp;<strong>taxa de inscri\u00e7\u00e3o \u00e9 no valor de R$ 170<\/strong>, e<strong>&nbsp;as provas acontecem nos dias 2 de novembro (1\u00aa fase) e 24 e 25 de novembro (2\u00aa fase).<\/strong><\/p>\n\n\n\n<p>A <strong>rela\u00e7\u00e3o de<\/strong> <strong>candidatos inscritos j\u00e1 po<\/strong>d<strong>e ser consultada <a href=\"http:\/\/www.vestibular.ita.br\/inscritos\/v2022_a.htm\" target=\"_blank\" rel=\"noreferrer noopener nofollow\">no site do Vestibular ITA 2022<\/a><\/strong>, na internet. Os nomes ainda est\u00e3o em processo de serem acrescentados, j\u00e1 que <strong>a inscri\u00e7\u00e3o s\u00f3 \u00e9 confirmada ap\u00f3s o Banco do Brasil confirmar o recebimento do pagamento<\/strong> da taxa de inscri\u00e7\u00e3o. <\/p>\n\n\n\n<p>Os<strong> dados da ficha de inscri\u00e7\u00e3o <\/strong>podem ser <strong>consultados a partir de quinta, 23 de setembro.<\/strong> Caso o candidato precise <strong>alterar alguma informa\u00e7\u00e3o incorreta, ter\u00e1 at\u00e9 o dia 28 de setembro para faz\u00ea-lo. <\/strong>As mudan\u00e7as devem ser<strong> solicitadas por meio do e-mail vestita@ita.br. <\/strong><\/p>\n\n\n\n<p>O <strong>Cart\u00e3o de Inscri\u00e7\u00e3o <\/strong>&#8211; que cont\u00e9m o local de prova, sala de aplica\u00e7\u00e3o e n\u00famero de inscri\u00e7\u00e3o &#8211; estar\u00e1 dispon\u00edvel para impress\u00e3o <strong>a partir do dia 25 de setembro. <\/strong>Ent\u00e3o, fique atento \u00e0 pagina do Vestibular ITA para acessar o seu. <\/p>\n\n\n\n<div id=\"ez-toc-container\" class=\"ez-toc-v2_0_79_2 counter-hierarchy ez-toc-counter ez-toc-transparent ez-toc-container-direction\">\n<div class=\"ez-toc-title-container\"><p class=\"ez-toc-title\" style=\"cursor:inherit\">Navegue pelo conte\u00fado\t<\/p>\n<\/div><nav><ul class='ez-toc-list ez-toc-list-level-1 ' ><li class='ez-toc-page-1 ez-toc-heading-level-2'><a class=\"ez-toc-link ez-toc-heading-1\" href=\"https:\/\/militares.estrategia.com\/portal\/noticias\/ita-inscricoes-encerram-hoje\/#ITA-2022-Principais-informacoes\" >ITA 2022: Principais informa\u00e7\u00f5es!<\/a><\/li><li class='ez-toc-page-1 ez-toc-heading-level-2'><a class=\"ez-toc-link ez-toc-heading-2\" href=\"https:\/\/militares.estrategia.com\/portal\/noticias\/ita-inscricoes-encerram-hoje\/#Vagas\" >Vagas<\/a><\/li><\/ul><\/nav><\/div>\n<h2 class=\"wp-block-heading\" id=\"h-ita-2022-principais-informacoes\"><span class=\"ez-toc-section\" id=\"ITA-2022-Principais-informacoes\"><\/span>ITA 2022: Principais informa\u00e7\u00f5es!<span class=\"ez-toc-section-end\"><\/span><\/h2>\n\n\n\n<p>Confira as principais informa\u00e7\u00f5es sobre o Concurso ITA 2022:<\/p>\n\n\n\n<figure class=\"wp-block-table is-style-stripes\"><table class=\"has-background has-fixed-layout\" style=\"background-color:#dfffdb\"><thead><tr><th>ITA 2022<\/th><th class=\"has-text-align-center\" data-align=\"center\">Datas e Informa\u00e7\u00f5es<\/th><\/tr><\/thead><tbody><tr><td>Per\u00edodo de Inscri\u00e7\u00f5es<\/td><td class=\"has-text-align-center\" data-align=\"center\">02\/08 a 15\/09\/2021<\/td><\/tr><tr><td>Taxa de Inscri\u00e7\u00e3o<\/td><td class=\"has-text-align-center\" data-align=\"center\">R$ 170,00<\/td><\/tr><tr><td>Isen\u00e7\u00e3o de Taxa<\/td><td class=\"has-text-align-center\" data-align=\"center\">03\/05 a 28\/05\/2021<\/td><\/tr><tr><td>Pagamento da Taxa<\/td><td class=\"has-text-align-center\" data-align=\"center\">02\/08 a 17\/09\/2021<\/td><\/tr><tr><td>Exame de Escolaridade \u2013 1\u00ba Fase<\/td><td class=\"has-text-align-center\" data-align=\"center\">02\/11\/2021<\/td><\/tr><tr><td>Divulga\u00e7\u00e3o da rela\u00e7\u00e3o de candidatos aprovados para realizar a 2\u00ba Fase<\/td><td class=\"has-text-align-center\" data-align=\"center\">17\/11\/2021<\/td><\/tr><tr><td>Prova de Matem\u00e1tica e Qu\u00edmica \u2013 2\u00ba Fase<\/td><td class=\"has-text-align-center\" data-align=\"center\">24\/11\/2021<\/td><\/tr><tr><td>Prova de F\u00edsica e Reda\u00e7\u00e3o \u2013 2\u00ba Fase<\/td><td class=\"has-text-align-center\" data-align=\"center\">25\/11\/2021<\/td><\/tr><tr><td>N\u00edvel de Escolaridade<\/td><td class=\"has-text-align-center\" data-align=\"center\">Ensino M\u00e9dio<\/td><\/tr><tr><td>Vagas<\/td><td class=\"has-text-align-center\" data-align=\"center\">150<\/td><\/tr><tr><td>Dura\u00e7\u00e3o<\/td><td class=\"has-text-align-center\" data-align=\"center\">5 anos<\/td><\/tr><\/tbody><\/table><\/figure>\n\n\n\n<h2 class=\"wp-block-heading\" id=\"h-vagas\"><span class=\"ez-toc-section\" id=\"Vagas\"><\/span>Vagas<span class=\"ez-toc-section-end\"><\/span><\/h2>\n\n\n\n<p>Confira o n\u00famero de vagas do Concurso ITA 2022!<\/p>\n\n\n\n<figure class=\"wp-block-table is-style-stripes\"><table class=\"has-background has-fixed-layout\" style=\"background-color:#e2ffd6\"><thead><tr><th>Curso<\/th><th class=\"has-text-align-center\" data-align=\"center\">Vagas \u2013 Optantes<\/th><th class=\"has-text-align-center\" data-align=\"center\">Vagas \u2013 N\u00e3o Optantes<\/th><\/tr><\/thead><tbody><tr><td>Engenharia Aeron\u00e1utica<\/td><td class=\"has-text-align-center\" data-align=\"center\">4<\/td><td class=\"has-text-align-center\" data-align=\"center\">18<\/td><\/tr><tr><td>Engenharia Eletr\u00f4nica<\/td><td class=\"has-text-align-center\" data-align=\"center\">4<\/td><td class=\"has-text-align-center\" data-align=\"center\">21<\/td><\/tr><tr><td>Engenharia Mec\u00e2nica-Aeron\u00e1utica<\/td><td class=\"has-text-align-center\" data-align=\"center\">4<\/td><td class=\"has-text-align-center\" data-align=\"center\">19<\/td><\/tr><tr><td>Engenharia Civil-Aeron\u00e1utica<\/td><td class=\"has-text-align-center\" data-align=\"center\">4<\/td><td class=\"has-text-align-center\" data-align=\"center\">18<\/td><\/tr><tr><td>Engenharia de Computa\u00e7\u00e3o<\/td><td class=\"has-text-align-center\" data-align=\"center\">7<\/td><td class=\"has-text-align-center\" data-align=\"center\">23<\/td><\/tr><tr><td>Engenharia Aeroespacial<\/td><td class=\"has-text-align-center\" data-align=\"center\">7<\/td><td class=\"has-text-align-center\" data-align=\"center\">21<\/td><\/tr><\/tbody><\/table><\/figure>\n\n\n\n<p>Continue acompanhando o\u00a0<a href=\"https:\/\/militares.estrategia.com\/portal\/\" target=\"_blank\" >blog do Estrat\u00e9gia Militares<\/a>\u00a0e saiba tudo sobre as principais provas e concursos da \u00e1rea militar. O Estrat\u00e9gia tamb\u00e9m oferece cursos para as principais provas do pa\u00eds. Clique abaixo para saber mais!<\/p>\n\n\n\n<p><\/p>\n\n\n\n\n\n<p><\/p>\n","protected":false},"excerpt":{"rendered":"As inscri\u00e7\u00f5es do Vestibular ITA 2022 encerraram nesta segunda-feira, dia 20 de setembro. A&nbsp;taxa de inscri\u00e7\u00e3o \u00e9 no&hellip;\n","protected":false},"author":18,"featured_media":46441,"comment_status":"closed","ping_status":"closed","sticky":false,"template":"","format":"standard","meta":{"wl_entities_gutenberg":"","footnotes":""},"categories":[36],"tags":[],"wl_entity_type":[187],"class_list":{"0":"post-47623","1":"post","2":"type-post","3":"status-publish","4":"format-standard","5":"has-post-thumbnail","7":"category-noticias","8":"wl_entity_type-article"},"acf":[],"yoast_head":"<!-- This site is optimized with the Yoast SEO Premium plugin v26.6 (Yoast SEO v26.6) - https:\/\/yoast.com\/wordpress\/plugins\/seo\/ -->\n<title>ITA 2022: inscri\u00e7\u00f5es encerradas, rela\u00e7\u00e3o de candidatos \u00e9 divulgada<\/title>\n<meta name=\"description\" content=\"As inscri\u00e7\u00f5es do vestibular ITA 2022 encerram nesta segunda-feira, 20 de setembro. A\u00a0taxa de inscri\u00e7\u00e3o \u00e9 no valor de R$ 170.\" \/>\n<meta name=\"robots\" content=\"index, follow, max-snippet:-1, max-image-preview:large, max-video-preview:-1\" \/>\n<link rel=\"canonical\" href=\"https:\/\/militares.estrategia.com\/portal\/noticias\/ita-inscricoes-encerram-hoje\/\" \/>\n<meta property=\"og:locale\" content=\"pt_BR\" \/>\n<meta property=\"og:type\" content=\"article\" \/>\n<meta property=\"og:title\" content=\"ITA 2022: inscri\u00e7\u00f5es encerradas, rela\u00e7\u00e3o de candidatos \u00e9 divulgada\" \/>\n<meta property=\"og:description\" content=\"As inscri\u00e7\u00f5es do vestibular ITA 2022 encerram nesta segunda-feira, 20 de setembro. A\u00a0taxa de inscri\u00e7\u00e3o \u00e9 no valor de R$ 170.\" \/>\n<meta property=\"og:url\" content=\"https:\/\/militares.estrategia.com\/portal\/noticias\/ita-inscricoes-encerram-hoje\/\" \/>\n<meta property=\"og:site_name\" content=\"Estrat\u00e9gia Militares\" \/>\n<meta property=\"article:publisher\" content=\"https:\/\/www.facebook.com\/EstrategiaMilitares\" \/>\n<meta property=\"article:published_time\" content=\"2021-09-20T14:32:10+00:00\" \/>\n<meta property=\"article:modified_time\" content=\"2022-11-18T14:12:32+00:00\" \/>\n<meta property=\"og:image\" content=\"https:\/\/cdn.blog.estrategiavestibulares.com.br\/vestibulares\/wp-content\/uploads\/2021\/07\/ITA-1.jpg\" \/>\n\t<meta property=\"og:image:width\" content=\"750\" \/>\n\t<meta property=\"og:image:height\" content=\"420\" \/>\n\t<meta property=\"og:image:type\" content=\"image\/jpeg\" \/>\n<meta name=\"author\" content=\"Pedro Alcantara\" \/>\n<meta name=\"twitter:card\" content=\"summary_large_image\" \/>\n<meta name=\"twitter:creator\" content=\"@estrategiamilit\" \/>\n<meta name=\"twitter:site\" content=\"@estrategiamilit\" \/>\n<meta name=\"twitter:label1\" content=\"Escrito por\" \/>\n\t<meta name=\"twitter:data1\" content=\"Pedro Alcantara\" \/>\n\t<meta name=\"twitter:label2\" content=\"Est. tempo de leitura\" \/>\n\t<meta name=\"twitter:data2\" content=\"2 minutos\" \/>\n<script type=\"application\/ld+json\" class=\"yoast-schema-graph\">{\"@context\":\"https:\/\/schema.org\",\"@graph\":[{\"@type\":\"NewsArticle\",\"@id\":\"https:\/\/militares.estrategia.com\/portal\/noticias\/ita-inscricoes-encerram-hoje\/#article\",\"isPartOf\":{\"@id\":\"https:\/\/militares.estrategia.com\/portal\/noticias\/ita-inscricoes-encerram-hoje\/\"},\"author\":{\"name\":\"Pedro Alcantara\",\"@id\":\"https:\/\/militares.estrategia.com\/portal\/#\/schema\/person\/d52a8bb9d3a4693ffcfbe862dc250f79\"},\"headline\":\"ITA 2022: inscri\u00e7\u00f5es encerradas, rela\u00e7\u00e3o de candidatos \u00e9 divulgada\",\"datePublished\":\"2021-09-20T14:32:10+00:00\",\"dateModified\":\"2022-11-18T14:12:32+00:00\",\"mainEntityOfPage\":{\"@id\":\"https:\/\/militares.estrategia.com\/portal\/noticias\/ita-inscricoes-encerram-hoje\/\"},\"wordCount\":348,\"publisher\":{\"@id\":\"https:\/\/militares.estrategia.com\/portal\/#organization\"},\"image\":{\"@id\":\"https:\/\/militares.estrategia.com\/portal\/noticias\/ita-inscricoes-encerram-hoje\/#primaryimage\"},\"thumbnailUrl\":\"https:\/\/militares.estrategia.com\/portal\/wp-content\/uploads\/2021\/07\/ITA-1.jpg\",\"articleSection\":[\"Not\u00edcias\"],\"inLanguage\":\"pt-BR\"},{\"@type\":\"WebPage\",\"@id\":\"https:\/\/militares.estrategia.com\/portal\/noticias\/ita-inscricoes-encerram-hoje\/\",\"url\":\"https:\/\/militares.estrategia.com\/portal\/noticias\/ita-inscricoes-encerram-hoje\/\",\"name\":\"ITA 2022: inscri\u00e7\u00f5es encerradas, rela\u00e7\u00e3o de candidatos \u00e9 divulgada\",\"isPartOf\":{\"@id\":\"https:\/\/militares.estrategia.com\/portal\/#website\"},\"primaryImageOfPage\":{\"@id\":\"https:\/\/militares.estrategia.com\/portal\/noticias\/ita-inscricoes-encerram-hoje\/#primaryimage\"},\"image\":{\"@id\":\"https:\/\/militares.estrategia.com\/portal\/noticias\/ita-inscricoes-encerram-hoje\/#primaryimage\"},\"thumbnailUrl\":\"https:\/\/militares.estrategia.com\/portal\/wp-content\/uploads\/2021\/07\/ITA-1.jpg\",\"datePublished\":\"2021-09-20T14:32:10+00:00\",\"dateModified\":\"2022-11-18T14:12:32+00:00\",\"description\":\"As inscri\u00e7\u00f5es do vestibular ITA 2022 encerram nesta segunda-feira, 20 de setembro. A\u00a0taxa de inscri\u00e7\u00e3o \u00e9 no valor de R$ 170.\",\"breadcrumb\":{\"@id\":\"https:\/\/militares.estrategia.com\/portal\/noticias\/ita-inscricoes-encerram-hoje\/#breadcrumb\"},\"inLanguage\":\"pt-BR\",\"potentialAction\":[{\"@type\":\"ReadAction\",\"target\":[\"https:\/\/militares.estrategia.com\/portal\/noticias\/ita-inscricoes-encerram-hoje\/\"]}]},{\"@type\":\"ImageObject\",\"inLanguage\":\"pt-BR\",\"@id\":\"https:\/\/militares.estrategia.com\/portal\/noticias\/ita-inscricoes-encerram-hoje\/#primaryimage\",\"url\":\"https:\/\/militares.estrategia.com\/portal\/wp-content\/uploads\/2021\/07\/ITA-1.jpg\",\"contentUrl\":\"https:\/\/militares.estrategia.com\/portal\/wp-content\/uploads\/2021\/07\/ITA-1.jpg\",\"width\":750,\"height\":420,\"caption\":\"Concurso ITA\"},{\"@type\":\"BreadcrumbList\",\"@id\":\"https:\/\/militares.estrategia.com\/portal\/noticias\/ita-inscricoes-encerram-hoje\/#breadcrumb\",\"itemListElement\":[{\"@type\":\"ListItem\",\"position\":1,\"name\":\"Home\",\"item\":\"https:\/\/militares.estrategia.com\/portal\/\"},{\"@type\":\"ListItem\",\"position\":2,\"name\":\"Not\u00edcias\",\"item\":\"https:\/\/militares.estrategia.com\/portal\/noticias\/\"},{\"@type\":\"ListItem\",\"position\":3,\"name\":\"ITA 2022: inscri\u00e7\u00f5es encerradas, rela\u00e7\u00e3o de candidatos \u00e9 divulgada\"}]},{\"@type\":\"WebSite\",\"@id\":\"https:\/\/militares.estrategia.com\/portal\/#website\",\"url\":\"https:\/\/militares.estrategia.com\/portal\/\",\"name\":\"Estrat\u00e9gia Militares\",\"description\":\"\",\"publisher\":{\"@id\":\"https:\/\/militares.estrategia.com\/portal\/#organization\"},\"potentialAction\":[{\"@type\":\"SearchAction\",\"target\":{\"@type\":\"EntryPoint\",\"urlTemplate\":\"https:\/\/militares.estrategia.com\/portal\/?s={search_term_string}\"},\"query-input\":{\"@type\":\"PropertyValueSpecification\",\"valueRequired\":true,\"valueName\":\"search_term_string\"}}],\"inLanguage\":\"pt-BR\"},{\"@type\":\"Organization\",\"@id\":\"https:\/\/militares.estrategia.com\/portal\/#organization\",\"name\":\"Estrat\u00e9gia Militares\",\"url\":\"https:\/\/militares.estrategia.com\/portal\/\",\"logo\":{\"@type\":\"ImageObject\",\"inLanguage\":\"pt-BR\",\"@id\":\"https:\/\/militares.estrategia.com\/portal\/#\/schema\/logo\/image\/\",\"url\":\"https:\/\/militares.estrategia.com\/portal\/wp-content\/uploads\/2021\/10\/logo-militares.webp\",\"contentUrl\":\"https:\/\/militares.estrategia.com\/portal\/wp-content\/uploads\/2021\/10\/logo-militares.webp\",\"width\":346,\"height\":90,\"caption\":\"Estrat\u00e9gia Militares\"},\"image\":{\"@id\":\"https:\/\/militares.estrategia.com\/portal\/#\/schema\/logo\/image\/\"},\"sameAs\":[\"https:\/\/www.facebook.com\/EstrategiaMilitares\",\"https:\/\/x.com\/estrategiamilit\",\"https:\/\/www.instagram.com\/estrategiamilitares\/\",\"https:\/\/www.youtube.com\/channel\/UCRG_9hakCqXxnj_8TqCdgTA\"]},{\"@type\":\"Person\",\"@id\":\"https:\/\/militares.estrategia.com\/portal\/#\/schema\/person\/d52a8bb9d3a4693ffcfbe862dc250f79\",\"name\":\"Pedro Alcantara\",\"image\":{\"@type\":\"ImageObject\",\"inLanguage\":\"pt-BR\",\"@id\":\"https:\/\/militares.estrategia.com\/portal\/#\/schema\/person\/image\/\",\"url\":\"https:\/\/secure.gravatar.com\/avatar\/2ff815c569bab8558bec32641d54e1af?s=96&d=mm&r=g\",\"contentUrl\":\"https:\/\/secure.gravatar.com\/avatar\/2ff815c569bab8558bec32641d54e1af?s=96&d=mm&r=g\",\"caption\":\"Pedro Alcantara\"},\"url\":\"https:\/\/militares.estrategia.com\/portal\/author\/pedro\/\"}]}<\/script>\n<!-- \/ Yoast SEO Premium plugin. -->","yoast_head_json":{"title":"ITA 2022: inscri\u00e7\u00f5es encerradas, rela\u00e7\u00e3o de candidatos \u00e9 divulgada","description":"As inscri\u00e7\u00f5es do vestibular ITA 2022 encerram nesta segunda-feira, 20 de setembro. A\u00a0taxa de inscri\u00e7\u00e3o \u00e9 no valor de R$ 170.","robots":{"index":"index","follow":"follow","max-snippet":"max-snippet:-1","max-image-preview":"max-image-preview:large","max-video-preview":"max-video-preview:-1"},"canonical":"https:\/\/militares.estrategia.com\/portal\/noticias\/ita-inscricoes-encerram-hoje\/","og_locale":"pt_BR","og_type":"article","og_title":"ITA 2022: inscri\u00e7\u00f5es encerradas, rela\u00e7\u00e3o de candidatos \u00e9 divulgada","og_description":"As inscri\u00e7\u00f5es do vestibular ITA 2022 encerram nesta segunda-feira, 20 de setembro. A\u00a0taxa de inscri\u00e7\u00e3o \u00e9 no valor de R$ 170.","og_url":"https:\/\/militares.estrategia.com\/portal\/noticias\/ita-inscricoes-encerram-hoje\/","og_site_name":"Estrat\u00e9gia Militares","article_publisher":"https:\/\/www.facebook.com\/EstrategiaMilitares","article_published_time":"2021-09-20T14:32:10+00:00","article_modified_time":"2022-11-18T14:12:32+00:00","og_image":[{"width":750,"height":420,"url":"https:\/\/cdn.blog.estrategiavestibulares.com.br\/vestibulares\/wp-content\/uploads\/2021\/07\/ITA-1.jpg","type":"image\/jpeg"}],"author":"Pedro Alcantara","twitter_card":"summary_large_image","twitter_creator":"@estrategiamilit","twitter_site":"@estrategiamilit","twitter_misc":{"Escrito por":"Pedro Alcantara","Est. tempo de leitura":"2 minutos"},"schema":{"@context":"https:\/\/schema.org","@graph":[{"@type":"NewsArticle","@id":"https:\/\/militares.estrategia.com\/portal\/noticias\/ita-inscricoes-encerram-hoje\/#article","isPartOf":{"@id":"https:\/\/militares.estrategia.com\/portal\/noticias\/ita-inscricoes-encerram-hoje\/"},"author":{"name":"Pedro Alcantara","@id":"https:\/\/militares.estrategia.com\/portal\/#\/schema\/person\/d52a8bb9d3a4693ffcfbe862dc250f79"},"headline":"ITA 2022: inscri\u00e7\u00f5es encerradas, rela\u00e7\u00e3o de candidatos \u00e9 divulgada","datePublished":"2021-09-20T14:32:10+00:00","dateModified":"2022-11-18T14:12:32+00:00","mainEntityOfPage":{"@id":"https:\/\/militares.estrategia.com\/portal\/noticias\/ita-inscricoes-encerram-hoje\/"},"wordCount":348,"publisher":{"@id":"https:\/\/militares.estrategia.com\/portal\/#organization"},"image":{"@id":"https:\/\/militares.estrategia.com\/portal\/noticias\/ita-inscricoes-encerram-hoje\/#primaryimage"},"thumbnailUrl":"https:\/\/militares.estrategia.com\/portal\/wp-content\/uploads\/2021\/07\/ITA-1.jpg","articleSection":["Not\u00edcias"],"inLanguage":"pt-BR"},{"@type":"WebPage","@id":"https:\/\/militares.estrategia.com\/portal\/noticias\/ita-inscricoes-encerram-hoje\/","url":"https:\/\/militares.estrategia.com\/portal\/noticias\/ita-inscricoes-encerram-hoje\/","name":"ITA 2022: inscri\u00e7\u00f5es encerradas, rela\u00e7\u00e3o de candidatos \u00e9 divulgada","isPartOf":{"@id":"https:\/\/militares.estrategia.com\/portal\/#website"},"primaryImageOfPage":{"@id":"https:\/\/militares.estrategia.com\/portal\/noticias\/ita-inscricoes-encerram-hoje\/#primaryimage"},"image":{"@id":"https:\/\/militares.estrategia.com\/portal\/noticias\/ita-inscricoes-encerram-hoje\/#primaryimage"},"thumbnailUrl":"https:\/\/militares.estrategia.com\/portal\/wp-content\/uploads\/2021\/07\/ITA-1.jpg","datePublished":"2021-09-20T14:32:10+00:00","dateModified":"2022-11-18T14:12:32+00:00","description":"As inscri\u00e7\u00f5es do vestibular ITA 2022 encerram nesta segunda-feira, 20 de setembro. A\u00a0taxa de inscri\u00e7\u00e3o \u00e9 no valor de R$ 170.","breadcrumb":{"@id":"https:\/\/militares.estrategia.com\/portal\/noticias\/ita-inscricoes-encerram-hoje\/#breadcrumb"},"inLanguage":"pt-BR","potentialAction":[{"@type":"ReadAction","target":["https:\/\/militares.estrategia.com\/portal\/noticias\/ita-inscricoes-encerram-hoje\/"]}]},{"@type":"ImageObject","inLanguage":"pt-BR","@id":"https:\/\/militares.estrategia.com\/portal\/noticias\/ita-inscricoes-encerram-hoje\/#primaryimage","url":"https:\/\/militares.estrategia.com\/portal\/wp-content\/uploads\/2021\/07\/ITA-1.jpg","contentUrl":"https:\/\/militares.estrategia.com\/portal\/wp-content\/uploads\/2021\/07\/ITA-1.jpg","width":750,"height":420,"caption":"Concurso ITA"},{"@type":"BreadcrumbList","@id":"https:\/\/militares.estrategia.com\/portal\/noticias\/ita-inscricoes-encerram-hoje\/#breadcrumb","itemListElement":[{"@type":"ListItem","position":1,"name":"Home","item":"https:\/\/militares.estrategia.com\/portal\/"},{"@type":"ListItem","position":2,"name":"Not\u00edcias","item":"https:\/\/militares.estrategia.com\/portal\/noticias\/"},{"@type":"ListItem","position":3,"name":"ITA 2022: inscri\u00e7\u00f5es encerradas, rela\u00e7\u00e3o de candidatos \u00e9 divulgada"}]},{"@type":"WebSite","@id":"https:\/\/militares.estrategia.com\/portal\/#website","url":"https:\/\/militares.estrategia.com\/portal\/","name":"Estrat\u00e9gia Militares","description":"","publisher":{"@id":"https:\/\/militares.estrategia.com\/portal\/#organization"},"potentialAction":[{"@type":"SearchAction","target":{"@type":"EntryPoint","urlTemplate":"https:\/\/militares.estrategia.com\/portal\/?s={search_term_string}"},"query-input":{"@type":"PropertyValueSpecification","valueRequired":true,"valueName":"search_term_string"}}],"inLanguage":"pt-BR"},{"@type":"Organization","@id":"https:\/\/militares.estrategia.com\/portal\/#organization","name":"Estrat\u00e9gia Militares","url":"https:\/\/militares.estrategia.com\/portal\/","logo":{"@type":"ImageObject","inLanguage":"pt-BR","@id":"https:\/\/militares.estrategia.com\/portal\/#\/schema\/logo\/image\/","url":"https:\/\/militares.estrategia.com\/portal\/wp-content\/uploads\/2021\/10\/logo-militares.webp","contentUrl":"https:\/\/militares.estrategia.com\/portal\/wp-content\/uploads\/2021\/10\/logo-militares.webp","width":346,"height":90,"caption":"Estrat\u00e9gia Militares"},"image":{"@id":"https:\/\/militares.estrategia.com\/portal\/#\/schema\/logo\/image\/"},"sameAs":["https:\/\/www.facebook.com\/EstrategiaMilitares","https:\/\/x.com\/estrategiamilit","https:\/\/www.instagram.com\/estrategiamilitares\/","https:\/\/www.youtube.com\/channel\/UCRG_9hakCqXxnj_8TqCdgTA"]},{"@type":"Person","@id":"https:\/\/militares.estrategia.com\/portal\/#\/schema\/person\/d52a8bb9d3a4693ffcfbe862dc250f79","name":"Pedro Alcantara","image":{"@type":"ImageObject","inLanguage":"pt-BR","@id":"https:\/\/militares.estrategia.com\/portal\/#\/schema\/person\/image\/","url":"https:\/\/secure.gravatar.com\/avatar\/2ff815c569bab8558bec32641d54e1af?s=96&d=mm&r=g","contentUrl":"https:\/\/secure.gravatar.com\/avatar\/2ff815c569bab8558bec32641d54e1af?s=96&d=mm&r=g","caption":"Pedro Alcantara"},"url":"https:\/\/militares.estrategia.com\/portal\/author\/pedro\/"}]}},"_wl_alt_label":[],"wl:entity_url":"https:\/\/data.wordlift.io\/wl110246\/post\/ita_2022__inscricoes_encerradas__relacao_de_candidatos_e_divulgada","_links":{"self":[{"href":"https:\/\/militares.estrategia.com\/portal\/wp-json\/wp\/v2\/posts\/47623","targetHints":{"allow":["GET"]}}],"collection":[{"href":"https:\/\/militares.estrategia.com\/portal\/wp-json\/wp\/v2\/posts"}],"about":[{"href":"https:\/\/militares.estrategia.com\/portal\/wp-json\/wp\/v2\/types\/post"}],"author":[{"embeddable":true,"href":"https:\/\/militares.estrategia.com\/portal\/wp-json\/wp\/v2\/users\/18"}],"replies":[{"embeddable":true,"href":"https:\/\/militares.estrategia.com\/portal\/wp-json\/wp\/v2\/comments?post=47623"}],"version-history":[{"count":3,"href":"https:\/\/militares.estrategia.com\/portal\/wp-json\/wp\/v2\/posts\/47623\/revisions"}],"predecessor-version":[{"id":61558,"href":"https:\/\/militares.estrategia.com\/portal\/wp-json\/wp\/v2\/posts\/47623\/revisions\/61558"}],"wp:featuredmedia":[{"embeddable":true,"href":"https:\/\/militares.estrategia.com\/portal\/wp-json\/wp\/v2\/media\/46441"}],"wp:attachment":[{"href":"https:\/\/militares.estrategia.com\/portal\/wp-json\/wp\/v2\/media?parent=47623"}],"wp:term":[{"taxonomy":"category","embeddable":true,"href":"https:\/\/militares.estrategia.com\/portal\/wp-json\/wp\/v2\/categories?post=47623"},{"taxonomy":"post_tag","embeddable":true,"href":"https:\/\/militares.estrategia.com\/portal\/wp-json\/wp\/v2\/tags?post=47623"},{"taxonomy":"wl_entity_type","embeddable":true,"href":"https:\/\/militares.estrategia.com\/portal\/wp-json\/wp\/v2\/wl_entity_type?post=47623"}],"curies":[{"name":"wp","href":"https:\/\/api.w.org\/{rel}","templated":true}]}}