{"id":47027,"date":"2021-08-25T17:50:30","date_gmt":"2021-08-25T20:50:30","guid":{"rendered":"https:\/\/blog.estrategiamilitares.com.br\/?p=47027"},"modified":"2023-03-29T16:13:22","modified_gmt":"2023-03-29T19:13:22","slug":"constituicoes-brasileiras","status":"publish","type":"post","link":"https:\/\/militares.estrategia.com\/portal\/materias-e-dicas\/historia\/constituicoes-brasileiras\/","title":{"rendered":"Constitui\u00e7\u00f5es Brasileiras: a evolu\u00e7\u00e3o de 1824 a 1988!"},"content":{"rendered":"\n<p>Quer saber um pouco mais sobre o avan\u00e7o dos <strong>direitos e deveres do cidad\u00e3o brasileiro<\/strong>, no decorrer da hist\u00f3ria? O Estrat\u00e9gia Militares preparou um artigo sobre todas as <strong>Constitui\u00e7\u00f5es nacionais<\/strong> e suas curiosidades, um<strong> tema important\u00edssimo para concursos de carreiras militares!<\/strong><\/p>\n\n\n\n<div id=\"ez-toc-container\" class=\"ez-toc-v2_0_79_2 counter-hierarchy ez-toc-counter ez-toc-transparent ez-toc-container-direction\">\n<div class=\"ez-toc-title-container\"><p class=\"ez-toc-title\" style=\"cursor:inherit\">Navegue pelo conte\u00fado\t<\/p>\n<\/div><nav><ul class='ez-toc-list ez-toc-list-level-1 ' ><li class='ez-toc-page-1 ez-toc-heading-level-2'><a class=\"ez-toc-link ez-toc-heading-1\" href=\"https:\/\/militares.estrategia.com\/portal\/materias-e-dicas\/historia\/constituicoes-brasileiras\/#O-que-e-Constituicao\" >O que \u00e9 Constitui\u00e7\u00e3o?<\/a><\/li><li class='ez-toc-page-1 ez-toc-heading-level-2'><a class=\"ez-toc-link ez-toc-heading-2\" href=\"https:\/\/militares.estrategia.com\/portal\/materias-e-dicas\/historia\/constituicoes-brasileiras\/#As-Constituicoes-Brasileiras\" >As Constitui\u00e7\u00f5es Brasileiras<\/a><\/li><li class='ez-toc-page-1 ez-toc-heading-level-2'><a class=\"ez-toc-link ez-toc-heading-3\" href=\"https:\/\/militares.estrategia.com\/portal\/materias-e-dicas\/historia\/constituicoes-brasileiras\/#Curiosidades\" >Curiosidades<\/a><\/li><li class='ez-toc-page-1 ez-toc-heading-level-2'><a class=\"ez-toc-link ez-toc-heading-4\" href=\"https:\/\/militares.estrategia.com\/portal\/materias-e-dicas\/historia\/constituicoes-brasileiras\/#Veja-tambem\" >Veja tamb\u00e9m:<\/a><\/li><\/ul><\/nav><\/div>\n<h2 class=\"wp-block-heading\" id=\"h-o-que-e-constituicao\"><span class=\"ez-toc-section\" id=\"O-que-e-Constituicao\"><\/span>O que \u00e9 Constitui\u00e7\u00e3o?<span class=\"ez-toc-section-end\"><\/span><\/h2>\n\n\n\n<p>A Constitui\u00e7\u00e3o Federal \u00e9 um conjunto de <strong>normas e leis<\/strong> de um determinado pa\u00eds, na qual h\u00e1 todos os <strong>direitos e deveres de cada cidad\u00e3o<\/strong> desse Estado. Ela \u00e9 elaborada por uma <strong>Assembleia Constituinte,<\/strong> constitu\u00edda por parlamentares eleitos exclusivamente para esse ato.<\/p>\n\n\n<div id=\"new-form\">\n\t<form id=\"forms_layout\">\n\t<input type=\"hidden\" id=\"chave_de\" name=\"chave_de\" value=\"01_EMIL_LEADS_TOTAIS\" \/>\n\t\t<input type=\"hidden\" id=\"mid\" name=\"mid\" value=\"515009017\" \/>\n\t\t<input type=\"hidden\" id=\"Objetivo\" name=\"Objetivo\" value=\"Militares\" \/>\n\t\t<input type=\"hidden\" id=\"Estado_de_Origem_do_IP\" name=\"Estado_de_Origem_do_IP\"  value=\"\" \/>\n\t\t<input type=\"hidden\" id=\"Cidade_de_Origem_do_IP\" name=\"Cidade_de_Origem_do_IP\" value=\"\" \/>\n\t\t<input type=\"hidden\" id=\"Modo_de_entrada\" name=\"Modo_de_entrada\" value=\"Portal\" \/>\n\t\t<input type=\"hidden\" id=\"Pagina_Origem\" name=\"Pagina_Origem\" value=\"\" \/>\n\n\t\t<div class=\"texto\">\n\t\t\t<h3 class=\"news\">Inscreva-se em nossa newsletter!<\/h3>\n\t\t\t<p>Receba not\u00edcias sobre os mais importantes concursos para as For\u00e7as Armadas brasileiras e informa\u00e7\u00f5es sobre o mundo militar!<\/p>\n\t\t<\/div>\n\t\t<div class=\"campos\">\n\t\t\t<div class=\"first_name labels\">\n\t\t\t\t<input type=\"text\" class=\"input_labels\" id=\"first_name\" name=\"Nome_Completo\" placeholder=\"Nome\" required \/>\n\t\t\t<\/div>\n\t\t\t<div class=\"email labels\">\n\t\t\t\t<input type=\"email\" class=\"input_labels\" id=\"email\" name=\"Email\" placeholder=\"E-mail\" required \/>\n\t\t\t<\/div>\n\t\t\t<button type=\"submit\" class=\"button_layout\">\n\t\t\t\t<div id=\"lblBotao\">Inscreva-se<\/div>\n\t\t\t\t<span id=\"divSpiner\" class=\"loader\" role=\"status\" style=\"display: none;\"><\/span>\t\n\t\t\t<\/button>\n\t\t<\/div><!-- \/campos -->\n\t\t\n\t\t<label class=\"container_checkbox\">Voc\u00ea concorda com a nossa\n\t\t\t<a class=\"politics_privacy_ahref\" target=\"_blank\" href=\"https:\/\/gratis.estrategiaconcursos.com.br\/politica-de-privacidade\/\">Pol\u00edtica de Privacidade<\/a> e aceita receber informa\u00e7\u00f5es adicionais do Estrat\u00e9gia Educacional.\n\t\t\t<input id=\"checkbox_layout\" type=\"checkbox\" checked=\"checked\" required \/>\n\t\t\t<span class=\"checkbox\"><\/span>\n\t\t<\/label>\n\t\t<div id=\"msg\"><\/div>\n\t\t<div id=\"error\" class=\"error\">\n\t\t<\/div>\n\t<\/form>\n<\/div><!-- \/new-form -->\n\n\n\n<h2 class=\"wp-block-heading\" id=\"h-as-constituicoes-brasileiras\"><span class=\"ez-toc-section\" id=\"As-Constituicoes-Brasileiras\"><\/span>As Constitui\u00e7\u00f5es Brasileiras<span class=\"ez-toc-section-end\"><\/span><\/h2>\n\n\n\n<p>Cada Constitui\u00e7\u00e3o do nosso pa\u00eds possui caracter\u00edsticas \u00fanicas, pois foram feitas em <strong>contextos hist\u00f3ricos, sociais e pol\u00edticos diferentes<\/strong>. Hoje, o Brasil possui um hist\u00f3rico de sete constitui\u00e7\u00f5es.<\/p>\n\n\n\n<h3 class=\"wp-block-heading\" id=\"h-constituicao-de-1824\">Constitui\u00e7\u00e3o de 1824<\/h3>\n\n\n\n<p><strong>A Constitui\u00e7\u00e3o de 1824 foi uma das mais importantes<\/strong>, j\u00e1 que foi respons\u00e1vel por organizar um pa\u00eds rec\u00e9m-independente de Portugal. Nosso governante era<strong> <\/strong><a href=\"https:\/\/militares.estrategia.com\/portal\/carreiras-militares\/brasil-imperial\/\"><strong>o <\/strong><\/a><a href=\"https:\/\/militares.estrategia.com\/portal\/carreiras-militares\/brasil-imperial\/\" target=\"_blank\" ><strong>imperador<\/strong> <\/a><a href=\"https:\/\/militares.estrategia.com\/portal\/carreiras-militares\/brasil-imperial\/\"><strong>Dom Pedro I<\/strong><\/a> e, ap\u00f3s o grito de independ\u00eancia, foi ele quem formou a <strong>Assembleia Constituinte<\/strong> respons\u00e1vel pela formula\u00e7\u00e3o de nossa primeira Constitui\u00e7\u00e3o.&nbsp;<\/p>\n\n\n\n<p><strong>O projeto de Constitui\u00e7\u00e3o<\/strong>, iniciado em 1823, ficou conhecido como <strong>Constitui\u00e7\u00e3o da Mandioca<\/strong>, em virtude da caracter\u00edstica do voto censit\u00e1rio, ou seja, o direito ao voto concedido apenas para cidad\u00e3os que obedecem a certos crit\u00e9rios.&nbsp;<\/p>\n\n\n\n<p>A Constitui\u00e7\u00e3o estabelecia a obrigatoriedade de um <strong>n\u00famero m\u00ednimo de alqueires de mandioca para cada eleitor.<\/strong> Essa medida foi pensada para limitar o poder de voto nas m\u00e3os dos grandes propriet\u00e1rios de terra do pa\u00eds.&nbsp;<\/p>\n\n\n\n<p>Al\u00e9m disso, em seu projeto inicial, a constituinte limitava os poderes do ent\u00e3o imperador. Sabendo disso, <strong>Dom Pedro I dissolveu a Assembleia Constituinte <\/strong>e decidiu elaborar a Constitui\u00e7\u00e3o junto a um grupo de portugueses.&nbsp;<\/p>\n\n\n\n<p>Em 25 de mar\u00e7o de 1824, <strong>Dom Pedro I outorgou<\/strong> uma nova Constitui\u00e7\u00e3o com as seguintes caracter\u00edsticas principais:<\/p>\n\n\n\n<ul class=\"wp-block-list\">\n<li>4 poderes &#8211; Executivo, Legislativo, Judici\u00e1rio e Moderador;<\/li>\n\n\n\n<li><strong>Poder Moderador<\/strong> para uso exclusivo do Imperador e que podia interferir nos demais poderes;<\/li>\n\n\n\n<li><strong>Monarquia Constitucional<\/strong>;<\/li>\n\n\n\n<li>Rela\u00e7\u00e3o entre Igreja e Estado estabelecidas pelo <strong>Padroado<\/strong> (tratado entre igreja e rei, em que o monarca fazia parte da administra\u00e7\u00e3o da Igreja);<\/li>\n\n\n\n<li>Voto <strong>exclusivo<\/strong> para homens livres, maiores de 25 anos e com renda m\u00ednima anual de 100 mil r\u00e9is.<\/li>\n<\/ul>\n\n\n\n<h3 class=\"wp-block-heading\" id=\"h-constituicao-de-1891\">Constitui\u00e7\u00e3o de 1891<\/h3>\n\n\n\n<p>J\u00e1 a Constitui\u00e7\u00e3o de 1891 foi criada durante a \u00e9poca do <strong>Brasil Rep\u00fablica, quando o governo era presidido provisoriamente por Deodoro da Fonseca. <\/strong>Ela foi elaborada democraticamente e promulgada pela mesma Assembleia Constituinte que elegeu Deodoro da Fonseca.&nbsp;<\/p>\n\n\n\n<p>Essa Constitui\u00e7\u00e3o contou com diversas mudan\u00e7as. Dentre as principais, destacam-se:<\/p>\n\n\n\n<ul class=\"wp-block-list\">\n<li><strong>Divis\u00e3o em tr\u00eas poderes: Executivo, Legislativo e Judici\u00e1rio;&nbsp;<\/strong><\/li>\n\n\n\n<li><strong>Exclus\u00e3o do Poder Moderador;<\/strong><\/li>\n\n\n\n<li>Instituiu o presidencialismo com mandato fixo de quatro anos;<\/li>\n\n\n\n<li>Federalismo como sistema pol\u00edtico, medida que deu mais autonomia aos estados;<\/li>\n\n\n\n<li>Determinou a separa\u00e7\u00e3o entre Igreja e Estado;<\/li>\n\n\n\n<li><strong>Voto aberto, ou seja,n\u00e3o secreto, exclusivo para homens maiores de 21 anos.<\/strong><\/li>\n<\/ul>\n\n\n\n<h3 class=\"wp-block-heading\" id=\"h-constituicao-de-1934\">Constitui\u00e7\u00e3o de 1934<strong>&nbsp;<\/strong><\/h3>\n\n\n\n<p>Essa Constitui\u00e7\u00e3o marcou o in\u00edcio do <strong>\u201cper\u00edodo constitucional\u201d da <\/strong><a href=\"https:\/\/blog.estrategiavestibulares.com.br\/historia\/eravargas\/\"><strong>Era <\/strong><\/a><strong><a href=\"https:\/\/blog.estrategiavestibulares.com.br\/historia\/eravargas\/\" target=\"_blank\" >Vargas <\/a><\/strong><a href=\"https:\/\/blog.estrategiavestibulares.com.br\/historia\/eravargas\/\"><strong>(1934-1937)<\/strong><\/a>. Foi marcada pelo in\u00edcio de uma centraliza\u00e7\u00e3o do poder e por <strong>grandes avan\u00e7os para a classe trabalhadora, com diversos direitos<\/strong> que, at\u00e9 ent\u00e3o, estavam distantes do povo. Alguns direitos vigoram at\u00e9 hoje.<\/p>\n\n\n\n<p>Outra marca importante dessa Constitui\u00e7\u00e3o foram os <strong>avan\u00e7os no sistema eleitoral, <\/strong>&nbsp;bem pr\u00f3ximo dos moldes aplicados no Brasil atualmente. As mudan\u00e7as foram <strong>trazidas pela cria\u00e7\u00e3o da Justi\u00e7a Eleitoral<\/strong>. Dentre diversos fatores ressaltam-se:<\/p>\n\n\n\n<ul class=\"wp-block-list\">\n<li><strong>Voto secreto;<\/strong><\/li>\n\n\n\n<li><strong>Voto obrigat\u00f3rio e exclusivo a homens e mulheres maiores de 18 anos. <\/strong>No entanto, permaneciam exclu\u00eddos os analfabetos, mendigos e militares abaixo do posto de sargento;<\/li>\n\n\n\n<li><strong>Direitos trabalhistas<\/strong> &#8211; 8 horas de trabalho di\u00e1rio, f\u00e9rias anuais remuneradas, proibi\u00e7\u00e3o de trabalho para menores de 14 anos, indeniza\u00e7\u00e3o por demiss\u00e3o sem justa causa, entre outros;<\/li>\n\n\n\n<li><strong>Ensino prim\u00e1rio obrigat\u00f3rio<\/strong>, a ser regulado pelo Minist\u00e9rio da Sa\u00fade e Educa\u00e7\u00e3o<strong>;<\/strong><\/li>\n<\/ul>\n\n\n\n<p><strong>A elei\u00e7\u00e3o daquele mandato foi feita de maneira indireta por membros da Assembleia Constituinte, que elegeram Get\u00falio Vargas<\/strong> como presidente por quatro anos. <strong>Al\u00e9m disso, tamb\u00e9m foi extinto o cargo de vice-presidente.<\/strong><\/p>\n\n\n\n<h3 class=\"wp-block-heading\" id=\"h-constituicao-de-1937\">Constitui\u00e7\u00e3o de 1937<\/h3>\n\n\n\n<p>Ainda no governo Vargas, temos <strong>mais uma Constitui\u00e7\u00e3o que marcou o in\u00edcio de uma nova etapa, o chamado Estado Novo.<\/strong> Tal carta trouxe diversas mudan\u00e7as, mas o destaque \u00e9 a manuten\u00e7\u00e3o dos direitos trabalhistas trazidos na Constitui\u00e7\u00e3o anterior.<\/p>\n\n\n\n<p><strong>Vargas dissolveu o Congresso Nacional e outorgou uma nova Constitui\u00e7\u00e3o<\/strong>, em que extinguiu o poder legislativo federal, estadual e municipal. Com isso, coube ao Executivo Federal a cria\u00e7\u00e3o de leis.&nbsp;<\/p>\n\n\n\n<p><strong>Devido sua semelhan\u00e7a com cartas fascistas, essa Constitui\u00e7\u00e3o \u00e9 conhecida como \u201cPolaca\u201d<\/strong>. Seu relator, Francisco Campos, inspirou-se, principalmente, na Constitui\u00e7\u00e3o polonesa. Dentre muitas mudan\u00e7as, destacam-se:<\/p>\n\n\n\n<ul class=\"wp-block-list\">\n<li><strong>Elei\u00e7\u00f5es indiretas para presidente, com mandato de seis anos;<\/strong><\/li>\n\n\n\n<li>Pena de morte;<\/li>\n\n\n\n<li><strong>Censura pr\u00e9via nos meios de comunica\u00e7\u00e3o;<\/strong> e<\/li>\n\n\n\n<li>Exclus\u00e3o da liberdade pol\u00edtico-partid\u00e1ria, cerceando direitos pol\u00edticos e civis.&nbsp;<\/li>\n<\/ul>\n\n\n\n<h3 class=\"wp-block-heading\" id=\"h-constituicao-de-1946\">Constitui\u00e7\u00e3o de 1946<\/h3>\n\n\n\n<p><strong>Essa Constitui\u00e7\u00e3o marca a volta da democracia ao Pa\u00eds<\/strong>, que trouxe as<strong> camadas populares ao cen\u00e1rio pol\u00edtico<\/strong>, como o <strong>restabelecimento dos direitos individuais<\/strong> perdidos durante a Era Vargas.<\/p>\n\n\n\n<figure class=\"wp-block-image size-full\"><img decoding=\"async\" src=\"https:\/\/cdn.blog.estrategiavestibulares.com.br\/vestibulares\/wp-content\/uploads\/2020\/06\/01160338\/patrick-tomasso-Oaqk7qqNh_c-unsplash.jpg\" alt=\"constitui\u00e7\u00e3o\" class=\"wp-image-39193\"\/><\/figure>\n\n\n\n<p>O per\u00edodo foi marcado por uma grande <strong>ascens\u00e3o dos partidos pol\u00edticos<\/strong>. Eles detinham um papel muito ativo, j\u00e1 que, <strong>al\u00e9m de propagarem tend\u00eancias e opini\u00f5es distintas, tinham um papel fundamental nas elei\u00e7\u00f5es<\/strong>. Os partidos eram respons\u00e1veis por toda a parte burocr\u00e1tica da inscri\u00e7\u00e3o de eleitores, uma tarefa que hoje \u00e9 feita pela justi\u00e7a eleitoral.&nbsp;<\/p>\n\n\n\n<p>Al\u00e9m disso, a Constitui\u00e7\u00e3o de 1946&nbsp; teve como principais caracter\u00edsticas:<\/p>\n\n\n\n<ul class=\"wp-block-list\">\n<li>Extin\u00e7\u00e3o da pena de morte;<\/li>\n\n\n\n<li><strong>Autonomia sindical <\/strong>&#8211; sindicatos trabalhistas tinham um papel muito importante na sociedade da \u00e9poca;<\/li>\n\n\n\n<li>Manter as conquistas sociais da Era Vargas;<\/li>\n\n\n\n<li><strong>Devolveu a autonomia dos tr\u00eas poderes<\/strong>, o que tamb\u00e9m recuperou a autonomia dos estados e munic\u00edpios;<\/li>\n\n\n\n<li><strong>Elei\u00e7\u00e3o direta para presidente<\/strong>, com mandato de cinco anos.<\/li>\n<\/ul>\n\n\n\n<h3 class=\"wp-block-heading\" id=\"h-constituicao-de-1967\">Constitui\u00e7\u00e3o de 1967&nbsp;<\/h3>\n\n\n\n<p><strong>A Constitui\u00e7\u00e3o de 1967 marcou a institucionaliza\u00e7\u00e3o do Regime Militar, durante o governo de Castelo Branco. <\/strong>Tamb\u00e9m ficou conhecida como \u201cSuper Polaca\u201d, pois, al\u00e9m de suas caracter\u00edsticas, foi elaborada pelo mesmo jurista da Constitui\u00e7\u00e3o de 1937.&nbsp;<\/p>\n\n\n\n<p><strong>Promulgada pelo Congresso Nacional durante o AI-4<\/strong>, foi marcada pelas seguintes caracter\u00edsticas:<\/p>\n\n\n\n<ul class=\"wp-block-list\">\n<li><strong>Elei\u00e7\u00f5es indiretas para presidente<\/strong>, com mandato de quatro anos;<\/li>\n\n\n\n<li><strong>Muita autonomia para a presid\u00eancia<\/strong> legislar a \u00e1rea econ\u00f4mica, tribut\u00e1ria e eleitoral do pa\u00eds;<\/li>\n\n\n\n<li><strong>Incorporou os dispositivos do AI-5<\/strong> &#8211; permitia o presidente fechar o Congresso, cassar mandatos e suprimir direitos pol\u00edticos;&nbsp;<\/li>\n<\/ul>\n\n\n\n<p>Essa Constitui\u00e7\u00e3o contou com algumas reformas em 1969, com a chamada emenda <strong>Constitucional n\u00b0 1.&nbsp;<\/strong><\/p>\n\n\n\n<h3 class=\"wp-block-heading\" id=\"h-constituicao-de-1988\">Constitui\u00e7\u00e3o de 1988<\/h3>\n\n\n\n<p>A nossa atual Carta Magna \u00e9 a Constitui\u00e7\u00e3o de 1988, conhecida como \u201cConstitui\u00e7\u00e3o Cidad\u00e3\u201d, e <strong>foi promulgada durante o governo de Jos\u00e9 Sarney. Ela trouxe grandes mudan\u00e7as em rela\u00e7\u00e3o \u00e0 anterior <\/strong>e foi respons\u00e1vel pela volta da democracia ao pa\u00eds.&nbsp;<\/p>\n\n\n\n<p><strong>Seu maior objetivo foi a instaura\u00e7\u00e3o de institui\u00e7\u00f5es democr\u00e1ticas <\/strong>para que todos os cidad\u00e3os tivessem seus direitos respeitados. Al\u00e9m disso, trouxe outros destaques, como:<\/p>\n\n\n\n<ul class=\"wp-block-list\">\n<li><strong>Independ\u00eancia dos tr\u00eas poderes;<\/strong><\/li>\n\n\n\n<li>Democracia liberal;<\/li>\n\n\n\n<li><strong>Voto obrigat\u00f3rio<\/strong> a homens e mulheres entre 18 e 70 anos;<\/li>\n\n\n\n<li><strong>Voto facultativo <\/strong>para jovens entre 16 e 18 anos, maiores de 70 anos e analfabetos;<\/li>\n\n\n\n<li>Garantia do direito \u00e0 greve e liberdade sindical;<\/li>\n\n\n\n<li><strong>Nacionalismo econ\u00f4mico<\/strong> &#8211; prioridade a empresas nacionais;<\/li>\n\n\n\n<li>Descentraliza\u00e7\u00e3o administrativa e financeira &#8211; trouxe mais autonomia a estados e munic\u00edpios;<\/li>\n\n\n\n<li><strong>Direitos da crian\u00e7a e do adolescente;<\/strong><\/li>\n\n\n\n<li><strong>Racismo torna-se crime inafian\u00e7\u00e1vel.&nbsp;<\/strong><\/li>\n<\/ul>\n\n\n\n<p>Essa Constitui\u00e7\u00e3o tamb\u00e9m<strong> marcou a instaura\u00e7\u00e3o dos direitos dos povos origin\u00e1rios, no pa\u00eds.<\/strong> Nesse momento, o \u00ednd\u00edgena passou a ser visto como cidad\u00e3o e <strong>com direito \u00e0 cultura e \u00e0 terra, em vista de sua rela\u00e7\u00e3o especial com ela.<\/strong><\/p>\n\n\n\n<h2 class=\"wp-block-heading\" id=\"h-curiosidades\"><span class=\"ez-toc-section\" id=\"Curiosidades\"><\/span>Curiosidades<span class=\"ez-toc-section-end\"><\/span><\/h2>\n\n\n\n<p>A Constitui\u00e7\u00e3o \u00e9 algo fundamental em qualquer sociedade do mundo, j\u00e1 que dita todo o modo de viver da respectiva sociedade.<\/p>\n\n\n\n<p><strong>O Brasil conta com quatro Constitui\u00e7\u00f5es promulgadas e tr\u00eas outorgadas. <\/strong>A mais duradoura foi a de 1824 e a mais curta, a de 1934. A atual \u00e9 a mais longeva do per\u00edodo republicano, com 32 anos, e tamb\u00e9m a mais extensa de todas, com 250 artigos principais.<\/p>\n\n\n\n<p>Outra curiosidade \u00e9 que <strong>a pena de morte, apesar de abolida no Brasil, est\u00e1 prevista na Constitui\u00e7\u00e3o de 1988. Contudo s\u00f3 ocorre em situa\u00e7\u00f5es espec\u00edficas.<\/strong> Segundo o inciso XLVII, do artigo 5\u00b0,em nosso pa\u00eds n\u00e3o haver\u00e1 situa\u00e7\u00e3o de pena de morte, salvo em caso de guerra declarada.&nbsp;<\/p>\n\n\n\n<p><strong>Logo, nossa Constitui\u00e7\u00e3o prev\u00ea, sim, a possibilidade de pena de morte, por\u00e9m sua aplica\u00e7\u00e3o n\u00e3o ocorrer\u00e1 em tempos de paz.&nbsp;<\/strong><\/p>\n\n\n\n<p><strong>Gostou de conhecer um pouco mais sobre a hist\u00f3ria das Constitui\u00e7\u00f5es do nosso pa\u00eds?<\/strong> Continue acompanhando nosso blog para n\u00e3o perder nenhuma novidade das carreiras militares!&nbsp;<strong>Est\u00e1 estudando para concursos militares<\/strong> e quer testar seus conhecimentos, n\u00e3o deixe de conferir o nosso <strong>Banco de Quest\u00f5es<\/strong>! <\/p>\n\n\n\n<p><\/p>\n\n\n\n<p><strong><a id=\"cta\" class=\"cta-imagem\" href=\"https:\/\/militares.estrategia.com\/curso\/banco-de-questes-anual\/\" target=\"blank\">\n                <img decoding=\"async\" width=\"100%\" src=\"https:\/\/militares.estrategia.com\/portal\/wp-content\/uploads\/2023\/02\/EM-Banco-de-Questoes.jpg\" alt=\"EM - Banco de Questo\u0303es\" title=\"EM - Banco de Questo\u0303es\">\n        <\/a><\/strong><\/p>\n\n\n\n\n\n\n\n<h2 class=\"wp-block-heading\"><span class=\"ez-toc-section\" id=\"Veja-tambem\"><\/span>Veja tamb\u00e9m:<span class=\"ez-toc-section-end\"><\/span><\/h2>\n\n\n\n<ul class=\"wp-block-list\">\n<li><a href=\"https:\/\/militares.estrategia.com\/portal\/materias-e-dicas\/historia\/revoltas-coloniais-causas-principais-revoltas-e-mais\/\">Revoltas Coloniais: causas, principais revoltas e mais!<\/a><\/li>\n\n\n\n<li><a href=\"https:\/\/militares.estrategia.com\/portal\/materias-e-dicas\/historia\/brasil-imperial\/\">Brasil Imperial: a independ\u00eancia, primeiro, segundo, terceiro reinado e mais<\/a><\/li>\n\n\n\n<li><a href=\"https:\/\/militares.estrategia.com\/portal\/materias-e-dicas\/historia\/feb\/\">For\u00e7a Expedicion\u00e1ria Brasileira (FEB): o que \u00e9, segunda guerra mundial, campanhas e mais<\/a><\/li>\n\n\n\n<li><a href=\"https:\/\/militares.estrategia.com\/portal\/materias-e-dicas\/historia\/brasil-na-2a-guerra-mundial-e-a-atuacao-da-feb\/\">Brasil na Segunda Guerra Mundial e Atua\u00e7\u00e3o da FEB: conhe\u00e7a a hist\u00f3ria<\/a><\/li>\n\n\n\n<li><a href=\"https:\/\/militares.estrategia.com\/portal\/materias-e-dicas\/historia\/olavo-bilac\/\">Olavo Bilac: hist\u00f3ria, servi\u00e7os e mais<\/a><\/li>\n\n\n\n<li><a href=\"https:\/\/militares.estrategia.com\/portal\/materias-e-dicas\/historia\/militares-na-historia\/\">Militares na hist\u00f3ria: imp\u00e9rio, idade contempor\u00e2nea e mais<\/a><\/li>\n\n\n\n<li><a href=\"https:\/\/militares.estrategia.com\/portal\/materias-e-dicas\/historia\/revoltas-que-ja-ocorreram-no-brasil\/\">Revoltas que j\u00e1 ocorreram no Brasil: quais foram, motivos e mais<\/a><\/li>\n<\/ul>\n","protected":false},"excerpt":{"rendered":"Quer saber um pouco mais sobre o avan\u00e7o dos direitos e deveres do cidad\u00e3o brasileiro, no decorrer da&hellip;\n","protected":false},"author":53,"featured_media":49753,"comment_status":"closed","ping_status":"closed","sticky":false,"template":"","format":"standard","meta":{"wl_entities_gutenberg":"","footnotes":""},"categories":[29],"tags":[],"wl_entity_type":[187],"class_list":{"0":"post-47027","1":"post","2":"type-post","3":"status-publish","4":"format-standard","5":"has-post-thumbnail","7":"category-historia","8":"wl_entity_type-article"},"acf":[],"yoast_head":"<!-- This site is optimized with the Yoast SEO Premium plugin v26.6 (Yoast SEO v26.6) - https:\/\/yoast.com\/wordpress\/plugins\/seo\/ -->\n<title>Constitui\u00e7\u00f5es Brasileiras: a evolu\u00e7\u00e3o de 1824 a 1988!<\/title>\n<meta name=\"description\" content=\"Voc\u00ea conhece as Constitui\u00e7\u00f5es brasileiras? Conhe\u00e7a um pouco mais sobre as Constitui\u00e7\u00f5es brasileiras nesse post do Estrat\u00e9gia Militares!\" \/>\n<meta name=\"robots\" content=\"index, follow, max-snippet:-1, max-image-preview:large, max-video-preview:-1\" \/>\n<link rel=\"canonical\" href=\"https:\/\/militares.estrategia.com\/portal\/materias-e-dicas\/historia\/constituicoes-brasileiras\/\" \/>\n<meta property=\"og:locale\" content=\"pt_BR\" \/>\n<meta property=\"og:type\" content=\"article\" \/>\n<meta property=\"og:title\" content=\"Constitui\u00e7\u00f5es Brasileiras: a evolu\u00e7\u00e3o de 1824 a 1988!\" \/>\n<meta property=\"og:description\" content=\"Voc\u00ea conhece as Constitui\u00e7\u00f5es brasileiras? Conhe\u00e7a um pouco mais sobre as Constitui\u00e7\u00f5es brasileiras nesse post do Estrat\u00e9gia Militares!\" \/>\n<meta property=\"og:url\" content=\"https:\/\/militares.estrategia.com\/portal\/materias-e-dicas\/historia\/constituicoes-brasileiras\/\" \/>\n<meta property=\"og:site_name\" content=\"Estrat\u00e9gia Militares\" \/>\n<meta property=\"article:publisher\" content=\"https:\/\/www.facebook.com\/EstrategiaMilitares\" \/>\n<meta property=\"article:published_time\" content=\"2021-08-25T20:50:30+00:00\" \/>\n<meta property=\"article:modified_time\" content=\"2023-03-29T19:13:22+00:00\" \/>\n<meta property=\"og:image\" content=\"https:\/\/cdn.blog.estrategiavestibulares.com.br\/vestibulares\/wp-content\/uploads\/2021\/08\/Apresentacao-sem-titulo-15.jpg\" \/>\n\t<meta property=\"og:image:width\" content=\"960\" \/>\n\t<meta property=\"og:image:height\" content=\"540\" \/>\n\t<meta property=\"og:image:type\" content=\"image\/jpeg\" \/>\n<meta name=\"author\" content=\"Lucas Gon\u00e7alves\" \/>\n<meta name=\"twitter:card\" content=\"summary_large_image\" \/>\n<meta name=\"twitter:creator\" content=\"@estrategiamilit\" \/>\n<meta name=\"twitter:site\" content=\"@estrategiamilit\" \/>\n<meta name=\"twitter:label1\" content=\"Escrito por\" \/>\n\t<meta name=\"twitter:data1\" content=\"Lucas Gon\u00e7alves\" \/>\n\t<meta name=\"twitter:label2\" content=\"Est. tempo de leitura\" \/>\n\t<meta name=\"twitter:data2\" content=\"7 minutos\" \/>\n<script type=\"application\/ld+json\" class=\"yoast-schema-graph\">{\"@context\":\"https:\/\/schema.org\",\"@graph\":[{\"@type\":\"Article\",\"@id\":\"https:\/\/militares.estrategia.com\/portal\/materias-e-dicas\/historia\/constituicoes-brasileiras\/#article\",\"isPartOf\":{\"@id\":\"https:\/\/militares.estrategia.com\/portal\/materias-e-dicas\/historia\/constituicoes-brasileiras\/\"},\"author\":{\"name\":\"Lucas Gon\u00e7alves\",\"@id\":\"https:\/\/militares.estrategia.com\/portal\/#\/schema\/person\/566b15d6f51f32043ba353771e7ee88a\"},\"headline\":\"Constitui\u00e7\u00f5es Brasileiras: a evolu\u00e7\u00e3o de 1824 a 1988!\",\"datePublished\":\"2021-08-25T20:50:30+00:00\",\"dateModified\":\"2023-03-29T19:13:22+00:00\",\"mainEntityOfPage\":{\"@id\":\"https:\/\/militares.estrategia.com\/portal\/materias-e-dicas\/historia\/constituicoes-brasileiras\/\"},\"wordCount\":1630,\"publisher\":{\"@id\":\"https:\/\/militares.estrategia.com\/portal\/#organization\"},\"image\":{\"@id\":\"https:\/\/militares.estrategia.com\/portal\/materias-e-dicas\/historia\/constituicoes-brasileiras\/#primaryimage\"},\"thumbnailUrl\":\"https:\/\/militares.estrategia.com\/portal\/wp-content\/uploads\/2021\/08\/Apresentacao-sem-titulo-15.jpg\",\"articleSection\":[\"Hist\u00f3ria\"],\"inLanguage\":\"pt-BR\"},{\"@type\":\"WebPage\",\"@id\":\"https:\/\/militares.estrategia.com\/portal\/materias-e-dicas\/historia\/constituicoes-brasileiras\/\",\"url\":\"https:\/\/militares.estrategia.com\/portal\/materias-e-dicas\/historia\/constituicoes-brasileiras\/\",\"name\":\"Constitui\u00e7\u00f5es Brasileiras: a evolu\u00e7\u00e3o de 1824 a 1988!\",\"isPartOf\":{\"@id\":\"https:\/\/militares.estrategia.com\/portal\/#website\"},\"primaryImageOfPage\":{\"@id\":\"https:\/\/militares.estrategia.com\/portal\/materias-e-dicas\/historia\/constituicoes-brasileiras\/#primaryimage\"},\"image\":{\"@id\":\"https:\/\/militares.estrategia.com\/portal\/materias-e-dicas\/historia\/constituicoes-brasileiras\/#primaryimage\"},\"thumbnailUrl\":\"https:\/\/militares.estrategia.com\/portal\/wp-content\/uploads\/2021\/08\/Apresentacao-sem-titulo-15.jpg\",\"datePublished\":\"2021-08-25T20:50:30+00:00\",\"dateModified\":\"2023-03-29T19:13:22+00:00\",\"description\":\"Voc\u00ea conhece as Constitui\u00e7\u00f5es brasileiras? Conhe\u00e7a um pouco mais sobre as Constitui\u00e7\u00f5es brasileiras nesse post do Estrat\u00e9gia Militares!\",\"breadcrumb\":{\"@id\":\"https:\/\/militares.estrategia.com\/portal\/materias-e-dicas\/historia\/constituicoes-brasileiras\/#breadcrumb\"},\"inLanguage\":\"pt-BR\",\"potentialAction\":[{\"@type\":\"ReadAction\",\"target\":[\"https:\/\/militares.estrategia.com\/portal\/materias-e-dicas\/historia\/constituicoes-brasileiras\/\"]}]},{\"@type\":\"ImageObject\",\"inLanguage\":\"pt-BR\",\"@id\":\"https:\/\/militares.estrategia.com\/portal\/materias-e-dicas\/historia\/constituicoes-brasileiras\/#primaryimage\",\"url\":\"https:\/\/militares.estrategia.com\/portal\/wp-content\/uploads\/2021\/08\/Apresentacao-sem-titulo-15.jpg\",\"contentUrl\":\"https:\/\/militares.estrategia.com\/portal\/wp-content\/uploads\/2021\/08\/Apresentacao-sem-titulo-15.jpg\",\"width\":960,\"height\":540,\"caption\":\"Constitui\u00e7\u00e3o\"},{\"@type\":\"BreadcrumbList\",\"@id\":\"https:\/\/militares.estrategia.com\/portal\/materias-e-dicas\/historia\/constituicoes-brasileiras\/#breadcrumb\",\"itemListElement\":[{\"@type\":\"ListItem\",\"position\":1,\"name\":\"Home\",\"item\":\"https:\/\/militares.estrategia.com\/portal\/\"},{\"@type\":\"ListItem\",\"position\":2,\"name\":\"Mat\u00e9rias e Dicas\",\"item\":\"https:\/\/militares.estrategia.com\/portal\/materias-e-dicas\/\"},{\"@type\":\"ListItem\",\"position\":3,\"name\":\"Hist\u00f3ria\",\"item\":\"https:\/\/militares.estrategia.com\/portal\/materias-e-dicas\/historia\/\"},{\"@type\":\"ListItem\",\"position\":4,\"name\":\"Constitui\u00e7\u00f5es Brasileiras: a evolu\u00e7\u00e3o de 1824 a 1988!\"}]},{\"@type\":\"WebSite\",\"@id\":\"https:\/\/militares.estrategia.com\/portal\/#website\",\"url\":\"https:\/\/militares.estrategia.com\/portal\/\",\"name\":\"Estrat\u00e9gia Militares\",\"description\":\"\",\"publisher\":{\"@id\":\"https:\/\/militares.estrategia.com\/portal\/#organization\"},\"potentialAction\":[{\"@type\":\"SearchAction\",\"target\":{\"@type\":\"EntryPoint\",\"urlTemplate\":\"https:\/\/militares.estrategia.com\/portal\/?s={search_term_string}\"},\"query-input\":{\"@type\":\"PropertyValueSpecification\",\"valueRequired\":true,\"valueName\":\"search_term_string\"}}],\"inLanguage\":\"pt-BR\"},{\"@type\":\"Organization\",\"@id\":\"https:\/\/militares.estrategia.com\/portal\/#organization\",\"name\":\"Estrat\u00e9gia Militares\",\"url\":\"https:\/\/militares.estrategia.com\/portal\/\",\"logo\":{\"@type\":\"ImageObject\",\"inLanguage\":\"pt-BR\",\"@id\":\"https:\/\/militares.estrategia.com\/portal\/#\/schema\/logo\/image\/\",\"url\":\"https:\/\/militares.estrategia.com\/portal\/wp-content\/uploads\/2021\/10\/logo-militares.webp\",\"contentUrl\":\"https:\/\/militares.estrategia.com\/portal\/wp-content\/uploads\/2021\/10\/logo-militares.webp\",\"width\":346,\"height\":90,\"caption\":\"Estrat\u00e9gia Militares\"},\"image\":{\"@id\":\"https:\/\/militares.estrategia.com\/portal\/#\/schema\/logo\/image\/\"},\"sameAs\":[\"https:\/\/www.facebook.com\/EstrategiaMilitares\",\"https:\/\/x.com\/estrategiamilit\",\"https:\/\/www.instagram.com\/estrategiamilitares\/\",\"https:\/\/www.youtube.com\/channel\/UCRG_9hakCqXxnj_8TqCdgTA\"]},{\"@type\":\"Person\",\"@id\":\"https:\/\/militares.estrategia.com\/portal\/#\/schema\/person\/566b15d6f51f32043ba353771e7ee88a\",\"name\":\"Lucas Gon\u00e7alves\",\"image\":{\"@type\":\"ImageObject\",\"inLanguage\":\"pt-BR\",\"@id\":\"https:\/\/militares.estrategia.com\/portal\/#\/schema\/person\/image\/\",\"url\":\"https:\/\/militares.estrategia.com\/portal\/wp-content\/uploads\/2021\/08\/WhatsApp-Image-2023-04-28-at-13.20.17-150x150.jpeg\",\"contentUrl\":\"https:\/\/militares.estrategia.com\/portal\/wp-content\/uploads\/2021\/08\/WhatsApp-Image-2023-04-28-at-13.20.17-150x150.jpeg\",\"caption\":\"Lucas Gon\u00e7alves\"},\"description\":\"Lucas \u00e9 um apaixonado pelo mundo dos concursos e pela carreira militar. Amante e praticante do futebol nas horas vagas.\",\"url\":\"https:\/\/militares.estrategia.com\/portal\/author\/lucas-goncalves\/\"}]}<\/script>\n<!-- \/ Yoast SEO Premium plugin. -->","yoast_head_json":{"title":"Constitui\u00e7\u00f5es Brasileiras: a evolu\u00e7\u00e3o de 1824 a 1988!","description":"Voc\u00ea conhece as Constitui\u00e7\u00f5es brasileiras? Conhe\u00e7a um pouco mais sobre as Constitui\u00e7\u00f5es brasileiras nesse post do Estrat\u00e9gia Militares!","robots":{"index":"index","follow":"follow","max-snippet":"max-snippet:-1","max-image-preview":"max-image-preview:large","max-video-preview":"max-video-preview:-1"},"canonical":"https:\/\/militares.estrategia.com\/portal\/materias-e-dicas\/historia\/constituicoes-brasileiras\/","og_locale":"pt_BR","og_type":"article","og_title":"Constitui\u00e7\u00f5es Brasileiras: a evolu\u00e7\u00e3o de 1824 a 1988!","og_description":"Voc\u00ea conhece as Constitui\u00e7\u00f5es brasileiras? Conhe\u00e7a um pouco mais sobre as Constitui\u00e7\u00f5es brasileiras nesse post do Estrat\u00e9gia Militares!","og_url":"https:\/\/militares.estrategia.com\/portal\/materias-e-dicas\/historia\/constituicoes-brasileiras\/","og_site_name":"Estrat\u00e9gia Militares","article_publisher":"https:\/\/www.facebook.com\/EstrategiaMilitares","article_published_time":"2021-08-25T20:50:30+00:00","article_modified_time":"2023-03-29T19:13:22+00:00","og_image":[{"width":960,"height":540,"url":"https:\/\/cdn.blog.estrategiavestibulares.com.br\/vestibulares\/wp-content\/uploads\/2021\/08\/Apresentacao-sem-titulo-15.jpg","type":"image\/jpeg"}],"author":"Lucas Gon\u00e7alves","twitter_card":"summary_large_image","twitter_creator":"@estrategiamilit","twitter_site":"@estrategiamilit","twitter_misc":{"Escrito por":"Lucas Gon\u00e7alves","Est. tempo de leitura":"7 minutos"},"schema":{"@context":"https:\/\/schema.org","@graph":[{"@type":"Article","@id":"https:\/\/militares.estrategia.com\/portal\/materias-e-dicas\/historia\/constituicoes-brasileiras\/#article","isPartOf":{"@id":"https:\/\/militares.estrategia.com\/portal\/materias-e-dicas\/historia\/constituicoes-brasileiras\/"},"author":{"name":"Lucas Gon\u00e7alves","@id":"https:\/\/militares.estrategia.com\/portal\/#\/schema\/person\/566b15d6f51f32043ba353771e7ee88a"},"headline":"Constitui\u00e7\u00f5es Brasileiras: a evolu\u00e7\u00e3o de 1824 a 1988!","datePublished":"2021-08-25T20:50:30+00:00","dateModified":"2023-03-29T19:13:22+00:00","mainEntityOfPage":{"@id":"https:\/\/militares.estrategia.com\/portal\/materias-e-dicas\/historia\/constituicoes-brasileiras\/"},"wordCount":1630,"publisher":{"@id":"https:\/\/militares.estrategia.com\/portal\/#organization"},"image":{"@id":"https:\/\/militares.estrategia.com\/portal\/materias-e-dicas\/historia\/constituicoes-brasileiras\/#primaryimage"},"thumbnailUrl":"https:\/\/militares.estrategia.com\/portal\/wp-content\/uploads\/2021\/08\/Apresentacao-sem-titulo-15.jpg","articleSection":["Hist\u00f3ria"],"inLanguage":"pt-BR"},{"@type":"WebPage","@id":"https:\/\/militares.estrategia.com\/portal\/materias-e-dicas\/historia\/constituicoes-brasileiras\/","url":"https:\/\/militares.estrategia.com\/portal\/materias-e-dicas\/historia\/constituicoes-brasileiras\/","name":"Constitui\u00e7\u00f5es Brasileiras: a evolu\u00e7\u00e3o de 1824 a 1988!","isPartOf":{"@id":"https:\/\/militares.estrategia.com\/portal\/#website"},"primaryImageOfPage":{"@id":"https:\/\/militares.estrategia.com\/portal\/materias-e-dicas\/historia\/constituicoes-brasileiras\/#primaryimage"},"image":{"@id":"https:\/\/militares.estrategia.com\/portal\/materias-e-dicas\/historia\/constituicoes-brasileiras\/#primaryimage"},"thumbnailUrl":"https:\/\/militares.estrategia.com\/portal\/wp-content\/uploads\/2021\/08\/Apresentacao-sem-titulo-15.jpg","datePublished":"2021-08-25T20:50:30+00:00","dateModified":"2023-03-29T19:13:22+00:00","description":"Voc\u00ea conhece as Constitui\u00e7\u00f5es brasileiras? Conhe\u00e7a um pouco mais sobre as Constitui\u00e7\u00f5es brasileiras nesse post do Estrat\u00e9gia Militares!","breadcrumb":{"@id":"https:\/\/militares.estrategia.com\/portal\/materias-e-dicas\/historia\/constituicoes-brasileiras\/#breadcrumb"},"inLanguage":"pt-BR","potentialAction":[{"@type":"ReadAction","target":["https:\/\/militares.estrategia.com\/portal\/materias-e-dicas\/historia\/constituicoes-brasileiras\/"]}]},{"@type":"ImageObject","inLanguage":"pt-BR","@id":"https:\/\/militares.estrategia.com\/portal\/materias-e-dicas\/historia\/constituicoes-brasileiras\/#primaryimage","url":"https:\/\/militares.estrategia.com\/portal\/wp-content\/uploads\/2021\/08\/Apresentacao-sem-titulo-15.jpg","contentUrl":"https:\/\/militares.estrategia.com\/portal\/wp-content\/uploads\/2021\/08\/Apresentacao-sem-titulo-15.jpg","width":960,"height":540,"caption":"Constitui\u00e7\u00e3o"},{"@type":"BreadcrumbList","@id":"https:\/\/militares.estrategia.com\/portal\/materias-e-dicas\/historia\/constituicoes-brasileiras\/#breadcrumb","itemListElement":[{"@type":"ListItem","position":1,"name":"Home","item":"https:\/\/militares.estrategia.com\/portal\/"},{"@type":"ListItem","position":2,"name":"Mat\u00e9rias e Dicas","item":"https:\/\/militares.estrategia.com\/portal\/materias-e-dicas\/"},{"@type":"ListItem","position":3,"name":"Hist\u00f3ria","item":"https:\/\/militares.estrategia.com\/portal\/materias-e-dicas\/historia\/"},{"@type":"ListItem","position":4,"name":"Constitui\u00e7\u00f5es Brasileiras: a evolu\u00e7\u00e3o de 1824 a 1988!"}]},{"@type":"WebSite","@id":"https:\/\/militares.estrategia.com\/portal\/#website","url":"https:\/\/militares.estrategia.com\/portal\/","name":"Estrat\u00e9gia Militares","description":"","publisher":{"@id":"https:\/\/militares.estrategia.com\/portal\/#organization"},"potentialAction":[{"@type":"SearchAction","target":{"@type":"EntryPoint","urlTemplate":"https:\/\/militares.estrategia.com\/portal\/?s={search_term_string}"},"query-input":{"@type":"PropertyValueSpecification","valueRequired":true,"valueName":"search_term_string"}}],"inLanguage":"pt-BR"},{"@type":"Organization","@id":"https:\/\/militares.estrategia.com\/portal\/#organization","name":"Estrat\u00e9gia Militares","url":"https:\/\/militares.estrategia.com\/portal\/","logo":{"@type":"ImageObject","inLanguage":"pt-BR","@id":"https:\/\/militares.estrategia.com\/portal\/#\/schema\/logo\/image\/","url":"https:\/\/militares.estrategia.com\/portal\/wp-content\/uploads\/2021\/10\/logo-militares.webp","contentUrl":"https:\/\/militares.estrategia.com\/portal\/wp-content\/uploads\/2021\/10\/logo-militares.webp","width":346,"height":90,"caption":"Estrat\u00e9gia Militares"},"image":{"@id":"https:\/\/militares.estrategia.com\/portal\/#\/schema\/logo\/image\/"},"sameAs":["https:\/\/www.facebook.com\/EstrategiaMilitares","https:\/\/x.com\/estrategiamilit","https:\/\/www.instagram.com\/estrategiamilitares\/","https:\/\/www.youtube.com\/channel\/UCRG_9hakCqXxnj_8TqCdgTA"]},{"@type":"Person","@id":"https:\/\/militares.estrategia.com\/portal\/#\/schema\/person\/566b15d6f51f32043ba353771e7ee88a","name":"Lucas Gon\u00e7alves","image":{"@type":"ImageObject","inLanguage":"pt-BR","@id":"https:\/\/militares.estrategia.com\/portal\/#\/schema\/person\/image\/","url":"https:\/\/militares.estrategia.com\/portal\/wp-content\/uploads\/2021\/08\/WhatsApp-Image-2023-04-28-at-13.20.17-150x150.jpeg","contentUrl":"https:\/\/militares.estrategia.com\/portal\/wp-content\/uploads\/2021\/08\/WhatsApp-Image-2023-04-28-at-13.20.17-150x150.jpeg","caption":"Lucas Gon\u00e7alves"},"description":"Lucas \u00e9 um apaixonado pelo mundo dos concursos e pela carreira militar. Amante e praticante do futebol nas horas vagas.","url":"https:\/\/militares.estrategia.com\/portal\/author\/lucas-goncalves\/"}]}},"_wl_alt_label":[],"wl:entity_url":"https:\/\/data.wordlift.io\/wl110246\/post\/constituicoes_brasileiras__a_evolucao_de_1824_a_1988","_links":{"self":[{"href":"https:\/\/militares.estrategia.com\/portal\/wp-json\/wp\/v2\/posts\/47027","targetHints":{"allow":["GET"]}}],"collection":[{"href":"https:\/\/militares.estrategia.com\/portal\/wp-json\/wp\/v2\/posts"}],"about":[{"href":"https:\/\/militares.estrategia.com\/portal\/wp-json\/wp\/v2\/types\/post"}],"author":[{"embeddable":true,"href":"https:\/\/militares.estrategia.com\/portal\/wp-json\/wp\/v2\/users\/53"}],"replies":[{"embeddable":true,"href":"https:\/\/militares.estrategia.com\/portal\/wp-json\/wp\/v2\/comments?post=47027"}],"version-history":[{"count":9,"href":"https:\/\/militares.estrategia.com\/portal\/wp-json\/wp\/v2\/posts\/47027\/revisions"}],"predecessor-version":[{"id":65515,"href":"https:\/\/militares.estrategia.com\/portal\/wp-json\/wp\/v2\/posts\/47027\/revisions\/65515"}],"wp:featuredmedia":[{"embeddable":true,"href":"https:\/\/militares.estrategia.com\/portal\/wp-json\/wp\/v2\/media\/49753"}],"wp:attachment":[{"href":"https:\/\/militares.estrategia.com\/portal\/wp-json\/wp\/v2\/media?parent=47027"}],"wp:term":[{"taxonomy":"category","embeddable":true,"href":"https:\/\/militares.estrategia.com\/portal\/wp-json\/wp\/v2\/categories?post=47027"},{"taxonomy":"post_tag","embeddable":true,"href":"https:\/\/militares.estrategia.com\/portal\/wp-json\/wp\/v2\/tags?post=47027"},{"taxonomy":"wl_entity_type","embeddable":true,"href":"https:\/\/militares.estrategia.com\/portal\/wp-json\/wp\/v2\/wl_entity_type?post=47027"}],"curies":[{"name":"wp","href":"https:\/\/api.w.org\/{rel}","templated":true}]}}