{"id":46828,"date":"2021-08-17T18:33:56","date_gmt":"2021-08-17T21:33:56","guid":{"rendered":"https:\/\/blog.estrategiamilitares.com.br\/?p=46828"},"modified":"2021-08-17T18:33:59","modified_gmt":"2021-08-17T21:33:59","slug":"edital-colegios-militares-2022-divulgado","status":"publish","type":"post","link":"https:\/\/militares.estrategia.com\/portal\/noticias\/edital-colegios-militares-2022-divulgado\/","title":{"rendered":"Edital dos Col\u00e9gios Militares 2022 \u00e9 publicado"},"content":{"rendered":"\n<p>O<strong> Edital do Concurso para os Col\u00e9gios Militares 2022<\/strong> foi publicado pelo Comando do Ex\u00e9rcito no Di\u00e1rio Oficial da Uni\u00e3o no dia 12 de agosto de 2021. As<strong> inscri\u00e7\u00f5es<\/strong> nos seletivos de cada um dos 14 Col\u00e9gios Militares podem ser feitas<strong> a partir de quarta, dia 18 de agosto, e v\u00e3o at\u00e9 o dia 24 de setembro<\/strong>. <\/p>\n\n\n\n<figure class=\"wp-block-table is-style-stripes\"><table class=\"has-fixed-layout\"><tbody><tr><td>Inscri\u00e7\u00f5es<\/td><td class=\"has-text-align-center\" data-align=\"center\">18\/08 a 24\/09\/2021<\/td><\/tr><tr><td>Isen\u00e7\u00e3o das inscri\u00e7\u00f5es<\/td><td class=\"has-text-align-center\" data-align=\"center\">18\/08 a 01\/09\/2021<\/td><\/tr><tr><td>Exame Intelectual<\/td><td class=\"has-text-align-center\" data-align=\"center\">17\/10\/2021<\/td><\/tr><tr><td>Gabarito preliminar<\/td><td class=\"has-text-align-center\" data-align=\"center\">A partir das 12h, 18\/09<\/td><\/tr><tr><td>Matr\u00edcula<\/td><td class=\"has-text-align-center\" data-align=\"center\">17\/01 a 12\/02\/2022<\/td><\/tr><\/tbody><\/table><\/figure>\n\n\n\n<figure class=\"wp-block-image size-large\"><img decoding=\"async\" width=\"750\" height=\"420\" src=\"https:\/\/militares.estrategia.com\/portal\/wp-content\/uploads\/2021\/08\/Capa-colegios-militares.jpg\" alt=\"col\u00e9gios militares\" class=\"wp-image-46829\" srcset=\"https:\/\/militares.estrategia.com\/portal\/wp-content\/uploads\/2021\/08\/Capa-colegios-militares.jpg 750w, https:\/\/militares.estrategia.com\/portal\/wp-content\/uploads\/2021\/08\/Capa-colegios-militares-300x168.jpg 300w, https:\/\/militares.estrategia.com\/portal\/wp-content\/uploads\/2021\/08\/Capa-colegios-militares-380x213.jpg 380w\" sizes=\"(max-width: 750px) 100vw, 750px\" \/><\/figure>\n\n\n\n<p><strong>As vagas nos Col\u00e9gios Militares destinam-se a candidatos ao<a href=\"https:\/\/militares.estrategia.com\/portal\/guias\/exercito\/6-ano-colegio-militar\/\" target=\"_blank\" > 6<sup>o<\/sup> ano do Ensino Fundamental<\/a> e ao <a href=\"https:\/\/militares.estrategia.com\/portal\/guias\/exercito\/concurso-colegio-militar\/\" target=\"_blank\" >1<sup>o<\/sup> ano do Ensino M\u00e9dio<\/a>.<\/strong> Para participar, \u00e9 necess\u00e1rio cumprir alguns requisitos, segundo consta no Edital: <\/p>\n\n\n\n<ul class=\"wp-block-list\"><li>Ser brasileiro;<\/li><li>Ter conclu\u00eddo ou estar cursando o 5\u00ba ano do Ensino Fundamental, para o candidato ao ingresso no 6\u00ba ano do Ensino Fundamental;<\/li><li>Ter conclu\u00eddo ou estar cursando o 9\u00ba ano do Ensino Fundamental, para o candidato ao ingresso no 1\u00ba ano do Ensino M\u00e9dio;<\/li><li>Para candidatos ao 6\u00ba ano: ter menos de 13 anos em 1\u00ba de janeiro do ano da matr\u00edcula e completar 10 anos at\u00e9 31 de dezembro do ano da matr\u00edcula; <\/li><li>Para candidatos ao 1\u00ba ano\/EM: ter menos de 18 anos em 1\u00ba de janeiro do<br>ano da matr\u00edcula ou completar 14 anos at\u00e9 31 de dezembro do ano da matr\u00edcula; e<\/li><li>N\u00e3o ter sido exclu\u00eddo disciplinarmente de qualquer Col\u00e9gio Militar. <\/li><\/ul>\n\n\n\n<p>Cada Col\u00e9gio Militar oferece uma <strong>quantidade distinta de vagas<\/strong> e as provas do seletivo variam de institui\u00e7\u00e3o para institui\u00e7\u00e3o. Confira a distribui\u00e7\u00e3o das vagas por Col\u00e9gio Militar: <\/p>\n\n\n\n<figure class=\"wp-block-table is-style-stripes\"><table class=\"has-fixed-layout\"><thead><tr><th>Col\u00e9gio Militar<\/th><th class=\"has-text-align-center\" data-align=\"center\">6<sup>o<\/sup> ano EF<\/th><th class=\"has-text-align-center\" data-align=\"center\">1<sup>o<\/sup> ano EM<\/th><\/tr><\/thead><tbody><tr><td>Bras\u00edlia (CMB)<\/td><td class=\"has-text-align-center\" data-align=\"center\">15<\/td><td class=\"has-text-align-center\" data-align=\"center\">&#8211;<\/td><\/tr><tr><td>Belo Horizonte (CMBH)<\/td><td class=\"has-text-align-center\" data-align=\"center\">35<\/td><td class=\"has-text-align-center\" data-align=\"center\">15<\/td><\/tr><tr><td>Curitiba (CMC)<\/td><td class=\"has-text-align-center\" data-align=\"center\">30<\/td><td class=\"has-text-align-center\" data-align=\"center\">5<\/td><\/tr><tr><td>Campo Grande (CMCG)<\/td><td class=\"has-text-align-center\" data-align=\"center\">10<\/td><td class=\"has-text-align-center\" data-align=\"center\">&#8211;<\/td><\/tr><tr><td>Fortaleza (CMF)<\/td><td class=\"has-text-align-center\" data-align=\"center\">25<\/td><td class=\"has-text-align-center\" data-align=\"center\">5<\/td><\/tr><tr><td>Juiz de Fora (CMJF)<\/td><td class=\"has-text-align-center\" data-align=\"center\">30<\/td><td class=\"has-text-align-center\" data-align=\"center\">&#8211;<\/td><\/tr><tr><td>Manaus (CMM)<\/td><td class=\"has-text-align-center\" data-align=\"center\">25<\/td><td class=\"has-text-align-center\" data-align=\"center\">&#8211;<\/td><\/tr><tr><td>Porto Alegre (CMPA)<\/td><td class=\"has-text-align-center\" data-align=\"center\">30<\/td><td class=\"has-text-align-center\" data-align=\"center\">5<\/td><\/tr><tr><td>Recife (CMR)<\/td><td class=\"has-text-align-center\" data-align=\"center\">30<\/td><td class=\"has-text-align-center\" data-align=\"center\">&#8211;<\/td><\/tr><tr><td>Rio de Janeiro (CMRJ)<\/td><td class=\"has-text-align-center\" data-align=\"center\">25<\/td><td class=\"has-text-align-center\" data-align=\"center\">5<\/td><\/tr><tr><td>Salvador (CMS)<\/td><td class=\"has-text-align-center\" data-align=\"center\">20<\/td><td class=\"has-text-align-center\" data-align=\"center\">&#8211;<\/td><\/tr><tr><td>Santa Maria (CMSM)<\/td><td class=\"has-text-align-center\" data-align=\"center\">25<\/td><td class=\"has-text-align-center\" data-align=\"center\">10<\/td><\/tr><tr><td>S\u00e3o Paulo (CMSP)<\/td><td class=\"has-text-align-center\" data-align=\"center\">35<\/td><td class=\"has-text-align-center\" data-align=\"center\">&#8211;<\/td><\/tr><tr><td>Bel\u00e9m (CMBel)<\/td><td class=\"has-text-align-center\" data-align=\"center\">25<\/td><td class=\"has-text-align-center\" data-align=\"center\">5<\/td><\/tr><\/tbody><\/table><\/figure>\n\n\n\n<p>Antes de se inscrever, lembre-se de ler todo o Edital do Concurso Col\u00e9gio Militar 2022. Voc\u00ea pode baixar o arquivo abaixo. <\/p>\n\n\n\n<ul class=\"wp-block-list\"><li><a href=\"https:\/\/militares.estrategia.com\/portal\/wp-content\/uploads\/2021\/08\/EDITA_Concurso_CM_2022.pdf\" target=\"_blank\" >Edital Prova Col\u00e9gio Militar 2022<\/a><\/li><\/ul>\n\n\n\n<p>Al\u00e9m disso, os professores do Estrat\u00e9gia Militares fazem a an\u00e1lise do Edital para voc\u00ea ficar por dentro de tudo o que \u00e9 necess\u00e1rio sobre o seletivo. N\u00e3o perca a transmiss\u00e3o ao vivo!<\/p>\n\n\n\n<figure class=\"wp-block-embed is-type-video is-provider-youtube wp-block-embed-youtube wp-embed-aspect-16-9 wp-has-aspect-ratio\"><div class=\"wp-block-embed__wrapper\">\n<div class=\"cs-embed cs-embed-responsive\"><iframe title=\"Col\u00e9gios Militares - An\u00e1lise de Edital\" width=\"1200\" height=\"675\" src=\"https:\/\/www.youtube.com\/embed\/iF5s7l5wmPg?feature=oembed\" frameborder=\"0\" allow=\"accelerometer; autoplay; clipboard-write; encrypted-media; gyroscope; picture-in-picture\" allowfullscreen><\/iframe><\/div>\n<\/div><\/figure>\n\n\n\n<p>Quer entrar em um dos 14 Col\u00e9gios Militares? O Estrat\u00e9gia Militares oferece cursos preparat\u00f3rios on-line com materiais direcionados para cada uma das provas militares. Clique no banner e conhe\u00e7a! <\/p>\n\n\n\n<p><strong><a id=\"cta\" class=\"cta-imagem\" href=\"https:\/\/militares.estrategia.com\/cursos\/exercito\/?id=71495cc2-214d-4625-b8dd-8a87e2131e6b&name=Ex%C3%A9rcito\" target=\"blank\">\n                <img decoding=\"async\" width=\"100%\" src=\"https:\/\/militares.estrategia.com\/portal\/wp-content\/uploads\/2023\/02\/EM-Banco-de-Questoes.jpg\" alt=\"EM - Banco de Questo\u0303es\" title=\"EM - Banco de Questo\u0303es\">\n        <\/a><\/strong><\/p>\n\n\n","protected":false},"excerpt":{"rendered":"O Edital do Concurso para os Col\u00e9gios Militares 2022 foi publicado pelo Comando do Ex\u00e9rcito no Di\u00e1rio Oficial&hellip;\n","protected":false},"author":9,"featured_media":46829,"comment_status":"closed","ping_status":"closed","sticky":false,"template":"","format":"standard","meta":{"wl_entities_gutenberg":"","footnotes":""},"categories":[36],"tags":[],"wl_entity_type":[187],"class_list":{"0":"post-46828","1":"post","2":"type-post","3":"status-publish","4":"format-standard","5":"has-post-thumbnail","7":"category-noticias","8":"wl_entity_type-article"},"acf":[],"yoast_head":"<!-- This site is optimized with the Yoast SEO Premium plugin v26.6 (Yoast SEO v26.6) - https:\/\/yoast.com\/wordpress\/plugins\/seo\/ -->\n<title>Edital dos Col\u00e9gios Militares 2022 \u00e9 publicado \u2502 Blog Estrat\u00e9gia Militares<\/title>\n<meta name=\"description\" content=\"Confira as principais informa\u00e7\u00f5es sobre o Edital 2022 das provas para os Col\u00e9gios Militares! Inscri\u00e7\u00f5es come\u00e7am em 18\/08.\" \/>\n<meta name=\"robots\" content=\"index, follow, max-snippet:-1, max-image-preview:large, max-video-preview:-1\" \/>\n<link rel=\"canonical\" href=\"https:\/\/militares.estrategia.com\/portal\/noticias\/edital-colegios-militares-2022-divulgado\/\" \/>\n<meta property=\"og:locale\" content=\"pt_BR\" \/>\n<meta property=\"og:type\" content=\"article\" \/>\n<meta property=\"og:title\" content=\"Edital dos Col\u00e9gios Militares 2022 \u00e9 publicado\" \/>\n<meta property=\"og:description\" content=\"Confira as principais informa\u00e7\u00f5es sobre o Edital 2022 das provas para os Col\u00e9gios Militares! Inscri\u00e7\u00f5es come\u00e7am em 18\/08.\" \/>\n<meta property=\"og:url\" content=\"https:\/\/militares.estrategia.com\/portal\/noticias\/edital-colegios-militares-2022-divulgado\/\" \/>\n<meta property=\"og:site_name\" content=\"Estrat\u00e9gia Militares\" \/>\n<meta property=\"article:publisher\" content=\"https:\/\/www.facebook.com\/EstrategiaMilitares\" \/>\n<meta property=\"article:published_time\" content=\"2021-08-17T21:33:56+00:00\" \/>\n<meta property=\"article:modified_time\" content=\"2021-08-17T21:33:59+00:00\" \/>\n<meta property=\"og:image\" content=\"https:\/\/cdn.blog.estrategiavestibulares.com.br\/vestibulares\/wp-content\/uploads\/2021\/08\/Capa-colegios-militares.jpg\" \/>\n\t<meta property=\"og:image:width\" content=\"750\" \/>\n\t<meta property=\"og:image:height\" content=\"420\" \/>\n\t<meta property=\"og:image:type\" content=\"image\/jpeg\" \/>\n<meta name=\"author\" content=\"Raquel Oshio\" \/>\n<meta name=\"twitter:card\" content=\"summary_large_image\" \/>\n<meta name=\"twitter:creator\" content=\"@estrategiamilit\" \/>\n<meta name=\"twitter:site\" content=\"@estrategiamilit\" \/>\n<meta name=\"twitter:label1\" content=\"Escrito por\" \/>\n\t<meta name=\"twitter:data1\" content=\"Raquel Oshio\" \/>\n\t<meta name=\"twitter:label2\" content=\"Est. tempo de leitura\" \/>\n\t<meta name=\"twitter:data2\" content=\"3 minutos\" \/>\n<script type=\"application\/ld+json\" class=\"yoast-schema-graph\">{\"@context\":\"https:\/\/schema.org\",\"@graph\":[{\"@type\":\"NewsArticle\",\"@id\":\"https:\/\/militares.estrategia.com\/portal\/noticias\/edital-colegios-militares-2022-divulgado\/#article\",\"isPartOf\":{\"@id\":\"https:\/\/militares.estrategia.com\/portal\/noticias\/edital-colegios-militares-2022-divulgado\/\"},\"author\":{\"name\":\"Raquel Oshio\",\"@id\":\"https:\/\/militares.estrategia.com\/portal\/#\/schema\/person\/46e1f54d690b6a851270112cd62d2f37\"},\"headline\":\"Edital dos Col\u00e9gios Militares 2022 \u00e9 publicado\",\"datePublished\":\"2021-08-17T21:33:56+00:00\",\"dateModified\":\"2021-08-17T21:33:59+00:00\",\"mainEntityOfPage\":{\"@id\":\"https:\/\/militares.estrategia.com\/portal\/noticias\/edital-colegios-militares-2022-divulgado\/\"},\"wordCount\":423,\"publisher\":{\"@id\":\"https:\/\/militares.estrategia.com\/portal\/#organization\"},\"image\":{\"@id\":\"https:\/\/militares.estrategia.com\/portal\/noticias\/edital-colegios-militares-2022-divulgado\/#primaryimage\"},\"thumbnailUrl\":\"https:\/\/militares.estrategia.com\/portal\/wp-content\/uploads\/2021\/08\/Capa-colegios-militares.jpg\",\"articleSection\":[\"Not\u00edcias\"],\"inLanguage\":\"pt-BR\"},{\"@type\":\"WebPage\",\"@id\":\"https:\/\/militares.estrategia.com\/portal\/noticias\/edital-colegios-militares-2022-divulgado\/\",\"url\":\"https:\/\/militares.estrategia.com\/portal\/noticias\/edital-colegios-militares-2022-divulgado\/\",\"name\":\"Edital dos Col\u00e9gios Militares 2022 \u00e9 publicado \u2502 Blog Estrat\u00e9gia Militares\",\"isPartOf\":{\"@id\":\"https:\/\/militares.estrategia.com\/portal\/#website\"},\"primaryImageOfPage\":{\"@id\":\"https:\/\/militares.estrategia.com\/portal\/noticias\/edital-colegios-militares-2022-divulgado\/#primaryimage\"},\"image\":{\"@id\":\"https:\/\/militares.estrategia.com\/portal\/noticias\/edital-colegios-militares-2022-divulgado\/#primaryimage\"},\"thumbnailUrl\":\"https:\/\/militares.estrategia.com\/portal\/wp-content\/uploads\/2021\/08\/Capa-colegios-militares.jpg\",\"datePublished\":\"2021-08-17T21:33:56+00:00\",\"dateModified\":\"2021-08-17T21:33:59+00:00\",\"description\":\"Confira as principais informa\u00e7\u00f5es sobre o Edital 2022 das provas para os Col\u00e9gios Militares! Inscri\u00e7\u00f5es come\u00e7am em 18\/08.\",\"breadcrumb\":{\"@id\":\"https:\/\/militares.estrategia.com\/portal\/noticias\/edital-colegios-militares-2022-divulgado\/#breadcrumb\"},\"inLanguage\":\"pt-BR\",\"potentialAction\":[{\"@type\":\"ReadAction\",\"target\":[\"https:\/\/militares.estrategia.com\/portal\/noticias\/edital-colegios-militares-2022-divulgado\/\"]}]},{\"@type\":\"ImageObject\",\"inLanguage\":\"pt-BR\",\"@id\":\"https:\/\/militares.estrategia.com\/portal\/noticias\/edital-colegios-militares-2022-divulgado\/#primaryimage\",\"url\":\"https:\/\/militares.estrategia.com\/portal\/wp-content\/uploads\/2021\/08\/Capa-colegios-militares.jpg\",\"contentUrl\":\"https:\/\/militares.estrategia.com\/portal\/wp-content\/uploads\/2021\/08\/Capa-colegios-militares.jpg\",\"width\":750,\"height\":420,\"caption\":\"col\u00e9gio militar\"},{\"@type\":\"BreadcrumbList\",\"@id\":\"https:\/\/militares.estrategia.com\/portal\/noticias\/edital-colegios-militares-2022-divulgado\/#breadcrumb\",\"itemListElement\":[{\"@type\":\"ListItem\",\"position\":1,\"name\":\"Home\",\"item\":\"https:\/\/militares.estrategia.com\/portal\/\"},{\"@type\":\"ListItem\",\"position\":2,\"name\":\"Not\u00edcias\",\"item\":\"https:\/\/militares.estrategia.com\/portal\/noticias\/\"},{\"@type\":\"ListItem\",\"position\":3,\"name\":\"Edital dos Col\u00e9gios Militares 2022 \u00e9 publicado\"}]},{\"@type\":\"WebSite\",\"@id\":\"https:\/\/militares.estrategia.com\/portal\/#website\",\"url\":\"https:\/\/militares.estrategia.com\/portal\/\",\"name\":\"Estrat\u00e9gia Militares\",\"description\":\"\",\"publisher\":{\"@id\":\"https:\/\/militares.estrategia.com\/portal\/#organization\"},\"potentialAction\":[{\"@type\":\"SearchAction\",\"target\":{\"@type\":\"EntryPoint\",\"urlTemplate\":\"https:\/\/militares.estrategia.com\/portal\/?s={search_term_string}\"},\"query-input\":{\"@type\":\"PropertyValueSpecification\",\"valueRequired\":true,\"valueName\":\"search_term_string\"}}],\"inLanguage\":\"pt-BR\"},{\"@type\":\"Organization\",\"@id\":\"https:\/\/militares.estrategia.com\/portal\/#organization\",\"name\":\"Estrat\u00e9gia Militares\",\"url\":\"https:\/\/militares.estrategia.com\/portal\/\",\"logo\":{\"@type\":\"ImageObject\",\"inLanguage\":\"pt-BR\",\"@id\":\"https:\/\/militares.estrategia.com\/portal\/#\/schema\/logo\/image\/\",\"url\":\"https:\/\/militares.estrategia.com\/portal\/wp-content\/uploads\/2021\/10\/logo-militares.webp\",\"contentUrl\":\"https:\/\/militares.estrategia.com\/portal\/wp-content\/uploads\/2021\/10\/logo-militares.webp\",\"width\":346,\"height\":90,\"caption\":\"Estrat\u00e9gia Militares\"},\"image\":{\"@id\":\"https:\/\/militares.estrategia.com\/portal\/#\/schema\/logo\/image\/\"},\"sameAs\":[\"https:\/\/www.facebook.com\/EstrategiaMilitares\",\"https:\/\/x.com\/estrategiamilit\",\"https:\/\/www.instagram.com\/estrategiamilitares\/\",\"https:\/\/www.youtube.com\/channel\/UCRG_9hakCqXxnj_8TqCdgTA\"]},{\"@type\":\"Person\",\"@id\":\"https:\/\/militares.estrategia.com\/portal\/#\/schema\/person\/46e1f54d690b6a851270112cd62d2f37\",\"name\":\"Raquel Oshio\",\"image\":{\"@type\":\"ImageObject\",\"inLanguage\":\"pt-BR\",\"@id\":\"https:\/\/militares.estrategia.com\/portal\/#\/schema\/person\/image\/\",\"url\":\"https:\/\/secure.gravatar.com\/avatar\/fa4e62d5e59d9cf9995ea9c715a78807?s=96&d=mm&r=g\",\"contentUrl\":\"https:\/\/secure.gravatar.com\/avatar\/fa4e62d5e59d9cf9995ea9c715a78807?s=96&d=mm&r=g\",\"caption\":\"Raquel Oshio\"},\"description\":\"Raquel Kie \u00e9 amante de hist\u00f3rias e ca\u00e7adora de belezas escondidas. Jornalista de profiss\u00e3o e cora\u00e7\u00e3o. Desenhista e escritora de fic\u00e7\u00e3o nas horas vagas. Acredito no potencial transformador de todo trabalho feito com dedica\u00e7\u00e3o.\",\"url\":\"https:\/\/militares.estrategia.com\/portal\/author\/raqueloshio\/\"}]}<\/script>\n<!-- \/ Yoast SEO Premium plugin. -->","yoast_head_json":{"title":"Edital dos Col\u00e9gios Militares 2022 \u00e9 publicado \u2502 Blog Estrat\u00e9gia Militares","description":"Confira as principais informa\u00e7\u00f5es sobre o Edital 2022 das provas para os Col\u00e9gios Militares! Inscri\u00e7\u00f5es come\u00e7am em 18\/08.","robots":{"index":"index","follow":"follow","max-snippet":"max-snippet:-1","max-image-preview":"max-image-preview:large","max-video-preview":"max-video-preview:-1"},"canonical":"https:\/\/militares.estrategia.com\/portal\/noticias\/edital-colegios-militares-2022-divulgado\/","og_locale":"pt_BR","og_type":"article","og_title":"Edital dos Col\u00e9gios Militares 2022 \u00e9 publicado","og_description":"Confira as principais informa\u00e7\u00f5es sobre o Edital 2022 das provas para os Col\u00e9gios Militares! Inscri\u00e7\u00f5es come\u00e7am em 18\/08.","og_url":"https:\/\/militares.estrategia.com\/portal\/noticias\/edital-colegios-militares-2022-divulgado\/","og_site_name":"Estrat\u00e9gia Militares","article_publisher":"https:\/\/www.facebook.com\/EstrategiaMilitares","article_published_time":"2021-08-17T21:33:56+00:00","article_modified_time":"2021-08-17T21:33:59+00:00","og_image":[{"width":750,"height":420,"url":"https:\/\/cdn.blog.estrategiavestibulares.com.br\/vestibulares\/wp-content\/uploads\/2021\/08\/Capa-colegios-militares.jpg","type":"image\/jpeg"}],"author":"Raquel Oshio","twitter_card":"summary_large_image","twitter_creator":"@estrategiamilit","twitter_site":"@estrategiamilit","twitter_misc":{"Escrito por":"Raquel Oshio","Est. tempo de leitura":"3 minutos"},"schema":{"@context":"https:\/\/schema.org","@graph":[{"@type":"NewsArticle","@id":"https:\/\/militares.estrategia.com\/portal\/noticias\/edital-colegios-militares-2022-divulgado\/#article","isPartOf":{"@id":"https:\/\/militares.estrategia.com\/portal\/noticias\/edital-colegios-militares-2022-divulgado\/"},"author":{"name":"Raquel Oshio","@id":"https:\/\/militares.estrategia.com\/portal\/#\/schema\/person\/46e1f54d690b6a851270112cd62d2f37"},"headline":"Edital dos Col\u00e9gios Militares 2022 \u00e9 publicado","datePublished":"2021-08-17T21:33:56+00:00","dateModified":"2021-08-17T21:33:59+00:00","mainEntityOfPage":{"@id":"https:\/\/militares.estrategia.com\/portal\/noticias\/edital-colegios-militares-2022-divulgado\/"},"wordCount":423,"publisher":{"@id":"https:\/\/militares.estrategia.com\/portal\/#organization"},"image":{"@id":"https:\/\/militares.estrategia.com\/portal\/noticias\/edital-colegios-militares-2022-divulgado\/#primaryimage"},"thumbnailUrl":"https:\/\/militares.estrategia.com\/portal\/wp-content\/uploads\/2021\/08\/Capa-colegios-militares.jpg","articleSection":["Not\u00edcias"],"inLanguage":"pt-BR"},{"@type":"WebPage","@id":"https:\/\/militares.estrategia.com\/portal\/noticias\/edital-colegios-militares-2022-divulgado\/","url":"https:\/\/militares.estrategia.com\/portal\/noticias\/edital-colegios-militares-2022-divulgado\/","name":"Edital dos Col\u00e9gios Militares 2022 \u00e9 publicado \u2502 Blog Estrat\u00e9gia Militares","isPartOf":{"@id":"https:\/\/militares.estrategia.com\/portal\/#website"},"primaryImageOfPage":{"@id":"https:\/\/militares.estrategia.com\/portal\/noticias\/edital-colegios-militares-2022-divulgado\/#primaryimage"},"image":{"@id":"https:\/\/militares.estrategia.com\/portal\/noticias\/edital-colegios-militares-2022-divulgado\/#primaryimage"},"thumbnailUrl":"https:\/\/militares.estrategia.com\/portal\/wp-content\/uploads\/2021\/08\/Capa-colegios-militares.jpg","datePublished":"2021-08-17T21:33:56+00:00","dateModified":"2021-08-17T21:33:59+00:00","description":"Confira as principais informa\u00e7\u00f5es sobre o Edital 2022 das provas para os Col\u00e9gios Militares! Inscri\u00e7\u00f5es come\u00e7am em 18\/08.","breadcrumb":{"@id":"https:\/\/militares.estrategia.com\/portal\/noticias\/edital-colegios-militares-2022-divulgado\/#breadcrumb"},"inLanguage":"pt-BR","potentialAction":[{"@type":"ReadAction","target":["https:\/\/militares.estrategia.com\/portal\/noticias\/edital-colegios-militares-2022-divulgado\/"]}]},{"@type":"ImageObject","inLanguage":"pt-BR","@id":"https:\/\/militares.estrategia.com\/portal\/noticias\/edital-colegios-militares-2022-divulgado\/#primaryimage","url":"https:\/\/militares.estrategia.com\/portal\/wp-content\/uploads\/2021\/08\/Capa-colegios-militares.jpg","contentUrl":"https:\/\/militares.estrategia.com\/portal\/wp-content\/uploads\/2021\/08\/Capa-colegios-militares.jpg","width":750,"height":420,"caption":"col\u00e9gio militar"},{"@type":"BreadcrumbList","@id":"https:\/\/militares.estrategia.com\/portal\/noticias\/edital-colegios-militares-2022-divulgado\/#breadcrumb","itemListElement":[{"@type":"ListItem","position":1,"name":"Home","item":"https:\/\/militares.estrategia.com\/portal\/"},{"@type":"ListItem","position":2,"name":"Not\u00edcias","item":"https:\/\/militares.estrategia.com\/portal\/noticias\/"},{"@type":"ListItem","position":3,"name":"Edital dos Col\u00e9gios Militares 2022 \u00e9 publicado"}]},{"@type":"WebSite","@id":"https:\/\/militares.estrategia.com\/portal\/#website","url":"https:\/\/militares.estrategia.com\/portal\/","name":"Estrat\u00e9gia Militares","description":"","publisher":{"@id":"https:\/\/militares.estrategia.com\/portal\/#organization"},"potentialAction":[{"@type":"SearchAction","target":{"@type":"EntryPoint","urlTemplate":"https:\/\/militares.estrategia.com\/portal\/?s={search_term_string}"},"query-input":{"@type":"PropertyValueSpecification","valueRequired":true,"valueName":"search_term_string"}}],"inLanguage":"pt-BR"},{"@type":"Organization","@id":"https:\/\/militares.estrategia.com\/portal\/#organization","name":"Estrat\u00e9gia Militares","url":"https:\/\/militares.estrategia.com\/portal\/","logo":{"@type":"ImageObject","inLanguage":"pt-BR","@id":"https:\/\/militares.estrategia.com\/portal\/#\/schema\/logo\/image\/","url":"https:\/\/militares.estrategia.com\/portal\/wp-content\/uploads\/2021\/10\/logo-militares.webp","contentUrl":"https:\/\/militares.estrategia.com\/portal\/wp-content\/uploads\/2021\/10\/logo-militares.webp","width":346,"height":90,"caption":"Estrat\u00e9gia Militares"},"image":{"@id":"https:\/\/militares.estrategia.com\/portal\/#\/schema\/logo\/image\/"},"sameAs":["https:\/\/www.facebook.com\/EstrategiaMilitares","https:\/\/x.com\/estrategiamilit","https:\/\/www.instagram.com\/estrategiamilitares\/","https:\/\/www.youtube.com\/channel\/UCRG_9hakCqXxnj_8TqCdgTA"]},{"@type":"Person","@id":"https:\/\/militares.estrategia.com\/portal\/#\/schema\/person\/46e1f54d690b6a851270112cd62d2f37","name":"Raquel Oshio","image":{"@type":"ImageObject","inLanguage":"pt-BR","@id":"https:\/\/militares.estrategia.com\/portal\/#\/schema\/person\/image\/","url":"https:\/\/secure.gravatar.com\/avatar\/fa4e62d5e59d9cf9995ea9c715a78807?s=96&d=mm&r=g","contentUrl":"https:\/\/secure.gravatar.com\/avatar\/fa4e62d5e59d9cf9995ea9c715a78807?s=96&d=mm&r=g","caption":"Raquel Oshio"},"description":"Raquel Kie \u00e9 amante de hist\u00f3rias e ca\u00e7adora de belezas escondidas. Jornalista de profiss\u00e3o e cora\u00e7\u00e3o. Desenhista e escritora de fic\u00e7\u00e3o nas horas vagas. Acredito no potencial transformador de todo trabalho feito com dedica\u00e7\u00e3o.","url":"https:\/\/militares.estrategia.com\/portal\/author\/raqueloshio\/"}]}},"_wl_alt_label":[],"wl:entity_url":"https:\/\/data.wordlift.io\/wl110246\/post\/edital_dos_colegios_militares_2022_e_publicado","_links":{"self":[{"href":"https:\/\/militares.estrategia.com\/portal\/wp-json\/wp\/v2\/posts\/46828","targetHints":{"allow":["GET"]}}],"collection":[{"href":"https:\/\/militares.estrategia.com\/portal\/wp-json\/wp\/v2\/posts"}],"about":[{"href":"https:\/\/militares.estrategia.com\/portal\/wp-json\/wp\/v2\/types\/post"}],"author":[{"embeddable":true,"href":"https:\/\/militares.estrategia.com\/portal\/wp-json\/wp\/v2\/users\/9"}],"replies":[{"embeddable":true,"href":"https:\/\/militares.estrategia.com\/portal\/wp-json\/wp\/v2\/comments?post=46828"}],"version-history":[{"count":1,"href":"https:\/\/militares.estrategia.com\/portal\/wp-json\/wp\/v2\/posts\/46828\/revisions"}],"predecessor-version":[{"id":46831,"href":"https:\/\/militares.estrategia.com\/portal\/wp-json\/wp\/v2\/posts\/46828\/revisions\/46831"}],"wp:featuredmedia":[{"embeddable":true,"href":"https:\/\/militares.estrategia.com\/portal\/wp-json\/wp\/v2\/media\/46829"}],"wp:attachment":[{"href":"https:\/\/militares.estrategia.com\/portal\/wp-json\/wp\/v2\/media?parent=46828"}],"wp:term":[{"taxonomy":"category","embeddable":true,"href":"https:\/\/militares.estrategia.com\/portal\/wp-json\/wp\/v2\/categories?post=46828"},{"taxonomy":"post_tag","embeddable":true,"href":"https:\/\/militares.estrategia.com\/portal\/wp-json\/wp\/v2\/tags?post=46828"},{"taxonomy":"wl_entity_type","embeddable":true,"href":"https:\/\/militares.estrategia.com\/portal\/wp-json\/wp\/v2\/wl_entity_type?post=46828"}],"curies":[{"name":"wp","href":"https:\/\/api.w.org\/{rel}","templated":true}]}}