{"id":46024,"date":"2021-07-08T18:59:52","date_gmt":"2021-07-08T21:59:52","guid":{"rendered":"https:\/\/blog.estrategiamilitares.com.br\/?p=46024"},"modified":"2022-08-03T17:58:35","modified_gmt":"2022-08-03T20:58:35","slug":"classificacao-do-concurso-eear-2022-1-e-divulgada","status":"publish","type":"post","link":"https:\/\/militares.estrategia.com\/portal\/noticias\/classificacao-do-concurso-eear-2022-1-e-divulgada\/","title":{"rendered":"Classifica\u00e7\u00e3o do Concurso EEAR 2022.1 \u00e9 divulgada"},"content":{"rendered":"\n<p>No dia 08 de Julho, a <a href=\"https:\/\/militares.estrategia.com\/portal\/carreiras-militares\/forca-aerea\/\" target=\"_blank\" >For\u00e7a A\u00e9rea Brasileira <\/a>divulgou a <strong>lista de classifica\u00e7\u00e3o provis\u00f3ria<\/strong> do <a href=\"https:\/\/militares.estrategia.com\/portal\/guias\/aeronautica\/concurso-eear\/\" target=\"_blank\" >Concurso EEAR <\/a>2022.1. Confira tudo sobre a novidade com o Estrat\u00e9gia Militares!<\/p>\n\n\n\n<figure class=\"wp-block-image size-large\"><img decoding=\"async\" width=\"750\" height=\"420\" src=\"https:\/\/militares.estrategia.com\/portal\/wp-content\/uploads\/2021\/07\/EEAR.jpg\" alt=\"Classifica\u00e7\u00e3o do Concurso EEAR\" class=\"wp-image-46025\" srcset=\"https:\/\/militares.estrategia.com\/portal\/wp-content\/uploads\/2021\/07\/EEAR.jpg 750w, https:\/\/militares.estrategia.com\/portal\/wp-content\/uploads\/2021\/07\/EEAR-300x168.jpg 300w, https:\/\/militares.estrategia.com\/portal\/wp-content\/uploads\/2021\/07\/EEAR-380x213.jpg 380w\" sizes=\"(max-width: 750px) 100vw, 750px\" \/><\/figure>\n\n\n\n<p>A For\u00e7a A\u00e9rea Brasileira divulgou a <strong>rela\u00e7\u00e3o nominal de candidatos<\/strong> com os resultados provis\u00f3rios obtidos nas <strong>Provas Escritas<\/strong>, com suas respectivas m\u00e9dias e <strong>classifica\u00e7\u00f5es provis\u00f3rias<\/strong>.<\/p>\n\n\n\n<p>Se voc\u00ea realizou a prova do Concurso EEAR 2022.1 e quer ver sua <strong>classifica\u00e7\u00e3o<\/strong>, clique no bot\u00e3o abaixo para <strong>acessar as listas <\/strong>de classifica\u00e7\u00e3o divulgadas pela Institui\u00e7\u00e3o!<\/p>\n\n\n\n<div class=\"wp-block-buttons is-content-justification-center is-layout-flex wp-block-buttons-is-layout-flex\">\n<div class=\"wp-block-button is-style-outline is-style-outline--1\"><a class=\"wp-block-button__link has-black-color has-electric-grass-gradient-background has-text-color has-background\" href=\"https:\/\/militares.estrategia.com\/portal\/wp-content\/uploads\/2021\/07\/Classificacao-provisoria-EEAR.zip\" style=\"border-radius:50px\" target=\"_blank\" >LISTAS DE CLASSIFICA\u00c7\u00c3O EEAR 2022.1<\/a><\/div>\n<\/div>\n\n\n\n<p>As <strong>provas escritas<\/strong> do Concurso EEAR 2022.1 aconteceram no dia <strong>30 de maio<\/strong>. Os alunos tiveram <strong>4 horas e 20 minutos<\/strong> para realizar o Exame. As disciplinas cobradas foram <strong>L\u00edngua Portuguesa, L\u00edngua Inglesa, Matem\u00e1tica e F\u00edsica<\/strong>. Para os alunos que optassem pela prova da especialidade de <strong>Controle de Tr\u00e1fego A\u00e9reo (BCT)<\/strong>, a prova de L\u00edngua Inglesa foi de n\u00edvel <strong>intermedi\u00e1rio<\/strong>. Para as <strong>demais especialidades<\/strong>, as quest\u00f5es de L\u00edngua Inglesa foram de n\u00edvel <strong>b\u00e1sico<\/strong>. <\/p>\n\n\n\n<p>Os alunos que forem convocados para seguir no processo seletivo dever\u00e3o passar pelas etapas de <strong>Concentra\u00e7\u00e3o Intermedi\u00e1ria, Inspe\u00e7\u00e3o de Sa\u00fade,<\/strong> <strong>Exame de Aptid\u00e3o Psicol\u00f3gica<\/strong>, <strong>Teste de Avalia\u00e7\u00e3o do Condicionamento F\u00edsico<\/strong>, P<strong>rocedimento de Heteroidentifica\u00e7\u00e3o Complementar<\/strong> (no caso dos que se autodeclararam pretos ou pardos e concorreram \u00e0s vagas reservadas) e <strong>Valida\u00e7\u00e3o Documental<\/strong>.<\/p>\n\n\n\n<p>Seu sonho \u00e9 estudar na <strong>EEAR?<\/strong> O <strong>Estrat\u00e9gia Militares<\/strong> pode ajudar voc\u00ea a alcan\u00e7ar essa meta! Acompanhe nosso <strong>blog<\/strong> para se manter sempre informado sobre os <a href=\"https:\/\/militares.estrategia.com\/portal\/guias\/concursos-abertos\/\" target=\"_blank\" >Concursos Militares<\/a> e clique no banner abaixo para conhecer nossos <strong>pacotes<\/strong>!<\/p>\n\n\n\n<p><\/p>\n\n\n\n<p><\/p>\n\n\n","protected":false},"excerpt":{"rendered":"No dia 08 de Julho, a For\u00e7a A\u00e9rea Brasileira divulgou a lista de classifica\u00e7\u00e3o provis\u00f3ria do Concurso EEAR&hellip;\n","protected":false},"author":40,"featured_media":46025,"comment_status":"closed","ping_status":"closed","sticky":false,"template":"","format":"standard","meta":{"wl_entities_gutenberg":"","footnotes":""},"categories":[36],"tags":[47,74,75,71,72,44,76,77,70,73],"wl_entity_type":[187],"class_list":{"0":"post-46024","1":"post","2":"type-post","3":"status-publish","4":"format-standard","5":"has-post-thumbnail","7":"category-noticias","8":"tag-cfs","9":"tag-cfs2022","10":"tag-cfs2022-1","11":"tag-classificacaoprovisoriaeear","12":"tag-classificadoseear","13":"tag-eear","14":"tag-eear2022","15":"tag-eear2022-1","16":"tag-listadeclassificacaoeear","17":"tag-noticiaseear","18":"wl_entity_type-article"},"acf":[],"yoast_head":"<!-- This site is optimized with the Yoast SEO Premium plugin v26.6 (Yoast SEO v26.6) - https:\/\/yoast.com\/wordpress\/plugins\/seo\/ -->\n<title>Classifica\u00e7\u00e3o do Concurso EEAR 2022.1 \u00e9 divulgada<\/title>\n<meta name=\"description\" content=\"A lista de Classifica\u00e7\u00e3o do Concurso EEAR 2022.1 j\u00e1 foi liberada! Confira tudo sobre a novidade com o Estrat\u00e9gia Militares.\" \/>\n<meta name=\"robots\" content=\"index, follow, max-snippet:-1, max-image-preview:large, max-video-preview:-1\" \/>\n<link rel=\"canonical\" href=\"https:\/\/militares.estrategia.com\/portal\/noticias\/classificacao-do-concurso-eear-2022-1-e-divulgada\/\" \/>\n<meta property=\"og:locale\" content=\"pt_BR\" \/>\n<meta property=\"og:type\" content=\"article\" \/>\n<meta property=\"og:title\" content=\"Classifica\u00e7\u00e3o do Concurso EEAR 2022.1 \u00e9 divulgada\" \/>\n<meta property=\"og:description\" content=\"A lista de Classifica\u00e7\u00e3o do Concurso EEAR 2022.1 j\u00e1 foi liberada! Confira tudo sobre a novidade com o Estrat\u00e9gia Militares.\" \/>\n<meta property=\"og:url\" content=\"https:\/\/militares.estrategia.com\/portal\/noticias\/classificacao-do-concurso-eear-2022-1-e-divulgada\/\" \/>\n<meta property=\"og:site_name\" content=\"Estrat\u00e9gia Militares\" \/>\n<meta property=\"article:publisher\" content=\"https:\/\/www.facebook.com\/EstrategiaMilitares\" \/>\n<meta property=\"article:published_time\" content=\"2021-07-08T21:59:52+00:00\" \/>\n<meta property=\"article:modified_time\" content=\"2022-08-03T20:58:35+00:00\" \/>\n<meta property=\"og:image\" content=\"https:\/\/cdn.blog.estrategiavestibulares.com.br\/vestibulares\/wp-content\/uploads\/2021\/07\/EEAR.jpg\" \/>\n\t<meta property=\"og:image:width\" content=\"750\" \/>\n\t<meta property=\"og:image:height\" content=\"420\" \/>\n\t<meta property=\"og:image:type\" content=\"image\/jpeg\" \/>\n<meta name=\"author\" content=\"Cl\u00e1udia Helena\" \/>\n<meta name=\"twitter:card\" content=\"summary_large_image\" \/>\n<meta name=\"twitter:creator\" content=\"@estrategiamilit\" \/>\n<meta name=\"twitter:site\" content=\"@estrategiamilit\" \/>\n<meta name=\"twitter:label1\" content=\"Escrito por\" \/>\n\t<meta name=\"twitter:data1\" content=\"Cl\u00e1udia Helena\" \/>\n\t<meta name=\"twitter:label2\" content=\"Est. tempo de leitura\" \/>\n\t<meta name=\"twitter:data2\" content=\"2 minutos\" \/>\n<script type=\"application\/ld+json\" class=\"yoast-schema-graph\">{\"@context\":\"https:\/\/schema.org\",\"@graph\":[{\"@type\":\"NewsArticle\",\"@id\":\"https:\/\/militares.estrategia.com\/portal\/noticias\/classificacao-do-concurso-eear-2022-1-e-divulgada\/#article\",\"isPartOf\":{\"@id\":\"https:\/\/militares.estrategia.com\/portal\/noticias\/classificacao-do-concurso-eear-2022-1-e-divulgada\/\"},\"author\":{\"name\":\"Cl\u00e1udia Helena\",\"@id\":\"https:\/\/militares.estrategia.com\/portal\/#\/schema\/person\/6ad0b788f5447e8a57d43277b1b4f4d9\"},\"headline\":\"Classifica\u00e7\u00e3o do Concurso EEAR 2022.1 \u00e9 divulgada\",\"datePublished\":\"2021-07-08T21:59:52+00:00\",\"dateModified\":\"2022-08-03T20:58:35+00:00\",\"mainEntityOfPage\":{\"@id\":\"https:\/\/militares.estrategia.com\/portal\/noticias\/classificacao-do-concurso-eear-2022-1-e-divulgada\/\"},\"wordCount\":286,\"publisher\":{\"@id\":\"https:\/\/militares.estrategia.com\/portal\/#organization\"},\"image\":{\"@id\":\"https:\/\/militares.estrategia.com\/portal\/noticias\/classificacao-do-concurso-eear-2022-1-e-divulgada\/#primaryimage\"},\"thumbnailUrl\":\"https:\/\/militares.estrategia.com\/portal\/wp-content\/uploads\/2021\/07\/EEAR.jpg\",\"keywords\":[\"#CFS\",\"#CFS2022\",\"#CFS2022.1\",\"#Classifica\u00e7\u00e3oProvis\u00f3riaEEAR\",\"#ClassificadosEEAR\",\"#EEAR\",\"#EEAR2022\",\"#EEAR2022.1\",\"#Listadeclassifica\u00e7\u00e3oeear\",\"#Not\u00edciasEEAR\"],\"articleSection\":[\"Not\u00edcias\"],\"inLanguage\":\"pt-BR\"},{\"@type\":\"WebPage\",\"@id\":\"https:\/\/militares.estrategia.com\/portal\/noticias\/classificacao-do-concurso-eear-2022-1-e-divulgada\/\",\"url\":\"https:\/\/militares.estrategia.com\/portal\/noticias\/classificacao-do-concurso-eear-2022-1-e-divulgada\/\",\"name\":\"Classifica\u00e7\u00e3o do Concurso EEAR 2022.1 \u00e9 divulgada\",\"isPartOf\":{\"@id\":\"https:\/\/militares.estrategia.com\/portal\/#website\"},\"primaryImageOfPage\":{\"@id\":\"https:\/\/militares.estrategia.com\/portal\/noticias\/classificacao-do-concurso-eear-2022-1-e-divulgada\/#primaryimage\"},\"image\":{\"@id\":\"https:\/\/militares.estrategia.com\/portal\/noticias\/classificacao-do-concurso-eear-2022-1-e-divulgada\/#primaryimage\"},\"thumbnailUrl\":\"https:\/\/militares.estrategia.com\/portal\/wp-content\/uploads\/2021\/07\/EEAR.jpg\",\"datePublished\":\"2021-07-08T21:59:52+00:00\",\"dateModified\":\"2022-08-03T20:58:35+00:00\",\"description\":\"A lista de Classifica\u00e7\u00e3o do Concurso EEAR 2022.1 j\u00e1 foi liberada! Confira tudo sobre a novidade com o Estrat\u00e9gia Militares.\",\"breadcrumb\":{\"@id\":\"https:\/\/militares.estrategia.com\/portal\/noticias\/classificacao-do-concurso-eear-2022-1-e-divulgada\/#breadcrumb\"},\"inLanguage\":\"pt-BR\",\"potentialAction\":[{\"@type\":\"ReadAction\",\"target\":[\"https:\/\/militares.estrategia.com\/portal\/noticias\/classificacao-do-concurso-eear-2022-1-e-divulgada\/\"]}]},{\"@type\":\"ImageObject\",\"inLanguage\":\"pt-BR\",\"@id\":\"https:\/\/militares.estrategia.com\/portal\/noticias\/classificacao-do-concurso-eear-2022-1-e-divulgada\/#primaryimage\",\"url\":\"https:\/\/militares.estrategia.com\/portal\/wp-content\/uploads\/2021\/07\/EEAR.jpg\",\"contentUrl\":\"https:\/\/militares.estrategia.com\/portal\/wp-content\/uploads\/2021\/07\/EEAR.jpg\",\"width\":750,\"height\":420,\"caption\":\"Concurso EEAR 2023\"},{\"@type\":\"BreadcrumbList\",\"@id\":\"https:\/\/militares.estrategia.com\/portal\/noticias\/classificacao-do-concurso-eear-2022-1-e-divulgada\/#breadcrumb\",\"itemListElement\":[{\"@type\":\"ListItem\",\"position\":1,\"name\":\"Home\",\"item\":\"https:\/\/militares.estrategia.com\/portal\/\"},{\"@type\":\"ListItem\",\"position\":2,\"name\":\"Not\u00edcias\",\"item\":\"https:\/\/militares.estrategia.com\/portal\/noticias\/\"},{\"@type\":\"ListItem\",\"position\":3,\"name\":\"Classifica\u00e7\u00e3o do Concurso EEAR 2022.1 \u00e9 divulgada\"}]},{\"@type\":\"WebSite\",\"@id\":\"https:\/\/militares.estrategia.com\/portal\/#website\",\"url\":\"https:\/\/militares.estrategia.com\/portal\/\",\"name\":\"Estrat\u00e9gia Militares\",\"description\":\"\",\"publisher\":{\"@id\":\"https:\/\/militares.estrategia.com\/portal\/#organization\"},\"potentialAction\":[{\"@type\":\"SearchAction\",\"target\":{\"@type\":\"EntryPoint\",\"urlTemplate\":\"https:\/\/militares.estrategia.com\/portal\/?s={search_term_string}\"},\"query-input\":{\"@type\":\"PropertyValueSpecification\",\"valueRequired\":true,\"valueName\":\"search_term_string\"}}],\"inLanguage\":\"pt-BR\"},{\"@type\":\"Organization\",\"@id\":\"https:\/\/militares.estrategia.com\/portal\/#organization\",\"name\":\"Estrat\u00e9gia Militares\",\"url\":\"https:\/\/militares.estrategia.com\/portal\/\",\"logo\":{\"@type\":\"ImageObject\",\"inLanguage\":\"pt-BR\",\"@id\":\"https:\/\/militares.estrategia.com\/portal\/#\/schema\/logo\/image\/\",\"url\":\"https:\/\/militares.estrategia.com\/portal\/wp-content\/uploads\/2021\/10\/logo-militares.webp\",\"contentUrl\":\"https:\/\/militares.estrategia.com\/portal\/wp-content\/uploads\/2021\/10\/logo-militares.webp\",\"width\":346,\"height\":90,\"caption\":\"Estrat\u00e9gia Militares\"},\"image\":{\"@id\":\"https:\/\/militares.estrategia.com\/portal\/#\/schema\/logo\/image\/\"},\"sameAs\":[\"https:\/\/www.facebook.com\/EstrategiaMilitares\",\"https:\/\/x.com\/estrategiamilit\",\"https:\/\/www.instagram.com\/estrategiamilitares\/\",\"https:\/\/www.youtube.com\/channel\/UCRG_9hakCqXxnj_8TqCdgTA\"]},{\"@type\":\"Person\",\"@id\":\"https:\/\/militares.estrategia.com\/portal\/#\/schema\/person\/6ad0b788f5447e8a57d43277b1b4f4d9\",\"name\":\"Cl\u00e1udia Helena\",\"image\":{\"@type\":\"ImageObject\",\"inLanguage\":\"pt-BR\",\"@id\":\"https:\/\/militares.estrategia.com\/portal\/#\/schema\/person\/image\/\",\"url\":\"https:\/\/secure.gravatar.com\/avatar\/1ea0943c7069b274a6bc55923a1a4234?s=96&d=mm&r=g\",\"contentUrl\":\"https:\/\/secure.gravatar.com\/avatar\/1ea0943c7069b274a6bc55923a1a4234?s=96&d=mm&r=g\",\"caption\":\"Cl\u00e1udia Helena\"},\"description\":\"Cl\u00e1udia Helena \u00e9 jornalista em forma\u00e7\u00e3o e sempre sentiu a necessidade de se expressar e compartilhar seus pensamentos. Aficionada por livros e futebol, \u00e9 Corinthiana fan\u00e1tica e tem paix\u00e3o t\u00e3o forte pela escrita, quanto pelo clube do cora\u00e7\u00e3o.\",\"url\":\"https:\/\/militares.estrategia.com\/portal\/author\/claudia\/\"}]}<\/script>\n<!-- \/ Yoast SEO Premium plugin. -->","yoast_head_json":{"title":"Classifica\u00e7\u00e3o do Concurso EEAR 2022.1 \u00e9 divulgada","description":"A lista de Classifica\u00e7\u00e3o do Concurso EEAR 2022.1 j\u00e1 foi liberada! Confira tudo sobre a novidade com o Estrat\u00e9gia Militares.","robots":{"index":"index","follow":"follow","max-snippet":"max-snippet:-1","max-image-preview":"max-image-preview:large","max-video-preview":"max-video-preview:-1"},"canonical":"https:\/\/militares.estrategia.com\/portal\/noticias\/classificacao-do-concurso-eear-2022-1-e-divulgada\/","og_locale":"pt_BR","og_type":"article","og_title":"Classifica\u00e7\u00e3o do Concurso EEAR 2022.1 \u00e9 divulgada","og_description":"A lista de Classifica\u00e7\u00e3o do Concurso EEAR 2022.1 j\u00e1 foi liberada! Confira tudo sobre a novidade com o Estrat\u00e9gia Militares.","og_url":"https:\/\/militares.estrategia.com\/portal\/noticias\/classificacao-do-concurso-eear-2022-1-e-divulgada\/","og_site_name":"Estrat\u00e9gia Militares","article_publisher":"https:\/\/www.facebook.com\/EstrategiaMilitares","article_published_time":"2021-07-08T21:59:52+00:00","article_modified_time":"2022-08-03T20:58:35+00:00","og_image":[{"width":750,"height":420,"url":"https:\/\/cdn.blog.estrategiavestibulares.com.br\/vestibulares\/wp-content\/uploads\/2021\/07\/EEAR.jpg","type":"image\/jpeg"}],"author":"Cl\u00e1udia Helena","twitter_card":"summary_large_image","twitter_creator":"@estrategiamilit","twitter_site":"@estrategiamilit","twitter_misc":{"Escrito por":"Cl\u00e1udia Helena","Est. tempo de leitura":"2 minutos"},"schema":{"@context":"https:\/\/schema.org","@graph":[{"@type":"NewsArticle","@id":"https:\/\/militares.estrategia.com\/portal\/noticias\/classificacao-do-concurso-eear-2022-1-e-divulgada\/#article","isPartOf":{"@id":"https:\/\/militares.estrategia.com\/portal\/noticias\/classificacao-do-concurso-eear-2022-1-e-divulgada\/"},"author":{"name":"Cl\u00e1udia Helena","@id":"https:\/\/militares.estrategia.com\/portal\/#\/schema\/person\/6ad0b788f5447e8a57d43277b1b4f4d9"},"headline":"Classifica\u00e7\u00e3o do Concurso EEAR 2022.1 \u00e9 divulgada","datePublished":"2021-07-08T21:59:52+00:00","dateModified":"2022-08-03T20:58:35+00:00","mainEntityOfPage":{"@id":"https:\/\/militares.estrategia.com\/portal\/noticias\/classificacao-do-concurso-eear-2022-1-e-divulgada\/"},"wordCount":286,"publisher":{"@id":"https:\/\/militares.estrategia.com\/portal\/#organization"},"image":{"@id":"https:\/\/militares.estrategia.com\/portal\/noticias\/classificacao-do-concurso-eear-2022-1-e-divulgada\/#primaryimage"},"thumbnailUrl":"https:\/\/militares.estrategia.com\/portal\/wp-content\/uploads\/2021\/07\/EEAR.jpg","keywords":["#CFS","#CFS2022","#CFS2022.1","#Classifica\u00e7\u00e3oProvis\u00f3riaEEAR","#ClassificadosEEAR","#EEAR","#EEAR2022","#EEAR2022.1","#Listadeclassifica\u00e7\u00e3oeear","#Not\u00edciasEEAR"],"articleSection":["Not\u00edcias"],"inLanguage":"pt-BR"},{"@type":"WebPage","@id":"https:\/\/militares.estrategia.com\/portal\/noticias\/classificacao-do-concurso-eear-2022-1-e-divulgada\/","url":"https:\/\/militares.estrategia.com\/portal\/noticias\/classificacao-do-concurso-eear-2022-1-e-divulgada\/","name":"Classifica\u00e7\u00e3o do Concurso EEAR 2022.1 \u00e9 divulgada","isPartOf":{"@id":"https:\/\/militares.estrategia.com\/portal\/#website"},"primaryImageOfPage":{"@id":"https:\/\/militares.estrategia.com\/portal\/noticias\/classificacao-do-concurso-eear-2022-1-e-divulgada\/#primaryimage"},"image":{"@id":"https:\/\/militares.estrategia.com\/portal\/noticias\/classificacao-do-concurso-eear-2022-1-e-divulgada\/#primaryimage"},"thumbnailUrl":"https:\/\/militares.estrategia.com\/portal\/wp-content\/uploads\/2021\/07\/EEAR.jpg","datePublished":"2021-07-08T21:59:52+00:00","dateModified":"2022-08-03T20:58:35+00:00","description":"A lista de Classifica\u00e7\u00e3o do Concurso EEAR 2022.1 j\u00e1 foi liberada! Confira tudo sobre a novidade com o Estrat\u00e9gia Militares.","breadcrumb":{"@id":"https:\/\/militares.estrategia.com\/portal\/noticias\/classificacao-do-concurso-eear-2022-1-e-divulgada\/#breadcrumb"},"inLanguage":"pt-BR","potentialAction":[{"@type":"ReadAction","target":["https:\/\/militares.estrategia.com\/portal\/noticias\/classificacao-do-concurso-eear-2022-1-e-divulgada\/"]}]},{"@type":"ImageObject","inLanguage":"pt-BR","@id":"https:\/\/militares.estrategia.com\/portal\/noticias\/classificacao-do-concurso-eear-2022-1-e-divulgada\/#primaryimage","url":"https:\/\/militares.estrategia.com\/portal\/wp-content\/uploads\/2021\/07\/EEAR.jpg","contentUrl":"https:\/\/militares.estrategia.com\/portal\/wp-content\/uploads\/2021\/07\/EEAR.jpg","width":750,"height":420,"caption":"Concurso EEAR 2023"},{"@type":"BreadcrumbList","@id":"https:\/\/militares.estrategia.com\/portal\/noticias\/classificacao-do-concurso-eear-2022-1-e-divulgada\/#breadcrumb","itemListElement":[{"@type":"ListItem","position":1,"name":"Home","item":"https:\/\/militares.estrategia.com\/portal\/"},{"@type":"ListItem","position":2,"name":"Not\u00edcias","item":"https:\/\/militares.estrategia.com\/portal\/noticias\/"},{"@type":"ListItem","position":3,"name":"Classifica\u00e7\u00e3o do Concurso EEAR 2022.1 \u00e9 divulgada"}]},{"@type":"WebSite","@id":"https:\/\/militares.estrategia.com\/portal\/#website","url":"https:\/\/militares.estrategia.com\/portal\/","name":"Estrat\u00e9gia Militares","description":"","publisher":{"@id":"https:\/\/militares.estrategia.com\/portal\/#organization"},"potentialAction":[{"@type":"SearchAction","target":{"@type":"EntryPoint","urlTemplate":"https:\/\/militares.estrategia.com\/portal\/?s={search_term_string}"},"query-input":{"@type":"PropertyValueSpecification","valueRequired":true,"valueName":"search_term_string"}}],"inLanguage":"pt-BR"},{"@type":"Organization","@id":"https:\/\/militares.estrategia.com\/portal\/#organization","name":"Estrat\u00e9gia Militares","url":"https:\/\/militares.estrategia.com\/portal\/","logo":{"@type":"ImageObject","inLanguage":"pt-BR","@id":"https:\/\/militares.estrategia.com\/portal\/#\/schema\/logo\/image\/","url":"https:\/\/militares.estrategia.com\/portal\/wp-content\/uploads\/2021\/10\/logo-militares.webp","contentUrl":"https:\/\/militares.estrategia.com\/portal\/wp-content\/uploads\/2021\/10\/logo-militares.webp","width":346,"height":90,"caption":"Estrat\u00e9gia Militares"},"image":{"@id":"https:\/\/militares.estrategia.com\/portal\/#\/schema\/logo\/image\/"},"sameAs":["https:\/\/www.facebook.com\/EstrategiaMilitares","https:\/\/x.com\/estrategiamilit","https:\/\/www.instagram.com\/estrategiamilitares\/","https:\/\/www.youtube.com\/channel\/UCRG_9hakCqXxnj_8TqCdgTA"]},{"@type":"Person","@id":"https:\/\/militares.estrategia.com\/portal\/#\/schema\/person\/6ad0b788f5447e8a57d43277b1b4f4d9","name":"Cl\u00e1udia Helena","image":{"@type":"ImageObject","inLanguage":"pt-BR","@id":"https:\/\/militares.estrategia.com\/portal\/#\/schema\/person\/image\/","url":"https:\/\/secure.gravatar.com\/avatar\/1ea0943c7069b274a6bc55923a1a4234?s=96&d=mm&r=g","contentUrl":"https:\/\/secure.gravatar.com\/avatar\/1ea0943c7069b274a6bc55923a1a4234?s=96&d=mm&r=g","caption":"Cl\u00e1udia Helena"},"description":"Cl\u00e1udia Helena \u00e9 jornalista em forma\u00e7\u00e3o e sempre sentiu a necessidade de se expressar e compartilhar seus pensamentos. Aficionada por livros e futebol, \u00e9 Corinthiana fan\u00e1tica e tem paix\u00e3o t\u00e3o forte pela escrita, quanto pelo clube do cora\u00e7\u00e3o.","url":"https:\/\/militares.estrategia.com\/portal\/author\/claudia\/"}]}},"_wl_alt_label":[],"wl:entity_url":"https:\/\/data.wordlift.io\/wl110246\/post\/classificacao_do_concurso_eear_2022-1_e_divulgada","_links":{"self":[{"href":"https:\/\/militares.estrategia.com\/portal\/wp-json\/wp\/v2\/posts\/46024","targetHints":{"allow":["GET"]}}],"collection":[{"href":"https:\/\/militares.estrategia.com\/portal\/wp-json\/wp\/v2\/posts"}],"about":[{"href":"https:\/\/militares.estrategia.com\/portal\/wp-json\/wp\/v2\/types\/post"}],"author":[{"embeddable":true,"href":"https:\/\/militares.estrategia.com\/portal\/wp-json\/wp\/v2\/users\/40"}],"replies":[{"embeddable":true,"href":"https:\/\/militares.estrategia.com\/portal\/wp-json\/wp\/v2\/comments?post=46024"}],"version-history":[{"count":3,"href":"https:\/\/militares.estrategia.com\/portal\/wp-json\/wp\/v2\/posts\/46024\/revisions"}],"predecessor-version":[{"id":57465,"href":"https:\/\/militares.estrategia.com\/portal\/wp-json\/wp\/v2\/posts\/46024\/revisions\/57465"}],"wp:featuredmedia":[{"embeddable":true,"href":"https:\/\/militares.estrategia.com\/portal\/wp-json\/wp\/v2\/media\/46025"}],"wp:attachment":[{"href":"https:\/\/militares.estrategia.com\/portal\/wp-json\/wp\/v2\/media?parent=46024"}],"wp:term":[{"taxonomy":"category","embeddable":true,"href":"https:\/\/militares.estrategia.com\/portal\/wp-json\/wp\/v2\/categories?post=46024"},{"taxonomy":"post_tag","embeddable":true,"href":"https:\/\/militares.estrategia.com\/portal\/wp-json\/wp\/v2\/tags?post=46024"},{"taxonomy":"wl_entity_type","embeddable":true,"href":"https:\/\/militares.estrategia.com\/portal\/wp-json\/wp\/v2\/wl_entity_type?post=46024"}],"curies":[{"name":"wp","href":"https:\/\/api.w.org\/{rel}","templated":true}]}}