{"id":44007,"date":"2021-04-28T21:44:45","date_gmt":"2021-04-29T00:44:45","guid":{"rendered":"https:\/\/blog.estrategiamilitares.com.br\/?p=44007"},"modified":"2022-10-14T17:21:07","modified_gmt":"2022-10-14T20:21:07","slug":"brasil-imperial","status":"publish","type":"post","link":"https:\/\/militares.estrategia.com\/portal\/materias-e-dicas\/historia\/brasil-imperial\/","title":{"rendered":"Brasil Imperial: a independ\u00eancia, primeiro, segundo, terceiro reinado e mais!"},"content":{"rendered":"\n<p>Atualmente, o Brasil \u00e9 reconhecidamente pac\u00edfico. Mas, ser\u00e1 que o pa\u00eds que conhecemos sempre foi assim? Aqui, no texto produzido pelo Estrat\u00e9gia Militares voc\u00ea conhecer\u00e1 uma face diferente do pa\u00eds, o <strong>Brasil Imperial<\/strong>!&nbsp;<\/p>\n\n\n\n<p><\/p>\n\n\n<div id=\"new-form\">\n\t<form id=\"forms_layout\">\n\t<input type=\"hidden\" id=\"chave_de\" name=\"chave_de\" value=\"01_EMIL_LEADS_TOTAIS\" \/>\n\t\t<input type=\"hidden\" id=\"mid\" name=\"mid\" value=\"515009017\" \/>\n\t\t<input type=\"hidden\" id=\"Objetivo\" name=\"Objetivo\" value=\"Militares\" \/>\n\t\t<input type=\"hidden\" id=\"Estado_de_Origem_do_IP\" name=\"Estado_de_Origem_do_IP\"  value=\"\" \/>\n\t\t<input type=\"hidden\" id=\"Cidade_de_Origem_do_IP\" name=\"Cidade_de_Origem_do_IP\" value=\"\" \/>\n\t\t<input type=\"hidden\" id=\"Modo_de_entrada\" name=\"Modo_de_entrada\" value=\"Portal\" \/>\n\t\t<input type=\"hidden\" id=\"Pagina_Origem\" name=\"Pagina_Origem\" value=\"\" \/>\n\n\t\t<div class=\"texto\">\n\t\t\t<h3 class=\"news\">Inscreva-se em nossa newsletter!<\/h3>\n\t\t\t<p>Receba not\u00edcias sobre os mais importantes concursos para as For\u00e7as Armadas brasileiras e informa\u00e7\u00f5es sobre o mundo militar!<\/p>\n\t\t<\/div>\n\t\t<div class=\"campos\">\n\t\t\t<div class=\"first_name labels\">\n\t\t\t\t<input type=\"text\" class=\"input_labels\" id=\"first_name\" name=\"Nome_Completo\" placeholder=\"Nome\" required \/>\n\t\t\t<\/div>\n\t\t\t<div class=\"email labels\">\n\t\t\t\t<input type=\"email\" class=\"input_labels\" id=\"email\" name=\"Email\" placeholder=\"E-mail\" required \/>\n\t\t\t<\/div>\n\t\t\t<button type=\"submit\" class=\"button_layout\">\n\t\t\t\t<div id=\"lblBotao\">Inscreva-se<\/div>\n\t\t\t\t<span id=\"divSpiner\" class=\"loader\" role=\"status\" style=\"display: none;\"><\/span>\t\n\t\t\t<\/button>\n\t\t<\/div><!-- \/campos -->\n\t\t\n\t\t<label class=\"container_checkbox\">Voc\u00ea concorda com a nossa\n\t\t\t<a class=\"politics_privacy_ahref\" target=\"_blank\" href=\"https:\/\/gratis.estrategiaconcursos.com.br\/politica-de-privacidade\/\">Pol\u00edtica de Privacidade<\/a> e aceita receber informa\u00e7\u00f5es adicionais do Estrat\u00e9gia Educacional.\n\t\t\t<input id=\"checkbox_layout\" type=\"checkbox\" checked=\"checked\" required \/>\n\t\t\t<span class=\"checkbox\"><\/span>\n\t\t<\/label>\n\t\t<div id=\"msg\"><\/div>\n\t\t<div id=\"error\" class=\"error\">\n\t\t<\/div>\n\t<\/form>\n<\/div><!-- \/new-form -->\n\n\n\n<div id=\"ez-toc-container\" class=\"ez-toc-v2_0_79_2 counter-hierarchy ez-toc-counter ez-toc-transparent ez-toc-container-direction\">\n<div class=\"ez-toc-title-container\"><p class=\"ez-toc-title\" style=\"cursor:inherit\">Navegue pelo conte\u00fado\t<\/p>\n<\/div><nav><ul class='ez-toc-list ez-toc-list-level-1 ' ><li class='ez-toc-page-1 ez-toc-heading-level-2'><a class=\"ez-toc-link ez-toc-heading-1\" href=\"https:\/\/militares.estrategia.com\/portal\/materias-e-dicas\/historia\/brasil-imperial\/#A-Independencia\" >A Independ\u00eancia<\/a><\/li><li class='ez-toc-page-1 ez-toc-heading-level-2'><a class=\"ez-toc-link ez-toc-heading-2\" href=\"https:\/\/militares.estrategia.com\/portal\/materias-e-dicas\/historia\/brasil-imperial\/#Primeiro-Reinado-do-Brasil-Imperial-1822-1831\" >Primeiro Reinado do Brasil Imperial (1822-1831)<\/a><\/li><li class='ez-toc-page-1 ez-toc-heading-level-2'><a class=\"ez-toc-link ez-toc-heading-3\" href=\"https:\/\/militares.estrategia.com\/portal\/materias-e-dicas\/historia\/brasil-imperial\/#Periodo-Regencial-1831-1840\" >Per\u00edodo Regencial (1831-1840)<\/a><\/li><li class='ez-toc-page-1 ez-toc-heading-level-2'><a class=\"ez-toc-link ez-toc-heading-4\" href=\"https:\/\/militares.estrategia.com\/portal\/materias-e-dicas\/historia\/brasil-imperial\/#Segundo-Reinado-1840-1889\" >Segundo Reinado (1840-1889)<\/a><\/li><li class='ez-toc-page-1 ez-toc-heading-level-2'><a class=\"ez-toc-link ez-toc-heading-5\" href=\"https:\/\/militares.estrategia.com\/portal\/materias-e-dicas\/historia\/brasil-imperial\/#Qual-o-fim-do-Brasil-Imperial\" >Qual o fim do Brasil Imperial?<\/a><\/li><li class='ez-toc-page-1 ez-toc-heading-level-2'><a class=\"ez-toc-link ez-toc-heading-6\" href=\"https:\/\/militares.estrategia.com\/portal\/materias-e-dicas\/historia\/brasil-imperial\/#Exercicios\" >Exerc\u00edcios<\/a><\/li><li class='ez-toc-page-1 ez-toc-heading-level-2'><a class=\"ez-toc-link ez-toc-heading-7\" href=\"https:\/\/militares.estrategia.com\/portal\/materias-e-dicas\/historia\/brasil-imperial\/#Veja-tambem\" >Veja tamb\u00e9m:<\/a><\/li><\/ul><\/nav><\/div>\n<h2 class=\"wp-block-heading\" id=\"h-a-independencia\"><span class=\"ez-toc-section\" id=\"A-Independencia\"><\/span><strong>A Independ\u00eancia<\/strong><span class=\"ez-toc-section-end\"><\/span><\/h2>\n\n\n\n<p>Foi em 1808 que o processo de independ\u00eancia tomou corpo no Brasil colonial. A chegada da Corte junto de D. Jo\u00e3o VI permitiu uma maior autonomia ao territ\u00f3rio que, aos poucos, foi deixando para tr\u00e1s os aspectos coloniais.<\/p>\n\n\n\n<p>Com a <strong>chegada da fam\u00edlia Real<\/strong> foram abertos os portos \u00e0s Na\u00e7\u00f5es Amigas e ocorreu a extin\u00e7\u00e3o do Alvar\u00e1 de 1785, permitindo a produ\u00e7\u00e3o de manufaturas. Desse modo, ocorreu o fim do Pacto Colonial e, em 1815, o Brasil passou a ser Reino Unido de Portugal e Algarves.<\/p>\n\n\n\n<p>Consequentemente, a <strong>Revolu\u00e7\u00e3o Liberal do Porto (1820)<\/strong> foi decretada e exigia o retorno da Fam\u00edlia Real a Portugal e a recoloniza\u00e7\u00e3o do Brasil. Com a forte press\u00e3o, D. Jo\u00e3o VI retornou a Portugal. D. Pedro I, filho de D. Jo\u00e3o VI, tornou-se regente do Brasil e j\u00e1 no in\u00edcio instituiu o \u201ccumpra-se\u201d. Com isso, o imperador deixava claro que as ordens advindas de Portugal s\u00f3 seriam implementadas se ele concordasse. Esse marco foi um diferencial nas rela\u00e7\u00f5es estabelecidas entre a ex-col\u00f4nia e Portugal.<\/p>\n\n\n\n<p>Em <strong>7 de setembro de 1822, o Brasil tornou-se independente de Portugal<\/strong>. Mas, pasmem! Quem declarou tal independ\u00eancia foi um imperador proveniente da Coroa portuguesa, D. Pedro I. Embora not\u00f3rio, esse fato causou verdadeira desconfian\u00e7a entre os demais territ\u00f3rios, que tinham se desvencilhado das metr\u00f3poles de forma mais liberal, uma vez que <strong>o Brasil acabara de se tornar Imperial<\/strong>.&nbsp;<\/p>\n\n\n\n<h2 class=\"wp-block-heading\" id=\"h-primeiro-reinado-do-brasil-imperial-1822-1831\"><span class=\"ez-toc-section\" id=\"Primeiro-Reinado-do-Brasil-Imperial-1822-1831\"><\/span><strong>Primeiro Reinado do Brasil Imperial (1822-1831)<\/strong><span class=\"ez-toc-section-end\"><\/span><\/h2>\n\n\n\n<p>Tudo come\u00e7ou com a <strong>Constitui\u00e7\u00e3o da Mandioca de 1823<\/strong>, que possu\u00eda esse nome pelo tipo de voto censit\u00e1rio \u3161 o candidato deveria ter alqueires de planta\u00e7\u00e3o de mandioca para participar. Essa condi\u00e7\u00e3o aumentaria o poder da aristocracia brasileira em detrimento do poder portugu\u00eas.&nbsp;<\/p>\n\n\n\n<p>Por isso, na <strong>Noite da Agonia (12\/11\/1823)<\/strong>, o imperador derrubou pol\u00edticos e fechou a Assembleia Constituinte que era respons\u00e1vel pela Constitui\u00e7\u00e3o da Mandioca. Em seguida, o imperador <strong>outorgou a constitui\u00e7\u00e3o de 1824<\/strong>, criando caracter\u00edsticas que aumentavam deliberadamente o seu poder, como o Poder Moderador.<\/p>\n\n\n\n<p>Com o intuito de criar um novo sistema e fugir dessa repress\u00e3o, a <strong>Confedera\u00e7\u00e3o do Equador<\/strong> foi criada. Por meio dela, Paes de Andrade, Cipriano Barata e Frei Caneca (assassinado) exigiam uma Rep\u00fablica Federativa, o fim do tr\u00e1fico escravo e&nbsp; a extin\u00e7\u00e3o do Poder Moderador.<\/p>\n\n\n\n<p>Certamente, voc\u00ea j\u00e1 deve saber o desfecho dessa hist\u00f3ria. D. Pedro I, com poderes ilimitados, sufocou violentamente a revolta e, consequentemente, o sentimento que antes pertencia a um grupo passou a ser comum \u00e0 maioria.&nbsp;<\/p>\n\n\n\n<p>Somado a isso, a acusa\u00e7\u00e3o de D. Pedro I, como assassino de seu maior cr\u00edtico, \u3161 L\u00edbero Badar\u00f3 \u3161, assinou o fim do Primeiro Reinado. Desse modo, o Imperador retornou a Portugal para assumir o trono deixado por D. Jo\u00e3o VI que acabara de falecer.<\/p>\n\n\n\n<h2 class=\"wp-block-heading\" id=\"h-periodo-regencial-1831-1840\"><span class=\"ez-toc-section\" id=\"Periodo-Regencial-1831-1840\"><\/span><strong>Per\u00edodo Regencial (1831-1840)<\/strong><span class=\"ez-toc-section-end\"><\/span><\/h2>\n\n\n\n<p>O Per\u00edodo Regencial \u00e9 transit\u00f3rio e fica entre o Primeiro e o Segundo Reinado. Tem in\u00edcio com a partida de D. Pedro I e o seu fim marcado pela ascens\u00e3o de D. Pedro II. Possui duas reg\u00eancias trinas (3 l\u00edderes) e duas reg\u00eancias unas (1 l\u00edder).<\/p>\n\n\n\n<p>A<strong> Reg\u00eancia Trina Provis\u00f3ria (1831),<\/strong> como o nome menciona, era apenas provis\u00f3ria. Para a prova, \u00e9 importante saber que nela foi institu\u00edda a Lei da Reg\u00eancia que derruba o Poder Moderador.<\/p>\n\n\n\n<p>J\u00e1 a <strong>Reg\u00eancia Trina Permanente (1831-1834)<\/strong> possui dois motivos que a fazem ser mais cobrada nos processos seletivos. Confira:<\/p>\n\n\n\n<ol class=\"wp-block-list\"><li><em>Guarda Nacional (1831):<\/em> foi criada para assegurar a ordem; e<\/li><li><em>Ato Adicional (1834):<\/em> possui car\u00e1ter dual. \u00c9 liberal por instituir as Assembleias Provinciais \u3161 permitia que o poder fosse descentralizado \u3161 e, ao mesmo tempo, conservador por estabelecer a Reg\u00eancia Una \u3161 centralizava o poder.<\/li><\/ol>\n\n\n\n<p>A<strong> Reg\u00eancia Una de Feij\u00f3 (1835-1837) <\/strong>foi marcada pelo avan\u00e7o Liberal, basta saber que Feij\u00f3 enfrentou as revoltas de Cabanagem, Mal\u00eas e Farroupilha.<\/p>\n\n\n\n<p>Por outro lado, a <strong>Reg\u00eancia Una de Ara\u00fajo Lima (1837-1840) <\/strong>foi marcada pelo regresso Conservador e enfrentou as revoltas de Sabinada e Balaiada. Al\u00e9m disso, \u00e9 importante saber que a Lei Interpretativa foi institu\u00edda e anulou o Ato Adicional.<\/p>\n\n\n\n<p>Por fim,<strong> <\/strong>os liberais uniram-se, por interm\u00e9dio do Clube da Maioridade, e, paradoxalmente, anteciparam a maioridade de D. Pedro II. Esse fato ficou conhecido como o<strong> Golpe da Maioridade (1840)<\/strong> e foi feito para tirar o poder da m\u00e3o dos conservadores e devolv\u00ea-lo aos liberais.<\/p>\n\n\n\n<h2 class=\"wp-block-heading\" id=\"h-segundo-reinado-1840-1889\"><span class=\"ez-toc-section\" id=\"Segundo-Reinado-1840-1889\"><\/span><strong>Segundo Reinado (1840-1889)<\/strong><span class=\"ez-toc-section-end\"><\/span><\/h2>\n\n\n\n<p>Com o Golpe da Maioridade feito pelos liberais, <strong>D. Pedro II<\/strong> assume o poder e inicia o Segundo Reinado. Embora tivesse apenas <strong>14 anos de idade<\/strong>, o jovem imperador mostrou grande maturidade ao equilibrar o cen\u00e1rio pol\u00edtico no Brasil Imperial por meio do <strong>Parlamentarismo \u00e0s Avessas<\/strong>.&nbsp;<\/p>\n\n\n\n<p>Com esse sistema, D. Pedro II <strong>alternava o poder entre os conservadores (saquaremas) e os liberais (luzias)<\/strong>. Isso era poss\u00edvel porque o Poder Moderador concedia essa prerrogativa ao Imperador. Com isso, \u201ctodos\u201d \u3161 da elite, \u00e9 claro \u3161 ficavam satisfeitos.<\/p>\n\n\n\n<p>Com rela\u00e7\u00e3o \u00e0s revoltas, vale ressaltar a <em>Revolu\u00e7\u00e3o Praieira<\/em>, de 1848, que almejava o fim do sistema pol\u00edtico vigente na \u00e9poca, assim como destituir o poder das oligarquias que dominavam a prov\u00edncia de Pernambuco \u3161 Cavalcanti e Rego Barros.<\/p>\n\n\n\n<p>Ap\u00f3s essa revolta, ocorreu um per\u00edodo de equil\u00edbrio denominado de <strong><em>Consolida\u00e7\u00e3o Saquarema (1848-1870), <\/em><\/strong>que foi marcado pelo Gabinete da Concilia\u00e7\u00e3o e diversas leis que permitiram o avan\u00e7o da economia brasileira. Confira abaixo quais foram as principais leis desse per\u00edodo:&nbsp;<\/p>\n\n\n\n<ul class=\"wp-block-list\"><li><strong><em>Lei Eus\u00e9bio de Queiroz:<\/em><\/strong><em> <\/em>proibiu a entrada de escravizados no Brasil;<\/li><li><strong><em>Lei de Terras:<\/em><\/strong><em> <\/em>lei de car\u00e1ter racista e elitista. Com ela, a compra tornou-se a \u00fanica forma de possuir uma terra.<\/li><li><strong><em>C\u00f3digo Comercial:<\/em><\/strong><em> <\/em>regulamentou o com\u00e9rcio e permitiu o surto industrial.&nbsp;<\/li><\/ul>\n\n\n\n<p>Ao fim da Consolida\u00e7\u00e3o Saquarema, surge a Instabilidade Luzia (1860-1889). O fato mais marcante desse per\u00edodo \u00e9 o fim da Era Mau\u00e1, uma vez que a Tarifa Silva Ferraz abriu o Brasil para o capital estrangeiro, desvalorizando a produ\u00e7\u00e3o nacional e o surto industrial que tinham sido incentivados pela Tarifa Alves Branco.<\/p>\n\n\n\n<h2 class=\"wp-block-heading\" id=\"h-qual-o-fim-do-brasil-imperial\"><span class=\"ez-toc-section\" id=\"Qual-o-fim-do-Brasil-Imperial\"><\/span><strong>Qual o fim do Brasil Imperial?<\/strong><span class=\"ez-toc-section-end\"><\/span><\/h2>\n\n\n\n<p>O fim do Brasil Imperial e a posterior Proclama\u00e7\u00e3o da Rep\u00fablica est\u00e3o relacionados a tr\u00eas grupos estabelecidos pela Crise do Segundo Reinado: os militares, a Igreja e os abolicionistas. Embora possu\u00edssem ideias diferentes, todos estavam envolvidos na mesma causa: dar fim ao Imp\u00e9rio e in\u00edcio \u00e0 Rep\u00fablica.<\/p>\n\n\n\n<p>Abaixo segue a linha de acontecimentos que geraram esse sentimento coletivo. Confira:<\/p>\n\n\n\n<ol class=\"wp-block-list\"><li><strong>Guerra do Paraguai:<\/strong> agravamento da d\u00edvida e empoderamento dos <a href=\"https:\/\/militares.estrategia.com\/portal\/carreiras-militares\/vida-militar\/\" target=\"_blank\" >militares<\/a> que passaram a pressionar o imperador;<\/li><li><strong>Religi\u00e3o:<\/strong> o bispo D. Vital proibiu que os cat\u00f3licos fossem ma\u00e7ons. D. Pedro II, ma\u00e7om, prendeu D. Vital e, assim, criou conflito com a Igreja; e<\/li><li><strong>Escravid\u00e3o:<\/strong> D. Pedro II lan\u00e7ava leis transit\u00f3rias que n\u00e3o combatiam o verdadeiro problema da escravid\u00e3o. Com isso, os abolicionistas uniram-se contra o Imperador.<\/li><\/ol>\n\n\n\n<p>Desse modo, a Proclama\u00e7\u00e3o da Rep\u00fablica ocorreu em <strong>15 de novembro de 1889<\/strong>. Por meio dela, o Marechal Deodoro da Fonseca, <a href=\"https:\/\/militares.estrategia.com\/portal\/?s=militar\" target=\"_blank\" >militar <\/a>do <a href=\"https:\/\/militares.estrategia.com\/portal\/guias\/exercito\/exercito-brasileiro\/\" target=\"_blank\" >Ex\u00e9rcito<\/a>, d\u00e1 in\u00edcio a Rep\u00fablica das Espadas.&nbsp;<\/p>\n\n\n\n<figure class=\"wp-block-image size-large\"><a href=\"https:\/\/www.estrategiamilitares.com.br\/\" target=\"_blank\" rel=\"noopener noreferrer\"><img decoding=\"async\" width=\"640\" height=\"424\" src=\"https:\/\/militares.estrategia.com\/portal\/wp-content\/uploads\/2021\/04\/rafaela-biazi-0mfj0jJt0dY-unsplash-1.jpg\" alt=\"Brasil Imperial\" class=\"wp-image-44009\" srcset=\"https:\/\/militares.estrategia.com\/portal\/wp-content\/uploads\/2021\/04\/rafaela-biazi-0mfj0jJt0dY-unsplash-1.jpg 640w, https:\/\/militares.estrategia.com\/portal\/wp-content\/uploads\/2021\/04\/rafaela-biazi-0mfj0jJt0dY-unsplash-1-300x199.jpg 300w, https:\/\/militares.estrategia.com\/portal\/wp-content\/uploads\/2021\/04\/rafaela-biazi-0mfj0jJt0dY-unsplash-1-380x252.jpg 380w\" sizes=\"(max-width: 640px) 100vw, 640px\" \/><\/a><figcaption>A Bandeira do Brasil, tal como a conhecemos, foi oficializada quatro dias ap\u00f3s a Proclama\u00e7\u00e3o da Rep\u00fablica.<\/figcaption><\/figure>\n\n\n\n<h2 class=\"wp-block-heading\" id=\"h-exercicios\"><span class=\"ez-toc-section\" id=\"Exercicios\"><\/span><strong>Exerc\u00edcios<\/strong><span class=\"ez-toc-section-end\"><\/span><\/h2>\n\n\n\n<p><strong>1.(<a href=\"https:\/\/militares.estrategia.com\/portal\/guias\/exercito\/concurso-espcex\/\" target=\"_blank\" >EsPCEx<\/a>) <\/strong>Em 1844, no Brasil, foi criada uma nova tarifa alfandeg\u00e1ria sobre produtos importados, que, variando entre 30% e 60%, favoreceu a cria\u00e7\u00e3o de ind\u00fastrias, bancos, ferrovias, mineradoras etc. Ela ficou conhecida pelo nome de seu criador, que era, ent\u00e3o, o Ministro da Fazenda:<\/p>\n\n\n\n<p>a) Rui Barbosa.<\/p>\n\n\n\n<p>b) Alves Branco.<\/p>\n\n\n\n<p>c) Bar\u00e3o de Mau\u00e1.<\/p>\n\n\n\n<p>d) Eus\u00e9bio de Queir\u00f3s.<\/p>\n\n\n\n<p>e) Bar\u00e3o de Tef\u00e9.<\/p>\n\n\n\n<p><strong>2.(<a href=\"https:\/\/militares.estrategia.com\/portal\/guias\/exercito\/concurso-espcex\/\" target=\"_blank\" >EsPCEx<\/a>) <\/strong>Ideias republicanas estavam presentes entre os brasileiros h\u00e1 tempos. No s\u00e9culo XVIII, inspiraram movimentos contra o dom\u00ednio portugu\u00eas. Em 1870, um grupo de pol\u00edticos lan\u00e7ou, no Rio de Janeiro, o Manifesto Republicano. Os seguintes epis\u00f3dios, ocorridos na segunda metade do s\u00e9culo XIX, abalaram o Imp\u00e9rio Brasileiro. Considerando os seguintes fatos:<\/p>\n\n\n\n<p>I. Quest\u00e3o Militar.<\/p>\n\n\n\n<p>II. Quest\u00e3o de Fronteiras.<\/p>\n\n\n\n<p>III. Quest\u00e3o Religiosa.<\/p>\n\n\n\n<p>IV. Quest\u00e3o da Cisplatina.<\/p>\n\n\n\n<p>V. Quest\u00e3o Abolicionista.<\/p>\n\n\n\n<p>Dentre essas quest\u00f5es, quais delas contribu\u00edram para o fim do per\u00edodo Imperial Brasileiro?<\/p>\n\n\n\n<p><strong><em>Gabarito:<\/em><\/strong> <strong>1-<\/strong>B; e <strong>2-<\/strong>I, III e V.<\/p>\n\n\n\n<p>Gostou do texto? Ent\u00e3o, continue acompanhando o Estrat\u00e9gia Militares! Assim, voc\u00ea fica por dentro dos principais assuntos relacionados \u00e0 <a href=\"https:\/\/militares.estrategia.com\/portal\/carreiras-militares\/vida-militar\/\" target=\"_blank\" >vida castrense<\/a> e aos concursos militares. N\u00e3o perca tempo, clique no banner! Vem ser coruja!<\/p>\n\n\n\n<p><\/p>\n\n\n\n<p><strong><a id=\"cta\" class=\"cta-imagem\" href=\"https:\/\/militares.estrategia.com\/curso\/banco-de-questes-anual\/\" target=\"blank\">\n                <img decoding=\"async\" width=\"100%\" src=\"https:\/\/militares.estrategia.com\/portal\/wp-content\/uploads\/2023\/02\/EM-Banco-de-Questoes.jpg\" alt=\"EM - Banco de Questo\u0303es\" title=\"EM - Banco de Questo\u0303es\">\n        <\/a><\/strong><\/p>\n\n\n\n\n\n<h2 class=\"wp-block-heading\"><span class=\"ez-toc-section\" id=\"Veja-tambem\"><\/span>Veja tamb\u00e9m:<span class=\"ez-toc-section-end\"><\/span><\/h2>\n\n\n\n<ul class=\"wp-block-list\"><li><a href=\"https:\/\/militares.estrategia.com\/portal\/materias-e-dicas\/historia\/revoltas-coloniais-causas-principais-revoltas-e-mais\/\">Revoltas Coloniais: causas, principais revoltas e mais!<\/a><\/li><li><a href=\"https:\/\/militares.estrategia.com\/portal\/materias-e-dicas\/historia\/feb\/\">For\u00e7a Expedicion\u00e1ria Brasileira (FEB): o que \u00e9, segunda guerra mundial, campanhas e mais<\/a><\/li><li><a href=\"https:\/\/militares.estrategia.com\/portal\/materias-e-dicas\/historia\/constituicoes-brasileiras\/\">Constitui\u00e7\u00f5es Brasileiras: a evolu\u00e7\u00e3o de 1824 a 1988<\/a><\/li><li><a href=\"https:\/\/militares.estrategia.com\/portal\/materias-e-dicas\/historia\/brasil-na-2a-guerra-mundial-e-a-atuacao-da-feb\/\">Brasil na Segunda Guerra Mundial e Atua\u00e7\u00e3o da FEB: conhe\u00e7a a hist\u00f3ria<\/a><\/li><li><a href=\"https:\/\/militares.estrategia.com\/portal\/materias-e-dicas\/historia\/olavo-bilac\/\">Olavo Bilac: hist\u00f3ria, servi\u00e7os e mais<\/a><\/li><li><a href=\"https:\/\/militares.estrategia.com\/portal\/materias-e-dicas\/historia\/militares-na-historia\/\">Militares na hist\u00f3ria: imp\u00e9rio, idade contempor\u00e2nea e mais<\/a><\/li><li><a href=\"https:\/\/militares.estrategia.com\/portal\/materias-e-dicas\/historia\/revoltas-que-ja-ocorreram-no-brasil\/\">Revoltas que j\u00e1 ocorreram no Brasil: quais foram, motivos e mais<\/a><\/li><\/ul>\n\n\n","protected":false},"excerpt":{"rendered":"Atualmente, o Brasil \u00e9 reconhecidamente pac\u00edfico. Mas, ser\u00e1 que o pa\u00eds que conhecemos sempre foi assim? Aqui, no&hellip;\n","protected":false},"author":11,"featured_media":55412,"comment_status":"open","ping_status":"open","sticky":false,"template":"","format":"standard","meta":{"wl_entities_gutenberg":"","footnotes":""},"categories":[29],"tags":[],"wl_entity_type":[187],"class_list":{"0":"post-44007","1":"post","2":"type-post","3":"status-publish","4":"format-standard","5":"has-post-thumbnail","7":"category-historia","8":"wl_entity_type-article"},"acf":[],"yoast_head":"<!-- This site is optimized with the Yoast SEO Premium plugin v26.6 (Yoast SEO v26.6) - https:\/\/yoast.com\/wordpress\/plugins\/seo\/ -->\n<title>Brasil Imperial: a independ\u00eancia, reinados e mais!<\/title>\n<meta name=\"description\" content=\"Quer saber tudo sobre os principais acontecimentos relacionados ao Brasil Imperial? Confira o texto que preparamos para voc\u00ea e n\u00e3o erre mais!\" \/>\n<meta name=\"robots\" content=\"index, follow, max-snippet:-1, max-image-preview:large, max-video-preview:-1\" \/>\n<link rel=\"canonical\" href=\"https:\/\/militares.estrategia.com\/portal\/materias-e-dicas\/historia\/brasil-imperial\/\" \/>\n<meta property=\"og:locale\" content=\"pt_BR\" \/>\n<meta property=\"og:type\" content=\"article\" \/>\n<meta property=\"og:title\" content=\"Brasil Imperial: a independ\u00eancia, primeiro, segundo, terceiro reinado e mais!\" \/>\n<meta property=\"og:description\" content=\"Quer saber tudo sobre os principais acontecimentos relacionados ao Brasil Imperial? Confira o texto que preparamos para voc\u00ea e n\u00e3o erre mais!\" \/>\n<meta property=\"og:url\" content=\"https:\/\/militares.estrategia.com\/portal\/materias-e-dicas\/historia\/brasil-imperial\/\" \/>\n<meta property=\"og:site_name\" content=\"Estrat\u00e9gia Militares\" \/>\n<meta property=\"article:publisher\" content=\"https:\/\/www.facebook.com\/EstrategiaMilitares\" \/>\n<meta property=\"article:published_time\" content=\"2021-04-29T00:44:45+00:00\" \/>\n<meta property=\"article:modified_time\" content=\"2022-10-14T20:21:07+00:00\" \/>\n<meta property=\"og:image\" content=\"https:\/\/cdn.blog.estrategiavestibulares.com.br\/vestibulares\/wp-content\/uploads\/2021\/04\/Bandeira-Brasil-Imperial.jpg\" \/>\n\t<meta property=\"og:image:width\" content=\"1200\" \/>\n\t<meta property=\"og:image:height\" content=\"675\" \/>\n\t<meta property=\"og:image:type\" content=\"image\/jpeg\" \/>\n<meta name=\"author\" content=\"Estrat\u00e9gia Militares\" \/>\n<meta name=\"twitter:card\" content=\"summary_large_image\" \/>\n<meta name=\"twitter:creator\" content=\"@estrategiamilit\" \/>\n<meta name=\"twitter:site\" content=\"@estrategiamilit\" \/>\n<meta name=\"twitter:label1\" content=\"Escrito por\" \/>\n\t<meta name=\"twitter:data1\" content=\"Estrat\u00e9gia Militares\" \/>\n\t<meta name=\"twitter:label2\" content=\"Est. tempo de leitura\" \/>\n\t<meta name=\"twitter:data2\" content=\"8 minutos\" \/>\n<script type=\"application\/ld+json\" class=\"yoast-schema-graph\">{\"@context\":\"https:\/\/schema.org\",\"@graph\":[{\"@type\":\"Article\",\"@id\":\"https:\/\/militares.estrategia.com\/portal\/materias-e-dicas\/historia\/brasil-imperial\/#article\",\"isPartOf\":{\"@id\":\"https:\/\/militares.estrategia.com\/portal\/materias-e-dicas\/historia\/brasil-imperial\/\"},\"author\":{\"name\":\"Estrat\u00e9gia Militares\",\"@id\":\"https:\/\/militares.estrategia.com\/portal\/#\/schema\/person\/896181038f5542906e5db6f7db222d7c\"},\"headline\":\"Brasil Imperial: a independ\u00eancia, primeiro, segundo, terceiro reinado e mais!\",\"datePublished\":\"2021-04-29T00:44:45+00:00\",\"dateModified\":\"2022-10-14T20:21:07+00:00\",\"mainEntityOfPage\":{\"@id\":\"https:\/\/militares.estrategia.com\/portal\/materias-e-dicas\/historia\/brasil-imperial\/\"},\"wordCount\":1561,\"commentCount\":0,\"publisher\":{\"@id\":\"https:\/\/militares.estrategia.com\/portal\/#organization\"},\"image\":{\"@id\":\"https:\/\/militares.estrategia.com\/portal\/materias-e-dicas\/historia\/brasil-imperial\/#primaryimage\"},\"thumbnailUrl\":\"https:\/\/militares.estrategia.com\/portal\/wp-content\/uploads\/2021\/04\/Bandeira-Brasil-Imperial.jpg\",\"articleSection\":[\"Hist\u00f3ria\"],\"inLanguage\":\"pt-BR\",\"potentialAction\":[{\"@type\":\"CommentAction\",\"name\":\"Comment\",\"target\":[\"https:\/\/militares.estrategia.com\/portal\/materias-e-dicas\/historia\/brasil-imperial\/#respond\"]}]},{\"@type\":\"WebPage\",\"@id\":\"https:\/\/militares.estrategia.com\/portal\/materias-e-dicas\/historia\/brasil-imperial\/\",\"url\":\"https:\/\/militares.estrategia.com\/portal\/materias-e-dicas\/historia\/brasil-imperial\/\",\"name\":\"Brasil Imperial: a independ\u00eancia, reinados e mais!\",\"isPartOf\":{\"@id\":\"https:\/\/militares.estrategia.com\/portal\/#website\"},\"primaryImageOfPage\":{\"@id\":\"https:\/\/militares.estrategia.com\/portal\/materias-e-dicas\/historia\/brasil-imperial\/#primaryimage\"},\"image\":{\"@id\":\"https:\/\/militares.estrategia.com\/portal\/materias-e-dicas\/historia\/brasil-imperial\/#primaryimage\"},\"thumbnailUrl\":\"https:\/\/militares.estrategia.com\/portal\/wp-content\/uploads\/2021\/04\/Bandeira-Brasil-Imperial.jpg\",\"datePublished\":\"2021-04-29T00:44:45+00:00\",\"dateModified\":\"2022-10-14T20:21:07+00:00\",\"description\":\"Quer saber tudo sobre os principais acontecimentos relacionados ao Brasil Imperial? Confira o texto que preparamos para voc\u00ea e n\u00e3o erre mais!\",\"breadcrumb\":{\"@id\":\"https:\/\/militares.estrategia.com\/portal\/materias-e-dicas\/historia\/brasil-imperial\/#breadcrumb\"},\"inLanguage\":\"pt-BR\",\"potentialAction\":[{\"@type\":\"ReadAction\",\"target\":[\"https:\/\/militares.estrategia.com\/portal\/materias-e-dicas\/historia\/brasil-imperial\/\"]}]},{\"@type\":\"ImageObject\",\"inLanguage\":\"pt-BR\",\"@id\":\"https:\/\/militares.estrategia.com\/portal\/materias-e-dicas\/historia\/brasil-imperial\/#primaryimage\",\"url\":\"https:\/\/militares.estrategia.com\/portal\/wp-content\/uploads\/2021\/04\/Bandeira-Brasil-Imperial.jpg\",\"contentUrl\":\"https:\/\/militares.estrategia.com\/portal\/wp-content\/uploads\/2021\/04\/Bandeira-Brasil-Imperial.jpg\",\"width\":1200,\"height\":675,\"caption\":\"Bandeira Brasil Imperial\"},{\"@type\":\"BreadcrumbList\",\"@id\":\"https:\/\/militares.estrategia.com\/portal\/materias-e-dicas\/historia\/brasil-imperial\/#breadcrumb\",\"itemListElement\":[{\"@type\":\"ListItem\",\"position\":1,\"name\":\"Home\",\"item\":\"https:\/\/militares.estrategia.com\/portal\/\"},{\"@type\":\"ListItem\",\"position\":2,\"name\":\"Mat\u00e9rias e Dicas\",\"item\":\"https:\/\/militares.estrategia.com\/portal\/materias-e-dicas\/\"},{\"@type\":\"ListItem\",\"position\":3,\"name\":\"Hist\u00f3ria\",\"item\":\"https:\/\/militares.estrategia.com\/portal\/materias-e-dicas\/historia\/\"},{\"@type\":\"ListItem\",\"position\":4,\"name\":\"Brasil Imperial: a independ\u00eancia, primeiro, segundo, terceiro reinado e mais!\"}]},{\"@type\":\"WebSite\",\"@id\":\"https:\/\/militares.estrategia.com\/portal\/#website\",\"url\":\"https:\/\/militares.estrategia.com\/portal\/\",\"name\":\"Estrat\u00e9gia Militares\",\"description\":\"\",\"publisher\":{\"@id\":\"https:\/\/militares.estrategia.com\/portal\/#organization\"},\"potentialAction\":[{\"@type\":\"SearchAction\",\"target\":{\"@type\":\"EntryPoint\",\"urlTemplate\":\"https:\/\/militares.estrategia.com\/portal\/?s={search_term_string}\"},\"query-input\":{\"@type\":\"PropertyValueSpecification\",\"valueRequired\":true,\"valueName\":\"search_term_string\"}}],\"inLanguage\":\"pt-BR\"},{\"@type\":\"Organization\",\"@id\":\"https:\/\/militares.estrategia.com\/portal\/#organization\",\"name\":\"Estrat\u00e9gia Militares\",\"url\":\"https:\/\/militares.estrategia.com\/portal\/\",\"logo\":{\"@type\":\"ImageObject\",\"inLanguage\":\"pt-BR\",\"@id\":\"https:\/\/militares.estrategia.com\/portal\/#\/schema\/logo\/image\/\",\"url\":\"https:\/\/militares.estrategia.com\/portal\/wp-content\/uploads\/2021\/10\/logo-militares.webp\",\"contentUrl\":\"https:\/\/militares.estrategia.com\/portal\/wp-content\/uploads\/2021\/10\/logo-militares.webp\",\"width\":346,\"height\":90,\"caption\":\"Estrat\u00e9gia Militares\"},\"image\":{\"@id\":\"https:\/\/militares.estrategia.com\/portal\/#\/schema\/logo\/image\/\"},\"sameAs\":[\"https:\/\/www.facebook.com\/EstrategiaMilitares\",\"https:\/\/x.com\/estrategiamilit\",\"https:\/\/www.instagram.com\/estrategiamilitares\/\",\"https:\/\/www.youtube.com\/channel\/UCRG_9hakCqXxnj_8TqCdgTA\"]},{\"@type\":\"Person\",\"@id\":\"https:\/\/militares.estrategia.com\/portal\/#\/schema\/person\/896181038f5542906e5db6f7db222d7c\",\"name\":\"Estrat\u00e9gia Militares\",\"image\":{\"@type\":\"ImageObject\",\"inLanguage\":\"pt-BR\",\"@id\":\"https:\/\/militares.estrategia.com\/portal\/#\/schema\/person\/image\/\",\"url\":\"https:\/\/militares.estrategia.com\/portal\/wp-content\/uploads\/2021\/10\/favicon-militares-150x150.webp\",\"contentUrl\":\"https:\/\/militares.estrategia.com\/portal\/wp-content\/uploads\/2021\/10\/favicon-militares-150x150.webp\",\"caption\":\"Estrat\u00e9gia Militares\"},\"url\":\"https:\/\/militares.estrategia.com\/portal\/author\/estrategia-militares\/\"}]}<\/script>\n<!-- \/ Yoast SEO Premium plugin. -->","yoast_head_json":{"title":"Brasil Imperial: a independ\u00eancia, reinados e mais!","description":"Quer saber tudo sobre os principais acontecimentos relacionados ao Brasil Imperial? Confira o texto que preparamos para voc\u00ea e n\u00e3o erre mais!","robots":{"index":"index","follow":"follow","max-snippet":"max-snippet:-1","max-image-preview":"max-image-preview:large","max-video-preview":"max-video-preview:-1"},"canonical":"https:\/\/militares.estrategia.com\/portal\/materias-e-dicas\/historia\/brasil-imperial\/","og_locale":"pt_BR","og_type":"article","og_title":"Brasil Imperial: a independ\u00eancia, primeiro, segundo, terceiro reinado e mais!","og_description":"Quer saber tudo sobre os principais acontecimentos relacionados ao Brasil Imperial? Confira o texto que preparamos para voc\u00ea e n\u00e3o erre mais!","og_url":"https:\/\/militares.estrategia.com\/portal\/materias-e-dicas\/historia\/brasil-imperial\/","og_site_name":"Estrat\u00e9gia Militares","article_publisher":"https:\/\/www.facebook.com\/EstrategiaMilitares","article_published_time":"2021-04-29T00:44:45+00:00","article_modified_time":"2022-10-14T20:21:07+00:00","og_image":[{"width":1200,"height":675,"url":"https:\/\/cdn.blog.estrategiavestibulares.com.br\/vestibulares\/wp-content\/uploads\/2021\/04\/Bandeira-Brasil-Imperial.jpg","type":"image\/jpeg"}],"author":"Estrat\u00e9gia Militares","twitter_card":"summary_large_image","twitter_creator":"@estrategiamilit","twitter_site":"@estrategiamilit","twitter_misc":{"Escrito por":"Estrat\u00e9gia Militares","Est. tempo de leitura":"8 minutos"},"schema":{"@context":"https:\/\/schema.org","@graph":[{"@type":"Article","@id":"https:\/\/militares.estrategia.com\/portal\/materias-e-dicas\/historia\/brasil-imperial\/#article","isPartOf":{"@id":"https:\/\/militares.estrategia.com\/portal\/materias-e-dicas\/historia\/brasil-imperial\/"},"author":{"name":"Estrat\u00e9gia Militares","@id":"https:\/\/militares.estrategia.com\/portal\/#\/schema\/person\/896181038f5542906e5db6f7db222d7c"},"headline":"Brasil Imperial: a independ\u00eancia, primeiro, segundo, terceiro reinado e mais!","datePublished":"2021-04-29T00:44:45+00:00","dateModified":"2022-10-14T20:21:07+00:00","mainEntityOfPage":{"@id":"https:\/\/militares.estrategia.com\/portal\/materias-e-dicas\/historia\/brasil-imperial\/"},"wordCount":1561,"commentCount":0,"publisher":{"@id":"https:\/\/militares.estrategia.com\/portal\/#organization"},"image":{"@id":"https:\/\/militares.estrategia.com\/portal\/materias-e-dicas\/historia\/brasil-imperial\/#primaryimage"},"thumbnailUrl":"https:\/\/militares.estrategia.com\/portal\/wp-content\/uploads\/2021\/04\/Bandeira-Brasil-Imperial.jpg","articleSection":["Hist\u00f3ria"],"inLanguage":"pt-BR","potentialAction":[{"@type":"CommentAction","name":"Comment","target":["https:\/\/militares.estrategia.com\/portal\/materias-e-dicas\/historia\/brasil-imperial\/#respond"]}]},{"@type":"WebPage","@id":"https:\/\/militares.estrategia.com\/portal\/materias-e-dicas\/historia\/brasil-imperial\/","url":"https:\/\/militares.estrategia.com\/portal\/materias-e-dicas\/historia\/brasil-imperial\/","name":"Brasil Imperial: a independ\u00eancia, reinados e mais!","isPartOf":{"@id":"https:\/\/militares.estrategia.com\/portal\/#website"},"primaryImageOfPage":{"@id":"https:\/\/militares.estrategia.com\/portal\/materias-e-dicas\/historia\/brasil-imperial\/#primaryimage"},"image":{"@id":"https:\/\/militares.estrategia.com\/portal\/materias-e-dicas\/historia\/brasil-imperial\/#primaryimage"},"thumbnailUrl":"https:\/\/militares.estrategia.com\/portal\/wp-content\/uploads\/2021\/04\/Bandeira-Brasil-Imperial.jpg","datePublished":"2021-04-29T00:44:45+00:00","dateModified":"2022-10-14T20:21:07+00:00","description":"Quer saber tudo sobre os principais acontecimentos relacionados ao Brasil Imperial? Confira o texto que preparamos para voc\u00ea e n\u00e3o erre mais!","breadcrumb":{"@id":"https:\/\/militares.estrategia.com\/portal\/materias-e-dicas\/historia\/brasil-imperial\/#breadcrumb"},"inLanguage":"pt-BR","potentialAction":[{"@type":"ReadAction","target":["https:\/\/militares.estrategia.com\/portal\/materias-e-dicas\/historia\/brasil-imperial\/"]}]},{"@type":"ImageObject","inLanguage":"pt-BR","@id":"https:\/\/militares.estrategia.com\/portal\/materias-e-dicas\/historia\/brasil-imperial\/#primaryimage","url":"https:\/\/militares.estrategia.com\/portal\/wp-content\/uploads\/2021\/04\/Bandeira-Brasil-Imperial.jpg","contentUrl":"https:\/\/militares.estrategia.com\/portal\/wp-content\/uploads\/2021\/04\/Bandeira-Brasil-Imperial.jpg","width":1200,"height":675,"caption":"Bandeira Brasil Imperial"},{"@type":"BreadcrumbList","@id":"https:\/\/militares.estrategia.com\/portal\/materias-e-dicas\/historia\/brasil-imperial\/#breadcrumb","itemListElement":[{"@type":"ListItem","position":1,"name":"Home","item":"https:\/\/militares.estrategia.com\/portal\/"},{"@type":"ListItem","position":2,"name":"Mat\u00e9rias e Dicas","item":"https:\/\/militares.estrategia.com\/portal\/materias-e-dicas\/"},{"@type":"ListItem","position":3,"name":"Hist\u00f3ria","item":"https:\/\/militares.estrategia.com\/portal\/materias-e-dicas\/historia\/"},{"@type":"ListItem","position":4,"name":"Brasil Imperial: a independ\u00eancia, primeiro, segundo, terceiro reinado e mais!"}]},{"@type":"WebSite","@id":"https:\/\/militares.estrategia.com\/portal\/#website","url":"https:\/\/militares.estrategia.com\/portal\/","name":"Estrat\u00e9gia Militares","description":"","publisher":{"@id":"https:\/\/militares.estrategia.com\/portal\/#organization"},"potentialAction":[{"@type":"SearchAction","target":{"@type":"EntryPoint","urlTemplate":"https:\/\/militares.estrategia.com\/portal\/?s={search_term_string}"},"query-input":{"@type":"PropertyValueSpecification","valueRequired":true,"valueName":"search_term_string"}}],"inLanguage":"pt-BR"},{"@type":"Organization","@id":"https:\/\/militares.estrategia.com\/portal\/#organization","name":"Estrat\u00e9gia Militares","url":"https:\/\/militares.estrategia.com\/portal\/","logo":{"@type":"ImageObject","inLanguage":"pt-BR","@id":"https:\/\/militares.estrategia.com\/portal\/#\/schema\/logo\/image\/","url":"https:\/\/militares.estrategia.com\/portal\/wp-content\/uploads\/2021\/10\/logo-militares.webp","contentUrl":"https:\/\/militares.estrategia.com\/portal\/wp-content\/uploads\/2021\/10\/logo-militares.webp","width":346,"height":90,"caption":"Estrat\u00e9gia Militares"},"image":{"@id":"https:\/\/militares.estrategia.com\/portal\/#\/schema\/logo\/image\/"},"sameAs":["https:\/\/www.facebook.com\/EstrategiaMilitares","https:\/\/x.com\/estrategiamilit","https:\/\/www.instagram.com\/estrategiamilitares\/","https:\/\/www.youtube.com\/channel\/UCRG_9hakCqXxnj_8TqCdgTA"]},{"@type":"Person","@id":"https:\/\/militares.estrategia.com\/portal\/#\/schema\/person\/896181038f5542906e5db6f7db222d7c","name":"Estrat\u00e9gia Militares","image":{"@type":"ImageObject","inLanguage":"pt-BR","@id":"https:\/\/militares.estrategia.com\/portal\/#\/schema\/person\/image\/","url":"https:\/\/militares.estrategia.com\/portal\/wp-content\/uploads\/2021\/10\/favicon-militares-150x150.webp","contentUrl":"https:\/\/militares.estrategia.com\/portal\/wp-content\/uploads\/2021\/10\/favicon-militares-150x150.webp","caption":"Estrat\u00e9gia Militares"},"url":"https:\/\/militares.estrategia.com\/portal\/author\/estrategia-militares\/"}]}},"_wl_alt_label":[],"wl:entity_url":"https:\/\/data.wordlift.io\/wl110246\/post\/brasil_imperial__o_brasil_com_uma_face_diferente","_links":{"self":[{"href":"https:\/\/militares.estrategia.com\/portal\/wp-json\/wp\/v2\/posts\/44007","targetHints":{"allow":["GET"]}}],"collection":[{"href":"https:\/\/militares.estrategia.com\/portal\/wp-json\/wp\/v2\/posts"}],"about":[{"href":"https:\/\/militares.estrategia.com\/portal\/wp-json\/wp\/v2\/types\/post"}],"author":[{"embeddable":true,"href":"https:\/\/militares.estrategia.com\/portal\/wp-json\/wp\/v2\/users\/11"}],"replies":[{"embeddable":true,"href":"https:\/\/militares.estrategia.com\/portal\/wp-json\/wp\/v2\/comments?post=44007"}],"version-history":[{"count":7,"href":"https:\/\/militares.estrategia.com\/portal\/wp-json\/wp\/v2\/posts\/44007\/revisions"}],"predecessor-version":[{"id":60077,"href":"https:\/\/militares.estrategia.com\/portal\/wp-json\/wp\/v2\/posts\/44007\/revisions\/60077"}],"wp:featuredmedia":[{"embeddable":true,"href":"https:\/\/militares.estrategia.com\/portal\/wp-json\/wp\/v2\/media\/55412"}],"wp:attachment":[{"href":"https:\/\/militares.estrategia.com\/portal\/wp-json\/wp\/v2\/media?parent=44007"}],"wp:term":[{"taxonomy":"category","embeddable":true,"href":"https:\/\/militares.estrategia.com\/portal\/wp-json\/wp\/v2\/categories?post=44007"},{"taxonomy":"post_tag","embeddable":true,"href":"https:\/\/militares.estrategia.com\/portal\/wp-json\/wp\/v2\/tags?post=44007"},{"taxonomy":"wl_entity_type","embeddable":true,"href":"https:\/\/militares.estrategia.com\/portal\/wp-json\/wp\/v2\/wl_entity_type?post=44007"}],"curies":[{"name":"wp","href":"https:\/\/api.w.org\/{rel}","templated":true}]}}